{"id":3312,"date":"2025-12-10T16:05:57","date_gmt":"2025-12-10T13:05:57","guid":{"rendered":"https:\/\/www.welovecycling.com\/ee\/?p=3312"},"modified":"2025-12-10T16:05:57","modified_gmt":"2025-12-10T13:05:57","slug":"siserattasoidu-telgitagused-mida-kasulikku-saad-toas-soitmisest","status":"publish","type":"post","link":"https:\/\/www.welovecycling.com\/ee\/2025\/12\/10\/siserattasoidu-telgitagused-mida-kasulikku-saad-toas-soitmisest\/","title":{"rendered":"Siserattas\u00f5idu telgitagused: mida kasulikku saad toas s\u00f5itmisest?"},"content":{"rendered":"<h3 data-path-to-node=\"3\"><strong>Inimesena, kes pole kunagi t\u00e4ielikult siserattas\u00f5idule p\u00fchendunud, veedan ma \u00fcsna palju aega siiski sellele m\u00f5eldes. Igal talvel j\u00f5uan sama k\u00fcsimuseni: miks tundub kogu see trena\u017e\u00f6\u00f6ride, virtuaalsete marsruutide ja struktureeritud plaanide maailm nii ahvatlev? Ja kas k\u00e4es on aasta, mil ma l\u00f5puks j\u00e4rele annan?<\/strong><\/h3>\n<p data-path-to-node=\"3\"><!--more--><\/p>\n<p data-path-to-node=\"4\">T\u00f5de on see, et sisetingimustes treenimine lahendab mitmeid probleeme, millega ma talvel korduvalt silmitsi seisan. Osa neist lahendan ma talveks teistele spordialadele \u00fcle minnes, kuid mitte k\u00f5iki. Vaatame l\u00e4hemalt m\u00f5ningaid siserattas\u00f5idu k\u00f5ige ahvatlevamaid omadusi minu vaatenurgast.<\/p>\n<h2 data-path-to-node=\"5\"><b>Uut t\u00fc\u00fcpi l\u00fchikesed s\u00f5idud<\/b><\/h2>\n<p data-path-to-node=\"6\">L\u00fchikesed \u00f5ues\u00f5idud on alati olnud minu viimane valik. P\u00f5hjus on selles, et l\u00fchikesed marsruudid t\u00e4hendavad paratamatult samade, kodu l\u00e4hedal asuvate ringide kordamist, mida olen s\u00f5itnud sadu kordi. Tuttavatel teedel pole viga midagi, kuid pidev kordamine tapab minu jaoks motivatsiooni. Kui l\u00e4hen v\u00e4lja vaid 45 minutiks, tahan midagi uut v\u00f5i v\u00e4hemalt midagi, mis tundub eesm\u00e4rgip\u00e4rane.<\/p>\n<p data-path-to-node=\"7\">Sisetingimustes treenimine muudab seda v\u00f5rrandit. T\u00e4nu sellistele platvormidele nagu Zwift v\u00f5i Rouvy v\u00f5ib l\u00fchike s\u00f5it olla v\u00f5istlus, intervalltreening, isiklik v\u00e4ljakutse v\u00f5i virtuaalne k\u00fclastus m\u00f5nele eksootilisele t\u00f5usule. Maastik muutub, stiimul muutub ja eesm\u00e4rk muutub, ilma et peaks kodust lahkuma.<\/p>\n<p data-path-to-node=\"8\">Ma n\u00e4en selle veetlust kohe. Kui suudaksin muuta 40-minutilise ajaakna millekski kaasahaaravaks, mitte kompromissiks, teeksin talvel rohkem rattas\u00f5ite.<\/p>\n<h2 data-path-to-node=\"9\"><b>Mugavus, millega \u00f5ues\u00f5it v\u00f5istelda ei suuda<\/b><\/h2>\n<p data-path-to-node=\"10\">\u00dcks siserattas\u00f5idu suurimaid eeliseid on lihtsalt see, kui kerge on s\u00f5idule &#8220;jah&#8221; \u00f6elda. Kui mul on v\u00e4he aega, seon tavaliselt hoopis jooksujalatsite paelad kinni. Jooksmine sobib kenasti p\u00e4eva v\u00e4ikestesse aukudesse ja ei n\u00f5ua peaaegu mingit ettevalmistusaega. \u00d5ues rattaga s\u00f5itmine mahub ajakavasse harva, kui riietumisele kulub aega ja ratta hilisem puhastamine on talvel peaaegu garanteeritud.<\/p>\n<p data-path-to-node=\"11\">Siserattas\u00f5it kaotab kogu selle asjaajamise. Ei mingeid riidekihte, tulesid, rehvi purunemise ohtu ega musta ketti. Kui s\u00f5it on vaid kaksk\u00fcmmend v\u00f5i kolmk\u00fcmmend minutit pikk, ei tundu see ettevalmistuse raiskamisena. K\u00f5ik on juba \u00fcles seatud.<\/p>\n<p data-path-to-node=\"12\">Siin m\u00e4ngib rolli ka mugavusfaktor. Kui ma ei tunne end 100% h\u00e4sti v\u00f5i taastun haigusest, on m\u00f5te k\u00fclma \u00f5hu k\u00e4tte minekust harva ahvatlev. Sisetingimused v\u00f5imaldaksid mul rattas\u00f5iduga taas kergelt alustada, hoides intensiivsust madalal ilma keskkonnast tuleneva stressita. Ja kui ainus treeninguaeg on \u00f5htul, ei peaks ma kaaluma pimedas talvise s\u00f5iduga kaasnevaid riske.<\/p>\n<p data-path-to-node=\"13\">Siserattas\u00f5idu mugavus pole v\u00e4ike asi. Kiire elutempoga ratturite jaoks v\u00f5ib see olla m\u00e4\u00e4ravaks teguriks j\u00e4rjepideva ja sporaadilise treenimise vahel, olenemata aastaajast.<\/p>\n<h2 data-path-to-node=\"14\"><b>Struktureeritud intervallid<\/b><\/h2>\n<p data-path-to-node=\"15\">Ausalt \u00f6eldes ei tee ma \u00f5ues peaaegu kunagi struktureeritud intervalle. Minu s\u00f5idud kalduvad pigem avastamise, pikkade t\u00f5usude v\u00f5i seltskondlike p\u00e4evade poole, millest \u00fckski ei soosi korduvateks intervallideks vajalikku distsipliini. Intervallide tegemine maanteel n\u00f5uab ka \u00f5iget t\u00f5usunurka v\u00f5i siledat profiili, ristmike puudumist ja h\u00e4id liiklusolusid. Enamikul p\u00e4evadel sellist kombinatsiooni lihtsalt ei teki.<\/p>\n<p data-path-to-node=\"16\">Nendel tingimustel siserattas\u00f5it s\u00e4rabki. <a href=\"https:\/\/www.hobisport.ee\/wahoo-fitness\/kickr-smart-trena%C5%BE%C3%B6%C3%B6rid\">Trena\u017e\u00f6\u00f6r<\/a> eemaldab k\u00f5ik v\u00e4lised muutujad. ERG-re\u017eiim sunnib pingutama, v\u00e4lised pingutust segavad faktorid kaovad ja v\u00f5imsustsoonid muutuvad ligikaudsete asemel t\u00e4pseks. See on ideaalne keskkond ratturitele, kellel on raskusi struktureeritud treeningutest kinnipidamisega \u00f5ues \u2013 ratturitele nagu mina.<\/p>\n<p data-path-to-node=\"17\">Terve hooajav\u00e4line periood t\u00e4pset intervallt\u00f6\u00f6d parandaks minu s\u00f5iduvormi peaaegu kindlasti. On ahvatlev ette kujutada, millist arengut v\u00f5iksin saavutada, kui p\u00fchendaksin paar talvekuud puhtalt j\u00e4rjepidevusele ja kontrollitud intensiivsusele.<\/p>\n<h2 data-path-to-node=\"18\"><b>Andmed ja areng ilma m\u00fcrata<\/b><\/h2>\n<p data-path-to-node=\"19\">Mind motiveerivad numbrid. Sel aastal, p\u00e4rast viimaks v\u00f5imsusanduri soetamist, leidsin end v\u00f5rdlemas pingutusi lemmikt\u00f5usudel ja anal\u00fc\u00fcsimas v\u00f5imsusk\u00f5veraid p\u00e4rast peaaegu igat s\u00f5itu. Arengu n\u00e4gemine tekitab s\u00f5ltuvust.<\/p>\n<p data-path-to-node=\"20\">Siserattas\u00f5it v\u00f5imendab seda tunnet. Ilma vabajooksu, tuule, temperatuurimuutuste ja muutlike teekalleteta muutuvad andmed puhtamaks. FTP testimine, <i>ramp<\/i>-testid ja isegi laktaaditestid muutuvad \u00e4kitselt praktiliseks ja v\u00f5rreldavaks. Arengut on palju lihtsam j\u00e4lgida, kui tingimused kunagi ei muutu.<\/p>\n<p data-path-to-node=\"21\">Ratturitele, kes naudivad spordi anal\u00fc\u00fctilist poolt, pakub siserattas\u00f5it uskumatult rahuldust pakkuvat keskkonda.<\/p>\n<h2 data-path-to-node=\"22\"><b>Mida sisetrenn k\u00f5igi jaoks \u00f5igesti teeb<\/b><\/h2>\n<p data-path-to-node=\"23\">Minu p\u00f5hjused on isiklikud, kuid siserattas\u00f5it pakub ka universaalseid tugevusi:<\/p>\n<ul>\n<li data-path-to-node=\"24,0,0\">J\u00e4rjepidevus, mida ei takista ilm, p\u00e4evavalgus ega teeolud.<\/li>\n<li data-path-to-node=\"24,1,0\">Ohutus \u2013 ei mingeid autosid, j\u00e4\u00e4d ega kukkumisohtu pimedas.<\/li>\n<li data-path-to-node=\"24,2,0\">Kogukond, eriti Zwiftis, kus grupis\u00f5idud ja v\u00f5istlused suurendavad motivatsiooni.<\/li>\n<li data-path-to-node=\"24,3,0\">T\u00e4ppistreening, eriti selgete sooritus-eesm\u00e4rkidega ratturitele.<\/li>\n<li data-path-to-node=\"25\">Ja karmimas kliimas elavate ratturite jaoks ei ole sisetingimustes treenimine valikuline lisa; see on ainus viis talv rattasadulas \u00fcle elada.<\/li>\n<\/ul>\n<p data-path-to-node=\"26\">Siserattas\u00f5it lahendab probleeme, mida kogen igal talvel. Mul ei pruugi elutoas trena\u017e\u00f6\u00f6ri olla, kuid ma m\u00f5istan t\u00e4pselt, miks nii paljud ratturid sellele loodavad ja miks ma ise seda \u00fcha kaalun. Selle seeria j\u00e4rgmises osas s\u00fc\u00fcvin s\u00fcgavamalt <a href=\"about:blank\">Zwifti<\/a> ja <a href=\"https:\/\/rouvy.com\/\">Rouvy<\/a> maailmadesse ning uurin, mida ma k\u00f5ige t\u00f5en\u00e4olisemalt valiksin ja miks.<\/p>\n","protected":false},"excerpt":{"rendered":"<p>Inimesena, kes pole kunagi t\u00e4ielikult siserattas\u00f5idule p\u00fchendunud, veedan ma \u00fcsna palju aega siiski sellele m\u00f5eldes. Igal talvel j\u00f5uan sama k\u00fcsimuseni: [&hellip;]<\/p>\n","protected":false},"author":174,"featured_media":3313,"comment_status":"open","ping_status":"open","sticky":false,"template":"","format":"standard","meta":{"footnotes":""},"categories":[43],"tags":[580,165,588],"global-categories":[22],"class_list":["post-3312","post","type-post","status-publish","format-standard","has-post-thumbnail","hentry","category-tervis-trenn","tag-sisetreening","tag-talvine-rattasoit","tag-toas-soitmine","global-categories-cycling"],"yoast_head":"<!-- This site is optimized with the Yoast SEO Premium plugin v25.3 (Yoast SEO v25.9) - https:\/\/yoast.com\/wordpress\/plugins\/seo\/ -->\n<title>Siserattas\u00f5idu telgitagused: mida kasulikku saad toas s\u00f5itmisest? - \u0160koda We Love Cycling - Estonia<\/title>\n<meta name=\"description\" content=\"Inimesena, kes pole kunagi t\u00e4ielikult siserattas\u00f5idule p\u00fchendunud, veedan ma \u00fcsna palju aega sellele m\u00f5eldes. Igal talvel j\u00f5uan sama k\u00fcsimuseni: miks tundub kogu see trena\u017e\u00f6\u00f6ride, virtuaalsete marsruutide ja struktureeritud plaanide maailm nii ahvatlev? Ja kas k\u00e4es on aasta, mil ma l\u00f5puks j\u00e4rele annan?\" \/>\n<meta name=\"robots\" content=\"index, follow, max-snippet:-1, max-image-preview:large, max-video-preview:-1\" \/>\n<link rel=\"canonical\" href=\"https:\/\/www.welovecycling.com\/ee\/2025\/12\/10\/siserattasoidu-telgitagused-mida-kasulikku-saad-toas-soitmisest\/\" \/>\n<meta property=\"og:locale\" content=\"et_EE\" \/>\n<meta property=\"og:type\" content=\"article\" \/>\n<meta property=\"og:title\" content=\"Siserattas\u00f5idu telgitagused: mida kasulikku saad toas s\u00f5itmisest?\" \/>\n<meta property=\"og:description\" content=\"Inimesena, kes pole kunagi t\u00e4ielikult siserattas\u00f5idule p\u00fchendunud, veedan ma \u00fcsna palju aega sellele m\u00f5eldes. Igal talvel j\u00f5uan sama k\u00fcsimuseni: miks tundub kogu see trena\u017e\u00f6\u00f6ride, virtuaalsete marsruutide ja struktureeritud plaanide maailm nii ahvatlev? Ja kas k\u00e4es on aasta, mil ma l\u00f5puks j\u00e4rele annan?\" \/>\n<meta property=\"og:url\" content=\"https:\/\/www.welovecycling.com\/ee\/2025\/12\/10\/siserattasoidu-telgitagused-mida-kasulikku-saad-toas-soitmisest\/\" \/>\n<meta property=\"og:site_name\" content=\"\u0160koda We Love Cycling - Estonia\" \/>\n<meta property=\"article:published_time\" content=\"2025-12-10T13:05:57+00:00\" \/>\n<meta property=\"og:image\" content=\"https:\/\/d2p6e6u75xmxt8.cloudfront.net\/15\/2025\/12\/insidepain.webp\" \/>\n\t<meta property=\"og:image:width\" content=\"988\" \/>\n\t<meta property=\"og:image:height\" content=\"661\" \/>\n\t<meta property=\"og:image:type\" content=\"image\/webp\" \/>\n<meta name=\"author\" content=\"andre\" \/>\n<meta name=\"twitter:card\" content=\"summary_large_image\" \/>\n<meta name=\"twitter:label1\" content=\"Written by\" \/>\n\t<meta name=\"twitter:data1\" content=\"Jiri Kaloc\" \/>\n\t<meta name=\"twitter:label2\" content=\"Est. reading time\" \/>\n\t<meta name=\"twitter:data2\" content=\"4\" \/>\n<script type=\"application\/ld+json\" class=\"yoast-schema-graph\">{\"@context\":\"https:\/\/schema.org\",\"@graph\":[{\"@type\":\"WebPage\",\"@id\":\"https:\/\/www.welovecycling.com\/ee\/2025\/12\/10\/siserattasoidu-telgitagused-mida-kasulikku-saad-toas-soitmisest\/\",\"url\":\"https:\/\/www.welovecycling.com\/ee\/2025\/12\/10\/siserattasoidu-telgitagused-mida-kasulikku-saad-toas-soitmisest\/\",\"name\":\"Siserattas\u00f5idu telgitagused: mida kasulikku saad toas s\u00f5itmisest? - \u0160koda We Love Cycling - Estonia\",\"isPartOf\":{\"@id\":\"https:\/\/www.welovecycling.com\/ee\/#website\"},\"primaryImageOfPage\":{\"@id\":\"https:\/\/www.welovecycling.com\/ee\/2025\/12\/10\/siserattasoidu-telgitagused-mida-kasulikku-saad-toas-soitmisest\/#primaryimage\"},\"image\":{\"@id\":\"https:\/\/www.welovecycling.com\/ee\/2025\/12\/10\/siserattasoidu-telgitagused-mida-kasulikku-saad-toas-soitmisest\/#primaryimage\"},\"thumbnailUrl\":\"https:\/\/d2p6e6u75xmxt8.cloudfront.net\/15\/2025\/12\/insidepain.webp\",\"datePublished\":\"2025-12-10T13:05:57+00:00\",\"author\":{\"@id\":\"https:\/\/www.welovecycling.com\/ee\/#\/schema\/person\/8b7101c4bd1b1ae9d3732ebb1e6caf57\"},\"description\":\"Inimesena, kes pole kunagi t\u00e4ielikult siserattas\u00f5idule p\u00fchendunud, veedan ma \u00fcsna palju aega sellele m\u00f5eldes. Igal talvel j\u00f5uan sama k\u00fcsimuseni: miks tundub kogu see trena\u017e\u00f6\u00f6ride, virtuaalsete marsruutide ja struktureeritud plaanide maailm nii ahvatlev? Ja kas k\u00e4es on aasta, mil ma l\u00f5puks j\u00e4rele annan?\",\"inLanguage\":\"et\",\"potentialAction\":[{\"@type\":\"ReadAction\",\"target\":[\"https:\/\/www.welovecycling.com\/ee\/2025\/12\/10\/siserattasoidu-telgitagused-mida-kasulikku-saad-toas-soitmisest\/\"]}]},{\"@type\":\"ImageObject\",\"inLanguage\":\"et\",\"@id\":\"https:\/\/www.welovecycling.com\/ee\/2025\/12\/10\/siserattasoidu-telgitagused-mida-kasulikku-saad-toas-soitmisest\/#primaryimage\",\"url\":\"https:\/\/d2p6e6u75xmxt8.cloudfront.net\/15\/2025\/12\/insidepain.webp\",\"contentUrl\":\"https:\/\/d2p6e6u75xmxt8.cloudfront.net\/15\/2025\/12\/insidepain.webp\",\"width\":988,\"height\":661},{\"@type\":\"WebSite\",\"@id\":\"https:\/\/www.welovecycling.com\/ee\/#website\",\"url\":\"https:\/\/www.welovecycling.com\/ee\/\",\"name\":\"\u0160koda We Love Cycling - Estonia\",\"description\":\"\",\"potentialAction\":[{\"@type\":\"SearchAction\",\"target\":{\"@type\":\"EntryPoint\",\"urlTemplate\":\"https:\/\/www.welovecycling.com\/ee\/?s={search_term_string}\"},\"query-input\":{\"@type\":\"PropertyValueSpecification\",\"valueRequired\":true,\"valueName\":\"search_term_string\"}}],\"inLanguage\":\"et\"},{\"@type\":\"Person\",\"@id\":\"https:\/\/www.welovecycling.com\/ee\/#\/schema\/person\/8b7101c4bd1b1ae9d3732ebb1e6caf57\",\"name\":\"andre\",\"image\":{\"@type\":\"ImageObject\",\"inLanguage\":\"et\",\"@id\":\"https:\/\/www.welovecycling.com\/ee\/#\/schema\/person\/image\/\",\"url\":\"https:\/\/secure.gravatar.com\/avatar\/0656b3224fe17b018f43b8a562625dd43d30827f027b2f62bc5a05711fec9a61?s=96&d=mm&r=g\",\"contentUrl\":\"https:\/\/secure.gravatar.com\/avatar\/0656b3224fe17b018f43b8a562625dd43d30827f027b2f62bc5a05711fec9a61?s=96&d=mm&r=g\",\"caption\":\"andre\"},\"url\":\"https:\/\/www.welovecycling.com\/ee\/author\/andre\/\"}]}<\/script>\n<!-- \/ Yoast SEO Premium plugin. -->","yoast_head_json":{"title":"Siserattas\u00f5idu telgitagused: mida kasulikku saad toas s\u00f5itmisest? - \u0160koda We Love Cycling - Estonia","description":"Inimesena, kes pole kunagi t\u00e4ielikult siserattas\u00f5idule p\u00fchendunud, veedan ma \u00fcsna palju aega sellele m\u00f5eldes. Igal talvel j\u00f5uan sama k\u00fcsimuseni: miks tundub kogu see trena\u017e\u00f6\u00f6ride, virtuaalsete marsruutide ja struktureeritud plaanide maailm nii ahvatlev? Ja kas k\u00e4es on aasta, mil ma l\u00f5puks j\u00e4rele annan?","robots":{"index":"index","follow":"follow","max-snippet":"max-snippet:-1","max-image-preview":"max-image-preview:large","max-video-preview":"max-video-preview:-1"},"canonical":"https:\/\/www.welovecycling.com\/ee\/2025\/12\/10\/siserattasoidu-telgitagused-mida-kasulikku-saad-toas-soitmisest\/","og_locale":"et_EE","og_type":"article","og_title":"Siserattas\u00f5idu telgitagused: mida kasulikku saad toas s\u00f5itmisest?","og_description":"Inimesena, kes pole kunagi t\u00e4ielikult siserattas\u00f5idule p\u00fchendunud, veedan ma \u00fcsna palju aega sellele m\u00f5eldes. Igal talvel j\u00f5uan sama k\u00fcsimuseni: miks tundub kogu see trena\u017e\u00f6\u00f6ride, virtuaalsete marsruutide ja struktureeritud plaanide maailm nii ahvatlev? Ja kas k\u00e4es on aasta, mil ma l\u00f5puks j\u00e4rele annan?","og_url":"https:\/\/www.welovecycling.com\/ee\/2025\/12\/10\/siserattasoidu-telgitagused-mida-kasulikku-saad-toas-soitmisest\/","og_site_name":"\u0160koda We Love Cycling - Estonia","article_published_time":"2025-12-10T13:05:57+00:00","og_image":[{"width":988,"height":661,"url":"https:\/\/d2p6e6u75xmxt8.cloudfront.net\/15\/2025\/12\/insidepain.webp","type":"image\/webp"}],"author":"andre","twitter_card":"summary_large_image","twitter_misc":{"Written by":"Jiri Kaloc","Est. reading time":"4"},"schema":{"@context":"https:\/\/schema.org","@graph":[{"@type":"WebPage","@id":"https:\/\/www.welovecycling.com\/ee\/2025\/12\/10\/siserattasoidu-telgitagused-mida-kasulikku-saad-toas-soitmisest\/","url":"https:\/\/www.welovecycling.com\/ee\/2025\/12\/10\/siserattasoidu-telgitagused-mida-kasulikku-saad-toas-soitmisest\/","name":"Siserattas\u00f5idu telgitagused: mida kasulikku saad toas s\u00f5itmisest? - \u0160koda We Love Cycling - Estonia","isPartOf":{"@id":"https:\/\/www.welovecycling.com\/ee\/#website"},"primaryImageOfPage":{"@id":"https:\/\/www.welovecycling.com\/ee\/2025\/12\/10\/siserattasoidu-telgitagused-mida-kasulikku-saad-toas-soitmisest\/#primaryimage"},"image":{"@id":"https:\/\/www.welovecycling.com\/ee\/2025\/12\/10\/siserattasoidu-telgitagused-mida-kasulikku-saad-toas-soitmisest\/#primaryimage"},"thumbnailUrl":"https:\/\/d2p6e6u75xmxt8.cloudfront.net\/15\/2025\/12\/insidepain.webp","datePublished":"2025-12-10T13:05:57+00:00","author":{"@id":"https:\/\/www.welovecycling.com\/ee\/#\/schema\/person\/8b7101c4bd1b1ae9d3732ebb1e6caf57"},"description":"Inimesena, kes pole kunagi t\u00e4ielikult siserattas\u00f5idule p\u00fchendunud, veedan ma \u00fcsna palju aega sellele m\u00f5eldes. Igal talvel j\u00f5uan sama k\u00fcsimuseni: miks tundub kogu see trena\u017e\u00f6\u00f6ride, virtuaalsete marsruutide ja struktureeritud plaanide maailm nii ahvatlev? Ja kas k\u00e4es on aasta, mil ma l\u00f5puks j\u00e4rele annan?","inLanguage":"et","potentialAction":[{"@type":"ReadAction","target":["https:\/\/www.welovecycling.com\/ee\/2025\/12\/10\/siserattasoidu-telgitagused-mida-kasulikku-saad-toas-soitmisest\/"]}]},{"@type":"ImageObject","inLanguage":"et","@id":"https:\/\/www.welovecycling.com\/ee\/2025\/12\/10\/siserattasoidu-telgitagused-mida-kasulikku-saad-toas-soitmisest\/#primaryimage","url":"https:\/\/d2p6e6u75xmxt8.cloudfront.net\/15\/2025\/12\/insidepain.webp","contentUrl":"https:\/\/d2p6e6u75xmxt8.cloudfront.net\/15\/2025\/12\/insidepain.webp","width":988,"height":661},{"@type":"WebSite","@id":"https:\/\/www.welovecycling.com\/ee\/#website","url":"https:\/\/www.welovecycling.com\/ee\/","name":"\u0160koda We Love Cycling - Estonia","description":"","potentialAction":[{"@type":"SearchAction","target":{"@type":"EntryPoint","urlTemplate":"https:\/\/www.welovecycling.com\/ee\/?s={search_term_string}"},"query-input":{"@type":"PropertyValueSpecification","valueRequired":true,"valueName":"search_term_string"}}],"inLanguage":"et"},{"@type":"Person","@id":"https:\/\/www.welovecycling.com\/ee\/#\/schema\/person\/8b7101c4bd1b1ae9d3732ebb1e6caf57","name":"andre","image":{"@type":"ImageObject","inLanguage":"et","@id":"https:\/\/www.welovecycling.com\/ee\/#\/schema\/person\/image\/","url":"https:\/\/secure.gravatar.com\/avatar\/0656b3224fe17b018f43b8a562625dd43d30827f027b2f62bc5a05711fec9a61?s=96&d=mm&r=g","contentUrl":"https:\/\/secure.gravatar.com\/avatar\/0656b3224fe17b018f43b8a562625dd43d30827f027b2f62bc5a05711fec9a61?s=96&d=mm&r=g","caption":"andre"},"url":"https:\/\/www.welovecycling.com\/ee\/author\/andre\/"}]}},"_links":{"self":[{"href":"https:\/\/www.welovecycling.com\/ee\/wp-json\/wp\/v2\/posts\/3312","targetHints":{"allow":["GET"]}}],"collection":[{"href":"https:\/\/www.welovecycling.com\/ee\/wp-json\/wp\/v2\/posts"}],"about":[{"href":"https:\/\/www.welovecycling.com\/ee\/wp-json\/wp\/v2\/types\/post"}],"author":[{"embeddable":true,"href":"https:\/\/www.welovecycling.com\/ee\/wp-json\/wp\/v2\/users\/174"}],"replies":[{"embeddable":true,"href":"https:\/\/www.welovecycling.com\/ee\/wp-json\/wp\/v2\/comments?post=3312"}],"version-history":[{"count":2,"href":"https:\/\/www.welovecycling.com\/ee\/wp-json\/wp\/v2\/posts\/3312\/revisions"}],"predecessor-version":[{"id":3315,"href":"https:\/\/www.welovecycling.com\/ee\/wp-json\/wp\/v2\/posts\/3312\/revisions\/3315"}],"wp:featuredmedia":[{"embeddable":true,"href":"https:\/\/www.welovecycling.com\/ee\/wp-json\/wp\/v2\/media\/3313"}],"wp:attachment":[{"href":"https:\/\/www.welovecycling.com\/ee\/wp-json\/wp\/v2\/media?parent=3312"}],"wp:term":[{"taxonomy":"category","embeddable":true,"href":"https:\/\/www.welovecycling.com\/ee\/wp-json\/wp\/v2\/categories?post=3312"},{"taxonomy":"post_tag","embeddable":true,"href":"https:\/\/www.welovecycling.com\/ee\/wp-json\/wp\/v2\/tags?post=3312"},{"taxonomy":"global-categories","embeddable":true,"href":"https:\/\/www.welovecycling.com\/ee\/wp-json\/wp\/v2\/global-categories?post=3312"}],"curies":[{"name":"wp","href":"https:\/\/api.w.org\/{rel}","templated":true}]}}