{"id":3304,"date":"2025-12-09T16:40:41","date_gmt":"2025-12-09T13:40:41","guid":{"rendered":"https:\/\/www.welovecycling.com\/ee\/?p=3304"},"modified":"2025-12-09T16:53:04","modified_gmt":"2025-12-09T13:53:04","slug":"rapha-festive-500-kas-suudad-puhade-ajal-soita-500-km-ainult-oues","status":"publish","type":"post","link":"https:\/\/www.welovecycling.com\/ee\/2025\/12\/09\/rapha-festive-500-kas-suudad-puhade-ajal-soita-500-km-ainult-oues\/","title":{"rendered":"Rapha Festive 500 \u2013 kas suudad p\u00fchade ajal s\u00f5ita 500 km (ainult \u00f5ues)?"},"content":{"rendered":"<h3 data-path-to-node=\"15\"><strong>Rattamaailmas on v\u00e4he traditsioone, mis on samaaegselt nii lihtsad kui ka n\u00f5udlikud. Rapha Festive 500 on iga-aastane v\u00e4ljakutse, mis kutsub rattureid \u00fcles l\u00e4bima 24. detsembrist kuni 31. detsembrini kokku 500 kilomeetrit. We Love Cycling Estonia kutsub sind ka sel aastal kampa l\u00f6\u00f6ma, kuid meil on \u00fcks oluline lisatingimus.<\/strong><\/h3>\n<p data-path-to-node=\"15\"><!--more--><\/p>\n<p data-path-to-node=\"16\"><b>L\u00fchidalt ajaloost<\/b> K\u00f5ik sai alguse 2010. aastal, kui Rapha disainer Graeme Raeburn otsustas p\u00fchadeperioodil l\u00e4bida 1000 km. Ta m\u00f5istis peagi, et Inglismaa talves on see liiga r\u00e4nk, ja v\u00e4hendas eesm\u00e4rki 500 kilomeetrile. Sellest s\u00fcndis \u00fcleskutse, mis on t\u00e4naseks inspireerinud sadu tuhandeid rattureid \u00fcle maailma hoidma jalad t\u00f6\u00f6s ka aasta k\u00f5ige pimedamal ja k\u00fclmemal ajal.<\/p>\n<p data-path-to-node=\"17\"><b>We Love Cycling Estonia eritingimus: Ainult \u00f5ues!<\/b> Kuigi Strava ja Rapha aktsepteerivad ametlikus arvestuses ka virtuaalseid s\u00f5ite, siis We Love Cycling Estonia hoiab traditsioone au sees. Meie auhinnaloosis osalemiseks <b>peavad kilomeetrid olema l\u00e4bitud v\u00e4litingimustes<\/b>. Miks? Sest Eesti talv, olgu see lumine v\u00f5i vihmane, on see, mis karastab vaimu ja eraldab t\u00f5sised harrastajad p\u00fchap\u00e4evas\u00f5itjatest. See on austusavaldus algsele ideele v\u00f5idelda elementidega.<\/p>\n<p data-path-to-node=\"18\"><b>Auhinnafond on motiveeriv<\/b> Pingutus ei j\u00e4\u00e4 m\u00e4rkamata. K\u00f5igi vahel, kes suudavad 8 p\u00e4eva jooksul 500 km t\u00e4is s\u00f5ita ja on t\u00e4itnud osalemistingimused, loosime v\u00e4lja korraliku varustusepaketi.<\/p>\n<p data-path-to-node=\"18\"><a href=\"https:\/\/d2p6e6u75xmxt8.cloudfront.net\/15\/2025\/12\/Rapha500_valjakutse2025_1080x1080_2.webp\"><img loading=\"lazy\" decoding=\"async\" class=\"aligncenter size-full wp-image-3305\" src=\"https:\/\/d2p6e6u75xmxt8.cloudfront.net\/15\/2025\/12\/Rapha500_valjakutse2025_1080x1080_2.webp\" alt=\"\" width=\"1080\" height=\"1080\" srcset=\"https:\/\/d2p6e6u75xmxt8.cloudfront.net\/15\/2025\/12\/Rapha500_valjakutse2025_1080x1080_2.webp 1080w, https:\/\/d2p6e6u75xmxt8.cloudfront.net\/15\/2025\/12\/Rapha500_valjakutse2025_1080x1080_2-300x300.webp 300w, https:\/\/d2p6e6u75xmxt8.cloudfront.net\/15\/2025\/12\/Rapha500_valjakutse2025_1080x1080_2-1024x1024.webp 1024w, https:\/\/d2p6e6u75xmxt8.cloudfront.net\/15\/2025\/12\/Rapha500_valjakutse2025_1080x1080_2-150x150.webp 150w, https:\/\/d2p6e6u75xmxt8.cloudfront.net\/15\/2025\/12\/Rapha500_valjakutse2025_1080x1080_2-768x768.webp 768w, https:\/\/d2p6e6u75xmxt8.cloudfront.net\/15\/2025\/12\/Rapha500_valjakutse2025_1080x1080_2-400x400.webp 400w\" sizes=\"auto, (max-width: 1080px) 100vw, 1080px\" \/><\/a><\/p>\n<p data-path-to-node=\"19\">Auhinnakotti on panustanud:<\/p>\n<ul>\n<li data-path-to-node=\"20,0,0\"><b>\u0160koda ja We Love Cycling:<\/b> f\u00e4nnitooted ja meened.<\/li>\n<li data-path-to-node=\"20,1,0\"><b><a href=\"https:\/\/www.hobisport.ee\/\">Hobisport.ee<\/a>:<\/b> kvaliteettooted tippbr\u00e4ndidelt nagu <a href=\"https:\/\/www.hobisport.ee\/viimati-lisatud\/manufacturer\/silca\"><b>Silca<\/b> <\/a>(hooldusvahendid), <a href=\"https:\/\/www.hobisport.ee\/viimati-lisatud\/manufacturer\/supacaz\"><b>Supacaz<\/b> <\/a>(lenksupaelad ja aksessuaarid), <a href=\"https:\/\/www.hobisport.ee\/ffwd\"><b>FFWD<\/b> <\/a>(meened\/tarvikud), <a href=\"https:\/\/www.hobisport.ee\/viimati-lisatud\/manufacturer\/self\"><b>Self<\/b> <\/a>(toidulisandid) ja <b><a href=\"https:\/\/www.hobisport.ee\/viimati-lisatud\/manufacturer\/pepfox\">Pepfox<\/a> <\/b>(toidulisandid).<\/li>\n<\/ul>\n<p data-path-to-node=\"21\"><b>Kuidas osaleda?<\/b> Osalemine on lihtne, kuid n\u00f5uab t\u00e4pset tegutsemist Strava keskkonnas:<\/p>\n<ol>\n<li data-path-to-node=\"22,0,0\"><b>Liitu klubiga:<\/b> Otsi Stravas \u00fcles <a href=\"https:\/\/www.strava.com\/clubs\/1158358\"><b>We Love Cycling Estonia<\/b><\/a> klubi ja liitu sellega.<\/li>\n<li data-path-to-node=\"22,1,0\"><b>Registreeri v\u00e4ljakutsele:<\/b> Liitu Stravas ametliku <strong><a href=\"https:\/\/www.strava.com\/challenges\/rapha-festive-500-2025\"><i>Rapha Festive 500<\/i> v\u00e4ljakutsega<\/a> <\/strong>(Challenge).<\/li>\n<li data-path-to-node=\"22,2,0\"><b>S\u00f5ida:<\/b> Kogu perioodil 24.12\u201331.12 vajalikud kilomeetrid.<\/li>\n<li data-path-to-node=\"22,3,0\"><b>Lae \u00fcles:<\/b> Veendu, et k\u00f5ik s\u00f5idud on Stravasse laetud ja m\u00e4rgitud &#8220;Ride&#8221; (mitte Virtual Ride).<\/li>\n<\/ol>\n<p data-path-to-node=\"23\">Valmista ratas ja vaim ette. See on sinu v\u00f5imalus l\u00f5petada 2025. aasta tugeva sooritusega. Edukatest kilomeetritest anna m\u00e4rku sotsiaalmeedias, m\u00e4rkides meid oma postitustes.<\/p>\n<p data-path-to-node=\"23\">Kui otsid motivatsiooni v\u00f5i m\u00f5tled, et kuidas Eestis seda v\u00e4ljakutse edukalt l\u00e4bida, siis soovitan lugeda meie <a href=\"https:\/\/www.welovecycling.com\/ee\/2024\/12\/20\/kuidas-labida-rapha-festive-500-valjakutse\/\">eelmise aasta artiklit.<\/a><\/p>\n<p data-path-to-node=\"24\">N\u00e4eme rajal!<\/p>\n","protected":false},"excerpt":{"rendered":"<p>Rattamaailmas on v\u00e4he traditsioone, mis on samaaegselt nii lihtsad kui ka n\u00f5udlikud. Rapha Festive 500 on iga-aastane v\u00e4ljakutse, mis kutsub [&hellip;]<\/p>\n","protected":false},"author":174,"featured_media":2304,"comment_status":"open","ping_status":"open","sticky":false,"template":"","format":"standard","meta":{"footnotes":""},"categories":[496],"tags":[334,333,587],"global-categories":[22],"class_list":["post-3304","post","type-post","status-publish","format-standard","has-post-thumbnail","hentry","category-avastamine-ja-reisimine","tag-rapha500","tag-raphafestive500","tag-valjakutse","global-categories-cycling"],"yoast_head":"<!-- This site is optimized with the Yoast SEO Premium plugin v25.3 (Yoast SEO v25.9) - https:\/\/yoast.com\/wordpress\/plugins\/seo\/ -->\n<title>Rapha Festive 500 \u2013 kas suudad p\u00fchade ajal s\u00f5ita 500 km (ainult \u00f5ues)? - \u0160koda We Love Cycling - Estonia<\/title>\n<meta name=\"description\" content=\"Rattamaailmas on v\u00e4he traditsioone, mis on samaaegselt nii lihtsad kui ka n\u00f5udlikud. Rapha Festive 500 on iga-aastane v\u00e4ljakutse, mis kutsub rattureid \u00fcles l\u00e4bima 24. detsembrist kuni 31. detsembrini kokku 500 kilomeetrit. We Love Cycling Estonia kutsub sind ka sel aastal kampa l\u00f6\u00f6ma, kuid meil on \u00fcks oluline lisatingimus.\" \/>\n<meta name=\"robots\" content=\"index, follow, max-snippet:-1, max-image-preview:large, max-video-preview:-1\" \/>\n<link rel=\"canonical\" href=\"https:\/\/www.welovecycling.com\/ee\/2025\/12\/09\/rapha-festive-500-kas-suudad-puhade-ajal-soita-500-km-ainult-oues\/\" \/>\n<meta property=\"og:locale\" content=\"et_EE\" \/>\n<meta property=\"og:type\" content=\"article\" \/>\n<meta property=\"og:title\" content=\"Rapha Festive 500 \u2013 kas suudad p\u00fchade ajal s\u00f5ita 500 km (ainult \u00f5ues)?\" \/>\n<meta property=\"og:description\" content=\"Rattamaailmas on v\u00e4he traditsioone, mis on samaaegselt nii lihtsad kui ka n\u00f5udlikud. Rapha Festive 500 on iga-aastane v\u00e4ljakutse, mis kutsub rattureid \u00fcles l\u00e4bima 24. detsembrist kuni 31. detsembrini kokku 500 kilomeetrit. We Love Cycling Estonia kutsub sind ka sel aastal kampa l\u00f6\u00f6ma, kuid meil on \u00fcks oluline lisatingimus.\" \/>\n<meta property=\"og:url\" content=\"https:\/\/www.welovecycling.com\/ee\/2025\/12\/09\/rapha-festive-500-kas-suudad-puhade-ajal-soita-500-km-ainult-oues\/\" \/>\n<meta property=\"og:site_name\" content=\"\u0160koda We Love Cycling - Estonia\" \/>\n<meta property=\"article:published_time\" content=\"2025-12-09T13:40:41+00:00\" \/>\n<meta property=\"article:modified_time\" content=\"2025-12-09T13:53:04+00:00\" \/>\n<meta property=\"og:image\" content=\"https:\/\/d2p6e6u75xmxt8.cloudfront.net\/15\/2024\/12\/20240423_1120510-scaled.webp\" \/>\n\t<meta property=\"og:image:width\" content=\"2560\" \/>\n\t<meta property=\"og:image:height\" content=\"1440\" \/>\n\t<meta property=\"og:image:type\" content=\"image\/webp\" \/>\n<meta name=\"author\" content=\"andre\" \/>\n<meta name=\"twitter:card\" content=\"summary_large_image\" \/>\n<meta name=\"twitter:label1\" content=\"Written by\" \/>\n\t<meta name=\"twitter:data1\" content=\"Andre Kull\" \/>\n\t<meta name=\"twitter:label2\" content=\"Est. reading time\" \/>\n\t<meta name=\"twitter:data2\" content=\"2\" \/>\n<script type=\"application\/ld+json\" class=\"yoast-schema-graph\">{\"@context\":\"https:\/\/schema.org\",\"@graph\":[{\"@type\":\"WebPage\",\"@id\":\"https:\/\/www.welovecycling.com\/ee\/2025\/12\/09\/rapha-festive-500-kas-suudad-puhade-ajal-soita-500-km-ainult-oues\/\",\"url\":\"https:\/\/www.welovecycling.com\/ee\/2025\/12\/09\/rapha-festive-500-kas-suudad-puhade-ajal-soita-500-km-ainult-oues\/\",\"name\":\"Rapha Festive 500 \u2013 kas suudad p\u00fchade ajal s\u00f5ita 500 km (ainult \u00f5ues)? - \u0160koda We Love Cycling - Estonia\",\"isPartOf\":{\"@id\":\"https:\/\/www.welovecycling.com\/ee\/#website\"},\"primaryImageOfPage\":{\"@id\":\"https:\/\/www.welovecycling.com\/ee\/2025\/12\/09\/rapha-festive-500-kas-suudad-puhade-ajal-soita-500-km-ainult-oues\/#primaryimage\"},\"image\":{\"@id\":\"https:\/\/www.welovecycling.com\/ee\/2025\/12\/09\/rapha-festive-500-kas-suudad-puhade-ajal-soita-500-km-ainult-oues\/#primaryimage\"},\"thumbnailUrl\":\"https:\/\/d2p6e6u75xmxt8.cloudfront.net\/15\/2024\/12\/20240423_1120510-scaled.webp\",\"datePublished\":\"2025-12-09T13:40:41+00:00\",\"dateModified\":\"2025-12-09T13:53:04+00:00\",\"author\":{\"@id\":\"https:\/\/www.welovecycling.com\/ee\/#\/schema\/person\/8b7101c4bd1b1ae9d3732ebb1e6caf57\"},\"description\":\"Rattamaailmas on v\u00e4he traditsioone, mis on samaaegselt nii lihtsad kui ka n\u00f5udlikud. Rapha Festive 500 on iga-aastane v\u00e4ljakutse, mis kutsub rattureid \u00fcles l\u00e4bima 24. detsembrist kuni 31. detsembrini kokku 500 kilomeetrit. We Love Cycling Estonia kutsub sind ka sel aastal kampa l\u00f6\u00f6ma, kuid meil on \u00fcks oluline lisatingimus.\",\"inLanguage\":\"et\",\"potentialAction\":[{\"@type\":\"ReadAction\",\"target\":[\"https:\/\/www.welovecycling.com\/ee\/2025\/12\/09\/rapha-festive-500-kas-suudad-puhade-ajal-soita-500-km-ainult-oues\/\"]}]},{\"@type\":\"ImageObject\",\"inLanguage\":\"et\",\"@id\":\"https:\/\/www.welovecycling.com\/ee\/2025\/12\/09\/rapha-festive-500-kas-suudad-puhade-ajal-soita-500-km-ainult-oues\/#primaryimage\",\"url\":\"https:\/\/d2p6e6u75xmxt8.cloudfront.net\/15\/2024\/12\/20240423_1120510-scaled.webp\",\"contentUrl\":\"https:\/\/d2p6e6u75xmxt8.cloudfront.net\/15\/2024\/12\/20240423_1120510-scaled.webp\",\"width\":2560,\"height\":1440},{\"@type\":\"WebSite\",\"@id\":\"https:\/\/www.welovecycling.com\/ee\/#website\",\"url\":\"https:\/\/www.welovecycling.com\/ee\/\",\"name\":\"\u0160koda We Love Cycling - Estonia\",\"description\":\"\",\"potentialAction\":[{\"@type\":\"SearchAction\",\"target\":{\"@type\":\"EntryPoint\",\"urlTemplate\":\"https:\/\/www.welovecycling.com\/ee\/?s={search_term_string}\"},\"query-input\":{\"@type\":\"PropertyValueSpecification\",\"valueRequired\":true,\"valueName\":\"search_term_string\"}}],\"inLanguage\":\"et\"},{\"@type\":\"Person\",\"@id\":\"https:\/\/www.welovecycling.com\/ee\/#\/schema\/person\/8b7101c4bd1b1ae9d3732ebb1e6caf57\",\"name\":\"andre\",\"image\":{\"@type\":\"ImageObject\",\"inLanguage\":\"et\",\"@id\":\"https:\/\/www.welovecycling.com\/ee\/#\/schema\/person\/image\/\",\"url\":\"https:\/\/secure.gravatar.com\/avatar\/0656b3224fe17b018f43b8a562625dd43d30827f027b2f62bc5a05711fec9a61?s=96&d=mm&r=g\",\"contentUrl\":\"https:\/\/secure.gravatar.com\/avatar\/0656b3224fe17b018f43b8a562625dd43d30827f027b2f62bc5a05711fec9a61?s=96&d=mm&r=g\",\"caption\":\"andre\"},\"url\":\"https:\/\/www.welovecycling.com\/ee\/author\/andre\/\"}]}<\/script>\n<!-- \/ Yoast SEO Premium plugin. -->","yoast_head_json":{"title":"Rapha Festive 500 \u2013 kas suudad p\u00fchade ajal s\u00f5ita 500 km (ainult \u00f5ues)? - \u0160koda We Love Cycling - Estonia","description":"Rattamaailmas on v\u00e4he traditsioone, mis on samaaegselt nii lihtsad kui ka n\u00f5udlikud. Rapha Festive 500 on iga-aastane v\u00e4ljakutse, mis kutsub rattureid \u00fcles l\u00e4bima 24. detsembrist kuni 31. detsembrini kokku 500 kilomeetrit. We Love Cycling Estonia kutsub sind ka sel aastal kampa l\u00f6\u00f6ma, kuid meil on \u00fcks oluline lisatingimus.","robots":{"index":"index","follow":"follow","max-snippet":"max-snippet:-1","max-image-preview":"max-image-preview:large","max-video-preview":"max-video-preview:-1"},"canonical":"https:\/\/www.welovecycling.com\/ee\/2025\/12\/09\/rapha-festive-500-kas-suudad-puhade-ajal-soita-500-km-ainult-oues\/","og_locale":"et_EE","og_type":"article","og_title":"Rapha Festive 500 \u2013 kas suudad p\u00fchade ajal s\u00f5ita 500 km (ainult \u00f5ues)?","og_description":"Rattamaailmas on v\u00e4he traditsioone, mis on samaaegselt nii lihtsad kui ka n\u00f5udlikud. Rapha Festive 500 on iga-aastane v\u00e4ljakutse, mis kutsub rattureid \u00fcles l\u00e4bima 24. detsembrist kuni 31. detsembrini kokku 500 kilomeetrit. We Love Cycling Estonia kutsub sind ka sel aastal kampa l\u00f6\u00f6ma, kuid meil on \u00fcks oluline lisatingimus.","og_url":"https:\/\/www.welovecycling.com\/ee\/2025\/12\/09\/rapha-festive-500-kas-suudad-puhade-ajal-soita-500-km-ainult-oues\/","og_site_name":"\u0160koda We Love Cycling - Estonia","article_published_time":"2025-12-09T13:40:41+00:00","article_modified_time":"2025-12-09T13:53:04+00:00","og_image":[{"width":2560,"height":1440,"url":"https:\/\/d2p6e6u75xmxt8.cloudfront.net\/15\/2024\/12\/20240423_1120510-scaled.webp","type":"image\/webp"}],"author":"andre","twitter_card":"summary_large_image","twitter_misc":{"Written by":"Andre Kull","Est. reading time":"2"},"schema":{"@context":"https:\/\/schema.org","@graph":[{"@type":"WebPage","@id":"https:\/\/www.welovecycling.com\/ee\/2025\/12\/09\/rapha-festive-500-kas-suudad-puhade-ajal-soita-500-km-ainult-oues\/","url":"https:\/\/www.welovecycling.com\/ee\/2025\/12\/09\/rapha-festive-500-kas-suudad-puhade-ajal-soita-500-km-ainult-oues\/","name":"Rapha Festive 500 \u2013 kas suudad p\u00fchade ajal s\u00f5ita 500 km (ainult \u00f5ues)? - \u0160koda We Love Cycling - Estonia","isPartOf":{"@id":"https:\/\/www.welovecycling.com\/ee\/#website"},"primaryImageOfPage":{"@id":"https:\/\/www.welovecycling.com\/ee\/2025\/12\/09\/rapha-festive-500-kas-suudad-puhade-ajal-soita-500-km-ainult-oues\/#primaryimage"},"image":{"@id":"https:\/\/www.welovecycling.com\/ee\/2025\/12\/09\/rapha-festive-500-kas-suudad-puhade-ajal-soita-500-km-ainult-oues\/#primaryimage"},"thumbnailUrl":"https:\/\/d2p6e6u75xmxt8.cloudfront.net\/15\/2024\/12\/20240423_1120510-scaled.webp","datePublished":"2025-12-09T13:40:41+00:00","dateModified":"2025-12-09T13:53:04+00:00","author":{"@id":"https:\/\/www.welovecycling.com\/ee\/#\/schema\/person\/8b7101c4bd1b1ae9d3732ebb1e6caf57"},"description":"Rattamaailmas on v\u00e4he traditsioone, mis on samaaegselt nii lihtsad kui ka n\u00f5udlikud. Rapha Festive 500 on iga-aastane v\u00e4ljakutse, mis kutsub rattureid \u00fcles l\u00e4bima 24. detsembrist kuni 31. detsembrini kokku 500 kilomeetrit. We Love Cycling Estonia kutsub sind ka sel aastal kampa l\u00f6\u00f6ma, kuid meil on \u00fcks oluline lisatingimus.","inLanguage":"et","potentialAction":[{"@type":"ReadAction","target":["https:\/\/www.welovecycling.com\/ee\/2025\/12\/09\/rapha-festive-500-kas-suudad-puhade-ajal-soita-500-km-ainult-oues\/"]}]},{"@type":"ImageObject","inLanguage":"et","@id":"https:\/\/www.welovecycling.com\/ee\/2025\/12\/09\/rapha-festive-500-kas-suudad-puhade-ajal-soita-500-km-ainult-oues\/#primaryimage","url":"https:\/\/d2p6e6u75xmxt8.cloudfront.net\/15\/2024\/12\/20240423_1120510-scaled.webp","contentUrl":"https:\/\/d2p6e6u75xmxt8.cloudfront.net\/15\/2024\/12\/20240423_1120510-scaled.webp","width":2560,"height":1440},{"@type":"WebSite","@id":"https:\/\/www.welovecycling.com\/ee\/#website","url":"https:\/\/www.welovecycling.com\/ee\/","name":"\u0160koda We Love Cycling - Estonia","description":"","potentialAction":[{"@type":"SearchAction","target":{"@type":"EntryPoint","urlTemplate":"https:\/\/www.welovecycling.com\/ee\/?s={search_term_string}"},"query-input":{"@type":"PropertyValueSpecification","valueRequired":true,"valueName":"search_term_string"}}],"inLanguage":"et"},{"@type":"Person","@id":"https:\/\/www.welovecycling.com\/ee\/#\/schema\/person\/8b7101c4bd1b1ae9d3732ebb1e6caf57","name":"andre","image":{"@type":"ImageObject","inLanguage":"et","@id":"https:\/\/www.welovecycling.com\/ee\/#\/schema\/person\/image\/","url":"https:\/\/secure.gravatar.com\/avatar\/0656b3224fe17b018f43b8a562625dd43d30827f027b2f62bc5a05711fec9a61?s=96&d=mm&r=g","contentUrl":"https:\/\/secure.gravatar.com\/avatar\/0656b3224fe17b018f43b8a562625dd43d30827f027b2f62bc5a05711fec9a61?s=96&d=mm&r=g","caption":"andre"},"url":"https:\/\/www.welovecycling.com\/ee\/author\/andre\/"}]}},"_links":{"self":[{"href":"https:\/\/www.welovecycling.com\/ee\/wp-json\/wp\/v2\/posts\/3304","targetHints":{"allow":["GET"]}}],"collection":[{"href":"https:\/\/www.welovecycling.com\/ee\/wp-json\/wp\/v2\/posts"}],"about":[{"href":"https:\/\/www.welovecycling.com\/ee\/wp-json\/wp\/v2\/types\/post"}],"author":[{"embeddable":true,"href":"https:\/\/www.welovecycling.com\/ee\/wp-json\/wp\/v2\/users\/174"}],"replies":[{"embeddable":true,"href":"https:\/\/www.welovecycling.com\/ee\/wp-json\/wp\/v2\/comments?post=3304"}],"version-history":[{"count":5,"href":"https:\/\/www.welovecycling.com\/ee\/wp-json\/wp\/v2\/posts\/3304\/revisions"}],"predecessor-version":[{"id":3311,"href":"https:\/\/www.welovecycling.com\/ee\/wp-json\/wp\/v2\/posts\/3304\/revisions\/3311"}],"wp:featuredmedia":[{"embeddable":true,"href":"https:\/\/www.welovecycling.com\/ee\/wp-json\/wp\/v2\/media\/2304"}],"wp:attachment":[{"href":"https:\/\/www.welovecycling.com\/ee\/wp-json\/wp\/v2\/media?parent=3304"}],"wp:term":[{"taxonomy":"category","embeddable":true,"href":"https:\/\/www.welovecycling.com\/ee\/wp-json\/wp\/v2\/categories?post=3304"},{"taxonomy":"post_tag","embeddable":true,"href":"https:\/\/www.welovecycling.com\/ee\/wp-json\/wp\/v2\/tags?post=3304"},{"taxonomy":"global-categories","embeddable":true,"href":"https:\/\/www.welovecycling.com\/ee\/wp-json\/wp\/v2\/global-categories?post=3304"}],"curies":[{"name":"wp","href":"https:\/\/api.w.org\/{rel}","templated":true}]}}