{"id":3286,"date":"2025-12-04T20:26:11","date_gmt":"2025-12-04T17:26:11","guid":{"rendered":"https:\/\/www.welovecycling.com\/ee\/?p=3286"},"modified":"2025-12-04T20:31:20","modified_gmt":"2025-12-04T17:31:20","slug":"sisejalgrattasoidust-miks-ma-veel-toas-ei-treeni","status":"publish","type":"post","link":"https:\/\/www.welovecycling.com\/ee\/2025\/12\/04\/sisejalgrattasoidust-miks-ma-veel-toas-ei-treeni\/","title":{"rendered":"Sisejalgrattas\u00f5idust: miks ma (veel) toas ei treeni"},"content":{"rendered":"<h3 data-path-to-node=\"3\"><strong>Paljude jalgratturite jaoks t\u00e4hendab talv garaa\u017ei taandumist, Wahoo pukki k\u00e4ivitamist ja Zwiftis v\u00f5i Rouvys struktureeritud intervallide n\u00fchkimist. Sisejalgrattas\u00f5idust on saanud omaette kultuur koos virtuaalv\u00f5istluste, lisav\u00f5imete ja tervete treeningplaanidega, mis kunagi elutoast v\u00e4lja ei j\u00f5ua. Kuid vaatamata selle populaarsusele pole mina selle maailmaga liitunud.<\/strong><\/h3>\n<p data-path-to-node=\"3\"><!--more--><\/p>\n<p data-path-to-node=\"4\">Asi pole selles, et mulle ei meeldiks trenni teha v\u00f5i m\u00f5te toas rattaga s\u00f5itmisest oleks vastumeelne. Samuti pole see artiklisari m\u00f5eldud veenmaks kedagi sisetrena\u017e\u00f6\u00f6ridest eemale hoidma. Pigem soovin vaadelda, kuidas ma talvisele treeningule l\u00e4henen ja mis paneks mind toas s\u00f5itma.<\/p>\n<h2 data-path-to-node=\"5\"><b>Miks ma talvel endiselt \u00f5ues s\u00f5idan<\/b><\/h2>\n<p data-path-to-node=\"6\">Esmalt peaksin \u00fctlema, et ma ei l\u00f5peta temperatuuri langedes \u00f5ues s\u00f5itmist t\u00e4ielikult. Kui v\u00e4ljas ei paugu pakane ja teed on kuivad, olen tavaliselt oma maanteerattaga v\u00e4ljas. Hea talvevarustus aitab \u00fcllatavalt h\u00e4sti ja kaua. Sellegipoolest juhtub vigu. Hiljuti tulin koju k\u00fclmetusega, kuna alahindasin tuult ja \u00fclehindasin oma jakki. See on viga, mida toas pukil s\u00f5ites lihtsalt ei juhtu.<\/p>\n<p data-path-to-node=\"7\">Kui saabub t\u00f5eline talv koos miinuskraadide ja k\u00fclmunud pinnasega, mis pole l\u00f5puks ometi enam mudane, l\u00e4hen \u00fcle maastikurattale. Leian, et talvine maastikus\u00f5it on t\u00f5eliselt l\u00f5bus. Selles on lapsemeelset r\u00f5\u00f5mu, kui saad kihutada l\u00e4bi h\u00e4rmas radade ja navigeerida j\u00e4istel l\u00f5ikudel. Kuid isegi siis muutub rattas\u00f5it harvemaks ja s\u00f5ltub rohkem ilmast. M\u00f5nel n\u00e4dalal see v\u00f5imaluste aken lihtsalt ei avanegi.<\/p>\n<figure id=\"attachment_3288\" aria-describedby=\"caption-attachment-3288\" style=\"width: 887px\" class=\"wp-caption aligncenter\"><a href=\"https:\/\/d2p6e6u75xmxt8.cloudfront.net\/15\/2025\/12\/talvine-.webp\"><img loading=\"lazy\" decoding=\"async\" class=\"wp-image-3288 size-full\" src=\"https:\/\/d2p6e6u75xmxt8.cloudfront.net\/15\/2025\/12\/talvine-.webp\" alt=\"\" width=\"887\" height=\"592\" srcset=\"https:\/\/d2p6e6u75xmxt8.cloudfront.net\/15\/2025\/12\/talvine-.webp 887w, https:\/\/d2p6e6u75xmxt8.cloudfront.net\/15\/2025\/12\/talvine--300x200.webp 300w, https:\/\/d2p6e6u75xmxt8.cloudfront.net\/15\/2025\/12\/talvine--768x513.webp 768w, https:\/\/d2p6e6u75xmxt8.cloudfront.net\/15\/2025\/12\/talvine--400x267.webp 400w, https:\/\/d2p6e6u75xmxt8.cloudfront.net\/15\/2025\/12\/talvine--272x182.webp 272w\" sizes=\"auto, (max-width: 887px) 100vw, 887px\" \/><\/a><figcaption id=\"caption-attachment-3288\" class=\"wp-caption-text\">Talvine maastikus\u00f5it v\u00f5ib olla t\u00f5eliselt l\u00f5bus. \u00a9 Profimedia<\/figcaption><\/figure>\n<p data-path-to-node=\"9\"><b>Miks ma ei tunne vajadust sisetrena\u017e\u00f6\u00f6ri j\u00e4rele<\/b><\/p>\n<p data-path-to-node=\"10\">Olen rohkem kui korra kaalunud sisetrena\u017e\u00f6\u00f6ri ostmist. Olen anal\u00fc\u00fcsinud hindu, vaadanud tutvustavaid videosid ja kujutlenud end avastamas virtuaalseid Alpide t\u00f5use v\u00f5i <a href=\"https:\/\/www.zwift.com\/eu\/racing\">Zwifti<\/a> v\u00f5istlustel m\u00f5\u00f5duv\u00f5tmist.<\/p>\n<p data-path-to-node=\"11\">Kuid t\u00f5de on see, et ma ei vaja talvel vormis, motiveeritud v\u00f5i \u00f5nnelik olemiseks struktureeritud siserattas\u00f5itu.<\/p>\n<p data-path-to-node=\"12\">Kui ilm keerab \u00e4ra, ei istu ma diivanil ega soovi, et mul oleks trena\u017e\u00f6\u00f6r. Ma lihtsalt keskendun teistele spordialadele, mida naudin.<\/p>\n<ul>\n<li data-path-to-node=\"13,0,0\"><b>Jooksmine<\/b> pakub mulle midagi, millega rattas\u00f5it h\u00e4tta j\u00e4\u00e4b: positiivne m\u00f5ju luutihedusele. Samuti meeldib mulle, kui ajas\u00e4\u00e4stlik see v\u00f5rreldes rattas\u00f5iduga olla v\u00f5ib.<\/li>\n<li data-path-to-node=\"13,1,0\"><a href=\"https:\/\/www.welovecycling.com\/wide\/2021\/05\/18\/cycling-vs-swimming-which-is-better\/\"><b>Ujumine<\/b> <\/a>on kogu keha treening ja talv annab mulle v\u00f5imaluse tegeleda tehnikaga. Lisaks on aurusaun p\u00e4rast trenni nii m\u00f5nus.<\/li>\n<li data-path-to-node=\"13,2,0\"><b>Ronimine (bouldering)<\/b> on midagi, mida teen aastaringselt, kuid talvel saan teha pikemaid sessioone, t\u00f6\u00f6tada j\u00f5uvastupidavuse kallal ja lihtsalt rohkem l\u00f5butseda.<\/li>\n<li data-path-to-node=\"13,3,0\"><b>Murdmaasuusatamine<\/b> on tingimuste olemasolu korral minu lemmik asendus jalgrattas\u00f5idule: vastupidavus, tehnika, kaunid maastikud ja v\u00e4rske \u00f5hk.<\/li>\n<\/ul>\n<p data-path-to-node=\"14\">See segu hoiab mind vormis viisil, mida siserattas\u00f5it \u00fcksi ei suuda. Muidugi ei valmista see mind rattahooajaks ette nii spetsiifiliselt kui sisetrena\u017e\u00f6\u00f6r. Kuid siiani on see kompromiss mulle sobinud. Samuti on midagi v\u00e4rskendavat selles, et ei pea aastaringselt v\u00f5imsusnumbreid taga ajama. M\u00f5ned kuud l\u00f5dvemat struktuuri taask\u00e4ivitab motivatsiooni.<\/p>\n<figure id=\"attachment_3290\" aria-describedby=\"caption-attachment-3290\" style=\"width: 1615px\" class=\"wp-caption aligncenter\"><a href=\"https:\/\/d2p6e6u75xmxt8.cloudfront.net\/15\/2025\/12\/1000035204.webp\"><img loading=\"lazy\" decoding=\"async\" class=\"wp-image-3290 size-full\" src=\"https:\/\/d2p6e6u75xmxt8.cloudfront.net\/15\/2025\/12\/1000035204.webp\" alt=\"\" width=\"1615\" height=\"911\" srcset=\"https:\/\/d2p6e6u75xmxt8.cloudfront.net\/15\/2025\/12\/1000035204.webp 1615w, https:\/\/d2p6e6u75xmxt8.cloudfront.net\/15\/2025\/12\/1000035204-300x169.webp 300w, https:\/\/d2p6e6u75xmxt8.cloudfront.net\/15\/2025\/12\/1000035204-1024x578.webp 1024w, https:\/\/d2p6e6u75xmxt8.cloudfront.net\/15\/2025\/12\/1000035204-768x433.webp 768w, https:\/\/d2p6e6u75xmxt8.cloudfront.net\/15\/2025\/12\/1000035204-1536x866.webp 1536w, https:\/\/d2p6e6u75xmxt8.cloudfront.net\/15\/2025\/12\/1000035204-400x226.webp 400w\" sizes=\"auto, (max-width: 1615px) 100vw, 1615px\" \/><\/a><figcaption id=\"caption-attachment-3290\" class=\"wp-caption-text\">Erinevad olud teevadki talvise s\u00f5idu nauditavaks. Erakogu<\/figcaption><\/figure>\n<h2 data-path-to-node=\"15\"><b>Sisejalgrattas\u00f5idu v\u00f5lu<\/b><\/h2>\n<p data-path-to-node=\"16\">M\u00f5ne ratturi jaoks hoiab sisetreening vaimu virgena ja see on viis s\u00e4ilitada rattavormi k\u00fclmade kuude v\u00e4ltel. M\u00f5istan t\u00e4ielikult m\u00e4rtsikuiste &#8220;s\u00f5iduvalmis jalgade&#8221; atraktiivsust. Ja see pole veel k\u00f5ik \u2013 sisetreening lahendab v\u00e4ga reaalsed probleemid:<\/p>\n<ul>\n<li data-path-to-node=\"17,0,0\"><b>P\u00e4evavalguse puudus:<\/b> Saad treenida igal ajal. (Kuigi hea lambi olemasolul saad ka \u00f5ues pimedas s\u00f5ita.)<\/li>\n<li data-path-to-node=\"17,1,0\"><b>J\u00e4ised teed:<\/b> Sa ei pea tegelema suurenenud kukkumisriskiga.<\/li>\n<li data-path-to-node=\"17,2,0\"><b>Piiratud aeg:<\/b> Saad korraliku trenni tehtud \u00fche tunniga.<\/li>\n<li data-path-to-node=\"17,3,0\"><b>Vajadus struktureeritud intervallide j\u00e4rele:<\/b> \u00d5ues m\u00f5nikord ebapraktiline, kuid toas lihtne teostada.<\/li>\n<\/ul>\n<p data-path-to-node=\"18\">Kuna ma toas ei s\u00f5ida, olen pidanud \u00f5ppima oma valitud asjadele l\u00e4henemise piiranguid tundma. J\u00e4rjepidevust on raskem hoida, ilmastik dikteerib ja ma kaotan veidi rattavormi. Ma ei pruugi olla siserattur, kuid hoian oma valikud avatuna. Talvine vorm ei ole vaid \u00fcks kindel rada. Sisejalgrattas\u00f5it on lihtsalt \u00fcks t\u00f6\u00f6riist t\u00f6\u00f6riistakastis ja sa pead teadma, millal on \u00f5ige aeg seda kasutada. J\u00e4rgmisel korral kirjutan sellest, millal see hetk v\u00f5ib minu jaoks k\u00e4tte j\u00f5uda.<\/p>\n","protected":false},"excerpt":{"rendered":"<p>Paljude jalgratturite jaoks t\u00e4hendab talv garaa\u017ei taandumist, Wahoo pukki k\u00e4ivitamist ja Zwiftis v\u00f5i Rouvys struktureeritud intervallide n\u00fchkimist. Sisejalgrattas\u00f5idust on saanud [&hellip;]<\/p>\n","protected":false},"author":174,"featured_media":3287,"comment_status":"open","ping_status":"open","sticky":false,"template":"","format":"standard","meta":{"footnotes":""},"categories":[43],"tags":[580,581,165,176],"global-categories":[22],"class_list":["post-3286","post","type-post","status-publish","format-standard","has-post-thumbnail","hentry","category-tervis-trenn","tag-sisetreening","tag-sisetrenazoor","tag-talvine-rattasoit","tag-talvine-treening","global-categories-cycling"],"yoast_head":"<!-- This site is optimized with the Yoast SEO Premium plugin v25.3 (Yoast SEO v25.9) - https:\/\/yoast.com\/wordpress\/plugins\/seo\/ -->\n<title>Sisejalgrattas\u00f5idust: miks ma (veel) toas ei treeni - \u0160koda We Love Cycling - Estonia<\/title>\n<meta name=\"description\" content=\"Paljude jalgratturite jaoks t\u00e4hendab talv garaa\u017ei taandumist, Wahoo pukki k\u00e4ivitamist ja Zwiftis v\u00f5i Rouvys struktureeritud intervallide n\u00fchkimist. Sisejalgrattas\u00f5idust on saanud omaette kultuur koos virtuaalv\u00f5istluste, lisav\u00f5imete ja tervete treeningplaanidega, mis kunagi elutoast v\u00e4lja ei j\u00f5ua. Kuid vaatamata selle populaarsusele pole mina selle maailmaga liitunud.\" \/>\n<meta name=\"robots\" content=\"index, follow, max-snippet:-1, max-image-preview:large, max-video-preview:-1\" \/>\n<link rel=\"canonical\" href=\"https:\/\/www.welovecycling.com\/ee\/2025\/12\/04\/sisejalgrattasoidust-miks-ma-veel-toas-ei-treeni\/\" \/>\n<meta property=\"og:locale\" content=\"et_EE\" \/>\n<meta property=\"og:type\" content=\"article\" \/>\n<meta property=\"og:title\" content=\"Sisejalgrattas\u00f5idust: miks ma (veel) toas ei treeni\" \/>\n<meta property=\"og:description\" content=\"Paljude jalgratturite jaoks t\u00e4hendab talv garaa\u017ei taandumist, Wahoo pukki k\u00e4ivitamist ja Zwiftis v\u00f5i Rouvys struktureeritud intervallide n\u00fchkimist. Sisejalgrattas\u00f5idust on saanud omaette kultuur koos virtuaalv\u00f5istluste, lisav\u00f5imete ja tervete treeningplaanidega, mis kunagi elutoast v\u00e4lja ei j\u00f5ua. Kuid vaatamata selle populaarsusele pole mina selle maailmaga liitunud.\" \/>\n<meta property=\"og:url\" content=\"https:\/\/www.welovecycling.com\/ee\/2025\/12\/04\/sisejalgrattasoidust-miks-ma-veel-toas-ei-treeni\/\" \/>\n<meta property=\"og:site_name\" content=\"\u0160koda We Love Cycling - Estonia\" \/>\n<meta property=\"article:published_time\" content=\"2025-12-04T17:26:11+00:00\" \/>\n<meta property=\"article:modified_time\" content=\"2025-12-04T17:31:20+00:00\" \/>\n<meta property=\"og:image\" content=\"https:\/\/d2p6e6u75xmxt8.cloudfront.net\/15\/2025\/12\/sisetrenn.webp\" \/>\n\t<meta property=\"og:image:width\" content=\"885\" \/>\n\t<meta property=\"og:image:height\" content=\"590\" \/>\n\t<meta property=\"og:image:type\" content=\"image\/webp\" \/>\n<meta name=\"author\" content=\"andre\" \/>\n<meta name=\"twitter:card\" content=\"summary_large_image\" \/>\n<meta name=\"twitter:label1\" content=\"Written by\" \/>\n\t<meta name=\"twitter:data1\" content=\"Jiri Kaloc\" \/>\n\t<meta name=\"twitter:label2\" content=\"Est. reading time\" \/>\n\t<meta name=\"twitter:data2\" content=\"3\" \/>\n<script type=\"application\/ld+json\" class=\"yoast-schema-graph\">{\"@context\":\"https:\/\/schema.org\",\"@graph\":[{\"@type\":\"WebPage\",\"@id\":\"https:\/\/www.welovecycling.com\/ee\/2025\/12\/04\/sisejalgrattasoidust-miks-ma-veel-toas-ei-treeni\/\",\"url\":\"https:\/\/www.welovecycling.com\/ee\/2025\/12\/04\/sisejalgrattasoidust-miks-ma-veel-toas-ei-treeni\/\",\"name\":\"Sisejalgrattas\u00f5idust: miks ma (veel) toas ei treeni - \u0160koda We Love Cycling - Estonia\",\"isPartOf\":{\"@id\":\"https:\/\/www.welovecycling.com\/ee\/#website\"},\"primaryImageOfPage\":{\"@id\":\"https:\/\/www.welovecycling.com\/ee\/2025\/12\/04\/sisejalgrattasoidust-miks-ma-veel-toas-ei-treeni\/#primaryimage\"},\"image\":{\"@id\":\"https:\/\/www.welovecycling.com\/ee\/2025\/12\/04\/sisejalgrattasoidust-miks-ma-veel-toas-ei-treeni\/#primaryimage\"},\"thumbnailUrl\":\"https:\/\/d2p6e6u75xmxt8.cloudfront.net\/15\/2025\/12\/sisetrenn.webp\",\"datePublished\":\"2025-12-04T17:26:11+00:00\",\"dateModified\":\"2025-12-04T17:31:20+00:00\",\"author\":{\"@id\":\"https:\/\/www.welovecycling.com\/ee\/#\/schema\/person\/8b7101c4bd1b1ae9d3732ebb1e6caf57\"},\"description\":\"Paljude jalgratturite jaoks t\u00e4hendab talv garaa\u017ei taandumist, Wahoo pukki k\u00e4ivitamist ja Zwiftis v\u00f5i Rouvys struktureeritud intervallide n\u00fchkimist. Sisejalgrattas\u00f5idust on saanud omaette kultuur koos virtuaalv\u00f5istluste, lisav\u00f5imete ja tervete treeningplaanidega, mis kunagi elutoast v\u00e4lja ei j\u00f5ua. Kuid vaatamata selle populaarsusele pole mina selle maailmaga liitunud.\",\"inLanguage\":\"et\",\"potentialAction\":[{\"@type\":\"ReadAction\",\"target\":[\"https:\/\/www.welovecycling.com\/ee\/2025\/12\/04\/sisejalgrattasoidust-miks-ma-veel-toas-ei-treeni\/\"]}]},{\"@type\":\"ImageObject\",\"inLanguage\":\"et\",\"@id\":\"https:\/\/www.welovecycling.com\/ee\/2025\/12\/04\/sisejalgrattasoidust-miks-ma-veel-toas-ei-treeni\/#primaryimage\",\"url\":\"https:\/\/d2p6e6u75xmxt8.cloudfront.net\/15\/2025\/12\/sisetrenn.webp\",\"contentUrl\":\"https:\/\/d2p6e6u75xmxt8.cloudfront.net\/15\/2025\/12\/sisetrenn.webp\",\"width\":885,\"height\":590},{\"@type\":\"WebSite\",\"@id\":\"https:\/\/www.welovecycling.com\/ee\/#website\",\"url\":\"https:\/\/www.welovecycling.com\/ee\/\",\"name\":\"\u0160koda We Love Cycling - Estonia\",\"description\":\"\",\"potentialAction\":[{\"@type\":\"SearchAction\",\"target\":{\"@type\":\"EntryPoint\",\"urlTemplate\":\"https:\/\/www.welovecycling.com\/ee\/?s={search_term_string}\"},\"query-input\":{\"@type\":\"PropertyValueSpecification\",\"valueRequired\":true,\"valueName\":\"search_term_string\"}}],\"inLanguage\":\"et\"},{\"@type\":\"Person\",\"@id\":\"https:\/\/www.welovecycling.com\/ee\/#\/schema\/person\/8b7101c4bd1b1ae9d3732ebb1e6caf57\",\"name\":\"andre\",\"image\":{\"@type\":\"ImageObject\",\"inLanguage\":\"et\",\"@id\":\"https:\/\/www.welovecycling.com\/ee\/#\/schema\/person\/image\/\",\"url\":\"https:\/\/secure.gravatar.com\/avatar\/0656b3224fe17b018f43b8a562625dd43d30827f027b2f62bc5a05711fec9a61?s=96&d=mm&r=g\",\"contentUrl\":\"https:\/\/secure.gravatar.com\/avatar\/0656b3224fe17b018f43b8a562625dd43d30827f027b2f62bc5a05711fec9a61?s=96&d=mm&r=g\",\"caption\":\"andre\"},\"url\":\"https:\/\/www.welovecycling.com\/ee\/author\/andre\/\"}]}<\/script>\n<!-- \/ Yoast SEO Premium plugin. -->","yoast_head_json":{"title":"Sisejalgrattas\u00f5idust: miks ma (veel) toas ei treeni - \u0160koda We Love Cycling - Estonia","description":"Paljude jalgratturite jaoks t\u00e4hendab talv garaa\u017ei taandumist, Wahoo pukki k\u00e4ivitamist ja Zwiftis v\u00f5i Rouvys struktureeritud intervallide n\u00fchkimist. Sisejalgrattas\u00f5idust on saanud omaette kultuur koos virtuaalv\u00f5istluste, lisav\u00f5imete ja tervete treeningplaanidega, mis kunagi elutoast v\u00e4lja ei j\u00f5ua. Kuid vaatamata selle populaarsusele pole mina selle maailmaga liitunud.","robots":{"index":"index","follow":"follow","max-snippet":"max-snippet:-1","max-image-preview":"max-image-preview:large","max-video-preview":"max-video-preview:-1"},"canonical":"https:\/\/www.welovecycling.com\/ee\/2025\/12\/04\/sisejalgrattasoidust-miks-ma-veel-toas-ei-treeni\/","og_locale":"et_EE","og_type":"article","og_title":"Sisejalgrattas\u00f5idust: miks ma (veel) toas ei treeni","og_description":"Paljude jalgratturite jaoks t\u00e4hendab talv garaa\u017ei taandumist, Wahoo pukki k\u00e4ivitamist ja Zwiftis v\u00f5i Rouvys struktureeritud intervallide n\u00fchkimist. Sisejalgrattas\u00f5idust on saanud omaette kultuur koos virtuaalv\u00f5istluste, lisav\u00f5imete ja tervete treeningplaanidega, mis kunagi elutoast v\u00e4lja ei j\u00f5ua. Kuid vaatamata selle populaarsusele pole mina selle maailmaga liitunud.","og_url":"https:\/\/www.welovecycling.com\/ee\/2025\/12\/04\/sisejalgrattasoidust-miks-ma-veel-toas-ei-treeni\/","og_site_name":"\u0160koda We Love Cycling - Estonia","article_published_time":"2025-12-04T17:26:11+00:00","article_modified_time":"2025-12-04T17:31:20+00:00","og_image":[{"width":885,"height":590,"url":"https:\/\/d2p6e6u75xmxt8.cloudfront.net\/15\/2025\/12\/sisetrenn.webp","type":"image\/webp"}],"author":"andre","twitter_card":"summary_large_image","twitter_misc":{"Written by":"Jiri Kaloc","Est. reading time":"3"},"schema":{"@context":"https:\/\/schema.org","@graph":[{"@type":"WebPage","@id":"https:\/\/www.welovecycling.com\/ee\/2025\/12\/04\/sisejalgrattasoidust-miks-ma-veel-toas-ei-treeni\/","url":"https:\/\/www.welovecycling.com\/ee\/2025\/12\/04\/sisejalgrattasoidust-miks-ma-veel-toas-ei-treeni\/","name":"Sisejalgrattas\u00f5idust: miks ma (veel) toas ei treeni - \u0160koda We Love Cycling - Estonia","isPartOf":{"@id":"https:\/\/www.welovecycling.com\/ee\/#website"},"primaryImageOfPage":{"@id":"https:\/\/www.welovecycling.com\/ee\/2025\/12\/04\/sisejalgrattasoidust-miks-ma-veel-toas-ei-treeni\/#primaryimage"},"image":{"@id":"https:\/\/www.welovecycling.com\/ee\/2025\/12\/04\/sisejalgrattasoidust-miks-ma-veel-toas-ei-treeni\/#primaryimage"},"thumbnailUrl":"https:\/\/d2p6e6u75xmxt8.cloudfront.net\/15\/2025\/12\/sisetrenn.webp","datePublished":"2025-12-04T17:26:11+00:00","dateModified":"2025-12-04T17:31:20+00:00","author":{"@id":"https:\/\/www.welovecycling.com\/ee\/#\/schema\/person\/8b7101c4bd1b1ae9d3732ebb1e6caf57"},"description":"Paljude jalgratturite jaoks t\u00e4hendab talv garaa\u017ei taandumist, Wahoo pukki k\u00e4ivitamist ja Zwiftis v\u00f5i Rouvys struktureeritud intervallide n\u00fchkimist. Sisejalgrattas\u00f5idust on saanud omaette kultuur koos virtuaalv\u00f5istluste, lisav\u00f5imete ja tervete treeningplaanidega, mis kunagi elutoast v\u00e4lja ei j\u00f5ua. Kuid vaatamata selle populaarsusele pole mina selle maailmaga liitunud.","inLanguage":"et","potentialAction":[{"@type":"ReadAction","target":["https:\/\/www.welovecycling.com\/ee\/2025\/12\/04\/sisejalgrattasoidust-miks-ma-veel-toas-ei-treeni\/"]}]},{"@type":"ImageObject","inLanguage":"et","@id":"https:\/\/www.welovecycling.com\/ee\/2025\/12\/04\/sisejalgrattasoidust-miks-ma-veel-toas-ei-treeni\/#primaryimage","url":"https:\/\/d2p6e6u75xmxt8.cloudfront.net\/15\/2025\/12\/sisetrenn.webp","contentUrl":"https:\/\/d2p6e6u75xmxt8.cloudfront.net\/15\/2025\/12\/sisetrenn.webp","width":885,"height":590},{"@type":"WebSite","@id":"https:\/\/www.welovecycling.com\/ee\/#website","url":"https:\/\/www.welovecycling.com\/ee\/","name":"\u0160koda We Love Cycling - Estonia","description":"","potentialAction":[{"@type":"SearchAction","target":{"@type":"EntryPoint","urlTemplate":"https:\/\/www.welovecycling.com\/ee\/?s={search_term_string}"},"query-input":{"@type":"PropertyValueSpecification","valueRequired":true,"valueName":"search_term_string"}}],"inLanguage":"et"},{"@type":"Person","@id":"https:\/\/www.welovecycling.com\/ee\/#\/schema\/person\/8b7101c4bd1b1ae9d3732ebb1e6caf57","name":"andre","image":{"@type":"ImageObject","inLanguage":"et","@id":"https:\/\/www.welovecycling.com\/ee\/#\/schema\/person\/image\/","url":"https:\/\/secure.gravatar.com\/avatar\/0656b3224fe17b018f43b8a562625dd43d30827f027b2f62bc5a05711fec9a61?s=96&d=mm&r=g","contentUrl":"https:\/\/secure.gravatar.com\/avatar\/0656b3224fe17b018f43b8a562625dd43d30827f027b2f62bc5a05711fec9a61?s=96&d=mm&r=g","caption":"andre"},"url":"https:\/\/www.welovecycling.com\/ee\/author\/andre\/"}]}},"_links":{"self":[{"href":"https:\/\/www.welovecycling.com\/ee\/wp-json\/wp\/v2\/posts\/3286","targetHints":{"allow":["GET"]}}],"collection":[{"href":"https:\/\/www.welovecycling.com\/ee\/wp-json\/wp\/v2\/posts"}],"about":[{"href":"https:\/\/www.welovecycling.com\/ee\/wp-json\/wp\/v2\/types\/post"}],"author":[{"embeddable":true,"href":"https:\/\/www.welovecycling.com\/ee\/wp-json\/wp\/v2\/users\/174"}],"replies":[{"embeddable":true,"href":"https:\/\/www.welovecycling.com\/ee\/wp-json\/wp\/v2\/comments?post=3286"}],"version-history":[{"count":3,"href":"https:\/\/www.welovecycling.com\/ee\/wp-json\/wp\/v2\/posts\/3286\/revisions"}],"predecessor-version":[{"id":3293,"href":"https:\/\/www.welovecycling.com\/ee\/wp-json\/wp\/v2\/posts\/3286\/revisions\/3293"}],"wp:featuredmedia":[{"embeddable":true,"href":"https:\/\/www.welovecycling.com\/ee\/wp-json\/wp\/v2\/media\/3287"}],"wp:attachment":[{"href":"https:\/\/www.welovecycling.com\/ee\/wp-json\/wp\/v2\/media?parent=3286"}],"wp:term":[{"taxonomy":"category","embeddable":true,"href":"https:\/\/www.welovecycling.com\/ee\/wp-json\/wp\/v2\/categories?post=3286"},{"taxonomy":"post_tag","embeddable":true,"href":"https:\/\/www.welovecycling.com\/ee\/wp-json\/wp\/v2\/tags?post=3286"},{"taxonomy":"global-categories","embeddable":true,"href":"https:\/\/www.welovecycling.com\/ee\/wp-json\/wp\/v2\/global-categories?post=3286"}],"curies":[{"name":"wp","href":"https:\/\/api.w.org\/{rel}","templated":true}]}}