{"id":3282,"date":"2025-12-03T16:17:46","date_gmt":"2025-12-03T13:17:46","guid":{"rendered":"https:\/\/www.welovecycling.com\/ee\/?p=3282"},"modified":"2025-12-03T16:17:46","modified_gmt":"2025-12-03T13:17:46","slug":"kas-vahem-tousumeetreid-meelitab-jargmise-aasta-girole-rohkem-suuri-staare","status":"publish","type":"post","link":"https:\/\/www.welovecycling.com\/ee\/2025\/12\/03\/kas-vahem-tousumeetreid-meelitab-jargmise-aasta-girole-rohkem-suuri-staare\/","title":{"rendered":"Kas v\u00e4hem t\u00f5usumeetreid meelitab j\u00e4rgmise aasta Girole rohkem suuri staare?"},"content":{"rendered":"<h3 data-start=\"258\" data-end=\"724\"><strong>J\u00e4rgmise aasta Giro d\u2019Italia paistab murdvat viimaste aastate trendi, kus marsruut tundus minema ainult \u00fclesm\u00e4ge ja t\u00f5usunurgad aina suurenesid, j\u00e4ttes sprinteritele ja \u00fcldarvestuse s\u00f5itjatele \u00fcha v\u00e4hem s\u00f5na\u00f5igust. Korraldajad loodavad, et \u201cleebem\u201d rada meelitab stardijoonele t\u00f5elisi suurkujusid. Giro uus direktor Paolo Bellino nimetas seda koguni \u201cretro-innovatsiooniks\u201d \u2013 sammuks, mis v\u00f5iks kohale tuua Jonas Vingegaardi (Visma\u2013Lease a Bike) ja Remco Evenepoeli (Red Bull\u2013BORA\u2013hansgrohe).<\/strong><\/h3>\n<p data-start=\"258\" data-end=\"724\"><!--more--><\/p>\n<h2 data-start=\"726\" data-end=\"770\"><strong data-start=\"729\" data-end=\"770\">Vingegaardi ja Evenepoeli meelitamine<\/strong><\/h2>\n<p data-start=\"772\" data-end=\"944\">\u201cMe proovime luua olukorra, kus suured mehed l\u00e4hevad omavahel p\u00e4riselt lahingusse,\u201d \u00fctles Bellino Cyclingnewsile. \u201cAga kuulutan asju v\u00e4lja alles siis, kui need on kindlad.\u201d<\/p>\n<p data-start=\"946\" data-end=\"1345\">Ta kinnitas sellega oma eelk\u00e4ija Mauro Vegni s\u00f5nul esmasp\u00e4eval esitatud marsruudi m\u00f5tet: \u201cKui mina oleksin Jonas Vingegaard, ei laseks ma sellist v\u00f5imalust k\u00e4est. 2026. aasta Giro v\u00f5it annaks talle v\u00f5idu k\u00f5igis kolmes suurtuuris.\u201d<br data-start=\"1176\" data-end=\"1179\" \/>Vegni lisas: \u201cOleme kuulnud, et nii Vingegaard kui Evenepoel tahavad Girot s\u00f5ita. Need oleksid t\u00f5elised suured nimed. Ja isegi Poga\u010dar tuleb varem v\u00f5i hiljem tagasi.\u201d<\/p>\n<p data-start=\"1347\" data-end=\"1623\">Pole ka juhus, et Vingegaard \u2013 kahe Tour de France\u2019i v\u00f5idu (2022, 2023) ja v\u00e4rske Vuelta a Espa\u00f1a v\u00f5itja \u2013 on t\u00f5simeeli kaalunud Girot. \u201cK\u00f5igi kolme suurtuuri v\u00f5it v\u00f5i Tour 2026?\u201d arutles ta v\u00e4ljaandes <a href=\"https:\/\/www.dhnet.be\/sports\/cyclisme\/2025\/11\/10\/un-quart-dheure-en-tete-a-tete-avec-jonas-vingegaard-je-prefere-gagner-le-giro-plutot-que-le-tour-de-france-en-2026-MO7DK6S7LVD2LPLOFNZ6EPMP5I\/\"><em data-start=\"1550\" data-end=\"1569\">La Derni\u00e8re Heure<\/em><\/a>. \u201cV\u00f5taks pigem k\u00f5ik kolm. Giro on mul veel tegemata.\u201d<\/p>\n<h2 data-start=\"1625\" data-end=\"1645\"><strong data-start=\"1628\" data-end=\"1645\">\u201cPehmem\u201d Giro<\/strong><\/h2>\n<p data-start=\"1647\" data-end=\"1849\">Kuigi strateegia on m\u00f5istetav \u2013 superstaarid toovad sponsoreid ja t\u00e4helepanu \u2013 on see m\u00f5nes m\u00f5ttes kahju. Eelmine Giro oli fantastiline ja dramaatiline, l\u00f5ppedes Simon Yatesi v\u00f5iduga eelviimasel etapil.<\/p>\n<p data-start=\"1851\" data-end=\"2097\">Kuid 2026. aasta rada on t\u00f5epoolest \u201cnuditud\u201d: t\u00f5usumeetreid v\u00e4hendati mulluse 52 000 pealt 49 150-le. Ka &#8220;queen stage&#8221; (19. etapp, 5000 t\u00f5usumeetrit) fini\u0161 on k\u00fcll v\u00e4ga j\u00e4rsk, kuid klassifitseeritud vaid 2. kategooria t\u00f5usuna (5 km umbes 10%).<\/p>\n<p data-start=\"2099\" data-end=\"2232\">See pole nii radikaalne kui 2024, mil Pogacarile Giro\u2013Tour duubli jaoks lauale pandi lausa 42 900 t\u00f5usumeetrit. Aga p\u00f5him\u00f5te on sama.<\/p>\n<p data-start=\"2234\" data-end=\"2536\"><strong data-start=\"2234\" data-end=\"2329\">Kas Vingegaard ohverdab viimase reaalse v\u00f5imaluse Touri v\u00f5ita (aastaks 2027 on ta juba 30)?<\/strong> Eks n\u00e4eme.<br data-start=\"2341\" data-end=\"2344\" \/><strong data-start=\"2344\" data-end=\"2358\">Evenepoel?<\/strong> Tema jaoks planeeriti sisse 40,2 km pikkune t\u00e4iesti sile tempos\u00f5it \u2013 nagu t\u00e4pselt temale r\u00e4tsepa juures tehtud. Ning tal on Giroga kana ka kitkuda: 2021 kukkumine, 2023 Covid positiivne test liidris\u00e4rgis.<\/p>\n<blockquote class=\"instagram-media\" style=\"background: #FFF; border: 0; border-radius: 3px; box-shadow: 0 0 1px 0 rgba(0,0,0,0.5),0 1px 10px 0 rgba(0,0,0,0.15); margin: 1px; max-width: 540px; min-width: 326px; padding: 0; width: calc(100% - 2px);\" data-instgrm-captioned=\"\" data-instgrm-permalink=\"https:\/\/www.instagram.com\/p\/DRvNek_jOpE\/?utm_source=ig_embed&amp;utm_campaign=loading\" data-instgrm-version=\"14\">\n<div style=\"padding: 16px;\">\n<p>&nbsp;<\/p>\n<div style=\"display: flex; flex-direction: row; align-items: center;\">\n<div style=\"background-color: #f4f4f4; border-radius: 50%; flex-grow: 0; height: 40px; margin-right: 14px; width: 40px;\"><\/div>\n<div style=\"display: flex; flex-direction: column; flex-grow: 1; justify-content: center;\">\n<div style=\"background-color: #f4f4f4; border-radius: 4px; flex-grow: 0; height: 14px; margin-bottom: 6px; width: 100px;\"><\/div>\n<div style=\"background-color: #f4f4f4; border-radius: 4px; flex-grow: 0; height: 14px; width: 60px;\"><\/div>\n<\/div>\n<\/div>\n<div style=\"padding: 19% 0;\"><\/div>\n<div style=\"display: block; height: 50px; margin: 0 auto 12px; width: 50px;\"><\/div>\n<div style=\"padding-top: 8px;\">\n<div style=\"color: #3897f0; font-family: Arial,sans-serif; font-size: 14px; font-style: normal; font-weight: 550; line-height: 18px;\">View this post on Instagram<\/div>\n<\/div>\n<div style=\"padding: 12.5% 0;\"><\/div>\n<div style=\"display: flex; flex-direction: row; margin-bottom: 14px; align-items: center;\">\n<div>\n<div style=\"background-color: #f4f4f4; border-radius: 50%; height: 12.5px; width: 12.5px; transform: translateX(0px) translateY(7px);\"><\/div>\n<div style=\"background-color: #f4f4f4; height: 12.5px; transform: rotate(-45deg) translateX(3px) translateY(1px); width: 12.5px; flex-grow: 0; margin-right: 14px; margin-left: 2px;\"><\/div>\n<div style=\"background-color: #f4f4f4; border-radius: 50%; height: 12.5px; width: 12.5px; transform: translateX(9px) translateY(-18px);\"><\/div>\n<\/div>\n<div style=\"margin-left: 8px;\">\n<div style=\"background-color: #f4f4f4; border-radius: 50%; flex-grow: 0; height: 20px; width: 20px;\"><\/div>\n<div style=\"width: 0; height: 0; border-top: 2px solid transparent; border-left: 6px solid #f4f4f4; border-bottom: 2px solid transparent; transform: translateX(16px) translateY(-4px) rotate(30deg);\"><\/div>\n<\/div>\n<div style=\"margin-left: auto;\">\n<div style=\"width: 0px; border-top: 8px solid #F4F4F4; border-right: 8px solid transparent; transform: translateY(16px);\"><\/div>\n<div style=\"background-color: #f4f4f4; flex-grow: 0; height: 12px; width: 16px; transform: translateY(-4px);\"><\/div>\n<div style=\"width: 0; height: 0; border-top: 8px solid #F4F4F4; border-left: 8px solid transparent; transform: translateY(-4px) translateX(8px);\"><\/div>\n<\/div>\n<\/div>\n<div style=\"display: flex; flex-direction: column; flex-grow: 1; justify-content: center; margin-bottom: 24px;\">\n<div style=\"background-color: #f4f4f4; border-radius: 4px; flex-grow: 0; height: 14px; margin-bottom: 6px; width: 224px;\"><\/div>\n<div style=\"background-color: #f4f4f4; border-radius: 4px; flex-grow: 0; height: 14px; width: 144px;\"><\/div>\n<\/div>\n<p>&nbsp;<\/p>\n<p style=\"color: #c9c8cd; font-family: Arial,sans-serif; font-size: 14px; line-height: 17px; margin-bottom: 0; margin-top: 8px; overflow: hidden; padding: 8px 0 7px; text-align: center; text-overflow: ellipsis; white-space: nowrap;\"><a style=\"color: #c9c8cd; font-family: Arial,sans-serif; font-size: 14px; font-style: normal; font-weight: normal; line-height: 17px; text-decoration: none;\" href=\"https:\/\/www.instagram.com\/p\/DRvNek_jOpE\/?utm_source=ig_embed&amp;utm_campaign=loading\" target=\"_blank\" rel=\"noopener\">A post shared by Giro d&#8217;Italia (@giroditalia)<\/a><\/p>\n<\/div>\n<\/blockquote>\n<p><script async src=\"\/\/www.instagram.com\/embed.js\"><\/script><\/p>\n<h2 data-start=\"2538\" data-end=\"2568\"><strong data-start=\"2541\" data-end=\"2568\">Hea uudis sprinteritele<\/strong><\/h2>\n<p data-start=\"2570\" data-end=\"2835\">Sprinteritele on j\u00e4rgmise aasta Giro pigem maiuspala \u2013 v\u00e4hemalt seitse, v\u00f5ib-olla isegi kaheksa etappi v\u00f5ivad l\u00f5ppeda massfini\u0161iga. See on selge s\u00f5num, et korraldajad tahavad lisaks tippm\u00e4gironijatele rajale ka <strong data-start=\"2773\" data-end=\"2794\">Jasper Philipseni<\/strong> ja miks mitte <strong data-start=\"2809\" data-end=\"2834\">Mathieu van der Poeli<\/strong>.<\/p>\n<p data-start=\"2837\" data-end=\"3075\">\u201cSel Giro\u2019l on palju klassikutele omase iseloomuga etappe, mis v\u00f5iksid ligi meelitada etappide jahtijaid ja samal ajal luua p\u00f5neva \u00fcldarvestuse lahingu,\u201d \u00fctles Bellino. \u201cTahame, et <em data-start=\"3018\" data-end=\"3024\">k\u00f5ik<\/em> parimad oleksid kohal, mitte ainult \u00fcks v\u00f5i kaks.\u201d<\/p>\n<p data-start=\"3077\" data-end=\"3267\">Giro stardib 8. mail Bulgaaria Nessebari poolsaarel 156 km pika sileda etapiga. Esimesed kolm p\u00e4eva veedetakse Bulgaarias, 3. etapp l\u00f5ppeb Sofias.<br data-start=\"3223\" data-end=\"3226\" \/>Viimane etapp s\u00f5idetakse 31. mail Roomas.<\/p>\n<hr data-start=\"3269\" data-end=\"3272\" \/>\n<h2 data-start=\"175\" data-end=\"227\"><strong data-start=\"177\" data-end=\"227\">Veel \u00fcks etapp (aga v\u00e4hem t\u00f5usu) Giro naistele<\/strong><\/h2>\n<p data-start=\"229\" data-end=\"776\">Giro d\u2019Italia Women stardib 30. mail Cesenaticos ja l\u00f5peb 7. juunil Saluzzos. Kokku s\u00f5idetakse <strong data-start=\"324\" data-end=\"341\">\u00fcheksa etappi<\/strong> \u2013 \u00fcks rohkem kui kahel eelmisel aastal. Kogu distants on <strong data-start=\"399\" data-end=\"413\">1 153,7 km<\/strong> ja selle jooksul kogutakse umbes <strong data-start=\"447\" data-end=\"471\">12 500 meetrit t\u00f5usu<\/strong>. Rajal on kaks m\u00e4efini\u0161it: 4. etapi tempos\u00f5it ja 8. etapi fini\u0161 Sestrieres. Viimase etapi t\u00f5usule eelneb legendaarne <strong data-start=\"589\" data-end=\"613\">Colle delle Finestre<\/strong>, mida s\u00f5idetakse esimest korda selle v\u00f5istluse ajaloos. T\u00f5us on <strong data-start=\"678\" data-end=\"692\">18 km pikk<\/strong>, pool asfalt, pool kruus, keskmine t\u00f5us <strong data-start=\"733\" data-end=\"740\">~9%<\/strong>, alumises osas t\u00f5useb kuni <strong data-start=\"768\" data-end=\"775\">14%<\/strong>.<\/p>\n<p data-start=\"778\" data-end=\"1412\">Mullu v\u00f5itis kodupubliku soosik <a href=\"https:\/\/www.welovecycling.com\/wide\/2024\/09\/26\/get-to-know-the-womens-peloton-elisa-longo-borghini\/\"><strong data-start=\"810\" data-end=\"834\">Elisa Longo Borghini<\/strong> <\/a>(UAE Team ADQ) \u00fcldarvestuse 18 sekundiga <strong data-start=\"876\" data-end=\"895\">Marlen Reusseri<\/strong> (Movistar) ees \u2013 ilma \u00fchtegi etappi v\u00f5itmata. Kolm poodiumikohta olid piisavad. Selle aasta rada on <strong data-start=\"996\" data-end=\"1012\">215 km pikem<\/strong>, kuid t\u00f5usu on umbes <strong data-start=\"1034\" data-end=\"1056\">1500 meetrit v\u00e4hem<\/strong>, mis v\u00f5ib muuta v\u00f5istluse d\u00fcnaamikat Reusseri kasuks, sest ta ronib h\u00e4sti ja on v\u00e4ga kiire. Samas on t\u00f5en\u00e4oline, et <strong data-start=\"1173\" data-end=\"1194\">8. etapi m\u00e4efini\u0161<\/strong> otsustab v\u00f5itja. Kui mitte, siis ka viimasel etapil Saluzzos on mitmeid t\u00f5use, sealhulgas 1. kategooria <strong data-start=\"1299\" data-end=\"1310\">Montoso<\/strong>, kuid pigem v\u00f5ib see minna edukale \u00e4raminekule \u2013 just selline olukord, kus Reusser v\u00f5iks domineerida.<\/p>\n<p data-start=\"1414\" data-end=\"1763\">Ja mis saab <strong data-start=\"1426\" data-end=\"1451\">4. etapi tempos\u00f5idust<\/strong>, mis kulgeb enam kui poole 12,2 km distantsist otse \u00fcles ja sisaldab kuni 14% l\u00f5ike? Kiire ronija nagu Reusser v\u00f5ib seal v\u00f5tta liidris\u00e4rgi ja \u00fcritada seda l\u00f5puni hoida. Rajal on ka kolm sprinterite p\u00e4eva ja mitu v\u00f5imalust klassikute stiilis s\u00f5itjatele, nii et rahul peaksid olema nii ratturid kui pealtvaatajad.<\/p>\n","protected":false},"excerpt":{"rendered":"<p>J\u00e4rgmise aasta Giro d\u2019Italia paistab murdvat viimaste aastate trendi, kus marsruut tundus minema ainult \u00fclesm\u00e4ge ja t\u00f5usunurgad aina suurenesid, j\u00e4ttes [&hellip;]<\/p>\n","protected":false},"author":174,"featured_media":3283,"comment_status":"open","ping_status":"open","sticky":false,"template":"","format":"standard","meta":{"footnotes":""},"categories":[39],"tags":[577,576,127,578,579],"global-categories":[22],"class_list":["post-3282","post","type-post","status-publish","format-standard","has-post-thumbnail","hentry","category-maanteesoit","tag-2026-giro-ditalia-marsruut","tag-giro-2026","tag-giro-ditalia","tag-naise-giro-digiro-ditalia","tag-paolo-bellino","global-categories-cycling"],"yoast_head":"<!-- This site is optimized with the Yoast SEO Premium plugin v25.3 (Yoast SEO v25.9) - https:\/\/yoast.com\/wordpress\/plugins\/seo\/ -->\n<title>Kas v\u00e4hem t\u00f5usumeetreid meelitab j\u00e4rgmise aasta Girole rohkem suuri staare? - \u0160koda We Love Cycling - Estonia<\/title>\n<meta name=\"description\" content=\"J\u00e4rgmise aasta Giro d\u2019Italia paistab murdvat viimaste aastate trendi, kus marsruut tundus minema ainult \u00fclesm\u00e4ge ja t\u00f5usunurgad aina suurenesid, j\u00e4ttes sprinteritele ja \u00fcldarvestuse s\u00f5itjatele \u00fcha v\u00e4hem s\u00f5na\u00f5igust. Korraldajad loodavad, et \u201cleebem\u201d rada meelitab stardijoonele t\u00f5elisi suurkujusid. Giro uus direktor Paolo Bellino nimetas seda koguni \u201cretro-innovatsiooniks\u201d \u2013 sammuks, mis v\u00f5iks kohale tuua Jonas Vingegaardi (Visma\u2013Lease a Bike) ja Remco Evenepoeli (Red Bull\u2013BORA\u2013hansgrohe).\" \/>\n<meta name=\"robots\" content=\"index, follow, max-snippet:-1, max-image-preview:large, max-video-preview:-1\" \/>\n<link rel=\"canonical\" href=\"https:\/\/www.welovecycling.com\/ee\/2025\/12\/03\/kas-vahem-tousumeetreid-meelitab-jargmise-aasta-girole-rohkem-suuri-staare\/\" \/>\n<meta property=\"og:locale\" content=\"et_EE\" \/>\n<meta property=\"og:type\" content=\"article\" \/>\n<meta property=\"og:title\" content=\"Kas v\u00e4hem t\u00f5usumeetreid meelitab j\u00e4rgmise aasta Girole rohkem suuri staare?\" \/>\n<meta property=\"og:description\" content=\"J\u00e4rgmise aasta Giro d\u2019Italia paistab murdvat viimaste aastate trendi, kus marsruut tundus minema ainult \u00fclesm\u00e4ge ja t\u00f5usunurgad aina suurenesid, j\u00e4ttes sprinteritele ja \u00fcldarvestuse s\u00f5itjatele \u00fcha v\u00e4hem s\u00f5na\u00f5igust. Korraldajad loodavad, et \u201cleebem\u201d rada meelitab stardijoonele t\u00f5elisi suurkujusid. Giro uus direktor Paolo Bellino nimetas seda koguni \u201cretro-innovatsiooniks\u201d \u2013 sammuks, mis v\u00f5iks kohale tuua Jonas Vingegaardi (Visma\u2013Lease a Bike) ja Remco Evenepoeli (Red Bull\u2013BORA\u2013hansgrohe).\" \/>\n<meta property=\"og:url\" content=\"https:\/\/www.welovecycling.com\/ee\/2025\/12\/03\/kas-vahem-tousumeetreid-meelitab-jargmise-aasta-girole-rohkem-suuri-staare\/\" \/>\n<meta property=\"og:site_name\" content=\"\u0160koda We Love Cycling - Estonia\" \/>\n<meta property=\"article:published_time\" content=\"2025-12-03T13:17:46+00:00\" \/>\n<meta property=\"og:image\" content=\"https:\/\/d2p6e6u75xmxt8.cloudfront.net\/15\/2025\/12\/giro.webp\" \/>\n\t<meta property=\"og:image:width\" content=\"988\" \/>\n\t<meta property=\"og:image:height\" content=\"655\" \/>\n\t<meta property=\"og:image:type\" content=\"image\/webp\" \/>\n<meta name=\"author\" content=\"andre\" \/>\n<meta name=\"twitter:card\" content=\"summary_large_image\" \/>\n<meta name=\"twitter:label1\" content=\"Written by\" \/>\n\t<meta name=\"twitter:data1\" content=\"Siegfried Mortkowitz\" \/>\n\t<meta name=\"twitter:label2\" content=\"Est. reading time\" \/>\n\t<meta name=\"twitter:data2\" content=\"4\" \/>\n<script type=\"application\/ld+json\" class=\"yoast-schema-graph\">{\"@context\":\"https:\/\/schema.org\",\"@graph\":[{\"@type\":\"WebPage\",\"@id\":\"https:\/\/www.welovecycling.com\/ee\/2025\/12\/03\/kas-vahem-tousumeetreid-meelitab-jargmise-aasta-girole-rohkem-suuri-staare\/\",\"url\":\"https:\/\/www.welovecycling.com\/ee\/2025\/12\/03\/kas-vahem-tousumeetreid-meelitab-jargmise-aasta-girole-rohkem-suuri-staare\/\",\"name\":\"Kas v\u00e4hem t\u00f5usumeetreid meelitab j\u00e4rgmise aasta Girole rohkem suuri staare? - \u0160koda We Love Cycling - Estonia\",\"isPartOf\":{\"@id\":\"https:\/\/www.welovecycling.com\/ee\/#website\"},\"primaryImageOfPage\":{\"@id\":\"https:\/\/www.welovecycling.com\/ee\/2025\/12\/03\/kas-vahem-tousumeetreid-meelitab-jargmise-aasta-girole-rohkem-suuri-staare\/#primaryimage\"},\"image\":{\"@id\":\"https:\/\/www.welovecycling.com\/ee\/2025\/12\/03\/kas-vahem-tousumeetreid-meelitab-jargmise-aasta-girole-rohkem-suuri-staare\/#primaryimage\"},\"thumbnailUrl\":\"https:\/\/d2p6e6u75xmxt8.cloudfront.net\/15\/2025\/12\/giro.webp\",\"datePublished\":\"2025-12-03T13:17:46+00:00\",\"author\":{\"@id\":\"https:\/\/www.welovecycling.com\/ee\/#\/schema\/person\/8b7101c4bd1b1ae9d3732ebb1e6caf57\"},\"description\":\"J\u00e4rgmise aasta Giro d\u2019Italia paistab murdvat viimaste aastate trendi, kus marsruut tundus minema ainult \u00fclesm\u00e4ge ja t\u00f5usunurgad aina suurenesid, j\u00e4ttes sprinteritele ja \u00fcldarvestuse s\u00f5itjatele \u00fcha v\u00e4hem s\u00f5na\u00f5igust. Korraldajad loodavad, et \u201cleebem\u201d rada meelitab stardijoonele t\u00f5elisi suurkujusid. Giro uus direktor Paolo Bellino nimetas seda koguni \u201cretro-innovatsiooniks\u201d \u2013 sammuks, mis v\u00f5iks kohale tuua Jonas Vingegaardi (Visma\u2013Lease a Bike) ja Remco Evenepoeli (Red Bull\u2013BORA\u2013hansgrohe).\",\"inLanguage\":\"et\",\"potentialAction\":[{\"@type\":\"ReadAction\",\"target\":[\"https:\/\/www.welovecycling.com\/ee\/2025\/12\/03\/kas-vahem-tousumeetreid-meelitab-jargmise-aasta-girole-rohkem-suuri-staare\/\"]}]},{\"@type\":\"ImageObject\",\"inLanguage\":\"et\",\"@id\":\"https:\/\/www.welovecycling.com\/ee\/2025\/12\/03\/kas-vahem-tousumeetreid-meelitab-jargmise-aasta-girole-rohkem-suuri-staare\/#primaryimage\",\"url\":\"https:\/\/d2p6e6u75xmxt8.cloudfront.net\/15\/2025\/12\/giro.webp\",\"contentUrl\":\"https:\/\/d2p6e6u75xmxt8.cloudfront.net\/15\/2025\/12\/giro.webp\",\"width\":988,\"height\":655},{\"@type\":\"WebSite\",\"@id\":\"https:\/\/www.welovecycling.com\/ee\/#website\",\"url\":\"https:\/\/www.welovecycling.com\/ee\/\",\"name\":\"\u0160koda We Love Cycling - Estonia\",\"description\":\"\",\"potentialAction\":[{\"@type\":\"SearchAction\",\"target\":{\"@type\":\"EntryPoint\",\"urlTemplate\":\"https:\/\/www.welovecycling.com\/ee\/?s={search_term_string}\"},\"query-input\":{\"@type\":\"PropertyValueSpecification\",\"valueRequired\":true,\"valueName\":\"search_term_string\"}}],\"inLanguage\":\"et\"},{\"@type\":\"Person\",\"@id\":\"https:\/\/www.welovecycling.com\/ee\/#\/schema\/person\/8b7101c4bd1b1ae9d3732ebb1e6caf57\",\"name\":\"andre\",\"image\":{\"@type\":\"ImageObject\",\"inLanguage\":\"et\",\"@id\":\"https:\/\/www.welovecycling.com\/ee\/#\/schema\/person\/image\/\",\"url\":\"https:\/\/secure.gravatar.com\/avatar\/0656b3224fe17b018f43b8a562625dd43d30827f027b2f62bc5a05711fec9a61?s=96&d=mm&r=g\",\"contentUrl\":\"https:\/\/secure.gravatar.com\/avatar\/0656b3224fe17b018f43b8a562625dd43d30827f027b2f62bc5a05711fec9a61?s=96&d=mm&r=g\",\"caption\":\"andre\"},\"url\":\"https:\/\/www.welovecycling.com\/ee\/author\/andre\/\"}]}<\/script>\n<!-- \/ Yoast SEO Premium plugin. -->","yoast_head_json":{"title":"Kas v\u00e4hem t\u00f5usumeetreid meelitab j\u00e4rgmise aasta Girole rohkem suuri staare? - \u0160koda We Love Cycling - Estonia","description":"J\u00e4rgmise aasta Giro d\u2019Italia paistab murdvat viimaste aastate trendi, kus marsruut tundus minema ainult \u00fclesm\u00e4ge ja t\u00f5usunurgad aina suurenesid, j\u00e4ttes sprinteritele ja \u00fcldarvestuse s\u00f5itjatele \u00fcha v\u00e4hem s\u00f5na\u00f5igust. Korraldajad loodavad, et \u201cleebem\u201d rada meelitab stardijoonele t\u00f5elisi suurkujusid. Giro uus direktor Paolo Bellino nimetas seda koguni \u201cretro-innovatsiooniks\u201d \u2013 sammuks, mis v\u00f5iks kohale tuua Jonas Vingegaardi (Visma\u2013Lease a Bike) ja Remco Evenepoeli (Red Bull\u2013BORA\u2013hansgrohe).","robots":{"index":"index","follow":"follow","max-snippet":"max-snippet:-1","max-image-preview":"max-image-preview:large","max-video-preview":"max-video-preview:-1"},"canonical":"https:\/\/www.welovecycling.com\/ee\/2025\/12\/03\/kas-vahem-tousumeetreid-meelitab-jargmise-aasta-girole-rohkem-suuri-staare\/","og_locale":"et_EE","og_type":"article","og_title":"Kas v\u00e4hem t\u00f5usumeetreid meelitab j\u00e4rgmise aasta Girole rohkem suuri staare?","og_description":"J\u00e4rgmise aasta Giro d\u2019Italia paistab murdvat viimaste aastate trendi, kus marsruut tundus minema ainult \u00fclesm\u00e4ge ja t\u00f5usunurgad aina suurenesid, j\u00e4ttes sprinteritele ja \u00fcldarvestuse s\u00f5itjatele \u00fcha v\u00e4hem s\u00f5na\u00f5igust. Korraldajad loodavad, et \u201cleebem\u201d rada meelitab stardijoonele t\u00f5elisi suurkujusid. Giro uus direktor Paolo Bellino nimetas seda koguni \u201cretro-innovatsiooniks\u201d \u2013 sammuks, mis v\u00f5iks kohale tuua Jonas Vingegaardi (Visma\u2013Lease a Bike) ja Remco Evenepoeli (Red Bull\u2013BORA\u2013hansgrohe).","og_url":"https:\/\/www.welovecycling.com\/ee\/2025\/12\/03\/kas-vahem-tousumeetreid-meelitab-jargmise-aasta-girole-rohkem-suuri-staare\/","og_site_name":"\u0160koda We Love Cycling - Estonia","article_published_time":"2025-12-03T13:17:46+00:00","og_image":[{"width":988,"height":655,"url":"https:\/\/d2p6e6u75xmxt8.cloudfront.net\/15\/2025\/12\/giro.webp","type":"image\/webp"}],"author":"andre","twitter_card":"summary_large_image","twitter_misc":{"Written by":"Siegfried Mortkowitz","Est. reading time":"4"},"schema":{"@context":"https:\/\/schema.org","@graph":[{"@type":"WebPage","@id":"https:\/\/www.welovecycling.com\/ee\/2025\/12\/03\/kas-vahem-tousumeetreid-meelitab-jargmise-aasta-girole-rohkem-suuri-staare\/","url":"https:\/\/www.welovecycling.com\/ee\/2025\/12\/03\/kas-vahem-tousumeetreid-meelitab-jargmise-aasta-girole-rohkem-suuri-staare\/","name":"Kas v\u00e4hem t\u00f5usumeetreid meelitab j\u00e4rgmise aasta Girole rohkem suuri staare? - \u0160koda We Love Cycling - Estonia","isPartOf":{"@id":"https:\/\/www.welovecycling.com\/ee\/#website"},"primaryImageOfPage":{"@id":"https:\/\/www.welovecycling.com\/ee\/2025\/12\/03\/kas-vahem-tousumeetreid-meelitab-jargmise-aasta-girole-rohkem-suuri-staare\/#primaryimage"},"image":{"@id":"https:\/\/www.welovecycling.com\/ee\/2025\/12\/03\/kas-vahem-tousumeetreid-meelitab-jargmise-aasta-girole-rohkem-suuri-staare\/#primaryimage"},"thumbnailUrl":"https:\/\/d2p6e6u75xmxt8.cloudfront.net\/15\/2025\/12\/giro.webp","datePublished":"2025-12-03T13:17:46+00:00","author":{"@id":"https:\/\/www.welovecycling.com\/ee\/#\/schema\/person\/8b7101c4bd1b1ae9d3732ebb1e6caf57"},"description":"J\u00e4rgmise aasta Giro d\u2019Italia paistab murdvat viimaste aastate trendi, kus marsruut tundus minema ainult \u00fclesm\u00e4ge ja t\u00f5usunurgad aina suurenesid, j\u00e4ttes sprinteritele ja \u00fcldarvestuse s\u00f5itjatele \u00fcha v\u00e4hem s\u00f5na\u00f5igust. Korraldajad loodavad, et \u201cleebem\u201d rada meelitab stardijoonele t\u00f5elisi suurkujusid. Giro uus direktor Paolo Bellino nimetas seda koguni \u201cretro-innovatsiooniks\u201d \u2013 sammuks, mis v\u00f5iks kohale tuua Jonas Vingegaardi (Visma\u2013Lease a Bike) ja Remco Evenepoeli (Red Bull\u2013BORA\u2013hansgrohe).","inLanguage":"et","potentialAction":[{"@type":"ReadAction","target":["https:\/\/www.welovecycling.com\/ee\/2025\/12\/03\/kas-vahem-tousumeetreid-meelitab-jargmise-aasta-girole-rohkem-suuri-staare\/"]}]},{"@type":"ImageObject","inLanguage":"et","@id":"https:\/\/www.welovecycling.com\/ee\/2025\/12\/03\/kas-vahem-tousumeetreid-meelitab-jargmise-aasta-girole-rohkem-suuri-staare\/#primaryimage","url":"https:\/\/d2p6e6u75xmxt8.cloudfront.net\/15\/2025\/12\/giro.webp","contentUrl":"https:\/\/d2p6e6u75xmxt8.cloudfront.net\/15\/2025\/12\/giro.webp","width":988,"height":655},{"@type":"WebSite","@id":"https:\/\/www.welovecycling.com\/ee\/#website","url":"https:\/\/www.welovecycling.com\/ee\/","name":"\u0160koda We Love Cycling - Estonia","description":"","potentialAction":[{"@type":"SearchAction","target":{"@type":"EntryPoint","urlTemplate":"https:\/\/www.welovecycling.com\/ee\/?s={search_term_string}"},"query-input":{"@type":"PropertyValueSpecification","valueRequired":true,"valueName":"search_term_string"}}],"inLanguage":"et"},{"@type":"Person","@id":"https:\/\/www.welovecycling.com\/ee\/#\/schema\/person\/8b7101c4bd1b1ae9d3732ebb1e6caf57","name":"andre","image":{"@type":"ImageObject","inLanguage":"et","@id":"https:\/\/www.welovecycling.com\/ee\/#\/schema\/person\/image\/","url":"https:\/\/secure.gravatar.com\/avatar\/0656b3224fe17b018f43b8a562625dd43d30827f027b2f62bc5a05711fec9a61?s=96&d=mm&r=g","contentUrl":"https:\/\/secure.gravatar.com\/avatar\/0656b3224fe17b018f43b8a562625dd43d30827f027b2f62bc5a05711fec9a61?s=96&d=mm&r=g","caption":"andre"},"url":"https:\/\/www.welovecycling.com\/ee\/author\/andre\/"}]}},"_links":{"self":[{"href":"https:\/\/www.welovecycling.com\/ee\/wp-json\/wp\/v2\/posts\/3282","targetHints":{"allow":["GET"]}}],"collection":[{"href":"https:\/\/www.welovecycling.com\/ee\/wp-json\/wp\/v2\/posts"}],"about":[{"href":"https:\/\/www.welovecycling.com\/ee\/wp-json\/wp\/v2\/types\/post"}],"author":[{"embeddable":true,"href":"https:\/\/www.welovecycling.com\/ee\/wp-json\/wp\/v2\/users\/174"}],"replies":[{"embeddable":true,"href":"https:\/\/www.welovecycling.com\/ee\/wp-json\/wp\/v2\/comments?post=3282"}],"version-history":[{"count":1,"href":"https:\/\/www.welovecycling.com\/ee\/wp-json\/wp\/v2\/posts\/3282\/revisions"}],"predecessor-version":[{"id":3284,"href":"https:\/\/www.welovecycling.com\/ee\/wp-json\/wp\/v2\/posts\/3282\/revisions\/3284"}],"wp:featuredmedia":[{"embeddable":true,"href":"https:\/\/www.welovecycling.com\/ee\/wp-json\/wp\/v2\/media\/3283"}],"wp:attachment":[{"href":"https:\/\/www.welovecycling.com\/ee\/wp-json\/wp\/v2\/media?parent=3282"}],"wp:term":[{"taxonomy":"category","embeddable":true,"href":"https:\/\/www.welovecycling.com\/ee\/wp-json\/wp\/v2\/categories?post=3282"},{"taxonomy":"post_tag","embeddable":true,"href":"https:\/\/www.welovecycling.com\/ee\/wp-json\/wp\/v2\/tags?post=3282"},{"taxonomy":"global-categories","embeddable":true,"href":"https:\/\/www.welovecycling.com\/ee\/wp-json\/wp\/v2\/global-categories?post=3282"}],"curies":[{"name":"wp","href":"https:\/\/api.w.org\/{rel}","templated":true}]}}