{"id":3250,"date":"2025-11-24T13:54:34","date_gmt":"2025-11-24T10:54:34","guid":{"rendered":"https:\/\/www.welovecycling.com\/ee\/?p=3250"},"modified":"2025-11-24T13:54:34","modified_gmt":"2025-11-24T10:54:34","slug":"q36-5-valmistub-lahinguks-worldtouri-koha-nimel","status":"publish","type":"post","link":"https:\/\/www.welovecycling.com\/ee\/2025\/11\/24\/q36-5-valmistub-lahinguks-worldtouri-koha-nimel\/","title":{"rendered":"Q36.5 valmistub lahinguks WorldTouri koha nimel"},"content":{"rendered":"<h3 data-start=\"225\" data-end=\"597\"><strong>Spordis hoian ma reeglina p\u00f6ialt \u00e4gedatele autsaideritele \u2013 neile alavarustatud Taavetitele, kes paistavad silma energia, tahtej\u00f5u ja julgusega ning v\u00f5tavad vahel maha ka oma ala Koljati. Jah, ma austan ka seda, mida teeb UAE Team Emirates\u2013XRG koos oma peaaegu v\u00f5itmatu liidri Tadej Poga\u010dariga, ja mind muljetavaldasid ka kaks suurtuuri, mille v\u00f5itis Visma\u2013Lease a Bike.<\/strong><\/h3>\n<p data-start=\"225\" data-end=\"597\"><!--more--><\/p>\n<p data-start=\"599\" data-end=\"864\">Aga 2026. aastal hoian ma p\u00f6ialt Uno-X Mobilityle \u2013 t\u00e4ielikult Skandinaavia tiimile, kes s\u00f5itis end 2025. aastal WorldTouri tasemele \u2013 ja Q36.5-le, kes valmistub n\u00fc\u00fcd sama tegema j\u00e4rgmise kolme aasta jooksul, kui nad stardivad nime all Pinarello\u2013Q.36 Pro Cycling.<\/p>\n<hr data-start=\"866\" data-end=\"869\" \/>\n<h2 data-start=\"871\" data-end=\"887\"><strong>M\u00e4ngu muutja<\/strong><\/h2>\n<p data-start=\"889\" data-end=\"1232\">Q36.5 tiim loodi 2023. aastal Itaalia rattariiete br\u00e4ndi <a href=\"https:\/\/www.q36-5procycling.com\/\">Q36.5<\/a> omanike Luigi Bergamo ja Ivan Glasenbergi ning tiimi m\u00e4ned\u017eeri Doug Ryderi eestvedamisel. L\u00fchikese ajaga on j\u00f5utud \u00fcllatavalt kaugele. Murranguliseks sammuks osutus Tom Pidcocki palkamine aastateks 2025\u20132027 \u2013 ning ta on olnud t\u00e4pselt nii hea, nagu tiim lepingu s\u00f5lmides lootis.<\/p>\n<p data-start=\"1234\" data-end=\"1596\">Briti ratturi ja tiimi koost\u00f6\u00f6 seni k\u00f5rgeim tipp saabus sel hooajal Vuelta a Espa\u00f1a\u2019l, kus Pidcock l\u00f5petas \u00fcldarvestuses kolmandal kohal. Q36.5-st sai nii alles kolmas wild-card\u2019i abil startinud tiim 25 aasta jooksul, kes on suutnud tuua m\u00f5ne oma ratturi suurtuuri poodiumile. Veel m\u00e4rkimisv\u00e4\u00e4rsem on aga see, et see juhtus alles tiimi teisel suurtuuril \u00fcldse.<\/p>\n<figure id=\"attachment_3252\" aria-describedby=\"caption-attachment-3252\" style=\"width: 990px\" class=\"wp-caption aligncenter\"><a href=\"https:\/\/d2p6e6u75xmxt8.cloudfront.net\/15\/2025\/11\/q362.webp\"><img loading=\"lazy\" decoding=\"async\" class=\"wp-image-3252 size-full\" src=\"https:\/\/d2p6e6u75xmxt8.cloudfront.net\/15\/2025\/11\/q362.webp\" alt=\"\" width=\"990\" height=\"659\" srcset=\"https:\/\/d2p6e6u75xmxt8.cloudfront.net\/15\/2025\/11\/q362.webp 990w, https:\/\/d2p6e6u75xmxt8.cloudfront.net\/15\/2025\/11\/q362-300x200.webp 300w, https:\/\/d2p6e6u75xmxt8.cloudfront.net\/15\/2025\/11\/q362-768x511.webp 768w, https:\/\/d2p6e6u75xmxt8.cloudfront.net\/15\/2025\/11\/q362-400x266.webp 400w, https:\/\/d2p6e6u75xmxt8.cloudfront.net\/15\/2025\/11\/q362-272x182.webp 272w\" sizes=\"auto, (max-width: 990px) 100vw, 990px\" \/><\/a><figcaption id=\"caption-attachment-3252\" class=\"wp-caption-text\">Tom Pidcock (Q36.5) 2026. aasta La Vuelta\u2019l. \u00a9 Profimedia<\/figcaption><\/figure>\n<p data-start=\"1598\" data-end=\"1675\">\n<p data-start=\"1677\" data-end=\"1997\">Ryder kirjeldas seda tulemust s\u00f5naga \u201eebareaalne\u201c ja lisas: \u201eSee, mille Tom saavutas, on t\u00f5stnud kogu tiimi. Kui sul on \u00f5iged inimesed, \u00f5ige keskkond ja \u00f5ige kultuur, saab ligi meelitada parimatest parimad \u2013 nii ratta selga kui ka taustaj\u00f5ududesse. See teeb mind kogu tiimi ja k\u00f5igi asjaosaliste \u00fcle t\u00f5eliselt uhkeks.\u201c<\/p>\n<p data-start=\"1999\" data-end=\"2365\">Aga loomulikult ei kavatse Q36.5 selle saavutusega pikalt rahul olla, sest pikemas plaanis tahavad nad wild-card\u2019ist \u00fcldse loobuda. Jah, Vuelta edu toob t\u00f5en\u00e4oliselt tulevikus juurde kutseid ka teistele suurtuuridele, ent tiim tahab kuuluda rattaspordi eliiti ja on juba teinud samme, et minna v\u00f5itlusse WorldTouri koha nimel v\u00f5imalikult heast stardipositsioonist.<\/p>\n<p data-start=\"2367\" data-end=\"2632\">T\u00e4navusel \u00fcleminekuturul toodi meeskonda k\u00fcmme uut ratturit. Nende seas Fred Wright (Bahrain\u2013Victoriousest), Eddie Dunbar ja Chris Harper (m\u00f5lemad Jayco\u2013AlUlast) ning Quinten Hermans ja Xandro Meurisse (m\u00f5lemad Alpecin\u2013Deceuninckist). See on juba arvestatav saak.<\/p>\n<p data-start=\"2634\" data-end=\"3152\">Wright on k\u00f5igest 26-aastane ja andekas rattur, kes pole seni suutnud oma suurtuuri-potentsiaali t\u00e4ielikult realiseerida, kuigi on korduvalt olnud v\u00e4ga l\u00e4hedal etapiv\u00f5itudele. Dunbar ja Harper, vastavalt 29- ja 30-aastased, on tugevad m\u00e4gironijad, keda saab kasutada Pidcocki m\u00e4gededomestique\u2019idena v\u00f5i ise etapiv\u00f5itude p\u00fc\u00fcdjatena nii suurtuuridel kui ka v\u00e4iksematel s\u00f5itudel. Hermans on kindel puncheur ja potentsiaalne abimees, Meurisse aga 33-aastane veteran, kellel on rikkalik suurtuuride ja klassikute kogemus.<\/p>\n<hr data-start=\"3154\" data-end=\"3157\" \/>\n<h2 data-start=\"3159\" data-end=\"3188\"><strong>Punktid, punktid, punktid<\/strong><\/h2>\n<p data-start=\"3190\" data-end=\"3515\">Nii oluline, kui Pidcocki poodiumikoht Vueltal Q36.5 jaoks ka oli \u2013 ja tiim ihkab kindlasti 2026. aastal uusi l\u00e4bimurdeid suurtuuridel, on j\u00e4rgmise kolme aasta peamine eesm\u00e4rk siiski midagi muud: koguda piisavalt punkte, et l\u00f5petada 2028. aasta l\u00f5pus Rahvusvahelise Jalgratturite Liidu tehnilises edetabelis TOP18 hulgas.<\/p>\n<p data-start=\"3517\" data-end=\"3984\">M\u00f6\u00f6dunud kolmeaastase perioodi l\u00f5pus \u2013 mis kattis tiimi kolme esimest tegutsemisaastat \u2013 l\u00f5petas Q36.5 edetabelis 24. kohal, j\u00e4\u00e4des enam kui 9000 punktiga maha 18. positsiooni saanud Intermarch\u00e9\u2013Wanty tiimist, mis on n\u00fc\u00fcd peatselt tegevust l\u00f5petamas. Samuti kaotati selgelt ilmselt peamisele rivaalile Tudor Pro\u2019le, kelle ridadesse kuuluvad muu hulgas Julian Alaphilippe, Marc Hirschi, Michael Storer ja Stefan K\u00fcng. Seega saab \u00fclesanne olema k\u00f5ike muud kui lihtne.<\/p>\n<p data-start=\"3986\" data-end=\"4352\">Hea uudis on aga see, et 2025. aasta oli Q36.5 jaoks punktide m\u00f5ttes suurep\u00e4rane \u2013 eelk\u00f5ige t\u00e4nu Pidcockile. Tiim teenis \u00fcle 8000 punkti, mis on rohkem, kui kahe esimese tegutsemisaasta jooksul kokku. Peaaegu poole nendest punktidest kogus Pidcock \u00fcksinda. 26-aastasest Leedsist p\u00e4rit ratturist saab tiimi t\u00f5usup\u00fc\u00fcdluste keskne l\u00fcli \u2013 ja tal on veel ruumi areneda.<\/p>\n<p data-start=\"4354\" data-end=\"4708\">Eriti t\u00e4htis on, et n\u00fc\u00fcd on tal m\u00e4gedes l\u00f5puks korralik tugi. Sel hooajal pidi Pidcock j\u00e4rskudel t\u00f5usudel sageli \u00fcksi hakkama saama ning oli sunnitud lihtsalt vastama rivaalide r\u00fcnnakutele. Wrighti, Dunbari ja Harperi taolised mehed enda k\u00f5rval t\u00e4hendavad aga seda, et ta saab ise m\u00e4gedes r\u00fcnnata, samal ajal kui tiimikaaslased kontrollivad jooksikuid.<\/p>\n<p data-start=\"4710\" data-end=\"5091\">Arvestades, kui palju on juba kirjutatud sellest, kuidas Remco Evenepoeli \u0161ansse Poga\u010dari ja Jonas Vingegaardi vastu parandab Red Bull\u2013BORA\u2013hansgrohe\u2019ga liitumine, on minu meelest viimane aeg lisada j\u00e4rgmise aasta Tour de France\u2019i poodiumim\u00e4ngu ka Pidcock. Kujuta ette Touri, kus poodiumi nimel v\u00f5itlevad korraga Poga\u010dar, Vingegaard, Evenepoel, Juan Ayuso (Lidl\u2013Trek) ja Pidcock.<\/p>\n<p data-start=\"5093\" data-end=\"5122\">Ma ei j\u00f5ua seda \u00e4ra oodata.<\/p>\n","protected":false},"excerpt":{"rendered":"<p>Spordis hoian ma reeglina p\u00f6ialt \u00e4gedatele autsaideritele \u2013 neile alavarustatud Taavetitele, kes paistavad silma energia, tahtej\u00f5u ja julgusega ning v\u00f5tavad [&hellip;]<\/p>\n","protected":false},"author":174,"featured_media":3251,"comment_status":"open","ping_status":"open","sticky":false,"template":"","format":"standard","meta":{"footnotes":""},"categories":[39],"tags":[561,562,563,342,517],"global-categories":[22],"class_list":["post-3250","post","type-post","status-publish","format-standard","has-post-thumbnail","hentry","category-maanteesoit","tag-marc-hirschi","tag-q36-5","tag-q36-5-pro-cycling-team","tag-tom-pidcock","tag-uno-x-mobility","global-categories-cycling"],"yoast_head":"<!-- This site is optimized with the Yoast SEO Premium plugin v25.3 (Yoast SEO v25.9) - https:\/\/yoast.com\/wordpress\/plugins\/seo\/ -->\n<title>Q36.5 valmistub lahinguks WorldTouri koha nimel - \u0160koda We Love Cycling - Estonia<\/title>\n<meta name=\"description\" content=\"Spordis hoian ma reeglina p\u00f6ialt \u00e4gedatele autsaideritele \u2013 neile alavarustatud Taavetitele, kes paistavad silma energia, tahtej\u00f5u ja julgusega ning v\u00f5tavad vahel maha ka oma ala Koljati. Jah, ma austan ka seda, mida teeb UAE Team Emirates\u2013XRG koos oma peaaegu v\u00f5itmatu liidri Tadej Poga\u010dariga, ja mind muljetavaldasid ka kaks suurtuuri, mille v\u00f5itis Visma\u2013Lease a Bike.\" \/>\n<meta name=\"robots\" content=\"index, follow, max-snippet:-1, max-image-preview:large, max-video-preview:-1\" \/>\n<link rel=\"canonical\" href=\"https:\/\/www.welovecycling.com\/ee\/2025\/11\/24\/q36-5-valmistub-lahinguks-worldtouri-koha-nimel\/\" \/>\n<meta property=\"og:locale\" content=\"et_EE\" \/>\n<meta property=\"og:type\" content=\"article\" \/>\n<meta property=\"og:title\" content=\"Q36.5 valmistub lahinguks WorldTouri koha nimel\" \/>\n<meta property=\"og:description\" content=\"Spordis hoian ma reeglina p\u00f6ialt \u00e4gedatele autsaideritele \u2013 neile alavarustatud Taavetitele, kes paistavad silma energia, tahtej\u00f5u ja julgusega ning v\u00f5tavad vahel maha ka oma ala Koljati. Jah, ma austan ka seda, mida teeb UAE Team Emirates\u2013XRG koos oma peaaegu v\u00f5itmatu liidri Tadej Poga\u010dariga, ja mind muljetavaldasid ka kaks suurtuuri, mille v\u00f5itis Visma\u2013Lease a Bike.\" \/>\n<meta property=\"og:url\" content=\"https:\/\/www.welovecycling.com\/ee\/2025\/11\/24\/q36-5-valmistub-lahinguks-worldtouri-koha-nimel\/\" \/>\n<meta property=\"og:site_name\" content=\"\u0160koda We Love Cycling - Estonia\" \/>\n<meta property=\"article:published_time\" content=\"2025-11-24T10:54:34+00:00\" \/>\n<meta property=\"og:image\" content=\"https:\/\/d2p6e6u75xmxt8.cloudfront.net\/15\/2025\/11\/q36.webp\" \/>\n\t<meta property=\"og:image:width\" content=\"985\" \/>\n\t<meta property=\"og:image:height\" content=\"658\" \/>\n\t<meta property=\"og:image:type\" content=\"image\/webp\" \/>\n<meta name=\"author\" content=\"andre\" \/>\n<meta name=\"twitter:card\" content=\"summary_large_image\" \/>\n<meta name=\"twitter:label1\" content=\"Written by\" \/>\n\t<meta name=\"twitter:data1\" content=\"Siegfried Mortkowitz\" \/>\n\t<meta name=\"twitter:label2\" content=\"Est. reading time\" \/>\n\t<meta name=\"twitter:data2\" content=\"3\" \/>\n<script type=\"application\/ld+json\" class=\"yoast-schema-graph\">{\"@context\":\"https:\/\/schema.org\",\"@graph\":[{\"@type\":\"WebPage\",\"@id\":\"https:\/\/www.welovecycling.com\/ee\/2025\/11\/24\/q36-5-valmistub-lahinguks-worldtouri-koha-nimel\/\",\"url\":\"https:\/\/www.welovecycling.com\/ee\/2025\/11\/24\/q36-5-valmistub-lahinguks-worldtouri-koha-nimel\/\",\"name\":\"Q36.5 valmistub lahinguks WorldTouri koha nimel - \u0160koda We Love Cycling - Estonia\",\"isPartOf\":{\"@id\":\"https:\/\/www.welovecycling.com\/ee\/#website\"},\"primaryImageOfPage\":{\"@id\":\"https:\/\/www.welovecycling.com\/ee\/2025\/11\/24\/q36-5-valmistub-lahinguks-worldtouri-koha-nimel\/#primaryimage\"},\"image\":{\"@id\":\"https:\/\/www.welovecycling.com\/ee\/2025\/11\/24\/q36-5-valmistub-lahinguks-worldtouri-koha-nimel\/#primaryimage\"},\"thumbnailUrl\":\"https:\/\/d2p6e6u75xmxt8.cloudfront.net\/15\/2025\/11\/q36.webp\",\"datePublished\":\"2025-11-24T10:54:34+00:00\",\"author\":{\"@id\":\"https:\/\/www.welovecycling.com\/ee\/#\/schema\/person\/8b7101c4bd1b1ae9d3732ebb1e6caf57\"},\"description\":\"Spordis hoian ma reeglina p\u00f6ialt \u00e4gedatele autsaideritele \u2013 neile alavarustatud Taavetitele, kes paistavad silma energia, tahtej\u00f5u ja julgusega ning v\u00f5tavad vahel maha ka oma ala Koljati. Jah, ma austan ka seda, mida teeb UAE Team Emirates\u2013XRG koos oma peaaegu v\u00f5itmatu liidri Tadej Poga\u010dariga, ja mind muljetavaldasid ka kaks suurtuuri, mille v\u00f5itis Visma\u2013Lease a Bike.\",\"inLanguage\":\"et\",\"potentialAction\":[{\"@type\":\"ReadAction\",\"target\":[\"https:\/\/www.welovecycling.com\/ee\/2025\/11\/24\/q36-5-valmistub-lahinguks-worldtouri-koha-nimel\/\"]}]},{\"@type\":\"ImageObject\",\"inLanguage\":\"et\",\"@id\":\"https:\/\/www.welovecycling.com\/ee\/2025\/11\/24\/q36-5-valmistub-lahinguks-worldtouri-koha-nimel\/#primaryimage\",\"url\":\"https:\/\/d2p6e6u75xmxt8.cloudfront.net\/15\/2025\/11\/q36.webp\",\"contentUrl\":\"https:\/\/d2p6e6u75xmxt8.cloudfront.net\/15\/2025\/11\/q36.webp\",\"width\":985,\"height\":658},{\"@type\":\"WebSite\",\"@id\":\"https:\/\/www.welovecycling.com\/ee\/#website\",\"url\":\"https:\/\/www.welovecycling.com\/ee\/\",\"name\":\"\u0160koda We Love Cycling - Estonia\",\"description\":\"\",\"potentialAction\":[{\"@type\":\"SearchAction\",\"target\":{\"@type\":\"EntryPoint\",\"urlTemplate\":\"https:\/\/www.welovecycling.com\/ee\/?s={search_term_string}\"},\"query-input\":{\"@type\":\"PropertyValueSpecification\",\"valueRequired\":true,\"valueName\":\"search_term_string\"}}],\"inLanguage\":\"et\"},{\"@type\":\"Person\",\"@id\":\"https:\/\/www.welovecycling.com\/ee\/#\/schema\/person\/8b7101c4bd1b1ae9d3732ebb1e6caf57\",\"name\":\"andre\",\"image\":{\"@type\":\"ImageObject\",\"inLanguage\":\"et\",\"@id\":\"https:\/\/www.welovecycling.com\/ee\/#\/schema\/person\/image\/\",\"url\":\"https:\/\/secure.gravatar.com\/avatar\/0656b3224fe17b018f43b8a562625dd43d30827f027b2f62bc5a05711fec9a61?s=96&d=mm&r=g\",\"contentUrl\":\"https:\/\/secure.gravatar.com\/avatar\/0656b3224fe17b018f43b8a562625dd43d30827f027b2f62bc5a05711fec9a61?s=96&d=mm&r=g\",\"caption\":\"andre\"},\"url\":\"https:\/\/www.welovecycling.com\/ee\/author\/andre\/\"}]}<\/script>\n<!-- \/ Yoast SEO Premium plugin. -->","yoast_head_json":{"title":"Q36.5 valmistub lahinguks WorldTouri koha nimel - \u0160koda We Love Cycling - Estonia","description":"Spordis hoian ma reeglina p\u00f6ialt \u00e4gedatele autsaideritele \u2013 neile alavarustatud Taavetitele, kes paistavad silma energia, tahtej\u00f5u ja julgusega ning v\u00f5tavad vahel maha ka oma ala Koljati. Jah, ma austan ka seda, mida teeb UAE Team Emirates\u2013XRG koos oma peaaegu v\u00f5itmatu liidri Tadej Poga\u010dariga, ja mind muljetavaldasid ka kaks suurtuuri, mille v\u00f5itis Visma\u2013Lease a Bike.","robots":{"index":"index","follow":"follow","max-snippet":"max-snippet:-1","max-image-preview":"max-image-preview:large","max-video-preview":"max-video-preview:-1"},"canonical":"https:\/\/www.welovecycling.com\/ee\/2025\/11\/24\/q36-5-valmistub-lahinguks-worldtouri-koha-nimel\/","og_locale":"et_EE","og_type":"article","og_title":"Q36.5 valmistub lahinguks WorldTouri koha nimel","og_description":"Spordis hoian ma reeglina p\u00f6ialt \u00e4gedatele autsaideritele \u2013 neile alavarustatud Taavetitele, kes paistavad silma energia, tahtej\u00f5u ja julgusega ning v\u00f5tavad vahel maha ka oma ala Koljati. Jah, ma austan ka seda, mida teeb UAE Team Emirates\u2013XRG koos oma peaaegu v\u00f5itmatu liidri Tadej Poga\u010dariga, ja mind muljetavaldasid ka kaks suurtuuri, mille v\u00f5itis Visma\u2013Lease a Bike.","og_url":"https:\/\/www.welovecycling.com\/ee\/2025\/11\/24\/q36-5-valmistub-lahinguks-worldtouri-koha-nimel\/","og_site_name":"\u0160koda We Love Cycling - Estonia","article_published_time":"2025-11-24T10:54:34+00:00","og_image":[{"width":985,"height":658,"url":"https:\/\/d2p6e6u75xmxt8.cloudfront.net\/15\/2025\/11\/q36.webp","type":"image\/webp"}],"author":"andre","twitter_card":"summary_large_image","twitter_misc":{"Written by":"Siegfried Mortkowitz","Est. reading time":"3"},"schema":{"@context":"https:\/\/schema.org","@graph":[{"@type":"WebPage","@id":"https:\/\/www.welovecycling.com\/ee\/2025\/11\/24\/q36-5-valmistub-lahinguks-worldtouri-koha-nimel\/","url":"https:\/\/www.welovecycling.com\/ee\/2025\/11\/24\/q36-5-valmistub-lahinguks-worldtouri-koha-nimel\/","name":"Q36.5 valmistub lahinguks WorldTouri koha nimel - \u0160koda We Love Cycling - Estonia","isPartOf":{"@id":"https:\/\/www.welovecycling.com\/ee\/#website"},"primaryImageOfPage":{"@id":"https:\/\/www.welovecycling.com\/ee\/2025\/11\/24\/q36-5-valmistub-lahinguks-worldtouri-koha-nimel\/#primaryimage"},"image":{"@id":"https:\/\/www.welovecycling.com\/ee\/2025\/11\/24\/q36-5-valmistub-lahinguks-worldtouri-koha-nimel\/#primaryimage"},"thumbnailUrl":"https:\/\/d2p6e6u75xmxt8.cloudfront.net\/15\/2025\/11\/q36.webp","datePublished":"2025-11-24T10:54:34+00:00","author":{"@id":"https:\/\/www.welovecycling.com\/ee\/#\/schema\/person\/8b7101c4bd1b1ae9d3732ebb1e6caf57"},"description":"Spordis hoian ma reeglina p\u00f6ialt \u00e4gedatele autsaideritele \u2013 neile alavarustatud Taavetitele, kes paistavad silma energia, tahtej\u00f5u ja julgusega ning v\u00f5tavad vahel maha ka oma ala Koljati. Jah, ma austan ka seda, mida teeb UAE Team Emirates\u2013XRG koos oma peaaegu v\u00f5itmatu liidri Tadej Poga\u010dariga, ja mind muljetavaldasid ka kaks suurtuuri, mille v\u00f5itis Visma\u2013Lease a Bike.","inLanguage":"et","potentialAction":[{"@type":"ReadAction","target":["https:\/\/www.welovecycling.com\/ee\/2025\/11\/24\/q36-5-valmistub-lahinguks-worldtouri-koha-nimel\/"]}]},{"@type":"ImageObject","inLanguage":"et","@id":"https:\/\/www.welovecycling.com\/ee\/2025\/11\/24\/q36-5-valmistub-lahinguks-worldtouri-koha-nimel\/#primaryimage","url":"https:\/\/d2p6e6u75xmxt8.cloudfront.net\/15\/2025\/11\/q36.webp","contentUrl":"https:\/\/d2p6e6u75xmxt8.cloudfront.net\/15\/2025\/11\/q36.webp","width":985,"height":658},{"@type":"WebSite","@id":"https:\/\/www.welovecycling.com\/ee\/#website","url":"https:\/\/www.welovecycling.com\/ee\/","name":"\u0160koda We Love Cycling - Estonia","description":"","potentialAction":[{"@type":"SearchAction","target":{"@type":"EntryPoint","urlTemplate":"https:\/\/www.welovecycling.com\/ee\/?s={search_term_string}"},"query-input":{"@type":"PropertyValueSpecification","valueRequired":true,"valueName":"search_term_string"}}],"inLanguage":"et"},{"@type":"Person","@id":"https:\/\/www.welovecycling.com\/ee\/#\/schema\/person\/8b7101c4bd1b1ae9d3732ebb1e6caf57","name":"andre","image":{"@type":"ImageObject","inLanguage":"et","@id":"https:\/\/www.welovecycling.com\/ee\/#\/schema\/person\/image\/","url":"https:\/\/secure.gravatar.com\/avatar\/0656b3224fe17b018f43b8a562625dd43d30827f027b2f62bc5a05711fec9a61?s=96&d=mm&r=g","contentUrl":"https:\/\/secure.gravatar.com\/avatar\/0656b3224fe17b018f43b8a562625dd43d30827f027b2f62bc5a05711fec9a61?s=96&d=mm&r=g","caption":"andre"},"url":"https:\/\/www.welovecycling.com\/ee\/author\/andre\/"}]}},"_links":{"self":[{"href":"https:\/\/www.welovecycling.com\/ee\/wp-json\/wp\/v2\/posts\/3250","targetHints":{"allow":["GET"]}}],"collection":[{"href":"https:\/\/www.welovecycling.com\/ee\/wp-json\/wp\/v2\/posts"}],"about":[{"href":"https:\/\/www.welovecycling.com\/ee\/wp-json\/wp\/v2\/types\/post"}],"author":[{"embeddable":true,"href":"https:\/\/www.welovecycling.com\/ee\/wp-json\/wp\/v2\/users\/174"}],"replies":[{"embeddable":true,"href":"https:\/\/www.welovecycling.com\/ee\/wp-json\/wp\/v2\/comments?post=3250"}],"version-history":[{"count":1,"href":"https:\/\/www.welovecycling.com\/ee\/wp-json\/wp\/v2\/posts\/3250\/revisions"}],"predecessor-version":[{"id":3253,"href":"https:\/\/www.welovecycling.com\/ee\/wp-json\/wp\/v2\/posts\/3250\/revisions\/3253"}],"wp:featuredmedia":[{"embeddable":true,"href":"https:\/\/www.welovecycling.com\/ee\/wp-json\/wp\/v2\/media\/3251"}],"wp:attachment":[{"href":"https:\/\/www.welovecycling.com\/ee\/wp-json\/wp\/v2\/media?parent=3250"}],"wp:term":[{"taxonomy":"category","embeddable":true,"href":"https:\/\/www.welovecycling.com\/ee\/wp-json\/wp\/v2\/categories?post=3250"},{"taxonomy":"post_tag","embeddable":true,"href":"https:\/\/www.welovecycling.com\/ee\/wp-json\/wp\/v2\/tags?post=3250"},{"taxonomy":"global-categories","embeddable":true,"href":"https:\/\/www.welovecycling.com\/ee\/wp-json\/wp\/v2\/global-categories?post=3250"}],"curies":[{"name":"wp","href":"https:\/\/api.w.org\/{rel}","templated":true}]}}