{"id":3241,"date":"2025-11-20T12:52:59","date_gmt":"2025-11-20T09:52:59","guid":{"rendered":"https:\/\/www.welovecycling.com\/ee\/?p=3241"},"modified":"2025-11-20T12:52:59","modified_gmt":"2025-11-20T09:52:59","slug":"red-bull-bora-hansgrohe-ajab-tour-de-francei-ja-kogu-rattamaailma-nimel-musklid-punni","status":"publish","type":"post","link":"https:\/\/www.welovecycling.com\/ee\/2025\/11\/20\/red-bull-bora-hansgrohe-ajab-tour-de-francei-ja-kogu-rattamaailma-nimel-musklid-punni\/","title":{"rendered":"Red Bull \u2013 BORA \u2013 Hansgrohe ajab Tour de France\u2019i ja kogu rattamaailma nimel musklid punni"},"content":{"rendered":"<h4 data-start=\"152\" data-end=\"418\"><strong>Kui avad Red Bull \u2013 BORA \u2013 hansgrohe kodulehe ja kerid natuke allapoole, leiad loo pealkirjaga \u201e5 legendaarset hetke Tom Pidcocki karj\u00e4\u00e4ris\u201c ning video \u201eTom Pidcock r\u00e4\u00e4gib maantee-, CX- ja maastikus\u00f5idust\u201c. Kui kerid edasi, j\u00f5uad ka artiklini Wout van Aerti kohta.<\/strong><\/h4>\n<p data-start=\"152\" data-end=\"418\"><!--more--><\/p>\n<p data-start=\"420\" data-end=\"663\">Veider on aga see, et Pidcock ja van Aert ei kuulu Red Bulli maanteetiimi. Nad s\u00f5idavad vastavalt meeskondades Q36.5 ja Visma\u2013Lease a Bike. Aga kui pilte l\u00e4hemalt vaadata, n\u00e4eb, et m\u00f5lemal on peas Red Bulli kiiver \u2013 t\u00e4pselt nagu v\u00f5istlustel.<\/p>\n<p data-start=\"665\" data-end=\"1122\">Pidcock ega van Aert ei reeda oma tiime \u2013 nad lihtsalt teenivad lisaraha, olles \u00fchtlasi \u00fche maailma suurima br\u00e4ndi elavad reklaamtulbad. Sest eelk\u00f5ige ongi Red Bull globaalne kaubam\u00e4rk, maailma populaarseim energiajook ja kolmas v\u00e4\u00e4rtuslikem karastusjoogibr\u00e4nd p\u00e4rast Coca-Colat ja Pepsit. Br\u00e4ndi huve edendades omab v\u00f5i toetab Red Bull v\u00e4hemalt kuut jalgpalliklubi, kahte vormel 1 tiimi, kahte j\u00e4\u00e4hokimeeskonda ja Inglismaa ragbiklubi Red Bull Newcastle.<\/p>\n<p data-start=\"1124\" data-end=\"1769\">Selles pole iseenesest midagi imelikku \u2013 t\u00e4pselt sellep\u00e4rast annavad ka Visma ja Lease a Bike oma nimed van Aerti tiimile: et kasvatada tuntust ja siduda oma br\u00e4nd edu ja v\u00f5itudega. Saksa uuenduslike pliidikubu-lahenduste tootja BORA Lufttechnik GmbH ning sanitaartehnika ja torumaterjalide tootja Hansgrohe SE on enam kui \u00f5nnelikud, kui saavad s\u00f5ita kaasa Red Bulli globaalse lainetusega. Ja ettev\u00f5tte ambitsioonid on muljetavaldavad. Rattamaailmas kulutasid nad ajakirja <em data-start=\"1597\" data-end=\"1603\">Velo<\/em> andmetel umbes 50 miljonit eurot(!) selleks, et Remco Evenepoel saaks Soudal Quick-Stepiga lepingu l\u00f5petada ja liituda Red Bulli r\u00fcnnakuga Tour de France\u2019i edu suunas.<\/p>\n<figure id=\"attachment_3243\" aria-describedby=\"caption-attachment-3243\" style=\"width: 989px\" class=\"wp-caption aligncenter\"><a href=\"https:\/\/d2p6e6u75xmxt8.cloudfront.net\/15\/2025\/11\/bora-hansgrohe2.webp\"><img loading=\"lazy\" decoding=\"async\" class=\"wp-image-3243 size-full\" src=\"https:\/\/d2p6e6u75xmxt8.cloudfront.net\/15\/2025\/11\/bora-hansgrohe2.webp\" alt=\"\" width=\"989\" height=\"663\" srcset=\"https:\/\/d2p6e6u75xmxt8.cloudfront.net\/15\/2025\/11\/bora-hansgrohe2.webp 989w, https:\/\/d2p6e6u75xmxt8.cloudfront.net\/15\/2025\/11\/bora-hansgrohe2-300x201.webp 300w, https:\/\/d2p6e6u75xmxt8.cloudfront.net\/15\/2025\/11\/bora-hansgrohe2-768x515.webp 768w, https:\/\/d2p6e6u75xmxt8.cloudfront.net\/15\/2025\/11\/bora-hansgrohe2-400x268.webp 400w, https:\/\/d2p6e6u75xmxt8.cloudfront.net\/15\/2025\/11\/bora-hansgrohe2-272x182.webp 272w\" sizes=\"auto, (max-width: 989px) 100vw, 989px\" \/><\/a><figcaption id=\"caption-attachment-3243\" class=\"wp-caption-text\">Van Aert ei reeda oma meeskonda \u2013 ta teenib lihtsalt veidi lisaraha, olles \u00fche maailma suurima br\u00e4ndi elav reklaamtahvel. \u00a9 Profimedia<\/figcaption><\/figure>\n<p data-start=\"1771\" data-end=\"2141\">Ja \u00e4rme unusta, et p\u00f5nev noor Red Bulli s\u00f5itja Florian Lipowitz l\u00f5petas t\u00e4navuse Tour de France\u2019i kolmandal kohal. Aga ta kaotas neljakordsele Touri meistrile Tadej Poga\u010darile (UAE Team Emirates\u2013XRG) 11 minutiga ning Jonas Vingegaardile (Visma\u2013Lease a Bike) 6 minuti ja 36 sekundiga. Tiimi jaoks, kelle rahakott on sama suur kui ambitsioonid, pole see lihtsalt piisav.<\/p>\n<p data-start=\"2143\" data-end=\"2591\">Kes t\u00e4navust Touri j\u00e4lgis, n\u00e4gi Lipowitzi kangelaslikku pingutust poodiumi s\u00e4ilitamise nimel \u2013 ja v\u00f5is m\u00e4rgata ka seda, et ta tegi suure osa t\u00f6\u00f6st \u00fcksinda. Kui teistel \u00fcldarvestuse tippmeestel olid ees abimehed tuult murdmas, siis noor sakslane leidis end sagedasti \u00fcksinda t\u00fchjast ruumist \u00fcmbritsetuna. Ning kui ta l\u00f5puks kellegagi koos s\u00f5itma sattus, olid need konkurentide meeskondade ratturid, kes lasid Lipowitzi hea meelega enda ees r\u00fcgada.<\/p>\n<p data-start=\"2593\" data-end=\"3057\">V\u00f5ib oletada, et Red Bulli <em>domestique\u00b4d<\/em>\u00a0keskendusid hoopis viiekordse suurtuuri-v\u00f5itja Primo\u017e Rogli\u010di aitamisele. Rogli\u010d l\u00f5petas kokkuv\u00f5ttes kaheksandana, 14.30 Lipowitzist taga ja seega 25.30 v\u00f5itjast. Ilmselt m\u00e4rkas Red Bullis keegi, kui ebaefektiivselt tiimi ressursse kasutati, sest tiimi asutaja ja m\u00e4ned\u017eer Ralph Denk raputas p\u00f5hjalikult treenerite ja spordidirektorite osakonda: lahti lasti Rolf Aldag, Bernie Eisel, Enrico Gasparotto ja Heinrich Haussler.<\/p>\n<p data-start=\"3059\" data-end=\"3878\">Nende asemele on Denk teinud k\u00f5ik, et oma suurt staari Evenepoeli v\u00f5imalikult koduselt tundma panna. Alustuseks toodi INEOS Grenadiersist \u00fcle uus spordijuht (Chief of Sports) Zak Dempster ning v\u00f5istluste juht (Head of Racing) Oliver Cookson. Tiimiga liituvad ka Evenepoeli endised l\u00e4hikondsed ja koost\u00f6\u00f6partnerid: Klaas Lodewyck (Soudal Quick-Stepist) ja endine Belgia koondise peatreener Sven Vanthourenhout, kes juhatas Evenepoeli nii MM- kui ol\u00fcmpiakulda. Lisaks palkas Red Bull Lotto tiimist Tony Gallopini. See on muljetavaldav kogus treenerite suurt\u00fckiv\u00e4ge ning v\u00e4ga selge s\u00f5num, et Red Bull v\u00f5tab duelli UAE Team Emirates\u2013XRG ja Visma\u2013Lease a Bikega suurtuuride \u00fclemv\u00f5imu p\u00e4rast v\u00e4ga t\u00f5siselt. Alates 2020. aastast on need kaks tiimi v\u00f5itnud 18-st suurtuurist 13, sealhulgas k\u00f5ik kuus viimast Tour de France\u2019i.<\/p>\n<p data-start=\"3880\" data-end=\"4672\">Mitmed k\u00fcsimused on siiski vastuseta. Peamine neist: kas Evenepoel suudab \u00fcldse Poga\u010darit v\u00f5ita, kui viimane paistab aastast aastasse paremaks muutuvat? V\u00f5i kas ta suudab alistada Vingegaardi, kes andis alles hiljuti teada, et on p\u00e4rast 2024. aasta Itzulia Baskimaa velotuuri r\u00e4nka kukkumist taas t\u00e4ielikus l\u00f6\u00f6gihoos? Mina seda ei usu. Kolmekordsel tempos\u00f5idu maailmameistril n\u00e4ib puuduvat mingi f\u00fc\u00fcsiline komponent, mis on parimatel m\u00e4gironijatel \u2013 nagu Poga\u010dar ja Vingegaard \u2013, olgu see siis tema kehaehituse ise\u00e4rasus v\u00f5i seesama omadus, mis teeb temast maailma parima tempos\u00f5itja. Poga\u010dar ja Vingegaard on m\u00f5lemad suurep\u00e4rased tempos\u00f5itjad, kuid mitte Evenepoeli tasemel. Samas ei k\u00fc\u00fcni Evenepoel nende tasemele nendel pikkadel ja j\u00e4rskudel t\u00f5usudel, mis suurtuuri l\u00f5puks paika panevad.<\/p>\n<p data-start=\"4674\" data-end=\"4926\">Evenepoel on seni s\u00f5itnud kuuel suurtuuril ja ette on n\u00e4idata vaid \u00fcks \u00fcldv\u00f5it \u2013 2022. aasta Vuelta a Espa\u00f1a \u2013 ning kolmas koht 2024. aasta Touril. V\u00f5ib-olla \u00f5nnestub tal uue treeneritiimi ja Red Bulli s\u00fcgavate taskute abil j\u00e4rgmine samm siiski teha.<\/p>\n<p data-start=\"4928\" data-end=\"5378\">Lahtine on ka k\u00fcsimus, mida peale hakata Lipowitzi ja eriti 36-aastase Rogli\u010diga, kes oleks t\u00e4navu j\u00e4\u00e4nud \u00fcldse v\u00f5iduta, kui poleks olnud Volta Ciclista a Catalunya\u2019t. Kas Lipowitz tahab Touril Evenepoeli heaks t\u00f6\u00f6tada, kui talle lubatakse ise liidrirolli Giro\u2019l v\u00f5i Vuelta\u2019l? Kas Rogli\u010d tahab veel kord proovida suurtuuri v\u00f5ita? Raske on ette kujutada, et ta s\u00f5idaks kellegi teise heaks \u2013 v\u00f5ib-olla ainult Poga\u010dari jaoks maailmameistriv\u00f5istlustel.<\/p>\n<p data-start=\"5380\" data-end=\"5595\">On tore, et Red Bullil on n\u00fc\u00fcd piinlikult palju tugevaid s\u00f5itjaid \u2013 t\u00f5eline luksuskoosseis. Aga kui see tiim ei v\u00f5ida peagi \u00fchtki suurtuuri, v\u00f5ib see \u201epiinlikult suur rikkus\u201c \u00fcsna kiiresti \u00fcsna p\u00e4riselt piinlikuks muutuda.<\/p>\n","protected":false},"excerpt":{"rendered":"<p>Kui avad Red Bull \u2013 BORA \u2013 hansgrohe kodulehe ja kerid natuke allapoole, leiad loo pealkirjaga \u201e5 legendaarset hetke Tom [&hellip;]<\/p>\n","protected":false},"author":174,"featured_media":3242,"comment_status":"open","ping_status":"open","sticky":false,"template":"","format":"standard","meta":{"footnotes":""},"categories":[39],"tags":[455,317,558,342,389],"global-categories":[22],"class_list":["post-3241","post","type-post","status-publish","format-standard","has-post-thumbnail","hentry","category-maanteesoit","tag-florian-lipowitz","tag-primoz-roglic","tag-red-bull","tag-tom-pidcock","tag-wout-van-aert","global-categories-cycling"],"yoast_head":"<!-- This site is optimized with the Yoast SEO Premium plugin v25.3 (Yoast SEO v25.9) - https:\/\/yoast.com\/wordpress\/plugins\/seo\/ -->\n<title>Red Bull \u2013 BORA \u2013 Hansgrohe ajab Tour de France\u2019i ja kogu rattamaailma nimel musklid punni - \u0160koda We Love Cycling - Estonia<\/title>\n<meta name=\"description\" content=\"Kui avad Red Bull \u2013 BORA \u2013 hansgrohe kodulehe ja kerid natuke allapoole, leiad loo pealkirjaga \u201e5 legendaarset hetke Tom Pidcocki karj\u00e4\u00e4ris\u201c ning video \u201eTom Pidcock r\u00e4\u00e4gib maantee-, CX- ja maastikus\u00f5idust\u201c. Kui kerid edasi, j\u00f5uad ka artiklini Wout van Aerti kohta.\" \/>\n<meta name=\"robots\" content=\"index, follow, max-snippet:-1, max-image-preview:large, max-video-preview:-1\" \/>\n<link rel=\"canonical\" href=\"https:\/\/www.welovecycling.com\/ee\/2025\/11\/20\/red-bull-bora-hansgrohe-ajab-tour-de-francei-ja-kogu-rattamaailma-nimel-musklid-punni\/\" \/>\n<meta property=\"og:locale\" content=\"et_EE\" \/>\n<meta property=\"og:type\" content=\"article\" \/>\n<meta property=\"og:title\" content=\"Red Bull \u2013 BORA \u2013 Hansgrohe ajab Tour de France\u2019i ja kogu rattamaailma nimel musklid punni\" \/>\n<meta property=\"og:description\" content=\"Kui avad Red Bull \u2013 BORA \u2013 hansgrohe kodulehe ja kerid natuke allapoole, leiad loo pealkirjaga \u201e5 legendaarset hetke Tom Pidcocki karj\u00e4\u00e4ris\u201c ning video \u201eTom Pidcock r\u00e4\u00e4gib maantee-, CX- ja maastikus\u00f5idust\u201c. Kui kerid edasi, j\u00f5uad ka artiklini Wout van Aerti kohta.\" \/>\n<meta property=\"og:url\" content=\"https:\/\/www.welovecycling.com\/ee\/2025\/11\/20\/red-bull-bora-hansgrohe-ajab-tour-de-francei-ja-kogu-rattamaailma-nimel-musklid-punni\/\" \/>\n<meta property=\"og:site_name\" content=\"\u0160koda We Love Cycling - Estonia\" \/>\n<meta property=\"article:published_time\" content=\"2025-11-20T09:52:59+00:00\" \/>\n<meta property=\"og:image\" content=\"https:\/\/d2p6e6u75xmxt8.cloudfront.net\/15\/2025\/11\/bora-hansgrohe.webp\" \/>\n\t<meta property=\"og:image:width\" content=\"986\" \/>\n\t<meta property=\"og:image:height\" content=\"659\" \/>\n\t<meta property=\"og:image:type\" content=\"image\/webp\" \/>\n<meta name=\"author\" content=\"andre\" \/>\n<meta name=\"twitter:card\" content=\"summary_large_image\" \/>\n<meta name=\"twitter:label1\" content=\"Written by\" \/>\n\t<meta name=\"twitter:data1\" content=\"Siegfried Mortkowitz\" \/>\n\t<meta name=\"twitter:label2\" content=\"Est. reading time\" \/>\n\t<meta name=\"twitter:data2\" content=\"4\" \/>\n<script type=\"application\/ld+json\" class=\"yoast-schema-graph\">{\"@context\":\"https:\/\/schema.org\",\"@graph\":[{\"@type\":\"WebPage\",\"@id\":\"https:\/\/www.welovecycling.com\/ee\/2025\/11\/20\/red-bull-bora-hansgrohe-ajab-tour-de-francei-ja-kogu-rattamaailma-nimel-musklid-punni\/\",\"url\":\"https:\/\/www.welovecycling.com\/ee\/2025\/11\/20\/red-bull-bora-hansgrohe-ajab-tour-de-francei-ja-kogu-rattamaailma-nimel-musklid-punni\/\",\"name\":\"Red Bull \u2013 BORA \u2013 Hansgrohe ajab Tour de France\u2019i ja kogu rattamaailma nimel musklid punni - \u0160koda We Love Cycling - Estonia\",\"isPartOf\":{\"@id\":\"https:\/\/www.welovecycling.com\/ee\/#website\"},\"primaryImageOfPage\":{\"@id\":\"https:\/\/www.welovecycling.com\/ee\/2025\/11\/20\/red-bull-bora-hansgrohe-ajab-tour-de-francei-ja-kogu-rattamaailma-nimel-musklid-punni\/#primaryimage\"},\"image\":{\"@id\":\"https:\/\/www.welovecycling.com\/ee\/2025\/11\/20\/red-bull-bora-hansgrohe-ajab-tour-de-francei-ja-kogu-rattamaailma-nimel-musklid-punni\/#primaryimage\"},\"thumbnailUrl\":\"https:\/\/d2p6e6u75xmxt8.cloudfront.net\/15\/2025\/11\/bora-hansgrohe.webp\",\"datePublished\":\"2025-11-20T09:52:59+00:00\",\"author\":{\"@id\":\"https:\/\/www.welovecycling.com\/ee\/#\/schema\/person\/8b7101c4bd1b1ae9d3732ebb1e6caf57\"},\"description\":\"Kui avad Red Bull \u2013 BORA \u2013 hansgrohe kodulehe ja kerid natuke allapoole, leiad loo pealkirjaga \u201e5 legendaarset hetke Tom Pidcocki karj\u00e4\u00e4ris\u201c ning video \u201eTom Pidcock r\u00e4\u00e4gib maantee-, CX- ja maastikus\u00f5idust\u201c. Kui kerid edasi, j\u00f5uad ka artiklini Wout van Aerti kohta.\",\"inLanguage\":\"et\",\"potentialAction\":[{\"@type\":\"ReadAction\",\"target\":[\"https:\/\/www.welovecycling.com\/ee\/2025\/11\/20\/red-bull-bora-hansgrohe-ajab-tour-de-francei-ja-kogu-rattamaailma-nimel-musklid-punni\/\"]}]},{\"@type\":\"ImageObject\",\"inLanguage\":\"et\",\"@id\":\"https:\/\/www.welovecycling.com\/ee\/2025\/11\/20\/red-bull-bora-hansgrohe-ajab-tour-de-francei-ja-kogu-rattamaailma-nimel-musklid-punni\/#primaryimage\",\"url\":\"https:\/\/d2p6e6u75xmxt8.cloudfront.net\/15\/2025\/11\/bora-hansgrohe.webp\",\"contentUrl\":\"https:\/\/d2p6e6u75xmxt8.cloudfront.net\/15\/2025\/11\/bora-hansgrohe.webp\",\"width\":986,\"height\":659},{\"@type\":\"WebSite\",\"@id\":\"https:\/\/www.welovecycling.com\/ee\/#website\",\"url\":\"https:\/\/www.welovecycling.com\/ee\/\",\"name\":\"\u0160koda We Love Cycling - Estonia\",\"description\":\"\",\"potentialAction\":[{\"@type\":\"SearchAction\",\"target\":{\"@type\":\"EntryPoint\",\"urlTemplate\":\"https:\/\/www.welovecycling.com\/ee\/?s={search_term_string}\"},\"query-input\":{\"@type\":\"PropertyValueSpecification\",\"valueRequired\":true,\"valueName\":\"search_term_string\"}}],\"inLanguage\":\"et\"},{\"@type\":\"Person\",\"@id\":\"https:\/\/www.welovecycling.com\/ee\/#\/schema\/person\/8b7101c4bd1b1ae9d3732ebb1e6caf57\",\"name\":\"andre\",\"image\":{\"@type\":\"ImageObject\",\"inLanguage\":\"et\",\"@id\":\"https:\/\/www.welovecycling.com\/ee\/#\/schema\/person\/image\/\",\"url\":\"https:\/\/secure.gravatar.com\/avatar\/0656b3224fe17b018f43b8a562625dd43d30827f027b2f62bc5a05711fec9a61?s=96&d=mm&r=g\",\"contentUrl\":\"https:\/\/secure.gravatar.com\/avatar\/0656b3224fe17b018f43b8a562625dd43d30827f027b2f62bc5a05711fec9a61?s=96&d=mm&r=g\",\"caption\":\"andre\"},\"url\":\"https:\/\/www.welovecycling.com\/ee\/author\/andre\/\"}]}<\/script>\n<!-- \/ Yoast SEO Premium plugin. -->","yoast_head_json":{"title":"Red Bull \u2013 BORA \u2013 Hansgrohe ajab Tour de France\u2019i ja kogu rattamaailma nimel musklid punni - \u0160koda We Love Cycling - Estonia","description":"Kui avad Red Bull \u2013 BORA \u2013 hansgrohe kodulehe ja kerid natuke allapoole, leiad loo pealkirjaga \u201e5 legendaarset hetke Tom Pidcocki karj\u00e4\u00e4ris\u201c ning video \u201eTom Pidcock r\u00e4\u00e4gib maantee-, CX- ja maastikus\u00f5idust\u201c. Kui kerid edasi, j\u00f5uad ka artiklini Wout van Aerti kohta.","robots":{"index":"index","follow":"follow","max-snippet":"max-snippet:-1","max-image-preview":"max-image-preview:large","max-video-preview":"max-video-preview:-1"},"canonical":"https:\/\/www.welovecycling.com\/ee\/2025\/11\/20\/red-bull-bora-hansgrohe-ajab-tour-de-francei-ja-kogu-rattamaailma-nimel-musklid-punni\/","og_locale":"et_EE","og_type":"article","og_title":"Red Bull \u2013 BORA \u2013 Hansgrohe ajab Tour de France\u2019i ja kogu rattamaailma nimel musklid punni","og_description":"Kui avad Red Bull \u2013 BORA \u2013 hansgrohe kodulehe ja kerid natuke allapoole, leiad loo pealkirjaga \u201e5 legendaarset hetke Tom Pidcocki karj\u00e4\u00e4ris\u201c ning video \u201eTom Pidcock r\u00e4\u00e4gib maantee-, CX- ja maastikus\u00f5idust\u201c. Kui kerid edasi, j\u00f5uad ka artiklini Wout van Aerti kohta.","og_url":"https:\/\/www.welovecycling.com\/ee\/2025\/11\/20\/red-bull-bora-hansgrohe-ajab-tour-de-francei-ja-kogu-rattamaailma-nimel-musklid-punni\/","og_site_name":"\u0160koda We Love Cycling - Estonia","article_published_time":"2025-11-20T09:52:59+00:00","og_image":[{"width":986,"height":659,"url":"https:\/\/d2p6e6u75xmxt8.cloudfront.net\/15\/2025\/11\/bora-hansgrohe.webp","type":"image\/webp"}],"author":"andre","twitter_card":"summary_large_image","twitter_misc":{"Written by":"Siegfried Mortkowitz","Est. reading time":"4"},"schema":{"@context":"https:\/\/schema.org","@graph":[{"@type":"WebPage","@id":"https:\/\/www.welovecycling.com\/ee\/2025\/11\/20\/red-bull-bora-hansgrohe-ajab-tour-de-francei-ja-kogu-rattamaailma-nimel-musklid-punni\/","url":"https:\/\/www.welovecycling.com\/ee\/2025\/11\/20\/red-bull-bora-hansgrohe-ajab-tour-de-francei-ja-kogu-rattamaailma-nimel-musklid-punni\/","name":"Red Bull \u2013 BORA \u2013 Hansgrohe ajab Tour de France\u2019i ja kogu rattamaailma nimel musklid punni - \u0160koda We Love Cycling - Estonia","isPartOf":{"@id":"https:\/\/www.welovecycling.com\/ee\/#website"},"primaryImageOfPage":{"@id":"https:\/\/www.welovecycling.com\/ee\/2025\/11\/20\/red-bull-bora-hansgrohe-ajab-tour-de-francei-ja-kogu-rattamaailma-nimel-musklid-punni\/#primaryimage"},"image":{"@id":"https:\/\/www.welovecycling.com\/ee\/2025\/11\/20\/red-bull-bora-hansgrohe-ajab-tour-de-francei-ja-kogu-rattamaailma-nimel-musklid-punni\/#primaryimage"},"thumbnailUrl":"https:\/\/d2p6e6u75xmxt8.cloudfront.net\/15\/2025\/11\/bora-hansgrohe.webp","datePublished":"2025-11-20T09:52:59+00:00","author":{"@id":"https:\/\/www.welovecycling.com\/ee\/#\/schema\/person\/8b7101c4bd1b1ae9d3732ebb1e6caf57"},"description":"Kui avad Red Bull \u2013 BORA \u2013 hansgrohe kodulehe ja kerid natuke allapoole, leiad loo pealkirjaga \u201e5 legendaarset hetke Tom Pidcocki karj\u00e4\u00e4ris\u201c ning video \u201eTom Pidcock r\u00e4\u00e4gib maantee-, CX- ja maastikus\u00f5idust\u201c. Kui kerid edasi, j\u00f5uad ka artiklini Wout van Aerti kohta.","inLanguage":"et","potentialAction":[{"@type":"ReadAction","target":["https:\/\/www.welovecycling.com\/ee\/2025\/11\/20\/red-bull-bora-hansgrohe-ajab-tour-de-francei-ja-kogu-rattamaailma-nimel-musklid-punni\/"]}]},{"@type":"ImageObject","inLanguage":"et","@id":"https:\/\/www.welovecycling.com\/ee\/2025\/11\/20\/red-bull-bora-hansgrohe-ajab-tour-de-francei-ja-kogu-rattamaailma-nimel-musklid-punni\/#primaryimage","url":"https:\/\/d2p6e6u75xmxt8.cloudfront.net\/15\/2025\/11\/bora-hansgrohe.webp","contentUrl":"https:\/\/d2p6e6u75xmxt8.cloudfront.net\/15\/2025\/11\/bora-hansgrohe.webp","width":986,"height":659},{"@type":"WebSite","@id":"https:\/\/www.welovecycling.com\/ee\/#website","url":"https:\/\/www.welovecycling.com\/ee\/","name":"\u0160koda We Love Cycling - Estonia","description":"","potentialAction":[{"@type":"SearchAction","target":{"@type":"EntryPoint","urlTemplate":"https:\/\/www.welovecycling.com\/ee\/?s={search_term_string}"},"query-input":{"@type":"PropertyValueSpecification","valueRequired":true,"valueName":"search_term_string"}}],"inLanguage":"et"},{"@type":"Person","@id":"https:\/\/www.welovecycling.com\/ee\/#\/schema\/person\/8b7101c4bd1b1ae9d3732ebb1e6caf57","name":"andre","image":{"@type":"ImageObject","inLanguage":"et","@id":"https:\/\/www.welovecycling.com\/ee\/#\/schema\/person\/image\/","url":"https:\/\/secure.gravatar.com\/avatar\/0656b3224fe17b018f43b8a562625dd43d30827f027b2f62bc5a05711fec9a61?s=96&d=mm&r=g","contentUrl":"https:\/\/secure.gravatar.com\/avatar\/0656b3224fe17b018f43b8a562625dd43d30827f027b2f62bc5a05711fec9a61?s=96&d=mm&r=g","caption":"andre"},"url":"https:\/\/www.welovecycling.com\/ee\/author\/andre\/"}]}},"_links":{"self":[{"href":"https:\/\/www.welovecycling.com\/ee\/wp-json\/wp\/v2\/posts\/3241","targetHints":{"allow":["GET"]}}],"collection":[{"href":"https:\/\/www.welovecycling.com\/ee\/wp-json\/wp\/v2\/posts"}],"about":[{"href":"https:\/\/www.welovecycling.com\/ee\/wp-json\/wp\/v2\/types\/post"}],"author":[{"embeddable":true,"href":"https:\/\/www.welovecycling.com\/ee\/wp-json\/wp\/v2\/users\/174"}],"replies":[{"embeddable":true,"href":"https:\/\/www.welovecycling.com\/ee\/wp-json\/wp\/v2\/comments?post=3241"}],"version-history":[{"count":1,"href":"https:\/\/www.welovecycling.com\/ee\/wp-json\/wp\/v2\/posts\/3241\/revisions"}],"predecessor-version":[{"id":3244,"href":"https:\/\/www.welovecycling.com\/ee\/wp-json\/wp\/v2\/posts\/3241\/revisions\/3244"}],"wp:featuredmedia":[{"embeddable":true,"href":"https:\/\/www.welovecycling.com\/ee\/wp-json\/wp\/v2\/media\/3242"}],"wp:attachment":[{"href":"https:\/\/www.welovecycling.com\/ee\/wp-json\/wp\/v2\/media?parent=3241"}],"wp:term":[{"taxonomy":"category","embeddable":true,"href":"https:\/\/www.welovecycling.com\/ee\/wp-json\/wp\/v2\/categories?post=3241"},{"taxonomy":"post_tag","embeddable":true,"href":"https:\/\/www.welovecycling.com\/ee\/wp-json\/wp\/v2\/tags?post=3241"},{"taxonomy":"global-categories","embeddable":true,"href":"https:\/\/www.welovecycling.com\/ee\/wp-json\/wp\/v2\/global-categories?post=3241"}],"curies":[{"name":"wp","href":"https:\/\/api.w.org\/{rel}","templated":true}]}}