{"id":3236,"date":"2025-11-19T13:49:00","date_gmt":"2025-11-19T10:49:00","guid":{"rendered":"https:\/\/www.welovecycling.com\/ee\/?p=3236"},"modified":"2025-11-20T12:53:36","modified_gmt":"2025-11-20T09:53:36","slug":"ratturi-mottemaailm-dopamiiniloks-strava-segmentide-jahtimisel","status":"publish","type":"post","link":"https:\/\/www.welovecycling.com\/ee\/2025\/11\/19\/ratturi-mottemaailm-dopamiiniloks-strava-segmentide-jahtimisel\/","title":{"rendered":"Ratturi m\u00f5ttemaailm \u2013 dopamiinil\u00f5ks Strava segmentide jahtimisel"},"content":{"rendered":"<article class=\"text-token-text-primary w-full focus:outline-none [--shadow-height:45px] has-data-writing-block:pointer-events-none has-data-writing-block:-mt-(--shadow-height) has-data-writing-block:pt-(--shadow-height) [&amp;:has([data-writing-block])&gt;*]:pointer-events-auto [content-visibility:auto] supports-[content-visibility:auto]:[contain-intrinsic-size:auto_100lvh] scroll-mt-[calc(var(--header-height)+min(200px,max(70px,20svh)))]\" dir=\"auto\" tabindex=\"-1\" data-turn-id=\"request-WEB:753278fa-d9b6-4f1a-8dc0-6d5e47214ba3-1\" data-testid=\"conversation-turn-4\" data-scroll-anchor=\"true\" data-turn=\"assistant\">\n<div class=\"text-base my-auto mx-auto pb-10 [--thread-content-margin:--spacing(4)] thread-sm:[--thread-content-margin:--spacing(6)] thread-lg:[--thread-content-margin:--spacing(16)] px-(--thread-content-margin)\">\n<div class=\"[--thread-content-max-width:40rem] thread-lg:[--thread-content-max-width:48rem] mx-auto max-w-(--thread-content-max-width) flex-1 group\/turn-messages focus-visible:outline-hidden relative flex w-full min-w-0 flex-col agent-turn\" tabindex=\"-1\">\n<div class=\"flex max-w-full flex-col grow\">\n<div class=\"min-h-8 text-message relative flex w-full flex-col items-end gap-2 text-start break-words whitespace-normal [.text-message+&amp;]:mt-1\" dir=\"auto\" data-message-author-role=\"assistant\" data-message-id=\"e64539a0-4890-4b17-8b76-4b2938dfdb4e\" data-message-model-slug=\"gpt-5-1-thinking\">\n<div class=\"flex w-full flex-col gap-1 empty:hidden first:pt-[1px]\">\n<div class=\"markdown prose dark:prose-invert w-full break-words light markdown-new-styling\">\n<h4 data-start=\"112\" data-end=\"396\"><strong>Sa tead seda m\u00f5nusat tunnet, kui avad p\u00e4rast s\u00f5itu Strava ja n\u00e4ed m\u00f5ne l\u00f5igu juures v\u00e4ikest trofeed. See on ju s\u00fc\u00fctu, eks? Natuke digitaalset innustust. Mina arvasin ka nii. Kuni \u00fchel hetkel taipasin, et olin hakanud suure osa oma s\u00f5itudest planeerima nende kuldsete kroonide j\u00e4rgi.<\/strong><\/h4>\n<p><!--more--><\/p>\n<hr data-start=\"398\" data-end=\"401\" \/>\n<h2 data-start=\"403\" data-end=\"423\"><strong>Kuidas see algas<\/strong><\/h2>\n<p data-start=\"425\" data-end=\"730\">Aastaid ei p\u00f6\u00f6ranud ma segmentidele eriti t\u00e4helepanu. Elan Prahas ja enamik populaarseid marsruute on nii konkurentsitihedad, et isegi esik\u00fcmne l\u00e4hedale j\u00f5udmine tundus k\u00e4ttesaamatu. Siis ostsin p\u00e4rast aastak\u00fcmneid maantees\u00f5itu endale uue maastikuratta ja otsustasin hakata kohalikke metsaradu avastama.<\/p>\n<p data-start=\"732\" data-end=\"994\">\u00dchel p\u00e4eval laadisin s\u00f5idu \u00fcles ja avastasin, et olen \u00fchel segmendil esik\u00fcmnes \u2013 mul polnud aimugi, et seal \u00fcldse mingi Strava segment on. See v\u00e4ike tunnustusm\u00e4rk oli uskumatult \u00e4ge. M\u00f5tlesin, et kui ma j\u00e4rgmine kord t\u00f5siselt pingutan, \u00e4kki \u00f5nnestub isegi KOM (King Of Mountain &#8211;\u00a0 ehk selle segmendi kiireim s\u00f5itja) \u00e4ra v\u00f5tta.<\/p>\n<p data-start=\"996\" data-end=\"1026\">Sealt see k\u00f5ik alguse saigi.<\/p>\n<p data-start=\"1028\" data-end=\"1517\">L\u00e4ksin m\u00f5ne p\u00e4eva p\u00e4rast uuesti. S\u00f5idu ajal oli keset rada murdunu puu ees, aga ronisin sellest kuidagi \u00fcle ja parandasin ikkagi oma aega. N\u00e4dal hiljem oli rada p\u00e4ris porine, aga suutsin ikka veel veidi kiirem olla. Neljandal katsel tegin l\u00f5puks korraliku puhta l\u00e4bimise, millega j\u00e4in ise rahule, ja t\u00f5usin kolmandale kohale. See oli k\u00f5ige paremas m\u00f5ttes s\u00f5ltuvust tekitav. Edenemine! Kinnitus, et ma arenen! Ja v\u00f5id olla kindel, et j\u00e4rgmisel hooajal l\u00e4hen uuesti seda esikohta p\u00fc\u00fcdma.<\/p>\n<hr data-start=\"1519\" data-end=\"1522\" \/>\n<h2 data-start=\"1524\" data-end=\"1563\"><strong>Kui motivatsioonist saab kinnisidee<\/strong><\/h2>\n<p data-start=\"1565\" data-end=\"1863\">Mida rohkem uusi teid avastasin ja mida paremaks mu vorm l\u00e4ks, seda rohkem muutus edetabel minu kompassiks. Uus rattakompuuter hakkas mulle reaalajas segmentide algust ette n\u00e4itama ja nii sain hakata sihilikult jahtima neid l\u00f5ike, kus tundus, et mul on v\u00f5imalus h\u00e4sti s\u00f5ita. See tundus nagu m\u00e4ng.<\/p>\n<p data-start=\"1865\" data-end=\"2389\">Esimene ohum\u00e4rk oli see, kui taipasin, et kujundasin terveid s\u00f5ite ainult segmentide j\u00e4rgi. Pealtn\u00e4ha meenutas see struktureeritud treeningut \u2013 justkui sihip\u00e4rased intervallid \u2013, aga tegelikult polnud see seda. Segmentide \u00fchendamine t\u00e4hendas, et igal s\u00f5idul tuli teha mitu maksimaalse pingutusega l\u00f5iku, ilma et vahepeal korralikult taastuks. L\u00fchiajaliselt v\u00f5ib see olla tore, pikemas plaanis on see aga hukutav. M\u00f5ne aja p\u00e4rast on jalad pidevalt rasked, taastumine ei j\u00f5ua kunagi l\u00f5puni ja entusiasm hakkab vaikselt h\u00e4\u00e4buma.<\/p>\n<p data-start=\"2391\" data-end=\"2766\">Inimesele, kes p\u00fc\u00fcab treeninguid t\u00e4iskohaga t\u00f6\u00f6ga \u00fchildada, ei klapi see valem kuidagi. Pidevad k\u00f5rge intensiivsusega pingutused t\u00e4hendavad v\u00e4simust, sagedasemaid k\u00fclmetushaigusi ja v\u00e4iksemaid vigastusi siin-seal. \u00d5ppisin seda omal nahal. Mida rohkem ma neid digitaalseid karikaid jahtisin, seda rohkem pidin rattas\u00f5itudest pause tegema ja seda v\u00e4hem ma tegelikult s\u00f5itsin.<\/p>\n<hr data-start=\"2768\" data-end=\"2771\" \/>\n<h2 data-start=\"2773\" data-end=\"2792\"><strong>Suurem probleem<\/strong><\/h2>\n<p data-start=\"2794\" data-end=\"3116\">Lisaks f\u00fc\u00fcsilisele v\u00e4simusele toimus veel midagi. <a href=\"https:\/\/www.welovecycling.com\/wide\/2020\/07\/16\/how-to-top-your-local-strava-segment-leaderboard\/\">Segmentide jaht<\/a> muutis tasapisi seda, mida ma \u00fcldse pidasin hea s\u00f5idu tunnuseks. Kui polnud \u00fchtegi segmenti, mille poole p\u00fc\u00fcelda, tundus s\u00f5it justkui sisut\u00fchi. Kui jalad polnud piisavalt v\u00e4rsked, et uut aega s\u00f5ita, hakkasin endalt k\u00fcsima, kas \u00fcldse on m\u00f5tet v\u00e4lja minna.<\/p>\n<p data-start=\"3118\" data-end=\"3255\">See ongi tegelik l\u00f5ks \u2013 dopamiinil\u00f5ks. Need v\u00e4ikesed preemiasutsakad muudavad tavalised, rahulikud s\u00f5idud nende k\u00f5rval justkui igavaks.<\/p>\n<hr data-start=\"3257\" data-end=\"3260\" \/>\n<h2 data-start=\"3262\" data-end=\"3303\"><strong>\u00d5ppimine lahti laskma (mingil m\u00e4\u00e4ral)<\/strong><\/h2>\n<p data-start=\"3305\" data-end=\"3753\">L\u00f5puks otsustasin vinti veidi maha keerata. Ma ei l\u00f5petanud <a href=\"https:\/\/www.strava.com\/dashboard\">Strava<\/a> kasutamist \u2013 mulle meeldib endiselt oma s\u00f5ite salvestada ja arengut j\u00e4lgida \u2013, aga muutsin seda, kuidas ma seda teen. Hakkasin j\u00e4lle s\u00f5itma ka teiste eesm\u00e4rkidega: uute radade avastamiseks, t\u00f6\u00f6le ja tagasi, s\u00f5prade ja oma t\u00fcdruks\u00f5braga s\u00f5itmiseks. Nendest s\u00f5itudest on kasu ka siis, kui jalad on v\u00e4sinud ja tempo on aeglane. Olulisemaks muutusid lood ja kogemused, mitte numbrid.<\/p>\n<p data-start=\"3755\" data-end=\"4255\">Aga \u00e4rge saage valesti aru \u2013 jah, ma jahin ikka veel segmente. Strava s\u00fcgelus annab endast tunda alati, kui n\u00e4en m\u00f5nda l\u00f5iku, kus mul v\u00f5iks olla v\u00f5imalus. Ainult et n\u00fc\u00fcd p\u00fc\u00fcan seda v\u00f5tta kui v\u00e4ikest v\u00f5istlust iseendaga: millekski, mille jaoks ma valmistun, mitte millegi sellisena, mis peab olema igal s\u00f5idul. Kui olen puhanud, motiveeritud ja valmis, l\u00e4hen proovida. Kui ei ole, otsin muid p\u00f5hjuseid ratta selga minna. Kas mul l\u00e4heb asi segmentidega ikka aeg ajalt lappama? Jah. Aga loodetavasti v\u00e4hem kui varem.<\/p>\n<hr data-start=\"4257\" data-end=\"4260\" \/>\n<p data-start=\"4262\" data-end=\"4487\" data-is-last-node=\"\" data-is-only-node=\"\">Aga sina? Kas oled tundnud sama kiusatust muuta iga s\u00f5it v\u00e4ikeseks v\u00f5idus\u00f5iduks? Kas planeerid oma marsruute segmentide j\u00e4rgi? Ja kuidas sa hoiad \u00e4ra selle, et \u00fcks rakendus ei hakkaks sinu eest otsustama, millal sul on l\u00f5bus?<\/p>\n<\/div>\n<\/div>\n<\/div>\n<\/div>\n<\/div>\n<\/div>\n<\/article>\n","protected":false},"excerpt":{"rendered":"<p>Sa tead seda m\u00f5nusat tunnet, kui avad p\u00e4rast s\u00f5itu Strava ja n\u00e4ed m\u00f5ne l\u00f5igu juures v\u00e4ikest trofeed. See on ju [&hellip;]<\/p>\n","protected":false},"author":174,"featured_media":3237,"comment_status":"open","ping_status":"open","sticky":false,"template":"","format":"standard","meta":{"footnotes":""},"categories":[43],"tags":[556,557,40],"global-categories":[22],"class_list":["post-3236","post","type-post","status-publish","format-standard","has-post-thumbnail","hentry","category-tervis-trenn","tag-dopamiin","tag-psuhholoogia","tag-strava","global-categories-cycling"],"yoast_head":"<!-- This site is optimized with the Yoast SEO Premium plugin v25.3 (Yoast SEO v25.9) - https:\/\/yoast.com\/wordpress\/plugins\/seo\/ -->\n<title>Ratturi m\u00f5ttemaailm \u2013 dopamiinil\u00f5ks Strava segmentide jahtimisel - \u0160koda We Love Cycling - Estonia<\/title>\n<meta name=\"description\" content=\"Sa tead seda m\u00f5nusat tunnet, kui avad p\u00e4rast s\u00f5itu Strava ja n\u00e4ed m\u00f5ne l\u00f5igu juures v\u00e4ikest trofeed. See on ju s\u00fc\u00fctu, eks? Natuke digitaalset innustust. Mina arvasin ka nii. Kuni \u00fchel hetkel taipasin, et olin hakanud suure osa oma s\u00f5itudest planeerima nende kuldsete kroonide j\u00e4rgi.\" \/>\n<meta name=\"robots\" content=\"index, follow, max-snippet:-1, max-image-preview:large, max-video-preview:-1\" \/>\n<link rel=\"canonical\" href=\"https:\/\/www.welovecycling.com\/ee\/2025\/11\/19\/ratturi-mottemaailm-dopamiiniloks-strava-segmentide-jahtimisel\/\" \/>\n<meta property=\"og:locale\" content=\"et_EE\" \/>\n<meta property=\"og:type\" content=\"article\" \/>\n<meta property=\"og:title\" content=\"Ratturi m\u00f5ttemaailm \u2013 dopamiinil\u00f5ks Strava segmentide jahtimisel\" \/>\n<meta property=\"og:description\" content=\"Sa tead seda m\u00f5nusat tunnet, kui avad p\u00e4rast s\u00f5itu Strava ja n\u00e4ed m\u00f5ne l\u00f5igu juures v\u00e4ikest trofeed. See on ju s\u00fc\u00fctu, eks? Natuke digitaalset innustust. Mina arvasin ka nii. Kuni \u00fchel hetkel taipasin, et olin hakanud suure osa oma s\u00f5itudest planeerima nende kuldsete kroonide j\u00e4rgi.\" \/>\n<meta property=\"og:url\" content=\"https:\/\/www.welovecycling.com\/ee\/2025\/11\/19\/ratturi-mottemaailm-dopamiiniloks-strava-segmentide-jahtimisel\/\" \/>\n<meta property=\"og:site_name\" content=\"\u0160koda We Love Cycling - Estonia\" \/>\n<meta property=\"article:published_time\" content=\"2025-11-19T10:49:00+00:00\" \/>\n<meta property=\"article:modified_time\" content=\"2025-11-20T09:53:36+00:00\" \/>\n<meta property=\"og:image\" content=\"https:\/\/d2p6e6u75xmxt8.cloudfront.net\/15\/2025\/11\/dopamiin.webp\" \/>\n\t<meta property=\"og:image:width\" content=\"990\" \/>\n\t<meta property=\"og:image:height\" content=\"662\" \/>\n\t<meta property=\"og:image:type\" content=\"image\/webp\" \/>\n<meta name=\"author\" content=\"andre\" \/>\n<meta name=\"twitter:card\" content=\"summary_large_image\" \/>\n<meta name=\"twitter:label1\" content=\"Written by\" \/>\n\t<meta name=\"twitter:data1\" content=\"Jiri Kaloc\" \/>\n\t<meta name=\"twitter:label2\" content=\"Est. reading time\" \/>\n\t<meta name=\"twitter:data2\" content=\"3\" \/>\n<script type=\"application\/ld+json\" class=\"yoast-schema-graph\">{\"@context\":\"https:\/\/schema.org\",\"@graph\":[{\"@type\":\"WebPage\",\"@id\":\"https:\/\/www.welovecycling.com\/ee\/2025\/11\/19\/ratturi-mottemaailm-dopamiiniloks-strava-segmentide-jahtimisel\/\",\"url\":\"https:\/\/www.welovecycling.com\/ee\/2025\/11\/19\/ratturi-mottemaailm-dopamiiniloks-strava-segmentide-jahtimisel\/\",\"name\":\"Ratturi m\u00f5ttemaailm \u2013 dopamiinil\u00f5ks Strava segmentide jahtimisel - \u0160koda We Love Cycling - Estonia\",\"isPartOf\":{\"@id\":\"https:\/\/www.welovecycling.com\/ee\/#website\"},\"primaryImageOfPage\":{\"@id\":\"https:\/\/www.welovecycling.com\/ee\/2025\/11\/19\/ratturi-mottemaailm-dopamiiniloks-strava-segmentide-jahtimisel\/#primaryimage\"},\"image\":{\"@id\":\"https:\/\/www.welovecycling.com\/ee\/2025\/11\/19\/ratturi-mottemaailm-dopamiiniloks-strava-segmentide-jahtimisel\/#primaryimage\"},\"thumbnailUrl\":\"https:\/\/d2p6e6u75xmxt8.cloudfront.net\/15\/2025\/11\/dopamiin.webp\",\"datePublished\":\"2025-11-19T10:49:00+00:00\",\"dateModified\":\"2025-11-20T09:53:36+00:00\",\"author\":{\"@id\":\"https:\/\/www.welovecycling.com\/ee\/#\/schema\/person\/8b7101c4bd1b1ae9d3732ebb1e6caf57\"},\"description\":\"Sa tead seda m\u00f5nusat tunnet, kui avad p\u00e4rast s\u00f5itu Strava ja n\u00e4ed m\u00f5ne l\u00f5igu juures v\u00e4ikest trofeed. See on ju s\u00fc\u00fctu, eks? Natuke digitaalset innustust. Mina arvasin ka nii. Kuni \u00fchel hetkel taipasin, et olin hakanud suure osa oma s\u00f5itudest planeerima nende kuldsete kroonide j\u00e4rgi.\",\"inLanguage\":\"et\",\"potentialAction\":[{\"@type\":\"ReadAction\",\"target\":[\"https:\/\/www.welovecycling.com\/ee\/2025\/11\/19\/ratturi-mottemaailm-dopamiiniloks-strava-segmentide-jahtimisel\/\"]}]},{\"@type\":\"ImageObject\",\"inLanguage\":\"et\",\"@id\":\"https:\/\/www.welovecycling.com\/ee\/2025\/11\/19\/ratturi-mottemaailm-dopamiiniloks-strava-segmentide-jahtimisel\/#primaryimage\",\"url\":\"https:\/\/d2p6e6u75xmxt8.cloudfront.net\/15\/2025\/11\/dopamiin.webp\",\"contentUrl\":\"https:\/\/d2p6e6u75xmxt8.cloudfront.net\/15\/2025\/11\/dopamiin.webp\",\"width\":990,\"height\":662},{\"@type\":\"WebSite\",\"@id\":\"https:\/\/www.welovecycling.com\/ee\/#website\",\"url\":\"https:\/\/www.welovecycling.com\/ee\/\",\"name\":\"\u0160koda We Love Cycling - Estonia\",\"description\":\"\",\"potentialAction\":[{\"@type\":\"SearchAction\",\"target\":{\"@type\":\"EntryPoint\",\"urlTemplate\":\"https:\/\/www.welovecycling.com\/ee\/?s={search_term_string}\"},\"query-input\":{\"@type\":\"PropertyValueSpecification\",\"valueRequired\":true,\"valueName\":\"search_term_string\"}}],\"inLanguage\":\"et\"},{\"@type\":\"Person\",\"@id\":\"https:\/\/www.welovecycling.com\/ee\/#\/schema\/person\/8b7101c4bd1b1ae9d3732ebb1e6caf57\",\"name\":\"andre\",\"image\":{\"@type\":\"ImageObject\",\"inLanguage\":\"et\",\"@id\":\"https:\/\/www.welovecycling.com\/ee\/#\/schema\/person\/image\/\",\"url\":\"https:\/\/secure.gravatar.com\/avatar\/0656b3224fe17b018f43b8a562625dd43d30827f027b2f62bc5a05711fec9a61?s=96&d=mm&r=g\",\"contentUrl\":\"https:\/\/secure.gravatar.com\/avatar\/0656b3224fe17b018f43b8a562625dd43d30827f027b2f62bc5a05711fec9a61?s=96&d=mm&r=g\",\"caption\":\"andre\"},\"url\":\"https:\/\/www.welovecycling.com\/ee\/author\/andre\/\"}]}<\/script>\n<!-- \/ Yoast SEO Premium plugin. -->","yoast_head_json":{"title":"Ratturi m\u00f5ttemaailm \u2013 dopamiinil\u00f5ks Strava segmentide jahtimisel - \u0160koda We Love Cycling - Estonia","description":"Sa tead seda m\u00f5nusat tunnet, kui avad p\u00e4rast s\u00f5itu Strava ja n\u00e4ed m\u00f5ne l\u00f5igu juures v\u00e4ikest trofeed. See on ju s\u00fc\u00fctu, eks? Natuke digitaalset innustust. Mina arvasin ka nii. Kuni \u00fchel hetkel taipasin, et olin hakanud suure osa oma s\u00f5itudest planeerima nende kuldsete kroonide j\u00e4rgi.","robots":{"index":"index","follow":"follow","max-snippet":"max-snippet:-1","max-image-preview":"max-image-preview:large","max-video-preview":"max-video-preview:-1"},"canonical":"https:\/\/www.welovecycling.com\/ee\/2025\/11\/19\/ratturi-mottemaailm-dopamiiniloks-strava-segmentide-jahtimisel\/","og_locale":"et_EE","og_type":"article","og_title":"Ratturi m\u00f5ttemaailm \u2013 dopamiinil\u00f5ks Strava segmentide jahtimisel","og_description":"Sa tead seda m\u00f5nusat tunnet, kui avad p\u00e4rast s\u00f5itu Strava ja n\u00e4ed m\u00f5ne l\u00f5igu juures v\u00e4ikest trofeed. See on ju s\u00fc\u00fctu, eks? Natuke digitaalset innustust. Mina arvasin ka nii. Kuni \u00fchel hetkel taipasin, et olin hakanud suure osa oma s\u00f5itudest planeerima nende kuldsete kroonide j\u00e4rgi.","og_url":"https:\/\/www.welovecycling.com\/ee\/2025\/11\/19\/ratturi-mottemaailm-dopamiiniloks-strava-segmentide-jahtimisel\/","og_site_name":"\u0160koda We Love Cycling - Estonia","article_published_time":"2025-11-19T10:49:00+00:00","article_modified_time":"2025-11-20T09:53:36+00:00","og_image":[{"width":990,"height":662,"url":"https:\/\/d2p6e6u75xmxt8.cloudfront.net\/15\/2025\/11\/dopamiin.webp","type":"image\/webp"}],"author":"andre","twitter_card":"summary_large_image","twitter_misc":{"Written by":"Jiri Kaloc","Est. reading time":"3"},"schema":{"@context":"https:\/\/schema.org","@graph":[{"@type":"WebPage","@id":"https:\/\/www.welovecycling.com\/ee\/2025\/11\/19\/ratturi-mottemaailm-dopamiiniloks-strava-segmentide-jahtimisel\/","url":"https:\/\/www.welovecycling.com\/ee\/2025\/11\/19\/ratturi-mottemaailm-dopamiiniloks-strava-segmentide-jahtimisel\/","name":"Ratturi m\u00f5ttemaailm \u2013 dopamiinil\u00f5ks Strava segmentide jahtimisel - \u0160koda We Love Cycling - Estonia","isPartOf":{"@id":"https:\/\/www.welovecycling.com\/ee\/#website"},"primaryImageOfPage":{"@id":"https:\/\/www.welovecycling.com\/ee\/2025\/11\/19\/ratturi-mottemaailm-dopamiiniloks-strava-segmentide-jahtimisel\/#primaryimage"},"image":{"@id":"https:\/\/www.welovecycling.com\/ee\/2025\/11\/19\/ratturi-mottemaailm-dopamiiniloks-strava-segmentide-jahtimisel\/#primaryimage"},"thumbnailUrl":"https:\/\/d2p6e6u75xmxt8.cloudfront.net\/15\/2025\/11\/dopamiin.webp","datePublished":"2025-11-19T10:49:00+00:00","dateModified":"2025-11-20T09:53:36+00:00","author":{"@id":"https:\/\/www.welovecycling.com\/ee\/#\/schema\/person\/8b7101c4bd1b1ae9d3732ebb1e6caf57"},"description":"Sa tead seda m\u00f5nusat tunnet, kui avad p\u00e4rast s\u00f5itu Strava ja n\u00e4ed m\u00f5ne l\u00f5igu juures v\u00e4ikest trofeed. See on ju s\u00fc\u00fctu, eks? Natuke digitaalset innustust. Mina arvasin ka nii. Kuni \u00fchel hetkel taipasin, et olin hakanud suure osa oma s\u00f5itudest planeerima nende kuldsete kroonide j\u00e4rgi.","inLanguage":"et","potentialAction":[{"@type":"ReadAction","target":["https:\/\/www.welovecycling.com\/ee\/2025\/11\/19\/ratturi-mottemaailm-dopamiiniloks-strava-segmentide-jahtimisel\/"]}]},{"@type":"ImageObject","inLanguage":"et","@id":"https:\/\/www.welovecycling.com\/ee\/2025\/11\/19\/ratturi-mottemaailm-dopamiiniloks-strava-segmentide-jahtimisel\/#primaryimage","url":"https:\/\/d2p6e6u75xmxt8.cloudfront.net\/15\/2025\/11\/dopamiin.webp","contentUrl":"https:\/\/d2p6e6u75xmxt8.cloudfront.net\/15\/2025\/11\/dopamiin.webp","width":990,"height":662},{"@type":"WebSite","@id":"https:\/\/www.welovecycling.com\/ee\/#website","url":"https:\/\/www.welovecycling.com\/ee\/","name":"\u0160koda We Love Cycling - Estonia","description":"","potentialAction":[{"@type":"SearchAction","target":{"@type":"EntryPoint","urlTemplate":"https:\/\/www.welovecycling.com\/ee\/?s={search_term_string}"},"query-input":{"@type":"PropertyValueSpecification","valueRequired":true,"valueName":"search_term_string"}}],"inLanguage":"et"},{"@type":"Person","@id":"https:\/\/www.welovecycling.com\/ee\/#\/schema\/person\/8b7101c4bd1b1ae9d3732ebb1e6caf57","name":"andre","image":{"@type":"ImageObject","inLanguage":"et","@id":"https:\/\/www.welovecycling.com\/ee\/#\/schema\/person\/image\/","url":"https:\/\/secure.gravatar.com\/avatar\/0656b3224fe17b018f43b8a562625dd43d30827f027b2f62bc5a05711fec9a61?s=96&d=mm&r=g","contentUrl":"https:\/\/secure.gravatar.com\/avatar\/0656b3224fe17b018f43b8a562625dd43d30827f027b2f62bc5a05711fec9a61?s=96&d=mm&r=g","caption":"andre"},"url":"https:\/\/www.welovecycling.com\/ee\/author\/andre\/"}]}},"_links":{"self":[{"href":"https:\/\/www.welovecycling.com\/ee\/wp-json\/wp\/v2\/posts\/3236","targetHints":{"allow":["GET"]}}],"collection":[{"href":"https:\/\/www.welovecycling.com\/ee\/wp-json\/wp\/v2\/posts"}],"about":[{"href":"https:\/\/www.welovecycling.com\/ee\/wp-json\/wp\/v2\/types\/post"}],"author":[{"embeddable":true,"href":"https:\/\/www.welovecycling.com\/ee\/wp-json\/wp\/v2\/users\/174"}],"replies":[{"embeddable":true,"href":"https:\/\/www.welovecycling.com\/ee\/wp-json\/wp\/v2\/comments?post=3236"}],"version-history":[{"count":2,"href":"https:\/\/www.welovecycling.com\/ee\/wp-json\/wp\/v2\/posts\/3236\/revisions"}],"predecessor-version":[{"id":3239,"href":"https:\/\/www.welovecycling.com\/ee\/wp-json\/wp\/v2\/posts\/3236\/revisions\/3239"}],"wp:featuredmedia":[{"embeddable":true,"href":"https:\/\/www.welovecycling.com\/ee\/wp-json\/wp\/v2\/media\/3237"}],"wp:attachment":[{"href":"https:\/\/www.welovecycling.com\/ee\/wp-json\/wp\/v2\/media?parent=3236"}],"wp:term":[{"taxonomy":"category","embeddable":true,"href":"https:\/\/www.welovecycling.com\/ee\/wp-json\/wp\/v2\/categories?post=3236"},{"taxonomy":"post_tag","embeddable":true,"href":"https:\/\/www.welovecycling.com\/ee\/wp-json\/wp\/v2\/tags?post=3236"},{"taxonomy":"global-categories","embeddable":true,"href":"https:\/\/www.welovecycling.com\/ee\/wp-json\/wp\/v2\/global-categories?post=3236"}],"curies":[{"name":"wp","href":"https:\/\/api.w.org\/{rel}","templated":true}]}}