{"id":3232,"date":"2025-11-17T17:37:19","date_gmt":"2025-11-17T14:37:19","guid":{"rendered":"https:\/\/www.welovecycling.com\/ee\/?p=3232"},"modified":"2025-11-17T17:37:19","modified_gmt":"2025-11-17T14:37:19","slug":"naised-kes-kujundavad-profirattaspordi-tulevikku-kulisside-taga","status":"publish","type":"post","link":"https:\/\/www.welovecycling.com\/ee\/2025\/11\/17\/naised-kes-kujundavad-profirattaspordi-tulevikku-kulisside-taga\/","title":{"rendered":"Naised, kes kujundavad profirattaspordi tulevikku \u2013 kulisside taga"},"content":{"rendered":"<h3 data-start=\"143\" data-end=\"803\"><strong>Aastak\u00fcmneid on jutt soolisest v\u00f5rdsusest profirattaspordis keskendunud peaaegu t\u00e4ielikult sportlastele endile. Kuid koos spordiala arenguga n\u00e4eme \u00fcha rohkem naisi v\u00f5tmas v\u00f5tmerolli rattaspordi tuleviku kujundamisel kulisside taga. Alates v\u00f5istluste direktorite ja meeskonnajuhtide rollidest kuni kommunikatsioonijuhtide ja spordidirektoriteni \u2013 rohkem naisi kui kunagi varem m\u00f5jutab otseselt, kuidas profirattasport on \u00fcles ehitatud, millist tooni see kannab ja milline on selle kultuur. Nemad teevad otsuseid selle \u00fcle, kuidas tiimid toimivad, kuidas lugusid r\u00e4\u00e4gitakse ja kuidas ala suudab l\u00f5puks saavutada tasakaalu ja professionaalsuse eri sugude vahel.<\/strong><\/h3>\n<p data-start=\"143\" data-end=\"803\"><!--more--><\/p>\n<p data-start=\"805\" data-end=\"934\">Siin on l\u00e4hem pilk m\u00f5nele naisele, kes defineerivad rattaspordi juhtimist uuesti \u2013 ja kuidas nende t\u00f6\u00f6 aitab kogu alal kasvada.<\/p>\n<h2 data-start=\"937\" data-end=\"1011\"><strong>Marion Rousse \u2013 n\u00e4gemuslik j\u00f5ud Tour de France Femmes avec Zwifti taga<\/strong><\/h2>\n<p data-start=\"1013\" data-end=\"1441\">V\u00e4hesed inimesed s\u00fcmboliseerivad rattaspordi muutunud maastikku paremini kui Marion Rousse. Endine profirattur ja 2012. aasta Prantsusmaa meister, l\u00f5petas Rousse v\u00f5istlemise 2015. aastal ning liikus seej\u00e4rel telekommentaatori t\u00f6\u00f6d tegema. Tema selged, asjalikud ja maandatud kommentaarid tegid temast kiiresti hinnatud h\u00e4\u00e4le, ning 2021. aastal nimetati ta taaselustatud Tour de France Femmes avec Zwifti v\u00f5istluse direktoriks.<\/p>\n<p data-start=\"1443\" data-end=\"1857\">Rousse\u2019i ametissenimetamine oli oluline t\u00e4his, ent t\u00f5eliselt m\u00e4\u00e4ravaks on saanud tema juhtimisstiil. Ta on r\u00e4\u00e4kinud avalikult oma soovist, et see v\u00f5istlus seisaks omal jalal \u2013 mitte meeste Touri lisana \u2013, vaid maailma tipptasemel s\u00fcndmusena, millel on oma lugu, oma publik ja oma m\u00f5ju. \u201eInimesed on meid omaks v\u00f5tnud,\u201d \u00fctles ta ajakirjale <em data-start=\"1782\" data-end=\"1791\">Cyclist<\/em>, \u201eja n\u00fc\u00fcd oleme me spordimaastikul kindlalt koha sisse v\u00f5tnud.\u201d<\/p>\n<p data-start=\"1859\" data-end=\"2432\">Tema k\u00e4e all on Tour de France Femmes avec Zwift kiiresti kasvanud nii prestii\u017ei kui ka vaadatavuse poolest. Rousse\u2019i taust nii s\u00f5itja kui ka kommentaatorina annab talle ainulaadse arusaama sellest, mida ratturid vajavad ja mida publik ootab. Ta kavandab radasid, mis on v\u00e4ljakutsuvad, kuid mitte h\u00e4vitavad, surub tagant otse\u00fclekandeid ning teeb tihedat koost\u00f6\u00f6d korraldaja <a href=\"https:\/\/www.aso.fr\/en\/\">ASO<\/a>-ga, et sponsorid ja ringh\u00e4\u00e4lingud kohtleksid naiste tuuri t\u00f5siselt. Tema edu t\u00f5estab, et naiste kohalolu v\u00f5istluste korralduses ei t\u00e4henda \u00fcksnes v\u00f5rd\u00f5iguslikkust \u2013 see teeb ka s\u00f5idud paremaks.<\/p>\n<h2 data-start=\"2435\" data-end=\"2495\"><strong>Cherie Pridham \u2013 spordidirektori rolli \u00fcmberdefineerimas<br \/>\n<\/strong><\/h2>\n<blockquote class=\"instagram-media\" style=\"background: #FFF; border: 0; border-radius: 3px; box-shadow: 0 0 1px 0 rgba(0,0,0,0.5),0 1px 10px 0 rgba(0,0,0,0.15); margin: 1px; max-width: 540px; min-width: 326px; padding: 0; width: calc(100% - 2px);\" data-instgrm-captioned=\"\" data-instgrm-permalink=\"https:\/\/www.instagram.com\/p\/DNylWq10B2e\/?utm_source=ig_embed&amp;utm_campaign=loading\" data-instgrm-version=\"14\">\n<div style=\"padding: 16px;\">\n<p>&nbsp;<\/p>\n<div style=\"display: flex; flex-direction: row; align-items: center;\">\n<div style=\"background-color: #f4f4f4; border-radius: 50%; flex-grow: 0; height: 40px; margin-right: 14px; width: 40px;\"><\/div>\n<div style=\"display: flex; flex-direction: column; flex-grow: 1; justify-content: center;\">\n<div style=\"background-color: #f4f4f4; border-radius: 4px; flex-grow: 0; height: 14px; margin-bottom: 6px; width: 100px;\"><\/div>\n<div style=\"background-color: #f4f4f4; border-radius: 4px; flex-grow: 0; height: 14px; width: 60px;\"><\/div>\n<\/div>\n<\/div>\n<div style=\"padding: 19% 0;\"><\/div>\n<div style=\"display: block; height: 50px; margin: 0 auto 12px; width: 50px;\"><\/div>\n<div style=\"padding-top: 8px;\">\n<div style=\"color: #3897f0; font-family: Arial,sans-serif; font-size: 14px; font-style: normal; font-weight: 550; line-height: 18px;\">View this post on Instagram<\/div>\n<\/div>\n<div style=\"padding: 12.5% 0;\"><\/div>\n<div style=\"display: flex; flex-direction: row; margin-bottom: 14px; align-items: center;\">\n<div>\n<div style=\"background-color: #f4f4f4; border-radius: 50%; height: 12.5px; width: 12.5px; transform: translateX(0px) translateY(7px);\"><\/div>\n<div style=\"background-color: #f4f4f4; height: 12.5px; transform: rotate(-45deg) translateX(3px) translateY(1px); width: 12.5px; flex-grow: 0; margin-right: 14px; margin-left: 2px;\"><\/div>\n<div style=\"background-color: #f4f4f4; border-radius: 50%; height: 12.5px; width: 12.5px; transform: translateX(9px) translateY(-18px);\"><\/div>\n<\/div>\n<div style=\"margin-left: 8px;\">\n<div style=\"background-color: #f4f4f4; border-radius: 50%; flex-grow: 0; height: 20px; width: 20px;\"><\/div>\n<div style=\"width: 0; height: 0; border-top: 2px solid transparent; border-left: 6px solid #f4f4f4; border-bottom: 2px solid transparent; transform: translateX(16px) translateY(-4px) rotate(30deg);\"><\/div>\n<\/div>\n<div style=\"margin-left: auto;\">\n<div style=\"width: 0px; border-top: 8px solid #F4F4F4; border-right: 8px solid transparent; transform: translateY(16px);\"><\/div>\n<div style=\"background-color: #f4f4f4; flex-grow: 0; height: 12px; width: 16px; transform: translateY(-4px);\"><\/div>\n<div style=\"width: 0; height: 0; border-top: 8px solid #F4F4F4; border-left: 8px solid transparent; transform: translateY(-4px) translateX(8px);\"><\/div>\n<\/div>\n<\/div>\n<div style=\"display: flex; flex-direction: column; flex-grow: 1; justify-content: center; margin-bottom: 24px;\">\n<div style=\"background-color: #f4f4f4; border-radius: 4px; flex-grow: 0; height: 14px; margin-bottom: 6px; width: 224px;\"><\/div>\n<div style=\"background-color: #f4f4f4; border-radius: 4px; flex-grow: 0; height: 14px; width: 144px;\"><\/div>\n<\/div>\n<p>&nbsp;<\/p>\n<p style=\"color: #c9c8cd; font-family: Arial,sans-serif; font-size: 14px; line-height: 17px; margin-bottom: 0; margin-top: 8px; overflow: hidden; padding: 8px 0 7px; text-align: center; text-overflow: ellipsis; white-space: nowrap;\"><a style=\"color: #c9c8cd; font-family: Arial,sans-serif; font-size: 14px; font-style: normal; font-weight: normal; line-height: 17px; text-decoration: none;\" href=\"https:\/\/www.instagram.com\/p\/DNylWq10B2e\/?utm_source=ig_embed&amp;utm_campaign=loading\" target=\"_blank\" rel=\"noopener\">A post shared by Cherie Pridham (@chezpro)<\/a><\/p>\n<\/div>\n<\/blockquote>\n<p><script async src=\"\/\/www.instagram.com\/embed.js\"><\/script><br \/>\nKui Cherie Pridham esimest korda tiimiautosse directeur sportif\u2019ina (spordidirektorina) istus, ei osanud ta ilmselt aimatagi, et teeb ajalugu. Ka tema on endine profirattur, kelle karj\u00e4\u00e4r v\u00f5ttis uue suuna p\u00e4rast rasket kukkumist 2006. aastal. Varsti sai temast Raleigh UK meeskonnajuht ning ta juhtis aastaid kontinentaaltaseme meeste- ja naistetiime, enne kui liitus 2020. aastal Israel Start-Up Nationiga, saades esimeseks naiseks, kes tegutseb meeste WorldTouri tasemel spordidirektorina.<\/p>\n<p data-start=\"2992\" data-end=\"3437\">Tema taktikateravus, rahulik kohalolu ja oskus tasakaalustada sportlaste heaolu tulemusn\u00f5udega on toonud talle \u00fcle kogu pelotoni laialdase austuse. Praegu t\u00f6\u00f6tab Pridham UAE Team ADQ spordiosakonna juhina, tuues oma tohutu kogemustepagasi naiste WorldTouri. Tema naasmine naiste tiimi juurde tundub kui ringi t\u00e4itumine \u2013 v\u00f5imalus kasutada meeste WorldTouri tiimides omandatud kogemusi, et t\u00f5sta ka naiskonnad samale professionaalsele tasemele.<\/p>\n<h2 data-start=\"3440\" data-end=\"3499\"><strong>Carmen Small \u2013 silla ehitaja ratturite ja juhtide vahel<\/strong><\/h2>\n<p data-start=\"3501\" data-end=\"3919\">Carmen Small esindab uut p\u00f5lvkonda rattaspordi juhte \u2013 endisi sportlasi, kes liiguvad sujuvalt juhtrollidesse, tuues sinna kaasa s\u00f5itjakultuuri ja omaenda kogemuse. Kahekordne USA tempos\u00f5idu meister l\u00f5petas profikarj\u00e4\u00e4ri 2017. aastal ning istus peagi Ceratizit\u2013WNT tiimi spordidirektori autosse. Sealt liikus ta Team Jumbo-Visma naiskonna juurde ning t\u00e4na juhib ta <a href=\"https:\/\/www.efprocycling.com\/\">EF Education\u2013Cannondale<\/a>\u2019i naiskonda peadirektorina.<\/p>\n<p data-start=\"3921\" data-end=\"4308\">Small\u2019i suurim tugevus on empaatia. Ta on ise l\u00e4bi teinud naisterattaspordi varasemad, sageli alarahastatud ajad \u2013 ajad, mil tuli \u00fchendada t\u00e4iskoormusega treeningud osalise t\u00f6\u00f6ajaga t\u00f6\u00f6dega, toime tulla pikkade s\u00f5itude ja ebakindlate lepingutega. See kogemus kujundab tugevalt tema juhtimisstiili. Ta on tuntud tasakaalukuse, l\u00e4bipaistvuse ja s\u00fcgavalt ratturikeskse l\u00e4henemise poolest.<\/p>\n<p data-start=\"4310\" data-end=\"4632\">Tema kohalolu n\u00e4itab ka laiemat muutust: spordis tekivad naistele reaalsed karj\u00e4\u00e4riv\u00f5imalused ka p\u00e4rast seda, kui nad kiivri varna riputavad. Kui varasemad p\u00f5lvkonnad lahkusid sageli rattaspordist t\u00e4ielikult, siis t\u00e4nased profid v\u00f5ivad vaadata Small\u2019i-suguste poole ja n\u00e4ha tulevikku, mis keerleb endiselt rataste \u00fcmber.<\/p>\n<h2 data-start=\"4635\" data-end=\"4705\"><strong>Beth Duryea \u2013 nende lugude jutustaja, mis hoiavad rattaid veeremas<\/strong><\/h2>\n<p data-start=\"4707\" data-end=\"5067\">Mitte iga rattaspordi liider ei t\u00f6\u00f6ta tiimiautos ega r\u00e4\u00e4gi v\u00f5istlusraadiost. Beth Duryea m\u00f5ju tuleb sellest, kuidas ta aitab suunata ala suhtlust \u00fclej\u00e4\u00e4nud maailmaga. <a href=\"https:\/\/wmncycling.com\/\">CANYON\/\/SRAM Racing<\/a>u kommunikatsiooni- ja turundusjuhina ning \u00fche algse tiimivisiooni loojana on Duryea t\u00f6\u00f6 oluliselt muutnud, kuidas naisterattasporti f\u00e4nnidele ja sponsoritele esitle\u00adtakse.<\/p>\n<p data-start=\"5069\" data-end=\"5434\">Algselt f\u00fcsioterapeudiks \u00f5ppinud Duryea alustas toetavates rollides, liikudes seej\u00e4rel logistika ja kommunikatsiooni valdkonda, kus ta leidis oma t\u00f5elise kutsumuse. Ta on aidanud kujundada tiimi h\u00e4\u00e4lt nii v\u00f5istluslikuks kui ka kogukonnale suunatuks, tuues rattureid esile nii tippsportlastena kui ka isiksustena. See pole pelgalt PR \u2013 see on elluj\u00e4\u00e4misstrateegia.<\/p>\n<p data-start=\"5436\" data-end=\"5812\">Tema meediastrateegia aitas luua ka tiimi koost\u00f6\u00f6 Zwift Academy programmiga, mis annab harrastajatele v\u00f5imaluse j\u00f5uda otse profiridadele \u2013 elav t\u00f5estus, et kommunikatsioon ja talendiarendus v\u00f5ivad teineteist toetada. T\u00f5stes esile naisterattaspordi lugusid ja narratiive, on Duryea aidanud muuta selle mitte ainult millekski, mida austada, vaid millekski, millesse panustada.<\/p>\n<h2 data-start=\"5815\" data-end=\"5871\"><strong>Rochelle Gilmore \u2013 tiimide ehitaja ja t\u00f5kete l\u00f5hkuja<\/strong><\/h2>\n<p data-start=\"5873\" data-end=\"6207\">Austraallase Rochelle Gilmore\u2019i jaoks on rattasport alati olnud loovuse v\u00e4ljund. P\u00e4rast aastaid rahvusvahelisel areenil sprinterina tegutsenuna suunas ta oma v\u00f5itlushimu juhtimisse ning asutas 2013. aastal Wiggle High5 Pro Cycling tiimi. Tema eesm\u00e4rk oli \u00fcheselt ambitsioonikas: luua maailma k\u00f5ige professionaalsem naiste rattatiim.<\/p>\n<p data-start=\"6209\" data-end=\"6693\">Gilmore rajas struktuuri, mis peegeldas meeste pelotoni parimaid n\u00e4iteid \u2013 p\u00fchendunud taustatiim, tugevad sponsorlussuhted ja ratturite palgad, mis kajastasid nende tegelikku v\u00e4\u00e4rtust. Wiggle High5 sai tema juhtimisel eeskujuks sellest, milline v\u00f5iks naiskond v\u00e4lja n\u00e4ha ja toimida, kui seda t\u00f5siselt toetada. Kuigi tiim l\u00f5petas tegevuse 2018. aastal, elab selle p\u00e4rand edasi \u2013 paljud ratturid ja taustaj\u00f5ud j\u00e4tkasid uutes projektides, kandes edasi sama professionaalsuse p\u00f5him\u00f5tet.<\/p>\n<p data-start=\"6695\" data-end=\"7030\">Lisaks oma tiimi \u00fclesehitamisele on Gilmore olnud h\u00e4\u00e4lekas v\u00f5rdsuse ja arenduse eestk\u00f5neleja, t\u00f6\u00f6tanud UCI naistekomisjonis ning toetanud noorteprogramme Austraalias. Tema karj\u00e4\u00e4r n\u00e4itab, et juhtimine rattaspordis ei t\u00e4henda ainult positsiooni hoidmist \u2013 see t\u00e4hendab selle kasutamist, et luua v\u00f5imalusi, mida varem ei eksisteerinud.<\/p>\n<h2 data-start=\"7033\" data-end=\"7048\"><strong>Suurem pilt<\/strong><\/h2>\n<p data-start=\"7050\" data-end=\"7219\">Kui v\u00f5istlusradu, sponsorstrateegiaid ja \u00fclekandekavasid aitavad kujundada inimesed, kelle kogemused on mitmekesisemad, muutub ka ala ise rikkamaks ja d\u00fcnaamilisemaks.<\/p>\n<p data-start=\"7221\" data-end=\"7536\">Muutust on v\u00f5imalik ka m\u00f5\u00f5ta. UCI spordidirektorite diplomi programm on n\u00e4inud naisosalejate arvu stabiilset kasvu \u2013 2022. aasta lennus osales juba 13 naist, samas kui programmi esimeses aastak\u00e4igus polnud \u00fchtegi. Vaikselt hakkab s\u00fcsteem j\u00e4rele j\u00f5udma sellele talendile, mis on tegelikult juba ammu ruumis olemas.<\/p>\n<p data-start=\"7538\" data-end=\"7925\">V\u00e4ljakutseid on muidugi endiselt. Mehed hoiavad profirattaspordi juhtivatel positsioonidel enamust ning naiskondade eelarved j\u00e4\u00e4vad j\u00e4tkuvalt meesmeeskondade omadele alla. Kuid energia on muutumas. Sama sihikindlus, mis kandis neid naisi l\u00e4bi aastate pikkadest karj\u00e4\u00e4ridest (v\u00f5i aastatepikkusest alahindamisest), aitab neil n\u00fc\u00fcd \u00fcmber kujundada samu s\u00fcsteeme, mis neid kunagi piirasid.<\/p>\n<p data-start=\"7927\" data-end=\"8307\" data-is-last-node=\"\" data-is-only-node=\"\">Mida rohkem naisi siseneb juhtrollidesse \u2013 olgu see siis tiimijuhtimises, meedias v\u00f5i \u00fcrituste korralduses \u2013, seda enam v\u00f5idab kogu rattasport midagi, millest on kaua puudus olnud: j\u00e4rjepidevust. Kogemus ja teadmised j\u00e4\u00e4vad alasse alles, selle asemel et kaduda koos ratturite lahkumisega. Tulemuseks on tugevam ja kestlikum \u00f6kos\u00fcsteem, millest v\u00f5idavad k\u00f5ik \u2013 mitte ainult naised.<\/p>\n","protected":false},"excerpt":{"rendered":"<p>Aastak\u00fcmneid on jutt soolisest v\u00f5rdsusest profirattaspordis keskendunud peaaegu t\u00e4ielikult sportlastele endile. Kuid koos spordiala arenguga n\u00e4eme \u00fcha rohkem naisi v\u00f5tmas [&hellip;]<\/p>\n","protected":false},"author":174,"featured_media":3233,"comment_status":"open","ping_status":"open","sticky":false,"template":"","format":"standard","meta":{"footnotes":""},"categories":[39],"tags":[550,551,552,553,394,555,554],"global-categories":[22],"class_list":["post-3232","post","type-post","status-publish","format-standard","has-post-thumbnail","hentry","category-maanteesoit","tag-beth-dureya","tag-carmen-small","tag-cherie-pridham","tag-marion-rousse","tag-naiste-propeloton","tag-naiste-rattasport","tag-rochelle-gilmore","global-categories-cycling"],"yoast_head":"<!-- This site is optimized with the Yoast SEO Premium plugin v25.3 (Yoast SEO v25.9) - https:\/\/yoast.com\/wordpress\/plugins\/seo\/ -->\n<title>Naised, kes kujundavad profirattaspordi tulevikku \u2013 kulisside taga - \u0160koda We Love Cycling - Estonia<\/title>\n<meta name=\"description\" content=\"Aastak\u00fcmneid on jutt soolisest v\u00f5rdsusest profirattaspordis keskendunud peaaegu t\u00e4ielikult sportlastele endile. Kuid koos spordiala arenguga n\u00e4eme \u00fcha rohkem naisi v\u00f5tmas v\u00f5tmerolli rattaspordi tuleviku kujundamisel kulisside taga. Alates v\u00f5istluste direktorite ja meeskonnajuhtide rollidest kuni kommunikatsioonijuhtide ja spordidirektoriteni \u2013 rohkem naisi kui kunagi varem m\u00f5jutab otseselt, kuidas profirattasport on \u00fcles ehitatud, millist tooni see kannab ja milline on selle kultuur. Nemad teevad otsuseid selle \u00fcle, kuidas tiimid toimivad, kuidas lugusid r\u00e4\u00e4gitakse ja kuidas ala suudab l\u00f5puks saavutada tasakaalu ja professionaalsuse eri sugude vahel.\" \/>\n<meta name=\"robots\" content=\"index, follow, max-snippet:-1, max-image-preview:large, max-video-preview:-1\" \/>\n<link rel=\"canonical\" href=\"https:\/\/www.welovecycling.com\/ee\/2025\/11\/17\/naised-kes-kujundavad-profirattaspordi-tulevikku-kulisside-taga\/\" \/>\n<meta property=\"og:locale\" content=\"et_EE\" \/>\n<meta property=\"og:type\" content=\"article\" \/>\n<meta property=\"og:title\" content=\"Naised, kes kujundavad profirattaspordi tulevikku \u2013 kulisside taga\" \/>\n<meta property=\"og:description\" content=\"Aastak\u00fcmneid on jutt soolisest v\u00f5rdsusest profirattaspordis keskendunud peaaegu t\u00e4ielikult sportlastele endile. Kuid koos spordiala arenguga n\u00e4eme \u00fcha rohkem naisi v\u00f5tmas v\u00f5tmerolli rattaspordi tuleviku kujundamisel kulisside taga. Alates v\u00f5istluste direktorite ja meeskonnajuhtide rollidest kuni kommunikatsioonijuhtide ja spordidirektoriteni \u2013 rohkem naisi kui kunagi varem m\u00f5jutab otseselt, kuidas profirattasport on \u00fcles ehitatud, millist tooni see kannab ja milline on selle kultuur. Nemad teevad otsuseid selle \u00fcle, kuidas tiimid toimivad, kuidas lugusid r\u00e4\u00e4gitakse ja kuidas ala suudab l\u00f5puks saavutada tasakaalu ja professionaalsuse eri sugude vahel.\" \/>\n<meta property=\"og:url\" content=\"https:\/\/www.welovecycling.com\/ee\/2025\/11\/17\/naised-kes-kujundavad-profirattaspordi-tulevikku-kulisside-taga\/\" \/>\n<meta property=\"og:site_name\" content=\"\u0160koda We Love Cycling - Estonia\" \/>\n<meta property=\"article:published_time\" content=\"2025-11-17T14:37:19+00:00\" \/>\n<meta property=\"og:image\" content=\"https:\/\/d2p6e6u75xmxt8.cloudfront.net\/15\/2025\/11\/naised.webp\" \/>\n\t<meta property=\"og:image:width\" content=\"988\" \/>\n\t<meta property=\"og:image:height\" content=\"658\" \/>\n\t<meta property=\"og:image:type\" content=\"image\/webp\" \/>\n<meta name=\"author\" content=\"andre\" \/>\n<meta name=\"twitter:card\" content=\"summary_large_image\" \/>\n<meta name=\"twitter:label1\" content=\"Written by\" \/>\n\t<meta name=\"twitter:data1\" content=\"Megan Flottorp\" \/>\n\t<meta name=\"twitter:label2\" content=\"Est. reading time\" \/>\n\t<meta name=\"twitter:data2\" content=\"5\" \/>\n<script type=\"application\/ld+json\" class=\"yoast-schema-graph\">{\"@context\":\"https:\/\/schema.org\",\"@graph\":[{\"@type\":\"WebPage\",\"@id\":\"https:\/\/www.welovecycling.com\/ee\/2025\/11\/17\/naised-kes-kujundavad-profirattaspordi-tulevikku-kulisside-taga\/\",\"url\":\"https:\/\/www.welovecycling.com\/ee\/2025\/11\/17\/naised-kes-kujundavad-profirattaspordi-tulevikku-kulisside-taga\/\",\"name\":\"Naised, kes kujundavad profirattaspordi tulevikku \u2013 kulisside taga - \u0160koda We Love Cycling - Estonia\",\"isPartOf\":{\"@id\":\"https:\/\/www.welovecycling.com\/ee\/#website\"},\"primaryImageOfPage\":{\"@id\":\"https:\/\/www.welovecycling.com\/ee\/2025\/11\/17\/naised-kes-kujundavad-profirattaspordi-tulevikku-kulisside-taga\/#primaryimage\"},\"image\":{\"@id\":\"https:\/\/www.welovecycling.com\/ee\/2025\/11\/17\/naised-kes-kujundavad-profirattaspordi-tulevikku-kulisside-taga\/#primaryimage\"},\"thumbnailUrl\":\"https:\/\/d2p6e6u75xmxt8.cloudfront.net\/15\/2025\/11\/naised.webp\",\"datePublished\":\"2025-11-17T14:37:19+00:00\",\"author\":{\"@id\":\"https:\/\/www.welovecycling.com\/ee\/#\/schema\/person\/8b7101c4bd1b1ae9d3732ebb1e6caf57\"},\"description\":\"Aastak\u00fcmneid on jutt soolisest v\u00f5rdsusest profirattaspordis keskendunud peaaegu t\u00e4ielikult sportlastele endile. Kuid koos spordiala arenguga n\u00e4eme \u00fcha rohkem naisi v\u00f5tmas v\u00f5tmerolli rattaspordi tuleviku kujundamisel kulisside taga. Alates v\u00f5istluste direktorite ja meeskonnajuhtide rollidest kuni kommunikatsioonijuhtide ja spordidirektoriteni \u2013 rohkem naisi kui kunagi varem m\u00f5jutab otseselt, kuidas profirattasport on \u00fcles ehitatud, millist tooni see kannab ja milline on selle kultuur. Nemad teevad otsuseid selle \u00fcle, kuidas tiimid toimivad, kuidas lugusid r\u00e4\u00e4gitakse ja kuidas ala suudab l\u00f5puks saavutada tasakaalu ja professionaalsuse eri sugude vahel.\",\"inLanguage\":\"et\",\"potentialAction\":[{\"@type\":\"ReadAction\",\"target\":[\"https:\/\/www.welovecycling.com\/ee\/2025\/11\/17\/naised-kes-kujundavad-profirattaspordi-tulevikku-kulisside-taga\/\"]}]},{\"@type\":\"ImageObject\",\"inLanguage\":\"et\",\"@id\":\"https:\/\/www.welovecycling.com\/ee\/2025\/11\/17\/naised-kes-kujundavad-profirattaspordi-tulevikku-kulisside-taga\/#primaryimage\",\"url\":\"https:\/\/d2p6e6u75xmxt8.cloudfront.net\/15\/2025\/11\/naised.webp\",\"contentUrl\":\"https:\/\/d2p6e6u75xmxt8.cloudfront.net\/15\/2025\/11\/naised.webp\",\"width\":988,\"height\":658},{\"@type\":\"WebSite\",\"@id\":\"https:\/\/www.welovecycling.com\/ee\/#website\",\"url\":\"https:\/\/www.welovecycling.com\/ee\/\",\"name\":\"\u0160koda We Love Cycling - Estonia\",\"description\":\"\",\"potentialAction\":[{\"@type\":\"SearchAction\",\"target\":{\"@type\":\"EntryPoint\",\"urlTemplate\":\"https:\/\/www.welovecycling.com\/ee\/?s={search_term_string}\"},\"query-input\":{\"@type\":\"PropertyValueSpecification\",\"valueRequired\":true,\"valueName\":\"search_term_string\"}}],\"inLanguage\":\"et\"},{\"@type\":\"Person\",\"@id\":\"https:\/\/www.welovecycling.com\/ee\/#\/schema\/person\/8b7101c4bd1b1ae9d3732ebb1e6caf57\",\"name\":\"andre\",\"image\":{\"@type\":\"ImageObject\",\"inLanguage\":\"et\",\"@id\":\"https:\/\/www.welovecycling.com\/ee\/#\/schema\/person\/image\/\",\"url\":\"https:\/\/secure.gravatar.com\/avatar\/0656b3224fe17b018f43b8a562625dd43d30827f027b2f62bc5a05711fec9a61?s=96&d=mm&r=g\",\"contentUrl\":\"https:\/\/secure.gravatar.com\/avatar\/0656b3224fe17b018f43b8a562625dd43d30827f027b2f62bc5a05711fec9a61?s=96&d=mm&r=g\",\"caption\":\"andre\"},\"url\":\"https:\/\/www.welovecycling.com\/ee\/author\/andre\/\"}]}<\/script>\n<!-- \/ Yoast SEO Premium plugin. -->","yoast_head_json":{"title":"Naised, kes kujundavad profirattaspordi tulevikku \u2013 kulisside taga - \u0160koda We Love Cycling - Estonia","description":"Aastak\u00fcmneid on jutt soolisest v\u00f5rdsusest profirattaspordis keskendunud peaaegu t\u00e4ielikult sportlastele endile. Kuid koos spordiala arenguga n\u00e4eme \u00fcha rohkem naisi v\u00f5tmas v\u00f5tmerolli rattaspordi tuleviku kujundamisel kulisside taga. Alates v\u00f5istluste direktorite ja meeskonnajuhtide rollidest kuni kommunikatsioonijuhtide ja spordidirektoriteni \u2013 rohkem naisi kui kunagi varem m\u00f5jutab otseselt, kuidas profirattasport on \u00fcles ehitatud, millist tooni see kannab ja milline on selle kultuur. Nemad teevad otsuseid selle \u00fcle, kuidas tiimid toimivad, kuidas lugusid r\u00e4\u00e4gitakse ja kuidas ala suudab l\u00f5puks saavutada tasakaalu ja professionaalsuse eri sugude vahel.","robots":{"index":"index","follow":"follow","max-snippet":"max-snippet:-1","max-image-preview":"max-image-preview:large","max-video-preview":"max-video-preview:-1"},"canonical":"https:\/\/www.welovecycling.com\/ee\/2025\/11\/17\/naised-kes-kujundavad-profirattaspordi-tulevikku-kulisside-taga\/","og_locale":"et_EE","og_type":"article","og_title":"Naised, kes kujundavad profirattaspordi tulevikku \u2013 kulisside taga","og_description":"Aastak\u00fcmneid on jutt soolisest v\u00f5rdsusest profirattaspordis keskendunud peaaegu t\u00e4ielikult sportlastele endile. Kuid koos spordiala arenguga n\u00e4eme \u00fcha rohkem naisi v\u00f5tmas v\u00f5tmerolli rattaspordi tuleviku kujundamisel kulisside taga. Alates v\u00f5istluste direktorite ja meeskonnajuhtide rollidest kuni kommunikatsioonijuhtide ja spordidirektoriteni \u2013 rohkem naisi kui kunagi varem m\u00f5jutab otseselt, kuidas profirattasport on \u00fcles ehitatud, millist tooni see kannab ja milline on selle kultuur. Nemad teevad otsuseid selle \u00fcle, kuidas tiimid toimivad, kuidas lugusid r\u00e4\u00e4gitakse ja kuidas ala suudab l\u00f5puks saavutada tasakaalu ja professionaalsuse eri sugude vahel.","og_url":"https:\/\/www.welovecycling.com\/ee\/2025\/11\/17\/naised-kes-kujundavad-profirattaspordi-tulevikku-kulisside-taga\/","og_site_name":"\u0160koda We Love Cycling - Estonia","article_published_time":"2025-11-17T14:37:19+00:00","og_image":[{"width":988,"height":658,"url":"https:\/\/d2p6e6u75xmxt8.cloudfront.net\/15\/2025\/11\/naised.webp","type":"image\/webp"}],"author":"andre","twitter_card":"summary_large_image","twitter_misc":{"Written by":"Megan Flottorp","Est. reading time":"5"},"schema":{"@context":"https:\/\/schema.org","@graph":[{"@type":"WebPage","@id":"https:\/\/www.welovecycling.com\/ee\/2025\/11\/17\/naised-kes-kujundavad-profirattaspordi-tulevikku-kulisside-taga\/","url":"https:\/\/www.welovecycling.com\/ee\/2025\/11\/17\/naised-kes-kujundavad-profirattaspordi-tulevikku-kulisside-taga\/","name":"Naised, kes kujundavad profirattaspordi tulevikku \u2013 kulisside taga - \u0160koda We Love Cycling - Estonia","isPartOf":{"@id":"https:\/\/www.welovecycling.com\/ee\/#website"},"primaryImageOfPage":{"@id":"https:\/\/www.welovecycling.com\/ee\/2025\/11\/17\/naised-kes-kujundavad-profirattaspordi-tulevikku-kulisside-taga\/#primaryimage"},"image":{"@id":"https:\/\/www.welovecycling.com\/ee\/2025\/11\/17\/naised-kes-kujundavad-profirattaspordi-tulevikku-kulisside-taga\/#primaryimage"},"thumbnailUrl":"https:\/\/d2p6e6u75xmxt8.cloudfront.net\/15\/2025\/11\/naised.webp","datePublished":"2025-11-17T14:37:19+00:00","author":{"@id":"https:\/\/www.welovecycling.com\/ee\/#\/schema\/person\/8b7101c4bd1b1ae9d3732ebb1e6caf57"},"description":"Aastak\u00fcmneid on jutt soolisest v\u00f5rdsusest profirattaspordis keskendunud peaaegu t\u00e4ielikult sportlastele endile. Kuid koos spordiala arenguga n\u00e4eme \u00fcha rohkem naisi v\u00f5tmas v\u00f5tmerolli rattaspordi tuleviku kujundamisel kulisside taga. Alates v\u00f5istluste direktorite ja meeskonnajuhtide rollidest kuni kommunikatsioonijuhtide ja spordidirektoriteni \u2013 rohkem naisi kui kunagi varem m\u00f5jutab otseselt, kuidas profirattasport on \u00fcles ehitatud, millist tooni see kannab ja milline on selle kultuur. Nemad teevad otsuseid selle \u00fcle, kuidas tiimid toimivad, kuidas lugusid r\u00e4\u00e4gitakse ja kuidas ala suudab l\u00f5puks saavutada tasakaalu ja professionaalsuse eri sugude vahel.","inLanguage":"et","potentialAction":[{"@type":"ReadAction","target":["https:\/\/www.welovecycling.com\/ee\/2025\/11\/17\/naised-kes-kujundavad-profirattaspordi-tulevikku-kulisside-taga\/"]}]},{"@type":"ImageObject","inLanguage":"et","@id":"https:\/\/www.welovecycling.com\/ee\/2025\/11\/17\/naised-kes-kujundavad-profirattaspordi-tulevikku-kulisside-taga\/#primaryimage","url":"https:\/\/d2p6e6u75xmxt8.cloudfront.net\/15\/2025\/11\/naised.webp","contentUrl":"https:\/\/d2p6e6u75xmxt8.cloudfront.net\/15\/2025\/11\/naised.webp","width":988,"height":658},{"@type":"WebSite","@id":"https:\/\/www.welovecycling.com\/ee\/#website","url":"https:\/\/www.welovecycling.com\/ee\/","name":"\u0160koda We Love Cycling - Estonia","description":"","potentialAction":[{"@type":"SearchAction","target":{"@type":"EntryPoint","urlTemplate":"https:\/\/www.welovecycling.com\/ee\/?s={search_term_string}"},"query-input":{"@type":"PropertyValueSpecification","valueRequired":true,"valueName":"search_term_string"}}],"inLanguage":"et"},{"@type":"Person","@id":"https:\/\/www.welovecycling.com\/ee\/#\/schema\/person\/8b7101c4bd1b1ae9d3732ebb1e6caf57","name":"andre","image":{"@type":"ImageObject","inLanguage":"et","@id":"https:\/\/www.welovecycling.com\/ee\/#\/schema\/person\/image\/","url":"https:\/\/secure.gravatar.com\/avatar\/0656b3224fe17b018f43b8a562625dd43d30827f027b2f62bc5a05711fec9a61?s=96&d=mm&r=g","contentUrl":"https:\/\/secure.gravatar.com\/avatar\/0656b3224fe17b018f43b8a562625dd43d30827f027b2f62bc5a05711fec9a61?s=96&d=mm&r=g","caption":"andre"},"url":"https:\/\/www.welovecycling.com\/ee\/author\/andre\/"}]}},"_links":{"self":[{"href":"https:\/\/www.welovecycling.com\/ee\/wp-json\/wp\/v2\/posts\/3232","targetHints":{"allow":["GET"]}}],"collection":[{"href":"https:\/\/www.welovecycling.com\/ee\/wp-json\/wp\/v2\/posts"}],"about":[{"href":"https:\/\/www.welovecycling.com\/ee\/wp-json\/wp\/v2\/types\/post"}],"author":[{"embeddable":true,"href":"https:\/\/www.welovecycling.com\/ee\/wp-json\/wp\/v2\/users\/174"}],"replies":[{"embeddable":true,"href":"https:\/\/www.welovecycling.com\/ee\/wp-json\/wp\/v2\/comments?post=3232"}],"version-history":[{"count":1,"href":"https:\/\/www.welovecycling.com\/ee\/wp-json\/wp\/v2\/posts\/3232\/revisions"}],"predecessor-version":[{"id":3234,"href":"https:\/\/www.welovecycling.com\/ee\/wp-json\/wp\/v2\/posts\/3232\/revisions\/3234"}],"wp:featuredmedia":[{"embeddable":true,"href":"https:\/\/www.welovecycling.com\/ee\/wp-json\/wp\/v2\/media\/3233"}],"wp:attachment":[{"href":"https:\/\/www.welovecycling.com\/ee\/wp-json\/wp\/v2\/media?parent=3232"}],"wp:term":[{"taxonomy":"category","embeddable":true,"href":"https:\/\/www.welovecycling.com\/ee\/wp-json\/wp\/v2\/categories?post=3232"},{"taxonomy":"post_tag","embeddable":true,"href":"https:\/\/www.welovecycling.com\/ee\/wp-json\/wp\/v2\/tags?post=3232"},{"taxonomy":"global-categories","embeddable":true,"href":"https:\/\/www.welovecycling.com\/ee\/wp-json\/wp\/v2\/global-categories?post=3232"}],"curies":[{"name":"wp","href":"https:\/\/api.w.org\/{rel}","templated":true}]}}