{"id":3220,"date":"2025-11-11T12:04:46","date_gmt":"2025-11-11T09:04:46","guid":{"rendered":"https:\/\/www.welovecycling.com\/ee\/?p=3220"},"modified":"2025-11-19T14:19:37","modified_gmt":"2025-11-19T11:19:37","slug":"mis-vark-nedne-ketoonilisanditega-profirattaspordis-on","status":"publish","type":"post","link":"https:\/\/www.welovecycling.com\/ee\/2025\/11\/11\/mis-vark-nedne-ketoonilisanditega-profirattaspordis-on\/","title":{"rendered":"Mis v\u00e4rk nende ketoonilisanditega profirattaspordis on?"},"content":{"rendered":"<h3 data-start=\"142\" data-end=\"444\"><strong>Rahvusvaheline jalgrattaliit UCI teatas hiljuti, et ketoonilisandeid \u201eei ole <\/strong><strong>profirattaspordis\u00a0<\/strong><strong>p\u00f5hjust kasutada\u201c. See avaldus t\u00f5statab k\u00fcsimused: kui laialdaselt neid tegelikult pelotonis kasutatakse ja mida see t\u00e4hendab meeskondadele, s\u00f5itjatele ning amat\u00f6\u00f6ridele, kes p\u00fc\u00fcavad proffe matkida?<\/strong><\/h3>\n<p data-start=\"142\" data-end=\"444\"><!--more--><\/p>\n<hr data-start=\"446\" data-end=\"449\" \/>\n<h2 data-start=\"451\" data-end=\"499\"><strong>Mis on ketoonid ja miks neist \u00fcldse hoolida?<\/strong><\/h2>\n<p data-start=\"500\" data-end=\"754\">Ketoonid on molekulid, mida keha toodab loomulikul teel siis, kui s\u00fcsivesikute varud on madalad. Ketoonilisandid \u2013 s\u00fcnteetilised estrid v\u00f5i soolad \u2013 p\u00fc\u00fcavad sellest tootmisprotsessist m\u00f6\u00f6da hiilida, t\u00f5stes vere ketoonitaset ilma paastumise v\u00f5i range ketogeense dieedita.<\/p>\n<p data-start=\"756\" data-end=\"1117\">M\u00f5ni aasta tagasi olid need rattamaailma k\u00f5ige kuumim \u201emarginal gain\u201c (marginaalne edu). Meeskonnad uurisid, kas ketoonid aitavad kiirendada taastumist mitmep\u00e4evas\u00f5idu etappide vahel, s\u00e4\u00e4sta lihasgl\u00fckogeeni, parandada keskendumist pikkadel s\u00f5itudel, toetada immuuns\u00fcsteemi v\u00f5i stabiliseerida veresuhkrut ja und. Tootjad ja varajased kasutajad v\u00e4itsid, et see on <a href=\"https:\/\/www.welovecycling.com\/wide\/2022\/07\/19\/jumbo-visma-nutrition-at-the-tour-ketones\/\">revolutsiooniline samm sportlaste energiaga varustamise keerukal teel.<\/a><\/p>\n<p data-start=\"1119\" data-end=\"1526\">Samas hakkasid <a href=\"https:\/\/www.welovecycling.com\/wide\/2022\/06\/02\/ketone-supplements-do-not-improve-endurance\/\">teadusuuringud<\/a> n\u00e4itama vastuolulisi tulemusi. M\u00f5ned leidsid teatud olukordades taastumisele kasu, teised ei leidnud mingit m\u00f5ju. Osa uuringuid viitas isegi, et treeningu ajal v\u00f5ivad ketoonid hoopis v\u00e4hendada maksimaalse intensiivsuse v\u00f5imet. Selgus, et t\u00f5endid polnud kaugeltki sama tugevad kui n\u00e4iteks kreatiini puhul \u2013 pigem lubav idee, mis maksab palju ja mille teaduslik alus on veel ebaselge.<\/p>\n<hr data-start=\"1528\" data-end=\"1531\" \/>\n<h2 data-start=\"1533\" data-end=\"1563\">Kes neid praegu kasutavad?<\/h2>\n<p data-start=\"1570\" data-end=\"1761\">2025 aasta hetkeseis jaguneb kolmeks:<br data-start=\"1597\" data-end=\"1600\" \/>1\ufe0f\u20e3 meeskonnad, kes kasutavad ketoonilisandeid avalikult,<br data-start=\"1657\" data-end=\"1660\" \/>2\ufe0f\u20e3 meeskonnad, kes on need ametlikult v\u00e4listanud,<br data-start=\"1710\" data-end=\"1713\" \/>3\ufe0f\u20e3 ja \u00fclej\u00e4\u00e4nud, kes hoiavad oma kaarte varjus.<\/p>\n<p data-start=\"1763\" data-end=\"1790\"><strong data-start=\"1763\" data-end=\"1788\">Kinnitatud kasutajad:<\/strong><\/p>\n<ul>\n<li data-start=\"1793\" data-end=\"1960\"><a href=\"https:\/\/www.welovecycling.com\/wide\/2022\/07\/19\/jumbo-visma-nutrition-at-the-tour-ketones\/\"><strong data-start=\"1793\" data-end=\"1817\">Visma | Lease a Bike<\/strong><\/a> \u2013 kolme aasta pikkune koost\u00f6\u00f6 Ketone-IQ-ga alates 2024. Kevadest. Tiim m\u00e4rgib, et ketoonid on olnud nende toitumiss\u00fcsteemi osa juba aastaid.<\/li>\n<li data-start=\"1963\" data-end=\"2131\"><strong data-start=\"1963\" data-end=\"1984\">Soudal Quick-Step<\/strong> \u2013 koost\u00f6\u00f6 KetoneAidiga alates 2022. aastast. Kasutatakse kindla j\u00e4relprotokolli j\u00e4rgi mitmep\u00e4evas\u00f5itudel koos kirsimahla ja taastumissheikidega.<\/li>\n<li data-start=\"2134\" data-end=\"2294\"><strong data-start=\"2134\" data-end=\"2156\">Alpecin\u2013Deceuninck<\/strong> \u2013 koost\u00f6\u00f6 deltaG-ga alates 2024. jaanuarist. Kasutusalad: taastumine, keskendumine ja \u00f6ine veresuhkru stabiilsus, eriti suurtel tuuridel.<\/li>\n<\/ul>\n<p data-start=\"2296\" data-end=\"2456\">Need kolm on maailma k\u00f5ige enam optimeeritud tiimid. On m\u00e4rkimisv\u00e4\u00e4rne, et nad j\u00e4tkavad ketoonide kasutamist mitme hooaja j\u00e4rel ja oma sisemiste andmete p\u00f5hjal.<\/p>\n<p data-start=\"2458\" data-end=\"2972\"><strong data-start=\"2458\" data-end=\"2506\">Tiimid, kes ketoonidest ametlikult loobunud:<\/strong><br data-start=\"2506\" data-end=\"2509\" \/>Liikumine <em data-start=\"2519\" data-end=\"2550\">Movement for Credible Cycling<\/em> (MPCC) keelab oma liikmetel ketoonilisandeid kasutada. Nende hulka kuuluvad <strong data-start=\"2627\" data-end=\"2647\">Ark\u00e9a\u2013B&amp;B Hotels<\/strong>, <strong data-start=\"2649\" data-end=\"2660\">Cofidis<\/strong>, <strong data-start=\"2662\" data-end=\"2692\">Decathlon\u2013AG2R La Mondiale<\/strong>, <strong data-start=\"2694\" data-end=\"2719\">EF Education\u2013EasyPost<\/strong>, <strong data-start=\"2721\" data-end=\"2737\">Groupama\u2013FDJ<\/strong>, <strong data-start=\"2739\" data-end=\"2760\">Intermarch\u00e9\u2013Wanty<\/strong> ja <strong data-start=\"2764\" data-end=\"2793\">Team dsm-firmenich PostNL<\/strong>.<br data-start=\"2794\" data-end=\"2797\" \/>Need meeskonnad on v\u00f5tnud avaliku kohustuse ketoonidest hoiduda, l\u00e4htudes l\u00e4bipaistvuse p\u00f5him\u00f5ttest ja ettevaatlikust suhtumisest teaduslikult ebaselgetesse toidulisanditesse.<\/p>\n<hr data-start=\"2974\" data-end=\"2977\" \/>\n<h2 data-start=\"2979\" data-end=\"3019\"><strong>Kuidas ketoonilisandeid kasutatakse?<\/strong><\/h2>\n<p data-start=\"3020\" data-end=\"3233\">T\u00e4pne kasutusprotokoll on harva avalik, kuid k\u00f5ige konkreetsem info tuleb Soudal Quick-Stepist: mitmep\u00e4evas\u00f5itudel manustatakse ketoone kohe p\u00e4rast etappi. Fookus on taastumisel, mitte v\u00f5istluseaegsel energiavarustusel.<\/p>\n<p data-start=\"3235\" data-end=\"3448\">Teised meeskonnad n\u00e4evad kasusid sarnaselt \u2013 neid kasutatakse vahendina j\u00e4rjestikuste v\u00f5istlusp\u00e4evade koormuse, vaimse v\u00e4simuse ja une reguleerimiseks. Mitte igap\u00e4evaseks kasutuseks, vaid spetsiifilisteks k\u00f5rge koormuse perioodideks.<\/p>\n<p data-start=\"3450\" data-end=\"3539\">Ehk siis: ketoonidest on saanud ni\u0161itoidulisand taastumiseks, mitte igap\u00e4evane imevahend.<\/p>\n<hr data-start=\"3541\" data-end=\"3544\" \/>\n<h2 data-start=\"3546\" data-end=\"3580\"><strong>Ketoonide teekond rattaspordis<\/strong><\/h2>\n<ul>\n<li><strong data-start=\"3583\" data-end=\"3610\">2010. aastate keskpaik:<\/strong> hakkas vaikselt levima<\/li>\n<li><strong data-start=\"3631\" data-end=\"3645\">2018\u20132022:<\/strong> suurim n\u00e4htavus ja h\u00fcpe<\/li>\n<li><strong data-start=\"3674\" data-end=\"3688\">2023\u20132025:<\/strong> j\u00e4tkuv valikuline kasutus<\/li>\n<li><strong data-start=\"3719\" data-end=\"3728\">2025:<\/strong> UCI soovitab v\u00e4ltida, kuid ei keela<\/li>\n<\/ul>\n<p><strong data-start=\"3769\" data-end=\"3785\">MPCC tiimid:<\/strong> t\u00e4ielikult loobunud<\/p>\n<p data-start=\"3809\" data-end=\"4056\">Tulemus: see pole enam saladuslik v\u00f5iduv\u00f5ti, kuid ka mitte t\u00e4ielikult edu tagajaks tituleeritud imerohi. Ketoonid on j\u00e4\u00e4nud halli tsooni \u2013 piisavalt uuritud, et teada, et need pole imerohi, kuid piisavalt huvitavad, et m\u00f5ni tiim peab neid kontekstist s\u00f5ltuvalt kasulikuks.<\/p>\n<hr data-start=\"4058\" data-end=\"4061\" \/>\n<h2 data-start=\"4063\" data-end=\"4095\"><strong>Mida t\u00e4hendab UCI seisukoht?<\/strong><\/h2>\n<p data-start=\"4096\" data-end=\"4353\">UCI s\u00f5nastus on oluline \u2013 keeldu ei ole. Nad <a href=\"https:\/\/www.uci.org\/pressrelease\/uci-declaration-concerning-the-use-of-ketone-supplements-by-cyclists\/i4RNiOalWYxGqYtQ6h2rt\">\u00fctlevad<\/a> vaid, et t\u00f5endid ei toeta nende kasutamisest saadavat kasu, seega puudub vajadus neid tarvitada. See j\u00e4tab tiimidele vabaduse j\u00e4tkata, kuid toob kaasa suurema t\u00e4helepanu. Kui kasu pole kindlalt t\u00f5estatud \u2013 miks \u00fcldse kasutada?<\/p>\n<p data-start=\"4355\" data-end=\"4595\">Avaldus v\u00f5ib ka v\u00e4hendada survet s\u00f5itjatele, kes tunnevad, et peavad midagi v\u00f5tma vaid seet\u00f5ttu, et konkurendid v\u00f5tavad. See on meeldetuletus, et profirattasport pole immuunne moehulluste, turundusm\u00f5jude ja pikemaid uuringuid vajavate teeside suhtes.<\/p>\n<hr data-start=\"4597\" data-end=\"4600\" \/>\n<h2 data-start=\"4602\" data-end=\"4643\"><strong>Mida amat\u00f6\u00f6r peaks sellest j\u00e4reldama?<\/strong><\/h2>\n<p data-start=\"4644\" data-end=\"4907\">Kui sa ei s\u00f5ida 21 p\u00e4eva j\u00e4rjest ja sul ei ole tippf\u00fcsioloogide tiimi biomarkereid j\u00e4lgimas, siis sa t\u00f5en\u00e4oliselt <strong data-start=\"4758\" data-end=\"4786\">ei vaja ketoonilisandeid<\/strong>.<br data-start=\"4787\" data-end=\"4790\" \/>Investeeri parem t\u00f5estatud asjadesse: s\u00fcsivesikud s\u00f5idu ajal, valk p\u00e4rast, piisav uni, <a href=\"https:\/\/www.welovecycling.com\/wide\/series\/electrolytes-in-cycling\/\">elektrol\u00fc\u00fcdid<\/a> ja j\u00e4rjepidevus.<\/p>\n<p data-start=\"4909\" data-end=\"5113\">Profipelotoni suhtumine lisanditesse meenutab tehnoloogia arengut: esmalt elevus ja kiire kasutuselev\u00f5tt, siis teaduslik filtreerimine ja l\u00f5puks rahulik k\u00fcpsus. Ketoonid on just selles filtreerimisfaasis.<\/p>\n<p data-start=\"5115\" data-end=\"5305\">Kui need oleksid nii olulised, nagu algne haip v\u00e4itis \u2013 kasutaks neid k\u00f5ik. Aga ei kasuta.<br data-start=\"5205\" data-end=\"5208\" \/>Kui need ei annaks \u00fcldse midagi \u2013 oleksid targemad tiimid need ammu k\u00f5rvale j\u00e4tnud. Aga ei ole.<\/p>\n<p data-start=\"5307\" data-end=\"5473\" data-is-last-node=\"\" data-is-only-node=\"\">Ja selles peitubki t\u00f5de: ketoonid pole ei vastupidavuse tulevik ega t\u00e4ielik pettus. Nad on lihtsalt <strong data-start=\"5407\" data-end=\"5429\">kallis eksperiment<\/strong>, mida m\u00f5ned peavad siiani proovimist v\u00e4\u00e4rt viisiks edu saavutada.<\/p>\n","protected":false},"excerpt":{"rendered":"<p>Rahvusvaheline jalgrattaliit UCI teatas hiljuti, et ketoonilisandeid \u201eei ole profirattaspordis\u00a0p\u00f5hjust kasutada\u201c. See avaldus t\u00f5statab k\u00fcsimused: kui laialdaselt neid tegelikult pelotonis [&hellip;]<\/p>\n","protected":false},"author":174,"featured_media":3221,"comment_status":"open","ping_status":"open","sticky":false,"template":"","format":"standard","meta":{"footnotes":""},"categories":[43],"tags":[546,548,547],"global-categories":[22],"class_list":["post-3220","post","type-post","status-publish","format-standard","has-post-thumbnail","hentry","category-tervis-trenn","tag-ketoonid","tag-kuidas-ketoone-kasutatakse","tag-toidulisandid","global-categories-cycling"],"yoast_head":"<!-- This site is optimized with the Yoast SEO Premium plugin v25.3 (Yoast SEO v25.9) - https:\/\/yoast.com\/wordpress\/plugins\/seo\/ -->\n<title>Mis v\u00e4rk nende ketoonilisanditega profirattaspordis on? - \u0160koda We Love Cycling - Estonia<\/title>\n<meta name=\"description\" content=\"Rahvusvaheline jalgrattaliit UCI teatas hiljuti, et ketoonilisandeid \u201eei ole profirattaspordis\u00a0p\u00f5hjust kasutada\u201c. See avaldus t\u00f5statab k\u00fcsimused: kui laialdaselt neid tegelikult pelotonis kasutatakse ja mida see t\u00e4hendab meeskondadele, s\u00f5itjatele ning amat\u00f6\u00f6ridele, kes p\u00fc\u00fcavad proffe matkida?\" \/>\n<meta name=\"robots\" content=\"index, follow, max-snippet:-1, max-image-preview:large, max-video-preview:-1\" \/>\n<link rel=\"canonical\" href=\"https:\/\/www.welovecycling.com\/ee\/2025\/11\/11\/mis-vark-nedne-ketoonilisanditega-profirattaspordis-on\/\" \/>\n<meta property=\"og:locale\" content=\"et_EE\" \/>\n<meta property=\"og:type\" content=\"article\" \/>\n<meta property=\"og:title\" content=\"Mis v\u00e4rk nende ketoonilisanditega profirattaspordis on?\" \/>\n<meta property=\"og:description\" content=\"Rahvusvaheline jalgrattaliit UCI teatas hiljuti, et ketoonilisandeid \u201eei ole profirattaspordis\u00a0p\u00f5hjust kasutada\u201c. See avaldus t\u00f5statab k\u00fcsimused: kui laialdaselt neid tegelikult pelotonis kasutatakse ja mida see t\u00e4hendab meeskondadele, s\u00f5itjatele ning amat\u00f6\u00f6ridele, kes p\u00fc\u00fcavad proffe matkida?\" \/>\n<meta property=\"og:url\" content=\"https:\/\/www.welovecycling.com\/ee\/2025\/11\/11\/mis-vark-nedne-ketoonilisanditega-profirattaspordis-on\/\" \/>\n<meta property=\"og:site_name\" content=\"\u0160koda We Love Cycling - Estonia\" \/>\n<meta property=\"article:published_time\" content=\"2025-11-11T09:04:46+00:00\" \/>\n<meta property=\"article:modified_time\" content=\"2025-11-19T11:19:37+00:00\" \/>\n<meta property=\"og:image\" content=\"https:\/\/d2p6e6u75xmxt8.cloudfront.net\/15\/2025\/11\/ketoon.webp\" \/>\n\t<meta property=\"og:image:width\" content=\"987\" \/>\n\t<meta property=\"og:image:height\" content=\"660\" \/>\n\t<meta property=\"og:image:type\" content=\"image\/webp\" \/>\n<meta name=\"author\" content=\"andre\" \/>\n<meta name=\"twitter:card\" content=\"summary_large_image\" \/>\n<meta name=\"twitter:label1\" content=\"Written by\" \/>\n\t<meta name=\"twitter:data1\" content=\"Jiri Kaloc\" \/>\n\t<meta name=\"twitter:label2\" content=\"Est. reading time\" \/>\n\t<meta name=\"twitter:data2\" content=\"4\" \/>\n<script type=\"application\/ld+json\" class=\"yoast-schema-graph\">{\"@context\":\"https:\/\/schema.org\",\"@graph\":[{\"@type\":\"WebPage\",\"@id\":\"https:\/\/www.welovecycling.com\/ee\/2025\/11\/11\/mis-vark-nedne-ketoonilisanditega-profirattaspordis-on\/\",\"url\":\"https:\/\/www.welovecycling.com\/ee\/2025\/11\/11\/mis-vark-nedne-ketoonilisanditega-profirattaspordis-on\/\",\"name\":\"Mis v\u00e4rk nende ketoonilisanditega profirattaspordis on? - \u0160koda We Love Cycling - Estonia\",\"isPartOf\":{\"@id\":\"https:\/\/www.welovecycling.com\/ee\/#website\"},\"primaryImageOfPage\":{\"@id\":\"https:\/\/www.welovecycling.com\/ee\/2025\/11\/11\/mis-vark-nedne-ketoonilisanditega-profirattaspordis-on\/#primaryimage\"},\"image\":{\"@id\":\"https:\/\/www.welovecycling.com\/ee\/2025\/11\/11\/mis-vark-nedne-ketoonilisanditega-profirattaspordis-on\/#primaryimage\"},\"thumbnailUrl\":\"https:\/\/d2p6e6u75xmxt8.cloudfront.net\/15\/2025\/11\/ketoon.webp\",\"datePublished\":\"2025-11-11T09:04:46+00:00\",\"dateModified\":\"2025-11-19T11:19:37+00:00\",\"author\":{\"@id\":\"https:\/\/www.welovecycling.com\/ee\/#\/schema\/person\/8b7101c4bd1b1ae9d3732ebb1e6caf57\"},\"description\":\"Rahvusvaheline jalgrattaliit UCI teatas hiljuti, et ketoonilisandeid \u201eei ole profirattaspordis\u00a0p\u00f5hjust kasutada\u201c. See avaldus t\u00f5statab k\u00fcsimused: kui laialdaselt neid tegelikult pelotonis kasutatakse ja mida see t\u00e4hendab meeskondadele, s\u00f5itjatele ning amat\u00f6\u00f6ridele, kes p\u00fc\u00fcavad proffe matkida?\",\"inLanguage\":\"et\",\"potentialAction\":[{\"@type\":\"ReadAction\",\"target\":[\"https:\/\/www.welovecycling.com\/ee\/2025\/11\/11\/mis-vark-nedne-ketoonilisanditega-profirattaspordis-on\/\"]}]},{\"@type\":\"ImageObject\",\"inLanguage\":\"et\",\"@id\":\"https:\/\/www.welovecycling.com\/ee\/2025\/11\/11\/mis-vark-nedne-ketoonilisanditega-profirattaspordis-on\/#primaryimage\",\"url\":\"https:\/\/d2p6e6u75xmxt8.cloudfront.net\/15\/2025\/11\/ketoon.webp\",\"contentUrl\":\"https:\/\/d2p6e6u75xmxt8.cloudfront.net\/15\/2025\/11\/ketoon.webp\",\"width\":987,\"height\":660},{\"@type\":\"WebSite\",\"@id\":\"https:\/\/www.welovecycling.com\/ee\/#website\",\"url\":\"https:\/\/www.welovecycling.com\/ee\/\",\"name\":\"\u0160koda We Love Cycling - Estonia\",\"description\":\"\",\"potentialAction\":[{\"@type\":\"SearchAction\",\"target\":{\"@type\":\"EntryPoint\",\"urlTemplate\":\"https:\/\/www.welovecycling.com\/ee\/?s={search_term_string}\"},\"query-input\":{\"@type\":\"PropertyValueSpecification\",\"valueRequired\":true,\"valueName\":\"search_term_string\"}}],\"inLanguage\":\"et\"},{\"@type\":\"Person\",\"@id\":\"https:\/\/www.welovecycling.com\/ee\/#\/schema\/person\/8b7101c4bd1b1ae9d3732ebb1e6caf57\",\"name\":\"andre\",\"image\":{\"@type\":\"ImageObject\",\"inLanguage\":\"et\",\"@id\":\"https:\/\/www.welovecycling.com\/ee\/#\/schema\/person\/image\/\",\"url\":\"https:\/\/secure.gravatar.com\/avatar\/0656b3224fe17b018f43b8a562625dd43d30827f027b2f62bc5a05711fec9a61?s=96&d=mm&r=g\",\"contentUrl\":\"https:\/\/secure.gravatar.com\/avatar\/0656b3224fe17b018f43b8a562625dd43d30827f027b2f62bc5a05711fec9a61?s=96&d=mm&r=g\",\"caption\":\"andre\"},\"url\":\"https:\/\/www.welovecycling.com\/ee\/author\/andre\/\"}]}<\/script>\n<!-- \/ Yoast SEO Premium plugin. -->","yoast_head_json":{"title":"Mis v\u00e4rk nende ketoonilisanditega profirattaspordis on? - \u0160koda We Love Cycling - Estonia","description":"Rahvusvaheline jalgrattaliit UCI teatas hiljuti, et ketoonilisandeid \u201eei ole profirattaspordis\u00a0p\u00f5hjust kasutada\u201c. See avaldus t\u00f5statab k\u00fcsimused: kui laialdaselt neid tegelikult pelotonis kasutatakse ja mida see t\u00e4hendab meeskondadele, s\u00f5itjatele ning amat\u00f6\u00f6ridele, kes p\u00fc\u00fcavad proffe matkida?","robots":{"index":"index","follow":"follow","max-snippet":"max-snippet:-1","max-image-preview":"max-image-preview:large","max-video-preview":"max-video-preview:-1"},"canonical":"https:\/\/www.welovecycling.com\/ee\/2025\/11\/11\/mis-vark-nedne-ketoonilisanditega-profirattaspordis-on\/","og_locale":"et_EE","og_type":"article","og_title":"Mis v\u00e4rk nende ketoonilisanditega profirattaspordis on?","og_description":"Rahvusvaheline jalgrattaliit UCI teatas hiljuti, et ketoonilisandeid \u201eei ole profirattaspordis\u00a0p\u00f5hjust kasutada\u201c. See avaldus t\u00f5statab k\u00fcsimused: kui laialdaselt neid tegelikult pelotonis kasutatakse ja mida see t\u00e4hendab meeskondadele, s\u00f5itjatele ning amat\u00f6\u00f6ridele, kes p\u00fc\u00fcavad proffe matkida?","og_url":"https:\/\/www.welovecycling.com\/ee\/2025\/11\/11\/mis-vark-nedne-ketoonilisanditega-profirattaspordis-on\/","og_site_name":"\u0160koda We Love Cycling - Estonia","article_published_time":"2025-11-11T09:04:46+00:00","article_modified_time":"2025-11-19T11:19:37+00:00","og_image":[{"width":987,"height":660,"url":"https:\/\/d2p6e6u75xmxt8.cloudfront.net\/15\/2025\/11\/ketoon.webp","type":"image\/webp"}],"author":"andre","twitter_card":"summary_large_image","twitter_misc":{"Written by":"Jiri Kaloc","Est. reading time":"4"},"schema":{"@context":"https:\/\/schema.org","@graph":[{"@type":"WebPage","@id":"https:\/\/www.welovecycling.com\/ee\/2025\/11\/11\/mis-vark-nedne-ketoonilisanditega-profirattaspordis-on\/","url":"https:\/\/www.welovecycling.com\/ee\/2025\/11\/11\/mis-vark-nedne-ketoonilisanditega-profirattaspordis-on\/","name":"Mis v\u00e4rk nende ketoonilisanditega profirattaspordis on? - \u0160koda We Love Cycling - Estonia","isPartOf":{"@id":"https:\/\/www.welovecycling.com\/ee\/#website"},"primaryImageOfPage":{"@id":"https:\/\/www.welovecycling.com\/ee\/2025\/11\/11\/mis-vark-nedne-ketoonilisanditega-profirattaspordis-on\/#primaryimage"},"image":{"@id":"https:\/\/www.welovecycling.com\/ee\/2025\/11\/11\/mis-vark-nedne-ketoonilisanditega-profirattaspordis-on\/#primaryimage"},"thumbnailUrl":"https:\/\/d2p6e6u75xmxt8.cloudfront.net\/15\/2025\/11\/ketoon.webp","datePublished":"2025-11-11T09:04:46+00:00","dateModified":"2025-11-19T11:19:37+00:00","author":{"@id":"https:\/\/www.welovecycling.com\/ee\/#\/schema\/person\/8b7101c4bd1b1ae9d3732ebb1e6caf57"},"description":"Rahvusvaheline jalgrattaliit UCI teatas hiljuti, et ketoonilisandeid \u201eei ole profirattaspordis\u00a0p\u00f5hjust kasutada\u201c. See avaldus t\u00f5statab k\u00fcsimused: kui laialdaselt neid tegelikult pelotonis kasutatakse ja mida see t\u00e4hendab meeskondadele, s\u00f5itjatele ning amat\u00f6\u00f6ridele, kes p\u00fc\u00fcavad proffe matkida?","inLanguage":"et","potentialAction":[{"@type":"ReadAction","target":["https:\/\/www.welovecycling.com\/ee\/2025\/11\/11\/mis-vark-nedne-ketoonilisanditega-profirattaspordis-on\/"]}]},{"@type":"ImageObject","inLanguage":"et","@id":"https:\/\/www.welovecycling.com\/ee\/2025\/11\/11\/mis-vark-nedne-ketoonilisanditega-profirattaspordis-on\/#primaryimage","url":"https:\/\/d2p6e6u75xmxt8.cloudfront.net\/15\/2025\/11\/ketoon.webp","contentUrl":"https:\/\/d2p6e6u75xmxt8.cloudfront.net\/15\/2025\/11\/ketoon.webp","width":987,"height":660},{"@type":"WebSite","@id":"https:\/\/www.welovecycling.com\/ee\/#website","url":"https:\/\/www.welovecycling.com\/ee\/","name":"\u0160koda We Love Cycling - Estonia","description":"","potentialAction":[{"@type":"SearchAction","target":{"@type":"EntryPoint","urlTemplate":"https:\/\/www.welovecycling.com\/ee\/?s={search_term_string}"},"query-input":{"@type":"PropertyValueSpecification","valueRequired":true,"valueName":"search_term_string"}}],"inLanguage":"et"},{"@type":"Person","@id":"https:\/\/www.welovecycling.com\/ee\/#\/schema\/person\/8b7101c4bd1b1ae9d3732ebb1e6caf57","name":"andre","image":{"@type":"ImageObject","inLanguage":"et","@id":"https:\/\/www.welovecycling.com\/ee\/#\/schema\/person\/image\/","url":"https:\/\/secure.gravatar.com\/avatar\/0656b3224fe17b018f43b8a562625dd43d30827f027b2f62bc5a05711fec9a61?s=96&d=mm&r=g","contentUrl":"https:\/\/secure.gravatar.com\/avatar\/0656b3224fe17b018f43b8a562625dd43d30827f027b2f62bc5a05711fec9a61?s=96&d=mm&r=g","caption":"andre"},"url":"https:\/\/www.welovecycling.com\/ee\/author\/andre\/"}]}},"_links":{"self":[{"href":"https:\/\/www.welovecycling.com\/ee\/wp-json\/wp\/v2\/posts\/3220","targetHints":{"allow":["GET"]}}],"collection":[{"href":"https:\/\/www.welovecycling.com\/ee\/wp-json\/wp\/v2\/posts"}],"about":[{"href":"https:\/\/www.welovecycling.com\/ee\/wp-json\/wp\/v2\/types\/post"}],"author":[{"embeddable":true,"href":"https:\/\/www.welovecycling.com\/ee\/wp-json\/wp\/v2\/users\/174"}],"replies":[{"embeddable":true,"href":"https:\/\/www.welovecycling.com\/ee\/wp-json\/wp\/v2\/comments?post=3220"}],"version-history":[{"count":5,"href":"https:\/\/www.welovecycling.com\/ee\/wp-json\/wp\/v2\/posts\/3220\/revisions"}],"predecessor-version":[{"id":3240,"href":"https:\/\/www.welovecycling.com\/ee\/wp-json\/wp\/v2\/posts\/3220\/revisions\/3240"}],"wp:featuredmedia":[{"embeddable":true,"href":"https:\/\/www.welovecycling.com\/ee\/wp-json\/wp\/v2\/media\/3221"}],"wp:attachment":[{"href":"https:\/\/www.welovecycling.com\/ee\/wp-json\/wp\/v2\/media?parent=3220"}],"wp:term":[{"taxonomy":"category","embeddable":true,"href":"https:\/\/www.welovecycling.com\/ee\/wp-json\/wp\/v2\/categories?post=3220"},{"taxonomy":"post_tag","embeddable":true,"href":"https:\/\/www.welovecycling.com\/ee\/wp-json\/wp\/v2\/tags?post=3220"},{"taxonomy":"global-categories","embeddable":true,"href":"https:\/\/www.welovecycling.com\/ee\/wp-json\/wp\/v2\/global-categories?post=3220"}],"curies":[{"name":"wp","href":"https:\/\/api.w.org\/{rel}","templated":true}]}}