{"id":3195,"date":"2025-10-31T12:27:27","date_gmt":"2025-10-31T09:27:27","guid":{"rendered":"https:\/\/www.welovecycling.com\/ee\/?p=3195"},"modified":"2025-10-31T12:27:27","modified_gmt":"2025-10-31T09:27:27","slug":"letape-2026-pane-ennast-proovile-ja-soida-tour-de-francei-queen-stage-raskeimat-etappi","status":"publish","type":"post","link":"https:\/\/www.welovecycling.com\/ee\/2025\/10\/31\/letape-2026-pane-ennast-proovile-ja-soida-tour-de-francei-queen-stage-raskeimat-etappi\/","title":{"rendered":"L\u2019\u00c9tape 2026: pane ennast proovile ja s\u00f5ida Tour de France\u2019i queen stage &#8211; raskeimat etappi"},"content":{"rendered":"<h3 data-start=\"168\" data-end=\"442\"><strong>2026 aastal saavad harrastusratturid \u00fcle kogu maailma taas v\u00f5imaluse s\u00f5ita \u00fchte j\u00e4rgmise aasta Tour de France\u2019i etappi suletud teedel, millel eeldatavasti kihutavad ka Tadej Poga\u010dar ja Jonas Vingegaard \u2013 mehed, kes on kahe peale kokku v\u00f5itnud viimased kuus Touri.<\/strong><\/h3>\n<p data-start=\"168\" data-end=\"442\"><!--more--><\/p>\n<hr data-start=\"444\" data-end=\"447\" \/>\n<h2 data-start=\"449\" data-end=\"477\"><em>Queen stage*<\/em> ootab<\/h2>\n<p data-start=\"478\" data-end=\"704\"><strong data-start=\"478\" data-end=\"504\">*<em>Queen stage<\/em>-ks nimetatakse tuuri suurimat v\u00e4ljakutset esitavat etappi. P\u00fchap\u00e4eval, 19. juulil<\/strong> toimub juba <strong data-start=\"517\" data-end=\"550\">34. L\u2019\u00c9tape du Tour de France<\/strong>, kus ratturid v\u00f5tavad ette <strong data-start=\"578\" data-end=\"620\">raskeima etapi j\u00e4rgmise aasta Touri men\u00fc\u00fcst\u2013 20. etapi<\/strong>, mis kulgeb <strong data-start=\"633\" data-end=\"655\">Bourg-d\u2019Oisans\u2019ist<\/strong> kuni <strong data-start=\"661\" data-end=\"683\">Alpe d\u2019Huezi tippu<\/strong>, kokku <strong data-start=\"691\" data-end=\"701\">171 km<\/strong>.<\/p>\n<p data-start=\"706\" data-end=\"786\">T\u00f5usumeetreid koguneb \u00fcle <strong data-start=\"732\" data-end=\"747\">5400 meetri<\/strong>, sealhulgas legendaarsed t\u00f5usud nagu<\/p>\n<ul>\n<li data-start=\"789\" data-end=\"833\"><strong data-start=\"789\" data-end=\"815\">Col de la Croix de Fer<\/strong> (24 km @ 5,2%),<\/li>\n<li data-start=\"836\" data-end=\"879\"><strong data-start=\"836\" data-end=\"857\">Col du T\u00e9l\u00e9graphe<\/strong> (11,9 km @ 7,1%) ja<\/li>\n<li data-start=\"882\" data-end=\"921\"><strong data-start=\"882\" data-end=\"901\">Col du Galibier<\/strong> (17,7 km @ 6,9%).<\/li>\n<\/ul>\n<p data-start=\"923\" data-end=\"1152\">Sel aastal s\u00f5idetakse aga <strong data-start=\"949\" data-end=\"981\">Alpe d\u2019Huezi teisest k\u00fcljest<\/strong>, mitte tavap\u00e4rasest jalamist, vaid p\u00e4rast <strong data-start=\"1024\" data-end=\"1044\">Col de Sarenne\u2019i<\/strong> (12,9 km @ 7,3%) \u2013 viimane l\u00f5ik on vaid <strong data-start=\"1085\" data-end=\"1102\">3,8 km @ 6,1%<\/strong>, kuid tippu j\u00f5udes on vaade sama muljetavaldav.<\/p>\n<hr data-start=\"1154\" data-end=\"1157\" \/>\n<h2 data-start=\"1159\" data-end=\"1191\"><strong>Ajalugu ja osalejate kasv<\/strong><\/h2>\n<p data-start=\"1192\" data-end=\"1577\">Osalema oodatakse <strong data-start=\"1210\" data-end=\"1235\">umbes 16 000 ratturit. <\/strong>Esimest korda s\u00f5ideti L\u2019\u00c9tape\u00b4i 11. juulil 1993 ja siis oli stardis <strong data-start=\"1274\" data-end=\"1292\">1700 ratturit.<\/strong><br data-start=\"1309\" data-end=\"1312\" \/>Tollane rada kulges <strong data-start=\"1332\" data-end=\"1354\">Tarbes\u2019ist Pau\u2019sse<\/strong> P\u00fcreneedes, pikkus 208 km, ning sisaldas t\u00f5usu <strong data-start=\"1402\" data-end=\"1425\">Col du Tourmalet\u2019le<\/strong>. Huvitaval kombel sai esimese L\u2019\u00c9tape\u2019i v\u00f5itjast <strong data-start=\"1475\" data-end=\"1498\">Christophe Rinerost<\/strong> hiljem profirattur, kes l\u00f5petas <strong data-start=\"1531\" data-end=\"1574\">1998. aasta Tour de France\u2019i neljandana<\/strong>.<\/p>\n<p data-start=\"1579\" data-end=\"2089\">Aastatel <strong data-start=\"1588\" data-end=\"1604\">2011 ja 2012<\/strong> toimus \u00fcritus kahel p\u00e4eval.<br data-start=\"1632\" data-end=\"1635\" \/><strong data-start=\"1635\" data-end=\"1659\">2017. aasta v\u00f5itjaks<\/strong> oli norralane <strong data-start=\"1674\" data-end=\"1694\">Jonas Abrahamsen<\/strong> (t\u00e4nane Uno-X Mobility tiimi profirattur).<br data-start=\"1737\" data-end=\"1740\" \/>Aastate jooksul on osalenud mitmeid tulevasi v\u00f5i endiseid profis\u00f5itjaid, sealhulgas <strong data-start=\"1824\" data-end=\"1854\">Thierry Bourguignon (1995)<\/strong>, <strong data-start=\"1856\" data-end=\"1892\">Greg LeMond ja \u00c9ric Boyer (2000)<\/strong>, <strong data-start=\"1894\" data-end=\"1937\">Miguel Indur\u00e1in ja Abraham Olano (2003)<\/strong> ning <strong data-start=\"1943\" data-end=\"1988\">Victor Lafay (Decathlon AG2R La Mondiale)<\/strong>, kes v\u00f5itis <strong data-start=\"2001\" data-end=\"2026\">2018. aasta L\u2019\u00c9tape\u2019i<\/strong> ja on hiljem v\u00f5itnud etapi nii Touril kui ka Giro d\u2019Italial.<\/p>\n<hr data-start=\"2091\" data-end=\"2094\" \/>\n<h2 data-start=\"2096\" data-end=\"2123\"><strong>F\u00fc\u00fcsiline v\u00e4ljakutse<\/strong><\/h2>\n<p data-start=\"2124\" data-end=\"2513\">See on <strong data-start=\"2131\" data-end=\"2149\">raske katsumus<\/strong>, eriti kui ilm on kuum, nagu sageli juhtub.<br data-start=\"2193\" data-end=\"2196\" \/>Seet\u00f5ttu on oluline tulla kohale <strong data-start=\"2229\" data-end=\"2251\">elu parimas vormis<\/strong>.<br data-start=\"2252\" data-end=\"2255\" \/>Osalemiseks peab esitama <strong data-start=\"2280\" data-end=\"2315\">spordilitsentsi v\u00f5i arstit\u00f5endi<\/strong>, mis kinnitab, et vastun\u00e4idustusi v\u00f5istlusspordiga tegelemiseks ei ole, v\u00f5i <strong data-start=\"2392\" data-end=\"2423\">\u201cModule Sant\u00e9\u201d sertifikaadi<\/strong>, mis tuleb \u00fcles laadida <strong data-start=\"2448\" data-end=\"2470\">Timeto platvormile<\/strong>.<br data-start=\"2471\" data-end=\"2474\" \/>T\u00e4psed reeglid on leitavad <a href=\"https:\/\/www.letapedutourdefrance.com\/en\/the-race\/regulations\">siin<\/a>.<\/p>\n<p data-start=\"2515\" data-end=\"2626\">Kuigi ametlikku ajalimiiti ei ole, s\u00f5idab grupi l\u00f5pus <strong data-start=\"2569\" data-end=\"2583\">\u201claibakas\u201d<\/strong>, mille m\u00f6\u00f6dumisel tuleb s\u00f5it katkestada.<\/p>\n<hr data-start=\"2628\" data-end=\"2631\" \/>\n<h2 data-start=\"2633\" data-end=\"2654\"><strong>Kellele see on<\/strong><\/h2>\n<p data-start=\"2655\" data-end=\"2976\">Kui oled <strong data-start=\"2664\" data-end=\"2698\">ambitsioonikas harrastusrattur<\/strong>, kes soovib end proovile panna, on see \u00fcritus <strong data-start=\"2745\" data-end=\"2760\">kohustuslik<\/strong> \u2013 mitte ainult enda vormi testimiseks teistega v\u00f5rreldes, vaid ka <strong data-start=\"2827\" data-end=\"2875\">Tour de France\u2019i etapi emotsiooni kogemiseks<\/strong>.<br data-start=\"2876\" data-end=\"2879\" \/>Registreerimine algab <strong data-start=\"2901\" data-end=\"2963\">esmasp\u00e4eval, 3. novembril kell 14.00 (Prantsuse aja j\u00e4rgi)<\/strong> <a class=\"decorated-link\" href=\"https:\/\/www.letapedutourdefrance.com\/en\/the-race\/regulations#:~:text=Time%20limit%20(end%20of%20race,in%20your%20race%20number%20envelope).\" rel=\"noopener\" data-start=\"2964\" data-end=\"2973\">siin<\/a>.<\/p>\n<hr data-start=\"2978\" data-end=\"2981\" \/>\n<h2 data-start=\"2983\" data-end=\"3009\"><strong>L\u2019\u00c9tape du Tour\u00b4e korraldatakse \u00fcle maailma<\/strong><\/h2>\n<p data-start=\"3010\" data-end=\"3251\">Kui Prantsusmaale tulla ei saa, korraldab <strong data-start=\"3052\" data-end=\"3090\">Amaury Sport Organization (A.S.O.)<\/strong> koost\u00f6\u00f6s kohalike partneritega sarnaseid <strong data-start=\"3132\" data-end=\"3163\">L\u2019\u00c9tape \u00fcritusi \u00fcle maailma<\/strong> \u2013 n\u00e4iteks <strong data-start=\"3174\" data-end=\"3192\">Kolo pro \u017eivot<\/strong> T\u0161ehhis.<br data-start=\"3201\" data-end=\"3204\" \/>Kokku toimub <strong data-start=\"3217\" data-end=\"3237\">\u00fcle 30 v\u00f5istluse<\/strong>.<br data-start=\"3238\" data-end=\"3241\" \/>N\u00e4iteks:<\/p>\n<ul>\n<li data-start=\"3254\" data-end=\"3306\"><strong data-start=\"3254\" data-end=\"3272\">L\u2019\u00c9tape Greece<\/strong> toimub <strong data-start=\"3280\" data-end=\"3303\">4. aprillil Spartas<\/strong>,<\/li>\n<li data-start=\"3309\" data-end=\"3361\"><strong data-start=\"3309\" data-end=\"3332\">L\u2019\u00c9tape Serra Negra<\/strong> <strong data-start=\"3333\" data-end=\"3358\">27. juunil Brasiilias<\/strong>.<\/li>\n<\/ul>\n<hr data-start=\"3363\" data-end=\"3366\" \/>\n<h2 data-start=\"3368\" data-end=\"3393\"><strong>Ka naiste versioon<\/strong><\/h2>\n<p data-start=\"3394\" data-end=\"3611\">Teist aastat j\u00e4rjest toimub ka <strong data-start=\"3425\" data-end=\"3472\">L\u2019\u00c9tape du Tour de France Femmes avec Zwift<\/strong>, mille rada kulgeb <strong data-start=\"3492\" data-end=\"3507\">6. augustil<\/strong> <strong data-start=\"3508\" data-end=\"3553\">Vaison-la-Romaine\u2019ist Mont Ventoux\u2019 tippu<\/strong> (15,7 km @ 8,8%) ja h\u00f5lmab umbes <strong data-start=\"3587\" data-end=\"3608\">3000 t\u00f5usumeetrit<\/strong>. Selle kohta saad lugeda <a href=\"https:\/\/www.letourfemmes.fr\/en\/etape-du-tour-de-france-femmes-avec-zwift\/infos-pratiques\">siit<\/a>.<\/p>\n","protected":false},"excerpt":{"rendered":"<p>2026 aastal saavad harrastusratturid \u00fcle kogu maailma taas v\u00f5imaluse s\u00f5ita \u00fchte j\u00e4rgmise aasta Tour de France\u2019i etappi suletud teedel, millel [&hellip;]<\/p>\n","protected":false},"author":174,"featured_media":3196,"comment_status":"open","ping_status":"open","sticky":false,"template":"","format":"standard","meta":{"footnotes":""},"categories":[39],"tags":[536,526,537,179],"global-categories":[22],"class_list":["post-3195","post","type-post","status-publish","format-standard","has-post-thumbnail","hentry","category-maanteesoit","tag-2026-letape","tag-2026-tour","tag-harrastusratturid","tag-letape","global-categories-cycling"],"yoast_head":"<!-- This site is optimized with the Yoast SEO Premium plugin v25.3 (Yoast SEO v25.9) - https:\/\/yoast.com\/wordpress\/plugins\/seo\/ -->\n<title>L\u2019\u00c9tape 2026: pane ennast proovile ja s\u00f5ida Tour de France\u2019i queen stage - raskeimat etappi - \u0160koda We Love Cycling - Estonia<\/title>\n<meta name=\"description\" content=\"2026 aastal saavad harrastusratturid \u00fcle kogu maailma taas v\u00f5imaluse s\u00f5ita \u00fche j\u00e4rgmise aasta Tour de France\u2019i etapi samadel suletud teedel, millel eeldatavasti kihutavad ka Tadej Poga\u010dar ja Jonas Vingegaard \u2013 mehed, kes on kahe peale kokku v\u00f5itnud viimased kuus Touri.\" \/>\n<meta name=\"robots\" content=\"index, follow, max-snippet:-1, max-image-preview:large, max-video-preview:-1\" \/>\n<link rel=\"canonical\" href=\"https:\/\/www.welovecycling.com\/ee\/2025\/10\/31\/letape-2026-pane-ennast-proovile-ja-soida-tour-de-francei-queen-stage-raskeimat-etappi\/\" \/>\n<meta property=\"og:locale\" content=\"et_EE\" \/>\n<meta property=\"og:type\" content=\"article\" \/>\n<meta property=\"og:title\" content=\"L\u2019\u00c9tape 2026: pane ennast proovile ja s\u00f5ida Tour de France\u2019i queen stage - raskeimat etappi\" \/>\n<meta property=\"og:description\" content=\"2026 aastal saavad harrastusratturid \u00fcle kogu maailma taas v\u00f5imaluse s\u00f5ita \u00fche j\u00e4rgmise aasta Tour de France\u2019i etapi samadel suletud teedel, millel eeldatavasti kihutavad ka Tadej Poga\u010dar ja Jonas Vingegaard \u2013 mehed, kes on kahe peale kokku v\u00f5itnud viimased kuus Touri.\" \/>\n<meta property=\"og:url\" content=\"https:\/\/www.welovecycling.com\/ee\/2025\/10\/31\/letape-2026-pane-ennast-proovile-ja-soida-tour-de-francei-queen-stage-raskeimat-etappi\/\" \/>\n<meta property=\"og:site_name\" content=\"\u0160koda We Love Cycling - Estonia\" \/>\n<meta property=\"article:published_time\" content=\"2025-10-31T09:27:27+00:00\" \/>\n<meta property=\"og:image\" content=\"https:\/\/d2p6e6u75xmxt8.cloudfront.net\/15\/2025\/10\/letape.webp\" \/>\n\t<meta property=\"og:image:width\" content=\"986\" \/>\n\t<meta property=\"og:image:height\" content=\"657\" \/>\n\t<meta property=\"og:image:type\" content=\"image\/webp\" \/>\n<meta name=\"author\" content=\"andre\" \/>\n<meta name=\"twitter:card\" content=\"summary_large_image\" \/>\n<meta name=\"twitter:label1\" content=\"Written by\" \/>\n\t<meta name=\"twitter:data1\" content=\"Siegfried Mortkowitz\" \/>\n\t<meta name=\"twitter:label2\" content=\"Est. reading time\" \/>\n\t<meta name=\"twitter:data2\" content=\"3\" \/>\n<script type=\"application\/ld+json\" class=\"yoast-schema-graph\">{\"@context\":\"https:\/\/schema.org\",\"@graph\":[{\"@type\":\"WebPage\",\"@id\":\"https:\/\/www.welovecycling.com\/ee\/2025\/10\/31\/letape-2026-pane-ennast-proovile-ja-soida-tour-de-francei-queen-stage-raskeimat-etappi\/\",\"url\":\"https:\/\/www.welovecycling.com\/ee\/2025\/10\/31\/letape-2026-pane-ennast-proovile-ja-soida-tour-de-francei-queen-stage-raskeimat-etappi\/\",\"name\":\"L\u2019\u00c9tape 2026: pane ennast proovile ja s\u00f5ida Tour de France\u2019i queen stage - raskeimat etappi - \u0160koda We Love Cycling - Estonia\",\"isPartOf\":{\"@id\":\"https:\/\/www.welovecycling.com\/ee\/#website\"},\"primaryImageOfPage\":{\"@id\":\"https:\/\/www.welovecycling.com\/ee\/2025\/10\/31\/letape-2026-pane-ennast-proovile-ja-soida-tour-de-francei-queen-stage-raskeimat-etappi\/#primaryimage\"},\"image\":{\"@id\":\"https:\/\/www.welovecycling.com\/ee\/2025\/10\/31\/letape-2026-pane-ennast-proovile-ja-soida-tour-de-francei-queen-stage-raskeimat-etappi\/#primaryimage\"},\"thumbnailUrl\":\"https:\/\/d2p6e6u75xmxt8.cloudfront.net\/15\/2025\/10\/letape.webp\",\"datePublished\":\"2025-10-31T09:27:27+00:00\",\"author\":{\"@id\":\"https:\/\/www.welovecycling.com\/ee\/#\/schema\/person\/8b7101c4bd1b1ae9d3732ebb1e6caf57\"},\"description\":\"2026 aastal saavad harrastusratturid \u00fcle kogu maailma taas v\u00f5imaluse s\u00f5ita \u00fche j\u00e4rgmise aasta Tour de France\u2019i etapi samadel suletud teedel, millel eeldatavasti kihutavad ka Tadej Poga\u010dar ja Jonas Vingegaard \u2013 mehed, kes on kahe peale kokku v\u00f5itnud viimased kuus Touri.\",\"inLanguage\":\"et\",\"potentialAction\":[{\"@type\":\"ReadAction\",\"target\":[\"https:\/\/www.welovecycling.com\/ee\/2025\/10\/31\/letape-2026-pane-ennast-proovile-ja-soida-tour-de-francei-queen-stage-raskeimat-etappi\/\"]}]},{\"@type\":\"ImageObject\",\"inLanguage\":\"et\",\"@id\":\"https:\/\/www.welovecycling.com\/ee\/2025\/10\/31\/letape-2026-pane-ennast-proovile-ja-soida-tour-de-francei-queen-stage-raskeimat-etappi\/#primaryimage\",\"url\":\"https:\/\/d2p6e6u75xmxt8.cloudfront.net\/15\/2025\/10\/letape.webp\",\"contentUrl\":\"https:\/\/d2p6e6u75xmxt8.cloudfront.net\/15\/2025\/10\/letape.webp\",\"width\":986,\"height\":657},{\"@type\":\"WebSite\",\"@id\":\"https:\/\/www.welovecycling.com\/ee\/#website\",\"url\":\"https:\/\/www.welovecycling.com\/ee\/\",\"name\":\"\u0160koda We Love Cycling - Estonia\",\"description\":\"\",\"potentialAction\":[{\"@type\":\"SearchAction\",\"target\":{\"@type\":\"EntryPoint\",\"urlTemplate\":\"https:\/\/www.welovecycling.com\/ee\/?s={search_term_string}\"},\"query-input\":{\"@type\":\"PropertyValueSpecification\",\"valueRequired\":true,\"valueName\":\"search_term_string\"}}],\"inLanguage\":\"et\"},{\"@type\":\"Person\",\"@id\":\"https:\/\/www.welovecycling.com\/ee\/#\/schema\/person\/8b7101c4bd1b1ae9d3732ebb1e6caf57\",\"name\":\"andre\",\"image\":{\"@type\":\"ImageObject\",\"inLanguage\":\"et\",\"@id\":\"https:\/\/www.welovecycling.com\/ee\/#\/schema\/person\/image\/\",\"url\":\"https:\/\/secure.gravatar.com\/avatar\/0656b3224fe17b018f43b8a562625dd43d30827f027b2f62bc5a05711fec9a61?s=96&d=mm&r=g\",\"contentUrl\":\"https:\/\/secure.gravatar.com\/avatar\/0656b3224fe17b018f43b8a562625dd43d30827f027b2f62bc5a05711fec9a61?s=96&d=mm&r=g\",\"caption\":\"andre\"},\"url\":\"https:\/\/www.welovecycling.com\/ee\/author\/andre\/\"}]}<\/script>\n<!-- \/ Yoast SEO Premium plugin. -->","yoast_head_json":{"title":"L\u2019\u00c9tape 2026: pane ennast proovile ja s\u00f5ida Tour de France\u2019i queen stage - raskeimat etappi - \u0160koda We Love Cycling - Estonia","description":"2026 aastal saavad harrastusratturid \u00fcle kogu maailma taas v\u00f5imaluse s\u00f5ita \u00fche j\u00e4rgmise aasta Tour de France\u2019i etapi samadel suletud teedel, millel eeldatavasti kihutavad ka Tadej Poga\u010dar ja Jonas Vingegaard \u2013 mehed, kes on kahe peale kokku v\u00f5itnud viimased kuus Touri.","robots":{"index":"index","follow":"follow","max-snippet":"max-snippet:-1","max-image-preview":"max-image-preview:large","max-video-preview":"max-video-preview:-1"},"canonical":"https:\/\/www.welovecycling.com\/ee\/2025\/10\/31\/letape-2026-pane-ennast-proovile-ja-soida-tour-de-francei-queen-stage-raskeimat-etappi\/","og_locale":"et_EE","og_type":"article","og_title":"L\u2019\u00c9tape 2026: pane ennast proovile ja s\u00f5ida Tour de France\u2019i queen stage - raskeimat etappi","og_description":"2026 aastal saavad harrastusratturid \u00fcle kogu maailma taas v\u00f5imaluse s\u00f5ita \u00fche j\u00e4rgmise aasta Tour de France\u2019i etapi samadel suletud teedel, millel eeldatavasti kihutavad ka Tadej Poga\u010dar ja Jonas Vingegaard \u2013 mehed, kes on kahe peale kokku v\u00f5itnud viimased kuus Touri.","og_url":"https:\/\/www.welovecycling.com\/ee\/2025\/10\/31\/letape-2026-pane-ennast-proovile-ja-soida-tour-de-francei-queen-stage-raskeimat-etappi\/","og_site_name":"\u0160koda We Love Cycling - Estonia","article_published_time":"2025-10-31T09:27:27+00:00","og_image":[{"width":986,"height":657,"url":"https:\/\/d2p6e6u75xmxt8.cloudfront.net\/15\/2025\/10\/letape.webp","type":"image\/webp"}],"author":"andre","twitter_card":"summary_large_image","twitter_misc":{"Written by":"Siegfried Mortkowitz","Est. reading time":"3"},"schema":{"@context":"https:\/\/schema.org","@graph":[{"@type":"WebPage","@id":"https:\/\/www.welovecycling.com\/ee\/2025\/10\/31\/letape-2026-pane-ennast-proovile-ja-soida-tour-de-francei-queen-stage-raskeimat-etappi\/","url":"https:\/\/www.welovecycling.com\/ee\/2025\/10\/31\/letape-2026-pane-ennast-proovile-ja-soida-tour-de-francei-queen-stage-raskeimat-etappi\/","name":"L\u2019\u00c9tape 2026: pane ennast proovile ja s\u00f5ida Tour de France\u2019i queen stage - raskeimat etappi - \u0160koda We Love Cycling - Estonia","isPartOf":{"@id":"https:\/\/www.welovecycling.com\/ee\/#website"},"primaryImageOfPage":{"@id":"https:\/\/www.welovecycling.com\/ee\/2025\/10\/31\/letape-2026-pane-ennast-proovile-ja-soida-tour-de-francei-queen-stage-raskeimat-etappi\/#primaryimage"},"image":{"@id":"https:\/\/www.welovecycling.com\/ee\/2025\/10\/31\/letape-2026-pane-ennast-proovile-ja-soida-tour-de-francei-queen-stage-raskeimat-etappi\/#primaryimage"},"thumbnailUrl":"https:\/\/d2p6e6u75xmxt8.cloudfront.net\/15\/2025\/10\/letape.webp","datePublished":"2025-10-31T09:27:27+00:00","author":{"@id":"https:\/\/www.welovecycling.com\/ee\/#\/schema\/person\/8b7101c4bd1b1ae9d3732ebb1e6caf57"},"description":"2026 aastal saavad harrastusratturid \u00fcle kogu maailma taas v\u00f5imaluse s\u00f5ita \u00fche j\u00e4rgmise aasta Tour de France\u2019i etapi samadel suletud teedel, millel eeldatavasti kihutavad ka Tadej Poga\u010dar ja Jonas Vingegaard \u2013 mehed, kes on kahe peale kokku v\u00f5itnud viimased kuus Touri.","inLanguage":"et","potentialAction":[{"@type":"ReadAction","target":["https:\/\/www.welovecycling.com\/ee\/2025\/10\/31\/letape-2026-pane-ennast-proovile-ja-soida-tour-de-francei-queen-stage-raskeimat-etappi\/"]}]},{"@type":"ImageObject","inLanguage":"et","@id":"https:\/\/www.welovecycling.com\/ee\/2025\/10\/31\/letape-2026-pane-ennast-proovile-ja-soida-tour-de-francei-queen-stage-raskeimat-etappi\/#primaryimage","url":"https:\/\/d2p6e6u75xmxt8.cloudfront.net\/15\/2025\/10\/letape.webp","contentUrl":"https:\/\/d2p6e6u75xmxt8.cloudfront.net\/15\/2025\/10\/letape.webp","width":986,"height":657},{"@type":"WebSite","@id":"https:\/\/www.welovecycling.com\/ee\/#website","url":"https:\/\/www.welovecycling.com\/ee\/","name":"\u0160koda We Love Cycling - Estonia","description":"","potentialAction":[{"@type":"SearchAction","target":{"@type":"EntryPoint","urlTemplate":"https:\/\/www.welovecycling.com\/ee\/?s={search_term_string}"},"query-input":{"@type":"PropertyValueSpecification","valueRequired":true,"valueName":"search_term_string"}}],"inLanguage":"et"},{"@type":"Person","@id":"https:\/\/www.welovecycling.com\/ee\/#\/schema\/person\/8b7101c4bd1b1ae9d3732ebb1e6caf57","name":"andre","image":{"@type":"ImageObject","inLanguage":"et","@id":"https:\/\/www.welovecycling.com\/ee\/#\/schema\/person\/image\/","url":"https:\/\/secure.gravatar.com\/avatar\/0656b3224fe17b018f43b8a562625dd43d30827f027b2f62bc5a05711fec9a61?s=96&d=mm&r=g","contentUrl":"https:\/\/secure.gravatar.com\/avatar\/0656b3224fe17b018f43b8a562625dd43d30827f027b2f62bc5a05711fec9a61?s=96&d=mm&r=g","caption":"andre"},"url":"https:\/\/www.welovecycling.com\/ee\/author\/andre\/"}]}},"_links":{"self":[{"href":"https:\/\/www.welovecycling.com\/ee\/wp-json\/wp\/v2\/posts\/3195","targetHints":{"allow":["GET"]}}],"collection":[{"href":"https:\/\/www.welovecycling.com\/ee\/wp-json\/wp\/v2\/posts"}],"about":[{"href":"https:\/\/www.welovecycling.com\/ee\/wp-json\/wp\/v2\/types\/post"}],"author":[{"embeddable":true,"href":"https:\/\/www.welovecycling.com\/ee\/wp-json\/wp\/v2\/users\/174"}],"replies":[{"embeddable":true,"href":"https:\/\/www.welovecycling.com\/ee\/wp-json\/wp\/v2\/comments?post=3195"}],"version-history":[{"count":2,"href":"https:\/\/www.welovecycling.com\/ee\/wp-json\/wp\/v2\/posts\/3195\/revisions"}],"predecessor-version":[{"id":3198,"href":"https:\/\/www.welovecycling.com\/ee\/wp-json\/wp\/v2\/posts\/3195\/revisions\/3198"}],"wp:featuredmedia":[{"embeddable":true,"href":"https:\/\/www.welovecycling.com\/ee\/wp-json\/wp\/v2\/media\/3196"}],"wp:attachment":[{"href":"https:\/\/www.welovecycling.com\/ee\/wp-json\/wp\/v2\/media?parent=3195"}],"wp:term":[{"taxonomy":"category","embeddable":true,"href":"https:\/\/www.welovecycling.com\/ee\/wp-json\/wp\/v2\/categories?post=3195"},{"taxonomy":"post_tag","embeddable":true,"href":"https:\/\/www.welovecycling.com\/ee\/wp-json\/wp\/v2\/tags?post=3195"},{"taxonomy":"global-categories","embeddable":true,"href":"https:\/\/www.welovecycling.com\/ee\/wp-json\/wp\/v2\/global-categories?post=3195"}],"curies":[{"name":"wp","href":"https:\/\/api.w.org\/{rel}","templated":true}]}}