{"id":3190,"date":"2025-10-30T11:40:05","date_gmt":"2025-10-30T08:40:05","guid":{"rendered":"https:\/\/www.welovecycling.com\/ee\/?p=3190"},"modified":"2025-10-30T11:40:05","modified_gmt":"2025-10-30T08:40:05","slug":"nii-et-sa-pole-10-aastat-uut-ratast-ostnud-ketaspidurid-ja-ta-vollid","status":"publish","type":"post","link":"https:\/\/www.welovecycling.com\/ee\/2025\/10\/30\/nii-et-sa-pole-10-aastat-uut-ratast-ostnud-ketaspidurid-ja-ta-vollid\/","title":{"rendered":"Nii, et sa pole 10 aastat uut ratast ostnud \u2013 ketaspidurid ja TA v\u00f5llid"},"content":{"rendered":"<h3 data-start=\"135\" data-end=\"555\"><strong>Kui su ratas on p\u00e4rit kuskilt 2015. aasta kandist, siis on \u00fcsna t\u00f5en\u00e4oline, et see peatub veel vanamoodsal viisil \u2013 p\u00f6iapiduritega \u2013 ning rattad kinnituvad raami k\u00fclge kiirkinnitite (QR) abil. Pikka aega oligi see kuldstandard: kerge, lihtne ja mugav hooldada. Tollal olid ketaspidurid peamiselt maastikuratastel ja enamasti vaid kallimatel mudelitel. Vaatame, kui palju see uue ratta ostu m\u00f5tettele kaalu juurde annab ja kui olulised need uuendused on.<\/strong><\/h3>\n<p data-start=\"135\" data-end=\"555\"><!--more--><\/p>\n<hr data-start=\"557\" data-end=\"560\" \/>\n<h2 data-start=\"562\" data-end=\"602\"><strong>Kui p\u00f6iapidurid valitsesid maailma<\/strong><\/h2>\n<p data-start=\"603\" data-end=\"872\">K\u00fcmme aastat tagasi olid p\u00f6iapidurid standardvarustuses peaaegu igal maanteerattal \u2013 ka tippklassi s\u00fcsinikumudelitel. Minu 2015. aasta Giant TCR-l olid p\u00f6iapidurid ja ma olin rahul. Oskasin neid ise hooldada ja kui need sobisid profipelotonile, siis sobisid ka mulle.<\/p>\n<p data-start=\"874\" data-end=\"1087\">Ketaspidurid olid toona olemas, kuid vastuolulised: raskemad, kallimad ja paljude arvates tarbetud siledal asfaldil. Samuti kardeti ohutusriske kukkumistel ja erinevate jooksutootjate s\u00fcsteemide sobivusprobleeme.<\/p>\n<p data-start=\"1089\" data-end=\"1353\">Maastikurataste maailmas olid ketaspidurid juba kanda kinnitanud, kuid mitte t\u00e4ielikult. H\u00fcdraulilised s\u00fcsteemid muutusid t\u00f5sisemate s\u00f5itjate seas normiks, samas kui odavamad v\u00f5i vanemad rattad kasutasid endiselt mehaanilisi ketaspidureid v\u00f5i isegi p\u00f6iapidureid.<\/p>\n<p data-start=\"1355\" data-end=\"1574\">V\u00f5llide osas olid kiirkinnitid (QR \u2013 quick release) k\u00f5ikjal. Need olid kerged ja mugavad, kuid kaasnesid omad puudused \u2013 nad paindusid l\u00e4bi, jooks v\u00f5is raami vahel paigast nihkuda ja m\u00f5nikord ei saanud sa jooksu t\u00e4pselt \u00f5igesse asendisse &#8211; see probleem oli eriti oluline ketaspiduritega ratastel.<\/p>\n<hr data-start=\"1576\" data-end=\"1579\" \/>\n<h2 data-start=\"1581\" data-end=\"1607\"><strong>2025. aasta reaalsus<\/strong><\/h2>\n<p data-start=\"1608\" data-end=\"1958\">T\u00e4nap\u00e4eval on pea v\u00f5imatu leida uut ratast, millel poleks ketaspidureid ja l\u00e4bi raami ja jooksu keeratavaid v\u00f5lle (thru-axle &#8211; TA). Isegi kerged m\u00e4gironimisrattad on n\u00fc\u00fcd ainult ketaspiduritega. S\u00fcsteemid on muutunud kergemaks, kompaktsemaks ja oluliselt t\u00f6\u00f6kindlamaks. <a href=\"https:\/\/www.shimano.com\/en\/\">Shimano<\/a> uusimad h\u00fcdraulilised pidurid ja <a href=\"https:\/\/www.sram.com\/en\/sram\">SRAM<\/a>-i integreeritud s\u00fcsteemid on rattakomponentide maailmas peaaegu hooldusvabad.<\/p>\n<hr data-start=\"1960\" data-end=\"1963\" \/>\n<h2 data-start=\"1965\" data-end=\"2004\"><strong>Miks ketaspidurid v\u00f5imust v\u00f5tsid?<\/strong><\/h2>\n<p data-start=\"2005\" data-end=\"2325\">Tunnistan ausalt \u2013 kuni ostsin sel aastal oma esimese maastikuratta, ei pidanud ma ketaspidureid millekski eriliseks. Aga kui tundsin esimest korda nende pidurdusj\u00f5udu ja kui v\u00e4he on vaja heeblit vajutada, olin kohe sellest v\u00f5lutud. P\u00e4rast pikka laskumist vihmas tundsin end palju turvalisemalt \u2013 ja tagasi p\u00f6iapidurite juurde p\u00f6\u00f6rduda enam ei taha.<\/p>\n<p data-start=\"2327\" data-end=\"2525\">Peamine eelis on lihtne: <strong data-start=\"2352\" data-end=\"2392\">\u00fchtlane pidurdusj\u00f5ud igas olukorras.<\/strong><br data-start=\"2392\" data-end=\"2395\" \/>Vihm, pori v\u00f5i pikad laskumised ei t\u00e4henda enam, et peaksid AIMAMA, millal ratas l\u00f5puks pidurdama hakkab. Aga eeliseid on teisigi:<\/p>\n<ul>\n<li data-start=\"2529\" data-end=\"2561\">T\u00e4psem pidurdusj\u00f5u doseerimine<\/li>\n<li data-start=\"2564\" data-end=\"2643\">P\u00f6idade eluiga pikeneb \u2013 pidurdus toimub rootoril, mitte kallil s\u00fcsinikp\u00f6idadel\n<ul>\n<li data-start=\"2646\" data-end=\"2722\">Rohkem ruumi laiemale rehvile\u2013 ilma vanakooli p\u00f6iapiduriteta saab paigaldada t\u00e4nap\u00e4evaseid <a href=\"https:\/\/www.welovecycling.com\/ee\/2025\/10\/14\/nii-et-sa-pole-10-aastat-uut-ratast-ostnud-laiemad-rehvid-ja-tubeless\/\">laiemaid rehve<\/a><\/li>\n<\/ul>\n<\/li>\n<li data-start=\"2725\" data-end=\"2801\">V\u00e4hem k\u00e4te v\u00e4simust \u2013 h\u00fcdrauliline s\u00fcsteem n\u00f5uab pidurikangilt v\u00e4hem j\u00f5udu<\/li>\n<\/ul>\n<p data-start=\"2803\" data-end=\"3009\">Muidugi on ka miinuseid. Ketaspidurid lisavad veidi kaalu (kuigi enam mitte palju) ning aeg-ajalt tuleb s\u00fcsteemi \u00f5hutada. Reisimisel tuleb ratast pakkides rootoreid kaitsta. Kuid kompromiss on seda v\u00e4\u00e4rt.<\/p>\n<hr data-start=\"3011\" data-end=\"3014\" \/>\n<h2 data-start=\"3016\" data-end=\"3035\"><strong>UCI heakskiit<\/strong><\/h2>\n<p data-start=\"3036\" data-end=\"3545\">\u00dcleminek p\u00f6iapiduritelt ketastele ei toimunud \u00fcle\u00f6\u00f6. Shimano t\u00f5i oma esimesed t\u00f5sised maanteele m\u00f5eldud h\u00fcdraulilised s\u00fcsteemid turule umbes 2014. aastal. UCI lubas ketaspidurid profiv\u00f5istlustel testimiseks alles 2016. aastal ning t\u00e4ielikult aktsepteeriti need alles 2018\u20132021 vahel. Selleks ajaks olid k\u00f5ik suuremad tootjad oma s\u00fcsteemid viimistlenud ning eelised pidurdustunnetuse ja t\u00f6\u00f6kindluse osas olid vaieldamatud. Vaid m\u00f5ne hooajaga kadusid p\u00f6iapidurid uute v\u00f5istlusrataste pealt peaaegu t\u00e4ielikult.<\/p>\n<hr data-start=\"3547\" data-end=\"3550\" \/>\n<h2 data-start=\"3552\" data-end=\"3602\"><strong>TA v\u00f5llid \u2013 v\u00e4ikesed detailid, suur erinevus<\/strong><\/h2>\n<p data-start=\"3603\" data-end=\"3922\">Raami ja jookse l\u00e4bistavad keermestatdu v\u00f5llid (TA) pole ehk nii silmatorkav uuendus kui ketaspidurid, kuid need on omavahel tihedalt seotud. K\u00fcmme aastat tagasi oli QR (kiirkinnitid) norm. Need olid lihtsad ja kiired, aga mitte alati t\u00e4psed. Ketaspiduritega muutus ratta joondus raami ja pidurisadula suhtes \u00e4\u00e4rmiselt oluliseks \u2013 v\u00e4himgi vale asend t\u00e4hendas rootori h\u00f5\u00f5rdumist vastu piduriklotse v\u00f5i ebameeldivat heli.<\/p>\n<p data-start=\"3924\" data-end=\"4468\">TA lahendab selle: selle asemel, et ratas surutakse lahtiste drop-out\u2019ide vahele, libiseb v\u00f5ll l\u00e4bi raami ja rummu, luues j\u00e4igema ja t\u00e4psema \u00fchenduse. Tulemus \u2013 parem j\u00f5u\u00fclekanne ja ideaalne joondus iga kord. Jah, see kaalub natuke rohkem ja ratta vahetamine v\u00f5tab sekundi kauem, kuid see on v\u00e4ike hind mida selle eest maksta. Minu jaoks piisab teadmisest, et see toob ketaspidurite eelised t\u00e4ielikult esile. Lisaks tundub ratas sprindis j\u00e4igem ja reageerib paremini \u2013 ning kes meist ei taha rohkem v\u00f5imsust ja kindlustunnet, kui sadulast p\u00fcsti t\u00f5used?<\/p>\n<hr data-start=\"4470\" data-end=\"4473\" \/>\n<h2 data-start=\"4475\" data-end=\"4501\"><strong>Kas tasub \u00fcle minna?<\/strong><\/h2>\n<p data-start=\"4502\" data-end=\"4780\">Kui su ratas on endiselt p\u00f6iapidurite ja QR kinnititega, siis \u00fcleminek ketastele ja TA v\u00f5llidele annab tohutu enesekindluse t\u00f5usu. Sa saad raami kaudu rohkem j\u00f5udu pedaalidest taga jooksu \u00fcle kanda, hiljem enne kurvi pidurdada, m\u00e4rjal laskumisel kiiremini s\u00f5ita ja tunda, et ratas p\u00fcsib kindlamalt teel.<\/p>\n<p data-start=\"4782\" data-end=\"5082\" data-is-last-node=\"\" data-is-only-node=\"\">Ketaspidurid on \u00fcks neist asjadest, mida s\u00f5nadega on raske kirjeldada. Pead neid lihtsalt proovima \u2013 ja kui proovid, tahad neid endale. Ja kui su 2015. aasta raam neid ei toeta, siis tead juba, mida see t\u00e4hendab. <a href=\"https:\/\/www.hobisport.ee\/maanteerattad-ja-tarvikud\/maanteerattad-1\">Uue ratta aeg on k\u00e4es.<\/a><br data-start=\"5017\" data-end=\"5020\" \/>Lepime sellega ja liigume edasi, aga sellest k\u00f5igest j\u00e4rgmises, selle sarja viimases artiklis.<\/p>\n","protected":false},"excerpt":{"rendered":"<p>Kui su ratas on p\u00e4rit kuskilt 2015. aasta kandist, siis on \u00fcsna t\u00f5en\u00e4oline, et see peatub veel vanamoodsal viisil \u2013 [&hellip;]<\/p>\n","protected":false},"author":174,"featured_media":3191,"comment_status":"open","ping_status":"open","sticky":false,"template":"","format":"standard","meta":{"footnotes":""},"categories":[496],"tags":[534,535,497,508],"global-categories":[22],"class_list":["post-3190","post","type-post","status-publish","format-standard","has-post-thumbnail","hentry","category-avastamine-ja-reisimine","tag-ketaspidurid","tag-ta","tag-uue-ratta-ostmine","tag-uus-ratas","global-categories-cycling"],"yoast_head":"<!-- This site is optimized with the Yoast SEO Premium plugin v25.3 (Yoast SEO v25.9) - https:\/\/yoast.com\/wordpress\/plugins\/seo\/ -->\n<title>Nii, et sa pole 10 aastat uut ratast ostnud \u2013 ketaspidurid ja TA v\u00f5llid - \u0160koda We Love Cycling - Estonia<\/title>\n<meta name=\"robots\" content=\"index, follow, max-snippet:-1, max-image-preview:large, max-video-preview:-1\" \/>\n<link rel=\"canonical\" href=\"https:\/\/www.welovecycling.com\/ee\/2025\/10\/30\/nii-et-sa-pole-10-aastat-uut-ratast-ostnud-ketaspidurid-ja-ta-vollid\/\" \/>\n<meta property=\"og:locale\" content=\"et_EE\" \/>\n<meta property=\"og:type\" content=\"article\" \/>\n<meta property=\"og:title\" content=\"Nii, et sa pole 10 aastat uut ratast ostnud \u2013 ketaspidurid ja TA v\u00f5llid\" \/>\n<meta property=\"og:description\" content=\"Kui su ratas on p\u00e4rit kuskilt 2015. aasta kandist, siis on \u00fcsna t\u00f5en\u00e4oline, et see peatub veel vanamoodsal viisil \u2013 [&hellip;]\" \/>\n<meta property=\"og:url\" content=\"https:\/\/www.welovecycling.com\/ee\/2025\/10\/30\/nii-et-sa-pole-10-aastat-uut-ratast-ostnud-ketaspidurid-ja-ta-vollid\/\" \/>\n<meta property=\"og:site_name\" content=\"\u0160koda We Love Cycling - Estonia\" \/>\n<meta property=\"article:published_time\" content=\"2025-10-30T08:40:05+00:00\" \/>\n<meta property=\"og:image\" content=\"https:\/\/d2p6e6u75xmxt8.cloudfront.net\/15\/2025\/10\/531909-20240327-1115-DwarsDoorVlaanderen-LeonvanBon-114A1787-21ad9c-original-1711621152.webp\" \/>\n\t<meta property=\"og:image:width\" content=\"2400\" \/>\n\t<meta property=\"og:image:height\" content=\"1600\" \/>\n\t<meta property=\"og:image:type\" content=\"image\/webp\" \/>\n<meta name=\"author\" content=\"andre\" \/>\n<meta name=\"twitter:card\" content=\"summary_large_image\" \/>\n<meta name=\"twitter:label1\" content=\"Written by\" \/>\n\t<meta name=\"twitter:data1\" content=\"Jiri Kaloc\" \/>\n\t<meta name=\"twitter:label2\" content=\"Est. reading time\" \/>\n\t<meta name=\"twitter:data2\" content=\"3\" \/>\n<script type=\"application\/ld+json\" class=\"yoast-schema-graph\">{\"@context\":\"https:\/\/schema.org\",\"@graph\":[{\"@type\":\"WebPage\",\"@id\":\"https:\/\/www.welovecycling.com\/ee\/2025\/10\/30\/nii-et-sa-pole-10-aastat-uut-ratast-ostnud-ketaspidurid-ja-ta-vollid\/\",\"url\":\"https:\/\/www.welovecycling.com\/ee\/2025\/10\/30\/nii-et-sa-pole-10-aastat-uut-ratast-ostnud-ketaspidurid-ja-ta-vollid\/\",\"name\":\"Nii, et sa pole 10 aastat uut ratast ostnud \u2013 ketaspidurid ja TA v\u00f5llid - \u0160koda We Love Cycling - Estonia\",\"isPartOf\":{\"@id\":\"https:\/\/www.welovecycling.com\/ee\/#website\"},\"primaryImageOfPage\":{\"@id\":\"https:\/\/www.welovecycling.com\/ee\/2025\/10\/30\/nii-et-sa-pole-10-aastat-uut-ratast-ostnud-ketaspidurid-ja-ta-vollid\/#primaryimage\"},\"image\":{\"@id\":\"https:\/\/www.welovecycling.com\/ee\/2025\/10\/30\/nii-et-sa-pole-10-aastat-uut-ratast-ostnud-ketaspidurid-ja-ta-vollid\/#primaryimage\"},\"thumbnailUrl\":\"https:\/\/d2p6e6u75xmxt8.cloudfront.net\/15\/2025\/10\/531909-20240327-1115-DwarsDoorVlaanderen-LeonvanBon-114A1787-21ad9c-original-1711621152.webp\",\"datePublished\":\"2025-10-30T08:40:05+00:00\",\"author\":{\"@id\":\"https:\/\/www.welovecycling.com\/ee\/#\/schema\/person\/8b7101c4bd1b1ae9d3732ebb1e6caf57\"},\"inLanguage\":\"et\",\"potentialAction\":[{\"@type\":\"ReadAction\",\"target\":[\"https:\/\/www.welovecycling.com\/ee\/2025\/10\/30\/nii-et-sa-pole-10-aastat-uut-ratast-ostnud-ketaspidurid-ja-ta-vollid\/\"]}]},{\"@type\":\"ImageObject\",\"inLanguage\":\"et\",\"@id\":\"https:\/\/www.welovecycling.com\/ee\/2025\/10\/30\/nii-et-sa-pole-10-aastat-uut-ratast-ostnud-ketaspidurid-ja-ta-vollid\/#primaryimage\",\"url\":\"https:\/\/d2p6e6u75xmxt8.cloudfront.net\/15\/2025\/10\/531909-20240327-1115-DwarsDoorVlaanderen-LeonvanBon-114A1787-21ad9c-original-1711621152.webp\",\"contentUrl\":\"https:\/\/d2p6e6u75xmxt8.cloudfront.net\/15\/2025\/10\/531909-20240327-1115-DwarsDoorVlaanderen-LeonvanBon-114A1787-21ad9c-original-1711621152.webp\",\"width\":2400,\"height\":1600},{\"@type\":\"WebSite\",\"@id\":\"https:\/\/www.welovecycling.com\/ee\/#website\",\"url\":\"https:\/\/www.welovecycling.com\/ee\/\",\"name\":\"\u0160koda We Love Cycling - Estonia\",\"description\":\"\",\"potentialAction\":[{\"@type\":\"SearchAction\",\"target\":{\"@type\":\"EntryPoint\",\"urlTemplate\":\"https:\/\/www.welovecycling.com\/ee\/?s={search_term_string}\"},\"query-input\":{\"@type\":\"PropertyValueSpecification\",\"valueRequired\":true,\"valueName\":\"search_term_string\"}}],\"inLanguage\":\"et\"},{\"@type\":\"Person\",\"@id\":\"https:\/\/www.welovecycling.com\/ee\/#\/schema\/person\/8b7101c4bd1b1ae9d3732ebb1e6caf57\",\"name\":\"andre\",\"image\":{\"@type\":\"ImageObject\",\"inLanguage\":\"et\",\"@id\":\"https:\/\/www.welovecycling.com\/ee\/#\/schema\/person\/image\/\",\"url\":\"https:\/\/secure.gravatar.com\/avatar\/0656b3224fe17b018f43b8a562625dd43d30827f027b2f62bc5a05711fec9a61?s=96&d=mm&r=g\",\"contentUrl\":\"https:\/\/secure.gravatar.com\/avatar\/0656b3224fe17b018f43b8a562625dd43d30827f027b2f62bc5a05711fec9a61?s=96&d=mm&r=g\",\"caption\":\"andre\"},\"url\":\"https:\/\/www.welovecycling.com\/ee\/author\/andre\/\"}]}<\/script>\n<!-- \/ Yoast SEO Premium plugin. -->","yoast_head_json":{"title":"Nii, et sa pole 10 aastat uut ratast ostnud \u2013 ketaspidurid ja TA v\u00f5llid - \u0160koda We Love Cycling - Estonia","robots":{"index":"index","follow":"follow","max-snippet":"max-snippet:-1","max-image-preview":"max-image-preview:large","max-video-preview":"max-video-preview:-1"},"canonical":"https:\/\/www.welovecycling.com\/ee\/2025\/10\/30\/nii-et-sa-pole-10-aastat-uut-ratast-ostnud-ketaspidurid-ja-ta-vollid\/","og_locale":"et_EE","og_type":"article","og_title":"Nii, et sa pole 10 aastat uut ratast ostnud \u2013 ketaspidurid ja TA v\u00f5llid","og_description":"Kui su ratas on p\u00e4rit kuskilt 2015. aasta kandist, siis on \u00fcsna t\u00f5en\u00e4oline, et see peatub veel vanamoodsal viisil \u2013 [&hellip;]","og_url":"https:\/\/www.welovecycling.com\/ee\/2025\/10\/30\/nii-et-sa-pole-10-aastat-uut-ratast-ostnud-ketaspidurid-ja-ta-vollid\/","og_site_name":"\u0160koda We Love Cycling - Estonia","article_published_time":"2025-10-30T08:40:05+00:00","og_image":[{"width":2400,"height":1600,"url":"https:\/\/d2p6e6u75xmxt8.cloudfront.net\/15\/2025\/10\/531909-20240327-1115-DwarsDoorVlaanderen-LeonvanBon-114A1787-21ad9c-original-1711621152.webp","type":"image\/webp"}],"author":"andre","twitter_card":"summary_large_image","twitter_misc":{"Written by":"Jiri Kaloc","Est. reading time":"3"},"schema":{"@context":"https:\/\/schema.org","@graph":[{"@type":"WebPage","@id":"https:\/\/www.welovecycling.com\/ee\/2025\/10\/30\/nii-et-sa-pole-10-aastat-uut-ratast-ostnud-ketaspidurid-ja-ta-vollid\/","url":"https:\/\/www.welovecycling.com\/ee\/2025\/10\/30\/nii-et-sa-pole-10-aastat-uut-ratast-ostnud-ketaspidurid-ja-ta-vollid\/","name":"Nii, et sa pole 10 aastat uut ratast ostnud \u2013 ketaspidurid ja TA v\u00f5llid - \u0160koda We Love Cycling - Estonia","isPartOf":{"@id":"https:\/\/www.welovecycling.com\/ee\/#website"},"primaryImageOfPage":{"@id":"https:\/\/www.welovecycling.com\/ee\/2025\/10\/30\/nii-et-sa-pole-10-aastat-uut-ratast-ostnud-ketaspidurid-ja-ta-vollid\/#primaryimage"},"image":{"@id":"https:\/\/www.welovecycling.com\/ee\/2025\/10\/30\/nii-et-sa-pole-10-aastat-uut-ratast-ostnud-ketaspidurid-ja-ta-vollid\/#primaryimage"},"thumbnailUrl":"https:\/\/d2p6e6u75xmxt8.cloudfront.net\/15\/2025\/10\/531909-20240327-1115-DwarsDoorVlaanderen-LeonvanBon-114A1787-21ad9c-original-1711621152.webp","datePublished":"2025-10-30T08:40:05+00:00","author":{"@id":"https:\/\/www.welovecycling.com\/ee\/#\/schema\/person\/8b7101c4bd1b1ae9d3732ebb1e6caf57"},"inLanguage":"et","potentialAction":[{"@type":"ReadAction","target":["https:\/\/www.welovecycling.com\/ee\/2025\/10\/30\/nii-et-sa-pole-10-aastat-uut-ratast-ostnud-ketaspidurid-ja-ta-vollid\/"]}]},{"@type":"ImageObject","inLanguage":"et","@id":"https:\/\/www.welovecycling.com\/ee\/2025\/10\/30\/nii-et-sa-pole-10-aastat-uut-ratast-ostnud-ketaspidurid-ja-ta-vollid\/#primaryimage","url":"https:\/\/d2p6e6u75xmxt8.cloudfront.net\/15\/2025\/10\/531909-20240327-1115-DwarsDoorVlaanderen-LeonvanBon-114A1787-21ad9c-original-1711621152.webp","contentUrl":"https:\/\/d2p6e6u75xmxt8.cloudfront.net\/15\/2025\/10\/531909-20240327-1115-DwarsDoorVlaanderen-LeonvanBon-114A1787-21ad9c-original-1711621152.webp","width":2400,"height":1600},{"@type":"WebSite","@id":"https:\/\/www.welovecycling.com\/ee\/#website","url":"https:\/\/www.welovecycling.com\/ee\/","name":"\u0160koda We Love Cycling - Estonia","description":"","potentialAction":[{"@type":"SearchAction","target":{"@type":"EntryPoint","urlTemplate":"https:\/\/www.welovecycling.com\/ee\/?s={search_term_string}"},"query-input":{"@type":"PropertyValueSpecification","valueRequired":true,"valueName":"search_term_string"}}],"inLanguage":"et"},{"@type":"Person","@id":"https:\/\/www.welovecycling.com\/ee\/#\/schema\/person\/8b7101c4bd1b1ae9d3732ebb1e6caf57","name":"andre","image":{"@type":"ImageObject","inLanguage":"et","@id":"https:\/\/www.welovecycling.com\/ee\/#\/schema\/person\/image\/","url":"https:\/\/secure.gravatar.com\/avatar\/0656b3224fe17b018f43b8a562625dd43d30827f027b2f62bc5a05711fec9a61?s=96&d=mm&r=g","contentUrl":"https:\/\/secure.gravatar.com\/avatar\/0656b3224fe17b018f43b8a562625dd43d30827f027b2f62bc5a05711fec9a61?s=96&d=mm&r=g","caption":"andre"},"url":"https:\/\/www.welovecycling.com\/ee\/author\/andre\/"}]}},"_links":{"self":[{"href":"https:\/\/www.welovecycling.com\/ee\/wp-json\/wp\/v2\/posts\/3190","targetHints":{"allow":["GET"]}}],"collection":[{"href":"https:\/\/www.welovecycling.com\/ee\/wp-json\/wp\/v2\/posts"}],"about":[{"href":"https:\/\/www.welovecycling.com\/ee\/wp-json\/wp\/v2\/types\/post"}],"author":[{"embeddable":true,"href":"https:\/\/www.welovecycling.com\/ee\/wp-json\/wp\/v2\/users\/174"}],"replies":[{"embeddable":true,"href":"https:\/\/www.welovecycling.com\/ee\/wp-json\/wp\/v2\/comments?post=3190"}],"version-history":[{"count":2,"href":"https:\/\/www.welovecycling.com\/ee\/wp-json\/wp\/v2\/posts\/3190\/revisions"}],"predecessor-version":[{"id":3193,"href":"https:\/\/www.welovecycling.com\/ee\/wp-json\/wp\/v2\/posts\/3190\/revisions\/3193"}],"wp:featuredmedia":[{"embeddable":true,"href":"https:\/\/www.welovecycling.com\/ee\/wp-json\/wp\/v2\/media\/3191"}],"wp:attachment":[{"href":"https:\/\/www.welovecycling.com\/ee\/wp-json\/wp\/v2\/media?parent=3190"}],"wp:term":[{"taxonomy":"category","embeddable":true,"href":"https:\/\/www.welovecycling.com\/ee\/wp-json\/wp\/v2\/categories?post=3190"},{"taxonomy":"post_tag","embeddable":true,"href":"https:\/\/www.welovecycling.com\/ee\/wp-json\/wp\/v2\/tags?post=3190"},{"taxonomy":"global-categories","embeddable":true,"href":"https:\/\/www.welovecycling.com\/ee\/wp-json\/wp\/v2\/global-categories?post=3190"}],"curies":[{"name":"wp","href":"https:\/\/api.w.org\/{rel}","templated":true}]}}