{"id":3167,"date":"2025-10-24T12:49:02","date_gmt":"2025-10-24T09:49:02","guid":{"rendered":"https:\/\/www.welovecycling.com\/ee\/?p=3167"},"modified":"2025-10-24T12:53:16","modified_gmt":"2025-10-24T09:53:16","slug":"tour-de-france-2026-barcelona-grand-depart-alpi-lahingud-ja-varajased-panused","status":"publish","type":"post","link":"https:\/\/www.welovecycling.com\/ee\/2025\/10\/24\/tour-de-france-2026-barcelona-grand-depart-alpi-lahingud-ja-varajased-panused\/","title":{"rendered":"Tour de France 2026: Barcelona Grand D\u00e9part, Alpi lahingud ja varajased panused"},"content":{"rendered":"<article class=\"text-token-text-primary w-full focus:outline-none [--shadow-height:45px] has-data-writing-block:pointer-events-none has-data-writing-block:-mt-(--shadow-height) has-data-writing-block:pt-(--shadow-height) [&amp;:has([data-writing-block])&gt;*]:pointer-events-auto [content-visibility:auto] supports-[content-visibility:auto]:[contain-intrinsic-size:auto_100lvh] scroll-mt-[calc(var(--header-height)+min(200px,max(70px,20svh)))]\" dir=\"auto\" tabindex=\"-1\" data-turn-id=\"f6899dd2-87ea-43ed-953a-03b3ae68a3d8\" data-testid=\"conversation-turn-6\" data-scroll-anchor=\"true\" data-turn=\"assistant\">\n<div class=\"text-base my-auto mx-auto pb-10 [--thread-content-margin:--spacing(4)] thread-sm:[--thread-content-margin:--spacing(6)] thread-lg:[--thread-content-margin:--spacing(16)] px-(--thread-content-margin)\">\n<div class=\"[--thread-content-max-width:40rem] thread-lg:[--thread-content-max-width:48rem] mx-auto max-w-(--thread-content-max-width) flex-1 group\/turn-messages focus-visible:outline-hidden relative flex w-full min-w-0 flex-col agent-turn\" tabindex=\"-1\">\n<div class=\"flex max-w-full flex-col grow\">\n<div class=\"min-h-8 text-message relative flex w-full flex-col items-end gap-2 text-start break-words whitespace-normal [.text-message+&amp;]:mt-1\" dir=\"auto\" data-message-author-role=\"assistant\" data-message-id=\"18600212-525d-4488-97b7-761e9ed8f9a7\" data-message-model-slug=\"gpt-5\">\n<div class=\"flex w-full flex-col gap-1 empty:hidden first:pt-[1px]\">\n<div class=\"markdown prose dark:prose-invert w-full break-words light markdown-new-styling\">\n<h2 data-start=\"147\" data-end=\"427\">Tour de France\u2019i 113. versioon, mis avalikustati 23. oktoobril 2025 Pariisis, toimub 4.\u201326. juulini 2026. Start antakse esmakordselt Barcelonas, kust tuur suundub kohe P\u00fcreneedesse, seej\u00e4rel l\u00e4bi Prantsusmaa keskosa ja l\u00f5peb Alpi tippudes enne traditsioonilist fini\u0161it Pariisis.<\/h2>\n<p>&nbsp;<\/p>\n<p data-start=\"147\" data-end=\"427\">Tegemist on marsruudiga, mis ei oota Alpe, et pakkuda draamat \u2013 see n\u00f5uab agressiivsust, taktikalist distsipliini ja vastupidavust esimesest p\u00e4evast alates .<\/p>\n<hr data-start=\"589\" data-end=\"592\" \/>\n<h3 data-start=\"594\" data-end=\"622\"><strong>Julge algus Barcelonas<\/strong><\/h3>\n<p data-start=\"623\" data-end=\"858\">Esimest korda ajaloos stardib Tour de France Barcelonast \u2013 linnas, mis on varem v\u00f5\u00f5rustanud etappe 1957., 1965. ja 2009. aastal, kuid pole kunagi olnud esimese etapi stardilavaks. <em>Grand D\u00e9part<\/em> koosneb kolmest erilisest ja m\u00e4\u00e4ravast p\u00e4evast Kataloonia teedel.<\/p>\n<p data-start=\"860\" data-end=\"1338\"><strong data-start=\"860\" data-end=\"931\">1. etapp \u2013 meeskondlik eraldistart, 19,7 km (Barcelona \u2192 Barcelona)<\/strong><br data-start=\"931\" data-end=\"934\" \/>L\u00fchike, tehniline linnaring, mis h\u00f5lmab t\u00f5usu Montju\u00efci m\u00e4ele \u2013 endisele F1 ringrajale ja 1992. aasta ol\u00fcmpiakompleksi asukohale.<br data-start=\"1063\" data-end=\"1066\" \/>Viimari oli Touri avapauguks TTT (team time trial), 1971. aastal. Tugevad meeskonnad nagu Visma\u2013Lease a Bike, UAE Team Emirates ja INEOS Grenadiers v\u00f5ivad juba enne esimest tavaetappi \u00fcldarvestuses vahed sisse s\u00f5ita.<\/p>\n<p data-start=\"1340\" data-end=\"1609\"><strong data-start=\"1340\" data-end=\"1386\">2. etapp \u2013 Tarragona \u2192 Barcelona (~178 km)<\/strong><br data-start=\"1386\" data-end=\"1389\" \/>Kaunis Vahemere rannikut palistav trass, kus tuulele avatud l\u00f5igud v\u00f5ivad paraja segaduse tekitada. Oodata v\u00f5ib v\u00f5itjat jooksikute hulgast v\u00f5i hilist r\u00fcnnakut, kui ratturid taas Montju\u00efci kaudu linna keskusesse j\u00f5uavad.<\/p>\n<p data-start=\"1611\" data-end=\"1887\"><strong data-start=\"1611\" data-end=\"1663\">3. etapp \u2013 Granollers \u2192 Les Angles (P\u00fcreneedele)<\/strong><br data-start=\"1663\" data-end=\"1666\" \/>Kolmandal p\u00e4eval liigub karavan otse k\u00f5rgm\u00e4gedesse. L\u00f5put\u00f5us Les Angles\u2019i (1600 m) pole k\u00fcll mingi hiiglane, kuid piisavalt pikk, et n\u00e4ha, kellel on reisiv\u00e4simus veel sees. \u00dcldarvestuse peale s\u00f5itjad hakkavad juba \u00fcksteist testima.<\/p>\n<p data-start=\"1889\" data-end=\"1969\">See avablokk on loodud tekitama kohe alguses segadust \u2013 pole \u00fchtegi lihtsat p\u00e4eva ega soojendusetappi.<\/p>\n<blockquote class=\"instagram-media\" style=\"background: #FFF; border: 0; border-radius: 3px; box-shadow: 0 0 1px 0 rgba(0,0,0,0.5),0 1px 10px 0 rgba(0,0,0,0.15); margin: 1px; max-width: 540px; min-width: 326px; padding: 0; width: calc(100% - 2px);\" data-instgrm-captioned=\"\" data-instgrm-permalink=\"https:\/\/www.instagram.com\/p\/DQJoUa_CHop\/?utm_source=ig_embed&amp;utm_campaign=loading\" data-instgrm-version=\"14\">\n<div style=\"padding: 16px;\">\n<p>&nbsp;<\/p>\n<div style=\"display: flex; flex-direction: row; align-items: center;\">\n<div style=\"background-color: #f4f4f4; border-radius: 50%; flex-grow: 0; height: 40px; margin-right: 14px; width: 40px;\"><\/div>\n<div style=\"display: flex; flex-direction: column; flex-grow: 1; justify-content: center;\">\n<div style=\"background-color: #f4f4f4; border-radius: 4px; flex-grow: 0; height: 14px; margin-bottom: 6px; width: 100px;\"><\/div>\n<div style=\"background-color: #f4f4f4; border-radius: 4px; flex-grow: 0; height: 14px; width: 60px;\"><\/div>\n<\/div>\n<\/div>\n<div style=\"padding: 19% 0;\"><\/div>\n<div style=\"display: block; height: 50px; margin: 0 auto 12px; width: 50px;\"><\/div>\n<div style=\"padding-top: 8px;\">\n<div style=\"color: #3897f0; font-family: Arial,sans-serif; font-size: 14px; font-style: normal; font-weight: 550; line-height: 18px;\">View this post on Instagram<\/div>\n<\/div>\n<div style=\"padding: 12.5% 0;\"><\/div>\n<div style=\"display: flex; flex-direction: row; margin-bottom: 14px; align-items: center;\">\n<div>\n<div style=\"background-color: #f4f4f4; border-radius: 50%; height: 12.5px; width: 12.5px; transform: translateX(0px) translateY(7px);\"><\/div>\n<div style=\"background-color: #f4f4f4; height: 12.5px; transform: rotate(-45deg) translateX(3px) translateY(1px); width: 12.5px; flex-grow: 0; margin-right: 14px; margin-left: 2px;\"><\/div>\n<div style=\"background-color: #f4f4f4; border-radius: 50%; height: 12.5px; width: 12.5px; transform: translateX(9px) translateY(-18px);\"><\/div>\n<\/div>\n<div style=\"margin-left: 8px;\">\n<div style=\"background-color: #f4f4f4; border-radius: 4px; flex-grow: 0; height: 20px; width: 20px;\"><\/div>\n<div style=\"width: 0; height: 0; border-top: 2px solid transparent; border-left: 6px solid #f4f4f4; border-bottom: 2px solid transparent; transform: translateX(16px) translateY(-4px) rotate(30deg);\"><\/div>\n<\/div>\n<div style=\"margin-left: auto;\">\n<div style=\"width: 0px; border-top: 8px solid #F4F4F4; border-right: 8px solid transparent; transform: translateY(16px);\"><\/div>\n<div style=\"background-color: #f4f4f4; flex-grow: 0; height: 12px; width: 16px; transform: translateY(-4px);\"><\/div>\n<div style=\"width: 0; height: 0; border-top: 8px solid #F4F4F4; border-left: 8px solid transparent; transform: translateY(-4px) translateX(8px);\"><\/div>\n<\/div>\n<\/div>\n<div style=\"display: flex; flex-direction: column; flex-grow: 1; justify-content: center; margin-bottom: 24px;\">\n<div style=\"background-color: #f4f4f4; border-radius: 4px; flex-grow: 0; height: 14px; margin-bottom: 6px; width: 224px;\"><\/div>\n<div style=\"background-color: #f4f4f4; border-radius: 4px; flex-grow: 0; height: 14px; width: 144px;\"><\/div>\n<\/div>\n<p>&nbsp;<\/p>\n<p style=\"color: #c9c8cd; font-family: Arial,sans-serif; font-size: 14px; line-height: 17px; margin-bottom: 0; margin-top: 8px; overflow: hidden; padding: 8px 0 7px; text-align: center; text-overflow: ellipsis; white-space: nowrap;\"><a style=\"color: #c9c8cd; font-family: Arial,sans-serif; font-size: 14px; font-style: normal; font-weight: normal; line-height: 17px; text-decoration: none;\" href=\"https:\/\/www.instagram.com\/p\/DQJoUa_CHop\/?utm_source=ig_embed&amp;utm_campaign=loading\" target=\"_blank\" rel=\"noopener\">A post shared by Tour de France\u2122 (@letourdefrance)<\/a><\/p>\n<\/div>\n<\/blockquote>\n<p><script async src=\"\/\/www.instagram.com\/embed.js\"><\/script><\/p>\n<hr data-start=\"1971\" data-end=\"1974\" \/>\n<h3 data-start=\"1976\" data-end=\"2017\">\u00dcle Prantsusmaa: pidevad katsumused<\/h3>\n<p data-start=\"2018\" data-end=\"2153\">P\u00e4rast piiri\u00fcletust joonistab Tour marsruut diagonaalse trajektoori \u00fcle kogu riigi, l\u00e4bides k\u00f5ik suuremad m\u00e4estikud enne, kui j\u00f5uab Alpidesse.<\/p>\n<p data-start=\"2155\" data-end=\"2322\">Esimene n\u00e4dal l\u00f5peb m\u00e4efini\u0161iga Gavarnie-G\u00e8dre\u2019s P\u00fcreneede s\u00fcdames \u2013 k\u00f5rge m\u00e4etipp, kus kergekaalulised ronijad nagu Landa, Rodr\u00edguez v\u00f5i Caruso v\u00f5ivad juba varakult r\u00fcnnata.<\/p>\n<p data-start=\"2324\" data-end=\"2534\">Teine n\u00e4dal viib ratturid l\u00e4bi <strong data-start=\"2355\" data-end=\"2374\">Massif Centrali<\/strong>, kus kuumus ja lainetav profiil teevad rohkem kahju kui t\u00f5usunurgad ise. Siin v\u00f5ivad s\u00e4rada r\u00fcndajad ja \u00e4ramineku spetsid nagu Matej Mohori\u010d v\u00f5i Magnus Cort.<\/p>\n<p data-start=\"2536\" data-end=\"2670\"><strong data-start=\"2536\" data-end=\"2556\">Vosges\u2019i m\u00e4estik<\/strong> toob l\u00fchemad, teravamad t\u00f5usud, mis sobivad plahvatuslikele s\u00f5itjatele nagu Pidcock, Alaphilippe v\u00f5i Skjelmose.<\/p>\n<p data-start=\"2672\" data-end=\"2836\">Uue lisandina tuleb esmakordselt Touri ajaloos <strong data-start=\"2719\" data-end=\"2742\">Plateau de Solaison<\/strong> \u2013 karm t\u00f5us keskmise nurgaga 9%, mis v\u00f5ib \u00fcldarvestuse p\u00f5hjalikult raputada juba enne Alpe.<\/p>\n<blockquote class=\"instagram-media\" style=\"background: #FFF; border: 0; border-radius: 3px; box-shadow: 0 0 1px 0 rgba(0,0,0,0.5),0 1px 10px 0 rgba(0,0,0,0.15); margin: 1px; max-width: 540px; min-width: 326px; padding: 0; width: calc(100% - 2px);\" data-instgrm-captioned=\"\" data-instgrm-permalink=\"https:\/\/www.instagram.com\/p\/DQJqMKbCN1K\/?utm_source=ig_embed&amp;utm_campaign=loading\" data-instgrm-version=\"14\">\n<div style=\"padding: 16px;\">\n<p>&nbsp;<\/p>\n<div style=\"display: flex; flex-direction: row; align-items: center;\">\n<div style=\"background-color: #f4f4f4; border-radius: 50%; flex-grow: 0; height: 40px; margin-right: 14px; width: 40px;\"><\/div>\n<div style=\"display: flex; flex-direction: column; flex-grow: 1; justify-content: center;\">\n<div style=\"background-color: #f4f4f4; border-radius: 4px; flex-grow: 0; height: 14px; margin-bottom: 6px; width: 100px;\"><\/div>\n<div style=\"background-color: #f4f4f4; border-radius: 4px; flex-grow: 0; height: 14px; width: 60px;\"><\/div>\n<\/div>\n<\/div>\n<div style=\"padding: 19% 0;\"><\/div>\n<div style=\"display: block; height: 50px; margin: 0 auto 12px; width: 50px;\"><\/div>\n<div style=\"padding-top: 8px;\">\n<div style=\"color: #3897f0; font-family: Arial,sans-serif; font-size: 14px; font-style: normal; font-weight: 550; line-height: 18px;\">View this post on Instagram<\/div>\n<\/div>\n<div style=\"padding: 12.5% 0;\"><\/div>\n<div style=\"display: flex; flex-direction: row; margin-bottom: 14px; align-items: center;\">\n<div>\n<div style=\"background-color: #f4f4f4; border-radius: 50%; height: 12.5px; width: 12.5px; transform: translateX(0px) translateY(7px);\"><\/div>\n<div style=\"background-color: #f4f4f4; height: 12.5px; transform: rotate(-45deg) translateX(3px) translateY(1px); width: 12.5px; flex-grow: 0; margin-right: 14px; margin-left: 2px;\"><\/div>\n<div style=\"background-color: #f4f4f4; border-radius: 50%; height: 12.5px; width: 12.5px; transform: translateX(9px) translateY(-18px);\"><\/div>\n<\/div>\n<div style=\"margin-left: 8px;\">\n<div style=\"background-color: #f4f4f4; border-radius: 4px; flex-grow: 0; height: 20px; width: 20px;\"><\/div>\n<div style=\"width: 0; height: 0; border-top: 2px solid transparent; border-left: 6px solid #f4f4f4; border-bottom: 2px solid transparent; transform: translateX(16px) translateY(-4px) rotate(30deg);\"><\/div>\n<\/div>\n<div style=\"margin-left: auto;\">\n<div style=\"width: 0px; border-top: 8px solid #F4F4F4; border-right: 8px solid transparent; transform: translateY(16px);\"><\/div>\n<div style=\"background-color: #f4f4f4; flex-grow: 0; height: 12px; width: 16px; transform: translateY(-4px);\"><\/div>\n<div style=\"width: 0; height: 0; border-top: 8px solid #F4F4F4; border-left: 8px solid transparent; transform: translateY(-4px) translateX(8px);\"><\/div>\n<\/div>\n<\/div>\n<div style=\"display: flex; flex-direction: column; flex-grow: 1; justify-content: center; margin-bottom: 24px;\">\n<div style=\"background-color: #f4f4f4; border-radius: 4px; flex-grow: 0; height: 14px; margin-bottom: 6px; width: 224px;\"><\/div>\n<div style=\"background-color: #f4f4f4; border-radius: 4px; flex-grow: 0; height: 14px; width: 144px;\"><\/div>\n<\/div>\n<p>&nbsp;<\/p>\n<p style=\"color: #c9c8cd; font-family: Arial,sans-serif; font-size: 14px; line-height: 17px; margin-bottom: 0; margin-top: 8px; overflow: hidden; padding: 8px 0 7px; text-align: center; text-overflow: ellipsis; white-space: nowrap;\"><a style=\"color: #c9c8cd; font-family: Arial,sans-serif; font-size: 14px; font-style: normal; font-weight: normal; line-height: 17px; text-decoration: none;\" href=\"https:\/\/www.instagram.com\/p\/DQJqMKbCN1K\/?utm_source=ig_embed&amp;utm_campaign=loading\" target=\"_blank\" rel=\"noopener\">A post shared by Tour de France\u2122 (@letourdefrance)<\/a><\/p>\n<\/div>\n<\/blockquote>\n<p><script async src=\"\/\/www.instagram.com\/embed.js\"><\/script><\/p>\n<hr data-start=\"2838\" data-end=\"2841\" \/>\n<h3 data-start=\"2843\" data-end=\"2862\"><strong>Eraldistardid<\/strong><\/h3>\n<p data-start=\"2869\" data-end=\"2910\">2026. aastal on kavas kaks eraldistarti, ehk s\u00f5itu kella vastu:<\/p>\n<ul>\n<li data-start=\"2914\" data-end=\"2965\"><strong data-start=\"2914\" data-end=\"2963\">1. etapp Barcelonas \u2013 meeskondlik eraldistart TTT<\/strong><\/li>\n<li data-start=\"2968\" data-end=\"3031\"><strong data-start=\"2968\" data-end=\"3029\">Hiljem \u2013 individuaalne eraldistart Genfi j\u00e4rve piirkonnas ITT<\/strong><\/li>\n<\/ul>\n<p data-start=\"3033\" data-end=\"3232\">Umbes 35 km pikkune ja lainetava profiiliga ITT, v\u00f5ib osutuda otsustavaks. Distsiplineeritud \u00fcldv\u00f5imekusega s\u00f5itja nagu Poga\u010dar v\u00f5i Evenepoel v\u00f5ib siin v\u00e4ikestest vahedest minutid vormida.<\/p>\n<hr data-start=\"3234\" data-end=\"3237\" \/>\n<h3 data-start=\"3239\" data-end=\"3265\"><strong>Otsustav Alpi duubel<\/strong><\/h3>\n<p data-start=\"3266\" data-end=\"3360\">Korraldajad on j\u00e4tnud suurima vaatem\u00e4ngu Touri l\u00f5ppu. Viimane m\u00e4eblokk n\u00e4eb t\u00f5eliselt brutaalne v\u00e4lja:<\/p>\n<p data-start=\"3362\" data-end=\"3596\"><strong data-start=\"3362\" data-end=\"3395\">19. etapp \u2013 Gap \u2192 Alpe d\u2019Huez<\/strong><br data-start=\"3395\" data-end=\"3398\" \/>Pikk \u00fcleminekuetapp, mis muutub j\u00e4rk-j\u00e4rgult vertikaalseks, l\u00e4bides La Mure\u2019i ja Ornoni, ning l\u00f5peb legendaarsel Alpe d\u2019Huezil. Siin on oodata ilutulestikku ja v\u00f5ib-olla ka esimesi langejaid ronijate seas.<\/p>\n<p data-start=\"3598\" data-end=\"3994\"><strong data-start=\"3598\" data-end=\"3691\">20. etapp \u2013 Bourg d\u2019Oisans \u2192 Alpe d\u2019Huez (l\u00e4bi Croix de Fer\u2019i, T\u00e9l\u00e9graphe\u2019i ja Galibieri)<\/strong><br data-start=\"3691\" data-end=\"3694\" \/>T\u00f5eline \u201cQueen Stage\u201d \u2013 ligi 5000 m t\u00f5usumeetreid, topeltt\u00f5us Alpe d\u2019Huezile (sh Col de Sarenne laskumine ja t\u00f5us) ning kaks legendaarset m\u00e4ge, mis v\u00f5ivad purustada v\u00f5i kinnistada kollase unistused.<br data-start=\"3898\" data-end=\"3901\" \/>Sellist konfiguratsiooni pole Tour varem kasutanud \u2013 see on t\u00f5eline geograafiline ja sadistlik meistrit\u00f6\u00f6. \u00d5nneks saavad seda etappi oma nahal proovida ka k\u00f5ik amat\u00f6\u00f6rratturid <a href=\"https:\/\/www.letapedutourdefrance.com\/en\/the-race\/route\">L&#8217;\u00c9tape du Tour<\/a>i raames, mis leiab aset 19.07.2026.<\/p>\n<p data-start=\"3996\" data-end=\"4154\">\u00dcldarvestuse lahing otsustatakse peaaegu kindlasti siin. Kes on 20. etapil Alpe tipus kollases, see s\u00f5idab t\u00f5en\u00e4oliselt j\u00e4rgmisel p\u00e4eval sellega ka Pariisi.<\/p>\n<blockquote class=\"instagram-media\" style=\"background: #FFF; border: 0; border-radius: 3px; box-shadow: 0 0 1px 0 rgba(0,0,0,0.5),0 1px 10px 0 rgba(0,0,0,0.15); margin: 1px; max-width: 540px; min-width: 326px; padding: 0; width: calc(100% - 2px);\" data-instgrm-captioned=\"\" data-instgrm-permalink=\"https:\/\/www.instagram.com\/p\/DQJqRvWiG5F\/?utm_source=ig_embed&amp;utm_campaign=loading\" data-instgrm-version=\"14\">\n<div style=\"padding: 16px;\">\n<p>&nbsp;<\/p>\n<div style=\"display: flex; flex-direction: row; align-items: center;\">\n<div style=\"background-color: #f4f4f4; border-radius: 50%; flex-grow: 0; height: 40px; margin-right: 14px; width: 40px;\"><\/div>\n<div style=\"display: flex; flex-direction: column; flex-grow: 1; justify-content: center;\">\n<div style=\"background-color: #f4f4f4; border-radius: 4px; flex-grow: 0; height: 14px; margin-bottom: 6px; width: 100px;\"><\/div>\n<div style=\"background-color: #f4f4f4; border-radius: 4px; flex-grow: 0; height: 14px; width: 60px;\"><\/div>\n<\/div>\n<\/div>\n<div style=\"padding: 19% 0;\"><\/div>\n<div style=\"display: block; height: 50px; margin: 0 auto 12px; width: 50px;\"><\/div>\n<div style=\"padding-top: 8px;\">\n<div style=\"color: #3897f0; font-family: Arial,sans-serif; font-size: 14px; font-style: normal; font-weight: 550; line-height: 18px;\">View this post on Instagram<\/div>\n<\/div>\n<div style=\"padding: 12.5% 0;\"><\/div>\n<div style=\"display: flex; flex-direction: row; margin-bottom: 14px; align-items: center;\">\n<div>\n<div style=\"background-color: #f4f4f4; border-radius: 50%; height: 12.5px; width: 12.5px; transform: translateX(0px) translateY(7px);\"><\/div>\n<div style=\"background-color: #f4f4f4; height: 12.5px; transform: rotate(-45deg) translateX(3px) translateY(1px); width: 12.5px; flex-grow: 0; margin-right: 14px; margin-left: 2px;\"><\/div>\n<div style=\"background-color: #f4f4f4; border-radius: 50%; height: 12.5px; width: 12.5px; transform: translateX(9px) translateY(-18px);\"><\/div>\n<\/div>\n<div style=\"margin-left: 8px;\">\n<div style=\"background-color: #f4f4f4; border-radius: 4px; flex-grow: 0; height: 20px; width: 20px;\"><\/div>\n<div style=\"width: 0; height: 0; border-top: 2px solid transparent; border-left: 6px solid #f4f4f4; border-bottom: 2px solid transparent; transform: translateX(16px) translateY(-4px) rotate(30deg);\"><\/div>\n<\/div>\n<div style=\"margin-left: auto;\">\n<div style=\"width: 0px; border-top: 8px solid #F4F4F4; border-right: 8px solid transparent; transform: translateY(16px);\"><\/div>\n<div style=\"background-color: #f4f4f4; flex-grow: 0; height: 12px; width: 16px; transform: translateY(-4px);\"><\/div>\n<div style=\"width: 0; height: 0; border-top: 8px solid #F4F4F4; border-left: 8px solid transparent; transform: translateY(-4px) translateX(8px);\"><\/div>\n<\/div>\n<\/div>\n<div style=\"display: flex; flex-direction: column; flex-grow: 1; justify-content: center; margin-bottom: 24px;\">\n<div style=\"background-color: #f4f4f4; border-radius: 4px; flex-grow: 0; height: 14px; margin-bottom: 6px; width: 224px;\"><\/div>\n<div style=\"background-color: #f4f4f4; border-radius: 4px; flex-grow: 0; height: 14px; width: 144px;\"><\/div>\n<\/div>\n<p>&nbsp;<\/p>\n<p style=\"color: #c9c8cd; font-family: Arial,sans-serif; font-size: 14px; line-height: 17px; margin-bottom: 0; margin-top: 8px; overflow: hidden; padding: 8px 0 7px; text-align: center; text-overflow: ellipsis; white-space: nowrap;\"><a style=\"color: #c9c8cd; font-family: Arial,sans-serif; font-size: 14px; font-style: normal; font-weight: normal; line-height: 17px; text-decoration: none;\" href=\"https:\/\/www.instagram.com\/p\/DQJqRvWiG5F\/?utm_source=ig_embed&amp;utm_campaign=loading\" target=\"_blank\" rel=\"noopener\">A post shared by Tour de France\u2122 (@letourdefrance)<\/a><\/p>\n<\/div>\n<\/blockquote>\n<p><script async src=\"\/\/www.instagram.com\/embed.js\"><\/script><\/p>\n<hr data-start=\"4156\" data-end=\"4159\" \/>\n<h3 data-start=\"4161\" data-end=\"4181\"><strong>Tagasi Pariisi<\/strong><\/h3>\n<p data-start=\"4182\" data-end=\"4457\">Finaaletapp toob karavani taas Pariisi sprindilahingusse, kuid v\u00e4ikese v\u00e4rskendusega: tagasi tuleb <strong data-start=\"4276\" data-end=\"4297\">Montmartre\u2019i ring<\/strong>, sillutatud t\u00f5usude ja postkaardiv\u00e4\u00e4riliste vaadetega. See sobib sprinteritele, kes taluvad l\u00fchikesi t\u00f5use \u2013 Philipsen, Pedersen, Jakobsen v\u00f5i ehk ka Girmay.<\/p>\n<hr data-start=\"4459\" data-end=\"4462\" \/>\n<h3 data-start=\"4464\" data-end=\"4487\"><strong>Keda trass soosib<\/strong><\/h3>\n<ul>\n<li data-start=\"4490\" data-end=\"4601\"><strong data-start=\"4490\" data-end=\"4508\">Tadej Poga\u010dar:<\/strong> varajased t\u00f5usud, hiline eraldistart ja mitu m\u00e4efini\u0161it \u2013 trass justkui tema jaoks loodud.<\/li>\n<li data-start=\"4604\" data-end=\"4697\"><strong data-start=\"4604\" data-end=\"4625\">Jonas Vingegaard:<\/strong> naudib Liorani ja Galibieri t\u00f5use, kuid v\u00f5ib TTT-s sekundeid kaotada.<\/li>\n<li data-start=\"4700\" data-end=\"4800\"><strong data-start=\"4700\" data-end=\"4720\">Remco Evenepoel:<\/strong> kaks eraldistarti sobivad talle ideaalselt, kui ta peab Alpi piinadele vastu.<\/li>\n<li data-start=\"4803\" data-end=\"4935\"><strong data-start=\"4803\" data-end=\"4837\">Carlos Rodr\u00edguez \/ Juan Ayuso:<\/strong> mustad hobused \u2013 taluvad h\u00e4sti kuumust, tugevad keskm\u00e4gedes, v\u00f5ivad s\u00e4rada Kataloonias ja P\u00fcreneedes.<\/li>\n<li data-start=\"4938\" data-end=\"5030\"><strong data-start=\"4938\" data-end=\"4956\">Primo\u017e Rogli\u010d:<\/strong> trass, mis premeerib kontrolli ja j\u00f5udu. Kui ta on terve ja p\u00fcsib p\u00fcsti, on ta ohtlik.<\/li>\n<\/ul>\n<blockquote class=\"instagram-media\" style=\"background: #FFF; border: 0; border-radius: 3px; box-shadow: 0 0 1px 0 rgba(0,0,0,0.5),0 1px 10px 0 rgba(0,0,0,0.15); margin: 1px; max-width: 540px; min-width: 326px; padding: 0; width: calc(100% - 2px);\" data-instgrm-captioned=\"\" data-instgrm-permalink=\"https:\/\/www.instagram.com\/reel\/DQJUun8iGfN\/?utm_source=ig_embed&amp;utm_campaign=loading\" data-instgrm-version=\"14\">\n<div style=\"padding: 16px;\">\n<p>&nbsp;<\/p>\n<div style=\"display: flex; flex-direction: row; align-items: center;\">\n<div style=\"background-color: #f4f4f4; border-radius: 50%; flex-grow: 0; height: 40px; margin-right: 14px; width: 40px;\"><\/div>\n<div style=\"display: flex; flex-direction: column; flex-grow: 1; justify-content: center;\">\n<div style=\"background-color: #f4f4f4; border-radius: 4px; flex-grow: 0; height: 14px; margin-bottom: 6px; width: 100px;\"><\/div>\n<div style=\"background-color: #f4f4f4; border-radius: 4px; flex-grow: 0; height: 14px; width: 60px;\"><\/div>\n<\/div>\n<\/div>\n<div style=\"padding: 19% 0;\"><\/div>\n<div style=\"display: block; height: 50px; margin: 0 auto 12px; width: 50px;\"><\/div>\n<div style=\"padding-top: 8px;\">\n<div style=\"color: #3897f0; font-family: Arial,sans-serif; font-size: 14px; font-style: normal; font-weight: 550; line-height: 18px;\">View this post on Instagram<\/div>\n<\/div>\n<div style=\"padding: 12.5% 0;\"><\/div>\n<div style=\"display: flex; flex-direction: row; margin-bottom: 14px; alignments: center;\">\n<div>\n<div style=\"background-color: #f4f4f4; border-radius: 50%; height: 12.5px; width: 12.5px; transform: translateX(0px) translateY(7px);\"><\/div>\n<div style=\"background-color: #f4f4f4; height: 12.5px; transform: rotate(-45deg) translateX(3px) translateY(1px); width: 12.5px; flex-grow: 0; margin-right: 14px; margin-left: 2px;\"><\/div>\n<div style=\"background-color: #f4f4f4; border-radius: 50%; height: 12.5px; width: 12.5px; transform: translateX(9px) translateY(-18px);\"><\/div>\n<\/div>\n<div style=\"margin-left: 8px;\">\n<div style=\"background-color: #f4f4f4; border-radius: 4px; flex-grow: 0; height: 20px; width: 20px;\"><\/div>\n<div style=\"width: 0; height: 0; border-top: 2px solid transparent; border-left: 6px solid #f4f4f4; border-bottom: 2px solid transparent; transform: translateX(16px) translateY(-4px) rotate(30deg);\"><\/div>\n<\/div>\n<div style=\"margin-left: auto;\">\n<div style=\"width: 0px; border-top: 8px solid #F4F4F4; border-right: 8px solid transparent; transform: translateY(16px);\"><\/div>\n<div style=\"background-color: #f4f4f4; flex-grow: 0; height: 12px; width: 16px; transform: translateY(-4px);\"><\/div>\n<div style=\"width: 0; height: 0; border-top: 8px solid #F4F4F4; border-left: 8px solid transparent; transform: translateY(-4px) translateX(8px);\"><\/div>\n<\/div>\n<\/div>\n<div style=\"display: flex; flex-direction: column; flex-grow: 1; justify-content: center; margin-bottom: 24px;\">\n<div style=\"background-color: #f4f4f4; border-radius: 4px; flex-grow: 0; height: 14px; margin-bottom: 6px; width: 224px;\"><\/div>\n<div style=\"background-color: #f4f4f4; border-radius: 4px; flex-grow: 0; height: 14px; width: 144px;\"><\/div>\n<\/div>\n<p>&nbsp;<\/p>\n<p style=\"color: #c9c8cd; font-family: Arial,sans-serif; font-size: 14px; line-height: 17px; margin-bottom: 0; margin-top: 8px; overflow: hidden; padding: 8px 0 7px; text-align: center; text-overflow: ellipsis; white-space: nowrap;\"><a style=\"color: #c9c8cd; font-family: Arial,sans-serif; font-size: 14px; font-style: normal; font-weight: normal; line-height: 17px; text-decoration: none;\" href=\"https:\/\/www.instagram.com\/reel\/DQJUun8iGfN\/?utm_source=ig_embed&amp;utm_campaign=loading\" target=\"_blank\" rel=\"noopener\">A post shared by \u0160koda We Love Cycling (@wlcmagazine)<\/a><\/p>\n<\/div>\n<\/blockquote>\n<p><script async src=\"\/\/www.instagram.com\/embed.js\"><\/script><\/p>\n<hr data-start=\"5032\" data-end=\"5035\" \/>\n<h3 data-start=\"5037\" data-end=\"5054\"><strong>Mida oodata<\/strong><\/h3>\n<ul>\n<li data-start=\"5058\" data-end=\"5125\"><strong data-start=\"5058\" data-end=\"5077\">Varajane pinge:<\/strong> Barcelona TTT rebib \u00fcldarvestuse kohe laiali.<\/li>\n<li data-start=\"5128\" data-end=\"5206\"><strong data-start=\"5128\" data-end=\"5142\">Tuulekaos:<\/strong> Vahemere rannikul (etapid 2\u20134) v\u00f5ib grupp t\u00fckkideks laguneda.<\/li>\n<li data-start=\"5209\" data-end=\"5338\"><strong data-start=\"5209\" data-end=\"5233\">Halastamatu keskosa:<\/strong> Massif Central ja Vosges n\u00e4ivad ohutud, kuid v\u00f5ivad otsustada sprindis\u00e4rgi ja kurnata jalad enne Alpe.<\/li>\n<li data-start=\"5341\" data-end=\"5475\"><strong data-start=\"5341\" data-end=\"5365\">K\u00f5rgm\u00e4gede kannatus:<\/strong> fini\u0161id Les Angles\u2019is, Gavarnies, Solaisonil ja kahekordne Alpe d\u2019Huez muudavad taastumise v\u00f5tmek\u00fcsimuseks.<\/li>\n<\/ul>\n<p data-start=\"5477\" data-end=\"5746\" data-is-last-node=\"\" data-is-only-node=\"\">Tour de France 2026 sisaldab k\u00f5iki klassiku elemente: start naaberriigis, passiivsust karistav rada ja legendaarne l\u00f5ppvaatus.<br data-start=\"5610\" data-end=\"5613\" \/>See ei r\u00e4\u00e4gi sellest, kuidas kaitsta kollast s\u00e4rki \u2013 vaid kuidas julgeda see endale v\u00f5tta.<br data-start=\"5703\" data-end=\"5706\" \/>Ja me ei j\u00f5ua \u00e4ra oodata, et see algaks.<\/p>\n<\/div>\n<\/div>\n<\/div>\n<\/div>\n<\/div>\n<\/div>\n<\/article>\n","protected":false},"excerpt":{"rendered":"<p>Tour de France\u2019i 113. versioon, mis avalikustati 23. oktoobril 2025 Pariisis, toimub 4.\u201326. juulini 2026. Start antakse esmakordselt Barcelonas, kust [&hellip;]<\/p>\n","protected":false},"author":174,"featured_media":3170,"comment_status":"open","ping_status":"open","sticky":false,"template":"","format":"standard","meta":{"footnotes":""},"categories":[39],"tags":[526,527,14],"global-categories":[22],"class_list":["post-3167","post","type-post","status-publish","format-standard","has-post-thumbnail","hentry","category-maanteesoit","tag-2026-tour","tag-2026-tour-de-france-trass","tag-tour-de-france","global-categories-cycling"],"yoast_head":"<!-- This site is optimized with the Yoast SEO Premium plugin v25.3 (Yoast SEO v25.9) - https:\/\/yoast.com\/wordpress\/plugins\/seo\/ -->\n<title>Tour de France 2026: Barcelona Grand D\u00e9part, Alpi lahingud ja varajased panused - \u0160koda We Love Cycling - Estonia<\/title>\n<meta name=\"description\" content=\"Tour de France\u2019i 113. versioon, mis avalikustati 23. oktoobril 2025 Pariisis, toimub 4.\u201326. juulini 2026. Start antakse esmakordselt Barcelonas, kust tuur suundub kohe P\u00fcreneedesse, seej\u00e4rel l\u00e4bi Prantsusmaa keskosa ja l\u00f5peb Alpi tippudes enne traditsioonilist fini\u0161it Pariisis.\" \/>\n<meta name=\"robots\" content=\"index, follow, max-snippet:-1, max-image-preview:large, max-video-preview:-1\" \/>\n<link rel=\"canonical\" href=\"https:\/\/www.welovecycling.com\/ee\/2025\/10\/24\/tour-de-france-2026-barcelona-grand-depart-alpi-lahingud-ja-varajased-panused\/\" \/>\n<meta property=\"og:locale\" content=\"et_EE\" \/>\n<meta property=\"og:type\" content=\"article\" \/>\n<meta property=\"og:title\" content=\"Tour de France 2026: Barcelona Grand D\u00e9part, Alpi lahingud ja varajased panused\" \/>\n<meta property=\"og:description\" content=\"Tour de France\u2019i 113. versioon, mis avalikustati 23. oktoobril 2025 Pariisis, toimub 4.\u201326. juulini 2026. Start antakse esmakordselt Barcelonas, kust tuur suundub kohe P\u00fcreneedesse, seej\u00e4rel l\u00e4bi Prantsusmaa keskosa ja l\u00f5peb Alpi tippudes enne traditsioonilist fini\u0161it Pariisis.\" \/>\n<meta property=\"og:url\" content=\"https:\/\/www.welovecycling.com\/ee\/2025\/10\/24\/tour-de-france-2026-barcelona-grand-depart-alpi-lahingud-ja-varajased-panused\/\" \/>\n<meta property=\"og:site_name\" content=\"\u0160koda We Love Cycling - Estonia\" \/>\n<meta property=\"article:published_time\" content=\"2025-10-24T09:49:02+00:00\" \/>\n<meta property=\"article:modified_time\" content=\"2025-10-24T09:53:16+00:00\" \/>\n<meta property=\"og:image\" content=\"https:\/\/d2p6e6u75xmxt8.cloudfront.net\/15\/2025\/10\/tdf26.webp\" \/>\n\t<meta property=\"og:image:width\" content=\"990\" \/>\n\t<meta property=\"og:image:height\" content=\"659\" \/>\n\t<meta property=\"og:image:type\" content=\"image\/webp\" \/>\n<meta name=\"author\" content=\"andre\" \/>\n<meta name=\"twitter:card\" content=\"summary_large_image\" \/>\n<meta name=\"twitter:label1\" content=\"Written by\" \/>\n\t<meta name=\"twitter:data1\" content=\"Monica Buck\" \/>\n\t<meta name=\"twitter:label2\" content=\"Est. reading time\" \/>\n\t<meta name=\"twitter:data2\" content=\"5\" \/>\n<script type=\"application\/ld+json\" class=\"yoast-schema-graph\">{\"@context\":\"https:\/\/schema.org\",\"@graph\":[{\"@type\":\"WebPage\",\"@id\":\"https:\/\/www.welovecycling.com\/ee\/2025\/10\/24\/tour-de-france-2026-barcelona-grand-depart-alpi-lahingud-ja-varajased-panused\/\",\"url\":\"https:\/\/www.welovecycling.com\/ee\/2025\/10\/24\/tour-de-france-2026-barcelona-grand-depart-alpi-lahingud-ja-varajased-panused\/\",\"name\":\"Tour de France 2026: Barcelona Grand D\u00e9part, Alpi lahingud ja varajased panused - \u0160koda We Love Cycling - Estonia\",\"isPartOf\":{\"@id\":\"https:\/\/www.welovecycling.com\/ee\/#website\"},\"primaryImageOfPage\":{\"@id\":\"https:\/\/www.welovecycling.com\/ee\/2025\/10\/24\/tour-de-france-2026-barcelona-grand-depart-alpi-lahingud-ja-varajased-panused\/#primaryimage\"},\"image\":{\"@id\":\"https:\/\/www.welovecycling.com\/ee\/2025\/10\/24\/tour-de-france-2026-barcelona-grand-depart-alpi-lahingud-ja-varajased-panused\/#primaryimage\"},\"thumbnailUrl\":\"https:\/\/d2p6e6u75xmxt8.cloudfront.net\/15\/2025\/10\/tdf26.webp\",\"datePublished\":\"2025-10-24T09:49:02+00:00\",\"dateModified\":\"2025-10-24T09:53:16+00:00\",\"author\":{\"@id\":\"https:\/\/www.welovecycling.com\/ee\/#\/schema\/person\/8b7101c4bd1b1ae9d3732ebb1e6caf57\"},\"description\":\"Tour de France\u2019i 113. versioon, mis avalikustati 23. oktoobril 2025 Pariisis, toimub 4.\u201326. juulini 2026. Start antakse esmakordselt Barcelonas, kust tuur suundub kohe P\u00fcreneedesse, seej\u00e4rel l\u00e4bi Prantsusmaa keskosa ja l\u00f5peb Alpi tippudes enne traditsioonilist fini\u0161it Pariisis.\",\"inLanguage\":\"et\",\"potentialAction\":[{\"@type\":\"ReadAction\",\"target\":[\"https:\/\/www.welovecycling.com\/ee\/2025\/10\/24\/tour-de-france-2026-barcelona-grand-depart-alpi-lahingud-ja-varajased-panused\/\"]}]},{\"@type\":\"ImageObject\",\"inLanguage\":\"et\",\"@id\":\"https:\/\/www.welovecycling.com\/ee\/2025\/10\/24\/tour-de-france-2026-barcelona-grand-depart-alpi-lahingud-ja-varajased-panused\/#primaryimage\",\"url\":\"https:\/\/d2p6e6u75xmxt8.cloudfront.net\/15\/2025\/10\/tdf26.webp\",\"contentUrl\":\"https:\/\/d2p6e6u75xmxt8.cloudfront.net\/15\/2025\/10\/tdf26.webp\",\"width\":990,\"height\":659},{\"@type\":\"WebSite\",\"@id\":\"https:\/\/www.welovecycling.com\/ee\/#website\",\"url\":\"https:\/\/www.welovecycling.com\/ee\/\",\"name\":\"\u0160koda We Love Cycling - Estonia\",\"description\":\"\",\"potentialAction\":[{\"@type\":\"SearchAction\",\"target\":{\"@type\":\"EntryPoint\",\"urlTemplate\":\"https:\/\/www.welovecycling.com\/ee\/?s={search_term_string}\"},\"query-input\":{\"@type\":\"PropertyValueSpecification\",\"valueRequired\":true,\"valueName\":\"search_term_string\"}}],\"inLanguage\":\"et\"},{\"@type\":\"Person\",\"@id\":\"https:\/\/www.welovecycling.com\/ee\/#\/schema\/person\/8b7101c4bd1b1ae9d3732ebb1e6caf57\",\"name\":\"andre\",\"image\":{\"@type\":\"ImageObject\",\"inLanguage\":\"et\",\"@id\":\"https:\/\/www.welovecycling.com\/ee\/#\/schema\/person\/image\/\",\"url\":\"https:\/\/secure.gravatar.com\/avatar\/0656b3224fe17b018f43b8a562625dd43d30827f027b2f62bc5a05711fec9a61?s=96&d=mm&r=g\",\"contentUrl\":\"https:\/\/secure.gravatar.com\/avatar\/0656b3224fe17b018f43b8a562625dd43d30827f027b2f62bc5a05711fec9a61?s=96&d=mm&r=g\",\"caption\":\"andre\"},\"url\":\"https:\/\/www.welovecycling.com\/ee\/author\/andre\/\"}]}<\/script>\n<!-- \/ Yoast SEO Premium plugin. -->","yoast_head_json":{"title":"Tour de France 2026: Barcelona Grand D\u00e9part, Alpi lahingud ja varajased panused - \u0160koda We Love Cycling - Estonia","description":"Tour de France\u2019i 113. versioon, mis avalikustati 23. oktoobril 2025 Pariisis, toimub 4.\u201326. juulini 2026. Start antakse esmakordselt Barcelonas, kust tuur suundub kohe P\u00fcreneedesse, seej\u00e4rel l\u00e4bi Prantsusmaa keskosa ja l\u00f5peb Alpi tippudes enne traditsioonilist fini\u0161it Pariisis.","robots":{"index":"index","follow":"follow","max-snippet":"max-snippet:-1","max-image-preview":"max-image-preview:large","max-video-preview":"max-video-preview:-1"},"canonical":"https:\/\/www.welovecycling.com\/ee\/2025\/10\/24\/tour-de-france-2026-barcelona-grand-depart-alpi-lahingud-ja-varajased-panused\/","og_locale":"et_EE","og_type":"article","og_title":"Tour de France 2026: Barcelona Grand D\u00e9part, Alpi lahingud ja varajased panused","og_description":"Tour de France\u2019i 113. versioon, mis avalikustati 23. oktoobril 2025 Pariisis, toimub 4.\u201326. juulini 2026. Start antakse esmakordselt Barcelonas, kust tuur suundub kohe P\u00fcreneedesse, seej\u00e4rel l\u00e4bi Prantsusmaa keskosa ja l\u00f5peb Alpi tippudes enne traditsioonilist fini\u0161it Pariisis.","og_url":"https:\/\/www.welovecycling.com\/ee\/2025\/10\/24\/tour-de-france-2026-barcelona-grand-depart-alpi-lahingud-ja-varajased-panused\/","og_site_name":"\u0160koda We Love Cycling - Estonia","article_published_time":"2025-10-24T09:49:02+00:00","article_modified_time":"2025-10-24T09:53:16+00:00","og_image":[{"width":990,"height":659,"url":"https:\/\/d2p6e6u75xmxt8.cloudfront.net\/15\/2025\/10\/tdf26.webp","type":"image\/webp"}],"author":"andre","twitter_card":"summary_large_image","twitter_misc":{"Written by":"Monica Buck","Est. reading time":"5"},"schema":{"@context":"https:\/\/schema.org","@graph":[{"@type":"WebPage","@id":"https:\/\/www.welovecycling.com\/ee\/2025\/10\/24\/tour-de-france-2026-barcelona-grand-depart-alpi-lahingud-ja-varajased-panused\/","url":"https:\/\/www.welovecycling.com\/ee\/2025\/10\/24\/tour-de-france-2026-barcelona-grand-depart-alpi-lahingud-ja-varajased-panused\/","name":"Tour de France 2026: Barcelona Grand D\u00e9part, Alpi lahingud ja varajased panused - \u0160koda We Love Cycling - Estonia","isPartOf":{"@id":"https:\/\/www.welovecycling.com\/ee\/#website"},"primaryImageOfPage":{"@id":"https:\/\/www.welovecycling.com\/ee\/2025\/10\/24\/tour-de-france-2026-barcelona-grand-depart-alpi-lahingud-ja-varajased-panused\/#primaryimage"},"image":{"@id":"https:\/\/www.welovecycling.com\/ee\/2025\/10\/24\/tour-de-france-2026-barcelona-grand-depart-alpi-lahingud-ja-varajased-panused\/#primaryimage"},"thumbnailUrl":"https:\/\/d2p6e6u75xmxt8.cloudfront.net\/15\/2025\/10\/tdf26.webp","datePublished":"2025-10-24T09:49:02+00:00","dateModified":"2025-10-24T09:53:16+00:00","author":{"@id":"https:\/\/www.welovecycling.com\/ee\/#\/schema\/person\/8b7101c4bd1b1ae9d3732ebb1e6caf57"},"description":"Tour de France\u2019i 113. versioon, mis avalikustati 23. oktoobril 2025 Pariisis, toimub 4.\u201326. juulini 2026. Start antakse esmakordselt Barcelonas, kust tuur suundub kohe P\u00fcreneedesse, seej\u00e4rel l\u00e4bi Prantsusmaa keskosa ja l\u00f5peb Alpi tippudes enne traditsioonilist fini\u0161it Pariisis.","inLanguage":"et","potentialAction":[{"@type":"ReadAction","target":["https:\/\/www.welovecycling.com\/ee\/2025\/10\/24\/tour-de-france-2026-barcelona-grand-depart-alpi-lahingud-ja-varajased-panused\/"]}]},{"@type":"ImageObject","inLanguage":"et","@id":"https:\/\/www.welovecycling.com\/ee\/2025\/10\/24\/tour-de-france-2026-barcelona-grand-depart-alpi-lahingud-ja-varajased-panused\/#primaryimage","url":"https:\/\/d2p6e6u75xmxt8.cloudfront.net\/15\/2025\/10\/tdf26.webp","contentUrl":"https:\/\/d2p6e6u75xmxt8.cloudfront.net\/15\/2025\/10\/tdf26.webp","width":990,"height":659},{"@type":"WebSite","@id":"https:\/\/www.welovecycling.com\/ee\/#website","url":"https:\/\/www.welovecycling.com\/ee\/","name":"\u0160koda We Love Cycling - Estonia","description":"","potentialAction":[{"@type":"SearchAction","target":{"@type":"EntryPoint","urlTemplate":"https:\/\/www.welovecycling.com\/ee\/?s={search_term_string}"},"query-input":{"@type":"PropertyValueSpecification","valueRequired":true,"valueName":"search_term_string"}}],"inLanguage":"et"},{"@type":"Person","@id":"https:\/\/www.welovecycling.com\/ee\/#\/schema\/person\/8b7101c4bd1b1ae9d3732ebb1e6caf57","name":"andre","image":{"@type":"ImageObject","inLanguage":"et","@id":"https:\/\/www.welovecycling.com\/ee\/#\/schema\/person\/image\/","url":"https:\/\/secure.gravatar.com\/avatar\/0656b3224fe17b018f43b8a562625dd43d30827f027b2f62bc5a05711fec9a61?s=96&d=mm&r=g","contentUrl":"https:\/\/secure.gravatar.com\/avatar\/0656b3224fe17b018f43b8a562625dd43d30827f027b2f62bc5a05711fec9a61?s=96&d=mm&r=g","caption":"andre"},"url":"https:\/\/www.welovecycling.com\/ee\/author\/andre\/"}]}},"_links":{"self":[{"href":"https:\/\/www.welovecycling.com\/ee\/wp-json\/wp\/v2\/posts\/3167","targetHints":{"allow":["GET"]}}],"collection":[{"href":"https:\/\/www.welovecycling.com\/ee\/wp-json\/wp\/v2\/posts"}],"about":[{"href":"https:\/\/www.welovecycling.com\/ee\/wp-json\/wp\/v2\/types\/post"}],"author":[{"embeddable":true,"href":"https:\/\/www.welovecycling.com\/ee\/wp-json\/wp\/v2\/users\/174"}],"replies":[{"embeddable":true,"href":"https:\/\/www.welovecycling.com\/ee\/wp-json\/wp\/v2\/comments?post=3167"}],"version-history":[{"count":14,"href":"https:\/\/www.welovecycling.com\/ee\/wp-json\/wp\/v2\/posts\/3167\/revisions"}],"predecessor-version":[{"id":3180,"href":"https:\/\/www.welovecycling.com\/ee\/wp-json\/wp\/v2\/posts\/3167\/revisions\/3180"}],"wp:featuredmedia":[{"embeddable":true,"href":"https:\/\/www.welovecycling.com\/ee\/wp-json\/wp\/v2\/media\/3170"}],"wp:attachment":[{"href":"https:\/\/www.welovecycling.com\/ee\/wp-json\/wp\/v2\/media?parent=3167"}],"wp:term":[{"taxonomy":"category","embeddable":true,"href":"https:\/\/www.welovecycling.com\/ee\/wp-json\/wp\/v2\/categories?post=3167"},{"taxonomy":"post_tag","embeddable":true,"href":"https:\/\/www.welovecycling.com\/ee\/wp-json\/wp\/v2\/tags?post=3167"},{"taxonomy":"global-categories","embeddable":true,"href":"https:\/\/www.welovecycling.com\/ee\/wp-json\/wp\/v2\/global-categories?post=3167"}],"curies":[{"name":"wp","href":"https:\/\/api.w.org\/{rel}","templated":true}]}}