{"id":3138,"date":"2025-10-21T15:04:01","date_gmt":"2025-10-21T12:04:01","guid":{"rendered":"https:\/\/www.welovecycling.com\/ee\/?p=3138"},"modified":"2025-10-21T15:04:01","modified_gmt":"2025-10-21T12:04:01","slug":"uno-x-ja-cofidis-on-voitlesid-worldtouri-koha-eest-ja-see-voitlus-oli-tasavagine","status":"publish","type":"post","link":"https:\/\/www.welovecycling.com\/ee\/2025\/10\/21\/uno-x-ja-cofidis-on-voitlesid-worldtouri-koha-eest-ja-see-voitlus-oli-tasavagine\/","title":{"rendered":"Uno-X ja Cofidis on v\u00f5itlesid WorldTour\u2019i koha eest ja see v\u00f5itlus oli tasav\u00e4gine"},"content":{"rendered":"<h3 data-start=\"185\" data-end=\"523\"><strong>Aasta p\u00f5nevaim v\u00f5istlus ei h\u00f5lma Tadej Poga\u010darit ega \u00fchtki teist maailma tipps\u00f5itjat v\u00f5i -meeskonda. See toimub (endiselt) hoopis UCI meeskondade tehnilise edetabeli alumises otsas ja vastamisi on Norra Pro-tiim Uno-X Mobility, Prantsuse WorldTour-tiim Cofidis ning v\u00e4iksemas rollis ka Belgia meeskond Intermarch\u00e9-Wanty.<\/strong><\/h3>\n<p data-start=\"185\" data-end=\"523\"><!--more--><\/p>\n<hr data-start=\"525\" data-end=\"528\" \/>\n<p data-start=\"569\" data-end=\"989\">UCI reeglite j\u00e4rgi saavad WorldTour\u2019i litsentsi ja automaatse kutse k\u00f5igile WorldTour-i v\u00f5istlustele j\u00e4rgmiseks kolmeks aastaks 18 enim punkte kogunud meeskonda. Lisaks saavad kolm paremat Pro-tiimi automaatsed kutsed k\u00f5igile WorldTour-i s\u00f5itudele j\u00e4rgmiseks hooajaks \u2013 p\u00e4rast mida tuleb neil 2027. aastaks uuesti kvalifitseeruda. K\u00f5ik meeskonnad peavad vastama ka UCI rahalistele n\u00f5uetele, et edutamist \u00fcldse kaaluda.<\/p>\n<p data-start=\"991\" data-end=\"1369\">Praegu v\u00f5ib aga edutamise saatus s\u00f5ltuda rohkem <em data-start=\"1039\" data-end=\"1067\">kontorilaua taga toimuvast<\/em> kui v\u00f5istlusrajalt. Intermarch\u00e9-Wanty on hetkel edetabelis 18. kohal, umbes 800 punkti ees Uno-X-ist ja 1135 punkti ees Cofidisest. Samas peab Belgia meeskond l\u00e4bir\u00e4\u00e4kimisi <strong data-start=\"1241\" data-end=\"1250\">Lotto<\/strong> tiimiga, et kahe tiimi j\u00f5ud \u00fchendada. Kui \u00fchinemine teoks saab, t\u00f5useks WorldTour\u2019i nimekirja kas Uno-X v\u00f5i Cofidis.<\/p>\n<hr data-start=\"1371\" data-end=\"1374\" \/>\n<h3 data-start=\"1376\" data-end=\"1424\">Belgia tiimi tulevik m\u00e4\u00e4rab teiste saatuse<\/h3>\n<p data-start=\"1426\" data-end=\"1892\">\u00dchinemise t\u00e4htaeg oli kolmap\u00e4ev (15.10.25) . Sel p\u00e4eval teatas <a href=\"https:\/\/myprivacy.dpgmedia.be\/consent?siteKey=Uqxf9TXhjmaG4pbQ&amp;callbackUrl=https%3A%2F%2Fwww.hln.be%2Fprivacy-gate%2Faccept-tcf2%3FredirectUri%3D%252Fwielrennen%252Faanvraag-fusie-tussen-intermarche-en-lotto-is-een-feit-maar-krijgt-het-mirakel-ook-groen-licht-van-uci-en-wat-met-de-overtollige-renners%7Eabd0616e%252F\"><strong data-start=\"1477\" data-end=\"1499\">Het Laatste Nieuws<\/strong><\/a>, et \u00fchinemisleping on allkirjastatud ja vajalikud dokumendid \u2013 sealhulgas sponsorite kinnitused ja pangagarantii \u2013 on UCI-le esitatud. UCI otsustab n\u00fc\u00fcd, kas see leping kinnitatakse v\u00f5i mitte; otsust oodatakse n\u00e4dala l\u00f5puks. See m\u00e4\u00e4rab mitte ainult Uno-X-i ja Cofidise tuleviku, vaid ka mitmete s\u00f5itjate saatuse \u2013 nende seas mulluse Tour de France\u2019i rohelise s\u00e4rgi v\u00f5itja <strong data-start=\"1872\" data-end=\"1889\">Biniam Girmay<\/strong>.<\/p>\n<p data-start=\"1894\" data-end=\"2415\">Samas on prantslased teinud viimase hetke pingutuse vahe v\u00e4hendamiseks. Cofidis on registreerinud oma ratturid neljale hooaja viimasele v\u00f5istlusele: <strong data-start=\"2043\" data-end=\"2065\">Chrono des Nations<\/strong>, <strong data-start=\"2067\" data-end=\"2085\">Veneto Classic<\/strong>, <strong data-start=\"2087\" data-end=\"2100\">Japan Cup<\/strong>\u00a0 ja <strong data-start=\"2117\" data-end=\"2136\">Tour of Guangxi.<\/strong> See t\u00e4hendab, et Cofidise ratturid olid p\u00fchap\u00e4eval rajal korraga Prantsusmaal, Itaalias, Jaapanis ja Hiinas. Uno-X osaleb vaid Veneto Classicul ja Chrono des Nationsil \u2013 viimane oli norralaste viimasel hetkel tehtud otsus, et rivaali plaan nurjata.<\/p>\n<hr data-start=\"2417\" data-end=\"2420\" \/>\n<h3 data-start=\"2422\" data-end=\"2452\">\u201cAnname k\u00f5ik, mis meil on\u201d<\/h3>\n<p data-start=\"2454\" data-end=\"2810\">\u201eSee on viimane meeleheitlik katse saada nii palju punkte kui v\u00f5imalik,\u201c \u00fctles Uno-X tiimipealik <strong data-start=\"2551\" data-end=\"2567\">Thor Hushovd<\/strong> kanalile <a href=\"https:\/\/www.tv2.no\/direkte\/0nr51\/sportsdognet-live\/68ecdfb477ddb44759077a1a\/nytt-unoxgrep-et\"><em data-start=\"2577\" data-end=\"2582\">TV2<\/em><\/a>. \u201eSiis saame end peeglist vaadata ja olla kindlad, et tegime k\u00f5ik, mis suutsime. Meil on praegu Cofidisest parem stardipositsioon, aga samas 337 punkti pole palju. Kui me selle \u00e4ra teeme, on see uus t\u00e4his Norra rattaspordis.\u201c<\/p>\n<p data-start=\"2812\" data-end=\"3260\">Kui Uno-X \u00f5nnestub, oleks see <strong data-start=\"2842\" data-end=\"2872\">esimene Norra tiim ajaloos<\/strong>, kes j\u00f5uab WorldTour\u2019i tasemele. Samal ajal kuulevad nad selja taga Cofidise samme \u2013 prantslaste poolakas <strong data-start=\"2979\" data-end=\"3004\">Stanis\u0142aw Anio\u0142kowski<\/strong> on teeninud Guangxi tuuri kolmel esimesel etapil (3., 4. ja 7. koht) 41 punkti. (Muide, k\u00f5ik kolm etappi v\u00f5itis 21-aastane <em data-start=\"3128\" data-end=\"3147\">Soudal Quick-Step<\/em> s\u00f5itja <strong data-start=\"3155\" data-end=\"3171\">Paul Magnier<\/strong>.) Nii on edutamisheitlus p\u00fchap\u00e4evaste otsustavate v\u00f5istluste eel pingeline ja lahtine.<\/p>\n<hr data-start=\"3262\" data-end=\"3265\" \/>\n<p data-start=\"3306\" data-end=\"3956\" data-is-last-node=\"\" data-is-only-node=\"\">Muret tekitavas seisus on ka prantslaste <strong data-start=\"3347\" data-end=\"3367\">Ark\u00e9a\u2013B&amp;B Hotels<\/strong>, kes oli niigi langemas Pro-kontinentaalse taseme peale. Meeskond l\u00f5petab aasta l\u00f5pus tegevuse, kuna ei leidnud uut suurtoetajat. \u201eMa ei ole UCI litsentsi taotlenud, sest mul pole midagi, mille peale taotleda,\u201c <a href=\"https:\/\/www.msn.com\/en-us\/sports\/other\/i-don-t-have-anything-ark%C3%A9a-b-b-hotels-run-out-of-road-as-bid-to-continue-into-2026-collapses\/ar-AA1Oxvbo?ocid=msedgdhp&amp;pc=U531&amp;cvid=a564c03fdbd44c8dd4f3fc302d289570&amp;ei=12\">\u00fctles<\/a> meeskonnajuht <strong data-start=\"3599\" data-end=\"3618\">Emmanuel Hubert<\/strong> agentuurile AFP. Hubert p\u00fc\u00fcdis 2025. aasta teisel poolel koguda 20\u201330 miljonit eurot, et meeskond vee peal hoida. Tiimi s\u00e4rav noor prantslane <strong data-start=\"3761\" data-end=\"3780\">K\u00e9vin Vauquelin<\/strong>, kes v\u00f5itis 2024. aastal Ark\u00e9a esimese ja ainsa Tour de France\u2019i etapi ning l\u00f5petas t\u00e4navu kokkuv\u00f5ttes 7. kohal, on juba s\u00f5lminud <strong data-start=\"3911\" data-end=\"3934\">INEOS Grenadiersiga<\/strong> kolmeaastase lepingu.<\/p>\n<h3 data-start=\"121\" data-end=\"162\">Mis siis m\u00f6\u00f6dunud n\u00e4dalavahetusel juhtus?<\/h3>\n<p data-start=\"164\" data-end=\"441\">N\u00e4dalavahetus kujunes t\u00f5eliseks n\u00e4rvide m\u00e4nguks. Enne otsustavaid s\u00f5ite lahutas Uno-X Mobilityt ja Cofidist vaid 401 punkti ning m\u00f5lemad tiimid panid v\u00e4lja k\u00f5ik, mis neil v\u00f5tta oli \u2013 ratturid startisid samaaegselt Guangxis, Jaapanis, Venetos ja Chrono des Nations\u2019il.<\/p>\n<p data-start=\"443\" data-end=\"878\">Cofidis alustas tugevalt: Poola sprinter <strong data-start=\"484\" data-end=\"509\">Stanis\u0142aw Anio\u0142kowski<\/strong> ja hispaanlane <strong data-start=\"525\" data-end=\"541\">Ion Izagirre<\/strong> t\u00f5id v\u00e4\u00e4rtuslikke kohti ning vahe Uno-X-iga kahanes vaid 174 punktini. Kuid norralased vastasid siis, kui see k\u00f5ige rohkem luges. <strong data-start=\"672\" data-end=\"693\">S\u00f8ren W\u00e6renskjold<\/strong> teenis <em data-start=\"701\" data-end=\"724\">Chrono des Nations\u2019il<\/em> 5. koha, tuues elut\u00e4htsaid punkte, ja <strong data-start=\"763\" data-end=\"789\">Sakarias Koller L\u00f8land<\/strong> pani punkti hooajale v\u00f5imsalt \u2013 v\u00f5iduga <em data-start=\"830\" data-end=\"848\">Veneto Classicul<\/em>, aasta viimasel v\u00f5istlusel.<\/p>\n<p data-start=\"880\" data-end=\"1043\">See t\u00e4hendas, et <strong data-start=\"897\" data-end=\"940\">Uno-X Mobility l\u00f5petas hooaja 18. kohal<\/strong>, tagades endale <strong data-start=\"957\" data-end=\"999\">WorldTour-staatuse aastateks 2026\u20132028<\/strong> \u2013 esmakordselt Norra rattaspordi ajaloos.<\/p>\n<p data-start=\"1045\" data-end=\"1223\"><strong data-start=\"1045\" data-end=\"1056\">Cofidis<\/strong> j\u00e4i 19. kohale ja langeb <strong data-start=\"1082\" data-end=\"1102\">ProTeam-tasemele<\/strong>, kuid saab t\u00e4nu k\u00f5rgele edetabelikohale 2026. hooajaks <strong data-start=\"1158\" data-end=\"1189\">automaatse \u201ewildcard\u201d kutse<\/strong> k\u00f5igile WorldTour-v\u00f5istlustele.<\/p>\n<p data-start=\"1225\" data-end=\"1401\">Samuti kinnitati, et <strong data-start=\"1246\" data-end=\"1292\">Intermarch\u00e9\u2013Wanty ja Lotto Dstny \u00fchinemine<\/strong> vormistati ametlikult, mis vabastas tabelis lisakoha. See samm aitas Uno-X-il l\u00f5plikult p\u00e4\u00e4su kindlustada.<\/p>\n<hr data-start=\"1403\" data-end=\"1406\" \/>\n<p data-start=\"1408\" data-end=\"1615\"><strong data-start=\"1411\" data-end=\"1450\">L\u00f5plik tulemus (2023\u20132025 periood):<\/strong><br data-start=\"1450\" data-end=\"1453\" \/>18. koht \u2013 <strong data-start=\"1464\" data-end=\"1482\">Uno-X Mobility<\/strong> \ud83c\uddf3\ud83c\uddf4 \u2192 t\u00f5us WorldTouri<br data-start=\"1505\" data-end=\"1508\" \/>19. koht \u2013 <strong data-start=\"1519\" data-end=\"1530\">Cofidis<\/strong> \ud83c\uddeb\ud83c\uddf7 \u2192 langeb ProTeamiks<br data-start=\"1555\" data-end=\"1558\" \/>20. koht \u2013 <strong data-start=\"1569\" data-end=\"1589\">Ark\u00e9a\u2013B&amp;B Hotels<\/strong> \ud83c\uddeb\ud83c\uddf7 \u2192 l\u00f5petab tegevuse<\/p>\n<p data-start=\"3306\" data-end=\"3956\" data-is-last-node=\"\" data-is-only-node=\"\">\n","protected":false},"excerpt":{"rendered":"<p>Aasta p\u00f5nevaim v\u00f5istlus ei h\u00f5lma Tadej Poga\u010darit ega \u00fchtki teist maailma tipps\u00f5itjat v\u00f5i -meeskonda. See toimub (endiselt) hoopis UCI meeskondade [&hellip;]<\/p>\n","protected":false},"author":174,"featured_media":3139,"comment_status":"open","ping_status":"open","sticky":false,"template":"","format":"standard","meta":{"footnotes":""},"categories":[39],"tags":[514,515,516,517,518],"global-categories":[22],"class_list":["post-3138","post","type-post","status-publish","format-standard","has-post-thumbnail","hentry","category-maanteesoit","tag-cofidis","tag-intermarche-wanty","tag-uno-x","tag-uno-x-mobility","tag-worldtour","global-categories-cycling"],"yoast_head":"<!-- This site is optimized with the Yoast SEO Premium plugin v25.3 (Yoast SEO v25.9) - https:\/\/yoast.com\/wordpress\/plugins\/seo\/ -->\n<title>Uno-X ja Cofidis on v\u00f5itlesid WorldTour\u2019i koha eest ja see v\u00f5itlus oli tasav\u00e4gine - \u0160koda We Love Cycling - Estonia<\/title>\n<meta name=\"description\" content=\"Aasta p\u00f5nevaim v\u00f5istlus ei h\u00f5lma Tadej Poga\u010darit ega \u00fchtki teist maailma tipps\u00f5itjat v\u00f5i -meeskonda. See toimub (endiselt) hoopis UCI meeskondade tehnilise edetabeli alumises otsas ja vastamisi on Norra Pro-tiim Uno-X Mobility, Prantsuse WorldTour-tiim Cofidis ning v\u00e4iksemas rollis ka Belgia meeskond Intermarch\u00e9-Wanty.\" \/>\n<meta name=\"robots\" content=\"index, follow, max-snippet:-1, max-image-preview:large, max-video-preview:-1\" \/>\n<link rel=\"canonical\" href=\"https:\/\/www.welovecycling.com\/ee\/2025\/10\/21\/uno-x-ja-cofidis-on-voitlesid-worldtouri-koha-eest-ja-see-voitlus-oli-tasavagine\/\" \/>\n<meta property=\"og:locale\" content=\"et_EE\" \/>\n<meta property=\"og:type\" content=\"article\" \/>\n<meta property=\"og:title\" content=\"Uno-X ja Cofidis on v\u00f5itlesid WorldTour\u2019i koha eest ja see v\u00f5itlus oli tasav\u00e4gine\" \/>\n<meta property=\"og:description\" content=\"Aasta p\u00f5nevaim v\u00f5istlus ei h\u00f5lma Tadej Poga\u010darit ega \u00fchtki teist maailma tipps\u00f5itjat v\u00f5i -meeskonda. See toimub (endiselt) hoopis UCI meeskondade tehnilise edetabeli alumises otsas ja vastamisi on Norra Pro-tiim Uno-X Mobility, Prantsuse WorldTour-tiim Cofidis ning v\u00e4iksemas rollis ka Belgia meeskond Intermarch\u00e9-Wanty.\" \/>\n<meta property=\"og:url\" content=\"https:\/\/www.welovecycling.com\/ee\/2025\/10\/21\/uno-x-ja-cofidis-on-voitlesid-worldtouri-koha-eest-ja-see-voitlus-oli-tasavagine\/\" \/>\n<meta property=\"og:site_name\" content=\"\u0160koda We Love Cycling - Estonia\" \/>\n<meta property=\"article:published_time\" content=\"2025-10-21T12:04:01+00:00\" \/>\n<meta property=\"og:image\" content=\"https:\/\/d2p6e6u75xmxt8.cloudfront.net\/15\/2025\/10\/unox.webp\" \/>\n\t<meta property=\"og:image:width\" content=\"959\" \/>\n\t<meta property=\"og:image:height\" content=\"657\" \/>\n\t<meta property=\"og:image:type\" content=\"image\/webp\" \/>\n<meta name=\"author\" content=\"andre\" \/>\n<meta name=\"twitter:card\" content=\"summary_large_image\" \/>\n<meta name=\"twitter:label1\" content=\"Written by\" \/>\n\t<meta name=\"twitter:data1\" content=\"Siegfried Mortkowitz \/ Andre Kull\" \/>\n\t<meta name=\"twitter:label2\" content=\"Est. reading time\" \/>\n\t<meta name=\"twitter:data2\" content=\"4\" \/>\n<script type=\"application\/ld+json\" class=\"yoast-schema-graph\">{\"@context\":\"https:\/\/schema.org\",\"@graph\":[{\"@type\":\"WebPage\",\"@id\":\"https:\/\/www.welovecycling.com\/ee\/2025\/10\/21\/uno-x-ja-cofidis-on-voitlesid-worldtouri-koha-eest-ja-see-voitlus-oli-tasavagine\/\",\"url\":\"https:\/\/www.welovecycling.com\/ee\/2025\/10\/21\/uno-x-ja-cofidis-on-voitlesid-worldtouri-koha-eest-ja-see-voitlus-oli-tasavagine\/\",\"name\":\"Uno-X ja Cofidis on v\u00f5itlesid WorldTour\u2019i koha eest ja see v\u00f5itlus oli tasav\u00e4gine - \u0160koda We Love Cycling - Estonia\",\"isPartOf\":{\"@id\":\"https:\/\/www.welovecycling.com\/ee\/#website\"},\"primaryImageOfPage\":{\"@id\":\"https:\/\/www.welovecycling.com\/ee\/2025\/10\/21\/uno-x-ja-cofidis-on-voitlesid-worldtouri-koha-eest-ja-see-voitlus-oli-tasavagine\/#primaryimage\"},\"image\":{\"@id\":\"https:\/\/www.welovecycling.com\/ee\/2025\/10\/21\/uno-x-ja-cofidis-on-voitlesid-worldtouri-koha-eest-ja-see-voitlus-oli-tasavagine\/#primaryimage\"},\"thumbnailUrl\":\"https:\/\/d2p6e6u75xmxt8.cloudfront.net\/15\/2025\/10\/unox.webp\",\"datePublished\":\"2025-10-21T12:04:01+00:00\",\"author\":{\"@id\":\"https:\/\/www.welovecycling.com\/ee\/#\/schema\/person\/8b7101c4bd1b1ae9d3732ebb1e6caf57\"},\"description\":\"Aasta p\u00f5nevaim v\u00f5istlus ei h\u00f5lma Tadej Poga\u010darit ega \u00fchtki teist maailma tipps\u00f5itjat v\u00f5i -meeskonda. See toimub (endiselt) hoopis UCI meeskondade tehnilise edetabeli alumises otsas ja vastamisi on Norra Pro-tiim Uno-X Mobility, Prantsuse WorldTour-tiim Cofidis ning v\u00e4iksemas rollis ka Belgia meeskond Intermarch\u00e9-Wanty.\",\"inLanguage\":\"et\",\"potentialAction\":[{\"@type\":\"ReadAction\",\"target\":[\"https:\/\/www.welovecycling.com\/ee\/2025\/10\/21\/uno-x-ja-cofidis-on-voitlesid-worldtouri-koha-eest-ja-see-voitlus-oli-tasavagine\/\"]}]},{\"@type\":\"ImageObject\",\"inLanguage\":\"et\",\"@id\":\"https:\/\/www.welovecycling.com\/ee\/2025\/10\/21\/uno-x-ja-cofidis-on-voitlesid-worldtouri-koha-eest-ja-see-voitlus-oli-tasavagine\/#primaryimage\",\"url\":\"https:\/\/d2p6e6u75xmxt8.cloudfront.net\/15\/2025\/10\/unox.webp\",\"contentUrl\":\"https:\/\/d2p6e6u75xmxt8.cloudfront.net\/15\/2025\/10\/unox.webp\",\"width\":959,\"height\":657},{\"@type\":\"WebSite\",\"@id\":\"https:\/\/www.welovecycling.com\/ee\/#website\",\"url\":\"https:\/\/www.welovecycling.com\/ee\/\",\"name\":\"\u0160koda We Love Cycling - Estonia\",\"description\":\"\",\"potentialAction\":[{\"@type\":\"SearchAction\",\"target\":{\"@type\":\"EntryPoint\",\"urlTemplate\":\"https:\/\/www.welovecycling.com\/ee\/?s={search_term_string}\"},\"query-input\":{\"@type\":\"PropertyValueSpecification\",\"valueRequired\":true,\"valueName\":\"search_term_string\"}}],\"inLanguage\":\"et\"},{\"@type\":\"Person\",\"@id\":\"https:\/\/www.welovecycling.com\/ee\/#\/schema\/person\/8b7101c4bd1b1ae9d3732ebb1e6caf57\",\"name\":\"andre\",\"image\":{\"@type\":\"ImageObject\",\"inLanguage\":\"et\",\"@id\":\"https:\/\/www.welovecycling.com\/ee\/#\/schema\/person\/image\/\",\"url\":\"https:\/\/secure.gravatar.com\/avatar\/0656b3224fe17b018f43b8a562625dd43d30827f027b2f62bc5a05711fec9a61?s=96&d=mm&r=g\",\"contentUrl\":\"https:\/\/secure.gravatar.com\/avatar\/0656b3224fe17b018f43b8a562625dd43d30827f027b2f62bc5a05711fec9a61?s=96&d=mm&r=g\",\"caption\":\"andre\"},\"url\":\"https:\/\/www.welovecycling.com\/ee\/author\/andre\/\"}]}<\/script>\n<!-- \/ Yoast SEO Premium plugin. -->","yoast_head_json":{"title":"Uno-X ja Cofidis on v\u00f5itlesid WorldTour\u2019i koha eest ja see v\u00f5itlus oli tasav\u00e4gine - \u0160koda We Love Cycling - Estonia","description":"Aasta p\u00f5nevaim v\u00f5istlus ei h\u00f5lma Tadej Poga\u010darit ega \u00fchtki teist maailma tipps\u00f5itjat v\u00f5i -meeskonda. See toimub (endiselt) hoopis UCI meeskondade tehnilise edetabeli alumises otsas ja vastamisi on Norra Pro-tiim Uno-X Mobility, Prantsuse WorldTour-tiim Cofidis ning v\u00e4iksemas rollis ka Belgia meeskond Intermarch\u00e9-Wanty.","robots":{"index":"index","follow":"follow","max-snippet":"max-snippet:-1","max-image-preview":"max-image-preview:large","max-video-preview":"max-video-preview:-1"},"canonical":"https:\/\/www.welovecycling.com\/ee\/2025\/10\/21\/uno-x-ja-cofidis-on-voitlesid-worldtouri-koha-eest-ja-see-voitlus-oli-tasavagine\/","og_locale":"et_EE","og_type":"article","og_title":"Uno-X ja Cofidis on v\u00f5itlesid WorldTour\u2019i koha eest ja see v\u00f5itlus oli tasav\u00e4gine","og_description":"Aasta p\u00f5nevaim v\u00f5istlus ei h\u00f5lma Tadej Poga\u010darit ega \u00fchtki teist maailma tipps\u00f5itjat v\u00f5i -meeskonda. See toimub (endiselt) hoopis UCI meeskondade tehnilise edetabeli alumises otsas ja vastamisi on Norra Pro-tiim Uno-X Mobility, Prantsuse WorldTour-tiim Cofidis ning v\u00e4iksemas rollis ka Belgia meeskond Intermarch\u00e9-Wanty.","og_url":"https:\/\/www.welovecycling.com\/ee\/2025\/10\/21\/uno-x-ja-cofidis-on-voitlesid-worldtouri-koha-eest-ja-see-voitlus-oli-tasavagine\/","og_site_name":"\u0160koda We Love Cycling - Estonia","article_published_time":"2025-10-21T12:04:01+00:00","og_image":[{"width":959,"height":657,"url":"https:\/\/d2p6e6u75xmxt8.cloudfront.net\/15\/2025\/10\/unox.webp","type":"image\/webp"}],"author":"andre","twitter_card":"summary_large_image","twitter_misc":{"Written by":"Siegfried Mortkowitz \/ Andre Kull","Est. reading time":"4"},"schema":{"@context":"https:\/\/schema.org","@graph":[{"@type":"WebPage","@id":"https:\/\/www.welovecycling.com\/ee\/2025\/10\/21\/uno-x-ja-cofidis-on-voitlesid-worldtouri-koha-eest-ja-see-voitlus-oli-tasavagine\/","url":"https:\/\/www.welovecycling.com\/ee\/2025\/10\/21\/uno-x-ja-cofidis-on-voitlesid-worldtouri-koha-eest-ja-see-voitlus-oli-tasavagine\/","name":"Uno-X ja Cofidis on v\u00f5itlesid WorldTour\u2019i koha eest ja see v\u00f5itlus oli tasav\u00e4gine - \u0160koda We Love Cycling - Estonia","isPartOf":{"@id":"https:\/\/www.welovecycling.com\/ee\/#website"},"primaryImageOfPage":{"@id":"https:\/\/www.welovecycling.com\/ee\/2025\/10\/21\/uno-x-ja-cofidis-on-voitlesid-worldtouri-koha-eest-ja-see-voitlus-oli-tasavagine\/#primaryimage"},"image":{"@id":"https:\/\/www.welovecycling.com\/ee\/2025\/10\/21\/uno-x-ja-cofidis-on-voitlesid-worldtouri-koha-eest-ja-see-voitlus-oli-tasavagine\/#primaryimage"},"thumbnailUrl":"https:\/\/d2p6e6u75xmxt8.cloudfront.net\/15\/2025\/10\/unox.webp","datePublished":"2025-10-21T12:04:01+00:00","author":{"@id":"https:\/\/www.welovecycling.com\/ee\/#\/schema\/person\/8b7101c4bd1b1ae9d3732ebb1e6caf57"},"description":"Aasta p\u00f5nevaim v\u00f5istlus ei h\u00f5lma Tadej Poga\u010darit ega \u00fchtki teist maailma tipps\u00f5itjat v\u00f5i -meeskonda. See toimub (endiselt) hoopis UCI meeskondade tehnilise edetabeli alumises otsas ja vastamisi on Norra Pro-tiim Uno-X Mobility, Prantsuse WorldTour-tiim Cofidis ning v\u00e4iksemas rollis ka Belgia meeskond Intermarch\u00e9-Wanty.","inLanguage":"et","potentialAction":[{"@type":"ReadAction","target":["https:\/\/www.welovecycling.com\/ee\/2025\/10\/21\/uno-x-ja-cofidis-on-voitlesid-worldtouri-koha-eest-ja-see-voitlus-oli-tasavagine\/"]}]},{"@type":"ImageObject","inLanguage":"et","@id":"https:\/\/www.welovecycling.com\/ee\/2025\/10\/21\/uno-x-ja-cofidis-on-voitlesid-worldtouri-koha-eest-ja-see-voitlus-oli-tasavagine\/#primaryimage","url":"https:\/\/d2p6e6u75xmxt8.cloudfront.net\/15\/2025\/10\/unox.webp","contentUrl":"https:\/\/d2p6e6u75xmxt8.cloudfront.net\/15\/2025\/10\/unox.webp","width":959,"height":657},{"@type":"WebSite","@id":"https:\/\/www.welovecycling.com\/ee\/#website","url":"https:\/\/www.welovecycling.com\/ee\/","name":"\u0160koda We Love Cycling - Estonia","description":"","potentialAction":[{"@type":"SearchAction","target":{"@type":"EntryPoint","urlTemplate":"https:\/\/www.welovecycling.com\/ee\/?s={search_term_string}"},"query-input":{"@type":"PropertyValueSpecification","valueRequired":true,"valueName":"search_term_string"}}],"inLanguage":"et"},{"@type":"Person","@id":"https:\/\/www.welovecycling.com\/ee\/#\/schema\/person\/8b7101c4bd1b1ae9d3732ebb1e6caf57","name":"andre","image":{"@type":"ImageObject","inLanguage":"et","@id":"https:\/\/www.welovecycling.com\/ee\/#\/schema\/person\/image\/","url":"https:\/\/secure.gravatar.com\/avatar\/0656b3224fe17b018f43b8a562625dd43d30827f027b2f62bc5a05711fec9a61?s=96&d=mm&r=g","contentUrl":"https:\/\/secure.gravatar.com\/avatar\/0656b3224fe17b018f43b8a562625dd43d30827f027b2f62bc5a05711fec9a61?s=96&d=mm&r=g","caption":"andre"},"url":"https:\/\/www.welovecycling.com\/ee\/author\/andre\/"}]}},"_links":{"self":[{"href":"https:\/\/www.welovecycling.com\/ee\/wp-json\/wp\/v2\/posts\/3138","targetHints":{"allow":["GET"]}}],"collection":[{"href":"https:\/\/www.welovecycling.com\/ee\/wp-json\/wp\/v2\/posts"}],"about":[{"href":"https:\/\/www.welovecycling.com\/ee\/wp-json\/wp\/v2\/types\/post"}],"author":[{"embeddable":true,"href":"https:\/\/www.welovecycling.com\/ee\/wp-json\/wp\/v2\/users\/174"}],"replies":[{"embeddable":true,"href":"https:\/\/www.welovecycling.com\/ee\/wp-json\/wp\/v2\/comments?post=3138"}],"version-history":[{"count":2,"href":"https:\/\/www.welovecycling.com\/ee\/wp-json\/wp\/v2\/posts\/3138\/revisions"}],"predecessor-version":[{"id":3141,"href":"https:\/\/www.welovecycling.com\/ee\/wp-json\/wp\/v2\/posts\/3138\/revisions\/3141"}],"wp:featuredmedia":[{"embeddable":true,"href":"https:\/\/www.welovecycling.com\/ee\/wp-json\/wp\/v2\/media\/3139"}],"wp:attachment":[{"href":"https:\/\/www.welovecycling.com\/ee\/wp-json\/wp\/v2\/media?parent=3138"}],"wp:term":[{"taxonomy":"category","embeddable":true,"href":"https:\/\/www.welovecycling.com\/ee\/wp-json\/wp\/v2\/categories?post=3138"},{"taxonomy":"post_tag","embeddable":true,"href":"https:\/\/www.welovecycling.com\/ee\/wp-json\/wp\/v2\/tags?post=3138"},{"taxonomy":"global-categories","embeddable":true,"href":"https:\/\/www.welovecycling.com\/ee\/wp-json\/wp\/v2\/global-categories?post=3138"}],"curies":[{"name":"wp","href":"https:\/\/api.w.org\/{rel}","templated":true}]}}