{"id":3129,"date":"2025-10-16T11:09:23","date_gmt":"2025-10-16T08:09:23","guid":{"rendered":"https:\/\/www.welovecycling.com\/ee\/?p=3129"},"modified":"2025-10-16T11:09:23","modified_gmt":"2025-10-16T08:09:23","slug":"tolm-paike-ja-rattasoiduunistused-roc-dazuril-2025","status":"publish","type":"post","link":"https:\/\/www.welovecycling.com\/ee\/2025\/10\/16\/tolm-paike-ja-rattasoiduunistused-roc-dazuril-2025\/","title":{"rendered":"Tolm, p\u00e4ike ja rattas\u00f5iduunistused Roc d\u2019Azuril 2025"},"content":{"rendered":"<h2 data-start=\"191\" data-end=\"398\">Ma ei suuda uskuda, et olen terve elu rattaga s\u00f5itnud, aga polnud kunagi Roc d\u2019Azurile sattunud! See on \u00fcks maailma kuulsamaid rattafestivale ja 2025. aastal sain l\u00f5puks teada, millest kogu see jutt k\u00e4ib.<\/h2>\n<p data-start=\"191\" data-end=\"398\"><!--more--><\/p>\n<p data-start=\"400\" data-end=\"633\">Roc d\u2019Azur ei ole lihtsalt v\u00f5istlusn\u00e4dalavahetus \u2014 see on Euroopa maastikurattas\u00f5idu s\u00fcda. Igal oktoobril kogunevad tuhanded ratturid Fr\u00e9jusesse, et proovile panna end Vahemere ranniku k\u00f5ige maalilisematel ja n\u00f5udlikumatel radadel.<\/p>\n<p data-start=\"635\" data-end=\"975\">Valik on nii lai, et sellest annab aru saada: kurnavad maratonid ja krossiv\u00f5istlused, kiired tehnilised laskumised ning l\u00f5busad harrastuss\u00f5idud. Siin on koht igale ratturile \u2014 profidele, veteranidele ja t\u00e4iesti algajatele. Isegi pealtvaatajana on tunda \u00f5hku t\u00e4itvat elevust, kui ratturite lained stardivad koidikul, p\u00e4eval ja \u00f6\u00f6sel.<\/p>\n<p data-start=\"977\" data-end=\"1498\">Lendasin kohale Malagast, kus on sel aastaajal endiselt p\u00f5rgukuum. Nizzasse maandudes avastasin, et ka see Vahemere piirkond hoidis soojust endas \u2014 sinine taevas, ere p\u00e4ike ja sillerdav meri. M\u00e4ed ja maastik olid t\u00e4iesti omaette tase. Ausalt \u00f6eldes arvan, et see on \u00fcks kaunemaid paiku Euroopas.<br data-start=\"1272\" data-end=\"1275\" \/>Baaslaagri asukohaks oli <strong data-start=\"1300\" data-end=\"1315\">Base Nature<\/strong> Fr\u00e9juses \u2014 v\u00e4ike mere\u00e4\u00e4rne linn, kus oli suurep\u00e4raselt korraldatud ala: seal algasid paljud s\u00f5idud ja v\u00f5istlused v\u00f5imsate stardiv\u00e4ravate alt ning samas paiknes ka <strong data-start=\"1479\" data-end=\"1495\">Expo Village<\/strong>.<\/p>\n<p data-start=\"1500\" data-end=\"1636\">Olin <a href=\"https:\/\/www.rocazur.com\/en\/\">Roc d\u2019Azurist<\/a> nii palju kuulnud, et tahtsin teada saada, kas see on rattas\u00f5itudega mess v\u00f5i mess rattas\u00f5itudega. Vastus? M\u00f5lemat.<\/p>\n<p data-start=\"1500\" data-end=\"1636\"><a href=\"https:\/\/d2p6e6u75xmxt8.cloudfront.net\/15\/2025\/10\/Roc-dAzur-2025-2.webp\"><img loading=\"lazy\" decoding=\"async\" class=\"aligncenter size-full wp-image-3131\" src=\"https:\/\/d2p6e6u75xmxt8.cloudfront.net\/15\/2025\/10\/Roc-dAzur-2025-2.webp\" alt=\"\" width=\"889\" height=\"593\" srcset=\"https:\/\/d2p6e6u75xmxt8.cloudfront.net\/15\/2025\/10\/Roc-dAzur-2025-2.webp 889w, https:\/\/d2p6e6u75xmxt8.cloudfront.net\/15\/2025\/10\/Roc-dAzur-2025-2-300x200.webp 300w, https:\/\/d2p6e6u75xmxt8.cloudfront.net\/15\/2025\/10\/Roc-dAzur-2025-2-768x512.webp 768w, https:\/\/d2p6e6u75xmxt8.cloudfront.net\/15\/2025\/10\/Roc-dAzur-2025-2-400x267.webp 400w, https:\/\/d2p6e6u75xmxt8.cloudfront.net\/15\/2025\/10\/Roc-dAzur-2025-2-272x182.webp 272w\" sizes=\"auto, (max-width: 889px) 100vw, 889px\" \/><\/a><\/p>\n<hr data-start=\"1638\" data-end=\"1641\" \/>\n<p data-start=\"1661\" data-end=\"2098\">Expo Village oli m\u00f5\u00f5tmetelt v\u00f5rreldav suurimate rattamaailma messidega, mida olen kunagi n\u00e4inud. K\u00f5ik suuremad br\u00e4ndid olid kohal, tutvustades oma uusimaid tehnoloogiaid ja stiile. K\u00fclastajad said rattaid testida, osaleda l\u00f5busates v\u00f5istlustes nagu \u201ckiireim rattaratta vahetus\u201d, v\u00f5i vaadata efektseid trikkshow\u2019sid.<br data-start=\"1976\" data-end=\"1979\" \/>Kohtasin hulgaliselt tuttavaid n\u00e4gusid, vanu s\u00f5pru ja isegi m\u00f5nda rattamaailma kuulsust, kes niisama ringi jalutasid.<\/p>\n<p data-start=\"2100\" data-end=\"2403\">Kuigi mul polnud ratast, olin otsustanud j\u00e4lgida v\u00f5istlusi nii palju kui v\u00f5imalik ja hoida silma peal osalejatel. Stardilaineid tuli \u00fcks teise j\u00e4rel. Neljap\u00e4eval n\u00e4gin, kuidas tolmused maastikurajad \u00e4rkasid ellu Garmin Roc Mastersi ja Roc Tandemi v\u00f5istluste ajal \u2014 ja see oli t\u00f5esti vaatepilt omaette!<\/p>\n<p data-start=\"2405\" data-end=\"2611\">Just m\u00e4ek\u00fclgedel m\u00e4rkasin esimest korda selle paiga h\u00f5ngu \u2014 h\u00f5ngu, mis j\u00e4i mitmeks p\u00e4evaks ninna ja mida tahaks pudelisse p\u00fc\u00fcda: v\u00e4rske m\u00fcnt, m\u00e4nniokkad, kerge mere\u00f5hk ja see iseloomulik rattatolmu aroom.<\/p>\n<p data-start=\"2613\" data-end=\"2893\">Minu jaoks oli tipphetk <strong data-start=\"2637\" data-end=\"2659\">\u0160koda Roc Marathon<\/strong>, veidi \u00fcle 100 km radu ja peaaegu 3000 m t\u00f5usu \u2014 v\u00f5itjaks tuli <strong data-start=\"2723\" data-end=\"2739\">Wout Alleman<\/strong>, kes pakkis seej\u00e4rel asjad ja s\u00f5itis otse <strong data-start=\"2782\" data-end=\"2823\">Graveli MM-e<\/strong>. T\u00f5eliselt inspireeriv, eriti meiesugustele tavalistele surelikele.<\/p>\n<p data-start=\"2895\" data-end=\"3215\">\u00d5hkkond oli fantastiline. Oli n\u00e4ha, et ratturid nautisid iga hetke. Oli see hooaja l\u00f5pu meeleolu \u2014 kus l\u00f5bus olemine tundus sama t\u00e4htis kui tulemus ise. Ka pealtvaatajad andsid oma osa \u2014 mitte tohututes hordides, vaid pidevas s\u00f5bralike ja naeratavate rattas\u00f5prade voos, kes igal sammul tervitasid r\u00f5\u00f5msa \u201cbonjour\u2019iga\u201d.<\/p>\n<p data-start=\"2895\" data-end=\"3215\"><a href=\"https:\/\/d2p6e6u75xmxt8.cloudfront.net\/15\/2025\/10\/Roc-dAzur-20253.webp\"><img loading=\"lazy\" decoding=\"async\" class=\"aligncenter size-full wp-image-3132\" src=\"https:\/\/d2p6e6u75xmxt8.cloudfront.net\/15\/2025\/10\/Roc-dAzur-20253.webp\" alt=\"\" width=\"989\" height=\"660\" srcset=\"https:\/\/d2p6e6u75xmxt8.cloudfront.net\/15\/2025\/10\/Roc-dAzur-20253.webp 989w, https:\/\/d2p6e6u75xmxt8.cloudfront.net\/15\/2025\/10\/Roc-dAzur-20253-300x200.webp 300w, https:\/\/d2p6e6u75xmxt8.cloudfront.net\/15\/2025\/10\/Roc-dAzur-20253-768x513.webp 768w, https:\/\/d2p6e6u75xmxt8.cloudfront.net\/15\/2025\/10\/Roc-dAzur-20253-400x267.webp 400w, https:\/\/d2p6e6u75xmxt8.cloudfront.net\/15\/2025\/10\/Roc-dAzur-20253-272x182.webp 272w\" sizes=\"auto, (max-width: 989px) 100vw, 989px\" \/><\/a><\/p>\n<hr data-start=\"3217\" data-end=\"3220\" \/>\n<p data-start=\"3222\" data-end=\"3526\">K\u00f5ige eredamalt j\u00e4\u00e4vad mulle meelde lastev\u00f5istlused. Nad startisid samade hiiglaslike v\u00e4ravate alt nagu profid, vali muusika ja sumisev stardiala taustaks. Tolm ja m\u00fcra, mida nad tekitasid, olid muljetavaldavad. Kahtlustan, et paljud neist j\u00e4id tol \u00f6\u00f6l magama unistades, et saavad kunagi t\u0161empionideks.<\/p>\n<p data-start=\"3528\" data-end=\"3674\">Kui ma parajasti v\u00f5istlusi ei j\u00e4lginud, veetsin aega <strong data-start=\"3581\" data-end=\"3606\">\u0160koda We Love Cycling<\/strong> telgis \u2014 see oli kogukonna liidrite ja grupis\u00f5itude kohtumispaik.<\/p>\n<p data-start=\"3528\" data-end=\"3674\"><a href=\"https:\/\/d2p6e6u75xmxt8.cloudfront.net\/15\/2025\/10\/Roc-dAzur-20254.webp\"><img loading=\"lazy\" decoding=\"async\" class=\"aligncenter size-full wp-image-3133\" src=\"https:\/\/d2p6e6u75xmxt8.cloudfront.net\/15\/2025\/10\/Roc-dAzur-20254.webp\" alt=\"\" width=\"990\" height=\"661\" srcset=\"https:\/\/d2p6e6u75xmxt8.cloudfront.net\/15\/2025\/10\/Roc-dAzur-20254.webp 990w, https:\/\/d2p6e6u75xmxt8.cloudfront.net\/15\/2025\/10\/Roc-dAzur-20254-300x200.webp 300w, https:\/\/d2p6e6u75xmxt8.cloudfront.net\/15\/2025\/10\/Roc-dAzur-20254-768x513.webp 768w, https:\/\/d2p6e6u75xmxt8.cloudfront.net\/15\/2025\/10\/Roc-dAzur-20254-400x267.webp 400w, https:\/\/d2p6e6u75xmxt8.cloudfront.net\/15\/2025\/10\/Roc-dAzur-20254-272x182.webp 272w\" sizes=\"auto, (max-width: 990px) 100vw, 990px\" \/><\/a><\/p>\n<p data-start=\"3676\" data-end=\"4108\" data-is-last-node=\"\" data-is-only-node=\"\">Tagasi kodus Malagas saan n\u00fc\u00fcd Roc d\u2019Azuri oma \u201cbucket listist\u201d maha t\u00f5mmata. See oli t\u00f5eliselt uskumatu kogemus. Isegi ilma rattata t\u00f5i see kokku rattamaailma ja kiirgas puhast kirge ja r\u00f5\u00f5mu. Ausalt \u00f6eldes tundub argip\u00e4eva naasmine n\u00fc\u00fcd \u00fcsna hallina.<br data-start=\"3928\" data-end=\"3931\" \/>Eks see t\u00e4hendab vaid \u00fcht \u2014 aeg on hakata plaanima 2026. aasta reisi. Seekord ratta, pere ja selge plaaniga, millistele s\u00f5itudele registreeruda.<\/p>\n","protected":false},"excerpt":{"rendered":"<p>Ma ei suuda uskuda, et olen terve elu rattaga s\u00f5itnud, aga polnud kunagi Roc d\u2019Azurile sattunud! See on \u00fcks maailma [&hellip;]<\/p>\n","protected":false},"author":174,"featured_media":3130,"comment_status":"open","ping_status":"open","sticky":false,"template":"","format":"standard","meta":{"footnotes":""},"categories":[12],"tags":[512,114,395,513],"global-categories":[22],"class_list":["post-3129","post","type-post","status-publish","format-standard","has-post-thumbnail","hentry","category-cx-gravel-mtb","tag-2025-roc-dazur","tag-maastikuratas","tag-mtb","tag-roc-dazur","global-categories-cycling"],"yoast_head":"<!-- This site is optimized with the Yoast SEO Premium plugin v25.3 (Yoast SEO v25.9) - https:\/\/yoast.com\/wordpress\/plugins\/seo\/ -->\n<title>Tolm, p\u00e4ike ja rattas\u00f5iduunistused Roc d\u2019Azuril 2025 - \u0160koda We Love Cycling - Estonia<\/title>\n<meta name=\"description\" content=\"Ma ei suuda uskuda, et olen terve elu rattaga s\u00f5itnud, aga polnud kunagi Roc d\u2019Azurile sattunud! See on \u00fcks maailma kuulsamaid rattafestivale ja 2025. aastal sain l\u00f5puks teada, millest kogu see jutt k\u00e4ib.\" \/>\n<meta name=\"robots\" content=\"index, follow, max-snippet:-1, max-image-preview:large, max-video-preview:-1\" \/>\n<link rel=\"canonical\" href=\"https:\/\/www.welovecycling.com\/ee\/2025\/10\/16\/tolm-paike-ja-rattasoiduunistused-roc-dazuril-2025\/\" \/>\n<meta property=\"og:locale\" content=\"et_EE\" \/>\n<meta property=\"og:type\" content=\"article\" \/>\n<meta property=\"og:title\" content=\"Tolm, p\u00e4ike ja rattas\u00f5iduunistused Roc d\u2019Azuril 2025\" \/>\n<meta property=\"og:description\" content=\"Ma ei suuda uskuda, et olen terve elu rattaga s\u00f5itnud, aga polnud kunagi Roc d\u2019Azurile sattunud! See on \u00fcks maailma kuulsamaid rattafestivale ja 2025. aastal sain l\u00f5puks teada, millest kogu see jutt k\u00e4ib.\" \/>\n<meta property=\"og:url\" content=\"https:\/\/www.welovecycling.com\/ee\/2025\/10\/16\/tolm-paike-ja-rattasoiduunistused-roc-dazuril-2025\/\" \/>\n<meta property=\"og:site_name\" content=\"\u0160koda We Love Cycling - Estonia\" \/>\n<meta property=\"article:published_time\" content=\"2025-10-16T08:09:23+00:00\" \/>\n<meta property=\"og:image\" content=\"https:\/\/d2p6e6u75xmxt8.cloudfront.net\/15\/2025\/10\/Roc-dAzur-2025.webp\" \/>\n\t<meta property=\"og:image:width\" content=\"891\" \/>\n\t<meta property=\"og:image:height\" content=\"595\" \/>\n\t<meta property=\"og:image:type\" content=\"image\/webp\" \/>\n<meta name=\"author\" content=\"andre\" \/>\n<meta name=\"twitter:card\" content=\"summary_large_image\" \/>\n<meta name=\"twitter:label1\" content=\"Written by\" \/>\n\t<meta name=\"twitter:data1\" content=\"Anna Glowinski\" \/>\n\t<meta name=\"twitter:label2\" content=\"Est. reading time\" \/>\n\t<meta name=\"twitter:data2\" content=\"4\" \/>\n<script type=\"application\/ld+json\" class=\"yoast-schema-graph\">{\"@context\":\"https:\/\/schema.org\",\"@graph\":[{\"@type\":\"WebPage\",\"@id\":\"https:\/\/www.welovecycling.com\/ee\/2025\/10\/16\/tolm-paike-ja-rattasoiduunistused-roc-dazuril-2025\/\",\"url\":\"https:\/\/www.welovecycling.com\/ee\/2025\/10\/16\/tolm-paike-ja-rattasoiduunistused-roc-dazuril-2025\/\",\"name\":\"Tolm, p\u00e4ike ja rattas\u00f5iduunistused Roc d\u2019Azuril 2025 - \u0160koda We Love Cycling - Estonia\",\"isPartOf\":{\"@id\":\"https:\/\/www.welovecycling.com\/ee\/#website\"},\"primaryImageOfPage\":{\"@id\":\"https:\/\/www.welovecycling.com\/ee\/2025\/10\/16\/tolm-paike-ja-rattasoiduunistused-roc-dazuril-2025\/#primaryimage\"},\"image\":{\"@id\":\"https:\/\/www.welovecycling.com\/ee\/2025\/10\/16\/tolm-paike-ja-rattasoiduunistused-roc-dazuril-2025\/#primaryimage\"},\"thumbnailUrl\":\"https:\/\/d2p6e6u75xmxt8.cloudfront.net\/15\/2025\/10\/Roc-dAzur-2025.webp\",\"datePublished\":\"2025-10-16T08:09:23+00:00\",\"author\":{\"@id\":\"https:\/\/www.welovecycling.com\/ee\/#\/schema\/person\/8b7101c4bd1b1ae9d3732ebb1e6caf57\"},\"description\":\"Ma ei suuda uskuda, et olen terve elu rattaga s\u00f5itnud, aga polnud kunagi Roc d\u2019Azurile sattunud! See on \u00fcks maailma kuulsamaid rattafestivale ja 2025. aastal sain l\u00f5puks teada, millest kogu see jutt k\u00e4ib.\",\"inLanguage\":\"et\",\"potentialAction\":[{\"@type\":\"ReadAction\",\"target\":[\"https:\/\/www.welovecycling.com\/ee\/2025\/10\/16\/tolm-paike-ja-rattasoiduunistused-roc-dazuril-2025\/\"]}]},{\"@type\":\"ImageObject\",\"inLanguage\":\"et\",\"@id\":\"https:\/\/www.welovecycling.com\/ee\/2025\/10\/16\/tolm-paike-ja-rattasoiduunistused-roc-dazuril-2025\/#primaryimage\",\"url\":\"https:\/\/d2p6e6u75xmxt8.cloudfront.net\/15\/2025\/10\/Roc-dAzur-2025.webp\",\"contentUrl\":\"https:\/\/d2p6e6u75xmxt8.cloudfront.net\/15\/2025\/10\/Roc-dAzur-2025.webp\",\"width\":891,\"height\":595},{\"@type\":\"WebSite\",\"@id\":\"https:\/\/www.welovecycling.com\/ee\/#website\",\"url\":\"https:\/\/www.welovecycling.com\/ee\/\",\"name\":\"\u0160koda We Love Cycling - Estonia\",\"description\":\"\",\"potentialAction\":[{\"@type\":\"SearchAction\",\"target\":{\"@type\":\"EntryPoint\",\"urlTemplate\":\"https:\/\/www.welovecycling.com\/ee\/?s={search_term_string}\"},\"query-input\":{\"@type\":\"PropertyValueSpecification\",\"valueRequired\":true,\"valueName\":\"search_term_string\"}}],\"inLanguage\":\"et\"},{\"@type\":\"Person\",\"@id\":\"https:\/\/www.welovecycling.com\/ee\/#\/schema\/person\/8b7101c4bd1b1ae9d3732ebb1e6caf57\",\"name\":\"andre\",\"image\":{\"@type\":\"ImageObject\",\"inLanguage\":\"et\",\"@id\":\"https:\/\/www.welovecycling.com\/ee\/#\/schema\/person\/image\/\",\"url\":\"https:\/\/secure.gravatar.com\/avatar\/0656b3224fe17b018f43b8a562625dd43d30827f027b2f62bc5a05711fec9a61?s=96&d=mm&r=g\",\"contentUrl\":\"https:\/\/secure.gravatar.com\/avatar\/0656b3224fe17b018f43b8a562625dd43d30827f027b2f62bc5a05711fec9a61?s=96&d=mm&r=g\",\"caption\":\"andre\"},\"url\":\"https:\/\/www.welovecycling.com\/ee\/author\/andre\/\"}]}<\/script>\n<!-- \/ Yoast SEO Premium plugin. -->","yoast_head_json":{"title":"Tolm, p\u00e4ike ja rattas\u00f5iduunistused Roc d\u2019Azuril 2025 - \u0160koda We Love Cycling - Estonia","description":"Ma ei suuda uskuda, et olen terve elu rattaga s\u00f5itnud, aga polnud kunagi Roc d\u2019Azurile sattunud! See on \u00fcks maailma kuulsamaid rattafestivale ja 2025. aastal sain l\u00f5puks teada, millest kogu see jutt k\u00e4ib.","robots":{"index":"index","follow":"follow","max-snippet":"max-snippet:-1","max-image-preview":"max-image-preview:large","max-video-preview":"max-video-preview:-1"},"canonical":"https:\/\/www.welovecycling.com\/ee\/2025\/10\/16\/tolm-paike-ja-rattasoiduunistused-roc-dazuril-2025\/","og_locale":"et_EE","og_type":"article","og_title":"Tolm, p\u00e4ike ja rattas\u00f5iduunistused Roc d\u2019Azuril 2025","og_description":"Ma ei suuda uskuda, et olen terve elu rattaga s\u00f5itnud, aga polnud kunagi Roc d\u2019Azurile sattunud! See on \u00fcks maailma kuulsamaid rattafestivale ja 2025. aastal sain l\u00f5puks teada, millest kogu see jutt k\u00e4ib.","og_url":"https:\/\/www.welovecycling.com\/ee\/2025\/10\/16\/tolm-paike-ja-rattasoiduunistused-roc-dazuril-2025\/","og_site_name":"\u0160koda We Love Cycling - Estonia","article_published_time":"2025-10-16T08:09:23+00:00","og_image":[{"width":891,"height":595,"url":"https:\/\/d2p6e6u75xmxt8.cloudfront.net\/15\/2025\/10\/Roc-dAzur-2025.webp","type":"image\/webp"}],"author":"andre","twitter_card":"summary_large_image","twitter_misc":{"Written by":"Anna Glowinski","Est. reading time":"4"},"schema":{"@context":"https:\/\/schema.org","@graph":[{"@type":"WebPage","@id":"https:\/\/www.welovecycling.com\/ee\/2025\/10\/16\/tolm-paike-ja-rattasoiduunistused-roc-dazuril-2025\/","url":"https:\/\/www.welovecycling.com\/ee\/2025\/10\/16\/tolm-paike-ja-rattasoiduunistused-roc-dazuril-2025\/","name":"Tolm, p\u00e4ike ja rattas\u00f5iduunistused Roc d\u2019Azuril 2025 - \u0160koda We Love Cycling - Estonia","isPartOf":{"@id":"https:\/\/www.welovecycling.com\/ee\/#website"},"primaryImageOfPage":{"@id":"https:\/\/www.welovecycling.com\/ee\/2025\/10\/16\/tolm-paike-ja-rattasoiduunistused-roc-dazuril-2025\/#primaryimage"},"image":{"@id":"https:\/\/www.welovecycling.com\/ee\/2025\/10\/16\/tolm-paike-ja-rattasoiduunistused-roc-dazuril-2025\/#primaryimage"},"thumbnailUrl":"https:\/\/d2p6e6u75xmxt8.cloudfront.net\/15\/2025\/10\/Roc-dAzur-2025.webp","datePublished":"2025-10-16T08:09:23+00:00","author":{"@id":"https:\/\/www.welovecycling.com\/ee\/#\/schema\/person\/8b7101c4bd1b1ae9d3732ebb1e6caf57"},"description":"Ma ei suuda uskuda, et olen terve elu rattaga s\u00f5itnud, aga polnud kunagi Roc d\u2019Azurile sattunud! See on \u00fcks maailma kuulsamaid rattafestivale ja 2025. aastal sain l\u00f5puks teada, millest kogu see jutt k\u00e4ib.","inLanguage":"et","potentialAction":[{"@type":"ReadAction","target":["https:\/\/www.welovecycling.com\/ee\/2025\/10\/16\/tolm-paike-ja-rattasoiduunistused-roc-dazuril-2025\/"]}]},{"@type":"ImageObject","inLanguage":"et","@id":"https:\/\/www.welovecycling.com\/ee\/2025\/10\/16\/tolm-paike-ja-rattasoiduunistused-roc-dazuril-2025\/#primaryimage","url":"https:\/\/d2p6e6u75xmxt8.cloudfront.net\/15\/2025\/10\/Roc-dAzur-2025.webp","contentUrl":"https:\/\/d2p6e6u75xmxt8.cloudfront.net\/15\/2025\/10\/Roc-dAzur-2025.webp","width":891,"height":595},{"@type":"WebSite","@id":"https:\/\/www.welovecycling.com\/ee\/#website","url":"https:\/\/www.welovecycling.com\/ee\/","name":"\u0160koda We Love Cycling - Estonia","description":"","potentialAction":[{"@type":"SearchAction","target":{"@type":"EntryPoint","urlTemplate":"https:\/\/www.welovecycling.com\/ee\/?s={search_term_string}"},"query-input":{"@type":"PropertyValueSpecification","valueRequired":true,"valueName":"search_term_string"}}],"inLanguage":"et"},{"@type":"Person","@id":"https:\/\/www.welovecycling.com\/ee\/#\/schema\/person\/8b7101c4bd1b1ae9d3732ebb1e6caf57","name":"andre","image":{"@type":"ImageObject","inLanguage":"et","@id":"https:\/\/www.welovecycling.com\/ee\/#\/schema\/person\/image\/","url":"https:\/\/secure.gravatar.com\/avatar\/0656b3224fe17b018f43b8a562625dd43d30827f027b2f62bc5a05711fec9a61?s=96&d=mm&r=g","contentUrl":"https:\/\/secure.gravatar.com\/avatar\/0656b3224fe17b018f43b8a562625dd43d30827f027b2f62bc5a05711fec9a61?s=96&d=mm&r=g","caption":"andre"},"url":"https:\/\/www.welovecycling.com\/ee\/author\/andre\/"}]}},"_links":{"self":[{"href":"https:\/\/www.welovecycling.com\/ee\/wp-json\/wp\/v2\/posts\/3129","targetHints":{"allow":["GET"]}}],"collection":[{"href":"https:\/\/www.welovecycling.com\/ee\/wp-json\/wp\/v2\/posts"}],"about":[{"href":"https:\/\/www.welovecycling.com\/ee\/wp-json\/wp\/v2\/types\/post"}],"author":[{"embeddable":true,"href":"https:\/\/www.welovecycling.com\/ee\/wp-json\/wp\/v2\/users\/174"}],"replies":[{"embeddable":true,"href":"https:\/\/www.welovecycling.com\/ee\/wp-json\/wp\/v2\/comments?post=3129"}],"version-history":[{"count":3,"href":"https:\/\/www.welovecycling.com\/ee\/wp-json\/wp\/v2\/posts\/3129\/revisions"}],"predecessor-version":[{"id":3136,"href":"https:\/\/www.welovecycling.com\/ee\/wp-json\/wp\/v2\/posts\/3129\/revisions\/3136"}],"wp:featuredmedia":[{"embeddable":true,"href":"https:\/\/www.welovecycling.com\/ee\/wp-json\/wp\/v2\/media\/3130"}],"wp:attachment":[{"href":"https:\/\/www.welovecycling.com\/ee\/wp-json\/wp\/v2\/media?parent=3129"}],"wp:term":[{"taxonomy":"category","embeddable":true,"href":"https:\/\/www.welovecycling.com\/ee\/wp-json\/wp\/v2\/categories?post=3129"},{"taxonomy":"post_tag","embeddable":true,"href":"https:\/\/www.welovecycling.com\/ee\/wp-json\/wp\/v2\/tags?post=3129"},{"taxonomy":"global-categories","embeddable":true,"href":"https:\/\/www.welovecycling.com\/ee\/wp-json\/wp\/v2\/global-categories?post=3129"}],"curies":[{"name":"wp","href":"https:\/\/api.w.org\/{rel}","templated":true}]}}