{"id":3119,"date":"2025-10-14T15:09:08","date_gmt":"2025-10-14T12:09:08","guid":{"rendered":"https:\/\/www.welovecycling.com\/ee\/?p=3119"},"modified":"2025-10-14T15:09:08","modified_gmt":"2025-10-14T12:09:08","slug":"nii-et-sa-pole-10-aastat-uut-ratast-ostnud-laiemad-rehvid-ja-tubeless","status":"publish","type":"post","link":"https:\/\/www.welovecycling.com\/ee\/2025\/10\/14\/nii-et-sa-pole-10-aastat-uut-ratast-ostnud-laiemad-rehvid-ja-tubeless\/","title":{"rendered":"Nii, et sa pole 10 aastat uut ratast ostnud? Laiemad rehvid ja tubeless"},"content":{"rendered":"<h2 data-start=\"141\" data-end=\"517\">Kui sinu maanteeratas on p\u00e4rit umbes aastast 2015, siis on v\u00e4ga t\u00f5en\u00e4oline, et see oli vatustatud 23 mm rehvidega. Tol ajal oli see standard. Mugavusest eriti ei r\u00e4\u00e4gitud. K\u00fcmme aastat hiljem n\u00e4evad maanteerattad tummisemad v\u00e4lja ja esimene asi, mis silma hakkab, on rehvid. Need on laiemad, pehmemad ja kuidagi ka kiiremad. Kuidas see v\u00f5imalik on \u2013 ja kui suur asi see tegelikult on?<\/h2>\n<p data-start=\"141\" data-end=\"517\"><!--more--><\/p>\n<p data-start=\"519\" data-end=\"735\">J\u00e4tkame seda artiklisarja, kus p\u00fc\u00fcan sind veenda, et su vana ratas on ametlikult ajale jalgu j\u00e4\u00e4nud. Seekord v\u00f5tame vaatluse alla rehvid \u2013 lihtsaim uuendus, mis muudab t\u00e4nap\u00e4evase maanteeratta tunnetuse t\u00e4ielikult.<\/p>\n<hr data-start=\"737\" data-end=\"740\" \/>\n<h2 data-start=\"742\" data-end=\"765\"><strong>Kui kitsas oli norm<\/strong><\/h2>\n<p data-start=\"773\" data-end=\"1199\">Aastal 2015 olid 23 mm rehvid enamiku keskmise taseme maanteerataste vaikimisi valik. Neid pumbati t\u00f5hkudeni 100 psi v\u00f5i rohkem, sest toona v\u00f5rdus \u201ek\u00f5vem\u201c \u201ekiiremaga\u201c. 25 mm rehve peeti mugavusrehvideks, sobivaks pigem endurance-t\u00fc\u00fcpi ratastele. Tubeless-s\u00fcsteemid juba eksisteerisid, kuid olid haruldased ja t\u00fclikad \u2013 ning v\u00e4hesed, kes neid kasutasid, olid pigem katsetajad. Mina igatahes ei teadnudki, et selline asi olemas on.<\/p>\n<p data-start=\"1201\" data-end=\"1571\">Maastikurataste maailmas oli lugu veidi teistsugune. Rehvid olid k\u00fcll laiemad, aga mitte kuigi palju v\u00f5rreldes t\u00e4nasega. XCO-s oli standard 2,1-tolline rehv, 2,3\u201d tundus juba suur. T\u00f5eline revolutsioon toimus just tubeless\u2019i vallas. 2015. aastaks oli see MTB-ajakirjades populaarne teema, kuid s\u00f5itjate seas veel kaugel laialdasest kasutusest.<\/p>\n<p data-start=\"1573\" data-end=\"1816\">Minu jaoks olid laiemad rehvid esimene uuendus, mida t\u00f5siselt tahtsin teha \u2013 aga ei saanud. Ausalt \u00f6eldes oligi just see, et mu 2015. aasta <em data-start=\"1713\" data-end=\"1724\">Giant TCR<\/em> raam ei v\u00f5imaldanud \u00fcle 25 mm rehve, \u00fcks peamisi p\u00f5hjuseid, miks l\u00f5puks uue ratta ostsin.<\/p>\n<hr data-start=\"1818\" data-end=\"1821\" \/>\n<h2 data-start=\"1823\" data-end=\"1842\"><strong>J\u00e4igast pehmeks<\/strong><\/h2>\n<p data-start=\"1850\" data-end=\"2182\">Aastal 2025 on 28 mm rehvid uus normaalsus. Endurance-ratastel on tavaline n\u00e4ha 30 mm v\u00f5i isegi 32 mm rehve munakiviteede v\u00f5i karmimate teede jaoks. Paljud t\u00e4nap\u00e4evased raamid mahutavad lausa 35 mm v\u00f5i rohkem \u2013 mis t\u00e4hendab, et saad oma maanteeratta lihtsa rehvivaihetusega muuta pea et gravel-rattaks. See mitmek\u00fclgsus on suurep\u00e4rane.<\/p>\n<p data-start=\"2184\" data-end=\"2560\">Erinevus mugavuses on tohutu. V\u00f5imalus s\u00f5ita 50 psi asemel 100 psi-ga muudab s\u00f5idukogemuse t\u00e4iesti teiseks. Madalam r\u00f5hk summutab teemonarlused, v\u00e4hendab vibratsioonist tekkivat v\u00e4simust ja teeb pikad s\u00f5idud kehale palju kergemaks. \u00dcllataval kombel ei muuda see sind ka aeglasemaks \u2013 vastupidi, paljud t\u00e4nap\u00e4evased laiemad rehvid veerevad sama kiiresti v\u00f5i isegi kiiremini kui nende kitsad eelk\u00e4ijad.<\/p>\n<hr data-start=\"2562\" data-end=\"2565\" \/>\n<h2 data-start=\"2567\" data-end=\"2604\"><strong>Miks laiem t\u00e4hendab n\u00fc\u00fcd kiiremat<\/strong><\/h2>\n<p data-start=\"2606\" data-end=\"2907\">See pole lihtsalt moer\u00f6\u00f6gatus \u2013 andmed kinnitavad seda. Viimase k\u00fcmne aasta jooksul tehtud veeretakistuse testid on n\u00e4idanud, et laiemad rehvid v\u00f5ivad olla sama efektiivsed, kui need on \u00f5igesti t\u00e4is pumbatud. Kontaktpind on l\u00fchem ja laiem, mis t\u00e4hendab v\u00e4hem deformatsiooni ja v\u00e4iksemat energiakadu.<\/p>\n<p data-start=\"2909\" data-end=\"3269\">Lisaks pakuvad need paremat haardumist, eriti ebatasasel v\u00f5i m\u00e4rjal pinnal. Pole ime, et isegi profid on \u00fcle l\u00e4inud laiematele rehvidele. K\u00fcmme aastat tagasi s\u00f5itsid Tour de France\u2019i ratturid 23 mm rehvidega. T\u00e4na kasutavad enamik neist 28 mm rehve isegi m\u00e4gietappidel \u2013 sest mugavuse ja haarduvuse v\u00f5it on palju olulisem kui minimaalne aerod\u00fcnaamiline kaotus.<\/p>\n<p data-start=\"3271\" data-end=\"3444\">Tavaharrastajate jaoks, nagu mina, on see puhas v\u00f5it: suurem kiirus ebatasasel teel, v\u00e4hem v\u00e4simust ja v\u00e4hem kummipurunemisi. V\u00f5rdluse huvides tasub vaadata seda [<a href=\"https:\/\/www.youtube.com\/watch?si=l32mXgdDbg7GAyT0&amp;v=AK5KLvrzrb4&amp;feature=youtu.be\">katset<\/a>].<\/p>\n<hr data-start=\"3446\" data-end=\"3449\" \/>\n<h2 data-start=\"3451\" data-end=\"3500\"><strong>Maastikurattamaailm tegi selle l\u00e4bi esimesena<\/strong><\/h2>\n<p data-start=\"3502\" data-end=\"3836\">Nagu maanteelgi, on maastikurataste rehvid viimase k\u00fcmnendi jooksul tunduvalt laiemaks l\u00e4inud. Kui kunagi oli 2,1-tolline rehv XCO standard, siis n\u00fc\u00fcd on tavalisem 2,35\u201d ning trail-ratastel sageli 2,5\u201d v\u00f5i isegi 2,6\u201d. Suurem maht lisab mugavust ja kontrolli, kuid t\u00f5eline muutus tuli tubeless\u2019i laialdase kasutuselev\u00f5tuga.<\/p>\n<p data-start=\"3838\" data-end=\"4100\">T\u00e4nap\u00e4eval on enamik uusi maastikurattaid tubeless-valmidusega \u2013 ja seda p\u00f5hjusega. Madalama r\u00f5huga s\u00f5itmine ilma <em>snakebite<\/em>-purunemisi kartmata muudab s\u00f5idu t\u00e4ielikult: rohkem pidamist, rohkem mugavust ja palju suurem enesekindlus, kui rada muutub tehniliseks.<\/p>\n<p data-start=\"4102\" data-end=\"4415\">V\u00f5rreldes 2015. aasta seadistusega on erinevus \u00f6\u00f6 ja p\u00e4ev. T\u00e4nap\u00e4eva rehvid hoiavad paremini joont juurikate ja kivide vahel, haakuvad kurvides tugevamalt ning v\u00f5imaldavad s\u00f5ita kiiremini ja kindlamalt. K\u00f5ik see t\u00e4nu <a href=\"https:\/\/www.welovecycling.com\/wide\/2022\/06\/01\/foam-inserts-for-tubeless-gravel-tyres-the-upgrade-you-didnt-know-you-needed\/\">tubeless-s\u00fcsteemidele<\/a>, laiematele velgedele, parematele kummisegudele ja nutikamatele mustritele.<\/p>\n<hr data-start=\"4417\" data-end=\"4420\" \/>\n<h2 data-start=\"4422\" data-end=\"4453\"><strong>Sisekummid pole veel surnud<\/strong><\/h2>\n<p data-start=\"4455\" data-end=\"4726\">Ka paljud maantees\u00f5itjad on l\u00e4inud \u00fcle tubeless\u2019ile, kuigi eelised pole siin nii suured kui maastikul. Kui sa ei s\u00f5ida umbes k\u00fcmmet tuhandet kilomeetrit aastas, siis t\u00f5en\u00e4oliselt sobivad sulle paremini <em data-start=\"4657\" data-end=\"4662\">TPU<\/em>-sisekummid. Jah \u2013 ka sisekummid on tehnoloogiliselt arenenud.<\/p>\n<p data-start=\"4728\" data-end=\"5023\">Need on uskumatult kerged, sageli vaid 40\u201350 g t\u00fckk, ning pakuvad veeretakistust, mis on v\u00f5rreldav hea tubeless-lahendusega. Paigaldamine erine tavalise sisekummi omast \u2013 ei mingit vedelaid latekseid, ei segadust, ei vajadust kompressori j\u00e4rele. Samuti hoiavad need paremini r\u00f5hku.<\/p>\n<p data-start=\"5025\" data-end=\"5227\">Miinuseks on k\u00f5rgem hind ja see, et m\u00f5nda mudelit tuleb paigaldamisel hoolikalt k\u00e4sitseda (kerge \u00e4ra l\u00f5hkuda). Kuid need on muutunud lemmikuks s\u00f5itjate seas, kes tahavad tubeless\u2019i effekti ilma suurema m\u00e4ssamiseta.<\/p>\n<hr data-start=\"5229\" data-end=\"5232\" \/>\n<h2 data-start=\"5234\" data-end=\"5252\"><strong>Kas tasub \u00e4ra?<\/strong><\/h2>\n<p data-start=\"5254\" data-end=\"5473\">Kindlasti. Kui tuled 2015. aasta rattalt, siis \u00fcleminek laiematele rehvidele \u2013 olgu need tubeless v\u00f5i TPU \u2013 tundub nagu \u00f6\u00f6 ja p\u00e4ev. Juba mugavuse paranemine on seda v\u00e4\u00e4rt, ja lisaboonusena ei kaota sa kiiruses midagi, pigem vastupidi.<\/p>\n<p data-start=\"5475\" data-end=\"5929\">Minu jaoks oli see \u00fcks neist muudatustest, mis muutis t\u00e4ielikult, kuidas ma oma maanteerattaga s\u00f5idan. Kui ma esimest korda 32 mm rehvidega munakiviteele j\u00f5udsin, olin h\u00e4mmastunud, kuidas ratas lihtsalt h\u00f5ljus \u00fcle kivide, mitte ei p\u00f5rganud iga kivi peal nagu varem. Maastikuratta puhul mul nii otsest v\u00f5rdlust pole, kuid olen t\u00e4navu s\u00f5itnud v\u00e4ga karmidel radadel ilma \u00fchegi kummipurunemiseta \u2013 ja seda on raske uskuda, kui meenutan lapsep\u00f5lve rattaid.<\/p>\n<p data-start=\"5931\" data-end=\"6131\" data-is-last-node=\"\" data-is-only-node=\"\">Olen \u00fcsna kindel, et n\u00fc\u00fcd on sul rattauuenduse pisik juba sees ja uue ratta m\u00f5te hakkab kuju v\u00f5tma. Aga \u00e4ra muretse \u2013 selle sarja l\u00f5puks on see m\u00f5te t\u00e4ielikult v\u00e4lja arenenud. Oleme alles poolel teel.<\/p>\n","protected":false},"excerpt":{"rendered":"<p>Kui sinu maanteeratas on p\u00e4rit umbes aastast 2015, siis on v\u00e4ga t\u00f5en\u00e4oline, et see oli vatustatud 23 mm rehvidega. Tol [&hellip;]<\/p>\n","protected":false},"author":174,"featured_media":3124,"comment_status":"open","ping_status":"open","sticky":false,"template":"","format":"standard","meta":{"footnotes":""},"categories":[496],"tags":[511,507,510,509,508],"global-categories":[22],"class_list":["post-3119","post","type-post","status-publish","format-standard","has-post-thumbnail","hentry","category-avastamine-ja-reisimine","tag-laiad-rehvid","tag-ratta-rehvid","tag-rehvi-laius","tag-tubeless","tag-uus-ratas","global-categories-cycling"],"yoast_head":"<!-- This site is optimized with the Yoast SEO Premium plugin v25.3 (Yoast SEO v25.9) - https:\/\/yoast.com\/wordpress\/plugins\/seo\/ -->\n<title>Nii, et sa pole 10 aastat uut ratast ostnud? Laiemad rehvid ja tubeless - \u0160koda We Love Cycling - Estonia<\/title>\n<meta name=\"robots\" content=\"index, follow, max-snippet:-1, max-image-preview:large, max-video-preview:-1\" \/>\n<link rel=\"canonical\" href=\"https:\/\/www.welovecycling.com\/ee\/2025\/10\/14\/nii-et-sa-pole-10-aastat-uut-ratast-ostnud-laiemad-rehvid-ja-tubeless\/\" \/>\n<meta property=\"og:locale\" content=\"et_EE\" \/>\n<meta property=\"og:type\" content=\"article\" \/>\n<meta property=\"og:title\" content=\"Nii, et sa pole 10 aastat uut ratast ostnud? Laiemad rehvid ja tubeless\" \/>\n<meta property=\"og:description\" content=\"Kui sinu maanteeratas on p\u00e4rit umbes aastast 2015, siis on v\u00e4ga t\u00f5en\u00e4oline, et see oli vatustatud 23 mm rehvidega. Tol [&hellip;]\" \/>\n<meta property=\"og:url\" content=\"https:\/\/www.welovecycling.com\/ee\/2025\/10\/14\/nii-et-sa-pole-10-aastat-uut-ratast-ostnud-laiemad-rehvid-ja-tubeless\/\" \/>\n<meta property=\"og:site_name\" content=\"\u0160koda We Love Cycling - Estonia\" \/>\n<meta property=\"article:published_time\" content=\"2025-10-14T12:09:08+00:00\" \/>\n<meta property=\"og:image\" content=\"https:\/\/d2p6e6u75xmxt8.cloudfront.net\/15\/2025\/10\/rehv.webp\" \/>\n\t<meta property=\"og:image:width\" content=\"1725\" \/>\n\t<meta property=\"og:image:height\" content=\"756\" \/>\n\t<meta property=\"og:image:type\" content=\"image\/webp\" \/>\n<meta name=\"author\" content=\"andre\" \/>\n<meta name=\"twitter:card\" content=\"summary_large_image\" \/>\n<meta name=\"twitter:label1\" content=\"Written by\" \/>\n\t<meta name=\"twitter:data1\" content=\"Jiri Kaloc\" \/>\n\t<meta name=\"twitter:label2\" content=\"Est. reading time\" \/>\n\t<meta name=\"twitter:data2\" content=\"5\" \/>\n<script type=\"application\/ld+json\" class=\"yoast-schema-graph\">{\"@context\":\"https:\/\/schema.org\",\"@graph\":[{\"@type\":\"WebPage\",\"@id\":\"https:\/\/www.welovecycling.com\/ee\/2025\/10\/14\/nii-et-sa-pole-10-aastat-uut-ratast-ostnud-laiemad-rehvid-ja-tubeless\/\",\"url\":\"https:\/\/www.welovecycling.com\/ee\/2025\/10\/14\/nii-et-sa-pole-10-aastat-uut-ratast-ostnud-laiemad-rehvid-ja-tubeless\/\",\"name\":\"Nii, et sa pole 10 aastat uut ratast ostnud? Laiemad rehvid ja tubeless - \u0160koda We Love Cycling - Estonia\",\"isPartOf\":{\"@id\":\"https:\/\/www.welovecycling.com\/ee\/#website\"},\"primaryImageOfPage\":{\"@id\":\"https:\/\/www.welovecycling.com\/ee\/2025\/10\/14\/nii-et-sa-pole-10-aastat-uut-ratast-ostnud-laiemad-rehvid-ja-tubeless\/#primaryimage\"},\"image\":{\"@id\":\"https:\/\/www.welovecycling.com\/ee\/2025\/10\/14\/nii-et-sa-pole-10-aastat-uut-ratast-ostnud-laiemad-rehvid-ja-tubeless\/#primaryimage\"},\"thumbnailUrl\":\"https:\/\/d2p6e6u75xmxt8.cloudfront.net\/15\/2025\/10\/rehv.webp\",\"datePublished\":\"2025-10-14T12:09:08+00:00\",\"author\":{\"@id\":\"https:\/\/www.welovecycling.com\/ee\/#\/schema\/person\/8b7101c4bd1b1ae9d3732ebb1e6caf57\"},\"inLanguage\":\"et\",\"potentialAction\":[{\"@type\":\"ReadAction\",\"target\":[\"https:\/\/www.welovecycling.com\/ee\/2025\/10\/14\/nii-et-sa-pole-10-aastat-uut-ratast-ostnud-laiemad-rehvid-ja-tubeless\/\"]}]},{\"@type\":\"ImageObject\",\"inLanguage\":\"et\",\"@id\":\"https:\/\/www.welovecycling.com\/ee\/2025\/10\/14\/nii-et-sa-pole-10-aastat-uut-ratast-ostnud-laiemad-rehvid-ja-tubeless\/#primaryimage\",\"url\":\"https:\/\/d2p6e6u75xmxt8.cloudfront.net\/15\/2025\/10\/rehv.webp\",\"contentUrl\":\"https:\/\/d2p6e6u75xmxt8.cloudfront.net\/15\/2025\/10\/rehv.webp\",\"width\":1725,\"height\":756},{\"@type\":\"WebSite\",\"@id\":\"https:\/\/www.welovecycling.com\/ee\/#website\",\"url\":\"https:\/\/www.welovecycling.com\/ee\/\",\"name\":\"\u0160koda We Love Cycling - Estonia\",\"description\":\"\",\"potentialAction\":[{\"@type\":\"SearchAction\",\"target\":{\"@type\":\"EntryPoint\",\"urlTemplate\":\"https:\/\/www.welovecycling.com\/ee\/?s={search_term_string}\"},\"query-input\":{\"@type\":\"PropertyValueSpecification\",\"valueRequired\":true,\"valueName\":\"search_term_string\"}}],\"inLanguage\":\"et\"},{\"@type\":\"Person\",\"@id\":\"https:\/\/www.welovecycling.com\/ee\/#\/schema\/person\/8b7101c4bd1b1ae9d3732ebb1e6caf57\",\"name\":\"andre\",\"image\":{\"@type\":\"ImageObject\",\"inLanguage\":\"et\",\"@id\":\"https:\/\/www.welovecycling.com\/ee\/#\/schema\/person\/image\/\",\"url\":\"https:\/\/secure.gravatar.com\/avatar\/0656b3224fe17b018f43b8a562625dd43d30827f027b2f62bc5a05711fec9a61?s=96&d=mm&r=g\",\"contentUrl\":\"https:\/\/secure.gravatar.com\/avatar\/0656b3224fe17b018f43b8a562625dd43d30827f027b2f62bc5a05711fec9a61?s=96&d=mm&r=g\",\"caption\":\"andre\"},\"url\":\"https:\/\/www.welovecycling.com\/ee\/author\/andre\/\"}]}<\/script>\n<!-- \/ Yoast SEO Premium plugin. -->","yoast_head_json":{"title":"Nii, et sa pole 10 aastat uut ratast ostnud? Laiemad rehvid ja tubeless - \u0160koda We Love Cycling - Estonia","robots":{"index":"index","follow":"follow","max-snippet":"max-snippet:-1","max-image-preview":"max-image-preview:large","max-video-preview":"max-video-preview:-1"},"canonical":"https:\/\/www.welovecycling.com\/ee\/2025\/10\/14\/nii-et-sa-pole-10-aastat-uut-ratast-ostnud-laiemad-rehvid-ja-tubeless\/","og_locale":"et_EE","og_type":"article","og_title":"Nii, et sa pole 10 aastat uut ratast ostnud? Laiemad rehvid ja tubeless","og_description":"Kui sinu maanteeratas on p\u00e4rit umbes aastast 2015, siis on v\u00e4ga t\u00f5en\u00e4oline, et see oli vatustatud 23 mm rehvidega. Tol [&hellip;]","og_url":"https:\/\/www.welovecycling.com\/ee\/2025\/10\/14\/nii-et-sa-pole-10-aastat-uut-ratast-ostnud-laiemad-rehvid-ja-tubeless\/","og_site_name":"\u0160koda We Love Cycling - Estonia","article_published_time":"2025-10-14T12:09:08+00:00","og_image":[{"width":1725,"height":756,"url":"https:\/\/d2p6e6u75xmxt8.cloudfront.net\/15\/2025\/10\/rehv.webp","type":"image\/webp"}],"author":"andre","twitter_card":"summary_large_image","twitter_misc":{"Written by":"Jiri Kaloc","Est. reading time":"5"},"schema":{"@context":"https:\/\/schema.org","@graph":[{"@type":"WebPage","@id":"https:\/\/www.welovecycling.com\/ee\/2025\/10\/14\/nii-et-sa-pole-10-aastat-uut-ratast-ostnud-laiemad-rehvid-ja-tubeless\/","url":"https:\/\/www.welovecycling.com\/ee\/2025\/10\/14\/nii-et-sa-pole-10-aastat-uut-ratast-ostnud-laiemad-rehvid-ja-tubeless\/","name":"Nii, et sa pole 10 aastat uut ratast ostnud? Laiemad rehvid ja tubeless - \u0160koda We Love Cycling - Estonia","isPartOf":{"@id":"https:\/\/www.welovecycling.com\/ee\/#website"},"primaryImageOfPage":{"@id":"https:\/\/www.welovecycling.com\/ee\/2025\/10\/14\/nii-et-sa-pole-10-aastat-uut-ratast-ostnud-laiemad-rehvid-ja-tubeless\/#primaryimage"},"image":{"@id":"https:\/\/www.welovecycling.com\/ee\/2025\/10\/14\/nii-et-sa-pole-10-aastat-uut-ratast-ostnud-laiemad-rehvid-ja-tubeless\/#primaryimage"},"thumbnailUrl":"https:\/\/d2p6e6u75xmxt8.cloudfront.net\/15\/2025\/10\/rehv.webp","datePublished":"2025-10-14T12:09:08+00:00","author":{"@id":"https:\/\/www.welovecycling.com\/ee\/#\/schema\/person\/8b7101c4bd1b1ae9d3732ebb1e6caf57"},"inLanguage":"et","potentialAction":[{"@type":"ReadAction","target":["https:\/\/www.welovecycling.com\/ee\/2025\/10\/14\/nii-et-sa-pole-10-aastat-uut-ratast-ostnud-laiemad-rehvid-ja-tubeless\/"]}]},{"@type":"ImageObject","inLanguage":"et","@id":"https:\/\/www.welovecycling.com\/ee\/2025\/10\/14\/nii-et-sa-pole-10-aastat-uut-ratast-ostnud-laiemad-rehvid-ja-tubeless\/#primaryimage","url":"https:\/\/d2p6e6u75xmxt8.cloudfront.net\/15\/2025\/10\/rehv.webp","contentUrl":"https:\/\/d2p6e6u75xmxt8.cloudfront.net\/15\/2025\/10\/rehv.webp","width":1725,"height":756},{"@type":"WebSite","@id":"https:\/\/www.welovecycling.com\/ee\/#website","url":"https:\/\/www.welovecycling.com\/ee\/","name":"\u0160koda We Love Cycling - Estonia","description":"","potentialAction":[{"@type":"SearchAction","target":{"@type":"EntryPoint","urlTemplate":"https:\/\/www.welovecycling.com\/ee\/?s={search_term_string}"},"query-input":{"@type":"PropertyValueSpecification","valueRequired":true,"valueName":"search_term_string"}}],"inLanguage":"et"},{"@type":"Person","@id":"https:\/\/www.welovecycling.com\/ee\/#\/schema\/person\/8b7101c4bd1b1ae9d3732ebb1e6caf57","name":"andre","image":{"@type":"ImageObject","inLanguage":"et","@id":"https:\/\/www.welovecycling.com\/ee\/#\/schema\/person\/image\/","url":"https:\/\/secure.gravatar.com\/avatar\/0656b3224fe17b018f43b8a562625dd43d30827f027b2f62bc5a05711fec9a61?s=96&d=mm&r=g","contentUrl":"https:\/\/secure.gravatar.com\/avatar\/0656b3224fe17b018f43b8a562625dd43d30827f027b2f62bc5a05711fec9a61?s=96&d=mm&r=g","caption":"andre"},"url":"https:\/\/www.welovecycling.com\/ee\/author\/andre\/"}]}},"_links":{"self":[{"href":"https:\/\/www.welovecycling.com\/ee\/wp-json\/wp\/v2\/posts\/3119","targetHints":{"allow":["GET"]}}],"collection":[{"href":"https:\/\/www.welovecycling.com\/ee\/wp-json\/wp\/v2\/posts"}],"about":[{"href":"https:\/\/www.welovecycling.com\/ee\/wp-json\/wp\/v2\/types\/post"}],"author":[{"embeddable":true,"href":"https:\/\/www.welovecycling.com\/ee\/wp-json\/wp\/v2\/users\/174"}],"replies":[{"embeddable":true,"href":"https:\/\/www.welovecycling.com\/ee\/wp-json\/wp\/v2\/comments?post=3119"}],"version-history":[{"count":5,"href":"https:\/\/www.welovecycling.com\/ee\/wp-json\/wp\/v2\/posts\/3119\/revisions"}],"predecessor-version":[{"id":3126,"href":"https:\/\/www.welovecycling.com\/ee\/wp-json\/wp\/v2\/posts\/3119\/revisions\/3126"}],"wp:featuredmedia":[{"embeddable":true,"href":"https:\/\/www.welovecycling.com\/ee\/wp-json\/wp\/v2\/media\/3124"}],"wp:attachment":[{"href":"https:\/\/www.welovecycling.com\/ee\/wp-json\/wp\/v2\/media?parent=3119"}],"wp:term":[{"taxonomy":"category","embeddable":true,"href":"https:\/\/www.welovecycling.com\/ee\/wp-json\/wp\/v2\/categories?post=3119"},{"taxonomy":"post_tag","embeddable":true,"href":"https:\/\/www.welovecycling.com\/ee\/wp-json\/wp\/v2\/tags?post=3119"},{"taxonomy":"global-categories","embeddable":true,"href":"https:\/\/www.welovecycling.com\/ee\/wp-json\/wp\/v2\/global-categories?post=3119"}],"curies":[{"name":"wp","href":"https:\/\/api.w.org\/{rel}","templated":true}]}}