{"id":3110,"date":"2025-10-13T14:46:59","date_gmt":"2025-10-13T11:46:59","guid":{"rendered":"https:\/\/www.welovecycling.com\/ee\/?p=3110"},"modified":"2025-10-13T14:46:59","modified_gmt":"2025-10-13T11:46:59","slug":"vermeersch-voimas-ja-wiebes-dramaatiline-voitsid-uci-kruusamaailmameistrivoistlused","status":"publish","type":"post","link":"https:\/\/www.welovecycling.com\/ee\/2025\/10\/13\/vermeersch-voimas-ja-wiebes-dramaatiline-voitsid-uci-kruusamaailmameistrivoistlused\/","title":{"rendered":"Vermeersch (v\u00f5imas) ja Wiebes (dramaatiline) v\u00f5itsid UCI kruusamaailmameistriv\u00f5istlused"},"content":{"rendered":"<h2 data-start=\"162\" data-end=\"564\">Kolmas katse t\u00f5i \u00f5nne Florian Vermeerschile, kes v\u00f5itis p\u00fchap\u00e4eval meeste eliitklassi kruusamaailmameistritiitli p\u00e4rast kaht j\u00e4rjestikust teist kohta eelmistel aastatel. 26-aastane UAE Team Emirates\u2013XRG rattur tagas v\u00f5idu, kui ta algatas umbes 120 km enne fini\u0161it neljamehelise \u00e4ramineku keerulisel 181 km pikkusel rajal Beekist Maastrichti, ning suutis seej\u00e4rel konkurente l\u00f5pujooneni \u00fcle elada.<\/h2>\n<p data-start=\"162\" data-end=\"564\"><!--more--><\/p>\n<p data-start=\"566\" data-end=\"855\">Viimane, kes temast maha j\u00e4i, oli \u00fcllatuslik hollandlane Frits Biesterbos, kellest Vermeersch sai lahti 18 km enne l\u00f5ppu kruusat\u00f5usul ja suurendas seej\u00e4rel j\u00e4rk-j\u00e4rgult vahet, et v\u00f5ita l\u00f5pus 40 sekundiga. M\u00f6\u00f6dunudaastane v\u00f5itja, sloveen Matej Mohori\u010d, l\u00f5petas kolmandana, kaotades 1:23.<\/p>\n<h2 data-start=\"857\" data-end=\"877\"><strong>Tagasitulekuv\u00f5it<\/strong><\/h2>\n<p data-start=\"879\" data-end=\"1238\">\u201eAlgus oli v\u00e4ga kaootiline,\u201d r\u00e4\u00e4kis Vermeersch, kes kaotas mulluse tiitli Mathieu van der Poelile. \u201eP\u00e4rast 10 km l\u00f5hkusin rehvi, kuid \u00f5nneks j\u00f5udsin 20 km hiljem taas peagruppi. N\u00e4gin head hetke ja r\u00fcndasin. Ma ei n\u00e4inudki eriti palju pelotoni \u2013 olin kas tagaajamas v\u00f5i ees. Kui l\u00f5puks j\u00e4ime neljakesi, teadsin, et on ainult \u00fcks tee \u2013 l\u00f5puni.\u201d<\/p>\n<p data-start=\"1240\" data-end=\"1456\">Vermeersch murdis eelmise aasta veebruaris kukkudes jala ja j\u00e4i neljaks kuuks v\u00f5istluspausile. Kuigi ta on p\u00e4rast \u00fcleminekut Lotost UAE-sse teinud t\u00e4navu h\u00e4id tulemusi, oli see tema esimene v\u00f5it kahe aasta jooksul.<\/p>\n<p data-start=\"1458\" data-end=\"1720\">\u201eSee oli veidi vaimne asi \u2013 p\u00e4rast jalaluumurdu eelmisel aastal olen teinud t\u00e4navu h\u00e4id s\u00f5ite,\u201d r\u00e4\u00e4kis ta <em data-start=\"1564\" data-end=\"1580\">Cyclingnewsile<\/em>. \u201eSee on olnud hea hooaeg, aga see v\u00f5it on minu jaoks punkt vigastusele. N\u00fc\u00fcd loodan, et j\u00e4rgmisel aastal suudan samamoodi v\u00f5ite koguda.\u201d<\/p>\n<p data-start=\"1722\" data-end=\"2046\">Favoriit Tom Pidcock tuli starti p\u00e4rast kuuendat kohta Il Lombardial ja alustas s\u00f5itu ilma rada eelnevalt l\u00e4bi s\u00f5itmata. See oli tema esimene kruusamaailmameistriv\u00f5istlus ning ta on t\u00e4navu oma maantees\u00f5itudele kaldus graafikule kruusarattal v\u00e4he treeninud. \u201eSee on natuke k\u00f5ike \u2013 minu jaoks midagi uut ja teistsugust,\u201d r\u00e4\u00e4kis ta <em data-start=\"2027\" data-end=\"2043\">Cyclingnewsile<\/em>.<\/p>\n<p data-start=\"2048\" data-end=\"2289\">Pidcock j\u00e4i Vermeerschi varajasest r\u00fcnnakust maha ning ilmselt m\u00f5jutasid teda ka kitsad teed ja j\u00e4rsud suunamuutused, mis ei soosinud j\u00e4litajaid. Ta l\u00f5petas kuuendana, 1:41 kaotusega \u2013 arvestades tema pikka hooaega, igati korralik tulemus.<\/p>\n<figure id=\"attachment_3113\" aria-describedby=\"caption-attachment-3113\" style=\"width: 989px\" class=\"wp-caption aligncenter\"><a href=\"https:\/\/d2p6e6u75xmxt8.cloudfront.net\/15\/2025\/10\/gravel2-Copy.webp\"><img loading=\"lazy\" decoding=\"async\" class=\"wp-image-3113 size-full\" src=\"https:\/\/d2p6e6u75xmxt8.cloudfront.net\/15\/2025\/10\/gravel2-Copy.webp\" alt=\"\" width=\"989\" height=\"658\" srcset=\"https:\/\/d2p6e6u75xmxt8.cloudfront.net\/15\/2025\/10\/gravel2-Copy.webp 989w, https:\/\/d2p6e6u75xmxt8.cloudfront.net\/15\/2025\/10\/gravel2-Copy-300x200.webp 300w, https:\/\/d2p6e6u75xmxt8.cloudfront.net\/15\/2025\/10\/gravel2-Copy-768x511.webp 768w, https:\/\/d2p6e6u75xmxt8.cloudfront.net\/15\/2025\/10\/gravel2-Copy-400x266.webp 400w, https:\/\/d2p6e6u75xmxt8.cloudfront.net\/15\/2025\/10\/gravel2-Copy-272x182.webp 272w\" sizes=\"auto, (max-width: 989px) 100vw, 989px\" \/><\/a><figcaption id=\"caption-attachment-3113\" class=\"wp-caption-text\">Kolmas kord t\u00f5i \u00f5nne Florian Vermeerschile, kes v\u00f5itis p\u00fchap\u00e4eval meeste eliitklassi kruusamaailmameistritiitli p\u00e4rast kaht j\u00e4rjestikust teist kohta eelmistel aastatel. \u00a9 Profimedia<\/figcaption><\/figure>\n<hr data-start=\"2291\" data-end=\"2294\" \/>\n<h2 data-start=\"2296\" data-end=\"2327\"><strong>Draama, p\u00f5nevus ja pettumus<\/strong><\/h2>\n<p data-start=\"2329\" data-end=\"2680\">Naiste s\u00f5it, mis toimus laup\u00e4eval, oli t\u00f5eline draama \u2013 pingeline, \u00fcllatav ja isegi segadust tekitav. 131 km pikkusel rajal Beekist Maastrichti oli 35 km enne l\u00f5ppu kaks juhtgruppi \u2013 viie- ja seitsmeliikmeline \u2013, kokku \u00fcheksa hollandlannaga. Ainsad erandid olid sakslanna Romy Kasper, itaallanna Silvia Persico ja 21-aastane t\u0161ehhitar Julia Kopeck\u00fd.<\/p>\n<p data-start=\"2682\" data-end=\"3024\">Viieliikmeline juhtgrupp hoidis stabiilselt umbes 20-sekundilist edu. Umbes 20 km enne fini\u0161it r\u00fcndasid Lorena Wiebes ja valitsev maailmameister Marianne Vos, mis muutis k\u00f5ike. Persico p\u00fc\u00fcdis nad 16 km enne l\u00f5ppu kinni, tuues endaga kaasa rattureid m\u00f5lemast grupist. Moodustus kaheksaliikmeline juhtgrupp, mis lagunes hetkeks j\u00e4rsul t\u00f5usul.<\/p>\n<p data-start=\"3026\" data-end=\"3332\">12 km enne l\u00f5ppu r\u00fcndas noor hollandlanna Shirin van Anrooij kuuesest grupist ja sai kiiresti sisse vahe. 9 km enne l\u00f5ppu juhtis ta 21 sekundiga; 7 km enne fini\u0161it oli edu v\u00e4henenud 17 sekundile, kui Kopeck\u00fd vedas j\u00e4litajaid \u2013 loovutades sellega omaenda v\u00f5imaluse \u00fche v\u00f5i mitme hollandlanna kasuks. Aga kelle?<\/p>\n<p data-start=\"3334\" data-end=\"3887\">Kopeck\u00fd s\u00f5idab SD Worx\u2013Protime tiimis, nagu ka Wiebes. T\u0161ehhitar vedas seega hollandlannad j\u00e4rele oma tiimikaaslase r\u00fcnnakule. Kui Kopeck\u00fd 2 km enne fini\u0161it v\u00e4sis, v\u00f5ttis j\u00e4litamise \u00fcle van Anrooiji kaasmaalanna Yara Kastelijn, kuni 200 meetrit enne fini\u0161it m\u00f6\u00f6dus neist m\u00f5lemast Wiebes \u2013 koos peatamatu Vosiga. Wiebes oli liiga tugev ja hoidis legendi ees edu, takistades Vosi saavutamast oma karj\u00e4\u00e4ri 259. v\u00f5itu.<br data-start=\"3748\" data-end=\"3751\" \/>Wiebes v\u00f5ib Vosile siiski kunagi j\u00e4rele j\u00f5uda \u2013 see oli tema 118. v\u00f5it, k\u00fcmme rohkem kui Tadej Poga\u010daril, ning ta on kuus kuud noorem.<\/p>\n<p data-start=\"3889\" data-end=\"4265\">Kui kaasmaalased Van Anrooij kinni p\u00fc\u00fcdsid ja temast m\u00f6\u00f6dusid ja viiendaks j\u00e4tsid oli ta p\u00e4rast s\u00f5tu murtud. \u201eMinu v\u00f5imalus maailmameistriks tulla v\u00f5eti mult \u00e4ra,\u201d \u00fctles ta <a href=\"https:\/\/nos.nl\/artikel\/2586090-ontgoochelde-van-anrooij-snapt-niets-van-landgenoten-kans-op-titel-mij-ontnomen\"><em data-start=\"4088\" data-end=\"4096\">NOSile<\/em><\/a>. \u201eMa lihtsalt ei m\u00f5ista, miks see pidi nii l\u00f5ppema. Kui keegi juhib ja on selgelt teel maailmameistritiitlile, ning ta on sinuga samast riigist \u2013 sa lased tal minna.\u201d<\/p>\n<p data-start=\"4267\" data-end=\"4534\">\u201eNoh, mitte alati,\u201d \u00fctles Hollandi koondise peatreener Laurens ten Dam <a href=\"https:\/\/www.msn.com\/en-us\/sports\/other\/shirin-van-anrooij-feels-my-chance-at-the-world-title-was-taken-away-as-another-dutch-rider-helped-close-her-solo-lead-at-gravel-world-championships\/ar-AA1Oi5ri?ocid=msedgdhp&amp;pc=U531&amp;cvid=a1acbdb5224b4335889f1fc1b5564eee&amp;ei=16\"><em data-start=\"4338\" data-end=\"4354\">Cyclingnewsile<\/em><\/a>. \u201eSee on kruusav\u00f5idus\u00f5it, seega v\u00f5ivad taktikad n\u00e4ida kummalised, aga l\u00f5ppkokkuv\u00f5ttes on see peaaegu individuaalne ala\u2026 Tunnen Shirinile kaasa \u2013 see pettumus on m\u00f5istetav.\u201d<\/p>\n<p data-start=\"4536\" data-end=\"4767\">See ei lohutanud van Anrooiji, kes lisas: \u201eMa arvan, et olin piisavalt tugev, et l\u00f5puni ees p\u00fcsida ja maailmameistriks tulla. Ma ei taha liiga palju \u00f6elda, et midagi valesti ei k\u00f5laks, aga see oli minu v\u00f5imalus ja see v\u00f5eti \u00e4ra.\u201d<\/p>\n<p data-start=\"4769\" data-end=\"5174\">P\u00fchap\u00e4eval vabandas Kastelijn oma osa eest tiimikaaslase kaotuses. \u201eMa ei tahtnud kindlasti Shirinit v\u00f5itu \u00e4ra r\u00f6\u00f6vida ,\u201d \u00fctles ta oma <a href=\"https:\/\/www.cyclingnews.com\/road\/teams\/uci-womens-worldtour\/2025\/fenix-deceuninck\/\">Fenix-Deceunicki<\/a> tiimi vahendusel <a href=\"https:\/\/www.wielerflits.nl\/nieuws\/yara-kastelijn-heeft-spijt-van-opmerkelijke-actie-op-wk-gravel\/\"><em data-start=\"4933\" data-end=\"4949\">Wielerflitsile<\/em><\/a>. \u201eTahtsin lihtsalt endast maksimumi anda. Treener Laurens ten Dam r\u00f5hutas enne starti, et kruusamaailmameistriv\u00f5istlused erinevad vaimselt maantees\u00f5itudest. V\u00f5tsin seda finaalis vist liiga s\u00f5na-s\u00f5nalt. N\u00fc\u00fcd kahetsen seda.\u201d<\/p>\n<hr data-start=\"5176\" data-end=\"5179\" \/>\n<h3 data-start=\"5181\" data-end=\"5251\">Tulemused \u2013 2025 meeste eliitklassi kruusamaailmameistriv\u00f5istlused<\/h3>\n<ol>\n<li data-start=\"5256\" data-end=\"5299\"><strong data-start=\"5256\" data-end=\"5287\">Florian Vermeersch (Belgia)<\/strong> \u2013 4:39:12<\/li>\n<li data-start=\"5303\" data-end=\"5341\"><strong data-start=\"5303\" data-end=\"5333\">Frits Biesterbos (Holland)<\/strong> +0:40<\/li>\n<li data-start=\"5345\" data-end=\"5382\"><strong data-start=\"5345\" data-end=\"5374\">Matej Mohori\u010d (Sloveenia)<\/strong> +1:23<\/li>\n<li data-start=\"5386\" data-end=\"5420\">Floris Van Tricht (Belgia) +1:40<\/li>\n<li data-start=\"5424\" data-end=\"5453\">F\u00e9lix Stehli (\u0160veits) +1:41<\/li>\n<li data-start=\"5457\" data-end=\"5488\">Tom Pidcock (Suurbritannia) \u201e<\/li>\n<li data-start=\"5492\" data-end=\"5520\">Tim Wellens (Belgia) +1:46<\/li>\n<li data-start=\"5524\" data-end=\"5553\">Rick Ottema (Holland) +2:46<\/li>\n<li data-start=\"5557\" data-end=\"5582\">Timo Kielich (Belgia) \u201e<\/li>\n<li data-start=\"5587\" data-end=\"5620\">Magnus Bak Klaris (Taani) +3:59<\/li>\n<\/ol>\n<hr data-start=\"5622\" data-end=\"5625\" \/>\n<h3 data-start=\"5627\" data-end=\"5697\">Tulemused \u2013 2025 naiste eliitklassi kruusamaailmameistriv\u00f5istlused<\/h3>\n<ol>\n<li data-start=\"5702\" data-end=\"5741\"><strong data-start=\"5702\" data-end=\"5729\">Lorena Wiebes (Holland)<\/strong> \u2013 3:58:16<\/li>\n<li data-start=\"5745\" data-end=\"5775\"><strong data-start=\"5745\" data-end=\"5771\">Marianne Vos (Holland)<\/strong> \u201e<\/li>\n<li data-start=\"5779\" data-end=\"5815\"><strong data-start=\"5779\" data-end=\"5807\">Silvia Persico (Itaalia)<\/strong> +0:02<\/li>\n<li data-start=\"5819\" data-end=\"5855\">Yara Kastelijn (Holland) +0:04<\/li>\n<li data-start=\"5859\" data-end=\"5899\">Shirin van Anrooij (Holland) +0:10<\/li>\n<li data-start=\"5903\" data-end=\"5937\">Julia Kopeck\u00fd (T\u0161ehhi) +0:19<\/li>\n<li data-start=\"5941\" data-end=\"5975\">Femke Markus (Holland) +0:43<\/li>\n<li data-start=\"5979\" data-end=\"6011\">Femke De Vries (Holland) \u201e<\/li>\n<li data-start=\"6015\" data-end=\"6051\">Larissa Hartog (Holland) +1:36<\/li>\n<li data-start=\"6056\" data-end=\"6088\">Romy Kasper (Saksamaa) +1:38<\/li>\n<\/ol>\n<p>&nbsp;<\/p>\n<h3 data-start=\"0\" data-end=\"39\">Eestlased maailmameistriv\u00f5istlustel*<\/h3>\n<p data-start=\"41\" data-end=\"190\">Parima eestlasena l\u00f5petas <strong data-start=\"67\" data-end=\"83\">Markus Pajur<\/strong>, kes sai eliitmeeste konkurentsis <strong data-start=\"118\" data-end=\"130\">35. koha<\/strong> ajaga <strong data-start=\"137\" data-end=\"148\">4:50:07<\/strong>.<br data-start=\"149\" data-end=\"152\" \/>Teistest eestlastest said tulemused:<\/p>\n<ul>\n<li data-start=\"193\" data-end=\"234\"><strong data-start=\"193\" data-end=\"210\">Gert Kivistik<\/strong> \u2013 130. koht (5:04:49)<\/li>\n<li data-start=\"237\" data-end=\"279\"><strong data-start=\"237\" data-end=\"255\">Taavi Kannim\u00e4e<\/strong> \u2013 188. koht (5:15:39)<\/li>\n<li data-start=\"282\" data-end=\"325\"><strong data-start=\"282\" data-end=\"301\">Kaspar Neemesto<\/strong> \u2013 195. koht (5:17:55)<\/li>\n<li data-start=\"328\" data-end=\"370\"><strong data-start=\"328\" data-end=\"346\">Tauri J\u00fcrisaar<\/strong> \u2013 206. koht (5:24:58)<\/li>\n<\/ul>\n<p data-start=\"372\" data-end=\"390\">Vanuseklassides:<\/p>\n<ul>\n<li data-start=\"393\" data-end=\"456\"><strong data-start=\"393\" data-end=\"411\">Silver Schultz<\/strong> l\u00f5petas M35\u201339 klassis 19. kohal (5:08:49)<\/li>\n<li data-start=\"459\" data-end=\"515\"><strong data-start=\"459\" data-end=\"477\">Markku Ainsalu<\/strong> sai M45\u201349 klassis 28. koha (5:19:37)<\/li>\n<\/ul>\n<p>*allikas EJL<\/p>\n","protected":false},"excerpt":{"rendered":"<p>Kolmas katse t\u00f5i \u00f5nne Florian Vermeerschile, kes v\u00f5itis p\u00fchap\u00e4eval meeste eliitklassi kruusamaailmameistritiitli p\u00e4rast kaht j\u00e4rjestikust teist kohta eelmistel aastatel. 26-aastane [&hellip;]<\/p>\n","protected":false},"author":174,"featured_media":3114,"comment_status":"open","ping_status":"open","sticky":false,"template":"","format":"standard","meta":{"footnotes":""},"categories":[12],"tags":[502,503,504,505,506],"global-categories":[22],"class_list":["post-3110","post","type-post","status-publish","format-standard","has-post-thumbnail","hentry","category-cx-gravel-mtb","tag-2025-uci-graveli-maailmameistrivoistlused","tag-florian-vermeersch","tag-julia-kopecky","tag-lorena-wiebes","tag-matej-mohoric","global-categories-cycling"],"yoast_head":"<!-- This site is optimized with the Yoast SEO Premium plugin v25.3 (Yoast SEO v25.9) - https:\/\/yoast.com\/wordpress\/plugins\/seo\/ -->\n<title>Vermeersch (v\u00f5imas) ja Wiebes (dramaatiline) v\u00f5itsid UCI kruusamaailmameistriv\u00f5istlused - \u0160koda We Love Cycling - Estonia<\/title>\n<meta name=\"description\" content=\"Kolmas katse t\u00f5i \u00f5nne Florian Vermeerschile, kes v\u00f5itis p\u00fchap\u00e4eval meeste eliitklassi kruusamaailmameistritiitli p\u00e4rast kaht j\u00e4rjestikust teist kohta eelmistel aastatel. 26-aastane UAE Team Emirates\u2013XRG rattur tagas v\u00f5idu, kui ta algatas umbes 120 km enne fini\u0161it neljamehelise \u00e4ramineku keerulisel 181 km pikkusel rajal Beekist Maastrichti, ning suutis seej\u00e4rel konkurente l\u00f5pujooneni \u00fcle elada.\" \/>\n<meta name=\"robots\" content=\"index, follow, max-snippet:-1, max-image-preview:large, max-video-preview:-1\" \/>\n<link rel=\"canonical\" href=\"https:\/\/www.welovecycling.com\/ee\/2025\/10\/13\/vermeersch-voimas-ja-wiebes-dramaatiline-voitsid-uci-kruusamaailmameistrivoistlused\/\" \/>\n<meta property=\"og:locale\" content=\"et_EE\" \/>\n<meta property=\"og:type\" content=\"article\" \/>\n<meta property=\"og:title\" content=\"Vermeersch (v\u00f5imas) ja Wiebes (dramaatiline) v\u00f5itsid UCI kruusamaailmameistriv\u00f5istlused\" \/>\n<meta property=\"og:description\" content=\"Kolmas katse t\u00f5i \u00f5nne Florian Vermeerschile, kes v\u00f5itis p\u00fchap\u00e4eval meeste eliitklassi kruusamaailmameistritiitli p\u00e4rast kaht j\u00e4rjestikust teist kohta eelmistel aastatel. 26-aastane UAE Team Emirates\u2013XRG rattur tagas v\u00f5idu, kui ta algatas umbes 120 km enne fini\u0161it neljamehelise \u00e4ramineku keerulisel 181 km pikkusel rajal Beekist Maastrichti, ning suutis seej\u00e4rel konkurente l\u00f5pujooneni \u00fcle elada.\" \/>\n<meta property=\"og:url\" content=\"https:\/\/www.welovecycling.com\/ee\/2025\/10\/13\/vermeersch-voimas-ja-wiebes-dramaatiline-voitsid-uci-kruusamaailmameistrivoistlused\/\" \/>\n<meta property=\"og:site_name\" content=\"\u0160koda We Love Cycling - Estonia\" \/>\n<meta property=\"article:published_time\" content=\"2025-10-13T11:46:59+00:00\" \/>\n<meta property=\"og:image\" content=\"https:\/\/d2p6e6u75xmxt8.cloudfront.net\/15\/2025\/10\/gravel1-Copy.webp\" \/>\n\t<meta property=\"og:image:width\" content=\"993\" \/>\n\t<meta property=\"og:image:height\" content=\"658\" \/>\n\t<meta property=\"og:image:type\" content=\"image\/webp\" \/>\n<meta name=\"author\" content=\"andre\" \/>\n<meta name=\"twitter:card\" content=\"summary_large_image\" \/>\n<meta name=\"twitter:label1\" content=\"Written by\" \/>\n\t<meta name=\"twitter:data1\" content=\"Siegfried Mortkowitz\" \/>\n\t<meta name=\"twitter:label2\" content=\"Est. reading time\" \/>\n\t<meta name=\"twitter:data2\" content=\"3\" \/>\n<script type=\"application\/ld+json\" class=\"yoast-schema-graph\">{\"@context\":\"https:\/\/schema.org\",\"@graph\":[{\"@type\":\"WebPage\",\"@id\":\"https:\/\/www.welovecycling.com\/ee\/2025\/10\/13\/vermeersch-voimas-ja-wiebes-dramaatiline-voitsid-uci-kruusamaailmameistrivoistlused\/\",\"url\":\"https:\/\/www.welovecycling.com\/ee\/2025\/10\/13\/vermeersch-voimas-ja-wiebes-dramaatiline-voitsid-uci-kruusamaailmameistrivoistlused\/\",\"name\":\"Vermeersch (v\u00f5imas) ja Wiebes (dramaatiline) v\u00f5itsid UCI kruusamaailmameistriv\u00f5istlused - \u0160koda We Love Cycling - Estonia\",\"isPartOf\":{\"@id\":\"https:\/\/www.welovecycling.com\/ee\/#website\"},\"primaryImageOfPage\":{\"@id\":\"https:\/\/www.welovecycling.com\/ee\/2025\/10\/13\/vermeersch-voimas-ja-wiebes-dramaatiline-voitsid-uci-kruusamaailmameistrivoistlused\/#primaryimage\"},\"image\":{\"@id\":\"https:\/\/www.welovecycling.com\/ee\/2025\/10\/13\/vermeersch-voimas-ja-wiebes-dramaatiline-voitsid-uci-kruusamaailmameistrivoistlused\/#primaryimage\"},\"thumbnailUrl\":\"https:\/\/d2p6e6u75xmxt8.cloudfront.net\/15\/2025\/10\/gravel1-Copy.webp\",\"datePublished\":\"2025-10-13T11:46:59+00:00\",\"author\":{\"@id\":\"https:\/\/www.welovecycling.com\/ee\/#\/schema\/person\/8b7101c4bd1b1ae9d3732ebb1e6caf57\"},\"description\":\"Kolmas katse t\u00f5i \u00f5nne Florian Vermeerschile, kes v\u00f5itis p\u00fchap\u00e4eval meeste eliitklassi kruusamaailmameistritiitli p\u00e4rast kaht j\u00e4rjestikust teist kohta eelmistel aastatel. 26-aastane UAE Team Emirates\u2013XRG rattur tagas v\u00f5idu, kui ta algatas umbes 120 km enne fini\u0161it neljamehelise \u00e4ramineku keerulisel 181 km pikkusel rajal Beekist Maastrichti, ning suutis seej\u00e4rel konkurente l\u00f5pujooneni \u00fcle elada.\",\"inLanguage\":\"et\",\"potentialAction\":[{\"@type\":\"ReadAction\",\"target\":[\"https:\/\/www.welovecycling.com\/ee\/2025\/10\/13\/vermeersch-voimas-ja-wiebes-dramaatiline-voitsid-uci-kruusamaailmameistrivoistlused\/\"]}]},{\"@type\":\"ImageObject\",\"inLanguage\":\"et\",\"@id\":\"https:\/\/www.welovecycling.com\/ee\/2025\/10\/13\/vermeersch-voimas-ja-wiebes-dramaatiline-voitsid-uci-kruusamaailmameistrivoistlused\/#primaryimage\",\"url\":\"https:\/\/d2p6e6u75xmxt8.cloudfront.net\/15\/2025\/10\/gravel1-Copy.webp\",\"contentUrl\":\"https:\/\/d2p6e6u75xmxt8.cloudfront.net\/15\/2025\/10\/gravel1-Copy.webp\",\"width\":993,\"height\":658},{\"@type\":\"WebSite\",\"@id\":\"https:\/\/www.welovecycling.com\/ee\/#website\",\"url\":\"https:\/\/www.welovecycling.com\/ee\/\",\"name\":\"\u0160koda We Love Cycling - Estonia\",\"description\":\"\",\"potentialAction\":[{\"@type\":\"SearchAction\",\"target\":{\"@type\":\"EntryPoint\",\"urlTemplate\":\"https:\/\/www.welovecycling.com\/ee\/?s={search_term_string}\"},\"query-input\":{\"@type\":\"PropertyValueSpecification\",\"valueRequired\":true,\"valueName\":\"search_term_string\"}}],\"inLanguage\":\"et\"},{\"@type\":\"Person\",\"@id\":\"https:\/\/www.welovecycling.com\/ee\/#\/schema\/person\/8b7101c4bd1b1ae9d3732ebb1e6caf57\",\"name\":\"andre\",\"image\":{\"@type\":\"ImageObject\",\"inLanguage\":\"et\",\"@id\":\"https:\/\/www.welovecycling.com\/ee\/#\/schema\/person\/image\/\",\"url\":\"https:\/\/secure.gravatar.com\/avatar\/0656b3224fe17b018f43b8a562625dd43d30827f027b2f62bc5a05711fec9a61?s=96&d=mm&r=g\",\"contentUrl\":\"https:\/\/secure.gravatar.com\/avatar\/0656b3224fe17b018f43b8a562625dd43d30827f027b2f62bc5a05711fec9a61?s=96&d=mm&r=g\",\"caption\":\"andre\"},\"url\":\"https:\/\/www.welovecycling.com\/ee\/author\/andre\/\"}]}<\/script>\n<!-- \/ Yoast SEO Premium plugin. -->","yoast_head_json":{"title":"Vermeersch (v\u00f5imas) ja Wiebes (dramaatiline) v\u00f5itsid UCI kruusamaailmameistriv\u00f5istlused - \u0160koda We Love Cycling - Estonia","description":"Kolmas katse t\u00f5i \u00f5nne Florian Vermeerschile, kes v\u00f5itis p\u00fchap\u00e4eval meeste eliitklassi kruusamaailmameistritiitli p\u00e4rast kaht j\u00e4rjestikust teist kohta eelmistel aastatel. 26-aastane UAE Team Emirates\u2013XRG rattur tagas v\u00f5idu, kui ta algatas umbes 120 km enne fini\u0161it neljamehelise \u00e4ramineku keerulisel 181 km pikkusel rajal Beekist Maastrichti, ning suutis seej\u00e4rel konkurente l\u00f5pujooneni \u00fcle elada.","robots":{"index":"index","follow":"follow","max-snippet":"max-snippet:-1","max-image-preview":"max-image-preview:large","max-video-preview":"max-video-preview:-1"},"canonical":"https:\/\/www.welovecycling.com\/ee\/2025\/10\/13\/vermeersch-voimas-ja-wiebes-dramaatiline-voitsid-uci-kruusamaailmameistrivoistlused\/","og_locale":"et_EE","og_type":"article","og_title":"Vermeersch (v\u00f5imas) ja Wiebes (dramaatiline) v\u00f5itsid UCI kruusamaailmameistriv\u00f5istlused","og_description":"Kolmas katse t\u00f5i \u00f5nne Florian Vermeerschile, kes v\u00f5itis p\u00fchap\u00e4eval meeste eliitklassi kruusamaailmameistritiitli p\u00e4rast kaht j\u00e4rjestikust teist kohta eelmistel aastatel. 26-aastane UAE Team Emirates\u2013XRG rattur tagas v\u00f5idu, kui ta algatas umbes 120 km enne fini\u0161it neljamehelise \u00e4ramineku keerulisel 181 km pikkusel rajal Beekist Maastrichti, ning suutis seej\u00e4rel konkurente l\u00f5pujooneni \u00fcle elada.","og_url":"https:\/\/www.welovecycling.com\/ee\/2025\/10\/13\/vermeersch-voimas-ja-wiebes-dramaatiline-voitsid-uci-kruusamaailmameistrivoistlused\/","og_site_name":"\u0160koda We Love Cycling - Estonia","article_published_time":"2025-10-13T11:46:59+00:00","og_image":[{"width":993,"height":658,"url":"https:\/\/d2p6e6u75xmxt8.cloudfront.net\/15\/2025\/10\/gravel1-Copy.webp","type":"image\/webp"}],"author":"andre","twitter_card":"summary_large_image","twitter_misc":{"Written by":"Siegfried Mortkowitz","Est. reading time":"3"},"schema":{"@context":"https:\/\/schema.org","@graph":[{"@type":"WebPage","@id":"https:\/\/www.welovecycling.com\/ee\/2025\/10\/13\/vermeersch-voimas-ja-wiebes-dramaatiline-voitsid-uci-kruusamaailmameistrivoistlused\/","url":"https:\/\/www.welovecycling.com\/ee\/2025\/10\/13\/vermeersch-voimas-ja-wiebes-dramaatiline-voitsid-uci-kruusamaailmameistrivoistlused\/","name":"Vermeersch (v\u00f5imas) ja Wiebes (dramaatiline) v\u00f5itsid UCI kruusamaailmameistriv\u00f5istlused - \u0160koda We Love Cycling - Estonia","isPartOf":{"@id":"https:\/\/www.welovecycling.com\/ee\/#website"},"primaryImageOfPage":{"@id":"https:\/\/www.welovecycling.com\/ee\/2025\/10\/13\/vermeersch-voimas-ja-wiebes-dramaatiline-voitsid-uci-kruusamaailmameistrivoistlused\/#primaryimage"},"image":{"@id":"https:\/\/www.welovecycling.com\/ee\/2025\/10\/13\/vermeersch-voimas-ja-wiebes-dramaatiline-voitsid-uci-kruusamaailmameistrivoistlused\/#primaryimage"},"thumbnailUrl":"https:\/\/d2p6e6u75xmxt8.cloudfront.net\/15\/2025\/10\/gravel1-Copy.webp","datePublished":"2025-10-13T11:46:59+00:00","author":{"@id":"https:\/\/www.welovecycling.com\/ee\/#\/schema\/person\/8b7101c4bd1b1ae9d3732ebb1e6caf57"},"description":"Kolmas katse t\u00f5i \u00f5nne Florian Vermeerschile, kes v\u00f5itis p\u00fchap\u00e4eval meeste eliitklassi kruusamaailmameistritiitli p\u00e4rast kaht j\u00e4rjestikust teist kohta eelmistel aastatel. 26-aastane UAE Team Emirates\u2013XRG rattur tagas v\u00f5idu, kui ta algatas umbes 120 km enne fini\u0161it neljamehelise \u00e4ramineku keerulisel 181 km pikkusel rajal Beekist Maastrichti, ning suutis seej\u00e4rel konkurente l\u00f5pujooneni \u00fcle elada.","inLanguage":"et","potentialAction":[{"@type":"ReadAction","target":["https:\/\/www.welovecycling.com\/ee\/2025\/10\/13\/vermeersch-voimas-ja-wiebes-dramaatiline-voitsid-uci-kruusamaailmameistrivoistlused\/"]}]},{"@type":"ImageObject","inLanguage":"et","@id":"https:\/\/www.welovecycling.com\/ee\/2025\/10\/13\/vermeersch-voimas-ja-wiebes-dramaatiline-voitsid-uci-kruusamaailmameistrivoistlused\/#primaryimage","url":"https:\/\/d2p6e6u75xmxt8.cloudfront.net\/15\/2025\/10\/gravel1-Copy.webp","contentUrl":"https:\/\/d2p6e6u75xmxt8.cloudfront.net\/15\/2025\/10\/gravel1-Copy.webp","width":993,"height":658},{"@type":"WebSite","@id":"https:\/\/www.welovecycling.com\/ee\/#website","url":"https:\/\/www.welovecycling.com\/ee\/","name":"\u0160koda We Love Cycling - Estonia","description":"","potentialAction":[{"@type":"SearchAction","target":{"@type":"EntryPoint","urlTemplate":"https:\/\/www.welovecycling.com\/ee\/?s={search_term_string}"},"query-input":{"@type":"PropertyValueSpecification","valueRequired":true,"valueName":"search_term_string"}}],"inLanguage":"et"},{"@type":"Person","@id":"https:\/\/www.welovecycling.com\/ee\/#\/schema\/person\/8b7101c4bd1b1ae9d3732ebb1e6caf57","name":"andre","image":{"@type":"ImageObject","inLanguage":"et","@id":"https:\/\/www.welovecycling.com\/ee\/#\/schema\/person\/image\/","url":"https:\/\/secure.gravatar.com\/avatar\/0656b3224fe17b018f43b8a562625dd43d30827f027b2f62bc5a05711fec9a61?s=96&d=mm&r=g","contentUrl":"https:\/\/secure.gravatar.com\/avatar\/0656b3224fe17b018f43b8a562625dd43d30827f027b2f62bc5a05711fec9a61?s=96&d=mm&r=g","caption":"andre"},"url":"https:\/\/www.welovecycling.com\/ee\/author\/andre\/"}]}},"_links":{"self":[{"href":"https:\/\/www.welovecycling.com\/ee\/wp-json\/wp\/v2\/posts\/3110","targetHints":{"allow":["GET"]}}],"collection":[{"href":"https:\/\/www.welovecycling.com\/ee\/wp-json\/wp\/v2\/posts"}],"about":[{"href":"https:\/\/www.welovecycling.com\/ee\/wp-json\/wp\/v2\/types\/post"}],"author":[{"embeddable":true,"href":"https:\/\/www.welovecycling.com\/ee\/wp-json\/wp\/v2\/users\/174"}],"replies":[{"embeddable":true,"href":"https:\/\/www.welovecycling.com\/ee\/wp-json\/wp\/v2\/comments?post=3110"}],"version-history":[{"count":4,"href":"https:\/\/www.welovecycling.com\/ee\/wp-json\/wp\/v2\/posts\/3110\/revisions"}],"predecessor-version":[{"id":3116,"href":"https:\/\/www.welovecycling.com\/ee\/wp-json\/wp\/v2\/posts\/3110\/revisions\/3116"}],"wp:featuredmedia":[{"embeddable":true,"href":"https:\/\/www.welovecycling.com\/ee\/wp-json\/wp\/v2\/media\/3114"}],"wp:attachment":[{"href":"https:\/\/www.welovecycling.com\/ee\/wp-json\/wp\/v2\/media?parent=3110"}],"wp:term":[{"taxonomy":"category","embeddable":true,"href":"https:\/\/www.welovecycling.com\/ee\/wp-json\/wp\/v2\/categories?post=3110"},{"taxonomy":"post_tag","embeddable":true,"href":"https:\/\/www.welovecycling.com\/ee\/wp-json\/wp\/v2\/tags?post=3110"},{"taxonomy":"global-categories","embeddable":true,"href":"https:\/\/www.welovecycling.com\/ee\/wp-json\/wp\/v2\/global-categories?post=3110"}],"curies":[{"name":"wp","href":"https:\/\/api.w.org\/{rel}","templated":true}]}}