{"id":3102,"date":"2025-10-10T09:59:47","date_gmt":"2025-10-10T06:59:47","guid":{"rendered":"https:\/\/www.welovecycling.com\/ee\/?p=3102"},"modified":"2025-10-10T10:03:33","modified_gmt":"2025-10-10T07:03:33","slug":"esimene-vihmasoit-psuhholoogiline-vaade","status":"publish","type":"post","link":"https:\/\/www.welovecycling.com\/ee\/2025\/10\/10\/esimene-vihmasoit-psuhholoogiline-vaade\/","title":{"rendered":"Esimene t\u00f5elise vihmas\u00f5idu ps\u00fchholoogia"},"content":{"rendered":"<h2 data-start=\"122\" data-end=\"308\">See k\u00f5ik saab alguse \u00fchest pilvest. Sa vaatad ilmateadet. Sa vaatad telefoni. Sa vaatad taevast. 40% t\u00f5en\u00e4osus vihmaks. See pole ju p\u00e4riselt vihm \u2014 see on lihtsalt\u2026 v\u00f5imalus. T\u00f5en\u00e4osus. Schr\u00f6dingeri ilm.<\/h2>\n<p data-start=\"122\" data-end=\"308\"><!--more--><\/p>\n<p data-start=\"310\" data-end=\"625\">Sa \u00fctleme endale, et ei saja.<br data-start=\"339\" data-end=\"342\" \/>Sa oled jalgrattur. Sa oled julge. Sa oled n\u00e4inud hullemat. Sa pakid kaasa vesti ja hea meeleolu.<br data-start=\"439\" data-end=\"442\" \/>Niimoodi algab su esimene t\u00f5eline s\u00fcgisene vihmas\u00f5it \u2014 emotsionaalne, niiske, \u00e4ra h\u00f5\u00f5rutud kogemus, mis v\u00f5ib kahtluse alla panna k\u00f5ik su elus tehtud valikuid.<\/p>\n<h2 data-start=\"627\" data-end=\"673\"><strong>Etapp 1: \u201cArvatavasti on see lihtsalt udu\u201d<\/strong><\/h2>\n<p data-start=\"675\" data-end=\"929\">Sa alustad kuivana. Enesekindlalt. Teed on veidi niisked, aga sa \u00fctled endale, et need on lihstalt kaste-m\u00e4rjad.<br data-start=\"787\" data-end=\"790\" \/>Sa tunned oma n\u00e4ol esimest vihmatilka. Siis teist.<br data-start=\"829\" data-end=\"832\" \/>Sa vaatad taevast nagu see reedaks sind isiklikult.<br data-start=\"882\" data-end=\"885\" \/>Pole midagi hullu. Lihtne udukas. Sa \u00fctled asju nagu:<\/p>\n<ul>\n<li data-start=\"933\" data-end=\"961\">\u201cSee on lihtsalt m\u00f5ned piisad.\u201d<\/li>\n<li data-start=\"964\" data-end=\"987\">\u201cArvan, et see l\u00e4heb kohe \u00fcle.\u201d<\/li>\n<li data-start=\"990\" data-end=\"1036\">\u201cMinu rehvid haakuvad m\u00e4rjana isegi paremini.\u201d<\/li>\n<\/ul>\n<p data-start=\"1038\" data-end=\"1142\">Ja seda k\u00f5ike samal ajal, kui sa juba teeskled, et su jalad ei ole juba l\u00e4bim\u00e4rjad ja prillidest n\u00e4ed suurep\u00e4raselt l\u00e4bi.<\/p>\n<figure id=\"attachment_3104\" aria-describedby=\"caption-attachment-3104\" style=\"width: 989px\" class=\"wp-caption aligncenter\"><a href=\"https:\/\/d2p6e6u75xmxt8.cloudfront.net\/15\/2025\/10\/vihm2.webp\"><img loading=\"lazy\" decoding=\"async\" class=\"wp-image-3104 size-full\" src=\"https:\/\/d2p6e6u75xmxt8.cloudfront.net\/15\/2025\/10\/vihm2.webp\" alt=\"\" width=\"989\" height=\"656\" srcset=\"https:\/\/d2p6e6u75xmxt8.cloudfront.net\/15\/2025\/10\/vihm2.webp 989w, https:\/\/d2p6e6u75xmxt8.cloudfront.net\/15\/2025\/10\/vihm2-300x199.webp 300w, https:\/\/d2p6e6u75xmxt8.cloudfront.net\/15\/2025\/10\/vihm2-768x509.webp 768w, https:\/\/d2p6e6u75xmxt8.cloudfront.net\/15\/2025\/10\/vihm2-400x265.webp 400w\" sizes=\"auto, (max-width: 989px) 100vw, 989px\" \/><\/a><figcaption id=\"caption-attachment-3104\" class=\"wp-caption-text\">Nii algabki su esimene t\u00f5eline s\u00fcgisene vihmas\u00f5it \u2014 s\u00fcgavalt emotsionaalne ja f\u00fc\u00fcsiliselt niiske kogemus, mis muudab su inimloomust. \u00a9 Profimedia<\/figcaption><\/figure>\n<h2 data-start=\"1144\" data-end=\"1175\"><strong>Etapp 2: \u201cMaa on juba m\u00e4rg\u201d<\/strong><\/h2>\n<p data-start=\"1177\" data-end=\"1289\">N\u00fc\u00fcd sajab. Korralikult. Pidevalt. Sa oled olnud l\u00e4bim\u00e4rg juba 20 minutit.<br data-start=\"1242\" data-end=\"1245\" \/>Sa hakkad l\u00e4bir\u00e4\u00e4kimisi pidama universumiga:<\/p>\n<ul>\n<li data-start=\"1293\" data-end=\"1377\">Kui j\u00f5uan kohvikusse ilma kukkumata, siis vahetan l\u00f5puks tagumised piduriklotsid \u00e4ra.<\/li>\n<li data-start=\"1380\" data-end=\"1436\">Kui kett t\u00e4na pooleks ei l\u00e4he, siis puhastan oma ketti \u00e4ra, v\u00f5ibolla isegi vahatan&#8230;<\/li>\n<li data-start=\"1439\" data-end=\"1524\">Kui selle leaskumise l\u00f5pus ikka elus olen, siis lakkan Instagramis toas Zwifitjaid p\u00f5lastamast.<\/li>\n<\/ul>\n<p data-start=\"1526\" data-end=\"1657\">Sa m\u00f5tled \u00fcmber p\u00f6\u00f6ramise peale. Kuid sa oled selleks juba liiga kaugel.<br data-start=\"1581\" data-end=\"1584\" \/>Sa ei ole loobuja. Sa oled lihtsalt\u2026 l\u00e4bim\u00e4rg ja su ratas teeb uusi huvitavaid h\u00e4\u00e4li.<\/p>\n<p data-start=\"1526\" data-end=\"1657\">Niisiis sa lihtsalt s\u00f5idad edasi \u2014 langekalselt ja lootusega, et kusagil ees ootab kuiv l\u00f5ik\u2026 mida tegelikult ei tule kunagi.<\/p>\n<h2 data-start=\"1659\" data-end=\"1703\"><strong>Etapp 3: \u201cMu rattap\u00fcksid meenutavad pesuk\u00e4sna\u201d<\/strong><\/h2>\n<p data-start=\"1705\" data-end=\"2162\">K\u00f5ik on l\u00e4bim\u00e4rg.<br data-start=\"1718\" data-end=\"1721\" \/>Sinu kindad. Sinu jalan\u00f5ud. Sinu hing.<br data-start=\"1759\" data-end=\"1762\" \/>Rattap\u00fcksid meenutavad raba v\u00f5i sood.<br data-start=\"1839\" data-end=\"1842\" \/>Sa vahetad k\u00e4ike ja kuuled liiva ja mustust, mis koos ketiga l\u00f5putuid ringe \u00fcmber hammasrataste teeb.<br data-start=\"1896\" data-end=\"1899\" \/>Sa \u00fcritad juua joogipudelist, aga see on t\u00e4is lahjendatud kahetsust.<br data-start=\"1967\" data-end=\"1970\" \/>Sa hakkad peas jutustama oma lugu oma enda surmast.<br data-start=\"2010\" data-end=\"2013\" \/>Sa m\u00f5tled, mida su mitterattas\u00f5itvad s\u00f5brad teevad. (Vastus: sooje, kuivi asju.)<br data-start=\"2093\" data-end=\"2096\" \/>Sa kaalud elu ilma rattas\u00f5iduta. (Vastus: kurb, aga v\u00e4hem niiske.)<\/p>\n<h2 data-start=\"2164\" data-end=\"2218\"><strong>Etapp 4: \u201cArvan, et ma armastan seda \u2014 aka hullus\u201d<\/strong><\/h2>\n<p data-start=\"2220\" data-end=\"2619\">Midagi su peas muutub.<br data-start=\"2234\" data-end=\"2237\" \/>V\u00f5ibolla on see adrenaliin. V\u00f5ibolla on see deliirium. V\u00f5ibolla on su aju ratsionaalsest m\u00f5tlemisest lihtsalt loobunud.<br data-start=\"2341\" data-end=\"2344\" \/>J\u00e4rsku \u2014 sa tunned end elusana.<br data-start=\"2377\" data-end=\"2380\" \/>Sa oled l\u00e4bim\u00e4rg, k\u00fclm, kaetud mustusega ja n\u00e4ed v\u00e4lja nagu maniakk.<br data-start=\"2452\" data-end=\"2455\" \/>Sa kallutad kurve nagu oleksid Belgia klassikul.<br data-start=\"2503\" data-end=\"2506\" \/>Sa tuiskad l\u00e4bi porilompide ja teed seda meelega.<br data-start=\"2542\" data-end=\"2545\" \/>Sa hakkad iseenda ette \u00fctlema asju nagu \u201cSEE ON T\u00d5ELINE JALGRATTAS\u00d5IT!\u201d.<\/p>\n<p data-start=\"2621\" data-end=\"2703\">Sa oled hirmutav. Sa oled kangelane. Sa oled ebastabiilne.<br data-start=\"2678\" data-end=\"2681\" \/>Ja see tundub imeline.<\/p>\n<h2 data-start=\"2705\" data-end=\"2746\"><strong>Etapp 5: \u201cMa ei tee seda kunagi enam\u201d<\/strong><\/h2>\n<p data-start=\"2748\" data-end=\"3336\">S\u00f5it l\u00f5peb.<br data-start=\"2759\" data-end=\"2762\" \/>Sa j\u00f5uad koju ja j\u00e4tad ratta \u00f5ue nagu see oleks nakkusohtlik.<br data-start=\"2817\" data-end=\"2820\" \/>Sa koorid kiht haaval oma riideid tundetute k\u00e4tega maha.<br data-start=\"2920\" data-end=\"2923\" \/>Sinu vannituba l\u00f5hnab nagu rabamets. Sinu p\u00f5rand on libisemisohtlik. Sinu sokkide emotsionaalset tervist ei taastu enam kunagi.<br data-start=\"3044\" data-end=\"3047\" \/>Sa valmistad sooja joogi ja m\u00e4hid end soojadesse kuivadesse riideesetesse.<br data-start=\"3127\" data-end=\"3130\" \/>Sa vaatad oma n\u00e4gu peeglist ja m\u00f5tled: ei kunagi enam.<br data-start=\"3186\" data-end=\"3189\" \/>Siis laadid s\u00f5idu <strong data-start=\"3207\" data-end=\"3220\">Stravasse<\/strong> pealkirjaga nagu: \u201cIseloomu kujundav s\u00f5it \ud83d\udca6\ud83d\udcaa\u201d.<\/p>\n<p data-start=\"2748\" data-end=\"3336\">Ja oma sisimas sa juba tead&#8230;<br data-start=\"3295\" data-end=\"3298\" \/>Sa teed seda uuesti juba j\u00e4rgmisel n\u00e4dalal.<\/p>\n","protected":false},"excerpt":{"rendered":"<p>See k\u00f5ik saab alguse \u00fchest pilvest. Sa vaatad ilmateadet. Sa vaatad telefoni. Sa vaatad taevast. 40% t\u00f5en\u00e4osus vihmaks. See pole [&hellip;]<\/p>\n","protected":false},"author":174,"featured_media":3103,"comment_status":"open","ping_status":"open","sticky":false,"template":"","format":"standard","meta":{"footnotes":""},"categories":[39],"tags":[501,489],"global-categories":[22],"class_list":["post-3102","post","type-post","status-publish","format-standard","has-post-thumbnail","hentry","category-maanteesoit","tag-rattasoit-vihmaga","tag-sugisene-rattasoit","global-categories-cycling"],"yoast_head":"<!-- This site is optimized with the Yoast SEO Premium plugin v25.3 (Yoast SEO v25.9) - https:\/\/yoast.com\/wordpress\/plugins\/seo\/ -->\n<title>Esimene t\u00f5elise vihmas\u00f5idu ps\u00fchholoogia - \u0160koda We Love Cycling - Estonia<\/title>\n<meta name=\"description\" content=\"See k\u00f5ik saab alguse \u00fchest pilvest. Sa vaatad ilmateadet. Sa vaatad telefoni. Sa vaatad taevast. 40% t\u00f5en\u00e4osus vihmaks. See pole ju p\u00e4riselt vihm \u2014 see on lihtsalt\u2026 v\u00f5imalus. T\u00f5en\u00e4osus. Schr\u00f6dingeri ilm.\" \/>\n<meta name=\"robots\" content=\"index, follow, max-snippet:-1, max-image-preview:large, max-video-preview:-1\" \/>\n<link rel=\"canonical\" href=\"https:\/\/www.welovecycling.com\/ee\/2025\/10\/10\/esimene-vihmasoit-psuhholoogiline-vaade\/\" \/>\n<meta property=\"og:locale\" content=\"et_EE\" \/>\n<meta property=\"og:type\" content=\"article\" \/>\n<meta property=\"og:title\" content=\"Esimene t\u00f5elise vihmas\u00f5idu ps\u00fchholoogia\" \/>\n<meta property=\"og:description\" content=\"See k\u00f5ik saab alguse \u00fchest pilvest. Sa vaatad ilmateadet. Sa vaatad telefoni. Sa vaatad taevast. 40% t\u00f5en\u00e4osus vihmaks. See pole ju p\u00e4riselt vihm \u2014 see on lihtsalt\u2026 v\u00f5imalus. T\u00f5en\u00e4osus. Schr\u00f6dingeri ilm.\" \/>\n<meta property=\"og:url\" content=\"https:\/\/www.welovecycling.com\/ee\/2025\/10\/10\/esimene-vihmasoit-psuhholoogiline-vaade\/\" \/>\n<meta property=\"og:site_name\" content=\"\u0160koda We Love Cycling - Estonia\" \/>\n<meta property=\"article:published_time\" content=\"2025-10-10T06:59:47+00:00\" \/>\n<meta property=\"article:modified_time\" content=\"2025-10-10T07:03:33+00:00\" \/>\n<meta property=\"og:image\" content=\"https:\/\/d2p6e6u75xmxt8.cloudfront.net\/15\/2025\/10\/vihm.webp\" \/>\n\t<meta property=\"og:image:width\" content=\"887\" \/>\n\t<meta property=\"og:image:height\" content=\"590\" \/>\n\t<meta property=\"og:image:type\" content=\"image\/webp\" \/>\n<meta name=\"author\" content=\"andre\" \/>\n<meta name=\"twitter:card\" content=\"summary_large_image\" \/>\n<meta name=\"twitter:label1\" content=\"Written by\" \/>\n\t<meta name=\"twitter:data1\" content=\"Monica Buck\" \/>\n\t<meta name=\"twitter:label2\" content=\"Est. reading time\" \/>\n\t<meta name=\"twitter:data2\" content=\"3\" \/>\n<script type=\"application\/ld+json\" class=\"yoast-schema-graph\">{\"@context\":\"https:\/\/schema.org\",\"@graph\":[{\"@type\":\"WebPage\",\"@id\":\"https:\/\/www.welovecycling.com\/ee\/2025\/10\/10\/esimene-vihmasoit-psuhholoogiline-vaade\/\",\"url\":\"https:\/\/www.welovecycling.com\/ee\/2025\/10\/10\/esimene-vihmasoit-psuhholoogiline-vaade\/\",\"name\":\"Esimene t\u00f5elise vihmas\u00f5idu ps\u00fchholoogia - \u0160koda We Love Cycling - Estonia\",\"isPartOf\":{\"@id\":\"https:\/\/www.welovecycling.com\/ee\/#website\"},\"primaryImageOfPage\":{\"@id\":\"https:\/\/www.welovecycling.com\/ee\/2025\/10\/10\/esimene-vihmasoit-psuhholoogiline-vaade\/#primaryimage\"},\"image\":{\"@id\":\"https:\/\/www.welovecycling.com\/ee\/2025\/10\/10\/esimene-vihmasoit-psuhholoogiline-vaade\/#primaryimage\"},\"thumbnailUrl\":\"https:\/\/d2p6e6u75xmxt8.cloudfront.net\/15\/2025\/10\/vihm.webp\",\"datePublished\":\"2025-10-10T06:59:47+00:00\",\"dateModified\":\"2025-10-10T07:03:33+00:00\",\"author\":{\"@id\":\"https:\/\/www.welovecycling.com\/ee\/#\/schema\/person\/8b7101c4bd1b1ae9d3732ebb1e6caf57\"},\"description\":\"See k\u00f5ik saab alguse \u00fchest pilvest. Sa vaatad ilmateadet. Sa vaatad telefoni. Sa vaatad taevast. 40% t\u00f5en\u00e4osus vihmaks. See pole ju p\u00e4riselt vihm \u2014 see on lihtsalt\u2026 v\u00f5imalus. T\u00f5en\u00e4osus. Schr\u00f6dingeri ilm.\",\"inLanguage\":\"et\",\"potentialAction\":[{\"@type\":\"ReadAction\",\"target\":[\"https:\/\/www.welovecycling.com\/ee\/2025\/10\/10\/esimene-vihmasoit-psuhholoogiline-vaade\/\"]}]},{\"@type\":\"ImageObject\",\"inLanguage\":\"et\",\"@id\":\"https:\/\/www.welovecycling.com\/ee\/2025\/10\/10\/esimene-vihmasoit-psuhholoogiline-vaade\/#primaryimage\",\"url\":\"https:\/\/d2p6e6u75xmxt8.cloudfront.net\/15\/2025\/10\/vihm.webp\",\"contentUrl\":\"https:\/\/d2p6e6u75xmxt8.cloudfront.net\/15\/2025\/10\/vihm.webp\",\"width\":887,\"height\":590},{\"@type\":\"WebSite\",\"@id\":\"https:\/\/www.welovecycling.com\/ee\/#website\",\"url\":\"https:\/\/www.welovecycling.com\/ee\/\",\"name\":\"\u0160koda We Love Cycling - Estonia\",\"description\":\"\",\"potentialAction\":[{\"@type\":\"SearchAction\",\"target\":{\"@type\":\"EntryPoint\",\"urlTemplate\":\"https:\/\/www.welovecycling.com\/ee\/?s={search_term_string}\"},\"query-input\":{\"@type\":\"PropertyValueSpecification\",\"valueRequired\":true,\"valueName\":\"search_term_string\"}}],\"inLanguage\":\"et\"},{\"@type\":\"Person\",\"@id\":\"https:\/\/www.welovecycling.com\/ee\/#\/schema\/person\/8b7101c4bd1b1ae9d3732ebb1e6caf57\",\"name\":\"andre\",\"image\":{\"@type\":\"ImageObject\",\"inLanguage\":\"et\",\"@id\":\"https:\/\/www.welovecycling.com\/ee\/#\/schema\/person\/image\/\",\"url\":\"https:\/\/secure.gravatar.com\/avatar\/0656b3224fe17b018f43b8a562625dd43d30827f027b2f62bc5a05711fec9a61?s=96&d=mm&r=g\",\"contentUrl\":\"https:\/\/secure.gravatar.com\/avatar\/0656b3224fe17b018f43b8a562625dd43d30827f027b2f62bc5a05711fec9a61?s=96&d=mm&r=g\",\"caption\":\"andre\"},\"url\":\"https:\/\/www.welovecycling.com\/ee\/author\/andre\/\"}]}<\/script>\n<!-- \/ Yoast SEO Premium plugin. -->","yoast_head_json":{"title":"Esimene t\u00f5elise vihmas\u00f5idu ps\u00fchholoogia - \u0160koda We Love Cycling - Estonia","description":"See k\u00f5ik saab alguse \u00fchest pilvest. Sa vaatad ilmateadet. Sa vaatad telefoni. Sa vaatad taevast. 40% t\u00f5en\u00e4osus vihmaks. See pole ju p\u00e4riselt vihm \u2014 see on lihtsalt\u2026 v\u00f5imalus. T\u00f5en\u00e4osus. Schr\u00f6dingeri ilm.","robots":{"index":"index","follow":"follow","max-snippet":"max-snippet:-1","max-image-preview":"max-image-preview:large","max-video-preview":"max-video-preview:-1"},"canonical":"https:\/\/www.welovecycling.com\/ee\/2025\/10\/10\/esimene-vihmasoit-psuhholoogiline-vaade\/","og_locale":"et_EE","og_type":"article","og_title":"Esimene t\u00f5elise vihmas\u00f5idu ps\u00fchholoogia","og_description":"See k\u00f5ik saab alguse \u00fchest pilvest. Sa vaatad ilmateadet. Sa vaatad telefoni. Sa vaatad taevast. 40% t\u00f5en\u00e4osus vihmaks. See pole ju p\u00e4riselt vihm \u2014 see on lihtsalt\u2026 v\u00f5imalus. T\u00f5en\u00e4osus. Schr\u00f6dingeri ilm.","og_url":"https:\/\/www.welovecycling.com\/ee\/2025\/10\/10\/esimene-vihmasoit-psuhholoogiline-vaade\/","og_site_name":"\u0160koda We Love Cycling - Estonia","article_published_time":"2025-10-10T06:59:47+00:00","article_modified_time":"2025-10-10T07:03:33+00:00","og_image":[{"width":887,"height":590,"url":"https:\/\/d2p6e6u75xmxt8.cloudfront.net\/15\/2025\/10\/vihm.webp","type":"image\/webp"}],"author":"andre","twitter_card":"summary_large_image","twitter_misc":{"Written by":"Monica Buck","Est. reading time":"3"},"schema":{"@context":"https:\/\/schema.org","@graph":[{"@type":"WebPage","@id":"https:\/\/www.welovecycling.com\/ee\/2025\/10\/10\/esimene-vihmasoit-psuhholoogiline-vaade\/","url":"https:\/\/www.welovecycling.com\/ee\/2025\/10\/10\/esimene-vihmasoit-psuhholoogiline-vaade\/","name":"Esimene t\u00f5elise vihmas\u00f5idu ps\u00fchholoogia - \u0160koda We Love Cycling - Estonia","isPartOf":{"@id":"https:\/\/www.welovecycling.com\/ee\/#website"},"primaryImageOfPage":{"@id":"https:\/\/www.welovecycling.com\/ee\/2025\/10\/10\/esimene-vihmasoit-psuhholoogiline-vaade\/#primaryimage"},"image":{"@id":"https:\/\/www.welovecycling.com\/ee\/2025\/10\/10\/esimene-vihmasoit-psuhholoogiline-vaade\/#primaryimage"},"thumbnailUrl":"https:\/\/d2p6e6u75xmxt8.cloudfront.net\/15\/2025\/10\/vihm.webp","datePublished":"2025-10-10T06:59:47+00:00","dateModified":"2025-10-10T07:03:33+00:00","author":{"@id":"https:\/\/www.welovecycling.com\/ee\/#\/schema\/person\/8b7101c4bd1b1ae9d3732ebb1e6caf57"},"description":"See k\u00f5ik saab alguse \u00fchest pilvest. Sa vaatad ilmateadet. Sa vaatad telefoni. Sa vaatad taevast. 40% t\u00f5en\u00e4osus vihmaks. See pole ju p\u00e4riselt vihm \u2014 see on lihtsalt\u2026 v\u00f5imalus. T\u00f5en\u00e4osus. Schr\u00f6dingeri ilm.","inLanguage":"et","potentialAction":[{"@type":"ReadAction","target":["https:\/\/www.welovecycling.com\/ee\/2025\/10\/10\/esimene-vihmasoit-psuhholoogiline-vaade\/"]}]},{"@type":"ImageObject","inLanguage":"et","@id":"https:\/\/www.welovecycling.com\/ee\/2025\/10\/10\/esimene-vihmasoit-psuhholoogiline-vaade\/#primaryimage","url":"https:\/\/d2p6e6u75xmxt8.cloudfront.net\/15\/2025\/10\/vihm.webp","contentUrl":"https:\/\/d2p6e6u75xmxt8.cloudfront.net\/15\/2025\/10\/vihm.webp","width":887,"height":590},{"@type":"WebSite","@id":"https:\/\/www.welovecycling.com\/ee\/#website","url":"https:\/\/www.welovecycling.com\/ee\/","name":"\u0160koda We Love Cycling - Estonia","description":"","potentialAction":[{"@type":"SearchAction","target":{"@type":"EntryPoint","urlTemplate":"https:\/\/www.welovecycling.com\/ee\/?s={search_term_string}"},"query-input":{"@type":"PropertyValueSpecification","valueRequired":true,"valueName":"search_term_string"}}],"inLanguage":"et"},{"@type":"Person","@id":"https:\/\/www.welovecycling.com\/ee\/#\/schema\/person\/8b7101c4bd1b1ae9d3732ebb1e6caf57","name":"andre","image":{"@type":"ImageObject","inLanguage":"et","@id":"https:\/\/www.welovecycling.com\/ee\/#\/schema\/person\/image\/","url":"https:\/\/secure.gravatar.com\/avatar\/0656b3224fe17b018f43b8a562625dd43d30827f027b2f62bc5a05711fec9a61?s=96&d=mm&r=g","contentUrl":"https:\/\/secure.gravatar.com\/avatar\/0656b3224fe17b018f43b8a562625dd43d30827f027b2f62bc5a05711fec9a61?s=96&d=mm&r=g","caption":"andre"},"url":"https:\/\/www.welovecycling.com\/ee\/author\/andre\/"}]}},"_links":{"self":[{"href":"https:\/\/www.welovecycling.com\/ee\/wp-json\/wp\/v2\/posts\/3102","targetHints":{"allow":["GET"]}}],"collection":[{"href":"https:\/\/www.welovecycling.com\/ee\/wp-json\/wp\/v2\/posts"}],"about":[{"href":"https:\/\/www.welovecycling.com\/ee\/wp-json\/wp\/v2\/types\/post"}],"author":[{"embeddable":true,"href":"https:\/\/www.welovecycling.com\/ee\/wp-json\/wp\/v2\/users\/174"}],"replies":[{"embeddable":true,"href":"https:\/\/www.welovecycling.com\/ee\/wp-json\/wp\/v2\/comments?post=3102"}],"version-history":[{"count":3,"href":"https:\/\/www.welovecycling.com\/ee\/wp-json\/wp\/v2\/posts\/3102\/revisions"}],"predecessor-version":[{"id":3107,"href":"https:\/\/www.welovecycling.com\/ee\/wp-json\/wp\/v2\/posts\/3102\/revisions\/3107"}],"wp:featuredmedia":[{"embeddable":true,"href":"https:\/\/www.welovecycling.com\/ee\/wp-json\/wp\/v2\/media\/3103"}],"wp:attachment":[{"href":"https:\/\/www.welovecycling.com\/ee\/wp-json\/wp\/v2\/media?parent=3102"}],"wp:term":[{"taxonomy":"category","embeddable":true,"href":"https:\/\/www.welovecycling.com\/ee\/wp-json\/wp\/v2\/categories?post=3102"},{"taxonomy":"post_tag","embeddable":true,"href":"https:\/\/www.welovecycling.com\/ee\/wp-json\/wp\/v2\/tags?post=3102"},{"taxonomy":"global-categories","embeddable":true,"href":"https:\/\/www.welovecycling.com\/ee\/wp-json\/wp\/v2\/global-categories?post=3102"}],"curies":[{"name":"wp","href":"https:\/\/api.w.org\/{rel}","templated":true}]}}