{"id":3087,"date":"2025-10-07T10:24:31","date_gmt":"2025-10-07T07:24:31","guid":{"rendered":"https:\/\/www.welovecycling.com\/ee\/?p=3087"},"modified":"2025-10-07T10:24:31","modified_gmt":"2025-10-07T07:24:31","slug":"pogacar-ja-vollering-voitsid-euroopa-meistritiitlid-soolorunnakutega","status":"publish","type":"post","link":"https:\/\/www.welovecycling.com\/ee\/2025\/10\/07\/pogacar-ja-vollering-voitsid-euroopa-meistritiitlid-soolorunnakutega\/","title":{"rendered":"Poga\u010dar ja Vollering v\u00f5itsid Euroopa meistritiitlid soolor\u00fcnnakutega"},"content":{"rendered":"<h2 data-start=\"132\" data-end=\"432\">Alates t\u00e4nasest hakkan iga Tadej Poga\u010dari osalusega suurtuuri v\u00f5i \u00fchep\u00e4evas\u00f5idu loo algust kirjutama ettevalmistatud standard malli kasutades. See k\u00f5lab nii: <em data-start=\"264\" data-end=\"430\">Tadej Poga\u010dar v\u00f5itis [v\u00f5istluse nimi] [distants km-des] pikkuse soolos\u00f5iduga, edestades [Remco Evenepoeli v\u00f5i Jonas Vingegaardi] [ajavahe sekundites v\u00f5i minutites].<\/em><\/h2>\n<p><!--more--><\/p>\n<p data-start=\"434\" data-end=\"786\">P\u00fchap\u00e4evasel <a href=\"https:\/\/www.uec.ch\/en\/event\/260\/2025-uec-road-european-championships\">Euroopa meistriv\u00f5istluste<\/a> eliitmeeste grupis\u00f5idul oli see teine nimi Evenepoel, distants 75 km ja l\u00f5puks kujunes v\u00f5iduvahe 31 sekundiks \u2013 kuigi sloveeni edu belglase ees oli enamiku 202,5 km pikkuse s\u00f5idu viimasest kolmek\u00fcmnest kilomeetrist \u00fcle minuti. Marsruut kulges Privas\u2019st Guilherand-Granges\u2019ini L\u00f5una-Prantsusmaal Dr\u00f4me\u2019i departemangus.<\/p>\n<h2 data-start=\"788\" data-end=\"805\"><strong>Paratamatus<\/strong><\/h2>\n<p data-start=\"806\" data-end=\"1278\">See juhtus p\u00e4rast seda, kui kavala n\u00e4oga Poga\u010dar \u00fctles enne starti TNT Sportsile, et 70 km pikkune soolos\u00f5it oleks vastutuule t\u00f5ttu liiga keeruline, sest see aeglustaks teda pikematel sirgetel l\u00f5ikudel. Prantslased \u00fctleksid selle peale: <em data-start=\"1041\" data-end=\"1051\">Mon \u0153il!<\/em> (\u201eMinu silm!\u201d). Taltsutamatu sloveen r\u00fcndas viimasel kolmest Saint Romain de Lerpsi t\u00f5usust (7 km @ 7,2%), ja ainult Evenepoel, hispaanlane Juan Ayuso ja prantslane Paul Seixas suutsid hetkeks kaasa minna. Kuid mitte kauaks.<\/p>\n<p data-start=\"1280\" data-end=\"1867\">Esimesena pudenes Ayuso, seej\u00e4rel Seixas ja l\u00f5puks ka Evenepoel, 73 km enne fini\u0161it. Poga\u010dar kasvatas j\u00e4rk-j\u00e4rgult edu, samal ajal kui Evenepoel ootas, et teised talle j\u00e4releaitamisel abiks oleksid \u2013 kuid nad ei suutnud, ja belglane pidi kogu t\u00f6\u00f6 \u00fcksi \u00e4ra tegema. Nii hakkas vahe tasapisi suurenema: 38 sekundit, siis tulid tasased l\u00f5igud ja vastutuul, mis v\u00e4hendas vahe 60 km enne l\u00f5ppu taas 23 sekundile. Kuid kui Poga\u010dar j\u00f5udis kolme viimase t\u00f5usuni Val d\u2019Enferis (\u201eP\u00f5rguorg\u201d, 1,6 km @ 9,7%), hakkas edu taas kasvama \u2013 48 km enne l\u00f5ppu oli see 44 sekundit ja l\u00f5puks juba 1:05.<\/p>\n<p data-start=\"1869\" data-end=\"2385\">\u201eLeidsin end eest taas \u00fcksi ja proovisin hoida umbes \u00fchemintulist vahet,\u201c \u00fctles Poga\u010dar. \u201eSee oli mugav vahe. Ma ei arva, et see oli superdomineeriv. Remco j\u00e4litas mind ja ma ei saanud enne fini\u0161it alla anda \u2013 pidin t\u00f5esti v\u00e4ga-v\u00e4ga k\u00f5vasti suruma. Olen \u00f5nnelik, et see on l\u00e4bi ja veel \u00fcks tiitel juures.\u201c Ta lisas: \u201eKolmandal ringil n\u00e4gin, et belglasi oli neli v\u00f5i viis ja mina olin \u00fcksi, nii et parem oli r\u00fcnnata, kui j\u00e4\u00e4da koos meestega, kes v\u00f5ivad sind kordam\u00f6\u00f6da r\u00fcnnata. Nii ma proovisin \u2013 ja see \u00f5nnestus.\u201c Nagu ikka.<\/p>\n<h2 data-start=\"2387\" data-end=\"2412\"><strong>Remco on taas teine<\/strong><\/h2>\n<p data-start=\"2413\" data-end=\"3027\">Evenepoel j\u00e4ttis l\u00f5puks oma kasutu seltskonna maha, kuid nagu maailmameistriv\u00f5istlustelgi, oli see liiga v\u00e4he ja liiga hilja. See v\u00f5istlus vastas ka k\u00fcsimusele, kas ta oleks Kigali MM-grupis\u00f5idus suutnud Poga\u010dari alistada, kui tal poleks olnud v\u00e4idetavaid sadulaprobleeme. Vastus: on &#8220;ei&#8221;. Selles Evenepoeli karj\u00e4\u00e4ri etapis on Poga\u010dar lihtsalt parem m\u00e4gironija. V\u00e4ga lootustandev 19-aastane prantslane Seixas, kes n\u00e4ib olevat j\u00e4rgmine potentsiaalne Prantsuse suurtuuri v\u00f5itja, j\u00e4ttis maha nii Ayuso kui l\u00f5puks ka itaallase Christian Scaroni ning v\u00f5ttis kodupubliku r\u00f5\u00f5muks v\u00e4\u00e4rtusliku pronksi, kaotades v\u00f5itjale 3:41.<\/p>\n<p data-start=\"3029\" data-end=\"3289\">See s\u00f5it pidi olema kolmikduell Poga\u010dari, Evenepoeli ja Vingegaardi vahel, kuid taanlane langes juba teise Saint Romain de Lerpsi t\u00f5usu ajal ansamblist v\u00e4lja ja katkestas peatselt. See t\u00f5estas taas, et Vingegaard ei ole \u00fchep\u00e4evas\u00f5itja ega saa selleks ka kunagi.<\/p>\n<figure id=\"attachment_3088\" aria-describedby=\"caption-attachment-3088\" style=\"width: 988px\" class=\"wp-caption aligncenter\"><a href=\"https:\/\/d2p6e6u75xmxt8.cloudfront.net\/15\/2025\/10\/poggy.webp\"><img loading=\"lazy\" decoding=\"async\" class=\"wp-image-3088 size-full\" src=\"https:\/\/d2p6e6u75xmxt8.cloudfront.net\/15\/2025\/10\/poggy.webp\" alt=\"\" width=\"988\" height=\"659\" srcset=\"https:\/\/d2p6e6u75xmxt8.cloudfront.net\/15\/2025\/10\/poggy.webp 988w, https:\/\/d2p6e6u75xmxt8.cloudfront.net\/15\/2025\/10\/poggy-300x200.webp 300w, https:\/\/d2p6e6u75xmxt8.cloudfront.net\/15\/2025\/10\/poggy-768x512.webp 768w, https:\/\/d2p6e6u75xmxt8.cloudfront.net\/15\/2025\/10\/poggy-400x267.webp 400w, https:\/\/d2p6e6u75xmxt8.cloudfront.net\/15\/2025\/10\/poggy-272x182.webp 272w\" sizes=\"auto, (max-width: 988px) 100vw, 988px\" \/><\/a><figcaption id=\"caption-attachment-3088\" class=\"wp-caption-text\">V\u00f5idukas Poga\u010dar. \u00a9 Profimedia<\/figcaption><\/figure>\n<hr data-start=\"3291\" data-end=\"3294\" \/>\n<h2 data-start=\"3296\" data-end=\"3324\"><strong>Suur v\u00f5it Volleringile<\/strong><\/h2>\n<p data-start=\"3325\" data-end=\"3836\">Laup\u00e4eval peetud eliitnaiste s\u00f5idus r\u00fcndas Demi Vollering 40 km enne fini\u0161it, kui j\u00f5uti Saint Romain de Lerpsi m\u00e4e jalamile \u2013 s\u00f5idu pikimale ja tema v\u00f5imetele ideaalselt sobivale t\u00f5usule. See erines l\u00fchikestest j\u00e4rskudest t\u00f5usudest maailmameistriv\u00f5istlustel, kus ta l\u00f5petas seitsmendana. Teda suutsid hetkeks j\u00e4litada vaid kaasmaalanna Anna van der Breggen, poolatar <a href=\"https:\/\/www.welovecycling.com\/wide\/2025\/09\/16\/finding-balance-mental-health-and-managing-nerves-in-cycling-by-kasia-niewiadoma\/\">Kasia Niewiadoma-Phinney<\/a> ja itaallanna Elisa Longo Borghini. Umbes 2,5 km hiljem kiirendas Vollering uuesti \u2013 seekord ei suutnud keegi kaasa minna.<\/p>\n<p data-start=\"3838\" data-end=\"4043\">Vollering kasvatas oma edu j\u00e4rk-j\u00e4rgult, kuni v\u00f5itlus j\u00e4i \u00fcks-\u00fchele Niewiadoma-Phinney ja van der Breggeni vahel \u2013 aga viimane ei teinud midagi, et poolatari aidata , sest tema tiimikaaslane juhtis s\u00f5itu.<\/p>\n<p data-start=\"4045\" data-end=\"4573\">T\u00f5usude ja vahede kohta on raske kindlaid andmeid anda, sest korraldajatel tekkis t\u00e4ielik tehniline kaos: s\u00fcsteem n\u00e4itas n\u00e4iteks, et fini\u0161ini on j\u00e4\u00e4nud 50,6 km, kui Vollering oli tegelikult v\u00e4hem kui 2 km kaugusel. See j\u00e4ttis nii pealtvaatajad kui kommentaatorid infopimedusse \u2013 ja kuna raadiosidet ei lubatud, olid ka s\u00f5itjad teadmatuses. Arvestades, et tegu oli \u00fche aasta t\u00e4htsaima v\u00f5istlusega, on see h\u00e4biv\u00e4\u00e4rne. Kui see on Euroopa tehnoloogiline tase, on mandril mured suured. \u00d5nneks toimis k\u00f5ik laitmatult meeste s\u00f5idus.<\/p>\n<p data-start=\"4575\" data-end=\"4905\">Volleringut see muidugi ei h\u00e4irinud. Ta t\u00e4histas r\u00f5\u00f5msalt fini\u0161is, saavutades oma karj\u00e4\u00e4ri esimese suure meistris\u00e4rgi. Seni polnud ta v\u00f5itnud ei Euroopa ega maailma tiitlit, mist\u00f5ttu oli see hollandlannale eriti magus hetk p\u00e4rast keerulist hooaega. N\u00fc\u00fcd v\u00f5ib ta j\u00e4rgmise aasta v\u00f5istlusteni kanda Euroopa meistri s\u00e4rki.<\/p>\n<p data-start=\"4907\" data-end=\"5335\">\u201eOlen v\u00e4ga uhke, et saan selle s\u00e4rgi Hollandi tiimi eest koju viia, sest tegime t\u00e4na ideaalse s\u00f5idu,\u201c \u00fctles Vollering. \u201eTundsin end h\u00e4sti nii t\u00e4na kui viimastel p\u00e4evadel. Olin enesekindel ja tahtsin varakult r\u00fcnnata, sest teadsin, et MM-i tempos\u00f5iduks tehtud treeningud on minus endiselt sees. Tahtsin s\u00f5ita viimase osa \u00fcksinda, et olla oma v\u00f5idus kindel. Ja kuna kogu tiim s\u00f5itis nii h\u00e4sti, tahtsin s\u00f5idu nende eest l\u00f5puni viia.\u201c<\/p>\n<p data-start=\"5337\" data-end=\"5649\">Niewiadoma-Phinney l\u00f5petas teisena, 1:18 kaotusega, van der Breggen kolmandana, 1:24 taga. Ta ei v\u00f5idelnud sprindis, austusest oma poola rivaali vastu, kes oli kogu t\u00f6\u00f6 teinud \u2013 kiiduv\u00e4\u00e4rt \u017eest. Volleringu v\u00f5it oli hollandlannadele juba \u00fcheksas Euroopa meistritiitel k\u00fcmne aasta jooksul \u2013 muljetavaldav seeria.<\/p>\n<hr data-start=\"5651\" data-end=\"5654\" \/>\n<h3 data-start=\"5656\" data-end=\"5723\">Tulemused \u2013 2025 Euroopa meistriv\u00f5istlused maanteerattas\u00f5idus<\/h3>\n<p data-start=\"5725\" data-end=\"5741\"><strong data-start=\"5725\" data-end=\"5739\">Eliitmehed<\/strong><\/p>\n<ol>\n<li data-start=\"5745\" data-end=\"5782\">Tadej Poga\u010dar (Sloveenia) \u2013 4:59:29<\/li>\n<li data-start=\"5786\" data-end=\"5818\">Remco Evenepoel (Belgia) +0:39<\/li>\n<li data-start=\"5822\" data-end=\"5855\">Paul Seixas (Prantsusmaa) +3:41<\/li>\n<li data-start=\"5859\" data-end=\"5894\">Christian Scaroni (Itaalia) +4:04<\/li>\n<li data-start=\"5898\" data-end=\"5925\">Toms Skuji\u0146\u0161 (L\u00e4ti) +4:16<\/li>\n<\/ol>\n<p data-start=\"5927\" data-end=\"5944\"><strong data-start=\"5927\" data-end=\"5942\">Eliitnaised<\/strong><\/p>\n<ol>\n<li data-start=\"5948\" data-end=\"5984\">Demi Vollering (Holland) \u2013 2:57:53<\/li>\n<li data-start=\"5988\" data-end=\"6028\">Kasia Niewiadoma-Phinney (Poola) +1:18<\/li>\n<li data-start=\"6032\" data-end=\"6070\">Anna van der Breggen (Holland) +1:24<\/li>\n<li data-start=\"6074\" data-end=\"6104\">Elise Chabbey (\u0160veits) +2:31<\/li>\n<li data-start=\"6108\" data-end=\"6133\">Franziska Koch (Saksamaa)<\/li>\n<\/ol>\n","protected":false},"excerpt":{"rendered":"<p>Alates t\u00e4nasest hakkan iga Tadej Poga\u010dari osalusega suurtuuri v\u00f5i \u00fchep\u00e4evas\u00f5idu loo algust kirjutama ettevalmistatud standard malli kasutades. See k\u00f5lab nii: [&hellip;]<\/p>\n","protected":false},"author":174,"featured_media":3089,"comment_status":"open","ping_status":"open","sticky":false,"template":"","format":"standard","meta":{"footnotes":""},"categories":[39],"tags":[493,495,494,482,272,273],"global-categories":[22],"class_list":["post-3087","post","type-post","status-publish","format-standard","has-post-thumbnail","hentry","category-maanteesoit","tag-2025-euroopa-meistrivoistlused","tag-2025-uec-road-european-championships","tag-anna-van-der-breggen","tag-demi-vollering","tag-remco-evenepoel","tag-tadej-pogacar","global-categories-cycling"],"yoast_head":"<!-- This site is optimized with the Yoast SEO Premium plugin v25.3 (Yoast SEO v25.9) - https:\/\/yoast.com\/wordpress\/plugins\/seo\/ -->\n<title>Poga\u010dar ja Vollering v\u00f5itsid Euroopa meistritiitlid soolor\u00fcnnakutega - \u0160koda We Love Cycling - Estonia<\/title>\n<meta name=\"description\" content=\"Alates t\u00e4nasest hakkan iga Tadej Poga\u010dari osalusega suurtuuri v\u00f5i \u00fchep\u00e4evas\u00f5idu loo algust kirjutama ettevalmistatud standard malli kasutades. See k\u00f5lab nii: Tadej Poga\u010dar v\u00f5itis [v\u00f5istluse nimi] [distants km-des] pikkuse soolos\u00f5iduga, edestades [Remco Evenepoeli v\u00f5i Jonas Vingegaardi] [ajavahe sekundites v\u00f5i minutites].\" \/>\n<meta name=\"robots\" content=\"index, follow, max-snippet:-1, max-image-preview:large, max-video-preview:-1\" \/>\n<link rel=\"canonical\" href=\"https:\/\/www.welovecycling.com\/ee\/2025\/10\/07\/pogacar-ja-vollering-voitsid-euroopa-meistritiitlid-soolorunnakutega\/\" \/>\n<meta property=\"og:locale\" content=\"et_EE\" \/>\n<meta property=\"og:type\" content=\"article\" \/>\n<meta property=\"og:title\" content=\"Poga\u010dar ja Vollering v\u00f5itsid Euroopa meistritiitlid soolor\u00fcnnakutega\" \/>\n<meta property=\"og:description\" content=\"Alates t\u00e4nasest hakkan iga Tadej Poga\u010dari osalusega suurtuuri v\u00f5i \u00fchep\u00e4evas\u00f5idu loo algust kirjutama ettevalmistatud standard malli kasutades. See k\u00f5lab nii: Tadej Poga\u010dar v\u00f5itis [v\u00f5istluse nimi] [distants km-des] pikkuse soolos\u00f5iduga, edestades [Remco Evenepoeli v\u00f5i Jonas Vingegaardi] [ajavahe sekundites v\u00f5i minutites].\" \/>\n<meta property=\"og:url\" content=\"https:\/\/www.welovecycling.com\/ee\/2025\/10\/07\/pogacar-ja-vollering-voitsid-euroopa-meistritiitlid-soolorunnakutega\/\" \/>\n<meta property=\"og:site_name\" content=\"\u0160koda We Love Cycling - Estonia\" \/>\n<meta property=\"article:published_time\" content=\"2025-10-07T07:24:31+00:00\" \/>\n<meta property=\"og:image\" content=\"https:\/\/d2p6e6u75xmxt8.cloudfront.net\/15\/2025\/10\/vollering.webp\" \/>\n\t<meta property=\"og:image:width\" content=\"992\" \/>\n\t<meta property=\"og:image:height\" content=\"657\" \/>\n\t<meta property=\"og:image:type\" content=\"image\/webp\" \/>\n<meta name=\"author\" content=\"andre\" \/>\n<meta name=\"twitter:card\" content=\"summary_large_image\" \/>\n<meta name=\"twitter:label1\" content=\"Written by\" \/>\n\t<meta name=\"twitter:data1\" content=\"Siegfried Mortkowitz\" \/>\n\t<meta name=\"twitter:label2\" content=\"Est. reading time\" \/>\n\t<meta name=\"twitter:data2\" content=\"4\" \/>\n<script type=\"application\/ld+json\" class=\"yoast-schema-graph\">{\"@context\":\"https:\/\/schema.org\",\"@graph\":[{\"@type\":\"WebPage\",\"@id\":\"https:\/\/www.welovecycling.com\/ee\/2025\/10\/07\/pogacar-ja-vollering-voitsid-euroopa-meistritiitlid-soolorunnakutega\/\",\"url\":\"https:\/\/www.welovecycling.com\/ee\/2025\/10\/07\/pogacar-ja-vollering-voitsid-euroopa-meistritiitlid-soolorunnakutega\/\",\"name\":\"Poga\u010dar ja Vollering v\u00f5itsid Euroopa meistritiitlid soolor\u00fcnnakutega - \u0160koda We Love Cycling - Estonia\",\"isPartOf\":{\"@id\":\"https:\/\/www.welovecycling.com\/ee\/#website\"},\"primaryImageOfPage\":{\"@id\":\"https:\/\/www.welovecycling.com\/ee\/2025\/10\/07\/pogacar-ja-vollering-voitsid-euroopa-meistritiitlid-soolorunnakutega\/#primaryimage\"},\"image\":{\"@id\":\"https:\/\/www.welovecycling.com\/ee\/2025\/10\/07\/pogacar-ja-vollering-voitsid-euroopa-meistritiitlid-soolorunnakutega\/#primaryimage\"},\"thumbnailUrl\":\"https:\/\/d2p6e6u75xmxt8.cloudfront.net\/15\/2025\/10\/vollering.webp\",\"datePublished\":\"2025-10-07T07:24:31+00:00\",\"author\":{\"@id\":\"https:\/\/www.welovecycling.com\/ee\/#\/schema\/person\/8b7101c4bd1b1ae9d3732ebb1e6caf57\"},\"description\":\"Alates t\u00e4nasest hakkan iga Tadej Poga\u010dari osalusega suurtuuri v\u00f5i \u00fchep\u00e4evas\u00f5idu loo algust kirjutama ettevalmistatud standard malli kasutades. See k\u00f5lab nii: Tadej Poga\u010dar v\u00f5itis [v\u00f5istluse nimi] [distants km-des] pikkuse soolos\u00f5iduga, edestades [Remco Evenepoeli v\u00f5i Jonas Vingegaardi] [ajavahe sekundites v\u00f5i minutites].\",\"inLanguage\":\"et\",\"potentialAction\":[{\"@type\":\"ReadAction\",\"target\":[\"https:\/\/www.welovecycling.com\/ee\/2025\/10\/07\/pogacar-ja-vollering-voitsid-euroopa-meistritiitlid-soolorunnakutega\/\"]}]},{\"@type\":\"ImageObject\",\"inLanguage\":\"et\",\"@id\":\"https:\/\/www.welovecycling.com\/ee\/2025\/10\/07\/pogacar-ja-vollering-voitsid-euroopa-meistritiitlid-soolorunnakutega\/#primaryimage\",\"url\":\"https:\/\/d2p6e6u75xmxt8.cloudfront.net\/15\/2025\/10\/vollering.webp\",\"contentUrl\":\"https:\/\/d2p6e6u75xmxt8.cloudfront.net\/15\/2025\/10\/vollering.webp\",\"width\":992,\"height\":657},{\"@type\":\"WebSite\",\"@id\":\"https:\/\/www.welovecycling.com\/ee\/#website\",\"url\":\"https:\/\/www.welovecycling.com\/ee\/\",\"name\":\"\u0160koda We Love Cycling - Estonia\",\"description\":\"\",\"potentialAction\":[{\"@type\":\"SearchAction\",\"target\":{\"@type\":\"EntryPoint\",\"urlTemplate\":\"https:\/\/www.welovecycling.com\/ee\/?s={search_term_string}\"},\"query-input\":{\"@type\":\"PropertyValueSpecification\",\"valueRequired\":true,\"valueName\":\"search_term_string\"}}],\"inLanguage\":\"et\"},{\"@type\":\"Person\",\"@id\":\"https:\/\/www.welovecycling.com\/ee\/#\/schema\/person\/8b7101c4bd1b1ae9d3732ebb1e6caf57\",\"name\":\"andre\",\"image\":{\"@type\":\"ImageObject\",\"inLanguage\":\"et\",\"@id\":\"https:\/\/www.welovecycling.com\/ee\/#\/schema\/person\/image\/\",\"url\":\"https:\/\/secure.gravatar.com\/avatar\/0656b3224fe17b018f43b8a562625dd43d30827f027b2f62bc5a05711fec9a61?s=96&d=mm&r=g\",\"contentUrl\":\"https:\/\/secure.gravatar.com\/avatar\/0656b3224fe17b018f43b8a562625dd43d30827f027b2f62bc5a05711fec9a61?s=96&d=mm&r=g\",\"caption\":\"andre\"},\"url\":\"https:\/\/www.welovecycling.com\/ee\/author\/andre\/\"}]}<\/script>\n<!-- \/ Yoast SEO Premium plugin. -->","yoast_head_json":{"title":"Poga\u010dar ja Vollering v\u00f5itsid Euroopa meistritiitlid soolor\u00fcnnakutega - \u0160koda We Love Cycling - Estonia","description":"Alates t\u00e4nasest hakkan iga Tadej Poga\u010dari osalusega suurtuuri v\u00f5i \u00fchep\u00e4evas\u00f5idu loo algust kirjutama ettevalmistatud standard malli kasutades. See k\u00f5lab nii: Tadej Poga\u010dar v\u00f5itis [v\u00f5istluse nimi] [distants km-des] pikkuse soolos\u00f5iduga, edestades [Remco Evenepoeli v\u00f5i Jonas Vingegaardi] [ajavahe sekundites v\u00f5i minutites].","robots":{"index":"index","follow":"follow","max-snippet":"max-snippet:-1","max-image-preview":"max-image-preview:large","max-video-preview":"max-video-preview:-1"},"canonical":"https:\/\/www.welovecycling.com\/ee\/2025\/10\/07\/pogacar-ja-vollering-voitsid-euroopa-meistritiitlid-soolorunnakutega\/","og_locale":"et_EE","og_type":"article","og_title":"Poga\u010dar ja Vollering v\u00f5itsid Euroopa meistritiitlid soolor\u00fcnnakutega","og_description":"Alates t\u00e4nasest hakkan iga Tadej Poga\u010dari osalusega suurtuuri v\u00f5i \u00fchep\u00e4evas\u00f5idu loo algust kirjutama ettevalmistatud standard malli kasutades. See k\u00f5lab nii: Tadej Poga\u010dar v\u00f5itis [v\u00f5istluse nimi] [distants km-des] pikkuse soolos\u00f5iduga, edestades [Remco Evenepoeli v\u00f5i Jonas Vingegaardi] [ajavahe sekundites v\u00f5i minutites].","og_url":"https:\/\/www.welovecycling.com\/ee\/2025\/10\/07\/pogacar-ja-vollering-voitsid-euroopa-meistritiitlid-soolorunnakutega\/","og_site_name":"\u0160koda We Love Cycling - Estonia","article_published_time":"2025-10-07T07:24:31+00:00","og_image":[{"width":992,"height":657,"url":"https:\/\/d2p6e6u75xmxt8.cloudfront.net\/15\/2025\/10\/vollering.webp","type":"image\/webp"}],"author":"andre","twitter_card":"summary_large_image","twitter_misc":{"Written by":"Siegfried Mortkowitz","Est. reading time":"4"},"schema":{"@context":"https:\/\/schema.org","@graph":[{"@type":"WebPage","@id":"https:\/\/www.welovecycling.com\/ee\/2025\/10\/07\/pogacar-ja-vollering-voitsid-euroopa-meistritiitlid-soolorunnakutega\/","url":"https:\/\/www.welovecycling.com\/ee\/2025\/10\/07\/pogacar-ja-vollering-voitsid-euroopa-meistritiitlid-soolorunnakutega\/","name":"Poga\u010dar ja Vollering v\u00f5itsid Euroopa meistritiitlid soolor\u00fcnnakutega - \u0160koda We Love Cycling - Estonia","isPartOf":{"@id":"https:\/\/www.welovecycling.com\/ee\/#website"},"primaryImageOfPage":{"@id":"https:\/\/www.welovecycling.com\/ee\/2025\/10\/07\/pogacar-ja-vollering-voitsid-euroopa-meistritiitlid-soolorunnakutega\/#primaryimage"},"image":{"@id":"https:\/\/www.welovecycling.com\/ee\/2025\/10\/07\/pogacar-ja-vollering-voitsid-euroopa-meistritiitlid-soolorunnakutega\/#primaryimage"},"thumbnailUrl":"https:\/\/d2p6e6u75xmxt8.cloudfront.net\/15\/2025\/10\/vollering.webp","datePublished":"2025-10-07T07:24:31+00:00","author":{"@id":"https:\/\/www.welovecycling.com\/ee\/#\/schema\/person\/8b7101c4bd1b1ae9d3732ebb1e6caf57"},"description":"Alates t\u00e4nasest hakkan iga Tadej Poga\u010dari osalusega suurtuuri v\u00f5i \u00fchep\u00e4evas\u00f5idu loo algust kirjutama ettevalmistatud standard malli kasutades. See k\u00f5lab nii: Tadej Poga\u010dar v\u00f5itis [v\u00f5istluse nimi] [distants km-des] pikkuse soolos\u00f5iduga, edestades [Remco Evenepoeli v\u00f5i Jonas Vingegaardi] [ajavahe sekundites v\u00f5i minutites].","inLanguage":"et","potentialAction":[{"@type":"ReadAction","target":["https:\/\/www.welovecycling.com\/ee\/2025\/10\/07\/pogacar-ja-vollering-voitsid-euroopa-meistritiitlid-soolorunnakutega\/"]}]},{"@type":"ImageObject","inLanguage":"et","@id":"https:\/\/www.welovecycling.com\/ee\/2025\/10\/07\/pogacar-ja-vollering-voitsid-euroopa-meistritiitlid-soolorunnakutega\/#primaryimage","url":"https:\/\/d2p6e6u75xmxt8.cloudfront.net\/15\/2025\/10\/vollering.webp","contentUrl":"https:\/\/d2p6e6u75xmxt8.cloudfront.net\/15\/2025\/10\/vollering.webp","width":992,"height":657},{"@type":"WebSite","@id":"https:\/\/www.welovecycling.com\/ee\/#website","url":"https:\/\/www.welovecycling.com\/ee\/","name":"\u0160koda We Love Cycling - Estonia","description":"","potentialAction":[{"@type":"SearchAction","target":{"@type":"EntryPoint","urlTemplate":"https:\/\/www.welovecycling.com\/ee\/?s={search_term_string}"},"query-input":{"@type":"PropertyValueSpecification","valueRequired":true,"valueName":"search_term_string"}}],"inLanguage":"et"},{"@type":"Person","@id":"https:\/\/www.welovecycling.com\/ee\/#\/schema\/person\/8b7101c4bd1b1ae9d3732ebb1e6caf57","name":"andre","image":{"@type":"ImageObject","inLanguage":"et","@id":"https:\/\/www.welovecycling.com\/ee\/#\/schema\/person\/image\/","url":"https:\/\/secure.gravatar.com\/avatar\/0656b3224fe17b018f43b8a562625dd43d30827f027b2f62bc5a05711fec9a61?s=96&d=mm&r=g","contentUrl":"https:\/\/secure.gravatar.com\/avatar\/0656b3224fe17b018f43b8a562625dd43d30827f027b2f62bc5a05711fec9a61?s=96&d=mm&r=g","caption":"andre"},"url":"https:\/\/www.welovecycling.com\/ee\/author\/andre\/"}]}},"_links":{"self":[{"href":"https:\/\/www.welovecycling.com\/ee\/wp-json\/wp\/v2\/posts\/3087","targetHints":{"allow":["GET"]}}],"collection":[{"href":"https:\/\/www.welovecycling.com\/ee\/wp-json\/wp\/v2\/posts"}],"about":[{"href":"https:\/\/www.welovecycling.com\/ee\/wp-json\/wp\/v2\/types\/post"}],"author":[{"embeddable":true,"href":"https:\/\/www.welovecycling.com\/ee\/wp-json\/wp\/v2\/users\/174"}],"replies":[{"embeddable":true,"href":"https:\/\/www.welovecycling.com\/ee\/wp-json\/wp\/v2\/comments?post=3087"}],"version-history":[{"count":3,"href":"https:\/\/www.welovecycling.com\/ee\/wp-json\/wp\/v2\/posts\/3087\/revisions"}],"predecessor-version":[{"id":3092,"href":"https:\/\/www.welovecycling.com\/ee\/wp-json\/wp\/v2\/posts\/3087\/revisions\/3092"}],"wp:featuredmedia":[{"embeddable":true,"href":"https:\/\/www.welovecycling.com\/ee\/wp-json\/wp\/v2\/media\/3089"}],"wp:attachment":[{"href":"https:\/\/www.welovecycling.com\/ee\/wp-json\/wp\/v2\/media?parent=3087"}],"wp:term":[{"taxonomy":"category","embeddable":true,"href":"https:\/\/www.welovecycling.com\/ee\/wp-json\/wp\/v2\/categories?post=3087"},{"taxonomy":"post_tag","embeddable":true,"href":"https:\/\/www.welovecycling.com\/ee\/wp-json\/wp\/v2\/tags?post=3087"},{"taxonomy":"global-categories","embeddable":true,"href":"https:\/\/www.welovecycling.com\/ee\/wp-json\/wp\/v2\/global-categories?post=3087"}],"curies":[{"name":"wp","href":"https:\/\/api.w.org\/{rel}","templated":true}]}}