{"id":3075,"date":"2025-10-03T11:33:54","date_gmt":"2025-10-03T08:33:54","guid":{"rendered":"https:\/\/www.welovecycling.com\/ee\/?p=3075"},"modified":"2025-10-03T11:34:25","modified_gmt":"2025-10-03T08:34:25","slug":"sinu-sugisesed-treeninguuuendused-leia-varske-motivatsioon-kui-aastaaeg-muutub","status":"publish","type":"post","link":"https:\/\/www.welovecycling.com\/ee\/2025\/10\/03\/sinu-sugisesed-treeninguuuendused-leia-varske-motivatsioon-kui-aastaaeg-muutub\/","title":{"rendered":"Sinu s\u00fcgisesed treeninguuuendused: leia aastaaja muutusega v\u00e4rske motivatsioon."},"content":{"rendered":"<h2 data-start=\"202\" data-end=\"606\">S\u00fcgis on p\u00f5hjapoolkeral ametlikult k\u00e4tte j\u00f5udnud ja arvan, et oleme k\u00f5ik \u00fchel meelel \u2013 suve l\u00f5pp tundub alati natuke magus-m\u00f5ru. Pikka aega pakkusid k\u00fctust ratturite kirele pikemad p\u00e4evad, kergem varustus ja v\u00f5istlushooaja adrenaliin. Kuid kui hommikud muutuvad kr\u00f5bedaks ja teed v\u00e4rvuvad langevatest lehtedest, seisame valiku ees: kas klammerduda suvevormi k\u00fclge v\u00f5i lasta s\u00fcgisel end uude r\u00fctmi viia?<\/h2>\n<p data-start=\"202\" data-end=\"606\"><!--more--><\/p>\n<p data-start=\"608\" data-end=\"1019\">Minu kui v\u00e4ikeste meeleoluvahetuste austaja jaoks on hea uudis see, et s\u00fcgisene treeninguuuendus ei t\u00e4henda pidurit\u00f5mbamist ega vormi kaotamist. Pigem on see raamistikumuutus. Tegelikult on just n\u00fc\u00fcd ideaalne hetk m\u00f5testada \u00fcmber, mis sind rattas\u00f5idul motiveerib, avastada uusi s\u00f5iduv\u00f5imalusi ja panna alus nii f\u00fc\u00fcsiliselt kui ka vaimselt talveks. M\u00f5tle sellest kui \u00fcleminekuperioodist, mitte surnud tsoonist.<\/p>\n<h2 data-start=\"1021\" data-end=\"1045\"><strong>Sea eesm\u00e4rgid \u00fcmber<\/strong><\/h2>\n<p data-start=\"1046\" data-end=\"1312\">V\u00f5ib-olla l\u00f5petasid \u00e4sja tiheda v\u00f5istluskalendri, v\u00f5ib-olla oli suvi sinu suurte v\u00e4ljakutsete aeg \u2013 pikim s\u00f5it, kruusas\u00f5it v\u00f5i lihtsalt nii palju kohvipausi-s\u00f5ite, kui p\u00e4evavalgus lubas. Igal juhul pakub s\u00fcgis suurep\u00e4rast hetke samm tagasi astuda ja j\u00e4rele m\u00f5elda.<\/p>\n<p data-start=\"1314\" data-end=\"1719\">\u00c4ra m\u00f5tle vormi s\u00e4ilitamisele, vaid eesm\u00e4rgi arendamisele. Kui suvi oli kiiruse ja intensiivsuse p\u00e4ralt, siis s\u00fcgis v\u00f5ib olla vastupidavuse ja j\u00e4rjepidevuse aeg. Kui suvel jahtisid isiklikke rekordeid, v\u00f5ib n\u00fc\u00fcd olla aeg keskenduda seiklusele ja uutele teedele. Ja kui oled olnud kinni j\u00e4igas treeningplaanis, siis n\u00fc\u00fcd v\u00f5iks olla aeg s\u00f5ita puhtast r\u00f5\u00f5must \u2013 ilma numbreid j\u00e4lgimata , mis igat su v\u00e4ndap\u00f6\u00f6ret seni dikteerisid.<\/p>\n<p data-start=\"1721\" data-end=\"1745\"><strong>Lihtne &#8220;restart&#8221;:<\/strong><\/p>\n<ul>\n<li data-start=\"1748\" data-end=\"1840\">Kirjuta \u00fcles oma viimase rattahooaja tipphetk \u2013 mis tundus parim, mitte tingimata kiireim.<\/li>\n<li data-start=\"1843\" data-end=\"1913\">Kirjuta \u00fcles \u00fcks asi, mida ei saanud teha v\u00f5i milleks ei leidnud aega.<\/li>\n<li data-start=\"1916\" data-end=\"1986\">Lase neil kahel vastusel kujundada oma s\u00fcgisese rattas\u00f5idu eesm\u00e4rk.<\/li>\n<\/ul>\n<p data-start=\"1988\" data-end=\"2070\">Sageli piisabki perspektiivi nihutamisest, et &#8220;tuhhi&#8221; ka l\u00fchematele s\u00fcgisestele p\u00e4evadele jaguks.<\/p>\n<h2 data-start=\"2072\" data-end=\"2098\"><strong>Arenda vastupidavust<\/strong><\/h2>\n<p data-start=\"2099\" data-end=\"2351\">S\u00fcgis soosib loomulikult <a href=\"https:\/\/www.welovecycling.com\/wide\/2020\/06\/16\/how-to-avoid-detraining-maintain-endurance\/\">vastupidavustreeningut<\/a>. Jahedam \u00f5hk teeb pikemad s\u00f5idud mugavamaks ja v\u00f5istluspinge puudumine v\u00f5imaldab intensiivsust veidi maha v\u00f5tta. \u00dcks pikk rahulik s\u00f5it n\u00e4dalas loob aeroobse baasi, mis kannab sind j\u00e4rgmise hooaja parema vormi poole.<\/p>\n<p data-start=\"2353\" data-end=\"2743\">Vastupidavus ei pea t\u00e4hendama eepilisi distantsse. See v\u00f5ib t\u00e4hendada ka rohkem s\u00f5ite n\u00e4dalas jutuajamise tempos v\u00f5i uute marsruutide \u00fchendamist, et pikendada sadulas veedetud aega ilma watte taga ajamata. Peamine on veeta aega rattal, mitte taga ajada trenni j\u00e4rgset megav\u00e4simust. Kui sul on ees ootamas pikem kevadine maanteev\u00f5istlus v\u00f5i m\u00f5ni endale seatud j\u00e4rgmise aasta pikamaav\u00e4ljakutse, siis s\u00fcgisene vastupidavus loob vundamendi.<\/p>\n<p data-start=\"2353\" data-end=\"2743\"><a href=\"https:\/\/d2p6e6u75xmxt8.cloudfront.net\/15\/2025\/10\/sugis2.webp\"><img loading=\"lazy\" decoding=\"async\" class=\"aligncenter size-full wp-image-3077\" src=\"https:\/\/d2p6e6u75xmxt8.cloudfront.net\/15\/2025\/10\/sugis2.webp\" alt=\"\" width=\"989\" height=\"658\" srcset=\"https:\/\/d2p6e6u75xmxt8.cloudfront.net\/15\/2025\/10\/sugis2.webp 989w, https:\/\/d2p6e6u75xmxt8.cloudfront.net\/15\/2025\/10\/sugis2-300x200.webp 300w, https:\/\/d2p6e6u75xmxt8.cloudfront.net\/15\/2025\/10\/sugis2-768x511.webp 768w, https:\/\/d2p6e6u75xmxt8.cloudfront.net\/15\/2025\/10\/sugis2-400x266.webp 400w, https:\/\/d2p6e6u75xmxt8.cloudfront.net\/15\/2025\/10\/sugis2-272x182.webp 272w\" sizes=\"auto, (max-width: 989px) 100vw, 989px\" \/><\/a><\/p>\n<h2 data-start=\"2745\" data-end=\"2766\"><strong>Avasta seiklused<\/strong><\/h2>\n<p data-start=\"2767\" data-end=\"2986\">See on hooaeg, mil kruusas\u00f5idud, rattamatkad ja \u201cvaatame, kuhu see tee viib\u201d retked v\u00f5iks domineerida. Muutuv maastik teeb iga s\u00f5idu eriliseks ja jahedamad temperatuurid lubavad rohkem varustust kaasa v\u00f5tta ilma \u00fclekuumenemata.<\/p>\n<p data-start=\"2988\" data-end=\"3242\">Kui suvi t\u00e4hendas rutiini \u2013 sama ring, sama tempo \u2013, siis tee s\u00fcgisest avastamise aeg. Vaheta kord n\u00e4dalas \u00fcks oma tavap\u00e4rane s\u00f5it millegi tundmatu vastu: rada, mida oled silmanud, t\u00f5us, mida pole proovinud, v\u00f5i s\u00f5it, mis algab rongis\u00f5iduga uude paika.<\/p>\n<p data-start=\"3244\" data-end=\"3535\">Seiklus v\u00f5ib t\u00e4hendada ka lihtsustamist. J\u00e4ta rattakompuuter koju v\u00f5i v\u00e4hemalt l\u00fclita reaalajas n\u00e4idikud v\u00e4lja. Selle asemel m\u00e4rka lehtede sahinat rehvide all, s\u00fcgise l\u00f5hna \u00f5hus, valguse muutust, kui p\u00e4ike varem loojub. Need meelelised detailid tuletavad meelde, miks sa \u00fcldse rattaga s\u00f5idad.<\/p>\n<h2 data-start=\"3537\" data-end=\"3577\"><strong>S\u00fcndmused, mis hoiavad sind erksana<\/strong><\/h2>\n<p data-start=\"3578\" data-end=\"3912\">S\u00fcgis ei t\u00e4henda rattakalendri l\u00f5ppu. Euroopas ja kaugemalgi on hooaeg t\u00e4is kruusas\u00f5ite, segapinnase v\u00e4ljakutseid ja hiliss\u00fcgiseid v\u00f5istlusi kusagil mujal soojeamas kohas. Sageli toimuvad veel oktoobris ja novembris heategevuss\u00f5idud, cyclo-cross\u2019i sarjad ja vastupidavusv\u00f5istlused. Need s\u00fcndmused on suurep\u00e4rased sillad suve tippvormi ja talve treeningute vahel.<\/p>\n<p data-start=\"3914\" data-end=\"4186\">Kui ametlikud \u00fcritused ei k\u00f6ida, loo omaenda struktuur. Sea endale isiklik s\u00fcgisene eesm\u00e4rk: s\u00f5ida igal n\u00e4dalavahetusel kuni kella keeramiseni, tee oma s\u00fcnnip\u00e4eval 100 km v\u00f5i l\u00f5puks too marsruut, mida oled edasi l\u00fckanud. Eesm\u00e4rgid ei pea olema ametlikud ja kivisse raiutud, need peaksid sind juhtima ja motiveerima.<\/p>\n<h2 data-start=\"4188\" data-end=\"4215\"><strong>Rutiinist saab tugevus<\/strong><\/h2>\n<p data-start=\"4216\" data-end=\"4475\">Kui p\u00e4evad l\u00fchenevad, saab rutiinist liitlane. Suvi tundub sageli spontaanne \u2013 p\u00e4rast t\u00f6\u00f6p\u00e4eva kiirelt ratta selga, pikad n\u00e4dalavahetused \u2013, aga s\u00fcgisest v\u00f5idab pigem struktuur. R\u00fctmi loomine aitab j\u00e4rjepidevust hoida ka siis, kui motivatsioon k\u00f5ikuma l\u00f6\u00f6b.<\/p>\n<p data-start=\"4477\" data-end=\"4727\">See v\u00f5ib t\u00e4hendada kahte n\u00e4dalasiseset l\u00fchemat s\u00f5itu ja \u00fchte pikka n\u00e4dalavahetusel v\u00f5i lihtsalt aega trena\u017e\u00f6\u00f6ril pimedatel \u00f5htutel. Peamine on otsustusv\u00e4simuse v\u00e4ltimine \u2013 kui treeningud on juba paika pandud, on v\u00e4iksem t\u00f5en\u00e4osus neid vahele j\u00e4tta.<\/p>\n<p data-start=\"4729\" data-end=\"5038\">Rutiin pole ainult treening \u2013 see t\u00e4hendab ka taastumist ja vaheldust. Aastaajal, mil keha kipub rohkem siseruumidesse, soovitan lisada n\u00e4dalasse jooga, j\u00f5uharjutused v\u00f5i liikuvustreeningud. V\u00e4ikesed, j\u00e4rjekindlad harjumused kuhjuvad ja sa t\u00e4nad ennast siis kui k\u00fclm t\u00f5eliselt saabub ja sul on kindel alus olemas.<\/p>\n<h2 data-start=\"5040\" data-end=\"5062\"><strong>\u00c4ra tee seda \u00fcksi<\/strong><\/h2>\n<p data-start=\"5063\" data-end=\"5225\">S\u00fcgis v\u00f5ib motivatsioonile keeruline aeg olla. L\u00fchemad p\u00e4evad, heitlik ilm ja p\u00e4rast-suve vaibumine annavad k\u00f5ik oma panuse. Just siin on seltskonna olemasolu v\u00e4ga oluline.<\/p>\n<p data-start=\"5227\" data-end=\"5483\">Liitu kohaliku klubi grupis\u00f5itudega, pane end kirja oskuste treeningule v\u00f5i lepi lihtsalt kokku regulaarsed s\u00f5idud s\u00f5braga. Teistega jagatud teekond m\u00f6\u00f6dub kergemini ja tuletab ka meelde, et rattas\u00f5it on sama palju sotsiaalne tegevus kui f\u00fc\u00fcsiline sooritus.<\/p>\n<p data-start=\"5485\" data-end=\"5734\">Ka veebiplatvormid nagu Strava, Zwift v\u00f5i Discordi rattagrupid v\u00f5ivad anda t\u00f5uke, et minna s\u00f5itma, kui muidu eelistaks teki alla j\u00e4\u00e4da. Oma s\u00fcgisese uue marsruudi jagamine, s\u00f5itude postitamine ja v\u00e4ikeste v\u00f5itude t\u00e4histamine aitab hoogu hoida.<\/p>\n<h2 data-start=\"5736\" data-end=\"5766\"><strong>Muuda treeningum\u00f5tteviisi<\/strong><\/h2>\n<p data-start=\"5767\" data-end=\"5953\">Kui suvi oli soorituse p\u00e4ralt, siis lase s\u00fcgisel olla kohalolu aeg. See ei t\u00e4henda, et peaksid struktuurist loobuma \u2013 m\u00f5nele sobib plaan v\u00e4ga \u2013, aga see t\u00e4hendab suuremat paindlikkust.<\/p>\n<p data-start=\"5955\" data-end=\"6198\">Vaheta \u00fcks intervalltreening oskuste harjutamise vastu (kurvid, laskumised, rattak\u00e4sitlus), asenda \u00fcks Zwifti v\u00f5istlus\u00a0 vastupidavuss\u00f5iduga \u00f5ues v\u00f5i muuda taastumisp\u00e4ev joogaks, matkaks v\u00f5i lihtsalt s\u00fc\u00fcmepiinadeta puhkuseks.<\/p>\n<p data-start=\"6200\" data-end=\"6345\">Mitmekesisus v\u00e4rskendab nii keha kui ka motivatsiooni. Kui naased taas raskemate treeningplokkide juurde, oled keskendunum ja mis ka v\u00e4ga oluline &#8211; vaimselt puhanum.<\/p>\n<h2 data-start=\"6347\" data-end=\"6363\"><strong>Naudi s\u00f5itu<\/strong><\/h2>\n<p data-start=\"6364\" data-end=\"6629\">V\u00e4rvid, jahe \u00f5hk, vaiksed teed \u2013 see k\u00f5ik on kaduv. Lase sellel aastaajal olla aeg, mil avastad uuesti pedaalimise r\u00f5\u00f5mu, mitte ainult numbrite tagaajamist. Sest vahel on parim viis rattal edasi liikuda see, kui peatuda, uuesti alustada ja rattas\u00f5itu taas armuda.<\/p>\n","protected":false},"excerpt":{"rendered":"<p>S\u00fcgis on p\u00f5hjapoolkeral ametlikult k\u00e4tte j\u00f5udnud ja arvan, et oleme k\u00f5ik \u00fchel meelel \u2013 suve l\u00f5pp tundub alati natuke magus-m\u00f5ru. [&hellip;]<\/p>\n","protected":false},"author":174,"featured_media":3078,"comment_status":"open","ping_status":"open","sticky":false,"template":"","format":"standard","meta":{"footnotes":""},"categories":[43,1],"tags":[489,488],"global-categories":[22],"class_list":["post-3075","post","type-post","status-publish","format-standard","has-post-thumbnail","hentry","category-tervis-trenn","category-uncategorized","tag-sugisene-rattasoit","tag-sugisene-treening","global-categories-cycling"],"yoast_head":"<!-- This site is optimized with the Yoast SEO Premium plugin v25.3 (Yoast SEO v25.9) - https:\/\/yoast.com\/wordpress\/plugins\/seo\/ -->\n<title>Sinu s\u00fcgisesed treeninguuuendused: leia aastaaja muutusega v\u00e4rske motivatsioon. - \u0160koda We Love Cycling - Estonia<\/title>\n<meta name=\"description\" content=\"S\u00fcgis on p\u00f5hjapoolkeral ametlikult k\u00e4tte j\u00f5udnud ja arvan, et oleme k\u00f5ik \u00fchel meelel \u2013 suve l\u00f5pp tundub alati natuke magus-m\u00f5ru. Pikka aega pakkusid k\u00fctust ratturite kirele pikemad p\u00e4evad, kergem varustus ja v\u00f5istlushooaja adrenaliin. Kuid kui hommikud muutuvad kr\u00f5bedaks ja teed v\u00e4rvuvad langevatest lehtedest, seisame valiku ees: kas klammerduda suvevormi k\u00fclge v\u00f5i lasta s\u00fcgisel end uude r\u00fctmi viia?\" \/>\n<meta name=\"robots\" content=\"index, follow, max-snippet:-1, max-image-preview:large, max-video-preview:-1\" \/>\n<link rel=\"canonical\" href=\"https:\/\/www.welovecycling.com\/ee\/2025\/10\/03\/sinu-sugisesed-treeninguuuendused-leia-varske-motivatsioon-kui-aastaaeg-muutub\/\" \/>\n<meta property=\"og:locale\" content=\"et_EE\" \/>\n<meta property=\"og:type\" content=\"article\" \/>\n<meta property=\"og:title\" content=\"Sinu s\u00fcgisesed treeninguuuendused: leia aastaaja muutusega v\u00e4rske motivatsioon.\" \/>\n<meta property=\"og:description\" content=\"S\u00fcgis on p\u00f5hjapoolkeral ametlikult k\u00e4tte j\u00f5udnud ja arvan, et oleme k\u00f5ik \u00fchel meelel \u2013 suve l\u00f5pp tundub alati natuke magus-m\u00f5ru. Pikka aega pakkusid k\u00fctust ratturite kirele pikemad p\u00e4evad, kergem varustus ja v\u00f5istlushooaja adrenaliin. Kuid kui hommikud muutuvad kr\u00f5bedaks ja teed v\u00e4rvuvad langevatest lehtedest, seisame valiku ees: kas klammerduda suvevormi k\u00fclge v\u00f5i lasta s\u00fcgisel end uude r\u00fctmi viia?\" \/>\n<meta property=\"og:url\" content=\"https:\/\/www.welovecycling.com\/ee\/2025\/10\/03\/sinu-sugisesed-treeninguuuendused-leia-varske-motivatsioon-kui-aastaaeg-muutub\/\" \/>\n<meta property=\"og:site_name\" content=\"\u0160koda We Love Cycling - Estonia\" \/>\n<meta property=\"article:published_time\" content=\"2025-10-03T08:33:54+00:00\" \/>\n<meta property=\"article:modified_time\" content=\"2025-10-03T08:34:25+00:00\" \/>\n<meta property=\"og:image\" content=\"https:\/\/d2p6e6u75xmxt8.cloudfront.net\/15\/2025\/10\/sugis1.webp\" \/>\n\t<meta property=\"og:image:width\" content=\"988\" \/>\n\t<meta property=\"og:image:height\" content=\"658\" \/>\n\t<meta property=\"og:image:type\" content=\"image\/webp\" \/>\n<meta name=\"author\" content=\"andre\" \/>\n<meta name=\"twitter:card\" content=\"summary_large_image\" \/>\n<meta name=\"twitter:label1\" content=\"Written by\" \/>\n\t<meta name=\"twitter:data1\" content=\"Megan Flottorp\" \/>\n\t<meta name=\"twitter:label2\" content=\"Est. reading time\" \/>\n\t<meta name=\"twitter:data2\" content=\"4\" \/>\n<script type=\"application\/ld+json\" class=\"yoast-schema-graph\">{\"@context\":\"https:\/\/schema.org\",\"@graph\":[{\"@type\":\"WebPage\",\"@id\":\"https:\/\/www.welovecycling.com\/ee\/2025\/10\/03\/sinu-sugisesed-treeninguuuendused-leia-varske-motivatsioon-kui-aastaaeg-muutub\/\",\"url\":\"https:\/\/www.welovecycling.com\/ee\/2025\/10\/03\/sinu-sugisesed-treeninguuuendused-leia-varske-motivatsioon-kui-aastaaeg-muutub\/\",\"name\":\"Sinu s\u00fcgisesed treeninguuuendused: leia aastaaja muutusega v\u00e4rske motivatsioon. - \u0160koda We Love Cycling - Estonia\",\"isPartOf\":{\"@id\":\"https:\/\/www.welovecycling.com\/ee\/#website\"},\"primaryImageOfPage\":{\"@id\":\"https:\/\/www.welovecycling.com\/ee\/2025\/10\/03\/sinu-sugisesed-treeninguuuendused-leia-varske-motivatsioon-kui-aastaaeg-muutub\/#primaryimage\"},\"image\":{\"@id\":\"https:\/\/www.welovecycling.com\/ee\/2025\/10\/03\/sinu-sugisesed-treeninguuuendused-leia-varske-motivatsioon-kui-aastaaeg-muutub\/#primaryimage\"},\"thumbnailUrl\":\"https:\/\/d2p6e6u75xmxt8.cloudfront.net\/15\/2025\/10\/sugis1.webp\",\"datePublished\":\"2025-10-03T08:33:54+00:00\",\"dateModified\":\"2025-10-03T08:34:25+00:00\",\"author\":{\"@id\":\"https:\/\/www.welovecycling.com\/ee\/#\/schema\/person\/8b7101c4bd1b1ae9d3732ebb1e6caf57\"},\"description\":\"S\u00fcgis on p\u00f5hjapoolkeral ametlikult k\u00e4tte j\u00f5udnud ja arvan, et oleme k\u00f5ik \u00fchel meelel \u2013 suve l\u00f5pp tundub alati natuke magus-m\u00f5ru. Pikka aega pakkusid k\u00fctust ratturite kirele pikemad p\u00e4evad, kergem varustus ja v\u00f5istlushooaja adrenaliin. Kuid kui hommikud muutuvad kr\u00f5bedaks ja teed v\u00e4rvuvad langevatest lehtedest, seisame valiku ees: kas klammerduda suvevormi k\u00fclge v\u00f5i lasta s\u00fcgisel end uude r\u00fctmi viia?\",\"inLanguage\":\"et\",\"potentialAction\":[{\"@type\":\"ReadAction\",\"target\":[\"https:\/\/www.welovecycling.com\/ee\/2025\/10\/03\/sinu-sugisesed-treeninguuuendused-leia-varske-motivatsioon-kui-aastaaeg-muutub\/\"]}]},{\"@type\":\"ImageObject\",\"inLanguage\":\"et\",\"@id\":\"https:\/\/www.welovecycling.com\/ee\/2025\/10\/03\/sinu-sugisesed-treeninguuuendused-leia-varske-motivatsioon-kui-aastaaeg-muutub\/#primaryimage\",\"url\":\"https:\/\/d2p6e6u75xmxt8.cloudfront.net\/15\/2025\/10\/sugis1.webp\",\"contentUrl\":\"https:\/\/d2p6e6u75xmxt8.cloudfront.net\/15\/2025\/10\/sugis1.webp\",\"width\":988,\"height\":658},{\"@type\":\"WebSite\",\"@id\":\"https:\/\/www.welovecycling.com\/ee\/#website\",\"url\":\"https:\/\/www.welovecycling.com\/ee\/\",\"name\":\"\u0160koda We Love Cycling - Estonia\",\"description\":\"\",\"potentialAction\":[{\"@type\":\"SearchAction\",\"target\":{\"@type\":\"EntryPoint\",\"urlTemplate\":\"https:\/\/www.welovecycling.com\/ee\/?s={search_term_string}\"},\"query-input\":{\"@type\":\"PropertyValueSpecification\",\"valueRequired\":true,\"valueName\":\"search_term_string\"}}],\"inLanguage\":\"et\"},{\"@type\":\"Person\",\"@id\":\"https:\/\/www.welovecycling.com\/ee\/#\/schema\/person\/8b7101c4bd1b1ae9d3732ebb1e6caf57\",\"name\":\"andre\",\"image\":{\"@type\":\"ImageObject\",\"inLanguage\":\"et\",\"@id\":\"https:\/\/www.welovecycling.com\/ee\/#\/schema\/person\/image\/\",\"url\":\"https:\/\/secure.gravatar.com\/avatar\/0656b3224fe17b018f43b8a562625dd43d30827f027b2f62bc5a05711fec9a61?s=96&d=mm&r=g\",\"contentUrl\":\"https:\/\/secure.gravatar.com\/avatar\/0656b3224fe17b018f43b8a562625dd43d30827f027b2f62bc5a05711fec9a61?s=96&d=mm&r=g\",\"caption\":\"andre\"},\"url\":\"https:\/\/www.welovecycling.com\/ee\/author\/andre\/\"}]}<\/script>\n<!-- \/ Yoast SEO Premium plugin. -->","yoast_head_json":{"title":"Sinu s\u00fcgisesed treeninguuuendused: leia aastaaja muutusega v\u00e4rske motivatsioon. - \u0160koda We Love Cycling - Estonia","description":"S\u00fcgis on p\u00f5hjapoolkeral ametlikult k\u00e4tte j\u00f5udnud ja arvan, et oleme k\u00f5ik \u00fchel meelel \u2013 suve l\u00f5pp tundub alati natuke magus-m\u00f5ru. Pikka aega pakkusid k\u00fctust ratturite kirele pikemad p\u00e4evad, kergem varustus ja v\u00f5istlushooaja adrenaliin. Kuid kui hommikud muutuvad kr\u00f5bedaks ja teed v\u00e4rvuvad langevatest lehtedest, seisame valiku ees: kas klammerduda suvevormi k\u00fclge v\u00f5i lasta s\u00fcgisel end uude r\u00fctmi viia?","robots":{"index":"index","follow":"follow","max-snippet":"max-snippet:-1","max-image-preview":"max-image-preview:large","max-video-preview":"max-video-preview:-1"},"canonical":"https:\/\/www.welovecycling.com\/ee\/2025\/10\/03\/sinu-sugisesed-treeninguuuendused-leia-varske-motivatsioon-kui-aastaaeg-muutub\/","og_locale":"et_EE","og_type":"article","og_title":"Sinu s\u00fcgisesed treeninguuuendused: leia aastaaja muutusega v\u00e4rske motivatsioon.","og_description":"S\u00fcgis on p\u00f5hjapoolkeral ametlikult k\u00e4tte j\u00f5udnud ja arvan, et oleme k\u00f5ik \u00fchel meelel \u2013 suve l\u00f5pp tundub alati natuke magus-m\u00f5ru. Pikka aega pakkusid k\u00fctust ratturite kirele pikemad p\u00e4evad, kergem varustus ja v\u00f5istlushooaja adrenaliin. Kuid kui hommikud muutuvad kr\u00f5bedaks ja teed v\u00e4rvuvad langevatest lehtedest, seisame valiku ees: kas klammerduda suvevormi k\u00fclge v\u00f5i lasta s\u00fcgisel end uude r\u00fctmi viia?","og_url":"https:\/\/www.welovecycling.com\/ee\/2025\/10\/03\/sinu-sugisesed-treeninguuuendused-leia-varske-motivatsioon-kui-aastaaeg-muutub\/","og_site_name":"\u0160koda We Love Cycling - Estonia","article_published_time":"2025-10-03T08:33:54+00:00","article_modified_time":"2025-10-03T08:34:25+00:00","og_image":[{"width":988,"height":658,"url":"https:\/\/d2p6e6u75xmxt8.cloudfront.net\/15\/2025\/10\/sugis1.webp","type":"image\/webp"}],"author":"andre","twitter_card":"summary_large_image","twitter_misc":{"Written by":"Megan Flottorp","Est. reading time":"4"},"schema":{"@context":"https:\/\/schema.org","@graph":[{"@type":"WebPage","@id":"https:\/\/www.welovecycling.com\/ee\/2025\/10\/03\/sinu-sugisesed-treeninguuuendused-leia-varske-motivatsioon-kui-aastaaeg-muutub\/","url":"https:\/\/www.welovecycling.com\/ee\/2025\/10\/03\/sinu-sugisesed-treeninguuuendused-leia-varske-motivatsioon-kui-aastaaeg-muutub\/","name":"Sinu s\u00fcgisesed treeninguuuendused: leia aastaaja muutusega v\u00e4rske motivatsioon. - \u0160koda We Love Cycling - Estonia","isPartOf":{"@id":"https:\/\/www.welovecycling.com\/ee\/#website"},"primaryImageOfPage":{"@id":"https:\/\/www.welovecycling.com\/ee\/2025\/10\/03\/sinu-sugisesed-treeninguuuendused-leia-varske-motivatsioon-kui-aastaaeg-muutub\/#primaryimage"},"image":{"@id":"https:\/\/www.welovecycling.com\/ee\/2025\/10\/03\/sinu-sugisesed-treeninguuuendused-leia-varske-motivatsioon-kui-aastaaeg-muutub\/#primaryimage"},"thumbnailUrl":"https:\/\/d2p6e6u75xmxt8.cloudfront.net\/15\/2025\/10\/sugis1.webp","datePublished":"2025-10-03T08:33:54+00:00","dateModified":"2025-10-03T08:34:25+00:00","author":{"@id":"https:\/\/www.welovecycling.com\/ee\/#\/schema\/person\/8b7101c4bd1b1ae9d3732ebb1e6caf57"},"description":"S\u00fcgis on p\u00f5hjapoolkeral ametlikult k\u00e4tte j\u00f5udnud ja arvan, et oleme k\u00f5ik \u00fchel meelel \u2013 suve l\u00f5pp tundub alati natuke magus-m\u00f5ru. Pikka aega pakkusid k\u00fctust ratturite kirele pikemad p\u00e4evad, kergem varustus ja v\u00f5istlushooaja adrenaliin. Kuid kui hommikud muutuvad kr\u00f5bedaks ja teed v\u00e4rvuvad langevatest lehtedest, seisame valiku ees: kas klammerduda suvevormi k\u00fclge v\u00f5i lasta s\u00fcgisel end uude r\u00fctmi viia?","inLanguage":"et","potentialAction":[{"@type":"ReadAction","target":["https:\/\/www.welovecycling.com\/ee\/2025\/10\/03\/sinu-sugisesed-treeninguuuendused-leia-varske-motivatsioon-kui-aastaaeg-muutub\/"]}]},{"@type":"ImageObject","inLanguage":"et","@id":"https:\/\/www.welovecycling.com\/ee\/2025\/10\/03\/sinu-sugisesed-treeninguuuendused-leia-varske-motivatsioon-kui-aastaaeg-muutub\/#primaryimage","url":"https:\/\/d2p6e6u75xmxt8.cloudfront.net\/15\/2025\/10\/sugis1.webp","contentUrl":"https:\/\/d2p6e6u75xmxt8.cloudfront.net\/15\/2025\/10\/sugis1.webp","width":988,"height":658},{"@type":"WebSite","@id":"https:\/\/www.welovecycling.com\/ee\/#website","url":"https:\/\/www.welovecycling.com\/ee\/","name":"\u0160koda We Love Cycling - Estonia","description":"","potentialAction":[{"@type":"SearchAction","target":{"@type":"EntryPoint","urlTemplate":"https:\/\/www.welovecycling.com\/ee\/?s={search_term_string}"},"query-input":{"@type":"PropertyValueSpecification","valueRequired":true,"valueName":"search_term_string"}}],"inLanguage":"et"},{"@type":"Person","@id":"https:\/\/www.welovecycling.com\/ee\/#\/schema\/person\/8b7101c4bd1b1ae9d3732ebb1e6caf57","name":"andre","image":{"@type":"ImageObject","inLanguage":"et","@id":"https:\/\/www.welovecycling.com\/ee\/#\/schema\/person\/image\/","url":"https:\/\/secure.gravatar.com\/avatar\/0656b3224fe17b018f43b8a562625dd43d30827f027b2f62bc5a05711fec9a61?s=96&d=mm&r=g","contentUrl":"https:\/\/secure.gravatar.com\/avatar\/0656b3224fe17b018f43b8a562625dd43d30827f027b2f62bc5a05711fec9a61?s=96&d=mm&r=g","caption":"andre"},"url":"https:\/\/www.welovecycling.com\/ee\/author\/andre\/"}]}},"_links":{"self":[{"href":"https:\/\/www.welovecycling.com\/ee\/wp-json\/wp\/v2\/posts\/3075","targetHints":{"allow":["GET"]}}],"collection":[{"href":"https:\/\/www.welovecycling.com\/ee\/wp-json\/wp\/v2\/posts"}],"about":[{"href":"https:\/\/www.welovecycling.com\/ee\/wp-json\/wp\/v2\/types\/post"}],"author":[{"embeddable":true,"href":"https:\/\/www.welovecycling.com\/ee\/wp-json\/wp\/v2\/users\/174"}],"replies":[{"embeddable":true,"href":"https:\/\/www.welovecycling.com\/ee\/wp-json\/wp\/v2\/comments?post=3075"}],"version-history":[{"count":4,"href":"https:\/\/www.welovecycling.com\/ee\/wp-json\/wp\/v2\/posts\/3075\/revisions"}],"predecessor-version":[{"id":3081,"href":"https:\/\/www.welovecycling.com\/ee\/wp-json\/wp\/v2\/posts\/3075\/revisions\/3081"}],"wp:featuredmedia":[{"embeddable":true,"href":"https:\/\/www.welovecycling.com\/ee\/wp-json\/wp\/v2\/media\/3078"}],"wp:attachment":[{"href":"https:\/\/www.welovecycling.com\/ee\/wp-json\/wp\/v2\/media?parent=3075"}],"wp:term":[{"taxonomy":"category","embeddable":true,"href":"https:\/\/www.welovecycling.com\/ee\/wp-json\/wp\/v2\/categories?post=3075"},{"taxonomy":"post_tag","embeddable":true,"href":"https:\/\/www.welovecycling.com\/ee\/wp-json\/wp\/v2\/tags?post=3075"},{"taxonomy":"global-categories","embeddable":true,"href":"https:\/\/www.welovecycling.com\/ee\/wp-json\/wp\/v2\/global-categories?post=3075"}],"curies":[{"name":"wp","href":"https:\/\/api.w.org\/{rel}","templated":true}]}}