{"id":3066,"date":"2025-09-29T13:55:12","date_gmt":"2025-09-29T10:55:12","guid":{"rendered":"https:\/\/www.welovecycling.com\/ee\/?p=3066"},"modified":"2025-09-29T13:55:12","modified_gmt":"2025-09-29T10:55:12","slug":"pogacar-voitis-maailmameistrivoistluste-grupisoidu-vallieres-krooniti-naiste-maailmameistriks","status":"publish","type":"post","link":"https:\/\/www.welovecycling.com\/ee\/2025\/09\/29\/pogacar-voitis-maailmameistrivoistluste-grupisoidu-vallieres-krooniti-naiste-maailmameistriks\/","title":{"rendered":"Poga\u010dar v\u00f5itis maailmameistriv\u00f5istluste grupis\u00f5idu, Vallieres krooniti naiste maailmameistriks"},"content":{"rendered":"<h2 data-start=\"236\" data-end=\"582\">Sport on tegelikult lihtne asi. Meeskond, kellel on paremad m\u00e4ngijad, v\u00f5idab enamasti, ning tugevaim sportlane v\u00f5idab tavaliselt individuaalv\u00f5istlused. Seega ei olnud tegelikult \u00fcllatus, et Tadej Poga\u010dar v\u00f5itis p\u00fchap\u00e4eval eliitratturite maailmameistriv\u00f5istluste grupis\u00f5idu \u00fcsna suure vahega ja talle omasel viisil \u2013 pika, laastava soolos\u00f5iduga.<\/h2>\n<p><!--more--><\/p>\n<h2 data-start=\"584\" data-end=\"613\"><strong>Uus p\u00f5hjus \u00f6elda \u201cVau!\u201d<\/strong><\/h2>\n<p data-start=\"614\" data-end=\"1279\">Valitsev maailmameister s\u00f5itis minema pelotonist, v\u00f5i siis pigem, mis sellest j\u00e4rgi oli j\u00e4\u00e4nud , v\u00f5istluse pikimal t\u00f5usul, Mont Kigali (5,9 km @ 6,9%), kui fini\u0161ini j\u00e4i 104,3 km 267,5 km pikkusest distantsist. Temaga suutsid kaasa minna vaid meeskonnakaaslane Juan Ayuso ning UAE Team Emirates\u2013XRG tiimi rattur Isaac del Toro. Poga\u010dar raputas Ayuso maha v\u00f5istluse k\u00f5ige j\u00e4rsemal t\u00f5usul, Mur de Kigali (400 m @ 11%), j\u00e4ttis 66,6 km enne l\u00f5ppu C\u00f4te de Kimihurura (1,3 km @ 6,3%) munakivit\u00f5usu peal maha del Toro ning kasvatas seej\u00e4rel oma edu j\u00e4litajate ees aeglaselt, kuid kindlalt. Nii v\u00f5itis ta teist aastat j\u00e4rjest maailmameistritiitli.<\/p>\n<p data-start=\"1281\" data-end=\"1798\">\u00d5nnetu Remco Evenepoel l\u00f5petas teisena, 1:28 , ja iirlane Ben Healy kolmandana, 2:16. Selle v\u00f5iduga sai sloveenist esimene mees, kes on v\u00f5itnud nii Tour de France\u2019i kui ka maailmameistriv\u00f5istluste grupis\u00f5idu samal aastal ja kahel j\u00e4rjestikusel aastal. Ajaloo ainus mees, kes \u00fcldse on selle saavutanud, on suur <a href=\"https:\/\/www.welovecycling.com\/wide\/2020\/09\/21\/eddy-merckx-versus-the-world-at-the-1971-tour-de-france\/\">Eddy Merckx<\/a>, kuid mitte kahel j\u00e4rjestikusel aastal. Varsti ei j\u00e4\u00e4gi enam Poga\u010darile midagi, mida saavutada \u2013 v\u00e4hemalt maantees\u00f5idus. Mis j\u00e4rgmiseks? Vormel 1? Poks? Vabasukeldumine?<\/p>\n<p data-start=\"1800\" data-end=\"2212\">\u201eMa lootsin, et tekiks v\u00e4ike jooksikute grupp. Ja just selline \u00f5nnestus ka Juaniga ja del Toroga \u2013 kokku panna &#8211; t\u00e4iuslik kooslus,\u201c r\u00e4\u00e4kis ta p\u00e4rast fini\u0161it. \u201eSee tundus unistusena \u2013 s\u00f5ita kolmekesi grupi eest nii kaugele kui v\u00f5imalik. Aga Juanil tekkis \u00fcsna varakult kividel probleem ja del Torol olid k\u00f5huvaevused, nii et j\u00e4in juba varakult \u00fcksi. L\u00f5puks oligi sama lugu nagu eelmisel aastal \u2013 v\u00f5itlus iseendaga. Aga olen nii \u00f5nnelik, et suutsin seda teha.\u201c<\/p>\n<blockquote class=\"instagram-media\" style=\"background: #FFF; border: 0; border-radius: 3px; box-shadow: 0 0 1px 0 rgba(0,0,0,0.5),0 1px 10px 0 rgba(0,0,0,0.15); margin: 1px; max-width: 540px; min-width: 326px; padding: 0; width: calc(100% - 2px);\" data-instgrm-captioned=\"\" data-instgrm-permalink=\"https:\/\/www.instagram.com\/p\/DPLOFIGCudV\/?utm_source=ig_embed&amp;utm_campaign=loading\" data-instgrm-version=\"14\">\n<div style=\"padding: 16px;\">\n<p>&nbsp;<\/p>\n<div style=\"display: flex; flex-direction: row; align-items: center;\">\n<div style=\"background-color: #f4f4f4; border-radius: 50%; flex-grow: 0; height: 40px; margin-right: 14px; width: 40px;\"><\/div>\n<div style=\"display: flex; flex-direction: column; flex-grow: 1; justify-content: center;\">\n<div style=\"background-color: #f4f4f4; border-radius: 4px; flex-grow: 0; height: 14px; margin-bottom: 6px; width: 100px;\"><\/div>\n<div style=\"background-color: #f4f4f4; border-radius: 4px; flex-grow: 0; height: 14px; width: 60px;\"><\/div>\n<\/div>\n<\/div>\n<div style=\"padding: 19% 0;\"><\/div>\n<div style=\"display: block; height: 50px; margin: 0 auto 12px; width: 50px;\"><\/div>\n<div style=\"padding-top: 8px;\">\n<div style=\"color: #3897f0; font-family: Arial,sans-serif; font-size: 14px; font-style: normal; font-weight: 550; line-height: 18px;\">View this post on Instagram<\/div>\n<\/div>\n<div style=\"padding: 12.5% 0;\"><\/div>\n<div style=\"display: flex; flex-direction: row; margin-bottom: 14px; align-items: center;\">\n<div>\n<div style=\"background-color: #f4f4f4; border-radius: 50%; height: 12.5px; width: 12.5px; transform: translateX(0px) translateY(7px);\"><\/div>\n<div style=\"background-color: #f4f4f4; height: 12.5px; transform: rotate(-45deg) translateX(3px) translateY(1px); width: 12.5px; flex-grow: 0; margin-right: 14px; margin-left: 2px;\"><\/div>\n<div style=\"background-color: #f4f4f4; border-radius: 50%; height: 12.5px; width: 12.5px; transform: translateX(9px) translateY(-18px);\"><\/div>\n<\/div>\n<div style=\"margin-left: 8px;\">\n<div style=\"background-color: #f4f4f4; border-radius: 50%; flex-grow: 0; height: 20px; width: 20px;\"><\/div>\n<div style=\"width: 0; height: 0; border-top: 2px solid transparent; border-left: 6px solid #f4f4f4; border-bottom: 2px solid transparent; transform: translateX(16px) translateY(-4px) rotate(30deg);\"><\/div>\n<\/div>\n<div style=\"margin-left: auto;\">\n<div style=\"width: 0px; border-top: 8px solid #F4F4F4; border-right: 8px solid transparent; transform: translateY(16px);\"><\/div>\n<div style=\"background-color: #f4f4f4; flex-grow: 0; height: 12px; width: 16px; transform: translateY(-4px);\"><\/div>\n<div style=\"width: 0; height: 0; border-top: 8px solid #F4F4F4; border-left: 8px solid transparent; transform: translateY(-4px) translateX(8px);\"><\/div>\n<\/div>\n<\/div>\n<div style=\"display: flex; flex-direction: column; flex-grow: 1; justify-content: center; margin-bottom: 24px;\">\n<div style=\"background-color: #f4f4f4; border-radius: 4px; flex-grow: 0; height: 14px; margin-bottom: 6px; width: 224px;\"><\/div>\n<div style=\"background-color: #f4f4f4; border-radius: 4px; flex-grow: 0; height: 14px; width: 144px;\"><\/div>\n<\/div>\n<p>&nbsp;<\/p>\n<p style=\"color: #c9c8cd; font-family: Arial,sans-serif; font-size: 14px; line-height: 17px; margin-bottom: 0; margin-top: 8px; overflow: hidden; padding: 8px 0 7px; text-align: center; text-overflow: ellipsis; white-space: nowrap;\"><a style=\"color: #c9c8cd; font-family: Arial,sans-serif; font-size: 14px; font-style: normal; font-weight: normal; line-height: 17px; text-decoration: none;\" href=\"https:\/\/www.instagram.com\/p\/DPLOFIGCudV\/?utm_source=ig_embed&amp;utm_campaign=loading\" target=\"_blank\" rel=\"noopener\">A post shared by UCI (@uci_cycling)<\/a><\/p>\n<\/div>\n<\/blockquote>\n<p><script async src=\"\/\/www.instagram.com\/embed.js\"><\/script><\/p>\n<p data-start=\"2214\" data-end=\"2499\">Ta lisas: \u201eT\u00f5usud muutusid iga ringiga aina raskemaks, ja ka laskumistel ei olnud ma v\u00e4ga kiire \u2013 pidid ikka palju v\u00e4ntama. Nii l\u00f5ppesidki mu energiavarud ja need viimased ringid olid t\u00f5eliselt rasked. Muidugi hakkad vahepeal kahtlema, aga pead lihtsalt edasi s\u00f5itma ja lootma parimat.\u201c<\/p>\n<p data-start=\"2501\" data-end=\"2850\">T\u00f5epoolest, tegemist oli raske s\u00f5iduga \u2013 ilmselt raskeima maailmameistriv\u00f5istluste grupis\u00f5iduga l\u00e4bi aegade: kokku 35 t\u00f5usu ja 5475 meetrit k\u00f5rgust. Teisis\u00f5nu \u2013 t\u00e4pselt Poga\u010darile loodud rada. Aga mitte k\u00f5igile. Tom Pidcock nimetas seda \u201eaasta k\u00f5ige ebameeldivamaks v\u00f5istluseks.\u201c Kuid v\u00e4hemalt ta l\u00f5petas \u2013 165 startijast j\u00f5udis fini\u0161isse vaid 30.<\/p>\n<h2 data-start=\"2852\" data-end=\"2873\"><strong>Evenepoel ja sadul<\/strong><\/h2>\n<p data-start=\"2874\" data-end=\"3257\">Evenepoeli segasid t\u00f5sised sadulaprobleemid \u2013 ta pidi vahetama ratast koguni kolm korda, kaotades seel\u00e4bi v\u00e4hemalt 1:30. Kui ta l\u00f5puks mugava asendi leidis, s\u00f5itis ta suurep\u00e4raselt: p\u00fc\u00fcdis kinni liidrigrupi, \u00fchines Mathias Skjelmose ja Healiga ning asus j\u00e4litama. L\u00f5puks j\u00e4ttis ta nad maha 20,3 km enne fini\u0161it ja tuli vaatamata raskustele v\u00e4ga muljetavaldavale h\u00f5bemedalile.<\/p>\n<p data-start=\"3259\" data-end=\"3816\">\u201eMul oli tunne, et suudan Tadej\u2019ga koos s\u00f5ita, aga rattasport on tehnikasport,\u201c r\u00e4\u00e4kis ta. \u201eMont Kigali t\u00f5usul tekkisid mul jalgades krambid, sest asend oli t\u00e4iesti paigast \u00e4ra. Sain r\u00fcnnakuga kaasa minna umbes pool minutit, aga siis t\u00f5mbasid jalad t\u00e4ielikult krampi. Tuli lihtsalt l\u00f5puni v\u00f5idelda, teades, et joogipunktis on uus ratas ootamas.\u201c Hiljem tundis ta et sadul ei ole loodis. \u201eS\u00f5itsin \u00fche ringi, aga iga kilomeetriga l\u00e4ks hullemaks, nii et pidin uuesti vahetama. Ilma raadiosideta ei saanud ma meeskonda ette hoiatada, nii et pidin olukorda omal j\u00f5ul lahendama.\u201c<\/p>\n<p data-start=\"3818\" data-end=\"4063\">Kas ta oleks v\u00f5inud v\u00f5ita, kui sadulaprobleeme poleks olnud? Seda ei saa keegi teada. Kuid kindlasti oleks tulemus olnud palju pingelisem. Igal juhul oli tal suurep\u00e4rane n\u00e4dal: ta v\u00f5itis individuaalse tempos\u00f5idu MM-tiitli ja p\u00fchap\u00e4eval h\u00f5beda.<\/p>\n<h2 data-start=\"4065\" data-end=\"4087\"><strong>\u0160okeeriv \u00fcllatus<\/strong><\/h2>\n<p data-start=\"4088\" data-end=\"4560\">K\u00f5ik see jutt, et k\u00f5ige tugevam v\u00f5idab, ei pea alati paika. Nii juhtuski, et v\u00e4hetuntud Magdeleine Vallieres \u00fcllatas maailma parimaid naisrattureid ja v\u00f5itis laup\u00e4eval eliitnaiste maailmameistriv\u00f5istluste grupis\u00f5idu, tehes otsustava r\u00fcnnaku viimasel t\u00f5usul, C\u00f4te de Kimihurura\u2019l. Temast sai esimene Kanada rattur, kes on tulnud maailmameistriks grupis\u00f5idus \u2013 ja ta tegi seda l\u00e4bi aegade pikimal (164,4 km) ja raskeimal naiste MM-radadel (22 t\u00f5usu ja 3350 m t\u00f5usu kokku).<\/p>\n<p data-start=\"4562\" data-end=\"4876\">24-aastane Vallieres oli viimastel ringidel liidrigrupis koos k\u00fcmne ratturiga, olles pidevalt ees ja pingutades, et j\u00e4litajad maha raputada. L\u00f5puks j\u00e4i neid j\u00e4rele kolm. Kimihurura t\u00f5usul k\u00e4ivitas Vallieres j\u00f5ulise r\u00fcnnaku, j\u00e4ttes kohe j\u00e4rgij\u00e4\u00e4nud jooksikud (usmeremaalanna Niamh Fisher-Blacki ja hispaanlanna Mavi Garc\u00eda.) maha.<\/p>\n<p data-start=\"4878\" data-end=\"5216\">Ta kasvatas edu iga v\u00e4ntetp\u00f6\u00f6rdega ja \u00fcletas fini\u0161ijoone igati teenitud, kuigi \u00fcllatusliku v\u00f5iduga \u2013 23 sekundit Fisher-Blackist ja 26 sekundit Garc\u00edast ees\u00a0 41-aastane Garc\u00eda oli muuhulgas ka v\u00f5istluse vanim osaleja. Vallieresi jaoks, kes s\u00f5idab EF Education\u2013Oatly tiimis, oli see karj\u00e4\u00e4ri teine profiv\u00f5it \u2013 p\u00e4rast mullust Trofeo Palma Femina triumfi.<\/p>\n<p data-start=\"5218\" data-end=\"5715\">P\u00e4rast v\u00f5istlust tunnistas ta: \u201eEi, ma ei usu seda veel. Kindlasti mitte.\u201c Ent see oli nii domineeriv kui ka tark s\u00f5it. Olulist rolli m\u00e4ngis ka see, et kui Vallieres ja tema kaks kaaslast &#8220;rada lahti\u00a0 s\u00f5itsid&#8221;, siis kolm peafavoriiti \u2013 <a href=\"https:\/\/www.welovecycling.com\/wide\/2025\/08\/05\/pauline-ferrand-prevots-tdffaz-performance-will-change-cycling\/\">Pauline Ferrand-Pr\u00e9vot<\/a>, Elisa Longo Borghini ja Demi Vollering \u2013 passisid. Neil k\u00f5igil oli k\u00fcll seitse tiimikaaslast, aga otsustavatel hetkedel j\u00e4id nad \u00fcksinda. Ja keegi ei tahtnud ennast vahe kinni s\u00f5itmiseks ohverdada.<\/p>\n<p data-start=\"5717\" data-end=\"6212\">Ferrand-Pr\u00e9vot \u00fctles p\u00e4rast s\u00f5itu: \u201eMa ootasin, et [Demi] r\u00fcndaks, tema ootas, et mina r\u00fcndaksin, ja nii see l\u00e4kski \u2013 lasime v\u00f5imaluse k\u00e4est. See juhtub tihti maailmameistriv\u00f5istlustel v\u00f5i tiitliv\u00f5istlustel \u00fcldiselt.\u201c Vollering l\u00f5petas seitsmendana, 1:34 kaotusega, Longo Borghini ja Ferrand-Pr\u00e9vot olid vastavalt 15. ja 16. kohal, 1:50 kaotusega. Palju m\u00e4ngis rolli fakt ka, et maailmameistriv\u00f5istlustel ei ole raadiosidet lubatud \u2013 sageli ei teadnud nad, kui kaugel liidrid tegelikult on.<\/p>\n<p data-start=\"6214\" data-end=\"6759\">V\u00f5iduga j\u00e4ttis Vallieres seljataha k\u00f5igi t\u00e4navuste kolme suurtuuri v\u00f5itjad \u2013 Longo Borghini (Giro d\u2019Italia Women), Ferrand-Pr\u00e9vot (Tour de France Femmes avec Zwift) ja Vollering (Vuelta Espa\u00f1a Femenina). Seda v\u00f5ib nimetada Kanada \u201eSuureks Sl\u00e4mmiks\u201c. Pole paha, eriti arvestades, et j\u00e4rgmise aasta UCI maailmameistriv\u00f5istlused toimuvad Montrealis. \u201eOn suurep\u00e4rane v\u00f5ita just siin ,\u201c \u00fctles Vallieres. \u201eAga j\u00e4rgmise aasta maailmameistriv\u00f5istlused on Montrealis \u2013 see on t\u00e4iuslik. Mul oli unistus MM v\u00f5ita ja n\u00fc\u00fcd on see t\u00e4itunud. See on hullumeelne!\u201c<\/p>\n<p data-start=\"6761\" data-end=\"7150\">Ta r\u00f5hutas, et naiskond oli tema edu v\u00f5ti: \u201eOlen sellest juba m\u00f5nda aega unistanud \u2013 see oli minu suur eesm\u00e4rk selleks aastaks, nii et valmistusin korralikult k\u00f5rgm\u00e4estikus. Koos treeneriga teadsime, et see saab olema suur siht. Tiim keskendus sellele, t\u00fcdrukud uskusid minusse, mina uskusin endasse ja panin k\u00f5ik m\u00e4ngu. \u00dctlesin endale, et ei taha hiljem kahetseda \u2013 ja ei kahetsegi.\u201c<\/p>\n<hr data-start=\"7152\" data-end=\"7155\" \/>\n<h3 data-start=\"7157\" data-end=\"7232\">2025. aasta eliitratturite maailmameistriv\u00f5istluste grupis\u00f5it \u2013 mehed<\/h3>\n<ol>\n<li data-start=\"7236\" data-end=\"7277\"><strong data-start=\"7236\" data-end=\"7253\">Tadej Poga\u010dar<\/strong> (Sloveenia) \u2013 6:21:20<\/li>\n<li data-start=\"7281\" data-end=\"7315\">Remco Evenepoel (Belgia) \u2013 +1:28<\/li>\n<li data-start=\"7319\" data-end=\"7348\">Ben Healy (Iirimaa) \u2013 +2:16<\/li>\n<li data-start=\"7352\" data-end=\"7387\">Mattias Skjelmose (Taani) \u2013 +2:53<\/li>\n<li data-start=\"7391\" data-end=\"7419\">Toms Skuj\u0146\u0161 (L\u00e4ti) \u2013 +6:41<\/li>\n<li data-start=\"7423\" data-end=\"7457\">Giulio Ciccone (Itaalia) \u2013 +6:47<\/li>\n<li data-start=\"7461\" data-end=\"7498\">Isaac Del Toro (Mehhiko) \u2013 sama aeg<\/li>\n<li data-start=\"7502\" data-end=\"7537\">Juan Ayuso (Hispaania) \u2013 sama aeg<\/li>\n<li data-start=\"7541\" data-end=\"7576\">Afonso Eul\u00e1lio (Portugal) \u2013 +7:06<\/li>\n<li data-start=\"7581\" data-end=\"7618\">Tom Pidcock (Suurbritannia) \u2013 +9:05<\/li>\n<\/ol>\n<h3 data-start=\"7620\" data-end=\"7696\">2025. aasta eliitratturite maailmameistriv\u00f5istluste grupis\u00f5it \u2013 naised<\/h3>\n<ol>\n<li data-start=\"7700\" data-end=\"7745\"><strong data-start=\"7700\" data-end=\"7724\">Magdeleine Vallieres<\/strong> (Kanada) \u2013 4:34:48<\/li>\n<li data-start=\"7749\" data-end=\"7791\">Niamh Fisher-Black (Uus-Meremaa) \u2013 +0:23<\/li>\n<li data-start=\"7795\" data-end=\"7842\">Margarita Garcia Canellas (Hispaania) \u2013 +0:27<\/li>\n<li data-start=\"7846\" data-end=\"7878\">Elise Chabbey (\u0160veits) \u2013 +0:41<\/li>\n<li data-start=\"7882\" data-end=\"7919\">Riejanne Markus (Madalmaad) \u2013 +0:57<\/li>\n<li data-start=\"7923\" data-end=\"7963\">Antonia Niedermaier (Saksamaa) \u2013 +1:17<\/li>\n<li data-start=\"7967\" data-end=\"8003\">Demi Vollering (Madalmaad) \u2013 +1:34<\/li>\n<li data-start=\"8007\" data-end=\"8052\">Kim Le Court Pienaar (Mauritius) \u2013 sama aeg<\/li>\n<li data-start=\"8056\" data-end=\"8092\">Marlen Reusser (\u0160veits) \u2013 sama aeg<\/li>\n<li data-start=\"8097\" data-end=\"8146\">Katarzyna Niewiadoma-Phinney (Poola) \u2013 sama aeg<\/li>\n<\/ol>\n","protected":false},"excerpt":{"rendered":"<p>Sport on tegelikult lihtne asi. Meeskond, kellel on paremad m\u00e4ngijad, v\u00f5idab enamasti, ning tugevaim sportlane v\u00f5idab tavaliselt individuaalv\u00f5istlused. Seega ei [&hellip;]<\/p>\n","protected":false},"author":174,"featured_media":3067,"comment_status":"open","ping_status":"open","sticky":false,"template":"","format":"standard","meta":{"footnotes":""},"categories":[39],"tags":[485,482,486,487,466,272,273,342],"global-categories":[22],"class_list":["post-3066","post","type-post","status-publish","format-standard","has-post-thumbnail","hentry","category-maanteesoit","tag-2025-uci-maailmameistrivoistlused-maanteesoidus","tag-demi-vollering","tag-eddy-merckx","tag-elisa-longo-borghini","tag-pauline-ferrand-prevot","tag-remco-evenepoel","tag-tadej-pogacar","tag-tom-pidcock","global-categories-cycling"],"yoast_head":"<!-- This site is optimized with the Yoast SEO Premium plugin v25.3 (Yoast SEO v25.9) - https:\/\/yoast.com\/wordpress\/plugins\/seo\/ -->\n<title>Poga\u010dar v\u00f5itis maailmameistriv\u00f5istluste grupis\u00f5idu, Vallieres krooniti naiste maailmameistriks - \u0160koda We Love Cycling - Estonia<\/title>\n<meta name=\"description\" content=\"Sport on tegelikult lihtne asi. Meeskond, kellel on paremad m\u00e4ngijad, v\u00f5idab enamasti, ning tugevaim sportlane v\u00f5idab tavaliselt individuaalv\u00f5istlused. Seega ei olnud tegelikult \u00fcllatus, et Tadej Poga\u010dar v\u00f5itis p\u00fchap\u00e4eval eliitratturite maailmameistriv\u00f5istluste grupis\u00f5idu \u00fcsna suure vahega ja talle omasel viisil \u2013 pika, laastava soolos\u00f5iduga.\" \/>\n<meta name=\"robots\" content=\"index, follow, max-snippet:-1, max-image-preview:large, max-video-preview:-1\" \/>\n<link rel=\"canonical\" href=\"https:\/\/www.welovecycling.com\/ee\/2025\/09\/29\/pogacar-voitis-maailmameistrivoistluste-grupisoidu-vallieres-krooniti-naiste-maailmameistriks\/\" \/>\n<meta property=\"og:locale\" content=\"et_EE\" \/>\n<meta property=\"og:type\" content=\"article\" \/>\n<meta property=\"og:title\" content=\"Poga\u010dar v\u00f5itis maailmameistriv\u00f5istluste grupis\u00f5idu, Vallieres krooniti naiste maailmameistriks\" \/>\n<meta property=\"og:description\" content=\"Sport on tegelikult lihtne asi. Meeskond, kellel on paremad m\u00e4ngijad, v\u00f5idab enamasti, ning tugevaim sportlane v\u00f5idab tavaliselt individuaalv\u00f5istlused. Seega ei olnud tegelikult \u00fcllatus, et Tadej Poga\u010dar v\u00f5itis p\u00fchap\u00e4eval eliitratturite maailmameistriv\u00f5istluste grupis\u00f5idu \u00fcsna suure vahega ja talle omasel viisil \u2013 pika, laastava soolos\u00f5iduga.\" \/>\n<meta property=\"og:url\" content=\"https:\/\/www.welovecycling.com\/ee\/2025\/09\/29\/pogacar-voitis-maailmameistrivoistluste-grupisoidu-vallieres-krooniti-naiste-maailmameistriks\/\" \/>\n<meta property=\"og:site_name\" content=\"\u0160koda We Love Cycling - Estonia\" \/>\n<meta property=\"article:published_time\" content=\"2025-09-29T10:55:12+00:00\" \/>\n<meta property=\"og:image\" content=\"https:\/\/d2p6e6u75xmxt8.cloudfront.net\/15\/2025\/09\/mm.webp\" \/>\n\t<meta property=\"og:image:width\" content=\"991\" \/>\n\t<meta property=\"og:image:height\" content=\"659\" \/>\n\t<meta property=\"og:image:type\" content=\"image\/webp\" \/>\n<meta name=\"author\" content=\"andre\" \/>\n<meta name=\"twitter:card\" content=\"summary_large_image\" \/>\n<meta name=\"twitter:label1\" content=\"Written by\" \/>\n\t<meta name=\"twitter:data1\" content=\"Siegfried Mortkowitz\" \/>\n\t<meta name=\"twitter:label2\" content=\"Est. reading time\" \/>\n\t<meta name=\"twitter:data2\" content=\"5\" \/>\n<script type=\"application\/ld+json\" class=\"yoast-schema-graph\">{\"@context\":\"https:\/\/schema.org\",\"@graph\":[{\"@type\":\"WebPage\",\"@id\":\"https:\/\/www.welovecycling.com\/ee\/2025\/09\/29\/pogacar-voitis-maailmameistrivoistluste-grupisoidu-vallieres-krooniti-naiste-maailmameistriks\/\",\"url\":\"https:\/\/www.welovecycling.com\/ee\/2025\/09\/29\/pogacar-voitis-maailmameistrivoistluste-grupisoidu-vallieres-krooniti-naiste-maailmameistriks\/\",\"name\":\"Poga\u010dar v\u00f5itis maailmameistriv\u00f5istluste grupis\u00f5idu, Vallieres krooniti naiste maailmameistriks - \u0160koda We Love Cycling - Estonia\",\"isPartOf\":{\"@id\":\"https:\/\/www.welovecycling.com\/ee\/#website\"},\"primaryImageOfPage\":{\"@id\":\"https:\/\/www.welovecycling.com\/ee\/2025\/09\/29\/pogacar-voitis-maailmameistrivoistluste-grupisoidu-vallieres-krooniti-naiste-maailmameistriks\/#primaryimage\"},\"image\":{\"@id\":\"https:\/\/www.welovecycling.com\/ee\/2025\/09\/29\/pogacar-voitis-maailmameistrivoistluste-grupisoidu-vallieres-krooniti-naiste-maailmameistriks\/#primaryimage\"},\"thumbnailUrl\":\"https:\/\/d2p6e6u75xmxt8.cloudfront.net\/15\/2025\/09\/mm.webp\",\"datePublished\":\"2025-09-29T10:55:12+00:00\",\"author\":{\"@id\":\"https:\/\/www.welovecycling.com\/ee\/#\/schema\/person\/8b7101c4bd1b1ae9d3732ebb1e6caf57\"},\"description\":\"Sport on tegelikult lihtne asi. Meeskond, kellel on paremad m\u00e4ngijad, v\u00f5idab enamasti, ning tugevaim sportlane v\u00f5idab tavaliselt individuaalv\u00f5istlused. Seega ei olnud tegelikult \u00fcllatus, et Tadej Poga\u010dar v\u00f5itis p\u00fchap\u00e4eval eliitratturite maailmameistriv\u00f5istluste grupis\u00f5idu \u00fcsna suure vahega ja talle omasel viisil \u2013 pika, laastava soolos\u00f5iduga.\",\"inLanguage\":\"et\",\"potentialAction\":[{\"@type\":\"ReadAction\",\"target\":[\"https:\/\/www.welovecycling.com\/ee\/2025\/09\/29\/pogacar-voitis-maailmameistrivoistluste-grupisoidu-vallieres-krooniti-naiste-maailmameistriks\/\"]}]},{\"@type\":\"ImageObject\",\"inLanguage\":\"et\",\"@id\":\"https:\/\/www.welovecycling.com\/ee\/2025\/09\/29\/pogacar-voitis-maailmameistrivoistluste-grupisoidu-vallieres-krooniti-naiste-maailmameistriks\/#primaryimage\",\"url\":\"https:\/\/d2p6e6u75xmxt8.cloudfront.net\/15\/2025\/09\/mm.webp\",\"contentUrl\":\"https:\/\/d2p6e6u75xmxt8.cloudfront.net\/15\/2025\/09\/mm.webp\",\"width\":991,\"height\":659},{\"@type\":\"WebSite\",\"@id\":\"https:\/\/www.welovecycling.com\/ee\/#website\",\"url\":\"https:\/\/www.welovecycling.com\/ee\/\",\"name\":\"\u0160koda We Love Cycling - Estonia\",\"description\":\"\",\"potentialAction\":[{\"@type\":\"SearchAction\",\"target\":{\"@type\":\"EntryPoint\",\"urlTemplate\":\"https:\/\/www.welovecycling.com\/ee\/?s={search_term_string}\"},\"query-input\":{\"@type\":\"PropertyValueSpecification\",\"valueRequired\":true,\"valueName\":\"search_term_string\"}}],\"inLanguage\":\"et\"},{\"@type\":\"Person\",\"@id\":\"https:\/\/www.welovecycling.com\/ee\/#\/schema\/person\/8b7101c4bd1b1ae9d3732ebb1e6caf57\",\"name\":\"andre\",\"image\":{\"@type\":\"ImageObject\",\"inLanguage\":\"et\",\"@id\":\"https:\/\/www.welovecycling.com\/ee\/#\/schema\/person\/image\/\",\"url\":\"https:\/\/secure.gravatar.com\/avatar\/0656b3224fe17b018f43b8a562625dd43d30827f027b2f62bc5a05711fec9a61?s=96&d=mm&r=g\",\"contentUrl\":\"https:\/\/secure.gravatar.com\/avatar\/0656b3224fe17b018f43b8a562625dd43d30827f027b2f62bc5a05711fec9a61?s=96&d=mm&r=g\",\"caption\":\"andre\"},\"url\":\"https:\/\/www.welovecycling.com\/ee\/author\/andre\/\"}]}<\/script>\n<!-- \/ Yoast SEO Premium plugin. -->","yoast_head_json":{"title":"Poga\u010dar v\u00f5itis maailmameistriv\u00f5istluste grupis\u00f5idu, Vallieres krooniti naiste maailmameistriks - \u0160koda We Love Cycling - Estonia","description":"Sport on tegelikult lihtne asi. Meeskond, kellel on paremad m\u00e4ngijad, v\u00f5idab enamasti, ning tugevaim sportlane v\u00f5idab tavaliselt individuaalv\u00f5istlused. Seega ei olnud tegelikult \u00fcllatus, et Tadej Poga\u010dar v\u00f5itis p\u00fchap\u00e4eval eliitratturite maailmameistriv\u00f5istluste grupis\u00f5idu \u00fcsna suure vahega ja talle omasel viisil \u2013 pika, laastava soolos\u00f5iduga.","robots":{"index":"index","follow":"follow","max-snippet":"max-snippet:-1","max-image-preview":"max-image-preview:large","max-video-preview":"max-video-preview:-1"},"canonical":"https:\/\/www.welovecycling.com\/ee\/2025\/09\/29\/pogacar-voitis-maailmameistrivoistluste-grupisoidu-vallieres-krooniti-naiste-maailmameistriks\/","og_locale":"et_EE","og_type":"article","og_title":"Poga\u010dar v\u00f5itis maailmameistriv\u00f5istluste grupis\u00f5idu, Vallieres krooniti naiste maailmameistriks","og_description":"Sport on tegelikult lihtne asi. Meeskond, kellel on paremad m\u00e4ngijad, v\u00f5idab enamasti, ning tugevaim sportlane v\u00f5idab tavaliselt individuaalv\u00f5istlused. Seega ei olnud tegelikult \u00fcllatus, et Tadej Poga\u010dar v\u00f5itis p\u00fchap\u00e4eval eliitratturite maailmameistriv\u00f5istluste grupis\u00f5idu \u00fcsna suure vahega ja talle omasel viisil \u2013 pika, laastava soolos\u00f5iduga.","og_url":"https:\/\/www.welovecycling.com\/ee\/2025\/09\/29\/pogacar-voitis-maailmameistrivoistluste-grupisoidu-vallieres-krooniti-naiste-maailmameistriks\/","og_site_name":"\u0160koda We Love Cycling - Estonia","article_published_time":"2025-09-29T10:55:12+00:00","og_image":[{"width":991,"height":659,"url":"https:\/\/d2p6e6u75xmxt8.cloudfront.net\/15\/2025\/09\/mm.webp","type":"image\/webp"}],"author":"andre","twitter_card":"summary_large_image","twitter_misc":{"Written by":"Siegfried Mortkowitz","Est. reading time":"5"},"schema":{"@context":"https:\/\/schema.org","@graph":[{"@type":"WebPage","@id":"https:\/\/www.welovecycling.com\/ee\/2025\/09\/29\/pogacar-voitis-maailmameistrivoistluste-grupisoidu-vallieres-krooniti-naiste-maailmameistriks\/","url":"https:\/\/www.welovecycling.com\/ee\/2025\/09\/29\/pogacar-voitis-maailmameistrivoistluste-grupisoidu-vallieres-krooniti-naiste-maailmameistriks\/","name":"Poga\u010dar v\u00f5itis maailmameistriv\u00f5istluste grupis\u00f5idu, Vallieres krooniti naiste maailmameistriks - \u0160koda We Love Cycling - Estonia","isPartOf":{"@id":"https:\/\/www.welovecycling.com\/ee\/#website"},"primaryImageOfPage":{"@id":"https:\/\/www.welovecycling.com\/ee\/2025\/09\/29\/pogacar-voitis-maailmameistrivoistluste-grupisoidu-vallieres-krooniti-naiste-maailmameistriks\/#primaryimage"},"image":{"@id":"https:\/\/www.welovecycling.com\/ee\/2025\/09\/29\/pogacar-voitis-maailmameistrivoistluste-grupisoidu-vallieres-krooniti-naiste-maailmameistriks\/#primaryimage"},"thumbnailUrl":"https:\/\/d2p6e6u75xmxt8.cloudfront.net\/15\/2025\/09\/mm.webp","datePublished":"2025-09-29T10:55:12+00:00","author":{"@id":"https:\/\/www.welovecycling.com\/ee\/#\/schema\/person\/8b7101c4bd1b1ae9d3732ebb1e6caf57"},"description":"Sport on tegelikult lihtne asi. Meeskond, kellel on paremad m\u00e4ngijad, v\u00f5idab enamasti, ning tugevaim sportlane v\u00f5idab tavaliselt individuaalv\u00f5istlused. Seega ei olnud tegelikult \u00fcllatus, et Tadej Poga\u010dar v\u00f5itis p\u00fchap\u00e4eval eliitratturite maailmameistriv\u00f5istluste grupis\u00f5idu \u00fcsna suure vahega ja talle omasel viisil \u2013 pika, laastava soolos\u00f5iduga.","inLanguage":"et","potentialAction":[{"@type":"ReadAction","target":["https:\/\/www.welovecycling.com\/ee\/2025\/09\/29\/pogacar-voitis-maailmameistrivoistluste-grupisoidu-vallieres-krooniti-naiste-maailmameistriks\/"]}]},{"@type":"ImageObject","inLanguage":"et","@id":"https:\/\/www.welovecycling.com\/ee\/2025\/09\/29\/pogacar-voitis-maailmameistrivoistluste-grupisoidu-vallieres-krooniti-naiste-maailmameistriks\/#primaryimage","url":"https:\/\/d2p6e6u75xmxt8.cloudfront.net\/15\/2025\/09\/mm.webp","contentUrl":"https:\/\/d2p6e6u75xmxt8.cloudfront.net\/15\/2025\/09\/mm.webp","width":991,"height":659},{"@type":"WebSite","@id":"https:\/\/www.welovecycling.com\/ee\/#website","url":"https:\/\/www.welovecycling.com\/ee\/","name":"\u0160koda We Love Cycling - Estonia","description":"","potentialAction":[{"@type":"SearchAction","target":{"@type":"EntryPoint","urlTemplate":"https:\/\/www.welovecycling.com\/ee\/?s={search_term_string}"},"query-input":{"@type":"PropertyValueSpecification","valueRequired":true,"valueName":"search_term_string"}}],"inLanguage":"et"},{"@type":"Person","@id":"https:\/\/www.welovecycling.com\/ee\/#\/schema\/person\/8b7101c4bd1b1ae9d3732ebb1e6caf57","name":"andre","image":{"@type":"ImageObject","inLanguage":"et","@id":"https:\/\/www.welovecycling.com\/ee\/#\/schema\/person\/image\/","url":"https:\/\/secure.gravatar.com\/avatar\/0656b3224fe17b018f43b8a562625dd43d30827f027b2f62bc5a05711fec9a61?s=96&d=mm&r=g","contentUrl":"https:\/\/secure.gravatar.com\/avatar\/0656b3224fe17b018f43b8a562625dd43d30827f027b2f62bc5a05711fec9a61?s=96&d=mm&r=g","caption":"andre"},"url":"https:\/\/www.welovecycling.com\/ee\/author\/andre\/"}]}},"_links":{"self":[{"href":"https:\/\/www.welovecycling.com\/ee\/wp-json\/wp\/v2\/posts\/3066","targetHints":{"allow":["GET"]}}],"collection":[{"href":"https:\/\/www.welovecycling.com\/ee\/wp-json\/wp\/v2\/posts"}],"about":[{"href":"https:\/\/www.welovecycling.com\/ee\/wp-json\/wp\/v2\/types\/post"}],"author":[{"embeddable":true,"href":"https:\/\/www.welovecycling.com\/ee\/wp-json\/wp\/v2\/users\/174"}],"replies":[{"embeddable":true,"href":"https:\/\/www.welovecycling.com\/ee\/wp-json\/wp\/v2\/comments?post=3066"}],"version-history":[{"count":2,"href":"https:\/\/www.welovecycling.com\/ee\/wp-json\/wp\/v2\/posts\/3066\/revisions"}],"predecessor-version":[{"id":3069,"href":"https:\/\/www.welovecycling.com\/ee\/wp-json\/wp\/v2\/posts\/3066\/revisions\/3069"}],"wp:featuredmedia":[{"embeddable":true,"href":"https:\/\/www.welovecycling.com\/ee\/wp-json\/wp\/v2\/media\/3067"}],"wp:attachment":[{"href":"https:\/\/www.welovecycling.com\/ee\/wp-json\/wp\/v2\/media?parent=3066"}],"wp:term":[{"taxonomy":"category","embeddable":true,"href":"https:\/\/www.welovecycling.com\/ee\/wp-json\/wp\/v2\/categories?post=3066"},{"taxonomy":"post_tag","embeddable":true,"href":"https:\/\/www.welovecycling.com\/ee\/wp-json\/wp\/v2\/tags?post=3066"},{"taxonomy":"global-categories","embeddable":true,"href":"https:\/\/www.welovecycling.com\/ee\/wp-json\/wp\/v2\/global-categories?post=3066"}],"curies":[{"name":"wp","href":"https:\/\/api.w.org\/{rel}","templated":true}]}}