{"id":3062,"date":"2025-09-23T10:49:18","date_gmt":"2025-09-23T07:49:18","guid":{"rendered":"https:\/\/www.welovecycling.com\/ee\/?p=3062"},"modified":"2025-09-23T10:49:18","modified_gmt":"2025-09-23T07:49:18","slug":"evenepoel-purustab-vastased-mm-i-temposoidus-reusser-valitses-naiste-voistlust","status":"publish","type":"post","link":"https:\/\/www.welovecycling.com\/ee\/2025\/09\/23\/evenepoel-purustab-vastased-mm-i-temposoidus-reusser-valitses-naiste-voistlust\/","title":{"rendered":"Evenepoel purustab vastased MM-i tempos\u00f5idus, Reusser valitses naiste v\u00f5istlust"},"content":{"rendered":"<h2 data-start=\"297\" data-end=\"559\">P\u00fchap\u00e4evane UCI eliitmeeste maailmameistriv\u00f5istluste tempos\u00f5it pakkus aasta, kui mitte aastak\u00fcmne k\u00f5ige uskumatumat pilti, kui Kigali 40,6 km rajal, 2,1 km enne l\u00f5ppu, l\u00e4ks tiitlikaitsja Remco Evenepoel m\u00f6\u00f6da Tadej Poga\u010darist, kes oli startinud 2:30 enne teda.<\/h2>\n<p><!--more--><\/p>\n<hr data-start=\"561\" data-end=\"564\" \/>\n<h2 data-start=\"566\" data-end=\"592\"><strong>Kibe pill Poga\u010darile<\/strong><\/h2>\n<p data-start=\"593\" data-end=\"1149\">\u201eSee oli v\u00e4ga raske alla neelata,\u201c \u00fctles selgelt pettunud sloveen p\u00e4rast s\u00f5itu. 25-aastane belglane j\u00e4ttis valitseva grupis\u00f5idu maailmameistri maha viimasel neljast t\u00f5usust \u2013 munakivisel C\u00f4te de Kimihurura\u2019l (1,3 km @ 6,3%) \u2013 ning s\u00f5itis oma kolmanda j\u00e4rjestikuse tempos\u00f5idu maailmameistritiitli suunas. Sama on varem suutnud vaid austraallane Michael Rogers (2003\u20132005) ja sakslane Tony Martin (2011\u20132013). Austraallane Jay Vine s\u00f5itis suurep\u00e4rase s\u00f5idu ja kaotas vaid 1:14, samal ajal kui teine belglane, Ilan van Wilder, v\u00f5ttis kolmanda koha kaotusega v\u00f5itjale +2:36.<\/p>\n<p data-start=\"1151\" data-end=\"1467\">T\u00e4pselt nii \u2013 <a href=\"https:\/\/www.welovecycling.com\/wide\/2025\/08\/11\/i-have-to-enjoy-the-moment-pogacar-targets-hilly-european-championships-while-counting-down-to-retirement\/\">Poga\u010dar<\/a> ei j\u00f5udnud isegi poodiumile, j\u00e4\u00e4des Van Wilderile alla \u00fcheainsa sekundiga \u2013 ja seda oma 27. s\u00fcnnip\u00e4eval. Selgelt oli tal halb p\u00e4ev, kuid nii halb, et tekitab k\u00fcsimusi, kuidas ta n\u00e4dala p\u00e4rast grupis\u00f5idu MM-il vastu peab. Aga Poga\u010dar on Poga\u010dar \u2013 seega peab uskuma, et ta tuleb sinna v\u00f5itlema.<\/p>\n<p data-start=\"1469\" data-end=\"1921\">\u201eSee on v\u00e4ga m\u00f5ru pill alla neelata,\u201c \u00fctles ta, silmn\u00e4htavalt pettunult. \u201eV\u00f5ib-olla kui ma oleksin viimase kilomeetri alguses teadnud, et olen vaid \u00fche sekundi kaugusel poodiumist, oleksin leidnud veel veidi lisa. T\u00e4na kahetsen seda, aga homme on uus p\u00e4ev. See polnud mu parim s\u00f5it, kuid arvestades asjaolusid, v\u00f5in olla rahul, kuidas ma kannatasin.\u201c Seej\u00e4rel ta lisas: \u201eLoodan, et [Evenepoel] valmistas end 100% ette tempos\u00f5iduks ja 99% j\u00e4rgmiseks p\u00fchap\u00e4evaks.\u201c<\/p>\n<hr data-start=\"1923\" data-end=\"1926\" \/>\n<h2 data-start=\"1928\" data-end=\"1957\"><strong>Remco l\u00e4ks t\u00e4iega peale<\/strong><\/h2>\n<p data-start=\"1958\" data-end=\"2191\">Evenepoel ise \u00fctles: \u201eTundsin end kohe algusest h\u00e4sti. Esimesel tasasel osal jalg lihtsalt k\u00e4is. Hoidsin tempot ilma \u00fcle piiri minemata. Esimene t\u00f5us oli tegelikult p\u00e4ris raske, nagu ka viimased kaks, nii et seal vajutasin k\u00f5vasti.<\/p>\n<p data-start=\"2193\" data-end=\"2562\">Hiljem n\u00e4gin, et vahe oli p\u00e4ris suur, ja tahtsin hoida tempot kuni C\u00f4te de P\u00e9age\u2019i alguseni ning sealt edasi l\u00e4ksin t\u00e4iega. Aga pean \u00fctlema, et munakive vihkasin mingil hetkel \u2013 neid oli nii raske s\u00f5ita. Aga l\u00f5ppkokkuv\u00f5ttes on peamine, et ma v\u00f5itsin. Ja Ilan, mu tiimikaaslane ja sama p\u00f5lvkonna s\u00f5itja, tuli kolmandaks. Nii et meie jaoks fenomenaalne p\u00e4ev.\u201c<\/p>\n<p data-start=\"2564\" data-end=\"2934\">Kui TNT k\u00fcsis m\u00f6\u00f6dumisest Poga\u010darist, vastas ta: \u201eT\u00e4na polnud vahet, kes ees oli. Tahtsin lihtsalt esimesest t\u00f5usust alates v\u00f5imalikult k\u00f5vasti vajutada ja laskumistel taastuda. Munakividel, kui n\u00e4gin, et j\u00f5uan Poga\u010darile kiiresti j\u00e4rele, teadsin, et pean edasi suruma. Aga ausalt \u00f6eldes kartsin viimast 400 meetrit <em>false flat<\/em> osa l\u00f5pus, nii et ei tahtnud \u00fcle piiri minna.\u201c<\/p>\n<p data-start=\"2936\" data-end=\"3094\">Ta lisas, et ootab juba j\u00e4rgmist aastat, et saada ainsaks meheks, kes on v\u00f5itnud neli j\u00e4rjestikust tempos\u00f5idu MM-tiitlit. Selle vastu ei maksa kihla vedada.<\/p>\n<blockquote class=\"instagram-media\" style=\"background: #FFF; border: 0; border-radius: 3px; box-shadow: 0 0 1px 0 rgba(0,0,0,0.5),0 1px 10px 0 rgba(0,0,0,0.15); margin: 1px; max-width: 540px; min-width: 326px; padding: 0; width: calc(100% - 2px);\" data-instgrm-captioned=\"\" data-instgrm-permalink=\"https:\/\/www.instagram.com\/p\/DO5O7_cDIjj\/?utm_source=ig_embed&amp;utm_campaign=loading\" data-instgrm-version=\"14\">\n<div style=\"padding: 16px;\">\n<p>&nbsp;<\/p>\n<div style=\"display: flex; flex-direction: row; align-items: center;\">\n<div style=\"background-color: #f4f4f4; border-radius: 50%; flex-grow: 0; height: 40px; margin-right: 14px; width: 40px;\"><\/div>\n<div style=\"display: flex; flex-direction: column; flex-grow: 1; justify-content: center;\">\n<div style=\"background-color: #f4f4f4; border-radius: 4px; flex-grow: 0; height: 14px; margin-bottom: 6px; width: 100px;\"><\/div>\n<div style=\"background-color: #f4f4f4; border-radius: 4px; flex-grow: 0; height: 14px; width: 60px;\"><\/div>\n<\/div>\n<\/div>\n<div style=\"padding: 19% 0;\"><\/div>\n<div style=\"display: block; height: 50px; margin: 0 auto 12px; width: 50px;\"><\/div>\n<div style=\"padding-top: 8px;\">\n<div style=\"color: #3897f0; font-family: Arial,sans-serif; font-size: 14px; font-style: normal; font-weight: 550; line-height: 18px;\">View this post on Instagram<\/div>\n<\/div>\n<div style=\"padding: 12.5% 0;\"><\/div>\n<div style=\"display: flex; flex-direction: row; margin-bottom: 14px; align-items: center;\">\n<div>\n<div style=\"background-color: #f4f4f4; border-radius: 50%; height: 12.5px; width: 12.5px; transform: translateX(0px) translateY(7px);\"><\/div>\n<div style=\"background-color: #f4f4f4; height: 12.5px; transform: rotate(-45deg) translateX(3px) translateY(1px); width: 12.5px; flex-grow: 0; margin-right: 14px; margin-left: 2px;\"><\/div>\n<div style=\"background-color: #f4f4f4; border-radius: 50%; height: 12.5px; width: 12.5px; transform: translateX(9px) translateY(-18px);\"><\/div>\n<\/div>\n<div style=\"margin-left: 8px;\">\n<div style=\"background-color: #f4f4f4; border-radius: 50%; flex-grow: 0; height: 20px; width: 20px;\"><\/div>\n<div style=\"width: 0; height: 0; border-top: 2px solid transparent; border-left: 6px solid #f4f4f4; border-bottom: 2px solid transparent; transform: translateX(16px) translateY(-4px) rotate(30deg);\"><\/div>\n<\/div>\n<div style=\"margin-left: auto;\">\n<div style=\"width: 0px; border-top: 8px solid #F4F4F4; border-right: 8px solid transparent; transform: translateY(16px);\"><\/div>\n<div style=\"background-color: #f4f4f4; flex-grow: 0; height: 12px; width: 16px; transform: translateY(-4px);\"><\/div>\n<div style=\"width: 0; height: 0; border-top: 8px solid #F4F4F4; border-left: 8px solid transparent; transform: translateY(-4px) translateX(8px);\"><\/div>\n<\/div>\n<\/div>\n<div style=\"display: flex; flex-direction: column; flex-grow: 1; justify-content: center; margin-bottom: 24px;\">\n<div style=\"background-color: #f4f4f4; border-radius: 4px; flex-grow: 0; height: 14px; margin-bottom: 6px; width: 224px;\"><\/div>\n<div style=\"background-color: #f4f4f4; border-radius: 4px; flex-grow: 0; height: 14px; width: 144px;\"><\/div>\n<\/div>\n<p>&nbsp;<\/p>\n<p style=\"color: #c9c8cd; font-family: Arial,sans-serif; font-size: 14px; line-height: 17px; margin-bottom: 0; margin-top: 8px; overflow: hidden; padding: 8px 0 7px; text-align: center; text-overflow: ellipsis; white-space: nowrap;\"><a style=\"color: #c9c8cd; font-family: Arial,sans-serif; font-size: 14px; font-style: normal; font-weight: normal; line-height: 17px; text-decoration: none;\" href=\"https:\/\/www.instagram.com\/p\/DO5O7_cDIjj\/?utm_source=ig_embed&amp;utm_campaign=loading\" target=\"_blank\" rel=\"noopener\">A post shared by Kigali 2025 (@kigali2025)<\/a><\/p>\n<\/div>\n<\/blockquote>\n<p><script async src=\"\/\/www.instagram.com\/embed.js\"><\/script><\/p>\n<hr data-start=\"3096\" data-end=\"3099\" \/>\n<h2 data-start=\"3101\" data-end=\"3132\"><strong>Magus lunastus Reusserile<\/strong><\/h2>\n<p data-start=\"3133\" data-end=\"3371\">Eliitnaiste s\u00f5idus p\u00f6\u00f6ras \u0161veitslanna Marlen Reusser l\u00f5puks oma eba\u00f5nne MM-il, alistades j\u00f5ulise ja tugeva tempoga konkurendid. Ta edestas hollandlannasid Anna van der Breggenit 52 sekundiga ja Demi Volleringut 1:05-ga.<\/p>\n<p data-start=\"3373\" data-end=\"3751\">31,2 km pikkusel rajal oli kolm t\u00f5usu, sealhulgas raske munakivit\u00f5us C\u00f4te de Kimihurura enne fini\u0161it. See tundus olevat otsustav koht, kuid 34-aastane Reusser otsustas v\u00f5istluse juba varem, juhtides k\u00f5igil vaheaegadel. Kolmandas ajapunktis enne l\u00f5put\u00f5usu oli ta van der Breggeni ees vaid 23 sekundiga, kuid ta s\u00e4\u00e4stis oma tugevaima pingutuse viimaseks ja purustas konkurendid Kimihurura\u2019l.<\/p>\n<p data-start=\"3753\" data-end=\"4223\">Aafrika mandril peetud esimesed jalgrattaspordi maailmameistriv\u00f5istlused pakkusid Reusserile magusat lunastust. Ta oli l\u00f5petanud teise kohaga 2021. ja 2022. aastal, pidi 2023. aastal hooaja l\u00e4bip\u00f5lemise t\u00f5ttu katkestama ja 2024. aastal j\u00e4i eemale kukkumise ja Covidi t\u00f5ttu. T\u00e4navu paistis, et eba\u00f5nn tabab teda taas: Giro d\u2019Italia naiste s\u00f5idul haigestus ta ja pidi katkestama, samuti Tour de France Femmes\u2019i avasetapi. Pole ime, et ta vaevalt suutis oma v\u00f5itu uskuda.<\/p>\n<p data-start=\"4225\" data-end=\"4684\">\u201eMa ei suuda seda peaaegu uskuda. Ma tean, et see on p\u00e4ris ja juhtus just n\u00fc\u00fcd, aga olen nii palju kordi proovinud ja pole \u00f5nnestunud \u2013 n\u00fc\u00fcd l\u00f5puks \u00f5nnestus. See on v\u00e4ga eriline,\u201c \u00fctles ta TNT-le. \u201eVajutasin t\u00f5usudel k\u00f5vasti ja viimase alguses vist liiga k\u00f5vasti, sest jalad olid piimhappest t\u00e4is. Aga arvan, et see oli \u00f5ige taktika. Mul on eelis \u2013 olen \u00fcsna raske s\u00f5itja, nii et ilma suure pingutuseta saan kiiresti alla laskuda ja panustada kogu energia t\u00f5usudele.\u201c<\/p>\n<p data-start=\"4686\" data-end=\"5168\">Pettumuse valmistas 2019. ja 2023. aasta maailmameister Chlo\u00e9 Dygert, kes oli mullu kolmas. 28-aastane ameeriklanna ei tundunud algusest peale heas hoos olevat ja ei ohustanud kordagi esikolmikut. Ta l\u00f5petas \u00fcheksandana, kaotades 2:25. Pettumust valmistas ka Vollering \u2013 ta oli esimeses vaheajas Reusserist maas v\u00e4hem kui sekundiga, kuid vajus j\u00e4rk-j\u00e4rgult tahapoole, justkui k\u00e4iguvahetusega h\u00e4das olles. N\u00fc\u00fcd l\u00e4heb ta laup\u00e4evasele grupis\u00f5idule jahtima oma esimest vikerkaarev\u00e4rvilist s\u00e4rki.<\/p>\n<p data-start=\"5170\" data-end=\"5293\">Selle s\u00fcndmusterohke p\u00e4eva viimased s\u00f5nad kuulusid Reusserile, kes s\u00e4ras: \u201eMa tegin selle \u00e4ra. Olen nii \u00f5nnelik.\u201c<\/p>\n<hr data-start=\"5295\" data-end=\"5298\" \/>\n<h2 data-start=\"5300\" data-end=\"5338\"><strong>Eliitmeeste tempos\u00f5idu tulemused<\/strong><\/h2>\n<ol>\n<li data-start=\"5342\" data-end=\"5375\">Remco Evenepoel, Belgia \u2013 49:46<\/li>\n<li data-start=\"5379\" data-end=\"5409\">Jay Vine, Austraalia \u2013 +1:14<\/li>\n<li data-start=\"5413\" data-end=\"5446\">Ilan Van Wilder, Belgia \u2013 +2:36<\/li>\n<li data-start=\"5450\" data-end=\"5484\">Tadej Poga\u010dar, Sloveenia \u2013 +2:37<\/li>\n<li data-start=\"5488\" data-end=\"5521\">Isaac del Toro, Mehhiko \u2013 +2:40<\/li>\n<li data-start=\"5525\" data-end=\"5560\">Andreas Leknessund, Norra \u2013 +2:57<\/li>\n<li data-start=\"5564\" data-end=\"5596\">Luke Plapp, Austraalia \u2013 +3:03<\/li>\n<li data-start=\"5600\" data-end=\"5637\">Bruno Armirail, Prantsusmaa \u2013 +3:06<\/li>\n<li data-start=\"5641\" data-end=\"5675\">Thymen Arensman, Holland \u2013 +3:39<\/li>\n<li data-start=\"5680\" data-end=\"5709\">Stefan K\u00fcng, \u0160veits \u2013 +3:48<\/li>\n<\/ol>\n<h3 data-start=\"5711\" data-end=\"5749\"><\/h3>\n<h2 data-start=\"5711\" data-end=\"5749\"><strong>Eliitnaiste tempos\u00f5idu tulemused<\/strong><\/h2>\n<ol>\n<li data-start=\"5753\" data-end=\"5785\">Marlen Reusser, \u0160veits \u2013 43:09<\/li>\n<li data-start=\"5789\" data-end=\"5828\">Anna van der Breggen, Holland \u2013 +0:52<\/li>\n<li data-start=\"5832\" data-end=\"5865\">Demi Vollering, Holland \u2013 +1:05<\/li>\n<li data-start=\"5869\" data-end=\"5905\">Brodie Chapman, Austraalia \u2013 +1:21<\/li>\n<li data-start=\"5909\" data-end=\"5941\">Katrine Aalerud, Norra \u2013 +1:24<\/li>\n<li data-start=\"5945\" data-end=\"5984\">Antonia Niedermaier, Saksamaa \u2013 +1:29<\/li>\n<li data-start=\"5988\" data-end=\"6026\">Juliette Labous, Prantsusmaa \u2013 +1:33<\/li>\n<li data-start=\"6030\" data-end=\"6069\">Anna Henderson, Suurbritannia \u2013 +1:38<\/li>\n<li data-start=\"6073\" data-end=\"6100\">Chlo\u00e9 Dygert, USA \u2013 +2:25<\/li>\n<li data-start=\"6105\" data-end=\"6139\">Mireia Benito, Hispaania \u2013 +2:32<\/li>\n<\/ol>\n","protected":false},"excerpt":{"rendered":"<p>P\u00fchap\u00e4evane UCI eliitmeeste maailmameistriv\u00f5istluste tempos\u00f5it pakkus aasta, kui mitte aastak\u00fcmne k\u00f5ige uskumatumat pilti, kui Kigali 40,6 km rajal, 2,1 km [&hellip;]<\/p>\n","protected":false},"author":174,"featured_media":3064,"comment_status":"open","ping_status":"open","sticky":false,"template":"","format":"standard","meta":{"footnotes":""},"categories":[39],"tags":[481,482,239,483,484,272],"global-categories":[22],"class_list":["post-3062","post","type-post","status-publish","format-standard","has-post-thumbnail","hentry","category-maanteesoit","tag-2025-uci-maanteesoidu-maailmameistrivoistlused-ruandas","tag-demi-vollering","tag-eraldistart","tag-jay-vine","tag-marlen-reusser","tag-remco-evenepoel","global-categories-cycling"],"yoast_head":"<!-- This site is optimized with the Yoast SEO Premium plugin v25.3 (Yoast SEO v25.9) - https:\/\/yoast.com\/wordpress\/plugins\/seo\/ -->\n<title>Evenepoel purustab vastased MM-i tempos\u00f5idus, Reusser valitses naiste v\u00f5istlust - \u0160koda We Love Cycling - Estonia<\/title>\n<meta name=\"description\" content=\"P\u00fchap\u00e4evane UCI eliitmeeste maailmameistriv\u00f5istluste tempos\u00f5it pakkus aasta, kui mitte aastak\u00fcmne k\u00f5ige uskumatumat pilti, kui Kigali 40,6 km rajal, 2,1 km enne l\u00f5ppu, l\u00e4ks tiitlikaitsja Remco Evenepoel m\u00f6\u00f6da Tadej Poga\u010darist, kes oli startinud 2:30 enne teda.\" \/>\n<meta name=\"robots\" content=\"index, follow, max-snippet:-1, max-image-preview:large, max-video-preview:-1\" \/>\n<link rel=\"canonical\" href=\"https:\/\/www.welovecycling.com\/ee\/2025\/09\/23\/evenepoel-purustab-vastased-mm-i-temposoidus-reusser-valitses-naiste-voistlust\/\" \/>\n<meta property=\"og:locale\" content=\"et_EE\" \/>\n<meta property=\"og:type\" content=\"article\" \/>\n<meta property=\"og:title\" content=\"Evenepoel purustab vastased MM-i tempos\u00f5idus, Reusser valitses naiste v\u00f5istlust\" \/>\n<meta property=\"og:description\" content=\"P\u00fchap\u00e4evane UCI eliitmeeste maailmameistriv\u00f5istluste tempos\u00f5it pakkus aasta, kui mitte aastak\u00fcmne k\u00f5ige uskumatumat pilti, kui Kigali 40,6 km rajal, 2,1 km enne l\u00f5ppu, l\u00e4ks tiitlikaitsja Remco Evenepoel m\u00f6\u00f6da Tadej Poga\u010darist, kes oli startinud 2:30 enne teda.\" \/>\n<meta property=\"og:url\" content=\"https:\/\/www.welovecycling.com\/ee\/2025\/09\/23\/evenepoel-purustab-vastased-mm-i-temposoidus-reusser-valitses-naiste-voistlust\/\" \/>\n<meta property=\"og:site_name\" content=\"\u0160koda We Love Cycling - Estonia\" \/>\n<meta property=\"article:published_time\" content=\"2025-09-23T07:49:18+00:00\" \/>\n<meta property=\"og:image\" content=\"https:\/\/d2p6e6u75xmxt8.cloudfront.net\/15\/2025\/09\/kigliali.webp\" \/>\n\t<meta property=\"og:image:width\" content=\"888\" \/>\n\t<meta property=\"og:image:height\" content=\"595\" \/>\n\t<meta property=\"og:image:type\" content=\"image\/webp\" \/>\n<meta name=\"author\" content=\"andre\" \/>\n<meta name=\"twitter:card\" content=\"summary_large_image\" \/>\n<meta name=\"twitter:label1\" content=\"Written by\" \/>\n\t<meta name=\"twitter:data1\" content=\"Siegfried Mortkowitz\" \/>\n\t<meta name=\"twitter:label2\" content=\"Est. reading time\" \/>\n\t<meta name=\"twitter:data2\" content=\"4\" \/>\n<script type=\"application\/ld+json\" class=\"yoast-schema-graph\">{\"@context\":\"https:\/\/schema.org\",\"@graph\":[{\"@type\":\"WebPage\",\"@id\":\"https:\/\/www.welovecycling.com\/ee\/2025\/09\/23\/evenepoel-purustab-vastased-mm-i-temposoidus-reusser-valitses-naiste-voistlust\/\",\"url\":\"https:\/\/www.welovecycling.com\/ee\/2025\/09\/23\/evenepoel-purustab-vastased-mm-i-temposoidus-reusser-valitses-naiste-voistlust\/\",\"name\":\"Evenepoel purustab vastased MM-i tempos\u00f5idus, Reusser valitses naiste v\u00f5istlust - \u0160koda We Love Cycling - Estonia\",\"isPartOf\":{\"@id\":\"https:\/\/www.welovecycling.com\/ee\/#website\"},\"primaryImageOfPage\":{\"@id\":\"https:\/\/www.welovecycling.com\/ee\/2025\/09\/23\/evenepoel-purustab-vastased-mm-i-temposoidus-reusser-valitses-naiste-voistlust\/#primaryimage\"},\"image\":{\"@id\":\"https:\/\/www.welovecycling.com\/ee\/2025\/09\/23\/evenepoel-purustab-vastased-mm-i-temposoidus-reusser-valitses-naiste-voistlust\/#primaryimage\"},\"thumbnailUrl\":\"https:\/\/d2p6e6u75xmxt8.cloudfront.net\/15\/2025\/09\/kigliali.webp\",\"datePublished\":\"2025-09-23T07:49:18+00:00\",\"author\":{\"@id\":\"https:\/\/www.welovecycling.com\/ee\/#\/schema\/person\/8b7101c4bd1b1ae9d3732ebb1e6caf57\"},\"description\":\"P\u00fchap\u00e4evane UCI eliitmeeste maailmameistriv\u00f5istluste tempos\u00f5it pakkus aasta, kui mitte aastak\u00fcmne k\u00f5ige uskumatumat pilti, kui Kigali 40,6 km rajal, 2,1 km enne l\u00f5ppu, l\u00e4ks tiitlikaitsja Remco Evenepoel m\u00f6\u00f6da Tadej Poga\u010darist, kes oli startinud 2:30 enne teda.\",\"inLanguage\":\"et\",\"potentialAction\":[{\"@type\":\"ReadAction\",\"target\":[\"https:\/\/www.welovecycling.com\/ee\/2025\/09\/23\/evenepoel-purustab-vastased-mm-i-temposoidus-reusser-valitses-naiste-voistlust\/\"]}]},{\"@type\":\"ImageObject\",\"inLanguage\":\"et\",\"@id\":\"https:\/\/www.welovecycling.com\/ee\/2025\/09\/23\/evenepoel-purustab-vastased-mm-i-temposoidus-reusser-valitses-naiste-voistlust\/#primaryimage\",\"url\":\"https:\/\/d2p6e6u75xmxt8.cloudfront.net\/15\/2025\/09\/kigliali.webp\",\"contentUrl\":\"https:\/\/d2p6e6u75xmxt8.cloudfront.net\/15\/2025\/09\/kigliali.webp\",\"width\":888,\"height\":595},{\"@type\":\"WebSite\",\"@id\":\"https:\/\/www.welovecycling.com\/ee\/#website\",\"url\":\"https:\/\/www.welovecycling.com\/ee\/\",\"name\":\"\u0160koda We Love Cycling - Estonia\",\"description\":\"\",\"potentialAction\":[{\"@type\":\"SearchAction\",\"target\":{\"@type\":\"EntryPoint\",\"urlTemplate\":\"https:\/\/www.welovecycling.com\/ee\/?s={search_term_string}\"},\"query-input\":{\"@type\":\"PropertyValueSpecification\",\"valueRequired\":true,\"valueName\":\"search_term_string\"}}],\"inLanguage\":\"et\"},{\"@type\":\"Person\",\"@id\":\"https:\/\/www.welovecycling.com\/ee\/#\/schema\/person\/8b7101c4bd1b1ae9d3732ebb1e6caf57\",\"name\":\"andre\",\"image\":{\"@type\":\"ImageObject\",\"inLanguage\":\"et\",\"@id\":\"https:\/\/www.welovecycling.com\/ee\/#\/schema\/person\/image\/\",\"url\":\"https:\/\/secure.gravatar.com\/avatar\/0656b3224fe17b018f43b8a562625dd43d30827f027b2f62bc5a05711fec9a61?s=96&d=mm&r=g\",\"contentUrl\":\"https:\/\/secure.gravatar.com\/avatar\/0656b3224fe17b018f43b8a562625dd43d30827f027b2f62bc5a05711fec9a61?s=96&d=mm&r=g\",\"caption\":\"andre\"},\"url\":\"https:\/\/www.welovecycling.com\/ee\/author\/andre\/\"}]}<\/script>\n<!-- \/ Yoast SEO Premium plugin. -->","yoast_head_json":{"title":"Evenepoel purustab vastased MM-i tempos\u00f5idus, Reusser valitses naiste v\u00f5istlust - \u0160koda We Love Cycling - Estonia","description":"P\u00fchap\u00e4evane UCI eliitmeeste maailmameistriv\u00f5istluste tempos\u00f5it pakkus aasta, kui mitte aastak\u00fcmne k\u00f5ige uskumatumat pilti, kui Kigali 40,6 km rajal, 2,1 km enne l\u00f5ppu, l\u00e4ks tiitlikaitsja Remco Evenepoel m\u00f6\u00f6da Tadej Poga\u010darist, kes oli startinud 2:30 enne teda.","robots":{"index":"index","follow":"follow","max-snippet":"max-snippet:-1","max-image-preview":"max-image-preview:large","max-video-preview":"max-video-preview:-1"},"canonical":"https:\/\/www.welovecycling.com\/ee\/2025\/09\/23\/evenepoel-purustab-vastased-mm-i-temposoidus-reusser-valitses-naiste-voistlust\/","og_locale":"et_EE","og_type":"article","og_title":"Evenepoel purustab vastased MM-i tempos\u00f5idus, Reusser valitses naiste v\u00f5istlust","og_description":"P\u00fchap\u00e4evane UCI eliitmeeste maailmameistriv\u00f5istluste tempos\u00f5it pakkus aasta, kui mitte aastak\u00fcmne k\u00f5ige uskumatumat pilti, kui Kigali 40,6 km rajal, 2,1 km enne l\u00f5ppu, l\u00e4ks tiitlikaitsja Remco Evenepoel m\u00f6\u00f6da Tadej Poga\u010darist, kes oli startinud 2:30 enne teda.","og_url":"https:\/\/www.welovecycling.com\/ee\/2025\/09\/23\/evenepoel-purustab-vastased-mm-i-temposoidus-reusser-valitses-naiste-voistlust\/","og_site_name":"\u0160koda We Love Cycling - Estonia","article_published_time":"2025-09-23T07:49:18+00:00","og_image":[{"width":888,"height":595,"url":"https:\/\/d2p6e6u75xmxt8.cloudfront.net\/15\/2025\/09\/kigliali.webp","type":"image\/webp"}],"author":"andre","twitter_card":"summary_large_image","twitter_misc":{"Written by":"Siegfried Mortkowitz","Est. reading time":"4"},"schema":{"@context":"https:\/\/schema.org","@graph":[{"@type":"WebPage","@id":"https:\/\/www.welovecycling.com\/ee\/2025\/09\/23\/evenepoel-purustab-vastased-mm-i-temposoidus-reusser-valitses-naiste-voistlust\/","url":"https:\/\/www.welovecycling.com\/ee\/2025\/09\/23\/evenepoel-purustab-vastased-mm-i-temposoidus-reusser-valitses-naiste-voistlust\/","name":"Evenepoel purustab vastased MM-i tempos\u00f5idus, Reusser valitses naiste v\u00f5istlust - \u0160koda We Love Cycling - Estonia","isPartOf":{"@id":"https:\/\/www.welovecycling.com\/ee\/#website"},"primaryImageOfPage":{"@id":"https:\/\/www.welovecycling.com\/ee\/2025\/09\/23\/evenepoel-purustab-vastased-mm-i-temposoidus-reusser-valitses-naiste-voistlust\/#primaryimage"},"image":{"@id":"https:\/\/www.welovecycling.com\/ee\/2025\/09\/23\/evenepoel-purustab-vastased-mm-i-temposoidus-reusser-valitses-naiste-voistlust\/#primaryimage"},"thumbnailUrl":"https:\/\/d2p6e6u75xmxt8.cloudfront.net\/15\/2025\/09\/kigliali.webp","datePublished":"2025-09-23T07:49:18+00:00","author":{"@id":"https:\/\/www.welovecycling.com\/ee\/#\/schema\/person\/8b7101c4bd1b1ae9d3732ebb1e6caf57"},"description":"P\u00fchap\u00e4evane UCI eliitmeeste maailmameistriv\u00f5istluste tempos\u00f5it pakkus aasta, kui mitte aastak\u00fcmne k\u00f5ige uskumatumat pilti, kui Kigali 40,6 km rajal, 2,1 km enne l\u00f5ppu, l\u00e4ks tiitlikaitsja Remco Evenepoel m\u00f6\u00f6da Tadej Poga\u010darist, kes oli startinud 2:30 enne teda.","inLanguage":"et","potentialAction":[{"@type":"ReadAction","target":["https:\/\/www.welovecycling.com\/ee\/2025\/09\/23\/evenepoel-purustab-vastased-mm-i-temposoidus-reusser-valitses-naiste-voistlust\/"]}]},{"@type":"ImageObject","inLanguage":"et","@id":"https:\/\/www.welovecycling.com\/ee\/2025\/09\/23\/evenepoel-purustab-vastased-mm-i-temposoidus-reusser-valitses-naiste-voistlust\/#primaryimage","url":"https:\/\/d2p6e6u75xmxt8.cloudfront.net\/15\/2025\/09\/kigliali.webp","contentUrl":"https:\/\/d2p6e6u75xmxt8.cloudfront.net\/15\/2025\/09\/kigliali.webp","width":888,"height":595},{"@type":"WebSite","@id":"https:\/\/www.welovecycling.com\/ee\/#website","url":"https:\/\/www.welovecycling.com\/ee\/","name":"\u0160koda We Love Cycling - Estonia","description":"","potentialAction":[{"@type":"SearchAction","target":{"@type":"EntryPoint","urlTemplate":"https:\/\/www.welovecycling.com\/ee\/?s={search_term_string}"},"query-input":{"@type":"PropertyValueSpecification","valueRequired":true,"valueName":"search_term_string"}}],"inLanguage":"et"},{"@type":"Person","@id":"https:\/\/www.welovecycling.com\/ee\/#\/schema\/person\/8b7101c4bd1b1ae9d3732ebb1e6caf57","name":"andre","image":{"@type":"ImageObject","inLanguage":"et","@id":"https:\/\/www.welovecycling.com\/ee\/#\/schema\/person\/image\/","url":"https:\/\/secure.gravatar.com\/avatar\/0656b3224fe17b018f43b8a562625dd43d30827f027b2f62bc5a05711fec9a61?s=96&d=mm&r=g","contentUrl":"https:\/\/secure.gravatar.com\/avatar\/0656b3224fe17b018f43b8a562625dd43d30827f027b2f62bc5a05711fec9a61?s=96&d=mm&r=g","caption":"andre"},"url":"https:\/\/www.welovecycling.com\/ee\/author\/andre\/"}]}},"_links":{"self":[{"href":"https:\/\/www.welovecycling.com\/ee\/wp-json\/wp\/v2\/posts\/3062","targetHints":{"allow":["GET"]}}],"collection":[{"href":"https:\/\/www.welovecycling.com\/ee\/wp-json\/wp\/v2\/posts"}],"about":[{"href":"https:\/\/www.welovecycling.com\/ee\/wp-json\/wp\/v2\/types\/post"}],"author":[{"embeddable":true,"href":"https:\/\/www.welovecycling.com\/ee\/wp-json\/wp\/v2\/users\/174"}],"replies":[{"embeddable":true,"href":"https:\/\/www.welovecycling.com\/ee\/wp-json\/wp\/v2\/comments?post=3062"}],"version-history":[{"count":2,"href":"https:\/\/www.welovecycling.com\/ee\/wp-json\/wp\/v2\/posts\/3062\/revisions"}],"predecessor-version":[{"id":3065,"href":"https:\/\/www.welovecycling.com\/ee\/wp-json\/wp\/v2\/posts\/3062\/revisions\/3065"}],"wp:featuredmedia":[{"embeddable":true,"href":"https:\/\/www.welovecycling.com\/ee\/wp-json\/wp\/v2\/media\/3064"}],"wp:attachment":[{"href":"https:\/\/www.welovecycling.com\/ee\/wp-json\/wp\/v2\/media?parent=3062"}],"wp:term":[{"taxonomy":"category","embeddable":true,"href":"https:\/\/www.welovecycling.com\/ee\/wp-json\/wp\/v2\/categories?post=3062"},{"taxonomy":"post_tag","embeddable":true,"href":"https:\/\/www.welovecycling.com\/ee\/wp-json\/wp\/v2\/tags?post=3062"},{"taxonomy":"global-categories","embeddable":true,"href":"https:\/\/www.welovecycling.com\/ee\/wp-json\/wp\/v2\/global-categories?post=3062"}],"curies":[{"name":"wp","href":"https:\/\/api.w.org\/{rel}","templated":true}]}}