{"id":3044,"date":"2025-09-22T15:05:09","date_gmt":"2025-09-22T12:05:09","guid":{"rendered":"https:\/\/www.welovecycling.com\/ee\/?p=3044"},"modified":"2025-09-22T15:05:09","modified_gmt":"2025-09-22T12:05:09","slug":"kes-on-kolmekordne-suurtuuri-voitja-jonas-vingegaard","status":"publish","type":"post","link":"https:\/\/www.welovecycling.com\/ee\/2025\/09\/22\/kes-on-kolmekordne-suurtuuri-voitja-jonas-vingegaard\/","title":{"rendered":"Kes on kolmekordne suurtuuri v\u00f5itja Jonas Vingegaard?"},"content":{"rendered":"<h2 data-start=\"284\" data-end=\"554\">K\u00f5igepealt \u2013 Jonas Vingegaard on 28-aastane taanlane ning Visma\u2013Lease a Bike rattur, kes hiljuti jrooniti (pigem tagasihoidlikus \u00f5hkkonnas) 2025. aasta Vuelta a Espa\u00f1a v\u00f5itjaks p\u00e4rast domineerivat s\u00f5itu Bolsa del Mundo tippu, mis osutus kogu v\u00f5istluse viimaseks kilomeetriks.<\/h2>\n<p data-start=\"284\" data-end=\"554\"><!--more--><\/p>\n<p data-start=\"556\" data-end=\"1162\">See oli tema kolmas etapiv\u00f5it Vueltal \u2013 rohkem kui kellelgi teisel \u2013 ja kindlustas tema karj\u00e4\u00e4ri kolmanda suurtuuri \u00fcldv\u00f5idu, p\u00e4rast Tour de France\u2019i triumfe 2022. ja 2023. aastal. Ta v\u00f5inuks v\u00f5ita v\u00e4hemalt kaks, v\u00f5ib-olla isegi kolm lisatuuri ning olla tituleeritud oma p\u00f5lvkonna parimaks ratturiks, kui poleks olnud <a href=\"https:\/\/www.welovecycling.com\/wide\/2024\/10\/16\/opinion-is-pogacar-too-good-for-the-sport\/\">Tadej Poga\u010darit<\/a>, kes on n\u00fc\u00fcdseks teda kolmel Touril edestanud, sealhulgas kahel viimasel. Tegelikult v\u00f5ib Poga\u010dari valitsusaega v\u00e4hemalt kaudselt siduda Vingegaardi 2023. aasta Touri v\u00f5iduga, sest just p\u00e4rast seda kaotust viis sloveen oma oskused uuele tasemele.<\/p>\n<hr data-start=\"1164\" data-end=\"1167\" \/>\n<h2 data-start=\"1169\" data-end=\"1190\"><strong>Kalaurist staariks<\/strong><\/h2>\n<p data-start=\"1192\" data-end=\"1644\">Enne t\u00f5sist l\u00e4bimurret t\u00f6\u00f6tas Vingegaard osaajaga treeningute k\u00f5rvalt kalatehases <a href=\"https:\/\/velo.outsideonline.com\/road\/road-racing\/tour-de-france\/before-hitting-the-tour-de-france-podium-jonas-vingegaard-worked-in-a-fish-packing-plant\/\">Hanstholmis<\/a>, kus ta puhastas, fileeris ja pakkis kala. Ta on <a href=\"https:\/\/www.nytimes.com\/2022\/07\/24\/sports\/cycling\/tour-de-france-jonas-vingegaard.html#:~:text=Six%20months%20before%20joining%20Jumbo,top%20of%20the%20cycling%20world.\">\u00f6elnud<\/a>, et see varahommikune t\u00f6\u00f6 ning f\u00fc\u00fcsiliselt raske rutiin k\u00fclmades tingimustes aitasid tal kujundada vaimse sitkuse ja t\u00f6\u00f6kuse, mis on profirattaspordis h\u00e4davajalikud. Sel ajal s\u00f5itis ta Continental-taseme meeskonnas Coloquick-CULT \u2013 algul 2016 praktikandina, seej\u00e4rel t\u00e4isliikmena 2017 ja 2018.<\/p>\n<p data-start=\"1646\" data-end=\"2032\">Ta saavutas mitu esik\u00fcmne tulemust U23 v\u00f5istlustel ning etapiv\u00f5idu 2018. aasta Tour de l\u2019Avenir\u2019il meeskondlikus tempos\u00f5idus. See p\u00e4lvis Jumbo-Visma t\u00e4helepanu, kes palkas ta 2019. aastal. Sama aasta Poola velotuuril v\u00f5itis ta etapi, edestades Pavel Sivakovit ja Jai Hindley\u2019t, ning tegi 2020. aastal oma suurtuuride deb\u00fc\u00fcdi Vueltal, mille v\u00f5itis tema meeskonnakaaslane Primo\u017e Rogli\u010d.<\/p>\n<p data-start=\"2034\" data-end=\"2601\">Ka Rogli\u010d m\u00e4ngis kaudselt rolli selles, et Vingegaard t\u00f5usis potentsiaalseks Tour de France\u2019i v\u00f5itjaks. 2021. aasta Tourile l\u00e4ks Jonas sloveenlasest liidri abimehena, kuid Rogli\u010d pidi p\u00e4rast kukkumist 8. etapil katkestama. Siis oli Vingegaard \u00fcldarvestuses viies, 5:00 Poga\u010dari taga, ning m\u00e4\u00e4rati meeskonna liidriks. Ta l\u00f5petas kolmandas n\u00e4dalas m\u00f5lemal m\u00e4efini\u0161id teisena ning viimasel tempos\u00f5idul edestas 27 sekundiga Poga\u010darit. L\u00f5ppkokkuv\u00f5ttes saavutas ta \u00fcldarvestuses teise koha, kaotades sloveenile \u00fclej\u00e4\u00e4nud 13 etapi jooksul vaid 20 sekundit. T\u00e4ht oli s\u00fcndinud.<\/p>\n<hr data-start=\"2603\" data-end=\"2606\" \/>\n<h2 data-start=\"2608\" data-end=\"2642\"><strong>Hirmus kukkumine ja lunastus<\/strong><\/h2>\n<p data-start=\"2644\" data-end=\"3240\">Mullu tabas Vingegaardi karj\u00e4\u00e4ri ilmselt madalaim punkt. Itzulia Basque Country 4. etapil, aeglase kurvilise laskumise l\u00f5puosas, s\u00f5itis ta puujuurte t\u00f5ttu deformeerunud asfaldil\u00f5igule ja paiskus betoonist kuivenduskraavi. Ta murdis seitse roiet, rinnaku, rangluu ja s\u00f5rme, sai sinikaid ning verevalumeid kopsude \u00fcmbruses ja ka raske p\u00f5rutuse tulemusena vajus \u00fcks kops kokku. Kiirabiga viidi ta Hispaania haiglasse intensiivravisse. See \u00f5nnetus rikkus tema treeningu ja v\u00f5istlusgraafiku, j\u00e4ttes ta ilma planeeritud laagritest ja startidest ning seadis kahtluse alla osalemise <a href=\"https:\/\/www.letour.fr\/en\/\">Tour de France<\/a>\u2019il, mis algas v\u00e4hem kui kolme kuu p\u00e4rast.<\/p>\n<p data-start=\"3242\" data-end=\"3807\">Tal \u00f5nnestus siiksi Touri ajaks taastuda ja vormi saada ja seda ilma \u00fchegi ettevalmistava v\u00f5istluseta. See, et ta l\u00f5petas \u00fcldarvestuses teisena ja v\u00f5itis isegi \u00fche etapi, on minu hinnangul \u00fcks tema karj\u00e4\u00e4ri t\u00e4helepanuv\u00e4\u00e4rsemaid saavutusi. P\u00e4rast seda, kui ta alistas 11. etapil Poga\u010dari, puhkes ta <a href=\"https:\/\/www.tiktok.com\/@itvsport\/video\/7390021357632752928\">intervjuus<\/a> nutma. \u201eKukkumisest taastumine ja see v\u00f5it t\u00e4hendavad mulle nii palju. K\u00f5ik, mida viimase kolme kuu jooksul kogesin&#8230; ma poleks iial suutnud seda teha ilma oma perekonnata. Olen lihtsalt \u00f5nnelik, et saan siin olla. V\u00f5ita etapp, eriti pere jaoks, t\u00e4hendab k\u00f5ike. Nad olid kogu aeg minu k\u00f5rval.\u201c<\/p>\n<hr data-start=\"3809\" data-end=\"3812\" \/>\n<h2 data-start=\"3814\" data-end=\"3836\"><strong>Perekond on k\u00f5ik<\/strong><\/h2>\n<p data-start=\"3838\" data-end=\"4520\">Jonase heaolu jaoks on keskne roll abikaasal Trine Marie Vingegaard Hansenil ja kahel lapsel \u2013 t\u00fctar Frida (s\u00fcndinud septembris 2020) ja poeg Hugo (s\u00fcndinud septembris 2024). Sageli on n\u00e4htud, kuidas ta helistab p\u00e4rast v\u00f5itu koju; abikaasa ja t\u00fctar on korduvalt tulnud ka fini\u0161isse teda tervitama. Oma lapsi armastab ta aga sedav\u00f5rd, et ei luba neil kunagi profiratturiks saada. Kui <a href=\"https:\/\/www.nieuwsblad.be\/\">Nieuwsblad<\/a> k\u00fcsis, kas ta laseks lastel tulevikus v\u00f5idu s\u00f5ita, vastas ta: \u201eAusalt \u00f6eldes, kui mu t\u00fctar v\u00f5i poeg seda k\u00fcsiks \u2013 \u201eIssi, kas me v\u00f5ime v\u00f5idu s\u00f5ita?\u201c \u2013 siis vastus on \u201eei\u201c. Praegune rattasport&#8230; see on lihtsalt liiga ohtlik.\u201c<\/p>\n<p data-start=\"4522\" data-end=\"4917\">Tema t\u00e4isnimi on Jonas Vingegaard Hansen \u2013 ta on v\u00f5tnud oma abikaasa perekonnanime, nagu kunagi ema nime Vingegaard. <a href=\"https:\/\/ororide.com\/who-is-jonas-vingegaards-wife-surprising-truth-tour-de-france-champions-partner\/\">Ororide.com<\/a> teatel m\u00e4ngis ema Karina Vingegaard Rasmussen olulist rolli poja karj\u00e4\u00e4ris, aidates tal \u00fcletada \u00e4revust ja eneses kahtlemist ning keeldudes lubamast tal spordist loobuda, ehkki varases nooruses kaasnesid pinged nii suure n\u00e4rvilisusega, et ta oksendas enne v\u00f5istlusi.<\/p>\n<p data-start=\"4919\" data-end=\"5311\">Sellel Vueltal oli ta ehk k\u00fcpsem, ebatavaliselt muretu ja enesekindel, isegi siis, kui haigus m\u00f5jutas tema s\u00f5itu ja meedia kahtles tema favoriidistaatuses. Ka Touril n\u00e4itas ta ootamatut teravust, r\u00fcnnates olukordades, kus oleks v\u00f5inud targem tagasi hoida, ning suutis sloveenlasest rivaaliga mitmel t\u00f5usul sammu pidada. See oligi \u00fcks faktoreid, mis Poga\u010dari teisel v\u00f5istluspoolel \u00e4rritas.<\/p>\n<hr data-start=\"5313\" data-end=\"5316\" \/>\n<h2 data-start=\"5318\" data-end=\"5340\"><strong>Kas vahe sulgub?<\/strong><\/h2>\n<p data-start=\"5342\" data-end=\"5866\">Vingegaard on n\u00fc\u00fcd nii enesekindel, et usub \u2013 v\u00f5ib-olla suudab ta j\u00e4rgmisel suurtuuril oma igip\u00f5list rivaali siiski alistada. \u201eSee Vuelta annab mulle lootust ja usku, et saan teda j\u00e4rgmisel aastal veelgi rohkem proovile panna,\u201c \u00fctles ta <a href=\"https:\/\/www.feltet.dk\/landevej\/vingegaard-foeler-han-har-lukket-hullet-til-pogacar\/10944965\">feltet.dk<\/a>-le. \u201eIsegi Tour de France\u2019il, kuigi sellel aastal kaotasin selgelt, sain ma sellest enesekindlust. Mul oli Touril halbu p\u00e4evi, mida on endiselt raske seletada. Aga oma parimatel p\u00e4evadel ei suutnud ta mind maha j\u00e4tta. See annab mulle tunde, et olen vahet eelmise aastaga v\u00e4hendanud.\u201c<\/p>\n<p data-start=\"5868\" data-end=\"6230\">Aga isegi kui ta ei v\u00f5ida Poga\u010darit enam kunagi, on ta juba kindlustanud koha jalgrattaspordi ajaloos. Ja kui ta j\u00e4rgmisel aastal stardib Giro d\u2019Italia\u2019l, nagu lubanud, ning selle v\u00f5idab, saab ta t\u00e4iskomplekti \u2013 k\u00f5ik kolm suurtuuri. Seda on suutnud vaid seitse ratturit ajaloos. Mitte \u00fckski neist polnud nimega Poga\u010dar.<\/p>\n","protected":false},"excerpt":{"rendered":"<p>K\u00f5igepealt \u2013 Jonas Vingegaard on 28-aastane taanlane ning Visma\u2013Lease a Bike rattur, kes hiljuti jrooniti (pigem tagasihoidlikus \u00f5hkkonnas) 2025. aasta [&hellip;]<\/p>\n","protected":false},"author":174,"featured_media":3045,"comment_status":"open","ping_status":"open","sticky":false,"template":"","format":"standard","meta":{"footnotes":""},"categories":[39],"tags":[271,139,14],"global-categories":[22],"class_list":["post-3044","post","type-post","status-publish","format-standard","has-post-thumbnail","hentry","category-maanteesoit","tag-jonas-vingegaard","tag-la-vuelta","tag-tour-de-france","global-categories-cycling"],"yoast_head":"<!-- This site is optimized with the Yoast SEO Premium plugin v25.3 (Yoast SEO v25.9) - https:\/\/yoast.com\/wordpress\/plugins\/seo\/ -->\n<title>Kes on kolmekordne suurtuuri v\u00f5itja Jonas Vingegaard? - \u0160koda We Love Cycling - Estonia<\/title>\n<meta name=\"description\" content=\"K\u00f5igepealt \u2013 Jonas Vingegaard on 28-aastane taanlane ning Visma\u2013Lease a Bike rattur, kes hiljuti jrooniti (pigem tagasihoidlikus \u00f5hkkonnas) 2025. aasta Vuelta a Espa\u00f1a v\u00f5itjaks p\u00e4rast domineerivat s\u00f5itu Bolsa del Mundo tippu, mis osutus kogu v\u00f5istluse viimaseks kilomeetriks.\" \/>\n<meta name=\"robots\" content=\"index, follow, max-snippet:-1, max-image-preview:large, max-video-preview:-1\" \/>\n<link rel=\"canonical\" href=\"https:\/\/www.welovecycling.com\/ee\/2025\/09\/22\/kes-on-kolmekordne-suurtuuri-voitja-jonas-vingegaard\/\" \/>\n<meta property=\"og:locale\" content=\"et_EE\" \/>\n<meta property=\"og:type\" content=\"article\" \/>\n<meta property=\"og:title\" content=\"Kes on kolmekordne suurtuuri v\u00f5itja Jonas Vingegaard?\" \/>\n<meta property=\"og:description\" content=\"K\u00f5igepealt \u2013 Jonas Vingegaard on 28-aastane taanlane ning Visma\u2013Lease a Bike rattur, kes hiljuti jrooniti (pigem tagasihoidlikus \u00f5hkkonnas) 2025. aasta Vuelta a Espa\u00f1a v\u00f5itjaks p\u00e4rast domineerivat s\u00f5itu Bolsa del Mundo tippu, mis osutus kogu v\u00f5istluse viimaseks kilomeetriks.\" \/>\n<meta property=\"og:url\" content=\"https:\/\/www.welovecycling.com\/ee\/2025\/09\/22\/kes-on-kolmekordne-suurtuuri-voitja-jonas-vingegaard\/\" \/>\n<meta property=\"og:site_name\" content=\"\u0160koda We Love Cycling - Estonia\" \/>\n<meta property=\"article:published_time\" content=\"2025-09-22T12:05:09+00:00\" \/>\n<meta property=\"og:image\" content=\"https:\/\/d2p6e6u75xmxt8.cloudfront.net\/15\/2025\/09\/jonas.webp\" \/>\n\t<meta property=\"og:image:width\" content=\"990\" \/>\n\t<meta property=\"og:image:height\" content=\"662\" \/>\n\t<meta property=\"og:image:type\" content=\"image\/webp\" \/>\n<meta name=\"author\" content=\"andre\" \/>\n<meta name=\"twitter:card\" content=\"summary_large_image\" \/>\n<meta name=\"twitter:label1\" content=\"Written by\" \/>\n\t<meta name=\"twitter:data1\" content=\"Siegfried Mortkowitz\" \/>\n\t<meta name=\"twitter:label2\" content=\"Est. reading time\" \/>\n\t<meta name=\"twitter:data2\" content=\"4\" \/>\n<script type=\"application\/ld+json\" class=\"yoast-schema-graph\">{\"@context\":\"https:\/\/schema.org\",\"@graph\":[{\"@type\":\"WebPage\",\"@id\":\"https:\/\/www.welovecycling.com\/ee\/2025\/09\/22\/kes-on-kolmekordne-suurtuuri-voitja-jonas-vingegaard\/\",\"url\":\"https:\/\/www.welovecycling.com\/ee\/2025\/09\/22\/kes-on-kolmekordne-suurtuuri-voitja-jonas-vingegaard\/\",\"name\":\"Kes on kolmekordne suurtuuri v\u00f5itja Jonas Vingegaard? - \u0160koda We Love Cycling - Estonia\",\"isPartOf\":{\"@id\":\"https:\/\/www.welovecycling.com\/ee\/#website\"},\"primaryImageOfPage\":{\"@id\":\"https:\/\/www.welovecycling.com\/ee\/2025\/09\/22\/kes-on-kolmekordne-suurtuuri-voitja-jonas-vingegaard\/#primaryimage\"},\"image\":{\"@id\":\"https:\/\/www.welovecycling.com\/ee\/2025\/09\/22\/kes-on-kolmekordne-suurtuuri-voitja-jonas-vingegaard\/#primaryimage\"},\"thumbnailUrl\":\"https:\/\/d2p6e6u75xmxt8.cloudfront.net\/15\/2025\/09\/jonas.webp\",\"datePublished\":\"2025-09-22T12:05:09+00:00\",\"author\":{\"@id\":\"https:\/\/www.welovecycling.com\/ee\/#\/schema\/person\/8b7101c4bd1b1ae9d3732ebb1e6caf57\"},\"description\":\"K\u00f5igepealt \u2013 Jonas Vingegaard on 28-aastane taanlane ning Visma\u2013Lease a Bike rattur, kes hiljuti jrooniti (pigem tagasihoidlikus \u00f5hkkonnas) 2025. aasta Vuelta a Espa\u00f1a v\u00f5itjaks p\u00e4rast domineerivat s\u00f5itu Bolsa del Mundo tippu, mis osutus kogu v\u00f5istluse viimaseks kilomeetriks.\",\"inLanguage\":\"et\",\"potentialAction\":[{\"@type\":\"ReadAction\",\"target\":[\"https:\/\/www.welovecycling.com\/ee\/2025\/09\/22\/kes-on-kolmekordne-suurtuuri-voitja-jonas-vingegaard\/\"]}]},{\"@type\":\"ImageObject\",\"inLanguage\":\"et\",\"@id\":\"https:\/\/www.welovecycling.com\/ee\/2025\/09\/22\/kes-on-kolmekordne-suurtuuri-voitja-jonas-vingegaard\/#primaryimage\",\"url\":\"https:\/\/d2p6e6u75xmxt8.cloudfront.net\/15\/2025\/09\/jonas.webp\",\"contentUrl\":\"https:\/\/d2p6e6u75xmxt8.cloudfront.net\/15\/2025\/09\/jonas.webp\",\"width\":990,\"height\":662},{\"@type\":\"WebSite\",\"@id\":\"https:\/\/www.welovecycling.com\/ee\/#website\",\"url\":\"https:\/\/www.welovecycling.com\/ee\/\",\"name\":\"\u0160koda We Love Cycling - Estonia\",\"description\":\"\",\"potentialAction\":[{\"@type\":\"SearchAction\",\"target\":{\"@type\":\"EntryPoint\",\"urlTemplate\":\"https:\/\/www.welovecycling.com\/ee\/?s={search_term_string}\"},\"query-input\":{\"@type\":\"PropertyValueSpecification\",\"valueRequired\":true,\"valueName\":\"search_term_string\"}}],\"inLanguage\":\"et\"},{\"@type\":\"Person\",\"@id\":\"https:\/\/www.welovecycling.com\/ee\/#\/schema\/person\/8b7101c4bd1b1ae9d3732ebb1e6caf57\",\"name\":\"andre\",\"image\":{\"@type\":\"ImageObject\",\"inLanguage\":\"et\",\"@id\":\"https:\/\/www.welovecycling.com\/ee\/#\/schema\/person\/image\/\",\"url\":\"https:\/\/secure.gravatar.com\/avatar\/0656b3224fe17b018f43b8a562625dd43d30827f027b2f62bc5a05711fec9a61?s=96&d=mm&r=g\",\"contentUrl\":\"https:\/\/secure.gravatar.com\/avatar\/0656b3224fe17b018f43b8a562625dd43d30827f027b2f62bc5a05711fec9a61?s=96&d=mm&r=g\",\"caption\":\"andre\"},\"url\":\"https:\/\/www.welovecycling.com\/ee\/author\/andre\/\"}]}<\/script>\n<!-- \/ Yoast SEO Premium plugin. -->","yoast_head_json":{"title":"Kes on kolmekordne suurtuuri v\u00f5itja Jonas Vingegaard? - \u0160koda We Love Cycling - Estonia","description":"K\u00f5igepealt \u2013 Jonas Vingegaard on 28-aastane taanlane ning Visma\u2013Lease a Bike rattur, kes hiljuti jrooniti (pigem tagasihoidlikus \u00f5hkkonnas) 2025. aasta Vuelta a Espa\u00f1a v\u00f5itjaks p\u00e4rast domineerivat s\u00f5itu Bolsa del Mundo tippu, mis osutus kogu v\u00f5istluse viimaseks kilomeetriks.","robots":{"index":"index","follow":"follow","max-snippet":"max-snippet:-1","max-image-preview":"max-image-preview:large","max-video-preview":"max-video-preview:-1"},"canonical":"https:\/\/www.welovecycling.com\/ee\/2025\/09\/22\/kes-on-kolmekordne-suurtuuri-voitja-jonas-vingegaard\/","og_locale":"et_EE","og_type":"article","og_title":"Kes on kolmekordne suurtuuri v\u00f5itja Jonas Vingegaard?","og_description":"K\u00f5igepealt \u2013 Jonas Vingegaard on 28-aastane taanlane ning Visma\u2013Lease a Bike rattur, kes hiljuti jrooniti (pigem tagasihoidlikus \u00f5hkkonnas) 2025. aasta Vuelta a Espa\u00f1a v\u00f5itjaks p\u00e4rast domineerivat s\u00f5itu Bolsa del Mundo tippu, mis osutus kogu v\u00f5istluse viimaseks kilomeetriks.","og_url":"https:\/\/www.welovecycling.com\/ee\/2025\/09\/22\/kes-on-kolmekordne-suurtuuri-voitja-jonas-vingegaard\/","og_site_name":"\u0160koda We Love Cycling - Estonia","article_published_time":"2025-09-22T12:05:09+00:00","og_image":[{"width":990,"height":662,"url":"https:\/\/d2p6e6u75xmxt8.cloudfront.net\/15\/2025\/09\/jonas.webp","type":"image\/webp"}],"author":"andre","twitter_card":"summary_large_image","twitter_misc":{"Written by":"Siegfried Mortkowitz","Est. reading time":"4"},"schema":{"@context":"https:\/\/schema.org","@graph":[{"@type":"WebPage","@id":"https:\/\/www.welovecycling.com\/ee\/2025\/09\/22\/kes-on-kolmekordne-suurtuuri-voitja-jonas-vingegaard\/","url":"https:\/\/www.welovecycling.com\/ee\/2025\/09\/22\/kes-on-kolmekordne-suurtuuri-voitja-jonas-vingegaard\/","name":"Kes on kolmekordne suurtuuri v\u00f5itja Jonas Vingegaard? - \u0160koda We Love Cycling - Estonia","isPartOf":{"@id":"https:\/\/www.welovecycling.com\/ee\/#website"},"primaryImageOfPage":{"@id":"https:\/\/www.welovecycling.com\/ee\/2025\/09\/22\/kes-on-kolmekordne-suurtuuri-voitja-jonas-vingegaard\/#primaryimage"},"image":{"@id":"https:\/\/www.welovecycling.com\/ee\/2025\/09\/22\/kes-on-kolmekordne-suurtuuri-voitja-jonas-vingegaard\/#primaryimage"},"thumbnailUrl":"https:\/\/d2p6e6u75xmxt8.cloudfront.net\/15\/2025\/09\/jonas.webp","datePublished":"2025-09-22T12:05:09+00:00","author":{"@id":"https:\/\/www.welovecycling.com\/ee\/#\/schema\/person\/8b7101c4bd1b1ae9d3732ebb1e6caf57"},"description":"K\u00f5igepealt \u2013 Jonas Vingegaard on 28-aastane taanlane ning Visma\u2013Lease a Bike rattur, kes hiljuti jrooniti (pigem tagasihoidlikus \u00f5hkkonnas) 2025. aasta Vuelta a Espa\u00f1a v\u00f5itjaks p\u00e4rast domineerivat s\u00f5itu Bolsa del Mundo tippu, mis osutus kogu v\u00f5istluse viimaseks kilomeetriks.","inLanguage":"et","potentialAction":[{"@type":"ReadAction","target":["https:\/\/www.welovecycling.com\/ee\/2025\/09\/22\/kes-on-kolmekordne-suurtuuri-voitja-jonas-vingegaard\/"]}]},{"@type":"ImageObject","inLanguage":"et","@id":"https:\/\/www.welovecycling.com\/ee\/2025\/09\/22\/kes-on-kolmekordne-suurtuuri-voitja-jonas-vingegaard\/#primaryimage","url":"https:\/\/d2p6e6u75xmxt8.cloudfront.net\/15\/2025\/09\/jonas.webp","contentUrl":"https:\/\/d2p6e6u75xmxt8.cloudfront.net\/15\/2025\/09\/jonas.webp","width":990,"height":662},{"@type":"WebSite","@id":"https:\/\/www.welovecycling.com\/ee\/#website","url":"https:\/\/www.welovecycling.com\/ee\/","name":"\u0160koda We Love Cycling - Estonia","description":"","potentialAction":[{"@type":"SearchAction","target":{"@type":"EntryPoint","urlTemplate":"https:\/\/www.welovecycling.com\/ee\/?s={search_term_string}"},"query-input":{"@type":"PropertyValueSpecification","valueRequired":true,"valueName":"search_term_string"}}],"inLanguage":"et"},{"@type":"Person","@id":"https:\/\/www.welovecycling.com\/ee\/#\/schema\/person\/8b7101c4bd1b1ae9d3732ebb1e6caf57","name":"andre","image":{"@type":"ImageObject","inLanguage":"et","@id":"https:\/\/www.welovecycling.com\/ee\/#\/schema\/person\/image\/","url":"https:\/\/secure.gravatar.com\/avatar\/0656b3224fe17b018f43b8a562625dd43d30827f027b2f62bc5a05711fec9a61?s=96&d=mm&r=g","contentUrl":"https:\/\/secure.gravatar.com\/avatar\/0656b3224fe17b018f43b8a562625dd43d30827f027b2f62bc5a05711fec9a61?s=96&d=mm&r=g","caption":"andre"},"url":"https:\/\/www.welovecycling.com\/ee\/author\/andre\/"}]}},"_links":{"self":[{"href":"https:\/\/www.welovecycling.com\/ee\/wp-json\/wp\/v2\/posts\/3044","targetHints":{"allow":["GET"]}}],"collection":[{"href":"https:\/\/www.welovecycling.com\/ee\/wp-json\/wp\/v2\/posts"}],"about":[{"href":"https:\/\/www.welovecycling.com\/ee\/wp-json\/wp\/v2\/types\/post"}],"author":[{"embeddable":true,"href":"https:\/\/www.welovecycling.com\/ee\/wp-json\/wp\/v2\/users\/174"}],"replies":[{"embeddable":true,"href":"https:\/\/www.welovecycling.com\/ee\/wp-json\/wp\/v2\/comments?post=3044"}],"version-history":[{"count":2,"href":"https:\/\/www.welovecycling.com\/ee\/wp-json\/wp\/v2\/posts\/3044\/revisions"}],"predecessor-version":[{"id":3047,"href":"https:\/\/www.welovecycling.com\/ee\/wp-json\/wp\/v2\/posts\/3044\/revisions\/3047"}],"wp:featuredmedia":[{"embeddable":true,"href":"https:\/\/www.welovecycling.com\/ee\/wp-json\/wp\/v2\/media\/3045"}],"wp:attachment":[{"href":"https:\/\/www.welovecycling.com\/ee\/wp-json\/wp\/v2\/media?parent=3044"}],"wp:term":[{"taxonomy":"category","embeddable":true,"href":"https:\/\/www.welovecycling.com\/ee\/wp-json\/wp\/v2\/categories?post=3044"},{"taxonomy":"post_tag","embeddable":true,"href":"https:\/\/www.welovecycling.com\/ee\/wp-json\/wp\/v2\/tags?post=3044"},{"taxonomy":"global-categories","embeddable":true,"href":"https:\/\/www.welovecycling.com\/ee\/wp-json\/wp\/v2\/global-categories?post=3044"}],"curies":[{"name":"wp","href":"https:\/\/api.w.org\/{rel}","templated":true}]}}