{"id":3033,"date":"2025-09-12T13:37:35","date_gmt":"2025-09-12T10:37:35","guid":{"rendered":"https:\/\/www.welovecycling.com\/ee\/?p=3033"},"modified":"2025-09-12T13:37:35","modified_gmt":"2025-09-12T10:37:35","slug":"5-peamist-pohjust-miks-sa-rattal-enam-ei-arene","status":"publish","type":"post","link":"https:\/\/www.welovecycling.com\/ee\/2025\/09\/12\/5-peamist-pohjust-miks-sa-rattal-enam-ei-arene\/","title":{"rendered":"5 peamist p\u00f5hjust, miks sa rattal enam ei arene"},"content":{"rendered":"<h2 data-start=\"243\" data-end=\"708\">See on tuttav pettumus \u2013 panustad aega, v\u00f5ib-olla isegi rohkem kui eelmisel aastal, kuid tunne on, et areng on toppama j\u00e4\u00e4nud. Edasiminek, mis varem tuli kiiresti, n\u00e4ib n\u00fc\u00fcd kui l\u00f5putu r\u00fcgamine v\u00f5i veel hullem \u2013 nagu oleks see sootuks kadunud. T\u00f5de on see, et arenguseisak on enamasti paljude v\u00e4ikeste tegurite koosm\u00f5ju, mis sinu edenemise kinni kiiluvad. Hea uudis? \u00d5igete muudatustega saad j\u00e4lle edasi arenema hakata. Siin on 5 levinumat s\u00fc\u00fcdlast ja lahendused.<\/h2>\n<p data-start=\"243\" data-end=\"708\"><!--more--><\/p>\n<hr data-start=\"710\" data-end=\"713\" \/>\n<h2 data-start=\"715\" data-end=\"753\">1. Sa vaatad ainult kogukoormust<\/h2>\n<p data-start=\"754\" data-end=\"1018\">Enamikul meist on piir, kui palju tunde n\u00e4dalas rattaga s\u00f5ita saab. Kui lagi on saavutatud, siis mahu lisamine pole enam v\u00f5imalik. Intensiivsuse t\u00f5stmine \u2013 n\u00e4iteks struktureeritud intervallid \u2013 t\u00f6\u00f6tab m\u00f5nda aega, kuid ka see lakkab l\u00f5puks suuri tulemusi andmast.<\/p>\n<p data-start=\"1020\" data-end=\"1198\">Kui k\u00f5ik treeningud n\u00e4evad samasugused v\u00e4lja, kordad sa lihtsalt tegevust, millega keha on juba kohanenud. Teisis\u00f5nu, oled sellest treeninguplokist kogu mahla v\u00e4lja pigistanud.<\/p>\n<p data-start=\"1200\" data-end=\"1576\"><strong data-start=\"1200\" data-end=\"1214\">Mida teha:<\/strong> muuda l\u00e4henemist. M\u00f5tle treeningfaaside kaupa: plokid, kus keskendud erinevatele s\u00fcsteemidele \u2013 vastupidavus, l\u00e4vi, <a href=\"https:\/\/www.welovecycling.com\/wide\/2019\/11\/26\/build-your-own-cycling-training-plan-vo2-max-workouts\/\">VO\u2082 max<\/a>, sprindid \u2013 ning nende vahele taastumine. Vormilangus treeninguploki l\u00f5pus ei ole l\u00e4bikukkumine, vaid m\u00e4rk, et oled selle s\u00fcsteemi piisavalt \u00e4ra v\u00e4sitanud ning aeg on k\u00e4iku vahetada. L\u00fchidalt: \u00e4ra ignoreeri korralikku periodiseeringut.<\/p>\n<hr data-start=\"1578\" data-end=\"1581\" \/>\n<h2 data-start=\"1583\" data-end=\"1628\">2. Sa pole aastaid oma tsoone uuendanud<\/h2>\n<p data-start=\"1629\" data-end=\"1883\">Treeningplaan toimib ainult siis, kui sinu treeningtsoonid on \u00f5iged. Kui v\u00f5imsuse v\u00f5i pulsitsoonid p\u00f5hinevad vanal testil, v\u00f5id pingutada liiga v\u00e4he v\u00f5i vastupidi \u2013 liiga k\u00f5vasti, seda ise m\u00e4rkamata. M\u00f5lemad variandid t\u00e4hendavad raisatud treeninguaega.<\/p>\n<p data-start=\"1885\" data-end=\"2211\"><strong data-start=\"1885\" data-end=\"1899\">Mida teha:<\/strong> uuenda oma tsoone regulaarselt. See ei t\u00e4henda iga \u201chea jala\u201d s\u00f5idu j\u00e4rel, vaid iga paari kuu tagant kontrolli, kus sinu l\u00e4vi tegelikult asub. Kui treenid nii v\u00f5imsuse kui pulsiga, vaata, kuidas need omavahel haakuvad: ideaalis peaksid ajapikku suutma samal pulsil rohkem vatte toota. See on selge arengum\u00e4rk.<\/p>\n<hr data-start=\"2213\" data-end=\"2216\" \/>\n<h2 data-start=\"2218\" data-end=\"2245\">3. Sa s\u00f6\u00f6d liiga v\u00e4he<\/h2>\n<p data-start=\"2246\" data-end=\"2520\">Soojemal ajal muutuvad s\u00f5idud pikemaks ja energiakulu suuremaks. Samal ajal proovivad paljud ratturid hooajaks kaalu langetada. Probleem on selles, et kui n\u00e4dalate ja kuude kaupa alatoituda, ei p\u00f5leta sa mitte ainult rasva, vaid p\u00e4rsid ka keha v\u00f5imet treeningule kohaneda.<\/p>\n<p data-start=\"2522\" data-end=\"2801\"><strong data-start=\"2522\" data-end=\"2536\">Mida teha:<\/strong> m\u00f5tle k\u00fctuse peale n\u00e4dalate, mitte p\u00e4evade kaupa. Kui s\u00f5idud l\u00e4hevad pikemaks, kuid toidukogused j\u00e4\u00e4vad samaks, on aeg toitumist kohandada. Kui s\u00f6\u00f6d pidevalt liiga v\u00e4he, seab keha esikohale elluj\u00e4\u00e4mise, mitte kohanemise \u2013 t\u00e4pselt vastupidine sellele, mida tahad.<\/p>\n<hr data-start=\"2803\" data-end=\"2806\" \/>\n<h2 data-start=\"2808\" data-end=\"2844\">4. Sa alahindad valgu t\u00e4htsust<\/h2>\n<p data-start=\"2845\" data-end=\"3105\">Ratturid armastavad s\u00fcsivesikuid \u2013 p\u00f5hjusega, sest need annavad energiat rasketeks treeninguteks. Kuid valk kipub tihti t\u00e4helepanuta j\u00e4\u00e4ma. Kui seda on liiga v\u00e4he, aeglustub taastumine ja lihaste parandamine kannatab. Pikapeale j\u00e4\u00e4d loiuks, isegi kui puhkad.<\/p>\n<p data-start=\"3107\" data-end=\"3394\"><strong data-start=\"3107\" data-end=\"3121\">Mida teha:<\/strong> tarbi umbes 1,5\u20132 g valku kehakaalu kilogrammi kohta p\u00e4evas. J\u00e4lgi m\u00f5ne p\u00e4eva jooksul, kui palju sa tegelikult toidust k\u00e4tte saad \u2013 tulemus v\u00f5ib \u00fcllatada. Kui s\u00fcsivesikute ja valgu tasakaal on paigas, saad k\u00f5vasti treenida, kiiremini taastuda ja oma pingutusest reaalselt kasu l\u00f5igata.<\/p>\n<hr data-start=\"3396\" data-end=\"3399\" \/>\n<h2 data-start=\"3401\" data-end=\"3431\">5. Sa ei puhka piisavalt<\/h2>\n<p data-start=\"3432\" data-end=\"3658\">M\u00f5nikord ei ole probleem liiga v\u00e4he, vaid hoopis liiga palju treeningut. Pikemad p\u00e4evad meelitavad rohkem s\u00f5itma ja grupis\u00f5idud lisavad intensiivsust. Kui aga puhkust ei j\u00e4tku, muutub kogu treening lihtsalt taustav\u00e4simuseks.<\/p>\n<p data-start=\"3660\" data-end=\"4034\"><strong data-start=\"3660\" data-end=\"3674\">Mida teha:<\/strong> sea <a href=\"https:\/\/www.welovecycling.com\/wide\/2025\/06\/20\/breathwork-for-recovery-focus-and-nerves-cyclists-secret-weapon\/\">taastumine sama suureks prioriteediks<\/a> kui treenimine. See t\u00e4hendab und, kergemaid s\u00f5ite ja v\u00e4hemalt \u00fchte t\u00e4ielikku puhkep\u00e4eva iga n\u00e4dal v\u00f5i paari tagant. Aseta rasked treeningud nii, et sa l\u00e4hed neile vastu v\u00e4rskelt \u2013 kvaliteet on alati parem kui kvantiteet. \u00c4ra vaata taastumist kui kaotatud aega, vaid kui protsessi, mis teeb treeningu \u00fcldse t\u00f5husaks.<\/p>\n<hr data-start=\"4036\" data-end=\"4039\" \/>\n<p data-start=\"4041\" data-end=\"4287\">Arenguseisak ei t\u00e4henda, et oled igaveseks oma piirini j\u00f5udnud. See on loomulik osa treenimisest. Oluline on olukorda m\u00e4rgata ja m\u00f5ista, kus kitsaskoht peitub. N\u00fc\u00fcd on sul kontrollnimekiri, mille abil saad hinnata, miks areng toppama on j\u00e4\u00e4nud.<\/p>\n","protected":false},"excerpt":{"rendered":"<p>See on tuttav pettumus \u2013 panustad aega, v\u00f5ib-olla isegi rohkem kui eelmisel aastal, kuid tunne on, et areng on toppama [&hellip;]<\/p>\n","protected":false},"author":174,"featured_media":3034,"comment_status":"open","ping_status":"open","sticky":false,"template":"","format":"standard","meta":{"footnotes":""},"categories":[43],"tags":[477,476,356],"global-categories":[22],"class_list":["post-3033","post","type-post","status-publish","format-standard","has-post-thumbnail","hentry","category-tervis-trenn","tag-jalgratta-treening","tag-oskused-rattal","tag-proteiin","global-categories-cycling"],"yoast_head":"<!-- This site is optimized with the Yoast SEO Premium plugin v25.3 (Yoast SEO v25.9) - https:\/\/yoast.com\/wordpress\/plugins\/seo\/ -->\n<title>5 peamist p\u00f5hjust, miks sa rattal enam ei arene - \u0160koda We Love Cycling - Estonia<\/title>\n<meta name=\"robots\" content=\"index, follow, max-snippet:-1, max-image-preview:large, max-video-preview:-1\" \/>\n<link rel=\"canonical\" href=\"https:\/\/www.welovecycling.com\/ee\/2025\/09\/12\/5-peamist-pohjust-miks-sa-rattal-enam-ei-arene\/\" \/>\n<meta property=\"og:locale\" content=\"et_EE\" \/>\n<meta property=\"og:type\" content=\"article\" \/>\n<meta property=\"og:title\" content=\"5 peamist p\u00f5hjust, miks sa rattal enam ei arene\" \/>\n<meta property=\"og:description\" content=\"See on tuttav pettumus \u2013 panustad aega, v\u00f5ib-olla isegi rohkem kui eelmisel aastal, kuid tunne on, et areng on toppama [&hellip;]\" \/>\n<meta property=\"og:url\" content=\"https:\/\/www.welovecycling.com\/ee\/2025\/09\/12\/5-peamist-pohjust-miks-sa-rattal-enam-ei-arene\/\" \/>\n<meta property=\"og:site_name\" content=\"\u0160koda We Love Cycling - Estonia\" \/>\n<meta property=\"article:published_time\" content=\"2025-09-12T10:37:35+00:00\" \/>\n<meta property=\"og:image\" content=\"https:\/\/d2p6e6u75xmxt8.cloudfront.net\/15\/2025\/09\/arene.webp\" \/>\n\t<meta property=\"og:image:width\" content=\"986\" \/>\n\t<meta property=\"og:image:height\" content=\"658\" \/>\n\t<meta property=\"og:image:type\" content=\"image\/webp\" \/>\n<meta name=\"author\" content=\"andre\" \/>\n<meta name=\"twitter:card\" content=\"summary_large_image\" \/>\n<meta name=\"twitter:label1\" content=\"Written by\" \/>\n\t<meta name=\"twitter:data1\" content=\"Jiri Kaloc\" \/>\n\t<meta name=\"twitter:label2\" content=\"Est. reading time\" \/>\n\t<meta name=\"twitter:data2\" content=\"3\" \/>\n<script type=\"application\/ld+json\" class=\"yoast-schema-graph\">{\"@context\":\"https:\/\/schema.org\",\"@graph\":[{\"@type\":\"WebPage\",\"@id\":\"https:\/\/www.welovecycling.com\/ee\/2025\/09\/12\/5-peamist-pohjust-miks-sa-rattal-enam-ei-arene\/\",\"url\":\"https:\/\/www.welovecycling.com\/ee\/2025\/09\/12\/5-peamist-pohjust-miks-sa-rattal-enam-ei-arene\/\",\"name\":\"5 peamist p\u00f5hjust, miks sa rattal enam ei arene - \u0160koda We Love Cycling - Estonia\",\"isPartOf\":{\"@id\":\"https:\/\/www.welovecycling.com\/ee\/#website\"},\"primaryImageOfPage\":{\"@id\":\"https:\/\/www.welovecycling.com\/ee\/2025\/09\/12\/5-peamist-pohjust-miks-sa-rattal-enam-ei-arene\/#primaryimage\"},\"image\":{\"@id\":\"https:\/\/www.welovecycling.com\/ee\/2025\/09\/12\/5-peamist-pohjust-miks-sa-rattal-enam-ei-arene\/#primaryimage\"},\"thumbnailUrl\":\"https:\/\/d2p6e6u75xmxt8.cloudfront.net\/15\/2025\/09\/arene.webp\",\"datePublished\":\"2025-09-12T10:37:35+00:00\",\"author\":{\"@id\":\"https:\/\/www.welovecycling.com\/ee\/#\/schema\/person\/8b7101c4bd1b1ae9d3732ebb1e6caf57\"},\"inLanguage\":\"et\",\"potentialAction\":[{\"@type\":\"ReadAction\",\"target\":[\"https:\/\/www.welovecycling.com\/ee\/2025\/09\/12\/5-peamist-pohjust-miks-sa-rattal-enam-ei-arene\/\"]}]},{\"@type\":\"ImageObject\",\"inLanguage\":\"et\",\"@id\":\"https:\/\/www.welovecycling.com\/ee\/2025\/09\/12\/5-peamist-pohjust-miks-sa-rattal-enam-ei-arene\/#primaryimage\",\"url\":\"https:\/\/d2p6e6u75xmxt8.cloudfront.net\/15\/2025\/09\/arene.webp\",\"contentUrl\":\"https:\/\/d2p6e6u75xmxt8.cloudfront.net\/15\/2025\/09\/arene.webp\",\"width\":986,\"height\":658},{\"@type\":\"WebSite\",\"@id\":\"https:\/\/www.welovecycling.com\/ee\/#website\",\"url\":\"https:\/\/www.welovecycling.com\/ee\/\",\"name\":\"\u0160koda We Love Cycling - Estonia\",\"description\":\"\",\"potentialAction\":[{\"@type\":\"SearchAction\",\"target\":{\"@type\":\"EntryPoint\",\"urlTemplate\":\"https:\/\/www.welovecycling.com\/ee\/?s={search_term_string}\"},\"query-input\":{\"@type\":\"PropertyValueSpecification\",\"valueRequired\":true,\"valueName\":\"search_term_string\"}}],\"inLanguage\":\"et\"},{\"@type\":\"Person\",\"@id\":\"https:\/\/www.welovecycling.com\/ee\/#\/schema\/person\/8b7101c4bd1b1ae9d3732ebb1e6caf57\",\"name\":\"andre\",\"image\":{\"@type\":\"ImageObject\",\"inLanguage\":\"et\",\"@id\":\"https:\/\/www.welovecycling.com\/ee\/#\/schema\/person\/image\/\",\"url\":\"https:\/\/secure.gravatar.com\/avatar\/0656b3224fe17b018f43b8a562625dd43d30827f027b2f62bc5a05711fec9a61?s=96&d=mm&r=g\",\"contentUrl\":\"https:\/\/secure.gravatar.com\/avatar\/0656b3224fe17b018f43b8a562625dd43d30827f027b2f62bc5a05711fec9a61?s=96&d=mm&r=g\",\"caption\":\"andre\"},\"url\":\"https:\/\/www.welovecycling.com\/ee\/author\/andre\/\"}]}<\/script>\n<!-- \/ Yoast SEO Premium plugin. -->","yoast_head_json":{"title":"5 peamist p\u00f5hjust, miks sa rattal enam ei arene - \u0160koda We Love Cycling - Estonia","robots":{"index":"index","follow":"follow","max-snippet":"max-snippet:-1","max-image-preview":"max-image-preview:large","max-video-preview":"max-video-preview:-1"},"canonical":"https:\/\/www.welovecycling.com\/ee\/2025\/09\/12\/5-peamist-pohjust-miks-sa-rattal-enam-ei-arene\/","og_locale":"et_EE","og_type":"article","og_title":"5 peamist p\u00f5hjust, miks sa rattal enam ei arene","og_description":"See on tuttav pettumus \u2013 panustad aega, v\u00f5ib-olla isegi rohkem kui eelmisel aastal, kuid tunne on, et areng on toppama [&hellip;]","og_url":"https:\/\/www.welovecycling.com\/ee\/2025\/09\/12\/5-peamist-pohjust-miks-sa-rattal-enam-ei-arene\/","og_site_name":"\u0160koda We Love Cycling - Estonia","article_published_time":"2025-09-12T10:37:35+00:00","og_image":[{"width":986,"height":658,"url":"https:\/\/d2p6e6u75xmxt8.cloudfront.net\/15\/2025\/09\/arene.webp","type":"image\/webp"}],"author":"andre","twitter_card":"summary_large_image","twitter_misc":{"Written by":"Jiri Kaloc","Est. reading time":"3"},"schema":{"@context":"https:\/\/schema.org","@graph":[{"@type":"WebPage","@id":"https:\/\/www.welovecycling.com\/ee\/2025\/09\/12\/5-peamist-pohjust-miks-sa-rattal-enam-ei-arene\/","url":"https:\/\/www.welovecycling.com\/ee\/2025\/09\/12\/5-peamist-pohjust-miks-sa-rattal-enam-ei-arene\/","name":"5 peamist p\u00f5hjust, miks sa rattal enam ei arene - \u0160koda We Love Cycling - Estonia","isPartOf":{"@id":"https:\/\/www.welovecycling.com\/ee\/#website"},"primaryImageOfPage":{"@id":"https:\/\/www.welovecycling.com\/ee\/2025\/09\/12\/5-peamist-pohjust-miks-sa-rattal-enam-ei-arene\/#primaryimage"},"image":{"@id":"https:\/\/www.welovecycling.com\/ee\/2025\/09\/12\/5-peamist-pohjust-miks-sa-rattal-enam-ei-arene\/#primaryimage"},"thumbnailUrl":"https:\/\/d2p6e6u75xmxt8.cloudfront.net\/15\/2025\/09\/arene.webp","datePublished":"2025-09-12T10:37:35+00:00","author":{"@id":"https:\/\/www.welovecycling.com\/ee\/#\/schema\/person\/8b7101c4bd1b1ae9d3732ebb1e6caf57"},"inLanguage":"et","potentialAction":[{"@type":"ReadAction","target":["https:\/\/www.welovecycling.com\/ee\/2025\/09\/12\/5-peamist-pohjust-miks-sa-rattal-enam-ei-arene\/"]}]},{"@type":"ImageObject","inLanguage":"et","@id":"https:\/\/www.welovecycling.com\/ee\/2025\/09\/12\/5-peamist-pohjust-miks-sa-rattal-enam-ei-arene\/#primaryimage","url":"https:\/\/d2p6e6u75xmxt8.cloudfront.net\/15\/2025\/09\/arene.webp","contentUrl":"https:\/\/d2p6e6u75xmxt8.cloudfront.net\/15\/2025\/09\/arene.webp","width":986,"height":658},{"@type":"WebSite","@id":"https:\/\/www.welovecycling.com\/ee\/#website","url":"https:\/\/www.welovecycling.com\/ee\/","name":"\u0160koda We Love Cycling - Estonia","description":"","potentialAction":[{"@type":"SearchAction","target":{"@type":"EntryPoint","urlTemplate":"https:\/\/www.welovecycling.com\/ee\/?s={search_term_string}"},"query-input":{"@type":"PropertyValueSpecification","valueRequired":true,"valueName":"search_term_string"}}],"inLanguage":"et"},{"@type":"Person","@id":"https:\/\/www.welovecycling.com\/ee\/#\/schema\/person\/8b7101c4bd1b1ae9d3732ebb1e6caf57","name":"andre","image":{"@type":"ImageObject","inLanguage":"et","@id":"https:\/\/www.welovecycling.com\/ee\/#\/schema\/person\/image\/","url":"https:\/\/secure.gravatar.com\/avatar\/0656b3224fe17b018f43b8a562625dd43d30827f027b2f62bc5a05711fec9a61?s=96&d=mm&r=g","contentUrl":"https:\/\/secure.gravatar.com\/avatar\/0656b3224fe17b018f43b8a562625dd43d30827f027b2f62bc5a05711fec9a61?s=96&d=mm&r=g","caption":"andre"},"url":"https:\/\/www.welovecycling.com\/ee\/author\/andre\/"}]}},"_links":{"self":[{"href":"https:\/\/www.welovecycling.com\/ee\/wp-json\/wp\/v2\/posts\/3033","targetHints":{"allow":["GET"]}}],"collection":[{"href":"https:\/\/www.welovecycling.com\/ee\/wp-json\/wp\/v2\/posts"}],"about":[{"href":"https:\/\/www.welovecycling.com\/ee\/wp-json\/wp\/v2\/types\/post"}],"author":[{"embeddable":true,"href":"https:\/\/www.welovecycling.com\/ee\/wp-json\/wp\/v2\/users\/174"}],"replies":[{"embeddable":true,"href":"https:\/\/www.welovecycling.com\/ee\/wp-json\/wp\/v2\/comments?post=3033"}],"version-history":[{"count":2,"href":"https:\/\/www.welovecycling.com\/ee\/wp-json\/wp\/v2\/posts\/3033\/revisions"}],"predecessor-version":[{"id":3036,"href":"https:\/\/www.welovecycling.com\/ee\/wp-json\/wp\/v2\/posts\/3033\/revisions\/3036"}],"wp:featuredmedia":[{"embeddable":true,"href":"https:\/\/www.welovecycling.com\/ee\/wp-json\/wp\/v2\/media\/3034"}],"wp:attachment":[{"href":"https:\/\/www.welovecycling.com\/ee\/wp-json\/wp\/v2\/media?parent=3033"}],"wp:term":[{"taxonomy":"category","embeddable":true,"href":"https:\/\/www.welovecycling.com\/ee\/wp-json\/wp\/v2\/categories?post=3033"},{"taxonomy":"post_tag","embeddable":true,"href":"https:\/\/www.welovecycling.com\/ee\/wp-json\/wp\/v2\/tags?post=3033"},{"taxonomy":"global-categories","embeddable":true,"href":"https:\/\/www.welovecycling.com\/ee\/wp-json\/wp\/v2\/global-categories?post=3033"}],"curies":[{"name":"wp","href":"https:\/\/api.w.org\/{rel}","templated":true}]}}