{"id":3011,"date":"2025-09-01T16:09:43","date_gmt":"2025-09-01T13:09:43","guid":{"rendered":"https:\/\/www.welovecycling.com\/ee\/?p=3011"},"modified":"2025-09-01T16:09:43","modified_gmt":"2025-09-01T13:09:43","slug":"fanni-kasiraamat-2025-aasta-mtb-maailmameistrivoistlused-valaiss","status":"publish","type":"post","link":"https:\/\/www.welovecycling.com\/ee\/2025\/09\/01\/fanni-kasiraamat-2025-aasta-mtb-maailmameistrivoistlused-valaiss\/","title":{"rendered":"F\u00e4nni k\u00e4siraamat: 2025. aasta MTB maailmameistriv\u00f5istlused Valais\u2019s"},"content":{"rendered":"<h2 data-start=\"50\" data-end=\"373\">See aasta toimuvad UCI maastikuratta maailmameistriv\u00f5istlused saavad olema v\u00e4gevad. Kahe n\u00e4dala jooksul liigub v\u00f5istlus alpiliustikelt iidsete lossideni, kiiretest <em>downhill\u00b4<\/em>i radadelt maratoniradadele, mis looklevad \u00fcle terve orgude. Kaheksa sihtkohta Valais\u2019s v\u00f5\u00f5rustavad 27 maailmameistritiitlit \u2013 ja iga\u00fcks neist on vaatamist ja kohaolemist v\u00e4\u00e4rt.<\/h2>\n<p><!--more--><\/p>\n<p data-start=\"375\" data-end=\"580\">Kogu \u00fcritus on t\u00f5eline MTB-pidu ning kui plaanid sellest osa saada, tasub see k\u00f5ik korralikult l\u00e4bi m\u00f5elda. Valais pole v\u00e4ike <em>kanton<\/em> ning \u00fchest v\u00f5istluspaigast teise j\u00f5udmine eeldab hoolikat planeerimist.<\/p>\n<p data-start=\"582\" data-end=\"750\">R\u00e4\u00e4gime siis f\u00e4nnitaktikast. Kus magada, mida s\u00fc\u00fca, mida k\u00fclastada ja kuidas rajal k\u00e4ituda. See on sinu 2025. aasta <a href=\"https:\/\/www.valais2025.ch\/\">UCI MTB maailmameistriv\u00f5istluste<\/a> f\u00e4nni k\u00e4siraamat.<\/p>\n<hr data-start=\"752\" data-end=\"755\" \/>\n<h3 data-start=\"757\" data-end=\"787\"><strong>Tunned oma v\u00f5istluspaiku<\/strong><\/h3>\n<p data-start=\"788\" data-end=\"1075\">\u00dcks meistriv\u00f5istlus, kaheksa toimumiskohta \u2013 ja iga\u00fcks neist on v\u00e4\u00e4rt, et tulla varem, valida endale hea koht ning nautida kogu seda melu ja <em>vaibi<\/em>. Igal paigal on oma stiil, maastik ja \u00f5hkkond, nii et v\u00f5istluste j\u00e4lgimine \u00fcle Valais\u2019 on nagu MTB unistuste nimekirja parimate lehek\u00fclgede sirvimine.<\/p>\n<hr data-start=\"1077\" data-end=\"1080\" \/>\n<h3 data-start=\"1082\" data-end=\"1110\"><strong>Sion (30.\u201331. august)<\/strong><\/h3>\n<p data-start=\"1111\" data-end=\"1448\">Sion- kantoni s\u00fcda l\u00f6\u00f6b asjad k\u00e4ima <strong data-start=\"1132\" data-end=\"1152\">Castle Ride BCVS<\/strong>-iga \u2013 linnasisese <em>downhilliga<\/em>, mis lookleb Tourbillon\u2019 lossi alt ja l\u00e4bi vanalinna. See on kiire, kitsas ja t\u00e4ies hoos t\u00e4navafestival. Siit leiad muusika, toidukioskid ning Guinnessi maailmarekordi katse \u201cRide to the Champs\u201d (6.\u20137. septembril). Kindlasti v\u00f5ta kaasa sobivad jalan\u00f5ud ja kaamera.<\/p>\n<p data-start=\"1450\" data-end=\"1660\">Kui tahad v\u00f5istlust n\u00e4ha, siis parim koht on enne p\u00f6\u00f6ret kindluse v\u00e4ravate juures asuva suure kivi pealt \u2013 seal on k\u00f5ige tehnilisem l\u00f5ik, ratturid lendavad v\u00e4ravast v\u00e4lja ja taustaks avaneb suurep\u00e4rane vaade.<\/p>\n<p data-start=\"1662\" data-end=\"1815\">Samas tuleb arvestada, et p\u00e4rast stardi andmist ei pruugi sealt enam lihtne lahkuda, seega otsusta, kas naudid s\u00f5itu \u00fclevalt v\u00f5i atmosf\u00e4\u00e4ri all linnas.<\/p>\n<hr data-start=\"1817\" data-end=\"1820\" \/>\n<h3 data-start=\"1822\" data-end=\"1874\"><strong>Aletsch Arena \/ Bellwald \u2013 Enduro ja E-Enduro<\/strong><\/h3>\n<p data-start=\"1875\" data-end=\"2245\">K\u00f5rgm\u00e4estiku rajad, v\u00f5imsad vaated ja veelgi v\u00f5imsamad laskumised. Arvesta k\u00f5rgusega \u2013 UCI spordidirektor Peter van den Abeele hoiatab: \u201eSihtkohad nagu Verbier, Zermatt ja Aletsch toovad kaasa olulised k\u00f5rguse numbrid\u201c ja ilm v\u00f5ib vahetuda hetkega. Pealtvaatajad peaksid oma marsruudi ette planeerima \u2013 m\u00f5ne etapi juurde p\u00e4\u00e4seb vaid k\u00f6israudtee ja l\u00fchikese matka abil.<\/p>\n<blockquote class=\"instagram-media\" style=\"background: #FFF; border: 0; border-radius: 3px; box-shadow: 0 0 1px 0 rgba(0,0,0,0.5),0 1px 10px 0 rgba(0,0,0,0.15); margin: 1px; max-width: 540px; min-width: 326px; padding: 0; width: calc(100% - 2px);\" data-instgrm-captioned=\"\" data-instgrm-permalink=\"https:\/\/www.instagram.com\/p\/DL5J7JoI79w\/?utm_source=ig_embed&amp;utm_campaign=loading\" data-instgrm-version=\"14\">\n<div style=\"padding: 16px;\">\n<p>&nbsp;<\/p>\n<div style=\"display: flex; flex-direction: row; align-items: center;\">\n<div style=\"background-color: #f4f4f4; border-radius: 50%; flex-grow: 0; height: 40px; margin-right: 14px; width: 40px;\"><\/div>\n<div style=\"display: flex; flex-direction: column; flex-grow: 1; justify-content: center;\">\n<div style=\"background-color: #f4f4f4; border-radius: 4px; flex-grow: 0; height: 14px; margin-bottom: 6px; width: 100px;\"><\/div>\n<div style=\"background-color: #f4f4f4; border-radius: 4px; flex-grow: 0; height: 14px; width: 60px;\"><\/div>\n<\/div>\n<\/div>\n<div style=\"padding: 19% 0;\"><\/div>\n<div style=\"display: block; height: 50px; margin: 0 auto 12px; width: 50px;\"><\/div>\n<div style=\"padding-top: 8px;\">\n<div style=\"color: #3897f0; font-family: Arial,sans-serif; font-size: 14px; font-style: normal; font-weight: 550; line-height: 18px;\">View this post on Instagram<\/div>\n<\/div>\n<div style=\"padding: 12.5% 0;\"><\/div>\n<div style=\"display: flex; flex-direction: row; margin-bottom: 14px; align-items: center;\">\n<div>\n<div style=\"background-color: #f4f4f4; border-radius: 50%; height: 12.5px; width: 12.5px; transform: translateX(0px) translateY(7px);\"><\/div>\n<div style=\"background-color: #f4f4f4; height: 12.5px; transform: rotate(-45deg) translateX(3px) translateY(1px); width: 12.5px; flex-grow: 0; margin-right: 14px; margin-left: 2px;\"><\/div>\n<div style=\"background-color: #f4f4f4; border-radius: 50%; height: 12.5px; width: 12.5px; transform: translateX(9px) translateY(-18px);\"><\/div>\n<\/div>\n<div style=\"margin-left: 8px;\">\n<div style=\"background-color: #f4f4f4; border-radius: 50%; flex-grow: 0; height: 20px; width: 20px;\"><\/div>\n<div style=\"width: 0; height: 0; border-top: 2px solid transparent; border-left: 6px solid #f4f4f4; border-bottom: 2px solid transparent; transform: translateX(16px) translateY(-4px) rotate(30deg);\"><\/div>\n<\/div>\n<div style=\"margin-left: auto;\">\n<div style=\"width: 0px; border-top: 8px solid #F4F4F4; border-right: 8px solid transparent; transform: translateY(16px);\"><\/div>\n<div style=\"background-color: #f4f4f4; flex-grow: 0; height: 12px; width: 16px; transform: translateY(-4px);\"><\/div>\n<div style=\"width: 0; height: 0; border-top: 8px solid #F4F4F4; border-left: 8px solid transparent; transform: translateY(-4px) translateX(8px);\"><\/div>\n<\/div>\n<\/div>\n<div style=\"display: flex; flex-direction: column; flex-grow: 1; justify-content: center; margin-bottom: 24px;\">\n<div style=\"background-color: #f4f4f4; border-radius: 4px; flex-grow: 0; height: 14px; margin-bottom: 6px; width: 224px;\"><\/div>\n<div style=\"background-color: #f4f4f4; border-radius: 4px; flex-grow: 0; height: 14px; width: 144px;\"><\/div>\n<\/div>\n<p>&nbsp;<\/p>\n<p style=\"color: #c9c8cd; font-family: Arial,sans-serif; font-size: 14px; line-height: 17px; margin-bottom: 0; margin-top: 8px; overflow: hidden; padding: 8px 0 7px; text-align: center; text-overflow: ellipsis; white-space: nowrap;\"><a style=\"color: #c9c8cd; font-family: Arial,sans-serif; font-size: 14px; font-style: normal; font-weight: normal; line-height: 17px; text-decoration: none;\" href=\"https:\/\/www.instagram.com\/p\/DL5J7JoI79w\/?utm_source=ig_embed&amp;utm_campaign=loading\" target=\"_blank\" rel=\"noopener\">A post shared by valais2025 (@valais2025)<\/a><\/p>\n<\/div>\n<\/blockquote>\n<p><script async src=\"\/\/www.instagram.com\/embed.js\"><\/script><\/p>\n<hr data-start=\"2247\" data-end=\"2250\" \/>\n<h3 data-start=\"2252\" data-end=\"2278\"><strong>Monthey \u2013 pumptrack<\/strong><\/h3>\n<p data-start=\"2279\" data-end=\"2546\">Kompaktne ja energiline formaat f\u00e4nnidele, kes tahavad pidevat tegevust ilma rattureid m\u00e4e otsas taga ajamata. Rada \u00e4\u00e4res n\u00e4ed nii absoluutseid tippe kui ka noori talente \u00fcksteise j\u00e4rel. Lihtne ligip\u00e4\u00e4s linnast teeb sellest \u00fche k\u00f5ige peres\u00f5bralikuma peatuskoha.<\/p>\n<hr data-start=\"2548\" data-end=\"2551\" \/>\n<h3 data-start=\"2553\" data-end=\"2602\"><strong>Verbier \u2013 Grimentz \u2013 maastikuratta maraton<\/strong><\/h3>\n<p data-start=\"2603\" data-end=\"2917\">See on <strong data-start=\"2610\" data-end=\"2629\">Grand Raid BCVS<\/strong>, punktist punkti kulgev od\u00fcsseia l\u00e4bi Alpide. K\u00f5ike ei n\u00e4e, kui ise ei s\u00f5ida, aga v\u00f5tmekohtade juures tasub kindlasti kaasa elada. Van den Abeele nimetas seda \u201ehingematvaks r\u00e4nnakuks l\u00e4bi Alpide ikooniliste maastike\u201c. Teisis\u00f5nu \u2013 v\u00f5ta telefonile lisaaku. Pildistamisv\u00f5imalusi on palju.<\/p>\n<hr data-start=\"2919\" data-end=\"2922\" \/>\n<h3 data-start=\"2924\" data-end=\"2953\"><strong>Champ\u00e9ry \u2013 downhill<\/strong><\/h3>\n<p data-start=\"2954\" data-end=\"3241\">J\u00e4rsk, tehniline ja ajalooline rada, mis on aastak\u00fcmneid maailma parimaid proovile pannud. \u201eChamp\u00e9ry downhill on \u00fcks kuulsamaid radasid maailmas,\u201c \u00fctleb van den Abeele. Vaadates, kuidas ratturid selda juurikaid ja <em>droppe <\/em>t\u00e4ispikitud rada t\u00e4iskiirusel l\u00e4bivad, hakkad rattavalitsemist uues valguses hindama.<\/p>\n<hr data-start=\"3243\" data-end=\"3246\" \/>\n<h3 data-start=\"3248\" data-end=\"3283\"><strong>Zermatt \u2013 l\u00fchirajas\u00f5it (XCC)<\/strong><\/h3>\n<p data-start=\"3284\" data-end=\"3543\">Taustaks Matterhorn, mis j\u00f5uab kindlasti Instagrami, aga ka v\u00f5istlus ise on sama fotogeeniline. L\u00fchikesed ja plahvatuslikud ringid t\u00e4hendavad, et liidrid s\u00f6\u00f6stavad su eest mitu korda l\u00e4bi. Kindlasti v\u00f5ta kaasa kihilisi riideid \u2013 ilm v\u00f5ib minutitega muutuda.<\/p>\n<hr data-start=\"3545\" data-end=\"3548\" \/>\n<h3 data-start=\"3550\" data-end=\"3591\"><strong>Crans-Montana \u2013 ol\u00fcmpiakross (XCO)<\/strong><\/h3>\n<p data-start=\"3592\" data-end=\"3885\">Viimased v\u00f5istlusp\u00e4evad peetakse Crans-Montanas, kus toimuvad eliidi, U23, juunioride ja segateatev\u00f5istluse XCO s\u00f5idud. Oodata on suuri rahvahulki, seega tule varakult, kui tahad head kohta. Kindlasti broneeri \u00f6\u00f6bimine aegsasti \u2013 voodikohti napib ja soodsad variandid v\u00f5ivad juba otsas olla.<\/p>\n<hr data-start=\"3887\" data-end=\"3890\" \/>\n<h3><strong>Liikumine<\/strong><\/h3>\n<p data-start=\"3908\" data-end=\"4169\">Kahe n\u00e4dala jooksul kaheksa paika l\u00e4bi k\u00e4ia k\u00f5lab lihtsana, kuni m\u00f5istad, et need pole linna kvartalid. Need on orud, m\u00e4ekurud ja alpiaasad. Valgusfooridest sagedamini n\u00e4ed siin k\u00f6israudteid. \u0160veitsi transport on k\u00fcll usaldusv\u00e4\u00e4rne, aga ikkagi on vaja plaani.<\/p>\n<p data-start=\"4171\" data-end=\"4419\">Van den Abeele tunnistab: \u201eK\u00f5ige keerulisem v\u00e4ljakutse on logistika \u2013 kaheksa erineva sihtkoha vahel liikumine,\u201c eriti kuna igal paigal on oma ligip\u00e4\u00e4s ja maastik. Sama kehtib f\u00e4nnide kohta, aga v\u00e4ikese planeerimisega saab sellest osa seiklusest.<\/p>\n<hr data-start=\"4421\" data-end=\"4424\" \/>\n<h3 data-start=\"4426\" data-end=\"4473\"><strong>Praktilised nipid v\u00f5istluste j\u00e4litamiseks<\/strong><\/h3>\n<ul>\n<li data-start=\"4476\" data-end=\"4610\"><strong data-start=\"4476\" data-end=\"4505\">Osta Swiss Half Fare Card<\/strong> \u2013 kui k\u00fclastad mitut paika, s\u00e4\u00e4stad kiiresti. Kehtib rongidele, bussidele ja enamikele m\u00e4et\u00f5stukitele.<\/li>\n<li data-start=\"4613\" data-end=\"4741\"><strong data-start=\"4613\" data-end=\"4637\">Broneeri s\u00f5idud ette<\/strong> \u2013 rongid v\u00f5ivad tipptundidel t\u00e4is saada. Ilma reserveeringuta v\u00f5id j\u00e4\u00e4da platvormile j\u00e4rgmist ootama.<\/li>\n<li data-start=\"4744\" data-end=\"4864\"><strong data-start=\"4744\" data-end=\"4786\">Kontrolli s\u00f5iduplaane ja tule varakult<\/strong> \u2013 nii saad parema koha v\u00f5i oled kindel, et broneeritud istekoht j\u00e4\u00e4b alles.<\/li>\n<li data-start=\"4867\" data-end=\"4966\"><strong data-start=\"4867\" data-end=\"4905\">\u00c4ra paanitse \u00fcmberistumiste p\u00e4rast<\/strong> \u2013 kui rong hilineb, ootavad teised \u00fchendused sageli j\u00e4rgi.<\/li>\n<li data-start=\"4969\" data-end=\"5154\"><strong data-start=\"4969\" data-end=\"5000\">Planeeri k\u00f6israudteede ajad<\/strong> \u2013 m\u00f5nda paika, n\u00e4iteks Zermatti ja Aletschi, saab vaid t\u00f5stukiga. Vaata, millal need sulguvad, et p\u00e4rast autasustamist valesse m\u00e4ek\u00fclge l\u00f5ksu ei j\u00e4\u00e4ks.<\/li>\n<li data-start=\"5157\" data-end=\"5265\"><strong data-start=\"5157\" data-end=\"5189\">\u00c4ra looda liigselt bussidele<\/strong> \u2013 liiklus suunatakse \u00fcmber ja bussid v\u00f5ivad tavap\u00e4rasest aeglasemad olla.<\/li>\n<li data-start=\"5268\" data-end=\"5380\"><strong data-start=\"5268\" data-end=\"5311\">H\u00e4\u00e4letamine on v\u00f5imalik, kuid ebakindel<\/strong> \u2013 v\u00f5id vedada saada, aga \u00e4ra arvesta sellega kui p\u00f5hitranspordiga.<\/li>\n<\/ul>\n<p data-start=\"5382\" data-end=\"5623\">Kui oled marsruudi planeerimisega head t\u00f6\u00f6d teinud ja j\u00e4tad aega ka maastike nautimiseks, tundub kohtade vaheline liikumine pigem kogemuse lisa kui t\u00fc\u00fctu kohustus. Nagu van den Abeele \u00fctleb: \u201eTahame, et f\u00e4nnid tunneksid sidet maastikuga, mitte ainult v\u00f5istlusega.\u201c<\/p>\n<hr data-start=\"5625\" data-end=\"5628\" \/>\n<h3 data-start=\"5630\" data-end=\"5654\"><strong>Ole osa tegevusest<\/strong><\/h3>\n<p data-start=\"5655\" data-end=\"5841\">Valais 2025 pole \u00fcritus, kus lihtsalt seista lindi taga ja plaksutada, kui keegi m\u00f6\u00f6da s\u00f5idab. Need meistriv\u00f5istlused ulatavad sulle v\u00f5imaluse ise ratta selga ronida, n\u00e4itavad teed ja julgustavad ise kaasa l\u00f6\u00f6ma.<\/p>\n<p data-start=\"5843\" data-end=\"6153\">K\u00f5ige selgem kutse on Sioni avav\u00f5istlusn\u00e4dalavahetusel \u201cRide to the Champs\u201d raames \u2013 Guinnessi maailmarekordi katse maailma pikima \u00fcherealise ratturite kolonni loomiseks. Kujuta ette tuhandeid rattureid Sioni munakividel, lehmakellade kaja keskaegsete m\u00fc\u00fcride vahel ja ees nii pikka rivi, et l\u00f5ppu ei paista.<\/p>\n<p data-start=\"6155\" data-end=\"6491\">Registreerimisinfo ja rajakaardid leiab Valais 2025 veebilehelt, aga p\u00f5him\u00f5te on lihtne: tule varakult, v\u00f5ta ratas, millel pidurid t\u00f6\u00f6tavad, ja ole valmis \u00fchtlaseks s\u00f5iduks, mitte t\u00e4iskiirusel kihutamiseks. Mingil hetkel taipad, et oled osa maailmarekordi katsest \u2013 ja see tunne kaalub \u00fcle k\u00fcsimuse, kas tulid siia vaatama v\u00f5i s\u00f5itma.<\/p>\n<p data-start=\"6493\" data-end=\"6862\">Ka \u00fclej\u00e4\u00e4nud kahen\u00e4dalane programm pakub v\u00f5imalusi f\u00e4nnimisest sadulasse astumiseks. Kohalikud klubid korraldavad grupis\u00f5ite m\u00e4gedesse. Demokeskustes saab proovida uusimat varustust. Monthey pumptrack on avatud k\u00f5igile, kel on ratas ja julgust. Verbier\u2019s ja Zermattis v\u00f5id sattuda p\u00e4ikeseloojangul \u00fchiss\u00f5idule v\u00f5\u00f5rastega, kes fini\u0161iks tunduvad kui meeskonnakaaslased.<\/p>\n<p data-start=\"6864\" data-end=\"7030\">V\u00f5ta v\u00e4hemalt \u00fches sellises tegevuses osa. Lahkud mitte ainult v\u00f5istlusp\u00e4eva m\u00e4lestustega, vaid j\u00e4tad ka ise oma rattaj\u00e4ljed samadesse m\u00e4gedesse, kus maailma tipud.<\/p>\n<hr data-start=\"7032\" data-end=\"7035\" \/>\n<h3 data-start=\"7037\" data-end=\"7058\"><strong>S\u00f6\u00f6, joo, korda<\/strong><\/h3>\n<p data-start=\"7059\" data-end=\"7288\">\u0160veitsis s\u00f6\u00f6mine v\u00f5ib kukrut tabada sama valusalt kui eba\u00f5nnestunud h\u00fcpe rattaga. Restoranid Valais\u2019s on suurep\u00e4rased, aga hinnad sellised, nagu oleksid m\u00e4ed ise arves. Kahe inimese \u00f5htus\u00f6\u00f6k v\u00f5ib kergesti \u00fcletada 60 CHF ilma jookideta.<\/p>\n<ul>\n<li data-start=\"7292\" data-end=\"7421\">\u00c4ra j\u00e4ta kunagi vahele hotelli hommikus\u00f6\u00f6ki \u2013 see on nagu toidupunkt maratonil: ei tea, millal j\u00e4rgmine taskukohane eine tuleb.<\/li>\n<li data-start=\"7424\" data-end=\"7595\">L\u00f5unaks ja igap\u00e4evasteks toidukordadeks vali Coop Restaurant v\u00f5i Migros Restaurant. Iseteeninduslikud s\u00f6\u00f6gikohad pakuvad sooja toitu umbes 25\u201335 CHF eest ilma jookideta.<\/li>\n<li data-start=\"7598\" data-end=\"7835\">Festivalitoit on samuti peaaegu alati suurep\u00e4rane. T\u00e4htnumbriks on <strong data-start=\"7665\" data-end=\"7677\">raclette<\/strong> \u2013 sulajuust kartulitel v\u00f5i saial, seni kuni enam ei jaksa. L\u00f5hn on\u2026 tugev, meenutades vanaisa m\u00e4rgi nahksaapaid. Maitse aga? Nagu inglitiivad otse keelele.<\/li>\n<\/ul>\n<hr data-start=\"7837\" data-end=\"7840\" \/>\n<h3 data-start=\"7842\" data-end=\"7862\"><strong>Naudi kultuuri<\/strong><\/h3>\n<p data-start=\"7863\" data-end=\"8141\">Raclette\u2019ist r\u00e4\u00e4kides \u2013 tasub kindlasti sukelduda ka kohalikku kultuuri. \u0160veits pole ainult postkaardivaated ja kellamehhanismid. Valais\u2019s on m\u00e4ed elu loomulik osa. Inimesed matkavad, suusatavad ja s\u00f5idavad rattaga sama enesestm\u00f5istetavalt, kui mujal vaadatakse ilmaennustust.<\/p>\n<p data-start=\"8143\" data-end=\"8482\">Sioni avav\u00f5istlusn\u00e4dalavahetusel saab seda k\u00f5ige paremini kogeda. Van den Abeele s\u00f5nul: \u201eSee ei t\u00e4henda ainult v\u00f5istluse algust, vaid ka k\u00f5ike, mis teeb Valais\u2019 eriliseks \u2013 kultuuri, inimesi ja kirge rattaspordi vastu.\u201c See t\u00e4hendab elavat muusikat t\u00e4navatel, turulette kohaliku juustu ja lihaga ning piisavalt veini, et unustad k\u00f5rguse.<\/p>\n<p data-start=\"8484\" data-end=\"8675\">Kui tuled madalalt maalt, \u00e4ra lase veinil end liigselt v\u00f5ita \u2013 j\u00e4rgmisel p\u00e4eval tuleb m\u00e4kke ronida ja pohmellil 2500 meetri k\u00f5rgusel m\u00f5istad t\u00e4pselt, mida tunnevad kiirronijad Matterhornil.<\/p>\n<p data-start=\"8677\" data-end=\"8883\">Kui sul j\u00e4\u00e4b v\u00f5istluste vahel aega, jaluta Sioni vanalinnas, roni Tourbillon\u2019 lossi juurde ja naudi vaadet \u00fcle oru. Astu l\u00e4bi m\u00e4giturult aprikoosimoosi v\u00f5i kuivatatud vorsti p\u00e4rast. Ja kui rahvahulgas kuule<\/p>\n<p data-start=\"8885\" data-end=\"8993\">d alphorni heli, mine h\u00e4\u00e4le suunas \u2013 tasub n\u00e4ha, kuidas kolme meetri pikkusest torust muusika v\u00e4lja tuleb.<\/p>\n<hr data-start=\"8995\" data-end=\"8998\" \/>\n<h3 data-start=\"9000\" data-end=\"9022\"><strong>F\u00e4nnietikett 101<\/strong><\/h3>\n<p data-start=\"9023\" data-end=\"9234\">Maastikurattasport on parim l\u00e4hedalt, aga hea f\u00e4nni roll on see, mis selle ka selliseks j\u00e4tab. Ratturid on tulnud v\u00f5istlema, mitte k\u00fc\u00fcnarnukkide, kaamerajalgade v\u00f5i \u00fcleliigsete lehmakellal\u00f6\u00f6kide eest p\u00f5iklema.<\/p>\n<ol>\n<li data-start=\"9239\" data-end=\"9341\"><strong data-start=\"9239\" data-end=\"9255\">Austa raja piirdelinti.<\/strong> See on seal p\u00f5hjusega. \u00dcle lindi kummardades riskid nii oma kaamera kui ka s\u00f5iduga.<\/li>\n<li data-start=\"9345\" data-end=\"9494\"><strong data-start=\"9345\" data-end=\"9367\">Ela kaasa targalt.<\/strong> H\u00fc\u00fcded on toredad, aga vali \u00f5ige hetk. Mitte siis, kui rattur l\u00e4bib 40 km\/h juurikaid, vaid siis, kui ta sind t\u00f5esti kuuleb.<\/li>\n<li data-start=\"9498\" data-end=\"9653\"><strong data-start=\"9498\" data-end=\"9521\">\u00c4ra blokeeri teisi.<\/strong> K\u00f5ik tahavad head vaadet. Kui oled varakult koha v\u00f5tnud, on see sinu oma \u2013 aga \u00e4ra laota end \u00fcle terve ala nagu kodusel diivanil.<\/li>\n<li data-start=\"9657\" data-end=\"9854\"><strong data-start=\"9657\" data-end=\"9692\">M\u00e4leta, et oled osa \u00f5hkkonnast.<\/strong> Naerata, helista lehmakella, jaga naabriga \u00f5lut ja hoia tuju \u00fcleval. Valais annab sulle maailma parimat rattasporti \u2013 sina anna sellele vastu oma parim f\u00e4nlus.<\/li>\n<\/ol>\n<p>&nbsp;<\/p>\n<hr data-start=\"9856\" data-end=\"9859\" \/>\n<h3 data-start=\"9861\" data-end=\"9916\"><strong>Kaheksa paika. Kaks n\u00e4dalat. \u00dcks kord kohal olla.<\/strong><\/h3>\n<p data-start=\"9923\" data-end=\"10393\">2025 aasta UCI maastikuratta maailmameistriv\u00f5istlused Valais\u2019s pole lihtsalt j\u00e4rgmine kuup\u00e4ev v\u00f5istluskalendris. See on kaheksa maailmatasemel rada, tuhanded vertikaalmeetrit ja kaks n\u00e4dalat, mil \u0160veitsi Alpid muutuvad planeedi suurimaks MTB m\u00e4nguv\u00e4ljakuks. Olgu plaaniks j\u00e4litada k\u00f5iki v\u00f5istlusi v\u00f5i tulla vaid m\u00f5neks p\u00e4evaks \u2013 saad s\u00f5ite, mis l\u00fckkavad piire, maastikke, mis tunduvad ebareaalsed, ja kultuuri, mis paneb sind tahtma j\u00e4\u00e4da ka p\u00e4rast poodiumi kokkupakkimist.<\/p>\n<p data-start=\"10395\" data-end=\"10636\">Van den Abeele ja tema meeskond on loonud midagi sama ambitsioonikat kui \u00fcksk\u00f5ik milline rada \u2013 see, kuhu l\u00e4hed julgelt peale ja m\u00e4letad elu l\u00f5puni. J\u00e4\u00e4nud on vaid, et ratturid tooksid kiiruse, f\u00e4nnid teeksid l\u00e4rmi \u2013 ja sina oleksid kohal.<\/p>\n<p data-start=\"10638\" data-end=\"10768\">Nii et paki lehmakell, lae kaamera ja v\u00f5ta suund Valais\u2019sse. M\u00e4ed on valmis. Rajad on paigas. Puudu oled ainult sina raja \u00e4\u00e4res.<\/p>\n","protected":false},"excerpt":{"rendered":"<p>See aasta toimuvad UCI maastikuratta maailmameistriv\u00f5istlused saavad olema v\u00e4gevad. Kahe n\u00e4dala jooksul liigub v\u00f5istlus alpiliustikelt iidsete lossideni, kiiretest downhill\u00b4i radadelt [&hellip;]<\/p>\n","protected":false},"author":174,"featured_media":3012,"comment_status":"open","ping_status":"open","sticky":false,"template":"","format":"standard","meta":{"footnotes":""},"categories":[12],"tags":[474,473,114,395,475],"global-categories":[22],"class_list":["post-3011","post","type-post","status-publish","format-standard","has-post-thumbnail","hentry","category-cx-gravel-mtb","tag-2025-maastikuratta-maailmameistrivoistlused","tag-2025-mtb-world-championships","tag-maastikuratas","tag-mtb","tag-peter-van-den-abeele","global-categories-cycling"],"yoast_head":"<!-- This site is optimized with the Yoast SEO Premium plugin v25.3 (Yoast SEO v25.9) - https:\/\/yoast.com\/wordpress\/plugins\/seo\/ -->\n<title>F\u00e4nni k\u00e4siraamat: 2025. aasta MTB maailmameistriv\u00f5istlused Valais\u2019s - \u0160koda We Love Cycling - Estonia<\/title>\n<meta name=\"description\" content=\"See aasta toimuvad UCI maastikuratta maailmameistriv\u00f5istlused saavad olema v\u00e4gevad. Kahe n\u00e4dala jooksul liigub v\u00f5istlus alpiaurudelt iidsete lossideni, kiirendusrikkailt allam\u00e4erajadelt maratoniradadele, mis looklevad \u00fcle terve orgu. Kaheksa sihtkohta Valais\u2019s v\u00f5\u00f5rustavad 27 maailmameistritiitlit \u2013 ja iga\u00fcks neist on s\u00f5itu v\u00e4\u00e4rt.\" \/>\n<meta name=\"robots\" content=\"index, follow, max-snippet:-1, max-image-preview:large, max-video-preview:-1\" \/>\n<link rel=\"canonical\" href=\"https:\/\/www.welovecycling.com\/ee\/2025\/09\/01\/fanni-kasiraamat-2025-aasta-mtb-maailmameistrivoistlused-valaiss\/\" \/>\n<meta property=\"og:locale\" content=\"et_EE\" \/>\n<meta property=\"og:type\" content=\"article\" \/>\n<meta property=\"og:title\" content=\"F\u00e4nni k\u00e4siraamat: 2025. aasta MTB maailmameistriv\u00f5istlused Valais\u2019s\" \/>\n<meta property=\"og:description\" content=\"See aasta toimuvad UCI maastikuratta maailmameistriv\u00f5istlused saavad olema v\u00e4gevad. Kahe n\u00e4dala jooksul liigub v\u00f5istlus alpiaurudelt iidsete lossideni, kiirendusrikkailt allam\u00e4erajadelt maratoniradadele, mis looklevad \u00fcle terve orgu. Kaheksa sihtkohta Valais\u2019s v\u00f5\u00f5rustavad 27 maailmameistritiitlit \u2013 ja iga\u00fcks neist on s\u00f5itu v\u00e4\u00e4rt.\" \/>\n<meta property=\"og:url\" content=\"https:\/\/www.welovecycling.com\/ee\/2025\/09\/01\/fanni-kasiraamat-2025-aasta-mtb-maailmameistrivoistlused-valaiss\/\" \/>\n<meta property=\"og:site_name\" content=\"\u0160koda We Love Cycling - Estonia\" \/>\n<meta property=\"article:published_time\" content=\"2025-09-01T13:09:43+00:00\" \/>\n<meta property=\"og:image\" content=\"https:\/\/d2p6e6u75xmxt8.cloudfront.net\/15\/2025\/09\/uci-mtb.webp\" \/>\n\t<meta property=\"og:image:width\" content=\"990\" \/>\n\t<meta property=\"og:image:height\" content=\"663\" \/>\n\t<meta property=\"og:image:type\" content=\"image\/webp\" \/>\n<meta name=\"author\" content=\"andre\" \/>\n<meta name=\"twitter:card\" content=\"summary_large_image\" \/>\n<meta name=\"twitter:label1\" content=\"Written by\" \/>\n\t<meta name=\"twitter:data1\" content=\"artin Atanasov\" \/>\n\t<meta name=\"twitter:label2\" content=\"Est. reading time\" \/>\n\t<meta name=\"twitter:data2\" content=\"5\" \/>\n<script type=\"application\/ld+json\" class=\"yoast-schema-graph\">{\"@context\":\"https:\/\/schema.org\",\"@graph\":[{\"@type\":\"WebPage\",\"@id\":\"https:\/\/www.welovecycling.com\/ee\/2025\/09\/01\/fanni-kasiraamat-2025-aasta-mtb-maailmameistrivoistlused-valaiss\/\",\"url\":\"https:\/\/www.welovecycling.com\/ee\/2025\/09\/01\/fanni-kasiraamat-2025-aasta-mtb-maailmameistrivoistlused-valaiss\/\",\"name\":\"F\u00e4nni k\u00e4siraamat: 2025. aasta MTB maailmameistriv\u00f5istlused Valais\u2019s - \u0160koda We Love Cycling - Estonia\",\"isPartOf\":{\"@id\":\"https:\/\/www.welovecycling.com\/ee\/#website\"},\"primaryImageOfPage\":{\"@id\":\"https:\/\/www.welovecycling.com\/ee\/2025\/09\/01\/fanni-kasiraamat-2025-aasta-mtb-maailmameistrivoistlused-valaiss\/#primaryimage\"},\"image\":{\"@id\":\"https:\/\/www.welovecycling.com\/ee\/2025\/09\/01\/fanni-kasiraamat-2025-aasta-mtb-maailmameistrivoistlused-valaiss\/#primaryimage\"},\"thumbnailUrl\":\"https:\/\/d2p6e6u75xmxt8.cloudfront.net\/15\/2025\/09\/uci-mtb.webp\",\"datePublished\":\"2025-09-01T13:09:43+00:00\",\"author\":{\"@id\":\"https:\/\/www.welovecycling.com\/ee\/#\/schema\/person\/8b7101c4bd1b1ae9d3732ebb1e6caf57\"},\"description\":\"See aasta toimuvad UCI maastikuratta maailmameistriv\u00f5istlused saavad olema v\u00e4gevad. Kahe n\u00e4dala jooksul liigub v\u00f5istlus alpiaurudelt iidsete lossideni, kiirendusrikkailt allam\u00e4erajadelt maratoniradadele, mis looklevad \u00fcle terve orgu. Kaheksa sihtkohta Valais\u2019s v\u00f5\u00f5rustavad 27 maailmameistritiitlit \u2013 ja iga\u00fcks neist on s\u00f5itu v\u00e4\u00e4rt.\",\"inLanguage\":\"et\",\"potentialAction\":[{\"@type\":\"ReadAction\",\"target\":[\"https:\/\/www.welovecycling.com\/ee\/2025\/09\/01\/fanni-kasiraamat-2025-aasta-mtb-maailmameistrivoistlused-valaiss\/\"]}]},{\"@type\":\"ImageObject\",\"inLanguage\":\"et\",\"@id\":\"https:\/\/www.welovecycling.com\/ee\/2025\/09\/01\/fanni-kasiraamat-2025-aasta-mtb-maailmameistrivoistlused-valaiss\/#primaryimage\",\"url\":\"https:\/\/d2p6e6u75xmxt8.cloudfront.net\/15\/2025\/09\/uci-mtb.webp\",\"contentUrl\":\"https:\/\/d2p6e6u75xmxt8.cloudfront.net\/15\/2025\/09\/uci-mtb.webp\",\"width\":990,\"height\":663},{\"@type\":\"WebSite\",\"@id\":\"https:\/\/www.welovecycling.com\/ee\/#website\",\"url\":\"https:\/\/www.welovecycling.com\/ee\/\",\"name\":\"\u0160koda We Love Cycling - Estonia\",\"description\":\"\",\"potentialAction\":[{\"@type\":\"SearchAction\",\"target\":{\"@type\":\"EntryPoint\",\"urlTemplate\":\"https:\/\/www.welovecycling.com\/ee\/?s={search_term_string}\"},\"query-input\":{\"@type\":\"PropertyValueSpecification\",\"valueRequired\":true,\"valueName\":\"search_term_string\"}}],\"inLanguage\":\"et\"},{\"@type\":\"Person\",\"@id\":\"https:\/\/www.welovecycling.com\/ee\/#\/schema\/person\/8b7101c4bd1b1ae9d3732ebb1e6caf57\",\"name\":\"andre\",\"image\":{\"@type\":\"ImageObject\",\"inLanguage\":\"et\",\"@id\":\"https:\/\/www.welovecycling.com\/ee\/#\/schema\/person\/image\/\",\"url\":\"https:\/\/secure.gravatar.com\/avatar\/0656b3224fe17b018f43b8a562625dd43d30827f027b2f62bc5a05711fec9a61?s=96&d=mm&r=g\",\"contentUrl\":\"https:\/\/secure.gravatar.com\/avatar\/0656b3224fe17b018f43b8a562625dd43d30827f027b2f62bc5a05711fec9a61?s=96&d=mm&r=g\",\"caption\":\"andre\"},\"url\":\"https:\/\/www.welovecycling.com\/ee\/author\/andre\/\"}]}<\/script>\n<!-- \/ Yoast SEO Premium plugin. -->","yoast_head_json":{"title":"F\u00e4nni k\u00e4siraamat: 2025. aasta MTB maailmameistriv\u00f5istlused Valais\u2019s - \u0160koda We Love Cycling - Estonia","description":"See aasta toimuvad UCI maastikuratta maailmameistriv\u00f5istlused saavad olema v\u00e4gevad. Kahe n\u00e4dala jooksul liigub v\u00f5istlus alpiaurudelt iidsete lossideni, kiirendusrikkailt allam\u00e4erajadelt maratoniradadele, mis looklevad \u00fcle terve orgu. Kaheksa sihtkohta Valais\u2019s v\u00f5\u00f5rustavad 27 maailmameistritiitlit \u2013 ja iga\u00fcks neist on s\u00f5itu v\u00e4\u00e4rt.","robots":{"index":"index","follow":"follow","max-snippet":"max-snippet:-1","max-image-preview":"max-image-preview:large","max-video-preview":"max-video-preview:-1"},"canonical":"https:\/\/www.welovecycling.com\/ee\/2025\/09\/01\/fanni-kasiraamat-2025-aasta-mtb-maailmameistrivoistlused-valaiss\/","og_locale":"et_EE","og_type":"article","og_title":"F\u00e4nni k\u00e4siraamat: 2025. aasta MTB maailmameistriv\u00f5istlused Valais\u2019s","og_description":"See aasta toimuvad UCI maastikuratta maailmameistriv\u00f5istlused saavad olema v\u00e4gevad. Kahe n\u00e4dala jooksul liigub v\u00f5istlus alpiaurudelt iidsete lossideni, kiirendusrikkailt allam\u00e4erajadelt maratoniradadele, mis looklevad \u00fcle terve orgu. Kaheksa sihtkohta Valais\u2019s v\u00f5\u00f5rustavad 27 maailmameistritiitlit \u2013 ja iga\u00fcks neist on s\u00f5itu v\u00e4\u00e4rt.","og_url":"https:\/\/www.welovecycling.com\/ee\/2025\/09\/01\/fanni-kasiraamat-2025-aasta-mtb-maailmameistrivoistlused-valaiss\/","og_site_name":"\u0160koda We Love Cycling - Estonia","article_published_time":"2025-09-01T13:09:43+00:00","og_image":[{"width":990,"height":663,"url":"https:\/\/d2p6e6u75xmxt8.cloudfront.net\/15\/2025\/09\/uci-mtb.webp","type":"image\/webp"}],"author":"andre","twitter_card":"summary_large_image","twitter_misc":{"Written by":"artin Atanasov","Est. reading time":"5"},"schema":{"@context":"https:\/\/schema.org","@graph":[{"@type":"WebPage","@id":"https:\/\/www.welovecycling.com\/ee\/2025\/09\/01\/fanni-kasiraamat-2025-aasta-mtb-maailmameistrivoistlused-valaiss\/","url":"https:\/\/www.welovecycling.com\/ee\/2025\/09\/01\/fanni-kasiraamat-2025-aasta-mtb-maailmameistrivoistlused-valaiss\/","name":"F\u00e4nni k\u00e4siraamat: 2025. aasta MTB maailmameistriv\u00f5istlused Valais\u2019s - \u0160koda We Love Cycling - Estonia","isPartOf":{"@id":"https:\/\/www.welovecycling.com\/ee\/#website"},"primaryImageOfPage":{"@id":"https:\/\/www.welovecycling.com\/ee\/2025\/09\/01\/fanni-kasiraamat-2025-aasta-mtb-maailmameistrivoistlused-valaiss\/#primaryimage"},"image":{"@id":"https:\/\/www.welovecycling.com\/ee\/2025\/09\/01\/fanni-kasiraamat-2025-aasta-mtb-maailmameistrivoistlused-valaiss\/#primaryimage"},"thumbnailUrl":"https:\/\/d2p6e6u75xmxt8.cloudfront.net\/15\/2025\/09\/uci-mtb.webp","datePublished":"2025-09-01T13:09:43+00:00","author":{"@id":"https:\/\/www.welovecycling.com\/ee\/#\/schema\/person\/8b7101c4bd1b1ae9d3732ebb1e6caf57"},"description":"See aasta toimuvad UCI maastikuratta maailmameistriv\u00f5istlused saavad olema v\u00e4gevad. Kahe n\u00e4dala jooksul liigub v\u00f5istlus alpiaurudelt iidsete lossideni, kiirendusrikkailt allam\u00e4erajadelt maratoniradadele, mis looklevad \u00fcle terve orgu. Kaheksa sihtkohta Valais\u2019s v\u00f5\u00f5rustavad 27 maailmameistritiitlit \u2013 ja iga\u00fcks neist on s\u00f5itu v\u00e4\u00e4rt.","inLanguage":"et","potentialAction":[{"@type":"ReadAction","target":["https:\/\/www.welovecycling.com\/ee\/2025\/09\/01\/fanni-kasiraamat-2025-aasta-mtb-maailmameistrivoistlused-valaiss\/"]}]},{"@type":"ImageObject","inLanguage":"et","@id":"https:\/\/www.welovecycling.com\/ee\/2025\/09\/01\/fanni-kasiraamat-2025-aasta-mtb-maailmameistrivoistlused-valaiss\/#primaryimage","url":"https:\/\/d2p6e6u75xmxt8.cloudfront.net\/15\/2025\/09\/uci-mtb.webp","contentUrl":"https:\/\/d2p6e6u75xmxt8.cloudfront.net\/15\/2025\/09\/uci-mtb.webp","width":990,"height":663},{"@type":"WebSite","@id":"https:\/\/www.welovecycling.com\/ee\/#website","url":"https:\/\/www.welovecycling.com\/ee\/","name":"\u0160koda We Love Cycling - Estonia","description":"","potentialAction":[{"@type":"SearchAction","target":{"@type":"EntryPoint","urlTemplate":"https:\/\/www.welovecycling.com\/ee\/?s={search_term_string}"},"query-input":{"@type":"PropertyValueSpecification","valueRequired":true,"valueName":"search_term_string"}}],"inLanguage":"et"},{"@type":"Person","@id":"https:\/\/www.welovecycling.com\/ee\/#\/schema\/person\/8b7101c4bd1b1ae9d3732ebb1e6caf57","name":"andre","image":{"@type":"ImageObject","inLanguage":"et","@id":"https:\/\/www.welovecycling.com\/ee\/#\/schema\/person\/image\/","url":"https:\/\/secure.gravatar.com\/avatar\/0656b3224fe17b018f43b8a562625dd43d30827f027b2f62bc5a05711fec9a61?s=96&d=mm&r=g","contentUrl":"https:\/\/secure.gravatar.com\/avatar\/0656b3224fe17b018f43b8a562625dd43d30827f027b2f62bc5a05711fec9a61?s=96&d=mm&r=g","caption":"andre"},"url":"https:\/\/www.welovecycling.com\/ee\/author\/andre\/"}]}},"_links":{"self":[{"href":"https:\/\/www.welovecycling.com\/ee\/wp-json\/wp\/v2\/posts\/3011","targetHints":{"allow":["GET"]}}],"collection":[{"href":"https:\/\/www.welovecycling.com\/ee\/wp-json\/wp\/v2\/posts"}],"about":[{"href":"https:\/\/www.welovecycling.com\/ee\/wp-json\/wp\/v2\/types\/post"}],"author":[{"embeddable":true,"href":"https:\/\/www.welovecycling.com\/ee\/wp-json\/wp\/v2\/users\/174"}],"replies":[{"embeddable":true,"href":"https:\/\/www.welovecycling.com\/ee\/wp-json\/wp\/v2\/comments?post=3011"}],"version-history":[{"count":5,"href":"https:\/\/www.welovecycling.com\/ee\/wp-json\/wp\/v2\/posts\/3011\/revisions"}],"predecessor-version":[{"id":3017,"href":"https:\/\/www.welovecycling.com\/ee\/wp-json\/wp\/v2\/posts\/3011\/revisions\/3017"}],"wp:featuredmedia":[{"embeddable":true,"href":"https:\/\/www.welovecycling.com\/ee\/wp-json\/wp\/v2\/media\/3012"}],"wp:attachment":[{"href":"https:\/\/www.welovecycling.com\/ee\/wp-json\/wp\/v2\/media?parent=3011"}],"wp:term":[{"taxonomy":"category","embeddable":true,"href":"https:\/\/www.welovecycling.com\/ee\/wp-json\/wp\/v2\/categories?post=3011"},{"taxonomy":"post_tag","embeddable":true,"href":"https:\/\/www.welovecycling.com\/ee\/wp-json\/wp\/v2\/tags?post=3011"},{"taxonomy":"global-categories","embeddable":true,"href":"https:\/\/www.welovecycling.com\/ee\/wp-json\/wp\/v2\/global-categories?post=3011"}],"curies":[{"name":"wp","href":"https:\/\/api.w.org\/{rel}","templated":true}]}}