{"id":2988,"date":"2025-08-21T14:41:33","date_gmt":"2025-08-21T11:41:33","guid":{"rendered":"https:\/\/www.welovecycling.com\/ee\/?p=2988"},"modified":"2025-08-21T14:41:33","modified_gmt":"2025-08-21T11:41:33","slug":"amy-tour-de-francei-valjakutse-sisevaade-mida-ta-enda-kohta-teada-sai-soites-koik-etapid-uksi","status":"publish","type":"post","link":"https:\/\/www.welovecycling.com\/ee\/2025\/08\/21\/amy-tour-de-francei-valjakutse-sisevaade-mida-ta-enda-kohta-teada-sai-soites-koik-etapid-uksi\/","title":{"rendered":"Amy Tour de France\u2019i v\u00e4ljakutse sisevaade: mida ta enda kohta teada sai, s\u00f5ites k\u00f5ik etapid \u00fcksi"},"content":{"rendered":"<h2 data-start=\"217\" data-end=\"528\"><strong>Amy Hudson seadis endale eesm\u00e4rgiks l\u00e4bida kogu 2025. aasta Tour de France\u2019i rada \u2013 iga etapp, iga \u00fcles\u00f5it, k\u00f5ik enda jalgade j\u00f5ul. Neli n\u00e4dalat ja 6 556 kilomeetrit hiljem j\u00f5udis ta vaikselt Pariisi, olles l\u00f5petanud \u00fche ambitsioonikama harrastus\u00adjalgrattas\u00f5idu katsumuse, mida eales proovitud.<\/strong><\/h2>\n<p><!--more--><\/p>\n<p data-start=\"530\" data-end=\"568\">Alles n\u00fc\u00fcd hakkab see kohale j\u00f5udma.<\/p>\n<p data-start=\"570\" data-end=\"953\">\u201eTegelikult j\u00f5udis see minuni alles paar p\u00e4eva hiljem,\u201c \u00fctleb Amy. \u201eKui ma Pariisis ringi s\u00f5itsin, tundsin lihtsalt kergendust, et j\u00f5udsin tervena kohale. Seal oli nii palju saginat, see oli \u00fcle j\u00f5u k\u00e4iv ja natuke ebareaalne p\u00e4rast nii pikka aega \u00fcksi olemist. See oli nagu: <em data-start=\"845\" data-end=\"871\">\u2018Ahhaa, n\u00fc\u00fcd ongi k\u00f5ik.\u2019<\/em> Aga siis paar p\u00e4eva hiljem m\u00f5tlesin: <em data-start=\"909\" data-end=\"950\">\u2018Vau, ma tegelikult tegingi selle \u00e4ra.\u2019<\/em>\u201c<\/p>\n<p data-start=\"955\" data-end=\"1122\">Meie <a href=\"https:\/\/www.welovecycling.com\/ee\/2025\/06\/13\/leia-oma-tuur-kuidas-rattasoit-muutis-amy-hudsoni-elu-ja-viis-ta-tour-de-franceile\/\">eelmises<\/a> intervjuus saad lugeda rohkem sellest, mis teda selleks katsumuseks inspireeris ja kuidas ta suutis valmistuda, olles rattaga s\u00f5itnud vaid neli aastat.<\/p>\n<hr data-start=\"1124\" data-end=\"1127\" \/>\n<h2 data-start=\"1129\" data-end=\"1160\">Ei anna kunagi alla<\/h2>\n<p data-start=\"1161\" data-end=\"1392\">Amy ei kahelnud kordagi, et ta teeb selle l\u00f5pui. \u201eAllaandmine ei olnud valik. Ma l\u00e4ksin algusest peale sellise m\u00f5tteviisiga,\u201c \u00fctleb ta. \u201eIsegi siis, kui l\u00e4ks raskeks \u2013 n\u00e4iteks Tourmalet\u2019 t\u00f5usul \u2013 ei m\u00f5elnud ma kordagi, et ei j\u00f5ua l\u00f5puni.\u201c<\/p>\n<blockquote class=\"instagram-media\" style=\"background: #FFF; border: 0; border-radius: 3px; box-shadow: 0 0 1px 0 rgba(0,0,0,0.5),0 1px 10px 0 rgba(0,0,0,0.15); margin: 1px; max-width: 540px; min-width: 326px; padding: 0; width: calc(100% - 2px);\" data-instgrm-captioned=\"\" data-instgrm-permalink=\"https:\/\/www.instagram.com\/p\/DMGHeEIIi7L\/?utm_source=ig_embed&amp;utm_campaign=loading\" data-instgrm-version=\"14\">\n<div style=\"padding: 16px;\">\n<p>&nbsp;<\/p>\n<div style=\"display: flex; flex-direction: row; align-items: center;\">\n<div style=\"background-color: #f4f4f4; border-radius: 50%; flex-grow: 0; height: 40px; margin-right: 14px; width: 40px;\"><\/div>\n<div style=\"display: flex; flex-direction: column; flex-grow: 1; justify-content: center;\">\n<div style=\"background-color: #f4f4f4; border-radius: 4px; flex-grow: 0; height: 14px; margin-bottom: 6px; width: 100px;\"><\/div>\n<div style=\"background-color: #f4f4f4; border-radius: 4px; flex-grow: 0; height: 14px; width: 60px;\"><\/div>\n<\/div>\n<\/div>\n<div style=\"padding: 19% 0;\"><\/div>\n<div style=\"display: block; height: 50px; margin: 0 auto 12px; width: 50px;\"><\/div>\n<div style=\"padding-top: 8px;\">\n<div style=\"color: #3897f0; font-family: Arial,sans-serif; font-size: 14px; font-style: normal; font-weight: 550; line-height: 18px;\">View this post on Instagram<\/div>\n<\/div>\n<div style=\"padding: 12.5% 0;\"><\/div>\n<div style=\"display: flex; flex-direction: row; margin-bottom: 14px; align-items: center;\">\n<div>\n<div style=\"background-color: #f4f4f4; border-radius: 50%; height: 12.5px; width: 12.5px; transform: translateX(0px) translateY(7px);\"><\/div>\n<div style=\"background-color: #f4f4f4; height: 12.5px; transform: rotate(-45deg) translateX(3px) translateY(1px); width: 12.5px; flex-grow: 0; margin-right: 14px; margin-left: 2px;\"><\/div>\n<div style=\"background-color: #f4f4f4; border-radius: 50%; height: 12.5px; width: 12.5px; transform: translateX(9px) translateY(-18px);\"><\/div>\n<\/div>\n<div style=\"margin-left: 8px;\">\n<div style=\"background-color: #f4f4f4; border-radius: 50%; flex-grow: 0; height: 20px; width: 20px;\"><\/div>\n<div style=\"width: 0; height: 0; border-top: 2px solid transparent; border-left: 6px solid #f4f4f4; border-bottom: 2px solid transparent; transform: translateX(16px) translateY(-4px) rotate(30deg);\"><\/div>\n<\/div>\n<div style=\"margin-left: auto;\">\n<div style=\"width: 0px; border-top: 8px solid #F4F4F4; border-right: 8px solid transparent; transform: translateY(16px);\"><\/div>\n<div style=\"background-color: #f4f4f4; flex-grow: 0; height: 12px; width: 16px; transform: translateY(-4px);\"><\/div>\n<div style=\"width: 0; height: 0; border-top: 8px solid #F4F4F4; border-left: 8px solid transparent; transform: translateY(-4px) translateX(8px);\"><\/div>\n<\/div>\n<\/div>\n<div style=\"display: flex; flex-direction: column; flex-grow: 1; justify-content: center; margin-bottom: 24px;\">\n<div style=\"background-color: #f4f4f4; border-radius: 4px; flex-grow: 0; height: 14px; margin-bottom: 6px; width: 224px;\"><\/div>\n<div style=\"background-color: #f4f4f4; border-radius: 4px; flex-grow: 0; height: 14px; width: 144px;\"><\/div>\n<\/div>\n<p>&nbsp;<\/p>\n<p style=\"color: #c9c8cd; font-family: Arial,sans-serif; font-size: 14px; line-height: 17px; margin-bottom: 0; margin-top: 8px; overflow: hidden; padding: 8px 0 7px; text-align: center; text-overflow: ellipsis; white-space: nowrap;\"><a style=\"color: #c9c8cd; font-family: Arial,sans-serif; font-size: 14px; font-style: normal; font-weight: normal; line-height: 17px; text-decoration: none;\" href=\"https:\/\/www.instagram.com\/p\/DMGHeEIIi7L\/?utm_source=ig_embed&amp;utm_campaign=loading\" target=\"_blank\" rel=\"noopener\">A post shared by Amy Hudson (@amy.cycling.adventures)<\/a><\/p>\n<\/div>\n<\/blockquote>\n<p><script async src=\"\/\/www.instagram.com\/embed.js\"><\/script><\/p>\n<p data-start=\"1394\" data-end=\"1784\">See p\u00e4ev Tourmalet\u2019l oli \u00fcks madalseis \u2013 suurim t\u00f5us, mida ta eales s\u00f5itnud, ja veel kolm m\u00e4ge ootasid ees. \u201eSee tundus nii kaugel, ja ma hakkasin m\u00f5tlema negatiivselt,\u201c meenutab ta. \u201eAga ma tuletan endale alati meelde, et see pole sugugi nii raske, kui aeg, mil ma vaevlesin vaimse tervisega probleemide k\u00fc\u00fcsis. See aitab mul end j\u00e4lle kokku v\u00f5tta. Valu on privileeg. Mul on vedanud, et ma saan seda teha.\u201c<\/p>\n<p data-start=\"1394\" data-end=\"1784\"><iframe loading=\"lazy\" title=\"YouTube video player\" src=\"https:\/\/www.youtube-nocookie.com\/embed\/aPEvXp0_JcM?si=T4_MhH6AVIo2YGzm\" width=\"560\" height=\"315\" frameborder=\"0\" allowfullscreen=\"allowfullscreen\"><\/iframe><\/p>\n<hr data-start=\"1786\" data-end=\"1789\" \/>\n<h2 data-start=\"1791\" data-end=\"1823\">K\u00f5ige raskem osa polnudki m\u00e4ed<\/h2>\n<p data-start=\"1824\" data-end=\"2092\">Ette valmistudes arvas Amy, et suurimad vaenlased on kuumus v\u00f5i vigastus. Ja kuumus oli t\u00f5esti karm \u2013 m\u00f5nel p\u00e4eval 38 \u00b0C. \u201eMa pole kunagi nii palju higistanud,\u201c \u00fctleb ta. Aga tegelikult osutusid hoopis P\u00f5hja-Prantsusmaa tasased etapid suurimaks vaimseks katsumuseks.<\/p>\n<p data-start=\"2094\" data-end=\"2516\">\u201eNeed pikad, lamedad p\u00e4evad P\u00f5hja-Prantsusmaal, kus olid ainult l\u00f5putud p\u00f5llud \u2013 need olid nii igavad,\u201c r\u00e4\u00e4gib Amy. \u201ePolnud midagi vaadata ja p\u00e4ev venis. Vaimselt oli see raskem kui m\u00e4gedes. M\u00e4gedes oli siht: j\u00f5ua tippu. See jagas p\u00e4eva osadeks. Aga p\u00f5hjas, eriti etappidevaheliste \u00fcles\u00f5itude ajal, ei olnud mitte midagi. Lihtsalt kilomeetreid ja kilomeetreid t\u00fchje teid \u2013 ei f\u00e4nne, ei kaunistusi, ei atmosf\u00e4\u00e4ri. See oligi k\u00f5ige raskem.\u201c<\/p>\n<p data-start=\"2518\" data-end=\"2842\">Igavuse talumiseks jagas ta p\u00e4eva t\u00fckkideks ja m\u00e4ngis peas m\u00e4nge. \u201eTegin neli tundi, kohtusin Kyle\u2019iga, neli tundi veel, j\u00e4lle Kyle. Lugesin eesleid v\u00f5i m\u00f5tlesin j\u00e4rgmisele sn\u00e4kile. Kui oli v\u00e4ga raske, tuletasin endale meelde, et tegin varem enne t\u00f6\u00f6p\u00e4eva kolm tundi trena\u017e\u00f6\u00f6ril. Kui ma seda suutsin, siis suudan ka seda.\u201c<\/p>\n<blockquote class=\"instagram-media\" style=\"background: #FFF; border: 0; border-radius: 3px; box-shadow: 0 0 1px 0 rgba(0,0,0,0.5),0 1px 10px 0 rgba(0,0,0,0.15); margin: 1px; max-width: 540px; min-width: 326px; padding: 0; width: calc(100% - 2px);\" data-instgrm-captioned=\"\" data-instgrm-permalink=\"https:\/\/www.instagram.com\/p\/DLxrv6Js3UW\/?utm_source=ig_embed&amp;utm_campaign=loading\" data-instgrm-version=\"14\">\n<div style=\"padding: 16px;\">\n<p>&nbsp;<\/p>\n<div style=\"display: flex; flex-direction: row; align-items: center;\">\n<div style=\"background-color: #f4f4f4; border-radius: 50%; flex-grow: 0; height: 40px; margin-right: 14px; width: 40px;\"><\/div>\n<div style=\"display: flex; flex-direction: column; flex-grow: 1; justify-content: center;\">\n<div style=\"background-color: #f4f4f4; border-radius: 4px; flex-grow: 0; height: 14px; margin-bottom: 6px; width: 100px;\"><\/div>\n<div style=\"background-color: #f4f4f4; border-radius: 4px; flex-grow: 0; height: 14px; width: 60px;\"><\/div>\n<\/div>\n<\/div>\n<div style=\"padding: 19% 0;\"><\/div>\n<div style=\"display: block; height: 50px; margin: 0 auto 12px; width: 50px;\"><\/div>\n<div style=\"padding-top: 8px;\">\n<div style=\"color: #3897f0; font-family: Arial,sans-serif; font-size: 14px; font-style: normal; font-weight: 550; line-height: 18px;\">View this post on Instagram<\/div>\n<\/div>\n<div style=\"padding: 12.5% 0;\"><\/div>\n<div style=\"display: flex; flex-direction: row; margin-bottom: 14px; align-items: center;\">\n<div>\n<div style=\"background-color: #f4f4f4; border-radius: 50%; height: 12.5px; width: 12.5px; transform: translateX(0px) translateY(7px);\"><\/div>\n<div style=\"background-color: #f4f4f4; height: 12.5px; transform: rotate(-45deg) translateX(3px) translateY(1px); width: 12.5px; flex-grow: 0; margin-right: 14px; margin-left: 2px;\"><\/div>\n<div style=\"background-color: #f4f4f4; border-radius: 50%; height: 12.5px; width: 12.5px; transform: translateX(9px) translateY(-18px);\"><\/div>\n<\/div>\n<div style=\"margin-left: 8px;\">\n<div style=\"background-color: #f4f4f4; border-radius: 50%; flex-grow: 0; height: 20px; width: 20px;\"><\/div>\n<div style=\"width: 0; height: 0; border-top: 2px solid transparent; border-left: 6px solid #f4f4f4; border-bottom: 2px solid transparent; transform: translateX(16px) translateY(-4px) rotate(30deg);\"><\/div>\n<\/div>\n<div style=\"margin-left: auto;\">\n<div style=\"width: 0px; border-top: 8px solid #F4F4F4; border-right: 8px solid transparent; transform: translateY(16px);\"><\/div>\n<div style=\"background-color: #f4f4f4; flex-grow: 0; height: 12px; width: 16px; transform: translateY(-4px);\"><\/div>\n<div style=\"width: 0; height: 0; border-top: 8px solid #F4F4F4; border-left: 8px solid transparent; transform: translateY(-4px) translateX(8px);\"><\/div>\n<\/div>\n<\/div>\n<div style=\"display: flex; flex-direction: column; flex-grow: 1; justify-content: center; margin-bottom: 24px;\">\n<div style=\"background-color: #f4f4f4; border-radius: 4px; flex-grow: 0; height: 14px; margin-bottom: 6px; width: 224px;\"><\/div>\n<div style=\"background-color: #f4f4f4; border-radius: 4px; flex-grow: 0; height: 14px; width: 144px;\"><\/div>\n<\/div>\n<p>&nbsp;<\/p>\n<p style=\"color: #c9c8cd; font-family: Arial,sans-serif; font-size: 14px; line-height: 17px; margin-bottom: 0; margin-top: 8px; overflow: hidden; padding: 8px 0 7px; text-align: center; text-overflow: ellipsis; white-space: nowrap;\"><a style=\"color: #c9c8cd; font-family: Arial,sans-serif; font-size: 14px; font-style: normal; font-weight: normal; line-height: 17px; text-decoration: none;\" href=\"https:\/\/www.instagram.com\/p\/DLxrv6Js3UW\/?utm_source=ig_embed&amp;utm_campaign=loading\" target=\"_blank\" rel=\"noopener\">A post shared by Amy Hudson (@amy.cycling.adventures)<\/a><\/p>\n<\/div>\n<\/blockquote>\n<p><script async src=\"\/\/www.instagram.com\/embed.js\"><\/script><\/p>\n<hr data-start=\"2844\" data-end=\"2847\" \/>\n<h2 data-start=\"2849\" data-end=\"2872\">M\u00f5ned miilid koos<\/h2>\n<p data-start=\"2873\" data-end=\"3112\">Kuigi ta s\u00f5itis enamuse katsumusest \u00fcksi, liitus temaga tee peal m\u00f5ni toetaja. Tema ainus reegel? Nad v\u00f5isid s\u00f5ita k\u00f5rval v\u00f5i taga, aga mitte kunagi ees. Ta ei tahtnud tuules\u00f5itu. Amy oli otsustanud l\u00e4bida iga kilomeetri ainult oma j\u00f5ul.<\/p>\n<p data-start=\"3114\" data-end=\"3302\">\u201e\u00dcks tore naine P\u00fcreneedes s\u00f5itis \u00fche hommiku minuga 50 miili. See oli v\u00e4ga tore. Enamik inimesi, kes liitusid, s\u00f5itsid vaid paar miili, aga see t\u00e4hendas mulle ikkagi palju,\u201c r\u00e4\u00e4gib Amy.<\/p>\n<p data-start=\"3304\" data-end=\"3495\">M\u00f5nel t\u00f5usul p\u00f6\u00f6rdus roll hoopis \u00fcmber. \u201eM\u00f5nikord tundsin end halvasti, sest inimesed tulid minuga m\u00e4kke kaasa, aga ma j\u00e4tsin nad maha. Nad k\u00f5ik \u00fctlesid sama: <em data-start=\"3463\" data-end=\"3476\">Mine edasi.<\/em> Nii ma tegingi.\u201c<\/p>\n<p data-start=\"3497\" data-end=\"3667\">Vahel sai ta ka tee\u00e4\u00e4rset tuge. \u201e\u00dcks paar t\u00f5i meile etapi l\u00f5pus kodus tehtud karrit ja sn\u00e4kke. See oli imeline. Ma tundsin end t\u00f5esti toetatuna, kuigi tegin seda \u00fcksi.\u201c<\/p>\n<hr data-start=\"3669\" data-end=\"3672\" \/>\n<h2 data-start=\"3674\" data-end=\"3700\">7 000 kalorit p\u00e4evas<\/h2>\n<p data-start=\"3701\" data-end=\"3874\">Peaaegu kuu aega j\u00e4rjest iga p\u00e4ev ligi 200 km l\u00e4bimine t\u00e4hendas, et toitmine oli omaette t\u00e4iskohaga t\u00f6\u00f6. Amy eesm\u00e4rk oli umbes 7 000 kalorit p\u00e4evas, p\u00f5hinedes p\u00e4ristoidul.<\/p>\n<p data-start=\"3876\" data-end=\"4216\">\u201eMeil oli kindel rutiin. Hommikul puder, esimesel peatusel piimakokteil, l\u00f5unaks pasta v\u00f5i riis, rattal igal tunnil sn\u00e4kid ja \u00f5htul korralik s\u00f6\u00f6k. Kasutasin enamasti tuttavat toitu \u2013 koduseid flapjack\u2019e, datleid, banaane ja Beta batoone. Kui mul esimesel n\u00e4dalal suus haavandid tekkisid, l\u00e4ksin ajutiselt pehmema ja vedelama toidu peale.\u201c<\/p>\n<p data-start=\"4218\" data-end=\"4413\">Ja jah \u2013 seal olid ka mandlikroissandid. \u201eMa polnud neid kunagi varem s\u00f6\u00f6nud, aga Prantsusmaal proovisin ja need olid imelised. V\u00f5tsin riski, ja \u00f5nneks mu k\u00f5ht pidas vastu. T\u00e4iesti seda v\u00e4\u00e4rt.\u201c<\/p>\n<hr data-start=\"4415\" data-end=\"4418\" \/>\n<h2 data-start=\"4420\" data-end=\"4443\">Elu teel kahekesi<\/h2>\n<p data-start=\"4444\" data-end=\"4574\">Amy abikaasa Kyle oli tema tugi\u00admeeskond, hooldaja ja kokk \u00fches. Nende partnerlust pandi proovile , aga see tegi neid tugevamaks.<\/p>\n<p data-start=\"4576\" data-end=\"4800\">\u201eMeil olid v\u00e4iksed n\u00e4gelemised nagu igal paaril, aga me muutusime selles paremaks. Esimestel p\u00e4evadel oli rohkem pingeid, aga \u00f5ppisime kiiresti, mida v\u00e4sinuna mitte \u00fcksteisele \u00f6elda. Ja me naersime selle \u00fcle alati p\u00e4rast.\u201c<\/p>\n<p data-start=\"4802\" data-end=\"5027\">\u00dcks suur viga siiski oli. \u201e\u00dchel \u00f5htul unustas ta pastat teha , ja ma olin n\u00e4ljas. Aga see oligi k\u00f5ik. Muidu tegi ta suurep\u00e4rast t\u00f6\u00f6d. Meil oli v\u00e4ike moto: kui sa ei saa midagi muuta, siis \u00e4ra stressa. See aitas meid jalgel hoida.\u201c<\/p>\n<blockquote class=\"instagram-media\" style=\"background: #FFF; border: 0; border-radius: 3px; box-shadow: 0 0 1px 0 rgba(0,0,0,0.5),0 1px 10px 0 rgba(0,0,0,0.15); margin: 1px; max-width: 540px; min-width: 326px; padding: 0; width: calc(100% - 2px);\" data-instgrm-captioned=\"\" data-instgrm-permalink=\"https:\/\/www.instagram.com\/p\/DMpIAeksN-n\/?utm_source=ig_embed&amp;utm_campaign=loading\" data-instgrm-version=\"14\">\n<div style=\"padding: 16px;\">\n<p>&nbsp;<\/p>\n<div style=\"display: flex; flex-direction: row; align-items: center;\">\n<div style=\"background-color: #f4f4f4; border-radius: 50%; flex-grow: 0; height: 40px; margin-right: 14px; width: 40px;\"><\/div>\n<div style=\"display: flex; flex-direction: column; flex-grow: 1; justify-content: center;\">\n<div style=\"background-color: #f4f4f4; border-radius: 4px; flex-grow: 0; height: 14px; margin-bottom: 6px; width: 100px;\"><\/div>\n<div style=\"background-color: #f4f4f4; border-radius: 4px; flex-grow: 0; height: 14px; width: 60px;\"><\/div>\n<\/div>\n<\/div>\n<div style=\"padding: 19% 0;\"><\/div>\n<div style=\"display: block; height: 50px; margin: 0 auto 12px; width: 50px;\"><\/div>\n<div style=\"padding-top: 8px;\">\n<div style=\"color: #3897f0; font-family: Arial,sans-serif; font-size: 14px; font-style: normal; font-weight: 550; line-height: 18px;\">View this post on Instagram<\/div>\n<\/div>\n<div style=\"padding: 12.5% 0;\"><\/div>\n<div style=\"display: flex; flex-direction: row; margin-bottom: 14px; align-items: center;\">\n<div>\n<div style=\"background-color: #f4f4f4; border-radius: 50%; height: 12.5px; width: 12.5px; transform: translateX(0px) translateY(7px);\"><\/div>\n<div style=\"background-color: #f4f4f4; height: 12.5px; transform: rotate(-45deg) translateX(3px) translateY(1px); width: 12.5px; flex-grow: 0; margin-right: 14px; margin-left: 2px;\"><\/div>\n<div style=\"background-color: #f4f4f4; border-radius: 50%; height: 12.5px; width: 12.5px; transform: translateX(9px) translateY(-18px);\"><\/div>\n<\/div>\n<div style=\"margin-left: 8px;\">\n<div style=\"background-color: #f4f4f4; border-radius: 50%; flex-grow: 0; height: 20px; width: 20px;\"><\/div>\n<div style=\"width: 0; height: 0; border-top: 2px solid transparent; border-left: 6px solid #f4f4f4; border-bottom: 2px solid transparent; transform: translateX(16px) translateY(-4px) rotate(30deg);\"><\/div>\n<\/div>\n<div style=\"margin-left: auto;\">\n<div style=\"width: 0px; border-top: 8px solid #F4F4F4; border-right: 8px solid transparent; transform: translateY(16px);\"><\/div>\n<div style=\"background-color: #f4f4f4; flex-grow: 0; height: 12px; width: 16px; transform: translateY(-4px);\"><\/div>\n<div style=\"width: 0; height: 0; border-top: 8px solid #F4F4F4; border-left: 8px solid transparent; transform: translateY(-4px) translateX(8px);\"><\/div>\n<\/div>\n<\/div>\n<div style=\"display: flex; flex-direction: column; flex-grow: 1; justify-content: center; margin-bottom: 24px;\">\n<div style=\"background-color: #f4f4f4; border-radius: 4px; flex-grow: 0; height: 14px; margin-bottom: 6px; width: 224px;\"><\/div>\n<div style=\"background-color: #f4f4f4; border-radius: 4px; flex-grow: 0; height: 14px; width: 144px;\"><\/div>\n<\/div>\n<p>&nbsp;<\/p>\n<p style=\"color: #c9c8cd; font-family: Arial,sans-serif; font-size: 14px; line-height: 17px; margin-bottom: 0; margin-top: 8px; overflow: hidden; padding: 8px 0 7px; text-align: center; text-overflow: ellipsis; white-space: nowrap;\"><a style=\"color: #c9c8cd; font-family: Arial,sans-serif; font-size: 14px; font-style: normal; font-weight: normal; line-height: 17px; text-decoration: none;\" href=\"https:\/\/www.instagram.com\/p\/DMpIAeksN-n\/?utm_source=ig_embed&amp;utm_campaign=loading\" target=\"_blank\" rel=\"noopener\">A post shared by Amy Hudson (@amy.cycling.adventures)<\/a><\/p>\n<\/div>\n<\/blockquote>\n<p><script async src=\"\/\/www.instagram.com\/embed.js\"><\/script><\/p>\n<p data-start=\"5029\" data-end=\"5248\">Viimasel n\u00e4dalal liitus nendega ka Amy s\u00f5branna Laura. \u201eKolmekesi toimisime suurep\u00e4raselt. Ta aitas Kyle\u2019il, hoidis tuju \u00fcleval ja isegi pani La Planche des Belles Filles\u2019i tipus eeslikost\u00fc\u00fcmi selga. See oli hiilgav.\u201c<\/p>\n<hr data-start=\"5250\" data-end=\"5253\" \/>\n<h2 data-start=\"5255\" data-end=\"5287\">S\u00f5it millegi suurema nimel<\/h2>\n<p data-start=\"5288\" data-end=\"5574\">Amy s\u00f5itis, et koguda raha vaimse tervise heategevus\u00adorganisatsioonile Shout, ja toetus oli tohutu. \u201eMe kogusime \u00fcle 91 000 naela koos Gift Aidiga. Isegi organisatsiooni tegevjuht saatis mulle videop\u00f6\u00f6rdumise. See t\u00e4hendas palju. Teadmine, et see aitab inimesi, hoidis mind liikumas.\u201c<\/p>\n<p data-start=\"5576\" data-end=\"5687\">Ta on nomineeritud ka <a href=\"https:\/\/www.justgiving.com\/hub\/happening-now\/justgiving-awards\/2025-justgiving-awards-mind-over-miles\">JustGivingu<\/a> auhinnale kategoorias <em data-start=\"5632\" data-end=\"5649\">Mind over Miles<\/em>. Sa saad tema poolt h\u00e4\u00e4letada siin.<\/p>\n<hr data-start=\"5689\" data-end=\"5692\" \/>\n<h2 data-start=\"5694\" data-end=\"5710\">Mis edasi?<\/h2>\n<p data-start=\"5711\" data-end=\"5905\">Amy pole veel l\u00f5petanud. \u201eMina ja Kyle plaanime j\u00e4rgmiseks aastaks midagi suurt,\u201c \u00fctleb ta. \u201eAga seda ei avalikustata enne oktoobrit.\u201c Mis iganes see ka poleks, \u00e4ra oota, et ta pooleli j\u00e4taks.<\/p>\n<hr data-start=\"5907\" data-end=\"5910\" \/>\n<h2 data-start=\"5912\" data-end=\"5931\">Amy Hudsonist<\/h2>\n<p data-start=\"5932\" data-end=\"6516\">Amy Hudson on Briti vastupidavus\u00adrattur ja vaimse tervise eestk\u00f5neleja, kes armus rattas\u00f5itu alles neli aastat tagasi. Isiklike raskuste \u00fcletamisest kuni \u00fclipikkade v\u00e4ljakutsete v\u00f5tmise\u00adni \u2013 Amy jagab n\u00fc\u00fcd oma kirge YouTube\u2019i <a href=\"https:\/\/www.youtube.com\/@amy.cycling.adventures\">kanali<\/a> ja <a href=\"https:\/\/www.instagram.com\/amy.cycling.adventures\">sotsiaal\u00admeedia<\/a> kaudu, innustades teisi p\u00fc\u00fcdlema suurte eesm\u00e4rkide poole s\u00f5ltumata stardipositsioonist. Tema viimaste saavutuste hulgas on kogu 2025. aasta Tour de France\u2019i raja l\u00e4bimine, s\u00f5it Itaaliast Suurbritanniasse kaheksa p\u00e4evaga, 24-tunni tempos\u00f5idu l\u00f5petamine ning Suurbritannia pikkuse l\u00e4bimine Land\u2019s Endist John o\u2019Groatsini (1 400 km).<\/p>\n","protected":false},"excerpt":{"rendered":"<p>Amy Hudson seadis endale eesm\u00e4rgiks l\u00e4bida kogu 2025. aasta Tour de France\u2019i rada \u2013 iga etapp, iga \u00fcles\u00f5it, k\u00f5ik enda [&hellip;]<\/p>\n","protected":false},"author":174,"featured_media":2989,"comment_status":"open","ping_status":"open","sticky":false,"template":"","format":"standard","meta":{"footnotes":""},"categories":[39],"tags":[442,452,14],"global-categories":[],"class_list":["post-2988","post","type-post","status-publish","format-standard","has-post-thumbnail","hentry","category-maanteesoit","tag-amy-hudson","tag-find-your-tour","tag-tour-de-france"],"yoast_head":"<!-- This site is optimized with the Yoast SEO Premium plugin v25.3 (Yoast SEO v25.9) - https:\/\/yoast.com\/wordpress\/plugins\/seo\/ -->\n<title>Amy Tour de France\u2019i v\u00e4ljakutse sisevaade: mida ta enda kohta teada sai, s\u00f5ites k\u00f5ik etapid \u00fcksi - \u0160koda We Love Cycling - Estonia<\/title>\n<meta name=\"description\" content=\"Amy Hudson seadis endale eesm\u00e4rgiks l\u00e4bida kogu 2025. aasta Tour de France\u2019i rada \u2013 iga etapp, iga \u00fcles\u00f5it, k\u00f5ik enda jalgade j\u00f5ul. Neli n\u00e4dalat ja 6 556 kilomeetrit hiljem j\u00f5udis ta vaikselt Pariisi, olles l\u00f5petanud \u00fche ambitsioonikama harrastus\u00adjalgrattas\u00f5idu katsumuse, mida eales proovitud.\" \/>\n<meta name=\"robots\" content=\"index, follow, max-snippet:-1, max-image-preview:large, max-video-preview:-1\" \/>\n<link rel=\"canonical\" href=\"https:\/\/www.welovecycling.com\/ee\/2025\/08\/21\/amy-tour-de-francei-valjakutse-sisevaade-mida-ta-enda-kohta-teada-sai-soites-koik-etapid-uksi\/\" \/>\n<meta property=\"og:locale\" content=\"et_EE\" \/>\n<meta property=\"og:type\" content=\"article\" \/>\n<meta property=\"og:title\" content=\"Amy Tour de France\u2019i v\u00e4ljakutse sisevaade: mida ta enda kohta teada sai, s\u00f5ites k\u00f5ik etapid \u00fcksi\" \/>\n<meta property=\"og:description\" content=\"Amy Hudson seadis endale eesm\u00e4rgiks l\u00e4bida kogu 2025. aasta Tour de France\u2019i rada \u2013 iga etapp, iga \u00fcles\u00f5it, k\u00f5ik enda jalgade j\u00f5ul. Neli n\u00e4dalat ja 6 556 kilomeetrit hiljem j\u00f5udis ta vaikselt Pariisi, olles l\u00f5petanud \u00fche ambitsioonikama harrastus\u00adjalgrattas\u00f5idu katsumuse, mida eales proovitud.\" \/>\n<meta property=\"og:url\" content=\"https:\/\/www.welovecycling.com\/ee\/2025\/08\/21\/amy-tour-de-francei-valjakutse-sisevaade-mida-ta-enda-kohta-teada-sai-soites-koik-etapid-uksi\/\" \/>\n<meta property=\"og:site_name\" content=\"\u0160koda We Love Cycling - Estonia\" \/>\n<meta property=\"article:published_time\" content=\"2025-08-21T11:41:33+00:00\" \/>\n<meta property=\"og:image\" content=\"https:\/\/d2p6e6u75xmxt8.cloudfront.net\/15\/2025\/08\/amy1.webp\" \/>\n\t<meta property=\"og:image:width\" content=\"988\" \/>\n\t<meta property=\"og:image:height\" content=\"656\" \/>\n\t<meta property=\"og:image:type\" content=\"image\/webp\" \/>\n<meta name=\"author\" content=\"andre\" \/>\n<meta name=\"twitter:card\" content=\"summary_large_image\" \/>\n<meta name=\"twitter:label1\" content=\"Written by\" \/>\n\t<meta name=\"twitter:data1\" content=\"Jiri Kaloc\" \/>\n\t<meta name=\"twitter:label2\" content=\"Est. reading time\" \/>\n\t<meta name=\"twitter:data2\" content=\"4\" \/>\n<script type=\"application\/ld+json\" class=\"yoast-schema-graph\">{\"@context\":\"https:\/\/schema.org\",\"@graph\":[{\"@type\":\"WebPage\",\"@id\":\"https:\/\/www.welovecycling.com\/ee\/2025\/08\/21\/amy-tour-de-francei-valjakutse-sisevaade-mida-ta-enda-kohta-teada-sai-soites-koik-etapid-uksi\/\",\"url\":\"https:\/\/www.welovecycling.com\/ee\/2025\/08\/21\/amy-tour-de-francei-valjakutse-sisevaade-mida-ta-enda-kohta-teada-sai-soites-koik-etapid-uksi\/\",\"name\":\"Amy Tour de France\u2019i v\u00e4ljakutse sisevaade: mida ta enda kohta teada sai, s\u00f5ites k\u00f5ik etapid \u00fcksi - \u0160koda We Love Cycling - Estonia\",\"isPartOf\":{\"@id\":\"https:\/\/www.welovecycling.com\/ee\/#website\"},\"primaryImageOfPage\":{\"@id\":\"https:\/\/www.welovecycling.com\/ee\/2025\/08\/21\/amy-tour-de-francei-valjakutse-sisevaade-mida-ta-enda-kohta-teada-sai-soites-koik-etapid-uksi\/#primaryimage\"},\"image\":{\"@id\":\"https:\/\/www.welovecycling.com\/ee\/2025\/08\/21\/amy-tour-de-francei-valjakutse-sisevaade-mida-ta-enda-kohta-teada-sai-soites-koik-etapid-uksi\/#primaryimage\"},\"thumbnailUrl\":\"https:\/\/d2p6e6u75xmxt8.cloudfront.net\/15\/2025\/08\/amy1.webp\",\"datePublished\":\"2025-08-21T11:41:33+00:00\",\"author\":{\"@id\":\"https:\/\/www.welovecycling.com\/ee\/#\/schema\/person\/8b7101c4bd1b1ae9d3732ebb1e6caf57\"},\"description\":\"Amy Hudson seadis endale eesm\u00e4rgiks l\u00e4bida kogu 2025. aasta Tour de France\u2019i rada \u2013 iga etapp, iga \u00fcles\u00f5it, k\u00f5ik enda jalgade j\u00f5ul. Neli n\u00e4dalat ja 6 556 kilomeetrit hiljem j\u00f5udis ta vaikselt Pariisi, olles l\u00f5petanud \u00fche ambitsioonikama harrastus\u00adjalgrattas\u00f5idu katsumuse, mida eales proovitud.\",\"inLanguage\":\"et\",\"potentialAction\":[{\"@type\":\"ReadAction\",\"target\":[\"https:\/\/www.welovecycling.com\/ee\/2025\/08\/21\/amy-tour-de-francei-valjakutse-sisevaade-mida-ta-enda-kohta-teada-sai-soites-koik-etapid-uksi\/\"]}]},{\"@type\":\"ImageObject\",\"inLanguage\":\"et\",\"@id\":\"https:\/\/www.welovecycling.com\/ee\/2025\/08\/21\/amy-tour-de-francei-valjakutse-sisevaade-mida-ta-enda-kohta-teada-sai-soites-koik-etapid-uksi\/#primaryimage\",\"url\":\"https:\/\/d2p6e6u75xmxt8.cloudfront.net\/15\/2025\/08\/amy1.webp\",\"contentUrl\":\"https:\/\/d2p6e6u75xmxt8.cloudfront.net\/15\/2025\/08\/amy1.webp\",\"width\":988,\"height\":656},{\"@type\":\"WebSite\",\"@id\":\"https:\/\/www.welovecycling.com\/ee\/#website\",\"url\":\"https:\/\/www.welovecycling.com\/ee\/\",\"name\":\"\u0160koda We Love Cycling - Estonia\",\"description\":\"\",\"potentialAction\":[{\"@type\":\"SearchAction\",\"target\":{\"@type\":\"EntryPoint\",\"urlTemplate\":\"https:\/\/www.welovecycling.com\/ee\/?s={search_term_string}\"},\"query-input\":{\"@type\":\"PropertyValueSpecification\",\"valueRequired\":true,\"valueName\":\"search_term_string\"}}],\"inLanguage\":\"et\"},{\"@type\":\"Person\",\"@id\":\"https:\/\/www.welovecycling.com\/ee\/#\/schema\/person\/8b7101c4bd1b1ae9d3732ebb1e6caf57\",\"name\":\"andre\",\"image\":{\"@type\":\"ImageObject\",\"inLanguage\":\"et\",\"@id\":\"https:\/\/www.welovecycling.com\/ee\/#\/schema\/person\/image\/\",\"url\":\"https:\/\/secure.gravatar.com\/avatar\/0656b3224fe17b018f43b8a562625dd43d30827f027b2f62bc5a05711fec9a61?s=96&d=mm&r=g\",\"contentUrl\":\"https:\/\/secure.gravatar.com\/avatar\/0656b3224fe17b018f43b8a562625dd43d30827f027b2f62bc5a05711fec9a61?s=96&d=mm&r=g\",\"caption\":\"andre\"},\"url\":\"https:\/\/www.welovecycling.com\/ee\/author\/andre\/\"}]}<\/script>\n<!-- \/ Yoast SEO Premium plugin. -->","yoast_head_json":{"title":"Amy Tour de France\u2019i v\u00e4ljakutse sisevaade: mida ta enda kohta teada sai, s\u00f5ites k\u00f5ik etapid \u00fcksi - \u0160koda We Love Cycling - Estonia","description":"Amy Hudson seadis endale eesm\u00e4rgiks l\u00e4bida kogu 2025. aasta Tour de France\u2019i rada \u2013 iga etapp, iga \u00fcles\u00f5it, k\u00f5ik enda jalgade j\u00f5ul. Neli n\u00e4dalat ja 6 556 kilomeetrit hiljem j\u00f5udis ta vaikselt Pariisi, olles l\u00f5petanud \u00fche ambitsioonikama harrastus\u00adjalgrattas\u00f5idu katsumuse, mida eales proovitud.","robots":{"index":"index","follow":"follow","max-snippet":"max-snippet:-1","max-image-preview":"max-image-preview:large","max-video-preview":"max-video-preview:-1"},"canonical":"https:\/\/www.welovecycling.com\/ee\/2025\/08\/21\/amy-tour-de-francei-valjakutse-sisevaade-mida-ta-enda-kohta-teada-sai-soites-koik-etapid-uksi\/","og_locale":"et_EE","og_type":"article","og_title":"Amy Tour de France\u2019i v\u00e4ljakutse sisevaade: mida ta enda kohta teada sai, s\u00f5ites k\u00f5ik etapid \u00fcksi","og_description":"Amy Hudson seadis endale eesm\u00e4rgiks l\u00e4bida kogu 2025. aasta Tour de France\u2019i rada \u2013 iga etapp, iga \u00fcles\u00f5it, k\u00f5ik enda jalgade j\u00f5ul. Neli n\u00e4dalat ja 6 556 kilomeetrit hiljem j\u00f5udis ta vaikselt Pariisi, olles l\u00f5petanud \u00fche ambitsioonikama harrastus\u00adjalgrattas\u00f5idu katsumuse, mida eales proovitud.","og_url":"https:\/\/www.welovecycling.com\/ee\/2025\/08\/21\/amy-tour-de-francei-valjakutse-sisevaade-mida-ta-enda-kohta-teada-sai-soites-koik-etapid-uksi\/","og_site_name":"\u0160koda We Love Cycling - Estonia","article_published_time":"2025-08-21T11:41:33+00:00","og_image":[{"width":988,"height":656,"url":"https:\/\/d2p6e6u75xmxt8.cloudfront.net\/15\/2025\/08\/amy1.webp","type":"image\/webp"}],"author":"andre","twitter_card":"summary_large_image","twitter_misc":{"Written by":"Jiri Kaloc","Est. reading time":"4"},"schema":{"@context":"https:\/\/schema.org","@graph":[{"@type":"WebPage","@id":"https:\/\/www.welovecycling.com\/ee\/2025\/08\/21\/amy-tour-de-francei-valjakutse-sisevaade-mida-ta-enda-kohta-teada-sai-soites-koik-etapid-uksi\/","url":"https:\/\/www.welovecycling.com\/ee\/2025\/08\/21\/amy-tour-de-francei-valjakutse-sisevaade-mida-ta-enda-kohta-teada-sai-soites-koik-etapid-uksi\/","name":"Amy Tour de France\u2019i v\u00e4ljakutse sisevaade: mida ta enda kohta teada sai, s\u00f5ites k\u00f5ik etapid \u00fcksi - \u0160koda We Love Cycling - Estonia","isPartOf":{"@id":"https:\/\/www.welovecycling.com\/ee\/#website"},"primaryImageOfPage":{"@id":"https:\/\/www.welovecycling.com\/ee\/2025\/08\/21\/amy-tour-de-francei-valjakutse-sisevaade-mida-ta-enda-kohta-teada-sai-soites-koik-etapid-uksi\/#primaryimage"},"image":{"@id":"https:\/\/www.welovecycling.com\/ee\/2025\/08\/21\/amy-tour-de-francei-valjakutse-sisevaade-mida-ta-enda-kohta-teada-sai-soites-koik-etapid-uksi\/#primaryimage"},"thumbnailUrl":"https:\/\/d2p6e6u75xmxt8.cloudfront.net\/15\/2025\/08\/amy1.webp","datePublished":"2025-08-21T11:41:33+00:00","author":{"@id":"https:\/\/www.welovecycling.com\/ee\/#\/schema\/person\/8b7101c4bd1b1ae9d3732ebb1e6caf57"},"description":"Amy Hudson seadis endale eesm\u00e4rgiks l\u00e4bida kogu 2025. aasta Tour de France\u2019i rada \u2013 iga etapp, iga \u00fcles\u00f5it, k\u00f5ik enda jalgade j\u00f5ul. Neli n\u00e4dalat ja 6 556 kilomeetrit hiljem j\u00f5udis ta vaikselt Pariisi, olles l\u00f5petanud \u00fche ambitsioonikama harrastus\u00adjalgrattas\u00f5idu katsumuse, mida eales proovitud.","inLanguage":"et","potentialAction":[{"@type":"ReadAction","target":["https:\/\/www.welovecycling.com\/ee\/2025\/08\/21\/amy-tour-de-francei-valjakutse-sisevaade-mida-ta-enda-kohta-teada-sai-soites-koik-etapid-uksi\/"]}]},{"@type":"ImageObject","inLanguage":"et","@id":"https:\/\/www.welovecycling.com\/ee\/2025\/08\/21\/amy-tour-de-francei-valjakutse-sisevaade-mida-ta-enda-kohta-teada-sai-soites-koik-etapid-uksi\/#primaryimage","url":"https:\/\/d2p6e6u75xmxt8.cloudfront.net\/15\/2025\/08\/amy1.webp","contentUrl":"https:\/\/d2p6e6u75xmxt8.cloudfront.net\/15\/2025\/08\/amy1.webp","width":988,"height":656},{"@type":"WebSite","@id":"https:\/\/www.welovecycling.com\/ee\/#website","url":"https:\/\/www.welovecycling.com\/ee\/","name":"\u0160koda We Love Cycling - Estonia","description":"","potentialAction":[{"@type":"SearchAction","target":{"@type":"EntryPoint","urlTemplate":"https:\/\/www.welovecycling.com\/ee\/?s={search_term_string}"},"query-input":{"@type":"PropertyValueSpecification","valueRequired":true,"valueName":"search_term_string"}}],"inLanguage":"et"},{"@type":"Person","@id":"https:\/\/www.welovecycling.com\/ee\/#\/schema\/person\/8b7101c4bd1b1ae9d3732ebb1e6caf57","name":"andre","image":{"@type":"ImageObject","inLanguage":"et","@id":"https:\/\/www.welovecycling.com\/ee\/#\/schema\/person\/image\/","url":"https:\/\/secure.gravatar.com\/avatar\/0656b3224fe17b018f43b8a562625dd43d30827f027b2f62bc5a05711fec9a61?s=96&d=mm&r=g","contentUrl":"https:\/\/secure.gravatar.com\/avatar\/0656b3224fe17b018f43b8a562625dd43d30827f027b2f62bc5a05711fec9a61?s=96&d=mm&r=g","caption":"andre"},"url":"https:\/\/www.welovecycling.com\/ee\/author\/andre\/"}]}},"_links":{"self":[{"href":"https:\/\/www.welovecycling.com\/ee\/wp-json\/wp\/v2\/posts\/2988","targetHints":{"allow":["GET"]}}],"collection":[{"href":"https:\/\/www.welovecycling.com\/ee\/wp-json\/wp\/v2\/posts"}],"about":[{"href":"https:\/\/www.welovecycling.com\/ee\/wp-json\/wp\/v2\/types\/post"}],"author":[{"embeddable":true,"href":"https:\/\/www.welovecycling.com\/ee\/wp-json\/wp\/v2\/users\/174"}],"replies":[{"embeddable":true,"href":"https:\/\/www.welovecycling.com\/ee\/wp-json\/wp\/v2\/comments?post=2988"}],"version-history":[{"count":3,"href":"https:\/\/www.welovecycling.com\/ee\/wp-json\/wp\/v2\/posts\/2988\/revisions"}],"predecessor-version":[{"id":2992,"href":"https:\/\/www.welovecycling.com\/ee\/wp-json\/wp\/v2\/posts\/2988\/revisions\/2992"}],"wp:featuredmedia":[{"embeddable":true,"href":"https:\/\/www.welovecycling.com\/ee\/wp-json\/wp\/v2\/media\/2989"}],"wp:attachment":[{"href":"https:\/\/www.welovecycling.com\/ee\/wp-json\/wp\/v2\/media?parent=2988"}],"wp:term":[{"taxonomy":"category","embeddable":true,"href":"https:\/\/www.welovecycling.com\/ee\/wp-json\/wp\/v2\/categories?post=2988"},{"taxonomy":"post_tag","embeddable":true,"href":"https:\/\/www.welovecycling.com\/ee\/wp-json\/wp\/v2\/tags?post=2988"},{"taxonomy":"global-categories","embeddable":true,"href":"https:\/\/www.welovecycling.com\/ee\/wp-json\/wp\/v2\/global-categories?post=2988"}],"curies":[{"name":"wp","href":"https:\/\/api.w.org\/{rel}","templated":true}]}}