{"id":2904,"date":"2025-08-11T13:42:39","date_gmt":"2025-08-11T10:42:39","guid":{"rendered":"https:\/\/www.welovecycling.com\/ee\/?p=2904"},"modified":"2025-08-11T13:42:55","modified_gmt":"2025-08-11T10:42:55","slug":"pean-hetke-nautima-pogacar-sihib-kunklikku-euroopa-meistrivoistluste-rada-samal-ajal-lugeses-paevi-pensionipolveni","status":"publish","type":"post","link":"https:\/\/www.welovecycling.com\/ee\/2025\/08\/11\/pean-hetke-nautima-pogacar-sihib-kunklikku-euroopa-meistrivoistluste-rada-samal-ajal-lugeses-paevi-pensionipolveni\/","title":{"rendered":"\u201ePean hetke nautima\u201c: Poga\u010dar sihib k\u00fcnklikku Euroopa meistriv\u00f5istluste rada, samal ajal lugeses p\u00e4evi pensionip\u00f5lveni."},"content":{"rendered":"<h2 data-start=\"232\" data-end=\"573\">Tadej Poga\u010dar on avaldanud oma programmi 2025. aasta hooaja viimasteks kuudeks, kinnitades, et kavatseb osaleda k\u00fcnklikul Euroopa meistriv\u00f5istluste rajal ning tunnistades, et \u201eloeb juba aastaid pensionini\u201c. Kuigi ta on endiselt spordi tipus, r\u00f5hutab sloveenlane, et tahab \u201ehetke nautida\u201c ning on teadlik, et tema \u00fclekaal ei kesta igavesti.<\/h2>\n<p><!--more--><\/p>\n<p data-start=\"575\" data-end=\"813\">Neljakordne Tour de France\u2019i v\u00f5itja r\u00e4\u00e4kis ajakirjanikele Komendas, kus toimus tema kodulinna ja esimeste treeningklubide korraldatud eriline kriteerium. Suure rahvahulga ees \u00fcletas ta fini\u0161ijoone enne Luka Mezgecit ja Matteo Trentini.<\/p>\n<p data-start=\"815\" data-end=\"968\">\u201eMul on hea meel taas kodus olla, n\u00e4ha s\u00f5pru, naabreid ja peret,\u201c \u00fctles ta ajakirjanikele, m\u00f5eldes nii l\u00e4hiaja eesm\u00e4rkidele kui ka pikemale tulevikule.<\/p>\n<p data-start=\"970\" data-end=\"1416\">Poga\u010daril on leping UAE Team Emirates-XRG-ga kuni aastani 2030, kuid hiljutises intervjuus L\u2019Equipe\u2019ile vihjas ta, et 2028. aasta Los Angelese ol\u00fcmpiam\u00e4ngud v\u00f5ivad olla hetk, mil ta hakkab t\u00f5siselt pensionile j\u00e4\u00e4mist kaaluma. Alates 2019. aastast, mil ta 20-aastasena WorldTouri astus, on ta v\u00f5itnud neli Tour\u2019i ja \u00fcle <a href=\"https:\/\/www.welovecycling.com\/wide\/2025\/07\/09\/pogacar-reaches-100-wins-at-the-tour-de-france\/\">saja<\/a> muu v\u00f5idu. Tema nimekirjas on veel vaid Vuelta a Espa\u00f1a, Milano\u2013San Remo ja Paris\u2013Roubaix enne, kui ta spordist taandub.<\/p>\n<p data-start=\"1418\" data-end=\"1719\">\u201eV\u00f5ib tunduda naljakas, et ma juba pensionip\u00f5lve loen, aga t\u00f5siasi on, et sportlase karj\u00e4\u00e4r pole kuigi pikk,\u201c \u00fctles ta enne Komenda v\u00f5istlust. \u201eHakkasin \u00fcsna vara v\u00f5itma ja k\u00f5ik on seni maani h\u00e4sti toiminud. Igal aastal treenime j\u00e4rjest raskemalt ja rohkem, nii et ootan oma pensionile minekut suure r\u00f5\u00f5muga&#8221;.<\/p>\n<p data-start=\"1721\" data-end=\"2000\">\u201e\u00dchelt poolt tean, et mu sportlasekarj\u00e4\u00e4r ei ole pikk, aga teisalt olen teadlik, et saan veel paar aastat nautida taset, millel praegu olen. Samas eeldan, et mingil hetkel see tase langeb ja hooaja jooksul ei tule enam nii palju v\u00f5ite kui praegu, ning tuleb ka m\u00f5ni halb aasta.<\/p>\n<p data-start=\"2002\" data-end=\"2170\">\u201eOlen valmis k\u00f5ige tuleva jaoks, mist\u00f5ttu olen veelgi teadlikum, et pean hetke nautima. Pean olema tulevikus valmis peatuma, t\u00e4nama ja tipptasemel v\u00f5istlemisest h\u00fcvasti j\u00e4tma.\u201c<\/p>\n<p data-start=\"2172\" data-end=\"2455\">P\u00e4rast viimast Tour de France\u2019i triumfi \u2014 mille viimast n\u00e4dalat raskendas haigus \u2014 v\u00f5ttis Poga\u010dar aega maha oma kodus Montecarlos. Ta hoidis eemale sotsiaalmeediast, tegi kergeid treenings\u00f5ite ja kohtas isegi teel Tour de France Femmes avec Zwifti v\u00f5itjat Pauline Ferrand-Pr\u00e9vot\u2019d.<\/p>\n<blockquote class=\"instagram-media\" style=\"background: #FFF; border: 0; border-radius: 3px; box-shadow: 0 0 1px 0 rgba(0,0,0,0.5),0 1px 10px 0 rgba(0,0,0,0.15); margin: 1px; max-width: 540px; min-width: 326px; padding: 0; width: calc(100% - 2px);\" data-instgrm-captioned=\"\" data-instgrm-permalink=\"https:\/\/www.instagram.com\/p\/DNBAqgDt15_\/?utm_source=ig_embed&amp;utm_campaign=loading\" data-instgrm-version=\"14\">\n<div style=\"padding: 16px;\">\n<p>&nbsp;<\/p>\n<div style=\"display: flex; flex-direction: row; align-items: center;\">\n<div style=\"background-color: #f4f4f4; border-radius: 50%; flex-grow: 0; height: 40px; margin-right: 14px; width: 40px;\"><\/div>\n<div style=\"display: flex; flex-direction: column; flex-grow: 1; justify-content: center;\">\n<div style=\"background-color: #f4f4f4; border-radius: 4px; flex-grow: 0; height: 14px; margin-bottom: 6px; width: 100px;\"><\/div>\n<div style=\"background-color: #f4f4f4; border-radius: 4px; flex-grow: 0; height: 14px; width: 60px;\"><\/div>\n<\/div>\n<\/div>\n<div style=\"padding: 19% 0;\"><\/div>\n<div style=\"display: block; height: 50px; margin: 0 auto 12px; width: 50px;\"><\/div>\n<div style=\"padding-top: 8px;\">\n<div style=\"color: #3897f0; font-family: Arial,sans-serif; font-size: 14px; font-style: normal; font-weight: 550; line-height: 18px;\">View this post on Instagram<\/div>\n<\/div>\n<div style=\"padding: 12.5% 0;\"><\/div>\n<div style=\"display: flex; flex-direction: row; margin-bottom: 14px; align-items: center;\">\n<div>\n<div style=\"background-color: #f4f4f4; border-radius: 50%; height: 12.5px; width: 12.5px; transform: translateX(0px) translateY(7px);\"><\/div>\n<div style=\"background-color: #f4f4f4; height: 12.5px; transform: rotate(-45deg) translateX(3px) translateY(1px); width: 12.5px; flex-grow: 0; margin-right: 14px; margin-left: 2px;\"><\/div>\n<div style=\"background-color: #f4f4f4; border-radius: 50%; height: 12.5px; width: 12.5px; transform: translateX(9px) translateY(-18px);\"><\/div>\n<\/div>\n<div style=\"margin-left: 8px;\">\n<div style=\"background-color: #f4f4f4; border-radius: 50%; flex-grow: 0; height: 20px; width: 20px;\"><\/div>\n<div style=\"width: 0; height: 0; border-top: 2px solid transparent; border-left: 6px solid #f4f4f4; border-bottom: 2px solid transparent; transform: translateX(16px) translateY(-4px) rotate(30deg);\"><\/div>\n<\/div>\n<div style=\"margin-left: auto;\">\n<div style=\"width: 0px; border-top: 8px solid #F4F4F4; border-right: 8px solid transparent; transform: translateY(16px);\"><\/div>\n<div style=\"background-color: #f4f4f4; flex-grow: 0; height: 12px; width: 16px; transform: translateY(-4px);\"><\/div>\n<div style=\"width: 0; height: 0; border-top: 8px solid #F4F4F4; border-left: 8px solid transparent; transform: translateY(-4px) translateX(8px);\"><\/div>\n<\/div>\n<\/div>\n<div style=\"display: flex; flex-direction: column; flex-grow: 1; justify-content: center; margin-bottom: 24px;\">\n<div style=\"background-color: #f4f4f4; border-radius: 4px; flex-grow: 0; height: 14px; margin-bottom: 6px; width: 224px;\"><\/div>\n<div style=\"background-color: #f4f4f4; border-radius: 4px; flex-grow: 0; height: 14px; width: 144px;\"><\/div>\n<\/div>\n<p>&nbsp;<\/p>\n<p style=\"color: #c9c8cd; font-family: Arial,sans-serif; font-size: 14px; line-height: 17px; margin-bottom: 0; margin-top: 8px; overflow: hidden; padding: 8px 0 7px; text-align: center; text-overflow: ellipsis; white-space: nowrap;\"><a style=\"color: #c9c8cd; font-family: Arial,sans-serif; font-size: 14px; font-style: normal; font-weight: normal; line-height: 17px; text-decoration: none;\" href=\"https:\/\/www.instagram.com\/p\/DNBAqgDt15_\/?utm_source=ig_embed&amp;utm_campaign=loading\" target=\"_blank\" rel=\"noopener\">A post shared by Pauline FERRAND-PREVOT (@paulineferrandprevot)<\/a><\/p>\n<\/div>\n<\/blockquote>\n<p><script async src=\"\/\/www.instagram.com\/embed.js\"><\/script><\/p>\n<p data-start=\"2457\" data-end=\"2821\">\u201eSain veidi puhata, mul on raske Tour seljataga ja iga\u00fchel v\u00f5ib olla halbu p\u00e4evi,\u201c selgitas ta, kui talt k\u00fcsiti, kas ta tunneb end paremini kui Tour\u2019i l\u00f5ppp\u00e4evil. \u201eMuidugi ei saa oodata, et s\u00e4ran \u00f5nnest k\u00f5ik 21 etappi. Oli ka raskeid p\u00e4evi. Tour oli t\u00f5eliselt raske, \u00fcks raskemaid, mille olen s\u00f5itnud \u2014 seda v\u00f5ivad kinnitada k\u00f5ik, kes \u00fcldarvestuse peale v\u00f5itlesid.<\/p>\n<p data-start=\"2823\" data-end=\"2930\">\u201eN\u00fc\u00fcd, kaks n\u00e4dalat p\u00e4rast Tour\u2019i l\u00f5ppu, olen puhanud, endale <em>restardi<\/em> teinud ja liigume edasi tavap\u00e4rases r\u00fctmis.\u201c<\/p>\n<p data-start=\"2932\" data-end=\"3196\">Edasi vaadates kinnitas Poga\u010dar, et 2026. aasta Tour de France j\u00e4\u00e4b tema peamiseks eesm\u00e4rgiks, et p\u00fc\u00fcda viie \u00fcldv\u00f5idu rekordit. \u201eT\u00f5en\u00e4oliselt l\u00e4hen Tour\u2019ile tagasi, p\u00f5him\u00f5tteliselt on see suurim v\u00f5istlus ja ma ei usu, et tiim mind koju j\u00e4taks\u2026\u201c \u00fctles ta muigega.<\/p>\n<p data-start=\"3198\" data-end=\"3556\">Kui rivaal Jonas Vingegaard valmistub Vueltaks, j\u00e4rgib Poga\u010dar p\u00e4rast rasket kevadet ja suve teistsugust plaani. Tema tagasitulekuv\u00f5istlus on Grand Prix Cycliste de Qu\u00e9bec, millele j\u00e4rgneb Montr\u00e9al, enne kui ta kaitseb oma maailmameistris\u00e4rki Rwanda MM-il. N\u00e4dal hiljem suundub ta L\u00f5una-Prantsusmaale Euroopa meistriv\u00f5istlustele, mis toimuvad 5. oktoobril.<\/p>\n<p data-start=\"3558\" data-end=\"3904\">\u201eTeame, et Montr\u00e9al sobib mulle paremini, aga see ei t\u00e4henda, et Qu\u00e9becis ei prooviks v\u00f5ita,\u201c \u00fctles ta. \u201eSel aastal muudeti rada veidi, see on n\u00fc\u00fcd isegi lihtsam, aga eesm\u00e4rk on raskem, nii et proovime seal samuti v\u00f5ita. See ei pea tingimata olema mina, meil on veel paar tiimikaaslast, kellele see eesm\u00e4rk v\u00f5ib sobida, eriti Jhonathan Narvaez.<\/p>\n<p data-start=\"3906\" data-end=\"4205\">\u201eMeie info kohaetl on t\u00e4navune Euroopa meistriv\u00f5istluste rada \u2018ronijate\u2019 sobiv, nii et t\u00f5en\u00e4oliselt olen kohal. See on sarnane \u00fchele kevadklassikule, mille Juan Ayuso sel aastal v\u00f5itis. Kuid see EM t\u00e4hendab t\u00f5en\u00e4oliselt, et ma ei saa minna \u00fchelegi teisele Itaalia klassikule peale Lombardia.\u201c<\/p>\n<p data-start=\"4207\" data-end=\"4358\">Kuna hooaja l\u00f5puni on j\u00e4\u00e4nud vaid k\u00e4put\u00e4is \u00fchep\u00e4evas\u00f5ite, plaanib Poga\u010dar oma vormi maksimaalselt \u00e4ra kasutada \u2014 ja nagu ta ise \u00fctleb, hetke nautida.<\/p>\n","protected":false},"excerpt":{"rendered":"<p>Tadej Poga\u010dar on avaldanud oma programmi 2025. aasta hooaja viimasteks kuudeks, kinnitades, et kavatseb osaleda k\u00fcnklikul Euroopa meistriv\u00f5istluste rajal ning [&hellip;]<\/p>\n","protected":false},"author":174,"featured_media":2911,"comment_status":"open","ping_status":"open","sticky":false,"template":"","format":"standard","meta":{"footnotes":""},"categories":[39],"tags":[466,273,14,281,465],"global-categories":[22],"class_list":["post-2904","post","type-post","status-publish","format-standard","has-post-thumbnail","hentry","category-maanteesoit","tag-pauline-ferrand-prevot","tag-tadej-pogacar","tag-tour-de-france","tag-tour-de-france-femmes-avec-zwift","tag-uae-team-emirates-xrg","global-categories-cycling"],"yoast_head":"<!-- This site is optimized with the Yoast SEO Premium plugin v25.3 (Yoast SEO v25.9) - https:\/\/yoast.com\/wordpress\/plugins\/seo\/ -->\n<title>\u201ePean hetke nautima\u201c: Poga\u010dar sihib k\u00fcnklikku Euroopa meistriv\u00f5istluste rada, samal ajal lugeses p\u00e4evi pensionip\u00f5lveni. - \u0160koda We Love Cycling - Estonia<\/title>\n<meta name=\"description\" content=\"Tadej Poga\u010dar on avaldanud oma programmi 2025. aasta hooaja viimasteks kuudeks, kinnitades, et kavatseb osaleda k\u00fcnklikul Euroopa meistriv\u00f5istluste rajal ning tunnistades, et \u201eloeb juba aastaid pensionini\u201c. Kuigi ta on endiselt spordi tipus, r\u00f5hutab sloveenlane, et tahab \u201ehetke nautida\u201c ning on teadlik, et tema \u00fclekaal ei kesta igavesti.\" \/>\n<meta name=\"robots\" content=\"index, follow, max-snippet:-1, max-image-preview:large, max-video-preview:-1\" \/>\n<link rel=\"canonical\" href=\"https:\/\/www.welovecycling.com\/ee\/2025\/08\/11\/pean-hetke-nautima-pogacar-sihib-kunklikku-euroopa-meistrivoistluste-rada-samal-ajal-lugeses-paevi-pensionipolveni\/\" \/>\n<meta property=\"og:locale\" content=\"et_EE\" \/>\n<meta property=\"og:type\" content=\"article\" \/>\n<meta property=\"og:title\" content=\"\u201ePean hetke nautima\u201c: Poga\u010dar sihib k\u00fcnklikku Euroopa meistriv\u00f5istluste rada, samal ajal lugeses p\u00e4evi pensionip\u00f5lveni.\" \/>\n<meta property=\"og:description\" content=\"Tadej Poga\u010dar on avaldanud oma programmi 2025. aasta hooaja viimasteks kuudeks, kinnitades, et kavatseb osaleda k\u00fcnklikul Euroopa meistriv\u00f5istluste rajal ning tunnistades, et \u201eloeb juba aastaid pensionini\u201c. Kuigi ta on endiselt spordi tipus, r\u00f5hutab sloveenlane, et tahab \u201ehetke nautida\u201c ning on teadlik, et tema \u00fclekaal ei kesta igavesti.\" \/>\n<meta property=\"og:url\" content=\"https:\/\/www.welovecycling.com\/ee\/2025\/08\/11\/pean-hetke-nautima-pogacar-sihib-kunklikku-euroopa-meistrivoistluste-rada-samal-ajal-lugeses-paevi-pensionipolveni\/\" \/>\n<meta property=\"og:site_name\" content=\"\u0160koda We Love Cycling - Estonia\" \/>\n<meta property=\"article:published_time\" content=\"2025-08-11T10:42:39+00:00\" \/>\n<meta property=\"article:modified_time\" content=\"2025-08-11T10:42:55+00:00\" \/>\n<meta property=\"og:image\" content=\"https:\/\/d2p6e6u75xmxt8.cloudfront.net\/15\/2025\/08\/tadej.webp\" \/>\n\t<meta property=\"og:image:width\" content=\"988\" \/>\n\t<meta property=\"og:image:height\" content=\"660\" \/>\n\t<meta property=\"og:image:type\" content=\"image\/webp\" \/>\n<meta name=\"author\" content=\"andre\" \/>\n<meta name=\"twitter:card\" content=\"summary_large_image\" \/>\n<meta name=\"twitter:label1\" content=\"Written by\" \/>\n\t<meta name=\"twitter:data1\" content=\"Monica Buck\" \/>\n\t<meta name=\"twitter:label2\" content=\"Est. reading time\" \/>\n\t<meta name=\"twitter:data2\" content=\"4\" \/>\n<script type=\"application\/ld+json\" class=\"yoast-schema-graph\">{\"@context\":\"https:\/\/schema.org\",\"@graph\":[{\"@type\":\"WebPage\",\"@id\":\"https:\/\/www.welovecycling.com\/ee\/2025\/08\/11\/pean-hetke-nautima-pogacar-sihib-kunklikku-euroopa-meistrivoistluste-rada-samal-ajal-lugeses-paevi-pensionipolveni\/\",\"url\":\"https:\/\/www.welovecycling.com\/ee\/2025\/08\/11\/pean-hetke-nautima-pogacar-sihib-kunklikku-euroopa-meistrivoistluste-rada-samal-ajal-lugeses-paevi-pensionipolveni\/\",\"name\":\"\u201ePean hetke nautima\u201c: Poga\u010dar sihib k\u00fcnklikku Euroopa meistriv\u00f5istluste rada, samal ajal lugeses p\u00e4evi pensionip\u00f5lveni. - \u0160koda We Love Cycling - Estonia\",\"isPartOf\":{\"@id\":\"https:\/\/www.welovecycling.com\/ee\/#website\"},\"primaryImageOfPage\":{\"@id\":\"https:\/\/www.welovecycling.com\/ee\/2025\/08\/11\/pean-hetke-nautima-pogacar-sihib-kunklikku-euroopa-meistrivoistluste-rada-samal-ajal-lugeses-paevi-pensionipolveni\/#primaryimage\"},\"image\":{\"@id\":\"https:\/\/www.welovecycling.com\/ee\/2025\/08\/11\/pean-hetke-nautima-pogacar-sihib-kunklikku-euroopa-meistrivoistluste-rada-samal-ajal-lugeses-paevi-pensionipolveni\/#primaryimage\"},\"thumbnailUrl\":\"https:\/\/d2p6e6u75xmxt8.cloudfront.net\/15\/2025\/08\/tadej.webp\",\"datePublished\":\"2025-08-11T10:42:39+00:00\",\"dateModified\":\"2025-08-11T10:42:55+00:00\",\"author\":{\"@id\":\"https:\/\/www.welovecycling.com\/ee\/#\/schema\/person\/8b7101c4bd1b1ae9d3732ebb1e6caf57\"},\"description\":\"Tadej Poga\u010dar on avaldanud oma programmi 2025. aasta hooaja viimasteks kuudeks, kinnitades, et kavatseb osaleda k\u00fcnklikul Euroopa meistriv\u00f5istluste rajal ning tunnistades, et \u201eloeb juba aastaid pensionini\u201c. Kuigi ta on endiselt spordi tipus, r\u00f5hutab sloveenlane, et tahab \u201ehetke nautida\u201c ning on teadlik, et tema \u00fclekaal ei kesta igavesti.\",\"inLanguage\":\"et\",\"potentialAction\":[{\"@type\":\"ReadAction\",\"target\":[\"https:\/\/www.welovecycling.com\/ee\/2025\/08\/11\/pean-hetke-nautima-pogacar-sihib-kunklikku-euroopa-meistrivoistluste-rada-samal-ajal-lugeses-paevi-pensionipolveni\/\"]}]},{\"@type\":\"ImageObject\",\"inLanguage\":\"et\",\"@id\":\"https:\/\/www.welovecycling.com\/ee\/2025\/08\/11\/pean-hetke-nautima-pogacar-sihib-kunklikku-euroopa-meistrivoistluste-rada-samal-ajal-lugeses-paevi-pensionipolveni\/#primaryimage\",\"url\":\"https:\/\/d2p6e6u75xmxt8.cloudfront.net\/15\/2025\/08\/tadej.webp\",\"contentUrl\":\"https:\/\/d2p6e6u75xmxt8.cloudfront.net\/15\/2025\/08\/tadej.webp\",\"width\":988,\"height\":660},{\"@type\":\"WebSite\",\"@id\":\"https:\/\/www.welovecycling.com\/ee\/#website\",\"url\":\"https:\/\/www.welovecycling.com\/ee\/\",\"name\":\"\u0160koda We Love Cycling - Estonia\",\"description\":\"\",\"potentialAction\":[{\"@type\":\"SearchAction\",\"target\":{\"@type\":\"EntryPoint\",\"urlTemplate\":\"https:\/\/www.welovecycling.com\/ee\/?s={search_term_string}\"},\"query-input\":{\"@type\":\"PropertyValueSpecification\",\"valueRequired\":true,\"valueName\":\"search_term_string\"}}],\"inLanguage\":\"et\"},{\"@type\":\"Person\",\"@id\":\"https:\/\/www.welovecycling.com\/ee\/#\/schema\/person\/8b7101c4bd1b1ae9d3732ebb1e6caf57\",\"name\":\"andre\",\"image\":{\"@type\":\"ImageObject\",\"inLanguage\":\"et\",\"@id\":\"https:\/\/www.welovecycling.com\/ee\/#\/schema\/person\/image\/\",\"url\":\"https:\/\/secure.gravatar.com\/avatar\/0656b3224fe17b018f43b8a562625dd43d30827f027b2f62bc5a05711fec9a61?s=96&d=mm&r=g\",\"contentUrl\":\"https:\/\/secure.gravatar.com\/avatar\/0656b3224fe17b018f43b8a562625dd43d30827f027b2f62bc5a05711fec9a61?s=96&d=mm&r=g\",\"caption\":\"andre\"},\"url\":\"https:\/\/www.welovecycling.com\/ee\/author\/andre\/\"}]}<\/script>\n<!-- \/ Yoast SEO Premium plugin. -->","yoast_head_json":{"title":"\u201ePean hetke nautima\u201c: Poga\u010dar sihib k\u00fcnklikku Euroopa meistriv\u00f5istluste rada, samal ajal lugeses p\u00e4evi pensionip\u00f5lveni. - \u0160koda We Love Cycling - Estonia","description":"Tadej Poga\u010dar on avaldanud oma programmi 2025. aasta hooaja viimasteks kuudeks, kinnitades, et kavatseb osaleda k\u00fcnklikul Euroopa meistriv\u00f5istluste rajal ning tunnistades, et \u201eloeb juba aastaid pensionini\u201c. Kuigi ta on endiselt spordi tipus, r\u00f5hutab sloveenlane, et tahab \u201ehetke nautida\u201c ning on teadlik, et tema \u00fclekaal ei kesta igavesti.","robots":{"index":"index","follow":"follow","max-snippet":"max-snippet:-1","max-image-preview":"max-image-preview:large","max-video-preview":"max-video-preview:-1"},"canonical":"https:\/\/www.welovecycling.com\/ee\/2025\/08\/11\/pean-hetke-nautima-pogacar-sihib-kunklikku-euroopa-meistrivoistluste-rada-samal-ajal-lugeses-paevi-pensionipolveni\/","og_locale":"et_EE","og_type":"article","og_title":"\u201ePean hetke nautima\u201c: Poga\u010dar sihib k\u00fcnklikku Euroopa meistriv\u00f5istluste rada, samal ajal lugeses p\u00e4evi pensionip\u00f5lveni.","og_description":"Tadej Poga\u010dar on avaldanud oma programmi 2025. aasta hooaja viimasteks kuudeks, kinnitades, et kavatseb osaleda k\u00fcnklikul Euroopa meistriv\u00f5istluste rajal ning tunnistades, et \u201eloeb juba aastaid pensionini\u201c. Kuigi ta on endiselt spordi tipus, r\u00f5hutab sloveenlane, et tahab \u201ehetke nautida\u201c ning on teadlik, et tema \u00fclekaal ei kesta igavesti.","og_url":"https:\/\/www.welovecycling.com\/ee\/2025\/08\/11\/pean-hetke-nautima-pogacar-sihib-kunklikku-euroopa-meistrivoistluste-rada-samal-ajal-lugeses-paevi-pensionipolveni\/","og_site_name":"\u0160koda We Love Cycling - Estonia","article_published_time":"2025-08-11T10:42:39+00:00","article_modified_time":"2025-08-11T10:42:55+00:00","og_image":[{"width":988,"height":660,"url":"https:\/\/d2p6e6u75xmxt8.cloudfront.net\/15\/2025\/08\/tadej.webp","type":"image\/webp"}],"author":"andre","twitter_card":"summary_large_image","twitter_misc":{"Written by":"Monica Buck","Est. reading time":"4"},"schema":{"@context":"https:\/\/schema.org","@graph":[{"@type":"WebPage","@id":"https:\/\/www.welovecycling.com\/ee\/2025\/08\/11\/pean-hetke-nautima-pogacar-sihib-kunklikku-euroopa-meistrivoistluste-rada-samal-ajal-lugeses-paevi-pensionipolveni\/","url":"https:\/\/www.welovecycling.com\/ee\/2025\/08\/11\/pean-hetke-nautima-pogacar-sihib-kunklikku-euroopa-meistrivoistluste-rada-samal-ajal-lugeses-paevi-pensionipolveni\/","name":"\u201ePean hetke nautima\u201c: Poga\u010dar sihib k\u00fcnklikku Euroopa meistriv\u00f5istluste rada, samal ajal lugeses p\u00e4evi pensionip\u00f5lveni. - \u0160koda We Love Cycling - Estonia","isPartOf":{"@id":"https:\/\/www.welovecycling.com\/ee\/#website"},"primaryImageOfPage":{"@id":"https:\/\/www.welovecycling.com\/ee\/2025\/08\/11\/pean-hetke-nautima-pogacar-sihib-kunklikku-euroopa-meistrivoistluste-rada-samal-ajal-lugeses-paevi-pensionipolveni\/#primaryimage"},"image":{"@id":"https:\/\/www.welovecycling.com\/ee\/2025\/08\/11\/pean-hetke-nautima-pogacar-sihib-kunklikku-euroopa-meistrivoistluste-rada-samal-ajal-lugeses-paevi-pensionipolveni\/#primaryimage"},"thumbnailUrl":"https:\/\/d2p6e6u75xmxt8.cloudfront.net\/15\/2025\/08\/tadej.webp","datePublished":"2025-08-11T10:42:39+00:00","dateModified":"2025-08-11T10:42:55+00:00","author":{"@id":"https:\/\/www.welovecycling.com\/ee\/#\/schema\/person\/8b7101c4bd1b1ae9d3732ebb1e6caf57"},"description":"Tadej Poga\u010dar on avaldanud oma programmi 2025. aasta hooaja viimasteks kuudeks, kinnitades, et kavatseb osaleda k\u00fcnklikul Euroopa meistriv\u00f5istluste rajal ning tunnistades, et \u201eloeb juba aastaid pensionini\u201c. Kuigi ta on endiselt spordi tipus, r\u00f5hutab sloveenlane, et tahab \u201ehetke nautida\u201c ning on teadlik, et tema \u00fclekaal ei kesta igavesti.","inLanguage":"et","potentialAction":[{"@type":"ReadAction","target":["https:\/\/www.welovecycling.com\/ee\/2025\/08\/11\/pean-hetke-nautima-pogacar-sihib-kunklikku-euroopa-meistrivoistluste-rada-samal-ajal-lugeses-paevi-pensionipolveni\/"]}]},{"@type":"ImageObject","inLanguage":"et","@id":"https:\/\/www.welovecycling.com\/ee\/2025\/08\/11\/pean-hetke-nautima-pogacar-sihib-kunklikku-euroopa-meistrivoistluste-rada-samal-ajal-lugeses-paevi-pensionipolveni\/#primaryimage","url":"https:\/\/d2p6e6u75xmxt8.cloudfront.net\/15\/2025\/08\/tadej.webp","contentUrl":"https:\/\/d2p6e6u75xmxt8.cloudfront.net\/15\/2025\/08\/tadej.webp","width":988,"height":660},{"@type":"WebSite","@id":"https:\/\/www.welovecycling.com\/ee\/#website","url":"https:\/\/www.welovecycling.com\/ee\/","name":"\u0160koda We Love Cycling - Estonia","description":"","potentialAction":[{"@type":"SearchAction","target":{"@type":"EntryPoint","urlTemplate":"https:\/\/www.welovecycling.com\/ee\/?s={search_term_string}"},"query-input":{"@type":"PropertyValueSpecification","valueRequired":true,"valueName":"search_term_string"}}],"inLanguage":"et"},{"@type":"Person","@id":"https:\/\/www.welovecycling.com\/ee\/#\/schema\/person\/8b7101c4bd1b1ae9d3732ebb1e6caf57","name":"andre","image":{"@type":"ImageObject","inLanguage":"et","@id":"https:\/\/www.welovecycling.com\/ee\/#\/schema\/person\/image\/","url":"https:\/\/secure.gravatar.com\/avatar\/0656b3224fe17b018f43b8a562625dd43d30827f027b2f62bc5a05711fec9a61?s=96&d=mm&r=g","contentUrl":"https:\/\/secure.gravatar.com\/avatar\/0656b3224fe17b018f43b8a562625dd43d30827f027b2f62bc5a05711fec9a61?s=96&d=mm&r=g","caption":"andre"},"url":"https:\/\/www.welovecycling.com\/ee\/author\/andre\/"}]}},"_links":{"self":[{"href":"https:\/\/www.welovecycling.com\/ee\/wp-json\/wp\/v2\/posts\/2904","targetHints":{"allow":["GET"]}}],"collection":[{"href":"https:\/\/www.welovecycling.com\/ee\/wp-json\/wp\/v2\/posts"}],"about":[{"href":"https:\/\/www.welovecycling.com\/ee\/wp-json\/wp\/v2\/types\/post"}],"author":[{"embeddable":true,"href":"https:\/\/www.welovecycling.com\/ee\/wp-json\/wp\/v2\/users\/174"}],"replies":[{"embeddable":true,"href":"https:\/\/www.welovecycling.com\/ee\/wp-json\/wp\/v2\/comments?post=2904"}],"version-history":[{"count":1,"href":"https:\/\/www.welovecycling.com\/ee\/wp-json\/wp\/v2\/posts\/2904\/revisions"}],"predecessor-version":[{"id":2912,"href":"https:\/\/www.welovecycling.com\/ee\/wp-json\/wp\/v2\/posts\/2904\/revisions\/2912"}],"wp:featuredmedia":[{"embeddable":true,"href":"https:\/\/www.welovecycling.com\/ee\/wp-json\/wp\/v2\/media\/2911"}],"wp:attachment":[{"href":"https:\/\/www.welovecycling.com\/ee\/wp-json\/wp\/v2\/media?parent=2904"}],"wp:term":[{"taxonomy":"category","embeddable":true,"href":"https:\/\/www.welovecycling.com\/ee\/wp-json\/wp\/v2\/categories?post=2904"},{"taxonomy":"post_tag","embeddable":true,"href":"https:\/\/www.welovecycling.com\/ee\/wp-json\/wp\/v2\/tags?post=2904"},{"taxonomy":"global-categories","embeddable":true,"href":"https:\/\/www.welovecycling.com\/ee\/wp-json\/wp\/v2\/global-categories?post=2904"}],"curies":[{"name":"wp","href":"https:\/\/api.w.org\/{rel}","templated":true}]}}