{"id":285,"date":"2019-09-02T14:20:52","date_gmt":"2019-09-02T14:20:52","guid":{"rendered":"https:\/\/www.welovecycling.com\/ee\/?p=285"},"modified":"2019-09-02T14:20:52","modified_gmt":"2019-09-02T14:20:52","slug":"galerii-pildikesi-vana-aja-tour-de-franceidest","status":"publish","type":"post","link":"https:\/\/www.welovecycling.com\/ee\/2019\/09\/02\/galerii-pildikesi-vana-aja-tour-de-franceidest\/","title":{"rendered":"GALERII: Pildikesi vana aja Tour de France&#8217;idest"},"content":{"rendered":"<p><strong>J\u00e4rjekordne Grand Boucle on peagi algamas ning on paras aeg vaadata \u201euusimaid\u201c fotosid vana aja rattakangelastest, et end peomeeleollu viia. T\u00f5us Col du Galibier&#8217;le koos Gino Bartaliga, Ferdi Kubleri ekstaatiline ilme ja teised j\u00e4\u00e4dvustused aitavad meelde tuletada velotuuri kangelaslikku ajalugu.<\/strong><!--more--><\/p>\n<figure id=\"attachment_174400\" class=\"wp-caption alignnone\">\n<p><figure id=\"attachment_174400\" aria-describedby=\"caption-attachment-174400\" style=\"width: 1250px\" class=\"wp-caption alignnone\"><a class=\"colorbox-initialized cboxElement\" href=\"https:\/\/d2p6e6u75xmxt8.cloudfront.net\/2\/2019\/06\/profimedia-0067944227.jpg\"><img loading=\"lazy\" decoding=\"async\" class=\"initial loading wp-image-174400 size-full\" src=\"https:\/\/d2p6e6u75xmxt8.cloudfront.net\/2\/2019\/06\/profimedia-0067944227.jpg\" sizes=\"auto, (max-width: 1250px) 100vw, 1250px\" srcset=\"https:\/\/d2p6e6u75xmxt8.cloudfront.net\/2\/2019\/06\/profimedia-0067944227.jpg 1250w, https:\/\/d2p6e6u75xmxt8.cloudfront.net\/2\/2019\/06\/profimedia-0067944227-300x205.jpg 300w, https:\/\/d2p6e6u75xmxt8.cloudfront.net\/2\/2019\/06\/profimedia-0067944227-768x525.jpg 768w, https:\/\/d2p6e6u75xmxt8.cloudfront.net\/2\/2019\/06\/profimedia-0067944227-1024x700.jpg 1024w\" alt=\"\" width=\"1250\" height=\"854\" data-was-processed=\"true\" \/><\/a><figcaption id=\"caption-attachment-174400\" class=\"wp-caption-text\">1910. aasta Tour m\u00e4gedes. \u00a9 Profimedia, Roger Viollet<\/figcaption><\/figure><figcaption class=\"wp-caption-text\"><\/figcaption><\/figure>\n<figure id=\"attachment_174395\" class=\"wp-caption alignnone\">\n<p><figure id=\"attachment_174395\" aria-describedby=\"caption-attachment-174395\" style=\"width: 1250px\" class=\"wp-caption alignnone\"><a class=\"colorbox-initialized cboxElement\" href=\"https:\/\/d2p6e6u75xmxt8.cloudfront.net\/2\/2019\/06\/profimedia-0067986218.jpg\"><img loading=\"lazy\" decoding=\"async\" class=\"loading wp-image-174395 size-full\" src=\"https:\/\/d2p6e6u75xmxt8.cloudfront.net\/2\/2019\/06\/profimedia-0067986218.jpg\" sizes=\"auto, (max-width: 1250px) 100vw, 1250px\" srcset=\"https:\/\/d2p6e6u75xmxt8.cloudfront.net\/2\/2019\/06\/profimedia-0067986218.jpg 1250w, https:\/\/d2p6e6u75xmxt8.cloudfront.net\/2\/2019\/06\/profimedia-0067986218-300x201.jpg 300w, https:\/\/d2p6e6u75xmxt8.cloudfront.net\/2\/2019\/06\/profimedia-0067986218-768x515.jpg 768w, https:\/\/d2p6e6u75xmxt8.cloudfront.net\/2\/2019\/06\/profimedia-0067986218-1024x687.jpg 1024w, https:\/\/d2p6e6u75xmxt8.cloudfront.net\/2\/2019\/06\/profimedia-0067986218-272x182.jpg 272w\" alt=\"\" width=\"1250\" height=\"839\" data-was-processed=\"true\" \/><\/a><figcaption id=\"caption-attachment-174395\" class=\"wp-caption-text\">F\u00e4nn ergutamas Ren\u00e9 Viettot t\u00f5usul Col du Galibier&#8217;le, 1934. \u00a9 Profimedia, AFP<\/figcaption><\/figure><figcaption class=\"wp-caption-text\"><\/figcaption><\/figure>\n<figure id=\"attachment_174406\" class=\"wp-caption alignnone\">\n<p><figure id=\"attachment_174406\" aria-describedby=\"caption-attachment-174406\" style=\"width: 1250px\" class=\"wp-caption alignnone\"><a class=\"colorbox-initialized cboxElement\" href=\"https:\/\/d2p6e6u75xmxt8.cloudfront.net\/2\/2019\/06\/profimedia-0068046464.jpg\"><img loading=\"lazy\" decoding=\"async\" class=\"loading wp-image-174406 size-full\" src=\"https:\/\/d2p6e6u75xmxt8.cloudfront.net\/2\/2019\/06\/profimedia-0068046464.jpg\" sizes=\"auto, (max-width: 1250px) 100vw, 1250px\" srcset=\"https:\/\/d2p6e6u75xmxt8.cloudfront.net\/2\/2019\/06\/profimedia-0068046464.jpg 1250w, https:\/\/d2p6e6u75xmxt8.cloudfront.net\/2\/2019\/06\/profimedia-0068046464-300x201.jpg 300w, https:\/\/d2p6e6u75xmxt8.cloudfront.net\/2\/2019\/06\/profimedia-0068046464-768x515.jpg 768w, https:\/\/d2p6e6u75xmxt8.cloudfront.net\/2\/2019\/06\/profimedia-0068046464-1024x687.jpg 1024w, https:\/\/d2p6e6u75xmxt8.cloudfront.net\/2\/2019\/06\/profimedia-0068046464-272x182.jpg 272w\" alt=\"\" width=\"1250\" height=\"839\" data-was-processed=\"true\" \/><\/a><figcaption id=\"caption-attachment-174406\" class=\"wp-caption-text\">Jean Dotto loobumine 16. etapil, 25. juuli 1955. \u00a9 Profimedia, Roger Viollet<\/figcaption><\/figure><figcaption class=\"wp-caption-text\"><\/figcaption><\/figure>\n<figure id=\"attachment_174404\" class=\"wp-caption alignnone\">\n<p><figure id=\"attachment_174404\" aria-describedby=\"caption-attachment-174404\" style=\"width: 1158px\" class=\"wp-caption alignnone\"><a class=\"colorbox-initialized cboxElement\" href=\"https:\/\/d2p6e6u75xmxt8.cloudfront.net\/2\/2019\/06\/profimedia-0068100139.jpg\"><img loading=\"lazy\" decoding=\"async\" class=\"loading wp-image-174404 size-full\" src=\"https:\/\/d2p6e6u75xmxt8.cloudfront.net\/2\/2019\/06\/profimedia-0068100139.jpg\" sizes=\"auto, (max-width: 1158px) 100vw, 1158px\" srcset=\"https:\/\/d2p6e6u75xmxt8.cloudfront.net\/2\/2019\/06\/profimedia-0068100139.jpg 1158w, https:\/\/d2p6e6u75xmxt8.cloudfront.net\/2\/2019\/06\/profimedia-0068100139-278x300.jpg 278w, https:\/\/d2p6e6u75xmxt8.cloudfront.net\/2\/2019\/06\/profimedia-0068100139-768x829.jpg 768w, https:\/\/d2p6e6u75xmxt8.cloudfront.net\/2\/2019\/06\/profimedia-0068100139-949x1024.jpg 949w\" alt=\"\" width=\"1158\" height=\"1250\" data-was-processed=\"true\" \/><\/a><figcaption id=\"caption-attachment-174404\" class=\"wp-caption-text\">Omavoliliselt s\u00f5itma astunud rattur 1965. aasta Tour de France&#8217;il. \u00a9 Profimedia<\/figcaption><\/figure><figcaption class=\"wp-caption-text\"><\/figcaption><\/figure>\n<figure id=\"attachment_174392\" class=\"wp-caption alignnone\">\n<figure id=\"attachment_174392\" aria-describedby=\"caption-attachment-174392\" style=\"width: 1250px\" class=\"wp-caption alignnone\"><a class=\"colorbox-initialized cboxElement\" href=\"https:\/\/d2p6e6u75xmxt8.cloudfront.net\/2\/2019\/06\/profimedia-0067993549.jpg\"><img loading=\"lazy\" decoding=\"async\" class=\"loading wp-image-174392 size-full\" src=\"https:\/\/d2p6e6u75xmxt8.cloudfront.net\/2\/2019\/06\/profimedia-0067993549.jpg\" sizes=\"auto, (max-width: 1250px) 100vw, 1250px\" srcset=\"https:\/\/d2p6e6u75xmxt8.cloudfront.net\/2\/2019\/06\/profimedia-0067993549.jpg 1250w, https:\/\/d2p6e6u75xmxt8.cloudfront.net\/2\/2019\/06\/profimedia-0067993549-300x201.jpg 300w, https:\/\/d2p6e6u75xmxt8.cloudfront.net\/2\/2019\/06\/profimedia-0067993549-768x515.jpg 768w, https:\/\/d2p6e6u75xmxt8.cloudfront.net\/2\/2019\/06\/profimedia-0067993549-1024x686.jpg 1024w, https:\/\/d2p6e6u75xmxt8.cloudfront.net\/2\/2019\/06\/profimedia-0067993549-272x182.jpg 272w\" alt=\"\" width=\"1250\" height=\"838\" data-was-processed=\"true\" \/><\/a><figcaption id=\"caption-attachment-174392\" class=\"wp-caption-text\">Gino Bartali t\u00f5usmas Col du Galibier&#8217;le, 1939. \u00a9 Profimedia, AFP<\/figcaption><\/figure>\n<p>&nbsp;<\/figure>\n<figure id=\"attachment_174401\" class=\"wp-caption alignnone\"><figcaption class=\"wp-caption-text\">\n<figure id=\"attachment_174401\" aria-describedby=\"caption-attachment-174401\" style=\"width: 1250px\" class=\"wp-caption alignnone\"><a class=\"colorbox-initialized cboxElement\" href=\"https:\/\/d2p6e6u75xmxt8.cloudfront.net\/2\/2019\/06\/profimedia-0286581950.jpg\"><img loading=\"lazy\" decoding=\"async\" class=\"loading wp-image-174401 size-full\" src=\"https:\/\/d2p6e6u75xmxt8.cloudfront.net\/2\/2019\/06\/profimedia-0286581950.jpg\" sizes=\"auto, (max-width: 1250px) 100vw, 1250px\" srcset=\"https:\/\/d2p6e6u75xmxt8.cloudfront.net\/2\/2019\/06\/profimedia-0286581950.jpg 1250w, https:\/\/d2p6e6u75xmxt8.cloudfront.net\/2\/2019\/06\/profimedia-0286581950-300x276.jpg 300w, https:\/\/d2p6e6u75xmxt8.cloudfront.net\/2\/2019\/06\/profimedia-0286581950-768x708.jpg 768w, https:\/\/d2p6e6u75xmxt8.cloudfront.net\/2\/2019\/06\/profimedia-0286581950-1024x944.jpg 1024w\" alt=\"\" width=\"1250\" height=\"1152\" data-was-processed=\"true\" \/><\/a><figcaption id=\"caption-attachment-174401\" class=\"wp-caption-text\">\u00dcks ja ainus Jacques Anquetil, foto aastast 1955. \u00a9 Profimedia, Roger Viollet<\/figcaption><\/figure>\n<\/figcaption><figcaption class=\"wp-caption-text\"><\/figcaption><\/figure>\n<figure id=\"attachment_174398\" class=\"wp-caption alignnone\">\n<p><figure id=\"attachment_174398\" aria-describedby=\"caption-attachment-174398\" style=\"width: 1250px\" class=\"wp-caption alignnone\"><a class=\"colorbox-initialized cboxElement\" href=\"https:\/\/d2p6e6u75xmxt8.cloudfront.net\/2\/2019\/06\/profimedia-0309688274.jpg\"><img loading=\"lazy\" decoding=\"async\" class=\"loading wp-image-174398 size-full\" src=\"https:\/\/d2p6e6u75xmxt8.cloudfront.net\/2\/2019\/06\/profimedia-0309688274.jpg\" sizes=\"auto, (max-width: 1250px) 100vw, 1250px\" srcset=\"https:\/\/d2p6e6u75xmxt8.cloudfront.net\/2\/2019\/06\/profimedia-0309688274.jpg 1250w, https:\/\/d2p6e6u75xmxt8.cloudfront.net\/2\/2019\/06\/profimedia-0309688274-300x216.jpg 300w, https:\/\/d2p6e6u75xmxt8.cloudfront.net\/2\/2019\/06\/profimedia-0309688274-768x552.jpg 768w, https:\/\/d2p6e6u75xmxt8.cloudfront.net\/2\/2019\/06\/profimedia-0309688274-1024x736.jpg 1024w\" alt=\"\" width=\"1250\" height=\"898\" data-was-processed=\"true\" \/><\/a><figcaption id=\"caption-attachment-174398\" class=\"wp-caption-text\">Juubeldav Ferdinand \u201eFerdi\u201c Kubler p\u00e4rast Tour de France&#8217;i esimese etapi v\u00f5itu 26. juunil 1947 Lille&#8217;is. Ferdi lahkus meie hulgast 97-aastasena 30. detsembril 2016. \u00a9 Profimedia, AFP<\/figcaption><\/figure><figcaption class=\"wp-caption-text\"><\/figcaption><\/figure>\n<figure id=\"attachment_174405\" class=\"wp-caption alignnone\">\n<p><figure id=\"attachment_174405\" aria-describedby=\"caption-attachment-174405\" style=\"width: 1250px\" class=\"wp-caption alignnone\"><a class=\"colorbox-initialized cboxElement\" href=\"https:\/\/d2p6e6u75xmxt8.cloudfront.net\/2\/2019\/06\/profimedia-0156440588.jpg\"><img loading=\"lazy\" decoding=\"async\" class=\"loading wp-image-174405 size-full\" src=\"https:\/\/d2p6e6u75xmxt8.cloudfront.net\/2\/2019\/06\/profimedia-0156440588.jpg\" sizes=\"auto, (max-width: 1250px) 100vw, 1250px\" srcset=\"https:\/\/d2p6e6u75xmxt8.cloudfront.net\/2\/2019\/06\/profimedia-0156440588.jpg 1250w, https:\/\/d2p6e6u75xmxt8.cloudfront.net\/2\/2019\/06\/profimedia-0156440588-300x219.jpg 300w, https:\/\/d2p6e6u75xmxt8.cloudfront.net\/2\/2019\/06\/profimedia-0156440588-768x562.jpg 768w, https:\/\/d2p6e6u75xmxt8.cloudfront.net\/2\/2019\/06\/profimedia-0156440588-1024x749.jpg 1024w\" alt=\"\" width=\"1250\" height=\"914\" data-was-processed=\"true\" \/><\/a><figcaption id=\"caption-attachment-174405\" class=\"wp-caption-text\">1930. ja 1932. aasta Tour de France&#8217;i v\u00f5itja, prantslane Andr\u00e9 Leducq (1904\u20131980) puhkehetkel. (11. juuli 1932). \u00a9 Profimedia, Imagno<\/figcaption><\/figure><figcaption class=\"wp-caption-text\"><\/figcaption><\/figure>\n<figure id=\"attachment_174403\" class=\"wp-caption alignnone\">\n<p><figure id=\"attachment_174403\" aria-describedby=\"caption-attachment-174403\" style=\"width: 1250px\" class=\"wp-caption alignnone\"><a class=\"colorbox-initialized cboxElement\" href=\"https:\/\/d2p6e6u75xmxt8.cloudfront.net\/2\/2019\/06\/profimedia-0068046458.jpg\"><img loading=\"lazy\" decoding=\"async\" class=\"loading wp-image-174403 size-full\" src=\"https:\/\/d2p6e6u75xmxt8.cloudfront.net\/2\/2019\/06\/profimedia-0068046458.jpg\" sizes=\"auto, (max-width: 1250px) 100vw, 1250px\" srcset=\"https:\/\/d2p6e6u75xmxt8.cloudfront.net\/2\/2019\/06\/profimedia-0068046458.jpg 1250w, https:\/\/d2p6e6u75xmxt8.cloudfront.net\/2\/2019\/06\/profimedia-0068046458-300x200.jpg 300w, https:\/\/d2p6e6u75xmxt8.cloudfront.net\/2\/2019\/06\/profimedia-0068046458-768x512.jpg 768w, https:\/\/d2p6e6u75xmxt8.cloudfront.net\/2\/2019\/06\/profimedia-0068046458-1024x683.jpg 1024w, https:\/\/d2p6e6u75xmxt8.cloudfront.net\/2\/2019\/06\/profimedia-0068046458-272x182.jpg 272w\" alt=\"\" width=\"1250\" height=\"834\" data-was-processed=\"true\" \/><\/a><figcaption id=\"caption-attachment-174403\" class=\"wp-caption-text\">Bernard Gauthier katkise rattakummiga Col de Minier&#8217; m\u00e4el, 20. juuli 1955. \u00a9 Profimedia, Roger Viollet<\/figcaption><\/figure><figcaption class=\"wp-caption-text\"><\/figcaption><\/figure>\n<figure id=\"attachment_174397\" class=\"wp-caption alignnone\">\n<p><figure id=\"attachment_174397\" aria-describedby=\"caption-attachment-174397\" style=\"width: 1250px\" class=\"wp-caption alignnone\"><a class=\"colorbox-initialized cboxElement\" href=\"https:\/\/d2p6e6u75xmxt8.cloudfront.net\/2\/2019\/06\/profimedia-0067998944.jpg\"><img loading=\"lazy\" decoding=\"async\" class=\"loading wp-image-174397 size-full\" src=\"https:\/\/d2p6e6u75xmxt8.cloudfront.net\/2\/2019\/06\/profimedia-0067998944.jpg\" sizes=\"auto, (max-width: 1250px) 100vw, 1250px\" srcset=\"https:\/\/d2p6e6u75xmxt8.cloudfront.net\/2\/2019\/06\/profimedia-0067998944.jpg 1250w, https:\/\/d2p6e6u75xmxt8.cloudfront.net\/2\/2019\/06\/profimedia-0067998944-300x199.jpg 300w, https:\/\/d2p6e6u75xmxt8.cloudfront.net\/2\/2019\/06\/profimedia-0067998944-768x511.jpg 768w, https:\/\/d2p6e6u75xmxt8.cloudfront.net\/2\/2019\/06\/profimedia-0067998944-1024x681.jpg 1024w, https:\/\/d2p6e6u75xmxt8.cloudfront.net\/2\/2019\/06\/profimedia-0067998944-272x182.jpg 272w\" alt=\"\" width=\"1250\" height=\"831\" data-was-processed=\"true\" \/><\/a><figcaption id=\"caption-attachment-174397\" class=\"wp-caption-text\">Col du Galibier 27. juulil 1939. \u00a9 Profimedia, AFP<\/figcaption><\/figure><figcaption class=\"wp-caption-text\"><\/figcaption><\/figure>\n<figure id=\"attachment_174402\" class=\"wp-caption alignnone\">\n<p><figure id=\"attachment_174402\" aria-describedby=\"caption-attachment-174402\" style=\"width: 1250px\" class=\"wp-caption alignnone\"><a class=\"colorbox-initialized cboxElement\" href=\"https:\/\/d2p6e6u75xmxt8.cloudfront.net\/2\/2019\/06\/profimedia-0068036977.jpg\"><img loading=\"lazy\" decoding=\"async\" class=\"loading wp-image-174402 size-full\" src=\"https:\/\/d2p6e6u75xmxt8.cloudfront.net\/2\/2019\/06\/profimedia-0068036977.jpg\" sizes=\"auto, (max-width: 1250px) 100vw, 1250px\" srcset=\"https:\/\/d2p6e6u75xmxt8.cloudfront.net\/2\/2019\/06\/profimedia-0068036977.jpg 1250w, https:\/\/d2p6e6u75xmxt8.cloudfront.net\/2\/2019\/06\/profimedia-0068036977-300x210.jpg 300w, https:\/\/d2p6e6u75xmxt8.cloudfront.net\/2\/2019\/06\/profimedia-0068036977-768x536.jpg 768w, https:\/\/d2p6e6u75xmxt8.cloudfront.net\/2\/2019\/06\/profimedia-0068036977-1024x715.jpg 1024w\" alt=\"\" width=\"1250\" height=\"873\" data-was-processed=\"true\" \/><\/a><figcaption id=\"caption-attachment-174402\" class=\"wp-caption-text\">Peagrupp raudteed \u00fcletamas, 1952. \u00a9 Profimedia, Roger Viollet<\/figcaption><\/figure><figcaption class=\"wp-caption-text\"><\/figcaption><\/figure>\n<figure id=\"attachment_174396\" class=\"wp-caption alignnone\">\n<p><figure id=\"attachment_174396\" aria-describedby=\"caption-attachment-174396\" style=\"width: 1250px\" class=\"wp-caption alignnone\"><a class=\"colorbox-initialized cboxElement\" href=\"https:\/\/d2p6e6u75xmxt8.cloudfront.net\/2\/2019\/06\/profimedia-0309686915.jpg\"><img loading=\"lazy\" decoding=\"async\" class=\"loading wp-image-174396 size-full\" src=\"https:\/\/d2p6e6u75xmxt8.cloudfront.net\/2\/2019\/06\/profimedia-0309686915.jpg\" sizes=\"auto, (max-width: 1250px) 100vw, 1250px\" srcset=\"https:\/\/d2p6e6u75xmxt8.cloudfront.net\/2\/2019\/06\/profimedia-0309686915.jpg 1250w, https:\/\/d2p6e6u75xmxt8.cloudfront.net\/2\/2019\/06\/profimedia-0309686915-300x215.jpg 300w, https:\/\/d2p6e6u75xmxt8.cloudfront.net\/2\/2019\/06\/profimedia-0309686915-768x550.jpg 768w, https:\/\/d2p6e6u75xmxt8.cloudfront.net\/2\/2019\/06\/profimedia-0309686915-1024x733.jpg 1024w\" alt=\"\" width=\"1250\" height=\"895\" data-was-processed=\"true\" \/><\/a><figcaption id=\"caption-attachment-174396\" class=\"wp-caption-text\">Sel 18. juuli 1949. aasta fotol on Ferdi Kubler rebinud end liidriks Tour de France&#8217;i 16. etapi t\u00f5usul Cannes&#8217;i ja Brian\u00e7oni vahel. \u00a9 Profimedia, AFP<\/figcaption><\/figure><figcaption class=\"wp-caption-text\"><\/figcaption><\/figure>\n<figure id=\"attachment_174393\" class=\"wp-caption alignnone\">\n<p><figure id=\"attachment_174393\" aria-describedby=\"caption-attachment-174393\" style=\"width: 1250px\" class=\"wp-caption alignnone\"><a class=\"colorbox-initialized cboxElement\" href=\"https:\/\/d2p6e6u75xmxt8.cloudfront.net\/2\/2019\/06\/profimedia-0067974341.jpg\"><img loading=\"lazy\" decoding=\"async\" class=\"loading wp-image-174393 size-full\" src=\"https:\/\/d2p6e6u75xmxt8.cloudfront.net\/2\/2019\/06\/profimedia-0067974341.jpg\" sizes=\"auto, (max-width: 1250px) 100vw, 1250px\" srcset=\"https:\/\/d2p6e6u75xmxt8.cloudfront.net\/2\/2019\/06\/profimedia-0067974341.jpg 1250w, https:\/\/d2p6e6u75xmxt8.cloudfront.net\/2\/2019\/06\/profimedia-0067974341-300x227.jpg 300w, https:\/\/d2p6e6u75xmxt8.cloudfront.net\/2\/2019\/06\/profimedia-0067974341-768x580.jpg 768w, https:\/\/d2p6e6u75xmxt8.cloudfront.net\/2\/2019\/06\/profimedia-0067974341-1024x773.jpg 1024w\" alt=\"\" width=\"1250\" height=\"944\" data-was-processed=\"true\" \/><\/a><figcaption id=\"caption-attachment-174393\" class=\"wp-caption-text\">1927. aasta Tour de France&#8217;i 16. etapp. \u00a9 Profimedia, AFP<\/figcaption><\/figure><figcaption class=\"wp-caption-text\"><\/figcaption><\/figure>\n<figure id=\"attachment_174394\" class=\"wp-caption alignnone\">\n<p><figure id=\"attachment_174394\" aria-describedby=\"caption-attachment-174394\" style=\"width: 1250px\" class=\"wp-caption alignnone\"><a class=\"colorbox-initialized cboxElement\" href=\"https:\/\/d2p6e6u75xmxt8.cloudfront.net\/2\/2019\/06\/profimedia-0067990899.jpg\"><img loading=\"lazy\" decoding=\"async\" class=\"loading wp-image-174394 size-full\" src=\"https:\/\/d2p6e6u75xmxt8.cloudfront.net\/2\/2019\/06\/profimedia-0067990899.jpg\" sizes=\"auto, (max-width: 1250px) 100vw, 1250px\" srcset=\"https:\/\/d2p6e6u75xmxt8.cloudfront.net\/2\/2019\/06\/profimedia-0067990899.jpg 1250w, https:\/\/d2p6e6u75xmxt8.cloudfront.net\/2\/2019\/06\/profimedia-0067990899-300x222.jpg 300w, https:\/\/d2p6e6u75xmxt8.cloudfront.net\/2\/2019\/06\/profimedia-0067990899-768x568.jpg 768w, https:\/\/d2p6e6u75xmxt8.cloudfront.net\/2\/2019\/06\/profimedia-0067990899-1024x757.jpg 1024w\" alt=\"\" width=\"1250\" height=\"924\" data-was-processed=\"true\" \/><\/a><figcaption id=\"caption-attachment-174394\" class=\"wp-caption-text\">Federico Ezquerra t\u00f5usmas Col du Galibier&#8217;le, 14. juuli 1936. \u00a9 Profimedia, AFP<\/figcaption><\/figure><figcaption class=\"wp-caption-text\"><\/figcaption><\/figure>\n<figure id=\"attachment_174399\" class=\"wp-caption alignnone\">\n<p><figure id=\"attachment_174399\" aria-describedby=\"caption-attachment-174399\" style=\"width: 1250px\" class=\"wp-caption alignnone\"><a class=\"colorbox-initialized cboxElement\" href=\"https:\/\/d2p6e6u75xmxt8.cloudfront.net\/2\/2019\/06\/profimedia-0068049376.jpg\"><img loading=\"lazy\" decoding=\"async\" class=\"loading wp-image-174399 size-full\" src=\"https:\/\/d2p6e6u75xmxt8.cloudfront.net\/2\/2019\/06\/profimedia-0068049376.jpg\" sizes=\"auto, (max-width: 1250px) 100vw, 1250px\" srcset=\"https:\/\/d2p6e6u75xmxt8.cloudfront.net\/2\/2019\/06\/profimedia-0068049376.jpg 1250w, https:\/\/d2p6e6u75xmxt8.cloudfront.net\/2\/2019\/06\/profimedia-0068049376-300x219.jpg 300w, https:\/\/d2p6e6u75xmxt8.cloudfront.net\/2\/2019\/06\/profimedia-0068049376-768x562.jpg 768w, https:\/\/d2p6e6u75xmxt8.cloudfront.net\/2\/2019\/06\/profimedia-0068049376-1024x749.jpg 1024w\" alt=\"\" width=\"1250\" height=\"914\" data-was-processed=\"true\" \/><\/a><figcaption id=\"caption-attachment-174399\" class=\"wp-caption-text\">Roger Hassenforder (paremal) ja Ferdi Kubler (vasakul) naljatamas Dieppe&#8217;is enne 1955. aasta Tour de France&#8217;i 2. etapi algust. \u00a9 Profimedia, AFP<\/figcaption><\/figure><\/figure>\n","protected":false},"excerpt":{"rendered":"<p>J\u00e4rjekordne Grand Boucle on peagi algamas ning on paras aeg vaadata \u201euusimaid\u201c fotosid vana aja rattakangelastest, et end peomeeleollu viia. [&hellip;]<\/p>\n","protected":false},"author":103,"featured_media":286,"comment_status":"open","ping_status":"open","sticky":false,"template":"","format":"standard","meta":{"footnotes":""},"categories":[7],"tags":[76,69,14],"global-categories":[22],"class_list":["post-285","post","type-post","status-publish","format-standard","has-post-thumbnail","hentry","category-maanteeratas","tag-ajalugu","tag-maanteeratas","tag-tour-de-france","global-categories-cycling"],"yoast_head":"<!-- This site is optimized with the Yoast SEO Premium plugin v25.3 (Yoast SEO v25.9) - https:\/\/yoast.com\/wordpress\/plugins\/seo\/ -->\n<title>GALERII: Pildikesi vana aja Tour de France&#039;idest - \u0160koda We Love Cycling - Estonia<\/title>\n<meta name=\"robots\" content=\"index, follow, max-snippet:-1, max-image-preview:large, max-video-preview:-1\" \/>\n<link rel=\"canonical\" href=\"https:\/\/www.welovecycling.com\/ee\/2019\/09\/02\/galerii-pildikesi-vana-aja-tour-de-franceidest\/\" \/>\n<meta property=\"og:locale\" content=\"et_EE\" \/>\n<meta property=\"og:type\" content=\"article\" \/>\n<meta property=\"og:title\" content=\"GALERII: Pildikesi vana aja Tour de France&#039;idest\" \/>\n<meta property=\"og:description\" content=\"J\u00e4rjekordne Grand Boucle on peagi algamas ning on paras aeg vaadata \u201euusimaid\u201c fotosid vana aja rattakangelastest, et end peomeeleollu viia. [&hellip;]\" \/>\n<meta property=\"og:url\" content=\"https:\/\/www.welovecycling.com\/ee\/2019\/09\/02\/galerii-pildikesi-vana-aja-tour-de-franceidest\/\" \/>\n<meta property=\"og:site_name\" content=\"\u0160koda We Love Cycling - Estonia\" \/>\n<meta property=\"article:published_time\" content=\"2019-09-02T14:20:52+00:00\" \/>\n<meta property=\"og:image\" content=\"https:\/\/d2p6e6u75xmxt8.cloudfront.net\/15\/2019\/09\/Tour-CVR-profimedia-0068092108.jpg\" \/>\n\t<meta property=\"og:image:width\" content=\"1366\" \/>\n\t<meta property=\"og:image:height\" content=\"600\" \/>\n\t<meta property=\"og:image:type\" content=\"image\/jpeg\" \/>\n<meta name=\"author\" content=\"jaanika\" \/>\n<meta name=\"twitter:card\" content=\"summary_large_image\" \/>\n<meta name=\"twitter:label1\" content=\"Written by\" \/>\n\t<meta name=\"twitter:data1\" content=\"Monica Buck\" \/>\n\t<meta name=\"twitter:label2\" content=\"Est. reading time\" \/>\n\t<meta name=\"twitter:data2\" content=\"2 minutes\" \/>\n<script type=\"application\/ld+json\" class=\"yoast-schema-graph\">{\"@context\":\"https:\/\/schema.org\",\"@graph\":[{\"@type\":\"WebPage\",\"@id\":\"https:\/\/www.welovecycling.com\/ee\/2019\/09\/02\/galerii-pildikesi-vana-aja-tour-de-franceidest\/\",\"url\":\"https:\/\/www.welovecycling.com\/ee\/2019\/09\/02\/galerii-pildikesi-vana-aja-tour-de-franceidest\/\",\"name\":\"GALERII: Pildikesi vana aja Tour de France'idest - \u0160koda We Love Cycling - Estonia\",\"isPartOf\":{\"@id\":\"https:\/\/www.welovecycling.com\/ee\/#website\"},\"primaryImageOfPage\":{\"@id\":\"https:\/\/www.welovecycling.com\/ee\/2019\/09\/02\/galerii-pildikesi-vana-aja-tour-de-franceidest\/#primaryimage\"},\"image\":{\"@id\":\"https:\/\/www.welovecycling.com\/ee\/2019\/09\/02\/galerii-pildikesi-vana-aja-tour-de-franceidest\/#primaryimage\"},\"thumbnailUrl\":\"https:\/\/d2p6e6u75xmxt8.cloudfront.net\/15\/2019\/09\/Tour-CVR-profimedia-0068092108.jpg\",\"datePublished\":\"2019-09-02T14:20:52+00:00\",\"author\":{\"@id\":\"https:\/\/www.welovecycling.com\/ee\/#\/schema\/person\/5a221fc116f29317cd8fc6e8ebbb4bac\"},\"inLanguage\":\"et\",\"potentialAction\":[{\"@type\":\"ReadAction\",\"target\":[\"https:\/\/www.welovecycling.com\/ee\/2019\/09\/02\/galerii-pildikesi-vana-aja-tour-de-franceidest\/\"]}]},{\"@type\":\"ImageObject\",\"inLanguage\":\"et\",\"@id\":\"https:\/\/www.welovecycling.com\/ee\/2019\/09\/02\/galerii-pildikesi-vana-aja-tour-de-franceidest\/#primaryimage\",\"url\":\"https:\/\/d2p6e6u75xmxt8.cloudfront.net\/15\/2019\/09\/Tour-CVR-profimedia-0068092108.jpg\",\"contentUrl\":\"https:\/\/d2p6e6u75xmxt8.cloudfront.net\/15\/2019\/09\/Tour-CVR-profimedia-0068092108.jpg\",\"width\":1366,\"height\":600},{\"@type\":\"WebSite\",\"@id\":\"https:\/\/www.welovecycling.com\/ee\/#website\",\"url\":\"https:\/\/www.welovecycling.com\/ee\/\",\"name\":\"\u0160koda We Love Cycling - Estonia\",\"description\":\"\",\"potentialAction\":[{\"@type\":\"SearchAction\",\"target\":{\"@type\":\"EntryPoint\",\"urlTemplate\":\"https:\/\/www.welovecycling.com\/ee\/?s={search_term_string}\"},\"query-input\":{\"@type\":\"PropertyValueSpecification\",\"valueRequired\":true,\"valueName\":\"search_term_string\"}}],\"inLanguage\":\"et\"},{\"@type\":\"Person\",\"@id\":\"https:\/\/www.welovecycling.com\/ee\/#\/schema\/person\/5a221fc116f29317cd8fc6e8ebbb4bac\",\"name\":\"jaanika\",\"image\":{\"@type\":\"ImageObject\",\"inLanguage\":\"et\",\"@id\":\"https:\/\/www.welovecycling.com\/ee\/#\/schema\/person\/image\/\",\"url\":\"https:\/\/secure.gravatar.com\/avatar\/423f124d44d6d14dae1b4c509d90d1a324e3ee2f230a72b31ae57302ab921ac7?s=96&d=mm&r=g\",\"contentUrl\":\"https:\/\/secure.gravatar.com\/avatar\/423f124d44d6d14dae1b4c509d90d1a324e3ee2f230a72b31ae57302ab921ac7?s=96&d=mm&r=g\",\"caption\":\"jaanika\"},\"url\":\"https:\/\/www.welovecycling.com\/ee\/author\/jaanika\/\"}]}<\/script>\n<!-- \/ Yoast SEO Premium plugin. -->","yoast_head_json":{"title":"GALERII: Pildikesi vana aja Tour de France'idest - \u0160koda We Love Cycling - Estonia","robots":{"index":"index","follow":"follow","max-snippet":"max-snippet:-1","max-image-preview":"max-image-preview:large","max-video-preview":"max-video-preview:-1"},"canonical":"https:\/\/www.welovecycling.com\/ee\/2019\/09\/02\/galerii-pildikesi-vana-aja-tour-de-franceidest\/","og_locale":"et_EE","og_type":"article","og_title":"GALERII: Pildikesi vana aja Tour de France'idest","og_description":"J\u00e4rjekordne Grand Boucle on peagi algamas ning on paras aeg vaadata \u201euusimaid\u201c fotosid vana aja rattakangelastest, et end peomeeleollu viia. [&hellip;]","og_url":"https:\/\/www.welovecycling.com\/ee\/2019\/09\/02\/galerii-pildikesi-vana-aja-tour-de-franceidest\/","og_site_name":"\u0160koda We Love Cycling - Estonia","article_published_time":"2019-09-02T14:20:52+00:00","og_image":[{"width":1366,"height":600,"url":"https:\/\/d2p6e6u75xmxt8.cloudfront.net\/15\/2019\/09\/Tour-CVR-profimedia-0068092108.jpg","type":"image\/jpeg"}],"author":"jaanika","twitter_card":"summary_large_image","twitter_misc":{"Written by":"Monica Buck","Est. reading time":"2 minutes"},"schema":{"@context":"https:\/\/schema.org","@graph":[{"@type":"WebPage","@id":"https:\/\/www.welovecycling.com\/ee\/2019\/09\/02\/galerii-pildikesi-vana-aja-tour-de-franceidest\/","url":"https:\/\/www.welovecycling.com\/ee\/2019\/09\/02\/galerii-pildikesi-vana-aja-tour-de-franceidest\/","name":"GALERII: Pildikesi vana aja Tour de France'idest - \u0160koda We Love Cycling - Estonia","isPartOf":{"@id":"https:\/\/www.welovecycling.com\/ee\/#website"},"primaryImageOfPage":{"@id":"https:\/\/www.welovecycling.com\/ee\/2019\/09\/02\/galerii-pildikesi-vana-aja-tour-de-franceidest\/#primaryimage"},"image":{"@id":"https:\/\/www.welovecycling.com\/ee\/2019\/09\/02\/galerii-pildikesi-vana-aja-tour-de-franceidest\/#primaryimage"},"thumbnailUrl":"https:\/\/d2p6e6u75xmxt8.cloudfront.net\/15\/2019\/09\/Tour-CVR-profimedia-0068092108.jpg","datePublished":"2019-09-02T14:20:52+00:00","author":{"@id":"https:\/\/www.welovecycling.com\/ee\/#\/schema\/person\/5a221fc116f29317cd8fc6e8ebbb4bac"},"inLanguage":"et","potentialAction":[{"@type":"ReadAction","target":["https:\/\/www.welovecycling.com\/ee\/2019\/09\/02\/galerii-pildikesi-vana-aja-tour-de-franceidest\/"]}]},{"@type":"ImageObject","inLanguage":"et","@id":"https:\/\/www.welovecycling.com\/ee\/2019\/09\/02\/galerii-pildikesi-vana-aja-tour-de-franceidest\/#primaryimage","url":"https:\/\/d2p6e6u75xmxt8.cloudfront.net\/15\/2019\/09\/Tour-CVR-profimedia-0068092108.jpg","contentUrl":"https:\/\/d2p6e6u75xmxt8.cloudfront.net\/15\/2019\/09\/Tour-CVR-profimedia-0068092108.jpg","width":1366,"height":600},{"@type":"WebSite","@id":"https:\/\/www.welovecycling.com\/ee\/#website","url":"https:\/\/www.welovecycling.com\/ee\/","name":"\u0160koda We Love Cycling - Estonia","description":"","potentialAction":[{"@type":"SearchAction","target":{"@type":"EntryPoint","urlTemplate":"https:\/\/www.welovecycling.com\/ee\/?s={search_term_string}"},"query-input":{"@type":"PropertyValueSpecification","valueRequired":true,"valueName":"search_term_string"}}],"inLanguage":"et"},{"@type":"Person","@id":"https:\/\/www.welovecycling.com\/ee\/#\/schema\/person\/5a221fc116f29317cd8fc6e8ebbb4bac","name":"jaanika","image":{"@type":"ImageObject","inLanguage":"et","@id":"https:\/\/www.welovecycling.com\/ee\/#\/schema\/person\/image\/","url":"https:\/\/secure.gravatar.com\/avatar\/423f124d44d6d14dae1b4c509d90d1a324e3ee2f230a72b31ae57302ab921ac7?s=96&d=mm&r=g","contentUrl":"https:\/\/secure.gravatar.com\/avatar\/423f124d44d6d14dae1b4c509d90d1a324e3ee2f230a72b31ae57302ab921ac7?s=96&d=mm&r=g","caption":"jaanika"},"url":"https:\/\/www.welovecycling.com\/ee\/author\/jaanika\/"}]}},"_links":{"self":[{"href":"https:\/\/www.welovecycling.com\/ee\/wp-json\/wp\/v2\/posts\/285","targetHints":{"allow":["GET"]}}],"collection":[{"href":"https:\/\/www.welovecycling.com\/ee\/wp-json\/wp\/v2\/posts"}],"about":[{"href":"https:\/\/www.welovecycling.com\/ee\/wp-json\/wp\/v2\/types\/post"}],"author":[{"embeddable":true,"href":"https:\/\/www.welovecycling.com\/ee\/wp-json\/wp\/v2\/users\/103"}],"replies":[{"embeddable":true,"href":"https:\/\/www.welovecycling.com\/ee\/wp-json\/wp\/v2\/comments?post=285"}],"version-history":[{"count":1,"href":"https:\/\/www.welovecycling.com\/ee\/wp-json\/wp\/v2\/posts\/285\/revisions"}],"predecessor-version":[{"id":287,"href":"https:\/\/www.welovecycling.com\/ee\/wp-json\/wp\/v2\/posts\/285\/revisions\/287"}],"wp:featuredmedia":[{"embeddable":true,"href":"https:\/\/www.welovecycling.com\/ee\/wp-json\/wp\/v2\/media\/286"}],"wp:attachment":[{"href":"https:\/\/www.welovecycling.com\/ee\/wp-json\/wp\/v2\/media?parent=285"}],"wp:term":[{"taxonomy":"category","embeddable":true,"href":"https:\/\/www.welovecycling.com\/ee\/wp-json\/wp\/v2\/categories?post=285"},{"taxonomy":"post_tag","embeddable":true,"href":"https:\/\/www.welovecycling.com\/ee\/wp-json\/wp\/v2\/tags?post=285"},{"taxonomy":"global-categories","embeddable":true,"href":"https:\/\/www.welovecycling.com\/ee\/wp-json\/wp\/v2\/global-categories?post=285"}],"curies":[{"name":"wp","href":"https:\/\/api.w.org\/{rel}","templated":true}]}}