{"id":2845,"date":"2025-07-30T14:59:16","date_gmt":"2025-07-30T11:59:16","guid":{"rendered":"https:\/\/www.welovecycling.com\/ee\/?p=2845"},"modified":"2025-07-30T15:00:44","modified_gmt":"2025-07-30T12:00:44","slug":"moned-jareldused-kaootilisest-segasest-ja-taiesti-pooraselt-ponevast-tour-de-franceist","status":"publish","type":"post","link":"https:\/\/www.welovecycling.com\/ee\/2025\/07\/30\/moned-jareldused-kaootilisest-segasest-ja-taiesti-pooraselt-ponevast-tour-de-franceist\/","title":{"rendered":"M\u00f5ned j\u00e4reldused kaootilisest, segasest ja t\u00e4iesti p\u00f6\u00f6raselt p\u00f5nevast Tour de France&#8217;ist"},"content":{"rendered":"<h2 data-start=\"331\" data-end=\"739\">Tadej Poga\u010dar (UAE Team Emirates\u2013XRG) ja Jonas Vingegaard (Visma\u2013Lease a Bike) pidasid veel \u00fche hambuni relvastatud duelli, mis kestis kolm n\u00e4dalat, kuigi osa pingest kadus p\u00e4rast seda, kui taanlane kaotas viienda etapi tempos\u00f5idus sloveenlasele 1.05. P\u00e4rast seda etappi oli Vingegaardi kaotus 1.13 \u2013 mis pole iseenesest \u00fcletamatu vahe \u2013 v\u00e4lja arvatud juhul, kui vastas on n\u00fc\u00fcdseks neljakordne Tour\u2019i v\u00f5itja.<\/h2>\n<p data-start=\"331\" data-end=\"739\"><!--more--><\/p>\n<p data-start=\"741\" data-end=\"1432\">Vingegaard leidis oma parimad jalad alles teisel n\u00e4dalal ja n\u00e4itas \u00fclej\u00e4\u00e4nud v\u00f5istluse jooksul, et ta on peaaegu Poga\u010dari v\u00f5rdne. Aga see \u201epeaaegu\u201c oli natuke liiga suur, et Pogile kandadele astuda. Poga\u010dar ei v\u00e4sinud kunagi \u2013 kuigi viimase n\u00e4dala k\u00fclmetushaigus aeglustas tema minekut ja l\u00f5puks pidi Vingegaard siiski leppima teadmisega, et parim, mida ta selle aasta tuuril saavutada saab, on teine koht. V\u00f5ib-olla seletab see Vingegaardi kummalist k\u00e4itumist kahel viimasel m\u00e4gietapil: neljap\u00e4evane 18. ja reede 19. etapp. Ta oli lubanud, et l\u00e4heb nendel m\u00e4efini\u0161iga etappidel maksimumi peale v\u00e4lja, kuid kui ta j\u00f5udis vastavalt Col de la Loze\u2019ile (26,4 km @ 6,5%) ja La Plagne\u2019ile (19,1 km @ 7,2%), ei tulnud temalt \u00fchtki t\u00f5sist r\u00fcnnakut enne, kui oli juba liiga hilja.<\/p>\n<p data-start=\"1434\" data-end=\"2224\">Kummalisel kombel ei p\u00fc\u00fcdnud ka Poga\u010dar \u2013 talle mitteomaselt \u2013 neid etappe v\u00f5ita, vaid s\u00f5itis rahulikult fini\u0161isse, olles oma \u00fcldv\u00f5idus kindel. TNT Sportsi andmetel vaevas teda k\u00fclmetus. Kuid r\u00fcnnakute puudumise t\u00f5ttu j\u00e4i Tour\u2019i peategelaste duell justkui vaikellu \u2013 mis omakorda tekitas antikliimaksi tunde v\u00f5idus\u00f5idus, mis muidu pakkus rohkem dramaatilisi k\u00f5rghetki kui Shakespeare\u2019i festival. Eriti esimesel n\u00e4dalal olid k\u00fcnklikud etapid kaootilised, segased ja t\u00e4iesti p\u00f6\u00f6raselt p\u00f5nevad. Sama j\u00e4tkus ka laup\u00e4evasel 20. etapil, kus jooksikute grupid moodustusid, lagunesid ja taasliitusid, enne kui Kaden Groves (Alpecin-Deceuninck) s\u00f5itis 16 km \u00fcksinda ja v\u00f5itis oma esimese Tour de France\u2019i etapi \u2013 lisandudes eliitseltskonda, kes on v\u00f5itnud etappe k\u00f5igil kolmel Grand Tour\u2019il.<\/p>\n<hr data-start=\"2226\" data-end=\"2229\" \/>\n<h3 data-start=\"2231\" data-end=\"2298\">Van Aert tasub Visma eest k\u00e4tte, Poga\u010dar v\u00f5idab neljanda Tour\u2019i<\/h3>\n<p data-start=\"2300\" data-end=\"2751\">Tundus lausa \u00f5iglasena, et selle metsiku ja karvase (ehk ebatraditsioonilise) Tour de France\u2019i viimane etapp oligi k\u00f5ige metsikum ja karvasem. 132,3 km pikkusest etapist Mantes-la-Villest Pariisi Champs-\u00c9lys\u00e9es\u2019le koosnes vaid 67,9 km tegelikust v\u00f5idus\u00f5idust. \u00dclej\u00e4\u00e4nud, ehk esimene pool, kulus Tadej Poga\u010dari ja tema meeskonna UAE Team Emirates\u2013XRG neljanda Tour\u2019i v\u00f5idu t\u00e4histamisele: tehti pilte, joodi \u0161ampust ja plaksutati v\u00f5itjale.<\/p>\n<p data-start=\"2753\" data-end=\"3465\">Seej\u00e4rel algas v\u00f5idus\u00f5it Champs-\u00c9lys\u00e9es\u2019l. S\u00f5ideti tavap\u00e4rased kuus ringi m\u00f6\u00f6da seda ikoonilist (ja v\u00e4ga kallist) puiesteed, sealhulgas esmakordselt kolm munakividega t\u00f5usu C\u00f4te de la Butte Montmartre\u2019il (1,1 km @ 5,9%, maksimaalne 9,6%). Pariisis sadas vihma ja tee- ning munakivipind olid salakavalalt libedad. Seet\u00f5ttu fikseeriti ametlikud ajad p\u00e4rast neljandat ringi, \u00fclej\u00e4\u00e4nud s\u00f5it oli n\u00f6 au peale. Kuna see oli viimane v\u00f5imalus etapiv\u00f5iduta ratturitele ja meeskondadele lahkuda Tour\u2019ilt prestii\u017ese v\u00f5iduga maailma kuulsaimas fini\u0161is, visati ettevaatus tuulde. Moodustus kolm suuremat gruppi, esigrupis olid muuhulgas rahuldamatu Poga\u010dar ning Visma\u2013Lease a Bike\u2019i s\u00f5itjad Wout van Aert ja Matteo Jorgenson.<\/p>\n<p data-start=\"3467\" data-end=\"4221\">Muidugi oli maailmameister van Aert see, kes s\u00fc\u00fctas viimase ilutulestiku, r\u00fcnnates teisel Montmartre\u2019i t\u00f5usul 23,4 km enne l\u00f5ppu. Talle j\u00e4rgnes viis ratturit, sh van Aert ja Jorgenson. Poga\u010dar r\u00fcndas uuesti viimasel Montmartre\u2019i t\u00f5usul, 7 km enne fini\u0161it, aga vaid 500 m hiljem tabas teda haruldane saatus: keegi edestas teda t\u00f5usul. See oli taas vormi saavutanud van Aert, kes kihutas Pogist m\u00f6\u00f6da ja kasvatas kiiresti vahet. Kui l\u00f5puni j\u00e4i 4,5 km, oli vahe 10 sekundit; 2 km enne l\u00f5ppu juba 20. Ta tuhises fini\u0161isse, v\u00f5ttes oma k\u00fcmnenda Tour\u2019i etapiv\u00f5idu \u2013 teise Champs-\u00c9lys\u00e9es\u2019l \u2013 ning Visma teise etapiv\u00f5idu sel Tour\u2019il. Poga\u010dar l\u00f5petas neljandana, 19 sekundit hiljem, sama ajaga l\u00f5petasid ka Davide Ballerini (XDS Astana) ja Matej Mohori\u010d (Bahrain-Victorious).<\/p>\n<p data-start=\"4223\" data-end=\"4508\">\u201eSee oli eriline p\u00e4ev,\u201d \u00fctles van Aert p\u00e4rast fini\u0161it. \u201eV\u00f5ita taas Champs-\u00c9lys\u00e9es\u2019l ja esimesel korral, kui Montmartre\u2019i t\u00f5us lisati \u2013 see oli t\u00f5esti midagi erilist.\u201d Kui talt k\u00fcsiti, kas ta sihtis just seda etappi, vastas ta: \u201eTegelikult tahtsin ma v\u00f5ita ka k\u00f5iki 20 eelnevat etappi.\u201d<\/p>\n<blockquote class=\"instagram-media\" style=\"background: #FFF; border: 0; border-radius: 3px; box-shadow: 0 0 1px 0 rgba(0,0,0,0.5),0 1px 10px 0 rgba(0,0,0,0.15); margin: 1px; max-width: 540px; min-width: 326px; padding: 0; width: calc(100% - 2px);\" data-instgrm-captioned=\"\" data-instgrm-permalink=\"https:\/\/www.instagram.com\/p\/DMnsA-RM1tL\/?utm_source=ig_embed&amp;utm_campaign=loading\" data-instgrm-version=\"14\">\n<div style=\"padding: 16px;\">\n<p>&nbsp;<\/p>\n<div style=\"display: flex; flex-direction: row; align-items: center;\">\n<div style=\"background-color: #f4f4f4; border-radius: 50%; flex-grow: 0; height: 40px; margin-right: 14px; width: 40px;\"><\/div>\n<div style=\"display: flex; flex-direction: column; flex-grow: 1; justify-content: center;\">\n<div style=\"background-color: #f4f4f4; border-radius: 4px; flex-grow: 0; height: 14px; margin-bottom: 6px; width: 100px;\"><\/div>\n<div style=\"background-color: #f4f4f4; border-radius: 4px; flex-grow: 0; height: 14px; width: 60px;\"><\/div>\n<\/div>\n<\/div>\n<div style=\"padding: 19% 0;\"><\/div>\n<div style=\"display: block; height: 50px; margin: 0 auto 12px; width: 50px;\"><\/div>\n<div style=\"padding-top: 8px;\">\n<div style=\"color: #3897f0; font-family: Arial,sans-serif; font-size: 14px; font-style: normal; font-weight: 550; line-height: 18px;\">View this post on Instagram<\/div>\n<\/div>\n<div style=\"padding: 12.5% 0;\"><\/div>\n<div style=\"display: flex; flex-direction: row; margin-bottom: 14px; align-items: center;\">\n<div>\n<div style=\"background-color: #f4f4f4; border-radius: 50%; height: 12.5px; width: 12.5px; transform: translateX(0px) translateY(7px);\"><\/div>\n<div style=\"background-color: #f4f4f4; height: 12.5px; transform: rotate(-45deg) translateX(3px) translateY(1px); width: 12.5px; flex-grow: 0; margin-right: 14px; margin-left: 2px;\"><\/div>\n<div style=\"background-color: #f4f4f4; border-radius: 50%; height: 12.5px; width: 12.5px; transform: translateX(9px) translateY(-18px);\"><\/div>\n<\/div>\n<div style=\"margin-left: 8px;\">\n<div style=\"background-color: #f4f4f4; border-radius: 50%; flex-grow: 0; height: 20px; width: 20px;\"><\/div>\n<div style=\"width: 0; height: 0; border-top: 2px solid transparent; border-left: 6px solid #f4f4f4; border-bottom: 2px solid transparent; transform: translateX(16px) translateY(-4px) rotate(30deg);\"><\/div>\n<\/div>\n<div style=\"margin-left: auto;\">\n<div style=\"width: 0px; border-top: 8px solid #F4F4F4; border-right: 8px solid transparent; transform: translateY(16px);\"><\/div>\n<div style=\"background-color: #f4f4f4; flex-grow: 0; height: 12px; width: 16px; transform: translateY(-4px);\"><\/div>\n<div style=\"width: 0; height: 0; border-top: 8px solid #F4F4F4; border-left: 8px solid transparent; transform: translateY(-4px) translateX(8px);\"><\/div>\n<\/div>\n<\/div>\n<div style=\"display: flex; flex-direction: column; flex-grow: 1; justify-content: center; margin-bottom: 24px;\">\n<div style=\"background-color: #f4f4f4; border-radius: 4px; flex-grow: 0; height: 14px; margin-bottom: 6px; width: 224px;\"><\/div>\n<div style=\"background-color: #f4f4f4; border-radius: 4px; flex-grow: 0; height: 14px; width: 144px;\"><\/div>\n<\/div>\n<p>&nbsp;<\/p>\n<p style=\"color: #c9c8cd; font-family: Arial,sans-serif; font-size: 14px; line-height: 17px; margin-bottom: 0; margin-top: 8px; overflow: hidden; padding: 8px 0 7px; text-align: center; text-overflow: ellipsis; white-space: nowrap;\"><a style=\"color: #c9c8cd; font-family: Arial,sans-serif; font-size: 14px; font-style: normal; font-weight: normal; line-height: 17px; text-decoration: none;\" href=\"https:\/\/www.instagram.com\/p\/DMnsA-RM1tL\/?utm_source=ig_embed&amp;utm_campaign=loading\" target=\"_blank\" rel=\"noopener\">A post shared by Tour de France\u2122 (@letourdefrance)<\/a><\/p>\n<\/div>\n<\/blockquote>\n<p><script async src=\"\/\/www.instagram.com\/embed.js\"><\/script><\/p>\n<h3 data-start=\"4515\" data-end=\"4532\">Lipo vs Onley<\/h3>\n<p data-start=\"4534\" data-end=\"5104\">Poga\u010dari ja Vingegaardi duell polnud ainus selleaastase Tour\u2019i heitlus. 24-aastane Florian Lipowitz (Red Bull\u2013BORA\u2013hansgrohe) ja 22-aastane Oscar Onley (Picnic PostNL) pidasid p\u00f5neva lahingu kolmanda koha ja valge noorratturi s\u00e4rgi nimel. Lipowitzil n\u00e4is olevat kindel edumaa, kui ta juhtis \u0161otlase ees enam kui kahe minutiga, kuid 18. etapil tehtud (peaaegu) katastroofiline viga \u2013 mil ta pidi s\u00f5itma suurema osa etapist \u00fcksinda \u2013 v\u00e4hendas selle edu 22 sekundile. Ta suutis sellest poole tagasi v\u00f5ita La Plagne\u2019i t\u00f5usul, hoides end liidrite sabas, samas kui Onley j\u00e4i maha.<\/p>\n<p data-start=\"5106\" data-end=\"5571\">Eriti m\u00e4rkimisv\u00e4\u00e4rne oli, et Lipowitz ei saanud oma meeskonnakaaslastelt mingit tuge. Ei tiimiliider Primo\u017e Rogli\u010d \u2013 kes s\u00f5itis ainult enda au nimel, ent ei v\u00f5itnud \u00fchtki etappi \u2013 ega veteran Aleksandr Vlasov ei pakkunud talle t\u00f5usudel tuulevarju. Onley\u2019l oli peaaegu alati keegi ees aitamas. Mis on p\u00f5nev \u2013 m\u00f5lemal mehel on palju arenguruumi ning nad v\u00f5ivad tulevikus pakkuda sama p\u00f5nevaid \u00fcks-\u00fchele duelle nagu Poga\u010dar ja Vingegaard \u2013 kui need kaks kord l\u00f5petavad.<\/p>\n<p data-start=\"5573\" data-end=\"6117\">V\u00e4lja arvatud juhul, kui <a href=\"https:\/\/velo.outsideonline.com\/road\/road-racing\/tour-de-france\/evenepoel-red-bull-talks-heat-up-again-will-the-blockbuster-deal-finally-happen\">kuulujutud<\/a> t\u00f5eks osutuvad ning Remco Evenepoel (Soudal Quick-Step), kes lahkus Tour\u2019ilt 14. etapil v\u00e4idetavalt m\u00f5raga roides, on t\u00f5epoolest s\u00f5lminud lepingu Lipowitzi tiimiga alates 2026. aastast. Kui see kinnitust leiab, siis mis saab Lipowitzi rollist? Kas ta langeb taas wannabe-v\u00f5itja abimeheks \u2013 kellel minu hinnangul pole lootustki alistada kahte t\u00e4navust esimest? Mitte et ma usuksin, et Lipowitz suudaks neid ise l\u00fc\u00fca. Aga p\u00e4rast seda, mida ta sel Tour\u2019il n\u00e4itas, v\u00e4\u00e4rib ta kindlasti edaspidi rohkem t\u00e4helepanu.<\/p>\n<hr data-start=\"6119\" data-end=\"6122\" \/>\n<h3 data-start=\"6124\" data-end=\"6144\">Thymen Arensman!<\/h3>\n<p data-start=\"6146\" data-end=\"6913\">Neli ratturit v\u00f5itsid sel Tour\u2019il v\u00e4hemalt kaks etappi. Poga\u010dar (neli), sprinterid Tim Merlier (Soudal Quick-Step) ja Jonathan Milan (Lidl-Trek, v\u00f5itis \u0160koda rohelise s\u00e4rgi). Ning siis 25-aastane hollandlane Thymen Arensman, kes eemaldas oma soolov\u00f5itudega INEOS Grenadiers\u2019ilt viimasegi nukruseloori, mis tiimi kohal tulemuste puudumise t\u00f5ttu h\u00f5ljus. Ta v\u00f5itis kaks kuulsat tippfini\u0161iga etappi: Luchon\u2013Superbagn\u00e8res (etapp 14) ja La Plagne (etapp 19). Teisel neist j\u00e4i ta fini\u0161is Vingegaardist ja Poga\u010darist napilt ette \u2013 p\u00e4rast enam kui 14 km pikkust soolot\u00f5usu. \u201eMa olen t\u00e4iesti kutu,\u201d \u00fctles ta fini\u0161is. \u201eMa ei usu, et ma nad v\u00f5itsin.\u201d Ka keegi teine ei uskunud, et kaks maailma parimat ratturit ei r\u00fcnnanudki enne, kui Arensman juba k\u00e4ed v\u00f5idukalt \u00fcles t\u00f5stis.<\/p>\n<hr data-start=\"6915\" data-end=\"6918\" \/>\n<h3 data-start=\"6920\" data-end=\"6962\">Kas Prantsuse rattasport on t\u00f5usuteel?<\/h3>\n<p data-start=\"6964\" data-end=\"7391\">See oli Prantsuse ratturitele v\u00e4ga hea Tour \u2013 kuigi pramtslased v\u00f5itsid vaid \u00fche etapi, kui Valentin Paret-Peintre triumfeeris Mont Ventoux\u2019 tipus. See oli alles viies kord ajaloos, kui prantslane seal v\u00f5idutses \u2013 ning esimene viimase 23 aasta jooksul. Kuid prantslased olid kogu Tour\u2019i v\u00e4ltel pildis. 24-aastane K\u00e9vin Vauquelin (Ark\u00e9a\u2013B&amp;B Hotels) l\u00f5petas \u00fcldarvestuses seitsmendana ja 26-aastane Jordan Jegat (TotalEnergies) k\u00fcmnendana.<\/p>\n<p data-start=\"7393\" data-end=\"7611\">Lisame siia veel 24-aastase Lenny Martinezi visad katsed v\u00f5ita m\u00e4gedekuninga s\u00e4rk (mille v\u00f5itis Poga\u010dar) ning fakti, et Paret-Peintre on alles 24 \u2013 siis n\u00e4eme, et Prantsuse rattaspordi tulevik tundub helgem kui pikalt.<\/p>\n<hr data-start=\"7613\" data-end=\"7616\" \/>\n<h3 data-start=\"7618\" data-end=\"7679\">Kas \u201ekaootiline, segane ja t\u00e4iesti p\u00f6\u00f6rane\u201c ongi tulevik?<\/h3>\n<p data-start=\"7681\" data-end=\"8259\">TNT Sportsi kommentaatorite s\u00f5nul oli mitmete k\u00fcnklike etappide lisamine vastus vaatajate eelistustele. Ilmselt leiavad paljud inimesed, et traditsioonilised grupifini\u0161ite eelsoojendused on igavad. Eelistatakse pidevaid lahinguid ja jooksikuid \u2013 ning need \u201eklassikulaadsed\u201c etapid pakkusid t\u00e4pselt seda. Spektakel ja k\u00f5rge tempo ei andnud armu. Ametlikke statistikaid veel pole, kuid tundub, et see oli k\u00f5igi aegade kiireim Tour. (Usaldusv\u00e4\u00e4rne allikas andis 2025. aasta Tour\u2019i keskmiseks kiiruseks 42,445 km\/h; eelmine rekord oli 2022, mil Vingegaard v\u00f5itis 42,102 km\/h keskmisega.)<\/p>\n<p data-start=\"8261\" data-end=\"8752\">Pole kahtlust, et see oli \u00fcks k\u00f5ige dramaatilisemaid ja ettearvamatumaid Tour\u2019e \u2013 ning publikureaktsioon on olnud v\u00f5i saab olema v\u00e4ga positiivne. Kuid oleks kahju, kui sprindietapid kaoksid, sest need pakuvad paljudele v\u00f5imalust puhkuseks enne j\u00e4rgmist hullumeelset etappi. K\u00f5ik ratturid olid fini\u0161iks t\u00e4iesti l\u00e4bi. Ja ohutus? Seekord polnud tegu eriliselt \u00f5nnetusterohke Tour\u2019iga, aga kukkumisi siiski jagus. Ja kui kiirused veelgi kasvavad, kasvab ka risk \u2013 eriti kui ratturid on v\u00e4sinud.<\/p>\n<hr data-start=\"8754\" data-end=\"8757\" \/>\n<h3 data-start=\"8759\" data-end=\"8805\">21. etapi tulemused, Tour de France 2025<\/h3>\n<ol>\n<li data-start=\"8809\" data-end=\"8854\">Wout van Aert, Visma\u2013Lease a Bike \u2013 3:07:30<\/li>\n<li data-start=\"8858\" data-end=\"8894\">Davide Ballerini, XDS-Astana +0:19<\/li>\n<li data-start=\"8898\" data-end=\"8935\">Matej Mohori\u010d, Bahrain-Victorious \u201c<\/li>\n<li data-start=\"8939\" data-end=\"8979\">Tadej Poga\u010dar, UAE Team Emirates\u2013XRG \u201c<\/li>\n<li data-start=\"8983\" data-end=\"9027\">Matteo Jorgenson, Visma\u2013Lease a Bike +0:26<\/li>\n<li data-start=\"9031\" data-end=\"9064\">Matteo Trentin, Tudor Pro +0:38<\/li>\n<li data-start=\"9068\" data-end=\"9096\">Arnaud de Lie, Lotto +1:14<\/li>\n<li data-start=\"9100\" data-end=\"9137\">K\u00e9vin Vauquelin, Ark\u00e9a\u2013B&amp;B Hotels \u201c<\/li>\n<li data-start=\"9141\" data-end=\"9171\">Mike Teunissen, XDS Astana \u201c<\/li>\n<li data-start=\"9176\" data-end=\"9198\">Dylan Teuns, Lotto \u201c<\/li>\n<\/ol>\n<hr data-start=\"9200\" data-end=\"9203\" \/>\n<h3 data-start=\"9205\" data-end=\"9243\">Tour de France 2025 l\u00f5pparvestus<\/h3>\n<ol>\n<li data-start=\"9247\" data-end=\"9296\">Tadej Poga\u010dar, UAE Team Emirates\u2013XRG \u2013 76:00:32<\/li>\n<li data-start=\"9300\" data-end=\"9344\">Jonas Vingegaard, Visma\u2013Lease a Bike +4:24<\/li>\n<li data-start=\"9348\" data-end=\"9398\">Florian Lipowitz, Red Bull\u2013BORA\u2013hansgrohe +11:00<\/li>\n<li data-start=\"9402\" data-end=\"9437\">Oscar Onley, Picnic PostNL +12:12<\/li>\n<li data-start=\"9441\" data-end=\"9488\">Felix Gall, Decathlon AG2R La Mondiale +17:12<\/li>\n<li data-start=\"9492\" data-end=\"9543\">Tobias Halland Johannessen, UNO-X Mobility +20:14<\/li>\n<li data-start=\"9547\" data-end=\"9589\">K\u00e9vin Vauquelin, Ark\u00e9a\u2013B&amp;B Hotels +22:35<\/li>\n<li data-start=\"9593\" data-end=\"9640\">Primo\u017e Rogli\u010d, Red Bull\u2013BORA\u2013hansgrohe +25:30<\/li>\n<li data-start=\"9644\" data-end=\"9685\">Ben Healy, EF Education\u2013EasyPost +28:02<\/li>\n<li data-start=\"9690\" data-end=\"9724\">Jordan Jegat, TotalEnergies +32:42<\/li>\n<\/ol>\n","protected":false},"excerpt":{"rendered":"<p>Tadej Poga\u010dar (UAE Team Emirates\u2013XRG) ja Jonas Vingegaard (Visma\u2013Lease a Bike) pidasid veel \u00fche hambuni relvastatud duelli, mis kestis kolm [&hellip;]<\/p>\n","protected":false},"author":174,"featured_media":2846,"comment_status":"open","ping_status":"open","sticky":false,"template":"","format":"standard","meta":{"footnotes":""},"categories":[39],"tags":[309,455,271,456,273,457,14,389],"global-categories":[22],"class_list":["post-2845","post","type-post","status-publish","format-standard","has-post-thumbnail","hentry","category-maanteesoit","tag-2025-tour","tag-florian-lipowitz","tag-jonas-vingegaard","tag-oscar-onley","tag-tadej-pogacar","tag-thymen-arensman","tag-tour-de-france","tag-wout-van-aert","global-categories-cycling"],"yoast_head":"<!-- This site is optimized with the Yoast SEO Premium plugin v25.3 (Yoast SEO v25.9) - https:\/\/yoast.com\/wordpress\/plugins\/seo\/ -->\n<title>M\u00f5ned j\u00e4reldused kaootilisest, segasest ja t\u00e4iesti p\u00f6\u00f6raselt p\u00f5nevast Tour de France&#039;ist - \u0160koda We Love Cycling - Estonia<\/title>\n<meta name=\"description\" content=\"Tadej Poga\u010dar (UAE Team Emirates\u2013XRG) ja Jonas Vingegaard (Visma\u2013Lease a Bike) pidasid veel \u00fche hambuni relvastatud duelli, mis kestis kolm n\u00e4dalat, kuigi osa pingest kadus p\u00e4rast seda, kui taanlane kaotas viienda etapi tempos\u00f5idus sloveenlasele 1.05. P\u00e4rast seda etappi oli Vingegaardi kaotus 1.13 \u2013 mis pole iseenesest \u00fcletamatu vahe \u2013 v\u00e4lja arvatud juhul, kui vastas on n\u00fc\u00fcdseks neljakordne Tour\u2019i v\u00f5itja.\" \/>\n<meta name=\"robots\" content=\"index, follow, max-snippet:-1, max-image-preview:large, max-video-preview:-1\" \/>\n<link rel=\"canonical\" href=\"https:\/\/www.welovecycling.com\/ee\/2025\/07\/30\/moned-jareldused-kaootilisest-segasest-ja-taiesti-pooraselt-ponevast-tour-de-franceist\/\" \/>\n<meta property=\"og:locale\" content=\"et_EE\" \/>\n<meta property=\"og:type\" content=\"article\" \/>\n<meta property=\"og:title\" content=\"M\u00f5ned j\u00e4reldused kaootilisest, segasest ja t\u00e4iesti p\u00f6\u00f6raselt p\u00f5nevast Tour de France&#039;ist\" \/>\n<meta property=\"og:description\" content=\"Tadej Poga\u010dar (UAE Team Emirates\u2013XRG) ja Jonas Vingegaard (Visma\u2013Lease a Bike) pidasid veel \u00fche hambuni relvastatud duelli, mis kestis kolm n\u00e4dalat, kuigi osa pingest kadus p\u00e4rast seda, kui taanlane kaotas viienda etapi tempos\u00f5idus sloveenlasele 1.05. P\u00e4rast seda etappi oli Vingegaardi kaotus 1.13 \u2013 mis pole iseenesest \u00fcletamatu vahe \u2013 v\u00e4lja arvatud juhul, kui vastas on n\u00fc\u00fcdseks neljakordne Tour\u2019i v\u00f5itja.\" \/>\n<meta property=\"og:url\" content=\"https:\/\/www.welovecycling.com\/ee\/2025\/07\/30\/moned-jareldused-kaootilisest-segasest-ja-taiesti-pooraselt-ponevast-tour-de-franceist\/\" \/>\n<meta property=\"og:site_name\" content=\"\u0160koda We Love Cycling - Estonia\" \/>\n<meta property=\"article:published_time\" content=\"2025-07-30T11:59:16+00:00\" \/>\n<meta property=\"article:modified_time\" content=\"2025-07-30T12:00:44+00:00\" \/>\n<meta property=\"og:image\" content=\"https:\/\/d2p6e6u75xmxt8.cloudfront.net\/15\/2025\/07\/tdf25.webp\" \/>\n\t<meta property=\"og:image:width\" content=\"989\" \/>\n\t<meta property=\"og:image:height\" content=\"656\" \/>\n\t<meta property=\"og:image:type\" content=\"image\/webp\" \/>\n<meta name=\"author\" content=\"andre\" \/>\n<meta name=\"twitter:card\" content=\"summary_large_image\" \/>\n<meta name=\"twitter:label1\" content=\"Written by\" \/>\n\t<meta name=\"twitter:data1\" content=\"Siegfried Mortkowitz\" \/>\n\t<meta name=\"twitter:label2\" content=\"Est. reading time\" \/>\n\t<meta name=\"twitter:data2\" content=\"5\" \/>\n<script type=\"application\/ld+json\" class=\"yoast-schema-graph\">{\"@context\":\"https:\/\/schema.org\",\"@graph\":[{\"@type\":\"WebPage\",\"@id\":\"https:\/\/www.welovecycling.com\/ee\/2025\/07\/30\/moned-jareldused-kaootilisest-segasest-ja-taiesti-pooraselt-ponevast-tour-de-franceist\/\",\"url\":\"https:\/\/www.welovecycling.com\/ee\/2025\/07\/30\/moned-jareldused-kaootilisest-segasest-ja-taiesti-pooraselt-ponevast-tour-de-franceist\/\",\"name\":\"M\u00f5ned j\u00e4reldused kaootilisest, segasest ja t\u00e4iesti p\u00f6\u00f6raselt p\u00f5nevast Tour de France'ist - \u0160koda We Love Cycling - Estonia\",\"isPartOf\":{\"@id\":\"https:\/\/www.welovecycling.com\/ee\/#website\"},\"primaryImageOfPage\":{\"@id\":\"https:\/\/www.welovecycling.com\/ee\/2025\/07\/30\/moned-jareldused-kaootilisest-segasest-ja-taiesti-pooraselt-ponevast-tour-de-franceist\/#primaryimage\"},\"image\":{\"@id\":\"https:\/\/www.welovecycling.com\/ee\/2025\/07\/30\/moned-jareldused-kaootilisest-segasest-ja-taiesti-pooraselt-ponevast-tour-de-franceist\/#primaryimage\"},\"thumbnailUrl\":\"https:\/\/d2p6e6u75xmxt8.cloudfront.net\/15\/2025\/07\/tdf25.webp\",\"datePublished\":\"2025-07-30T11:59:16+00:00\",\"dateModified\":\"2025-07-30T12:00:44+00:00\",\"author\":{\"@id\":\"https:\/\/www.welovecycling.com\/ee\/#\/schema\/person\/8b7101c4bd1b1ae9d3732ebb1e6caf57\"},\"description\":\"Tadej Poga\u010dar (UAE Team Emirates\u2013XRG) ja Jonas Vingegaard (Visma\u2013Lease a Bike) pidasid veel \u00fche hambuni relvastatud duelli, mis kestis kolm n\u00e4dalat, kuigi osa pingest kadus p\u00e4rast seda, kui taanlane kaotas viienda etapi tempos\u00f5idus sloveenlasele 1.05. P\u00e4rast seda etappi oli Vingegaardi kaotus 1.13 \u2013 mis pole iseenesest \u00fcletamatu vahe \u2013 v\u00e4lja arvatud juhul, kui vastas on n\u00fc\u00fcdseks neljakordne Tour\u2019i v\u00f5itja.\",\"inLanguage\":\"et\",\"potentialAction\":[{\"@type\":\"ReadAction\",\"target\":[\"https:\/\/www.welovecycling.com\/ee\/2025\/07\/30\/moned-jareldused-kaootilisest-segasest-ja-taiesti-pooraselt-ponevast-tour-de-franceist\/\"]}]},{\"@type\":\"ImageObject\",\"inLanguage\":\"et\",\"@id\":\"https:\/\/www.welovecycling.com\/ee\/2025\/07\/30\/moned-jareldused-kaootilisest-segasest-ja-taiesti-pooraselt-ponevast-tour-de-franceist\/#primaryimage\",\"url\":\"https:\/\/d2p6e6u75xmxt8.cloudfront.net\/15\/2025\/07\/tdf25.webp\",\"contentUrl\":\"https:\/\/d2p6e6u75xmxt8.cloudfront.net\/15\/2025\/07\/tdf25.webp\",\"width\":989,\"height\":656},{\"@type\":\"WebSite\",\"@id\":\"https:\/\/www.welovecycling.com\/ee\/#website\",\"url\":\"https:\/\/www.welovecycling.com\/ee\/\",\"name\":\"\u0160koda We Love Cycling - Estonia\",\"description\":\"\",\"potentialAction\":[{\"@type\":\"SearchAction\",\"target\":{\"@type\":\"EntryPoint\",\"urlTemplate\":\"https:\/\/www.welovecycling.com\/ee\/?s={search_term_string}\"},\"query-input\":{\"@type\":\"PropertyValueSpecification\",\"valueRequired\":true,\"valueName\":\"search_term_string\"}}],\"inLanguage\":\"et\"},{\"@type\":\"Person\",\"@id\":\"https:\/\/www.welovecycling.com\/ee\/#\/schema\/person\/8b7101c4bd1b1ae9d3732ebb1e6caf57\",\"name\":\"andre\",\"image\":{\"@type\":\"ImageObject\",\"inLanguage\":\"et\",\"@id\":\"https:\/\/www.welovecycling.com\/ee\/#\/schema\/person\/image\/\",\"url\":\"https:\/\/secure.gravatar.com\/avatar\/0656b3224fe17b018f43b8a562625dd43d30827f027b2f62bc5a05711fec9a61?s=96&d=mm&r=g\",\"contentUrl\":\"https:\/\/secure.gravatar.com\/avatar\/0656b3224fe17b018f43b8a562625dd43d30827f027b2f62bc5a05711fec9a61?s=96&d=mm&r=g\",\"caption\":\"andre\"},\"url\":\"https:\/\/www.welovecycling.com\/ee\/author\/andre\/\"}]}<\/script>\n<!-- \/ Yoast SEO Premium plugin. -->","yoast_head_json":{"title":"M\u00f5ned j\u00e4reldused kaootilisest, segasest ja t\u00e4iesti p\u00f6\u00f6raselt p\u00f5nevast Tour de France'ist - \u0160koda We Love Cycling - Estonia","description":"Tadej Poga\u010dar (UAE Team Emirates\u2013XRG) ja Jonas Vingegaard (Visma\u2013Lease a Bike) pidasid veel \u00fche hambuni relvastatud duelli, mis kestis kolm n\u00e4dalat, kuigi osa pingest kadus p\u00e4rast seda, kui taanlane kaotas viienda etapi tempos\u00f5idus sloveenlasele 1.05. P\u00e4rast seda etappi oli Vingegaardi kaotus 1.13 \u2013 mis pole iseenesest \u00fcletamatu vahe \u2013 v\u00e4lja arvatud juhul, kui vastas on n\u00fc\u00fcdseks neljakordne Tour\u2019i v\u00f5itja.","robots":{"index":"index","follow":"follow","max-snippet":"max-snippet:-1","max-image-preview":"max-image-preview:large","max-video-preview":"max-video-preview:-1"},"canonical":"https:\/\/www.welovecycling.com\/ee\/2025\/07\/30\/moned-jareldused-kaootilisest-segasest-ja-taiesti-pooraselt-ponevast-tour-de-franceist\/","og_locale":"et_EE","og_type":"article","og_title":"M\u00f5ned j\u00e4reldused kaootilisest, segasest ja t\u00e4iesti p\u00f6\u00f6raselt p\u00f5nevast Tour de France'ist","og_description":"Tadej Poga\u010dar (UAE Team Emirates\u2013XRG) ja Jonas Vingegaard (Visma\u2013Lease a Bike) pidasid veel \u00fche hambuni relvastatud duelli, mis kestis kolm n\u00e4dalat, kuigi osa pingest kadus p\u00e4rast seda, kui taanlane kaotas viienda etapi tempos\u00f5idus sloveenlasele 1.05. P\u00e4rast seda etappi oli Vingegaardi kaotus 1.13 \u2013 mis pole iseenesest \u00fcletamatu vahe \u2013 v\u00e4lja arvatud juhul, kui vastas on n\u00fc\u00fcdseks neljakordne Tour\u2019i v\u00f5itja.","og_url":"https:\/\/www.welovecycling.com\/ee\/2025\/07\/30\/moned-jareldused-kaootilisest-segasest-ja-taiesti-pooraselt-ponevast-tour-de-franceist\/","og_site_name":"\u0160koda We Love Cycling - Estonia","article_published_time":"2025-07-30T11:59:16+00:00","article_modified_time":"2025-07-30T12:00:44+00:00","og_image":[{"width":989,"height":656,"url":"https:\/\/d2p6e6u75xmxt8.cloudfront.net\/15\/2025\/07\/tdf25.webp","type":"image\/webp"}],"author":"andre","twitter_card":"summary_large_image","twitter_misc":{"Written by":"Siegfried Mortkowitz","Est. reading time":"5"},"schema":{"@context":"https:\/\/schema.org","@graph":[{"@type":"WebPage","@id":"https:\/\/www.welovecycling.com\/ee\/2025\/07\/30\/moned-jareldused-kaootilisest-segasest-ja-taiesti-pooraselt-ponevast-tour-de-franceist\/","url":"https:\/\/www.welovecycling.com\/ee\/2025\/07\/30\/moned-jareldused-kaootilisest-segasest-ja-taiesti-pooraselt-ponevast-tour-de-franceist\/","name":"M\u00f5ned j\u00e4reldused kaootilisest, segasest ja t\u00e4iesti p\u00f6\u00f6raselt p\u00f5nevast Tour de France'ist - \u0160koda We Love Cycling - Estonia","isPartOf":{"@id":"https:\/\/www.welovecycling.com\/ee\/#website"},"primaryImageOfPage":{"@id":"https:\/\/www.welovecycling.com\/ee\/2025\/07\/30\/moned-jareldused-kaootilisest-segasest-ja-taiesti-pooraselt-ponevast-tour-de-franceist\/#primaryimage"},"image":{"@id":"https:\/\/www.welovecycling.com\/ee\/2025\/07\/30\/moned-jareldused-kaootilisest-segasest-ja-taiesti-pooraselt-ponevast-tour-de-franceist\/#primaryimage"},"thumbnailUrl":"https:\/\/d2p6e6u75xmxt8.cloudfront.net\/15\/2025\/07\/tdf25.webp","datePublished":"2025-07-30T11:59:16+00:00","dateModified":"2025-07-30T12:00:44+00:00","author":{"@id":"https:\/\/www.welovecycling.com\/ee\/#\/schema\/person\/8b7101c4bd1b1ae9d3732ebb1e6caf57"},"description":"Tadej Poga\u010dar (UAE Team Emirates\u2013XRG) ja Jonas Vingegaard (Visma\u2013Lease a Bike) pidasid veel \u00fche hambuni relvastatud duelli, mis kestis kolm n\u00e4dalat, kuigi osa pingest kadus p\u00e4rast seda, kui taanlane kaotas viienda etapi tempos\u00f5idus sloveenlasele 1.05. P\u00e4rast seda etappi oli Vingegaardi kaotus 1.13 \u2013 mis pole iseenesest \u00fcletamatu vahe \u2013 v\u00e4lja arvatud juhul, kui vastas on n\u00fc\u00fcdseks neljakordne Tour\u2019i v\u00f5itja.","inLanguage":"et","potentialAction":[{"@type":"ReadAction","target":["https:\/\/www.welovecycling.com\/ee\/2025\/07\/30\/moned-jareldused-kaootilisest-segasest-ja-taiesti-pooraselt-ponevast-tour-de-franceist\/"]}]},{"@type":"ImageObject","inLanguage":"et","@id":"https:\/\/www.welovecycling.com\/ee\/2025\/07\/30\/moned-jareldused-kaootilisest-segasest-ja-taiesti-pooraselt-ponevast-tour-de-franceist\/#primaryimage","url":"https:\/\/d2p6e6u75xmxt8.cloudfront.net\/15\/2025\/07\/tdf25.webp","contentUrl":"https:\/\/d2p6e6u75xmxt8.cloudfront.net\/15\/2025\/07\/tdf25.webp","width":989,"height":656},{"@type":"WebSite","@id":"https:\/\/www.welovecycling.com\/ee\/#website","url":"https:\/\/www.welovecycling.com\/ee\/","name":"\u0160koda We Love Cycling - Estonia","description":"","potentialAction":[{"@type":"SearchAction","target":{"@type":"EntryPoint","urlTemplate":"https:\/\/www.welovecycling.com\/ee\/?s={search_term_string}"},"query-input":{"@type":"PropertyValueSpecification","valueRequired":true,"valueName":"search_term_string"}}],"inLanguage":"et"},{"@type":"Person","@id":"https:\/\/www.welovecycling.com\/ee\/#\/schema\/person\/8b7101c4bd1b1ae9d3732ebb1e6caf57","name":"andre","image":{"@type":"ImageObject","inLanguage":"et","@id":"https:\/\/www.welovecycling.com\/ee\/#\/schema\/person\/image\/","url":"https:\/\/secure.gravatar.com\/avatar\/0656b3224fe17b018f43b8a562625dd43d30827f027b2f62bc5a05711fec9a61?s=96&d=mm&r=g","contentUrl":"https:\/\/secure.gravatar.com\/avatar\/0656b3224fe17b018f43b8a562625dd43d30827f027b2f62bc5a05711fec9a61?s=96&d=mm&r=g","caption":"andre"},"url":"https:\/\/www.welovecycling.com\/ee\/author\/andre\/"}]}},"_links":{"self":[{"href":"https:\/\/www.welovecycling.com\/ee\/wp-json\/wp\/v2\/posts\/2845","targetHints":{"allow":["GET"]}}],"collection":[{"href":"https:\/\/www.welovecycling.com\/ee\/wp-json\/wp\/v2\/posts"}],"about":[{"href":"https:\/\/www.welovecycling.com\/ee\/wp-json\/wp\/v2\/types\/post"}],"author":[{"embeddable":true,"href":"https:\/\/www.welovecycling.com\/ee\/wp-json\/wp\/v2\/users\/174"}],"replies":[{"embeddable":true,"href":"https:\/\/www.welovecycling.com\/ee\/wp-json\/wp\/v2\/comments?post=2845"}],"version-history":[{"count":3,"href":"https:\/\/www.welovecycling.com\/ee\/wp-json\/wp\/v2\/posts\/2845\/revisions"}],"predecessor-version":[{"id":2849,"href":"https:\/\/www.welovecycling.com\/ee\/wp-json\/wp\/v2\/posts\/2845\/revisions\/2849"}],"wp:featuredmedia":[{"embeddable":true,"href":"https:\/\/www.welovecycling.com\/ee\/wp-json\/wp\/v2\/media\/2846"}],"wp:attachment":[{"href":"https:\/\/www.welovecycling.com\/ee\/wp-json\/wp\/v2\/media?parent=2845"}],"wp:term":[{"taxonomy":"category","embeddable":true,"href":"https:\/\/www.welovecycling.com\/ee\/wp-json\/wp\/v2\/categories?post=2845"},{"taxonomy":"post_tag","embeddable":true,"href":"https:\/\/www.welovecycling.com\/ee\/wp-json\/wp\/v2\/tags?post=2845"},{"taxonomy":"global-categories","embeddable":true,"href":"https:\/\/www.welovecycling.com\/ee\/wp-json\/wp\/v2\/global-categories?post=2845"}],"curies":[{"name":"wp","href":"https:\/\/api.w.org\/{rel}","templated":true}]}}