{"id":2819,"date":"2025-07-11T15:08:39","date_gmt":"2025-07-11T12:08:39","guid":{"rendered":"https:\/\/www.welovecycling.com\/ee\/?p=2819"},"modified":"2025-07-11T15:09:56","modified_gmt":"2025-07-11T12:09:56","slug":"tour-de-sina-milline-fann-elab-sinu-sees","status":"publish","type":"post","link":"https:\/\/www.welovecycling.com\/ee\/2025\/07\/11\/tour-de-sina-milline-fann-elab-sinu-sees\/","title":{"rendered":"Tour de Sina: Milline F\u00e4nn Elab Sinu Sees?"},"content":{"rendered":"<h2 data-start=\"57\" data-end=\"321\">See aeg aastast on j\u00e4lle k\u00e4es. \u00dchel hetkel oled veel t\u00e4iesti tavaline inimene, kellel on hobid ja sotsiaalelu. J\u00e4rgmisel hetkel seletad ajaboonuste s\u00fcsteemi oma koerale, samal ajal kui karjud hommikumantlis teleka ees \u201cAllez!\u201d. See ongi <em data-start=\"302\" data-end=\"318\">Tour de France<\/em>.<!--more--><\/h2>\n<p data-start=\"323\" data-end=\"624\">See \u00e4ratab sinus t\u00f5elise ratturi \u2014 v\u00f5i v\u00e4hemalt selle versiooni sinust, kes m\u00f5tleb t\u00f6\u00f6koosolekul rehvir\u00f5hule ja arutleb, kas Poga\u010dar kiidaks su kohvipausi kohvi joomise tempot.<br data-start=\"485\" data-end=\"488\" \/>See ei too endaga kaasa ainult pikenenud ekraaniaega ja kahtlaselt suurt sarvesaiade tarbimist. See toob identiteedi. Eesm\u00e4rgi. Kaose.<\/p>\n<p data-start=\"626\" data-end=\"690\">Ja j\u00e4rsku, ise arugi saamata&#8230; oled saanud <em data-start=\"670\" data-end=\"679\">selleks<\/em> f\u00e4nniks.<\/p>\n<p data-start=\"692\" data-end=\"967\">Selleks, kes muudab iga grupis\u00f5idu vaikivaks heitluseks \u00fcldv\u00f5idu peale.<br data-start=\"761\" data-end=\"764\" \/>Selleks, kes pole ise n\u00e4dalaid s\u00f5itnud, aga teab t\u00e4pselt, mis k\u00e4iguga Van der Poel s\u00f5itis 83. kilomeetril.<br data-start=\"870\" data-end=\"873\" \/>Selleks, kes arvab, et espresso l\u00e4heb kindlasti vedelikutarbimise alla \u2014 sest tehniliselt see nii ongi.<\/p>\n<p data-start=\"969\" data-end=\"1024\"><strong data-start=\"969\" data-end=\"1024\">Niisiis \u2014 k\u00fcsimus on n\u00fc\u00fcd: milline neist oled sina?<\/strong><\/p>\n<hr data-start=\"1026\" data-end=\"1029\" \/>\n<h2 data-start=\"1031\" data-end=\"1075\"><strong data-start=\"1035\" data-end=\"1073\">Superf\u00e4nn, kes s\u00f5idab&#8230; aeg-ajalt<\/strong><\/h2>\n<p data-start=\"1076\" data-end=\"1261\">Need on rattas\u00f5brad, kes armastavad jalgrattasporti, aga kahjuks ei tegele sellega. Neil puudub tehnika, f\u00fc\u00fcsis ja ilmselt veel m\u00f5ned teised olulised omadused, mida teadus pole veel avastanud.<\/p>\n<p data-start=\"1263\" data-end=\"1601\">K\u00fcsi neilt, kuidas k\u00e4ike seadistada, ja saad 20-minutilise loengu koos br\u00e4ndiv\u00f5rdluste, mehaanikaajaloo ja v\u00e4hemalt kolme n\u00e4itega varasematest Touridest, kus m\u00f5nel profiratturil oli t\u00e4pselt sama probleem \u2014 mis parandati v\u00f5istluse ajal 50 km\/h kiirusel, mehhaanikuga, kes rippus autoaknast v\u00e4lja nagu Tom Cruise \u201cMission: Impossible\u2019is\u201d.<\/p>\n<p data-start=\"1603\" data-end=\"1833\">Aga \u00e4ra oota, et nad grupi ees t\u00f6\u00f6d teeks. V\u00f5i \u00fcldse korralikult grupis s\u00f5idaksid. Nad ei aja taga\u00a0 watte, vaid <strong>teoreetilist<\/strong> w\/kg v\u00f5imekust. Kas nad selleni kunagi j\u00f5uavad? Ei. Aga nad teavad t\u00e4pselt, kuidas <em data-start=\"1809\" data-end=\"1815\">sina<\/em> peaksid sinna j\u00f5udma.<\/p>\n<p data-start=\"1835\" data-end=\"2052\">Sest nende jaoks pole asi s\u00f5itmises \u2014 vaid <em data-start=\"1878\" data-end=\"1889\">teekonnas<\/em>. Ja parim teekond kulgeb diivanilt, \u00fcks baguette k\u00e4es, teine k\u00e4si Exceli tabelil, t\u00e4iskommentaariks selgitus, miks UAE meeskonna lahtivedu 13. etapil eba\u00f5nnestus.<\/p>\n<hr data-start=\"2054\" data-end=\"2057\" \/>\n<h2 data-start=\"2059\" data-end=\"2096\"><strong data-start=\"2063\" data-end=\"2094\">See, kes pilgu peale viskab<\/strong><\/h2>\n<p data-start=\"2097\" data-end=\"2359\">Nad armastavad Tour de France\u2019i \u2014 seni kuni see ei sega pesupesemist, sn\u00e4kiringi v\u00f5i mahlakat grupivestlust. Tour pole prioriteet. See on <em data-start=\"2235\" data-end=\"2245\">meeleolu<\/em>. Midagi, mis m\u00e4ngib taustaks, kuni nad oma maitseainekappi \u00fcmber korraldavad ja \u00f5nnetuse korral \u201cOohhh!\u201d h\u00fc\u00fcavad.<\/p>\n<p data-start=\"2097\" data-end=\"2359\"><a href=\"https:\/\/d2p6e6u75xmxt8.cloudfront.net\/15\/2025\/07\/milline-fann2.webp\"><img loading=\"lazy\" decoding=\"async\" class=\"aligncenter size-full wp-image-2821\" src=\"https:\/\/d2p6e6u75xmxt8.cloudfront.net\/15\/2025\/07\/milline-fann2.webp\" alt=\"\" width=\"791\" height=\"537\" srcset=\"https:\/\/d2p6e6u75xmxt8.cloudfront.net\/15\/2025\/07\/milline-fann2.webp 791w, https:\/\/d2p6e6u75xmxt8.cloudfront.net\/15\/2025\/07\/milline-fann2-300x204.webp 300w, https:\/\/d2p6e6u75xmxt8.cloudfront.net\/15\/2025\/07\/milline-fann2-768x521.webp 768w, https:\/\/d2p6e6u75xmxt8.cloudfront.net\/15\/2025\/07\/milline-fann2-400x272.webp 400w\" sizes=\"auto, (max-width: 791px) 100vw, 791px\" \/><\/a><\/p>\n<p data-start=\"2361\" data-end=\"2611\">Nad teavad suuri nimesid. Poga\u010dar. Vingegaard. See t\u00fc\u00fcp, kes alati liiga vara r\u00fcndab.<br data-start=\"2446\" data-end=\"2449\" \/>Aga k\u00fcsi neilt, miks kollane s\u00e4rk kaks minutit kaotas, aga s\u00e4rk ikka talle alles j\u00e4i \u2014 nad kissitavad silmi ja vastavad midagi ebam\u00e4\u00e4rast nagu: \u201cboonussekundid, vist?\u201d<\/p>\n<p data-start=\"2613\" data-end=\"2891\">Neid ei huvita abimehed, taktika, lahtivedu ega v\u00f5imsusnumbrid. Neid huvitavad <em data-start=\"2692\" data-end=\"2700\">hetked<\/em>. L\u00f5puspurdid. Dramaatilised laskumised. Helikopterikaadrid lossidest.<br data-start=\"2770\" data-end=\"2773\" \/>Nad vaatavad viimased 2 km otse, siis hiljem highlight\u2019e, et olla kindel, et n\u00e4gid parimaid hetki \u00f5iges j\u00e4rjekorras.<\/p>\n<p data-start=\"2893\" data-end=\"3160\">Nende enda s\u00f5iduharjumused? Ebastabiilsed. Ratas on\u2026 enam-v\u00e4hem t\u00f6\u00f6korras. Nad s\u00f5idavad, kui p\u00e4ike paistab, kalender t\u00fchi ja motivatsioon pole saanud konkurentsi n\u00e4iteks brunch\u2019i kutsele.<br data-start=\"3080\" data-end=\"3083\" \/>Lycra? Valikuline. P\u00e4ikeseprillid? Alati. Oluline pole aeg, vaid <em data-start=\"3148\" data-end=\"3157\">v\u00e4limus<\/em>.<\/p>\n<p data-start=\"3162\" data-end=\"3433\">Nad pole fanaatikud. Aga nad pole ka v\u00f5hikud. Nad elavad armsas vahepealsuses, kus teatakse kolme Tour\u2019i v\u00f5itjat, aga ei teata, mida \u201cGC\u201d t\u00e4hendab. Nad ei taha v\u00f5ita vaidlusi ega Strava l\u00f5ike. Nad tahavad lihtsalt head l\u00f5ppu, minimaalset pingutust ja k\u00fclma jooki fini\u0161is.<\/p>\n<hr data-start=\"3435\" data-end=\"3438\" \/>\n<h2 data-start=\"3440\" data-end=\"3493\"><strong data-start=\"3444\" data-end=\"3491\">Vastu tahtmist supervormis Tour\u2019i anal\u00fc\u00fctik<\/strong><\/h2>\n<p data-start=\"3494\" data-end=\"3692\">See f\u00e4nn ei ela kaasa. Ei karju \u201cAllez!\u201d ega vaidle taktika \u00fcle. Nad <em data-start=\"3563\" data-end=\"3573\">s\u00f5idavad<\/em>. Kannatavad. Higistavad. Ja aeg-ajalt viskavad pilgu Tour de France\u2019ile, tehes samal ajal l\u00e4veharjutust trena\u017e\u00f6\u00f6ril.<\/p>\n<p data-start=\"3694\" data-end=\"3969\">Nad teavad reegleid. Teavad, kes on kollases. Aga \u00e4ra k\u00fcsi, miks jooksik v\u00f5itis v\u00f5i mis tiim parimat taktikat kasutas. Nad ei n\u00e4inud. Nad olid keset tsoon 4-a, silmad higist udused, kujutledes end Col du Tourmalet\u2019l, p\u00fc\u00fcdes samal ajal mitte higi k\u00f5rvaklappidesse tilgutada.<\/p>\n<blockquote class=\"instagram-media\" style=\"background: #FFF; border: 0; border-radius: 3px; box-shadow: 0 0 1px 0 rgba(0,0,0,0.5),0 1px 10px 0 rgba(0,0,0,0.15); margin: 1px; max-width: 540px; min-width: 326px; padding: 0; width: calc(100% - 2px);\" data-instgrm-captioned=\"\" data-instgrm-permalink=\"https:\/\/www.instagram.com\/p\/DL1oKCfot1e\/?utm_source=ig_embed&amp;utm_campaign=loading\" data-instgrm-version=\"14\">\n<div style=\"padding: 16px;\">\n<p>&nbsp;<\/p>\n<div style=\"display: flex; flex-direction: row; align-items: center;\">\n<div style=\"background-color: #f4f4f4; border-radius: 50%; flex-grow: 0; height: 40px; margin-right: 14px; width: 40px;\"><\/div>\n<div style=\"display: flex; flex-direction: column; flex-grow: 1; justify-content: center;\">\n<div style=\"background-color: #f4f4f4; border-radius: 4px; flex-grow: 0; height: 14px; margin-bottom: 6px; width: 100px;\"><\/div>\n<div style=\"background-color: #f4f4f4; border-radius: 4px; flex-grow: 0; height: 14px; width: 60px;\"><\/div>\n<\/div>\n<\/div>\n<div style=\"padding: 19% 0;\"><\/div>\n<div style=\"display: block; height: 50px; margin: 0 auto 12px; width: 50px;\"><\/div>\n<div style=\"padding-top: 8px;\">\n<div style=\"color: #3897f0; font-family: Arial,sans-serif; font-size: 14px; font-style: normal; font-weight: 550; line-height: 18px;\">View this post on Instagram<\/div>\n<\/div>\n<div style=\"padding: 12.5% 0;\"><\/div>\n<div style=\"display: flex; flex-direction: row; margin-bottom: 14px; align-items: center;\">\n<div>\n<div style=\"background-color: #f4f4f4; border-radius: 50%; height: 12.5px; width: 12.5px; transform: translateX(0px) translateY(7px);\"><\/div>\n<div style=\"background-color: #f4f4f4; height: 12.5px; transform: rotate(-45deg) translateX(3px) translateY(1px); width: 12.5px; flex-grow: 0; margin-right: 14px; margin-left: 2px;\"><\/div>\n<div style=\"background-color: #f4f4f4; border-radius: 50%; height: 12.5px; width: 12.5px; transform: translateX(9px) translateY(-18px);\"><\/div>\n<\/div>\n<div style=\"margin-left: 8px;\">\n<div style=\"background-color: #f4f4f4; border-radius: 50%; flex-grow: 0; height: 20px; width: 20px;\"><\/div>\n<div style=\"width: 0; height: 0; border-top: 2px solid transparent; border-left: 6px solid #f4f4f4; border-bottom: 2px solid transparent; transform: translateX(16px) translateY(-4px) rotate(30deg);\"><\/div>\n<\/div>\n<div style=\"margin-left: auto;\">\n<div style=\"width: 0px; border-top: 8px solid #F4F4F4; border-right: 8px solid transparent; transform: translateY(16px);\"><\/div>\n<div style=\"background-color: #f4f4f4; flex-grow: 0; height: 12px; width: 16px; transform: translateY(-4px);\"><\/div>\n<div style=\"width: 0; height: 0; border-top: 8px solid #F4F4F4; border-left: 8px solid transparent; transform: translateY(-4px) translateX(8px);\"><\/div>\n<\/div>\n<\/div>\n<div style=\"display: flex; flex-direction: column; flex-grow: 1; justify-content: center; margin-bottom: 24px;\">\n<div style=\"background-color: #f4f4f4; border-radius: 4px; flex-grow: 0; height: 14px; margin-bottom: 6px; width: 224px;\"><\/div>\n<div style=\"background-color: #f4f4f4; border-radius: 4px; flex-grow: 0; height: 14px; width: 144px;\"><\/div>\n<\/div>\n<p>&nbsp;<\/p>\n<p style=\"color: #c9c8cd; font-family: Arial,sans-serif; font-size: 14px; line-height: 17px; margin-bottom: 0; margin-top: 8px; overflow: hidden; padding: 8px 0 7px; text-align: center; text-overflow: ellipsis; white-space: nowrap;\"><a style=\"color: #c9c8cd; font-family: Arial,sans-serif; font-size: 14px; font-style: normal; font-weight: normal; line-height: 17px; text-decoration: none;\" href=\"https:\/\/www.instagram.com\/p\/DL1oKCfot1e\/?utm_source=ig_embed&amp;utm_campaign=loading\" target=\"_blank\" rel=\"noopener\">A post shared by \u0160koda We Love Cycling (@wlcmagazine)<\/a><\/p>\n<\/div>\n<\/blockquote>\n<p><script async src=\"\/\/www.instagram.com\/embed.js\"><\/script><\/p>\n<p data-start=\"3971\" data-end=\"4184\">Kui nad m\u00f5nd etappi otse n\u00e4evad, siis ainult sellep\u00e4rast, et nad <em data-start=\"4036\" data-end=\"4042\">juba<\/em> s\u00f5itsid toas. Kui ei, siis j\u00e4relvaatamisest nad ei hooli. Pigem sirvivad numbreid ja pomisevad: \u201cViis watti kilo kohta? Ma suudaksin seda.\u201d<\/p>\n<p data-start=\"4186\" data-end=\"4472\">Nad ei s\u00f5ida sellep\u00e4rast, et see neile meeldib. Nad s\u00f5idavad, sest keha n\u00f5uab. Nende puhkepulsi number on v\u00e4iksem kui su pangakonto j\u00e4\u00e4k peale perega P\u00e4rnus puhkamas k\u00e4imist. Nende FTP on ainus number, millega neil on <em data-start=\"4346\" data-end=\"4366\">emotsionaalne side<\/em>. Nad on rohkem kohvipause vahele j\u00e4tnud kui treeninguid.<br data-start=\"4423\" data-end=\"4426\" \/>Kirglikkus? Valikuline. T\u00e4psus? Kohustuslik.<\/p>\n<p data-start=\"4474\" data-end=\"4763\">Ja kui nad end proffidega v\u00f5rdlevad? See pole illusioon. See on <em data-start=\"4538\" data-end=\"4551\">andmep\u00f5hine<\/em>. Nad teavad, et nad pole WorldTouri tasemel \u2014 aga nad teavad ka, kui kaua nad suudaks grupis p\u00fcsida ja t\u00f5usud ei \u00fcletaks 3%.<br data-start=\"4705\" data-end=\"4708\" \/>Tour ei ole nende jaoks vaatem\u00e4ng. See on <em data-start=\"4750\" data-end=\"4760\">m\u00f5\u00f5dupuu<\/em>.<\/p>\n<p data-start=\"4765\" data-end=\"4905\">Kas neid huvitab, kes v\u00f5idab? Mitte eriti. Aga neid huvitab, mitu watti sinna kulus. Ja kas nad suudavad selle saavutada\u2026 enne hommikus\u00f6\u00f6ki.<\/p>\n<hr data-start=\"4907\" data-end=\"4910\" \/>\n<h2 data-start=\"4912\" data-end=\"4948\"><strong data-start=\"4916\" data-end=\"4946\">Professionaal maskeeringus<\/strong><\/h2>\n<p data-start=\"4949\" data-end=\"5009\">See f\u00e4nn ei <em data-start=\"4961\" data-end=\"4968\">vaata<\/em> Tour de France\u2019i. Nad <em data-start=\"4991\" data-end=\"4999\">elavad<\/em> selles.<\/p>\n<p data-start=\"5011\" data-end=\"5245\">Nad ei k\u00fcsi, kes v\u00f5itis etapi \u2014 nad juba teavad. Nad vaatasid seda otse. Kaks korda. Siis aegluubis. Siis uuesti, kolme erineva keele kommentaaridega, et olla kindel, et nad ei j\u00e4\u00e4 ilma \u00fchestki taktika n\u00fcansist viimasel 500-l meetril.<\/p>\n<p data-start=\"5247\" data-end=\"5391\">Nad teavad meeskondi, strateegiaid, watte, \u00fclekandeid, ps\u00fchholoogiat. Nad <em data-start=\"5324\" data-end=\"5334\">lihtsalt<\/em> ainult ei armasta Tour\u2019i, nad s\u00f5idavad, nagu <em data-start=\"5370\" data-end=\"5388\">oleksid seal<\/em>.<\/p>\n<p data-start=\"5393\" data-end=\"5594\">Iga juuli on nad kuskil Prantsusmaal m\u00e4e otsas, 38-kraadises kuumuses, \u00fcmbritsetud f\u00e4nnidest, lehmakelladest ja t\u00e4ispuhutud kuradisarvedest, sest diivanilt vaatamine on nende jaoks, kellel pole ronimisjalgu.<\/p>\n<p data-start=\"5596\" data-end=\"5873\">Nad ei j\u00e4ta vahele \u00fchtegi L\u2019\u00c9tape\u2019i. Kui nad j\u00e4\u00e4vad v\u00e4ljapoole esisada\u00a0 kaaluvad nad ala vahetamist.<br data-start=\"5702\" data-end=\"5705\" \/>Nende varustus on perfektselt seadistatud, toitumisplaan Excelis, pulss ohtlikult madal ka siis, kui nad vaidlemas on, kes oleks pidanud 12. etapil vahe kinni s\u00f5itma.<\/p>\n<p data-start=\"5875\" data-end=\"6112\">Nende trennid on struktureeritud, karmid ja ajastatud t\u00e4pselt Tour\u2019i v\u00f5tmeetappide ajale, et nad saaksid \u201cjuhuslikult\u201d koguda sama t\u00f5usumeetri koguse kui proffid.<br data-start=\"6037\" data-end=\"6040\" \/>Samas neid vaadates. Trena\u017e\u00f6\u00f6ril. Ilma s\u00e4rgita. Elektrol\u00fc\u00fctide loigus.<\/p>\n<p data-start=\"6114\" data-end=\"6220\">K\u00fcsi neilt lemmikhetke kohta, ja nad k\u00fcsivad t\u00e4psustust: \u201cMilline aasta? Milline etapp? Milline s\u00f5itja?\u201d<\/p>\n<p data-start=\"6222\" data-end=\"6362\">Seda kirge ei teki juhuslikult. See tuleb sellest, et sa elad nagu sind oleks su lemmiktiim maha j\u00e4tnud ja sa ootad neilt tagasihelistamist.<\/p>\n<hr data-start=\"6364\" data-end=\"6367\" \/>\n<h2 data-start=\"6369\" data-end=\"6561\"><strong data-start=\"6369\" data-end=\"6398\">Niisiis&#8230; kes oled sina?<\/strong><\/h2>\n<p data-start=\"6369\" data-end=\"6561\"><br data-start=\"6398\" data-end=\"6401\" \/>V\u00f5ib-olla tundsid end \u00e4ra \u00fches neist.<br data-start=\"6438\" data-end=\"6441\" \/>V\u00f5ib-olla k\u00f5igis, s\u00f5ltuvalt etapi profiilist, ilmaprognoosist v\u00f5i sellest, kui palju saiakesi parasjagu k\u00e4ep\u00e4rast oli.<\/p>\n<p data-start=\"6563\" data-end=\"6765\">See ongi Tour de France\u2019i v\u00f5lu.<br data-start=\"6594\" data-end=\"6597\" \/>See ei n\u00e4ita ainult maailma tugevamaid rattureid \u2014 see paljastab <em data-start=\"6662\" data-end=\"6668\">sind<\/em>.<br data-start=\"6669\" data-end=\"6672\" \/>Sinu harjumused. Sinu kiiksud. Sinu \u00e4\u00e4rmiselt spetsiifilised espresso-p\u00f5hised kommentaarid.<\/p>\n<p data-start=\"6767\" data-end=\"6943\">Kas sa s\u00f5tkud vatte nagu jahiksid poodiumit v\u00f5i karjud diivanilt \u201cC\u2019est la tactique!\u201d ilma igasuguse kontekstita \u2014<br data-start=\"6881\" data-end=\"6884\" \/><em data-start=\"6884\" data-end=\"6908\">sa oled osa pelotonist<\/em>. Omaenda imelisel, veidral moel.<\/p>\n<p data-start=\"6945\" data-end=\"7033\">Ja n\u00fc\u00fcd? <a href=\"https:\/\/www.welovecycling.com\/ee\/tour-de-france-2025\/#contest\">N<\/a>\u00fc\u00fcd saad l\u00f5puks teada, milline Tour de France\u2019i f\u00e4nn <em data-start=\"7008\" data-end=\"7014\">sina<\/em> tegelikult oled.<\/p>\n<p data-start=\"7035\" data-end=\"7145\">Me tegime testi. See on aus, veidi hullumeelne ja erinevalt su tavalistest s\u00f5itudest \u2014 sa <em data-start=\"7122\" data-end=\"7142\">ei vaja soojendust<\/em>.<\/p>\n<p data-start=\"7147\" data-end=\"7250\"><strong data-start=\"7147\" data-end=\"7248\"><a href=\"https:\/\/www.welovecycling.com\/ee\/tour-de-france-2025\/#contest\">Tee test \u00e4ra<\/a>. Saa tuttavaks oma Tour de France\u2019i alter egoga. Ja jah \u2014 auhinnad on ka. V\u00e4ga head.<\/strong><\/p>\n<p data-start=\"7252\" data-end=\"7293\"><strong data-start=\"7252\" data-end=\"7291\">Niisiis&#8230; milline neist oled sina?<\/strong><\/p>\n","protected":false},"excerpt":{"rendered":"<p>See aeg aastast on j\u00e4lle k\u00e4es. \u00dchel hetkel oled veel t\u00e4iesti tavaline inimene, kellel on hobid ja sotsiaalelu. J\u00e4rgmisel hetkel [&hellip;]<\/p>\n","protected":false},"author":174,"featured_media":2820,"comment_status":"open","ping_status":"open","sticky":false,"template":"","format":"standard","meta":{"footnotes":""},"categories":[39,1],"tags":[309,452,415,14,453],"global-categories":[22],"class_list":["post-2819","post","type-post","status-publish","format-standard","has-post-thumbnail","hentry","category-maanteesoit","category-uncategorized","tag-2025-tour","tag-find-your-tour","tag-leia-oma-tour","tag-tour-de-france","tag-tour-de-france-fammid","global-categories-cycling"],"yoast_head":"<!-- This site is optimized with the Yoast SEO Premium plugin v25.3 (Yoast SEO v25.9) - https:\/\/yoast.com\/wordpress\/plugins\/seo\/ -->\n<title>Tour de Sina: Milline F\u00e4nn Elab Sinu Sees? - \u0160koda We Love Cycling - Estonia<\/title>\n<meta name=\"description\" content=\"See aeg aastast on j\u00e4lle k\u00e4es. \u00dchel hetkel oled veel t\u00e4iesti tavaline inimene, kellel on hobid ja sotsiaalelu. J\u00e4rgmisel hetkel seletad ajaboonuste s\u00fcsteemi oma koerale, samal ajal kui karjud hommikumantlis teleka ees \u201cAllez!\u201d. See ongi Tour de France.\" \/>\n<meta name=\"robots\" content=\"index, follow, max-snippet:-1, max-image-preview:large, max-video-preview:-1\" \/>\n<link rel=\"canonical\" href=\"https:\/\/www.welovecycling.com\/ee\/2025\/07\/11\/tour-de-sina-milline-fann-elab-sinu-sees\/\" \/>\n<meta property=\"og:locale\" content=\"et_EE\" \/>\n<meta property=\"og:type\" content=\"article\" \/>\n<meta property=\"og:title\" content=\"Tour de Sina: Milline F\u00e4nn Elab Sinu Sees?\" \/>\n<meta property=\"og:description\" content=\"See aeg aastast on j\u00e4lle k\u00e4es. \u00dchel hetkel oled veel t\u00e4iesti tavaline inimene, kellel on hobid ja sotsiaalelu. J\u00e4rgmisel hetkel seletad ajaboonuste s\u00fcsteemi oma koerale, samal ajal kui karjud hommikumantlis teleka ees \u201cAllez!\u201d. See ongi Tour de France.\" \/>\n<meta property=\"og:url\" content=\"https:\/\/www.welovecycling.com\/ee\/2025\/07\/11\/tour-de-sina-milline-fann-elab-sinu-sees\/\" \/>\n<meta property=\"og:site_name\" content=\"\u0160koda We Love Cycling - Estonia\" \/>\n<meta property=\"article:published_time\" content=\"2025-07-11T12:08:39+00:00\" \/>\n<meta property=\"article:modified_time\" content=\"2025-07-11T12:09:56+00:00\" \/>\n<meta property=\"og:image\" content=\"https:\/\/d2p6e6u75xmxt8.cloudfront.net\/15\/2025\/07\/milline-fann.webp\" \/>\n\t<meta property=\"og:image:width\" content=\"991\" \/>\n\t<meta property=\"og:image:height\" content=\"659\" \/>\n\t<meta property=\"og:image:type\" content=\"image\/webp\" \/>\n<meta name=\"author\" content=\"andre\" \/>\n<meta name=\"twitter:card\" content=\"summary_large_image\" \/>\n<meta name=\"twitter:label1\" content=\"Written by\" \/>\n\t<meta name=\"twitter:data1\" content=\"Martin Atanasov\" \/>\n\t<meta name=\"twitter:label2\" content=\"Est. reading time\" \/>\n\t<meta name=\"twitter:data2\" content=\"5\" \/>\n<script type=\"application\/ld+json\" class=\"yoast-schema-graph\">{\"@context\":\"https:\/\/schema.org\",\"@graph\":[{\"@type\":\"WebPage\",\"@id\":\"https:\/\/www.welovecycling.com\/ee\/2025\/07\/11\/tour-de-sina-milline-fann-elab-sinu-sees\/\",\"url\":\"https:\/\/www.welovecycling.com\/ee\/2025\/07\/11\/tour-de-sina-milline-fann-elab-sinu-sees\/\",\"name\":\"Tour de Sina: Milline F\u00e4nn Elab Sinu Sees? - \u0160koda We Love Cycling - Estonia\",\"isPartOf\":{\"@id\":\"https:\/\/www.welovecycling.com\/ee\/#website\"},\"primaryImageOfPage\":{\"@id\":\"https:\/\/www.welovecycling.com\/ee\/2025\/07\/11\/tour-de-sina-milline-fann-elab-sinu-sees\/#primaryimage\"},\"image\":{\"@id\":\"https:\/\/www.welovecycling.com\/ee\/2025\/07\/11\/tour-de-sina-milline-fann-elab-sinu-sees\/#primaryimage\"},\"thumbnailUrl\":\"https:\/\/d2p6e6u75xmxt8.cloudfront.net\/15\/2025\/07\/milline-fann.webp\",\"datePublished\":\"2025-07-11T12:08:39+00:00\",\"dateModified\":\"2025-07-11T12:09:56+00:00\",\"author\":{\"@id\":\"https:\/\/www.welovecycling.com\/ee\/#\/schema\/person\/8b7101c4bd1b1ae9d3732ebb1e6caf57\"},\"description\":\"See aeg aastast on j\u00e4lle k\u00e4es. \u00dchel hetkel oled veel t\u00e4iesti tavaline inimene, kellel on hobid ja sotsiaalelu. J\u00e4rgmisel hetkel seletad ajaboonuste s\u00fcsteemi oma koerale, samal ajal kui karjud hommikumantlis teleka ees \u201cAllez!\u201d. See ongi Tour de France.\",\"inLanguage\":\"et\",\"potentialAction\":[{\"@type\":\"ReadAction\",\"target\":[\"https:\/\/www.welovecycling.com\/ee\/2025\/07\/11\/tour-de-sina-milline-fann-elab-sinu-sees\/\"]}]},{\"@type\":\"ImageObject\",\"inLanguage\":\"et\",\"@id\":\"https:\/\/www.welovecycling.com\/ee\/2025\/07\/11\/tour-de-sina-milline-fann-elab-sinu-sees\/#primaryimage\",\"url\":\"https:\/\/d2p6e6u75xmxt8.cloudfront.net\/15\/2025\/07\/milline-fann.webp\",\"contentUrl\":\"https:\/\/d2p6e6u75xmxt8.cloudfront.net\/15\/2025\/07\/milline-fann.webp\",\"width\":991,\"height\":659},{\"@type\":\"WebSite\",\"@id\":\"https:\/\/www.welovecycling.com\/ee\/#website\",\"url\":\"https:\/\/www.welovecycling.com\/ee\/\",\"name\":\"\u0160koda We Love Cycling - Estonia\",\"description\":\"\",\"potentialAction\":[{\"@type\":\"SearchAction\",\"target\":{\"@type\":\"EntryPoint\",\"urlTemplate\":\"https:\/\/www.welovecycling.com\/ee\/?s={search_term_string}\"},\"query-input\":{\"@type\":\"PropertyValueSpecification\",\"valueRequired\":true,\"valueName\":\"search_term_string\"}}],\"inLanguage\":\"et\"},{\"@type\":\"Person\",\"@id\":\"https:\/\/www.welovecycling.com\/ee\/#\/schema\/person\/8b7101c4bd1b1ae9d3732ebb1e6caf57\",\"name\":\"andre\",\"image\":{\"@type\":\"ImageObject\",\"inLanguage\":\"et\",\"@id\":\"https:\/\/www.welovecycling.com\/ee\/#\/schema\/person\/image\/\",\"url\":\"https:\/\/secure.gravatar.com\/avatar\/0656b3224fe17b018f43b8a562625dd43d30827f027b2f62bc5a05711fec9a61?s=96&d=mm&r=g\",\"contentUrl\":\"https:\/\/secure.gravatar.com\/avatar\/0656b3224fe17b018f43b8a562625dd43d30827f027b2f62bc5a05711fec9a61?s=96&d=mm&r=g\",\"caption\":\"andre\"},\"url\":\"https:\/\/www.welovecycling.com\/ee\/author\/andre\/\"}]}<\/script>\n<!-- \/ Yoast SEO Premium plugin. -->","yoast_head_json":{"title":"Tour de Sina: Milline F\u00e4nn Elab Sinu Sees? - \u0160koda We Love Cycling - Estonia","description":"See aeg aastast on j\u00e4lle k\u00e4es. \u00dchel hetkel oled veel t\u00e4iesti tavaline inimene, kellel on hobid ja sotsiaalelu. J\u00e4rgmisel hetkel seletad ajaboonuste s\u00fcsteemi oma koerale, samal ajal kui karjud hommikumantlis teleka ees \u201cAllez!\u201d. See ongi Tour de France.","robots":{"index":"index","follow":"follow","max-snippet":"max-snippet:-1","max-image-preview":"max-image-preview:large","max-video-preview":"max-video-preview:-1"},"canonical":"https:\/\/www.welovecycling.com\/ee\/2025\/07\/11\/tour-de-sina-milline-fann-elab-sinu-sees\/","og_locale":"et_EE","og_type":"article","og_title":"Tour de Sina: Milline F\u00e4nn Elab Sinu Sees?","og_description":"See aeg aastast on j\u00e4lle k\u00e4es. \u00dchel hetkel oled veel t\u00e4iesti tavaline inimene, kellel on hobid ja sotsiaalelu. J\u00e4rgmisel hetkel seletad ajaboonuste s\u00fcsteemi oma koerale, samal ajal kui karjud hommikumantlis teleka ees \u201cAllez!\u201d. See ongi Tour de France.","og_url":"https:\/\/www.welovecycling.com\/ee\/2025\/07\/11\/tour-de-sina-milline-fann-elab-sinu-sees\/","og_site_name":"\u0160koda We Love Cycling - Estonia","article_published_time":"2025-07-11T12:08:39+00:00","article_modified_time":"2025-07-11T12:09:56+00:00","og_image":[{"width":991,"height":659,"url":"https:\/\/d2p6e6u75xmxt8.cloudfront.net\/15\/2025\/07\/milline-fann.webp","type":"image\/webp"}],"author":"andre","twitter_card":"summary_large_image","twitter_misc":{"Written by":"Martin Atanasov","Est. reading time":"5"},"schema":{"@context":"https:\/\/schema.org","@graph":[{"@type":"WebPage","@id":"https:\/\/www.welovecycling.com\/ee\/2025\/07\/11\/tour-de-sina-milline-fann-elab-sinu-sees\/","url":"https:\/\/www.welovecycling.com\/ee\/2025\/07\/11\/tour-de-sina-milline-fann-elab-sinu-sees\/","name":"Tour de Sina: Milline F\u00e4nn Elab Sinu Sees? - \u0160koda We Love Cycling - Estonia","isPartOf":{"@id":"https:\/\/www.welovecycling.com\/ee\/#website"},"primaryImageOfPage":{"@id":"https:\/\/www.welovecycling.com\/ee\/2025\/07\/11\/tour-de-sina-milline-fann-elab-sinu-sees\/#primaryimage"},"image":{"@id":"https:\/\/www.welovecycling.com\/ee\/2025\/07\/11\/tour-de-sina-milline-fann-elab-sinu-sees\/#primaryimage"},"thumbnailUrl":"https:\/\/d2p6e6u75xmxt8.cloudfront.net\/15\/2025\/07\/milline-fann.webp","datePublished":"2025-07-11T12:08:39+00:00","dateModified":"2025-07-11T12:09:56+00:00","author":{"@id":"https:\/\/www.welovecycling.com\/ee\/#\/schema\/person\/8b7101c4bd1b1ae9d3732ebb1e6caf57"},"description":"See aeg aastast on j\u00e4lle k\u00e4es. \u00dchel hetkel oled veel t\u00e4iesti tavaline inimene, kellel on hobid ja sotsiaalelu. J\u00e4rgmisel hetkel seletad ajaboonuste s\u00fcsteemi oma koerale, samal ajal kui karjud hommikumantlis teleka ees \u201cAllez!\u201d. See ongi Tour de France.","inLanguage":"et","potentialAction":[{"@type":"ReadAction","target":["https:\/\/www.welovecycling.com\/ee\/2025\/07\/11\/tour-de-sina-milline-fann-elab-sinu-sees\/"]}]},{"@type":"ImageObject","inLanguage":"et","@id":"https:\/\/www.welovecycling.com\/ee\/2025\/07\/11\/tour-de-sina-milline-fann-elab-sinu-sees\/#primaryimage","url":"https:\/\/d2p6e6u75xmxt8.cloudfront.net\/15\/2025\/07\/milline-fann.webp","contentUrl":"https:\/\/d2p6e6u75xmxt8.cloudfront.net\/15\/2025\/07\/milline-fann.webp","width":991,"height":659},{"@type":"WebSite","@id":"https:\/\/www.welovecycling.com\/ee\/#website","url":"https:\/\/www.welovecycling.com\/ee\/","name":"\u0160koda We Love Cycling - Estonia","description":"","potentialAction":[{"@type":"SearchAction","target":{"@type":"EntryPoint","urlTemplate":"https:\/\/www.welovecycling.com\/ee\/?s={search_term_string}"},"query-input":{"@type":"PropertyValueSpecification","valueRequired":true,"valueName":"search_term_string"}}],"inLanguage":"et"},{"@type":"Person","@id":"https:\/\/www.welovecycling.com\/ee\/#\/schema\/person\/8b7101c4bd1b1ae9d3732ebb1e6caf57","name":"andre","image":{"@type":"ImageObject","inLanguage":"et","@id":"https:\/\/www.welovecycling.com\/ee\/#\/schema\/person\/image\/","url":"https:\/\/secure.gravatar.com\/avatar\/0656b3224fe17b018f43b8a562625dd43d30827f027b2f62bc5a05711fec9a61?s=96&d=mm&r=g","contentUrl":"https:\/\/secure.gravatar.com\/avatar\/0656b3224fe17b018f43b8a562625dd43d30827f027b2f62bc5a05711fec9a61?s=96&d=mm&r=g","caption":"andre"},"url":"https:\/\/www.welovecycling.com\/ee\/author\/andre\/"}]}},"_links":{"self":[{"href":"https:\/\/www.welovecycling.com\/ee\/wp-json\/wp\/v2\/posts\/2819","targetHints":{"allow":["GET"]}}],"collection":[{"href":"https:\/\/www.welovecycling.com\/ee\/wp-json\/wp\/v2\/posts"}],"about":[{"href":"https:\/\/www.welovecycling.com\/ee\/wp-json\/wp\/v2\/types\/post"}],"author":[{"embeddable":true,"href":"https:\/\/www.welovecycling.com\/ee\/wp-json\/wp\/v2\/users\/174"}],"replies":[{"embeddable":true,"href":"https:\/\/www.welovecycling.com\/ee\/wp-json\/wp\/v2\/comments?post=2819"}],"version-history":[{"count":4,"href":"https:\/\/www.welovecycling.com\/ee\/wp-json\/wp\/v2\/posts\/2819\/revisions"}],"predecessor-version":[{"id":2825,"href":"https:\/\/www.welovecycling.com\/ee\/wp-json\/wp\/v2\/posts\/2819\/revisions\/2825"}],"wp:featuredmedia":[{"embeddable":true,"href":"https:\/\/www.welovecycling.com\/ee\/wp-json\/wp\/v2\/media\/2820"}],"wp:attachment":[{"href":"https:\/\/www.welovecycling.com\/ee\/wp-json\/wp\/v2\/media?parent=2819"}],"wp:term":[{"taxonomy":"category","embeddable":true,"href":"https:\/\/www.welovecycling.com\/ee\/wp-json\/wp\/v2\/categories?post=2819"},{"taxonomy":"post_tag","embeddable":true,"href":"https:\/\/www.welovecycling.com\/ee\/wp-json\/wp\/v2\/tags?post=2819"},{"taxonomy":"global-categories","embeddable":true,"href":"https:\/\/www.welovecycling.com\/ee\/wp-json\/wp\/v2\/global-categories?post=2819"}],"curies":[{"name":"wp","href":"https:\/\/api.w.org\/{rel}","templated":true}]}}