{"id":2800,"date":"2025-07-08T13:50:44","date_gmt":"2025-07-08T10:50:44","guid":{"rendered":"https:\/\/www.welovecycling.com\/ee\/?p=2800"},"modified":"2025-07-08T13:50:44","modified_gmt":"2025-07-08T10:50:44","slug":"viis-voitu-uks-hoiak-kuidas-hinault-vallutas-1985-aasta-touri","status":"publish","type":"post","link":"https:\/\/www.welovecycling.com\/ee\/2025\/07\/08\/viis-voitu-uks-hoiak-kuidas-hinault-vallutas-1985-aasta-touri\/","title":{"rendered":"Viis v\u00f5itu, \u00fcks hoiak: Kuidas Hinault vallutas 1985. aasta Touri"},"content":{"rendered":"<h4 data-start=\"153\" data-end=\"459\">Iga m\u00f6\u00f6duva aastaga muutub 70-aastane Bernard Hinault \u00fcha legendaarsemaks. Seda p\u00f5hjusel, et tema oli viimane prantslane, kes saavutas midagi, mis n\u00e4ib aina v\u00f5imatumana \u2013 v\u00f5itis Tour de France\u2019i. Hinault tegi seda viiel korral, viimati 1985. aastal, peale pingelist duelli oma tiimikaaslase Greg LeMondiga.<\/h4>\n<p data-start=\"153\" data-end=\"459\"><!--more--><\/p>\n<p data-start=\"461\" data-end=\"848\">Hinault\u2019 h\u00fc\u00fcdnimi oli \u201eM\u00e4ger\u201c \u2013 t\u00e4nu oma visa ja agressiivse s\u00f5idustiili t\u00f5ttu, mida v\u00f5rreldi m\u00e4graga, kes tuleb urust v\u00e4lja r\u00fcndama. Ta keeldus kunagi taganemast v\u00f5i v\u00e4ljakutsetest k\u00f5rvale hiilima. Nagu ta ise \u00fctles: \u201eKuni ma hingan, ma r\u00fcndan.\u201c Just see iseloomujoon oli kindlasti \u00fcks v\u00f5tmetegur, miks ta v\u00f5itis viis Tour\u2019i tiitlit ja kogus 13-aastase karj\u00e4\u00e4ri jooksul kokku 156 v\u00f5itu.<\/p>\n<p data-start=\"850\" data-end=\"1197\">Prantslasena oli Tour talle muidugi k\u00f5ige t\u00e4htsam. Lisaks viiele \u00fcldv\u00f5idule v\u00f5itis ta Tour de France\u2019il v\u00e4hemalt 28 etappi \u2013 rohkem kui \u00fckski teine prantslane \u2013 ja t\u00f5en\u00e4oliselt rohkem, kui keegi tulevikuski suudab. Tema edu on noortele prantsuse ratturitele nii eeskujuks kui ka pidev meeldetuletus sellest, et nad pole suutnud tema j\u00e4lgedes k\u00e4ia.<\/p>\n<p data-start=\"1199\" data-end=\"1343\">Hinault&#8217; Tour\u2019i v\u00f5idumarginaalid on muljetavaldavad:<br data-start=\"1251\" data-end=\"1254\" \/>1978: 3.56,<br data-start=\"1265\" data-end=\"1268\" \/>1979: 13.07 (!),<br data-start=\"1284\" data-end=\"1287\" \/>1981: 14.34 (!),<br data-start=\"1303\" data-end=\"1306\" \/>1982: 6.21<br data-start=\"1316\" data-end=\"1319\" \/>ja 1985: k\u00f5igest 1.42.<\/p>\n<p data-start=\"1345\" data-end=\"1657\">Aga see 1985. aasta v\u00f5it v\u00f5ib tegelikult olla neist k\u00f5igist k\u00f5ige muljetavaldavam \u2013 Hinault tuli toona starti p\u00e4rast p\u00f5lveoperatsiooni, tal oli endiselt valu ja kangus; ning 14. etapil, vahetult enne fini\u0161it Saint-Etienne\u2019is, kukkus ta ja murdis oma nina. Seega see 1.42 edumaa tundub n\u00fc\u00fcd palju suurem, eks ole?<\/p>\n<hr data-start=\"1659\" data-end=\"1662\" \/>\n<p data-start=\"1664\" data-end=\"1684\"><strong data-start=\"1664\" data-end=\"1684\">1978. aasta Tour<\/strong><\/p>\n<p data-start=\"1664\" data-end=\"1684\"><iframe loading=\"lazy\" title=\"YouTube video player\" src=\"https:\/\/www.youtube-nocookie.com\/embed\/H4MVb6AE9N4?si=5vo60Av9BHE4jFld\" width=\"560\" height=\"315\" frameborder=\"0\" allowfullscreen=\"allowfullscreen\"><\/iframe><\/p>\n<p data-start=\"2056\" data-end=\"2671\">Enne v\u00f5idus\u00f5itu vihjas Hinault, et v\u00f5ib oma p\u00f5lveprobleemide t\u00f5ttu v\u00f5tta toetava rolli ning aidata ja juhendada oma uut La Vie Claire\u2019i meeskonnakaaslast, 24-aastast ameeriklast Greg LeMond\u2019i. M\u00e4rks\u00f5na siin on \u201ev\u00f5ib\u201c, sest kuigi nad olid ametlikult meeskonna kaasliidrid, oli Hinault just v\u00f5itnud Giro d\u2019Italia ning uskus, et suudab hoolimata p\u00f5lvest veel \u00fche Tour\u2019i v\u00f5ita enne karj\u00e4\u00e4ri l\u00f5petamist. See rollijaotusest tingitud ebaselgus tekitas v\u00f5idus\u00f5idu ajal pingeid \u2013 sarnast olukorda n\u00e4gime ka t\u00e4navusel Giro d\u2019Italia-l UAE Team Emirates\u2019i puhul, kus polnud selgust Juan Ayuso ja Isaac del Toro rollides.<\/p>\n<p data-start=\"2673\" data-end=\"3038\">Aga asi sai rohkem-v\u00e4hem selgeks p\u00e4rast 8. etappi \u2013 <strong>75 km<\/strong> pikkust individuaalset tempos\u00f5itu Sarrebourgist Strasbourgini \u2013, mille Hinault v\u00f5itis, LeMond j\u00e4i viiendaks, kaotades 2.34. Nii et kui Hinault murdis 14. etapil nina, uskus ta ikka, et v\u00f5ib v\u00f5ita \u2013 ta juhtis \u00fcldarvestust 3.32 LeMond\u2019i ees. Kolmandat kohta hoidnud iirlane Stephen Roche j\u00e4i maha koguni 6.14.<\/p>\n<p data-start=\"3040\" data-end=\"3360\">Aga v\u00f5it polnud kaugeltki kindel. Hinault kustus viimasel m\u00e4gietapil, ning kaotas v\u00f5itjale, hispaanlasele Pedro Delgadol, 4.05. Tema edu LeMond\u2019i ees kahanes 2.25 peale, aga sellest piisas, et kindlustada v\u00f5it ning et M\u00e4ger saaks kirja viienda Tour\u2019i tiitli \u2013 viigistades <a href=\"https:\/\/www.welovecycling.com\/wide\/2020\/09\/18\/a-legendary-battle-of-the-1964-tour-de-france-jacques-anquetil-vs-poulidor\/\">Jacques Anquetil<\/a>\u2019i ja Eddy Merckxiga.<\/p>\n<p data-start=\"3362\" data-end=\"3483\">LeMond\u2019ist aga sai j\u00e4rgmisel aastal esimene mitte-eurooplasest Tour de France\u2019i v\u00f5itja \u2013 esimene tema kolmest \u00fcldv\u00f5idust.<\/p>\n<p data-start=\"3485\" data-end=\"3822\" data-is-last-node=\"\" data-is-only-node=\"\">Hinault oli ilmselt viimane t\u00f5eline karm t\u00fc\u00fcp profiratturite seas \u2013 sportlik kangelane, kellel oli t\u00f5elist enesekindlust ja j\u00f5ulisust. Kui temalt k\u00fcsiti, miks prantslased enam Tour\u2019i ei v\u00f5ida, vastas ta: \u201eSest t\u00e4nap\u00e4eva ratturid on pehmed.\u201c Ja kui temalt k\u00fcsiti, kuidas on k\u00f5ige parem viis Tour v\u00f5ita, vastas ta: \u201eLihtne. Tuleb r\u00fcnnata!\u201c<\/p>\n","protected":false},"excerpt":{"rendered":"<p>Iga m\u00f6\u00f6duva aastaga muutub 70-aastane Bernard Hinault \u00fcha legendaarsemaks. Seda p\u00f5hjusel, et tema oli viimane prantslane, kes saavutas midagi, mis [&hellip;]<\/p>\n","protected":false},"author":174,"featured_media":2801,"comment_status":"open","ping_status":"open","sticky":false,"template":"","format":"standard","meta":{"footnotes":""},"categories":[39],"tags":[449,450,451,14],"global-categories":[22],"class_list":["post-2800","post","type-post","status-publish","format-standard","has-post-thumbnail","hentry","category-maanteesoit","tag-1985-tour","tag-bernard-hinault","tag-greg-lemond","tag-tour-de-france","global-categories-cycling"],"yoast_head":"<!-- This site is optimized with the Yoast SEO Premium plugin v25.3 (Yoast SEO v25.9) - https:\/\/yoast.com\/wordpress\/plugins\/seo\/ -->\n<title>Viis v\u00f5itu, \u00fcks hoiak: Kuidas Hinault vallutas 1985. aasta Touri - \u0160koda We Love Cycling - Estonia<\/title>\n<meta name=\"description\" content=\"Iga m\u00f6\u00f6duva aastaga muutub 70-aastane Bernard Hinault \u00fcha legendaarsemaks. Seda p\u00f5hjusel, et tema oli viimane prantslane, kes saavutas midagi, mis n\u00e4ib aina v\u00f5imatumana \u2013 v\u00f5itis Tour de France\u2019i. Hinault tegi seda viiel korral, viimati 1985. aastal, peale pingelist duelli oma tiimikaaslase Greg LeMondiga.\" \/>\n<meta name=\"robots\" content=\"index, follow, max-snippet:-1, max-image-preview:large, max-video-preview:-1\" \/>\n<link rel=\"canonical\" href=\"https:\/\/www.welovecycling.com\/ee\/2025\/07\/08\/viis-voitu-uks-hoiak-kuidas-hinault-vallutas-1985-aasta-touri\/\" \/>\n<meta property=\"og:locale\" content=\"et_EE\" \/>\n<meta property=\"og:type\" content=\"article\" \/>\n<meta property=\"og:title\" content=\"Viis v\u00f5itu, \u00fcks hoiak: Kuidas Hinault vallutas 1985. aasta Touri\" \/>\n<meta property=\"og:description\" content=\"Iga m\u00f6\u00f6duva aastaga muutub 70-aastane Bernard Hinault \u00fcha legendaarsemaks. Seda p\u00f5hjusel, et tema oli viimane prantslane, kes saavutas midagi, mis n\u00e4ib aina v\u00f5imatumana \u2013 v\u00f5itis Tour de France\u2019i. Hinault tegi seda viiel korral, viimati 1985. aastal, peale pingelist duelli oma tiimikaaslase Greg LeMondiga.\" \/>\n<meta property=\"og:url\" content=\"https:\/\/www.welovecycling.com\/ee\/2025\/07\/08\/viis-voitu-uks-hoiak-kuidas-hinault-vallutas-1985-aasta-touri\/\" \/>\n<meta property=\"og:site_name\" content=\"\u0160koda We Love Cycling - Estonia\" \/>\n<meta property=\"article:published_time\" content=\"2025-07-08T10:50:44+00:00\" \/>\n<meta property=\"og:image\" content=\"https:\/\/d2p6e6u75xmxt8.cloudfront.net\/15\/2025\/07\/Hinault.webp\" \/>\n\t<meta property=\"og:image:width\" content=\"1006\" \/>\n\t<meta property=\"og:image:height\" content=\"712\" \/>\n\t<meta property=\"og:image:type\" content=\"image\/webp\" \/>\n<meta name=\"author\" content=\"andre\" \/>\n<meta name=\"twitter:card\" content=\"summary_large_image\" \/>\n<meta name=\"twitter:label1\" content=\"Written by\" \/>\n\t<meta name=\"twitter:data1\" content=\"Siegfried Mortkowitz\" \/>\n\t<meta name=\"twitter:label2\" content=\"Est. reading time\" \/>\n\t<meta name=\"twitter:data2\" content=\"4\" \/>\n<script type=\"application\/ld+json\" class=\"yoast-schema-graph\">{\"@context\":\"https:\/\/schema.org\",\"@graph\":[{\"@type\":\"WebPage\",\"@id\":\"https:\/\/www.welovecycling.com\/ee\/2025\/07\/08\/viis-voitu-uks-hoiak-kuidas-hinault-vallutas-1985-aasta-touri\/\",\"url\":\"https:\/\/www.welovecycling.com\/ee\/2025\/07\/08\/viis-voitu-uks-hoiak-kuidas-hinault-vallutas-1985-aasta-touri\/\",\"name\":\"Viis v\u00f5itu, \u00fcks hoiak: Kuidas Hinault vallutas 1985. aasta Touri - \u0160koda We Love Cycling - Estonia\",\"isPartOf\":{\"@id\":\"https:\/\/www.welovecycling.com\/ee\/#website\"},\"primaryImageOfPage\":{\"@id\":\"https:\/\/www.welovecycling.com\/ee\/2025\/07\/08\/viis-voitu-uks-hoiak-kuidas-hinault-vallutas-1985-aasta-touri\/#primaryimage\"},\"image\":{\"@id\":\"https:\/\/www.welovecycling.com\/ee\/2025\/07\/08\/viis-voitu-uks-hoiak-kuidas-hinault-vallutas-1985-aasta-touri\/#primaryimage\"},\"thumbnailUrl\":\"https:\/\/d2p6e6u75xmxt8.cloudfront.net\/15\/2025\/07\/Hinault.webp\",\"datePublished\":\"2025-07-08T10:50:44+00:00\",\"author\":{\"@id\":\"https:\/\/www.welovecycling.com\/ee\/#\/schema\/person\/8b7101c4bd1b1ae9d3732ebb1e6caf57\"},\"description\":\"Iga m\u00f6\u00f6duva aastaga muutub 70-aastane Bernard Hinault \u00fcha legendaarsemaks. Seda p\u00f5hjusel, et tema oli viimane prantslane, kes saavutas midagi, mis n\u00e4ib aina v\u00f5imatumana \u2013 v\u00f5itis Tour de France\u2019i. Hinault tegi seda viiel korral, viimati 1985. aastal, peale pingelist duelli oma tiimikaaslase Greg LeMondiga.\",\"inLanguage\":\"et\",\"potentialAction\":[{\"@type\":\"ReadAction\",\"target\":[\"https:\/\/www.welovecycling.com\/ee\/2025\/07\/08\/viis-voitu-uks-hoiak-kuidas-hinault-vallutas-1985-aasta-touri\/\"]}]},{\"@type\":\"ImageObject\",\"inLanguage\":\"et\",\"@id\":\"https:\/\/www.welovecycling.com\/ee\/2025\/07\/08\/viis-voitu-uks-hoiak-kuidas-hinault-vallutas-1985-aasta-touri\/#primaryimage\",\"url\":\"https:\/\/d2p6e6u75xmxt8.cloudfront.net\/15\/2025\/07\/Hinault.webp\",\"contentUrl\":\"https:\/\/d2p6e6u75xmxt8.cloudfront.net\/15\/2025\/07\/Hinault.webp\",\"width\":1006,\"height\":712},{\"@type\":\"WebSite\",\"@id\":\"https:\/\/www.welovecycling.com\/ee\/#website\",\"url\":\"https:\/\/www.welovecycling.com\/ee\/\",\"name\":\"\u0160koda We Love Cycling - Estonia\",\"description\":\"\",\"potentialAction\":[{\"@type\":\"SearchAction\",\"target\":{\"@type\":\"EntryPoint\",\"urlTemplate\":\"https:\/\/www.welovecycling.com\/ee\/?s={search_term_string}\"},\"query-input\":{\"@type\":\"PropertyValueSpecification\",\"valueRequired\":true,\"valueName\":\"search_term_string\"}}],\"inLanguage\":\"et\"},{\"@type\":\"Person\",\"@id\":\"https:\/\/www.welovecycling.com\/ee\/#\/schema\/person\/8b7101c4bd1b1ae9d3732ebb1e6caf57\",\"name\":\"andre\",\"image\":{\"@type\":\"ImageObject\",\"inLanguage\":\"et\",\"@id\":\"https:\/\/www.welovecycling.com\/ee\/#\/schema\/person\/image\/\",\"url\":\"https:\/\/secure.gravatar.com\/avatar\/0656b3224fe17b018f43b8a562625dd43d30827f027b2f62bc5a05711fec9a61?s=96&d=mm&r=g\",\"contentUrl\":\"https:\/\/secure.gravatar.com\/avatar\/0656b3224fe17b018f43b8a562625dd43d30827f027b2f62bc5a05711fec9a61?s=96&d=mm&r=g\",\"caption\":\"andre\"},\"url\":\"https:\/\/www.welovecycling.com\/ee\/author\/andre\/\"}]}<\/script>\n<!-- \/ Yoast SEO Premium plugin. -->","yoast_head_json":{"title":"Viis v\u00f5itu, \u00fcks hoiak: Kuidas Hinault vallutas 1985. aasta Touri - \u0160koda We Love Cycling - Estonia","description":"Iga m\u00f6\u00f6duva aastaga muutub 70-aastane Bernard Hinault \u00fcha legendaarsemaks. Seda p\u00f5hjusel, et tema oli viimane prantslane, kes saavutas midagi, mis n\u00e4ib aina v\u00f5imatumana \u2013 v\u00f5itis Tour de France\u2019i. Hinault tegi seda viiel korral, viimati 1985. aastal, peale pingelist duelli oma tiimikaaslase Greg LeMondiga.","robots":{"index":"index","follow":"follow","max-snippet":"max-snippet:-1","max-image-preview":"max-image-preview:large","max-video-preview":"max-video-preview:-1"},"canonical":"https:\/\/www.welovecycling.com\/ee\/2025\/07\/08\/viis-voitu-uks-hoiak-kuidas-hinault-vallutas-1985-aasta-touri\/","og_locale":"et_EE","og_type":"article","og_title":"Viis v\u00f5itu, \u00fcks hoiak: Kuidas Hinault vallutas 1985. aasta Touri","og_description":"Iga m\u00f6\u00f6duva aastaga muutub 70-aastane Bernard Hinault \u00fcha legendaarsemaks. Seda p\u00f5hjusel, et tema oli viimane prantslane, kes saavutas midagi, mis n\u00e4ib aina v\u00f5imatumana \u2013 v\u00f5itis Tour de France\u2019i. Hinault tegi seda viiel korral, viimati 1985. aastal, peale pingelist duelli oma tiimikaaslase Greg LeMondiga.","og_url":"https:\/\/www.welovecycling.com\/ee\/2025\/07\/08\/viis-voitu-uks-hoiak-kuidas-hinault-vallutas-1985-aasta-touri\/","og_site_name":"\u0160koda We Love Cycling - Estonia","article_published_time":"2025-07-08T10:50:44+00:00","og_image":[{"width":1006,"height":712,"url":"https:\/\/d2p6e6u75xmxt8.cloudfront.net\/15\/2025\/07\/Hinault.webp","type":"image\/webp"}],"author":"andre","twitter_card":"summary_large_image","twitter_misc":{"Written by":"Siegfried Mortkowitz","Est. reading time":"4"},"schema":{"@context":"https:\/\/schema.org","@graph":[{"@type":"WebPage","@id":"https:\/\/www.welovecycling.com\/ee\/2025\/07\/08\/viis-voitu-uks-hoiak-kuidas-hinault-vallutas-1985-aasta-touri\/","url":"https:\/\/www.welovecycling.com\/ee\/2025\/07\/08\/viis-voitu-uks-hoiak-kuidas-hinault-vallutas-1985-aasta-touri\/","name":"Viis v\u00f5itu, \u00fcks hoiak: Kuidas Hinault vallutas 1985. aasta Touri - \u0160koda We Love Cycling - Estonia","isPartOf":{"@id":"https:\/\/www.welovecycling.com\/ee\/#website"},"primaryImageOfPage":{"@id":"https:\/\/www.welovecycling.com\/ee\/2025\/07\/08\/viis-voitu-uks-hoiak-kuidas-hinault-vallutas-1985-aasta-touri\/#primaryimage"},"image":{"@id":"https:\/\/www.welovecycling.com\/ee\/2025\/07\/08\/viis-voitu-uks-hoiak-kuidas-hinault-vallutas-1985-aasta-touri\/#primaryimage"},"thumbnailUrl":"https:\/\/d2p6e6u75xmxt8.cloudfront.net\/15\/2025\/07\/Hinault.webp","datePublished":"2025-07-08T10:50:44+00:00","author":{"@id":"https:\/\/www.welovecycling.com\/ee\/#\/schema\/person\/8b7101c4bd1b1ae9d3732ebb1e6caf57"},"description":"Iga m\u00f6\u00f6duva aastaga muutub 70-aastane Bernard Hinault \u00fcha legendaarsemaks. Seda p\u00f5hjusel, et tema oli viimane prantslane, kes saavutas midagi, mis n\u00e4ib aina v\u00f5imatumana \u2013 v\u00f5itis Tour de France\u2019i. Hinault tegi seda viiel korral, viimati 1985. aastal, peale pingelist duelli oma tiimikaaslase Greg LeMondiga.","inLanguage":"et","potentialAction":[{"@type":"ReadAction","target":["https:\/\/www.welovecycling.com\/ee\/2025\/07\/08\/viis-voitu-uks-hoiak-kuidas-hinault-vallutas-1985-aasta-touri\/"]}]},{"@type":"ImageObject","inLanguage":"et","@id":"https:\/\/www.welovecycling.com\/ee\/2025\/07\/08\/viis-voitu-uks-hoiak-kuidas-hinault-vallutas-1985-aasta-touri\/#primaryimage","url":"https:\/\/d2p6e6u75xmxt8.cloudfront.net\/15\/2025\/07\/Hinault.webp","contentUrl":"https:\/\/d2p6e6u75xmxt8.cloudfront.net\/15\/2025\/07\/Hinault.webp","width":1006,"height":712},{"@type":"WebSite","@id":"https:\/\/www.welovecycling.com\/ee\/#website","url":"https:\/\/www.welovecycling.com\/ee\/","name":"\u0160koda We Love Cycling - Estonia","description":"","potentialAction":[{"@type":"SearchAction","target":{"@type":"EntryPoint","urlTemplate":"https:\/\/www.welovecycling.com\/ee\/?s={search_term_string}"},"query-input":{"@type":"PropertyValueSpecification","valueRequired":true,"valueName":"search_term_string"}}],"inLanguage":"et"},{"@type":"Person","@id":"https:\/\/www.welovecycling.com\/ee\/#\/schema\/person\/8b7101c4bd1b1ae9d3732ebb1e6caf57","name":"andre","image":{"@type":"ImageObject","inLanguage":"et","@id":"https:\/\/www.welovecycling.com\/ee\/#\/schema\/person\/image\/","url":"https:\/\/secure.gravatar.com\/avatar\/0656b3224fe17b018f43b8a562625dd43d30827f027b2f62bc5a05711fec9a61?s=96&d=mm&r=g","contentUrl":"https:\/\/secure.gravatar.com\/avatar\/0656b3224fe17b018f43b8a562625dd43d30827f027b2f62bc5a05711fec9a61?s=96&d=mm&r=g","caption":"andre"},"url":"https:\/\/www.welovecycling.com\/ee\/author\/andre\/"}]}},"_links":{"self":[{"href":"https:\/\/www.welovecycling.com\/ee\/wp-json\/wp\/v2\/posts\/2800","targetHints":{"allow":["GET"]}}],"collection":[{"href":"https:\/\/www.welovecycling.com\/ee\/wp-json\/wp\/v2\/posts"}],"about":[{"href":"https:\/\/www.welovecycling.com\/ee\/wp-json\/wp\/v2\/types\/post"}],"author":[{"embeddable":true,"href":"https:\/\/www.welovecycling.com\/ee\/wp-json\/wp\/v2\/users\/174"}],"replies":[{"embeddable":true,"href":"https:\/\/www.welovecycling.com\/ee\/wp-json\/wp\/v2\/comments?post=2800"}],"version-history":[{"count":2,"href":"https:\/\/www.welovecycling.com\/ee\/wp-json\/wp\/v2\/posts\/2800\/revisions"}],"predecessor-version":[{"id":2803,"href":"https:\/\/www.welovecycling.com\/ee\/wp-json\/wp\/v2\/posts\/2800\/revisions\/2803"}],"wp:featuredmedia":[{"embeddable":true,"href":"https:\/\/www.welovecycling.com\/ee\/wp-json\/wp\/v2\/media\/2801"}],"wp:attachment":[{"href":"https:\/\/www.welovecycling.com\/ee\/wp-json\/wp\/v2\/media?parent=2800"}],"wp:term":[{"taxonomy":"category","embeddable":true,"href":"https:\/\/www.welovecycling.com\/ee\/wp-json\/wp\/v2\/categories?post=2800"},{"taxonomy":"post_tag","embeddable":true,"href":"https:\/\/www.welovecycling.com\/ee\/wp-json\/wp\/v2\/tags?post=2800"},{"taxonomy":"global-categories","embeddable":true,"href":"https:\/\/www.welovecycling.com\/ee\/wp-json\/wp\/v2\/global-categories?post=2800"}],"curies":[{"name":"wp","href":"https:\/\/api.w.org\/{rel}","templated":true}]}}