{"id":2777,"date":"2025-07-01T15:56:36","date_gmt":"2025-07-01T12:56:36","guid":{"rendered":"https:\/\/www.welovecycling.com\/ee\/?p=2777"},"modified":"2025-07-01T16:12:41","modified_gmt":"2025-07-01T13:12:41","slug":"tee-tourile-kas-van-der-poel-unistab-rohelisest","status":"publish","type":"post","link":"https:\/\/www.welovecycling.com\/ee\/2025\/07\/01\/tee-tourile-kas-van-der-poel-unistab-rohelisest\/","title":{"rendered":"Tee Tourile: Kas van der Poel unistab rohelisest?"},"content":{"rendered":"<h3 data-start=\"257\" data-end=\"556\"><strong>Jalgrattaspordi suurkuju Eddy Merckx sai h\u00fc\u00fcdnime \u201e<em>Cannibal<\/em>\u201c, kuna tal oli rahuldamatu v\u00f5idun\u00e4lg. Sama h\u00fc\u00fcdnime on aeg-ajalt kasutatud ka Tadej Poga\u010dari (UAE Team Emirates\u2013XRG) kohta, kes saavutab peagi t\u00f5en\u00e4oliselt oma sajanda v\u00f5idu Tour de France&#8217;il. Kuid mina ei ole kindel, et tema on uus <em>Cannibal<\/em>.<\/strong><\/h3>\n<p data-start=\"558\" data-end=\"857\">Ma ei taha \u00f6elda, et Poga\u010daril poleks tohutut v\u00f5idutahet. L\u00f5ppude l\u00f5puks on ta alles 26-aastane, kui ta sajanda v\u00f5iduni j\u00f5uab \u2013 <a href=\"https:\/\/www.welovecycling.com\/wide\/2021\/06\/30\/the-fall-of-eddy-merckx-the-greatest-tour-de-france-champion\/\">Merckx<\/a> saavutas selle alles 27-aastaselt. Kuid ma arvan, et pelotonis on \u00fcks rattur, kellel on isegi suurem n\u00e4lg kui Poga\u010daril \u2013 Mathieu van der Poel (Alpecin-Deceuninck).<\/p>\n<h2 data-start=\"859\" data-end=\"886\">T\u00f5eline \u201euus Cannibal\u201c?<\/h2>\n<p data-start=\"888\" data-end=\"1342\">Merckx ja Poga\u010dar saavutsasid k\u00f5ik oma v\u00f5idud maantees\u00f5idus, kuid k\u00f5iges\u00f6\u00f6jast hollandlane on edukas olnud koguni neljas erinevas distsipliinis. Ta on v\u00f5itnud seitse cyclo-cross&#8217;i maailmameistritiitlit, \u00fche gravel-s\u00f5idu MM-tiitli ja \u00fche maantees\u00f5idu maailmameistritiitli (2023), olles ainus mees, kes on v\u00f5itnud maailmameistritiitli kolmes erinevas jalgrattaspordi distsipliinis. P\u00e4rast Tour de France&#8217;i asub ta p\u00fc\u00fcdma ka maastikuratta maailmameistritiitlit.<\/p>\n<p data-start=\"1344\" data-end=\"1518\">Lisaks on ta v\u00f5itnud kaks suurtuuride etappi ning hulgaliselt klassikuid, sealhulgas kolm korda nii Flandria velotuuri kui ka Pariis\u2013Roubaix\u2019 ja kahel korral Milano\u2013San Remo.<\/p>\n<p data-start=\"1520\" data-end=\"2183\">Veebilehe cyclingarchives.com andmetel on van der Poel kogunud oma karj\u00e4\u00e4ri jooksul v\u00e4hemalt 288 v\u00f5itu neljas erinevas distsipliinis. See on t\u00f5eliselt n\u00e4ljane rattur. Tema edukas gravel&#8217;i MM-tiitli jaht ning praegune MTB-tiitli sihtimine viitavad, et ta tahab s\u00f5na otseses m\u00f5ttes k\u00f5ik v\u00f5ita \u2013 v\u00e4hemalt \u00fche v\u00f5idu igal alal, kus tema erakordne oskustevalik v\u00f5imaldab. Suurtuuri kokkuv\u00f5ttes ta t\u00f5en\u00e4oliselt ei v\u00f5ida, kuna on liiga raske, et suurtes m\u00e4gedes konkureerida. M\u00f5ne etapi on ta juba v\u00f5itnud, see vajadus on rahuldatud. Kuid suurtuuri s\u00e4rki pole ta kunagi v\u00f5itnud. Ainus, millele ta sihib, on \u0160koda roheline s\u00e4rk \u2013 ja just see v\u00f5ibki olla tema eesm\u00e4rk t\u00e4navu.<\/p>\n<figure id=\"attachment_2778\" aria-describedby=\"caption-attachment-2778\" style=\"width: 893px\" class=\"wp-caption aligncenter\"><a href=\"https:\/\/d2p6e6u75xmxt8.cloudfront.net\/15\/2025\/07\/girmai.webp\"><img loading=\"lazy\" decoding=\"async\" class=\"wp-image-2778 size-full\" src=\"https:\/\/d2p6e6u75xmxt8.cloudfront.net\/15\/2025\/07\/girmai.webp\" alt=\"\" width=\"893\" height=\"595\" srcset=\"https:\/\/d2p6e6u75xmxt8.cloudfront.net\/15\/2025\/07\/girmai.webp 893w, https:\/\/d2p6e6u75xmxt8.cloudfront.net\/15\/2025\/07\/girmai-300x200.webp 300w, https:\/\/d2p6e6u75xmxt8.cloudfront.net\/15\/2025\/07\/girmai-768x512.webp 768w, https:\/\/d2p6e6u75xmxt8.cloudfront.net\/15\/2025\/07\/girmai-400x267.webp 400w, https:\/\/d2p6e6u75xmxt8.cloudfront.net\/15\/2025\/07\/girmai-272x182.webp 272w\" sizes=\"auto, (max-width: 893px) 100vw, 893px\" \/><\/a><figcaption id=\"caption-attachment-2778\" class=\"wp-caption-text\">Kas van der Poel napsab t\u00e4navu rohelise s\u00e4rgi? \u00a9 Profimedia<\/figcaption><\/figure>\n<h2 data-start=\"2269\" data-end=\"2292\">Eesm\u00e4rgiks roheline s\u00e4rk?<\/h2>\n<p data-start=\"2294\" data-end=\"2793\">See pole sugugi lihtne \u00fclesanne, kuna van der Poel ei ole puhas sprinter \u2013 kuigi ta on v\u00e4ga kiire. Lisaks on Touril kohal rida suurep\u00e4raseid sprintereid nagu Tim Merlier (Soudal Quick-Step), Jonathan Milan (Lidl-Trek) ja eelmise aasta rohelise s\u00e4rgi v\u00f5itja Biniam Girmay (Intermarch\u00e9-Wanty). Tema enda tiim, Alpecin-Deceuninck, toob samuti t\u00f5en\u00e4oliselt kaasa kaks sprinterit: 2023. aasta Touri rohelise s\u00e4rgi v\u00f5itja Jasper Philipsen ja Kaden Groves, kes on kaks korda v\u00f5itnud Vuelta punktiarvestuse.<\/p>\n<p data-start=\"2795\" data-end=\"3215\">Van der Poel saab kindlasti olema meeskonna peamine vedaja grupifini\u0161ites, kuid <a href=\"https:\/\/www.letour.fr\/en\/\">Tour de France\u2019<\/a>i punktis\u00fcsteemi on t\u00e4navu muudetud. Maksimaalsed 50 punkti saavad n\u00fc\u00fcd ka m\u00f5\u00f5duka raskusega etappide v\u00f5itjad, mitte ainult sprinteritele sobivad t\u00e4iesti lamedad etapid. N\u00e4iteks 4. etapp, kus viimase 50 km jooksul on viis kategooria t\u00f5usu, ja 6. etapp, mis l\u00f5peb Mur-de-Bretagne\u2019il (2,1 km @ 6,5%, max kuni 13,4%).<\/p>\n<p data-start=\"3217\" data-end=\"3788\">Van der Poel n\u00e4itas end hiljutisel Crit\u00e9rium du Dauphin\u00e9\u2019l v\u00e4ga tugevalt ka keskm\u00e4gedes, l\u00f5petades neljast k\u00fcnklikust\/m\u00e4gisest etapist kolmel esiviisikus ning olles punktiarvestuses teine \u2013 kogudes sama punktisumma, mis Poga\u010dar. Tiitel l\u00e4ks sloveenile, kuna ta oli rohkem etappe v\u00f5itnud, kuid van der Poel andis oma ambitsioonidest m\u00e4rku. Arvestades tema mitmek\u00fclgsust, on tal v\u00e4ga head v\u00f5imalused v\u00f5ita Touri \u0160koda roheline s\u00e4rk. Grupifini\u0161ites, oma tiimi sprinteri <em>lead-out<\/em> mehena, on ta viimane, kes eest \u00e4ra langeb \u2013 seega j\u00e4\u00e4b ta fini\u0161ile v\u00e4ga l\u00e4hedale ja v\u00f5ib regulaarselt koguda punkte top 10 kohtade eest.<\/p>\n<h2 data-start=\"3790\" data-end=\"3824\">Superstaar vastu tahtmist<\/h2>\n<p data-start=\"3826\" data-end=\"4260\">Siiski \u00fctles Alpecin-Deceunincki spordidirektor Christoph Roodhooft hiljuti Sporza&#8217;le, et meeskond pole veel otsustanud, kas roheline s\u00e4rk on \u00fcldse eesm\u00e4rk. \u201eSelle peale pole veel m\u00f5elnud,\u201c s\u00f5nas ta. \u201eEsimene prioriteet on esimese p\u00e4eva grupifini\u0161. Neile, kes pole m\u00e4gironijad, on see meeldivam Tour. Me l\u00e4heme alati m\u00f5ttega, et tahame etappi v\u00f5ita. Me ei hakka seda muutma, isegi kui see v\u00f5ib k\u00f5lada liiga tagasihoidliku eesm\u00e4rgina.\u201c<\/p>\n<p data-start=\"4262\" data-end=\"4789\">Iroonilisel kombel vihjas van der Poel mitmele v\u00e4ljaandele juba eelmisel aastal, et ta j\u00e4taks Touri meelsasti vahele, et keskenduda MTB maailmameistriv\u00f5istlustele. Ta \u00fctles lausa, et talle ei meeldi Touril s\u00f5ita. \u201eSee on v\u00f5istlus, mis mulle tegelikult ei meeldi,\u201c lausus ta. \u201ePeale etappide v\u00f5itmise ja kollase s\u00e4rgi kandmise [mille ta on juba saavutanud] pole mul Touril suurt midagi v\u00f5ita. Ma pigem s\u00f5idaks viis v\u00f5istlust, kus ma saan konkureerida v\u00f5idu peale, kui 20 etappi, kus pooltel kordadel mul selleks v\u00f5imalust pole.\u201c<\/p>\n<p data-start=\"4791\" data-end=\"5285\">Kuid tema huvi t\u00e4rkaks, kui m\u00e4ngus oleks roheline s\u00e4rk. Igal juhul n\u00f5udis meeskond, et ta l\u00e4heks Tourile. \u201eKelle lemmikv\u00f5istlus on \u00fcldse Tour?\u201c k\u00fcsis Alpecin-Deceunincki pealik Philip Roodhooft ajalehes <em data-start=\"4994\" data-end=\"5014\">Het Laatste Nieuws<\/em>, nagu vahendas cyclinguptodate.com, ja naeris m\u00f5tte \u00fcle, et tiim l\u00e4heks Tour de France\u2019ile ilma oma superstaarita. \u201eLoomulikult on Giro d\u2019Italia v\u00f5i Vuelta a Espa\u00f1a rahulikumad. Kuid Tour on kolmest suurim \u2013 etapiv\u00f5idul seal on rohkem kaalu kui Itaalias v\u00f5i Hispaanias.\u201c<\/p>\n<p data-start=\"5287\" data-end=\"5643\">Ta lisas, et ka v\u00f5istlus ise v\u00f5idab van der Poeli kohalolust, eriti kuna trass n\u00e4ib olevat kohandatud tema profiilile. \u201e[V\u00f5istluse] korraldaja ASO saab samuti kasu, kui tippsportlased nagu Mathieu stardijoonele ilmuvad, ja seda ambitsiooniga,\u201c \u00fctles Roodhooft. \u201eSelles m\u00f5ttes sobivad mitmed atraktiivsed etapid ideaalselt tema profiiliga. Seega \u2013 tee \u00e4ra.\u201c<\/p>\n<p data-start=\"5645\" data-end=\"5682\" data-is-last-node=\"\" data-is-only-node=\"\">Ta teebki seda. Ja meie k\u00f5ik v\u00f5idame.<\/p>\n","protected":false},"excerpt":{"rendered":"<p>Jalgrattaspordi suurkuju Eddy Merckx sai h\u00fc\u00fcdnime \u201eCannibal\u201c, kuna tal oli rahuldamatu v\u00f5idun\u00e4lg. Sama h\u00fc\u00fcdnime on aeg-ajalt kasutatud ka Tadej Poga\u010dari [&hellip;]<\/p>\n","protected":false},"author":174,"featured_media":2779,"comment_status":"open","ping_status":"open","sticky":false,"template":"","format":"standard","meta":{"footnotes":""},"categories":[39],"tags":[309,266,207,448,447,14],"global-categories":[22],"class_list":["post-2777","post","type-post","status-publish","format-standard","has-post-thumbnail","hentry","category-maanteesoit","tag-2025-tour","tag-biniam-girmay","tag-mathieu-van-der-poel","tag-roheline-sark","tag-skoda-green-jersey","tag-tour-de-france","global-categories-cycling"],"yoast_head":"<!-- This site is optimized with the Yoast SEO Premium plugin v25.3 (Yoast SEO v25.9) - https:\/\/yoast.com\/wordpress\/plugins\/seo\/ -->\n<title>Tee Tourile: Kas van der Poel unistab rohelisest? - \u0160koda We Love Cycling - Estonia<\/title>\n<meta name=\"description\" content=\"Jalgrattaspordi suurkuju Eddy Merckx sai h\u00fc\u00fcdnime \u201eCannibal\u201c, kuna tal oli rahuldamatu v\u00f5idun\u00e4lg. Sama h\u00fc\u00fcdnime on aeg-ajalt kasutatud ka Tadej Poga\u010dari (UAE Team Emirates\u2013XRG) kohta, kes saavutab peagi t\u00f5en\u00e4oliselt oma sajanda v\u00f5idu Tour de France&#039;il. Kuid mina ei ole kindel, et tema on uus Cannibal.\" \/>\n<meta name=\"robots\" content=\"index, follow, max-snippet:-1, max-image-preview:large, max-video-preview:-1\" \/>\n<link rel=\"canonical\" href=\"https:\/\/www.welovecycling.com\/ee\/2025\/07\/01\/tee-tourile-kas-van-der-poel-unistab-rohelisest\/\" \/>\n<meta property=\"og:locale\" content=\"et_EE\" \/>\n<meta property=\"og:type\" content=\"article\" \/>\n<meta property=\"og:title\" content=\"Tee Tourile: Kas van der Poel unistab rohelisest?\" \/>\n<meta property=\"og:description\" content=\"Jalgrattaspordi suurkuju Eddy Merckx sai h\u00fc\u00fcdnime \u201eCannibal\u201c, kuna tal oli rahuldamatu v\u00f5idun\u00e4lg. Sama h\u00fc\u00fcdnime on aeg-ajalt kasutatud ka Tadej Poga\u010dari (UAE Team Emirates\u2013XRG) kohta, kes saavutab peagi t\u00f5en\u00e4oliselt oma sajanda v\u00f5idu Tour de France&#039;il. Kuid mina ei ole kindel, et tema on uus Cannibal.\" \/>\n<meta property=\"og:url\" content=\"https:\/\/www.welovecycling.com\/ee\/2025\/07\/01\/tee-tourile-kas-van-der-poel-unistab-rohelisest\/\" \/>\n<meta property=\"og:site_name\" content=\"\u0160koda We Love Cycling - Estonia\" \/>\n<meta property=\"article:published_time\" content=\"2025-07-01T12:56:36+00:00\" \/>\n<meta property=\"article:modified_time\" content=\"2025-07-01T13:12:41+00:00\" \/>\n<meta property=\"og:image\" content=\"https:\/\/d2p6e6u75xmxt8.cloudfront.net\/15\/2025\/07\/mvdp.webp\" \/>\n\t<meta property=\"og:image:width\" content=\"990\" \/>\n\t<meta property=\"og:image:height\" content=\"660\" \/>\n\t<meta property=\"og:image:type\" content=\"image\/webp\" \/>\n<meta name=\"author\" content=\"andre\" \/>\n<meta name=\"twitter:card\" content=\"summary_large_image\" \/>\n<meta name=\"twitter:label1\" content=\"Written by\" \/>\n\t<meta name=\"twitter:data1\" content=\"Siegfried Mortkowitz\" \/>\n\t<meta name=\"twitter:label2\" content=\"Est. reading time\" \/>\n\t<meta name=\"twitter:data2\" content=\"4\" \/>\n<script type=\"application\/ld+json\" class=\"yoast-schema-graph\">{\"@context\":\"https:\/\/schema.org\",\"@graph\":[{\"@type\":\"WebPage\",\"@id\":\"https:\/\/www.welovecycling.com\/ee\/2025\/07\/01\/tee-tourile-kas-van-der-poel-unistab-rohelisest\/\",\"url\":\"https:\/\/www.welovecycling.com\/ee\/2025\/07\/01\/tee-tourile-kas-van-der-poel-unistab-rohelisest\/\",\"name\":\"Tee Tourile: Kas van der Poel unistab rohelisest? - \u0160koda We Love Cycling - Estonia\",\"isPartOf\":{\"@id\":\"https:\/\/www.welovecycling.com\/ee\/#website\"},\"primaryImageOfPage\":{\"@id\":\"https:\/\/www.welovecycling.com\/ee\/2025\/07\/01\/tee-tourile-kas-van-der-poel-unistab-rohelisest\/#primaryimage\"},\"image\":{\"@id\":\"https:\/\/www.welovecycling.com\/ee\/2025\/07\/01\/tee-tourile-kas-van-der-poel-unistab-rohelisest\/#primaryimage\"},\"thumbnailUrl\":\"https:\/\/d2p6e6u75xmxt8.cloudfront.net\/15\/2025\/07\/mvdp.webp\",\"datePublished\":\"2025-07-01T12:56:36+00:00\",\"dateModified\":\"2025-07-01T13:12:41+00:00\",\"author\":{\"@id\":\"https:\/\/www.welovecycling.com\/ee\/#\/schema\/person\/8b7101c4bd1b1ae9d3732ebb1e6caf57\"},\"description\":\"Jalgrattaspordi suurkuju Eddy Merckx sai h\u00fc\u00fcdnime \u201eCannibal\u201c, kuna tal oli rahuldamatu v\u00f5idun\u00e4lg. Sama h\u00fc\u00fcdnime on aeg-ajalt kasutatud ka Tadej Poga\u010dari (UAE Team Emirates\u2013XRG) kohta, kes saavutab peagi t\u00f5en\u00e4oliselt oma sajanda v\u00f5idu Tour de France'il. Kuid mina ei ole kindel, et tema on uus Cannibal.\",\"inLanguage\":\"et\",\"potentialAction\":[{\"@type\":\"ReadAction\",\"target\":[\"https:\/\/www.welovecycling.com\/ee\/2025\/07\/01\/tee-tourile-kas-van-der-poel-unistab-rohelisest\/\"]}]},{\"@type\":\"ImageObject\",\"inLanguage\":\"et\",\"@id\":\"https:\/\/www.welovecycling.com\/ee\/2025\/07\/01\/tee-tourile-kas-van-der-poel-unistab-rohelisest\/#primaryimage\",\"url\":\"https:\/\/d2p6e6u75xmxt8.cloudfront.net\/15\/2025\/07\/mvdp.webp\",\"contentUrl\":\"https:\/\/d2p6e6u75xmxt8.cloudfront.net\/15\/2025\/07\/mvdp.webp\",\"width\":990,\"height\":660},{\"@type\":\"WebSite\",\"@id\":\"https:\/\/www.welovecycling.com\/ee\/#website\",\"url\":\"https:\/\/www.welovecycling.com\/ee\/\",\"name\":\"\u0160koda We Love Cycling - Estonia\",\"description\":\"\",\"potentialAction\":[{\"@type\":\"SearchAction\",\"target\":{\"@type\":\"EntryPoint\",\"urlTemplate\":\"https:\/\/www.welovecycling.com\/ee\/?s={search_term_string}\"},\"query-input\":{\"@type\":\"PropertyValueSpecification\",\"valueRequired\":true,\"valueName\":\"search_term_string\"}}],\"inLanguage\":\"et\"},{\"@type\":\"Person\",\"@id\":\"https:\/\/www.welovecycling.com\/ee\/#\/schema\/person\/8b7101c4bd1b1ae9d3732ebb1e6caf57\",\"name\":\"andre\",\"image\":{\"@type\":\"ImageObject\",\"inLanguage\":\"et\",\"@id\":\"https:\/\/www.welovecycling.com\/ee\/#\/schema\/person\/image\/\",\"url\":\"https:\/\/secure.gravatar.com\/avatar\/0656b3224fe17b018f43b8a562625dd43d30827f027b2f62bc5a05711fec9a61?s=96&d=mm&r=g\",\"contentUrl\":\"https:\/\/secure.gravatar.com\/avatar\/0656b3224fe17b018f43b8a562625dd43d30827f027b2f62bc5a05711fec9a61?s=96&d=mm&r=g\",\"caption\":\"andre\"},\"url\":\"https:\/\/www.welovecycling.com\/ee\/author\/andre\/\"}]}<\/script>\n<!-- \/ Yoast SEO Premium plugin. -->","yoast_head_json":{"title":"Tee Tourile: Kas van der Poel unistab rohelisest? - \u0160koda We Love Cycling - Estonia","description":"Jalgrattaspordi suurkuju Eddy Merckx sai h\u00fc\u00fcdnime \u201eCannibal\u201c, kuna tal oli rahuldamatu v\u00f5idun\u00e4lg. Sama h\u00fc\u00fcdnime on aeg-ajalt kasutatud ka Tadej Poga\u010dari (UAE Team Emirates\u2013XRG) kohta, kes saavutab peagi t\u00f5en\u00e4oliselt oma sajanda v\u00f5idu Tour de France'il. Kuid mina ei ole kindel, et tema on uus Cannibal.","robots":{"index":"index","follow":"follow","max-snippet":"max-snippet:-1","max-image-preview":"max-image-preview:large","max-video-preview":"max-video-preview:-1"},"canonical":"https:\/\/www.welovecycling.com\/ee\/2025\/07\/01\/tee-tourile-kas-van-der-poel-unistab-rohelisest\/","og_locale":"et_EE","og_type":"article","og_title":"Tee Tourile: Kas van der Poel unistab rohelisest?","og_description":"Jalgrattaspordi suurkuju Eddy Merckx sai h\u00fc\u00fcdnime \u201eCannibal\u201c, kuna tal oli rahuldamatu v\u00f5idun\u00e4lg. Sama h\u00fc\u00fcdnime on aeg-ajalt kasutatud ka Tadej Poga\u010dari (UAE Team Emirates\u2013XRG) kohta, kes saavutab peagi t\u00f5en\u00e4oliselt oma sajanda v\u00f5idu Tour de France'il. Kuid mina ei ole kindel, et tema on uus Cannibal.","og_url":"https:\/\/www.welovecycling.com\/ee\/2025\/07\/01\/tee-tourile-kas-van-der-poel-unistab-rohelisest\/","og_site_name":"\u0160koda We Love Cycling - Estonia","article_published_time":"2025-07-01T12:56:36+00:00","article_modified_time":"2025-07-01T13:12:41+00:00","og_image":[{"width":990,"height":660,"url":"https:\/\/d2p6e6u75xmxt8.cloudfront.net\/15\/2025\/07\/mvdp.webp","type":"image\/webp"}],"author":"andre","twitter_card":"summary_large_image","twitter_misc":{"Written by":"Siegfried Mortkowitz","Est. reading time":"4"},"schema":{"@context":"https:\/\/schema.org","@graph":[{"@type":"WebPage","@id":"https:\/\/www.welovecycling.com\/ee\/2025\/07\/01\/tee-tourile-kas-van-der-poel-unistab-rohelisest\/","url":"https:\/\/www.welovecycling.com\/ee\/2025\/07\/01\/tee-tourile-kas-van-der-poel-unistab-rohelisest\/","name":"Tee Tourile: Kas van der Poel unistab rohelisest? - \u0160koda We Love Cycling - Estonia","isPartOf":{"@id":"https:\/\/www.welovecycling.com\/ee\/#website"},"primaryImageOfPage":{"@id":"https:\/\/www.welovecycling.com\/ee\/2025\/07\/01\/tee-tourile-kas-van-der-poel-unistab-rohelisest\/#primaryimage"},"image":{"@id":"https:\/\/www.welovecycling.com\/ee\/2025\/07\/01\/tee-tourile-kas-van-der-poel-unistab-rohelisest\/#primaryimage"},"thumbnailUrl":"https:\/\/d2p6e6u75xmxt8.cloudfront.net\/15\/2025\/07\/mvdp.webp","datePublished":"2025-07-01T12:56:36+00:00","dateModified":"2025-07-01T13:12:41+00:00","author":{"@id":"https:\/\/www.welovecycling.com\/ee\/#\/schema\/person\/8b7101c4bd1b1ae9d3732ebb1e6caf57"},"description":"Jalgrattaspordi suurkuju Eddy Merckx sai h\u00fc\u00fcdnime \u201eCannibal\u201c, kuna tal oli rahuldamatu v\u00f5idun\u00e4lg. Sama h\u00fc\u00fcdnime on aeg-ajalt kasutatud ka Tadej Poga\u010dari (UAE Team Emirates\u2013XRG) kohta, kes saavutab peagi t\u00f5en\u00e4oliselt oma sajanda v\u00f5idu Tour de France'il. Kuid mina ei ole kindel, et tema on uus Cannibal.","inLanguage":"et","potentialAction":[{"@type":"ReadAction","target":["https:\/\/www.welovecycling.com\/ee\/2025\/07\/01\/tee-tourile-kas-van-der-poel-unistab-rohelisest\/"]}]},{"@type":"ImageObject","inLanguage":"et","@id":"https:\/\/www.welovecycling.com\/ee\/2025\/07\/01\/tee-tourile-kas-van-der-poel-unistab-rohelisest\/#primaryimage","url":"https:\/\/d2p6e6u75xmxt8.cloudfront.net\/15\/2025\/07\/mvdp.webp","contentUrl":"https:\/\/d2p6e6u75xmxt8.cloudfront.net\/15\/2025\/07\/mvdp.webp","width":990,"height":660},{"@type":"WebSite","@id":"https:\/\/www.welovecycling.com\/ee\/#website","url":"https:\/\/www.welovecycling.com\/ee\/","name":"\u0160koda We Love Cycling - Estonia","description":"","potentialAction":[{"@type":"SearchAction","target":{"@type":"EntryPoint","urlTemplate":"https:\/\/www.welovecycling.com\/ee\/?s={search_term_string}"},"query-input":{"@type":"PropertyValueSpecification","valueRequired":true,"valueName":"search_term_string"}}],"inLanguage":"et"},{"@type":"Person","@id":"https:\/\/www.welovecycling.com\/ee\/#\/schema\/person\/8b7101c4bd1b1ae9d3732ebb1e6caf57","name":"andre","image":{"@type":"ImageObject","inLanguage":"et","@id":"https:\/\/www.welovecycling.com\/ee\/#\/schema\/person\/image\/","url":"https:\/\/secure.gravatar.com\/avatar\/0656b3224fe17b018f43b8a562625dd43d30827f027b2f62bc5a05711fec9a61?s=96&d=mm&r=g","contentUrl":"https:\/\/secure.gravatar.com\/avatar\/0656b3224fe17b018f43b8a562625dd43d30827f027b2f62bc5a05711fec9a61?s=96&d=mm&r=g","caption":"andre"},"url":"https:\/\/www.welovecycling.com\/ee\/author\/andre\/"}]}},"_links":{"self":[{"href":"https:\/\/www.welovecycling.com\/ee\/wp-json\/wp\/v2\/posts\/2777","targetHints":{"allow":["GET"]}}],"collection":[{"href":"https:\/\/www.welovecycling.com\/ee\/wp-json\/wp\/v2\/posts"}],"about":[{"href":"https:\/\/www.welovecycling.com\/ee\/wp-json\/wp\/v2\/types\/post"}],"author":[{"embeddable":true,"href":"https:\/\/www.welovecycling.com\/ee\/wp-json\/wp\/v2\/users\/174"}],"replies":[{"embeddable":true,"href":"https:\/\/www.welovecycling.com\/ee\/wp-json\/wp\/v2\/comments?post=2777"}],"version-history":[{"count":6,"href":"https:\/\/www.welovecycling.com\/ee\/wp-json\/wp\/v2\/posts\/2777\/revisions"}],"predecessor-version":[{"id":2785,"href":"https:\/\/www.welovecycling.com\/ee\/wp-json\/wp\/v2\/posts\/2777\/revisions\/2785"}],"wp:featuredmedia":[{"embeddable":true,"href":"https:\/\/www.welovecycling.com\/ee\/wp-json\/wp\/v2\/media\/2779"}],"wp:attachment":[{"href":"https:\/\/www.welovecycling.com\/ee\/wp-json\/wp\/v2\/media?parent=2777"}],"wp:term":[{"taxonomy":"category","embeddable":true,"href":"https:\/\/www.welovecycling.com\/ee\/wp-json\/wp\/v2\/categories?post=2777"},{"taxonomy":"post_tag","embeddable":true,"href":"https:\/\/www.welovecycling.com\/ee\/wp-json\/wp\/v2\/tags?post=2777"},{"taxonomy":"global-categories","embeddable":true,"href":"https:\/\/www.welovecycling.com\/ee\/wp-json\/wp\/v2\/global-categories?post=2777"}],"curies":[{"name":"wp","href":"https:\/\/api.w.org\/{rel}","templated":true}]}}