{"id":273,"date":"2019-09-02T12:02:02","date_gmt":"2019-09-02T12:02:02","guid":{"rendered":"https:\/\/www.welovecycling.com\/ee\/?p=273"},"modified":"2019-09-02T12:02:46","modified_gmt":"2019-09-02T12:02:46","slug":"uletamatu-julgustukk-mooda-tammikulge-alla","status":"publish","type":"post","link":"https:\/\/www.welovecycling.com\/ee\/2019\/09\/02\/uletamatu-julgustukk-mooda-tammikulge-alla\/","title":{"rendered":"\u00dcletamatu julgust\u00fckk: m\u00f6\u00f6da tammik\u00fclge alla"},"content":{"rendered":"<p>Kolm aastat tagasi hingas Sloveenia jalgrattur Primo\u017e Ravnik (29) s\u00fcgavalt sisse ning kihutas rattaga alla m\u00f6\u00f6da massiivse j\u00f5etammi seina. Uskumatu trikk sai YouTube&#8217;i kaudu \u00fcle\u00f6\u00f6 kuulsaks. R\u00e4\u00e4kisime Primo\u017eiga, kuidas s\u00fcndis ettev\u00f5tmine, mida seni pole veel keegi suutnud korrata.<!--more--><br \/>\n<iframe loading=\"lazy\" src=\"https:\/\/www.youtube-nocookie.com\/embed\/2mA1vgnpsi4\" width=\"560\" height=\"315\" frameborder=\"0\" allowfullscreen=\"allowfullscreen\"><\/iframe><\/p>\n<p><strong><em>Primo\u017e, kust sul \u00fcldse tuli m\u00f5te Moste h\u00fcdroelektrijaama tammist alla s\u00f5ita?<\/em><\/strong><\/p>\n<p>See tamm asub mu kodust vaid viie minuti kaugusel. Olen seal palju kordi k\u00e4inud, \u00fcle aia kiiganud ja m\u00f5elnud, kas see oleks teoreetiliselt v\u00f5imalik. Himu \u00fcha kasvas ja kasvas, kuni l\u00f5puks tegin oma m\u00f5tte teoks.<\/p>\n<p><strong><em>Kui k\u00f5rge see sein on? Kas kartsid ka.<\/em><\/strong><\/p>\n<p>Tamm on 60\u00a0meetrit k\u00f5rge. Muidugi, kui m\u00f5elda, siis on see hirmu\u00e4ratav, aga tuleb hirm maha suruda, keskenduda ja endasse uskuda.<\/p>\n<p><strong><em>Kas kalkuleerisid k\u00f5ik riskid l\u00e4bi? Kui ohtlik see p\u00e4riselt oli?<\/em><\/strong><\/p>\n<p>Tegemist oli kindlasti eluohtliku trikiga. \u00dcks v\u00e4\u00e4ratus ja asi v\u00f5inuks l\u00f5ppeda halvasti. Taolises ettev\u00f5tmises tuleb 90% r\u00f5hku panna ps\u00fchholoogilisele ettevalmistusele ning keskenduda aspektidele, mis on p\u00e4riselt olulised. Tammi karedust ma eelnevalt kontrollida ei saanud, nii et polnud teada, kuidas haarduvus on. Vette j\u00f5udes oli l\u00f5ppkiirus \u00fcle 100\u00a0km\/h.<\/p>\n<figure id=\"attachment_170806\" class=\"wp-caption alignnone\">\n<p><figure id=\"attachment_170806\" aria-describedby=\"caption-attachment-170806\" style=\"width: 1333px\" class=\"wp-caption alignnone\"><a class=\"colorbox-initialized cboxElement\" href=\"https:\/\/d2p6e6u75xmxt8.cloudfront.net\/2\/2018\/09\/RavnikDAM.jpg\"><img loading=\"lazy\" decoding=\"async\" class=\"loading wp-image-170806 size-full\" src=\"https:\/\/d2p6e6u75xmxt8.cloudfront.net\/2\/2018\/09\/RavnikDAM.jpg\" sizes=\"auto, (max-width: 1333px) 100vw, 1333px\" srcset=\"https:\/\/d2p6e6u75xmxt8.cloudfront.net\/2\/2018\/09\/RavnikDAM.jpg 1333w, https:\/\/d2p6e6u75xmxt8.cloudfront.net\/2\/2018\/09\/RavnikDAM-200x300.jpg 200w, https:\/\/d2p6e6u75xmxt8.cloudfront.net\/2\/2018\/09\/RavnikDAM-768x1152.jpg 768w, https:\/\/d2p6e6u75xmxt8.cloudfront.net\/2\/2018\/09\/RavnikDAM-682x1024.jpg 682w, https:\/\/d2p6e6u75xmxt8.cloudfront.net\/2\/2018\/09\/RavnikDAM-1280x1920.jpg 1280w, https:\/\/d2p6e6u75xmxt8.cloudfront.net\/2\/2018\/09\/RavnikDAM-1280x1920.jpg 1280w\" alt=\"\" width=\"1333\" height=\"2000\" data-was-processed=\"true\" \/><\/a><figcaption id=\"caption-attachment-170806\" class=\"wp-caption-text\">\u00a9 Peter Podobnik<\/figcaption><\/figure><\/figure>\n<p>&nbsp;<\/p>\n<p><strong><em>Kas kokkup\u00f5rge veepinnaga oli valus?<\/em><\/strong><\/p>\n<p>See vettemaandumine oli \u00fcks tugevamaid j\u00f5ude, mida olen rattaga kunagi kogenud. \u00d5nneks j\u00f5udis ratas esimesena veeni ja v\u00f5ttis suurema osa l\u00f6\u00f6gist enda peale. \u00dclej\u00e4\u00e4nu j\u00e4i mulle, kuid siin tulid appi kaitsevahendid.<\/p>\n<p><strong><em>Oled sa kuulnud, et keegi teine oleks midagi sarnast \u00fcritanud?<\/em><\/strong><\/p>\n<p>Ma ei usu, et keegi on seni midagi samasugust teinud. Tihti kuulen inimesi arvamas, et see oli lihtne trikk, lihtsalt eriline. \u201eAh soo, v\u00f5i nii,\u201c m\u00f5tlen ma neil puhkudel endamisi. V\u00f5ib ju \u00f6elda k\u00fcll, et lihtne, aga mitte keegi pole kunagi midagi sarnast \u00fcritanud. Kui seal m\u00fc\u00fcri peal seisad ja alla s\u00fcgavikku vaatad, siis saad muidugi kohe aru, et nalja ei ole.<\/p>\n<p><strong><em>Oled sa ka hiljem midagi hullu teinud?<\/em><\/strong><\/p>\n<p>Mul on nii mitmeidki ideid, mis on tasapisi teoks saamas. Tahan teha veel ekstreemseid asju ja veel ainulaadseid projekte. Talvel \u00fcritasin saavutada tippkiirust lume peal. Kinnistel suusan\u00f5lvadel sain peaaegu k\u00e4tte maagilise 100\u00a0km\/h piiri. Seej\u00e4rel tuli m\u00f5te katsetada Planica suusah\u00fcppem\u00e4ge. J\u00e4rgmisel hommikul p\u00e4rast suusah\u00fcpete MMi vedasin oma ratta Planica suurde suusah\u00fcppetorni ja kihutasin sealt alla kiirusega 112\u00a0km\/h.<\/p>\n<figure id=\"attachment_170809\" class=\"wp-caption alignnone\">\n<p><figure id=\"attachment_170809\" aria-describedby=\"caption-attachment-170809\" style=\"width: 1377px\" class=\"wp-caption alignnone\"><a class=\"colorbox-initialized cboxElement\" href=\"https:\/\/d2p6e6u75xmxt8.cloudfront.net\/2\/2018\/09\/RavnikDAM1.jpg\"><img loading=\"lazy\" decoding=\"async\" class=\"loading wp-image-170809 size-full\" src=\"https:\/\/d2p6e6u75xmxt8.cloudfront.net\/2\/2018\/09\/RavnikDAM1.jpg\" sizes=\"auto, (max-width: 1377px) 100vw, 1377px\" srcset=\"https:\/\/d2p6e6u75xmxt8.cloudfront.net\/2\/2018\/09\/RavnikDAM1.jpg 1377w, https:\/\/d2p6e6u75xmxt8.cloudfront.net\/2\/2018\/09\/RavnikDAM1-300x200.jpg 300w, https:\/\/d2p6e6u75xmxt8.cloudfront.net\/2\/2018\/09\/RavnikDAM1-768x512.jpg 768w, https:\/\/d2p6e6u75xmxt8.cloudfront.net\/2\/2018\/09\/RavnikDAM1-1024x683.jpg 1024w, https:\/\/d2p6e6u75xmxt8.cloudfront.net\/2\/2018\/09\/RavnikDAM1-272x182.jpg 272w\" alt=\"\" width=\"1377\" height=\"918\" data-was-processed=\"true\" \/><\/a><figcaption id=\"caption-attachment-170809\" class=\"wp-caption-text\">\u00a9 Mitja Sodja<\/figcaption><\/figure><figcaption class=\"wp-caption-text\"><\/figcaption><\/figure>\n<div id=\"gallery-2\" class=\"gallery galleryid-170800 gallery-columns-2 gallery-size-large\">\n<figure class=\"gallery-item\">\n<div class=\"gallery-icon landscape\"><a class=\"colorbox-initialized cboxElement\" href=\"https:\/\/d2p6e6u75xmxt8.cloudfront.net\/2\/2018\/09\/Ravnik2.jpg\"><img loading=\"lazy\" decoding=\"async\" class=\"attachment-large size-large loading\" src=\"https:\/\/d2p6e6u75xmxt8.cloudfront.net\/2\/2018\/09\/Ravnik2-1024x683.jpg\" sizes=\"auto, (max-width: 1024px) 100vw, 1024px\" srcset=\"https:\/\/d2p6e6u75xmxt8.cloudfront.net\/2\/2018\/09\/Ravnik2-1024x683.jpg 1024w, https:\/\/d2p6e6u75xmxt8.cloudfront.net\/2\/2018\/09\/Ravnik2-300x200.jpg 300w, https:\/\/d2p6e6u75xmxt8.cloudfront.net\/2\/2018\/09\/Ravnik2-768x512.jpg 768w, https:\/\/d2p6e6u75xmxt8.cloudfront.net\/2\/2018\/09\/Ravnik2-272x182.jpg 272w, https:\/\/d2p6e6u75xmxt8.cloudfront.net\/2\/2018\/09\/Ravnik2.jpg 1377w\" alt=\"\u00a9 Mitja Sodja\" width=\"1024\" height=\"683\" aria-describedby=\"gallery-2-170810\" data-was-processed=\"true\" \/><\/a><\/div>\n<\/figure>\n<figure class=\"gallery-item\">\n<div class=\"gallery-icon landscape\"><a class=\"colorbox-initialized cboxElement\" href=\"https:\/\/d2p6e6u75xmxt8.cloudfront.net\/2\/2018\/09\/Ravnik1.jpg\"><img loading=\"lazy\" decoding=\"async\" class=\"attachment-large size-large loading\" src=\"https:\/\/d2p6e6u75xmxt8.cloudfront.net\/2\/2018\/09\/Ravnik1-1024x683.jpg\" sizes=\"auto, (max-width: 1024px) 100vw, 1024px\" srcset=\"https:\/\/d2p6e6u75xmxt8.cloudfront.net\/2\/2018\/09\/Ravnik1-1024x683.jpg 1024w, https:\/\/d2p6e6u75xmxt8.cloudfront.net\/2\/2018\/09\/Ravnik1-300x200.jpg 300w, https:\/\/d2p6e6u75xmxt8.cloudfront.net\/2\/2018\/09\/Ravnik1-768x512.jpg 768w, https:\/\/d2p6e6u75xmxt8.cloudfront.net\/2\/2018\/09\/Ravnik1-272x182.jpg 272w, https:\/\/d2p6e6u75xmxt8.cloudfront.net\/2\/2018\/09\/Ravnik1.jpg 1377w\" alt=\"\u00a9 Mitja Sodja\" width=\"1024\" height=\"683\" aria-describedby=\"gallery-2-170811\" data-was-processed=\"true\" \/><\/a><\/div>\n<\/figure>\n<\/div>\n<p><strong><em>Mis sinu elus p\u00e4rast sensatsioonilist tammitrikki muutus?<\/em><\/strong><\/p>\n<p>Eriti midagi (naerab). See on \u00fcks asi mis j\u00e4\u00e4b alatiseks minuga, kogu see trikk oli ikka hoopis teine tase. Aga ei tahaks sellesse ka liialt kinni j\u00e4\u00e4da, ikkagi minevik juba. \u00dcritan veel ja uusi hulle asju. See on see, mis mind k\u00e4imas hoiab \u2013 elada siin ja praegu ning nautida iga ratta seljas veedetud hetke.<\/p>\n<p><strong><em>Kas rattas\u00f5it on n\u00fc\u00fcd su t\u00f6\u00f6 v\u00f5i teed seda endiselt vaid hobi korras?<\/em><\/strong><\/p>\n<p>Aastate jooksul on rattas\u00f5idust saanud elustiil, nii et see pole enam lihtsalt hobi. \u00dckskord j\u00f5uab k\u00e4tte hetk, kus pead hakkama oma elus teisi asju rattas\u00f5idu j\u00e4rgi s\u00e4ttima. T\u00f6\u00f6tad selle nimel, \u00fcritad paremaks saada ja otsid uusi radu.<\/p>\n<p><strong><em>Oskad ehk ka soovitada m\u00f5nd l\u00e4hemas tulevikus toimuvat Sloveenia m\u00e4giratta\u00fcritust?<\/em><\/strong><\/p>\n<p>Kui tahad s\u00f5ita h\u00e4id radu, s\u00fc\u00fca parimat kohalikku toitu ja v\u00f5tta m\u00f5ne \u00f5lle ning p\u00e4rast v\u00f5istlust koos ratturitega m\u00f5nusat olemist nautida, siis kindlasti soovitaksin Trans Juliust, mis on neli p\u00e4eva kestev enduro-\u00fcritus. Toimub 20.\u201323.\u00a0juulini 2019. Rohkem infot on veebisaidil\u00a0<a href=\"http:\/\/www.trans-julius.com\/\">www.trans-julius.com<\/a>.<\/p>\n","protected":false},"excerpt":{"rendered":"<p>Kolm aastat tagasi hingas Sloveenia jalgrattur Primo\u017e Ravnik (29) s\u00fcgavalt sisse ning kihutas rattaga alla m\u00f6\u00f6da massiivse j\u00f5etammi seina. Uskumatu [&hellip;]<\/p>\n","protected":false},"author":103,"featured_media":275,"comment_status":"open","ping_status":"open","sticky":false,"template":"","format":"standard","meta":{"footnotes":""},"categories":[12],"tags":[64,63,62],"global-categories":[22],"class_list":["post-273","post","type-post","status-publish","format-standard","has-post-thumbnail","hentry","category-cx-gravel-mtb","tag-hullused","tag-primoz-ravnik","tag-tamm","global-categories-cycling"],"yoast_head":"<!-- This site is optimized with the Yoast SEO Premium plugin v25.3 (Yoast SEO v25.9) - https:\/\/yoast.com\/wordpress\/plugins\/seo\/ -->\n<title>\u00dcletamatu julgust\u00fckk: m\u00f6\u00f6da tammik\u00fclge alla - \u0160koda We Love Cycling - Estonia<\/title>\n<meta name=\"robots\" content=\"index, follow, max-snippet:-1, max-image-preview:large, max-video-preview:-1\" \/>\n<link rel=\"canonical\" href=\"https:\/\/www.welovecycling.com\/ee\/2019\/09\/02\/uletamatu-julgustukk-mooda-tammikulge-alla\/\" \/>\n<meta property=\"og:locale\" content=\"et_EE\" \/>\n<meta property=\"og:type\" content=\"article\" \/>\n<meta property=\"og:title\" content=\"\u00dcletamatu julgust\u00fckk: m\u00f6\u00f6da tammik\u00fclge alla\" \/>\n<meta property=\"og:description\" content=\"Kolm aastat tagasi hingas Sloveenia jalgrattur Primo\u017e Ravnik (29) s\u00fcgavalt sisse ning kihutas rattaga alla m\u00f6\u00f6da massiivse j\u00f5etammi seina. Uskumatu [&hellip;]\" \/>\n<meta property=\"og:url\" content=\"https:\/\/www.welovecycling.com\/ee\/2019\/09\/02\/uletamatu-julgustukk-mooda-tammikulge-alla\/\" \/>\n<meta property=\"og:site_name\" content=\"\u0160koda We Love Cycling - Estonia\" \/>\n<meta property=\"article:published_time\" content=\"2019-09-02T12:02:02+00:00\" \/>\n<meta property=\"article:modified_time\" content=\"2019-09-02T12:02:46+00:00\" \/>\n<meta property=\"og:image\" content=\"https:\/\/d2p6e6u75xmxt8.cloudfront.net\/15\/2019\/09\/RavnikDAMcvr.jpg\" \/>\n\t<meta property=\"og:image:width\" content=\"1366\" \/>\n\t<meta property=\"og:image:height\" content=\"600\" \/>\n\t<meta property=\"og:image:type\" content=\"image\/jpeg\" \/>\n<meta name=\"author\" content=\"jaanika\" \/>\n<meta name=\"twitter:card\" content=\"summary_large_image\" \/>\n<meta name=\"twitter:label1\" content=\"Written by\" \/>\n\t<meta name=\"twitter:data1\" content=\"Adam Marsal\" \/>\n\t<meta name=\"twitter:label2\" content=\"Est. reading time\" \/>\n\t<meta name=\"twitter:data2\" content=\"3 minutes\" \/>\n<script type=\"application\/ld+json\" class=\"yoast-schema-graph\">{\"@context\":\"https:\/\/schema.org\",\"@graph\":[{\"@type\":\"WebPage\",\"@id\":\"https:\/\/www.welovecycling.com\/ee\/2019\/09\/02\/uletamatu-julgustukk-mooda-tammikulge-alla\/\",\"url\":\"https:\/\/www.welovecycling.com\/ee\/2019\/09\/02\/uletamatu-julgustukk-mooda-tammikulge-alla\/\",\"name\":\"\u00dcletamatu julgust\u00fckk: m\u00f6\u00f6da tammik\u00fclge alla - \u0160koda We Love Cycling - Estonia\",\"isPartOf\":{\"@id\":\"https:\/\/www.welovecycling.com\/ee\/#website\"},\"primaryImageOfPage\":{\"@id\":\"https:\/\/www.welovecycling.com\/ee\/2019\/09\/02\/uletamatu-julgustukk-mooda-tammikulge-alla\/#primaryimage\"},\"image\":{\"@id\":\"https:\/\/www.welovecycling.com\/ee\/2019\/09\/02\/uletamatu-julgustukk-mooda-tammikulge-alla\/#primaryimage\"},\"thumbnailUrl\":\"https:\/\/d2p6e6u75xmxt8.cloudfront.net\/15\/2019\/09\/RavnikDAMcvr.jpg\",\"datePublished\":\"2019-09-02T12:02:02+00:00\",\"dateModified\":\"2019-09-02T12:02:46+00:00\",\"author\":{\"@id\":\"https:\/\/www.welovecycling.com\/ee\/#\/schema\/person\/5a221fc116f29317cd8fc6e8ebbb4bac\"},\"inLanguage\":\"et\",\"potentialAction\":[{\"@type\":\"ReadAction\",\"target\":[\"https:\/\/www.welovecycling.com\/ee\/2019\/09\/02\/uletamatu-julgustukk-mooda-tammikulge-alla\/\"]}]},{\"@type\":\"ImageObject\",\"inLanguage\":\"et\",\"@id\":\"https:\/\/www.welovecycling.com\/ee\/2019\/09\/02\/uletamatu-julgustukk-mooda-tammikulge-alla\/#primaryimage\",\"url\":\"https:\/\/d2p6e6u75xmxt8.cloudfront.net\/15\/2019\/09\/RavnikDAMcvr.jpg\",\"contentUrl\":\"https:\/\/d2p6e6u75xmxt8.cloudfront.net\/15\/2019\/09\/RavnikDAMcvr.jpg\",\"width\":1366,\"height\":600},{\"@type\":\"WebSite\",\"@id\":\"https:\/\/www.welovecycling.com\/ee\/#website\",\"url\":\"https:\/\/www.welovecycling.com\/ee\/\",\"name\":\"\u0160koda We Love Cycling - Estonia\",\"description\":\"\",\"potentialAction\":[{\"@type\":\"SearchAction\",\"target\":{\"@type\":\"EntryPoint\",\"urlTemplate\":\"https:\/\/www.welovecycling.com\/ee\/?s={search_term_string}\"},\"query-input\":{\"@type\":\"PropertyValueSpecification\",\"valueRequired\":true,\"valueName\":\"search_term_string\"}}],\"inLanguage\":\"et\"},{\"@type\":\"Person\",\"@id\":\"https:\/\/www.welovecycling.com\/ee\/#\/schema\/person\/5a221fc116f29317cd8fc6e8ebbb4bac\",\"name\":\"jaanika\",\"image\":{\"@type\":\"ImageObject\",\"inLanguage\":\"et\",\"@id\":\"https:\/\/www.welovecycling.com\/ee\/#\/schema\/person\/image\/\",\"url\":\"https:\/\/secure.gravatar.com\/avatar\/423f124d44d6d14dae1b4c509d90d1a324e3ee2f230a72b31ae57302ab921ac7?s=96&d=mm&r=g\",\"contentUrl\":\"https:\/\/secure.gravatar.com\/avatar\/423f124d44d6d14dae1b4c509d90d1a324e3ee2f230a72b31ae57302ab921ac7?s=96&d=mm&r=g\",\"caption\":\"jaanika\"},\"url\":\"https:\/\/www.welovecycling.com\/ee\/author\/jaanika\/\"}]}<\/script>\n<!-- \/ Yoast SEO Premium plugin. -->","yoast_head_json":{"title":"\u00dcletamatu julgust\u00fckk: m\u00f6\u00f6da tammik\u00fclge alla - \u0160koda We Love Cycling - Estonia","robots":{"index":"index","follow":"follow","max-snippet":"max-snippet:-1","max-image-preview":"max-image-preview:large","max-video-preview":"max-video-preview:-1"},"canonical":"https:\/\/www.welovecycling.com\/ee\/2019\/09\/02\/uletamatu-julgustukk-mooda-tammikulge-alla\/","og_locale":"et_EE","og_type":"article","og_title":"\u00dcletamatu julgust\u00fckk: m\u00f6\u00f6da tammik\u00fclge alla","og_description":"Kolm aastat tagasi hingas Sloveenia jalgrattur Primo\u017e Ravnik (29) s\u00fcgavalt sisse ning kihutas rattaga alla m\u00f6\u00f6da massiivse j\u00f5etammi seina. Uskumatu [&hellip;]","og_url":"https:\/\/www.welovecycling.com\/ee\/2019\/09\/02\/uletamatu-julgustukk-mooda-tammikulge-alla\/","og_site_name":"\u0160koda We Love Cycling - Estonia","article_published_time":"2019-09-02T12:02:02+00:00","article_modified_time":"2019-09-02T12:02:46+00:00","og_image":[{"width":1366,"height":600,"url":"https:\/\/d2p6e6u75xmxt8.cloudfront.net\/15\/2019\/09\/RavnikDAMcvr.jpg","type":"image\/jpeg"}],"author":"jaanika","twitter_card":"summary_large_image","twitter_misc":{"Written by":"Adam Marsal","Est. reading time":"3 minutes"},"schema":{"@context":"https:\/\/schema.org","@graph":[{"@type":"WebPage","@id":"https:\/\/www.welovecycling.com\/ee\/2019\/09\/02\/uletamatu-julgustukk-mooda-tammikulge-alla\/","url":"https:\/\/www.welovecycling.com\/ee\/2019\/09\/02\/uletamatu-julgustukk-mooda-tammikulge-alla\/","name":"\u00dcletamatu julgust\u00fckk: m\u00f6\u00f6da tammik\u00fclge alla - \u0160koda We Love Cycling - Estonia","isPartOf":{"@id":"https:\/\/www.welovecycling.com\/ee\/#website"},"primaryImageOfPage":{"@id":"https:\/\/www.welovecycling.com\/ee\/2019\/09\/02\/uletamatu-julgustukk-mooda-tammikulge-alla\/#primaryimage"},"image":{"@id":"https:\/\/www.welovecycling.com\/ee\/2019\/09\/02\/uletamatu-julgustukk-mooda-tammikulge-alla\/#primaryimage"},"thumbnailUrl":"https:\/\/d2p6e6u75xmxt8.cloudfront.net\/15\/2019\/09\/RavnikDAMcvr.jpg","datePublished":"2019-09-02T12:02:02+00:00","dateModified":"2019-09-02T12:02:46+00:00","author":{"@id":"https:\/\/www.welovecycling.com\/ee\/#\/schema\/person\/5a221fc116f29317cd8fc6e8ebbb4bac"},"inLanguage":"et","potentialAction":[{"@type":"ReadAction","target":["https:\/\/www.welovecycling.com\/ee\/2019\/09\/02\/uletamatu-julgustukk-mooda-tammikulge-alla\/"]}]},{"@type":"ImageObject","inLanguage":"et","@id":"https:\/\/www.welovecycling.com\/ee\/2019\/09\/02\/uletamatu-julgustukk-mooda-tammikulge-alla\/#primaryimage","url":"https:\/\/d2p6e6u75xmxt8.cloudfront.net\/15\/2019\/09\/RavnikDAMcvr.jpg","contentUrl":"https:\/\/d2p6e6u75xmxt8.cloudfront.net\/15\/2019\/09\/RavnikDAMcvr.jpg","width":1366,"height":600},{"@type":"WebSite","@id":"https:\/\/www.welovecycling.com\/ee\/#website","url":"https:\/\/www.welovecycling.com\/ee\/","name":"\u0160koda We Love Cycling - Estonia","description":"","potentialAction":[{"@type":"SearchAction","target":{"@type":"EntryPoint","urlTemplate":"https:\/\/www.welovecycling.com\/ee\/?s={search_term_string}"},"query-input":{"@type":"PropertyValueSpecification","valueRequired":true,"valueName":"search_term_string"}}],"inLanguage":"et"},{"@type":"Person","@id":"https:\/\/www.welovecycling.com\/ee\/#\/schema\/person\/5a221fc116f29317cd8fc6e8ebbb4bac","name":"jaanika","image":{"@type":"ImageObject","inLanguage":"et","@id":"https:\/\/www.welovecycling.com\/ee\/#\/schema\/person\/image\/","url":"https:\/\/secure.gravatar.com\/avatar\/423f124d44d6d14dae1b4c509d90d1a324e3ee2f230a72b31ae57302ab921ac7?s=96&d=mm&r=g","contentUrl":"https:\/\/secure.gravatar.com\/avatar\/423f124d44d6d14dae1b4c509d90d1a324e3ee2f230a72b31ae57302ab921ac7?s=96&d=mm&r=g","caption":"jaanika"},"url":"https:\/\/www.welovecycling.com\/ee\/author\/jaanika\/"}]}},"_links":{"self":[{"href":"https:\/\/www.welovecycling.com\/ee\/wp-json\/wp\/v2\/posts\/273","targetHints":{"allow":["GET"]}}],"collection":[{"href":"https:\/\/www.welovecycling.com\/ee\/wp-json\/wp\/v2\/posts"}],"about":[{"href":"https:\/\/www.welovecycling.com\/ee\/wp-json\/wp\/v2\/types\/post"}],"author":[{"embeddable":true,"href":"https:\/\/www.welovecycling.com\/ee\/wp-json\/wp\/v2\/users\/103"}],"replies":[{"embeddable":true,"href":"https:\/\/www.welovecycling.com\/ee\/wp-json\/wp\/v2\/comments?post=273"}],"version-history":[{"count":1,"href":"https:\/\/www.welovecycling.com\/ee\/wp-json\/wp\/v2\/posts\/273\/revisions"}],"predecessor-version":[{"id":274,"href":"https:\/\/www.welovecycling.com\/ee\/wp-json\/wp\/v2\/posts\/273\/revisions\/274"}],"wp:featuredmedia":[{"embeddable":true,"href":"https:\/\/www.welovecycling.com\/ee\/wp-json\/wp\/v2\/media\/275"}],"wp:attachment":[{"href":"https:\/\/www.welovecycling.com\/ee\/wp-json\/wp\/v2\/media?parent=273"}],"wp:term":[{"taxonomy":"category","embeddable":true,"href":"https:\/\/www.welovecycling.com\/ee\/wp-json\/wp\/v2\/categories?post=273"},{"taxonomy":"post_tag","embeddable":true,"href":"https:\/\/www.welovecycling.com\/ee\/wp-json\/wp\/v2\/tags?post=273"},{"taxonomy":"global-categories","embeddable":true,"href":"https:\/\/www.welovecycling.com\/ee\/wp-json\/wp\/v2\/global-categories?post=273"}],"curies":[{"name":"wp","href":"https:\/\/api.w.org\/{rel}","templated":true}]}}