{"id":2722,"date":"2025-06-18T15:31:03","date_gmt":"2025-06-18T12:31:03","guid":{"rendered":"https:\/\/www.welovecycling.com\/ee\/?p=2722"},"modified":"2025-06-18T15:31:03","modified_gmt":"2025-06-18T12:31:03","slug":"leia-oma-tour-amy-hudsoni-6-300-km-tour-de-francei-valjakutse-mille-sutitas-lachlan-morton","status":"publish","type":"post","link":"https:\/\/www.welovecycling.com\/ee\/2025\/06\/18\/leia-oma-tour-amy-hudsoni-6-300-km-tour-de-francei-valjakutse-mille-sutitas-lachlan-morton\/","title":{"rendered":"Leia Oma Tour: Amy Hudsoni 6 300 km Tour de France\u2019i v\u00e4ljakutse, mille s\u00fctitas Lachlan Morton"},"content":{"rendered":"<h3 data-start=\"227\" data-end=\"495\"><strong>Amy Hudson ei p\u00fc\u00fca v\u00f5ita Tour de France\u2019i. Ta ei p\u00fc\u00fca seda isegi v\u00f5idu s\u00f5ita. Selle asemel teeb ta midagi, mis v\u00f5ib olla veelgi raskem: ta s\u00f5idab l\u00e4bi iga etapi ja iga etapi\u00fclese \u00fclemineku \u2013 kokku \u00fcle 6 300 kilomeetri 30 p\u00e4evaga \u2013 tavalise, mitteprofist jalgratturina.<\/strong><\/h3>\n<h2 data-start=\"497\" data-end=\"534\">Inspiratsioonina teistsugune Tour<\/h2>\n<p data-start=\"536\" data-end=\"715\">\u201eMa lihtsalt nimetan seda omaenda Tour de France\u2019i v\u00e4ljakutseks,\u201d \u00fctleb Amy. \u201eMa ei p\u00fc\u00fca end Lachlaniga v\u00f5rrelda, sest ta on absoluutne legend. See, mida tema tegi, oli uskumatu.\u201d<\/p>\n<p data-start=\"723\" data-end=\"1025\">2021. aastal vallutas profirattur Lachlan Morton rattamaailma, s\u00f5ites alternatiivse Tour\u2019i. Ta l\u00e4bis k\u00f5ik etapid ning ka pikad \u00fcles\u00f5idud \u00fchelt etapilt teisele, tehes seda t\u00e4iesti iseseisvalt . Kui tahad n\u00e4ha, mis see endast kujutsas , vaata tema Alt Touri <a href=\"https:\/\/www.youtube.com\/watch?si=2ycL3Ih6znfEfLXp&amp;v=eujxv77lGOI&amp;feature=youtu.be\">dokumentaalfilmi<\/a>.<\/p>\n<p data-start=\"723\" data-end=\"1025\"><iframe loading=\"lazy\" title=\"YouTube video player\" src=\"https:\/\/www.youtube-nocookie.com\/embed\/eujxv77lGOI?si=uocwpSWdN_-WGmcZ\" width=\"560\" height=\"315\" frameborder=\"0\" allowfullscreen=\"allowfullscreen\"><\/iframe><\/p>\n<p data-start=\"1027\" data-end=\"1281\">Amy vaatas seda filmi \u2013 ja m\u00f5te hakkas idanema. \u201eOlen viimased kaks aastat Tour de France\u2019i kohapeal vaatamas k\u00e4inud,\u201d r\u00e4\u00e4gib ta. \u201eSeal on lihtsalt nii erakordne \u00f5hkkond. Kuna see on aasta suurim rattas\u00fcndmus, siis m\u00f5tlesin: miks mitte olla osa sellest?\u201d<\/p>\n<p data-start=\"1283\" data-end=\"1572\">Samas t\u00e4psustab ta kohe: tema s\u00f5it ei ole katse Mortonit korrata. \u201eAlgul tahtsin teha seda samal ajal kui Tour reaalselt k\u00e4ib,\u201d \u00fctleb ta. \u201eAga selle aasta Tour\u2019il on m\u00f5ned tohutu pikad \u00fcles\u00f5idud , n\u00e4iteks \u00fcks 540 kilomeetrit pikk. Pidin realistlikuks j\u00e4\u00e4ma. Ma ei tahtnud seda projekti kohe l\u00e4bikukkumisele m\u00e4\u00e4rata.\u201d<\/p>\n<p data-start=\"1574\" data-end=\"1733\">Seet\u00f5ttu annab Amy endale 30 p\u00e4eva kogu teekonna l\u00e4bimiseks, sealhulgas ka kaks puhkep\u00e4eva. Amy alustab n\u00e4dal enne profikaravani ja plaanib l\u00f5petada p\u00e4ev enne neid.<\/p>\n<blockquote class=\"instagram-media\" style=\"background: #FFF; border: 0; border-radius: 3px; box-shadow: 0 0 1px 0 rgba(0,0,0,0.5),0 1px 10px 0 rgba(0,0,0,0.15); margin: 1px; max-width: 540px; min-width: 326px; padding: 0; width: calc(100% - 2px);\" data-instgrm-captioned=\"\" data-instgrm-permalink=\"https:\/\/www.instagram.com\/p\/DFDcLsBMGVT\/?utm_source=ig_embed&amp;utm_campaign=loading\" data-instgrm-version=\"14\">\n<div style=\"padding: 16px;\">\n<p>&nbsp;<\/p>\n<div style=\"display: flex; flex-direction: row; align-items: center;\">\n<div style=\"background-color: #f4f4f4; border-radius: 50%; flex-grow: 0; height: 40px; margin-right: 14px; width: 40px;\"><\/div>\n<div style=\"display: flex; flex-direction: column; flex-grow: 1; justify-content: center;\">\n<div style=\"background-color: #f4f4f4; border-radius: 4px; flex-grow: 0; height: 14px; margin-bottom: 6px; width: 100px;\"><\/div>\n<div style=\"background-color: #f4f4f4; border-radius: 4px; flex-grow: 0; height: 14px; width: 60px;\"><\/div>\n<\/div>\n<\/div>\n<div style=\"padding: 19% 0;\"><\/div>\n<div style=\"display: block; height: 50px; margin: 0 auto 12px; width: 50px;\"><\/div>\n<div style=\"padding-top: 8px;\">\n<div style=\"color: #3897f0; font-family: Arial,sans-serif; font-size: 14px; font-style: normal; font-weight: 550; line-height: 18px;\">View this post on Instagram<\/div>\n<\/div>\n<div style=\"padding: 12.5% 0;\"><\/div>\n<div style=\"display: flex; flex-direction: row; margin-bottom: 14px; align-items: center;\">\n<div>\n<div style=\"background-color: #f4f4f4; border-radius: 50%; height: 12.5px; width: 12.5px; transform: translateX(0px) translateY(7px);\"><\/div>\n<div style=\"background-color: #f4f4f4; height: 12.5px; transform: rotate(-45deg) translateX(3px) translateY(1px); width: 12.5px; flex-grow: 0; margin-right: 14px; margin-left: 2px;\"><\/div>\n<div style=\"background-color: #f4f4f4; border-radius: 50%; height: 12.5px; width: 12.5px; transform: translateX(9px) translateY(-18px);\"><\/div>\n<\/div>\n<div style=\"margin-left: 8px;\">\n<div style=\"background-color: #f4f4f4; border-radius: 50%; flex-grow: 0; height: 20px; width: 20px;\"><\/div>\n<div style=\"width: 0; height: 0; border-top: 2px solid transparent; border-left: 6px solid #f4f4f4; border-bottom: 2px solid transparent; transform: translateX(16px) translateY(-4px) rotate(30deg);\"><\/div>\n<\/div>\n<div style=\"margin-left: auto;\">\n<div style=\"width: 0px; border-top: 8px solid #F4F4F4; border-right: 8px solid transparent; transform: translateY(16px);\"><\/div>\n<div style=\"background-color: #f4f4f4; flex-grow: 0; height: 12px; width: 16px; transform: translateY(-4px);\"><\/div>\n<div style=\"width: 0; height: 0; border-top: 8px solid #F4F4F4; border-left: 8px solid transparent; transform: translateY(-4px) translateX(8px);\"><\/div>\n<\/div>\n<\/div>\n<div style=\"display: flex; flex-direction: column; flex-grow: 1; justify-content: center; margin-bottom: 24px;\">\n<div style=\"background-color: #f4f4f4; border-radius: 4px; flex-grow: 0; height: 14px; margin-bottom: 6px; width: 224px;\"><\/div>\n<div style=\"background-color: #f4f4f4; border-radius: 4px; flex-grow: 0; height: 14px; width: 144px;\"><\/div>\n<\/div>\n<p>&nbsp;<\/p>\n<p style=\"color: #c9c8cd; font-family: Arial,sans-serif; font-size: 14px; line-height: 17px; margin-bottom: 0; margin-top: 8px; overflow: hidden; padding: 8px 0 7px; text-align: center; text-overflow: ellipsis; white-space: nowrap;\"><a style=\"color: #c9c8cd; font-family: Arial,sans-serif; font-size: 14px; font-style: normal; font-weight: normal; line-height: 17px; text-decoration: none;\" href=\"https:\/\/www.instagram.com\/p\/DFDcLsBMGVT\/?utm_source=ig_embed&amp;utm_campaign=loading\" target=\"_blank\" rel=\"noopener\">A post shared by Amy Hudson (@amy.cycling.adventures)<\/a><\/p>\n<\/div>\n<\/blockquote>\n<p><script async src=\"\/\/www.instagram.com\/embed.js\"><\/script><\/p>\n<h2 data-start=\"1735\" data-end=\"1764\">S\u00f5it vaimse tervise nimel<\/h2>\n<p data-start=\"1766\" data-end=\"1878\">Amy jaoks ei seisne see ettev\u00f5tmine ainult kilomeetrites v\u00f5i isiklikus saavutuses. Selle taga on s\u00fcgavam p\u00f5hjus.<\/p>\n<p data-start=\"1880\" data-end=\"2201\">\u201eTeen seda selleks, et koguda annetusi vaimse tervise heaks tegutsevale heategevusorganisatsioonile Shout,\u201d r\u00e4\u00e4gib ta. \u201eNad pakuvad 24-tunnist tekstis\u00f5numiteenust k\u00f5igile, kes tunnevad, et nad vajavad tuge. Valisin just nemad, sest kui oled t\u00f5eliselt raskes seisus, on palju lihtsam saata s\u00f5num kui telefonitoru haarata.\u201d<\/p>\n<p data-start=\"2203\" data-end=\"2361\"><a href=\"https:\/\/www.welovecycling.com\/wide\/2021\/11\/03\/what-the-case-of-olivia-podmore-can-tell-us-about-mental-health-in-professional-cycling\/\">Vaimse tervise teema<\/a> on olnud Amy jaoks alati oluline \u2013 nii isikliku kogemuse t\u00f5ttu kui ka seet\u00f5ttu, et ta teab, kui suurt rolli v\u00f5ib sport tervise taastumise juures m\u00e4ngida.<\/p>\n<p data-start=\"2363\" data-end=\"2461\">\u201eOli aeg, mil ma ei tahtnud enam elada,\u201d \u00fctleb ta. \u201eRatas on suur p\u00f5hjus, miks ma veel siin olen.\u201d<\/p>\n<p data-start=\"2463\" data-end=\"2496\">Oma Instagramis on ta kirjutanud:<\/p>\n<p data-start=\"2498\" data-end=\"2652\"><strong data-start=\"2498\" data-end=\"2652\">\u201eEt koguda raha vaimse tervise heategevuseks ja suurendada arusaamist, et vaimse tervise probleem ei tee sind n\u00f5rgaks \u2013 see annab sulle tugeva meele.\u201d<\/strong><\/p>\n<p data-start=\"2654\" data-end=\"2716\">Annetusi saab teha Amy kampaanialehel<a href=\"https:\/\/www.justgiving.com\/page\/a-c-a?utm_medium=FR&amp;utm_source=CL\"> &#8211; Amy\u2019s fundraiser page<\/a>.<\/p>\n<h2 data-start=\"2718\" data-end=\"2744\">Naisena meeste trassil<\/h2>\n<p data-start=\"2746\" data-end=\"2856\">Amy jaoks on veel \u00fcks oluline motivatsioon: n\u00e4idata, et naised suudavad samasuguseid v\u00e4ljakutseid vastu v\u00f5tta.<\/p>\n<p data-start=\"2858\" data-end=\"3090\">\u201eTahtsin l\u00e4bida meeste Tour\u2019i raja, et n\u00e4idata \u2013 ka naine suudab selle distantsi \u00e4ra s\u00f5ita,\u201d \u00fctleb ta. \u201eJa kui olen l\u00f5petanud, loodan minna vaatama ka Tour de France Femmes avec Zwifti \u2013 kui mul veel energiat jagub, et kaasa elada.\u201d<\/p>\n<p data-start=\"3092\" data-end=\"3340\">Amy jaoks on esindatus oluline. Jalgrattaspordi suurimat lavalauda peetakse tihti eliitmeeste p\u00e4rusmaaks. Amy vaikne, kuid sihikindel ettev\u00f5tmine l\u00fckkab selle kujutelma \u00fcmber \u2013 t\u00f5estades, et vastupidavus ja tahtej\u00f5ud ei s\u00f5ltu soost ega staatustest.<\/p>\n<h2 data-start=\"3342\" data-end=\"3382\">Juhuslik kohtumine Lachlan Mortoniga<\/h2>\n<p data-start=\"3384\" data-end=\"3466\">Amy inspiratsioon sai isegi isikliku m\u00f5\u00f5tme \u00fchel Suurbritannias toimunud \u00fcritusel.<\/p>\n<p data-start=\"3468\" data-end=\"3720\">\u201eN\u00e4gin Lachlanit Rouleur Live\u2019il,\u201d \u00fctleb ta. \u201eSee oli v\u00e4ga l\u00fchike kohtumine, aga r\u00e4\u00e4kisin talle, mida plaanin. Ta vaatas mu marsruuti ja suumis sisse \u00fchele l\u00f5igule. Siis \u00fctles: \u2018Mul olid siin all k\u00f5ikjal ainult vastutuul. See saab sul olema v\u00e4ga raske.\u2019\u201d<\/p>\n<p data-start=\"3722\" data-end=\"3764\">Amy naerab. \u201eMa m\u00f5tlesin: no tore, ait\u00e4h.\u201d<\/p>\n<p data-start=\"3766\" data-end=\"3932\">Sel suvel asub Amy teele oma elu suurimale katsumusele: 6 300 kilomeetrit, 30 p\u00e4eva, kaks ratast ja \u00fcks eesm\u00e4rk. T\u00f5estada endale \u2013 ja teistele \u2013 mis k\u00f5ik on v\u00f5imalik.<\/p>\n<p data-start=\"3934\" data-end=\"4093\">\u201eMa olen t\u00e4iesti hirmul ja mul on suuri kahtlusi, kas suudan selle \u00e4ra teha,\u201d \u00fctleb ta. \u201eAga annan endast 100%. Kui ma ei proovi, siis ma ei saa kunagi teada.\u201d<\/p>\n<hr data-start=\"4095\" data-end=\"4098\" \/>\n<h3 data-start=\"4100\" data-end=\"4122\">Kes on Amy Hudson?<\/h3>\n<p data-start=\"4124\" data-end=\"4742\">Amy Hudson on Briti vastupidavusrattur ja vaimse tervise saadik, kes avastas jalgrattas\u00f5idu alles neli aastat tagasi. Sellest ajast alates on ta osalenud mitmetel \u00e4\u00e4rmuslikel ultra\u00fcritustel, sealhulgas North Coast 500, 24-tunni eraldistart, Paris-Brest-Paris (1 200 km), All Points North (1 000 km) ning Land\u2019s End to John o\u2019Groats \u2013 klassikaline Suurbritannia otsast-otsani s\u00f5it, ligi 1 400 km pikk. Isiklike raskuste \u00fcletamisest ja vastupidavuse piiride kompamiseni \u2013 Amy jagab n\u00fc\u00fcd oma kirge YouTube\u2019i, Instagrami ja Strava kaudu, inspireerides teisi p\u00fc\u00fcdma suuri eesm\u00e4rke, s\u00f5ltumata sellest, kust nad alustanud on.<\/p>\n","protected":false},"excerpt":{"rendered":"<p>Amy Hudson ei p\u00fc\u00fca v\u00f5ita Tour de France\u2019i. Ta ei p\u00fc\u00fca seda isegi v\u00f5idu s\u00f5ita. Selle asemel teeb ta midagi, [&hellip;]<\/p>\n","protected":false},"author":174,"featured_media":2723,"comment_status":"open","ping_status":"open","sticky":false,"template":"","format":"standard","meta":{"footnotes":""},"categories":[39],"tags":[440,441,309,442,415,14],"global-categories":[22],"class_list":["post-2722","post","type-post","status-publish","format-standard","has-post-thumbnail","hentry","category-maanteesoit","tag-findyourtour","tag-leiaomatour","tag-2025-tour","tag-amy-hudson","tag-leia-oma-tour","tag-tour-de-france","global-categories-cycling"],"yoast_head":"<!-- This site is optimized with the Yoast SEO Premium plugin v25.3 (Yoast SEO v25.9) - https:\/\/yoast.com\/wordpress\/plugins\/seo\/ -->\n<title>Leia Oma Tour: Amy Hudsoni 6 300 km Tour de France\u2019i v\u00e4ljakutse, mille s\u00fctitas Lachlan Morton - \u0160koda We Love Cycling - Estonia<\/title>\n<meta name=\"robots\" content=\"index, follow, max-snippet:-1, max-image-preview:large, max-video-preview:-1\" \/>\n<link rel=\"canonical\" href=\"https:\/\/www.welovecycling.com\/ee\/2025\/06\/18\/leia-oma-tour-amy-hudsoni-6-300-km-tour-de-francei-valjakutse-mille-sutitas-lachlan-morton\/\" \/>\n<meta property=\"og:locale\" content=\"et_EE\" \/>\n<meta property=\"og:type\" content=\"article\" \/>\n<meta property=\"og:title\" content=\"Leia Oma Tour: Amy Hudsoni 6 300 km Tour de France\u2019i v\u00e4ljakutse, mille s\u00fctitas Lachlan Morton\" \/>\n<meta property=\"og:description\" content=\"Amy Hudson ei p\u00fc\u00fca v\u00f5ita Tour de France\u2019i. Ta ei p\u00fc\u00fca seda isegi v\u00f5idu s\u00f5ita. Selle asemel teeb ta midagi, [&hellip;]\" \/>\n<meta property=\"og:url\" content=\"https:\/\/www.welovecycling.com\/ee\/2025\/06\/18\/leia-oma-tour-amy-hudsoni-6-300-km-tour-de-francei-valjakutse-mille-sutitas-lachlan-morton\/\" \/>\n<meta property=\"og:site_name\" content=\"\u0160koda We Love Cycling - Estonia\" \/>\n<meta property=\"article:published_time\" content=\"2025-06-18T12:31:03+00:00\" \/>\n<meta property=\"og:image\" content=\"https:\/\/d2p6e6u75xmxt8.cloudfront.net\/15\/2025\/06\/amy2.webp\" \/>\n\t<meta property=\"og:image:width\" content=\"894\" \/>\n\t<meta property=\"og:image:height\" content=\"594\" \/>\n\t<meta property=\"og:image:type\" content=\"image\/webp\" \/>\n<meta name=\"author\" content=\"andre\" \/>\n<meta name=\"twitter:card\" content=\"summary_large_image\" \/>\n<meta name=\"twitter:label1\" content=\"Written by\" \/>\n\t<meta name=\"twitter:data1\" content=\"Jiri Kaloc\" \/>\n\t<meta name=\"twitter:label2\" content=\"Est. reading time\" \/>\n\t<meta name=\"twitter:data2\" content=\"4\" \/>\n<script type=\"application\/ld+json\" class=\"yoast-schema-graph\">{\"@context\":\"https:\/\/schema.org\",\"@graph\":[{\"@type\":\"WebPage\",\"@id\":\"https:\/\/www.welovecycling.com\/ee\/2025\/06\/18\/leia-oma-tour-amy-hudsoni-6-300-km-tour-de-francei-valjakutse-mille-sutitas-lachlan-morton\/\",\"url\":\"https:\/\/www.welovecycling.com\/ee\/2025\/06\/18\/leia-oma-tour-amy-hudsoni-6-300-km-tour-de-francei-valjakutse-mille-sutitas-lachlan-morton\/\",\"name\":\"Leia Oma Tour: Amy Hudsoni 6 300 km Tour de France\u2019i v\u00e4ljakutse, mille s\u00fctitas Lachlan Morton - \u0160koda We Love Cycling - Estonia\",\"isPartOf\":{\"@id\":\"https:\/\/www.welovecycling.com\/ee\/#website\"},\"primaryImageOfPage\":{\"@id\":\"https:\/\/www.welovecycling.com\/ee\/2025\/06\/18\/leia-oma-tour-amy-hudsoni-6-300-km-tour-de-francei-valjakutse-mille-sutitas-lachlan-morton\/#primaryimage\"},\"image\":{\"@id\":\"https:\/\/www.welovecycling.com\/ee\/2025\/06\/18\/leia-oma-tour-amy-hudsoni-6-300-km-tour-de-francei-valjakutse-mille-sutitas-lachlan-morton\/#primaryimage\"},\"thumbnailUrl\":\"https:\/\/d2p6e6u75xmxt8.cloudfront.net\/15\/2025\/06\/amy2.webp\",\"datePublished\":\"2025-06-18T12:31:03+00:00\",\"author\":{\"@id\":\"https:\/\/www.welovecycling.com\/ee\/#\/schema\/person\/8b7101c4bd1b1ae9d3732ebb1e6caf57\"},\"inLanguage\":\"et\",\"potentialAction\":[{\"@type\":\"ReadAction\",\"target\":[\"https:\/\/www.welovecycling.com\/ee\/2025\/06\/18\/leia-oma-tour-amy-hudsoni-6-300-km-tour-de-francei-valjakutse-mille-sutitas-lachlan-morton\/\"]}]},{\"@type\":\"ImageObject\",\"inLanguage\":\"et\",\"@id\":\"https:\/\/www.welovecycling.com\/ee\/2025\/06\/18\/leia-oma-tour-amy-hudsoni-6-300-km-tour-de-francei-valjakutse-mille-sutitas-lachlan-morton\/#primaryimage\",\"url\":\"https:\/\/d2p6e6u75xmxt8.cloudfront.net\/15\/2025\/06\/amy2.webp\",\"contentUrl\":\"https:\/\/d2p6e6u75xmxt8.cloudfront.net\/15\/2025\/06\/amy2.webp\",\"width\":894,\"height\":594},{\"@type\":\"WebSite\",\"@id\":\"https:\/\/www.welovecycling.com\/ee\/#website\",\"url\":\"https:\/\/www.welovecycling.com\/ee\/\",\"name\":\"\u0160koda We Love Cycling - Estonia\",\"description\":\"\",\"potentialAction\":[{\"@type\":\"SearchAction\",\"target\":{\"@type\":\"EntryPoint\",\"urlTemplate\":\"https:\/\/www.welovecycling.com\/ee\/?s={search_term_string}\"},\"query-input\":{\"@type\":\"PropertyValueSpecification\",\"valueRequired\":true,\"valueName\":\"search_term_string\"}}],\"inLanguage\":\"et\"},{\"@type\":\"Person\",\"@id\":\"https:\/\/www.welovecycling.com\/ee\/#\/schema\/person\/8b7101c4bd1b1ae9d3732ebb1e6caf57\",\"name\":\"andre\",\"image\":{\"@type\":\"ImageObject\",\"inLanguage\":\"et\",\"@id\":\"https:\/\/www.welovecycling.com\/ee\/#\/schema\/person\/image\/\",\"url\":\"https:\/\/secure.gravatar.com\/avatar\/0656b3224fe17b018f43b8a562625dd43d30827f027b2f62bc5a05711fec9a61?s=96&d=mm&r=g\",\"contentUrl\":\"https:\/\/secure.gravatar.com\/avatar\/0656b3224fe17b018f43b8a562625dd43d30827f027b2f62bc5a05711fec9a61?s=96&d=mm&r=g\",\"caption\":\"andre\"},\"url\":\"https:\/\/www.welovecycling.com\/ee\/author\/andre\/\"}]}<\/script>\n<!-- \/ Yoast SEO Premium plugin. -->","yoast_head_json":{"title":"Leia Oma Tour: Amy Hudsoni 6 300 km Tour de France\u2019i v\u00e4ljakutse, mille s\u00fctitas Lachlan Morton - \u0160koda We Love Cycling - Estonia","robots":{"index":"index","follow":"follow","max-snippet":"max-snippet:-1","max-image-preview":"max-image-preview:large","max-video-preview":"max-video-preview:-1"},"canonical":"https:\/\/www.welovecycling.com\/ee\/2025\/06\/18\/leia-oma-tour-amy-hudsoni-6-300-km-tour-de-francei-valjakutse-mille-sutitas-lachlan-morton\/","og_locale":"et_EE","og_type":"article","og_title":"Leia Oma Tour: Amy Hudsoni 6 300 km Tour de France\u2019i v\u00e4ljakutse, mille s\u00fctitas Lachlan Morton","og_description":"Amy Hudson ei p\u00fc\u00fca v\u00f5ita Tour de France\u2019i. Ta ei p\u00fc\u00fca seda isegi v\u00f5idu s\u00f5ita. Selle asemel teeb ta midagi, [&hellip;]","og_url":"https:\/\/www.welovecycling.com\/ee\/2025\/06\/18\/leia-oma-tour-amy-hudsoni-6-300-km-tour-de-francei-valjakutse-mille-sutitas-lachlan-morton\/","og_site_name":"\u0160koda We Love Cycling - Estonia","article_published_time":"2025-06-18T12:31:03+00:00","og_image":[{"width":894,"height":594,"url":"https:\/\/d2p6e6u75xmxt8.cloudfront.net\/15\/2025\/06\/amy2.webp","type":"image\/webp"}],"author":"andre","twitter_card":"summary_large_image","twitter_misc":{"Written by":"Jiri Kaloc","Est. reading time":"4"},"schema":{"@context":"https:\/\/schema.org","@graph":[{"@type":"WebPage","@id":"https:\/\/www.welovecycling.com\/ee\/2025\/06\/18\/leia-oma-tour-amy-hudsoni-6-300-km-tour-de-francei-valjakutse-mille-sutitas-lachlan-morton\/","url":"https:\/\/www.welovecycling.com\/ee\/2025\/06\/18\/leia-oma-tour-amy-hudsoni-6-300-km-tour-de-francei-valjakutse-mille-sutitas-lachlan-morton\/","name":"Leia Oma Tour: Amy Hudsoni 6 300 km Tour de France\u2019i v\u00e4ljakutse, mille s\u00fctitas Lachlan Morton - \u0160koda We Love Cycling - Estonia","isPartOf":{"@id":"https:\/\/www.welovecycling.com\/ee\/#website"},"primaryImageOfPage":{"@id":"https:\/\/www.welovecycling.com\/ee\/2025\/06\/18\/leia-oma-tour-amy-hudsoni-6-300-km-tour-de-francei-valjakutse-mille-sutitas-lachlan-morton\/#primaryimage"},"image":{"@id":"https:\/\/www.welovecycling.com\/ee\/2025\/06\/18\/leia-oma-tour-amy-hudsoni-6-300-km-tour-de-francei-valjakutse-mille-sutitas-lachlan-morton\/#primaryimage"},"thumbnailUrl":"https:\/\/d2p6e6u75xmxt8.cloudfront.net\/15\/2025\/06\/amy2.webp","datePublished":"2025-06-18T12:31:03+00:00","author":{"@id":"https:\/\/www.welovecycling.com\/ee\/#\/schema\/person\/8b7101c4bd1b1ae9d3732ebb1e6caf57"},"inLanguage":"et","potentialAction":[{"@type":"ReadAction","target":["https:\/\/www.welovecycling.com\/ee\/2025\/06\/18\/leia-oma-tour-amy-hudsoni-6-300-km-tour-de-francei-valjakutse-mille-sutitas-lachlan-morton\/"]}]},{"@type":"ImageObject","inLanguage":"et","@id":"https:\/\/www.welovecycling.com\/ee\/2025\/06\/18\/leia-oma-tour-amy-hudsoni-6-300-km-tour-de-francei-valjakutse-mille-sutitas-lachlan-morton\/#primaryimage","url":"https:\/\/d2p6e6u75xmxt8.cloudfront.net\/15\/2025\/06\/amy2.webp","contentUrl":"https:\/\/d2p6e6u75xmxt8.cloudfront.net\/15\/2025\/06\/amy2.webp","width":894,"height":594},{"@type":"WebSite","@id":"https:\/\/www.welovecycling.com\/ee\/#website","url":"https:\/\/www.welovecycling.com\/ee\/","name":"\u0160koda We Love Cycling - Estonia","description":"","potentialAction":[{"@type":"SearchAction","target":{"@type":"EntryPoint","urlTemplate":"https:\/\/www.welovecycling.com\/ee\/?s={search_term_string}"},"query-input":{"@type":"PropertyValueSpecification","valueRequired":true,"valueName":"search_term_string"}}],"inLanguage":"et"},{"@type":"Person","@id":"https:\/\/www.welovecycling.com\/ee\/#\/schema\/person\/8b7101c4bd1b1ae9d3732ebb1e6caf57","name":"andre","image":{"@type":"ImageObject","inLanguage":"et","@id":"https:\/\/www.welovecycling.com\/ee\/#\/schema\/person\/image\/","url":"https:\/\/secure.gravatar.com\/avatar\/0656b3224fe17b018f43b8a562625dd43d30827f027b2f62bc5a05711fec9a61?s=96&d=mm&r=g","contentUrl":"https:\/\/secure.gravatar.com\/avatar\/0656b3224fe17b018f43b8a562625dd43d30827f027b2f62bc5a05711fec9a61?s=96&d=mm&r=g","caption":"andre"},"url":"https:\/\/www.welovecycling.com\/ee\/author\/andre\/"}]}},"_links":{"self":[{"href":"https:\/\/www.welovecycling.com\/ee\/wp-json\/wp\/v2\/posts\/2722","targetHints":{"allow":["GET"]}}],"collection":[{"href":"https:\/\/www.welovecycling.com\/ee\/wp-json\/wp\/v2\/posts"}],"about":[{"href":"https:\/\/www.welovecycling.com\/ee\/wp-json\/wp\/v2\/types\/post"}],"author":[{"embeddable":true,"href":"https:\/\/www.welovecycling.com\/ee\/wp-json\/wp\/v2\/users\/174"}],"replies":[{"embeddable":true,"href":"https:\/\/www.welovecycling.com\/ee\/wp-json\/wp\/v2\/comments?post=2722"}],"version-history":[{"count":1,"href":"https:\/\/www.welovecycling.com\/ee\/wp-json\/wp\/v2\/posts\/2722\/revisions"}],"predecessor-version":[{"id":2724,"href":"https:\/\/www.welovecycling.com\/ee\/wp-json\/wp\/v2\/posts\/2722\/revisions\/2724"}],"wp:featuredmedia":[{"embeddable":true,"href":"https:\/\/www.welovecycling.com\/ee\/wp-json\/wp\/v2\/media\/2723"}],"wp:attachment":[{"href":"https:\/\/www.welovecycling.com\/ee\/wp-json\/wp\/v2\/media?parent=2722"}],"wp:term":[{"taxonomy":"category","embeddable":true,"href":"https:\/\/www.welovecycling.com\/ee\/wp-json\/wp\/v2\/categories?post=2722"},{"taxonomy":"post_tag","embeddable":true,"href":"https:\/\/www.welovecycling.com\/ee\/wp-json\/wp\/v2\/tags?post=2722"},{"taxonomy":"global-categories","embeddable":true,"href":"https:\/\/www.welovecycling.com\/ee\/wp-json\/wp\/v2\/global-categories?post=2722"}],"curies":[{"name":"wp","href":"https:\/\/api.w.org\/{rel}","templated":true}]}}