{"id":2718,"date":"2025-06-13T14:05:18","date_gmt":"2025-06-13T11:05:18","guid":{"rendered":"https:\/\/www.welovecycling.com\/ee\/?p=2718"},"modified":"2025-06-18T15:31:55","modified_gmt":"2025-06-18T12:31:55","slug":"leia-oma-tuur-kuidas-rattasoit-muutis-amy-hudsoni-elu-ja-viis-ta-tour-de-franceile","status":"publish","type":"post","link":"https:\/\/www.welovecycling.com\/ee\/2025\/06\/13\/leia-oma-tuur-kuidas-rattasoit-muutis-amy-hudsoni-elu-ja-viis-ta-tour-de-franceile\/","title":{"rendered":"Leia Oma Tour: Kuidas rattas\u00f5it muutis Amy Hudsoni elu ja viis ta Tour de France&#8217;ile"},"content":{"rendered":"<h4 data-start=\"308\" data-end=\"683\"><strong>Enamiku ratturite unistus on j\u00e4lgida Tour de France\u2019i raja \u00e4\u00e4rest. Amy Hudsoni unistus on see hoopis l\u00e4bi s\u00f5ita \u2014 iga etapp, iga \u00fcles\u00f5it \u2014 amat\u00f6\u00f6rina, kellel pole profilepingut, v\u00f5istlustausta ega aastatepikkust kogemust. Sel suvel plaanib ta l\u00e4bida \u00fcle 6300 kilomeetri Prantsusmaal, alustades n\u00e4dal enne professionaale ja l\u00f5petades vaid p\u00e4ev enne neid.<\/strong><\/h4>\n<p data-start=\"685\" data-end=\"890\">Amy jaoks pole see kuulsuse ega esikoha p\u00e4rast. See on isiklike piiride nihutamine, t\u00f5estamaks, et tavalised inimesed on v\u00f5imelised erakordseteks tegudeks \u2014 ning et t\u00f5sta teadlikkust vaimse tervise teemal.<\/p>\n<h2 data-start=\"892\" data-end=\"933\">Ta hakkas rattaga s\u00f5itma 25-aastaselt<\/h2>\n<p data-start=\"935\" data-end=\"995\">Inglismaal \u00fcles kasvanud Amy oli aktiivne, aga mitte rattal.<\/p>\n<p data-start=\"997\" data-end=\"1216\">\u201e\u00d5ppisin ratta s\u00f5itma juba viieselt, nagu enamik, aga ega ma palju sellel ajal\u00a0 ei s\u00f5itnud,\u201c r\u00e4\u00e4gib ta. \u201eMe k\u00e4isime perega vahel p\u00e4rast kooli rattaga s\u00f5itmas, v\u00f5ib-olla kord kuus, aga mind huvitas rohkem ujumine ja tantsimine.\u201c<\/p>\n<p data-start=\"1218\" data-end=\"1399\">Hiljem alustas ta jooksmisega, kuid see ei olnud Amyle sobiv spordiala.<br data-start=\"1278\" data-end=\"1281\" \/>\u201eTeismeeas jooksin palju,\u201c \u00fctleb ta. \u201eAga jooksmine oli alati justkui kalorite p\u00f5letamise viis. See polnud tervislik.\u201c<\/p>\n<p data-start=\"1401\" data-end=\"1469\">Rattas\u00f5it tuli tema ellu alles 25-aastaselt \u2014 ja v\u00e4ga raskel hetkel.<\/p>\n<h2 data-start=\"1471\" data-end=\"1497\">Ratas, mis muutis k\u00f5ik<\/h2>\n<p data-start=\"1499\" data-end=\"1580\">Amy t\u00f6\u00f6tas vaimse tervise \u00f5ena, kui tal tekkis l\u00e4bip\u00f5lemine ja ta pidi t\u00f6\u00f6lt lahkuma.<\/p>\n<p data-start=\"1582\" data-end=\"1850\">\u201eMa olin lihtsalt v\u00e4ga l\u00e4bi,\u201c \u00fctleb ta. \u201eSiis mu abikaasa Kyle ostis mulle t\u00e4iesti juhuslikult ratta. Ma ei palunud seda, aga ta teadis, et mulle meeldib \u00f5ues olla. Ta m\u00f5tles, et kui mul on ratas, saan pikemalt v\u00e4ljas olla ja ehk see aitab mul j\u00e4lle r\u00f5\u00f5msamaks saada.\u201c<\/p>\n<p data-start=\"1852\" data-end=\"2023\">See polnud v\u00f5istlusratas, vaid tavaline mudel Halfordsist. Amy tegema koos oma isaga l\u00fchikesi s\u00f5ite , kes oli alati nautinud rattas\u00f5itu, kuid ei olnud kunagi v\u00f5stelnud.<\/p>\n<p data-start=\"2025\" data-end=\"2257\">\u201eMu isa on selline t\u00fc\u00fcp, kes s\u00f5idab T-s\u00e4rgi ja l\u00fchikeste p\u00fckstega, ei mingeid rattakingi ega klotse, lihtsalt tavalised tossud. Aga talle meeldib s\u00f5ita m\u00e4giseid radu,\u201c naerab ta. \u201eMeie esimene s\u00f5it oli umbes 64 km, t\u00e4is t\u00f5use, Peak Districtis.\u201c<\/p>\n<p data-start=\"2259\" data-end=\"2406\">Need s\u00f5idud \u2014 vabad, vaiksed ja ootusteta \u2014 olid t\u00e4pselt see, mida Amy vajas. Erinevalt ujumisest v\u00f5i jooksmisest ei kaasnenud rattas\u00f5iduga survet.<\/p>\n<p data-start=\"2408\" data-end=\"2699\">\u201eRattas\u00f5it ei olnud seotud survega,\u201c \u00fctleb ta. \u201eUjumine oli seotud v\u00f5istlemisega ja tundus pingeline. Jooksmine oli minu jaoks ebatervislik \u2014 see t\u00e4hendas kalorite p\u00f5letamist. Aga rattas\u00f5it oli lihtsalt mina ja mu isa. Polnud vahet kiirusel ega distantsil. See oli lihtsalt \u00fcks p\u00e4ev v\u00e4ljas.\u201c<\/p>\n<h2 data-start=\"2701\" data-end=\"2735\">Armumine pikkadesse s\u00f5itudesse<\/h2>\n<p data-start=\"2737\" data-end=\"2821\">Mitte kaua p\u00e4rast alustamist tundis Amy, et teda t\u00f5mbab aina pikemate s\u00f5itude poole.<\/p>\n<p data-start=\"2823\" data-end=\"3050\">\u201eUmbes kuus kuud hiljem \u00fctles isa, et ta on alati tahtnud teha North Coast 500\u2019t, 800-kilomeetrist ringi \u0160otimaal,\u201c r\u00e4\u00e4gib ta. \u201eMe tegime selle koos \u00e4ra \u2014 ja ma tundsin, et mu pea sai selgeks. Ma armusin t\u00e4ielikult rattas\u00f5itu.\u201c<\/p>\n<blockquote class=\"instagram-media\" style=\"background: #FFF; border: 0; border-radius: 3px; box-shadow: 0 0 1px 0 rgba(0,0,0,0.5),0 1px 10px 0 rgba(0,0,0,0.15); margin: 1px; max-width: 540px; min-width: 326px; padding: 0; width: calc(100% - 2px);\" data-instgrm-captioned=\"\" data-instgrm-permalink=\"https:\/\/www.instagram.com\/p\/CUNjGe_sU-f\/?utm_source=ig_embed&amp;utm_campaign=loading\" data-instgrm-version=\"14\">\n<div style=\"padding: 16px;\">\n<p>&nbsp;<\/p>\n<div style=\"display: flex; flex-direction: row; align-items: center;\">\n<div style=\"background-color: #f4f4f4; border-radius: 50%; flex-grow: 0; height: 40px; margin-right: 14px; width: 40px;\"><\/div>\n<div style=\"display: flex; flex-direction: column; flex-grow: 1; justify-content: center;\">\n<div style=\"background-color: #f4f4f4; border-radius: 4px; flex-grow: 0; height: 14px; margin-bottom: 6px; width: 100px;\"><\/div>\n<div style=\"background-color: #f4f4f4; border-radius: 4px; flex-grow: 0; height: 14px; width: 60px;\"><\/div>\n<\/div>\n<\/div>\n<div style=\"padding: 19% 0;\"><\/div>\n<div style=\"display: block; height: 50px; margin: 0 auto 12px; width: 50px;\"><\/div>\n<div style=\"padding-top: 8px;\">\n<div style=\"color: #3897f0; font-family: Arial,sans-serif; font-size: 14px; font-style: normal; font-weight: 550; line-height: 18px;\">View this post on Instagram<\/div>\n<\/div>\n<div style=\"padding: 12.5% 0;\"><\/div>\n<div style=\"display: flex; flex-direction: row; margin-bottom: 14px; align-items: center;\">\n<div>\n<div style=\"background-color: #f4f4f4; border-radius: 50%; height: 12.5px; width: 12.5px; transform: translateX(0px) translateY(7px);\"><\/div>\n<div style=\"background-color: #f4f4f4; height: 12.5px; transform: rotate(-45deg) translateX(3px) translateY(1px); width: 12.5px; flex-grow: 0; margin-right: 14px; margin-left: 2px;\"><\/div>\n<div style=\"background-color: #f4f4f4; border-radius: 50%; height: 12.5px; width: 12.5px; transform: translateX(9px) translateY(-18px);\"><\/div>\n<\/div>\n<div style=\"margin-left: 8px;\">\n<div style=\"background-color: #f4f4f4; border-radius: 50%; flex-grow: 0; height: 20px; width: 20px;\"><\/div>\n<div style=\"width: 0; height: 0; border-top: 2px solid transparent; border-left: 6px solid #f4f4f4; border-bottom: 2px solid transparent; transform: translateX(16px) translateY(-4px) rotate(30deg);\"><\/div>\n<\/div>\n<div style=\"margin-left: auto;\">\n<div style=\"width: 0px; border-top: 8px solid #F4F4F4; border-right: 8px solid transparent; transform: translateY(16px);\"><\/div>\n<div style=\"background-color: #f4f4f4; flex-grow: 0; height: 12px; width: 16px; transform: translateY(-4px);\"><\/div>\n<div style=\"width: 0; height: 0; border-top: 8px solid #F4F4F4; border-left: 8px solid transparent; transform: translateY(-4px) translateX(8px);\"><\/div>\n<\/div>\n<\/div>\n<div style=\"display: flex; flex-direction: column; flex-grow: 1; justify-content: center; margin-bottom: 24px;\">\n<div style=\"background-color: #f4f4f4; border-radius: 4px; flex-grow: 0; height: 14px; margin-bottom: 6px; width: 224px;\"><\/div>\n<div style=\"background-color: #f4f4f4; border-radius: 4px; flex-grow: 0; height: 14px; width: 144px;\"><\/div>\n<\/div>\n<p>&nbsp;<\/p>\n<p style=\"color: #c9c8cd; font-family: Arial,sans-serif; font-size: 14px; line-height: 17px; margin-bottom: 0; margin-top: 8px; overflow: hidden; padding: 8px 0 7px; text-align: center; text-overflow: ellipsis; white-space: nowrap;\"><a style=\"color: #c9c8cd; font-family: Arial,sans-serif; font-size: 14px; font-style: normal; font-weight: normal; line-height: 17px; text-decoration: none;\" href=\"https:\/\/www.instagram.com\/p\/CUNjGe_sU-f\/?utm_source=ig_embed&amp;utm_campaign=loading\" target=\"_blank\" rel=\"noopener\">A post shared by Amy Hudson (@amy.cycling.adventures)<\/a><\/p>\n<\/div>\n<\/blockquote>\n<p><script async src=\"\/\/www.instagram.com\/embed.js\"><\/script><\/p>\n<p data-start=\"3052\" data-end=\"3126\">Kuigi Amy proovis vahepeal ka kriteeriumiv\u00f5istlusi, ei sobinud need talle.<\/p>\n<p data-start=\"3128\" data-end=\"3402\">\u201eT\u00f5usin Cat 3 tasemele ja proovisin j\u00f5uda Cat 2-ni, aga see ei pakkunud mulle r\u00f5\u00f5mu,\u201c \u00fctleb ta. \u201eSee tundus k\u00f5ik peale surutuna ja ma ei tahtnud kurvides kukkuda. See ei olnud minu maailm. Mulle meeldib vastupidavus. Ma saan minna oma tempoga, olla looduses. Ikka pingutan, aga teistmoodi.\u201c<\/p>\n<p data-start=\"3404\" data-end=\"3538\">Varsti liikus ta juhuslikest s\u00f5itudest \u00fcksikutele seiklustele. \u00dcks esimesi oli 190 miili (umbes 300 km) pikkune s\u00f5it koju perereisilt.<\/p>\n<p data-start=\"3540\" data-end=\"3751\">\u201eOlime matkaautoga, 300 kilomeetri kaugusel kodust,\u201c meenutab ta. \u201e\u00dctlesin lihtsalt: \u201eMa s\u00f5idan sealt rattaga koju.\u201c Mul oli jooksuv\u00f6\u00f6, pump ja m\u00f5ned sn\u00e4kid. Ei mingit Lycra\u2019t, ei kinga klotse. Ja ma tegin selle \u00e4ra.\u201c<\/p>\n<p data-start=\"3753\" data-end=\"3864\">See s\u00f5it s\u00fctitas midagi. \u201eSellest hetkest alates m\u00f5tlesin, et okei, vaatame, kui kaugele ma veel minna suudan.\u201c<\/p>\n<h2 data-start=\"3866\" data-end=\"3903\">T\u00f5estades, et ta ei ole allaandja<\/h2>\n<p data-start=\"3905\" data-end=\"4015\">Sel ajal p\u00fc\u00fcdis Amy endiselt oma elu uuesti \u00fcles ehitada p\u00e4rast \u00f5endust\u00f6\u00f6 katkestamist. Kaotustunne oli s\u00fcgav.<\/p>\n<p data-start=\"4017\" data-end=\"4338\">\u201eMa \u00f5ppisin \u00fclikoolis neli aastat, sain magistrikraadi, olin kolm aastat \u00f5de,\u201c \u00fctleb ta. \u201eJa siis see k\u00f5ik lihtsalt kadus, sest ma polnud piisavalt terve, et j\u00e4tkata. Pidin t\u00f6\u00f6lt lahkuma. Andsin ujumise tunde , et veidi raha teenida, ja mul polnud suurt midagi. Ma tundsin end v\u00e4\u00e4rtusetuna, nagu t\u00e4ielik l\u00e4bikukkuja.\u201c<\/p>\n<p data-start=\"4340\" data-end=\"4421\">Rattas\u00f5it andis talle midagi muud \u2014 v\u00f5imaluse midagi t\u00f5estada endale ja teistele.<\/p>\n<p data-start=\"4423\" data-end=\"4816\">\u201eTahtsin t\u00f5estada, et ma suudan teha raskeid asju,\u201c \u00fctleb ta. \u201eInimesed arvasid, et \u201eAh, sa lahkusid t\u00f6\u00f6lt, sest ei tulnud toime,\u201c aga see ei t\u00e4henda, et ma olen n\u00f5rk. See on \u00fcks p\u00f5hjus, miks ma neid v\u00e4ljakutseid teen \u2014 ma ei taha olla allaandja. See matkaauto-s\u00f5it toimus kohe p\u00e4rast t\u00f6\u00f6lt lahkumist. Me l\u00e4ksime Walesi rahu otsima ja ma m\u00f5tlesin: \u201eMa tahan t\u00f5estada, et ma ei ole allaandja.\u201c\u201c<\/p>\n<p data-start=\"4423\" data-end=\"4816\"><iframe loading=\"lazy\" title=\"YouTube video player\" src=\"https:\/\/www.youtube-nocookie.com\/embed\/zBJymRm4Jxo?si=oK3FgLLtHqx0g-sX\" width=\"560\" height=\"315\" frameborder=\"0\" allowfullscreen=\"allowfullscreen\"><\/iframe><\/p>\n<h2 data-start=\"4818\" data-end=\"4848\">Rattas\u00f5it, mis inspireerib<\/h2>\n<p data-start=\"4850\" data-end=\"4924\">Aja jooksul muutus rattas\u00f5it Amy jaoks millekski palju suuremaks kui hobi.<\/p>\n<p data-start=\"4926\" data-end=\"5117\">\u201eHakkasin oma s\u00f5ite dokumenteerima. Alguses ei tahtnud ma teha ei fotosid ega videosid, mul oli piinlik. Aga siis m\u00f5tlesin, et kui ma saan kas v\u00f5i \u00fchte inimest sellega aidata, siis on see seda v\u00e4\u00e4rt.\u201c<\/p>\n<p data-start=\"5119\" data-end=\"5273\">T\u00e4naseks on Amyst saanud vastupidavusrattur ja vaimse tervise eestk\u00f5neleja, kellel on kasvav j\u00e4lgijaskond. Kuid ta r\u00f5hutab, et ei tee seda kuulsuse nimel.<\/p>\n<p data-start=\"5275\" data-end=\"5527\">\u201eMa ei ole proff ja ma ei taha see ka olla,\u201c \u00fctleb ta. \u201eMa s\u00f5idan rattaga, sest ma armastan seda, ja teen videoid, sest tahan inimesi inspireerida. Keegi kirjutas mulle kord: \u201eSa ei ole influencer, sa oled inspiratsioon.\u201c Ma m\u00f5tlesin, jah, mulle meeldib see.\u201c<\/p>\n<h2 data-start=\"5529\" data-end=\"5557\">Amy seni suurim katsumus<\/h2>\n<p data-start=\"5559\" data-end=\"5775\">Sel suvel seisab ees Amy suurim seiklus: l\u00e4bida kogu 2025. aasta Tour de France\u2019i rada, koos \u00fcles\u00f5itudega etappide vahel \u2014 \u00fcle 6 300 kilomeetri 30 p\u00e4evaga, kahe puhkep\u00e4evaga, alustades n\u00e4dal enne profis\u00f5itjaid.<\/p>\n<p data-start=\"5777\" data-end=\"5876\">\u201eOli aeg, mil ma ei tahtnud enam siin olla,\u201c \u00fctleb ta. \u201eRatas on suur p\u00f5hjus, miks ma siiski olen.\u201c<\/p>\n<p data-start=\"5878\" data-end=\"5973\"><strong data-start=\"5878\" data-end=\"5973\">J\u00e4rgmisel n\u00e4dalal vaatame l\u00e4hemalt, mis inspireeris Amyt seda suurt v\u00e4ljakutset ette v\u00f5tma.<\/strong><\/p>\n<hr data-start=\"5975\" data-end=\"5978\" \/>\n<p data-start=\"5980\" data-end=\"5997\"><strong data-start=\"5980\" data-end=\"5997\">Amy Hudsonist<\/strong><\/p>\n<p data-start=\"5999\" data-end=\"6622\">Amy Hudson on Briti vastupidavusrattur ja vaimse tervise eestk\u00f5neleja, kes armus rattas\u00f5itu alles neli aastat tagasi. Sellest ajast alates on ta l\u00f5petanud mitmeid \u00e4\u00e4rmuslikke kaugv\u00f5istlusi, sealhulgas North Coast 500, 24-tunni eraldistardi, Paris-Brest-Paris (1 200 km), All Points North (1 000 km) ja Land\u2019s End to John o\u2019Groats \u2013 klassikaline Inglismaad l\u00e4biv s\u00f5it pikkusega ligi 1 400 km. Isiklike raskuste \u00fcletamisest ja vastupidavuse piiride kompamisest on Amy j\u00f5udnud punkti, kus ta jagab oma kirge <a href=\"https:\/\/www.youtube.com\/@amy.cycling.adventures\">YouTube\u2019is<\/a>, Instagramis ja <a href=\"https:\/\/www.strava.com\/athletes\/30216361\">Stravas<\/a>, innustades teisi p\u00fcstitama suuri eesm\u00e4rke \u2014 olenemata sellest, kust nad alustavad.<\/p>\n","protected":false},"excerpt":{"rendered":"<p>Enamiku ratturite unistus on j\u00e4lgida Tour de France\u2019i raja \u00e4\u00e4rest. Amy Hudsoni unistus on see hoopis l\u00e4bi s\u00f5ita \u2014 iga [&hellip;]<\/p>\n","protected":false},"author":174,"featured_media":2719,"comment_status":"open","ping_status":"open","sticky":false,"template":"","format":"standard","meta":{"footnotes":""},"categories":[39],"tags":[440,441,309,442,415,14],"global-categories":[22],"class_list":["post-2718","post","type-post","status-publish","format-standard","has-post-thumbnail","hentry","category-maanteesoit","tag-findyourtour","tag-leiaomatour","tag-2025-tour","tag-amy-hudson","tag-leia-oma-tour","tag-tour-de-france","global-categories-cycling"],"yoast_head":"<!-- This site is optimized with the Yoast SEO Premium plugin v25.3 (Yoast SEO v25.9) - https:\/\/yoast.com\/wordpress\/plugins\/seo\/ -->\n<title>Leia Oma Tour: Kuidas rattas\u00f5it muutis Amy Hudsoni elu ja viis ta Tour de France&#039;ile - \u0160koda We Love Cycling - Estonia<\/title>\n<meta name=\"description\" content=\"Enamiku ratturite unistus on j\u00e4lgida Tour de France\u2019i raja \u00e4\u00e4rest. Amy Hudsoni unistus on see hoopis l\u00e4bi s\u00f5ita \u2014 iga etapp, iga \u00fcles\u00f5it \u2014 amat\u00f6\u00f6rina, kellel pole profilepingut, v\u00f5istlustausta ega aastatepikkust kogemust. Sel suvel plaanib ta l\u00e4bida \u00fcle 6300 kilomeetri Prantsusmaal, alustades n\u00e4dal enne professionaale ja l\u00f5petades vaid p\u00e4ev enne neid.\" \/>\n<meta name=\"robots\" content=\"index, follow, max-snippet:-1, max-image-preview:large, max-video-preview:-1\" \/>\n<link rel=\"canonical\" href=\"https:\/\/www.welovecycling.com\/ee\/2025\/06\/13\/leia-oma-tuur-kuidas-rattasoit-muutis-amy-hudsoni-elu-ja-viis-ta-tour-de-franceile\/\" \/>\n<meta property=\"og:locale\" content=\"et_EE\" \/>\n<meta property=\"og:type\" content=\"article\" \/>\n<meta property=\"og:title\" content=\"Leia Oma Tour: Kuidas rattas\u00f5it muutis Amy Hudsoni elu ja viis ta Tour de France&#039;ile\" \/>\n<meta property=\"og:description\" content=\"Enamiku ratturite unistus on j\u00e4lgida Tour de France\u2019i raja \u00e4\u00e4rest. Amy Hudsoni unistus on see hoopis l\u00e4bi s\u00f5ita \u2014 iga etapp, iga \u00fcles\u00f5it \u2014 amat\u00f6\u00f6rina, kellel pole profilepingut, v\u00f5istlustausta ega aastatepikkust kogemust. Sel suvel plaanib ta l\u00e4bida \u00fcle 6300 kilomeetri Prantsusmaal, alustades n\u00e4dal enne professionaale ja l\u00f5petades vaid p\u00e4ev enne neid.\" \/>\n<meta property=\"og:url\" content=\"https:\/\/www.welovecycling.com\/ee\/2025\/06\/13\/leia-oma-tuur-kuidas-rattasoit-muutis-amy-hudsoni-elu-ja-viis-ta-tour-de-franceile\/\" \/>\n<meta property=\"og:site_name\" content=\"\u0160koda We Love Cycling - Estonia\" \/>\n<meta property=\"article:published_time\" content=\"2025-06-13T11:05:18+00:00\" \/>\n<meta property=\"article:modified_time\" content=\"2025-06-18T12:31:55+00:00\" \/>\n<meta property=\"og:image\" content=\"https:\/\/d2p6e6u75xmxt8.cloudfront.net\/15\/2025\/06\/amy-tour.webp\" \/>\n\t<meta property=\"og:image:width\" content=\"889\" \/>\n\t<meta property=\"og:image:height\" content=\"594\" \/>\n\t<meta property=\"og:image:type\" content=\"image\/webp\" \/>\n<meta name=\"author\" content=\"andre\" \/>\n<meta name=\"twitter:card\" content=\"summary_large_image\" \/>\n<meta name=\"twitter:label1\" content=\"Written by\" \/>\n\t<meta name=\"twitter:data1\" content=\"Jiri Kaloc\" \/>\n\t<meta name=\"twitter:label2\" content=\"Est. reading time\" \/>\n\t<meta name=\"twitter:data2\" content=\"6\" \/>\n<script type=\"application\/ld+json\" class=\"yoast-schema-graph\">{\"@context\":\"https:\/\/schema.org\",\"@graph\":[{\"@type\":\"WebPage\",\"@id\":\"https:\/\/www.welovecycling.com\/ee\/2025\/06\/13\/leia-oma-tuur-kuidas-rattasoit-muutis-amy-hudsoni-elu-ja-viis-ta-tour-de-franceile\/\",\"url\":\"https:\/\/www.welovecycling.com\/ee\/2025\/06\/13\/leia-oma-tuur-kuidas-rattasoit-muutis-amy-hudsoni-elu-ja-viis-ta-tour-de-franceile\/\",\"name\":\"Leia Oma Tour: Kuidas rattas\u00f5it muutis Amy Hudsoni elu ja viis ta Tour de France'ile - \u0160koda We Love Cycling - Estonia\",\"isPartOf\":{\"@id\":\"https:\/\/www.welovecycling.com\/ee\/#website\"},\"primaryImageOfPage\":{\"@id\":\"https:\/\/www.welovecycling.com\/ee\/2025\/06\/13\/leia-oma-tuur-kuidas-rattasoit-muutis-amy-hudsoni-elu-ja-viis-ta-tour-de-franceile\/#primaryimage\"},\"image\":{\"@id\":\"https:\/\/www.welovecycling.com\/ee\/2025\/06\/13\/leia-oma-tuur-kuidas-rattasoit-muutis-amy-hudsoni-elu-ja-viis-ta-tour-de-franceile\/#primaryimage\"},\"thumbnailUrl\":\"https:\/\/d2p6e6u75xmxt8.cloudfront.net\/15\/2025\/06\/amy-tour.webp\",\"datePublished\":\"2025-06-13T11:05:18+00:00\",\"dateModified\":\"2025-06-18T12:31:55+00:00\",\"author\":{\"@id\":\"https:\/\/www.welovecycling.com\/ee\/#\/schema\/person\/8b7101c4bd1b1ae9d3732ebb1e6caf57\"},\"description\":\"Enamiku ratturite unistus on j\u00e4lgida Tour de France\u2019i raja \u00e4\u00e4rest. Amy Hudsoni unistus on see hoopis l\u00e4bi s\u00f5ita \u2014 iga etapp, iga \u00fcles\u00f5it \u2014 amat\u00f6\u00f6rina, kellel pole profilepingut, v\u00f5istlustausta ega aastatepikkust kogemust. Sel suvel plaanib ta l\u00e4bida \u00fcle 6300 kilomeetri Prantsusmaal, alustades n\u00e4dal enne professionaale ja l\u00f5petades vaid p\u00e4ev enne neid.\",\"inLanguage\":\"et\",\"potentialAction\":[{\"@type\":\"ReadAction\",\"target\":[\"https:\/\/www.welovecycling.com\/ee\/2025\/06\/13\/leia-oma-tuur-kuidas-rattasoit-muutis-amy-hudsoni-elu-ja-viis-ta-tour-de-franceile\/\"]}]},{\"@type\":\"ImageObject\",\"inLanguage\":\"et\",\"@id\":\"https:\/\/www.welovecycling.com\/ee\/2025\/06\/13\/leia-oma-tuur-kuidas-rattasoit-muutis-amy-hudsoni-elu-ja-viis-ta-tour-de-franceile\/#primaryimage\",\"url\":\"https:\/\/d2p6e6u75xmxt8.cloudfront.net\/15\/2025\/06\/amy-tour.webp\",\"contentUrl\":\"https:\/\/d2p6e6u75xmxt8.cloudfront.net\/15\/2025\/06\/amy-tour.webp\",\"width\":889,\"height\":594},{\"@type\":\"WebSite\",\"@id\":\"https:\/\/www.welovecycling.com\/ee\/#website\",\"url\":\"https:\/\/www.welovecycling.com\/ee\/\",\"name\":\"\u0160koda We Love Cycling - Estonia\",\"description\":\"\",\"potentialAction\":[{\"@type\":\"SearchAction\",\"target\":{\"@type\":\"EntryPoint\",\"urlTemplate\":\"https:\/\/www.welovecycling.com\/ee\/?s={search_term_string}\"},\"query-input\":{\"@type\":\"PropertyValueSpecification\",\"valueRequired\":true,\"valueName\":\"search_term_string\"}}],\"inLanguage\":\"et\"},{\"@type\":\"Person\",\"@id\":\"https:\/\/www.welovecycling.com\/ee\/#\/schema\/person\/8b7101c4bd1b1ae9d3732ebb1e6caf57\",\"name\":\"andre\",\"image\":{\"@type\":\"ImageObject\",\"inLanguage\":\"et\",\"@id\":\"https:\/\/www.welovecycling.com\/ee\/#\/schema\/person\/image\/\",\"url\":\"https:\/\/secure.gravatar.com\/avatar\/0656b3224fe17b018f43b8a562625dd43d30827f027b2f62bc5a05711fec9a61?s=96&d=mm&r=g\",\"contentUrl\":\"https:\/\/secure.gravatar.com\/avatar\/0656b3224fe17b018f43b8a562625dd43d30827f027b2f62bc5a05711fec9a61?s=96&d=mm&r=g\",\"caption\":\"andre\"},\"url\":\"https:\/\/www.welovecycling.com\/ee\/author\/andre\/\"}]}<\/script>\n<!-- \/ Yoast SEO Premium plugin. -->","yoast_head_json":{"title":"Leia Oma Tour: Kuidas rattas\u00f5it muutis Amy Hudsoni elu ja viis ta Tour de France'ile - \u0160koda We Love Cycling - Estonia","description":"Enamiku ratturite unistus on j\u00e4lgida Tour de France\u2019i raja \u00e4\u00e4rest. Amy Hudsoni unistus on see hoopis l\u00e4bi s\u00f5ita \u2014 iga etapp, iga \u00fcles\u00f5it \u2014 amat\u00f6\u00f6rina, kellel pole profilepingut, v\u00f5istlustausta ega aastatepikkust kogemust. Sel suvel plaanib ta l\u00e4bida \u00fcle 6300 kilomeetri Prantsusmaal, alustades n\u00e4dal enne professionaale ja l\u00f5petades vaid p\u00e4ev enne neid.","robots":{"index":"index","follow":"follow","max-snippet":"max-snippet:-1","max-image-preview":"max-image-preview:large","max-video-preview":"max-video-preview:-1"},"canonical":"https:\/\/www.welovecycling.com\/ee\/2025\/06\/13\/leia-oma-tuur-kuidas-rattasoit-muutis-amy-hudsoni-elu-ja-viis-ta-tour-de-franceile\/","og_locale":"et_EE","og_type":"article","og_title":"Leia Oma Tour: Kuidas rattas\u00f5it muutis Amy Hudsoni elu ja viis ta Tour de France'ile","og_description":"Enamiku ratturite unistus on j\u00e4lgida Tour de France\u2019i raja \u00e4\u00e4rest. Amy Hudsoni unistus on see hoopis l\u00e4bi s\u00f5ita \u2014 iga etapp, iga \u00fcles\u00f5it \u2014 amat\u00f6\u00f6rina, kellel pole profilepingut, v\u00f5istlustausta ega aastatepikkust kogemust. Sel suvel plaanib ta l\u00e4bida \u00fcle 6300 kilomeetri Prantsusmaal, alustades n\u00e4dal enne professionaale ja l\u00f5petades vaid p\u00e4ev enne neid.","og_url":"https:\/\/www.welovecycling.com\/ee\/2025\/06\/13\/leia-oma-tuur-kuidas-rattasoit-muutis-amy-hudsoni-elu-ja-viis-ta-tour-de-franceile\/","og_site_name":"\u0160koda We Love Cycling - Estonia","article_published_time":"2025-06-13T11:05:18+00:00","article_modified_time":"2025-06-18T12:31:55+00:00","og_image":[{"width":889,"height":594,"url":"https:\/\/d2p6e6u75xmxt8.cloudfront.net\/15\/2025\/06\/amy-tour.webp","type":"image\/webp"}],"author":"andre","twitter_card":"summary_large_image","twitter_misc":{"Written by":"Jiri Kaloc","Est. reading time":"6"},"schema":{"@context":"https:\/\/schema.org","@graph":[{"@type":"WebPage","@id":"https:\/\/www.welovecycling.com\/ee\/2025\/06\/13\/leia-oma-tuur-kuidas-rattasoit-muutis-amy-hudsoni-elu-ja-viis-ta-tour-de-franceile\/","url":"https:\/\/www.welovecycling.com\/ee\/2025\/06\/13\/leia-oma-tuur-kuidas-rattasoit-muutis-amy-hudsoni-elu-ja-viis-ta-tour-de-franceile\/","name":"Leia Oma Tour: Kuidas rattas\u00f5it muutis Amy Hudsoni elu ja viis ta Tour de France'ile - \u0160koda We Love Cycling - Estonia","isPartOf":{"@id":"https:\/\/www.welovecycling.com\/ee\/#website"},"primaryImageOfPage":{"@id":"https:\/\/www.welovecycling.com\/ee\/2025\/06\/13\/leia-oma-tuur-kuidas-rattasoit-muutis-amy-hudsoni-elu-ja-viis-ta-tour-de-franceile\/#primaryimage"},"image":{"@id":"https:\/\/www.welovecycling.com\/ee\/2025\/06\/13\/leia-oma-tuur-kuidas-rattasoit-muutis-amy-hudsoni-elu-ja-viis-ta-tour-de-franceile\/#primaryimage"},"thumbnailUrl":"https:\/\/d2p6e6u75xmxt8.cloudfront.net\/15\/2025\/06\/amy-tour.webp","datePublished":"2025-06-13T11:05:18+00:00","dateModified":"2025-06-18T12:31:55+00:00","author":{"@id":"https:\/\/www.welovecycling.com\/ee\/#\/schema\/person\/8b7101c4bd1b1ae9d3732ebb1e6caf57"},"description":"Enamiku ratturite unistus on j\u00e4lgida Tour de France\u2019i raja \u00e4\u00e4rest. Amy Hudsoni unistus on see hoopis l\u00e4bi s\u00f5ita \u2014 iga etapp, iga \u00fcles\u00f5it \u2014 amat\u00f6\u00f6rina, kellel pole profilepingut, v\u00f5istlustausta ega aastatepikkust kogemust. Sel suvel plaanib ta l\u00e4bida \u00fcle 6300 kilomeetri Prantsusmaal, alustades n\u00e4dal enne professionaale ja l\u00f5petades vaid p\u00e4ev enne neid.","inLanguage":"et","potentialAction":[{"@type":"ReadAction","target":["https:\/\/www.welovecycling.com\/ee\/2025\/06\/13\/leia-oma-tuur-kuidas-rattasoit-muutis-amy-hudsoni-elu-ja-viis-ta-tour-de-franceile\/"]}]},{"@type":"ImageObject","inLanguage":"et","@id":"https:\/\/www.welovecycling.com\/ee\/2025\/06\/13\/leia-oma-tuur-kuidas-rattasoit-muutis-amy-hudsoni-elu-ja-viis-ta-tour-de-franceile\/#primaryimage","url":"https:\/\/d2p6e6u75xmxt8.cloudfront.net\/15\/2025\/06\/amy-tour.webp","contentUrl":"https:\/\/d2p6e6u75xmxt8.cloudfront.net\/15\/2025\/06\/amy-tour.webp","width":889,"height":594},{"@type":"WebSite","@id":"https:\/\/www.welovecycling.com\/ee\/#website","url":"https:\/\/www.welovecycling.com\/ee\/","name":"\u0160koda We Love Cycling - Estonia","description":"","potentialAction":[{"@type":"SearchAction","target":{"@type":"EntryPoint","urlTemplate":"https:\/\/www.welovecycling.com\/ee\/?s={search_term_string}"},"query-input":{"@type":"PropertyValueSpecification","valueRequired":true,"valueName":"search_term_string"}}],"inLanguage":"et"},{"@type":"Person","@id":"https:\/\/www.welovecycling.com\/ee\/#\/schema\/person\/8b7101c4bd1b1ae9d3732ebb1e6caf57","name":"andre","image":{"@type":"ImageObject","inLanguage":"et","@id":"https:\/\/www.welovecycling.com\/ee\/#\/schema\/person\/image\/","url":"https:\/\/secure.gravatar.com\/avatar\/0656b3224fe17b018f43b8a562625dd43d30827f027b2f62bc5a05711fec9a61?s=96&d=mm&r=g","contentUrl":"https:\/\/secure.gravatar.com\/avatar\/0656b3224fe17b018f43b8a562625dd43d30827f027b2f62bc5a05711fec9a61?s=96&d=mm&r=g","caption":"andre"},"url":"https:\/\/www.welovecycling.com\/ee\/author\/andre\/"}]}},"_links":{"self":[{"href":"https:\/\/www.welovecycling.com\/ee\/wp-json\/wp\/v2\/posts\/2718","targetHints":{"allow":["GET"]}}],"collection":[{"href":"https:\/\/www.welovecycling.com\/ee\/wp-json\/wp\/v2\/posts"}],"about":[{"href":"https:\/\/www.welovecycling.com\/ee\/wp-json\/wp\/v2\/types\/post"}],"author":[{"embeddable":true,"href":"https:\/\/www.welovecycling.com\/ee\/wp-json\/wp\/v2\/users\/174"}],"replies":[{"embeddable":true,"href":"https:\/\/www.welovecycling.com\/ee\/wp-json\/wp\/v2\/comments?post=2718"}],"version-history":[{"count":3,"href":"https:\/\/www.welovecycling.com\/ee\/wp-json\/wp\/v2\/posts\/2718\/revisions"}],"predecessor-version":[{"id":2725,"href":"https:\/\/www.welovecycling.com\/ee\/wp-json\/wp\/v2\/posts\/2718\/revisions\/2725"}],"wp:featuredmedia":[{"embeddable":true,"href":"https:\/\/www.welovecycling.com\/ee\/wp-json\/wp\/v2\/media\/2719"}],"wp:attachment":[{"href":"https:\/\/www.welovecycling.com\/ee\/wp-json\/wp\/v2\/media?parent=2718"}],"wp:term":[{"taxonomy":"category","embeddable":true,"href":"https:\/\/www.welovecycling.com\/ee\/wp-json\/wp\/v2\/categories?post=2718"},{"taxonomy":"post_tag","embeddable":true,"href":"https:\/\/www.welovecycling.com\/ee\/wp-json\/wp\/v2\/tags?post=2718"},{"taxonomy":"global-categories","embeddable":true,"href":"https:\/\/www.welovecycling.com\/ee\/wp-json\/wp\/v2\/global-categories?post=2718"}],"curies":[{"name":"wp","href":"https:\/\/api.w.org\/{rel}","templated":true}]}}