{"id":2693,"date":"2025-05-27T11:30:49","date_gmt":"2025-05-27T08:30:49","guid":{"rendered":"https:\/\/www.welovecycling.com\/ee\/?p=2693"},"modified":"2025-05-27T11:30:49","modified_gmt":"2025-05-27T08:30:49","slug":"van-der-poeli-maastikuratta-maailmameistritiitli-jaht-algas-kukkumisega-ja-voib-olla-millegi-hullemaga","status":"publish","type":"post","link":"https:\/\/www.welovecycling.com\/ee\/2025\/05\/27\/van-der-poeli-maastikuratta-maailmameistritiitli-jaht-algas-kukkumisega-ja-voib-olla-millegi-hullemaga\/","title":{"rendered":"Van der Poeli maastikuratta maailmameistritiitli jaht algas kukkumisega \u2013 ja v\u00f5ib-olla millegi hullemaga"},"content":{"rendered":"<h3 data-start=\"237\" data-end=\"502\"><strong>Mathieu van der Poeli jaht maastikuratta maailmameistritiitlile algas p\u00fchap\u00e4eval Nov\u00e9 M\u011bsto Na Morav\u011b UCI World sarja v\u00f5istlusel t\u00f5elise \u00f5udusunen\u00e4oga. Ta kukkus eliitmeeste v\u00f5istluse stardiringil kahel korral ning katkestas v\u00f5istluse kolmandal ringist.<\/strong><\/h3>\n<p><!--more--><\/p>\n<p data-start=\"504\" data-end=\"908\">Kuid halvad uudised sellega ei piirdunud. V\u00e4ljaanne <a href=\"https:\/\/www.wielerflits.nl\/nieuws\/mathieu-van-der-poel-voor-controle-na-ziekenhuis-na-dubbele-valpartij\/\">Wielerflits teatas<\/a>, et nii van der Poel kui ka tema Alpecin-Deceunincki meeskonnakaaslane Sam Gaze, kes samuti katkestas p\u00e4rast kukkumist, viidi haiglasse \u00fclevaatusele. Teine, kinnitamata raport <a href=\"https:\/\/sporza.be\/nl\/2025\/05\/25\/tour-de-france-in-gevaar-mathieu-van-der-poel-naar-ziekenhuis-voor-onderzoeken-na-valpartij-met-mountainbike~1748199696292\/\">Sporza v\u00e4ljaandelt<\/a> viitas, et valitsev cyclo-cross\u2019i ja gravel-s\u00f5idu maailmameister v\u00f5ib olla sunnitud loobuma plaanist osaleda eelseisval Tour de France\u2019il.<\/p>\n<p data-start=\"910\" data-end=\"1209\">Sporza s\u00f5nul pidi van der Poel s\u00f5itma esmasp\u00e4eval La Plagne\u2019i k\u00f5rgm\u00e4estikutreeningulaagrisse, valmistumaks <a href=\"https:\/\/www.procyclingstats.com\/race\/dauphine\/2025\">Crit\u00e9rium du Dauphin\u00e9ks<\/a> (algab 8. juunil) ja Tour de France\u2019iks (algab 5. juulil). \u201eSelle plaani kohal on n\u00fc\u00fcd v\u00e4ga suur k\u00fcsim\u00e4rk,\u201d kirjutati artiklis, ent konkreetseid \u00fcksikasju ei avaldatud.<\/p>\n<p data-start=\"1211\" data-end=\"1662\">Van der Poeli probleemid algasid juba stardipositsioonist. Kuna ta polnud neli aastat maastikurattav\u00f5istlusel osalenud, alustas ta v\u00f5istlust stardirivi 32. kohalt \u2013 umbes kaheksandast reast \u2013 mis sundis teda kohe alguses positsioone parandama ja riske v\u00f5tma. Kaks minutit p\u00e4rast starti, \u00fche t\u00f5usu jalamil, proovis ta \u00fchest s\u00f5itjast m\u00f6\u00f6duda v\u00e4ljastpoolt, kallutades end tema poole, kuid vastane ei andnud j\u00e4rele ning van der Poel kukkus raja\u00e4\u00e4rsesse v\u00f5rkudesse.<\/p>\n<blockquote class=\"instagram-media\" style=\"background: #FFF; border: 0; border-radius: 3px; box-shadow: 0 0 1px 0 rgba(0,0,0,0.5),0 1px 10px 0 rgba(0,0,0,0.15); margin: 1px; max-width: 540px; min-width: 326px; padding: 0; width: calc(100% - 2px);\" data-instgrm-captioned=\"\" data-instgrm-permalink=\"https:\/\/www.instagram.com\/p\/DKF0I6Vsbd9\/?utm_source=ig_embed&amp;utm_campaign=loading\" data-instgrm-version=\"14\">\n<div style=\"padding: 16px;\">\n<p>&nbsp;<\/p>\n<div style=\"display: flex; flex-direction: row; align-items: center;\">\n<div style=\"background-color: #f4f4f4; border-radius: 50%; flex-grow: 0; height: 40px; margin-right: 14px; width: 40px;\"><\/div>\n<div style=\"display: flex; flex-direction: column; flex-grow: 1; justify-content: center;\">\n<div style=\"background-color: #f4f4f4; border-radius: 4px; flex-grow: 0; height: 14px; margin-bottom: 6px; width: 100px;\"><\/div>\n<div style=\"background-color: #f4f4f4; border-radius: 4px; flex-grow: 0; height: 14px; width: 60px;\"><\/div>\n<\/div>\n<\/div>\n<div style=\"padding: 19% 0;\"><\/div>\n<div style=\"display: block; height: 50px; margin: 0 auto 12px; width: 50px;\"><\/div>\n<div style=\"padding-top: 8px;\">\n<div style=\"color: #3897f0; font-family: Arial,sans-serif; font-size: 14px; font-style: normal; font-weight: 550; line-height: 18px;\">View this post on Instagram<\/div>\n<\/div>\n<div style=\"padding: 12.5% 0;\"><\/div>\n<div style=\"display: flex; flex-direction: row; margin-bottom: 14px; align-items: center;\">\n<div>\n<div style=\"background-color: #f4f4f4; border-radius: 50%; height: 12.5px; width: 12.5px; transform: translateX(0px) translateY(7px);\"><\/div>\n<div style=\"background-color: #f4f4f4; height: 12.5px; transform: rotate(-45deg) translateX(3px) translateY(1px); width: 12.5px; flex-grow: 0; margin-right: 14px; margin-left: 2px;\"><\/div>\n<div style=\"background-color: #f4f4f4; border-radius: 50%; height: 12.5px; width: 12.5px; transform: translateX(9px) translateY(-18px);\"><\/div>\n<\/div>\n<div style=\"margin-left: 8px;\">\n<div style=\"background-color: #f4f4f4; border-radius: 50%; flex-grow: 0; height: 20px; width: 20px;\"><\/div>\n<div style=\"width: 0; height: 0; border-top: 2px solid transparent; border-left: 6px solid #f4f4f4; border-bottom: 2px solid transparent; transform: translateX(16px) translateY(-4px) rotate(30deg);\"><\/div>\n<\/div>\n<div style=\"margin-left: auto;\">\n<div style=\"width: 0px; border-top: 8px solid #F4F4F4; border-right: 8px solid transparent; transform: translateY(16px);\"><\/div>\n<div style=\"background-color: #f4f4f4; flex-grow: 0; height: 12px; width: 16px; transform: translateY(-4px);\"><\/div>\n<div style=\"width: 0; height: 0; border-top: 8px solid #F4F4F4; border-left: 8px solid transparent; transform: translateY(-4px) translateX(8px);\"><\/div>\n<\/div>\n<\/div>\n<div style=\"display: flex; flex-direction: column; flex-grow: 1; justify-content: center; margin-bottom: 24px;\">\n<div style=\"background-color: #f4f4f4; border-radius: 4px; flex-grow: 0; height: 14px; margin-bottom: 6px; width: 224px;\"><\/div>\n<div style=\"background-color: #f4f4f4; border-radius: 4px; flex-grow: 0; height: 14px; width: 144px;\"><\/div>\n<\/div>\n<p>&nbsp;<\/p>\n<p style=\"color: #c9c8cd; font-family: Arial,sans-serif; font-size: 14px; line-height: 17px; margin-bottom: 0; margin-top: 8px; overflow: hidden; padding: 8px 0 7px; text-align: center; text-overflow: ellipsis; white-space: nowrap;\"><a style=\"color: #c9c8cd; font-family: Arial,sans-serif; font-size: 14px; font-style: normal; font-weight: normal; line-height: 17px; text-decoration: none;\" href=\"https:\/\/www.instagram.com\/p\/DKF0I6Vsbd9\/?utm_source=ig_embed&amp;utm_campaign=loading\" target=\"_blank\" rel=\"noopener\">A post shared by UCI Mountain Bike (@uci_mountainbike)<\/a><\/p>\n<\/div>\n<\/blockquote>\n<p><script async src=\"\/\/www.instagram.com\/embed.js\"><\/script><\/p>\n<p data-start=\"1664\" data-end=\"2051\">Varsti p\u00e4rast seda sattus ta raja tagumises otsas pudelikaela, mis viis j\u00e4rgmisele t\u00f5usule. Seej\u00e4rel, kui ta oli l\u00f5petamas kiiret laskumist, kaotas ta laskumisel kontrolli ja lendas \u00fcle lenksu. N\u00e4iliselt vigastusteta, t\u00f5usis ta kiiresti p\u00fcsti ja j\u00e4tkas s\u00f5itu ning \u00fcritas positsiooni parandada. Kuid ta oli n\u00fc\u00fcd eelviimane, liidritest maas umbes 1:40 min.<\/p>\n<p data-start=\"2053\" data-end=\"2549\">Kuigi ta parandas kahe esimese ringi jooksul oma kohta, ei suutnud ta ajaliselt midagi tagasi teha ning otsustas l\u00f5puks kolmandal ringil v\u00f5istluse katkestada. Selle tulemusena ei teeni van der Poel \u00fchtegi UCI MTB punkti ning peab j\u00e4rgmises v\u00f5istluses taas kehva stardipositsiooniga leppima. Kui ta ei hakka peagi punkte koguma, seisab ta sama probleemiga silmitsi ka 2025. aasta UCI maastikurattas\u00f5idu maailmameistriv\u00f5istlustel, mis toimuvad 30. augustist kuni 14. septembrini \u0160veitsis, Valais\u2019s.<\/p>\n<p data-start=\"2551\" data-end=\"2969\">Samal v\u00f5istlusel naasis maastikurattas\u00f5idu radadele ka mitmev\u00f5istleja Puck Pieterse (Fenix-Deceuninck), valitsev naiste maastikurattas\u00f5idu maailmameister, kes avaldas muljet kevadistel klassikutel \u2013 v\u00f5itis La Fl\u00e8che Wallonne F\u00e9minine\u2019i, tuli teiseks <a href=\"https:\/\/www.procyclingstats.com\/race\/liege-bastogne-liege-femmes\/2025\/result\">Li\u00e8ge\u2013Bastogne\u2013Li\u00e8ge Femmes\u2019il<\/a> ja kolmandaks Amstel Gold Race\u2019il. Pieterse alustas v\u00f5istlusn\u00e4dalavahetust v\u00f5imsalt, v\u00f5ites laup\u00e4evase l\u00fchirajas\u00f5idu (Short Track).<\/p>\n<p data-start=\"2971\" data-end=\"3240\">P\u00fchap\u00e4evases Eliitnaiste v\u00f5istluses alustas ta samuti tugevalt, juhtides v\u00f5i olles liidrite seas suure osa esimesest ringist, kui tabas teda eba\u00f5nn \u2013 ta l\u00f5hkus raja k\u00f5ige ebasobivamas osas &#8211; kaugel tehnilisest tsoonist, kus oleks saanud ratast parandada.<\/p>\n<p data-start=\"3242\" data-end=\"3567\">Kui ta l\u00f5puks sinna kohale j\u00f5udis ja ratast vahetas, oli ta kaotanud liidritele 1:30. Kuigi ta pingutas j\u00e4rgmiste ringide jooksul maksimaalselt, ei suutnud ta vahet v\u00e4hendada v\u00e4hemaks kui 1:05 ning v\u00e4sis l\u00f5puks, l\u00f5petades 13. kohal, 1:59 v\u00f5itjast \u2013 Mona Mitterwallnerist (Mondraker Factory Racing) \u2013 maas.<\/p>\n","protected":false},"excerpt":{"rendered":"<p>Mathieu van der Poeli jaht maastikuratta maailmameistritiitlile algas p\u00fchap\u00e4eval Nov\u00e9 M\u011bsto Na Morav\u011b UCI World sarja v\u00f5istlusel t\u00f5elise \u00f5udusunen\u00e4oga. Ta [&hellip;]<\/p>\n","protected":false},"author":174,"featured_media":2694,"comment_status":"open","ping_status":"open","sticky":false,"template":"","format":"standard","meta":{"footnotes":""},"categories":[12],"tags":[427,207,395,424,425,426],"global-categories":[22],"class_list":["post-2693","post","type-post","status-publish","format-standard","has-post-thumbnail","hentry","category-cx-gravel-mtb","tag-maastikuratta-maailmameistrivoistlused","tag-mathieu-van-der-poel","tag-mtb","tag-puck-pieterse","tag-sam-gaze","tag-uci-mountain-bike-world-cup-xco-xcc","global-categories-cycling"],"yoast_head":"<!-- This site is optimized with the Yoast SEO Premium plugin v25.3 (Yoast SEO v25.9) - https:\/\/yoast.com\/wordpress\/plugins\/seo\/ -->\n<title>Van der Poeli maastikuratta maailmameistritiitli jaht algas kukkumisega \u2013 ja v\u00f5ib-olla millegi hullemaga - \u0160koda We Love Cycling - Estonia<\/title>\n<meta name=\"description\" content=\"Mathieu van der Poeli jaht maastikuratta maailmameistritiitlile algas p\u00fchap\u00e4eval Nov\u00e9 M\u011bsto Na Morav\u011b UCI World Seriesi v\u00f5istlusel t\u00f5elise \u00f5udusunen\u00e4oga. Ta kukkus Eliitmeeste v\u00f5istluse stardiringil kahel korral ning katkestas v\u00f5istluse kolmandal kaheksast ringist.\" \/>\n<meta name=\"robots\" content=\"index, follow, max-snippet:-1, max-image-preview:large, max-video-preview:-1\" \/>\n<link rel=\"canonical\" href=\"https:\/\/www.welovecycling.com\/ee\/2025\/05\/27\/van-der-poeli-maastikuratta-maailmameistritiitli-jaht-algas-kukkumisega-ja-voib-olla-millegi-hullemaga\/\" \/>\n<meta property=\"og:locale\" content=\"et_EE\" \/>\n<meta property=\"og:type\" content=\"article\" \/>\n<meta property=\"og:title\" content=\"Van der Poeli maastikuratta maailmameistritiitli jaht algas kukkumisega \u2013 ja v\u00f5ib-olla millegi hullemaga\" \/>\n<meta property=\"og:description\" content=\"Mathieu van der Poeli jaht maastikuratta maailmameistritiitlile algas p\u00fchap\u00e4eval Nov\u00e9 M\u011bsto Na Morav\u011b UCI World Seriesi v\u00f5istlusel t\u00f5elise \u00f5udusunen\u00e4oga. Ta kukkus Eliitmeeste v\u00f5istluse stardiringil kahel korral ning katkestas v\u00f5istluse kolmandal kaheksast ringist.\" \/>\n<meta property=\"og:url\" content=\"https:\/\/www.welovecycling.com\/ee\/2025\/05\/27\/van-der-poeli-maastikuratta-maailmameistritiitli-jaht-algas-kukkumisega-ja-voib-olla-millegi-hullemaga\/\" \/>\n<meta property=\"og:site_name\" content=\"\u0160koda We Love Cycling - Estonia\" \/>\n<meta property=\"article:published_time\" content=\"2025-05-27T08:30:49+00:00\" \/>\n<meta property=\"og:image\" content=\"https:\/\/d2p6e6u75xmxt8.cloudfront.net\/15\/2025\/05\/MVP.webp\" \/>\n\t<meta property=\"og:image:width\" content=\"890\" \/>\n\t<meta property=\"og:image:height\" content=\"591\" \/>\n\t<meta property=\"og:image:type\" content=\"image\/webp\" \/>\n<meta name=\"author\" content=\"andre\" \/>\n<meta name=\"twitter:card\" content=\"summary_large_image\" \/>\n<meta name=\"twitter:label1\" content=\"Written by\" \/>\n\t<meta name=\"twitter:data1\" content=\"Siegfried Mortkowitz\" \/>\n\t<meta name=\"twitter:label2\" content=\"Est. reading time\" \/>\n\t<meta name=\"twitter:data2\" content=\"3\" \/>\n<script type=\"application\/ld+json\" class=\"yoast-schema-graph\">{\"@context\":\"https:\/\/schema.org\",\"@graph\":[{\"@type\":\"WebPage\",\"@id\":\"https:\/\/www.welovecycling.com\/ee\/2025\/05\/27\/van-der-poeli-maastikuratta-maailmameistritiitli-jaht-algas-kukkumisega-ja-voib-olla-millegi-hullemaga\/\",\"url\":\"https:\/\/www.welovecycling.com\/ee\/2025\/05\/27\/van-der-poeli-maastikuratta-maailmameistritiitli-jaht-algas-kukkumisega-ja-voib-olla-millegi-hullemaga\/\",\"name\":\"Van der Poeli maastikuratta maailmameistritiitli jaht algas kukkumisega \u2013 ja v\u00f5ib-olla millegi hullemaga - \u0160koda We Love Cycling - Estonia\",\"isPartOf\":{\"@id\":\"https:\/\/www.welovecycling.com\/ee\/#website\"},\"primaryImageOfPage\":{\"@id\":\"https:\/\/www.welovecycling.com\/ee\/2025\/05\/27\/van-der-poeli-maastikuratta-maailmameistritiitli-jaht-algas-kukkumisega-ja-voib-olla-millegi-hullemaga\/#primaryimage\"},\"image\":{\"@id\":\"https:\/\/www.welovecycling.com\/ee\/2025\/05\/27\/van-der-poeli-maastikuratta-maailmameistritiitli-jaht-algas-kukkumisega-ja-voib-olla-millegi-hullemaga\/#primaryimage\"},\"thumbnailUrl\":\"https:\/\/d2p6e6u75xmxt8.cloudfront.net\/15\/2025\/05\/MVP.webp\",\"datePublished\":\"2025-05-27T08:30:49+00:00\",\"author\":{\"@id\":\"https:\/\/www.welovecycling.com\/ee\/#\/schema\/person\/8b7101c4bd1b1ae9d3732ebb1e6caf57\"},\"description\":\"Mathieu van der Poeli jaht maastikuratta maailmameistritiitlile algas p\u00fchap\u00e4eval Nov\u00e9 M\u011bsto Na Morav\u011b UCI World Seriesi v\u00f5istlusel t\u00f5elise \u00f5udusunen\u00e4oga. Ta kukkus Eliitmeeste v\u00f5istluse stardiringil kahel korral ning katkestas v\u00f5istluse kolmandal kaheksast ringist.\",\"inLanguage\":\"et\",\"potentialAction\":[{\"@type\":\"ReadAction\",\"target\":[\"https:\/\/www.welovecycling.com\/ee\/2025\/05\/27\/van-der-poeli-maastikuratta-maailmameistritiitli-jaht-algas-kukkumisega-ja-voib-olla-millegi-hullemaga\/\"]}]},{\"@type\":\"ImageObject\",\"inLanguage\":\"et\",\"@id\":\"https:\/\/www.welovecycling.com\/ee\/2025\/05\/27\/van-der-poeli-maastikuratta-maailmameistritiitli-jaht-algas-kukkumisega-ja-voib-olla-millegi-hullemaga\/#primaryimage\",\"url\":\"https:\/\/d2p6e6u75xmxt8.cloudfront.net\/15\/2025\/05\/MVP.webp\",\"contentUrl\":\"https:\/\/d2p6e6u75xmxt8.cloudfront.net\/15\/2025\/05\/MVP.webp\",\"width\":890,\"height\":591},{\"@type\":\"WebSite\",\"@id\":\"https:\/\/www.welovecycling.com\/ee\/#website\",\"url\":\"https:\/\/www.welovecycling.com\/ee\/\",\"name\":\"\u0160koda We Love Cycling - Estonia\",\"description\":\"\",\"potentialAction\":[{\"@type\":\"SearchAction\",\"target\":{\"@type\":\"EntryPoint\",\"urlTemplate\":\"https:\/\/www.welovecycling.com\/ee\/?s={search_term_string}\"},\"query-input\":{\"@type\":\"PropertyValueSpecification\",\"valueRequired\":true,\"valueName\":\"search_term_string\"}}],\"inLanguage\":\"et\"},{\"@type\":\"Person\",\"@id\":\"https:\/\/www.welovecycling.com\/ee\/#\/schema\/person\/8b7101c4bd1b1ae9d3732ebb1e6caf57\",\"name\":\"andre\",\"image\":{\"@type\":\"ImageObject\",\"inLanguage\":\"et\",\"@id\":\"https:\/\/www.welovecycling.com\/ee\/#\/schema\/person\/image\/\",\"url\":\"https:\/\/secure.gravatar.com\/avatar\/0656b3224fe17b018f43b8a562625dd43d30827f027b2f62bc5a05711fec9a61?s=96&d=mm&r=g\",\"contentUrl\":\"https:\/\/secure.gravatar.com\/avatar\/0656b3224fe17b018f43b8a562625dd43d30827f027b2f62bc5a05711fec9a61?s=96&d=mm&r=g\",\"caption\":\"andre\"},\"url\":\"https:\/\/www.welovecycling.com\/ee\/author\/andre\/\"}]}<\/script>\n<!-- \/ Yoast SEO Premium plugin. -->","yoast_head_json":{"title":"Van der Poeli maastikuratta maailmameistritiitli jaht algas kukkumisega \u2013 ja v\u00f5ib-olla millegi hullemaga - \u0160koda We Love Cycling - Estonia","description":"Mathieu van der Poeli jaht maastikuratta maailmameistritiitlile algas p\u00fchap\u00e4eval Nov\u00e9 M\u011bsto Na Morav\u011b UCI World Seriesi v\u00f5istlusel t\u00f5elise \u00f5udusunen\u00e4oga. Ta kukkus Eliitmeeste v\u00f5istluse stardiringil kahel korral ning katkestas v\u00f5istluse kolmandal kaheksast ringist.","robots":{"index":"index","follow":"follow","max-snippet":"max-snippet:-1","max-image-preview":"max-image-preview:large","max-video-preview":"max-video-preview:-1"},"canonical":"https:\/\/www.welovecycling.com\/ee\/2025\/05\/27\/van-der-poeli-maastikuratta-maailmameistritiitli-jaht-algas-kukkumisega-ja-voib-olla-millegi-hullemaga\/","og_locale":"et_EE","og_type":"article","og_title":"Van der Poeli maastikuratta maailmameistritiitli jaht algas kukkumisega \u2013 ja v\u00f5ib-olla millegi hullemaga","og_description":"Mathieu van der Poeli jaht maastikuratta maailmameistritiitlile algas p\u00fchap\u00e4eval Nov\u00e9 M\u011bsto Na Morav\u011b UCI World Seriesi v\u00f5istlusel t\u00f5elise \u00f5udusunen\u00e4oga. Ta kukkus Eliitmeeste v\u00f5istluse stardiringil kahel korral ning katkestas v\u00f5istluse kolmandal kaheksast ringist.","og_url":"https:\/\/www.welovecycling.com\/ee\/2025\/05\/27\/van-der-poeli-maastikuratta-maailmameistritiitli-jaht-algas-kukkumisega-ja-voib-olla-millegi-hullemaga\/","og_site_name":"\u0160koda We Love Cycling - Estonia","article_published_time":"2025-05-27T08:30:49+00:00","og_image":[{"width":890,"height":591,"url":"https:\/\/d2p6e6u75xmxt8.cloudfront.net\/15\/2025\/05\/MVP.webp","type":"image\/webp"}],"author":"andre","twitter_card":"summary_large_image","twitter_misc":{"Written by":"Siegfried Mortkowitz","Est. reading time":"3"},"schema":{"@context":"https:\/\/schema.org","@graph":[{"@type":"WebPage","@id":"https:\/\/www.welovecycling.com\/ee\/2025\/05\/27\/van-der-poeli-maastikuratta-maailmameistritiitli-jaht-algas-kukkumisega-ja-voib-olla-millegi-hullemaga\/","url":"https:\/\/www.welovecycling.com\/ee\/2025\/05\/27\/van-der-poeli-maastikuratta-maailmameistritiitli-jaht-algas-kukkumisega-ja-voib-olla-millegi-hullemaga\/","name":"Van der Poeli maastikuratta maailmameistritiitli jaht algas kukkumisega \u2013 ja v\u00f5ib-olla millegi hullemaga - \u0160koda We Love Cycling - Estonia","isPartOf":{"@id":"https:\/\/www.welovecycling.com\/ee\/#website"},"primaryImageOfPage":{"@id":"https:\/\/www.welovecycling.com\/ee\/2025\/05\/27\/van-der-poeli-maastikuratta-maailmameistritiitli-jaht-algas-kukkumisega-ja-voib-olla-millegi-hullemaga\/#primaryimage"},"image":{"@id":"https:\/\/www.welovecycling.com\/ee\/2025\/05\/27\/van-der-poeli-maastikuratta-maailmameistritiitli-jaht-algas-kukkumisega-ja-voib-olla-millegi-hullemaga\/#primaryimage"},"thumbnailUrl":"https:\/\/d2p6e6u75xmxt8.cloudfront.net\/15\/2025\/05\/MVP.webp","datePublished":"2025-05-27T08:30:49+00:00","author":{"@id":"https:\/\/www.welovecycling.com\/ee\/#\/schema\/person\/8b7101c4bd1b1ae9d3732ebb1e6caf57"},"description":"Mathieu van der Poeli jaht maastikuratta maailmameistritiitlile algas p\u00fchap\u00e4eval Nov\u00e9 M\u011bsto Na Morav\u011b UCI World Seriesi v\u00f5istlusel t\u00f5elise \u00f5udusunen\u00e4oga. Ta kukkus Eliitmeeste v\u00f5istluse stardiringil kahel korral ning katkestas v\u00f5istluse kolmandal kaheksast ringist.","inLanguage":"et","potentialAction":[{"@type":"ReadAction","target":["https:\/\/www.welovecycling.com\/ee\/2025\/05\/27\/van-der-poeli-maastikuratta-maailmameistritiitli-jaht-algas-kukkumisega-ja-voib-olla-millegi-hullemaga\/"]}]},{"@type":"ImageObject","inLanguage":"et","@id":"https:\/\/www.welovecycling.com\/ee\/2025\/05\/27\/van-der-poeli-maastikuratta-maailmameistritiitli-jaht-algas-kukkumisega-ja-voib-olla-millegi-hullemaga\/#primaryimage","url":"https:\/\/d2p6e6u75xmxt8.cloudfront.net\/15\/2025\/05\/MVP.webp","contentUrl":"https:\/\/d2p6e6u75xmxt8.cloudfront.net\/15\/2025\/05\/MVP.webp","width":890,"height":591},{"@type":"WebSite","@id":"https:\/\/www.welovecycling.com\/ee\/#website","url":"https:\/\/www.welovecycling.com\/ee\/","name":"\u0160koda We Love Cycling - Estonia","description":"","potentialAction":[{"@type":"SearchAction","target":{"@type":"EntryPoint","urlTemplate":"https:\/\/www.welovecycling.com\/ee\/?s={search_term_string}"},"query-input":{"@type":"PropertyValueSpecification","valueRequired":true,"valueName":"search_term_string"}}],"inLanguage":"et"},{"@type":"Person","@id":"https:\/\/www.welovecycling.com\/ee\/#\/schema\/person\/8b7101c4bd1b1ae9d3732ebb1e6caf57","name":"andre","image":{"@type":"ImageObject","inLanguage":"et","@id":"https:\/\/www.welovecycling.com\/ee\/#\/schema\/person\/image\/","url":"https:\/\/secure.gravatar.com\/avatar\/0656b3224fe17b018f43b8a562625dd43d30827f027b2f62bc5a05711fec9a61?s=96&d=mm&r=g","contentUrl":"https:\/\/secure.gravatar.com\/avatar\/0656b3224fe17b018f43b8a562625dd43d30827f027b2f62bc5a05711fec9a61?s=96&d=mm&r=g","caption":"andre"},"url":"https:\/\/www.welovecycling.com\/ee\/author\/andre\/"}]}},"_links":{"self":[{"href":"https:\/\/www.welovecycling.com\/ee\/wp-json\/wp\/v2\/posts\/2693","targetHints":{"allow":["GET"]}}],"collection":[{"href":"https:\/\/www.welovecycling.com\/ee\/wp-json\/wp\/v2\/posts"}],"about":[{"href":"https:\/\/www.welovecycling.com\/ee\/wp-json\/wp\/v2\/types\/post"}],"author":[{"embeddable":true,"href":"https:\/\/www.welovecycling.com\/ee\/wp-json\/wp\/v2\/users\/174"}],"replies":[{"embeddable":true,"href":"https:\/\/www.welovecycling.com\/ee\/wp-json\/wp\/v2\/comments?post=2693"}],"version-history":[{"count":2,"href":"https:\/\/www.welovecycling.com\/ee\/wp-json\/wp\/v2\/posts\/2693\/revisions"}],"predecessor-version":[{"id":2696,"href":"https:\/\/www.welovecycling.com\/ee\/wp-json\/wp\/v2\/posts\/2693\/revisions\/2696"}],"wp:featuredmedia":[{"embeddable":true,"href":"https:\/\/www.welovecycling.com\/ee\/wp-json\/wp\/v2\/media\/2694"}],"wp:attachment":[{"href":"https:\/\/www.welovecycling.com\/ee\/wp-json\/wp\/v2\/media?parent=2693"}],"wp:term":[{"taxonomy":"category","embeddable":true,"href":"https:\/\/www.welovecycling.com\/ee\/wp-json\/wp\/v2\/categories?post=2693"},{"taxonomy":"post_tag","embeddable":true,"href":"https:\/\/www.welovecycling.com\/ee\/wp-json\/wp\/v2\/tags?post=2693"},{"taxonomy":"global-categories","embeddable":true,"href":"https:\/\/www.welovecycling.com\/ee\/wp-json\/wp\/v2\/global-categories?post=2693"}],"curies":[{"name":"wp","href":"https:\/\/api.w.org\/{rel}","templated":true}]}}