{"id":2670,"date":"2025-05-13T10:22:11","date_gmt":"2025-05-13T07:22:11","guid":{"rendered":"https:\/\/www.welovecycling.com\/ee\/?p=2670"},"modified":"2025-05-13T10:22:11","modified_gmt":"2025-05-13T07:22:11","slug":"skoda-mtb-kolmapaevakute-2025-hooaeg-on-alanud-hoogsalt","status":"publish","type":"post","link":"https:\/\/www.welovecycling.com\/ee\/2025\/05\/13\/skoda-mtb-kolmapaevakute-2025-hooaeg-on-alanud-hoogsalt\/","title":{"rendered":"\u0160koda MTB Kolmap\u00e4evakute 2025 hooaeg on alanud hoogsalt"},"content":{"rendered":"<h2>\u0160koda MTB Kolmap\u00e4evakute 2025. aasta hooaeg on alanud hoogsalt, pakkudes ratturitele mitmekesiseid ja tehniliselt huvitavaid radu Tallinna \u00fcmbruses. Esimesed kolm etappi on edukalt toimunud, tuues kokku nii kogenud s\u00f5itjaid, rattaspordi harrasajad, kui ka rattakoolide noori talente.<\/h2>\n<p><!--more--><\/p>\n<h3><strong>1. etapp \u2013 Tammneeme (9. aprill 2025)<\/strong><\/h3>\n<p>Hooaja avastart toimus Tammneemes T\u00e4du terviseradade l\u00e4histel. Rada pakkus mitmekesiseid singleid ja m\u00f5\u00f5dukaid t\u00f5use, sobides h\u00e4sti hooaja alustamiseks. Osalejad kiitsid raja head m\u00e4rgistust ja korraldust. Kuigi kevadine ilm on olnud pigem talvine, leidis tee starti pea 200 osalejat.<br \/>\nRaja oli maha joonistanud velo.clubbersi meeskond.<\/p>\n<p><a href=\"https:\/\/d2p6e6u75xmxt8.cloudfront.net\/15\/2025\/05\/495198349_711702164710635_4097323018228741798_n.webp\"><img loading=\"lazy\" decoding=\"async\" class=\"aligncenter size-full wp-image-2674\" src=\"https:\/\/d2p6e6u75xmxt8.cloudfront.net\/15\/2025\/05\/495198349_711702164710635_4097323018228741798_n.webp\" alt=\"\" width=\"1379\" height=\"919\" srcset=\"https:\/\/d2p6e6u75xmxt8.cloudfront.net\/15\/2025\/05\/495198349_711702164710635_4097323018228741798_n.webp 1379w, https:\/\/d2p6e6u75xmxt8.cloudfront.net\/15\/2025\/05\/495198349_711702164710635_4097323018228741798_n-300x200.webp 300w, https:\/\/d2p6e6u75xmxt8.cloudfront.net\/15\/2025\/05\/495198349_711702164710635_4097323018228741798_n-1024x682.webp 1024w, https:\/\/d2p6e6u75xmxt8.cloudfront.net\/15\/2025\/05\/495198349_711702164710635_4097323018228741798_n-768x512.webp 768w, https:\/\/d2p6e6u75xmxt8.cloudfront.net\/15\/2025\/05\/495198349_711702164710635_4097323018228741798_n-400x267.webp 400w, https:\/\/d2p6e6u75xmxt8.cloudfront.net\/15\/2025\/05\/495198349_711702164710635_4097323018228741798_n-272x182.webp 272w\" sizes=\"auto, (max-width: 1379px) 100vw, 1379px\" \/><\/a><\/p>\n<p>&nbsp;<\/p>\n<h3><strong>2. etapp \u2013 Haapse (23. aprill 2025)<\/strong><\/h3>\n<p>Teine etapp viis ratturid Haapse metsaradadele &#8211; kaunid vaated merele, m\u00e4nnimetsaalune id\u00fcll. J\u00f5el\u00e4htme Singel viis s\u00f5itjaid rajale, kus ootasid ees tehnilised l\u00f5igud, kiired laskumised ja kitsad singlid. Rada n\u00f5udis head rattavalitsemist ja keskendumist, pakkudes osalejatele t\u00f5elist maastikus\u00f5idu elamust.<\/p>\n<p><a href=\"https:\/\/d2p6e6u75xmxt8.cloudfront.net\/15\/2025\/05\/489928434_701356485745203_3211171795081787912_n.webp\"><img loading=\"lazy\" decoding=\"async\" class=\"aligncenter size-full wp-image-2671\" src=\"https:\/\/d2p6e6u75xmxt8.cloudfront.net\/15\/2025\/05\/489928434_701356485745203_3211171795081787912_n.webp\" alt=\"\" width=\"1379\" height=\"919\" srcset=\"https:\/\/d2p6e6u75xmxt8.cloudfront.net\/15\/2025\/05\/489928434_701356485745203_3211171795081787912_n.webp 1379w, https:\/\/d2p6e6u75xmxt8.cloudfront.net\/15\/2025\/05\/489928434_701356485745203_3211171795081787912_n-300x200.webp 300w, https:\/\/d2p6e6u75xmxt8.cloudfront.net\/15\/2025\/05\/489928434_701356485745203_3211171795081787912_n-1024x682.webp 1024w, https:\/\/d2p6e6u75xmxt8.cloudfront.net\/15\/2025\/05\/489928434_701356485745203_3211171795081787912_n-768x512.webp 768w, https:\/\/d2p6e6u75xmxt8.cloudfront.net\/15\/2025\/05\/489928434_701356485745203_3211171795081787912_n-400x267.webp 400w, https:\/\/d2p6e6u75xmxt8.cloudfront.net\/15\/2025\/05\/489928434_701356485745203_3211171795081787912_n-272x182.webp 272w\" sizes=\"auto, (max-width: 1379px) 100vw, 1379px\" \/><\/a><\/p>\n<p>&nbsp;<\/p>\n<h3><strong>3. etapp \u2013 Saku rabamets (7. mai 2025)<\/strong><\/h3>\n<p>Kolmas etapp toimus legendaarses Saku rabametsa terviserajal, kus toimetab Saku Porter Racing. Rada kulges kaunis m\u00e4nnimetsas ja rabametsas, olles ~95 % ulatuses singletrack. Kuigi suuremaid t\u00f5use ja laskumisi ei olnud, esines rajal juurikaid ja pokusid, mis n\u00f5udsid osalejatelt t\u00e4helepanelikkust ja head rattavalitsemist. Tegemist oli t\u00f5elise maraton etapiga, kus paljud said rajal veeta kaugelt \u00fcle tunni. Siin oli kohal ka selle hooaja rekordarv osalejaid \u2013 247.<\/p>\n<p><a href=\"https:\/\/d2p6e6u75xmxt8.cloudfront.net\/15\/2025\/05\/495340241_711702238043961_828457821047236973_n.webp\"><img loading=\"lazy\" decoding=\"async\" class=\"aligncenter size-full wp-image-2675\" src=\"https:\/\/d2p6e6u75xmxt8.cloudfront.net\/15\/2025\/05\/495340241_711702238043961_828457821047236973_n.webp\" alt=\"\" width=\"613\" height=\"919\" srcset=\"https:\/\/d2p6e6u75xmxt8.cloudfront.net\/15\/2025\/05\/495340241_711702238043961_828457821047236973_n.webp 613w, https:\/\/d2p6e6u75xmxt8.cloudfront.net\/15\/2025\/05\/495340241_711702238043961_828457821047236973_n-200x300.webp 200w, https:\/\/d2p6e6u75xmxt8.cloudfront.net\/15\/2025\/05\/495340241_711702238043961_828457821047236973_n-267x400.webp 267w\" sizes=\"auto, (max-width: 613px) 100vw, 613px\" \/><\/a><\/p>\n<p>&nbsp;<\/p>\n<h3><strong>J\u00e4rgmised etapid<\/strong><\/h3>\n<p>Hooaeg j\u00e4tkub j\u00e4rgmiste etappidega:<\/p>\n<ul>\n<li><strong>4. etapp \u2013 Lastekangru<\/strong> (21. mai)<\/li>\n<li><strong>5. etapp \u2013 Rohuneeme<\/strong> (4. juuni)<\/li>\n<li><strong>6. etapp \u2013 Aruk\u00fcla<\/strong> (18. juuni)<\/li>\n<li><strong>7. etapp \u2013 Vaela<\/strong> (2. juuli)<\/li>\n<li><strong>8. etapp \u2013 Riiam\u00e4e<\/strong> (16. juuli)<\/li>\n<li><strong>9. etapp \u2013 Randvere 2<\/strong> (30. juuli)<\/li>\n<li><strong>10. etapp \u2013 Pirita<\/strong> (13. august)<\/li>\n<li><strong>11. etapp \u2013 Saku<\/strong> (27. august)<\/li>\n<li><strong>12. etapp \u2013 Keila-Joa<\/strong> (10. september)<\/li>\n<li>Lisainfot etappide kohta leiad ametlikult kodulehelt: <a href=\"https:\/\/www.kolmapaev.ee\">www.kolmapaev.ee<\/a><\/li>\n<\/ul>\n<p>&nbsp;<\/p>\n<h3><strong>Eripakkumised ja loosimised<\/strong><\/h3>\n<p>Sel hooajal on osalejatel v\u00f5imalus v\u00f5ita eriauhindu, sealhulgas <a href=\"https:\/\/www.skodalaagri.ee\/letape-du-tour-de-france-rahvaetapile\/\">osalemine L\u2019\u00c9tape du Tour de France rahvaetapil<\/a>. Loosimises osalemiseks tuleb v\u00f5tta osa v\u00e4hemalt \u00fchest j\u00e4rgmistest etappidest: Tammneeme, Haapse, Saku, Lastekangru, Rohuneeme, Aruk\u00fcla, Vaela. Iga osaletud etapp annab \u00fche loosipileti.<br \/>\nSamuti saavad Lastekangru etapil osalejad v\u00f5imaluse v\u00f5ita 2 p\u00e4\u00e4set <a href=\"https:\/\/www.rattamaratonid.ee\/\">Bosch Eesti Maastikusarja<\/a> Alutaguse etapile.<\/p>\n<p>&nbsp;<\/p>\n<p>\u0160koda MTB Kolmap\u00e4evakud ei ole pelgalt v\u00f5istlus \u2013 see on ka kogukond, sotsiaalne \u00fcritus, liikumisr\u00f5\u00f5m ja looduses sportimine. Hooaja esimene veerand on n\u00e4idanud, et huvi sarja vastu on suur ja rajad pakuvad v\u00e4ljakutseid igal tasemel ratturile. Kui sa veel pole osalenud, siis j\u00e4rgmine v\u00f5imalus on juba ukse ees.<br \/>\nSarja toetab <a href=\"https:\/\/www.skodalaagri.ee\/\">SKO Motors<\/a> \u2013 \u0160koda esindus Laagris ja We Love Cycling Estonia.<\/p>\n<p>&nbsp;<\/p>\n","protected":false},"excerpt":{"rendered":"<p>\u0160koda MTB Kolmap\u00e4evakute 2025. aasta hooaeg on alanud hoogsalt, pakkudes ratturitele mitmekesiseid ja tehniliselt huvitavaid radu Tallinna \u00fcmbruses. Esimesed kolm [&hellip;]<\/p>\n","protected":false},"author":174,"featured_media":2673,"comment_status":"open","ping_status":"open","sticky":false,"template":"","format":"standard","meta":{"footnotes":""},"categories":[12],"tags":[416,262],"global-categories":[22],"class_list":["post-2670","post","type-post","status-publish","format-standard","has-post-thumbnail","hentry","category-cx-gravel-mtb","tag-maastikusoit","tag-skoda-mtb-kolmapaevakud","global-categories-cycling"],"yoast_head":"<!-- This site is optimized with the Yoast SEO Premium plugin v25.3 (Yoast SEO v25.9) - https:\/\/yoast.com\/wordpress\/plugins\/seo\/ -->\n<title>\u0160koda MTB Kolmap\u00e4evakute 2025 hooaeg on alanud hoogsalt - \u0160koda We Love Cycling - Estonia<\/title>\n<meta name=\"description\" content=\"\u0160koda MTB Kolmap\u00e4evakute 2025. aasta hooaeg on alanud hoogsalt, pakkudes ratturitele mitmekesiseid ja tehniliselt huvitavaid radu Tallinna \u00fcmbruses. Esimesed kolm etappi on edukalt toimunud, tuues kokku nii kogenud s\u00f5itjaid, rattaspordi harrasajad, kui ka rattakoolide noori talente.\" \/>\n<meta name=\"robots\" content=\"index, follow, max-snippet:-1, max-image-preview:large, max-video-preview:-1\" \/>\n<link rel=\"canonical\" href=\"https:\/\/www.welovecycling.com\/ee\/2025\/05\/13\/skoda-mtb-kolmapaevakute-2025-hooaeg-on-alanud-hoogsalt\/\" \/>\n<meta property=\"og:locale\" content=\"et_EE\" \/>\n<meta property=\"og:type\" content=\"article\" \/>\n<meta property=\"og:title\" content=\"\u0160koda MTB Kolmap\u00e4evakute 2025 hooaeg on alanud hoogsalt\" \/>\n<meta property=\"og:description\" content=\"\u0160koda MTB Kolmap\u00e4evakute 2025. aasta hooaeg on alanud hoogsalt, pakkudes ratturitele mitmekesiseid ja tehniliselt huvitavaid radu Tallinna \u00fcmbruses. Esimesed kolm etappi on edukalt toimunud, tuues kokku nii kogenud s\u00f5itjaid, rattaspordi harrasajad, kui ka rattakoolide noori talente.\" \/>\n<meta property=\"og:url\" content=\"https:\/\/www.welovecycling.com\/ee\/2025\/05\/13\/skoda-mtb-kolmapaevakute-2025-hooaeg-on-alanud-hoogsalt\/\" \/>\n<meta property=\"og:site_name\" content=\"\u0160koda We Love Cycling - Estonia\" \/>\n<meta property=\"article:published_time\" content=\"2025-05-13T07:22:11+00:00\" \/>\n<meta property=\"og:image\" content=\"https:\/\/d2p6e6u75xmxt8.cloudfront.net\/15\/2025\/05\/492478409_701356562411862_6673083192443291255_n.webp\" \/>\n\t<meta property=\"og:image:width\" content=\"1379\" \/>\n\t<meta property=\"og:image:height\" content=\"919\" \/>\n\t<meta property=\"og:image:type\" content=\"image\/webp\" \/>\n<meta name=\"author\" content=\"andre\" \/>\n<meta name=\"twitter:card\" content=\"summary_large_image\" \/>\n<meta name=\"twitter:label1\" content=\"Written by\" \/>\n\t<meta name=\"twitter:data1\" content=\"Andre Kull\" \/>\n\t<meta name=\"twitter:label2\" content=\"Est. reading time\" \/>\n\t<meta name=\"twitter:data2\" content=\"2\" \/>\n<script type=\"application\/ld+json\" class=\"yoast-schema-graph\">{\"@context\":\"https:\/\/schema.org\",\"@graph\":[{\"@type\":\"WebPage\",\"@id\":\"https:\/\/www.welovecycling.com\/ee\/2025\/05\/13\/skoda-mtb-kolmapaevakute-2025-hooaeg-on-alanud-hoogsalt\/\",\"url\":\"https:\/\/www.welovecycling.com\/ee\/2025\/05\/13\/skoda-mtb-kolmapaevakute-2025-hooaeg-on-alanud-hoogsalt\/\",\"name\":\"\u0160koda MTB Kolmap\u00e4evakute 2025 hooaeg on alanud hoogsalt - \u0160koda We Love Cycling - Estonia\",\"isPartOf\":{\"@id\":\"https:\/\/www.welovecycling.com\/ee\/#website\"},\"primaryImageOfPage\":{\"@id\":\"https:\/\/www.welovecycling.com\/ee\/2025\/05\/13\/skoda-mtb-kolmapaevakute-2025-hooaeg-on-alanud-hoogsalt\/#primaryimage\"},\"image\":{\"@id\":\"https:\/\/www.welovecycling.com\/ee\/2025\/05\/13\/skoda-mtb-kolmapaevakute-2025-hooaeg-on-alanud-hoogsalt\/#primaryimage\"},\"thumbnailUrl\":\"https:\/\/d2p6e6u75xmxt8.cloudfront.net\/15\/2025\/05\/492478409_701356562411862_6673083192443291255_n.webp\",\"datePublished\":\"2025-05-13T07:22:11+00:00\",\"author\":{\"@id\":\"https:\/\/www.welovecycling.com\/ee\/#\/schema\/person\/8b7101c4bd1b1ae9d3732ebb1e6caf57\"},\"description\":\"\u0160koda MTB Kolmap\u00e4evakute 2025. aasta hooaeg on alanud hoogsalt, pakkudes ratturitele mitmekesiseid ja tehniliselt huvitavaid radu Tallinna \u00fcmbruses. Esimesed kolm etappi on edukalt toimunud, tuues kokku nii kogenud s\u00f5itjaid, rattaspordi harrasajad, kui ka rattakoolide noori talente.\",\"inLanguage\":\"et\",\"potentialAction\":[{\"@type\":\"ReadAction\",\"target\":[\"https:\/\/www.welovecycling.com\/ee\/2025\/05\/13\/skoda-mtb-kolmapaevakute-2025-hooaeg-on-alanud-hoogsalt\/\"]}]},{\"@type\":\"ImageObject\",\"inLanguage\":\"et\",\"@id\":\"https:\/\/www.welovecycling.com\/ee\/2025\/05\/13\/skoda-mtb-kolmapaevakute-2025-hooaeg-on-alanud-hoogsalt\/#primaryimage\",\"url\":\"https:\/\/d2p6e6u75xmxt8.cloudfront.net\/15\/2025\/05\/492478409_701356562411862_6673083192443291255_n.webp\",\"contentUrl\":\"https:\/\/d2p6e6u75xmxt8.cloudfront.net\/15\/2025\/05\/492478409_701356562411862_6673083192443291255_n.webp\",\"width\":1379,\"height\":919},{\"@type\":\"WebSite\",\"@id\":\"https:\/\/www.welovecycling.com\/ee\/#website\",\"url\":\"https:\/\/www.welovecycling.com\/ee\/\",\"name\":\"\u0160koda We Love Cycling - Estonia\",\"description\":\"\",\"potentialAction\":[{\"@type\":\"SearchAction\",\"target\":{\"@type\":\"EntryPoint\",\"urlTemplate\":\"https:\/\/www.welovecycling.com\/ee\/?s={search_term_string}\"},\"query-input\":{\"@type\":\"PropertyValueSpecification\",\"valueRequired\":true,\"valueName\":\"search_term_string\"}}],\"inLanguage\":\"et\"},{\"@type\":\"Person\",\"@id\":\"https:\/\/www.welovecycling.com\/ee\/#\/schema\/person\/8b7101c4bd1b1ae9d3732ebb1e6caf57\",\"name\":\"andre\",\"image\":{\"@type\":\"ImageObject\",\"inLanguage\":\"et\",\"@id\":\"https:\/\/www.welovecycling.com\/ee\/#\/schema\/person\/image\/\",\"url\":\"https:\/\/secure.gravatar.com\/avatar\/0656b3224fe17b018f43b8a562625dd43d30827f027b2f62bc5a05711fec9a61?s=96&d=mm&r=g\",\"contentUrl\":\"https:\/\/secure.gravatar.com\/avatar\/0656b3224fe17b018f43b8a562625dd43d30827f027b2f62bc5a05711fec9a61?s=96&d=mm&r=g\",\"caption\":\"andre\"},\"url\":\"https:\/\/www.welovecycling.com\/ee\/author\/andre\/\"}]}<\/script>\n<!-- \/ Yoast SEO Premium plugin. -->","yoast_head_json":{"title":"\u0160koda MTB Kolmap\u00e4evakute 2025 hooaeg on alanud hoogsalt - \u0160koda We Love Cycling - Estonia","description":"\u0160koda MTB Kolmap\u00e4evakute 2025. aasta hooaeg on alanud hoogsalt, pakkudes ratturitele mitmekesiseid ja tehniliselt huvitavaid radu Tallinna \u00fcmbruses. Esimesed kolm etappi on edukalt toimunud, tuues kokku nii kogenud s\u00f5itjaid, rattaspordi harrasajad, kui ka rattakoolide noori talente.","robots":{"index":"index","follow":"follow","max-snippet":"max-snippet:-1","max-image-preview":"max-image-preview:large","max-video-preview":"max-video-preview:-1"},"canonical":"https:\/\/www.welovecycling.com\/ee\/2025\/05\/13\/skoda-mtb-kolmapaevakute-2025-hooaeg-on-alanud-hoogsalt\/","og_locale":"et_EE","og_type":"article","og_title":"\u0160koda MTB Kolmap\u00e4evakute 2025 hooaeg on alanud hoogsalt","og_description":"\u0160koda MTB Kolmap\u00e4evakute 2025. aasta hooaeg on alanud hoogsalt, pakkudes ratturitele mitmekesiseid ja tehniliselt huvitavaid radu Tallinna \u00fcmbruses. Esimesed kolm etappi on edukalt toimunud, tuues kokku nii kogenud s\u00f5itjaid, rattaspordi harrasajad, kui ka rattakoolide noori talente.","og_url":"https:\/\/www.welovecycling.com\/ee\/2025\/05\/13\/skoda-mtb-kolmapaevakute-2025-hooaeg-on-alanud-hoogsalt\/","og_site_name":"\u0160koda We Love Cycling - Estonia","article_published_time":"2025-05-13T07:22:11+00:00","og_image":[{"width":1379,"height":919,"url":"https:\/\/d2p6e6u75xmxt8.cloudfront.net\/15\/2025\/05\/492478409_701356562411862_6673083192443291255_n.webp","type":"image\/webp"}],"author":"andre","twitter_card":"summary_large_image","twitter_misc":{"Written by":"Andre Kull","Est. reading time":"2"},"schema":{"@context":"https:\/\/schema.org","@graph":[{"@type":"WebPage","@id":"https:\/\/www.welovecycling.com\/ee\/2025\/05\/13\/skoda-mtb-kolmapaevakute-2025-hooaeg-on-alanud-hoogsalt\/","url":"https:\/\/www.welovecycling.com\/ee\/2025\/05\/13\/skoda-mtb-kolmapaevakute-2025-hooaeg-on-alanud-hoogsalt\/","name":"\u0160koda MTB Kolmap\u00e4evakute 2025 hooaeg on alanud hoogsalt - \u0160koda We Love Cycling - Estonia","isPartOf":{"@id":"https:\/\/www.welovecycling.com\/ee\/#website"},"primaryImageOfPage":{"@id":"https:\/\/www.welovecycling.com\/ee\/2025\/05\/13\/skoda-mtb-kolmapaevakute-2025-hooaeg-on-alanud-hoogsalt\/#primaryimage"},"image":{"@id":"https:\/\/www.welovecycling.com\/ee\/2025\/05\/13\/skoda-mtb-kolmapaevakute-2025-hooaeg-on-alanud-hoogsalt\/#primaryimage"},"thumbnailUrl":"https:\/\/d2p6e6u75xmxt8.cloudfront.net\/15\/2025\/05\/492478409_701356562411862_6673083192443291255_n.webp","datePublished":"2025-05-13T07:22:11+00:00","author":{"@id":"https:\/\/www.welovecycling.com\/ee\/#\/schema\/person\/8b7101c4bd1b1ae9d3732ebb1e6caf57"},"description":"\u0160koda MTB Kolmap\u00e4evakute 2025. aasta hooaeg on alanud hoogsalt, pakkudes ratturitele mitmekesiseid ja tehniliselt huvitavaid radu Tallinna \u00fcmbruses. Esimesed kolm etappi on edukalt toimunud, tuues kokku nii kogenud s\u00f5itjaid, rattaspordi harrasajad, kui ka rattakoolide noori talente.","inLanguage":"et","potentialAction":[{"@type":"ReadAction","target":["https:\/\/www.welovecycling.com\/ee\/2025\/05\/13\/skoda-mtb-kolmapaevakute-2025-hooaeg-on-alanud-hoogsalt\/"]}]},{"@type":"ImageObject","inLanguage":"et","@id":"https:\/\/www.welovecycling.com\/ee\/2025\/05\/13\/skoda-mtb-kolmapaevakute-2025-hooaeg-on-alanud-hoogsalt\/#primaryimage","url":"https:\/\/d2p6e6u75xmxt8.cloudfront.net\/15\/2025\/05\/492478409_701356562411862_6673083192443291255_n.webp","contentUrl":"https:\/\/d2p6e6u75xmxt8.cloudfront.net\/15\/2025\/05\/492478409_701356562411862_6673083192443291255_n.webp","width":1379,"height":919},{"@type":"WebSite","@id":"https:\/\/www.welovecycling.com\/ee\/#website","url":"https:\/\/www.welovecycling.com\/ee\/","name":"\u0160koda We Love Cycling - Estonia","description":"","potentialAction":[{"@type":"SearchAction","target":{"@type":"EntryPoint","urlTemplate":"https:\/\/www.welovecycling.com\/ee\/?s={search_term_string}"},"query-input":{"@type":"PropertyValueSpecification","valueRequired":true,"valueName":"search_term_string"}}],"inLanguage":"et"},{"@type":"Person","@id":"https:\/\/www.welovecycling.com\/ee\/#\/schema\/person\/8b7101c4bd1b1ae9d3732ebb1e6caf57","name":"andre","image":{"@type":"ImageObject","inLanguage":"et","@id":"https:\/\/www.welovecycling.com\/ee\/#\/schema\/person\/image\/","url":"https:\/\/secure.gravatar.com\/avatar\/0656b3224fe17b018f43b8a562625dd43d30827f027b2f62bc5a05711fec9a61?s=96&d=mm&r=g","contentUrl":"https:\/\/secure.gravatar.com\/avatar\/0656b3224fe17b018f43b8a562625dd43d30827f027b2f62bc5a05711fec9a61?s=96&d=mm&r=g","caption":"andre"},"url":"https:\/\/www.welovecycling.com\/ee\/author\/andre\/"}]}},"_links":{"self":[{"href":"https:\/\/www.welovecycling.com\/ee\/wp-json\/wp\/v2\/posts\/2670","targetHints":{"allow":["GET"]}}],"collection":[{"href":"https:\/\/www.welovecycling.com\/ee\/wp-json\/wp\/v2\/posts"}],"about":[{"href":"https:\/\/www.welovecycling.com\/ee\/wp-json\/wp\/v2\/types\/post"}],"author":[{"embeddable":true,"href":"https:\/\/www.welovecycling.com\/ee\/wp-json\/wp\/v2\/users\/174"}],"replies":[{"embeddable":true,"href":"https:\/\/www.welovecycling.com\/ee\/wp-json\/wp\/v2\/comments?post=2670"}],"version-history":[{"count":3,"href":"https:\/\/www.welovecycling.com\/ee\/wp-json\/wp\/v2\/posts\/2670\/revisions"}],"predecessor-version":[{"id":2678,"href":"https:\/\/www.welovecycling.com\/ee\/wp-json\/wp\/v2\/posts\/2670\/revisions\/2678"}],"wp:featuredmedia":[{"embeddable":true,"href":"https:\/\/www.welovecycling.com\/ee\/wp-json\/wp\/v2\/media\/2673"}],"wp:attachment":[{"href":"https:\/\/www.welovecycling.com\/ee\/wp-json\/wp\/v2\/media?parent=2670"}],"wp:term":[{"taxonomy":"category","embeddable":true,"href":"https:\/\/www.welovecycling.com\/ee\/wp-json\/wp\/v2\/categories?post=2670"},{"taxonomy":"post_tag","embeddable":true,"href":"https:\/\/www.welovecycling.com\/ee\/wp-json\/wp\/v2\/tags?post=2670"},{"taxonomy":"global-categories","embeddable":true,"href":"https:\/\/www.welovecycling.com\/ee\/wp-json\/wp\/v2\/global-categories?post=2670"}],"curies":[{"name":"wp","href":"https:\/\/api.w.org\/{rel}","templated":true}]}}