{"id":2665,"date":"2025-05-12T15:19:42","date_gmt":"2025-05-12T12:19:42","guid":{"rendered":"https:\/\/www.welovecycling.com\/ee\/?p=2665"},"modified":"2025-05-12T15:20:03","modified_gmt":"2025-05-12T12:20:03","slug":"ole-valmis-sinu-voimalus-avastada-oma-tour-de-francei-fanni-tuup-ja-voita-vip-auhindu-on-peagi-kaes","status":"publish","type":"post","link":"https:\/\/www.welovecycling.com\/ee\/2025\/05\/12\/ole-valmis-sinu-voimalus-avastada-oma-tour-de-francei-fanni-tuup-ja-voita-vip-auhindu-on-peagi-kaes\/","title":{"rendered":"Ole valmis: Sinu v\u00f5imalus avastada oma Tour de France\u2019i f\u00e4nni t\u00fc\u00fcp ja v\u00f5ita VIP-auhindu on peagi k\u00e4es"},"content":{"rendered":"<h4 data-start=\"351\" data-end=\"726\"><strong><span class=\"_fadeIn_m1hgl_8\">Kui <\/span><span class=\"_fadeIn_m1hgl_8\">Tour <\/span><span class=\"_fadeIn_m1hgl_8\">de <\/span><span class=\"_fadeIn_m1hgl_8\">France\u2019i <\/span><span class=\"_fadeIn_m1hgl_8\">karavan <\/span><span class=\"_fadeIn_m1hgl_8\">stardib <\/span><span class=\"_fadeIn_m1hgl_8\">29. <\/span><span class=\"_fadeIn_m1hgl_8\">juunil, <\/span><span class=\"_fadeIn_m1hgl_8\">haarab <\/span><span class=\"_fadeIn_m1hgl_8\">rattamaailma <\/span><span class=\"_fadeIn_m1hgl_8\">taas <\/span><span class=\"_fadeIn_m1hgl_8\">p\u00f6\u00f6rane <\/span><span class=\"_fadeIn_m1hgl_8\">TDF-<\/span><span class=\"_fadeIn_m1hgl_8\">palavik \u2014 <\/span><span class=\"_fadeIn_m1hgl_8\">ja <\/span><span class=\"_fadeIn_m1hgl_8\">sel <\/span><span class=\"_fadeIn_m1hgl_8\">aastal <\/span><span class=\"_fadeIn_m1hgl_8\">toob <\/span><span class=\"_fadeIn_m1hgl_8\">\u0160koda <\/span><span class=\"_fadeIn_m1hgl_8\">We <\/span><span class=\"_fadeIn_m1hgl_8\">Love <\/span><span class=\"_fadeIn_m1hgl_8\">Cycling <\/span><span class=\"_fadeIn_m1hgl_8\">kogu <\/span><span class=\"_fadeIn_m1hgl_8\">melu <\/span><span class=\"_fadeIn_m1hgl_8\">sinule <\/span><span class=\"_fadeIn_m1hgl_8\">l\u00e4hemale <\/span><span class=\"_fadeIn_m1hgl_8\">kui <\/span><span class=\"_fadeIn_m1hgl_8\">kunagi <\/span><span class=\"_fadeIn_m1hgl_8\">varem. <\/span><span class=\"_fadeIn_m1hgl_8\">Alates <\/span><span class=\"_fadeIn_m1hgl_8\">28. <\/span><span class=\"_fadeIn_m1hgl_8\">juunist <\/span><span class=\"_fadeIn_m1hgl_8\">saad <\/span><span class=\"_fadeIn_m1hgl_8\">osa <\/span><span class=\"_fadeIn_m1hgl_8\">v\u00f5tta <\/span><span class=\"_fadeIn_m1hgl_8\">ainulaadsest <\/span><span class=\"_fadeIn_m1hgl_8\">kampaaniast, <\/span><span class=\"_fadeIn_m1hgl_8\">kus <\/span><span class=\"_fadeIn_m1hgl_8\">saad <\/span><span class=\"_fadeIn_m1hgl_8\">v\u00e4lja <\/span><span class=\"_fadeIn_m1hgl_8\">selgitada, <\/span><span class=\"_fadeIn_m1hgl_8\">milline <\/span><span class=\"_fadeIn_m1hgl_8\">Tour <\/span><span class=\"_fadeIn_m1hgl_8\">de <\/span><span class=\"_fadeIn_m1hgl_8\">France\u2019i <\/span><span class=\"_fadeIn_m1hgl_8\">f\u00e4nn <\/span><span class=\"_fadeIn_m1hgl_8\">sinus <\/span><span class=\"_fadeIn_m1hgl_8\">tegelikult <\/span><span class=\"_fadeIn_m1hgl_8\">peitub. <\/span><span class=\"_fadeIn_m1hgl_8\">Milline <\/span><span class=\"_fadeIn_m1hgl_8\">f\u00e4nnit\u00fc\u00fcp <\/span><span class=\"_fadeIn_m1hgl_8\">elab <\/span><span class=\"_fadeIn_m1hgl_8\">sinu <\/span><span class=\"_fadeIn_m1hgl_8\">sees?\u00a0<\/span><\/strong><\/h4>\n<p data-start=\"728\" data-end=\"922\"><span class=\"_fadeIn_m1hgl_8\">Tee kaasa <\/span><span class=\"_fadeIn_m1hgl_8\">meie <\/span><span class=\"_fadeIn_m1hgl_8\">l\u00f5busas <\/span><span class=\"_fadeIn_m1hgl_8\">viktoriinis <\/span><span class=\"_fadeIn_m1hgl_8\">ja <\/span><span class=\"_fadeIn_m1hgl_8\">ava <\/span><span class=\"_fadeIn_m1hgl_8\">oma <\/span><span class=\"_fadeIn_m1hgl_8\">t\u00f5eline <\/span><span class=\"_fadeIn_m1hgl_8\">f\u00e4nnimin\u00e4gu! <\/span><span class=\"_fadeIn_m1hgl_8\">Viktoriinis <\/span><span class=\"_fadeIn_m1hgl_8\">osaledes <\/span><span class=\"_fadeIn_m1hgl_8\">l\u00e4hed <\/span><span class=\"_fadeIn_m1hgl_8\">automaatselt <\/span><span class=\"_fadeIn_m1hgl_8\">ka <\/span><span class=\"_fadeIn_m1hgl_8\">loosirattasse, <\/span><span class=\"_fadeIn_m1hgl_8\">kus <\/span><span class=\"_fadeIn_m1hgl_8\">on <\/span><span class=\"_fadeIn_m1hgl_8\">m\u00e4ngus <\/span><span class=\"_fadeIn_m1hgl_8\">suurep\u00e4rased <\/span><span class=\"_fadeIn_m1hgl_8\">auhinnad <\/span><span class=\"_fadeIn_m1hgl_8\">igale <\/span><span class=\"_fadeIn_m1hgl_8\">rattas\u00f5idustiilile \u2014 <\/span><span class=\"_fadeIn_m1hgl_8\">ja <\/span><span class=\"_fadeIn_m1hgl_8\">elustiilile.<\/span><\/p>\n<p data-start=\"924\" data-end=\"1411\"><span class=\"_fadeIn_m1hgl_8\">Kas <\/span><span class=\"_fadeIn_m1hgl_8\">unistad <\/span><span class=\"_fadeIn_m1hgl_8\">Alpide vallutamisest <\/span><span class=\"_fadeIn_m1hgl_8\">, <\/span><span class=\"_fadeIn_m1hgl_8\">linnaliikluses <\/span><span class=\"_fadeIn_m1hgl_8\">navigeerimisest <\/span><span class=\"_fadeIn_m1hgl_8\">v\u00f5i v\u00e4hem s\u00f5idetud radade avastamisest <\/span><span class=\"_fadeIn_m1hgl_8\">? <\/span><span class=\"_fadeIn_m1hgl_8\">Meil <\/span><span class=\"_fadeIn_m1hgl_8\">on <\/span><span class=\"_fadeIn_m1hgl_8\">midagi <\/span><span class=\"_fadeIn_m1hgl_8\">igale <\/span><span class=\"_fadeIn_m1hgl_8\">maitsele. <\/span><span class=\"_fadeIn_m1hgl_8\">Uhiuus <\/span><strong data-start=\"1069\" data-end=\"1098\"><span class=\"_fadeIn_m1hgl_8\">Cannondale <\/span><span class=\"_fadeIn_m1hgl_8\">SuperSix <\/span><span class=\"_fadeIn_m1hgl_8\">EVO <\/span><span class=\"_fadeIn_m1hgl_8\">1<\/span><\/strong> <span class=\"_fadeIn_m1hgl_8\">maanteeratas <\/span><span class=\"_fadeIn_m1hgl_8\">v\u00f5i <\/span><span class=\"_fadeIn_m1hgl_8\">seiklusvalmis <\/span><strong data-start=\"1130\" data-end=\"1155\"><span class=\"_fadeIn_m1hgl_8\">Topstone <\/span><span class=\"_fadeIn_m1hgl_8\">Carbon <\/span><span class=\"_fadeIn_m1hgl_8\">3 <\/span><span class=\"_fadeIn_m1hgl_8\">GRX<\/span><\/strong> <span class=\"_fadeIn_m1hgl_8\">gravel-<\/span><span class=\"_fadeIn_m1hgl_8\">bike? <\/span><span class=\"_fadeIn_m1hgl_8\">V\u00f5i <\/span><span class=\"_fadeIn_m1hgl_8\">hoopis <\/span><span class=\"_fadeIn_m1hgl_8\">linnas\u00f5iduks <\/span><span class=\"_fadeIn_m1hgl_8\">sobilik <\/span><strong data-start=\"1201\" data-end=\"1213\"><span class=\"_fadeIn_m1hgl_8\">Mavaro <\/span><span class=\"_fadeIn_m1hgl_8\">4<\/span><\/strong> <span class=\"_fadeIn_m1hgl_8\">elektriratas <\/span><span class=\"_fadeIn_m1hgl_8\">v\u00f5i <\/span><span class=\"_fadeIn_m1hgl_8\">maastikule <\/span><span class=\"_fadeIn_m1hgl_8\">loodud <\/span><strong data-start=\"1249\" data-end=\"1262\"><span class=\"_fadeIn_m1hgl_8\">Scalpel <\/span><span class=\"_fadeIn_m1hgl_8\">3<\/span><\/strong> <span class=\"_fadeIn_m1hgl_8\">MTB? <\/span><span class=\"_fadeIn_m1hgl_8\">Kui <\/span><span class=\"_fadeIn_m1hgl_8\">sind <\/span><span class=\"_fadeIn_m1hgl_8\">k\u00f5netab <\/span><span class=\"_fadeIn_m1hgl_8\">pigem <\/span><span class=\"_fadeIn_m1hgl_8\">stiil <\/span><span class=\"_fadeIn_m1hgl_8\">ja <\/span><span class=\"_fadeIn_m1hgl_8\">j\u00f5udlus <\/span><span class=\"_fadeIn_m1hgl_8\">pealaest <\/span><span class=\"_fadeIn_m1hgl_8\">jalatallani, <\/span><span class=\"_fadeIn_m1hgl_8\">siis <\/span><span class=\"_fadeIn_m1hgl_8\">ootavad <\/span><span class=\"_fadeIn_m1hgl_8\">sind <\/span><span class=\"_fadeIn_m1hgl_8\">ka <\/span><strong data-start=\"1351\" data-end=\"1364\"><span class=\"_fadeIn_m1hgl_8\">POC <\/span><span class=\"_fadeIn_m1hgl_8\">Cytal<\/span><\/strong> <span class=\"_fadeIn_m1hgl_8\">kiiver <\/span><span class=\"_fadeIn_m1hgl_8\">ja <\/span><span class=\"_fadeIn_m1hgl_8\">legendaarne <\/span><strong data-start=\"1387\" data-end=\"1410\"><span class=\"_fadeIn_m1hgl_8\">\u0160koda <\/span><span class=\"_fadeIn_m1hgl_8\">roheline liidri<\/span><span class=\"_fadeIn_m1hgl_8\">s\u00e4rk<\/span><\/strong><span class=\"_fadeIn_m1hgl_8\">.<\/span><\/p>\n<p data-start=\"1413\" data-end=\"1774\"><span class=\"_fadeIn_m1hgl_8\">Nagu klassikud on \u00f6elnud, <\/span><span class=\"_fadeIn_m1hgl_8\">see <\/span><span class=\"_fadeIn_m1hgl_8\">pole <\/span><span class=\"_fadeIn_m1hgl_8\">veel <\/span><span class=\"_fadeIn_m1hgl_8\">k\u00f5ik. <\/span><span class=\"_fadeIn_m1hgl_8\">Loosis <\/span><span class=\"_fadeIn_m1hgl_8\">on <\/span><span class=\"_fadeIn_m1hgl_8\">ka <\/span><span class=\"_fadeIn_m1hgl_8\">t\u00f5eline <\/span><span class=\"_fadeIn_m1hgl_8\">ainulaadne <\/span><span class=\"_fadeIn_m1hgl_8\">ehe: <\/span><strong data-start=\"1474\" data-end=\"1539\"><span class=\"_fadeIn_m1hgl_8\">k\u00e4ev\u00f5ru, <\/span><span class=\"_fadeIn_m1hgl_8\">mis <\/span><span class=\"_fadeIn_m1hgl_8\">on <\/span><span class=\"_fadeIn_m1hgl_8\">tehtud <\/span><a href=\"https:\/\/www.welovecycling.com\/wide\/2024\/07\/02\/its-our-moment-its-our-time-its-for-all-africa-declares-biniam-girmay-after-historic-tour-de-france-stage-win\/\"><span class=\"_fadeIn_m1hgl_8\">Biniam <\/span><span class=\"_fadeIn_m1hgl_8\">Girmay <\/span><\/a><span class=\"_fadeIn_m1hgl_8\">2024. <\/span><span class=\"_fadeIn_m1hgl_8\">aasta etapiv\u00f5idu toonud <\/span><span class=\"_fadeIn_m1hgl_8\">ratta <\/span><span class=\"_fadeIn_m1hgl_8\">ketist<\/span><\/strong><span class=\"_fadeIn_m1hgl_8\"> \u2013 <\/span><span class=\"_fadeIn_m1hgl_8\">killuke <\/span><span class=\"_fadeIn_m1hgl_8\">jalgrattaspordi <\/span><span class=\"_fadeIn_m1hgl_8\">ajalugu <\/span><span class=\"_fadeIn_m1hgl_8\">otse <\/span><span class=\"_fadeIn_m1hgl_8\">sinu <\/span><span class=\"_fadeIn_m1hgl_8\">randmel. <\/span><span class=\"_fadeIn_m1hgl_8\">Ja <\/span><span class=\"_fadeIn_m1hgl_8\">kui <\/span><span class=\"_fadeIn_m1hgl_8\">soovid <\/span><span class=\"_fadeIn_m1hgl_8\">v\u00f5idus\u00f5itu <\/span><span class=\"_fadeIn_m1hgl_8\">kogeda <\/span><span class=\"_fadeIn_m1hgl_8\">t\u00e4iesti <\/span><span class=\"_fadeIn_m1hgl_8\">uuel <\/span><span class=\"_fadeIn_m1hgl_8\">tasemel? <\/span><span class=\"_fadeIn_m1hgl_8\">Sul <\/span><span class=\"_fadeIn_m1hgl_8\">on <\/span><span class=\"_fadeIn_m1hgl_8\">v\u00f5imalus <\/span><span class=\"_fadeIn_m1hgl_8\">v\u00f5ita <\/span><span class=\"_fadeIn_m1hgl_8\">\u00fcks <\/span><span class=\"_fadeIn_m1hgl_8\">kolmest VIP paketist Tour De France 8., 11. v\u00f5i 17 etaple kahele. mis sialdab muuhulgas <\/span><span class=\"_fadeIn_m1hgl_8\">helikopteri lendu pelotoni kohal, etapi j\u00e4gimist eksklusiivsetsets kohtadest, majutus <a href=\"https:\/\/www.welovecycling.com\/ee\/2023\/07\/05\/skoda-mtb-kolmapaevakute-loosi-peaauhinna-voitja-alvar-suisalu-need-emotsioonid-jaavad-terveks-eluks-meelde\/\">ja palju muud<\/a>.<\/span><\/p>\n<p data-start=\"1776\" data-end=\"1920\"><span class=\"_fadeIn_m1hgl_8\">Niisiis, <\/span><span class=\"_fadeIn_m1hgl_8\">kas <\/span><span class=\"_fadeIn_m1hgl_8\">oled <\/span><span class=\"_fadeIn_m1hgl_8\">valmis <\/span><span class=\"_fadeIn_m1hgl_8\">leidma <\/span><span class=\"_fadeIn_m1hgl_8\">oma <\/span><span class=\"_fadeIn_m1hgl_8\">Tour\u2019i? <\/span><span class=\"_fadeIn_m1hgl_8\">J\u00e4\u00e4 <\/span><span class=\"_fadeIn_m1hgl_8\">lainel, <\/span><span class=\"_fadeIn_m1hgl_8\">m\u00e4rgi <\/span><span class=\"_fadeIn_m1hgl_8\">28. <\/span><span class=\"_fadeIn_m1hgl_8\">juuni <\/span><span class=\"_fadeIn_m1hgl_8\">kalendrisse <\/span><span class=\"_fadeIn_m1hgl_8\">ja <\/span><span class=\"_fadeIn_m1hgl_8\">valmista <\/span><span class=\"_fadeIn_m1hgl_8\">end <\/span><span class=\"_fadeIn_m1hgl_8\">ette \u2014 <\/span><span class=\"_fadeIn_m1hgl_8\">sinu <\/span><span class=\"_fadeIn_m1hgl_8\">f\u00e4nni <\/span><span class=\"_fadeIn_m1hgl_8\">teekond <\/span><span class=\"_fadeIn_m1hgl_8\">algab <\/span><span class=\"_fadeIn_m1hgl_8\">kohe <\/span><span class=\"_fadeIn_m1hgl_8\">varsti.<\/span><\/p>\n","protected":false},"excerpt":{"rendered":"<p>Kui Tour de France\u2019i karavan stardib 29. juunil, haarab rattamaailma taas p\u00f6\u00f6rane TDF-palavik \u2014 ja sel aastal toob \u0160koda We [&hellip;]<\/p>\n","protected":false},"author":174,"featured_media":2666,"comment_status":"open","ping_status":"open","sticky":false,"template":"","format":"standard","meta":{"footnotes":""},"categories":[39,1],"tags":[309,266,415,14],"global-categories":[22],"class_list":["post-2665","post","type-post","status-publish","format-standard","has-post-thumbnail","hentry","category-maanteesoit","category-uncategorized","tag-2025-tour","tag-biniam-girmay","tag-leia-oma-tour","tag-tour-de-france","global-categories-cycling"],"yoast_head":"<!-- This site is optimized with the Yoast SEO Premium plugin v25.3 (Yoast SEO v25.9) - https:\/\/yoast.com\/wordpress\/plugins\/seo\/ -->\n<title>Ole valmis: Sinu v\u00f5imalus avastada oma Tour de France\u2019i f\u00e4nni t\u00fc\u00fcp ja v\u00f5ita VIP-auhindu on peagi k\u00e4es - \u0160koda We Love Cycling - Estonia<\/title>\n<meta name=\"description\" content=\"Kui Tour de France\u2019i karavan stardib 29. juunil, haarab rattamaailma taas p\u00f6\u00f6rane TDF-palavik \u2014 ja sel aastal toob \u0160koda We Love Cycling kogu melu sinule l\u00e4hemale kui kunagi varem. Alates 28. juunist saad osa v\u00f5tta ainulaadsest kampaaniast, kus saad v\u00e4lja selgitada, milline Tour de France\u2019i f\u00e4nn sinus tegelikult peitub. Milline f\u00e4nnit\u00fc\u00fcp elab sinu sees? On aeg teada saada.\" \/>\n<meta name=\"robots\" content=\"index, follow, max-snippet:-1, max-image-preview:large, max-video-preview:-1\" \/>\n<link rel=\"canonical\" href=\"https:\/\/www.welovecycling.com\/ee\/2025\/05\/12\/ole-valmis-sinu-voimalus-avastada-oma-tour-de-francei-fanni-tuup-ja-voita-vip-auhindu-on-peagi-kaes\/\" \/>\n<meta property=\"og:locale\" content=\"et_EE\" \/>\n<meta property=\"og:type\" content=\"article\" \/>\n<meta property=\"og:title\" content=\"Ole valmis: Sinu v\u00f5imalus avastada oma Tour de France\u2019i f\u00e4nni t\u00fc\u00fcp ja v\u00f5ita VIP-auhindu on peagi k\u00e4es\" \/>\n<meta property=\"og:description\" content=\"Kui Tour de France\u2019i karavan stardib 29. juunil, haarab rattamaailma taas p\u00f6\u00f6rane TDF-palavik \u2014 ja sel aastal toob \u0160koda We Love Cycling kogu melu sinule l\u00e4hemale kui kunagi varem. Alates 28. juunist saad osa v\u00f5tta ainulaadsest kampaaniast, kus saad v\u00e4lja selgitada, milline Tour de France\u2019i f\u00e4nn sinus tegelikult peitub. Milline f\u00e4nnit\u00fc\u00fcp elab sinu sees? On aeg teada saada.\" \/>\n<meta property=\"og:url\" content=\"https:\/\/www.welovecycling.com\/ee\/2025\/05\/12\/ole-valmis-sinu-voimalus-avastada-oma-tour-de-francei-fanni-tuup-ja-voita-vip-auhindu-on-peagi-kaes\/\" \/>\n<meta property=\"og:site_name\" content=\"\u0160koda We Love Cycling - Estonia\" \/>\n<meta property=\"article:published_time\" content=\"2025-05-12T12:19:42+00:00\" \/>\n<meta property=\"article:modified_time\" content=\"2025-05-12T12:20:03+00:00\" \/>\n<meta property=\"og:image\" content=\"https:\/\/d2p6e6u75xmxt8.cloudfront.net\/15\/2025\/05\/wlc1.webp\" \/>\n\t<meta property=\"og:image:width\" content=\"992\" \/>\n\t<meta property=\"og:image:height\" content=\"650\" \/>\n\t<meta property=\"og:image:type\" content=\"image\/webp\" \/>\n<meta name=\"author\" content=\"andre\" \/>\n<meta name=\"twitter:card\" content=\"summary_large_image\" \/>\n<meta name=\"twitter:label1\" content=\"Written by\" \/>\n\t<meta name=\"twitter:data1\" content=\"We Love Cycling\" \/>\n\t<meta name=\"twitter:label2\" content=\"Est. reading time\" \/>\n\t<meta name=\"twitter:data2\" content=\"2\" \/>\n<script type=\"application\/ld+json\" class=\"yoast-schema-graph\">{\"@context\":\"https:\/\/schema.org\",\"@graph\":[{\"@type\":\"WebPage\",\"@id\":\"https:\/\/www.welovecycling.com\/ee\/2025\/05\/12\/ole-valmis-sinu-voimalus-avastada-oma-tour-de-francei-fanni-tuup-ja-voita-vip-auhindu-on-peagi-kaes\/\",\"url\":\"https:\/\/www.welovecycling.com\/ee\/2025\/05\/12\/ole-valmis-sinu-voimalus-avastada-oma-tour-de-francei-fanni-tuup-ja-voita-vip-auhindu-on-peagi-kaes\/\",\"name\":\"Ole valmis: Sinu v\u00f5imalus avastada oma Tour de France\u2019i f\u00e4nni t\u00fc\u00fcp ja v\u00f5ita VIP-auhindu on peagi k\u00e4es - \u0160koda We Love Cycling - Estonia\",\"isPartOf\":{\"@id\":\"https:\/\/www.welovecycling.com\/ee\/#website\"},\"primaryImageOfPage\":{\"@id\":\"https:\/\/www.welovecycling.com\/ee\/2025\/05\/12\/ole-valmis-sinu-voimalus-avastada-oma-tour-de-francei-fanni-tuup-ja-voita-vip-auhindu-on-peagi-kaes\/#primaryimage\"},\"image\":{\"@id\":\"https:\/\/www.welovecycling.com\/ee\/2025\/05\/12\/ole-valmis-sinu-voimalus-avastada-oma-tour-de-francei-fanni-tuup-ja-voita-vip-auhindu-on-peagi-kaes\/#primaryimage\"},\"thumbnailUrl\":\"https:\/\/d2p6e6u75xmxt8.cloudfront.net\/15\/2025\/05\/wlc1.webp\",\"datePublished\":\"2025-05-12T12:19:42+00:00\",\"dateModified\":\"2025-05-12T12:20:03+00:00\",\"author\":{\"@id\":\"https:\/\/www.welovecycling.com\/ee\/#\/schema\/person\/8b7101c4bd1b1ae9d3732ebb1e6caf57\"},\"description\":\"Kui Tour de France\u2019i karavan stardib 29. juunil, haarab rattamaailma taas p\u00f6\u00f6rane TDF-palavik \u2014 ja sel aastal toob \u0160koda We Love Cycling kogu melu sinule l\u00e4hemale kui kunagi varem. Alates 28. juunist saad osa v\u00f5tta ainulaadsest kampaaniast, kus saad v\u00e4lja selgitada, milline Tour de France\u2019i f\u00e4nn sinus tegelikult peitub. Milline f\u00e4nnit\u00fc\u00fcp elab sinu sees? On aeg teada saada.\",\"inLanguage\":\"et\",\"potentialAction\":[{\"@type\":\"ReadAction\",\"target\":[\"https:\/\/www.welovecycling.com\/ee\/2025\/05\/12\/ole-valmis-sinu-voimalus-avastada-oma-tour-de-francei-fanni-tuup-ja-voita-vip-auhindu-on-peagi-kaes\/\"]}]},{\"@type\":\"ImageObject\",\"inLanguage\":\"et\",\"@id\":\"https:\/\/www.welovecycling.com\/ee\/2025\/05\/12\/ole-valmis-sinu-voimalus-avastada-oma-tour-de-francei-fanni-tuup-ja-voita-vip-auhindu-on-peagi-kaes\/#primaryimage\",\"url\":\"https:\/\/d2p6e6u75xmxt8.cloudfront.net\/15\/2025\/05\/wlc1.webp\",\"contentUrl\":\"https:\/\/d2p6e6u75xmxt8.cloudfront.net\/15\/2025\/05\/wlc1.webp\",\"width\":992,\"height\":650},{\"@type\":\"WebSite\",\"@id\":\"https:\/\/www.welovecycling.com\/ee\/#website\",\"url\":\"https:\/\/www.welovecycling.com\/ee\/\",\"name\":\"\u0160koda We Love Cycling - Estonia\",\"description\":\"\",\"potentialAction\":[{\"@type\":\"SearchAction\",\"target\":{\"@type\":\"EntryPoint\",\"urlTemplate\":\"https:\/\/www.welovecycling.com\/ee\/?s={search_term_string}\"},\"query-input\":{\"@type\":\"PropertyValueSpecification\",\"valueRequired\":true,\"valueName\":\"search_term_string\"}}],\"inLanguage\":\"et\"},{\"@type\":\"Person\",\"@id\":\"https:\/\/www.welovecycling.com\/ee\/#\/schema\/person\/8b7101c4bd1b1ae9d3732ebb1e6caf57\",\"name\":\"andre\",\"image\":{\"@type\":\"ImageObject\",\"inLanguage\":\"et\",\"@id\":\"https:\/\/www.welovecycling.com\/ee\/#\/schema\/person\/image\/\",\"url\":\"https:\/\/secure.gravatar.com\/avatar\/0656b3224fe17b018f43b8a562625dd43d30827f027b2f62bc5a05711fec9a61?s=96&d=mm&r=g\",\"contentUrl\":\"https:\/\/secure.gravatar.com\/avatar\/0656b3224fe17b018f43b8a562625dd43d30827f027b2f62bc5a05711fec9a61?s=96&d=mm&r=g\",\"caption\":\"andre\"},\"url\":\"https:\/\/www.welovecycling.com\/ee\/author\/andre\/\"}]}<\/script>\n<!-- \/ Yoast SEO Premium plugin. -->","yoast_head_json":{"title":"Ole valmis: Sinu v\u00f5imalus avastada oma Tour de France\u2019i f\u00e4nni t\u00fc\u00fcp ja v\u00f5ita VIP-auhindu on peagi k\u00e4es - \u0160koda We Love Cycling - Estonia","description":"Kui Tour de France\u2019i karavan stardib 29. juunil, haarab rattamaailma taas p\u00f6\u00f6rane TDF-palavik \u2014 ja sel aastal toob \u0160koda We Love Cycling kogu melu sinule l\u00e4hemale kui kunagi varem. Alates 28. juunist saad osa v\u00f5tta ainulaadsest kampaaniast, kus saad v\u00e4lja selgitada, milline Tour de France\u2019i f\u00e4nn sinus tegelikult peitub. Milline f\u00e4nnit\u00fc\u00fcp elab sinu sees? On aeg teada saada.","robots":{"index":"index","follow":"follow","max-snippet":"max-snippet:-1","max-image-preview":"max-image-preview:large","max-video-preview":"max-video-preview:-1"},"canonical":"https:\/\/www.welovecycling.com\/ee\/2025\/05\/12\/ole-valmis-sinu-voimalus-avastada-oma-tour-de-francei-fanni-tuup-ja-voita-vip-auhindu-on-peagi-kaes\/","og_locale":"et_EE","og_type":"article","og_title":"Ole valmis: Sinu v\u00f5imalus avastada oma Tour de France\u2019i f\u00e4nni t\u00fc\u00fcp ja v\u00f5ita VIP-auhindu on peagi k\u00e4es","og_description":"Kui Tour de France\u2019i karavan stardib 29. juunil, haarab rattamaailma taas p\u00f6\u00f6rane TDF-palavik \u2014 ja sel aastal toob \u0160koda We Love Cycling kogu melu sinule l\u00e4hemale kui kunagi varem. Alates 28. juunist saad osa v\u00f5tta ainulaadsest kampaaniast, kus saad v\u00e4lja selgitada, milline Tour de France\u2019i f\u00e4nn sinus tegelikult peitub. Milline f\u00e4nnit\u00fc\u00fcp elab sinu sees? On aeg teada saada.","og_url":"https:\/\/www.welovecycling.com\/ee\/2025\/05\/12\/ole-valmis-sinu-voimalus-avastada-oma-tour-de-francei-fanni-tuup-ja-voita-vip-auhindu-on-peagi-kaes\/","og_site_name":"\u0160koda We Love Cycling - Estonia","article_published_time":"2025-05-12T12:19:42+00:00","article_modified_time":"2025-05-12T12:20:03+00:00","og_image":[{"width":992,"height":650,"url":"https:\/\/d2p6e6u75xmxt8.cloudfront.net\/15\/2025\/05\/wlc1.webp","type":"image\/webp"}],"author":"andre","twitter_card":"summary_large_image","twitter_misc":{"Written by":"We Love Cycling","Est. reading time":"2"},"schema":{"@context":"https:\/\/schema.org","@graph":[{"@type":"WebPage","@id":"https:\/\/www.welovecycling.com\/ee\/2025\/05\/12\/ole-valmis-sinu-voimalus-avastada-oma-tour-de-francei-fanni-tuup-ja-voita-vip-auhindu-on-peagi-kaes\/","url":"https:\/\/www.welovecycling.com\/ee\/2025\/05\/12\/ole-valmis-sinu-voimalus-avastada-oma-tour-de-francei-fanni-tuup-ja-voita-vip-auhindu-on-peagi-kaes\/","name":"Ole valmis: Sinu v\u00f5imalus avastada oma Tour de France\u2019i f\u00e4nni t\u00fc\u00fcp ja v\u00f5ita VIP-auhindu on peagi k\u00e4es - \u0160koda We Love Cycling - Estonia","isPartOf":{"@id":"https:\/\/www.welovecycling.com\/ee\/#website"},"primaryImageOfPage":{"@id":"https:\/\/www.welovecycling.com\/ee\/2025\/05\/12\/ole-valmis-sinu-voimalus-avastada-oma-tour-de-francei-fanni-tuup-ja-voita-vip-auhindu-on-peagi-kaes\/#primaryimage"},"image":{"@id":"https:\/\/www.welovecycling.com\/ee\/2025\/05\/12\/ole-valmis-sinu-voimalus-avastada-oma-tour-de-francei-fanni-tuup-ja-voita-vip-auhindu-on-peagi-kaes\/#primaryimage"},"thumbnailUrl":"https:\/\/d2p6e6u75xmxt8.cloudfront.net\/15\/2025\/05\/wlc1.webp","datePublished":"2025-05-12T12:19:42+00:00","dateModified":"2025-05-12T12:20:03+00:00","author":{"@id":"https:\/\/www.welovecycling.com\/ee\/#\/schema\/person\/8b7101c4bd1b1ae9d3732ebb1e6caf57"},"description":"Kui Tour de France\u2019i karavan stardib 29. juunil, haarab rattamaailma taas p\u00f6\u00f6rane TDF-palavik \u2014 ja sel aastal toob \u0160koda We Love Cycling kogu melu sinule l\u00e4hemale kui kunagi varem. Alates 28. juunist saad osa v\u00f5tta ainulaadsest kampaaniast, kus saad v\u00e4lja selgitada, milline Tour de France\u2019i f\u00e4nn sinus tegelikult peitub. Milline f\u00e4nnit\u00fc\u00fcp elab sinu sees? On aeg teada saada.","inLanguage":"et","potentialAction":[{"@type":"ReadAction","target":["https:\/\/www.welovecycling.com\/ee\/2025\/05\/12\/ole-valmis-sinu-voimalus-avastada-oma-tour-de-francei-fanni-tuup-ja-voita-vip-auhindu-on-peagi-kaes\/"]}]},{"@type":"ImageObject","inLanguage":"et","@id":"https:\/\/www.welovecycling.com\/ee\/2025\/05\/12\/ole-valmis-sinu-voimalus-avastada-oma-tour-de-francei-fanni-tuup-ja-voita-vip-auhindu-on-peagi-kaes\/#primaryimage","url":"https:\/\/d2p6e6u75xmxt8.cloudfront.net\/15\/2025\/05\/wlc1.webp","contentUrl":"https:\/\/d2p6e6u75xmxt8.cloudfront.net\/15\/2025\/05\/wlc1.webp","width":992,"height":650},{"@type":"WebSite","@id":"https:\/\/www.welovecycling.com\/ee\/#website","url":"https:\/\/www.welovecycling.com\/ee\/","name":"\u0160koda We Love Cycling - Estonia","description":"","potentialAction":[{"@type":"SearchAction","target":{"@type":"EntryPoint","urlTemplate":"https:\/\/www.welovecycling.com\/ee\/?s={search_term_string}"},"query-input":{"@type":"PropertyValueSpecification","valueRequired":true,"valueName":"search_term_string"}}],"inLanguage":"et"},{"@type":"Person","@id":"https:\/\/www.welovecycling.com\/ee\/#\/schema\/person\/8b7101c4bd1b1ae9d3732ebb1e6caf57","name":"andre","image":{"@type":"ImageObject","inLanguage":"et","@id":"https:\/\/www.welovecycling.com\/ee\/#\/schema\/person\/image\/","url":"https:\/\/secure.gravatar.com\/avatar\/0656b3224fe17b018f43b8a562625dd43d30827f027b2f62bc5a05711fec9a61?s=96&d=mm&r=g","contentUrl":"https:\/\/secure.gravatar.com\/avatar\/0656b3224fe17b018f43b8a562625dd43d30827f027b2f62bc5a05711fec9a61?s=96&d=mm&r=g","caption":"andre"},"url":"https:\/\/www.welovecycling.com\/ee\/author\/andre\/"}]}},"_links":{"self":[{"href":"https:\/\/www.welovecycling.com\/ee\/wp-json\/wp\/v2\/posts\/2665","targetHints":{"allow":["GET"]}}],"collection":[{"href":"https:\/\/www.welovecycling.com\/ee\/wp-json\/wp\/v2\/posts"}],"about":[{"href":"https:\/\/www.welovecycling.com\/ee\/wp-json\/wp\/v2\/types\/post"}],"author":[{"embeddable":true,"href":"https:\/\/www.welovecycling.com\/ee\/wp-json\/wp\/v2\/users\/174"}],"replies":[{"embeddable":true,"href":"https:\/\/www.welovecycling.com\/ee\/wp-json\/wp\/v2\/comments?post=2665"}],"version-history":[{"count":3,"href":"https:\/\/www.welovecycling.com\/ee\/wp-json\/wp\/v2\/posts\/2665\/revisions"}],"predecessor-version":[{"id":2669,"href":"https:\/\/www.welovecycling.com\/ee\/wp-json\/wp\/v2\/posts\/2665\/revisions\/2669"}],"wp:featuredmedia":[{"embeddable":true,"href":"https:\/\/www.welovecycling.com\/ee\/wp-json\/wp\/v2\/media\/2666"}],"wp:attachment":[{"href":"https:\/\/www.welovecycling.com\/ee\/wp-json\/wp\/v2\/media?parent=2665"}],"wp:term":[{"taxonomy":"category","embeddable":true,"href":"https:\/\/www.welovecycling.com\/ee\/wp-json\/wp\/v2\/categories?post=2665"},{"taxonomy":"post_tag","embeddable":true,"href":"https:\/\/www.welovecycling.com\/ee\/wp-json\/wp\/v2\/tags?post=2665"},{"taxonomy":"global-categories","embeddable":true,"href":"https:\/\/www.welovecycling.com\/ee\/wp-json\/wp\/v2\/global-categories?post=2665"}],"curies":[{"name":"wp","href":"https:\/\/api.w.org\/{rel}","templated":true}]}}