{"id":2593,"date":"2025-04-22T10:32:03","date_gmt":"2025-04-22T07:32:03","guid":{"rendered":"https:\/\/www.welovecycling.com\/ee\/?p=2593"},"modified":"2025-04-22T16:23:22","modified_gmt":"2025-04-22T13:23:22","slug":"maanteerattaga-sardiinias","status":"publish","type":"post","link":"https:\/\/www.welovecycling.com\/ee\/2025\/04\/22\/maanteerattaga-sardiinias\/","title":{"rendered":"Maanteerattaga Sardiinias?"},"content":{"rendered":"<h3>Neid ridu kirjutan ma hetkel Z\u00fcrichi lennujaamas, oodates j\u00e4tkulendu kodusesse Tallinnasse, kus just selleks aastaks suvi l\u00e4bi sai ja taas tavap\u00e4rane +6 C ees ootab. Seljataga on 2 n\u00e4dalat \u00fcllatusi t\u00e4is Sardiinias, kus sai selle aja jooksul s\u00f5idetud 1250 km rattaga ja seigeldud iidse nuraagi tsivilisatsiooni radadel. Aga kui n\u00fc\u00fcd tagasi vaadata &#8211; kuidas kirjeldada Sardiiniat maanteeratturi silmade \/ jalgade l\u00e4bi?<\/h3>\n<p><!--more--><\/p>\n<p>Hetkel on tunda m\u00f5nusat v\u00e4simust, sest selleks, et seda Vahemeres asuvat saart kogeda, pead sa olemas pidevas liikumises. Treeninglaager t\u00e4hendab reeglina seda, et enamus aega sa kas s\u00f6\u00f6d, s\u00f5idad rattaga v\u00f5i puhkad. Minul on aga alati soov seda kohta, kuhu olen l\u00e4inud, l\u00e4hemalt uurida ja see t\u00e4hendab \u00fchtlasi ka seda, et peale treeningut tuleb taas minna kas m\u00e4gedesse turnima, koobastesse uitama v\u00f5i m\u00e4gik\u00fclasid kogema.<\/p>\n<h4><strong>Oleme ju Itaalias, kus maanteeratturid on? <em>Dove sono i ciclisti su strada?<\/em><\/strong><\/h4>\n<p>Esimene asi, mis ratturile silma hakkab on see, et teisi rattureid ei ole. On m\u00f5ned matkarattaga seiklejad, m\u00f5ned \u00fcksikud kohalikud maanteehundid aga sellist paraadi, mida v\u00f5ib n\u00e4ha kas Gironas v\u00f5i Mallorcal siin ei ole. Kohalikega r\u00e4\u00e4kides selgus, et v\u00e4hemalt <a href=\"https:\/\/www.italia.it\/en\/sardinia\/orosei\">Orosei<\/a> kandis (linnake kus baseerusime) on peamiseks rattaks maastikuratas (kas siis tava v\u00f5i E-MTB) ja maanteerattureid siin pigem ei ole. Seda on ka n\u00e4ha\/tunda autojuhtide suhtumises, kes ei oska t\u00e4pset seisukohta v\u00f5tta, kuid on pigem siiski viisakad. Teekate pakub \u00fcllatusi, sama moodi nagu ka teed ise, mis v\u00f5ivad olla vaid auto laiused m\u00e4giteed, kus kohtud tihti suure lambakrja ja neid karjatavate koertega (need on reeglina ratturite suhtes neutraalsed). Samas v\u00f5id leida ennast peegeliseldalt asfaldilt, j\u00e4rgmisel hetkel pead aga t\u00f5siselt vaatama kuhu lenksu keerad. \u00dcldiselt on siin 28-30 mm rehviga k\u00f5ik mugavalt s\u00f5idetav &#8211; lihtsalt tuleb silmad lahti hoida, nagu Itaalias ikka.<\/p>\n<figure id=\"attachment_2601\" aria-describedby=\"caption-attachment-2601\" style=\"width: 1920px\" class=\"wp-caption aligncenter\"><a href=\"https:\/\/d2p6e6u75xmxt8.cloudfront.net\/15\/2025\/04\/1000039211-scaled.webp\"><img loading=\"lazy\" decoding=\"async\" class=\"wp-image-2601 size-extra-large\" src=\"https:\/\/d2p6e6u75xmxt8.cloudfront.net\/15\/2025\/04\/1000039211-1920x1083.webp\" alt=\"\" width=\"1920\" height=\"1083\" srcset=\"https:\/\/d2p6e6u75xmxt8.cloudfront.net\/15\/2025\/04\/1000039211-1920x1083.webp 1920w, https:\/\/d2p6e6u75xmxt8.cloudfront.net\/15\/2025\/04\/1000039211-300x169.webp 300w, https:\/\/d2p6e6u75xmxt8.cloudfront.net\/15\/2025\/04\/1000039211-1024x578.webp 1024w, https:\/\/d2p6e6u75xmxt8.cloudfront.net\/15\/2025\/04\/1000039211-768x433.webp 768w, https:\/\/d2p6e6u75xmxt8.cloudfront.net\/15\/2025\/04\/1000039211-1536x866.webp 1536w, https:\/\/d2p6e6u75xmxt8.cloudfront.net\/15\/2025\/04\/1000039211-2048x1155.webp 2048w, https:\/\/d2p6e6u75xmxt8.cloudfront.net\/15\/2025\/04\/1000039211-400x226.webp 400w, https:\/\/d2p6e6u75xmxt8.cloudfront.net\/15\/2025\/04\/1000039211-1920x1083.webp 1920w\" sizes=\"auto, (max-width: 1920px) 100vw, 1920px\" \/><\/a><figcaption id=\"caption-attachment-2601\" class=\"wp-caption-text\">Passo Sant&#8217;Anna<\/figcaption><\/figure>\n<h3>M\u00e4ed? <em>Montagne?<\/em><\/h3>\n<p>Need on olemas, ja millised veel. Vaatamata oma asukohale vahemeres on siin isegi oma toimiv <a href=\"https:\/\/www.snow-forecast.com\/resorts\/BruncuSpina\">m\u00e4esuusa keskus<\/a>. Talvel v\u00f5ib siin olla t\u00e4iesti arvestatav lumikate. Reljeefsem on just Oroseist edelasse j\u00e4\u00e4v ala, kus paikneb ka suur looduspark ja saare k\u00f5rgeimaid tipud, k\u00f5rgeim neist <a href=\"https:\/\/en.wikipedia.org\/wiki\/Punta_La_Marmora\">Punta La Marmora<\/a> 1834 m. Meie trassile j\u00e4\u00e4nud m\u00e4gedest olid k\u00f5rgemad kuni 1000 m, m\u00e4esuusakeskuse poole vaadates saab turnida ka kuni 1600 m k\u00f5rgusele. Kogu maastik erineb Eesti ratturitele kodusest Hispaaniast p\u00e4ris drastiliselt. Hispaania, kus enamus toone on valdavalt pruunid ja kollased, on siin m\u00e4ed rohelised ja annavad oma olemusega edasi m\u00f5nusat seilkuse <em>vaibi<\/em>. Leidub k\u00f5ik v\u00f5imalike v\u00e4ljakutseid &#8211; n\u00e4iteks <a href=\"https:\/\/climbfinder.com\/en\/climbs\/monte-tuttavista-orosei\">Monte Tuttavista<\/a>. Oma kohati kaugelt \u00fcle 20% t\u00f5usunurkadega paneb see eksistentisaalseid m\u00f5tteid m\u00f5lgutama ka k\u00f5ige tugevamad. \u00dcldiselt leidub siin erinevete nurkadega t\u00f5use igale maitsele.<\/p>\n<figure id=\"attachment_2603\" aria-describedby=\"caption-attachment-2603\" style=\"width: 1080px\" class=\"wp-caption aligncenter\"><a href=\"https:\/\/d2p6e6u75xmxt8.cloudfront.net\/15\/2025\/04\/Messenger_creation_D7180316-2AA9-4DC6-9487-AB9E80F98B75.webp\"><img loading=\"lazy\" decoding=\"async\" class=\"wp-image-2603 size-full\" src=\"https:\/\/d2p6e6u75xmxt8.cloudfront.net\/15\/2025\/04\/Messenger_creation_D7180316-2AA9-4DC6-9487-AB9E80F98B75.webp\" alt=\"\" width=\"1080\" height=\"816\" srcset=\"https:\/\/d2p6e6u75xmxt8.cloudfront.net\/15\/2025\/04\/Messenger_creation_D7180316-2AA9-4DC6-9487-AB9E80F98B75.webp 1080w, https:\/\/d2p6e6u75xmxt8.cloudfront.net\/15\/2025\/04\/Messenger_creation_D7180316-2AA9-4DC6-9487-AB9E80F98B75-300x227.webp 300w, https:\/\/d2p6e6u75xmxt8.cloudfront.net\/15\/2025\/04\/Messenger_creation_D7180316-2AA9-4DC6-9487-AB9E80F98B75-1024x774.webp 1024w, https:\/\/d2p6e6u75xmxt8.cloudfront.net\/15\/2025\/04\/Messenger_creation_D7180316-2AA9-4DC6-9487-AB9E80F98B75-768x580.webp 768w, https:\/\/d2p6e6u75xmxt8.cloudfront.net\/15\/2025\/04\/Messenger_creation_D7180316-2AA9-4DC6-9487-AB9E80F98B75-400x302.webp 400w\" sizes=\"auto, (max-width: 1080px) 100vw, 1080px\" \/><\/a><figcaption id=\"caption-attachment-2603\" class=\"wp-caption-text\">Monte Tuttavista ei halasta.<\/figcaption><\/figure>\n<h3>Teedev\u00f5rk ? <em>Rete stradale?<\/em><\/h3>\n<p>Oroseist minnes on v\u00e4ljumise variante 3 &#8211; l\u00f5una, ida ja p\u00f5hja suund. K\u00f5ikide nende suundade peal on v\u00f5imalik kokku joonistada lugematu arv \u00e4gedaid ringe ja nautida hingematvaid vaateid, k\u00fclakesi, kohvikuid. Vali siis suunaks kas kaljude vahel paiknev <a href=\"https:\/\/calagonone.com\/en\/\">Cala Gonone<\/a> rannak\u00fcla kuhu tulemiseks ja sealt lahkumiseks pead arvestama p\u00e4ris pika t\u00f5usu \/ laskumisega, <a href=\"https:\/\/www.italia.it\/en\/sardinia\/bitti\">Bitti<\/a> m\u00e4gik\u00fcla v\u00f5i Sant Anna I, kuhu saab maalilise <a class=\"h4 mb-1 text-decoration-none\" href=\"https:\/\/climbfinder.com\/en\/climbs\/passo-sant-anna-siniscola\" target=\"_blank\" rel=\"noopener\">Passo Sant&#8217;Anna\u00a0 kaudu<\/a> &#8211; just see t\u00f5us ja \u00fcleval avanevad vaated ja loodus olid minu selle reisi lemmikud. Ja nagu enne \u00f6eldud, siin v\u00f5id sattuda teedele, mis palistavad karjamaid v\u00f5i ronivad kitsa ussina m\u00e4gedesse. \u00dches\u00f5naga avastamist ja seiklemist on siin piisavalt.<\/p>\n<figure id=\"attachment_2609\" aria-describedby=\"caption-attachment-2609\" style=\"width: 1083px\" class=\"wp-caption aligncenter\"><a href=\"https:\/\/d2p6e6u75xmxt8.cloudfront.net\/15\/2025\/04\/1000039102-scaled.webp\"><img loading=\"lazy\" decoding=\"async\" class=\"wp-image-2609 size-extra-large\" src=\"https:\/\/d2p6e6u75xmxt8.cloudfront.net\/15\/2025\/04\/1000039102-1083x1920.webp\" alt=\"\" width=\"1083\" height=\"1920\" srcset=\"https:\/\/d2p6e6u75xmxt8.cloudfront.net\/15\/2025\/04\/1000039102-1083x1920.webp 1083w, https:\/\/d2p6e6u75xmxt8.cloudfront.net\/15\/2025\/04\/1000039102-169x300.webp 169w, https:\/\/d2p6e6u75xmxt8.cloudfront.net\/15\/2025\/04\/1000039102-578x1024.webp 578w, https:\/\/d2p6e6u75xmxt8.cloudfront.net\/15\/2025\/04\/1000039102-768x1362.webp 768w, https:\/\/d2p6e6u75xmxt8.cloudfront.net\/15\/2025\/04\/1000039102-866x1536.webp 866w, https:\/\/d2p6e6u75xmxt8.cloudfront.net\/15\/2025\/04\/1000039102-1155x2048.webp 1155w, https:\/\/d2p6e6u75xmxt8.cloudfront.net\/15\/2025\/04\/1000039102-226x400.webp 226w, https:\/\/d2p6e6u75xmxt8.cloudfront.net\/15\/2025\/04\/1000039102-scaled.webp 1444w, https:\/\/d2p6e6u75xmxt8.cloudfront.net\/15\/2025\/04\/1000039102-1083x1920.webp 1083w\" sizes=\"auto, (max-width: 1083px) 100vw, 1083px\" \/><\/a><figcaption id=\"caption-attachment-2609\" class=\"wp-caption-text\">M\u00f5\u00f5dame kilomeetreid.<\/figcaption><\/figure>\n<h3>Ilm? <em>Tempo atmosferico?<\/em><\/h3>\n<p>Meie laager toimus Aprilli keskel ja nagu ikka sellel ajal pakutakse k\u00f5ike alates m\u00f5nest paduvihma p\u00e4evast l\u00f5petades +25 kraadiste p\u00e4ikesepaisteliste p\u00e4evadega. Oli tuult ja tuulevaikust, pilvi ja selget taevast. \u00dcldiselt on ilm vahemerelikult mahe ja vaheldusrikas. Need kes ootavad siit sellel ajal pidevalt +30 kraadist suvesoojust peavad ilmselt pettuma, aga treenida ja ringi kolada on siin kindlasti madalamatel temperatuuridel m\u00f5nusam.<\/p>\n<figure id=\"attachment_2610\" aria-describedby=\"caption-attachment-2610\" style=\"width: 1920px\" class=\"wp-caption aligncenter\"><a href=\"https:\/\/d2p6e6u75xmxt8.cloudfront.net\/15\/2025\/04\/1000039207-scaled.webp\"><img loading=\"lazy\" decoding=\"async\" class=\"wp-image-2610 size-extra-large\" src=\"https:\/\/d2p6e6u75xmxt8.cloudfront.net\/15\/2025\/04\/1000039207-1920x1083.webp\" alt=\"\" width=\"1920\" height=\"1083\" srcset=\"https:\/\/d2p6e6u75xmxt8.cloudfront.net\/15\/2025\/04\/1000039207-1920x1083.webp 1920w, https:\/\/d2p6e6u75xmxt8.cloudfront.net\/15\/2025\/04\/1000039207-300x169.webp 300w, https:\/\/d2p6e6u75xmxt8.cloudfront.net\/15\/2025\/04\/1000039207-1024x578.webp 1024w, https:\/\/d2p6e6u75xmxt8.cloudfront.net\/15\/2025\/04\/1000039207-768x433.webp 768w, https:\/\/d2p6e6u75xmxt8.cloudfront.net\/15\/2025\/04\/1000039207-1536x866.webp 1536w, https:\/\/d2p6e6u75xmxt8.cloudfront.net\/15\/2025\/04\/1000039207-2048x1155.webp 2048w, https:\/\/d2p6e6u75xmxt8.cloudfront.net\/15\/2025\/04\/1000039207-400x226.webp 400w, https:\/\/d2p6e6u75xmxt8.cloudfront.net\/15\/2025\/04\/1000039207-1920x1083.webp 1920w\" sizes=\"auto, (max-width: 1920px) 100vw, 1920px\" \/><\/a><figcaption id=\"caption-attachment-2610\" class=\"wp-caption-text\">Passo Sant&#8217;Anna<\/figcaption><\/figure>\n<h3>Mis kohti ilma rattata avastada? <em>Quali luoghi puoi esplorare senza una bicicletta?<\/em><\/h3>\n<p>Paljudele on <a href=\"https:\/\/en.wikipedia.org\/wiki\/Nuragic_civilization\">nuraagi tsivilisatsioon<\/a>, mis ekisteeris Sardiinias 1800-500 eKr, midagi sellist, mille kohta palju ei teata. Selle tsivilisatsiooni \u00fcmber on palju salap\u00e4ra ja ka kaasajal ei ole suudetud k\u00f5iki selle saare iidseid m\u00f5istatusi lahti muukida. Saar on aga j\u00e4lgi sellest kunagi eksisteerinud tsivilisatsioonist t\u00e4is. Paar p\u00f5nevamat kohta, kus ka ise \u00e4ra k\u00e4sin.<\/p>\n<figure id=\"attachment_2614\" aria-describedby=\"caption-attachment-2614\" style=\"width: 1083px\" class=\"wp-caption aligncenter\"><a href=\"https:\/\/d2p6e6u75xmxt8.cloudfront.net\/15\/2025\/04\/1000038728-scaled.webp\"><img loading=\"lazy\" decoding=\"async\" class=\"wp-image-2614 size-extra-large\" src=\"https:\/\/d2p6e6u75xmxt8.cloudfront.net\/15\/2025\/04\/1000038728-1083x1920.webp\" alt=\"\" width=\"1083\" height=\"1920\" srcset=\"https:\/\/d2p6e6u75xmxt8.cloudfront.net\/15\/2025\/04\/1000038728-1083x1920.webp 1083w, https:\/\/d2p6e6u75xmxt8.cloudfront.net\/15\/2025\/04\/1000038728-169x300.webp 169w, https:\/\/d2p6e6u75xmxt8.cloudfront.net\/15\/2025\/04\/1000038728-578x1024.webp 578w, https:\/\/d2p6e6u75xmxt8.cloudfront.net\/15\/2025\/04\/1000038728-768x1362.webp 768w, https:\/\/d2p6e6u75xmxt8.cloudfront.net\/15\/2025\/04\/1000038728-866x1536.webp 866w, https:\/\/d2p6e6u75xmxt8.cloudfront.net\/15\/2025\/04\/1000038728-1155x2048.webp 1155w, https:\/\/d2p6e6u75xmxt8.cloudfront.net\/15\/2025\/04\/1000038728-226x400.webp 226w, https:\/\/d2p6e6u75xmxt8.cloudfront.net\/15\/2025\/04\/1000038728-scaled.webp 1444w, https:\/\/d2p6e6u75xmxt8.cloudfront.net\/15\/2025\/04\/1000038728-1083x1920.webp 1083w\" sizes=\"auto, (max-width: 1083px) 100vw, 1083px\" \/><\/a><figcaption id=\"caption-attachment-2614\" class=\"wp-caption-text\">Tee Tiscali k\u00fclla<\/figcaption><\/figure>\n<p><a href=\"https:\/\/www.sardegnaturismo.it\/en\/explore\/nuragic-village-tiscali\">Tiscali k\u00fcla<\/a>, asub m\u00e4gedes osaliselt kokku kukkunud \u00fclisuures koopas. Selleks, et sinna p\u00e4\u00e4seda tuleb matkata kokku umbes 3,5-4 h (~7 km) . Rajal leidub nii kaljul\u00f5hesid, millest tuleb ennast l\u00e4bi pressida, kui ja suurep\u00e4rasied vaateid. \u00dcldiselt ei ole see ohtlik &#8211; meie k\u00e4sime 8-aastasega (tal on muidugi korralik matkakogemus all). K\u00fcla, kui sinna l\u00f5puks kohale j\u00f5uad, tekitab pigem tohutul hulgal k\u00fcsimusi, et miks ja kuidas jne. NB! V\u00f5ta kaaa sularaham sest linna sisenemine maksab 6 EUR ja seal kaardimakseid ei ole. Seda matka soovitan kindlasti. Alguspunkt on umbes <a href=\"https:\/\/www.google.pl\/maps\/place\/Tiscali+Trekking\/@40.2532053,9.4894543,16.46z\/data=!4m6!3m5!1s0x12de8b954336396f:0x55780d12e34bd5ed!8m2!3d40.2473391!4d9.4919387!16s%2Fg%2F11n7x7cvgr?entry=ttu&amp;g_ep=EgoyMDI1MDQxNi4xIKXMDSoJLDEwMjExNDU1SAFQAw%3D%3D\">SIIN<\/a>. Auto saab j\u00e4tta tee \u00e4\u00e4rde ja sealt edasi viitade j\u00e4rgi matkates. Tagasi tuleb tulla m\u00f6\u00f6da rada nr 481, siis 411 ja l\u00f5pus 409 b. Tuleb arvestada, et seal ei ole mobiili levi ja k\u00f5ik kaardid tuleks eelnevalt seadmetesse laadida. Minu marsruuti saab alla laadida <a href=\"https:\/\/www.strava.com\/activities\/14137348743\">siit.<\/a><\/p>\n<figure id=\"attachment_2606\" aria-describedby=\"caption-attachment-2606\" style=\"width: 1920px\" class=\"wp-caption aligncenter\"><a href=\"https:\/\/d2p6e6u75xmxt8.cloudfront.net\/15\/2025\/04\/1000038744-scaled.webp\"><img loading=\"lazy\" decoding=\"async\" class=\"wp-image-2606 size-extra-large\" src=\"https:\/\/d2p6e6u75xmxt8.cloudfront.net\/15\/2025\/04\/1000038744-1920x1083.webp\" alt=\"\" width=\"1920\" height=\"1083\" srcset=\"https:\/\/d2p6e6u75xmxt8.cloudfront.net\/15\/2025\/04\/1000038744-1920x1083.webp 1920w, https:\/\/d2p6e6u75xmxt8.cloudfront.net\/15\/2025\/04\/1000038744-300x169.webp 300w, https:\/\/d2p6e6u75xmxt8.cloudfront.net\/15\/2025\/04\/1000038744-1024x578.webp 1024w, https:\/\/d2p6e6u75xmxt8.cloudfront.net\/15\/2025\/04\/1000038744-768x433.webp 768w, https:\/\/d2p6e6u75xmxt8.cloudfront.net\/15\/2025\/04\/1000038744-1536x866.webp 1536w, https:\/\/d2p6e6u75xmxt8.cloudfront.net\/15\/2025\/04\/1000038744-2048x1155.webp 2048w, https:\/\/d2p6e6u75xmxt8.cloudfront.net\/15\/2025\/04\/1000038744-400x226.webp 400w, https:\/\/d2p6e6u75xmxt8.cloudfront.net\/15\/2025\/04\/1000038744-1920x1083.webp 1920w\" sizes=\"auto, (max-width: 1920px) 100vw, 1920px\" \/><\/a><figcaption id=\"caption-attachment-2606\" class=\"wp-caption-text\">Tiscali<\/figcaption><\/figure>\n<p><a href=\"https:\/\/grottaispinigoli.com\/\">Ispinigoli koobas<\/a> &#8211; Oroseist 17 km. Sisse saab ainult giidiga igal t\u00e4istunnil (vaata kodulehelt t\u00e4psemalt j\u00e4rgi). \u00dclisuur koobas on v\u00e4rav 17 km pikkusesse koobaste ja tunnelite v\u00f5rgustikku, turistid saavad k\u00fcll sisse ainult esimesse koopasse ja edasi minna ei ole v\u00f5imalik. Aga see on seda v\u00e4\u00e4rt, sest giidi jutt on heas inglise keeles, huvitav ja koobas ise on v\u00f5imas &#8211; k\u00f5rge ja majesteetlik.<br \/>\nKui soov, siis Cala Gononest saab paadiga s\u00f5ita <a href=\"https:\/\/www.grottabuemarino.com\/\">Grotta del Bue Marino<\/a> koopasse (paat 25 EUR + 10 EUR sissep\u00e4\u00e4s) seal me ise ei k\u00e4inud, aga pidi olema samuti v\u00e4gev.<br \/>\nTiscali k\u00fcla ja Ispinigoli koopa j\u00e4rel tasub k\u00fclastada <a href=\"https:\/\/www.museoarcheologicodorgali.com\/en\/\">Dorgalis asuvat arheoloogia muuseumi<\/a>, kuhu saad koopa piletiga tasuta sisse. <a href=\"https:\/\/www.sardegnaturismo.it\/en\/explore\/dorgali\">Dorgali<\/a> ise on ka vaatamist v\u00e4\u00e4rt.<\/p>\n<figure id=\"attachment_2619\" aria-describedby=\"caption-attachment-2619\" style=\"width: 1080px\" class=\"wp-caption aligncenter\"><a href=\"https:\/\/d2p6e6u75xmxt8.cloudfront.net\/15\/2025\/04\/1000038605-scaled.webp\"><img loading=\"lazy\" decoding=\"async\" class=\"wp-image-2619 size-extra-large\" src=\"https:\/\/d2p6e6u75xmxt8.cloudfront.net\/15\/2025\/04\/1000038605-1080x1920.webp\" alt=\"\" width=\"1080\" height=\"1920\" srcset=\"https:\/\/d2p6e6u75xmxt8.cloudfront.net\/15\/2025\/04\/1000038605-1080x1920.webp 1080w, https:\/\/d2p6e6u75xmxt8.cloudfront.net\/15\/2025\/04\/1000038605-169x300.webp 169w, https:\/\/d2p6e6u75xmxt8.cloudfront.net\/15\/2025\/04\/1000038605-576x1024.webp 576w, https:\/\/d2p6e6u75xmxt8.cloudfront.net\/15\/2025\/04\/1000038605-768x1366.webp 768w, https:\/\/d2p6e6u75xmxt8.cloudfront.net\/15\/2025\/04\/1000038605-864x1536.webp 864w, https:\/\/d2p6e6u75xmxt8.cloudfront.net\/15\/2025\/04\/1000038605-1152x2048.webp 1152w, https:\/\/d2p6e6u75xmxt8.cloudfront.net\/15\/2025\/04\/1000038605-225x400.webp 225w, https:\/\/d2p6e6u75xmxt8.cloudfront.net\/15\/2025\/04\/1000038605-scaled.webp 1440w, https:\/\/d2p6e6u75xmxt8.cloudfront.net\/15\/2025\/04\/1000038605-1080x1920.webp 1080w\" sizes=\"auto, (max-width: 1080px) 100vw, 1080px\" \/><\/a><figcaption id=\"caption-attachment-2619\" class=\"wp-caption-text\">Ispinigoli koobas<\/figcaption><\/figure>\n<p><a href=\"https:\/\/gorropu.info\/en\/\">Gorroppu <\/a>m\u00e4ekuru- me ise sinna ei j\u00f5udnud, aga pidi konkureerima oma v\u00e4gevuselt Kreeta Samaaria m\u00e4ekuruga. Erineva raskusastmega rajad, raskemad vajavad giidi.<\/p>\n<p><a href=\"https:\/\/www.sardegnaturismo.it\/en\/explore\/lollove\">Lollove k\u00fcla<\/a> &#8211; Sardiinia vanim s\u00e4ilinud keskaegne k\u00fcla. Elanikke hetkel 13. Kui sinna j\u00f5uad, siis v\u00f5ib tekkida tunne, et oled sattunud filmi &#8220;<a href=\"https:\/\/www.imdb.com\/title\/tt9110170\/\">Vale p\u00f6\u00f6re<\/a>&#8220;. Siin linnas on k\u00f5ik olemas &#8211; salap\u00e4ra, tuhande aasta tagune nunnade poolt linnale peale pandud needus ja t\u00e4ielik isoleerituse tunne.<\/p>\n<figure id=\"attachment_2618\" aria-describedby=\"caption-attachment-2618\" style=\"width: 1080px\" class=\"wp-caption aligncenter\"><a href=\"https:\/\/d2p6e6u75xmxt8.cloudfront.net\/15\/2025\/04\/1000038579-scaled.webp\"><img loading=\"lazy\" decoding=\"async\" class=\"wp-image-2618 size-extra-large\" src=\"https:\/\/d2p6e6u75xmxt8.cloudfront.net\/15\/2025\/04\/1000038579-1080x1920.webp\" alt=\"\" width=\"1080\" height=\"1920\" srcset=\"https:\/\/d2p6e6u75xmxt8.cloudfront.net\/15\/2025\/04\/1000038579-1080x1920.webp 1080w, https:\/\/d2p6e6u75xmxt8.cloudfront.net\/15\/2025\/04\/1000038579-169x300.webp 169w, https:\/\/d2p6e6u75xmxt8.cloudfront.net\/15\/2025\/04\/1000038579-576x1024.webp 576w, https:\/\/d2p6e6u75xmxt8.cloudfront.net\/15\/2025\/04\/1000038579-768x1365.webp 768w, https:\/\/d2p6e6u75xmxt8.cloudfront.net\/15\/2025\/04\/1000038579-864x1536.webp 864w, https:\/\/d2p6e6u75xmxt8.cloudfront.net\/15\/2025\/04\/1000038579-1152x2048.webp 1152w, https:\/\/d2p6e6u75xmxt8.cloudfront.net\/15\/2025\/04\/1000038579-225x400.webp 225w, https:\/\/d2p6e6u75xmxt8.cloudfront.net\/15\/2025\/04\/1000038579-scaled.webp 1440w, https:\/\/d2p6e6u75xmxt8.cloudfront.net\/15\/2025\/04\/1000038579-1080x1920.webp 1080w\" sizes=\"auto, (max-width: 1080px) 100vw, 1080px\" \/><\/a><figcaption id=\"caption-attachment-2618\" class=\"wp-caption-text\">Lollove<\/figcaption><\/figure>\n<p><a href=\"https:\/\/www.sardegnaturismo.it\/en\/explore\/mamoiada\">Mamoiada k\u00fcla<\/a> &#8211; siin peetakse juba aastatuhandeid veebruaris maskidega <a href=\"https:\/\/idese.cultura.gov.it\/en\/place\/carnival-of-mamoiada\/\">mitmep\u00e4evast riitust<\/a>, kus kevad v\u00f5idav talve ja headus kurjuse. Seda k\u00fcla v\u00e4isates soovitan p\u00f5igata sisse <a href=\"https:\/\/www.museomaschere.it\/en\/\">muuseumi<\/a> , mis seda traditiooni tutuvustab.<\/p>\n<figure id=\"attachment_2608\" aria-describedby=\"caption-attachment-2608\" style=\"width: 1080px\" class=\"wp-caption aligncenter\"><a href=\"https:\/\/d2p6e6u75xmxt8.cloudfront.net\/15\/2025\/04\/1000039048-scaled.webp\"><img loading=\"lazy\" decoding=\"async\" class=\"wp-image-2608 size-extra-large\" src=\"https:\/\/d2p6e6u75xmxt8.cloudfront.net\/15\/2025\/04\/1000039048-1080x1920.webp\" alt=\"\" width=\"1080\" height=\"1920\" srcset=\"https:\/\/d2p6e6u75xmxt8.cloudfront.net\/15\/2025\/04\/1000039048-1080x1920.webp 1080w, https:\/\/d2p6e6u75xmxt8.cloudfront.net\/15\/2025\/04\/1000039048-169x300.webp 169w, https:\/\/d2p6e6u75xmxt8.cloudfront.net\/15\/2025\/04\/1000039048-576x1024.webp 576w, https:\/\/d2p6e6u75xmxt8.cloudfront.net\/15\/2025\/04\/1000039048-768x1365.webp 768w, https:\/\/d2p6e6u75xmxt8.cloudfront.net\/15\/2025\/04\/1000039048-864x1536.webp 864w, https:\/\/d2p6e6u75xmxt8.cloudfront.net\/15\/2025\/04\/1000039048-1152x2048.webp 1152w, https:\/\/d2p6e6u75xmxt8.cloudfront.net\/15\/2025\/04\/1000039048-225x400.webp 225w, https:\/\/d2p6e6u75xmxt8.cloudfront.net\/15\/2025\/04\/1000039048-scaled.webp 1440w, https:\/\/d2p6e6u75xmxt8.cloudfront.net\/15\/2025\/04\/1000039048-1080x1920.webp 1080w\" sizes=\"auto, (max-width: 1080px) 100vw, 1080px\" \/><\/a><figcaption id=\"caption-attachment-2608\" class=\"wp-caption-text\">&#8220;Pahalane&#8221; kes taandub headuse ja kevade ees.<\/figcaption><\/figure>\n<p><a href=\"https:\/\/www.sardegnaturismo.it\/en\/explore\/orgosolo\">Orgosolo k\u00fcla<\/a> &#8211; <a href=\"https:\/\/www.unesco.org\/archives\/multimedia\/document-1748\"><em>Cantu a Denore<\/em><\/a> kodu \u00a0(UNESCO maailmap\u00e4randisse kuuluv kohalik laulu t\u00fc\u00fcp). K\u00fcla on tuntud oma sadade seinamaailngute poolest. Jalutad seal nagu kunstisaalis.<\/p>\n<figure id=\"attachment_2607\" aria-describedby=\"caption-attachment-2607\" style=\"width: 1080px\" class=\"wp-caption aligncenter\"><a href=\"https:\/\/d2p6e6u75xmxt8.cloudfront.net\/15\/2025\/04\/1000039014-scaled.webp\"><img loading=\"lazy\" decoding=\"async\" class=\"wp-image-2607 size-extra-large\" src=\"https:\/\/d2p6e6u75xmxt8.cloudfront.net\/15\/2025\/04\/1000039014-1080x1920.webp\" alt=\"\" width=\"1080\" height=\"1920\" srcset=\"https:\/\/d2p6e6u75xmxt8.cloudfront.net\/15\/2025\/04\/1000039014-1080x1920.webp 1080w, https:\/\/d2p6e6u75xmxt8.cloudfront.net\/15\/2025\/04\/1000039014-169x300.webp 169w, https:\/\/d2p6e6u75xmxt8.cloudfront.net\/15\/2025\/04\/1000039014-576x1024.webp 576w, https:\/\/d2p6e6u75xmxt8.cloudfront.net\/15\/2025\/04\/1000039014-768x1365.webp 768w, https:\/\/d2p6e6u75xmxt8.cloudfront.net\/15\/2025\/04\/1000039014-864x1536.webp 864w, https:\/\/d2p6e6u75xmxt8.cloudfront.net\/15\/2025\/04\/1000039014-1152x2048.webp 1152w, https:\/\/d2p6e6u75xmxt8.cloudfront.net\/15\/2025\/04\/1000039014-225x400.webp 225w, https:\/\/d2p6e6u75xmxt8.cloudfront.net\/15\/2025\/04\/1000039014-scaled.webp 1440w, https:\/\/d2p6e6u75xmxt8.cloudfront.net\/15\/2025\/04\/1000039014-1080x1920.webp 1080w\" sizes=\"auto, (max-width: 1080px) 100vw, 1080px\" \/><\/a><figcaption id=\"caption-attachment-2607\" class=\"wp-caption-text\">Orgosolo maalitud seinad &#8211; paljud p\u00e4ris vaskapoolse s\u00f5numiga.<\/figcaption><\/figure>\n<p>Lisaks soovitan vaadata \u00fcle m\u00f5ned nuraagi tsivilisatsiooni k\u00fclad nagu <a href=\"https:\/\/www.sardegnaturismo.it\/en\/explore\/romanzesu\">Romanzesu\u00a0<\/a>, m\u00fcstilised paigad nagu &#8220;<a href=\"https:\/\/www.italia.it\/en\/sardinia\/things-to-do\/giants-tomb-and-sacred-wells-sardinia\">hiiglase hauad<\/a>&#8221; ja <a href=\"https:\/\/www.sardegnaturismo.it\/en\/explore\/su-tempiesu\">Su Tempiesu p\u00fcha allikas.<\/a><\/p>\n<figure id=\"attachment_2617\" aria-describedby=\"caption-attachment-2617\" style=\"width: 1083px\" class=\"wp-caption aligncenter\"><a href=\"https:\/\/d2p6e6u75xmxt8.cloudfront.net\/15\/2025\/04\/1000038556-scaled.webp\"><img loading=\"lazy\" decoding=\"async\" class=\"wp-image-2617 size-extra-large\" src=\"https:\/\/d2p6e6u75xmxt8.cloudfront.net\/15\/2025\/04\/1000038556-1083x1920.webp\" alt=\"\" width=\"1083\" height=\"1920\" srcset=\"https:\/\/d2p6e6u75xmxt8.cloudfront.net\/15\/2025\/04\/1000038556-1083x1920.webp 1083w, https:\/\/d2p6e6u75xmxt8.cloudfront.net\/15\/2025\/04\/1000038556-169x300.webp 169w, https:\/\/d2p6e6u75xmxt8.cloudfront.net\/15\/2025\/04\/1000038556-578x1024.webp 578w, https:\/\/d2p6e6u75xmxt8.cloudfront.net\/15\/2025\/04\/1000038556-768x1362.webp 768w, https:\/\/d2p6e6u75xmxt8.cloudfront.net\/15\/2025\/04\/1000038556-866x1536.webp 866w, https:\/\/d2p6e6u75xmxt8.cloudfront.net\/15\/2025\/04\/1000038556-1155x2048.webp 1155w, https:\/\/d2p6e6u75xmxt8.cloudfront.net\/15\/2025\/04\/1000038556-226x400.webp 226w, https:\/\/d2p6e6u75xmxt8.cloudfront.net\/15\/2025\/04\/1000038556-scaled.webp 1444w, https:\/\/d2p6e6u75xmxt8.cloudfront.net\/15\/2025\/04\/1000038556-1083x1920.webp 1083w\" sizes=\"auto, (max-width: 1083px) 100vw, 1083px\" \/><\/a><figcaption id=\"caption-attachment-2617\" class=\"wp-caption-text\">Su Tempiesu p\u00fcha allikas aastast 1600 Ekr<\/figcaption><\/figure>\n<h4>Toit? <em>Pizza alla pasta?<\/em><\/h4>\n<p>Kuigi <a href=\"https:\/\/en.wikipedia.org\/wiki\/Sardinians\">Sardiinlased<\/a> ei nimeta ennast kuidagi moodi Itaalaseteks (pigem vastupidi), on siin lisaks kohalikule k\u00f6\u00f6gile, mida tuleks kindlasti ka proovida tugevalt esindatud k\u00f5ikv\u00f5imalikud <em>trattoriad<\/em> mis pakuvad traditsioonilisi Itaalia k\u00f6\u00f6gi klassikuid. Kohvi maksab siin (aastal 2025) umebs 1,2-1,5 eur ja maitseb suurep\u00e4raselt. Kohalikust k\u00f6\u00f6gist soovitan proovida <a href=\"https:\/\/en.wikipedia.org\/wiki\/Seada\"><em>seadat<\/em> <\/a>(magusad k\u00fcpsetised), <em><a href=\"https:\/\/en.wikipedia.org\/wiki\/Pane_carasau\">pane carasau<\/a><\/em> leivakesi, mille tegemises kohta saad rohkem uurida <a href=\"https:\/\/www.romanzesu.sardegna.it\/museo-della-civilta-pastorale-e-contadina.html\">Bitti koduloo muuseimist<\/a>. Kohalikud veinid, juustud ja \u00f5lled tasuvad ka k\u00f5ik proovimist.<\/p>\n<p><a href=\"https:\/\/d2p6e6u75xmxt8.cloudfront.net\/15\/2025\/04\/1000038771-scaled.webp\"><img loading=\"lazy\" decoding=\"async\" class=\"aligncenter size-extra-large wp-image-2623\" src=\"https:\/\/d2p6e6u75xmxt8.cloudfront.net\/15\/2025\/04\/1000038771-1080x1920.webp\" alt=\"\" width=\"1080\" height=\"1920\" srcset=\"https:\/\/d2p6e6u75xmxt8.cloudfront.net\/15\/2025\/04\/1000038771-1080x1920.webp 1080w, https:\/\/d2p6e6u75xmxt8.cloudfront.net\/15\/2025\/04\/1000038771-169x300.webp 169w, https:\/\/d2p6e6u75xmxt8.cloudfront.net\/15\/2025\/04\/1000038771-576x1024.webp 576w, https:\/\/d2p6e6u75xmxt8.cloudfront.net\/15\/2025\/04\/1000038771-768x1365.webp 768w, https:\/\/d2p6e6u75xmxt8.cloudfront.net\/15\/2025\/04\/1000038771-864x1536.webp 864w, https:\/\/d2p6e6u75xmxt8.cloudfront.net\/15\/2025\/04\/1000038771-1152x2048.webp 1152w, https:\/\/d2p6e6u75xmxt8.cloudfront.net\/15\/2025\/04\/1000038771-225x400.webp 225w, https:\/\/d2p6e6u75xmxt8.cloudfront.net\/15\/2025\/04\/1000038771-scaled.webp 1440w, https:\/\/d2p6e6u75xmxt8.cloudfront.net\/15\/2025\/04\/1000038771-1080x1920.webp 1080w\" sizes=\"auto, (max-width: 1080px) 100vw, 1080px\" \/><\/a><\/p>\n<p>&nbsp;<\/p>\n<p>&nbsp;<\/p>\n<h4>Kas minna? <em>Andiamo?<\/em><\/h4>\n<p><strong>Jah<\/strong>, see on erakordne koht. Meenutab meie enda saari, kus on sees v\u00e4ike jonnakus ja p\u00f5ikp\u00e4isus teha asju teisiti. Isoleeritus muust maailmast on vorminud siin kultuuri, mida mujalt ei leia.<br \/>\nRattaga avastamist on siin nii matkamehele kui t\u00f5sisele treenijale. Siinkohal tahaksin t\u00e4nada <a href=\"https:\/\/www.hawaii.ee\/\">Hawaii Expressi<\/a>, Priit Salum\u00e4ed ja Edgari Treierit, kes selle meeldej\u00e4\u00e4va kevadalaagri korraldasid.<br \/>\nKohtume rattarajal!<\/p>\n<figure id=\"attachment_2604\" aria-describedby=\"caption-attachment-2604\" style=\"width: 1920px\" class=\"wp-caption aligncenter\"><a href=\"https:\/\/d2p6e6u75xmxt8.cloudfront.net\/15\/2025\/04\/20250406_153053-scaled.webp\"><img loading=\"lazy\" decoding=\"async\" class=\"wp-image-2604 size-extra-large\" src=\"https:\/\/d2p6e6u75xmxt8.cloudfront.net\/15\/2025\/04\/20250406_153053-1920x1083.webp\" alt=\"\" width=\"1920\" height=\"1083\" srcset=\"https:\/\/d2p6e6u75xmxt8.cloudfront.net\/15\/2025\/04\/20250406_153053-1920x1083.webp 1920w, https:\/\/d2p6e6u75xmxt8.cloudfront.net\/15\/2025\/04\/20250406_153053-300x169.webp 300w, https:\/\/d2p6e6u75xmxt8.cloudfront.net\/15\/2025\/04\/20250406_153053-1024x578.webp 1024w, https:\/\/d2p6e6u75xmxt8.cloudfront.net\/15\/2025\/04\/20250406_153053-768x433.webp 768w, https:\/\/d2p6e6u75xmxt8.cloudfront.net\/15\/2025\/04\/20250406_153053-1536x866.webp 1536w, https:\/\/d2p6e6u75xmxt8.cloudfront.net\/15\/2025\/04\/20250406_153053-2048x1155.webp 2048w, https:\/\/d2p6e6u75xmxt8.cloudfront.net\/15\/2025\/04\/20250406_153053-400x226.webp 400w, https:\/\/d2p6e6u75xmxt8.cloudfront.net\/15\/2025\/04\/20250406_153053-1920x1083.webp 1920w\" sizes=\"auto, (max-width: 1920px) 100vw, 1920px\" \/><\/a><figcaption id=\"caption-attachment-2604\" class=\"wp-caption-text\">All paistab Cala Gonone<\/figcaption><\/figure>\n<p>&nbsp;<\/p>\n<p>&nbsp;<\/p>\n<p>&nbsp;<\/p>\n<p>&nbsp;<\/p>\n","protected":false},"excerpt":{"rendered":"<p>Neid ridu kirjutan ma hetkel Z\u00fcrichi lennujaamas, oodates j\u00e4tkulendu kodusesse Tallinnasse, kus just selleks aastaks suvi l\u00e4bi sai ja taas [&hellip;]<\/p>\n","protected":false},"author":174,"featured_media":2621,"comment_status":"open","ping_status":"open","sticky":false,"template":"","format":"standard","meta":{"footnotes":""},"categories":[11],"tags":[402,400,401,403,366],"global-categories":[22],"class_list":["post-2593","post","type-post","status-publish","format-standard","has-post-thumbnail","hentry","category-suhtlemine-ja-kultuur","tag-reisimine","tag-sardiinia","tag-sardiinia-kultuur","tag-toit","tag-treeninglaager","global-categories-cycling"],"yoast_head":"<!-- This site is optimized with the Yoast SEO Premium plugin v25.3 (Yoast SEO v25.9) - https:\/\/yoast.com\/wordpress\/plugins\/seo\/ -->\n<title>Maanteerattaga Sardiinias? - \u0160koda We Love Cycling - Estonia<\/title>\n<meta name=\"description\" content=\"Neid ridu kirjutan ma hetkel Z\u00fcrichi lennujaamas, oodates j\u00e4tkulendu kodusesse Tallinnasse, kus just selleks aastaks suvi l\u00e4bi sai ja taas tavap\u00e4rane +6 C ees ootab. Seljataga on 2 n\u00e4dalat \u00fcllatusi t\u00e4is Sardiinias, kus sai selle aja jooksul s\u00f5idetud 1250 km rattaga ja seigeldud iidse nuraagi tsivilisatsiooni radadel. Aga kui n\u00fc\u00fcd tagasi vaadata - kuidas kirjeldada Sardiiniat maanteeratturi silmade \/ jalgade l\u00e4bi?\" \/>\n<meta name=\"robots\" content=\"index, follow, max-snippet:-1, max-image-preview:large, max-video-preview:-1\" \/>\n<link rel=\"canonical\" href=\"https:\/\/www.welovecycling.com\/ee\/2025\/04\/22\/maanteerattaga-sardiinias\/\" \/>\n<meta property=\"og:locale\" content=\"et_EE\" \/>\n<meta property=\"og:type\" content=\"article\" \/>\n<meta property=\"og:title\" content=\"Maanteerattaga Sardiinias?\" \/>\n<meta property=\"og:description\" content=\"Neid ridu kirjutan ma hetkel Z\u00fcrichi lennujaamas, oodates j\u00e4tkulendu kodusesse Tallinnasse, kus just selleks aastaks suvi l\u00e4bi sai ja taas tavap\u00e4rane +6 C ees ootab. Seljataga on 2 n\u00e4dalat \u00fcllatusi t\u00e4is Sardiinias, kus sai selle aja jooksul s\u00f5idetud 1250 km rattaga ja seigeldud iidse nuraagi tsivilisatsiooni radadel. Aga kui n\u00fc\u00fcd tagasi vaadata - kuidas kirjeldada Sardiiniat maanteeratturi silmade \/ jalgade l\u00e4bi?\" \/>\n<meta property=\"og:url\" content=\"https:\/\/www.welovecycling.com\/ee\/2025\/04\/22\/maanteerattaga-sardiinias\/\" \/>\n<meta property=\"og:site_name\" content=\"\u0160koda We Love Cycling - Estonia\" \/>\n<meta property=\"article:published_time\" content=\"2025-04-22T07:32:03+00:00\" \/>\n<meta property=\"article:modified_time\" content=\"2025-04-22T13:23:22+00:00\" \/>\n<meta property=\"og:image\" content=\"https:\/\/d2p6e6u75xmxt8.cloudfront.net\/15\/2025\/04\/storia-della-bandiera-sarda.webp\" \/>\n\t<meta property=\"og:image:width\" content=\"1920\" \/>\n\t<meta property=\"og:image:height\" content=\"1280\" \/>\n\t<meta property=\"og:image:type\" content=\"image\/webp\" \/>\n<meta name=\"author\" content=\"andre\" \/>\n<meta name=\"twitter:card\" content=\"summary_large_image\" \/>\n<meta name=\"twitter:label1\" content=\"Written by\" \/>\n\t<meta name=\"twitter:data1\" content=\"Andre Kull\" \/>\n\t<meta name=\"twitter:label2\" content=\"Est. reading time\" \/>\n\t<meta name=\"twitter:data2\" content=\"6\" \/>\n<script type=\"application\/ld+json\" class=\"yoast-schema-graph\">{\"@context\":\"https:\/\/schema.org\",\"@graph\":[{\"@type\":\"WebPage\",\"@id\":\"https:\/\/www.welovecycling.com\/ee\/2025\/04\/22\/maanteerattaga-sardiinias\/\",\"url\":\"https:\/\/www.welovecycling.com\/ee\/2025\/04\/22\/maanteerattaga-sardiinias\/\",\"name\":\"Maanteerattaga Sardiinias? - \u0160koda We Love Cycling - Estonia\",\"isPartOf\":{\"@id\":\"https:\/\/www.welovecycling.com\/ee\/#website\"},\"primaryImageOfPage\":{\"@id\":\"https:\/\/www.welovecycling.com\/ee\/2025\/04\/22\/maanteerattaga-sardiinias\/#primaryimage\"},\"image\":{\"@id\":\"https:\/\/www.welovecycling.com\/ee\/2025\/04\/22\/maanteerattaga-sardiinias\/#primaryimage\"},\"thumbnailUrl\":\"https:\/\/d2p6e6u75xmxt8.cloudfront.net\/15\/2025\/04\/storia-della-bandiera-sarda.webp\",\"datePublished\":\"2025-04-22T07:32:03+00:00\",\"dateModified\":\"2025-04-22T13:23:22+00:00\",\"author\":{\"@id\":\"https:\/\/www.welovecycling.com\/ee\/#\/schema\/person\/8b7101c4bd1b1ae9d3732ebb1e6caf57\"},\"description\":\"Neid ridu kirjutan ma hetkel Z\u00fcrichi lennujaamas, oodates j\u00e4tkulendu kodusesse Tallinnasse, kus just selleks aastaks suvi l\u00e4bi sai ja taas tavap\u00e4rane +6 C ees ootab. Seljataga on 2 n\u00e4dalat \u00fcllatusi t\u00e4is Sardiinias, kus sai selle aja jooksul s\u00f5idetud 1250 km rattaga ja seigeldud iidse nuraagi tsivilisatsiooni radadel. Aga kui n\u00fc\u00fcd tagasi vaadata - kuidas kirjeldada Sardiiniat maanteeratturi silmade \/ jalgade l\u00e4bi?\",\"inLanguage\":\"et\",\"potentialAction\":[{\"@type\":\"ReadAction\",\"target\":[\"https:\/\/www.welovecycling.com\/ee\/2025\/04\/22\/maanteerattaga-sardiinias\/\"]}]},{\"@type\":\"ImageObject\",\"inLanguage\":\"et\",\"@id\":\"https:\/\/www.welovecycling.com\/ee\/2025\/04\/22\/maanteerattaga-sardiinias\/#primaryimage\",\"url\":\"https:\/\/d2p6e6u75xmxt8.cloudfront.net\/15\/2025\/04\/storia-della-bandiera-sarda.webp\",\"contentUrl\":\"https:\/\/d2p6e6u75xmxt8.cloudfront.net\/15\/2025\/04\/storia-della-bandiera-sarda.webp\",\"width\":1920,\"height\":1280},{\"@type\":\"WebSite\",\"@id\":\"https:\/\/www.welovecycling.com\/ee\/#website\",\"url\":\"https:\/\/www.welovecycling.com\/ee\/\",\"name\":\"\u0160koda We Love Cycling - Estonia\",\"description\":\"\",\"potentialAction\":[{\"@type\":\"SearchAction\",\"target\":{\"@type\":\"EntryPoint\",\"urlTemplate\":\"https:\/\/www.welovecycling.com\/ee\/?s={search_term_string}\"},\"query-input\":{\"@type\":\"PropertyValueSpecification\",\"valueRequired\":true,\"valueName\":\"search_term_string\"}}],\"inLanguage\":\"et\"},{\"@type\":\"Person\",\"@id\":\"https:\/\/www.welovecycling.com\/ee\/#\/schema\/person\/8b7101c4bd1b1ae9d3732ebb1e6caf57\",\"name\":\"andre\",\"image\":{\"@type\":\"ImageObject\",\"inLanguage\":\"et\",\"@id\":\"https:\/\/www.welovecycling.com\/ee\/#\/schema\/person\/image\/\",\"url\":\"https:\/\/secure.gravatar.com\/avatar\/0656b3224fe17b018f43b8a562625dd43d30827f027b2f62bc5a05711fec9a61?s=96&d=mm&r=g\",\"contentUrl\":\"https:\/\/secure.gravatar.com\/avatar\/0656b3224fe17b018f43b8a562625dd43d30827f027b2f62bc5a05711fec9a61?s=96&d=mm&r=g\",\"caption\":\"andre\"},\"url\":\"https:\/\/www.welovecycling.com\/ee\/author\/andre\/\"}]}<\/script>\n<!-- \/ Yoast SEO Premium plugin. -->","yoast_head_json":{"title":"Maanteerattaga Sardiinias? - \u0160koda We Love Cycling - Estonia","description":"Neid ridu kirjutan ma hetkel Z\u00fcrichi lennujaamas, oodates j\u00e4tkulendu kodusesse Tallinnasse, kus just selleks aastaks suvi l\u00e4bi sai ja taas tavap\u00e4rane +6 C ees ootab. Seljataga on 2 n\u00e4dalat \u00fcllatusi t\u00e4is Sardiinias, kus sai selle aja jooksul s\u00f5idetud 1250 km rattaga ja seigeldud iidse nuraagi tsivilisatsiooni radadel. Aga kui n\u00fc\u00fcd tagasi vaadata - kuidas kirjeldada Sardiiniat maanteeratturi silmade \/ jalgade l\u00e4bi?","robots":{"index":"index","follow":"follow","max-snippet":"max-snippet:-1","max-image-preview":"max-image-preview:large","max-video-preview":"max-video-preview:-1"},"canonical":"https:\/\/www.welovecycling.com\/ee\/2025\/04\/22\/maanteerattaga-sardiinias\/","og_locale":"et_EE","og_type":"article","og_title":"Maanteerattaga Sardiinias?","og_description":"Neid ridu kirjutan ma hetkel Z\u00fcrichi lennujaamas, oodates j\u00e4tkulendu kodusesse Tallinnasse, kus just selleks aastaks suvi l\u00e4bi sai ja taas tavap\u00e4rane +6 C ees ootab. Seljataga on 2 n\u00e4dalat \u00fcllatusi t\u00e4is Sardiinias, kus sai selle aja jooksul s\u00f5idetud 1250 km rattaga ja seigeldud iidse nuraagi tsivilisatsiooni radadel. Aga kui n\u00fc\u00fcd tagasi vaadata - kuidas kirjeldada Sardiiniat maanteeratturi silmade \/ jalgade l\u00e4bi?","og_url":"https:\/\/www.welovecycling.com\/ee\/2025\/04\/22\/maanteerattaga-sardiinias\/","og_site_name":"\u0160koda We Love Cycling - Estonia","article_published_time":"2025-04-22T07:32:03+00:00","article_modified_time":"2025-04-22T13:23:22+00:00","og_image":[{"width":1920,"height":1280,"url":"https:\/\/d2p6e6u75xmxt8.cloudfront.net\/15\/2025\/04\/storia-della-bandiera-sarda.webp","type":"image\/webp"}],"author":"andre","twitter_card":"summary_large_image","twitter_misc":{"Written by":"Andre Kull","Est. reading time":"6"},"schema":{"@context":"https:\/\/schema.org","@graph":[{"@type":"WebPage","@id":"https:\/\/www.welovecycling.com\/ee\/2025\/04\/22\/maanteerattaga-sardiinias\/","url":"https:\/\/www.welovecycling.com\/ee\/2025\/04\/22\/maanteerattaga-sardiinias\/","name":"Maanteerattaga Sardiinias? - \u0160koda We Love Cycling - Estonia","isPartOf":{"@id":"https:\/\/www.welovecycling.com\/ee\/#website"},"primaryImageOfPage":{"@id":"https:\/\/www.welovecycling.com\/ee\/2025\/04\/22\/maanteerattaga-sardiinias\/#primaryimage"},"image":{"@id":"https:\/\/www.welovecycling.com\/ee\/2025\/04\/22\/maanteerattaga-sardiinias\/#primaryimage"},"thumbnailUrl":"https:\/\/d2p6e6u75xmxt8.cloudfront.net\/15\/2025\/04\/storia-della-bandiera-sarda.webp","datePublished":"2025-04-22T07:32:03+00:00","dateModified":"2025-04-22T13:23:22+00:00","author":{"@id":"https:\/\/www.welovecycling.com\/ee\/#\/schema\/person\/8b7101c4bd1b1ae9d3732ebb1e6caf57"},"description":"Neid ridu kirjutan ma hetkel Z\u00fcrichi lennujaamas, oodates j\u00e4tkulendu kodusesse Tallinnasse, kus just selleks aastaks suvi l\u00e4bi sai ja taas tavap\u00e4rane +6 C ees ootab. Seljataga on 2 n\u00e4dalat \u00fcllatusi t\u00e4is Sardiinias, kus sai selle aja jooksul s\u00f5idetud 1250 km rattaga ja seigeldud iidse nuraagi tsivilisatsiooni radadel. Aga kui n\u00fc\u00fcd tagasi vaadata - kuidas kirjeldada Sardiiniat maanteeratturi silmade \/ jalgade l\u00e4bi?","inLanguage":"et","potentialAction":[{"@type":"ReadAction","target":["https:\/\/www.welovecycling.com\/ee\/2025\/04\/22\/maanteerattaga-sardiinias\/"]}]},{"@type":"ImageObject","inLanguage":"et","@id":"https:\/\/www.welovecycling.com\/ee\/2025\/04\/22\/maanteerattaga-sardiinias\/#primaryimage","url":"https:\/\/d2p6e6u75xmxt8.cloudfront.net\/15\/2025\/04\/storia-della-bandiera-sarda.webp","contentUrl":"https:\/\/d2p6e6u75xmxt8.cloudfront.net\/15\/2025\/04\/storia-della-bandiera-sarda.webp","width":1920,"height":1280},{"@type":"WebSite","@id":"https:\/\/www.welovecycling.com\/ee\/#website","url":"https:\/\/www.welovecycling.com\/ee\/","name":"\u0160koda We Love Cycling - Estonia","description":"","potentialAction":[{"@type":"SearchAction","target":{"@type":"EntryPoint","urlTemplate":"https:\/\/www.welovecycling.com\/ee\/?s={search_term_string}"},"query-input":{"@type":"PropertyValueSpecification","valueRequired":true,"valueName":"search_term_string"}}],"inLanguage":"et"},{"@type":"Person","@id":"https:\/\/www.welovecycling.com\/ee\/#\/schema\/person\/8b7101c4bd1b1ae9d3732ebb1e6caf57","name":"andre","image":{"@type":"ImageObject","inLanguage":"et","@id":"https:\/\/www.welovecycling.com\/ee\/#\/schema\/person\/image\/","url":"https:\/\/secure.gravatar.com\/avatar\/0656b3224fe17b018f43b8a562625dd43d30827f027b2f62bc5a05711fec9a61?s=96&d=mm&r=g","contentUrl":"https:\/\/secure.gravatar.com\/avatar\/0656b3224fe17b018f43b8a562625dd43d30827f027b2f62bc5a05711fec9a61?s=96&d=mm&r=g","caption":"andre"},"url":"https:\/\/www.welovecycling.com\/ee\/author\/andre\/"}]}},"_links":{"self":[{"href":"https:\/\/www.welovecycling.com\/ee\/wp-json\/wp\/v2\/posts\/2593","targetHints":{"allow":["GET"]}}],"collection":[{"href":"https:\/\/www.welovecycling.com\/ee\/wp-json\/wp\/v2\/posts"}],"about":[{"href":"https:\/\/www.welovecycling.com\/ee\/wp-json\/wp\/v2\/types\/post"}],"author":[{"embeddable":true,"href":"https:\/\/www.welovecycling.com\/ee\/wp-json\/wp\/v2\/users\/174"}],"replies":[{"embeddable":true,"href":"https:\/\/www.welovecycling.com\/ee\/wp-json\/wp\/v2\/comments?post=2593"}],"version-history":[{"count":23,"href":"https:\/\/www.welovecycling.com\/ee\/wp-json\/wp\/v2\/posts\/2593\/revisions"}],"predecessor-version":[{"id":2639,"href":"https:\/\/www.welovecycling.com\/ee\/wp-json\/wp\/v2\/posts\/2593\/revisions\/2639"}],"wp:featuredmedia":[{"embeddable":true,"href":"https:\/\/www.welovecycling.com\/ee\/wp-json\/wp\/v2\/media\/2621"}],"wp:attachment":[{"href":"https:\/\/www.welovecycling.com\/ee\/wp-json\/wp\/v2\/media?parent=2593"}],"wp:term":[{"taxonomy":"category","embeddable":true,"href":"https:\/\/www.welovecycling.com\/ee\/wp-json\/wp\/v2\/categories?post=2593"},{"taxonomy":"post_tag","embeddable":true,"href":"https:\/\/www.welovecycling.com\/ee\/wp-json\/wp\/v2\/tags?post=2593"},{"taxonomy":"global-categories","embeddable":true,"href":"https:\/\/www.welovecycling.com\/ee\/wp-json\/wp\/v2\/global-categories?post=2593"}],"curies":[{"name":"wp","href":"https:\/\/api.w.org\/{rel}","templated":true}]}}