{"id":259,"date":"2019-09-02T08:49:05","date_gmt":"2019-09-02T08:49:05","guid":{"rendered":"https:\/\/www.welovecycling.com\/ee\/?p=259"},"modified":"2019-09-02T09:03:55","modified_gmt":"2019-09-02T09:03:55","slug":"galerii-maailma-halvimate-rattateede-kullafond","status":"publish","type":"post","link":"https:\/\/www.welovecycling.com\/ee\/2019\/09\/02\/galerii-maailma-halvimate-rattateede-kullafond\/","title":{"rendered":"GALERII: Maailma halvimate rattateede kullafond"},"content":{"rendered":"<p><strong>\u00c4pardunud rattateid n\u00e4hes ei teagi vahel, kas nutta v\u00f5i naerda. V\u00f5ib olla pettunud, v\u00f5ib olla pahane, kuid pilku p\u00fc\u00fcavad need ikka. V\u00f5ib imestada, kas t\u00f5esti on tegemist m\u00f5istuslike olendite loominguga, v\u00f5i lihtsalt itsitada \u2013 v\u00f5i m\u00f5lemat. Seekord leidsime t\u00f5elise kullasoone, kus ratturid tutvustavad oma igap\u00e4evastel teekondadel kohatud puhast praaki \u2013 osa sellest on naljakas, osa kahtlemata ohtlik. Flickri grupis \u201e<\/strong><a href=\"https:\/\/www.flickr.com\/groups\/1239331@N20\/pool\/with\/38898554111\/\"><strong>The world\u2019s worst cycle lanes<\/strong><\/a><strong>\u201c (&#8220;Maailma k\u00f5ige hullemad rattarajad&#8221;, toim.) on enam kui 360\u00a0kasutajat kokku pannud esindusliku albumi t\u00f5eliselt eba\u00f5nnestunud lahendustest, kentsakatest kuritegelikeni.<\/strong><!--more--><\/p>\n<p>M\u00f5ned p\u00f5nevamad on allpool \u00e4ra toodud, \u00fclej\u00e4\u00e4nutega saate l\u00f5busalt aega veeta Flickri veebisaidil.<\/p>\n<p><a class=\"colorbox-initialized cboxElement\" href=\"https:\/\/d2p6e6u75xmxt8.cloudfront.net\/2\/2018\/02\/568415.JPG.jpg\"><img loading=\"lazy\" decoding=\"async\" class=\"alignnone size-full wp-image-163625 initial loading\" src=\"https:\/\/d2p6e6u75xmxt8.cloudfront.net\/2\/2018\/02\/568415.JPG.jpg\" sizes=\"auto, (max-width: 476px) 100vw, 476px\" srcset=\"https:\/\/d2p6e6u75xmxt8.cloudfront.net\/2\/2018\/02\/568415.JPG.jpg 476w, https:\/\/d2p6e6u75xmxt8.cloudfront.net\/2\/2018\/02\/568415.JPG-224x300.jpg 224w\" alt=\"\" width=\"476\" height=\"637\" data-was-processed=\"true\" \/><\/a><\/p>\n<p>\u201ePlaneerimisamet on siin rattateedega pisut hullu pannud. T\u00f5si, juriidiliselt on k\u00f5ik korrektne. Mis iganes p\u00f5hjusel on Londoni \u00fche liiklustihedama rattatee kaks suunda siin omavahel risti seatud. Planeerijatelt tubli t\u00f6\u00f6! Tegelikult muidugi kinnitab see, et taoline eraldatud s\u00f5idusuundadega rattatee on lihtsalt halb idee. Seda kinnitavaid uuringuid on piisavalt ja p\u00f5hjuseid ka, nii et olgu see foto taas kord kinnituseks.\u201d Postitas Tom Anderson<\/p>\n<p><a class=\"colorbox-initialized cboxElement\" href=\"https:\/\/d2p6e6u75xmxt8.cloudfront.net\/2\/2018\/02\/The-second-smallest-cycle-011.jpg\"><img loading=\"lazy\" decoding=\"async\" class=\"alignnone size-full wp-image-163626 loading\" src=\"https:\/\/d2p6e6u75xmxt8.cloudfront.net\/2\/2018\/02\/The-second-smallest-cycle-011.jpg\" sizes=\"auto, (max-width: 630px) 100vw, 630px\" srcset=\"https:\/\/d2p6e6u75xmxt8.cloudfront.net\/2\/2018\/02\/The-second-smallest-cycle-011.jpg 630w, https:\/\/d2p6e6u75xmxt8.cloudfront.net\/2\/2018\/02\/The-second-smallest-cycle-011-300x186.jpg 300w\" alt=\"\" width=\"630\" height=\"390\" data-was-processed=\"true\" \/><\/a><\/p>\n<p>\u201eVahel on raske oma silmi uskuda! Mis toimus selle planeerija peas, kes sellise naeruv\u00e4\u00e4rse rattaraja v\u00e4lja m\u00f5tles? Mis kiirusega siin ka ei s\u00f5idaks, k\u00fclili kukud ikka.\u201c Postitas phill.d<\/p>\n<p><a class=\"colorbox-initialized cboxElement\" href=\"https:\/\/d2p6e6u75xmxt8.cloudfront.net\/2\/2018\/02\/1547547.JPG.jpg\"><img loading=\"lazy\" decoding=\"async\" class=\"alignnone size-full wp-image-163627 loading\" src=\"https:\/\/d2p6e6u75xmxt8.cloudfront.net\/2\/2018\/02\/1547547.JPG.jpg\" sizes=\"auto, (max-width: 455px) 100vw, 455px\" srcset=\"https:\/\/d2p6e6u75xmxt8.cloudfront.net\/2\/2018\/02\/1547547.JPG.jpg 455w, https:\/\/d2p6e6u75xmxt8.cloudfront.net\/2\/2018\/02\/1547547.JPG-200x300.jpg 200w\" alt=\"\" width=\"455\" height=\"682\" data-was-processed=\"true\" \/><\/a><\/p>\n<p>\u201eIga p\u00e4ev t\u00f6\u00f6le s\u00f5ites pean siit kuidagi \u00fcle saama. Inglismaal tuleb rattateede projekteerimist veel pisut \u00f5ppida.\u201c Postitas diskojez<\/p>\n<p><a class=\"colorbox-initialized cboxElement\" href=\"https:\/\/d2p6e6u75xmxt8.cloudfront.net\/2\/2018\/02\/4488748.JPG.jpg\"><img loading=\"lazy\" decoding=\"async\" class=\"alignnone size-full wp-image-163628 loading\" src=\"https:\/\/d2p6e6u75xmxt8.cloudfront.net\/2\/2018\/02\/4488748.JPG.jpg\" sizes=\"auto, (max-width: 911px) 100vw, 911px\" srcset=\"https:\/\/d2p6e6u75xmxt8.cloudfront.net\/2\/2018\/02\/4488748.JPG.jpg 911w, https:\/\/d2p6e6u75xmxt8.cloudfront.net\/2\/2018\/02\/4488748.JPG-300x225.jpg 300w, https:\/\/d2p6e6u75xmxt8.cloudfront.net\/2\/2018\/02\/4488748.JPG-768x577.jpg 768w\" alt=\"\" width=\"911\" height=\"684\" data-was-processed=\"true\" \/><\/a><\/p>\n<p>\u201eMis asi see n\u00fc\u00fcd on?\u201c Postitas Clive Andrews<br \/>\n<a class=\"colorbox-initialized cboxElement\" href=\"https:\/\/d2p6e6u75xmxt8.cloudfront.net\/2\/2018\/02\/11154154.JPG.jpg\"><img loading=\"lazy\" decoding=\"async\" class=\"alignnone size-full wp-image-163629 loading\" src=\"https:\/\/d2p6e6u75xmxt8.cloudfront.net\/2\/2018\/02\/11154154.JPG.jpg\" sizes=\"auto, (max-width: 477px) 100vw, 477px\" srcset=\"https:\/\/d2p6e6u75xmxt8.cloudfront.net\/2\/2018\/02\/11154154.JPG.jpg 477w, https:\/\/d2p6e6u75xmxt8.cloudfront.net\/2\/2018\/02\/11154154.JPG-225x300.jpg 225w\" alt=\"\" width=\"477\" height=\"635\" data-was-processed=\"true\" \/><\/a><br \/>\n\u201eMitte ainult l\u00fchike, vaid ka vastu s\u00f5idusuunda ning l\u00f5peb \u00e4\u00e4rekiviga, millele saad t\u00e4ie hooga otsa kihutada, v\u00f5i siis tuleb teha j\u00e4rsk paremp\u00f6\u00f6re l\u00e4bi liikluse ja seej\u00e4rel j\u00e4rsk vasakp\u00f6\u00f6re k\u00f5nniteele, kus pahaaimamatud jalak\u00e4ijad k\u00fcllap ei aimagi, et tegemist on \u00fchtlasi rattateega.\u201c Postitas Dickie Dooda<\/p>\n<p><a class=\"colorbox-initialized cboxElement\" href=\"https:\/\/d2p6e6u75xmxt8.cloudfront.net\/2\/2018\/02\/4571574547574.JPG.jpg\"><img loading=\"lazy\" decoding=\"async\" class=\"alignnone size-full wp-image-163630 loading\" src=\"https:\/\/d2p6e6u75xmxt8.cloudfront.net\/2\/2018\/02\/4571574547574.JPG.jpg\" sizes=\"auto, (max-width: 512px) 100vw, 512px\" srcset=\"https:\/\/d2p6e6u75xmxt8.cloudfront.net\/2\/2018\/02\/4571574547574.JPG.jpg 512w, https:\/\/d2p6e6u75xmxt8.cloudfront.net\/2\/2018\/02\/4571574547574.JPG-225x300.jpg 225w\" alt=\"\" width=\"512\" height=\"682\" data-was-processed=\"true\" \/><\/a><\/p>\n<p>Postitas Slogfester<\/p>\n<p><a class=\"colorbox-initialized cboxElement\" href=\"https:\/\/d2p6e6u75xmxt8.cloudfront.net\/2\/2018\/02\/457457547547.JPG.jpg\"><img loading=\"lazy\" decoding=\"async\" class=\"alignnone size-full wp-image-163631 loading\" src=\"https:\/\/d2p6e6u75xmxt8.cloudfront.net\/2\/2018\/02\/457457547547.JPG.jpg\" sizes=\"auto, (max-width: 911px) 100vw, 911px\" srcset=\"https:\/\/d2p6e6u75xmxt8.cloudfront.net\/2\/2018\/02\/457457547547.JPG.jpg 911w, https:\/\/d2p6e6u75xmxt8.cloudfront.net\/2\/2018\/02\/457457547547.JPG-300x225.jpg 300w, https:\/\/d2p6e6u75xmxt8.cloudfront.net\/2\/2018\/02\/457457547547.JPG-768x575.jpg 768w\" alt=\"\" width=\"911\" height=\"682\" data-was-processed=\"true\" \/><\/a><\/p>\n<p>\u201eWuppertal \u2013 Saksamaa k\u00f5ige jalgrattavaenulikum linn.\u201c Postitas Julian Sch\u00fcngel<\/p>\n<p><a class=\"colorbox-initialized cboxElement\" href=\"https:\/\/d2p6e6u75xmxt8.cloudfront.net\/2\/2018\/02\/1114757574.JPG.jpg\"><img loading=\"lazy\" decoding=\"async\" class=\"alignnone size-full wp-image-163632 loading\" src=\"https:\/\/d2p6e6u75xmxt8.cloudfront.net\/2\/2018\/02\/1114757574.JPG.jpg\" sizes=\"auto, (max-width: 512px) 100vw, 512px\" srcset=\"https:\/\/d2p6e6u75xmxt8.cloudfront.net\/2\/2018\/02\/1114757574.JPG.jpg 512w, https:\/\/d2p6e6u75xmxt8.cloudfront.net\/2\/2018\/02\/1114757574.JPG-225x300.jpg 225w\" alt=\"\" width=\"512\" height=\"683\" data-was-processed=\"true\" \/><\/a><\/p>\n<p>\u201eMilleks? Kas sellest peaks kellegile kasu olema? Vaevalt. Lausa kahju inimestest, kes peavad taolisi jaburaid jooni maha m\u00e4rkima.\u201c Postitas greenerleith<\/p>\n<p><a class=\"colorbox-initialized cboxElement\" href=\"https:\/\/d2p6e6u75xmxt8.cloudfront.net\/2\/2018\/02\/84585875884.JPG.jpg\"><img loading=\"lazy\" decoding=\"async\" class=\"alignnone size-full wp-image-163633 loading\" src=\"https:\/\/d2p6e6u75xmxt8.cloudfront.net\/2\/2018\/02\/84585875884.JPG.jpg\" sizes=\"auto, (max-width: 912px) 100vw, 912px\" srcset=\"https:\/\/d2p6e6u75xmxt8.cloudfront.net\/2\/2018\/02\/84585875884.JPG.jpg 912w, https:\/\/d2p6e6u75xmxt8.cloudfront.net\/2\/2018\/02\/84585875884.JPG-300x224.jpg 300w, https:\/\/d2p6e6u75xmxt8.cloudfront.net\/2\/2018\/02\/84585875884.JPG-768x573.jpg 768w\" alt=\"\" width=\"912\" height=\"681\" data-was-processed=\"true\" \/><\/a><\/p>\n<p>\u201eNende \u201eparandust\u00f6\u00f6deni\u201c j\u00f5udsime v\u00e4lja \u00fchtki eeskirja rikkumata, polnud \u00fchtki t\u00f5ket ega m\u00e4rki. See lastega paar \u00fcritas p\u00e4ikeselisel riigip\u00fchal rattaga randa s\u00f5ita, kuid vajas l\u00f5puks meie abi, et ehitaja seatud l\u00f5ksust v\u00e4lja p\u00e4\u00e4seda.<\/p>\n<p>Ja neisse kohtadesse v\u00e4gevate uute lambipostide paigaldamine pole kah teab mis hea m\u00f5te.\u201c Postitas andy a<\/p>\n","protected":false},"excerpt":{"rendered":"<p>\u00c4pardunud rattateid n\u00e4hes ei teagi vahel, kas nutta v\u00f5i naerda. V\u00f5ib olla pettunud, v\u00f5ib olla pahane, kuid pilku p\u00fc\u00fcavad need [&hellip;]<\/p>\n","protected":false},"author":103,"featured_media":260,"comment_status":"open","ping_status":"open","sticky":false,"template":"","format":"standard","meta":{"footnotes":""},"categories":[37],"tags":[58],"global-categories":[22],"class_list":["post-259","post","type-post","status-publish","format-standard","has-post-thumbnail","hentry","category-rattaga-linnas","tag-rattarajad","global-categories-cycling"],"yoast_head":"<!-- This site is optimized with the Yoast SEO Premium plugin v25.3 (Yoast SEO v25.9) - https:\/\/yoast.com\/wordpress\/plugins\/seo\/ -->\n<title>GALERII: Maailma halvimate rattateede kullafond - \u0160koda We Love Cycling - Estonia<\/title>\n<meta name=\"robots\" content=\"index, follow, max-snippet:-1, max-image-preview:large, max-video-preview:-1\" \/>\n<link rel=\"canonical\" href=\"https:\/\/www.welovecycling.com\/ee\/2019\/09\/02\/galerii-maailma-halvimate-rattateede-kullafond\/\" \/>\n<meta property=\"og:locale\" content=\"et_EE\" \/>\n<meta property=\"og:type\" content=\"article\" \/>\n<meta property=\"og:title\" content=\"GALERII: Maailma halvimate rattateede kullafond\" \/>\n<meta property=\"og:description\" content=\"\u00c4pardunud rattateid n\u00e4hes ei teagi vahel, kas nutta v\u00f5i naerda. V\u00f5ib olla pettunud, v\u00f5ib olla pahane, kuid pilku p\u00fc\u00fcavad need [&hellip;]\" \/>\n<meta property=\"og:url\" content=\"https:\/\/www.welovecycling.com\/ee\/2019\/09\/02\/galerii-maailma-halvimate-rattateede-kullafond\/\" \/>\n<meta property=\"og:site_name\" content=\"\u0160koda We Love Cycling - Estonia\" \/>\n<meta property=\"article:published_time\" content=\"2019-09-02T08:49:05+00:00\" \/>\n<meta property=\"article:modified_time\" content=\"2019-09-02T09:03:55+00:00\" \/>\n<meta property=\"og:image\" content=\"https:\/\/d2p6e6u75xmxt8.cloudfront.net\/15\/2019\/09\/gallery_worst-bike-roads.jpg\" \/>\n\t<meta property=\"og:image:width\" content=\"1366\" \/>\n\t<meta property=\"og:image:height\" content=\"600\" \/>\n\t<meta property=\"og:image:type\" content=\"image\/jpeg\" \/>\n<meta name=\"author\" content=\"jaanika\" \/>\n<meta name=\"twitter:card\" content=\"summary_large_image\" \/>\n<meta name=\"twitter:label1\" content=\"Written by\" \/>\n\t<meta name=\"twitter:data1\" content=\"Frantiska Blazkova\" \/>\n\t<meta name=\"twitter:label2\" content=\"Est. reading time\" \/>\n\t<meta name=\"twitter:data2\" content=\"2 minutes\" \/>\n<script type=\"application\/ld+json\" class=\"yoast-schema-graph\">{\"@context\":\"https:\/\/schema.org\",\"@graph\":[{\"@type\":\"WebPage\",\"@id\":\"https:\/\/www.welovecycling.com\/ee\/2019\/09\/02\/galerii-maailma-halvimate-rattateede-kullafond\/\",\"url\":\"https:\/\/www.welovecycling.com\/ee\/2019\/09\/02\/galerii-maailma-halvimate-rattateede-kullafond\/\",\"name\":\"GALERII: Maailma halvimate rattateede kullafond - \u0160koda We Love Cycling - Estonia\",\"isPartOf\":{\"@id\":\"https:\/\/www.welovecycling.com\/ee\/#website\"},\"primaryImageOfPage\":{\"@id\":\"https:\/\/www.welovecycling.com\/ee\/2019\/09\/02\/galerii-maailma-halvimate-rattateede-kullafond\/#primaryimage\"},\"image\":{\"@id\":\"https:\/\/www.welovecycling.com\/ee\/2019\/09\/02\/galerii-maailma-halvimate-rattateede-kullafond\/#primaryimage\"},\"thumbnailUrl\":\"https:\/\/d2p6e6u75xmxt8.cloudfront.net\/15\/2019\/09\/gallery_worst-bike-roads.jpg\",\"datePublished\":\"2019-09-02T08:49:05+00:00\",\"dateModified\":\"2019-09-02T09:03:55+00:00\",\"author\":{\"@id\":\"https:\/\/www.welovecycling.com\/ee\/#\/schema\/person\/5a221fc116f29317cd8fc6e8ebbb4bac\"},\"inLanguage\":\"et\",\"potentialAction\":[{\"@type\":\"ReadAction\",\"target\":[\"https:\/\/www.welovecycling.com\/ee\/2019\/09\/02\/galerii-maailma-halvimate-rattateede-kullafond\/\"]}]},{\"@type\":\"ImageObject\",\"inLanguage\":\"et\",\"@id\":\"https:\/\/www.welovecycling.com\/ee\/2019\/09\/02\/galerii-maailma-halvimate-rattateede-kullafond\/#primaryimage\",\"url\":\"https:\/\/d2p6e6u75xmxt8.cloudfront.net\/15\/2019\/09\/gallery_worst-bike-roads.jpg\",\"contentUrl\":\"https:\/\/d2p6e6u75xmxt8.cloudfront.net\/15\/2019\/09\/gallery_worst-bike-roads.jpg\",\"width\":1366,\"height\":600},{\"@type\":\"WebSite\",\"@id\":\"https:\/\/www.welovecycling.com\/ee\/#website\",\"url\":\"https:\/\/www.welovecycling.com\/ee\/\",\"name\":\"\u0160koda We Love Cycling - Estonia\",\"description\":\"\",\"potentialAction\":[{\"@type\":\"SearchAction\",\"target\":{\"@type\":\"EntryPoint\",\"urlTemplate\":\"https:\/\/www.welovecycling.com\/ee\/?s={search_term_string}\"},\"query-input\":{\"@type\":\"PropertyValueSpecification\",\"valueRequired\":true,\"valueName\":\"search_term_string\"}}],\"inLanguage\":\"et\"},{\"@type\":\"Person\",\"@id\":\"https:\/\/www.welovecycling.com\/ee\/#\/schema\/person\/5a221fc116f29317cd8fc6e8ebbb4bac\",\"name\":\"jaanika\",\"image\":{\"@type\":\"ImageObject\",\"inLanguage\":\"et\",\"@id\":\"https:\/\/www.welovecycling.com\/ee\/#\/schema\/person\/image\/\",\"url\":\"https:\/\/secure.gravatar.com\/avatar\/423f124d44d6d14dae1b4c509d90d1a324e3ee2f230a72b31ae57302ab921ac7?s=96&d=mm&r=g\",\"contentUrl\":\"https:\/\/secure.gravatar.com\/avatar\/423f124d44d6d14dae1b4c509d90d1a324e3ee2f230a72b31ae57302ab921ac7?s=96&d=mm&r=g\",\"caption\":\"jaanika\"},\"url\":\"https:\/\/www.welovecycling.com\/ee\/author\/jaanika\/\"}]}<\/script>\n<!-- \/ Yoast SEO Premium plugin. -->","yoast_head_json":{"title":"GALERII: Maailma halvimate rattateede kullafond - \u0160koda We Love Cycling - Estonia","robots":{"index":"index","follow":"follow","max-snippet":"max-snippet:-1","max-image-preview":"max-image-preview:large","max-video-preview":"max-video-preview:-1"},"canonical":"https:\/\/www.welovecycling.com\/ee\/2019\/09\/02\/galerii-maailma-halvimate-rattateede-kullafond\/","og_locale":"et_EE","og_type":"article","og_title":"GALERII: Maailma halvimate rattateede kullafond","og_description":"\u00c4pardunud rattateid n\u00e4hes ei teagi vahel, kas nutta v\u00f5i naerda. V\u00f5ib olla pettunud, v\u00f5ib olla pahane, kuid pilku p\u00fc\u00fcavad need [&hellip;]","og_url":"https:\/\/www.welovecycling.com\/ee\/2019\/09\/02\/galerii-maailma-halvimate-rattateede-kullafond\/","og_site_name":"\u0160koda We Love Cycling - Estonia","article_published_time":"2019-09-02T08:49:05+00:00","article_modified_time":"2019-09-02T09:03:55+00:00","og_image":[{"width":1366,"height":600,"url":"https:\/\/d2p6e6u75xmxt8.cloudfront.net\/15\/2019\/09\/gallery_worst-bike-roads.jpg","type":"image\/jpeg"}],"author":"jaanika","twitter_card":"summary_large_image","twitter_misc":{"Written by":"Frantiska Blazkova","Est. reading time":"2 minutes"},"schema":{"@context":"https:\/\/schema.org","@graph":[{"@type":"WebPage","@id":"https:\/\/www.welovecycling.com\/ee\/2019\/09\/02\/galerii-maailma-halvimate-rattateede-kullafond\/","url":"https:\/\/www.welovecycling.com\/ee\/2019\/09\/02\/galerii-maailma-halvimate-rattateede-kullafond\/","name":"GALERII: Maailma halvimate rattateede kullafond - \u0160koda We Love Cycling - Estonia","isPartOf":{"@id":"https:\/\/www.welovecycling.com\/ee\/#website"},"primaryImageOfPage":{"@id":"https:\/\/www.welovecycling.com\/ee\/2019\/09\/02\/galerii-maailma-halvimate-rattateede-kullafond\/#primaryimage"},"image":{"@id":"https:\/\/www.welovecycling.com\/ee\/2019\/09\/02\/galerii-maailma-halvimate-rattateede-kullafond\/#primaryimage"},"thumbnailUrl":"https:\/\/d2p6e6u75xmxt8.cloudfront.net\/15\/2019\/09\/gallery_worst-bike-roads.jpg","datePublished":"2019-09-02T08:49:05+00:00","dateModified":"2019-09-02T09:03:55+00:00","author":{"@id":"https:\/\/www.welovecycling.com\/ee\/#\/schema\/person\/5a221fc116f29317cd8fc6e8ebbb4bac"},"inLanguage":"et","potentialAction":[{"@type":"ReadAction","target":["https:\/\/www.welovecycling.com\/ee\/2019\/09\/02\/galerii-maailma-halvimate-rattateede-kullafond\/"]}]},{"@type":"ImageObject","inLanguage":"et","@id":"https:\/\/www.welovecycling.com\/ee\/2019\/09\/02\/galerii-maailma-halvimate-rattateede-kullafond\/#primaryimage","url":"https:\/\/d2p6e6u75xmxt8.cloudfront.net\/15\/2019\/09\/gallery_worst-bike-roads.jpg","contentUrl":"https:\/\/d2p6e6u75xmxt8.cloudfront.net\/15\/2019\/09\/gallery_worst-bike-roads.jpg","width":1366,"height":600},{"@type":"WebSite","@id":"https:\/\/www.welovecycling.com\/ee\/#website","url":"https:\/\/www.welovecycling.com\/ee\/","name":"\u0160koda We Love Cycling - Estonia","description":"","potentialAction":[{"@type":"SearchAction","target":{"@type":"EntryPoint","urlTemplate":"https:\/\/www.welovecycling.com\/ee\/?s={search_term_string}"},"query-input":{"@type":"PropertyValueSpecification","valueRequired":true,"valueName":"search_term_string"}}],"inLanguage":"et"},{"@type":"Person","@id":"https:\/\/www.welovecycling.com\/ee\/#\/schema\/person\/5a221fc116f29317cd8fc6e8ebbb4bac","name":"jaanika","image":{"@type":"ImageObject","inLanguage":"et","@id":"https:\/\/www.welovecycling.com\/ee\/#\/schema\/person\/image\/","url":"https:\/\/secure.gravatar.com\/avatar\/423f124d44d6d14dae1b4c509d90d1a324e3ee2f230a72b31ae57302ab921ac7?s=96&d=mm&r=g","contentUrl":"https:\/\/secure.gravatar.com\/avatar\/423f124d44d6d14dae1b4c509d90d1a324e3ee2f230a72b31ae57302ab921ac7?s=96&d=mm&r=g","caption":"jaanika"},"url":"https:\/\/www.welovecycling.com\/ee\/author\/jaanika\/"}]}},"_links":{"self":[{"href":"https:\/\/www.welovecycling.com\/ee\/wp-json\/wp\/v2\/posts\/259","targetHints":{"allow":["GET"]}}],"collection":[{"href":"https:\/\/www.welovecycling.com\/ee\/wp-json\/wp\/v2\/posts"}],"about":[{"href":"https:\/\/www.welovecycling.com\/ee\/wp-json\/wp\/v2\/types\/post"}],"author":[{"embeddable":true,"href":"https:\/\/www.welovecycling.com\/ee\/wp-json\/wp\/v2\/users\/103"}],"replies":[{"embeddable":true,"href":"https:\/\/www.welovecycling.com\/ee\/wp-json\/wp\/v2\/comments?post=259"}],"version-history":[{"count":1,"href":"https:\/\/www.welovecycling.com\/ee\/wp-json\/wp\/v2\/posts\/259\/revisions"}],"predecessor-version":[{"id":261,"href":"https:\/\/www.welovecycling.com\/ee\/wp-json\/wp\/v2\/posts\/259\/revisions\/261"}],"wp:featuredmedia":[{"embeddable":true,"href":"https:\/\/www.welovecycling.com\/ee\/wp-json\/wp\/v2\/media\/260"}],"wp:attachment":[{"href":"https:\/\/www.welovecycling.com\/ee\/wp-json\/wp\/v2\/media?parent=259"}],"wp:term":[{"taxonomy":"category","embeddable":true,"href":"https:\/\/www.welovecycling.com\/ee\/wp-json\/wp\/v2\/categories?post=259"},{"taxonomy":"post_tag","embeddable":true,"href":"https:\/\/www.welovecycling.com\/ee\/wp-json\/wp\/v2\/tags?post=259"},{"taxonomy":"global-categories","embeddable":true,"href":"https:\/\/www.welovecycling.com\/ee\/wp-json\/wp\/v2\/global-categories?post=259"}],"curies":[{"name":"wp","href":"https:\/\/api.w.org\/{rel}","templated":true}]}}