{"id":2524,"date":"2025-04-11T09:23:12","date_gmt":"2025-04-11T06:23:12","guid":{"rendered":"https:\/\/www.welovecycling.com\/ee\/?p=2524"},"modified":"2025-04-11T09:23:12","modified_gmt":"2025-04-11T06:23:12","slug":"elu-naiste-profipelotonis-emily-dixon-voitis-2025-aasta-zwift-academy","status":"publish","type":"post","link":"https:\/\/www.welovecycling.com\/ee\/2025\/04\/11\/elu-naiste-profipelotonis-emily-dixon-voitis-2025-aasta-zwift-academy\/","title":{"rendered":"Elu naiste profipelotonis: Emily Dixon v\u00f5itis 2025. aasta Zwift Academy"},"content":{"rendered":"<h3 data-start=\"281\" data-end=\"661\"><strong>Zwift Academy on taas t\u00f5estanud oma v\u00f5imet avastada uut rattatalenti. Sel aastal langeb naiste programmi t\u00e4helepanu keskpunkt 18-aastasele Austraalia ratturile Emily Dixonile. Mitmetes \u00fclesannetes silmapaistvalt esinedes kindlustas Dixon endale profilepingu meeskonnaga CANYON\/\/SRAM Zondacrypto Generation \u2014 see on oluline h\u00fcppelaud noore austraallanna paljulubavas karj\u00e4\u00e4ris.<\/strong><\/h3>\n<p><!--more--><\/p>\n<p class=\"\" data-start=\"663\" data-end=\"818\">Seni aga vaatame l\u00e4hemalt, kes on see uus j\u00f5ud naiste profirattas\u00f5idus ja kuidas Zwift Academy j\u00e4tkab andekatele sportlastele ebatavalise edutee pakkumist.<\/p>\n<h2 data-start=\"820\" data-end=\"844\"><strong>L\u00e4bimurdeline esitus<\/strong><\/h2>\n<p class=\"\" data-start=\"852\" data-end=\"1410\">2025 aasta <a href=\"https:\/\/www.zwift.com\/eu\/zwift-academy-finals\">Zwift Academy<\/a> t\u00f5i kokku ratturid \u00fcle kogu maailma, kes v\u00f5istlesid professionaalse lepingu nimel. V\u00f5iduks ei piisa vaid k\u00f5rgest FTP-st v\u00f5i heast vastupidavusest \u2014 v\u00f5istlus hindab laia v\u00f5imete spektrit, alates taktikalisest taibust kuni rattavalitsemisoskusteni. Dixon avaldas kohe muljet kaheksa minuti pikkuses m\u00e4kket\u00f5usukatsetuses, mis n\u00e4itas tema ronimisv\u00f5imekust. Ja kui sellest veel v\u00e4he oleks, s\u00f5itis ta tehnilisel kardirajal v\u00e4lja parima aja, t\u00f5estades, et tal on vajalikud rattavalitsemisoskused ja v\u00f5istlusinstinkt, et profipelotonis l\u00e4bi l\u00fc\u00fca.<\/p>\n<h2 data-start=\"1412\" data-end=\"1437\"><strong>Mis on Zwift Academy?<\/strong><\/h2>\n<p class=\"\" data-start=\"1439\" data-end=\"1887\">Zwift Academy on saanud \u00fcheks k\u00f5ige p\u00f5nevamaks talendiotsingu programmiks profirattas\u00f5idus. 2016. aastal k\u00e4ivitatud algatus on Zwifti ja profitiimide koost\u00f6\u00f6projekt, mis pakub amat\u00f6\u00f6rs\u00f5itjatele ainulaadset v\u00f5imalust p\u00e4\u00e4seda profimaailma. Erinevalt traditsioonilistest skautimismeetoditest, mis n\u00f5uavad aastaid klubitasemel v\u00f5istlemist ja osalemist rahvusvahelistel v\u00f5istlustel, annab Zwift Academy v\u00f5imaluse v\u00f5istelda virtuaalselt \u00fcle kogu maailma.<\/p>\n<p class=\"\" data-start=\"1889\" data-end=\"2305\">Igal aastal osaleb programmis tuhandeid rattureid, kes l\u00e4bivad Zwifti virtuaalplatvormil struktureeritud treeninguid ja v\u00f5istlusi. Esimesed voorud hindavad v\u00f5imsust, vastupidavust ja v\u00f5istlusoskusi, seej\u00e4rel kitseneb kandidaatide hulk finalistideni. Viimased osalevad intensiivsel treeninglaagril, kus neid testitakse p\u00e4rismaailmas \u2013 alates v\u00f5imsustestidest kuni tehniliste oskuste ja taktikaliste otsusteni.<\/p>\n<p class=\"\" data-start=\"2307\" data-end=\"2551\">S\u00f5itjad nagu Ella Harris ja Neve Bradbury, varasemad Zwift Academy v\u00f5itjad, on edukalt j\u00f5udnud WorldTouri tasemele, t\u00f5estades, et see programm on enamat kui lihtsalt virtuaalne treeningv\u00f5istlus \u2013 see on t\u00f5siseltv\u00f5etav h\u00fcppelaud profikarj\u00e4\u00e4riks.<\/p>\n<blockquote class=\"instagram-media\" style=\"background: #FFF; border: 0; border-radius: 3px; box-shadow: 0 0 1px 0 rgba(0,0,0,0.5),0 1px 10px 0 rgba(0,0,0,0.15); margin: 1px; max-width: 540px; min-width: 326px; padding: 0; width: calc(100% - 2px);\" data-instgrm-captioned=\"\" data-instgrm-permalink=\"https:\/\/www.instagram.com\/p\/DHEXuE5y9dF\/?utm_source=ig_embed&amp;utm_campaign=loading\" data-instgrm-version=\"14\">\n<div style=\"padding: 16px;\">\n<p>&nbsp;<\/p>\n<div style=\"display: flex; flex-direction: row; align-items: center;\">\n<div style=\"background-color: #f4f4f4; border-radius: 50%; flex-grow: 0; height: 40px; margin-right: 14px; width: 40px;\"><\/div>\n<div style=\"display: flex; flex-direction: column; flex-grow: 1; justify-content: center;\">\n<div style=\"background-color: #f4f4f4; border-radius: 4px; flex-grow: 0; height: 14px; margin-bottom: 6px; width: 100px;\"><\/div>\n<div style=\"background-color: #f4f4f4; border-radius: 4px; flex-grow: 0; height: 14px; width: 60px;\"><\/div>\n<\/div>\n<\/div>\n<div style=\"padding: 19% 0;\"><\/div>\n<div style=\"display: block; height: 50px; margin: 0 auto 12px; width: 50px;\"><\/div>\n<div style=\"padding-top: 8px;\">\n<div style=\"color: #3897f0; font-family: Arial,sans-serif; font-size: 14px; font-style: normal; font-weight: 550; line-height: 18px;\">View this post on Instagram<\/div>\n<\/div>\n<div style=\"padding: 12.5% 0;\"><\/div>\n<div style=\"display: flex; flex-direction: row; margin-bottom: 14px; align-items: center;\">\n<div>\n<div style=\"background-color: #f4f4f4; border-radius: 50%; height: 12.5px; width: 12.5px; transform: translateX(0px) translateY(7px);\"><\/div>\n<div style=\"background-color: #f4f4f4; height: 12.5px; transform: rotate(-45deg) translateX(3px) translateY(1px); width: 12.5px; flex-grow: 0; margin-right: 14px; margin-left: 2px;\"><\/div>\n<div style=\"background-color: #f4f4f4; border-radius: 50%; height: 12.5px; width: 12.5px; transform: translateX(9px) translateY(-18px);\"><\/div>\n<\/div>\n<div style=\"margin-left: 8px;\">\n<div style=\"background-color: #f4f4f4; border-radius: 50%; flex-grow: 0; height: 20px; width: 20px;\"><\/div>\n<div style=\"width: 0; height: 0; border-top: 2px solid transparent; border-left: 6px solid #f4f4f4; border-bottom: 2px solid transparent; transform: translateX(16px) translateY(-4px) rotate(30deg);\"><\/div>\n<\/div>\n<div style=\"margin-left: auto;\">\n<div style=\"width: 0px; border-top: 8px solid #F4F4F4; border-right: 8px solid transparent; transform: translateY(16px);\"><\/div>\n<div style=\"background-color: #f4f4f4; flex-grow: 0; height: 12px; width: 16px; transform: translateY(-4px);\"><\/div>\n<div style=\"width: 0; height: 0; border-top: 8px solid #F4F4F4; border-left: 8px solid transparent; transform: translateY(-4px) translateX(8px);\"><\/div>\n<\/div>\n<\/div>\n<div style=\"display: flex; flex-direction: column; flex-grow: 1; justify-content: center; margin-bottom: 24px;\">\n<div style=\"background-color: #f4f4f4; border-radius: 4px; flex-grow: 0; height: 14px; margin-bottom: 6px; width: 224px;\"><\/div>\n<div style=\"background-color: #f4f4f4; border-radius: 4px; flex-grow: 0; height: 14px; width: 144px;\"><\/div>\n<\/div>\n<p>&nbsp;<\/p>\n<p style=\"color: #c9c8cd; font-family: Arial,sans-serif; font-size: 14px; line-height: 17px; margin-bottom: 0; margin-top: 8px; overflow: hidden; padding: 8px 0 7px; text-align: center; text-overflow: ellipsis; white-space: nowrap;\"><a style=\"color: #c9c8cd; font-family: Arial,sans-serif; font-size: 14px; font-style: normal; font-weight: normal; line-height: 17px; text-decoration: none;\" href=\"https:\/\/www.instagram.com\/p\/DHEXuE5y9dF\/?utm_source=ig_embed&amp;utm_campaign=loading\" target=\"_blank\" rel=\"noopener\">A post shared by Zwift (@gozwift)<\/a><\/p>\n<\/div>\n<\/blockquote>\n<p><script async src=\"\/\/www.instagram.com\/embed.js\"><\/script><\/p>\n<h2 data-start=\"2553\" data-end=\"2575\"><strong>H\u00fcpe profitasemele<\/strong><\/h2>\n<p class=\"\" data-start=\"2577\" data-end=\"2918\">Dixon j\u00f5udis esmakordselt t\u00e4helepanu keskpunkti 2024. aastal, kui ta l\u00f5petas UCI juunioride maailmameistriv\u00f5istlustel 23. kohal ja osales Euroopa Juunioride Rahvuste Karikasarjas. Need k\u00f5rgetasemelised v\u00f5istlused on koht, kus tulevased t\u00e4hed oma oskusi lihvivad, ning Dixon t\u00f5estas, et suudab konkureerida maailma parimate noorte s\u00f5itjatega.<\/p>\n<p class=\"\" data-start=\"2920\" data-end=\"3196\">Paljud andekad juuniorid j\u00e4\u00e4vad aga eliittasemele j\u00f5udmisel h\u00e4tta \u2013 ent Dixon n\u00e4itas Zwift Academys, et tal on olemas k\u00f5ik vajalikud omadused. Tema ronimisv\u00f5ime, tehniline osavus ja v\u00f5istlusintuitsioon tegid temast loogilise valiku tiimile CANYON\/\/SRAM Zondacrypto Generation.<\/p>\n<p class=\"\" data-start=\"3198\" data-end=\"3368\">Zwift Academy v\u00f5it oli Dixonile elu muutev hetk. Alustanud rattas\u00f5itu alles 2020. aastal COVID-19 pandeemia ajal, v\u00f5ib tema teekonda profirattas\u00f5iduni pidada meteoorseks saavutuseks.<\/p>\n<p class=\"\" data-start=\"3370\" data-end=\"3738\">\u201eMa ei oska seda s\u00f5nadesse panna \u2013 see muudab kogu mu elu,\u201d \u00fctles Dixon <a href=\"https:\/\/www.cyclingnews.com\/news\/its-something-i-dreamt-of-but-i-didnt-think-it-was-possible-emily-dixon-and-noah-ramsay-earn-pro-contracts-as-2025-zwift-academy-champions\/\">Cyclingnewsile<\/a> p\u00e4rast v\u00f5idu v\u00e4ljakuulutamist. \u201eSee on olnud mu unistus. Lapsena ei teadnud ma, kes ma olen, aga rattas\u00f5it aitas mul selle defineerida. See andis mulle sihi ja midagi, mida ma t\u00f5eliselt armastan. Mul on rattal nii l\u00f5bus, ja kui ma saan seda iga p\u00e4ev teha, siis see on lihtsalt uskumatu.\u201d<\/p>\n<p class=\"\" data-start=\"3740\" data-end=\"3945\">V\u00f5idu v\u00e4ljakuulutamise hetk oli emotsionaalne \u2013 nii Dixonile kui ka tema l\u00e4hedastele. Ta helistas kohe vanematele Melbourne\u2019is, olles \u00fcle ujutatud t\u00e4nutundest nende vankumatu toe eest kogu teekonna v\u00e4ltel.<\/p>\n<p class=\"\" data-start=\"3947\" data-end=\"4297\">\u201eMu vanemad panustasid nii palju. Sellep\u00e4rast ma oligi nii liigutatud, kui neile helistasin,\u201d \u00fctles Dixon. \u201eNad viisid mind igale v\u00f5istlusele ja olid alati minu k\u00f5rval, isegi siis, kui ma neid enne starti natuke kamandasin. Nad loobusid n\u00e4dalavahetuse plaanidest minu nimel ja nad uskusid minusse alati \u2013 isegi siis, kui ma ise endasse ei uskunud.\u201d<\/p>\n<p class=\"\" data-start=\"4299\" data-end=\"4602\">Dixoni lugu n\u00e4itab selgelt, kui oluline on selline programm nagu Zwift Academy \u2013 see annab v\u00f5imaluse neile, kel muidu ei oleks olnud v\u00f5imalust murda l\u00e4bi Euroopa rattamaailma. Austraallasena tunneb Dixon h\u00e4sti neid rahalisi ja logistilisi barj\u00e4\u00e4re, mis professionaalse rattas\u00f5iduni j\u00f5udmist raskendavad.<\/p>\n<p class=\"\" data-start=\"4604\" data-end=\"4910\">\u201eAustraalia on muust maailmast nii eraldatud, ja sama on paljude teiste riikidega \u2013 see k\u00f5ik tundub nii kaugel,\u201d \u00fctles ta. \u201eMa arvan, et seet\u00f5ttu olen ma nii \u0161okeeritud \u2013 see on olnud mu unistus, aga ma ei uskunud, et see v\u00f5iks p\u00e4riselt v\u00f5imalik olla. Euroopasse v\u00f5istlema tulemine on lihtsalt nii kallis.\u201d<\/p>\n<h2 data-start=\"4912\" data-end=\"4955\"><strong>Talendiotsingu areng naiste rattas\u00f5idus<\/strong><\/h2>\n<p class=\"\" data-start=\"4957\" data-end=\"5209\">Dixoni edulugu on osa suuremast muutusest selles, kuidas profitiimid noori talente leiavad. Zwift Academy on muutunud oluliseks v\u00e4rbamisallikaks noortele, kes soovivad spordis l\u00e4bi l\u00fc\u00fca, pakkudes alternatiivset rada klubide ja rahvusliitude s\u00fcsteemile.<\/p>\n<p class=\"\" data-start=\"5211\" data-end=\"5476\">T\u00e4nu andmep\u00f5hisele tulemuste anal\u00fc\u00fcsile, veebiv\u00f5istlustele ja p\u00e4riselulistele testidele on tiimidel n\u00fc\u00fcd rohkem v\u00f5imalusi potentsiaali m\u00e4rgata. See areng on v\u00f5imaldanud sportlastel ka v\u00e4ljaspool traditsioonilisi rattariike n\u00e4idata oma taset rahvusvahelisel areenil.<\/p>\n<h2 data-start=\"5478\" data-end=\"5506\"><strong>Mis saab Dixonist edasi?<\/strong><\/h2>\n<p class=\"\" data-start=\"5508\" data-end=\"5803\">Leping tiimiga CANYON\/\/SRAM Zondacrypto Generation on suur samm, kuid n\u00fc\u00fcd algab t\u00f5eline t\u00f6\u00f6. Dixon peab harjuma eliittaseme v\u00f5istluste karmide n\u00f5udmistega \u2013 pikemad s\u00f5idud, tugevam konkurents, vaimsed ja f\u00fc\u00fcsilised katsumused. \u00d5nneks liitub ta tiimiga, millel on tugev maine noorte arendamisel.<\/p>\n<p class=\"\" data-start=\"5805\" data-end=\"6063\"><a href=\"https:\/\/wmncycling.com\/2024-canyon-sram-generation\/\">CANYON\/\/SRAM-i arendusprogramm<\/a> on loodud selleks, et kasvatada tulevasi profirattureid, pakkudes neile tuge ja kogemusi WorldTour tasemele j\u00f5udmiseks. Kui Dixon j\u00e4tkab samas tempos, ei oleks \u00fcllatus teda l\u00e4hiaastatel juba CANYON\/\/SRAM Racing p\u00f5hitiimis n\u00e4ha.<\/p>\n<h2 data-start=\"6065\" data-end=\"6104\"><strong>Nimi, mida naiste pelotonis j\u00e4lgida<\/strong><\/h2>\n<p class=\"\" data-start=\"6106\" data-end=\"6486\">Ratturid nagu Emily Dixon ja teised noored talendid \u00fcle maailma n\u00e4itavad, et naiste rattas\u00f5idu tulevik on helge. Rohkem tiime investeerib j\u00e4relkasvu ja alternatiivsed teed, nagu Zwift Academy, loovad uusi v\u00f5imalusi. Spordiala muutub j\u00e4rjest tugevamaks, mitmekesisemaks ja p\u00f5nevamaks. Ning arvestades, et Dixonil on tugev arendustiimi tugi, paistab tema tulevik veel eriti eredalt.<\/p>\n","protected":false},"excerpt":{"rendered":"<p>Zwift Academy on taas t\u00f5estanud oma v\u00f5imet avastada uut rattatalenti. Sel aastal langeb naiste programmi t\u00e4helepanu keskpunkt 18-aastasele Austraalia ratturile [&hellip;]<\/p>\n","protected":false},"author":174,"featured_media":2525,"comment_status":"open","ping_status":"open","sticky":false,"template":"","format":"standard","meta":{"footnotes":""},"categories":[39],"tags":[391,392,394,393],"global-categories":[22],"class_list":["post-2524","post","type-post","status-publish","format-standard","has-post-thumbnail","hentry","category-maanteesoit","tag-canyon-sram","tag-emily-dixon","tag-naiste-propeloton","tag-zwift-academy","global-categories-cycling"],"yoast_head":"<!-- This site is optimized with the Yoast SEO Premium plugin v25.3 (Yoast SEO v25.9) - https:\/\/yoast.com\/wordpress\/plugins\/seo\/ -->\n<title>Elu naiste profipelotonis: Emily Dixon v\u00f5itis 2025. aasta Zwift Academy - \u0160koda We Love Cycling - Estonia<\/title>\n<meta name=\"robots\" content=\"index, follow, max-snippet:-1, max-image-preview:large, max-video-preview:-1\" \/>\n<link rel=\"canonical\" href=\"https:\/\/www.welovecycling.com\/ee\/2025\/04\/11\/elu-naiste-profipelotonis-emily-dixon-voitis-2025-aasta-zwift-academy\/\" \/>\n<meta property=\"og:locale\" content=\"et_EE\" \/>\n<meta property=\"og:type\" content=\"article\" \/>\n<meta property=\"og:title\" content=\"Elu naiste profipelotonis: Emily Dixon v\u00f5itis 2025. aasta Zwift Academy\" \/>\n<meta property=\"og:description\" content=\"Zwift Academy on taas t\u00f5estanud oma v\u00f5imet avastada uut rattatalenti. Sel aastal langeb naiste programmi t\u00e4helepanu keskpunkt 18-aastasele Austraalia ratturile [&hellip;]\" \/>\n<meta property=\"og:url\" content=\"https:\/\/www.welovecycling.com\/ee\/2025\/04\/11\/elu-naiste-profipelotonis-emily-dixon-voitis-2025-aasta-zwift-academy\/\" \/>\n<meta property=\"og:site_name\" content=\"\u0160koda We Love Cycling - Estonia\" \/>\n<meta property=\"article:published_time\" content=\"2025-04-11T06:23:12+00:00\" \/>\n<meta property=\"og:image\" content=\"https:\/\/d2p6e6u75xmxt8.cloudfront.net\/15\/2025\/04\/naised-pro.webp\" \/>\n\t<meta property=\"og:image:width\" content=\"1186\" \/>\n\t<meta property=\"og:image:height\" content=\"789\" \/>\n\t<meta property=\"og:image:type\" content=\"image\/webp\" \/>\n<meta name=\"author\" content=\"andre\" \/>\n<meta name=\"twitter:card\" content=\"summary_large_image\" \/>\n<meta name=\"twitter:label1\" content=\"Written by\" \/>\n\t<meta name=\"twitter:data1\" content=\"Megan Flottorp\" \/>\n\t<meta name=\"twitter:label2\" content=\"Est. reading time\" \/>\n\t<meta name=\"twitter:data2\" content=\"4\" \/>\n<script type=\"application\/ld+json\" class=\"yoast-schema-graph\">{\"@context\":\"https:\/\/schema.org\",\"@graph\":[{\"@type\":\"WebPage\",\"@id\":\"https:\/\/www.welovecycling.com\/ee\/2025\/04\/11\/elu-naiste-profipelotonis-emily-dixon-voitis-2025-aasta-zwift-academy\/\",\"url\":\"https:\/\/www.welovecycling.com\/ee\/2025\/04\/11\/elu-naiste-profipelotonis-emily-dixon-voitis-2025-aasta-zwift-academy\/\",\"name\":\"Elu naiste profipelotonis: Emily Dixon v\u00f5itis 2025. aasta Zwift Academy - \u0160koda We Love Cycling - Estonia\",\"isPartOf\":{\"@id\":\"https:\/\/www.welovecycling.com\/ee\/#website\"},\"primaryImageOfPage\":{\"@id\":\"https:\/\/www.welovecycling.com\/ee\/2025\/04\/11\/elu-naiste-profipelotonis-emily-dixon-voitis-2025-aasta-zwift-academy\/#primaryimage\"},\"image\":{\"@id\":\"https:\/\/www.welovecycling.com\/ee\/2025\/04\/11\/elu-naiste-profipelotonis-emily-dixon-voitis-2025-aasta-zwift-academy\/#primaryimage\"},\"thumbnailUrl\":\"https:\/\/d2p6e6u75xmxt8.cloudfront.net\/15\/2025\/04\/naised-pro.webp\",\"datePublished\":\"2025-04-11T06:23:12+00:00\",\"author\":{\"@id\":\"https:\/\/www.welovecycling.com\/ee\/#\/schema\/person\/8b7101c4bd1b1ae9d3732ebb1e6caf57\"},\"inLanguage\":\"et\",\"potentialAction\":[{\"@type\":\"ReadAction\",\"target\":[\"https:\/\/www.welovecycling.com\/ee\/2025\/04\/11\/elu-naiste-profipelotonis-emily-dixon-voitis-2025-aasta-zwift-academy\/\"]}]},{\"@type\":\"ImageObject\",\"inLanguage\":\"et\",\"@id\":\"https:\/\/www.welovecycling.com\/ee\/2025\/04\/11\/elu-naiste-profipelotonis-emily-dixon-voitis-2025-aasta-zwift-academy\/#primaryimage\",\"url\":\"https:\/\/d2p6e6u75xmxt8.cloudfront.net\/15\/2025\/04\/naised-pro.webp\",\"contentUrl\":\"https:\/\/d2p6e6u75xmxt8.cloudfront.net\/15\/2025\/04\/naised-pro.webp\",\"width\":1186,\"height\":789},{\"@type\":\"WebSite\",\"@id\":\"https:\/\/www.welovecycling.com\/ee\/#website\",\"url\":\"https:\/\/www.welovecycling.com\/ee\/\",\"name\":\"\u0160koda We Love Cycling - Estonia\",\"description\":\"\",\"potentialAction\":[{\"@type\":\"SearchAction\",\"target\":{\"@type\":\"EntryPoint\",\"urlTemplate\":\"https:\/\/www.welovecycling.com\/ee\/?s={search_term_string}\"},\"query-input\":{\"@type\":\"PropertyValueSpecification\",\"valueRequired\":true,\"valueName\":\"search_term_string\"}}],\"inLanguage\":\"et\"},{\"@type\":\"Person\",\"@id\":\"https:\/\/www.welovecycling.com\/ee\/#\/schema\/person\/8b7101c4bd1b1ae9d3732ebb1e6caf57\",\"name\":\"andre\",\"image\":{\"@type\":\"ImageObject\",\"inLanguage\":\"et\",\"@id\":\"https:\/\/www.welovecycling.com\/ee\/#\/schema\/person\/image\/\",\"url\":\"https:\/\/secure.gravatar.com\/avatar\/0656b3224fe17b018f43b8a562625dd43d30827f027b2f62bc5a05711fec9a61?s=96&d=mm&r=g\",\"contentUrl\":\"https:\/\/secure.gravatar.com\/avatar\/0656b3224fe17b018f43b8a562625dd43d30827f027b2f62bc5a05711fec9a61?s=96&d=mm&r=g\",\"caption\":\"andre\"},\"url\":\"https:\/\/www.welovecycling.com\/ee\/author\/andre\/\"}]}<\/script>\n<!-- \/ Yoast SEO Premium plugin. -->","yoast_head_json":{"title":"Elu naiste profipelotonis: Emily Dixon v\u00f5itis 2025. aasta Zwift Academy - \u0160koda We Love Cycling - Estonia","robots":{"index":"index","follow":"follow","max-snippet":"max-snippet:-1","max-image-preview":"max-image-preview:large","max-video-preview":"max-video-preview:-1"},"canonical":"https:\/\/www.welovecycling.com\/ee\/2025\/04\/11\/elu-naiste-profipelotonis-emily-dixon-voitis-2025-aasta-zwift-academy\/","og_locale":"et_EE","og_type":"article","og_title":"Elu naiste profipelotonis: Emily Dixon v\u00f5itis 2025. aasta Zwift Academy","og_description":"Zwift Academy on taas t\u00f5estanud oma v\u00f5imet avastada uut rattatalenti. Sel aastal langeb naiste programmi t\u00e4helepanu keskpunkt 18-aastasele Austraalia ratturile [&hellip;]","og_url":"https:\/\/www.welovecycling.com\/ee\/2025\/04\/11\/elu-naiste-profipelotonis-emily-dixon-voitis-2025-aasta-zwift-academy\/","og_site_name":"\u0160koda We Love Cycling - Estonia","article_published_time":"2025-04-11T06:23:12+00:00","og_image":[{"width":1186,"height":789,"url":"https:\/\/d2p6e6u75xmxt8.cloudfront.net\/15\/2025\/04\/naised-pro.webp","type":"image\/webp"}],"author":"andre","twitter_card":"summary_large_image","twitter_misc":{"Written by":"Megan Flottorp","Est. reading time":"4"},"schema":{"@context":"https:\/\/schema.org","@graph":[{"@type":"WebPage","@id":"https:\/\/www.welovecycling.com\/ee\/2025\/04\/11\/elu-naiste-profipelotonis-emily-dixon-voitis-2025-aasta-zwift-academy\/","url":"https:\/\/www.welovecycling.com\/ee\/2025\/04\/11\/elu-naiste-profipelotonis-emily-dixon-voitis-2025-aasta-zwift-academy\/","name":"Elu naiste profipelotonis: Emily Dixon v\u00f5itis 2025. aasta Zwift Academy - \u0160koda We Love Cycling - Estonia","isPartOf":{"@id":"https:\/\/www.welovecycling.com\/ee\/#website"},"primaryImageOfPage":{"@id":"https:\/\/www.welovecycling.com\/ee\/2025\/04\/11\/elu-naiste-profipelotonis-emily-dixon-voitis-2025-aasta-zwift-academy\/#primaryimage"},"image":{"@id":"https:\/\/www.welovecycling.com\/ee\/2025\/04\/11\/elu-naiste-profipelotonis-emily-dixon-voitis-2025-aasta-zwift-academy\/#primaryimage"},"thumbnailUrl":"https:\/\/d2p6e6u75xmxt8.cloudfront.net\/15\/2025\/04\/naised-pro.webp","datePublished":"2025-04-11T06:23:12+00:00","author":{"@id":"https:\/\/www.welovecycling.com\/ee\/#\/schema\/person\/8b7101c4bd1b1ae9d3732ebb1e6caf57"},"inLanguage":"et","potentialAction":[{"@type":"ReadAction","target":["https:\/\/www.welovecycling.com\/ee\/2025\/04\/11\/elu-naiste-profipelotonis-emily-dixon-voitis-2025-aasta-zwift-academy\/"]}]},{"@type":"ImageObject","inLanguage":"et","@id":"https:\/\/www.welovecycling.com\/ee\/2025\/04\/11\/elu-naiste-profipelotonis-emily-dixon-voitis-2025-aasta-zwift-academy\/#primaryimage","url":"https:\/\/d2p6e6u75xmxt8.cloudfront.net\/15\/2025\/04\/naised-pro.webp","contentUrl":"https:\/\/d2p6e6u75xmxt8.cloudfront.net\/15\/2025\/04\/naised-pro.webp","width":1186,"height":789},{"@type":"WebSite","@id":"https:\/\/www.welovecycling.com\/ee\/#website","url":"https:\/\/www.welovecycling.com\/ee\/","name":"\u0160koda We Love Cycling - Estonia","description":"","potentialAction":[{"@type":"SearchAction","target":{"@type":"EntryPoint","urlTemplate":"https:\/\/www.welovecycling.com\/ee\/?s={search_term_string}"},"query-input":{"@type":"PropertyValueSpecification","valueRequired":true,"valueName":"search_term_string"}}],"inLanguage":"et"},{"@type":"Person","@id":"https:\/\/www.welovecycling.com\/ee\/#\/schema\/person\/8b7101c4bd1b1ae9d3732ebb1e6caf57","name":"andre","image":{"@type":"ImageObject","inLanguage":"et","@id":"https:\/\/www.welovecycling.com\/ee\/#\/schema\/person\/image\/","url":"https:\/\/secure.gravatar.com\/avatar\/0656b3224fe17b018f43b8a562625dd43d30827f027b2f62bc5a05711fec9a61?s=96&d=mm&r=g","contentUrl":"https:\/\/secure.gravatar.com\/avatar\/0656b3224fe17b018f43b8a562625dd43d30827f027b2f62bc5a05711fec9a61?s=96&d=mm&r=g","caption":"andre"},"url":"https:\/\/www.welovecycling.com\/ee\/author\/andre\/"}]}},"_links":{"self":[{"href":"https:\/\/www.welovecycling.com\/ee\/wp-json\/wp\/v2\/posts\/2524","targetHints":{"allow":["GET"]}}],"collection":[{"href":"https:\/\/www.welovecycling.com\/ee\/wp-json\/wp\/v2\/posts"}],"about":[{"href":"https:\/\/www.welovecycling.com\/ee\/wp-json\/wp\/v2\/types\/post"}],"author":[{"embeddable":true,"href":"https:\/\/www.welovecycling.com\/ee\/wp-json\/wp\/v2\/users\/174"}],"replies":[{"embeddable":true,"href":"https:\/\/www.welovecycling.com\/ee\/wp-json\/wp\/v2\/comments?post=2524"}],"version-history":[{"count":2,"href":"https:\/\/www.welovecycling.com\/ee\/wp-json\/wp\/v2\/posts\/2524\/revisions"}],"predecessor-version":[{"id":2527,"href":"https:\/\/www.welovecycling.com\/ee\/wp-json\/wp\/v2\/posts\/2524\/revisions\/2527"}],"wp:featuredmedia":[{"embeddable":true,"href":"https:\/\/www.welovecycling.com\/ee\/wp-json\/wp\/v2\/media\/2525"}],"wp:attachment":[{"href":"https:\/\/www.welovecycling.com\/ee\/wp-json\/wp\/v2\/media?parent=2524"}],"wp:term":[{"taxonomy":"category","embeddable":true,"href":"https:\/\/www.welovecycling.com\/ee\/wp-json\/wp\/v2\/categories?post=2524"},{"taxonomy":"post_tag","embeddable":true,"href":"https:\/\/www.welovecycling.com\/ee\/wp-json\/wp\/v2\/tags?post=2524"},{"taxonomy":"global-categories","embeddable":true,"href":"https:\/\/www.welovecycling.com\/ee\/wp-json\/wp\/v2\/global-categories?post=2524"}],"curies":[{"name":"wp","href":"https:\/\/api.w.org\/{rel}","templated":true}]}}