{"id":2507,"date":"2025-04-04T12:03:27","date_gmt":"2025-04-04T09:03:27","guid":{"rendered":"https:\/\/www.welovecycling.com\/ee\/?p=2507"},"modified":"2025-04-04T12:03:27","modified_gmt":"2025-04-04T09:03:27","slug":"neilson-powless-ef-vormistas-dwars-door-vlaandereni-uheparvasoidul-valusa-voidu-seljatades-van-aerti-ja-visma-lease-a-bikei","status":"publish","type":"post","link":"https:\/\/www.welovecycling.com\/ee\/2025\/04\/04\/neilson-powless-ef-vormistas-dwars-door-vlaandereni-uheparvasoidul-valusa-voidu-seljatades-van-aerti-ja-visma-lease-a-bikei\/","title":{"rendered":"Neilson Powless (EF) vormistas Dwars door Vlaandereni \u00fchep\u00e4rvas\u00f5idul valusa v\u00f5idu, seljatades van Aerti ja Visma\u2013Lease a Bike\u2019i"},"content":{"rendered":"<h4 data-start=\"246\" data-end=\"682\"><strong>Kuidas on v\u00f5imalik <\/strong><strong>\u00fchep\u00e4evas\u00f5it samal ajal <\/strong><strong>nii v\u00f5ita kui ka kaotada? V\u00f5i teisiti \u00f6eldes \u2013 kuidas saab kaotada s\u00f5idu t\u00e4iusliku v\u00f5idustrateegiaga? K\u00fcsige Visma\u2013Lease a Bike\u2019ilt, sest just seda nad kolmap\u00e4evases Dwars door Vlaanderenis &#8220;saavutasid&#8221;, kui Neilson Powless (EF Education\u2013EasyPost) edestas fini\u0161iheitluses Wout van Aerti.<\/strong><\/h4>\n<p><!--more--><\/p>\n<hr class=\"\" data-start=\"684\" data-end=\"687\" \/>\n<p class=\"\" data-start=\"689\" data-end=\"980\"><strong>Geniaalne Visma \u00e4raminek<\/strong><br data-start=\"717\" data-end=\"720\" \/>S\u00f5it, kus van Aert eelmisel aastal kukkus ja oma hooaja esimese poole \u00e4ra rikkus, pidi 2025. aastal t\u00e4histama tema taass\u00fcndi enne suuri eesm\u00e4rke: p\u00fchap\u00e4evane Flandria velotuur ja n\u00e4dal hiljem Paris\u2013Roubaix. Ja tema tiimil oli t\u00f5epoolest suurep\u00e4rane strateegia.<\/p>\n<p class=\"\" data-start=\"982\" data-end=\"1498\">Kui s\u00f5ita j\u00e4i veel 72 km 184,2 km pikkusel trassil Roeselare\u2019ist Waregemisse, r\u00fcndasid neli Visma ratturit \u2013 Edoardo Affini, Tiesj Benoot, eelmise aasta v\u00f5itja Matteo Jorgenson ja van Aert\u00a0 peagrupist ning saavutasid kiiresti 10-sekundilise edu. Affini j\u00e4i\u00a0 varsti maha, kuid \u00fclej\u00e4\u00e4nud kolm Visma meest liitusid ees olnud ratturitega \u2013 Rasmus S\u00f8jberg Pedersen (Decathlon AG2R La Mondiale), Mikkel Bjerg (UAE Team Emirates\u2013XRG), Fabio Van den Bossche (Alpecin\u2013Deceuninck) ja Powless \u2013 moodustades tugeva jooksikute grupi.<\/p>\n<p class=\"\" data-start=\"1500\" data-end=\"1912\">Nende edu peagrupi ees, kus m\u00f6\u00f6dunud n\u00e4dalavahetusel Gent\u2013Wevelgemi v\u00f5itnud Mads Pedersen (Lidl-Trek) oli k\u00f5ige aktiivsem j\u00e4litaja, k\u00f5ikus 12 ja 22 sekundi vahel. Kolm ratturit kukkusid jooksikute seast distantsi edenedes v\u00e4lja, j\u00e4ttes Powlessi \u00fcksi\u00a0 koos kollase Visma-trioga. Nelik tegi head koost\u00f6\u00f6d ja umbes 45 km enne l\u00f5ppu hakkasid j\u00e4litajad lootust ja motivatsiooni kaotama v\u00f5i lihtsalt v\u00e4sima \u2013 vahe kasvas 33 sekundile.<\/p>\n<hr class=\"\" data-start=\"1914\" data-end=\"1917\" \/>\n<p class=\"\" data-start=\"1919\" data-end=\"2315\"><strong data-start=\"1919\" data-end=\"1933\">Halb otsus<\/strong><br data-start=\"1933\" data-end=\"1936\" \/>Kui s\u00f5ita j\u00e4i 40 km, oli vahe 42 sekundit, ja 19 km enne l\u00f5ppu oli edu juba 54 sekundit. Sel hetkel oli selge, et v\u00f5itja tuleb sellest nelikust ning Vismal oli kolm v\u00f5imalust neljast. Neil j\u00e4i \u00fcle vaid parim viis Powlessi alistamiseks v\u00e4lja m\u00f5elda. Nad valisid variandi, kus van Aert veetakse sprindiks positsioonile. See oli vale valik \u2013 nagu \u00fcli pettnunud van Aert p\u00e4rast s\u00f5itu ise tunnistas.<\/p>\n<p class=\"\" data-start=\"2317\" data-end=\"2596\">\u201eMa olen selle kaotuse eest t\u00e4ielikult vastutav,\u201c \u00fctles ta. \u201eMina tegin otsuse minna sprimdi peale, palusin Matteol [Jorgensonil] ja Tiesjil [Benootil] lihtsalt kontrollida ja mind l\u00f5ppu vedada. Ma olin kindel, et v\u00f5idan, aga sprindiks ei olnud jalgadesse enam midagi j\u00e4\u00e4nud ja Neilson Powless osutus tugevamaks.\u201c<\/p>\n<p class=\"\" data-start=\"2598\" data-end=\"2827\">Tagantj\u00e4rele oleks targem olnud, kui Jorgenson v\u00f5i Benoot oleks umbes 2 km enne l\u00f5ppu r\u00fcnnanud, sundides Powlessit vahesid kinni s\u00f5itma ja v\u00e4sitama, j\u00e4ttes van Aertile v\u00f5imaluse v\u00f5iduks. Aga ta hindas end selgelt \u00fcle ja alahindas ameeriklast.<\/p>\n<hr class=\"\" data-start=\"2829\" data-end=\"2832\" \/>\n<p class=\"\" data-start=\"2834\" data-end=\"3228\"><strong data-start=\"2834\" data-end=\"2861\">Van Aerti patutunnistus<\/strong><br data-start=\"2861\" data-end=\"2864\" \/>\u201eSee oli viga, sest olin l\u00f5pus liiga isekas,\u201c j\u00e4tkas van Aert. \u201eMa tahtsin seda v\u00f5itu nii v\u00e4ga, eriti p\u00e4rast k\u00f5iki kriitikanooli ja halba \u00f5nne eelmisel aastal. M\u00f5tlesin vaid iseendale. Ma ei tahtnud mingit v\u00f5imalust, et me kaotame v\u00f5i et m\u00f5ni tiimikaaslane v\u00f5idab \u2013 ja see oli suur viga. See pole minu tavaline k\u00e4itumine. Seet\u00f5ttu olen v\u00e4ga pettunud. See oli vastuolus mu loomusega.\u201c<\/p>\n<p class=\"\" data-start=\"3230\" data-end=\"3498\">Ka Jorgenson oli p\u00e4rast s\u00f5itu aus: \u201eTegime ilusa s\u00f5idu kuni 10 km enne l\u00f5ppu. Otsustasime minna Woutiga sprindi peale ja see oli vale otsus. Peame ausad olema. Samuti alahindasime Neilsonit. T\u00f5eline <em>chapeau<\/em> Neilsonile ja palju \u00f5nne \u2013 see oli t\u00f5esti tema poolt tugev sprint.\u201c<\/p>\n<p class=\"\" data-start=\"3500\" data-end=\"3859\">P\u00e4rast seda, kui Jorgenson eelmisel aastal sai esimeseks Ameerika v\u00f5itjaks <a href=\"https:\/\/www.ddvl.eu\/nl\">Dwars door Vlaanderenis<\/a>, vormistas Powless n\u00fc\u00fcd tesie j\u00e4rjestikust Ameeriklase v\u00f5itu. \u201eArvasin, et s\u00f5idan teisele kohale,\u201c \u00fctles v\u00f5idust vaimustuses Powless. \u201eMa ei suuda seda uskuda. Olen nii \u00f5nnelik. Tundsin end t\u00e4na v\u00e4ga tugevalt, aga ei uskunud, et mul on v\u00f5imalust sellises grupis v\u00f5ita.\u201c<\/p>\n<p class=\"\" data-start=\"3861\" data-end=\"4081\">Tema v\u00f5it oli \u00fclit\u00e4htis EF Education\u2013EasyPost tiimile, kes oli seni sel hooajal v\u00f5itnud vaid \u00fche v\u00e4ikese s\u00f5idu ning peab oma v\u00e4ikese eelarve t\u00f5ttu muretsema sellel kriitilisel hooajal WorldTouri staatuse s\u00e4ilitamise p\u00e4rast .<\/p>\n<hr class=\"\" data-start=\"4083\" data-end=\"4086\" \/>\n<p class=\"\" data-start=\"4088\" data-end=\"4413\"><strong data-start=\"4088\" data-end=\"4115\">Mis saab Woutist edasi?<\/strong><br data-start=\"4115\" data-end=\"4118\" \/>Paradoksaalsel kombel oli van Aerti teine koht tema hooaja parim tulemus \u2013 ja samas ka k\u00f5ige halvem. Tema tiim s\u00f5itis t\u00e4iusliku s\u00f5idu, talle loodi ideaalne v\u00f5imalus v\u00f5iduks, ja k\u00f5ik, mida ta tegema pidi, oli alistada Powless \u2013 kiire, aga mitte &#8220;rohelise s\u00e4rgi&#8221; tasemega sprinter, nagu vanasti van Aert ise.<\/p>\n<p class=\"\" data-start=\"4415\" data-end=\"4800\">See fiasko (sest just see see oli, kuigi Visma ratturid olid kolmest esimesest neli) j\u00e4tab palju k\u00fcsimusi van Aerti l\u00e4hituleviku osas. Kas ta peaks \u00fcldse startima p\u00fchap\u00e4evases Flandria velotuuril, kui kogu Flandria teda j\u00e4lgib? Tema praegust vormi arvestades on raske n\u00e4ha, kuidas ta v\u00f5iks poodiumile j\u00f5uda, kui vastas on Pedersen, Mathieu van der Poel, Filippo Ganna ja Tadej Poga\u010dar.<\/p>\n<p class=\"\" data-start=\"4802\" data-end=\"5188\">Ja milline peaks olema tema roll tiimis? Kas ta peaks toetama Jorgensonit ja Jonas Vingegaardi, kuni ta oma tippvormi taastab? P\u00f5lv, mille ta hooaja l\u00f5pus Vueltas vigastas, v\u00f5ib teda endiselt h\u00e4irida. M\u00f5ned vigastused, eriti p\u00f5lve omad, paranevad v\u00e4ga aeglaselt. P\u00f5lv on pedaalimise p\u00f6\u00f6rdtelg \u2013 see kannab j\u00f5u reitelt jalale. Kui see ei t\u00f6\u00f6ta t\u00f5husalt, on tulemuseks krambid v\u00f5i n\u00f5rkus.<\/p>\n<p class=\"\" data-start=\"5190\" data-end=\"5399\">V\u00f5i on see hoopis ps\u00fchholoogiline \u2013 frustratsioon, mis viis vale otsuseni selles s\u00f5idus? V\u00f5ib-olla on see \u00e4ratus ja ta on juba p\u00fchap\u00e4eval Flandria velotuuril j\u00e4lle vana hea rahulik ja v\u00f5imas van Aert. Loodame.<\/p>\n<hr class=\"\" data-start=\"5401\" data-end=\"5404\" \/>\n<p class=\"\" data-start=\"5406\" data-end=\"5448\"><strong data-start=\"5406\" data-end=\"5446\">Dwars door Vlaanderen l\u00f5pptulemused:<\/strong><\/p>\n<ol data-start=\"5449\" data-end=\"5869\">\n<li class=\"\" data-start=\"5449\" data-end=\"5502\">\n<p class=\"\" data-start=\"5452\" data-end=\"5502\">Neilson Powless, EF Education\u2013EasyPost \u2013 3:57:14<\/p>\n<\/li>\n<li class=\"\" data-start=\"5503\" data-end=\"5544\">\n<p class=\"\" data-start=\"5506\" data-end=\"5544\">Wout van Aert, Visma\u2013Lease a Bike +0<\/p>\n<\/li>\n<li class=\"\" data-start=\"5545\" data-end=\"5585\">\n<p class=\"\" data-start=\"5548\" data-end=\"5585\">Tiesj Benoot, Visma\u2013Lease a Bike +0<\/p>\n<\/li>\n<li class=\"\" data-start=\"5586\" data-end=\"5633\">\n<p class=\"\" data-start=\"5589\" data-end=\"5633\">Matteo Jorgenson, Visma\u2013Lease a Bike +0:05<\/p>\n<\/li>\n<li class=\"\" data-start=\"5634\" data-end=\"5669\">\n<p class=\"\" data-start=\"5637\" data-end=\"5669\">Mads Pedersen, Lidl-Trek +0:45<\/p>\n<\/li>\n<li class=\"\" data-start=\"5670\" data-end=\"5717\">\n<p class=\"\" data-start=\"5673\" data-end=\"5717\">Tibor Del Grosso, Alpecin\u2013Deceuninck +0:45<\/p>\n<\/li>\n<li class=\"\" data-start=\"5718\" data-end=\"5771\">\n<p class=\"\" data-start=\"5721\" data-end=\"5771\">Dries De Bondt, Decathlon AG2R La Mondiale +0:47<\/p>\n<\/li>\n<li class=\"\" data-start=\"5772\" data-end=\"5802\">\n<p class=\"\" data-start=\"5775\" data-end=\"5802\">Arjen Livyns, Lotto +0:47<\/p>\n<\/li>\n<li class=\"\" data-start=\"5803\" data-end=\"5839\">\n<p class=\"\" data-start=\"5806\" data-end=\"5839\">Stefan K\u00fcng, Groupama-FDJ +0:47<\/p>\n<\/li>\n<li class=\"\" data-start=\"5840\" data-end=\"5869\">\n<p class=\"\" data-start=\"5844\" data-end=\"5869\">Alec Segaert, Lotto +0:47<\/p>\n<\/li>\n<\/ol>\n<p><strong>Ajaloost on teada veel \u00fcks pea sama legendaarne v\u00f5it.<\/strong><br \/>\n10 aastat tagasi Het Nieuwsblad \u00fchep\u00e4eva s\u00f5idul olid eest \u00e4ra 3 Quick Stepi meest &#8211; Niki Terpstra,\u00a0 Tom Boonen ja Stijn Vandenbergh. Koos nendega \u00fcks SKY s\u00f5itja Ian Stannard.<br \/>\nTe v\u00f5ite ise arvata, kes v\u00f5itis. Oluline veel, et Quick Step oli sellel ajal v\u00e4ga \u00fchep\u00e4va s\u00f5itudele fokusseeritud tiim.<\/p>\n<p><iframe loading=\"lazy\" title=\"YouTube video player\" src=\"https:\/\/www.youtube-nocookie.com\/embed\/RW2DoqVnxYU?si=KWbmYC4gl93BZ95N&amp;start=1060\" width=\"560\" height=\"315\" frameborder=\"0\" allowfullscreen=\"allowfullscreen\"><\/iframe><\/p>\n","protected":false},"excerpt":{"rendered":"<p>Kuidas on v\u00f5imalik \u00fchep\u00e4evas\u00f5it samal ajal nii v\u00f5ita kui ka kaotada? V\u00f5i teisiti \u00f6eldes \u2013 kuidas saab kaotada s\u00f5idu t\u00e4iusliku [&hellip;]<\/p>\n","protected":false},"author":174,"featured_media":2508,"comment_status":"open","ping_status":"open","sticky":false,"template":"","format":"standard","meta":{"footnotes":""},"categories":[39],"tags":[386,387,388,390,389],"global-categories":[22],"class_list":["post-2507","post","type-post","status-publish","format-standard","has-post-thumbnail","hentry","category-maanteesoit","tag-2025-dwars-door-vlaanderem","tag-dwars-door-vlaanderen","tag-mads-pedersen","tag-neilson-powless","tag-wout-van-aert","global-categories-cycling"],"yoast_head":"<!-- This site is optimized with the Yoast SEO Premium plugin v25.3 (Yoast SEO v25.9) - https:\/\/yoast.com\/wordpress\/plugins\/seo\/ -->\n<title>Neilson Powless (EF) vormistas Dwars door Vlaandereni \u00fchep\u00e4rvas\u00f5idul valusa v\u00f5idu, seljatades van Aerti ja Visma\u2013Lease a Bike\u2019i - \u0160koda We Love Cycling - Estonia<\/title>\n<meta name=\"description\" content=\"Kuidas on v\u00f5imalik \u00fchep\u00e4evas\u00f5it samal ajal nii v\u00f5ita kui ka kaotada? V\u00f5i teisiti \u00f6eldes \u2013 kuidas saab kaotada s\u00f5idu t\u00e4iusliku v\u00f5idustrateegiaga? K\u00fcsige Visma\u2013Lease a Bike\u2019ilt, sest just seda nad kolmap\u00e4evases Dwars door Vlaanderenis &quot;saavutasid&quot;, kui Neilson Powless (EF Education\u2013EasyPost) edestas fini\u0161iheitluses Wout van Aerti.\" \/>\n<meta name=\"robots\" content=\"index, follow, max-snippet:-1, max-image-preview:large, max-video-preview:-1\" \/>\n<link rel=\"canonical\" href=\"https:\/\/www.welovecycling.com\/ee\/2025\/04\/04\/neilson-powless-ef-vormistas-dwars-door-vlaandereni-uheparvasoidul-valusa-voidu-seljatades-van-aerti-ja-visma-lease-a-bikei\/\" \/>\n<meta property=\"og:locale\" content=\"et_EE\" \/>\n<meta property=\"og:type\" content=\"article\" \/>\n<meta property=\"og:title\" content=\"Neilson Powless (EF) vormistas Dwars door Vlaandereni \u00fchep\u00e4rvas\u00f5idul valusa v\u00f5idu, seljatades van Aerti ja Visma\u2013Lease a Bike\u2019i\" \/>\n<meta property=\"og:description\" content=\"Kuidas on v\u00f5imalik \u00fchep\u00e4evas\u00f5it samal ajal nii v\u00f5ita kui ka kaotada? V\u00f5i teisiti \u00f6eldes \u2013 kuidas saab kaotada s\u00f5idu t\u00e4iusliku v\u00f5idustrateegiaga? K\u00fcsige Visma\u2013Lease a Bike\u2019ilt, sest just seda nad kolmap\u00e4evases Dwars door Vlaanderenis &quot;saavutasid&quot;, kui Neilson Powless (EF Education\u2013EasyPost) edestas fini\u0161iheitluses Wout van Aerti.\" \/>\n<meta property=\"og:url\" content=\"https:\/\/www.welovecycling.com\/ee\/2025\/04\/04\/neilson-powless-ef-vormistas-dwars-door-vlaandereni-uheparvasoidul-valusa-voidu-seljatades-van-aerti-ja-visma-lease-a-bikei\/\" \/>\n<meta property=\"og:site_name\" content=\"\u0160koda We Love Cycling - Estonia\" \/>\n<meta property=\"article:published_time\" content=\"2025-04-04T09:03:27+00:00\" \/>\n<meta property=\"og:image\" content=\"https:\/\/d2p6e6u75xmxt8.cloudfront.net\/15\/2025\/04\/powelss.webp\" \/>\n\t<meta property=\"og:image:width\" content=\"988\" \/>\n\t<meta property=\"og:image:height\" content=\"659\" \/>\n\t<meta property=\"og:image:type\" content=\"image\/webp\" \/>\n<meta name=\"author\" content=\"andre\" \/>\n<meta name=\"twitter:card\" content=\"summary_large_image\" \/>\n<meta name=\"twitter:label1\" content=\"Written by\" \/>\n\t<meta name=\"twitter:data1\" content=\"Siegfried Mortkowitz \/ Andre Kull\" \/>\n\t<meta name=\"twitter:label2\" content=\"Est. reading time\" \/>\n\t<meta name=\"twitter:data2\" content=\"6\" \/>\n<script type=\"application\/ld+json\" class=\"yoast-schema-graph\">{\"@context\":\"https:\/\/schema.org\",\"@graph\":[{\"@type\":\"WebPage\",\"@id\":\"https:\/\/www.welovecycling.com\/ee\/2025\/04\/04\/neilson-powless-ef-vormistas-dwars-door-vlaandereni-uheparvasoidul-valusa-voidu-seljatades-van-aerti-ja-visma-lease-a-bikei\/\",\"url\":\"https:\/\/www.welovecycling.com\/ee\/2025\/04\/04\/neilson-powless-ef-vormistas-dwars-door-vlaandereni-uheparvasoidul-valusa-voidu-seljatades-van-aerti-ja-visma-lease-a-bikei\/\",\"name\":\"Neilson Powless (EF) vormistas Dwars door Vlaandereni \u00fchep\u00e4rvas\u00f5idul valusa v\u00f5idu, seljatades van Aerti ja Visma\u2013Lease a Bike\u2019i - \u0160koda We Love Cycling - Estonia\",\"isPartOf\":{\"@id\":\"https:\/\/www.welovecycling.com\/ee\/#website\"},\"primaryImageOfPage\":{\"@id\":\"https:\/\/www.welovecycling.com\/ee\/2025\/04\/04\/neilson-powless-ef-vormistas-dwars-door-vlaandereni-uheparvasoidul-valusa-voidu-seljatades-van-aerti-ja-visma-lease-a-bikei\/#primaryimage\"},\"image\":{\"@id\":\"https:\/\/www.welovecycling.com\/ee\/2025\/04\/04\/neilson-powless-ef-vormistas-dwars-door-vlaandereni-uheparvasoidul-valusa-voidu-seljatades-van-aerti-ja-visma-lease-a-bikei\/#primaryimage\"},\"thumbnailUrl\":\"https:\/\/d2p6e6u75xmxt8.cloudfront.net\/15\/2025\/04\/powelss.webp\",\"datePublished\":\"2025-04-04T09:03:27+00:00\",\"author\":{\"@id\":\"https:\/\/www.welovecycling.com\/ee\/#\/schema\/person\/8b7101c4bd1b1ae9d3732ebb1e6caf57\"},\"description\":\"Kuidas on v\u00f5imalik \u00fchep\u00e4evas\u00f5it samal ajal nii v\u00f5ita kui ka kaotada? V\u00f5i teisiti \u00f6eldes \u2013 kuidas saab kaotada s\u00f5idu t\u00e4iusliku v\u00f5idustrateegiaga? K\u00fcsige Visma\u2013Lease a Bike\u2019ilt, sest just seda nad kolmap\u00e4evases Dwars door Vlaanderenis \\\"saavutasid\\\", kui Neilson Powless (EF Education\u2013EasyPost) edestas fini\u0161iheitluses Wout van Aerti.\",\"inLanguage\":\"et\",\"potentialAction\":[{\"@type\":\"ReadAction\",\"target\":[\"https:\/\/www.welovecycling.com\/ee\/2025\/04\/04\/neilson-powless-ef-vormistas-dwars-door-vlaandereni-uheparvasoidul-valusa-voidu-seljatades-van-aerti-ja-visma-lease-a-bikei\/\"]}]},{\"@type\":\"ImageObject\",\"inLanguage\":\"et\",\"@id\":\"https:\/\/www.welovecycling.com\/ee\/2025\/04\/04\/neilson-powless-ef-vormistas-dwars-door-vlaandereni-uheparvasoidul-valusa-voidu-seljatades-van-aerti-ja-visma-lease-a-bikei\/#primaryimage\",\"url\":\"https:\/\/d2p6e6u75xmxt8.cloudfront.net\/15\/2025\/04\/powelss.webp\",\"contentUrl\":\"https:\/\/d2p6e6u75xmxt8.cloudfront.net\/15\/2025\/04\/powelss.webp\",\"width\":988,\"height\":659},{\"@type\":\"WebSite\",\"@id\":\"https:\/\/www.welovecycling.com\/ee\/#website\",\"url\":\"https:\/\/www.welovecycling.com\/ee\/\",\"name\":\"\u0160koda We Love Cycling - Estonia\",\"description\":\"\",\"potentialAction\":[{\"@type\":\"SearchAction\",\"target\":{\"@type\":\"EntryPoint\",\"urlTemplate\":\"https:\/\/www.welovecycling.com\/ee\/?s={search_term_string}\"},\"query-input\":{\"@type\":\"PropertyValueSpecification\",\"valueRequired\":true,\"valueName\":\"search_term_string\"}}],\"inLanguage\":\"et\"},{\"@type\":\"Person\",\"@id\":\"https:\/\/www.welovecycling.com\/ee\/#\/schema\/person\/8b7101c4bd1b1ae9d3732ebb1e6caf57\",\"name\":\"andre\",\"image\":{\"@type\":\"ImageObject\",\"inLanguage\":\"et\",\"@id\":\"https:\/\/www.welovecycling.com\/ee\/#\/schema\/person\/image\/\",\"url\":\"https:\/\/secure.gravatar.com\/avatar\/0656b3224fe17b018f43b8a562625dd43d30827f027b2f62bc5a05711fec9a61?s=96&d=mm&r=g\",\"contentUrl\":\"https:\/\/secure.gravatar.com\/avatar\/0656b3224fe17b018f43b8a562625dd43d30827f027b2f62bc5a05711fec9a61?s=96&d=mm&r=g\",\"caption\":\"andre\"},\"url\":\"https:\/\/www.welovecycling.com\/ee\/author\/andre\/\"}]}<\/script>\n<!-- \/ Yoast SEO Premium plugin. -->","yoast_head_json":{"title":"Neilson Powless (EF) vormistas Dwars door Vlaandereni \u00fchep\u00e4rvas\u00f5idul valusa v\u00f5idu, seljatades van Aerti ja Visma\u2013Lease a Bike\u2019i - \u0160koda We Love Cycling - Estonia","description":"Kuidas on v\u00f5imalik \u00fchep\u00e4evas\u00f5it samal ajal nii v\u00f5ita kui ka kaotada? V\u00f5i teisiti \u00f6eldes \u2013 kuidas saab kaotada s\u00f5idu t\u00e4iusliku v\u00f5idustrateegiaga? K\u00fcsige Visma\u2013Lease a Bike\u2019ilt, sest just seda nad kolmap\u00e4evases Dwars door Vlaanderenis \"saavutasid\", kui Neilson Powless (EF Education\u2013EasyPost) edestas fini\u0161iheitluses Wout van Aerti.","robots":{"index":"index","follow":"follow","max-snippet":"max-snippet:-1","max-image-preview":"max-image-preview:large","max-video-preview":"max-video-preview:-1"},"canonical":"https:\/\/www.welovecycling.com\/ee\/2025\/04\/04\/neilson-powless-ef-vormistas-dwars-door-vlaandereni-uheparvasoidul-valusa-voidu-seljatades-van-aerti-ja-visma-lease-a-bikei\/","og_locale":"et_EE","og_type":"article","og_title":"Neilson Powless (EF) vormistas Dwars door Vlaandereni \u00fchep\u00e4rvas\u00f5idul valusa v\u00f5idu, seljatades van Aerti ja Visma\u2013Lease a Bike\u2019i","og_description":"Kuidas on v\u00f5imalik \u00fchep\u00e4evas\u00f5it samal ajal nii v\u00f5ita kui ka kaotada? V\u00f5i teisiti \u00f6eldes \u2013 kuidas saab kaotada s\u00f5idu t\u00e4iusliku v\u00f5idustrateegiaga? K\u00fcsige Visma\u2013Lease a Bike\u2019ilt, sest just seda nad kolmap\u00e4evases Dwars door Vlaanderenis \"saavutasid\", kui Neilson Powless (EF Education\u2013EasyPost) edestas fini\u0161iheitluses Wout van Aerti.","og_url":"https:\/\/www.welovecycling.com\/ee\/2025\/04\/04\/neilson-powless-ef-vormistas-dwars-door-vlaandereni-uheparvasoidul-valusa-voidu-seljatades-van-aerti-ja-visma-lease-a-bikei\/","og_site_name":"\u0160koda We Love Cycling - Estonia","article_published_time":"2025-04-04T09:03:27+00:00","og_image":[{"width":988,"height":659,"url":"https:\/\/d2p6e6u75xmxt8.cloudfront.net\/15\/2025\/04\/powelss.webp","type":"image\/webp"}],"author":"andre","twitter_card":"summary_large_image","twitter_misc":{"Written by":"Siegfried Mortkowitz \/ Andre Kull","Est. reading time":"6"},"schema":{"@context":"https:\/\/schema.org","@graph":[{"@type":"WebPage","@id":"https:\/\/www.welovecycling.com\/ee\/2025\/04\/04\/neilson-powless-ef-vormistas-dwars-door-vlaandereni-uheparvasoidul-valusa-voidu-seljatades-van-aerti-ja-visma-lease-a-bikei\/","url":"https:\/\/www.welovecycling.com\/ee\/2025\/04\/04\/neilson-powless-ef-vormistas-dwars-door-vlaandereni-uheparvasoidul-valusa-voidu-seljatades-van-aerti-ja-visma-lease-a-bikei\/","name":"Neilson Powless (EF) vormistas Dwars door Vlaandereni \u00fchep\u00e4rvas\u00f5idul valusa v\u00f5idu, seljatades van Aerti ja Visma\u2013Lease a Bike\u2019i - \u0160koda We Love Cycling - Estonia","isPartOf":{"@id":"https:\/\/www.welovecycling.com\/ee\/#website"},"primaryImageOfPage":{"@id":"https:\/\/www.welovecycling.com\/ee\/2025\/04\/04\/neilson-powless-ef-vormistas-dwars-door-vlaandereni-uheparvasoidul-valusa-voidu-seljatades-van-aerti-ja-visma-lease-a-bikei\/#primaryimage"},"image":{"@id":"https:\/\/www.welovecycling.com\/ee\/2025\/04\/04\/neilson-powless-ef-vormistas-dwars-door-vlaandereni-uheparvasoidul-valusa-voidu-seljatades-van-aerti-ja-visma-lease-a-bikei\/#primaryimage"},"thumbnailUrl":"https:\/\/d2p6e6u75xmxt8.cloudfront.net\/15\/2025\/04\/powelss.webp","datePublished":"2025-04-04T09:03:27+00:00","author":{"@id":"https:\/\/www.welovecycling.com\/ee\/#\/schema\/person\/8b7101c4bd1b1ae9d3732ebb1e6caf57"},"description":"Kuidas on v\u00f5imalik \u00fchep\u00e4evas\u00f5it samal ajal nii v\u00f5ita kui ka kaotada? V\u00f5i teisiti \u00f6eldes \u2013 kuidas saab kaotada s\u00f5idu t\u00e4iusliku v\u00f5idustrateegiaga? K\u00fcsige Visma\u2013Lease a Bike\u2019ilt, sest just seda nad kolmap\u00e4evases Dwars door Vlaanderenis \"saavutasid\", kui Neilson Powless (EF Education\u2013EasyPost) edestas fini\u0161iheitluses Wout van Aerti.","inLanguage":"et","potentialAction":[{"@type":"ReadAction","target":["https:\/\/www.welovecycling.com\/ee\/2025\/04\/04\/neilson-powless-ef-vormistas-dwars-door-vlaandereni-uheparvasoidul-valusa-voidu-seljatades-van-aerti-ja-visma-lease-a-bikei\/"]}]},{"@type":"ImageObject","inLanguage":"et","@id":"https:\/\/www.welovecycling.com\/ee\/2025\/04\/04\/neilson-powless-ef-vormistas-dwars-door-vlaandereni-uheparvasoidul-valusa-voidu-seljatades-van-aerti-ja-visma-lease-a-bikei\/#primaryimage","url":"https:\/\/d2p6e6u75xmxt8.cloudfront.net\/15\/2025\/04\/powelss.webp","contentUrl":"https:\/\/d2p6e6u75xmxt8.cloudfront.net\/15\/2025\/04\/powelss.webp","width":988,"height":659},{"@type":"WebSite","@id":"https:\/\/www.welovecycling.com\/ee\/#website","url":"https:\/\/www.welovecycling.com\/ee\/","name":"\u0160koda We Love Cycling - Estonia","description":"","potentialAction":[{"@type":"SearchAction","target":{"@type":"EntryPoint","urlTemplate":"https:\/\/www.welovecycling.com\/ee\/?s={search_term_string}"},"query-input":{"@type":"PropertyValueSpecification","valueRequired":true,"valueName":"search_term_string"}}],"inLanguage":"et"},{"@type":"Person","@id":"https:\/\/www.welovecycling.com\/ee\/#\/schema\/person\/8b7101c4bd1b1ae9d3732ebb1e6caf57","name":"andre","image":{"@type":"ImageObject","inLanguage":"et","@id":"https:\/\/www.welovecycling.com\/ee\/#\/schema\/person\/image\/","url":"https:\/\/secure.gravatar.com\/avatar\/0656b3224fe17b018f43b8a562625dd43d30827f027b2f62bc5a05711fec9a61?s=96&d=mm&r=g","contentUrl":"https:\/\/secure.gravatar.com\/avatar\/0656b3224fe17b018f43b8a562625dd43d30827f027b2f62bc5a05711fec9a61?s=96&d=mm&r=g","caption":"andre"},"url":"https:\/\/www.welovecycling.com\/ee\/author\/andre\/"}]}},"_links":{"self":[{"href":"https:\/\/www.welovecycling.com\/ee\/wp-json\/wp\/v2\/posts\/2507","targetHints":{"allow":["GET"]}}],"collection":[{"href":"https:\/\/www.welovecycling.com\/ee\/wp-json\/wp\/v2\/posts"}],"about":[{"href":"https:\/\/www.welovecycling.com\/ee\/wp-json\/wp\/v2\/types\/post"}],"author":[{"embeddable":true,"href":"https:\/\/www.welovecycling.com\/ee\/wp-json\/wp\/v2\/users\/174"}],"replies":[{"embeddable":true,"href":"https:\/\/www.welovecycling.com\/ee\/wp-json\/wp\/v2\/comments?post=2507"}],"version-history":[{"count":5,"href":"https:\/\/www.welovecycling.com\/ee\/wp-json\/wp\/v2\/posts\/2507\/revisions"}],"predecessor-version":[{"id":2513,"href":"https:\/\/www.welovecycling.com\/ee\/wp-json\/wp\/v2\/posts\/2507\/revisions\/2513"}],"wp:featuredmedia":[{"embeddable":true,"href":"https:\/\/www.welovecycling.com\/ee\/wp-json\/wp\/v2\/media\/2508"}],"wp:attachment":[{"href":"https:\/\/www.welovecycling.com\/ee\/wp-json\/wp\/v2\/media?parent=2507"}],"wp:term":[{"taxonomy":"category","embeddable":true,"href":"https:\/\/www.welovecycling.com\/ee\/wp-json\/wp\/v2\/categories?post=2507"},{"taxonomy":"post_tag","embeddable":true,"href":"https:\/\/www.welovecycling.com\/ee\/wp-json\/wp\/v2\/tags?post=2507"},{"taxonomy":"global-categories","embeddable":true,"href":"https:\/\/www.welovecycling.com\/ee\/wp-json\/wp\/v2\/global-categories?post=2507"}],"curies":[{"name":"wp","href":"https:\/\/api.w.org\/{rel}","templated":true}]}}