{"id":2460,"date":"2025-03-24T15:46:17","date_gmt":"2025-03-24T12:46:17","guid":{"rendered":"https:\/\/www.welovecycling.com\/ee\/?p=2460"},"modified":"2025-03-24T15:46:17","modified_gmt":"2025-03-24T12:46:17","slug":"kuidas-oma-rattaspordivooras-perekond-kevadklassikute-abil-seda-ala-armastama-panna","status":"publish","type":"post","link":"https:\/\/www.welovecycling.com\/ee\/2025\/03\/24\/kuidas-oma-rattaspordivooras-perekond-kevadklassikute-abil-seda-ala-armastama-panna\/","title":{"rendered":"Kuidas oma rattaspordiv\u00f5\u00f5ras perekond kevadklassikute abil seda ala armastama panna?"},"content":{"rendered":"<div class=\"flex flex-1 grow basis-auto flex-col overflow-hidden\">\n<div class=\"relative h-full\">\n<div class=\"flex h-full flex-col overflow-y-auto [scrollbar-gutter:stable]\">\n<div class=\"mt-1.5 flex flex-col text-sm @thread-xl\/thread:pt-header-height md:pb-9\">\n<article class=\"group\/turn w-full text-token-text-primary focus-visible:outline-2 focus-visible:outline-offset-[-4px]\" dir=\"auto\" tabindex=\"-1\" data-testid=\"conversation-turn-2\" data-scroll-anchor=\"true\">\n<div class=\"text-base my-auto mx-auto py-[18px] px-6\">\n<div class=\"mx-auto flex flex-1 text-base gap-4 md:gap-5 lg:gap-6 md:max-w-3xl lg:max-w-[40rem] xl:max-w-[48rem]\">\n<div class=\"group\/conversation-turn relative flex w-full min-w-0 flex-col agent-turn @xs\/thread:px-0 @sm\/thread:px-1.5 @md\/thread:px-4\">\n<div class=\"flex-col gap-1 md:gap-3\">\n<div class=\"flex max-w-full flex-col flex-grow\">\n<div class=\"min-h-8 text-message relative flex w-full flex-col items-end gap-2 whitespace-normal break-words text-start [.text-message+&amp;]:mt-5\" dir=\"auto\" data-message-author-role=\"assistant\" data-message-id=\"0c6ce3ba-5e36-478d-8961-6eb8048d3fe6\" data-message-model-slug=\"gpt-4o\">\n<div class=\"flex w-full flex-col gap-1 empty:hidden first:pt-[3px]\">\n<div class=\"markdown prose w-full break-words dark:prose-invert light\">\n<h4 data-start=\"227\" data-end=\"657\">Ah, kevadklassikud\u2014ilus segu munakivikaosest, mudaste s\u00f5dalaste kangelaslikkusest ja kopsumahtu t\u00f5siselt proovile panevatest t\u00f5usudest, mis panevad kahtlema, kas jalgratturid on ikka inimesed v\u00f5i hoopis l\u00fckrasse m\u00e4hitud tulnukad. Meie jaoks, kes oleme juba kaherattalise kultuuri liikmed, on need v\u00f5idus\u00f5idud p\u00fchad. Aga \u00fclej\u00e4\u00e4nud perekond? Kuidas panna oma l\u00e4hedased istuma kuus tundi ja vaatama, kuidas Belgia meistris\u00e4rgis mees j\u00f5llitab oma stemmi?<\/h4>\n<p>&nbsp;<\/p>\n<p class=\"\" data-start=\"659\" data-end=\"711\"><strong data-start=\"659\" data-end=\"709\">Vastus? Kavalus. Ja siin on plaan, kuidas edukalt see ellu viia:<\/strong><\/p>\n<h4 data-start=\"713\" data-end=\"762\"><strong>1. M\u00fc\u00fc see neile maha kui t\u00f5sieluserjaal<\/strong><\/h4>\n<p class=\"\" data-start=\"763\" data-end=\"1206\">Sinu perekond armastab draamat. Nad on ahminud endasse k\u00f5ik hooajad mingist uuest elluj\u00e4\u00e4mise-p\u00f5hisest kokandussaates, nii et miks mitte tutvustada neile rattamaailma t\u00f5elist reality-televisiooni? Kevadklassikud on stsenaariumita meistriteos\u2014kukkumised, reetmised, s\u00fcdamevalu ja aeg-ajalt ootamatu v\u00f5it m\u00f5ne hakkaja teisej\u00e4rgulise meeskonna ratturi poolt. M\u00fc\u00fc Paris-Roubaix maha kui rattamaailma &#8220;Elluj\u00e4\u00e4ja&#8221;, aga v\u00e4hem intriige ja rohkem torkeid.<\/p>\n<h4 data-start=\"1208\" data-end=\"1246\"><strong>2. Kinnita nad emotsionaalselt rattaspordi k\u00fclge<\/strong><\/h4>\n<p class=\"\" data-start=\"1247\" data-end=\"1682\">K\u00f5ik armastavad autsaideri lugu. Selle asemel, et pommitada neid Tadej Poga\u010dari vatt-kilogrammi arvutustega, paku neile midagi huvitavamat. R\u00e4\u00e4gi Mathieu van der Poeli rattasportlaste d\u00fcnastiast, Wout van Aerti hullumeelsest multitasking\u2019ust maanteel, cyclo-cross\u2019is ja ilmselt ka n\u00e4dalavahetustel kuritegevuse vastu v\u00f5itlemisel, v\u00f5i sellest, kuidas munakivid isegi k\u00f5ige tugevamad ratturid purustavad ja nuttes rajalt maha saadavad.<\/p>\n<h4 data-start=\"1684\" data-end=\"1702\"><strong>3. Toidunipp<\/strong><\/h4>\n<p class=\"\" data-start=\"1703\" data-end=\"2025\">Tahad, et su pere huvituks Ronde van Vlaanderenist? Serveeri enne v\u00f5istlust Belgia vahvleid ja friikartuleid majoneesiga. Paris-Roubaix? Prantsuse baguette, juust ja \u00fcks v\u00e4ike v\u00f5iduj\u00e4rgne \u00f5lu hoiavad nad ekraani ees. See on puhas Pavlovi refleks\u2014kui nad seostavad v\u00f5idus\u00f5idu hea toiduga, tahavad nad seda uuesti vaadata.<\/p>\n<h4 data-start=\"2027\" data-end=\"2053\"><strong>4. Muuda see m\u00e4nguks<\/strong><\/h4>\n<p class=\"\" data-start=\"2054\" data-end=\"2383\">Nii muuseas paku v\u00e4lja perev\u00f5istlus. Kes ennustab \u00f5igesti esimese kukkumise? Kes m\u00e4rkab esimest ratturit, kes viskab oma ratta vihaga kraavi? Panusta v\u00e4ikeste panustega\u2014v\u00f5itja valib j\u00e4rgmise filmi\u00f5htu filmi, kaotaja peseb rattad (v\u00f5i n\u00f5ud). \u00c4kitselt on k\u00f5igil tohutu huvi, kas Jasper Stuyven suudab v\u00e4sinud konkurente l\u00f5pusirgel edestada.<\/p>\n<h4 data-start=\"2385\" data-end=\"2418\"><strong>5. T\u00f5sta esile kaos ja valu<\/strong><\/h4>\n<p class=\"\" data-start=\"2419\" data-end=\"2884\">Kui nad veel ikka rattas\u00f5idu teemas sees ei ole, siis nad ilmselt ei hinda h\u00e4sti ajastatud r\u00fcnnaku taktikalist s\u00fcgavust. Aga mida nad kindlasti hindavad? Seda, kuidas ratturid lendavad munakivide vahel, kihutavad m\u00f6\u00f6da poriseid taluteid ja r\u00fcndavad ikkagi isegi p\u00e4rast viit tundi kannatamist. N\u00e4ita neile kaadreid k\u00f5ige hullema ilmaga klassikutest\u2014mudased n\u00e4od, j\u00e4\u00e4tunud s\u00f5rmed ja aeg-ajalt m\u00f5ni rattur, kes kasutab oma ratast kui relva vaidluse lahendamiseks. See on meelelahutus!<\/p>\n<h4 data-start=\"2886\" data-end=\"2926\"><strong>6. Atleetlike kangelaste austamine<\/strong><\/h4>\n<p class=\"\" data-start=\"2927\" data-end=\"3285\">Kui su lastel on jalgpallurite v\u00f5i popstaaride postreid, asenda \u00fcks neist rattalegendiga ja vaata, kas nad m\u00e4rkavad. Maini m\u00f6\u00f6daminnes, et need mehed p\u00f5letavad \u00fche v\u00f5istluse jooksul 5000 kalorit ja nende jalad n\u00e4evad v\u00e4lja nagu Michelangelo skulptuurid. Ratturid on l\u00fckras gladiaatorid\u2014varem v\u00f5i hiljem hakkab su pere nende \u00fcleinimlikke pingutusi austama.<\/p>\n<h4 data-start=\"3287\" data-end=\"3317\"><strong>7. Sammhaaval<\/strong><\/h4>\n<p class=\"\" data-start=\"3318\" data-end=\"3660\">V\u00f5ti on j\u00e4rjepidevus. Alusta sellest, et v\u00f5istlused m\u00e4ngivad taustal. Siis meelita nad vaatama viimast 10 kilomeetrit. L\u00f5puks on nad piisavalt investeeritud, et vaielda, kas Alpecin-Deceuninck v\u00f5i Visma | Lease a Bike m\u00e4ngis paremini oma kaarte grupist \u00e4raminekus. Kui nad juba \u00fctlevad: &#8220;Ta l\u00e4ks liiga vara!&#8221;, siis\u2014palju \u00f5nne, oled v\u00f5itnud.<\/p>\n<h4 data-start=\"3662\" data-end=\"3691\"><strong>Sa saad sellega hakkama!<\/strong><\/h4>\n<p class=\"\" data-start=\"3692\" data-end=\"4045\">Jalgrattas\u00f5it on omandatud maitse, nagu espresso v\u00f5i v\u00e4\u00e4risjuust. Aga natukese kannatlikkuse, kerge ahvatluse ja heade sn\u00e4kkide abil saad oma pere kevadklassikute f\u00e4nniks muuta. Ja enne, kui arugi saad, k\u00fcsivad nad juba ise, millal j\u00e4rgmine v\u00f5istlus toimub\u2014vahetult enne, kui pakuvad v\u00e4lja \u00fche \u00fchise rattas\u00f5idu, &#8220;lihtsalt proovimiseks&#8221;. <strong>Missioon t\u00e4idetud.<\/strong><\/p>\n<\/div>\n<\/div>\n<\/div>\n<\/div>\n<\/div>\n<\/div>\n<\/div>\n<\/div>\n<\/article>\n<\/div>\n<\/div>\n<\/div>\n<\/div>\n","protected":false},"excerpt":{"rendered":"<p>Ah, kevadklassikud\u2014ilus segu munakivikaosest, mudaste s\u00f5dalaste kangelaslikkusest ja kopsumahtu t\u00f5siselt proovile panevatest t\u00f5usudest, mis panevad kahtlema, kas jalgratturid on ikka [&hellip;]<\/p>\n","protected":false},"author":174,"featured_media":2462,"comment_status":"open","ping_status":"open","sticky":false,"template":"","format":"standard","meta":{"footnotes":""},"categories":[9,1],"tags":[374,375,376],"global-categories":[22],"class_list":["post-2460","post","type-post","status-publish","format-standard","has-post-thumbnail","hentry","category-perekond","category-uncategorized","tag-kevadklassikud","tag-lobusad-tegevused-perega","tag-rattasport-ja-pere","global-categories-cycling"],"yoast_head":"<!-- This site is optimized with the Yoast SEO Premium plugin v25.3 (Yoast SEO v25.9) - https:\/\/yoast.com\/wordpress\/plugins\/seo\/ -->\n<title>Kuidas oma rattaspordiv\u00f5\u00f5ras perekond kevadklassikute abil seda ala armastama panna? - \u0160koda We Love Cycling - Estonia<\/title>\n<meta name=\"description\" content=\"Ah, kevadklassikud\u2014ilus segu munakivikaosest, mudaste s\u00f5dalaste kangelaslikkusest ja kopsumahtu t\u00f5siselt proovile panevatest t\u00f5usudest, mis panevad kahtlema, kas jalgratturid on ikka inimesed v\u00f5i hoopis l\u00fckrasse m\u00e4hitud tulnukad. Meie jaoks, kes oleme juba kaherattalise kultuuri liikmed, on need v\u00f5idus\u00f5idud p\u00fchad. Aga \u00fclej\u00e4\u00e4nud perekond? Kuidas panna oma l\u00e4hedased istuma kuus tundi ja vaatama, kuidas Belgia meistris\u00e4rgis mees j\u00f5llitab oma stemmi?\" \/>\n<meta name=\"robots\" content=\"index, follow, max-snippet:-1, max-image-preview:large, max-video-preview:-1\" \/>\n<link rel=\"canonical\" href=\"https:\/\/www.welovecycling.com\/ee\/2025\/03\/24\/kuidas-oma-rattaspordivooras-perekond-kevadklassikute-abil-seda-ala-armastama-panna\/\" \/>\n<meta property=\"og:locale\" content=\"et_EE\" \/>\n<meta property=\"og:type\" content=\"article\" \/>\n<meta property=\"og:title\" content=\"Kuidas oma rattaspordiv\u00f5\u00f5ras perekond kevadklassikute abil seda ala armastama panna?\" \/>\n<meta property=\"og:description\" content=\"Ah, kevadklassikud\u2014ilus segu munakivikaosest, mudaste s\u00f5dalaste kangelaslikkusest ja kopsumahtu t\u00f5siselt proovile panevatest t\u00f5usudest, mis panevad kahtlema, kas jalgratturid on ikka inimesed v\u00f5i hoopis l\u00fckrasse m\u00e4hitud tulnukad. Meie jaoks, kes oleme juba kaherattalise kultuuri liikmed, on need v\u00f5idus\u00f5idud p\u00fchad. Aga \u00fclej\u00e4\u00e4nud perekond? Kuidas panna oma l\u00e4hedased istuma kuus tundi ja vaatama, kuidas Belgia meistris\u00e4rgis mees j\u00f5llitab oma stemmi?\" \/>\n<meta property=\"og:url\" content=\"https:\/\/www.welovecycling.com\/ee\/2025\/03\/24\/kuidas-oma-rattaspordivooras-perekond-kevadklassikute-abil-seda-ala-armastama-panna\/\" \/>\n<meta property=\"og:site_name\" content=\"\u0160koda We Love Cycling - Estonia\" \/>\n<meta property=\"article:published_time\" content=\"2025-03-24T12:46:17+00:00\" \/>\n<meta property=\"og:image\" content=\"https:\/\/d2p6e6u75xmxt8.cloudfront.net\/15\/2025\/03\/classic-trick.webp\" \/>\n\t<meta property=\"og:image:width\" content=\"888\" \/>\n\t<meta property=\"og:image:height\" content=\"595\" \/>\n\t<meta property=\"og:image:type\" content=\"image\/webp\" \/>\n<meta name=\"author\" content=\"andre\" \/>\n<meta name=\"twitter:card\" content=\"summary_large_image\" \/>\n<meta name=\"twitter:label1\" content=\"Written by\" \/>\n\t<meta name=\"twitter:data1\" content=\"Monica Buck\" \/>\n\t<meta name=\"twitter:label2\" content=\"Est. reading time\" \/>\n\t<meta name=\"twitter:data2\" content=\"3\" \/>\n<script type=\"application\/ld+json\" class=\"yoast-schema-graph\">{\"@context\":\"https:\/\/schema.org\",\"@graph\":[{\"@type\":\"WebPage\",\"@id\":\"https:\/\/www.welovecycling.com\/ee\/2025\/03\/24\/kuidas-oma-rattaspordivooras-perekond-kevadklassikute-abil-seda-ala-armastama-panna\/\",\"url\":\"https:\/\/www.welovecycling.com\/ee\/2025\/03\/24\/kuidas-oma-rattaspordivooras-perekond-kevadklassikute-abil-seda-ala-armastama-panna\/\",\"name\":\"Kuidas oma rattaspordiv\u00f5\u00f5ras perekond kevadklassikute abil seda ala armastama panna? - \u0160koda We Love Cycling - Estonia\",\"isPartOf\":{\"@id\":\"https:\/\/www.welovecycling.com\/ee\/#website\"},\"primaryImageOfPage\":{\"@id\":\"https:\/\/www.welovecycling.com\/ee\/2025\/03\/24\/kuidas-oma-rattaspordivooras-perekond-kevadklassikute-abil-seda-ala-armastama-panna\/#primaryimage\"},\"image\":{\"@id\":\"https:\/\/www.welovecycling.com\/ee\/2025\/03\/24\/kuidas-oma-rattaspordivooras-perekond-kevadklassikute-abil-seda-ala-armastama-panna\/#primaryimage\"},\"thumbnailUrl\":\"https:\/\/d2p6e6u75xmxt8.cloudfront.net\/15\/2025\/03\/classic-trick.webp\",\"datePublished\":\"2025-03-24T12:46:17+00:00\",\"author\":{\"@id\":\"https:\/\/www.welovecycling.com\/ee\/#\/schema\/person\/8b7101c4bd1b1ae9d3732ebb1e6caf57\"},\"description\":\"Ah, kevadklassikud\u2014ilus segu munakivikaosest, mudaste s\u00f5dalaste kangelaslikkusest ja kopsumahtu t\u00f5siselt proovile panevatest t\u00f5usudest, mis panevad kahtlema, kas jalgratturid on ikka inimesed v\u00f5i hoopis l\u00fckrasse m\u00e4hitud tulnukad. Meie jaoks, kes oleme juba kaherattalise kultuuri liikmed, on need v\u00f5idus\u00f5idud p\u00fchad. Aga \u00fclej\u00e4\u00e4nud perekond? Kuidas panna oma l\u00e4hedased istuma kuus tundi ja vaatama, kuidas Belgia meistris\u00e4rgis mees j\u00f5llitab oma stemmi?\",\"inLanguage\":\"et\",\"potentialAction\":[{\"@type\":\"ReadAction\",\"target\":[\"https:\/\/www.welovecycling.com\/ee\/2025\/03\/24\/kuidas-oma-rattaspordivooras-perekond-kevadklassikute-abil-seda-ala-armastama-panna\/\"]}]},{\"@type\":\"ImageObject\",\"inLanguage\":\"et\",\"@id\":\"https:\/\/www.welovecycling.com\/ee\/2025\/03\/24\/kuidas-oma-rattaspordivooras-perekond-kevadklassikute-abil-seda-ala-armastama-panna\/#primaryimage\",\"url\":\"https:\/\/d2p6e6u75xmxt8.cloudfront.net\/15\/2025\/03\/classic-trick.webp\",\"contentUrl\":\"https:\/\/d2p6e6u75xmxt8.cloudfront.net\/15\/2025\/03\/classic-trick.webp\",\"width\":888,\"height\":595},{\"@type\":\"WebSite\",\"@id\":\"https:\/\/www.welovecycling.com\/ee\/#website\",\"url\":\"https:\/\/www.welovecycling.com\/ee\/\",\"name\":\"\u0160koda We Love Cycling - Estonia\",\"description\":\"\",\"potentialAction\":[{\"@type\":\"SearchAction\",\"target\":{\"@type\":\"EntryPoint\",\"urlTemplate\":\"https:\/\/www.welovecycling.com\/ee\/?s={search_term_string}\"},\"query-input\":{\"@type\":\"PropertyValueSpecification\",\"valueRequired\":true,\"valueName\":\"search_term_string\"}}],\"inLanguage\":\"et\"},{\"@type\":\"Person\",\"@id\":\"https:\/\/www.welovecycling.com\/ee\/#\/schema\/person\/8b7101c4bd1b1ae9d3732ebb1e6caf57\",\"name\":\"andre\",\"image\":{\"@type\":\"ImageObject\",\"inLanguage\":\"et\",\"@id\":\"https:\/\/www.welovecycling.com\/ee\/#\/schema\/person\/image\/\",\"url\":\"https:\/\/secure.gravatar.com\/avatar\/0656b3224fe17b018f43b8a562625dd43d30827f027b2f62bc5a05711fec9a61?s=96&d=mm&r=g\",\"contentUrl\":\"https:\/\/secure.gravatar.com\/avatar\/0656b3224fe17b018f43b8a562625dd43d30827f027b2f62bc5a05711fec9a61?s=96&d=mm&r=g\",\"caption\":\"andre\"},\"url\":\"https:\/\/www.welovecycling.com\/ee\/author\/andre\/\"}]}<\/script>\n<!-- \/ Yoast SEO Premium plugin. -->","yoast_head_json":{"title":"Kuidas oma rattaspordiv\u00f5\u00f5ras perekond kevadklassikute abil seda ala armastama panna? - \u0160koda We Love Cycling - Estonia","description":"Ah, kevadklassikud\u2014ilus segu munakivikaosest, mudaste s\u00f5dalaste kangelaslikkusest ja kopsumahtu t\u00f5siselt proovile panevatest t\u00f5usudest, mis panevad kahtlema, kas jalgratturid on ikka inimesed v\u00f5i hoopis l\u00fckrasse m\u00e4hitud tulnukad. Meie jaoks, kes oleme juba kaherattalise kultuuri liikmed, on need v\u00f5idus\u00f5idud p\u00fchad. Aga \u00fclej\u00e4\u00e4nud perekond? Kuidas panna oma l\u00e4hedased istuma kuus tundi ja vaatama, kuidas Belgia meistris\u00e4rgis mees j\u00f5llitab oma stemmi?","robots":{"index":"index","follow":"follow","max-snippet":"max-snippet:-1","max-image-preview":"max-image-preview:large","max-video-preview":"max-video-preview:-1"},"canonical":"https:\/\/www.welovecycling.com\/ee\/2025\/03\/24\/kuidas-oma-rattaspordivooras-perekond-kevadklassikute-abil-seda-ala-armastama-panna\/","og_locale":"et_EE","og_type":"article","og_title":"Kuidas oma rattaspordiv\u00f5\u00f5ras perekond kevadklassikute abil seda ala armastama panna?","og_description":"Ah, kevadklassikud\u2014ilus segu munakivikaosest, mudaste s\u00f5dalaste kangelaslikkusest ja kopsumahtu t\u00f5siselt proovile panevatest t\u00f5usudest, mis panevad kahtlema, kas jalgratturid on ikka inimesed v\u00f5i hoopis l\u00fckrasse m\u00e4hitud tulnukad. Meie jaoks, kes oleme juba kaherattalise kultuuri liikmed, on need v\u00f5idus\u00f5idud p\u00fchad. Aga \u00fclej\u00e4\u00e4nud perekond? Kuidas panna oma l\u00e4hedased istuma kuus tundi ja vaatama, kuidas Belgia meistris\u00e4rgis mees j\u00f5llitab oma stemmi?","og_url":"https:\/\/www.welovecycling.com\/ee\/2025\/03\/24\/kuidas-oma-rattaspordivooras-perekond-kevadklassikute-abil-seda-ala-armastama-panna\/","og_site_name":"\u0160koda We Love Cycling - Estonia","article_published_time":"2025-03-24T12:46:17+00:00","og_image":[{"width":888,"height":595,"url":"https:\/\/d2p6e6u75xmxt8.cloudfront.net\/15\/2025\/03\/classic-trick.webp","type":"image\/webp"}],"author":"andre","twitter_card":"summary_large_image","twitter_misc":{"Written by":"Monica Buck","Est. reading time":"3"},"schema":{"@context":"https:\/\/schema.org","@graph":[{"@type":"WebPage","@id":"https:\/\/www.welovecycling.com\/ee\/2025\/03\/24\/kuidas-oma-rattaspordivooras-perekond-kevadklassikute-abil-seda-ala-armastama-panna\/","url":"https:\/\/www.welovecycling.com\/ee\/2025\/03\/24\/kuidas-oma-rattaspordivooras-perekond-kevadklassikute-abil-seda-ala-armastama-panna\/","name":"Kuidas oma rattaspordiv\u00f5\u00f5ras perekond kevadklassikute abil seda ala armastama panna? - \u0160koda We Love Cycling - Estonia","isPartOf":{"@id":"https:\/\/www.welovecycling.com\/ee\/#website"},"primaryImageOfPage":{"@id":"https:\/\/www.welovecycling.com\/ee\/2025\/03\/24\/kuidas-oma-rattaspordivooras-perekond-kevadklassikute-abil-seda-ala-armastama-panna\/#primaryimage"},"image":{"@id":"https:\/\/www.welovecycling.com\/ee\/2025\/03\/24\/kuidas-oma-rattaspordivooras-perekond-kevadklassikute-abil-seda-ala-armastama-panna\/#primaryimage"},"thumbnailUrl":"https:\/\/d2p6e6u75xmxt8.cloudfront.net\/15\/2025\/03\/classic-trick.webp","datePublished":"2025-03-24T12:46:17+00:00","author":{"@id":"https:\/\/www.welovecycling.com\/ee\/#\/schema\/person\/8b7101c4bd1b1ae9d3732ebb1e6caf57"},"description":"Ah, kevadklassikud\u2014ilus segu munakivikaosest, mudaste s\u00f5dalaste kangelaslikkusest ja kopsumahtu t\u00f5siselt proovile panevatest t\u00f5usudest, mis panevad kahtlema, kas jalgratturid on ikka inimesed v\u00f5i hoopis l\u00fckrasse m\u00e4hitud tulnukad. Meie jaoks, kes oleme juba kaherattalise kultuuri liikmed, on need v\u00f5idus\u00f5idud p\u00fchad. Aga \u00fclej\u00e4\u00e4nud perekond? Kuidas panna oma l\u00e4hedased istuma kuus tundi ja vaatama, kuidas Belgia meistris\u00e4rgis mees j\u00f5llitab oma stemmi?","inLanguage":"et","potentialAction":[{"@type":"ReadAction","target":["https:\/\/www.welovecycling.com\/ee\/2025\/03\/24\/kuidas-oma-rattaspordivooras-perekond-kevadklassikute-abil-seda-ala-armastama-panna\/"]}]},{"@type":"ImageObject","inLanguage":"et","@id":"https:\/\/www.welovecycling.com\/ee\/2025\/03\/24\/kuidas-oma-rattaspordivooras-perekond-kevadklassikute-abil-seda-ala-armastama-panna\/#primaryimage","url":"https:\/\/d2p6e6u75xmxt8.cloudfront.net\/15\/2025\/03\/classic-trick.webp","contentUrl":"https:\/\/d2p6e6u75xmxt8.cloudfront.net\/15\/2025\/03\/classic-trick.webp","width":888,"height":595},{"@type":"WebSite","@id":"https:\/\/www.welovecycling.com\/ee\/#website","url":"https:\/\/www.welovecycling.com\/ee\/","name":"\u0160koda We Love Cycling - Estonia","description":"","potentialAction":[{"@type":"SearchAction","target":{"@type":"EntryPoint","urlTemplate":"https:\/\/www.welovecycling.com\/ee\/?s={search_term_string}"},"query-input":{"@type":"PropertyValueSpecification","valueRequired":true,"valueName":"search_term_string"}}],"inLanguage":"et"},{"@type":"Person","@id":"https:\/\/www.welovecycling.com\/ee\/#\/schema\/person\/8b7101c4bd1b1ae9d3732ebb1e6caf57","name":"andre","image":{"@type":"ImageObject","inLanguage":"et","@id":"https:\/\/www.welovecycling.com\/ee\/#\/schema\/person\/image\/","url":"https:\/\/secure.gravatar.com\/avatar\/0656b3224fe17b018f43b8a562625dd43d30827f027b2f62bc5a05711fec9a61?s=96&d=mm&r=g","contentUrl":"https:\/\/secure.gravatar.com\/avatar\/0656b3224fe17b018f43b8a562625dd43d30827f027b2f62bc5a05711fec9a61?s=96&d=mm&r=g","caption":"andre"},"url":"https:\/\/www.welovecycling.com\/ee\/author\/andre\/"}]}},"_links":{"self":[{"href":"https:\/\/www.welovecycling.com\/ee\/wp-json\/wp\/v2\/posts\/2460","targetHints":{"allow":["GET"]}}],"collection":[{"href":"https:\/\/www.welovecycling.com\/ee\/wp-json\/wp\/v2\/posts"}],"about":[{"href":"https:\/\/www.welovecycling.com\/ee\/wp-json\/wp\/v2\/types\/post"}],"author":[{"embeddable":true,"href":"https:\/\/www.welovecycling.com\/ee\/wp-json\/wp\/v2\/users\/174"}],"replies":[{"embeddable":true,"href":"https:\/\/www.welovecycling.com\/ee\/wp-json\/wp\/v2\/comments?post=2460"}],"version-history":[{"count":4,"href":"https:\/\/www.welovecycling.com\/ee\/wp-json\/wp\/v2\/posts\/2460\/revisions"}],"predecessor-version":[{"id":2465,"href":"https:\/\/www.welovecycling.com\/ee\/wp-json\/wp\/v2\/posts\/2460\/revisions\/2465"}],"wp:featuredmedia":[{"embeddable":true,"href":"https:\/\/www.welovecycling.com\/ee\/wp-json\/wp\/v2\/media\/2462"}],"wp:attachment":[{"href":"https:\/\/www.welovecycling.com\/ee\/wp-json\/wp\/v2\/media?parent=2460"}],"wp:term":[{"taxonomy":"category","embeddable":true,"href":"https:\/\/www.welovecycling.com\/ee\/wp-json\/wp\/v2\/categories?post=2460"},{"taxonomy":"post_tag","embeddable":true,"href":"https:\/\/www.welovecycling.com\/ee\/wp-json\/wp\/v2\/tags?post=2460"},{"taxonomy":"global-categories","embeddable":true,"href":"https:\/\/www.welovecycling.com\/ee\/wp-json\/wp\/v2\/global-categories?post=2460"}],"curies":[{"name":"wp","href":"https:\/\/api.w.org\/{rel}","templated":true}]}}