{"id":246,"date":"2019-08-30T12:42:08","date_gmt":"2019-08-30T12:42:08","guid":{"rendered":"https:\/\/www.welovecycling.com\/ee\/?p=246"},"modified":"2019-09-02T08:57:40","modified_gmt":"2019-09-02T08:57:40","slug":"5-pohjust-miks-soita-tuhja-kohuga","status":"publish","type":"post","link":"https:\/\/www.welovecycling.com\/ee\/2019\/08\/30\/5-pohjust-miks-soita-tuhja-kohuga\/","title":{"rendered":"5 p\u00f5hjust, miks s\u00f5ita t\u00fchja k\u00f5huga"},"content":{"rendered":"<p><strong>Kas oled vahel m\u00f5elnud kohe hommikul s\u00f5itma minna, juba enne hommikus\u00f6\u00f6ki? Kui ei, siis on see artikkel just sulle! K\u00fcllap m\u00f5tled n\u00fc\u00fcd \u2013 hullumeelsus, t\u00fchja k\u00f5huga s\u00f5ita, kust mu keha siis k\u00fctust saab! Aga keha on vastupidavam, kui arvata v\u00f5iks. Proovi ja n\u00e4ed ise. Allpool on 5\u00a0teaduslikku p\u00f5hjendust, miks tasuks teha just nii.<\/strong><!--more--><\/p>\n<h2><strong>Rasv p\u00f5leb kiiremini<\/strong><\/h2>\n<p>Loogika on lihtne \u2013 kui kehale ei anta enne s\u00f5itu k\u00fctust, peab ta energia saamiseks kasutama oma rasva. On see ka tegelikult nii? Suurbritannia Bathi \u00dclikooli teadlased usuvad, et on k\u00fcll. Nad lasid r\u00fchmal \u00fclekaalulistel meestel teha 2\u00a0\u00d7\u00a060\u00a0minutit kardiotrenni. Esimene trenn tehti p\u00e4rast 12-tunnist paastu ja teine p\u00e4rast 650\u00a0kcal hommikueinet, mis koosnes maisihelvestest, r\u00f6stsaiast ja apelsinimahlast. Tulemused n\u00e4itasid, et p\u00e4rast paastu ekspresseerusid rasvap\u00f5letamist reguleerivad geenid m\u00e4rksa aktiivsemalt. J\u00e4relikult ei aita sel viisil treenimine mitte ainult trenni ajal rohkem rasva p\u00f5letada, vaid sel on ka pikaajalisem m\u00f5ju.<\/p>\n<h2><strong>Kasvuhormooni toodang suureneb<\/strong><\/h2>\n<p>Uuring n\u00e4itas, et 24-tunnine paastumine v\u00f5ib suurendada kehas kasvuhormooni toodangut kuni 20\u00a0korda. Muljetavaldav! Aga miks? Sest kasvuhormoon aitab kehal toota lihasrakke, p\u00f5letada rasva, tugevdada luid ning pikendada eluiga. On teada, et sarnast m\u00f5ju avaldavad ka piisav uni ja j\u00f5utreening, nii et maga end enne t\u00fchja k\u00f5huga s\u00f5itmaminekut korralikult v\u00e4lja ja saad veelgi parema tulemuse!<\/p>\n<div class=\"shortcode-ys-post-pinup\">\n<article class=\"loop-simple post-162907 post type-post status-publish format-standard has-post-thumbnail hentry category-health-and-training tag-cycling-workout tag-lunges tag-planks tag-single-leg-deadlifts tag-squats\" role=\"article\" data-postid=\"162907\" data-word-count=\"349\" data-headline-length=\"56\" data-category=\"Health &amp; Training\" data-author=\"Jiri Kaloc\" data-published=\"2018-01-04T14:39:44+00:00\" data-published-day=\"Thursday\">\n<div class=\"entry-thumbnail article-thumbnail\"><a class=\"image-holder\" href=\"https:\/\/www.welovecycling.com\/wide\/2018\/01\/04\/4-strength-workouts-really-need-cycling\/\"><img decoding=\"async\" class=\"lazy loaded\" src=\"https:\/\/d2p6e6u75xmxt8.cloudfront.net\/2\/2018\/01\/profimedia-0253476478-1-1024x450.jpg\" sizes=\"(min-width: 1200px) 456px, (min-width: 768px) 38vw, 100vw\" srcset=\"https:\/\/d2p6e6u75xmxt8.cloudfront.net\/2\/2018\/01\/profimedia-0253476478-1.jpg 1366w, https:\/\/d2p6e6u75xmxt8.cloudfront.net\/2\/2018\/01\/profimedia-0253476478-1-300x132.jpg 300w, https:\/\/d2p6e6u75xmxt8.cloudfront.net\/2\/2018\/01\/profimedia-0253476478-1-768x337.jpg 768w, https:\/\/d2p6e6u75xmxt8.cloudfront.net\/2\/2018\/01\/profimedia-0253476478-1-1024x450.jpg 1024w\" alt=\"4-strength-workouts-really-need-cycling\" data-src=\"https:\/\/d2p6e6u75xmxt8.cloudfront.net\/2\/2018\/01\/profimedia-0253476478-1-1024x450.jpg\" data-srcset=\"https:\/\/d2p6e6u75xmxt8.cloudfront.net\/2\/2018\/01\/profimedia-0253476478-1.jpg 1366w, https:\/\/d2p6e6u75xmxt8.cloudfront.net\/2\/2018\/01\/profimedia-0253476478-1-300x132.jpg 300w, https:\/\/d2p6e6u75xmxt8.cloudfront.net\/2\/2018\/01\/profimedia-0253476478-1-768x337.jpg 768w, https:\/\/d2p6e6u75xmxt8.cloudfront.net\/2\/2018\/01\/profimedia-0253476478-1-1024x450.jpg 1024w\" data-was-processed=\"true\" \/><\/a><\/div>\n<div class=\"entry-details\">\n<h3 class=\"entry-title\" data-content-reading=\"reading\"><a href=\"https:\/\/www.welovecycling.com\/ee\/2019\/08\/30\/4-ainsat-jouharjutust-mida-rattasoiduks-pariselt-vajad\">4 ainsat j\u00f5uharjutust, mida rattas\u00f5iduks p\u00e4riselt vajad<\/a><\/h3>\n<\/div>\n<\/article>\n<\/div>\n<p>&nbsp;<\/p>\n<h2><strong>Gl\u00fckogeeni salvestamine paraneb<\/strong><\/h2>\n<p>Uuringud n\u00e4itavad, et t\u00fchja k\u00f5huga treenimine aitab t\u00f5hustada gl\u00fckogeeni salvestamist lihastesse. P\u00f5him\u00f5tteliselt t\u00e4hendab see, et kui s\u00f5ita enne s\u00f6\u00f6ki, \u00f5petab k\u00f5ht kehale, kuidas olemasolevaid gl\u00fckogeenivarusid paremini \u00e4ra kasutada. Sellest on kasu ka edaspidistel s\u00f5itudel \u2013 isegi kui k\u00f5ht on t\u00e4is, oskab keha oma varusid t\u00f5husamalt hallata.<\/p>\n<h2><strong>Maksimaalne hapniku tarbimine suureneb<\/strong><\/h2>\n<p>Uuringud n\u00e4itavad, et t\u00fchja k\u00f5huga s\u00f5itmine v\u00f5ib aidata parandada kestvusspordi \u00fcht olulisimat saavutuseeldust ehk maksimaalset hapnikutarbimist! Kui keha kasutab k\u00fctuseks rohkem rasva, peab ta sellega kohanemiseks suurendama mitokondrite arvu. See parandab keha v\u00f5imet treeningu k\u00e4igus hapnikku omastada ja tarbida.<\/p>\n<h2><strong>Kiirem taastumine<\/strong><\/h2>\n<p>Kasvuhormooni toodangu suurenemine, gl\u00fckogeeni t\u00f5husam salvestamine ja kokkuv\u00f5ttes t\u00f5husamalt t\u00f6\u00f6tav keha t\u00e4hendab, et n\u00e4ljasena s\u00f5itmine toetab ka treeningust taastumist. \u00dches uuringus leiti, et n\u00e4ljasena tehtud kestvustrenni j\u00e4rel v\u00f5ib lihasvalkude s\u00fcnteesimine reaktiveeruda kiiremini kui p\u00e4rast s\u00fcsivesikute s\u00f6\u00f6mist ja treenimist \u2013 see t\u00e4hendab, et t\u00fchja k\u00f5huga taastub keha kiiremini.<\/p>\n","protected":false},"excerpt":{"rendered":"<p>Kas oled vahel m\u00f5elnud kohe hommikul s\u00f5itma minna, juba enne hommikus\u00f6\u00f6ki? Kui ei, siis on see artikkel just sulle! K\u00fcllap [&hellip;]<\/p>\n","protected":false},"author":103,"featured_media":247,"comment_status":"open","ping_status":"open","sticky":false,"template":"","format":"standard","meta":{"footnotes":""},"categories":[43],"tags":[51,52,53],"global-categories":[22],"class_list":["post-246","post","type-post","status-publish","format-standard","has-post-thumbnail","hentry","category-tervis-trenn","tag-ratturi-toit","tag-toitumine","tag-tuhja-kohuga-soitmine","global-categories-cycling"],"yoast_head":"<!-- This site is optimized with the Yoast SEO Premium plugin v25.3 (Yoast SEO v25.9) - https:\/\/yoast.com\/wordpress\/plugins\/seo\/ -->\n<title>5 p\u00f5hjust, miks s\u00f5ita t\u00fchja k\u00f5huga - \u0160koda We Love Cycling - Estonia<\/title>\n<meta name=\"robots\" content=\"index, follow, max-snippet:-1, max-image-preview:large, max-video-preview:-1\" \/>\n<link rel=\"canonical\" href=\"https:\/\/www.welovecycling.com\/ee\/2019\/08\/30\/5-pohjust-miks-soita-tuhja-kohuga\/\" \/>\n<meta property=\"og:locale\" content=\"et_EE\" \/>\n<meta property=\"og:type\" content=\"article\" \/>\n<meta property=\"og:title\" content=\"5 p\u00f5hjust, miks s\u00f5ita t\u00fchja k\u00f5huga\" \/>\n<meta property=\"og:description\" content=\"Kas oled vahel m\u00f5elnud kohe hommikul s\u00f5itma minna, juba enne hommikus\u00f6\u00f6ki? Kui ei, siis on see artikkel just sulle! K\u00fcllap [&hellip;]\" \/>\n<meta property=\"og:url\" content=\"https:\/\/www.welovecycling.com\/ee\/2019\/08\/30\/5-pohjust-miks-soita-tuhja-kohuga\/\" \/>\n<meta property=\"og:site_name\" content=\"\u0160koda We Love Cycling - Estonia\" \/>\n<meta property=\"article:published_time\" content=\"2019-08-30T12:42:08+00:00\" \/>\n<meta property=\"article:modified_time\" content=\"2019-09-02T08:57:40+00:00\" \/>\n<meta property=\"og:image\" content=\"https:\/\/d2p6e6u75xmxt8.cloudfront.net\/15\/2019\/08\/skip-breakfast-2018-1366x600.png\" \/>\n\t<meta property=\"og:image:width\" content=\"1366\" \/>\n\t<meta property=\"og:image:height\" content=\"600\" \/>\n\t<meta property=\"og:image:type\" content=\"image\/png\" \/>\n<meta name=\"author\" content=\"jaanika\" \/>\n<meta name=\"twitter:card\" content=\"summary_large_image\" \/>\n<meta name=\"twitter:label1\" content=\"Written by\" \/>\n\t<meta name=\"twitter:data1\" content=\"Jiri Kaloc\" \/>\n\t<meta name=\"twitter:label2\" content=\"Est. reading time\" \/>\n\t<meta name=\"twitter:data2\" content=\"2 minutes\" \/>\n<script type=\"application\/ld+json\" class=\"yoast-schema-graph\">{\"@context\":\"https:\/\/schema.org\",\"@graph\":[{\"@type\":\"WebPage\",\"@id\":\"https:\/\/www.welovecycling.com\/ee\/2019\/08\/30\/5-pohjust-miks-soita-tuhja-kohuga\/\",\"url\":\"https:\/\/www.welovecycling.com\/ee\/2019\/08\/30\/5-pohjust-miks-soita-tuhja-kohuga\/\",\"name\":\"5 p\u00f5hjust, miks s\u00f5ita t\u00fchja k\u00f5huga - \u0160koda We Love Cycling - Estonia\",\"isPartOf\":{\"@id\":\"https:\/\/www.welovecycling.com\/ee\/#website\"},\"primaryImageOfPage\":{\"@id\":\"https:\/\/www.welovecycling.com\/ee\/2019\/08\/30\/5-pohjust-miks-soita-tuhja-kohuga\/#primaryimage\"},\"image\":{\"@id\":\"https:\/\/www.welovecycling.com\/ee\/2019\/08\/30\/5-pohjust-miks-soita-tuhja-kohuga\/#primaryimage\"},\"thumbnailUrl\":\"https:\/\/d2p6e6u75xmxt8.cloudfront.net\/15\/2019\/08\/skip-breakfast-2018-1366x600.png\",\"datePublished\":\"2019-08-30T12:42:08+00:00\",\"dateModified\":\"2019-09-02T08:57:40+00:00\",\"author\":{\"@id\":\"https:\/\/www.welovecycling.com\/ee\/#\/schema\/person\/5a221fc116f29317cd8fc6e8ebbb4bac\"},\"inLanguage\":\"et\",\"potentialAction\":[{\"@type\":\"ReadAction\",\"target\":[\"https:\/\/www.welovecycling.com\/ee\/2019\/08\/30\/5-pohjust-miks-soita-tuhja-kohuga\/\"]}]},{\"@type\":\"ImageObject\",\"inLanguage\":\"et\",\"@id\":\"https:\/\/www.welovecycling.com\/ee\/2019\/08\/30\/5-pohjust-miks-soita-tuhja-kohuga\/#primaryimage\",\"url\":\"https:\/\/d2p6e6u75xmxt8.cloudfront.net\/15\/2019\/08\/skip-breakfast-2018-1366x600.png\",\"contentUrl\":\"https:\/\/d2p6e6u75xmxt8.cloudfront.net\/15\/2019\/08\/skip-breakfast-2018-1366x600.png\",\"width\":1366,\"height\":600},{\"@type\":\"WebSite\",\"@id\":\"https:\/\/www.welovecycling.com\/ee\/#website\",\"url\":\"https:\/\/www.welovecycling.com\/ee\/\",\"name\":\"\u0160koda We Love Cycling - Estonia\",\"description\":\"\",\"potentialAction\":[{\"@type\":\"SearchAction\",\"target\":{\"@type\":\"EntryPoint\",\"urlTemplate\":\"https:\/\/www.welovecycling.com\/ee\/?s={search_term_string}\"},\"query-input\":{\"@type\":\"PropertyValueSpecification\",\"valueRequired\":true,\"valueName\":\"search_term_string\"}}],\"inLanguage\":\"et\"},{\"@type\":\"Person\",\"@id\":\"https:\/\/www.welovecycling.com\/ee\/#\/schema\/person\/5a221fc116f29317cd8fc6e8ebbb4bac\",\"name\":\"jaanika\",\"image\":{\"@type\":\"ImageObject\",\"inLanguage\":\"et\",\"@id\":\"https:\/\/www.welovecycling.com\/ee\/#\/schema\/person\/image\/\",\"url\":\"https:\/\/secure.gravatar.com\/avatar\/423f124d44d6d14dae1b4c509d90d1a324e3ee2f230a72b31ae57302ab921ac7?s=96&d=mm&r=g\",\"contentUrl\":\"https:\/\/secure.gravatar.com\/avatar\/423f124d44d6d14dae1b4c509d90d1a324e3ee2f230a72b31ae57302ab921ac7?s=96&d=mm&r=g\",\"caption\":\"jaanika\"},\"url\":\"https:\/\/www.welovecycling.com\/ee\/author\/jaanika\/\"}]}<\/script>\n<!-- \/ Yoast SEO Premium plugin. -->","yoast_head_json":{"title":"5 p\u00f5hjust, miks s\u00f5ita t\u00fchja k\u00f5huga - \u0160koda We Love Cycling - Estonia","robots":{"index":"index","follow":"follow","max-snippet":"max-snippet:-1","max-image-preview":"max-image-preview:large","max-video-preview":"max-video-preview:-1"},"canonical":"https:\/\/www.welovecycling.com\/ee\/2019\/08\/30\/5-pohjust-miks-soita-tuhja-kohuga\/","og_locale":"et_EE","og_type":"article","og_title":"5 p\u00f5hjust, miks s\u00f5ita t\u00fchja k\u00f5huga","og_description":"Kas oled vahel m\u00f5elnud kohe hommikul s\u00f5itma minna, juba enne hommikus\u00f6\u00f6ki? Kui ei, siis on see artikkel just sulle! K\u00fcllap [&hellip;]","og_url":"https:\/\/www.welovecycling.com\/ee\/2019\/08\/30\/5-pohjust-miks-soita-tuhja-kohuga\/","og_site_name":"\u0160koda We Love Cycling - Estonia","article_published_time":"2019-08-30T12:42:08+00:00","article_modified_time":"2019-09-02T08:57:40+00:00","og_image":[{"width":1366,"height":600,"url":"https:\/\/d2p6e6u75xmxt8.cloudfront.net\/15\/2019\/08\/skip-breakfast-2018-1366x600.png","type":"image\/png"}],"author":"jaanika","twitter_card":"summary_large_image","twitter_misc":{"Written by":"Jiri Kaloc","Est. reading time":"2 minutes"},"schema":{"@context":"https:\/\/schema.org","@graph":[{"@type":"WebPage","@id":"https:\/\/www.welovecycling.com\/ee\/2019\/08\/30\/5-pohjust-miks-soita-tuhja-kohuga\/","url":"https:\/\/www.welovecycling.com\/ee\/2019\/08\/30\/5-pohjust-miks-soita-tuhja-kohuga\/","name":"5 p\u00f5hjust, miks s\u00f5ita t\u00fchja k\u00f5huga - \u0160koda We Love Cycling - Estonia","isPartOf":{"@id":"https:\/\/www.welovecycling.com\/ee\/#website"},"primaryImageOfPage":{"@id":"https:\/\/www.welovecycling.com\/ee\/2019\/08\/30\/5-pohjust-miks-soita-tuhja-kohuga\/#primaryimage"},"image":{"@id":"https:\/\/www.welovecycling.com\/ee\/2019\/08\/30\/5-pohjust-miks-soita-tuhja-kohuga\/#primaryimage"},"thumbnailUrl":"https:\/\/d2p6e6u75xmxt8.cloudfront.net\/15\/2019\/08\/skip-breakfast-2018-1366x600.png","datePublished":"2019-08-30T12:42:08+00:00","dateModified":"2019-09-02T08:57:40+00:00","author":{"@id":"https:\/\/www.welovecycling.com\/ee\/#\/schema\/person\/5a221fc116f29317cd8fc6e8ebbb4bac"},"inLanguage":"et","potentialAction":[{"@type":"ReadAction","target":["https:\/\/www.welovecycling.com\/ee\/2019\/08\/30\/5-pohjust-miks-soita-tuhja-kohuga\/"]}]},{"@type":"ImageObject","inLanguage":"et","@id":"https:\/\/www.welovecycling.com\/ee\/2019\/08\/30\/5-pohjust-miks-soita-tuhja-kohuga\/#primaryimage","url":"https:\/\/d2p6e6u75xmxt8.cloudfront.net\/15\/2019\/08\/skip-breakfast-2018-1366x600.png","contentUrl":"https:\/\/d2p6e6u75xmxt8.cloudfront.net\/15\/2019\/08\/skip-breakfast-2018-1366x600.png","width":1366,"height":600},{"@type":"WebSite","@id":"https:\/\/www.welovecycling.com\/ee\/#website","url":"https:\/\/www.welovecycling.com\/ee\/","name":"\u0160koda We Love Cycling - Estonia","description":"","potentialAction":[{"@type":"SearchAction","target":{"@type":"EntryPoint","urlTemplate":"https:\/\/www.welovecycling.com\/ee\/?s={search_term_string}"},"query-input":{"@type":"PropertyValueSpecification","valueRequired":true,"valueName":"search_term_string"}}],"inLanguage":"et"},{"@type":"Person","@id":"https:\/\/www.welovecycling.com\/ee\/#\/schema\/person\/5a221fc116f29317cd8fc6e8ebbb4bac","name":"jaanika","image":{"@type":"ImageObject","inLanguage":"et","@id":"https:\/\/www.welovecycling.com\/ee\/#\/schema\/person\/image\/","url":"https:\/\/secure.gravatar.com\/avatar\/423f124d44d6d14dae1b4c509d90d1a324e3ee2f230a72b31ae57302ab921ac7?s=96&d=mm&r=g","contentUrl":"https:\/\/secure.gravatar.com\/avatar\/423f124d44d6d14dae1b4c509d90d1a324e3ee2f230a72b31ae57302ab921ac7?s=96&d=mm&r=g","caption":"jaanika"},"url":"https:\/\/www.welovecycling.com\/ee\/author\/jaanika\/"}]}},"_links":{"self":[{"href":"https:\/\/www.welovecycling.com\/ee\/wp-json\/wp\/v2\/posts\/246","targetHints":{"allow":["GET"]}}],"collection":[{"href":"https:\/\/www.welovecycling.com\/ee\/wp-json\/wp\/v2\/posts"}],"about":[{"href":"https:\/\/www.welovecycling.com\/ee\/wp-json\/wp\/v2\/types\/post"}],"author":[{"embeddable":true,"href":"https:\/\/www.welovecycling.com\/ee\/wp-json\/wp\/v2\/users\/103"}],"replies":[{"embeddable":true,"href":"https:\/\/www.welovecycling.com\/ee\/wp-json\/wp\/v2\/comments?post=246"}],"version-history":[{"count":2,"href":"https:\/\/www.welovecycling.com\/ee\/wp-json\/wp\/v2\/posts\/246\/revisions"}],"predecessor-version":[{"id":249,"href":"https:\/\/www.welovecycling.com\/ee\/wp-json\/wp\/v2\/posts\/246\/revisions\/249"}],"wp:featuredmedia":[{"embeddable":true,"href":"https:\/\/www.welovecycling.com\/ee\/wp-json\/wp\/v2\/media\/247"}],"wp:attachment":[{"href":"https:\/\/www.welovecycling.com\/ee\/wp-json\/wp\/v2\/media?parent=246"}],"wp:term":[{"taxonomy":"category","embeddable":true,"href":"https:\/\/www.welovecycling.com\/ee\/wp-json\/wp\/v2\/categories?post=246"},{"taxonomy":"post_tag","embeddable":true,"href":"https:\/\/www.welovecycling.com\/ee\/wp-json\/wp\/v2\/tags?post=246"},{"taxonomy":"global-categories","embeddable":true,"href":"https:\/\/www.welovecycling.com\/ee\/wp-json\/wp\/v2\/global-categories?post=246"}],"curies":[{"name":"wp","href":"https:\/\/api.w.org\/{rel}","templated":true}]}}