{"id":2456,"date":"2025-03-21T15:55:24","date_gmt":"2025-03-21T12:55:24","guid":{"rendered":"https:\/\/www.welovecycling.com\/ee\/?p=2456"},"modified":"2025-03-21T15:55:24","modified_gmt":"2025-03-21T12:55:24","slug":"tour-de-france-2027-ajalooline-grand-depart-toimub-edinburghis","status":"publish","type":"post","link":"https:\/\/www.welovecycling.com\/ee\/2025\/03\/21\/tour-de-france-2027-ajalooline-grand-depart-toimub-edinburghis\/","title":{"rendered":"Tour de France 2027: Ajalooline Grand D\u00e9part toimub Edinburghis"},"content":{"rendered":"<p>2027 aastal saavad jalgrattaspordi f\u00e4nnid tunnistajaks ajaloolisele s\u00fcndmusele, kui 114. Tour de France ja 6. Tour de France Femmes AVEC Zwift alustavad oma Briti seiklust. Esmakordselt h\u00f5lmab <em>Grand D\u00e9part<\/em> kolme \u00dchendkuningriigi riiki \u2013 \u0160otimaad, Walesi ja Inglismaad, kus k\u00f5ik v\u00f5\u00f5rustavad ikoonilise v\u00f5idus\u00f5idu avaetappe.<\/p>\n<p><!--more--><\/p>\n<h3 data-start=\"603\" data-end=\"657\"><strong data-start=\"607\" data-end=\"655\">Esmakordselt \u0160otimaal, Walesis ja Inglismaal<\/strong><\/h3>\n<p data-start=\"659\" data-end=\"1096\"><a href=\"https:\/\/www.letour.fr\/en\/\">Tour de France<\/a> on La Manche&#8217;i v\u00e4ina \u00fcletanud mitmel korral alates esimesest k\u00fclask\u00e4igust 1974. aastal, kuid 2027. aasta v\u00f5istlus t\u00f5otab tulla seni k\u00f5ige ulatuslikum Briti saarte k\u00fclastus. Edinburghis antakse start v\u00f5idus\u00f5idu esimestele pedaalip\u00f6\u00f6retele, m\u00e4rkides \u00fchtlasi Tour\u2019i esimest visiiti \u0160otimaale. Marsruut kulgeb seej\u00e4rel l\u00e4bi Walesi ja j\u00f5uab l\u00f5puks Inglismaale, muutes selle <em>Grand D\u00e9part\u2019<\/em>i t\u00f5eliseks Briti jalgrattaspordi p\u00e4randi t\u00e4histamiseks.<\/p>\n<p data-start=\"1098\" data-end=\"1405\">See on teine kord, kui Tour de France Femmes AVEC Zwift stardib v\u00e4ljaspool Prantsusmaad \u2013 p\u00e4rast 2024. aasta <em>Grand D\u00e9part<\/em>\u2019i Hollandis. Kuid 2027. aastal on esmakordne, kui nii meeste kui ka naiste v\u00f5istlus algab samas v\u00e4lisriigis, r\u00f5hutades veelgi naiste jalgrattaspordi kasvavat rahvusvahelist prestii\u017ei.<\/p>\n<blockquote class=\"instagram-media\" style=\"background: #FFF; border: 0; border-radius: 3px; box-shadow: 0 0 1px 0 rgba(0,0,0,0.5),0 1px 10px 0 rgba(0,0,0,0.15); margin: 1px; max-width: 540px; min-width: 326px; padding: 0; width: calc(100% - 2px);\" data-instgrm-captioned=\"\" data-instgrm-permalink=\"https:\/\/www.instagram.com\/reel\/DHZDkt9ODw7\/?utm_source=ig_embed&amp;utm_campaign=loading\" data-instgrm-version=\"14\">\n<div style=\"padding: 16px;\">\n<p>&nbsp;<\/p>\n<div style=\"display: flex; flex-direction: row; align-items: center;\">\n<div style=\"background-color: #f4f4f4; border-radius: 50%; flex-grow: 0; height: 40px; margin-right: 14px; width: 40px;\"><\/div>\n<div style=\"display: flex; flex-direction: column; flex-grow: 1; justify-content: center;\">\n<div style=\"background-color: #f4f4f4; border-radius: 4px; flex-grow: 0; height: 14px; margin-bottom: 6px; width: 100px;\"><\/div>\n<div style=\"background-color: #f4f4f4; border-radius: 4px; flex-grow: 0; height: 14px; width: 60px;\"><\/div>\n<\/div>\n<\/div>\n<div style=\"padding: 19% 0;\"><\/div>\n<div style=\"display: block; height: 50px; margin: 0 auto 12px; width: 50px;\"><\/div>\n<div style=\"padding-top: 8px;\">\n<div style=\"color: #3897f0; font-family: Arial,sans-serif; font-size: 14px; font-style: normal; font-weight: 550; line-height: 18px;\">View this post on Instagram<\/div>\n<\/div>\n<div style=\"padding: 12.5% 0;\"><\/div>\n<div style=\"display: flex; flex-direction: row; margin-bottom: 14px; align-items: center;\">\n<div>\n<div style=\"background-color: #f4f4f4; border-radius: 50%; height: 12.5px; width: 12.5px; transform: translateX(0px) translateY(7px);\"><\/div>\n<div style=\"background-color: #f4f4f4; height: 12.5px; transform: rotate(-45deg) translateX(3px) translateY(1px); width: 12.5px; flex-grow: 0; margin-right: 14px; margin-left: 2px;\"><\/div>\n<div style=\"background-color: #f4f4f4; border-radius: 50%; height: 12.5px; width: 12.5px; transform: translateX(9px) translateY(-18px);\"><\/div>\n<\/div>\n<div style=\"margin-left: 8px;\">\n<div style=\"background-color: #f4f4f4; border-radius: 50%; flex-grow: 0; height: 20px; width: 20px;\"><\/div>\n<div style=\"width: 0; height: 0; border-top: 2px solid transparent; border-left: 6px solid #f4f4f4; border-bottom: 2px solid transparent; transform: translateX(16px) translateY(-4px) rotate(30deg);\"><\/div>\n<\/div>\n<div style=\"margin-left: auto;\">\n<div style=\"width: 0px; border-top: 8px solid #F4F4F4; border-right: 8px solid transparent; transform: translateY(16px);\"><\/div>\n<div style=\"background-color: #f4f4f4; flex-grow: 0; height: 12px; width: 16px; transform: translateY(-4px);\"><\/div>\n<div style=\"width: 0; height: 0; border-top: 8px solid #F4F4F4; border-left: 8px solid transparent; transform: translateY(-4px) translateX(8px);\"><\/div>\n<\/div>\n<\/div>\n<div style=\"display: flex; flex-direction: column; flex-grow: 1; justify-content: center; margin-bottom: 24px;\">\n<div style=\"background-color: #f4f4f4; border-radius: 4px; flex-grow: 0; height: 14px; margin-bottom: 6px; width: 224px;\"><\/div>\n<div style=\"background-color: #f4f4f4; border-radius: 4px; flex-grow: 0; height: 14px; width: 144px;\"><\/div>\n<\/div>\n<p>&nbsp;<\/p>\n<p style=\"color: #c9c8cd; font-family: Arial,sans-serif; font-size: 14px; line-height: 17px; margin-bottom: 0; margin-top: 8px; overflow: hidden; padding: 8px 0 7px; text-align: center; text-overflow: ellipsis; white-space: nowrap;\"><a style=\"color: #c9c8cd; font-family: Arial,sans-serif; font-size: 14px; font-style: normal; font-weight: normal; line-height: 17px; text-decoration: none;\" href=\"https:\/\/www.instagram.com\/reel\/DHZDkt9ODw7\/?utm_source=ig_embed&amp;utm_campaign=loading\" target=\"_blank\" rel=\"noopener\">A post shared by Tour de France\u2122 (@letourdefrance)<\/a><\/p>\n<\/div>\n<\/blockquote>\n<p><script async src=\"\/\/www.instagram.com\/embed.js\"><\/script><\/p>\n<h3 data-start=\"1407\" data-end=\"1454\"><strong data-start=\"1411\" data-end=\"1452\">Briti j\u00e4tkuv armastus Le Tour\u2019i vastu<\/strong><\/h3>\n<p data-start=\"1456\" data-end=\"1868\">Tour de France j\u00f5udis esmakordselt Inglismaale 1974. aastal \u00fcheetapilise k\u00fclastusega Plymouthis. Kaks aastak\u00fcmmet hiljem, 1994. aasta v\u00f5istlus t\u00e4histas vastavatud La Manche\u2019i tunneli avamist kahe etapiga Brightonis ja Portsmouthis. Viimastel aastatel on Suurbritannia v\u00f5\u00f5rustanud unustamatuid <em>Grand D\u00e9part\u2019<\/em>e \u2013 Londonis (2007) ja Yorkshire\u2019is (2014), m\u00f5lemad t\u00f5id kokku tohutuid rahvamasse ja erakordset toetust.<\/p>\n<p data-start=\"1870\" data-end=\"2246\">N\u00fc\u00fcd, 2027. aastal, viib v\u00f5istlus oma suhte Suurbritanniaga uuele tasemele, kaasates avapeat\u00fckkidesse kolm neljast <em>Home Nations<\/em>\u2019ist. \u0160otimaa pealinn Edinburgh on tunnistajaks pelotoni esimestele v\u00e4ndap\u00e4\u00e4retele, enne kui v\u00f5idus\u00f5it suundub l\u00f5una poole Walesi ja Inglismaale, andes f\u00e4nnidele \u00fcle kogu \u00dchendkuningriigi harukordse v\u00f5imaluse n\u00e4ha maailma parimaid rattureid tegutsemas.<\/p>\n<h3 data-start=\"2248\" data-end=\"2317\"><strong data-start=\"2252\" data-end=\"2315\">Tour de France Femmes avec Zwift\u2019i jaoks oluline verstapost<\/strong><\/h3>\n<p data-start=\"2319\" data-end=\"2757\"><a href=\"https:\/\/www.letourfemmes.fr\/en\">Tour de France Femmes AVEC Zwift<\/a> 2027. teeb ajalugu &#8211; esmakorsdselt s\u00f5idetakse see naiste v\u00f5idus\u00f5it v\u00e4ljaspool mandri-Euroopat. Kuigi naiste v\u00f5istlus algab erineval kuup\u00e4eval kui meeste <em>Tour<\/em>, s\u00fcmboliseerib \u00fchine <em>Grand D\u00e9part<\/em> Suurbritannias olulist sammu edasi spordiala arengus. See n\u00e4itab kasvavat p\u00fchendumust naiste jalgrattaspordi esilet\u00f5stmisele ning tagab, et maailma tippv\u00f5istlused saavad v\u00f5rdset tunnustust ja t\u00e4histamist.<\/p>\n<p data-start=\"2759\" data-end=\"3105\">Ootused sellele murrangulisele Briti triloogiale kasvavad ning f\u00e4nnid v\u00f5ivad oodata Tour de France\u2019i, mis austab oma rikkalikku ajalugu, kuid samas omaks v\u00f5tab jalgrattaspordi tuleviku rahvusvahelisel tasandil. 2027. aasta <em>Grand D\u00e9part<\/em> t\u00f5otab tulla enneolematu vaatem\u00e4ng, mis \u00fchendab \u0160otimaa, Walesi ja Inglismaa jalgrattaspordi suurs\u00fcndmuseks.<\/p>\n","protected":false},"excerpt":{"rendered":"<p>2027 aastal saavad jalgrattaspordi f\u00e4nnid tunnistajaks ajaloolisele s\u00fcndmusele, kui 114. Tour de France ja 6. Tour de France Femmes AVEC [&hellip;]<\/p>\n","protected":false},"author":174,"featured_media":2457,"comment_status":"open","ping_status":"open","sticky":false,"template":"","format":"standard","meta":{"footnotes":""},"categories":[39],"tags":[371,372,14,373],"global-categories":[22],"class_list":["post-2456","post","type-post","status-publish","format-standard","has-post-thumbnail","hentry","category-maanteesoit","tag-2027-grand-depart","tag-2027-tour-de-france","tag-tour-de-france","tag-tour-de-france-femmes-acec-zwift","global-categories-cycling"],"yoast_head":"<!-- This site is optimized with the Yoast SEO Premium plugin v25.3 (Yoast SEO v25.9) - https:\/\/yoast.com\/wordpress\/plugins\/seo\/ -->\n<title>Tour de France 2027: Ajalooline Grand D\u00e9part toimub Edinburghis - \u0160koda We Love Cycling - Estonia<\/title>\n<meta name=\"description\" content=\"2027 aastal saavad jalgrattaspordi f\u00e4nnid tunnistajaks ajaloolisele s\u00fcndmusele, kui 114. Tour de France ja 6. Tour de France Femmes AVEC Zwift alustavad oma Briti seiklust. Esmakordselt h\u00f5lmab Grand D\u00e9part kolme \u00dchendkuningriigi riiki \u2013 \u0160otimaad, Walesi ja Inglismaad, kus k\u00f5ik v\u00f5\u00f5rustavad ikoonilise v\u00f5idus\u00f5idu avastaadiume.\" \/>\n<meta name=\"robots\" content=\"index, follow, max-snippet:-1, max-image-preview:large, max-video-preview:-1\" \/>\n<link rel=\"canonical\" href=\"https:\/\/www.welovecycling.com\/ee\/2025\/03\/21\/tour-de-france-2027-ajalooline-grand-depart-toimub-edinburghis\/\" \/>\n<meta property=\"og:locale\" content=\"et_EE\" \/>\n<meta property=\"og:type\" content=\"article\" \/>\n<meta property=\"og:title\" content=\"Tour de France 2027: Ajalooline Grand D\u00e9part toimub Edinburghis\" \/>\n<meta property=\"og:description\" content=\"2027 aastal saavad jalgrattaspordi f\u00e4nnid tunnistajaks ajaloolisele s\u00fcndmusele, kui 114. Tour de France ja 6. Tour de France Femmes AVEC Zwift alustavad oma Briti seiklust. Esmakordselt h\u00f5lmab Grand D\u00e9part kolme \u00dchendkuningriigi riiki \u2013 \u0160otimaad, Walesi ja Inglismaad, kus k\u00f5ik v\u00f5\u00f5rustavad ikoonilise v\u00f5idus\u00f5idu avastaadiume.\" \/>\n<meta property=\"og:url\" content=\"https:\/\/www.welovecycling.com\/ee\/2025\/03\/21\/tour-de-france-2027-ajalooline-grand-depart-toimub-edinburghis\/\" \/>\n<meta property=\"og:site_name\" content=\"\u0160koda We Love Cycling - Estonia\" \/>\n<meta property=\"article:published_time\" content=\"2025-03-21T12:55:24+00:00\" \/>\n<meta property=\"og:image\" content=\"https:\/\/d2p6e6u75xmxt8.cloudfront.net\/15\/2025\/03\/tdf26.webp\" \/>\n\t<meta property=\"og:image:width\" content=\"989\" \/>\n\t<meta property=\"og:image:height\" content=\"661\" \/>\n\t<meta property=\"og:image:type\" content=\"image\/webp\" \/>\n<meta name=\"author\" content=\"andre\" \/>\n<meta name=\"twitter:card\" content=\"summary_large_image\" \/>\n<meta name=\"twitter:label1\" content=\"Written by\" \/>\n\t<meta name=\"twitter:data1\" content=\"We Love Cycling\" \/>\n\t<meta name=\"twitter:label2\" content=\"Est. reading time\" \/>\n\t<meta name=\"twitter:data2\" content=\"2\" \/>\n<script type=\"application\/ld+json\" class=\"yoast-schema-graph\">{\"@context\":\"https:\/\/schema.org\",\"@graph\":[{\"@type\":\"WebPage\",\"@id\":\"https:\/\/www.welovecycling.com\/ee\/2025\/03\/21\/tour-de-france-2027-ajalooline-grand-depart-toimub-edinburghis\/\",\"url\":\"https:\/\/www.welovecycling.com\/ee\/2025\/03\/21\/tour-de-france-2027-ajalooline-grand-depart-toimub-edinburghis\/\",\"name\":\"Tour de France 2027: Ajalooline Grand D\u00e9part toimub Edinburghis - \u0160koda We Love Cycling - Estonia\",\"isPartOf\":{\"@id\":\"https:\/\/www.welovecycling.com\/ee\/#website\"},\"primaryImageOfPage\":{\"@id\":\"https:\/\/www.welovecycling.com\/ee\/2025\/03\/21\/tour-de-france-2027-ajalooline-grand-depart-toimub-edinburghis\/#primaryimage\"},\"image\":{\"@id\":\"https:\/\/www.welovecycling.com\/ee\/2025\/03\/21\/tour-de-france-2027-ajalooline-grand-depart-toimub-edinburghis\/#primaryimage\"},\"thumbnailUrl\":\"https:\/\/d2p6e6u75xmxt8.cloudfront.net\/15\/2025\/03\/tdf26.webp\",\"datePublished\":\"2025-03-21T12:55:24+00:00\",\"author\":{\"@id\":\"https:\/\/www.welovecycling.com\/ee\/#\/schema\/person\/8b7101c4bd1b1ae9d3732ebb1e6caf57\"},\"description\":\"2027 aastal saavad jalgrattaspordi f\u00e4nnid tunnistajaks ajaloolisele s\u00fcndmusele, kui 114. Tour de France ja 6. Tour de France Femmes AVEC Zwift alustavad oma Briti seiklust. Esmakordselt h\u00f5lmab Grand D\u00e9part kolme \u00dchendkuningriigi riiki \u2013 \u0160otimaad, Walesi ja Inglismaad, kus k\u00f5ik v\u00f5\u00f5rustavad ikoonilise v\u00f5idus\u00f5idu avastaadiume.\",\"inLanguage\":\"et\",\"potentialAction\":[{\"@type\":\"ReadAction\",\"target\":[\"https:\/\/www.welovecycling.com\/ee\/2025\/03\/21\/tour-de-france-2027-ajalooline-grand-depart-toimub-edinburghis\/\"]}]},{\"@type\":\"ImageObject\",\"inLanguage\":\"et\",\"@id\":\"https:\/\/www.welovecycling.com\/ee\/2025\/03\/21\/tour-de-france-2027-ajalooline-grand-depart-toimub-edinburghis\/#primaryimage\",\"url\":\"https:\/\/d2p6e6u75xmxt8.cloudfront.net\/15\/2025\/03\/tdf26.webp\",\"contentUrl\":\"https:\/\/d2p6e6u75xmxt8.cloudfront.net\/15\/2025\/03\/tdf26.webp\",\"width\":989,\"height\":661},{\"@type\":\"WebSite\",\"@id\":\"https:\/\/www.welovecycling.com\/ee\/#website\",\"url\":\"https:\/\/www.welovecycling.com\/ee\/\",\"name\":\"\u0160koda We Love Cycling - Estonia\",\"description\":\"\",\"potentialAction\":[{\"@type\":\"SearchAction\",\"target\":{\"@type\":\"EntryPoint\",\"urlTemplate\":\"https:\/\/www.welovecycling.com\/ee\/?s={search_term_string}\"},\"query-input\":{\"@type\":\"PropertyValueSpecification\",\"valueRequired\":true,\"valueName\":\"search_term_string\"}}],\"inLanguage\":\"et\"},{\"@type\":\"Person\",\"@id\":\"https:\/\/www.welovecycling.com\/ee\/#\/schema\/person\/8b7101c4bd1b1ae9d3732ebb1e6caf57\",\"name\":\"andre\",\"image\":{\"@type\":\"ImageObject\",\"inLanguage\":\"et\",\"@id\":\"https:\/\/www.welovecycling.com\/ee\/#\/schema\/person\/image\/\",\"url\":\"https:\/\/secure.gravatar.com\/avatar\/0656b3224fe17b018f43b8a562625dd43d30827f027b2f62bc5a05711fec9a61?s=96&d=mm&r=g\",\"contentUrl\":\"https:\/\/secure.gravatar.com\/avatar\/0656b3224fe17b018f43b8a562625dd43d30827f027b2f62bc5a05711fec9a61?s=96&d=mm&r=g\",\"caption\":\"andre\"},\"url\":\"https:\/\/www.welovecycling.com\/ee\/author\/andre\/\"}]}<\/script>\n<!-- \/ Yoast SEO Premium plugin. -->","yoast_head_json":{"title":"Tour de France 2027: Ajalooline Grand D\u00e9part toimub Edinburghis - \u0160koda We Love Cycling - Estonia","description":"2027 aastal saavad jalgrattaspordi f\u00e4nnid tunnistajaks ajaloolisele s\u00fcndmusele, kui 114. Tour de France ja 6. Tour de France Femmes AVEC Zwift alustavad oma Briti seiklust. Esmakordselt h\u00f5lmab Grand D\u00e9part kolme \u00dchendkuningriigi riiki \u2013 \u0160otimaad, Walesi ja Inglismaad, kus k\u00f5ik v\u00f5\u00f5rustavad ikoonilise v\u00f5idus\u00f5idu avastaadiume.","robots":{"index":"index","follow":"follow","max-snippet":"max-snippet:-1","max-image-preview":"max-image-preview:large","max-video-preview":"max-video-preview:-1"},"canonical":"https:\/\/www.welovecycling.com\/ee\/2025\/03\/21\/tour-de-france-2027-ajalooline-grand-depart-toimub-edinburghis\/","og_locale":"et_EE","og_type":"article","og_title":"Tour de France 2027: Ajalooline Grand D\u00e9part toimub Edinburghis","og_description":"2027 aastal saavad jalgrattaspordi f\u00e4nnid tunnistajaks ajaloolisele s\u00fcndmusele, kui 114. Tour de France ja 6. Tour de France Femmes AVEC Zwift alustavad oma Briti seiklust. Esmakordselt h\u00f5lmab Grand D\u00e9part kolme \u00dchendkuningriigi riiki \u2013 \u0160otimaad, Walesi ja Inglismaad, kus k\u00f5ik v\u00f5\u00f5rustavad ikoonilise v\u00f5idus\u00f5idu avastaadiume.","og_url":"https:\/\/www.welovecycling.com\/ee\/2025\/03\/21\/tour-de-france-2027-ajalooline-grand-depart-toimub-edinburghis\/","og_site_name":"\u0160koda We Love Cycling - Estonia","article_published_time":"2025-03-21T12:55:24+00:00","og_image":[{"width":989,"height":661,"url":"https:\/\/d2p6e6u75xmxt8.cloudfront.net\/15\/2025\/03\/tdf26.webp","type":"image\/webp"}],"author":"andre","twitter_card":"summary_large_image","twitter_misc":{"Written by":"We Love Cycling","Est. reading time":"2"},"schema":{"@context":"https:\/\/schema.org","@graph":[{"@type":"WebPage","@id":"https:\/\/www.welovecycling.com\/ee\/2025\/03\/21\/tour-de-france-2027-ajalooline-grand-depart-toimub-edinburghis\/","url":"https:\/\/www.welovecycling.com\/ee\/2025\/03\/21\/tour-de-france-2027-ajalooline-grand-depart-toimub-edinburghis\/","name":"Tour de France 2027: Ajalooline Grand D\u00e9part toimub Edinburghis - \u0160koda We Love Cycling - Estonia","isPartOf":{"@id":"https:\/\/www.welovecycling.com\/ee\/#website"},"primaryImageOfPage":{"@id":"https:\/\/www.welovecycling.com\/ee\/2025\/03\/21\/tour-de-france-2027-ajalooline-grand-depart-toimub-edinburghis\/#primaryimage"},"image":{"@id":"https:\/\/www.welovecycling.com\/ee\/2025\/03\/21\/tour-de-france-2027-ajalooline-grand-depart-toimub-edinburghis\/#primaryimage"},"thumbnailUrl":"https:\/\/d2p6e6u75xmxt8.cloudfront.net\/15\/2025\/03\/tdf26.webp","datePublished":"2025-03-21T12:55:24+00:00","author":{"@id":"https:\/\/www.welovecycling.com\/ee\/#\/schema\/person\/8b7101c4bd1b1ae9d3732ebb1e6caf57"},"description":"2027 aastal saavad jalgrattaspordi f\u00e4nnid tunnistajaks ajaloolisele s\u00fcndmusele, kui 114. Tour de France ja 6. Tour de France Femmes AVEC Zwift alustavad oma Briti seiklust. Esmakordselt h\u00f5lmab Grand D\u00e9part kolme \u00dchendkuningriigi riiki \u2013 \u0160otimaad, Walesi ja Inglismaad, kus k\u00f5ik v\u00f5\u00f5rustavad ikoonilise v\u00f5idus\u00f5idu avastaadiume.","inLanguage":"et","potentialAction":[{"@type":"ReadAction","target":["https:\/\/www.welovecycling.com\/ee\/2025\/03\/21\/tour-de-france-2027-ajalooline-grand-depart-toimub-edinburghis\/"]}]},{"@type":"ImageObject","inLanguage":"et","@id":"https:\/\/www.welovecycling.com\/ee\/2025\/03\/21\/tour-de-france-2027-ajalooline-grand-depart-toimub-edinburghis\/#primaryimage","url":"https:\/\/d2p6e6u75xmxt8.cloudfront.net\/15\/2025\/03\/tdf26.webp","contentUrl":"https:\/\/d2p6e6u75xmxt8.cloudfront.net\/15\/2025\/03\/tdf26.webp","width":989,"height":661},{"@type":"WebSite","@id":"https:\/\/www.welovecycling.com\/ee\/#website","url":"https:\/\/www.welovecycling.com\/ee\/","name":"\u0160koda We Love Cycling - Estonia","description":"","potentialAction":[{"@type":"SearchAction","target":{"@type":"EntryPoint","urlTemplate":"https:\/\/www.welovecycling.com\/ee\/?s={search_term_string}"},"query-input":{"@type":"PropertyValueSpecification","valueRequired":true,"valueName":"search_term_string"}}],"inLanguage":"et"},{"@type":"Person","@id":"https:\/\/www.welovecycling.com\/ee\/#\/schema\/person\/8b7101c4bd1b1ae9d3732ebb1e6caf57","name":"andre","image":{"@type":"ImageObject","inLanguage":"et","@id":"https:\/\/www.welovecycling.com\/ee\/#\/schema\/person\/image\/","url":"https:\/\/secure.gravatar.com\/avatar\/0656b3224fe17b018f43b8a562625dd43d30827f027b2f62bc5a05711fec9a61?s=96&d=mm&r=g","contentUrl":"https:\/\/secure.gravatar.com\/avatar\/0656b3224fe17b018f43b8a562625dd43d30827f027b2f62bc5a05711fec9a61?s=96&d=mm&r=g","caption":"andre"},"url":"https:\/\/www.welovecycling.com\/ee\/author\/andre\/"}]}},"_links":{"self":[{"href":"https:\/\/www.welovecycling.com\/ee\/wp-json\/wp\/v2\/posts\/2456","targetHints":{"allow":["GET"]}}],"collection":[{"href":"https:\/\/www.welovecycling.com\/ee\/wp-json\/wp\/v2\/posts"}],"about":[{"href":"https:\/\/www.welovecycling.com\/ee\/wp-json\/wp\/v2\/types\/post"}],"author":[{"embeddable":true,"href":"https:\/\/www.welovecycling.com\/ee\/wp-json\/wp\/v2\/users\/174"}],"replies":[{"embeddable":true,"href":"https:\/\/www.welovecycling.com\/ee\/wp-json\/wp\/v2\/comments?post=2456"}],"version-history":[{"count":2,"href":"https:\/\/www.welovecycling.com\/ee\/wp-json\/wp\/v2\/posts\/2456\/revisions"}],"predecessor-version":[{"id":2459,"href":"https:\/\/www.welovecycling.com\/ee\/wp-json\/wp\/v2\/posts\/2456\/revisions\/2459"}],"wp:featuredmedia":[{"embeddable":true,"href":"https:\/\/www.welovecycling.com\/ee\/wp-json\/wp\/v2\/media\/2457"}],"wp:attachment":[{"href":"https:\/\/www.welovecycling.com\/ee\/wp-json\/wp\/v2\/media?parent=2456"}],"wp:term":[{"taxonomy":"category","embeddable":true,"href":"https:\/\/www.welovecycling.com\/ee\/wp-json\/wp\/v2\/categories?post=2456"},{"taxonomy":"post_tag","embeddable":true,"href":"https:\/\/www.welovecycling.com\/ee\/wp-json\/wp\/v2\/tags?post=2456"},{"taxonomy":"global-categories","embeddable":true,"href":"https:\/\/www.welovecycling.com\/ee\/wp-json\/wp\/v2\/global-categories?post=2456"}],"curies":[{"name":"wp","href":"https:\/\/api.w.org\/{rel}","templated":true}]}}