{"id":2424,"date":"2025-03-14T23:05:59","date_gmt":"2025-03-14T20:05:59","guid":{"rendered":"https:\/\/www.welovecycling.com\/ee\/?p=2424"},"modified":"2025-04-10T18:29:23","modified_gmt":"2025-04-10T15:29:23","slug":"skoda-mtb-kolmapaevakud-2025","status":"publish","type":"post","link":"https:\/\/www.welovecycling.com\/ee\/2025\/03\/14\/skoda-mtb-kolmapaevakud-2025\/","title":{"rendered":"\u0160koda MTB Kolmap\u00e4evakud 2025"},"content":{"rendered":"<h2>09.04.2025 kell 17.00 Randveres T\u00e4du terviseradade l\u00e4histel stardib sarja uus, 18. hooaeg.\u00a0 Sarja peatoetaja on SKO Motors &#8211; \u0160koda esindus Laagris, \u0160koda ja We Love Cycling. Etappe korraldavad &#8211; Porter Racing, J\u00f5el\u00e4htme Singel, Velo.Clubbers ja CC Rota Mobilis. Taaskord on meil tagataskus ka midagi, mis teeb kahe Kolmap\u00e4evakutest osav\u00f5tja suve veelgi \u00e4gedamaks!<\/h2>\n<p><!--more--><\/p>\n<p><b>Paneme uuele hooajal h\u00e4\u00e4led sisse ja kihutame taas maastikuratastel Tallinnas ja selle \u00fcmbruses asuvatel \u00e4gedatel radadel!<\/b><\/p>\n<p><a href=\"https:\/\/d2p6e6u75xmxt8.cloudfront.net\/15\/2025\/03\/IMG_5873-scaled.webp\"><img loading=\"lazy\" decoding=\"async\" class=\"aligncenter size-extra-large wp-image-2428\" src=\"https:\/\/d2p6e6u75xmxt8.cloudfront.net\/15\/2025\/03\/IMG_5873-1920x1280.webp\" alt=\"\" width=\"1920\" height=\"1280\" srcset=\"https:\/\/d2p6e6u75xmxt8.cloudfront.net\/15\/2025\/03\/IMG_5873-1920x1280.webp 1920w, https:\/\/d2p6e6u75xmxt8.cloudfront.net\/15\/2025\/03\/IMG_5873-300x200.webp 300w, https:\/\/d2p6e6u75xmxt8.cloudfront.net\/15\/2025\/03\/IMG_5873-1024x683.webp 1024w, https:\/\/d2p6e6u75xmxt8.cloudfront.net\/15\/2025\/03\/IMG_5873-768x512.webp 768w, https:\/\/d2p6e6u75xmxt8.cloudfront.net\/15\/2025\/03\/IMG_5873-1536x1024.webp 1536w, https:\/\/d2p6e6u75xmxt8.cloudfront.net\/15\/2025\/03\/IMG_5873-2048x1365.webp 2048w, https:\/\/d2p6e6u75xmxt8.cloudfront.net\/15\/2025\/03\/IMG_5873-400x267.webp 400w, https:\/\/d2p6e6u75xmxt8.cloudfront.net\/15\/2025\/03\/IMG_5873-272x182.webp 272w, https:\/\/d2p6e6u75xmxt8.cloudfront.net\/15\/2025\/03\/IMG_5873-1920x1280.webp 1920w\" sizes=\"auto, (max-width: 1920px) 100vw, 1920px\" \/><\/a><\/p>\n<ol>\n<li>Registreerimine ja koduleht: <a href=\"https:\/\/kolmapaev.ee\/\">www.kolmapaev.ee<\/a> , samuti saab registreerida alati v\u00f5istluspaigas.<\/li>\n<li>Stardimaks per etapp j\u00e4\u00e4b 10 EUR + number 5 EUR (\u00fchekordne tasu), mis teeb selle sarja ilmselt soodsaimaks rattav\u00f5istluseks, mis hetkel turul on. Kuni 18-aastased\u00a0 (kaasaarvatud) stardikoht ja number j\u00e4tkuvalt tasuat!<\/li>\n<li>Sellest aastat olema ka Eesti Jalgrattaurite Liidu ametlikus <a href=\"https:\/\/www.ejl.ee\/event-directory\/kalender\/\">kalendris<\/a>.<\/li>\n<li>Kehtivad eelimise aasta numbrid. Registreerimise telgist saad uue kalendri-infoga kleebise, millega\u00a0 saad oma numbri 2025 versioonile uuendada. Kui number on kadunud , tuleb soetada uus (5 EUR).<\/li>\n<li>Sellel hooajal on v\u00f5imalus 1 n\u00e4dal enne starti (alates 02.04.25 kell 12.00 &#8211; 09.04.25 12.00) numbritele ja uue hooaja kleebisele j\u00e4rgi minna ka SKO Motorsi esindusse (P\u00e4rnu mnt 543, Laagri). Samuti saab numbrid k\u00e4tte esimese etapi stardis nagu alati.<\/li>\n<li>J\u00e4tkuvalt on lubatud rajale ka E-MTB rattad. Kohustusliku E-MTB kleepsu saad numbrile registreerimise telgist, <strong>kuhu pead ka kindlasti info edastama, et s\u00f5idad E-MTB klassis<\/strong>. Mootorite v\u00f5imsusi me kontrollima ei hakka.<\/li>\n<li>Need tublid ratturid, kes v\u00f5tsid eelmisel aastal osa k\u00f5igist etappidest saavad sellel aastal endale nimelised numbrid. Samal tingimusel anname v\u00e4lja ka 2026 a. nimelised numbrid, seega ole igal etapil kohal!<\/li>\n<li>\u00a013.08.25 toimuv\u00a0 Pirita etapp on taas traditsiooniline SKO Motors Spetsiaal \/ S\u00f5ber Tasuta Kaasa etapp. Mis t\u00e4psemalt toimuma hakkab, anname jooksvalt teada.<\/li>\n<li>\u00a0Sarja l\u00f5petamine toimub eraldi \u00fcritusena SKO Motorsis 17.09.25. Selle \u00fcrituse kohta jagame infot jooksvalt.<\/li>\n<li>Sarja fotograafina j\u00e4tkab Janne Epner<\/li>\n<li>SKO Motors, \u0160koda ja WeLoveCycling teevad spetsiaalseid ainult kolmap\u00e4evakulistele suunatud pakkumisi.<\/li>\n<\/ol>\n<p><a href=\"https:\/\/d2p6e6u75xmxt8.cloudfront.net\/15\/2025\/03\/hooaeg2025_1920x1005.webp\"><img loading=\"lazy\" decoding=\"async\" class=\"aligncenter size-full wp-image-2430\" src=\"https:\/\/d2p6e6u75xmxt8.cloudfront.net\/15\/2025\/03\/hooaeg2025_1920x1005.webp\" alt=\"\" width=\"1920\" height=\"1005\" srcset=\"https:\/\/d2p6e6u75xmxt8.cloudfront.net\/15\/2025\/03\/hooaeg2025_1920x1005.webp 1920w, https:\/\/d2p6e6u75xmxt8.cloudfront.net\/15\/2025\/03\/hooaeg2025_1920x1005-300x157.webp 300w, https:\/\/d2p6e6u75xmxt8.cloudfront.net\/15\/2025\/03\/hooaeg2025_1920x1005-1024x536.webp 1024w, https:\/\/d2p6e6u75xmxt8.cloudfront.net\/15\/2025\/03\/hooaeg2025_1920x1005-768x402.webp 768w, https:\/\/d2p6e6u75xmxt8.cloudfront.net\/15\/2025\/03\/hooaeg2025_1920x1005-1536x804.webp 1536w, https:\/\/d2p6e6u75xmxt8.cloudfront.net\/15\/2025\/03\/hooaeg2025_1920x1005-400x209.webp 400w\" sizes=\"auto, (max-width: 1920px) 100vw, 1920px\" \/><\/a><\/p>\n<p><strong>Loosime v\u00e4lja \u00fche \u00f5nneliku naisratturi ja \u00fche meesratturi, kes saavad SKO Motorsi ja We Love Cycling Estonia kulul s\u00f5ita L\u2019\u00c9tape du Tour de France rahvaetapile, mis toimub 20.07.2025 . V\u00f5idupakett sisaldab lennupiletit, transporti kohapeal, majutust, stardikohta jne.<\/strong><br \/>\n<strong>Suur loos toimub k\u00f5igi t\u00e4isealiste v\u00f5istlejate vahel, kes on osa v\u00f5tnud v\u00e4hemalt \u00fchest j\u00e4rgmistest 2025 a. etappidest (Randvere, Haapse, Saku, Lastekangru, Rohuneeme, Aruk\u00fcla, Vaela).\u00a0 Kui soovid oma v\u00f5idu v\u00f5imalusi suurendada v\u00f5ta osa k\u00f5igist seitsmest etapist. Iga etapp annab \u00fche &#8220;loosipileti&#8221;. Samuti saad loosirattasse, kui oled registreerunud ja maksnud kogu hooajaks &#8211; sellel juhul oled loosirattas \u00fcheksa piletiga.<br \/>\n\u00dcrituse kohta loe t\u00e4psemalt <a href=\"https:\/\/www.letapedutourdefrance.com\/en\">L&#8217;\u00c9tape du Tour de France 2025 lehelt<\/a>.<br \/>\n<a href=\"https:\/\/www.skodalaagri.ee\/letape-du-tour-de-france-rahvaetapile\/\">T\u00e4psemad tingimused leiad SKO Motorsi lehelt.<\/a><\/strong><\/p>\n<p><a href=\"https:\/\/d2p6e6u75xmxt8.cloudfront.net\/15\/2025\/03\/postitus_01_2025_1024x267-1.webp\"><img loading=\"lazy\" decoding=\"async\" class=\"aligncenter size-full wp-image-2522\" src=\"https:\/\/d2p6e6u75xmxt8.cloudfront.net\/15\/2025\/03\/postitus_01_2025_1024x267-1.webp\" alt=\"\" width=\"1024\" height=\"267\" srcset=\"https:\/\/d2p6e6u75xmxt8.cloudfront.net\/15\/2025\/03\/postitus_01_2025_1024x267-1.webp 1024w, https:\/\/d2p6e6u75xmxt8.cloudfront.net\/15\/2025\/03\/postitus_01_2025_1024x267-1-300x78.webp 300w, https:\/\/d2p6e6u75xmxt8.cloudfront.net\/15\/2025\/03\/postitus_01_2025_1024x267-1-768x200.webp 768w, https:\/\/d2p6e6u75xmxt8.cloudfront.net\/15\/2025\/03\/postitus_01_2025_1024x267-1-400x104.webp 400w\" sizes=\"auto, (max-width: 1024px) 100vw, 1024px\" \/><\/a><\/p>\n<p>&nbsp;<\/p>\n<p>&nbsp;<\/p>\n","protected":false},"excerpt":{"rendered":"<p>09.04.2025 kell 17.00 Randveres T\u00e4du terviseradade l\u00e4histel stardib sarja uus, 18. hooaeg.\u00a0 Sarja peatoetaja on SKO Motors &#8211; \u0160koda esindus [&hellip;]<\/p>\n","protected":false},"author":174,"featured_media":2429,"comment_status":"open","ping_status":"open","sticky":false,"template":"","format":"standard","meta":{"footnotes":""},"categories":[12],"tags":[263,142,116,262],"global-categories":[22],"class_list":["post-2424","post","type-post","status-publish","format-standard","has-post-thumbnail","hentry","category-cx-gravel-mtb","tag-mtb-kolmapaevakud","tag-sko-motors","tag-skoda-mtb-kolmapaevak","tag-skoda-mtb-kolmapaevakud","global-categories-cycling"],"yoast_head":"<!-- This site is optimized with the Yoast SEO Premium plugin v25.3 (Yoast SEO v25.9) - https:\/\/yoast.com\/wordpress\/plugins\/seo\/ -->\n<title>\u0160koda MTB Kolmap\u00e4evakud 2025 - \u0160koda We Love Cycling - Estonia<\/title>\n<meta name=\"description\" content=\"09.04.2025 kell 17.00 Randveres T\u00e4du terviseradade l\u00e4histel stardib sarja uus, 18. hooaeg.\u00a0 Sarja peatoetaja on SKO Motors - \u0160koda esindus Laagris, \u0160koda ja We Love Cycling. Etappe korraldavad - Porter Racing, J\u00f5el\u00e4htme Singel, Velo.Clubbers ja CC Rota Mobilis. Taaskord on meil tagataskus ka midagi, mis teeb kahe Kolmap\u00e4evakutest osav\u00f5tja suve veelgi \u00e4gedamaks!\" \/>\n<meta name=\"robots\" content=\"index, follow, max-snippet:-1, max-image-preview:large, max-video-preview:-1\" \/>\n<link rel=\"canonical\" href=\"https:\/\/www.welovecycling.com\/ee\/2025\/03\/14\/skoda-mtb-kolmapaevakud-2025\/\" \/>\n<meta property=\"og:locale\" content=\"et_EE\" \/>\n<meta property=\"og:type\" content=\"article\" \/>\n<meta property=\"og:title\" content=\"\u0160koda MTB Kolmap\u00e4evakud 2025\" \/>\n<meta property=\"og:description\" content=\"09.04.2025 kell 17.00 Randveres T\u00e4du terviseradade l\u00e4histel stardib sarja uus, 18. hooaeg.\u00a0 Sarja peatoetaja on SKO Motors - \u0160koda esindus Laagris, \u0160koda ja We Love Cycling. Etappe korraldavad - Porter Racing, J\u00f5el\u00e4htme Singel, Velo.Clubbers ja CC Rota Mobilis. Taaskord on meil tagataskus ka midagi, mis teeb kahe Kolmap\u00e4evakutest osav\u00f5tja suve veelgi \u00e4gedamaks!\" \/>\n<meta property=\"og:url\" content=\"https:\/\/www.welovecycling.com\/ee\/2025\/03\/14\/skoda-mtb-kolmapaevakud-2025\/\" \/>\n<meta property=\"og:site_name\" content=\"\u0160koda We Love Cycling - Estonia\" \/>\n<meta property=\"article:published_time\" content=\"2025-03-14T20:05:59+00:00\" \/>\n<meta property=\"article:modified_time\" content=\"2025-04-10T15:29:23+00:00\" \/>\n<meta property=\"og:image\" content=\"https:\/\/d2p6e6u75xmxt8.cloudfront.net\/15\/2025\/03\/IMG_2955-1-scaled.webp\" \/>\n\t<meta property=\"og:image:width\" content=\"2560\" \/>\n\t<meta property=\"og:image:height\" content=\"1644\" \/>\n\t<meta property=\"og:image:type\" content=\"image\/webp\" \/>\n<meta name=\"author\" content=\"andre\" \/>\n<meta name=\"twitter:card\" content=\"summary_large_image\" \/>\n<meta name=\"twitter:label1\" content=\"Written by\" \/>\n\t<meta name=\"twitter:data1\" content=\"Andre Kull\" \/>\n\t<meta name=\"twitter:label2\" content=\"Est. reading time\" \/>\n\t<meta name=\"twitter:data2\" content=\"3\" \/>\n<script type=\"application\/ld+json\" class=\"yoast-schema-graph\">{\"@context\":\"https:\/\/schema.org\",\"@graph\":[{\"@type\":\"WebPage\",\"@id\":\"https:\/\/www.welovecycling.com\/ee\/2025\/03\/14\/skoda-mtb-kolmapaevakud-2025\/\",\"url\":\"https:\/\/www.welovecycling.com\/ee\/2025\/03\/14\/skoda-mtb-kolmapaevakud-2025\/\",\"name\":\"\u0160koda MTB Kolmap\u00e4evakud 2025 - \u0160koda We Love Cycling - Estonia\",\"isPartOf\":{\"@id\":\"https:\/\/www.welovecycling.com\/ee\/#website\"},\"primaryImageOfPage\":{\"@id\":\"https:\/\/www.welovecycling.com\/ee\/2025\/03\/14\/skoda-mtb-kolmapaevakud-2025\/#primaryimage\"},\"image\":{\"@id\":\"https:\/\/www.welovecycling.com\/ee\/2025\/03\/14\/skoda-mtb-kolmapaevakud-2025\/#primaryimage\"},\"thumbnailUrl\":\"https:\/\/d2p6e6u75xmxt8.cloudfront.net\/15\/2025\/03\/IMG_2955-1-scaled.webp\",\"datePublished\":\"2025-03-14T20:05:59+00:00\",\"dateModified\":\"2025-04-10T15:29:23+00:00\",\"author\":{\"@id\":\"https:\/\/www.welovecycling.com\/ee\/#\/schema\/person\/8b7101c4bd1b1ae9d3732ebb1e6caf57\"},\"description\":\"09.04.2025 kell 17.00 Randveres T\u00e4du terviseradade l\u00e4histel stardib sarja uus, 18. hooaeg.\u00a0 Sarja peatoetaja on SKO Motors - \u0160koda esindus Laagris, \u0160koda ja We Love Cycling. Etappe korraldavad - Porter Racing, J\u00f5el\u00e4htme Singel, Velo.Clubbers ja CC Rota Mobilis. Taaskord on meil tagataskus ka midagi, mis teeb kahe Kolmap\u00e4evakutest osav\u00f5tja suve veelgi \u00e4gedamaks!\",\"inLanguage\":\"et\",\"potentialAction\":[{\"@type\":\"ReadAction\",\"target\":[\"https:\/\/www.welovecycling.com\/ee\/2025\/03\/14\/skoda-mtb-kolmapaevakud-2025\/\"]}]},{\"@type\":\"ImageObject\",\"inLanguage\":\"et\",\"@id\":\"https:\/\/www.welovecycling.com\/ee\/2025\/03\/14\/skoda-mtb-kolmapaevakud-2025\/#primaryimage\",\"url\":\"https:\/\/d2p6e6u75xmxt8.cloudfront.net\/15\/2025\/03\/IMG_2955-1-scaled.webp\",\"contentUrl\":\"https:\/\/d2p6e6u75xmxt8.cloudfront.net\/15\/2025\/03\/IMG_2955-1-scaled.webp\",\"width\":2560,\"height\":1644},{\"@type\":\"WebSite\",\"@id\":\"https:\/\/www.welovecycling.com\/ee\/#website\",\"url\":\"https:\/\/www.welovecycling.com\/ee\/\",\"name\":\"\u0160koda We Love Cycling - Estonia\",\"description\":\"\",\"potentialAction\":[{\"@type\":\"SearchAction\",\"target\":{\"@type\":\"EntryPoint\",\"urlTemplate\":\"https:\/\/www.welovecycling.com\/ee\/?s={search_term_string}\"},\"query-input\":{\"@type\":\"PropertyValueSpecification\",\"valueRequired\":true,\"valueName\":\"search_term_string\"}}],\"inLanguage\":\"et\"},{\"@type\":\"Person\",\"@id\":\"https:\/\/www.welovecycling.com\/ee\/#\/schema\/person\/8b7101c4bd1b1ae9d3732ebb1e6caf57\",\"name\":\"andre\",\"image\":{\"@type\":\"ImageObject\",\"inLanguage\":\"et\",\"@id\":\"https:\/\/www.welovecycling.com\/ee\/#\/schema\/person\/image\/\",\"url\":\"https:\/\/secure.gravatar.com\/avatar\/0656b3224fe17b018f43b8a562625dd43d30827f027b2f62bc5a05711fec9a61?s=96&d=mm&r=g\",\"contentUrl\":\"https:\/\/secure.gravatar.com\/avatar\/0656b3224fe17b018f43b8a562625dd43d30827f027b2f62bc5a05711fec9a61?s=96&d=mm&r=g\",\"caption\":\"andre\"},\"url\":\"https:\/\/www.welovecycling.com\/ee\/author\/andre\/\"}]}<\/script>\n<!-- \/ Yoast SEO Premium plugin. -->","yoast_head_json":{"title":"\u0160koda MTB Kolmap\u00e4evakud 2025 - \u0160koda We Love Cycling - Estonia","description":"09.04.2025 kell 17.00 Randveres T\u00e4du terviseradade l\u00e4histel stardib sarja uus, 18. hooaeg.\u00a0 Sarja peatoetaja on SKO Motors - \u0160koda esindus Laagris, \u0160koda ja We Love Cycling. Etappe korraldavad - Porter Racing, J\u00f5el\u00e4htme Singel, Velo.Clubbers ja CC Rota Mobilis. Taaskord on meil tagataskus ka midagi, mis teeb kahe Kolmap\u00e4evakutest osav\u00f5tja suve veelgi \u00e4gedamaks!","robots":{"index":"index","follow":"follow","max-snippet":"max-snippet:-1","max-image-preview":"max-image-preview:large","max-video-preview":"max-video-preview:-1"},"canonical":"https:\/\/www.welovecycling.com\/ee\/2025\/03\/14\/skoda-mtb-kolmapaevakud-2025\/","og_locale":"et_EE","og_type":"article","og_title":"\u0160koda MTB Kolmap\u00e4evakud 2025","og_description":"09.04.2025 kell 17.00 Randveres T\u00e4du terviseradade l\u00e4histel stardib sarja uus, 18. hooaeg.\u00a0 Sarja peatoetaja on SKO Motors - \u0160koda esindus Laagris, \u0160koda ja We Love Cycling. Etappe korraldavad - Porter Racing, J\u00f5el\u00e4htme Singel, Velo.Clubbers ja CC Rota Mobilis. Taaskord on meil tagataskus ka midagi, mis teeb kahe Kolmap\u00e4evakutest osav\u00f5tja suve veelgi \u00e4gedamaks!","og_url":"https:\/\/www.welovecycling.com\/ee\/2025\/03\/14\/skoda-mtb-kolmapaevakud-2025\/","og_site_name":"\u0160koda We Love Cycling - Estonia","article_published_time":"2025-03-14T20:05:59+00:00","article_modified_time":"2025-04-10T15:29:23+00:00","og_image":[{"width":2560,"height":1644,"url":"https:\/\/d2p6e6u75xmxt8.cloudfront.net\/15\/2025\/03\/IMG_2955-1-scaled.webp","type":"image\/webp"}],"author":"andre","twitter_card":"summary_large_image","twitter_misc":{"Written by":"Andre Kull","Est. reading time":"3"},"schema":{"@context":"https:\/\/schema.org","@graph":[{"@type":"WebPage","@id":"https:\/\/www.welovecycling.com\/ee\/2025\/03\/14\/skoda-mtb-kolmapaevakud-2025\/","url":"https:\/\/www.welovecycling.com\/ee\/2025\/03\/14\/skoda-mtb-kolmapaevakud-2025\/","name":"\u0160koda MTB Kolmap\u00e4evakud 2025 - \u0160koda We Love Cycling - Estonia","isPartOf":{"@id":"https:\/\/www.welovecycling.com\/ee\/#website"},"primaryImageOfPage":{"@id":"https:\/\/www.welovecycling.com\/ee\/2025\/03\/14\/skoda-mtb-kolmapaevakud-2025\/#primaryimage"},"image":{"@id":"https:\/\/www.welovecycling.com\/ee\/2025\/03\/14\/skoda-mtb-kolmapaevakud-2025\/#primaryimage"},"thumbnailUrl":"https:\/\/d2p6e6u75xmxt8.cloudfront.net\/15\/2025\/03\/IMG_2955-1-scaled.webp","datePublished":"2025-03-14T20:05:59+00:00","dateModified":"2025-04-10T15:29:23+00:00","author":{"@id":"https:\/\/www.welovecycling.com\/ee\/#\/schema\/person\/8b7101c4bd1b1ae9d3732ebb1e6caf57"},"description":"09.04.2025 kell 17.00 Randveres T\u00e4du terviseradade l\u00e4histel stardib sarja uus, 18. hooaeg.\u00a0 Sarja peatoetaja on SKO Motors - \u0160koda esindus Laagris, \u0160koda ja We Love Cycling. Etappe korraldavad - Porter Racing, J\u00f5el\u00e4htme Singel, Velo.Clubbers ja CC Rota Mobilis. Taaskord on meil tagataskus ka midagi, mis teeb kahe Kolmap\u00e4evakutest osav\u00f5tja suve veelgi \u00e4gedamaks!","inLanguage":"et","potentialAction":[{"@type":"ReadAction","target":["https:\/\/www.welovecycling.com\/ee\/2025\/03\/14\/skoda-mtb-kolmapaevakud-2025\/"]}]},{"@type":"ImageObject","inLanguage":"et","@id":"https:\/\/www.welovecycling.com\/ee\/2025\/03\/14\/skoda-mtb-kolmapaevakud-2025\/#primaryimage","url":"https:\/\/d2p6e6u75xmxt8.cloudfront.net\/15\/2025\/03\/IMG_2955-1-scaled.webp","contentUrl":"https:\/\/d2p6e6u75xmxt8.cloudfront.net\/15\/2025\/03\/IMG_2955-1-scaled.webp","width":2560,"height":1644},{"@type":"WebSite","@id":"https:\/\/www.welovecycling.com\/ee\/#website","url":"https:\/\/www.welovecycling.com\/ee\/","name":"\u0160koda We Love Cycling - Estonia","description":"","potentialAction":[{"@type":"SearchAction","target":{"@type":"EntryPoint","urlTemplate":"https:\/\/www.welovecycling.com\/ee\/?s={search_term_string}"},"query-input":{"@type":"PropertyValueSpecification","valueRequired":true,"valueName":"search_term_string"}}],"inLanguage":"et"},{"@type":"Person","@id":"https:\/\/www.welovecycling.com\/ee\/#\/schema\/person\/8b7101c4bd1b1ae9d3732ebb1e6caf57","name":"andre","image":{"@type":"ImageObject","inLanguage":"et","@id":"https:\/\/www.welovecycling.com\/ee\/#\/schema\/person\/image\/","url":"https:\/\/secure.gravatar.com\/avatar\/0656b3224fe17b018f43b8a562625dd43d30827f027b2f62bc5a05711fec9a61?s=96&d=mm&r=g","contentUrl":"https:\/\/secure.gravatar.com\/avatar\/0656b3224fe17b018f43b8a562625dd43d30827f027b2f62bc5a05711fec9a61?s=96&d=mm&r=g","caption":"andre"},"url":"https:\/\/www.welovecycling.com\/ee\/author\/andre\/"}]}},"_links":{"self":[{"href":"https:\/\/www.welovecycling.com\/ee\/wp-json\/wp\/v2\/posts\/2424","targetHints":{"allow":["GET"]}}],"collection":[{"href":"https:\/\/www.welovecycling.com\/ee\/wp-json\/wp\/v2\/posts"}],"about":[{"href":"https:\/\/www.welovecycling.com\/ee\/wp-json\/wp\/v2\/types\/post"}],"author":[{"embeddable":true,"href":"https:\/\/www.welovecycling.com\/ee\/wp-json\/wp\/v2\/users\/174"}],"replies":[{"embeddable":true,"href":"https:\/\/www.welovecycling.com\/ee\/wp-json\/wp\/v2\/comments?post=2424"}],"version-history":[{"count":23,"href":"https:\/\/www.welovecycling.com\/ee\/wp-json\/wp\/v2\/posts\/2424\/revisions"}],"predecessor-version":[{"id":2523,"href":"https:\/\/www.welovecycling.com\/ee\/wp-json\/wp\/v2\/posts\/2424\/revisions\/2523"}],"wp:featuredmedia":[{"embeddable":true,"href":"https:\/\/www.welovecycling.com\/ee\/wp-json\/wp\/v2\/media\/2429"}],"wp:attachment":[{"href":"https:\/\/www.welovecycling.com\/ee\/wp-json\/wp\/v2\/media?parent=2424"}],"wp:term":[{"taxonomy":"category","embeddable":true,"href":"https:\/\/www.welovecycling.com\/ee\/wp-json\/wp\/v2\/categories?post=2424"},{"taxonomy":"post_tag","embeddable":true,"href":"https:\/\/www.welovecycling.com\/ee\/wp-json\/wp\/v2\/tags?post=2424"},{"taxonomy":"global-categories","embeddable":true,"href":"https:\/\/www.welovecycling.com\/ee\/wp-json\/wp\/v2\/global-categories?post=2424"}],"curies":[{"name":"wp","href":"https:\/\/api.w.org\/{rel}","templated":true}]}}