{"id":237,"date":"2019-08-30T12:42:28","date_gmt":"2019-08-30T12:42:28","guid":{"rendered":"https:\/\/www.welovecycling.com\/ee\/?p=237"},"modified":"2019-09-02T08:57:59","modified_gmt":"2019-09-02T08:57:59","slug":"tee-stravas-kunsti-nagu-kanadalane-stephen-lund","status":"publish","type":"post","link":"https:\/\/www.welovecycling.com\/ee\/2019\/08\/30\/tee-stravas-kunsti-nagu-kanadalane-stephen-lund\/","title":{"rendered":"Tee Stravas kunsti nagu kanadalane Stephen Lund"},"content":{"rendered":"<p><strong>M\u00f5ned veavad kaardil n\u00e4puga j\u00e4rge, m\u00f5ni aga h\u00fcppab rattasadulasse ja loob reaalses maailmas ringi s\u00f5ites kunstiteoseid.<\/strong><!--more--><\/p>\n<p>Briti Columbia pealinnas Victorias elav Stephen Lund on GPS-kunstnik, kelle \u0161ed\u00f6\u00f6vrid s\u00fcnnivad sissel\u00fclitatud GPSiga m\u00f6\u00f6da maapiirkondi ringi s\u00f5ites, et salvestada jaburaid hiigelkujutisi.<\/p>\n<p><a class=\"colorbox-initialized cboxElement\" href=\"https:\/\/d2p6e6u75xmxt8.cloudfront.net\/2\/2017\/12\/strava_art3.jpg\"><img loading=\"lazy\" decoding=\"async\" class=\"alignnone size-full wp-image-162705 initial loading\" src=\"https:\/\/d2p6e6u75xmxt8.cloudfront.net\/2\/2017\/12\/strava_art3.jpg\" sizes=\"auto, (max-width: 700px) 100vw, 700px\" srcset=\"https:\/\/d2p6e6u75xmxt8.cloudfront.net\/2\/2017\/12\/strava_art3.jpg 700w, https:\/\/d2p6e6u75xmxt8.cloudfront.net\/2\/2017\/12\/strava_art3-300x231.jpg 300w\" alt=\"\" width=\"700\" height=\"538\" data-was-processed=\"true\" \/><\/a><\/p>\n<p>Mehe loomingut saab vaadata tema isiklikul Strava kontol, kust on ka n\u00e4ha, et t\u00e4navu on Stephen rattaga l\u00e4binud juba ligi 11\u00a0000\u00a0km ning veetnud sadulas \u00fcle 340\u00a0tunni. Tema seni suurimaks t\u00f6\u00f6ks on hiiglaslik merineitsi, mille \u201ejoonistamiseks\u201c tuli l\u00e4bi v\u00e4ndata \u00fcle 220\u00a0kilomeetri.<\/p>\n<div id=\"gallery-4\" class=\"gallery galleryid-162689 gallery-columns-2 gallery-size-large\">\n<figure class=\"gallery-item\">\n<div class=\"gallery-icon landscape\"><a class=\"colorbox-initialized cboxElement\" href=\"https:\/\/d2p6e6u75xmxt8.cloudfront.net\/2\/2017\/12\/strava_art10.jpg\"><img loading=\"lazy\" decoding=\"async\" class=\"attachment-large size-large loading\" src=\"https:\/\/d2p6e6u75xmxt8.cloudfront.net\/2\/2017\/12\/strava_art10.jpg\" sizes=\"auto, (max-width: 700px) 100vw, 700px\" srcset=\"https:\/\/d2p6e6u75xmxt8.cloudfront.net\/2\/2017\/12\/strava_art10.jpg 700w, https:\/\/d2p6e6u75xmxt8.cloudfront.net\/2\/2017\/12\/strava_art10-300x234.jpg 300w\" alt=\"\" width=\"700\" height=\"546\" data-was-processed=\"true\" \/><\/a><\/div>\n<\/figure>\n<figure class=\"gallery-item\">\n<div class=\"gallery-icon landscape\"><a class=\"colorbox-initialized cboxElement\" href=\"https:\/\/d2p6e6u75xmxt8.cloudfront.net\/2\/2017\/12\/strava_art4.jpg\"><img loading=\"lazy\" decoding=\"async\" class=\"attachment-large size-large loading\" src=\"https:\/\/d2p6e6u75xmxt8.cloudfront.net\/2\/2017\/12\/strava_art4.jpg\" sizes=\"auto, (max-width: 700px) 100vw, 700px\" srcset=\"https:\/\/d2p6e6u75xmxt8.cloudfront.net\/2\/2017\/12\/strava_art4.jpg 700w, https:\/\/d2p6e6u75xmxt8.cloudfront.net\/2\/2017\/12\/strava_art4-300x242.jpg 300w\" alt=\"\" width=\"700\" height=\"564\" data-was-processed=\"true\" \/><\/a><\/div>\n<\/figure>\n<\/div>\n<p>Ka tema tuntuimad teosed nagu hiigelkaelkirjak, T-Rex, Darth Vader, stegosaurus, pesukaru ja tohutu tapjavaal t\u00e4hendasid p\u00e4riselus sadu kilomeetreid s\u00f5itu.<\/p>\n<p>Kahe aasta jooksul on rattakunstnik oma kire rahuldamiseks l\u00e4bi s\u00f5itnud \u00fcle 23\u00a0000\u00a0kilomeetri, mis oleks tugev sportlik saavutus ka igale tublile kunstitaotluseta ratturile.<\/p>\n<div id=\"gallery-5\" class=\"gallery galleryid-162689 gallery-columns-2 gallery-size-large\">\n<figure class=\"gallery-item\">\n<div class=\"gallery-icon portrait\"><a class=\"colorbox-initialized cboxElement\" href=\"https:\/\/d2p6e6u75xmxt8.cloudfront.net\/2\/2017\/12\/strava_art16.png\"><img loading=\"lazy\" decoding=\"async\" class=\"attachment-large size-large loading\" src=\"https:\/\/d2p6e6u75xmxt8.cloudfront.net\/2\/2017\/12\/strava_art16-861x1024.png\" sizes=\"auto, (max-width: 861px) 100vw, 861px\" srcset=\"https:\/\/d2p6e6u75xmxt8.cloudfront.net\/2\/2017\/12\/strava_art16-861x1024.png 861w, https:\/\/d2p6e6u75xmxt8.cloudfront.net\/2\/2017\/12\/strava_art16-252x300.png 252w, https:\/\/d2p6e6u75xmxt8.cloudfront.net\/2\/2017\/12\/strava_art16-768x914.png 768w, https:\/\/d2p6e6u75xmxt8.cloudfront.net\/2\/2017\/12\/strava_art16.png 1280w\" alt=\"\" width=\"861\" height=\"1024\" data-was-processed=\"true\" \/><\/a><\/div>\n<\/figure>\n<figure class=\"gallery-item\">\n<div class=\"gallery-icon landscape\"><a class=\"colorbox-initialized cboxElement\" href=\"https:\/\/d2p6e6u75xmxt8.cloudfront.net\/2\/2017\/12\/strava_art14.jpg\"><img loading=\"lazy\" decoding=\"async\" class=\"attachment-large size-large loading\" src=\"https:\/\/d2p6e6u75xmxt8.cloudfront.net\/2\/2017\/12\/strava_art14-1024x1024.jpg\" sizes=\"auto, (max-width: 1024px) 100vw, 1024px\" srcset=\"https:\/\/d2p6e6u75xmxt8.cloudfront.net\/2\/2017\/12\/strava_art14-1024x1024.jpg 1024w, https:\/\/d2p6e6u75xmxt8.cloudfront.net\/2\/2017\/12\/strava_art14-150x150.jpg 150w, https:\/\/d2p6e6u75xmxt8.cloudfront.net\/2\/2017\/12\/strava_art14-300x300.jpg 300w, https:\/\/d2p6e6u75xmxt8.cloudfront.net\/2\/2017\/12\/strava_art14-768x768.jpg 768w, https:\/\/d2p6e6u75xmxt8.cloudfront.net\/2\/2017\/12\/strava_art14.jpg 1280w\" alt=\"\" width=\"1024\" height=\"1024\" data-was-processed=\"true\" \/><\/a><\/div>\n<\/figure>\n<\/div>\n<p>V\u00e4rskeim teos on ninjakilpkonna portree pealkirjaga \u201eCycleangelo Michelangelo\u201c, mille loomiseks kulus 107\u00a0km s\u00f5itu keskmise kiirusega 26\u00a0km\/h! Uusi pilte lisandub pidevalt, kuna Stephen s\u00f5idab iga p\u00e4ev umbes 70\u00a0km.<\/p>\n<p>Kust saab ta inspiratsiooni? Kanada kuulsaim rattaga joonistaja r\u00e4\u00e4gib, et parimad kujutised h\u00fcppavad talle kaardil iseenesest ette. Lapsena armastas Stephen tundide kaupa taevasse vahtida ja fantaseerida, mida k\u00f5ike pilved endast kujutavad. T\u00e4na kasutab ta umbes sama meetodit, kui suure maakaardi lauale v\u00f5i p\u00f5randale lahti rullib. Kunstilist marsruuti planeerides tuleb tal esiteks kontrollida, et kavandatava teose jooned oleksid enam-v\u00e4hem katkematud. Ehkki \u00fche nipina saaks GPS-seadet vahepeal sisse-v\u00e4lja l\u00fclitada, eelistab Stephen joonistada \u201e\u00fche rattat\u00f5mbega\u201c.<\/p>\n<div id=\"gallery-6\" class=\"gallery galleryid-162689 gallery-columns-2 gallery-size-large\">\n<figure class=\"gallery-item\">\n<div class=\"gallery-icon landscape\"><a class=\"colorbox-initialized cboxElement\" href=\"https:\/\/d2p6e6u75xmxt8.cloudfront.net\/2\/2017\/12\/strava_art7.jpg\"><img loading=\"lazy\" decoding=\"async\" class=\"attachment-large size-large loading\" src=\"https:\/\/d2p6e6u75xmxt8.cloudfront.net\/2\/2017\/12\/strava_art7.jpg\" sizes=\"auto, (max-width: 700px) 100vw, 700px\" srcset=\"https:\/\/d2p6e6u75xmxt8.cloudfront.net\/2\/2017\/12\/strava_art7.jpg 700w, https:\/\/d2p6e6u75xmxt8.cloudfront.net\/2\/2017\/12\/strava_art7-300x186.jpg 300w\" alt=\"\" width=\"700\" height=\"433\" data-was-processed=\"true\" \/><\/a><\/div>\n<\/figure>\n<figure class=\"gallery-item\">\n<div class=\"gallery-icon portrait\"><a class=\"colorbox-initialized cboxElement\" href=\"https:\/\/d2p6e6u75xmxt8.cloudfront.net\/2\/2017\/12\/strava_art11.jpg\"><img loading=\"lazy\" decoding=\"async\" class=\"attachment-large size-large loading\" src=\"https:\/\/d2p6e6u75xmxt8.cloudfront.net\/2\/2017\/12\/strava_art11.jpg\" sizes=\"auto, (max-width: 700px) 100vw, 700px\" srcset=\"https:\/\/d2p6e6u75xmxt8.cloudfront.net\/2\/2017\/12\/strava_art11.jpg 700w, https:\/\/d2p6e6u75xmxt8.cloudfront.net\/2\/2017\/12\/strava_art11-283x300.jpg 283w\" alt=\"\" width=\"700\" height=\"742\" data-was-processed=\"true\" \/><\/a><\/div>\n<\/figure>\n<\/div>\n<p><a class=\"colorbox-initialized cboxElement\" href=\"https:\/\/d2p6e6u75xmxt8.cloudfront.net\/2\/2017\/12\/marry_me.jpg\"><img loading=\"lazy\" decoding=\"async\" class=\"alignnone size-full wp-image-162707 loading\" src=\"https:\/\/d2p6e6u75xmxt8.cloudfront.net\/2\/2017\/12\/marry_me.jpg\" sizes=\"auto, (max-width: 578px) 100vw, 578px\" srcset=\"https:\/\/d2p6e6u75xmxt8.cloudfront.net\/2\/2017\/12\/marry_me.jpg 578w, https:\/\/d2p6e6u75xmxt8.cloudfront.net\/2\/2017\/12\/marry_me-300x183.jpg 300w\" alt=\"\" width=\"578\" height=\"353\" data-was-processed=\"true\" \/><\/a><\/p>\n<p>Stephen pole tegelikult ainus jalgrattur, kelle hobiks on GPSiga joonistamine. Maailma suurim selletaoline teos on jaapanlase Yasushi Takahashi GPS-kirjutis. Seitse aastat tagasi l\u00e4bis pseudon\u00fc\u00fcmi Yassan kasutav Jaapani GPS-harrastaja 7163,7\u00a0kilomeetrit pika teekonna, et avaldada oma t\u00fcdruks\u00f5brale muljet Jaapani kaardile j\u00e4\u00e4dvustatud hiiglasliku abieluettepanekuga. Erinevalt Stephenist ei kasutanud ta selleks vaid ratast, vaid liikus ka jalgsi, autoga ja laevaga.<\/p>\n<p>Niisiis, kunst ei tunne piire. Sooviksid n\u00e4dalavahetuse s\u00f5idule pisut v\u00fcrtsi lisada? V\u00f5ib-olla \u00fcks v\u00e4ike Angelina Jolie portree?<\/p>\n<p>Rohkem Stepheni joonistusi saad n\u00e4ha <a href=\"https:\/\/gpsdoodles.com\/\">SIIN<\/a>.<\/p>\n","protected":false},"excerpt":{"rendered":"<p>M\u00f5ned veavad kaardil n\u00e4puga j\u00e4rge, m\u00f5ni aga h\u00fcppab rattasadulasse ja loob reaalses maailmas ringi s\u00f5ites kunstiteoseid.<\/p>\n","protected":false},"author":103,"featured_media":238,"comment_status":"open","ping_status":"open","sticky":false,"template":"","format":"standard","meta":{"footnotes":""},"categories":[7],"tags":[40,42,41],"global-categories":[22],"class_list":["post-237","post","type-post","status-publish","format-standard","has-post-thumbnail","hentry","category-maanteeratas","tag-strava","tag-strava-art","tag-strava-kunst","global-categories-cycling"],"yoast_head":"<!-- This site is optimized with the Yoast SEO Premium plugin v25.3 (Yoast SEO v25.9) - https:\/\/yoast.com\/wordpress\/plugins\/seo\/ -->\n<title>Tee Stravas kunsti nagu kanadalane Stephen Lund - \u0160koda We Love Cycling - Estonia<\/title>\n<meta name=\"robots\" content=\"index, follow, max-snippet:-1, max-image-preview:large, max-video-preview:-1\" \/>\n<link rel=\"canonical\" href=\"https:\/\/www.welovecycling.com\/ee\/2019\/08\/30\/tee-stravas-kunsti-nagu-kanadalane-stephen-lund\/\" \/>\n<meta property=\"og:locale\" content=\"et_EE\" \/>\n<meta property=\"og:type\" content=\"article\" \/>\n<meta property=\"og:title\" content=\"Tee Stravas kunsti nagu kanadalane Stephen Lund\" \/>\n<meta property=\"og:description\" content=\"M\u00f5ned veavad kaardil n\u00e4puga j\u00e4rge, m\u00f5ni aga h\u00fcppab rattasadulasse ja loob reaalses maailmas ringi s\u00f5ites kunstiteoseid.\" \/>\n<meta property=\"og:url\" content=\"https:\/\/www.welovecycling.com\/ee\/2019\/08\/30\/tee-stravas-kunsti-nagu-kanadalane-stephen-lund\/\" \/>\n<meta property=\"og:site_name\" content=\"\u0160koda We Love Cycling - Estonia\" \/>\n<meta property=\"article:published_time\" content=\"2019-08-30T12:42:28+00:00\" \/>\n<meta property=\"article:modified_time\" content=\"2019-09-02T08:57:59+00:00\" \/>\n<meta property=\"og:image\" content=\"https:\/\/d2p6e6u75xmxt8.cloudfront.net\/15\/2019\/08\/covermap-stravaartist.jpg\" \/>\n\t<meta property=\"og:image:width\" content=\"1366\" \/>\n\t<meta property=\"og:image:height\" content=\"600\" \/>\n\t<meta property=\"og:image:type\" content=\"image\/jpeg\" \/>\n<meta name=\"author\" content=\"jaanika\" \/>\n<meta name=\"twitter:card\" content=\"summary_large_image\" \/>\n<meta name=\"twitter:label1\" content=\"Written by\" \/>\n\t<meta name=\"twitter:data1\" content=\"Adam Marsal\" \/>\n\t<meta name=\"twitter:label2\" content=\"Est. reading time\" \/>\n\t<meta name=\"twitter:data2\" content=\"2 minutes\" \/>\n<script type=\"application\/ld+json\" class=\"yoast-schema-graph\">{\"@context\":\"https:\/\/schema.org\",\"@graph\":[{\"@type\":\"WebPage\",\"@id\":\"https:\/\/www.welovecycling.com\/ee\/2019\/08\/30\/tee-stravas-kunsti-nagu-kanadalane-stephen-lund\/\",\"url\":\"https:\/\/www.welovecycling.com\/ee\/2019\/08\/30\/tee-stravas-kunsti-nagu-kanadalane-stephen-lund\/\",\"name\":\"Tee Stravas kunsti nagu kanadalane Stephen Lund - \u0160koda We Love Cycling - Estonia\",\"isPartOf\":{\"@id\":\"https:\/\/www.welovecycling.com\/ee\/#website\"},\"primaryImageOfPage\":{\"@id\":\"https:\/\/www.welovecycling.com\/ee\/2019\/08\/30\/tee-stravas-kunsti-nagu-kanadalane-stephen-lund\/#primaryimage\"},\"image\":{\"@id\":\"https:\/\/www.welovecycling.com\/ee\/2019\/08\/30\/tee-stravas-kunsti-nagu-kanadalane-stephen-lund\/#primaryimage\"},\"thumbnailUrl\":\"https:\/\/d2p6e6u75xmxt8.cloudfront.net\/15\/2019\/08\/covermap-stravaartist.jpg\",\"datePublished\":\"2019-08-30T12:42:28+00:00\",\"dateModified\":\"2019-09-02T08:57:59+00:00\",\"author\":{\"@id\":\"https:\/\/www.welovecycling.com\/ee\/#\/schema\/person\/5a221fc116f29317cd8fc6e8ebbb4bac\"},\"inLanguage\":\"et\",\"potentialAction\":[{\"@type\":\"ReadAction\",\"target\":[\"https:\/\/www.welovecycling.com\/ee\/2019\/08\/30\/tee-stravas-kunsti-nagu-kanadalane-stephen-lund\/\"]}]},{\"@type\":\"ImageObject\",\"inLanguage\":\"et\",\"@id\":\"https:\/\/www.welovecycling.com\/ee\/2019\/08\/30\/tee-stravas-kunsti-nagu-kanadalane-stephen-lund\/#primaryimage\",\"url\":\"https:\/\/d2p6e6u75xmxt8.cloudfront.net\/15\/2019\/08\/covermap-stravaartist.jpg\",\"contentUrl\":\"https:\/\/d2p6e6u75xmxt8.cloudfront.net\/15\/2019\/08\/covermap-stravaartist.jpg\",\"width\":1366,\"height\":600},{\"@type\":\"WebSite\",\"@id\":\"https:\/\/www.welovecycling.com\/ee\/#website\",\"url\":\"https:\/\/www.welovecycling.com\/ee\/\",\"name\":\"\u0160koda We Love Cycling - Estonia\",\"description\":\"\",\"potentialAction\":[{\"@type\":\"SearchAction\",\"target\":{\"@type\":\"EntryPoint\",\"urlTemplate\":\"https:\/\/www.welovecycling.com\/ee\/?s={search_term_string}\"},\"query-input\":{\"@type\":\"PropertyValueSpecification\",\"valueRequired\":true,\"valueName\":\"search_term_string\"}}],\"inLanguage\":\"et\"},{\"@type\":\"Person\",\"@id\":\"https:\/\/www.welovecycling.com\/ee\/#\/schema\/person\/5a221fc116f29317cd8fc6e8ebbb4bac\",\"name\":\"jaanika\",\"image\":{\"@type\":\"ImageObject\",\"inLanguage\":\"et\",\"@id\":\"https:\/\/www.welovecycling.com\/ee\/#\/schema\/person\/image\/\",\"url\":\"https:\/\/secure.gravatar.com\/avatar\/423f124d44d6d14dae1b4c509d90d1a324e3ee2f230a72b31ae57302ab921ac7?s=96&d=mm&r=g\",\"contentUrl\":\"https:\/\/secure.gravatar.com\/avatar\/423f124d44d6d14dae1b4c509d90d1a324e3ee2f230a72b31ae57302ab921ac7?s=96&d=mm&r=g\",\"caption\":\"jaanika\"},\"url\":\"https:\/\/www.welovecycling.com\/ee\/author\/jaanika\/\"}]}<\/script>\n<!-- \/ Yoast SEO Premium plugin. -->","yoast_head_json":{"title":"Tee Stravas kunsti nagu kanadalane Stephen Lund - \u0160koda We Love Cycling - Estonia","robots":{"index":"index","follow":"follow","max-snippet":"max-snippet:-1","max-image-preview":"max-image-preview:large","max-video-preview":"max-video-preview:-1"},"canonical":"https:\/\/www.welovecycling.com\/ee\/2019\/08\/30\/tee-stravas-kunsti-nagu-kanadalane-stephen-lund\/","og_locale":"et_EE","og_type":"article","og_title":"Tee Stravas kunsti nagu kanadalane Stephen Lund","og_description":"M\u00f5ned veavad kaardil n\u00e4puga j\u00e4rge, m\u00f5ni aga h\u00fcppab rattasadulasse ja loob reaalses maailmas ringi s\u00f5ites kunstiteoseid.","og_url":"https:\/\/www.welovecycling.com\/ee\/2019\/08\/30\/tee-stravas-kunsti-nagu-kanadalane-stephen-lund\/","og_site_name":"\u0160koda We Love Cycling - Estonia","article_published_time":"2019-08-30T12:42:28+00:00","article_modified_time":"2019-09-02T08:57:59+00:00","og_image":[{"width":1366,"height":600,"url":"https:\/\/d2p6e6u75xmxt8.cloudfront.net\/15\/2019\/08\/covermap-stravaartist.jpg","type":"image\/jpeg"}],"author":"jaanika","twitter_card":"summary_large_image","twitter_misc":{"Written by":"Adam Marsal","Est. reading time":"2 minutes"},"schema":{"@context":"https:\/\/schema.org","@graph":[{"@type":"WebPage","@id":"https:\/\/www.welovecycling.com\/ee\/2019\/08\/30\/tee-stravas-kunsti-nagu-kanadalane-stephen-lund\/","url":"https:\/\/www.welovecycling.com\/ee\/2019\/08\/30\/tee-stravas-kunsti-nagu-kanadalane-stephen-lund\/","name":"Tee Stravas kunsti nagu kanadalane Stephen Lund - \u0160koda We Love Cycling - Estonia","isPartOf":{"@id":"https:\/\/www.welovecycling.com\/ee\/#website"},"primaryImageOfPage":{"@id":"https:\/\/www.welovecycling.com\/ee\/2019\/08\/30\/tee-stravas-kunsti-nagu-kanadalane-stephen-lund\/#primaryimage"},"image":{"@id":"https:\/\/www.welovecycling.com\/ee\/2019\/08\/30\/tee-stravas-kunsti-nagu-kanadalane-stephen-lund\/#primaryimage"},"thumbnailUrl":"https:\/\/d2p6e6u75xmxt8.cloudfront.net\/15\/2019\/08\/covermap-stravaartist.jpg","datePublished":"2019-08-30T12:42:28+00:00","dateModified":"2019-09-02T08:57:59+00:00","author":{"@id":"https:\/\/www.welovecycling.com\/ee\/#\/schema\/person\/5a221fc116f29317cd8fc6e8ebbb4bac"},"inLanguage":"et","potentialAction":[{"@type":"ReadAction","target":["https:\/\/www.welovecycling.com\/ee\/2019\/08\/30\/tee-stravas-kunsti-nagu-kanadalane-stephen-lund\/"]}]},{"@type":"ImageObject","inLanguage":"et","@id":"https:\/\/www.welovecycling.com\/ee\/2019\/08\/30\/tee-stravas-kunsti-nagu-kanadalane-stephen-lund\/#primaryimage","url":"https:\/\/d2p6e6u75xmxt8.cloudfront.net\/15\/2019\/08\/covermap-stravaartist.jpg","contentUrl":"https:\/\/d2p6e6u75xmxt8.cloudfront.net\/15\/2019\/08\/covermap-stravaartist.jpg","width":1366,"height":600},{"@type":"WebSite","@id":"https:\/\/www.welovecycling.com\/ee\/#website","url":"https:\/\/www.welovecycling.com\/ee\/","name":"\u0160koda We Love Cycling - Estonia","description":"","potentialAction":[{"@type":"SearchAction","target":{"@type":"EntryPoint","urlTemplate":"https:\/\/www.welovecycling.com\/ee\/?s={search_term_string}"},"query-input":{"@type":"PropertyValueSpecification","valueRequired":true,"valueName":"search_term_string"}}],"inLanguage":"et"},{"@type":"Person","@id":"https:\/\/www.welovecycling.com\/ee\/#\/schema\/person\/5a221fc116f29317cd8fc6e8ebbb4bac","name":"jaanika","image":{"@type":"ImageObject","inLanguage":"et","@id":"https:\/\/www.welovecycling.com\/ee\/#\/schema\/person\/image\/","url":"https:\/\/secure.gravatar.com\/avatar\/423f124d44d6d14dae1b4c509d90d1a324e3ee2f230a72b31ae57302ab921ac7?s=96&d=mm&r=g","contentUrl":"https:\/\/secure.gravatar.com\/avatar\/423f124d44d6d14dae1b4c509d90d1a324e3ee2f230a72b31ae57302ab921ac7?s=96&d=mm&r=g","caption":"jaanika"},"url":"https:\/\/www.welovecycling.com\/ee\/author\/jaanika\/"}]}},"_links":{"self":[{"href":"https:\/\/www.welovecycling.com\/ee\/wp-json\/wp\/v2\/posts\/237","targetHints":{"allow":["GET"]}}],"collection":[{"href":"https:\/\/www.welovecycling.com\/ee\/wp-json\/wp\/v2\/posts"}],"about":[{"href":"https:\/\/www.welovecycling.com\/ee\/wp-json\/wp\/v2\/types\/post"}],"author":[{"embeddable":true,"href":"https:\/\/www.welovecycling.com\/ee\/wp-json\/wp\/v2\/users\/103"}],"replies":[{"embeddable":true,"href":"https:\/\/www.welovecycling.com\/ee\/wp-json\/wp\/v2\/comments?post=237"}],"version-history":[{"count":1,"href":"https:\/\/www.welovecycling.com\/ee\/wp-json\/wp\/v2\/posts\/237\/revisions"}],"predecessor-version":[{"id":239,"href":"https:\/\/www.welovecycling.com\/ee\/wp-json\/wp\/v2\/posts\/237\/revisions\/239"}],"wp:featuredmedia":[{"embeddable":true,"href":"https:\/\/www.welovecycling.com\/ee\/wp-json\/wp\/v2\/media\/238"}],"wp:attachment":[{"href":"https:\/\/www.welovecycling.com\/ee\/wp-json\/wp\/v2\/media?parent=237"}],"wp:term":[{"taxonomy":"category","embeddable":true,"href":"https:\/\/www.welovecycling.com\/ee\/wp-json\/wp\/v2\/categories?post=237"},{"taxonomy":"post_tag","embeddable":true,"href":"https:\/\/www.welovecycling.com\/ee\/wp-json\/wp\/v2\/tags?post=237"},{"taxonomy":"global-categories","embeddable":true,"href":"https:\/\/www.welovecycling.com\/ee\/wp-json\/wp\/v2\/global-categories?post=237"}],"curies":[{"name":"wp","href":"https:\/\/api.w.org\/{rel}","templated":true}]}}