{"id":2326,"date":"2025-01-14T13:41:58","date_gmt":"2025-01-14T10:41:58","guid":{"rendered":"https:\/\/www.welovecycling.com\/ee\/?p=2326"},"modified":"2025-01-14T13:46:28","modified_gmt":"2025-01-14T10:46:28","slug":"decathlon-ag2r-la-mondiale-uus-sponsor-uus-ratas-uus-edu","status":"publish","type":"post","link":"https:\/\/www.welovecycling.com\/ee\/2025\/01\/14\/decathlon-ag2r-la-mondiale-uus-sponsor-uus-ratas-uus-edu\/","title":{"rendered":"Decathlon AG2R La Mondiale: uus sponsor, uus ratas, uus edu"},"content":{"rendered":"<h4>Decathlon AG2R La Mondiale vahetas m\u00f6\u00f6dunud aastal nimesid ja jalgrattaid, kui Prantsuse spordipoodide kett sai peasponsoriks, ning saavutas ka kohe edu. Meeskond kogus 2024. aastal 30 v\u00f5itu mulluse \u00fcheksa vastu, mil tiimi nimeks oli AG2R Citro\u00ebn ja see kasutas BMC rattaid. T\u00e4navune v\u00f5itude arv oli tiimile ka suurim p\u00e4rast aastat 1998, toona oli meeskonna nimi Casino-AG2R ning selle v\u00e4rvides esinesid niisugused suurused nagu Jaan Kirsipuu, Jacky Durant ja Aleksandr Vinokurov.<\/h4>\n<p><!--more--><\/p>\n<p>Raske \u00f6elda, kas edu p\u00f5hjus oli \u00fcleminek <a href=\"https:\/\/www.cyclingweekly.com\/reviews\/road-bikes\/van-rysel-rcr-pro-review-is-it-a-superbike-killer\">Decathloni Van Rysel RCR Pro<\/a> ratastele v\u00f5i fakt, et m\u00f5nel s\u00f5itjal kujunes hooaeg v\u00e4ga heaks. N\u00e4iteks 29-aastane Beno\u00eet Cosnefroy teenis seitse v\u00f5itu, sealhulgas Tour des Alpes-Maritime\u2019i etapiv\u00f5it ja kollane s\u00e4rk.<\/p>\n<p>Veteransprinter Sam Bennett lisas esimesel aastal tiimi ridades v\u00f5isteldes viis v\u00f5itu, olles segadusseajava nimega kuuep\u00e4evas\u00f5idul 4 Jours de Dunkerque (ehk Dunkerque\u2019i 4 p\u00e4eva) parim neljal etapil ja ka \u00fcldarvestuses. Noor 2024. aasta Prantsusmaa meister Paul Lapeira kogus samuti viis v\u00f5itu, sealhulgas \u00fche Baskimaa velotuuri etapilt.<\/p>\n<p>Enamik tiimi v\u00f5ite saavutati madalama taseme v\u00f5istlustel, aga mitte k\u00f5ik. N\u00e4iteks Valentin Paret-Peintre v\u00f5itis Giro d\u2019Italia etapi ning meeskonna staar Ben O\u2019Connor oli parim Vuelta kuulsal kuuendal etapil ja l\u00f5petas \u00fcldarvestuses teisena <a href=\"https:\/\/www.welovecycling.com\/wide\/2024\/09\/09\/calmly-craftily-inevitably-roglic-wins-record-tying-fourth-vuelta\/\">Primo\u017e Rogli\u010di<\/a> j\u00e4rel. Teine oli ta ka MM-v\u00f5istluste grupis\u00f5idus ning neljas Giro d\u2019Italial. Ning lisaks Lapeira grupis\u00f5idutiitlile Prantsusmaal tuli Bruno Armirail Prantsusmaa meistriks tempos\u00f5idus ja Jaakko H\u00e4nninen Soome meistriks grupis\u00f5idus.<\/p>\n<figure id=\"attachment_2328\" aria-describedby=\"caption-attachment-2328\" style=\"width: 713px\" class=\"wp-caption aligncenter\"><a href=\"https:\/\/d2p6e6u75xmxt8.cloudfront.net\/15\/2025\/01\/ag2.webp\"><img loading=\"lazy\" decoding=\"async\" class=\"wp-image-2328 size-full\" src=\"https:\/\/d2p6e6u75xmxt8.cloudfront.net\/15\/2025\/01\/ag2.webp\" alt=\"\" width=\"713\" height=\"474\" srcset=\"https:\/\/d2p6e6u75xmxt8.cloudfront.net\/15\/2025\/01\/ag2.webp 713w, https:\/\/d2p6e6u75xmxt8.cloudfront.net\/15\/2025\/01\/ag2-300x199.webp 300w, https:\/\/d2p6e6u75xmxt8.cloudfront.net\/15\/2025\/01\/ag2-400x266.webp 400w, https:\/\/d2p6e6u75xmxt8.cloudfront.net\/15\/2025\/01\/ag2-272x182.webp 272w\" sizes=\"auto, (max-width: 713px) 100vw, 713px\" \/><\/a><figcaption id=\"caption-attachment-2328\" class=\"wp-caption-text\">Ben O\u2019Connor v\u00f5itis Vuelta kuulsa kuuenda etapi ja l\u00f5petas \u00fcldarvestuses teisena. \u00a9 Profimedia<\/figcaption><\/figure>\n<p>&nbsp;<\/p>\n<p>Tiimile, kes pole aastaid v\u00f5idu\u0161ampanjat eriti maitsta saanud, oli see suur edu. Decathlon h\u00f5ivab praegu UCI tiimide edetabelis muljetavaldava kuuenda koha ligi 16 000 punktiga, eespool sellistest tunnustatud meeskondadest nagu INEOS Grenadiers ja Alpecin-Deceuninck ning vaid m\u00f5ned punktid maas Red Bull-BORA-hansgrohest.<\/p>\n<p>K\u00fcsimus on, kas tiim suudab ka edaspidi seda hoogu hoida v\u00f5i isegi paremaks saada. Selleks tuleb leida asendus O\u2019Connorile, kes liikus edasi Jayco AlUla ridadesse. Paret-Peintre, kes m\u00e4gedes oli suurep\u00e4rane \u201ekoduabiline\u201c, lahkus samuti. Tema uueks meeskonnaks sai Soudal-Quick Step, kes tugevdab oma m\u00e4gironijate meeskonda Remco Evenepoeli toetamiseks j\u00e4rgmisel Tour de France\u2019il.<\/p>\n<p>28-aastane Callum Scotson, kes liikus O\u2019Connoriga vastupidises suunas, Jayco AlUlast Decathloni, ei ole kindlasti asendus, vaid lihtsalt korralik t\u00e4iendus. Kuid teine uustulnuk, tempos\u00f5iduspetsialist Stefan Bissegger v\u00f5ib tagasi v\u00f5ita O\u2019Connori lahkumisega kaotsi l\u00e4inud punktid, kui suudab uuesti vormi t\u00f5usta. 26-aastase \u0161veitslase hooaeg 2024 oli kohutav \u2013 v\u00f5ite ei tulnud ainsatki ning tempos\u00f5idu MM p\u00e4\u00e4dis ebatavaliselt tagasihoidliku 29. kohaga. Decathlon panustab selgelt tema suhtelisele noorusele ja mineviku saavutustele, n\u00e4iteks teisel kohale 2019. aasta grupis\u00f5idu MM-il. Kuid \u00fcleminekute hooaeg kestab veel k\u00fcmme n\u00e4dalat ning meeskond otsib kindlasti j\u00f5udu juurde, et t\u00f5usta k\u00f5rgemale tasemele.<\/p>\n<p>Kuid me ikkagi ei tea, millist m\u00f5ju avaldas uus ratas tiimi edule, v\u00f5i kas \u00fcldse avaldas. \u00d5nneks v\u00f5ttis GCN Tech Show meie eest selle teema arutusele ja j\u00f5udis j\u00e4reldusele, et ehkki Van Rysel v\u00f5ib olla eelmisest rattast pisut parem, ei piisanud sellest tohutuks h\u00fcppeks \u00fcheksalt v\u00f5idult kolmek\u00fcmnele.<\/p>\n<p>Nende h\u00fcpotees (\u00f5ieti \u00fcks mitmest) k\u00f5las, et p\u00f5hjus v\u00f5ib olla h\u00e4stivarustatud vastse sponsori tehtud rahas\u00fcst ning k\u00f5ik h\u00fcved, mida selle raha eest saada v\u00f5ib, n\u00e4iteks tipptasemel konsultandid. Ent v\u00f5istluste v\u00f5itmiseks on siiski tarvis tugevaid rattureid ja O\u2019Connorit on keeruline asendada.<\/p>\n<p>Kui aga arvestada Tom Pidcocki j\u00e4tkuvat konflikti oma INEOS Grenadiersi meeskonnaga ning kuuldusi, et kahekordse m\u00e4girattas\u00f5idu ol\u00fcmpiav\u00f5itja \u00fcleminek Q36.5 meeskonda ei saanud teoks (mis sai siis teadup\u00e4rast ka reaalsuseks), siis ehk on Decathlon valmis panema v\u00e4lja v\u00e4idetavalt 12 miljonit eurot tema praeguse lepingu \u00fclesostmiseks? J\u00e4lgige m\u00e4ngu.<\/p>\n","protected":false},"excerpt":{"rendered":"<p>Decathlon AG2R La Mondiale vahetas m\u00f6\u00f6dunud aastal nimesid ja jalgrattaid, kui Prantsuse spordipoodide kett sai peasponsoriks, ning saavutas ka kohe [&hellip;]<\/p>\n","protected":false},"author":174,"featured_media":2327,"comment_status":"open","ping_status":"open","sticky":false,"template":"","format":"standard","meta":{"footnotes":""},"categories":[39,1],"tags":[339,340,341,342,343],"global-categories":[22],"class_list":["post-2326","post","type-post","status-publish","format-standard","has-post-thumbnail","hentry","category-maanteesoit","category-uncategorized","tag-decathlon-ag2r-la-mondiale","tag-sam-bennett","tag-stefan-bissegger","tag-tom-pidcock","tag-van-rysel","global-categories-cycling"],"yoast_head":"<!-- This site is optimized with the Yoast SEO Premium plugin v25.3 (Yoast SEO v25.9) - https:\/\/yoast.com\/wordpress\/plugins\/seo\/ -->\n<title>Decathlon AG2R La Mondiale: uus sponsor, uus ratas, uus edu - \u0160koda We Love Cycling - Estonia<\/title>\n<meta name=\"description\" content=\"Decathlon AG2R La Mondiale vahetas m\u00f6\u00f6dunud aastal nimesid ja jalgrattaid, kui Prantsuse spordipoodide kett sai peasponsoriks, ning saavutas ka kohe edu. Meeskond kogus 2024. aastal 30 v\u00f5itu mulluse \u00fcheksa vastu, mil tiimi nimeks oli AG2R Citro\u00ebn ja see kasutas BMC rattaid. T\u00e4navune v\u00f5itude arv oli tiimile ka suurim p\u00e4rast aastat 1998, toona oli meeskonna nimi Casino-AG2R ning selle v\u00e4rvides esinesid niisugused suurused nagu Jaan Kirsipuu, Jacky Durant ja Aleksandr Vinokurov.\" \/>\n<meta name=\"robots\" content=\"index, follow, max-snippet:-1, max-image-preview:large, max-video-preview:-1\" \/>\n<link rel=\"canonical\" href=\"https:\/\/www.welovecycling.com\/ee\/2025\/01\/14\/decathlon-ag2r-la-mondiale-uus-sponsor-uus-ratas-uus-edu\/\" \/>\n<meta property=\"og:locale\" content=\"et_EE\" \/>\n<meta property=\"og:type\" content=\"article\" \/>\n<meta property=\"og:title\" content=\"Decathlon AG2R La Mondiale: uus sponsor, uus ratas, uus edu\" \/>\n<meta property=\"og:description\" content=\"Decathlon AG2R La Mondiale vahetas m\u00f6\u00f6dunud aastal nimesid ja jalgrattaid, kui Prantsuse spordipoodide kett sai peasponsoriks, ning saavutas ka kohe edu. Meeskond kogus 2024. aastal 30 v\u00f5itu mulluse \u00fcheksa vastu, mil tiimi nimeks oli AG2R Citro\u00ebn ja see kasutas BMC rattaid. T\u00e4navune v\u00f5itude arv oli tiimile ka suurim p\u00e4rast aastat 1998, toona oli meeskonna nimi Casino-AG2R ning selle v\u00e4rvides esinesid niisugused suurused nagu Jaan Kirsipuu, Jacky Durant ja Aleksandr Vinokurov.\" \/>\n<meta property=\"og:url\" content=\"https:\/\/www.welovecycling.com\/ee\/2025\/01\/14\/decathlon-ag2r-la-mondiale-uus-sponsor-uus-ratas-uus-edu\/\" \/>\n<meta property=\"og:site_name\" content=\"\u0160koda We Love Cycling - Estonia\" \/>\n<meta property=\"article:published_time\" content=\"2025-01-14T10:41:58+00:00\" \/>\n<meta property=\"article:modified_time\" content=\"2025-01-14T10:46:28+00:00\" \/>\n<meta property=\"og:image\" content=\"https:\/\/d2p6e6u75xmxt8.cloudfront.net\/15\/2025\/01\/ag1.webp\" \/>\n\t<meta property=\"og:image:width\" content=\"891\" \/>\n\t<meta property=\"og:image:height\" content=\"594\" \/>\n\t<meta property=\"og:image:type\" content=\"image\/webp\" \/>\n<meta name=\"author\" content=\"andre\" \/>\n<meta name=\"twitter:card\" content=\"summary_large_image\" \/>\n<meta name=\"twitter:label1\" content=\"Written by\" \/>\n\t<meta name=\"twitter:data1\" content=\"Siegfried Mortkowitz\" \/>\n\t<meta name=\"twitter:label2\" content=\"Est. reading time\" \/>\n\t<meta name=\"twitter:data2\" content=\"5\" \/>\n<script type=\"application\/ld+json\" class=\"yoast-schema-graph\">{\"@context\":\"https:\/\/schema.org\",\"@graph\":[{\"@type\":\"WebPage\",\"@id\":\"https:\/\/www.welovecycling.com\/ee\/2025\/01\/14\/decathlon-ag2r-la-mondiale-uus-sponsor-uus-ratas-uus-edu\/\",\"url\":\"https:\/\/www.welovecycling.com\/ee\/2025\/01\/14\/decathlon-ag2r-la-mondiale-uus-sponsor-uus-ratas-uus-edu\/\",\"name\":\"Decathlon AG2R La Mondiale: uus sponsor, uus ratas, uus edu - \u0160koda We Love Cycling - Estonia\",\"isPartOf\":{\"@id\":\"https:\/\/www.welovecycling.com\/ee\/#website\"},\"primaryImageOfPage\":{\"@id\":\"https:\/\/www.welovecycling.com\/ee\/2025\/01\/14\/decathlon-ag2r-la-mondiale-uus-sponsor-uus-ratas-uus-edu\/#primaryimage\"},\"image\":{\"@id\":\"https:\/\/www.welovecycling.com\/ee\/2025\/01\/14\/decathlon-ag2r-la-mondiale-uus-sponsor-uus-ratas-uus-edu\/#primaryimage\"},\"thumbnailUrl\":\"https:\/\/d2p6e6u75xmxt8.cloudfront.net\/15\/2025\/01\/ag1.webp\",\"datePublished\":\"2025-01-14T10:41:58+00:00\",\"dateModified\":\"2025-01-14T10:46:28+00:00\",\"author\":{\"@id\":\"https:\/\/www.welovecycling.com\/ee\/#\/schema\/person\/8b7101c4bd1b1ae9d3732ebb1e6caf57\"},\"description\":\"Decathlon AG2R La Mondiale vahetas m\u00f6\u00f6dunud aastal nimesid ja jalgrattaid, kui Prantsuse spordipoodide kett sai peasponsoriks, ning saavutas ka kohe edu. Meeskond kogus 2024. aastal 30 v\u00f5itu mulluse \u00fcheksa vastu, mil tiimi nimeks oli AG2R Citro\u00ebn ja see kasutas BMC rattaid. T\u00e4navune v\u00f5itude arv oli tiimile ka suurim p\u00e4rast aastat 1998, toona oli meeskonna nimi Casino-AG2R ning selle v\u00e4rvides esinesid niisugused suurused nagu Jaan Kirsipuu, Jacky Durant ja Aleksandr Vinokurov.\",\"inLanguage\":\"et\",\"potentialAction\":[{\"@type\":\"ReadAction\",\"target\":[\"https:\/\/www.welovecycling.com\/ee\/2025\/01\/14\/decathlon-ag2r-la-mondiale-uus-sponsor-uus-ratas-uus-edu\/\"]}]},{\"@type\":\"ImageObject\",\"inLanguage\":\"et\",\"@id\":\"https:\/\/www.welovecycling.com\/ee\/2025\/01\/14\/decathlon-ag2r-la-mondiale-uus-sponsor-uus-ratas-uus-edu\/#primaryimage\",\"url\":\"https:\/\/d2p6e6u75xmxt8.cloudfront.net\/15\/2025\/01\/ag1.webp\",\"contentUrl\":\"https:\/\/d2p6e6u75xmxt8.cloudfront.net\/15\/2025\/01\/ag1.webp\",\"width\":891,\"height\":594},{\"@type\":\"WebSite\",\"@id\":\"https:\/\/www.welovecycling.com\/ee\/#website\",\"url\":\"https:\/\/www.welovecycling.com\/ee\/\",\"name\":\"\u0160koda We Love Cycling - Estonia\",\"description\":\"\",\"potentialAction\":[{\"@type\":\"SearchAction\",\"target\":{\"@type\":\"EntryPoint\",\"urlTemplate\":\"https:\/\/www.welovecycling.com\/ee\/?s={search_term_string}\"},\"query-input\":{\"@type\":\"PropertyValueSpecification\",\"valueRequired\":true,\"valueName\":\"search_term_string\"}}],\"inLanguage\":\"et\"},{\"@type\":\"Person\",\"@id\":\"https:\/\/www.welovecycling.com\/ee\/#\/schema\/person\/8b7101c4bd1b1ae9d3732ebb1e6caf57\",\"name\":\"andre\",\"image\":{\"@type\":\"ImageObject\",\"inLanguage\":\"et\",\"@id\":\"https:\/\/www.welovecycling.com\/ee\/#\/schema\/person\/image\/\",\"url\":\"https:\/\/secure.gravatar.com\/avatar\/0656b3224fe17b018f43b8a562625dd43d30827f027b2f62bc5a05711fec9a61?s=96&d=mm&r=g\",\"contentUrl\":\"https:\/\/secure.gravatar.com\/avatar\/0656b3224fe17b018f43b8a562625dd43d30827f027b2f62bc5a05711fec9a61?s=96&d=mm&r=g\",\"caption\":\"andre\"},\"url\":\"https:\/\/www.welovecycling.com\/ee\/author\/andre\/\"}]}<\/script>\n<!-- \/ Yoast SEO Premium plugin. -->","yoast_head_json":{"title":"Decathlon AG2R La Mondiale: uus sponsor, uus ratas, uus edu - \u0160koda We Love Cycling - Estonia","description":"Decathlon AG2R La Mondiale vahetas m\u00f6\u00f6dunud aastal nimesid ja jalgrattaid, kui Prantsuse spordipoodide kett sai peasponsoriks, ning saavutas ka kohe edu. Meeskond kogus 2024. aastal 30 v\u00f5itu mulluse \u00fcheksa vastu, mil tiimi nimeks oli AG2R Citro\u00ebn ja see kasutas BMC rattaid. T\u00e4navune v\u00f5itude arv oli tiimile ka suurim p\u00e4rast aastat 1998, toona oli meeskonna nimi Casino-AG2R ning selle v\u00e4rvides esinesid niisugused suurused nagu Jaan Kirsipuu, Jacky Durant ja Aleksandr Vinokurov.","robots":{"index":"index","follow":"follow","max-snippet":"max-snippet:-1","max-image-preview":"max-image-preview:large","max-video-preview":"max-video-preview:-1"},"canonical":"https:\/\/www.welovecycling.com\/ee\/2025\/01\/14\/decathlon-ag2r-la-mondiale-uus-sponsor-uus-ratas-uus-edu\/","og_locale":"et_EE","og_type":"article","og_title":"Decathlon AG2R La Mondiale: uus sponsor, uus ratas, uus edu","og_description":"Decathlon AG2R La Mondiale vahetas m\u00f6\u00f6dunud aastal nimesid ja jalgrattaid, kui Prantsuse spordipoodide kett sai peasponsoriks, ning saavutas ka kohe edu. Meeskond kogus 2024. aastal 30 v\u00f5itu mulluse \u00fcheksa vastu, mil tiimi nimeks oli AG2R Citro\u00ebn ja see kasutas BMC rattaid. T\u00e4navune v\u00f5itude arv oli tiimile ka suurim p\u00e4rast aastat 1998, toona oli meeskonna nimi Casino-AG2R ning selle v\u00e4rvides esinesid niisugused suurused nagu Jaan Kirsipuu, Jacky Durant ja Aleksandr Vinokurov.","og_url":"https:\/\/www.welovecycling.com\/ee\/2025\/01\/14\/decathlon-ag2r-la-mondiale-uus-sponsor-uus-ratas-uus-edu\/","og_site_name":"\u0160koda We Love Cycling - Estonia","article_published_time":"2025-01-14T10:41:58+00:00","article_modified_time":"2025-01-14T10:46:28+00:00","og_image":[{"width":891,"height":594,"url":"https:\/\/d2p6e6u75xmxt8.cloudfront.net\/15\/2025\/01\/ag1.webp","type":"image\/webp"}],"author":"andre","twitter_card":"summary_large_image","twitter_misc":{"Written by":"Siegfried Mortkowitz","Est. reading time":"5"},"schema":{"@context":"https:\/\/schema.org","@graph":[{"@type":"WebPage","@id":"https:\/\/www.welovecycling.com\/ee\/2025\/01\/14\/decathlon-ag2r-la-mondiale-uus-sponsor-uus-ratas-uus-edu\/","url":"https:\/\/www.welovecycling.com\/ee\/2025\/01\/14\/decathlon-ag2r-la-mondiale-uus-sponsor-uus-ratas-uus-edu\/","name":"Decathlon AG2R La Mondiale: uus sponsor, uus ratas, uus edu - \u0160koda We Love Cycling - Estonia","isPartOf":{"@id":"https:\/\/www.welovecycling.com\/ee\/#website"},"primaryImageOfPage":{"@id":"https:\/\/www.welovecycling.com\/ee\/2025\/01\/14\/decathlon-ag2r-la-mondiale-uus-sponsor-uus-ratas-uus-edu\/#primaryimage"},"image":{"@id":"https:\/\/www.welovecycling.com\/ee\/2025\/01\/14\/decathlon-ag2r-la-mondiale-uus-sponsor-uus-ratas-uus-edu\/#primaryimage"},"thumbnailUrl":"https:\/\/d2p6e6u75xmxt8.cloudfront.net\/15\/2025\/01\/ag1.webp","datePublished":"2025-01-14T10:41:58+00:00","dateModified":"2025-01-14T10:46:28+00:00","author":{"@id":"https:\/\/www.welovecycling.com\/ee\/#\/schema\/person\/8b7101c4bd1b1ae9d3732ebb1e6caf57"},"description":"Decathlon AG2R La Mondiale vahetas m\u00f6\u00f6dunud aastal nimesid ja jalgrattaid, kui Prantsuse spordipoodide kett sai peasponsoriks, ning saavutas ka kohe edu. Meeskond kogus 2024. aastal 30 v\u00f5itu mulluse \u00fcheksa vastu, mil tiimi nimeks oli AG2R Citro\u00ebn ja see kasutas BMC rattaid. T\u00e4navune v\u00f5itude arv oli tiimile ka suurim p\u00e4rast aastat 1998, toona oli meeskonna nimi Casino-AG2R ning selle v\u00e4rvides esinesid niisugused suurused nagu Jaan Kirsipuu, Jacky Durant ja Aleksandr Vinokurov.","inLanguage":"et","potentialAction":[{"@type":"ReadAction","target":["https:\/\/www.welovecycling.com\/ee\/2025\/01\/14\/decathlon-ag2r-la-mondiale-uus-sponsor-uus-ratas-uus-edu\/"]}]},{"@type":"ImageObject","inLanguage":"et","@id":"https:\/\/www.welovecycling.com\/ee\/2025\/01\/14\/decathlon-ag2r-la-mondiale-uus-sponsor-uus-ratas-uus-edu\/#primaryimage","url":"https:\/\/d2p6e6u75xmxt8.cloudfront.net\/15\/2025\/01\/ag1.webp","contentUrl":"https:\/\/d2p6e6u75xmxt8.cloudfront.net\/15\/2025\/01\/ag1.webp","width":891,"height":594},{"@type":"WebSite","@id":"https:\/\/www.welovecycling.com\/ee\/#website","url":"https:\/\/www.welovecycling.com\/ee\/","name":"\u0160koda We Love Cycling - Estonia","description":"","potentialAction":[{"@type":"SearchAction","target":{"@type":"EntryPoint","urlTemplate":"https:\/\/www.welovecycling.com\/ee\/?s={search_term_string}"},"query-input":{"@type":"PropertyValueSpecification","valueRequired":true,"valueName":"search_term_string"}}],"inLanguage":"et"},{"@type":"Person","@id":"https:\/\/www.welovecycling.com\/ee\/#\/schema\/person\/8b7101c4bd1b1ae9d3732ebb1e6caf57","name":"andre","image":{"@type":"ImageObject","inLanguage":"et","@id":"https:\/\/www.welovecycling.com\/ee\/#\/schema\/person\/image\/","url":"https:\/\/secure.gravatar.com\/avatar\/0656b3224fe17b018f43b8a562625dd43d30827f027b2f62bc5a05711fec9a61?s=96&d=mm&r=g","contentUrl":"https:\/\/secure.gravatar.com\/avatar\/0656b3224fe17b018f43b8a562625dd43d30827f027b2f62bc5a05711fec9a61?s=96&d=mm&r=g","caption":"andre"},"url":"https:\/\/www.welovecycling.com\/ee\/author\/andre\/"}]}},"_links":{"self":[{"href":"https:\/\/www.welovecycling.com\/ee\/wp-json\/wp\/v2\/posts\/2326","targetHints":{"allow":["GET"]}}],"collection":[{"href":"https:\/\/www.welovecycling.com\/ee\/wp-json\/wp\/v2\/posts"}],"about":[{"href":"https:\/\/www.welovecycling.com\/ee\/wp-json\/wp\/v2\/types\/post"}],"author":[{"embeddable":true,"href":"https:\/\/www.welovecycling.com\/ee\/wp-json\/wp\/v2\/users\/174"}],"replies":[{"embeddable":true,"href":"https:\/\/www.welovecycling.com\/ee\/wp-json\/wp\/v2\/comments?post=2326"}],"version-history":[{"count":4,"href":"https:\/\/www.welovecycling.com\/ee\/wp-json\/wp\/v2\/posts\/2326\/revisions"}],"predecessor-version":[{"id":2333,"href":"https:\/\/www.welovecycling.com\/ee\/wp-json\/wp\/v2\/posts\/2326\/revisions\/2333"}],"wp:featuredmedia":[{"embeddable":true,"href":"https:\/\/www.welovecycling.com\/ee\/wp-json\/wp\/v2\/media\/2327"}],"wp:attachment":[{"href":"https:\/\/www.welovecycling.com\/ee\/wp-json\/wp\/v2\/media?parent=2326"}],"wp:term":[{"taxonomy":"category","embeddable":true,"href":"https:\/\/www.welovecycling.com\/ee\/wp-json\/wp\/v2\/categories?post=2326"},{"taxonomy":"post_tag","embeddable":true,"href":"https:\/\/www.welovecycling.com\/ee\/wp-json\/wp\/v2\/tags?post=2326"},{"taxonomy":"global-categories","embeddable":true,"href":"https:\/\/www.welovecycling.com\/ee\/wp-json\/wp\/v2\/global-categories?post=2326"}],"curies":[{"name":"wp","href":"https:\/\/api.w.org\/{rel}","templated":true}]}}