{"id":2294,"date":"2024-12-09T12:27:43","date_gmt":"2024-12-09T09:27:43","guid":{"rendered":"https:\/\/www.welovecycling.com\/ee\/?p=2294"},"modified":"2024-12-09T12:27:43","modified_gmt":"2024-12-09T09:27:43","slug":"ef-education-easypost-vaike-meeskond-kes-voib-ja-suudab","status":"publish","type":"post","link":"https:\/\/www.welovecycling.com\/ee\/2024\/12\/09\/ef-education-easypost-vaike-meeskond-kes-voib-ja-suudab\/","title":{"rendered":"EF Education-EasyPost \u2013 v\u00e4ike meeskond, kes v\u00f5ib ja suudab"},"content":{"rendered":"<p><strong>Ameerika meeskonnal EF Education-EasyPost oli m\u00e4rkimisv\u00e4\u00e4rne hooaeg: v\u00f5ideti 24 v\u00f5istlust, sealhulgas kaks etappi suurtuuridel, suurtuuri m\u00e4ekuninga s\u00e4rk ja tervelt viis riikide meistritiitlit. Meeskond on UCI World Touri meeskondade edetabelis hetkel 12. kohal.<\/strong><\/p>\n<p><!--more--><\/p>\n<p>Saavutused on seda t\u00e4helepanuv\u00e4\u00e4rsemad, et tiimi eelarve on \u00fcks v\u00e4iksemaid sel tasemel, <a href=\"https:\/\/procyclinguk.com\/what-are-the-budgets-of-the-worldtour-cycling-teams-in-2024\/\">procyclinguk.com<\/a> hindab selle 18 kuni 22 miljoni euro vahemikku. 18 World Touri meeskonnast said \u00fcksnes Cofidis, raskustes siplev Ark\u00e9a-Samsic ja Intermarch\u00e9-Wanty 2024. aastal hakkama v\u00e4iksema summaga ning k\u00f5igil neil oli oluliselt kehvem hooaeg kui EF Educationil. V\u00f5rdluseks: hooaega domineerinud v\u00e4geva UAE Team Emiratesi eelarve oli suurim, hinnanguliselt 55 kuni 60 miljonit eurot. Samas teenis eksistentsiaalses kriisis vaevlev INEOS Grenadiers k\u00f5igest 14 v\u00f5itu, ehkki nende eelarve, 50\u201355 miljonit eurot, oli suuruselt teine.<\/p>\n<p>Teisis\u00f5nu on meeskonna juhi Jonathan Vaughtersi s\u00f5nul ratturitel ja personalil p\u00f5hjust uhke olla oma saavutuste \u00fcle. Isegi vaatamata sellele, et mitmed tiimi s\u00f5itjad ei suutnud ootustele vastavalt esineda, n\u00e4iteks Briti universaal Hugh Carty ja \u0160veitsi tempos\u00f5iduspets Stefan Bissegger. Teisest k\u00fcljest oli Richard Carapazil suurep\u00e4rane aasta vaatamata oma 31 eluaastale. Osaliselt motiveeris teda ka eemalej\u00e4\u00e4mine Pariisi ol\u00fcmpiam\u00e4ngudelt, kuhu eelistati saata Johnatan Narv\u00e1ez (INEOS Grenadiers).<\/p>\n<p>Endine Ecuadori grupis\u00f5idumeister ja <a href=\"https:\/\/www.giroditalia.it\/en\/\">Giro d\u2019Italia<\/a> v\u00f5itja Carapaz v\u00f5itis Tour de France\u2019il etapi ja m\u00e4ekuninga s\u00e4rgi, l\u00f5petas Vuelta a Espa\u00f1a korraliku neljanda kohaga ning tuli kodumaa meistriks tempos\u00f5idus. Paljudel neil v\u00f5istlustel toetas teda rattur, kelle \u201emootor\u201c v\u00f5ib olla tugevaim kogu ratturite karavanis \u2013 iirlane Ben Healy.<\/p>\n<p>Ehkki ta v\u00f5itis aasta jooksul vaid \u00fche v\u00f5istluse, Sloveenia tuuri etapi, v\u00f5ib Healy nimele kuuluda k\u00f5igi aegade rekord m\u00e4gietappidel lahtirebimistes osalemises v\u00f5i nende juhtimises ning lahtirebimiskatsete jooksul l\u00e4bitud kilomeetrites. Kogu aasta jooksul tundus, et millal iganes m\u00e4gietapil v\u00f5i isegi lauskmaal lahtirebimiskatse aset leidis, oli Healy selle eesotsas, jalad v\u00e4ntamas ja pea kergelt viltu. Ma v\u00e4sisin \u00e4ra juba ainu\u00fcksi tema vaatamisest.<\/p>\n<p>Healy on k\u00f5igest 24-aastane ning k\u00fcsimus on ainult ajas ja Vaughtersi pikaajalises strateegias, millal saab temast endast liider ning tal avaneb v\u00f5imalus oma v\u00f5rratu vastupidavus panna proovile selliste ratturite vastu nagu <a href=\"https:\/\/www.welovecycling.com\/ee\/2024\/11\/18\/arvamus-kas-pogacar-on-rattaspordi-jaoks-liiga-hea\/\">Tadej Poga\u010dar<\/a> (UAE Team Emirates) ja Jonas Vingegaard (Visma-Lease a Bike). Ma arvan, et Healy v\u00f5ib veel paljusid \u00fcllatada.<\/p>\n<p>Tiimi tugevuse m\u00e4rk on ka fakt, et aasta jooksul kogutud 24 v\u00f5itu jagunesid pea \u00fchtlaselt viie s\u00f5itja vahel: Richard Carapaz, Alberto Bettiol, Marijn van den Berg, Neilson Powless ja Jefferson Cepeda, kuna noor sakslane Georg Steinhauser lisas Giro d\u2019Italia etappidelt \u00fche v\u00f5idu ja kaks esikolmikukohta.<\/p>\n<p>Aga see ei t\u00e4henda, et tulevik t\u00e4iesti roosiline paistaks. Carapaz saab mais 32-aastaseks ja tema vorm v\u00f5ib hakata langema. Carty on 30 ning 2024. aasta vormi p\u00f5hjal l\u00e4hemal pigem oma karj\u00e4\u00e4ri l\u00f5pule kui selle algusele. Ning Bettiol \u2013 kes v\u00f5itis neli v\u00f5istlust, sealhulgas Milano-Torino ja Itaalia grupis\u00f5idumeistriv\u00f5istlused \u2013 lahkus augustis meeskonnast Astana Qazaqstani tiimi. Samuti lahkusid Bissegger (uus tiim Decathlon AG2R) ja Simon Carr (Cofidisesse), kuna kuulus Rigoberto Ur\u00e1n ja veteran Andrey Amador l\u00e4ksid erru.<\/p>\n<p>Tiim oli \u00fcleminekuturul v\u00e4ga aktiivne ning palkas Kasper Asgreeni (eelmine tiim Soudal-QuickStep), Samuele Battistella (Astana Qazaqstan), Vincenzo Albanese (Arkea-B&amp;B Hotels) ning Madis Mihkelsi (Intermarch\u00e9-Wanty). Tugevaim t\u00e4iendus on Asgreen, kes 2021. aastal edestas Mathieu van der Poeli Flandria tuuril ja E3 Saxo Bank klassikul, kuid j\u00e4ttis \u00e4sja selja taha pettumusi valmistanud hooaja. 29-aastasena peaks tal jalgades olema p\u00fcssirohtu veel mitme hea hooaja jagu, et meeskonnale r\u00f5\u00f5mu tuua. Ning 21-aastane Mihkels paistab olevat lootustandev sprinter, kes EM-il fini\u0161eeris kolmandana Jasper Philipseni (Alpecin-Deceuninck) ees.<\/p>\n<p>Ma f\u00e4nnan seda meeskonda, sest nad suudavad nii v\u00e4hesega nii palju teha ning kuna Vaughters on nutikas ja austusv\u00e4\u00e4rne mees, kelle \u00fcksikud k\u00fclaliskommentaarid Eurospordis olid alati v\u00e4rskendavalt avameelsed ja valgustavad. Hiljuti t\u00fcmitas ta Tour de France\u2019i direktorit Christian Prudhomme\u2019i tolle v\u00e4ite p\u00e4rast, et 2024. aastal aset leidnud jubedad kukkumised, n\u00e4iteks Baskimaa tuuril, olid p\u00f5hjustatud ratturite \u201eliiga suurest kiirusest\u201c.<\/p>\n<p>\u201eLisaks sportlaste k\u00e4itumisele ja korraldajate t\u00f6\u00f6le on absoluutselt vajalik vastavate meetmetega kahandada kiirust \u2013 ratturid liiguvad liiga kiiresti,\u201c teatas <a href=\"https:\/\/road.cc\/content\/news\/cycling-live-blog-26-november-2024-311421\">Prudhomme<\/a> v\u00f5istluste korraldajate organisatsiooni AIOCC aastakoosolekul. \u201eMida kiiremini nad liiguvad, seda suuremat ohtu nad kujutavad iseendale ja teistele.\u201c<\/p>\n<p>Tuleb \u00f6elda, et Vingegaard ja teised ratturid, kes seal v\u00f5istlusel \u00f5nnetusse sattusid, olid kukkumise paigaks olnud kurvis hoo maha v\u00f5tnud ja ilmselt sai neile saatuslikuks asfaldialuste puujuurte t\u00f5ttu ebatasaseks muutunud teekate. Lisaks oli Vingegaard juba kuus kuud enne v\u00f5istlust maininud just seda kohta kui ohtlikku.<\/p>\n<p>Vaughters v\u00f5ttis vastamiseks s\u00f5na keskkonnas, mida varem tunti Twitteri nime all. \u201eMind ajab t\u00e4iesti raevu, kuidas need paksud k\u00f5utsid, kes pole ealeski v\u00f5idu s\u00f5itnud millegi muu kui kolmerattalise lastejalgrattaga ja keerutavad teiste arvelt kokku k\u00fcmneid miljoneid kasumeid, l\u00fckkavad s\u00fc\u00fc rattaspordi ohutusprobleemide eest ratturite kraesse,\u201c <a href=\"https:\/\/x.com\/Vaughters\/status\/1861052790476263556\">kirjutas<\/a> ta ning <a href=\"https:\/\/x.com\/Vaughters\/status\/1861065127736287741\">lisas<\/a>: \u201eTegu on v\u00e4ga v\u00f5istlushimuliste inimestega. Nad on \u00fcdini valmis vajadusel v\u00f5tma eluohtlikke riske. Samamoodi nagu vormel-1 s\u00f5itjad. Ja samamoodi nagu vormel-1-s tuleb selleks luua nende \u00fcmber turvalisem keskkond. Sest nemad pingutavad alati viimase piirini.\u201c<\/p>\n<p>Tasub kindlasti toetada meest, kes armastab sporti nii kirglikult ja kaitseb sama kirglikult ka sportlasi.<\/p>\n","protected":false},"excerpt":{"rendered":"<p>Ameerika meeskonnal EF Education-EasyPost oli m\u00e4rkimisv\u00e4\u00e4rne hooaeg: v\u00f5ideti 24 v\u00f5istlust, sealhulgas kaks etappi suurtuuridel, suurtuuri m\u00e4ekuninga s\u00e4rk ja tervelt viis [&hellip;]<\/p>\n","protected":false},"author":174,"featured_media":2295,"comment_status":"open","ping_status":"open","sticky":false,"template":"","format":"standard","meta":{"footnotes":""},"categories":[39],"tags":[328,329,330,332,331],"global-categories":[22],"class_list":["post-2294","post","type-post","status-publish","format-standard","has-post-thumbnail","hentry","category-maanteesoit","tag-ef-education-easypost","tag-jhonatan-narvaez","tag-kasper-asgreen","tag-madis-mihkels","tag-richard-carapaz","global-categories-cycling"],"yoast_head":"<!-- This site is optimized with the Yoast SEO Premium plugin v25.3 (Yoast SEO v25.9) - https:\/\/yoast.com\/wordpress\/plugins\/seo\/ -->\n<title>EF Education-EasyPost \u2013 v\u00e4ike meeskond, kes v\u00f5ib ja suudab - \u0160koda We Love Cycling - Estonia<\/title>\n<meta name=\"description\" content=\"Ameerika meeskonnal EF Education-EasyPost oli m\u00e4rkimisv\u00e4\u00e4rne hooaeg: v\u00f5ideti 24 v\u00f5istlust, sealhulgas kaks etappi suurtuuridel, suurtuuri m\u00e4ekuninga s\u00e4rk ja tervelt viis riikide meistritiitlit. Meeskond on UCI World Touri meeskondade edetabelis hetkel 12. kohal.\" \/>\n<meta name=\"robots\" content=\"index, follow, max-snippet:-1, max-image-preview:large, max-video-preview:-1\" \/>\n<link rel=\"canonical\" href=\"https:\/\/www.welovecycling.com\/ee\/2024\/12\/09\/ef-education-easypost-vaike-meeskond-kes-voib-ja-suudab\/\" \/>\n<meta property=\"og:locale\" content=\"et_EE\" \/>\n<meta property=\"og:type\" content=\"article\" \/>\n<meta property=\"og:title\" content=\"EF Education-EasyPost \u2013 v\u00e4ike meeskond, kes v\u00f5ib ja suudab\" \/>\n<meta property=\"og:description\" content=\"Ameerika meeskonnal EF Education-EasyPost oli m\u00e4rkimisv\u00e4\u00e4rne hooaeg: v\u00f5ideti 24 v\u00f5istlust, sealhulgas kaks etappi suurtuuridel, suurtuuri m\u00e4ekuninga s\u00e4rk ja tervelt viis riikide meistritiitlit. Meeskond on UCI World Touri meeskondade edetabelis hetkel 12. kohal.\" \/>\n<meta property=\"og:url\" content=\"https:\/\/www.welovecycling.com\/ee\/2024\/12\/09\/ef-education-easypost-vaike-meeskond-kes-voib-ja-suudab\/\" \/>\n<meta property=\"og:site_name\" content=\"\u0160koda We Love Cycling - Estonia\" \/>\n<meta property=\"article:published_time\" content=\"2024-12-09T09:27:43+00:00\" \/>\n<meta property=\"og:image\" content=\"https:\/\/d2p6e6u75xmxt8.cloudfront.net\/15\/2024\/12\/EF.webp\" \/>\n\t<meta property=\"og:image:width\" content=\"890\" \/>\n\t<meta property=\"og:image:height\" content=\"593\" \/>\n\t<meta property=\"og:image:type\" content=\"image\/webp\" \/>\n<meta name=\"author\" content=\"andre\" \/>\n<meta name=\"twitter:card\" content=\"summary_large_image\" \/>\n<meta name=\"twitter:label1\" content=\"Written by\" \/>\n\t<meta name=\"twitter:data1\" content=\"Siegfried Mortkowitz\" \/>\n\t<meta name=\"twitter:label2\" content=\"Est. reading time\" \/>\n\t<meta name=\"twitter:data2\" content=\"5\" \/>\n<script type=\"application\/ld+json\" class=\"yoast-schema-graph\">{\"@context\":\"https:\/\/schema.org\",\"@graph\":[{\"@type\":\"WebPage\",\"@id\":\"https:\/\/www.welovecycling.com\/ee\/2024\/12\/09\/ef-education-easypost-vaike-meeskond-kes-voib-ja-suudab\/\",\"url\":\"https:\/\/www.welovecycling.com\/ee\/2024\/12\/09\/ef-education-easypost-vaike-meeskond-kes-voib-ja-suudab\/\",\"name\":\"EF Education-EasyPost \u2013 v\u00e4ike meeskond, kes v\u00f5ib ja suudab - \u0160koda We Love Cycling - Estonia\",\"isPartOf\":{\"@id\":\"https:\/\/www.welovecycling.com\/ee\/#website\"},\"primaryImageOfPage\":{\"@id\":\"https:\/\/www.welovecycling.com\/ee\/2024\/12\/09\/ef-education-easypost-vaike-meeskond-kes-voib-ja-suudab\/#primaryimage\"},\"image\":{\"@id\":\"https:\/\/www.welovecycling.com\/ee\/2024\/12\/09\/ef-education-easypost-vaike-meeskond-kes-voib-ja-suudab\/#primaryimage\"},\"thumbnailUrl\":\"https:\/\/d2p6e6u75xmxt8.cloudfront.net\/15\/2024\/12\/EF.webp\",\"datePublished\":\"2024-12-09T09:27:43+00:00\",\"author\":{\"@id\":\"https:\/\/www.welovecycling.com\/ee\/#\/schema\/person\/8b7101c4bd1b1ae9d3732ebb1e6caf57\"},\"description\":\"Ameerika meeskonnal EF Education-EasyPost oli m\u00e4rkimisv\u00e4\u00e4rne hooaeg: v\u00f5ideti 24 v\u00f5istlust, sealhulgas kaks etappi suurtuuridel, suurtuuri m\u00e4ekuninga s\u00e4rk ja tervelt viis riikide meistritiitlit. Meeskond on UCI World Touri meeskondade edetabelis hetkel 12. kohal.\",\"inLanguage\":\"et\",\"potentialAction\":[{\"@type\":\"ReadAction\",\"target\":[\"https:\/\/www.welovecycling.com\/ee\/2024\/12\/09\/ef-education-easypost-vaike-meeskond-kes-voib-ja-suudab\/\"]}]},{\"@type\":\"ImageObject\",\"inLanguage\":\"et\",\"@id\":\"https:\/\/www.welovecycling.com\/ee\/2024\/12\/09\/ef-education-easypost-vaike-meeskond-kes-voib-ja-suudab\/#primaryimage\",\"url\":\"https:\/\/d2p6e6u75xmxt8.cloudfront.net\/15\/2024\/12\/EF.webp\",\"contentUrl\":\"https:\/\/d2p6e6u75xmxt8.cloudfront.net\/15\/2024\/12\/EF.webp\",\"width\":890,\"height\":593},{\"@type\":\"WebSite\",\"@id\":\"https:\/\/www.welovecycling.com\/ee\/#website\",\"url\":\"https:\/\/www.welovecycling.com\/ee\/\",\"name\":\"\u0160koda We Love Cycling - Estonia\",\"description\":\"\",\"potentialAction\":[{\"@type\":\"SearchAction\",\"target\":{\"@type\":\"EntryPoint\",\"urlTemplate\":\"https:\/\/www.welovecycling.com\/ee\/?s={search_term_string}\"},\"query-input\":{\"@type\":\"PropertyValueSpecification\",\"valueRequired\":true,\"valueName\":\"search_term_string\"}}],\"inLanguage\":\"et\"},{\"@type\":\"Person\",\"@id\":\"https:\/\/www.welovecycling.com\/ee\/#\/schema\/person\/8b7101c4bd1b1ae9d3732ebb1e6caf57\",\"name\":\"andre\",\"image\":{\"@type\":\"ImageObject\",\"inLanguage\":\"et\",\"@id\":\"https:\/\/www.welovecycling.com\/ee\/#\/schema\/person\/image\/\",\"url\":\"https:\/\/secure.gravatar.com\/avatar\/0656b3224fe17b018f43b8a562625dd43d30827f027b2f62bc5a05711fec9a61?s=96&d=mm&r=g\",\"contentUrl\":\"https:\/\/secure.gravatar.com\/avatar\/0656b3224fe17b018f43b8a562625dd43d30827f027b2f62bc5a05711fec9a61?s=96&d=mm&r=g\",\"caption\":\"andre\"},\"url\":\"https:\/\/www.welovecycling.com\/ee\/author\/andre\/\"}]}<\/script>\n<!-- \/ Yoast SEO Premium plugin. -->","yoast_head_json":{"title":"EF Education-EasyPost \u2013 v\u00e4ike meeskond, kes v\u00f5ib ja suudab - \u0160koda We Love Cycling - Estonia","description":"Ameerika meeskonnal EF Education-EasyPost oli m\u00e4rkimisv\u00e4\u00e4rne hooaeg: v\u00f5ideti 24 v\u00f5istlust, sealhulgas kaks etappi suurtuuridel, suurtuuri m\u00e4ekuninga s\u00e4rk ja tervelt viis riikide meistritiitlit. Meeskond on UCI World Touri meeskondade edetabelis hetkel 12. kohal.","robots":{"index":"index","follow":"follow","max-snippet":"max-snippet:-1","max-image-preview":"max-image-preview:large","max-video-preview":"max-video-preview:-1"},"canonical":"https:\/\/www.welovecycling.com\/ee\/2024\/12\/09\/ef-education-easypost-vaike-meeskond-kes-voib-ja-suudab\/","og_locale":"et_EE","og_type":"article","og_title":"EF Education-EasyPost \u2013 v\u00e4ike meeskond, kes v\u00f5ib ja suudab","og_description":"Ameerika meeskonnal EF Education-EasyPost oli m\u00e4rkimisv\u00e4\u00e4rne hooaeg: v\u00f5ideti 24 v\u00f5istlust, sealhulgas kaks etappi suurtuuridel, suurtuuri m\u00e4ekuninga s\u00e4rk ja tervelt viis riikide meistritiitlit. Meeskond on UCI World Touri meeskondade edetabelis hetkel 12. kohal.","og_url":"https:\/\/www.welovecycling.com\/ee\/2024\/12\/09\/ef-education-easypost-vaike-meeskond-kes-voib-ja-suudab\/","og_site_name":"\u0160koda We Love Cycling - Estonia","article_published_time":"2024-12-09T09:27:43+00:00","og_image":[{"width":890,"height":593,"url":"https:\/\/d2p6e6u75xmxt8.cloudfront.net\/15\/2024\/12\/EF.webp","type":"image\/webp"}],"author":"andre","twitter_card":"summary_large_image","twitter_misc":{"Written by":"Siegfried Mortkowitz","Est. reading time":"5"},"schema":{"@context":"https:\/\/schema.org","@graph":[{"@type":"WebPage","@id":"https:\/\/www.welovecycling.com\/ee\/2024\/12\/09\/ef-education-easypost-vaike-meeskond-kes-voib-ja-suudab\/","url":"https:\/\/www.welovecycling.com\/ee\/2024\/12\/09\/ef-education-easypost-vaike-meeskond-kes-voib-ja-suudab\/","name":"EF Education-EasyPost \u2013 v\u00e4ike meeskond, kes v\u00f5ib ja suudab - \u0160koda We Love Cycling - Estonia","isPartOf":{"@id":"https:\/\/www.welovecycling.com\/ee\/#website"},"primaryImageOfPage":{"@id":"https:\/\/www.welovecycling.com\/ee\/2024\/12\/09\/ef-education-easypost-vaike-meeskond-kes-voib-ja-suudab\/#primaryimage"},"image":{"@id":"https:\/\/www.welovecycling.com\/ee\/2024\/12\/09\/ef-education-easypost-vaike-meeskond-kes-voib-ja-suudab\/#primaryimage"},"thumbnailUrl":"https:\/\/d2p6e6u75xmxt8.cloudfront.net\/15\/2024\/12\/EF.webp","datePublished":"2024-12-09T09:27:43+00:00","author":{"@id":"https:\/\/www.welovecycling.com\/ee\/#\/schema\/person\/8b7101c4bd1b1ae9d3732ebb1e6caf57"},"description":"Ameerika meeskonnal EF Education-EasyPost oli m\u00e4rkimisv\u00e4\u00e4rne hooaeg: v\u00f5ideti 24 v\u00f5istlust, sealhulgas kaks etappi suurtuuridel, suurtuuri m\u00e4ekuninga s\u00e4rk ja tervelt viis riikide meistritiitlit. Meeskond on UCI World Touri meeskondade edetabelis hetkel 12. kohal.","inLanguage":"et","potentialAction":[{"@type":"ReadAction","target":["https:\/\/www.welovecycling.com\/ee\/2024\/12\/09\/ef-education-easypost-vaike-meeskond-kes-voib-ja-suudab\/"]}]},{"@type":"ImageObject","inLanguage":"et","@id":"https:\/\/www.welovecycling.com\/ee\/2024\/12\/09\/ef-education-easypost-vaike-meeskond-kes-voib-ja-suudab\/#primaryimage","url":"https:\/\/d2p6e6u75xmxt8.cloudfront.net\/15\/2024\/12\/EF.webp","contentUrl":"https:\/\/d2p6e6u75xmxt8.cloudfront.net\/15\/2024\/12\/EF.webp","width":890,"height":593},{"@type":"WebSite","@id":"https:\/\/www.welovecycling.com\/ee\/#website","url":"https:\/\/www.welovecycling.com\/ee\/","name":"\u0160koda We Love Cycling - Estonia","description":"","potentialAction":[{"@type":"SearchAction","target":{"@type":"EntryPoint","urlTemplate":"https:\/\/www.welovecycling.com\/ee\/?s={search_term_string}"},"query-input":{"@type":"PropertyValueSpecification","valueRequired":true,"valueName":"search_term_string"}}],"inLanguage":"et"},{"@type":"Person","@id":"https:\/\/www.welovecycling.com\/ee\/#\/schema\/person\/8b7101c4bd1b1ae9d3732ebb1e6caf57","name":"andre","image":{"@type":"ImageObject","inLanguage":"et","@id":"https:\/\/www.welovecycling.com\/ee\/#\/schema\/person\/image\/","url":"https:\/\/secure.gravatar.com\/avatar\/0656b3224fe17b018f43b8a562625dd43d30827f027b2f62bc5a05711fec9a61?s=96&d=mm&r=g","contentUrl":"https:\/\/secure.gravatar.com\/avatar\/0656b3224fe17b018f43b8a562625dd43d30827f027b2f62bc5a05711fec9a61?s=96&d=mm&r=g","caption":"andre"},"url":"https:\/\/www.welovecycling.com\/ee\/author\/andre\/"}]}},"_links":{"self":[{"href":"https:\/\/www.welovecycling.com\/ee\/wp-json\/wp\/v2\/posts\/2294","targetHints":{"allow":["GET"]}}],"collection":[{"href":"https:\/\/www.welovecycling.com\/ee\/wp-json\/wp\/v2\/posts"}],"about":[{"href":"https:\/\/www.welovecycling.com\/ee\/wp-json\/wp\/v2\/types\/post"}],"author":[{"embeddable":true,"href":"https:\/\/www.welovecycling.com\/ee\/wp-json\/wp\/v2\/users\/174"}],"replies":[{"embeddable":true,"href":"https:\/\/www.welovecycling.com\/ee\/wp-json\/wp\/v2\/comments?post=2294"}],"version-history":[{"count":1,"href":"https:\/\/www.welovecycling.com\/ee\/wp-json\/wp\/v2\/posts\/2294\/revisions"}],"predecessor-version":[{"id":2296,"href":"https:\/\/www.welovecycling.com\/ee\/wp-json\/wp\/v2\/posts\/2294\/revisions\/2296"}],"wp:featuredmedia":[{"embeddable":true,"href":"https:\/\/www.welovecycling.com\/ee\/wp-json\/wp\/v2\/media\/2295"}],"wp:attachment":[{"href":"https:\/\/www.welovecycling.com\/ee\/wp-json\/wp\/v2\/media?parent=2294"}],"wp:term":[{"taxonomy":"category","embeddable":true,"href":"https:\/\/www.welovecycling.com\/ee\/wp-json\/wp\/v2\/categories?post=2294"},{"taxonomy":"post_tag","embeddable":true,"href":"https:\/\/www.welovecycling.com\/ee\/wp-json\/wp\/v2\/tags?post=2294"},{"taxonomy":"global-categories","embeddable":true,"href":"https:\/\/www.welovecycling.com\/ee\/wp-json\/wp\/v2\/global-categories?post=2294"}],"curies":[{"name":"wp","href":"https:\/\/api.w.org\/{rel}","templated":true}]}}