{"id":2254,"date":"2024-11-06T15:37:07","date_gmt":"2024-11-06T12:37:07","guid":{"rendered":"https:\/\/www.welovecycling.com\/ee\/?p=2254"},"modified":"2024-11-06T15:37:07","modified_gmt":"2024-11-06T12:37:07","slug":"red-bull-bora-hansgrohe-auahne-rikas-ja-noore-superstaari-ootel","status":"publish","type":"post","link":"https:\/\/www.welovecycling.com\/ee\/2024\/11\/06\/red-bull-bora-hansgrohe-auahne-rikas-ja-noore-superstaari-ootel\/","title":{"rendered":"Red Bull-BORA-hansgrohe: auahne, rikas ja noore superstaari ootel"},"content":{"rendered":"<h3><strong>Aasta on Red Bull-BORA-hansgrohe tiimile olnud mitmepalgeline. Meeskond s\u00f5lmis lepingu endise Jumbo-Visma ratturi Primo\u017e Rogli\u010diga selge sihiga v\u00f5ita Tour de France. Kuid 34-aastane sloveen katkestas selle v\u00f5istluse, kui murdis kukkumisel selgrool\u00fcli. Siiski taastus ta \u2013 ja tiim samuti \u2013 h\u00e4sti ning v\u00f5itis Vuelta a Espa\u00f1a, l\u00f5petades suurtuuride hooaja kauaoodatud positiivsel noodil.<\/strong><!--more--><\/h3>\n<p>Rogli\u010d oli ka Crit\u00e9rium du Dauphin\u00e9\u2019 v\u00f5itja ning Dani Mart\u00ednez ja Aleksandr Vlassov l\u00f5petasid teisena vastavalt Giro d\u2019Italial ja Romandia velotuuril. Meekonna senise hooajaga teenitud 23 v\u00f5itu on auv\u00e4\u00e4rne tulemus, et mitte eriti muljetavaldav. 14 987 punktiga on Red Bull UCI WorldTouri meeskondadest kuues, t\u00f5ustes kolm kohta ettepoole t\u00e4nu Rogli\u010di \u00fcldesikohale ja kolmele etapiv\u00f5idule Vueltal.<\/p>\n<p>J\u00e4llegi hea, aga mitte suurep\u00e4rane. Ettepoole j\u00e4\u00e4vad Lidl-Trek, Visma-Lease a Bike ning lausa valgusaastate v\u00f5rra UAE Team Emirates. Red Bulli spordialaseid ambitsioone teades tahavad nad saada paremaks, palju paremaks. Maailmakuulus energiajoogifirma sai meeskonna sponsoriks vahetult Tour de France\u2019i eel ning lubas rattasporti investeerida samal tasemel huvi ja raha nagu vormel-1 v\u00f5idus\u00f5itu, kus nad on v\u00f5itnud seitse s\u00f5itjate ja kuus tiimide meistritiitlit.<\/p>\n<p>See auahnus, rahastamine ning Red Bulli treeningkeskused Austrias ja Los Angelesis muudab tiimi huvitavaks maandumisplatsiks ratturitele, kelle meelest praeguses t\u00f6\u00f6kohas ei osata nende annet piisavalt hinnata. Tehnika ja raha t\u00f5mbavad auahneid sportlasi meepotina ligi.<\/p>\n<p>Suur osa Red Bull-BORA-hansgrohe investeeringutest ja ambitsioonidest on suunatud tulevikku. Aastast 2025 hakkab uus U23 programm treenima noori rattureid, et need saaksid WorldTouri meeskonna liikmeks. \u201eMeil on selge plaan saada k\u00f5ige ligit\u00f5mbavamaks br\u00e4ndiks rattas\u00f5idus,\u201c selgitas tegevjuht Ralph Denk <a href=\"https:\/\/www.redbull.com\/us-en\/red-bull-bora-hansgrohe-team-reveal-tour-de-france-2024#:~:text=Starting%20with%20the%202024%20Tour,juniors%20and%20the%20World%20Team.\">meeskonna veebilehel<\/a>. \u201eMa tahan leida kultuss\u00f5itjaid, ning noorte annete arendamine on meile hiiglaslik fookus.\u201c<\/p>\n<p>Tiim ongi t\u00e4navu palganud juba mitu muljetavaldavat noort ratturit: 22-aastase Laurence Pithie\u2019 Groupama-FDJ-st, samuti 22-aastase Finn Fisher-Blacki UAE Team Emiratesist ning 24-aastased kaksikud Tim ja Mick van Dijke Visma-Lease a Bike\u2019ist. Nemad tulid meeskonda, mis v\u00f5ib juba uhkeldada \u00fche praeguse paljulubavama noore s\u00f5itjaga, kelle nimi on Florian Lipowitz.<\/p>\n<figure id=\"attachment_2256\" aria-describedby=\"caption-attachment-2256\" style=\"width: 710px\" class=\"wp-caption aligncenter\"><a href=\"https:\/\/d2p6e6u75xmxt8.cloudfront.net\/15\/2024\/11\/bora2.webp\"><img loading=\"lazy\" decoding=\"async\" class=\"wp-image-2256 size-full\" src=\"https:\/\/d2p6e6u75xmxt8.cloudfront.net\/15\/2024\/11\/bora2.webp\" alt=\"\" width=\"710\" height=\"473\" srcset=\"https:\/\/d2p6e6u75xmxt8.cloudfront.net\/15\/2024\/11\/bora2.webp 710w, https:\/\/d2p6e6u75xmxt8.cloudfront.net\/15\/2024\/11\/bora2-300x200.webp 300w, https:\/\/d2p6e6u75xmxt8.cloudfront.net\/15\/2024\/11\/bora2-400x266.webp 400w, https:\/\/d2p6e6u75xmxt8.cloudfront.net\/15\/2024\/11\/bora2-272x182.webp 272w\" sizes=\"auto, (max-width: 710px) 100vw, 710px\" \/><\/a><figcaption id=\"caption-attachment-2256\" class=\"wp-caption-text\">Lipowitz ja Rogli\u010d 2024. aasta La Vueltal. \u00a9 Profimedia<\/figcaption><\/figure>\n<p>23-aastane sakslane oli Vueltal Rogli\u010dile m\u00e4gedes hindamatu \u201ekoduabiline\u201c, demonstreerides ka enda kiirust ja v\u00f5imsust. Vaatamata pingutustele liidri abistamisel fini\u0161eeris ta \u00fcldarvestuses seitsmendana ning noorte ratturite seas teisena Lidl-Treki Mattias Skjelmose j\u00e4rel, mis annab tunnistust tema andest ja potentsiaalist. Kas Lipowitz on potentsiaalne tulevane suurtuuri v\u00f5itja? Vara veel \u00f6elda, kuid vaevalt ta pikalt koduabiliseks j\u00e4\u00e4b.<\/p>\n<p>Red Bulli ambitsioone arvestades on Tour de France\u2019i v\u00f5it l\u00e4hitulevikus ilmselt meeskonna p\u00f5hieesm\u00e4rk. Kuid Jonas Vingegaard ja <a href=\"https:\/\/www.welovecycling.com\/wide\/2024\/10\/14\/pogacar-makes-history-again-in-typical-one-sided-il-lombardia-victory\/\">Tadej Poga\u010dar<\/a> on sel v\u00f5istlusel peremehetsenud viimased viis aastat ning kuna Rogli\u010d saab oktoobris juba 35-aastaseks, tundub see eesm\u00e4rk talle k\u00e4ttesaamatuks j\u00e4\u00e4vat.<\/p>\n<p>See oli kindlasti \u00fcks p\u00f5hjuseid, mis tiim olevat maad kuulanud Soudal-Quick Stepi superstaari Remco Evenepoeli juures. V\u00e4rske 2024. aasta grupis\u00f5idu ol\u00fcmpiav\u00f5itja v\u00f5itis 2022. aastal Vuelta ning saavutas t\u00e4navu oma esimesel Tour de France\u2019il muljetavaldava kolmanda koha. 24-aastasena on tal k\u00f5ik eeldused v\u00f5ita l\u00f5puks maanteeratturite k\u00f5ige mainekam auhind. Red Bull oma raha ning ultramoodsate treeningbaasidega v\u00f5iks talle ideaalselt sobida.<\/p>\n<p>Kuid Evenepoel l\u00f5ikas selle v\u00f5imaluse l\u00e4bi, v\u00e4hemalt aastaks 2025. Kui talt k\u00fcsiti, kas ta v\u00f5istleb tuleval aastal Soudal-Quick Stepi eest, oli <a href=\"https:\/\/www.cyclingnews.com\/news\/thats-a-yes-evenepoel-indicates-he-will-stay-at-soudal-despite-reports-of-red-bull-transfer-offer\/\">vastus<\/a> jaatav. Arvatavasti ei tahtnud Evenepoel rikkuda oma lepingut v\u00f5i ei soovinud Red Bull maksta Soudalile arvatavat hiigelsummat, et veenda meeskonna bossi Patrick Levefere\u2019i oma noorest superstaarist loobuma.<\/p>\n<p>Kuid 2026. aasta osas on k\u00f5ik lahtine. Kui Evenepoel ei l\u00f5peta tuleva aasta Touri k\u00f5rgemal kohal kui kolmas, v\u00f5ib ta lepingust ikkagi loobuda. Palju s\u00f5ltub sellest, millised s\u00f5itjad Soudal t\u00e4navu palkab tema abistamiseks. On raske ette kujutada, et kui Evenepoel on t\u00f5siselt v\u00f5tnud sihiks Touri v\u00f5idu (ja ta on!), v\u00f5iks ta aastaks 2026 leida paremat kohta kui Red Bull.<\/p>\n<p>Samal ajal tahab Rogli\u010d kindlasti Touril veel korra esikohta \u00fcritada, \u00fcksk\u00f5ik kui ebat\u00f5en\u00e4oline see ka tundub. Ning arvatavasti l\u00e4heb ta j\u00e4rgmisel aastal ka oma viienda Vuelta v\u00f5idu j\u00e4rele. Kui ta aga peaks siiski otsustama erru minna, on Red Bullil Vlassov, Mart\u00ednez ja vast ka Lipowitz, kes v\u00f5iksid suurtuuridel esikolmikusse p\u00fcrgida. Mulle isiklikult meeldiks, kui noorele sakslasele antaks v\u00f5imalus suurtuuril \u00fcldarvestuse k\u00f5rget kohta p\u00fc\u00fcda.<\/p>\n<p>S\u00f5ltumata koosseisust on aga Red Bulli osalus meeskonnas ootusi ja panuseid t\u00f5stnud. Veebileht lubab, et uus kokkulepe on \u201epartnerluse algus sihiga teha Saksamaa meeskonnast maailma parim\u201c.<\/p>\n<p>Arvestades vastaseid seisab aga endiselt ees pikk tee. Siiski, Red Bulli seniste saavutuste ja raha taustal ma arvan, et kolme kuni viie aasta jooksul astub Red Bull-BORA-hansgrohe t\u00f5siselt vastu UAE Team Emiratesi ja Visma-Lease a Bike\u2019i hegemooniale. Neil on vaja veel ainult superstaari.<\/p>\n","protected":false},"excerpt":{"rendered":"<p>Aasta on Red Bull-BORA-hansgrohe tiimile olnud mitmepalgeline. Meeskond s\u00f5lmis lepingu endise Jumbo-Visma ratturi Primo\u017e Rogli\u010diga selge sihiga v\u00f5ita Tour de [&hellip;]<\/p>\n","protected":false},"author":174,"featured_media":2255,"comment_status":"open","ping_status":"open","sticky":false,"template":"","format":"standard","meta":{"footnotes":""},"categories":[39],"tags":[315,316,317,318,272],"global-categories":[22],"class_list":["post-2254","post","type-post","status-publish","format-standard","has-post-thumbnail","hentry","category-maanteesoit","tag-aleksandr-vlasov","tag-dani-martinez","tag-primoz-roglic","tag-red-bull-bora-hansgrohe","tag-remco-evenepoel","global-categories-cycling"],"yoast_head":"<!-- This site is optimized with the Yoast SEO Premium plugin v25.3 (Yoast SEO v25.9) - https:\/\/yoast.com\/wordpress\/plugins\/seo\/ -->\n<title>Red Bull-BORA-hansgrohe: auahne, rikas ja noore superstaari ootel - \u0160koda We Love Cycling - Estonia<\/title>\n<meta name=\"description\" content=\"Aasta on Red Bull-BORA-hansgrohe tiimile olnud mitmepalgeline. Meeskond s\u00f5lmis lepingu endise Jumbo-Visma ratturi Primo\u017e Rogli\u010diga selge sihiga v\u00f5ita Tour de France. Kuid 34-aastane sloveen katkestas selle v\u00f5istluse, kui murdis kukkumisel selgrool\u00fcli. Siiski taastus ta \u2013 ja tiim samuti \u2013 h\u00e4sti ning v\u00f5itis Vuelta a Espa\u00f1a, l\u00f5petades suurtuuride hooaja kauaoodatud positiivsel noodil.\" \/>\n<meta name=\"robots\" content=\"index, follow, max-snippet:-1, max-image-preview:large, max-video-preview:-1\" \/>\n<link rel=\"canonical\" href=\"https:\/\/www.welovecycling.com\/ee\/2024\/11\/06\/red-bull-bora-hansgrohe-auahne-rikas-ja-noore-superstaari-ootel\/\" \/>\n<meta property=\"og:locale\" content=\"et_EE\" \/>\n<meta property=\"og:type\" content=\"article\" \/>\n<meta property=\"og:title\" content=\"Red Bull-BORA-hansgrohe: auahne, rikas ja noore superstaari ootel\" \/>\n<meta property=\"og:description\" content=\"Aasta on Red Bull-BORA-hansgrohe tiimile olnud mitmepalgeline. Meeskond s\u00f5lmis lepingu endise Jumbo-Visma ratturi Primo\u017e Rogli\u010diga selge sihiga v\u00f5ita Tour de France. Kuid 34-aastane sloveen katkestas selle v\u00f5istluse, kui murdis kukkumisel selgrool\u00fcli. Siiski taastus ta \u2013 ja tiim samuti \u2013 h\u00e4sti ning v\u00f5itis Vuelta a Espa\u00f1a, l\u00f5petades suurtuuride hooaja kauaoodatud positiivsel noodil.\" \/>\n<meta property=\"og:url\" content=\"https:\/\/www.welovecycling.com\/ee\/2024\/11\/06\/red-bull-bora-hansgrohe-auahne-rikas-ja-noore-superstaari-ootel\/\" \/>\n<meta property=\"og:site_name\" content=\"\u0160koda We Love Cycling - Estonia\" \/>\n<meta property=\"article:published_time\" content=\"2024-11-06T12:37:07+00:00\" \/>\n<meta property=\"og:image\" content=\"https:\/\/d2p6e6u75xmxt8.cloudfront.net\/15\/2024\/11\/bora1.webp\" \/>\n\t<meta property=\"og:image:width\" content=\"888\" \/>\n\t<meta property=\"og:image:height\" content=\"593\" \/>\n\t<meta property=\"og:image:type\" content=\"image\/webp\" \/>\n<meta name=\"author\" content=\"andre\" \/>\n<meta name=\"twitter:card\" content=\"summary_large_image\" \/>\n<meta name=\"twitter:label1\" content=\"Written by\" \/>\n\t<meta name=\"twitter:data1\" content=\"Siegfried Mortkowitz\" \/>\n\t<meta name=\"twitter:label2\" content=\"Est. reading time\" \/>\n\t<meta name=\"twitter:data2\" content=\"4\" \/>\n<script type=\"application\/ld+json\" class=\"yoast-schema-graph\">{\"@context\":\"https:\/\/schema.org\",\"@graph\":[{\"@type\":\"WebPage\",\"@id\":\"https:\/\/www.welovecycling.com\/ee\/2024\/11\/06\/red-bull-bora-hansgrohe-auahne-rikas-ja-noore-superstaari-ootel\/\",\"url\":\"https:\/\/www.welovecycling.com\/ee\/2024\/11\/06\/red-bull-bora-hansgrohe-auahne-rikas-ja-noore-superstaari-ootel\/\",\"name\":\"Red Bull-BORA-hansgrohe: auahne, rikas ja noore superstaari ootel - \u0160koda We Love Cycling - Estonia\",\"isPartOf\":{\"@id\":\"https:\/\/www.welovecycling.com\/ee\/#website\"},\"primaryImageOfPage\":{\"@id\":\"https:\/\/www.welovecycling.com\/ee\/2024\/11\/06\/red-bull-bora-hansgrohe-auahne-rikas-ja-noore-superstaari-ootel\/#primaryimage\"},\"image\":{\"@id\":\"https:\/\/www.welovecycling.com\/ee\/2024\/11\/06\/red-bull-bora-hansgrohe-auahne-rikas-ja-noore-superstaari-ootel\/#primaryimage\"},\"thumbnailUrl\":\"https:\/\/d2p6e6u75xmxt8.cloudfront.net\/15\/2024\/11\/bora1.webp\",\"datePublished\":\"2024-11-06T12:37:07+00:00\",\"author\":{\"@id\":\"https:\/\/www.welovecycling.com\/ee\/#\/schema\/person\/8b7101c4bd1b1ae9d3732ebb1e6caf57\"},\"description\":\"Aasta on Red Bull-BORA-hansgrohe tiimile olnud mitmepalgeline. Meeskond s\u00f5lmis lepingu endise Jumbo-Visma ratturi Primo\u017e Rogli\u010diga selge sihiga v\u00f5ita Tour de France. Kuid 34-aastane sloveen katkestas selle v\u00f5istluse, kui murdis kukkumisel selgrool\u00fcli. Siiski taastus ta \u2013 ja tiim samuti \u2013 h\u00e4sti ning v\u00f5itis Vuelta a Espa\u00f1a, l\u00f5petades suurtuuride hooaja kauaoodatud positiivsel noodil.\",\"inLanguage\":\"et\",\"potentialAction\":[{\"@type\":\"ReadAction\",\"target\":[\"https:\/\/www.welovecycling.com\/ee\/2024\/11\/06\/red-bull-bora-hansgrohe-auahne-rikas-ja-noore-superstaari-ootel\/\"]}]},{\"@type\":\"ImageObject\",\"inLanguage\":\"et\",\"@id\":\"https:\/\/www.welovecycling.com\/ee\/2024\/11\/06\/red-bull-bora-hansgrohe-auahne-rikas-ja-noore-superstaari-ootel\/#primaryimage\",\"url\":\"https:\/\/d2p6e6u75xmxt8.cloudfront.net\/15\/2024\/11\/bora1.webp\",\"contentUrl\":\"https:\/\/d2p6e6u75xmxt8.cloudfront.net\/15\/2024\/11\/bora1.webp\",\"width\":888,\"height\":593},{\"@type\":\"WebSite\",\"@id\":\"https:\/\/www.welovecycling.com\/ee\/#website\",\"url\":\"https:\/\/www.welovecycling.com\/ee\/\",\"name\":\"\u0160koda We Love Cycling - Estonia\",\"description\":\"\",\"potentialAction\":[{\"@type\":\"SearchAction\",\"target\":{\"@type\":\"EntryPoint\",\"urlTemplate\":\"https:\/\/www.welovecycling.com\/ee\/?s={search_term_string}\"},\"query-input\":{\"@type\":\"PropertyValueSpecification\",\"valueRequired\":true,\"valueName\":\"search_term_string\"}}],\"inLanguage\":\"et\"},{\"@type\":\"Person\",\"@id\":\"https:\/\/www.welovecycling.com\/ee\/#\/schema\/person\/8b7101c4bd1b1ae9d3732ebb1e6caf57\",\"name\":\"andre\",\"image\":{\"@type\":\"ImageObject\",\"inLanguage\":\"et\",\"@id\":\"https:\/\/www.welovecycling.com\/ee\/#\/schema\/person\/image\/\",\"url\":\"https:\/\/secure.gravatar.com\/avatar\/0656b3224fe17b018f43b8a562625dd43d30827f027b2f62bc5a05711fec9a61?s=96&d=mm&r=g\",\"contentUrl\":\"https:\/\/secure.gravatar.com\/avatar\/0656b3224fe17b018f43b8a562625dd43d30827f027b2f62bc5a05711fec9a61?s=96&d=mm&r=g\",\"caption\":\"andre\"},\"url\":\"https:\/\/www.welovecycling.com\/ee\/author\/andre\/\"}]}<\/script>\n<!-- \/ Yoast SEO Premium plugin. -->","yoast_head_json":{"title":"Red Bull-BORA-hansgrohe: auahne, rikas ja noore superstaari ootel - \u0160koda We Love Cycling - Estonia","description":"Aasta on Red Bull-BORA-hansgrohe tiimile olnud mitmepalgeline. Meeskond s\u00f5lmis lepingu endise Jumbo-Visma ratturi Primo\u017e Rogli\u010diga selge sihiga v\u00f5ita Tour de France. Kuid 34-aastane sloveen katkestas selle v\u00f5istluse, kui murdis kukkumisel selgrool\u00fcli. Siiski taastus ta \u2013 ja tiim samuti \u2013 h\u00e4sti ning v\u00f5itis Vuelta a Espa\u00f1a, l\u00f5petades suurtuuride hooaja kauaoodatud positiivsel noodil.","robots":{"index":"index","follow":"follow","max-snippet":"max-snippet:-1","max-image-preview":"max-image-preview:large","max-video-preview":"max-video-preview:-1"},"canonical":"https:\/\/www.welovecycling.com\/ee\/2024\/11\/06\/red-bull-bora-hansgrohe-auahne-rikas-ja-noore-superstaari-ootel\/","og_locale":"et_EE","og_type":"article","og_title":"Red Bull-BORA-hansgrohe: auahne, rikas ja noore superstaari ootel","og_description":"Aasta on Red Bull-BORA-hansgrohe tiimile olnud mitmepalgeline. Meeskond s\u00f5lmis lepingu endise Jumbo-Visma ratturi Primo\u017e Rogli\u010diga selge sihiga v\u00f5ita Tour de France. Kuid 34-aastane sloveen katkestas selle v\u00f5istluse, kui murdis kukkumisel selgrool\u00fcli. Siiski taastus ta \u2013 ja tiim samuti \u2013 h\u00e4sti ning v\u00f5itis Vuelta a Espa\u00f1a, l\u00f5petades suurtuuride hooaja kauaoodatud positiivsel noodil.","og_url":"https:\/\/www.welovecycling.com\/ee\/2024\/11\/06\/red-bull-bora-hansgrohe-auahne-rikas-ja-noore-superstaari-ootel\/","og_site_name":"\u0160koda We Love Cycling - Estonia","article_published_time":"2024-11-06T12:37:07+00:00","og_image":[{"width":888,"height":593,"url":"https:\/\/d2p6e6u75xmxt8.cloudfront.net\/15\/2024\/11\/bora1.webp","type":"image\/webp"}],"author":"andre","twitter_card":"summary_large_image","twitter_misc":{"Written by":"Siegfried Mortkowitz","Est. reading time":"4"},"schema":{"@context":"https:\/\/schema.org","@graph":[{"@type":"WebPage","@id":"https:\/\/www.welovecycling.com\/ee\/2024\/11\/06\/red-bull-bora-hansgrohe-auahne-rikas-ja-noore-superstaari-ootel\/","url":"https:\/\/www.welovecycling.com\/ee\/2024\/11\/06\/red-bull-bora-hansgrohe-auahne-rikas-ja-noore-superstaari-ootel\/","name":"Red Bull-BORA-hansgrohe: auahne, rikas ja noore superstaari ootel - \u0160koda We Love Cycling - Estonia","isPartOf":{"@id":"https:\/\/www.welovecycling.com\/ee\/#website"},"primaryImageOfPage":{"@id":"https:\/\/www.welovecycling.com\/ee\/2024\/11\/06\/red-bull-bora-hansgrohe-auahne-rikas-ja-noore-superstaari-ootel\/#primaryimage"},"image":{"@id":"https:\/\/www.welovecycling.com\/ee\/2024\/11\/06\/red-bull-bora-hansgrohe-auahne-rikas-ja-noore-superstaari-ootel\/#primaryimage"},"thumbnailUrl":"https:\/\/d2p6e6u75xmxt8.cloudfront.net\/15\/2024\/11\/bora1.webp","datePublished":"2024-11-06T12:37:07+00:00","author":{"@id":"https:\/\/www.welovecycling.com\/ee\/#\/schema\/person\/8b7101c4bd1b1ae9d3732ebb1e6caf57"},"description":"Aasta on Red Bull-BORA-hansgrohe tiimile olnud mitmepalgeline. Meeskond s\u00f5lmis lepingu endise Jumbo-Visma ratturi Primo\u017e Rogli\u010diga selge sihiga v\u00f5ita Tour de France. Kuid 34-aastane sloveen katkestas selle v\u00f5istluse, kui murdis kukkumisel selgrool\u00fcli. Siiski taastus ta \u2013 ja tiim samuti \u2013 h\u00e4sti ning v\u00f5itis Vuelta a Espa\u00f1a, l\u00f5petades suurtuuride hooaja kauaoodatud positiivsel noodil.","inLanguage":"et","potentialAction":[{"@type":"ReadAction","target":["https:\/\/www.welovecycling.com\/ee\/2024\/11\/06\/red-bull-bora-hansgrohe-auahne-rikas-ja-noore-superstaari-ootel\/"]}]},{"@type":"ImageObject","inLanguage":"et","@id":"https:\/\/www.welovecycling.com\/ee\/2024\/11\/06\/red-bull-bora-hansgrohe-auahne-rikas-ja-noore-superstaari-ootel\/#primaryimage","url":"https:\/\/d2p6e6u75xmxt8.cloudfront.net\/15\/2024\/11\/bora1.webp","contentUrl":"https:\/\/d2p6e6u75xmxt8.cloudfront.net\/15\/2024\/11\/bora1.webp","width":888,"height":593},{"@type":"WebSite","@id":"https:\/\/www.welovecycling.com\/ee\/#website","url":"https:\/\/www.welovecycling.com\/ee\/","name":"\u0160koda We Love Cycling - Estonia","description":"","potentialAction":[{"@type":"SearchAction","target":{"@type":"EntryPoint","urlTemplate":"https:\/\/www.welovecycling.com\/ee\/?s={search_term_string}"},"query-input":{"@type":"PropertyValueSpecification","valueRequired":true,"valueName":"search_term_string"}}],"inLanguage":"et"},{"@type":"Person","@id":"https:\/\/www.welovecycling.com\/ee\/#\/schema\/person\/8b7101c4bd1b1ae9d3732ebb1e6caf57","name":"andre","image":{"@type":"ImageObject","inLanguage":"et","@id":"https:\/\/www.welovecycling.com\/ee\/#\/schema\/person\/image\/","url":"https:\/\/secure.gravatar.com\/avatar\/0656b3224fe17b018f43b8a562625dd43d30827f027b2f62bc5a05711fec9a61?s=96&d=mm&r=g","contentUrl":"https:\/\/secure.gravatar.com\/avatar\/0656b3224fe17b018f43b8a562625dd43d30827f027b2f62bc5a05711fec9a61?s=96&d=mm&r=g","caption":"andre"},"url":"https:\/\/www.welovecycling.com\/ee\/author\/andre\/"}]}},"_links":{"self":[{"href":"https:\/\/www.welovecycling.com\/ee\/wp-json\/wp\/v2\/posts\/2254","targetHints":{"allow":["GET"]}}],"collection":[{"href":"https:\/\/www.welovecycling.com\/ee\/wp-json\/wp\/v2\/posts"}],"about":[{"href":"https:\/\/www.welovecycling.com\/ee\/wp-json\/wp\/v2\/types\/post"}],"author":[{"embeddable":true,"href":"https:\/\/www.welovecycling.com\/ee\/wp-json\/wp\/v2\/users\/174"}],"replies":[{"embeddable":true,"href":"https:\/\/www.welovecycling.com\/ee\/wp-json\/wp\/v2\/comments?post=2254"}],"version-history":[{"count":5,"href":"https:\/\/www.welovecycling.com\/ee\/wp-json\/wp\/v2\/posts\/2254\/revisions"}],"predecessor-version":[{"id":2261,"href":"https:\/\/www.welovecycling.com\/ee\/wp-json\/wp\/v2\/posts\/2254\/revisions\/2261"}],"wp:featuredmedia":[{"embeddable":true,"href":"https:\/\/www.welovecycling.com\/ee\/wp-json\/wp\/v2\/media\/2255"}],"wp:attachment":[{"href":"https:\/\/www.welovecycling.com\/ee\/wp-json\/wp\/v2\/media?parent=2254"}],"wp:term":[{"taxonomy":"category","embeddable":true,"href":"https:\/\/www.welovecycling.com\/ee\/wp-json\/wp\/v2\/categories?post=2254"},{"taxonomy":"post_tag","embeddable":true,"href":"https:\/\/www.welovecycling.com\/ee\/wp-json\/wp\/v2\/tags?post=2254"},{"taxonomy":"global-categories","embeddable":true,"href":"https:\/\/www.welovecycling.com\/ee\/wp-json\/wp\/v2\/global-categories?post=2254"}],"curies":[{"name":"wp","href":"https:\/\/api.w.org\/{rel}","templated":true}]}}