{"id":2250,"date":"2024-11-02T22:45:27","date_gmt":"2024-11-02T19:45:27","guid":{"rendered":"https:\/\/www.welovecycling.com\/ee\/?p=2250"},"modified":"2024-11-02T22:46:16","modified_gmt":"2024-11-02T19:46:16","slug":"letape-du-tour-2025-vota-alpe-nagu-profid","status":"publish","type":"post","link":"https:\/\/www.welovecycling.com\/ee\/2024\/11\/02\/letape-du-tour-2025-vota-alpe-nagu-profid\/","title":{"rendered":"L\u2019\u00c9tape du Tour 2025: v\u00f5ta Alpe nagu profid!"},"content":{"rendered":"<p><strong>P\u00fchap\u00e4eval, 20. juulil 2025 avaneb kogu maailma jalgrattaentusiastidel v\u00f5imalus l\u00e4bida \u00fcks Tour de France\u2019i legendaarne etapp osana L\u2019\u00c9tape du Tour de France\u2019ist. See ainulaadne v\u00f5istlus annab amat\u00f6\u00f6rratturitele meelierutava v\u00f5imaluse l\u00e4bida samasugust rasket rada, mis proffide ees seisab vaid m\u00f5ni p\u00e4ev hiljem Tour de France\u2019i 19. Etapil. 131 kilomeetrit Albertville\u2019ist La Plagne\u2019esse on viie tuntud t\u00f5usu ja kokku p\u00f6\u00f6rase 4500 t\u00f5usumeetriga.<\/strong><\/p>\n<p><!--more--><\/p>\n<p><strong>Maitseb nagu Tour<\/strong><\/p>\n<p>L\u2019\u00c9tape du Tour de France pakub amat\u00f6\u00f6rratturitele haruldast kogemust, v\u00f5imaldades neil saada osaks Touri legendaarsest p\u00e4randist. 1993. aastal alguse saanud iga-aastane ettev\u00f5tmine on kasvanud Euroopa suurimaks amat\u00f6\u00f6ride ratta\u00fcrituseks, v\u00f5ttes iga kord vastu \u00fcle 15 000 osaleja. Marsruut kulgeb t\u00e4pselt sama rada m\u00f6\u00f6da nagu proffidel ees seisab: algus Albertville\u2019is, seej\u00e4rel \u00fclesturnimine C\u00f4te d\u2019H\u00e9ry-sur-Ugine\u2019i, Col de Saisies\u2019, Col du Pr\u00e9 ja Cormet de Roselendi n\u00f5lvadest ning l\u00f5petuseks r\u00e4nk 19,1-kilomeetrine fini\u0161it\u00f5us La Plagne\u2019esse.<\/p>\n<p>Tuuri direktori Christian Prudhomme\u2019i s\u00f5nul v\u00f5imendab etapi keerukust selle intensiivselt m\u00e4gine profiil koos suhteliselt l\u00fchikese pikkusega. \u201eT\u00e4nu kogu eelnevalt l\u00e4bitud raja v\u00fcrtsikale iseloomule tundub viimane 19,1-kilomeetrine ronimine La Plagne\u2019esse veelgi l\u00f5pmatum,\u201c v\u00f5tab Prudhomme asja kokku. Endine profirattur ja We Love Cyclingu ekspert Zden\u011bk \u0160tybar lisab, et see etapp v\u00f5ib saada otsustavaks tuuri \u00fcldv\u00f5itja selgitamisel \u2013 isegi v\u00e4ike v\u00e4\u00e4ratus liidri poolt v\u00f5ib kogu v\u00f5istluse v\u00f5idu ohtu panna.<\/p>\n<p><strong>Maaliline proovikivi<\/strong><\/p>\n<p>Kuigi trass esitab ratturitele \u00fc\u00fcratuid n\u00f5udmisi f\u00fc\u00fcsilise vormi osas, on L\u2019\u00c9tape du Tour de France kuulus ka oma muinasjutuliste maastike poolest. Ratturid saavad nautida vaateid alpiorgudele ja maalilistele m\u00e4ekurudele ning kogeda vahetult selle ainulaadse \u00fcrituse toimumiskoha looduslikku ilu. Liikluseks suletud teed ja kohalike v\u00f5imude toetus teevad sellest profitasemel kogemuse, kus on kindlustatud turvalisus ja haarav, Tour de France\u2019ile sarnane atmosf\u00e4\u00e4r.<\/p>\n<p><strong>Registreerumine algab peatselt<\/strong><\/p>\n<p>2025 aasta L\u2019\u00c9tape du Tourile registreerumine algab kolmap\u00e4eval, 6. novembril kell 17 Eesti aja j\u00e4rgi. \u00dcrituse \u00e4\u00e4rmist populaarsust arvestades soovitame huvilistel kiiresti tegutseda, sest kohad m\u00fc\u00fcakse t\u00f5en\u00e4oliselt v\u00e4lja m\u00f5ne tunniga. Registreerimise protsess on tehtud v\u00f5imalikult lihtsaks, v\u00f5imaldades ratturitel m\u00f5ne minutiga astuda k\u00f5ik vajalikud sammud, sealhulgas kindlustus ja lisav\u00f5imalused oma kogemust veelgi rikastada. P\u00e4rast koha saamist soovitatakse osalejatel kohe ka \u00f6\u00f6maja leida, sest trassi l\u00e4heduses asuvad majutusasutused t\u00e4ituvad ilmselt kiiresti.<\/p>\n<p><strong>Kes saavad registreeruda?<\/strong><\/p>\n<p>\u00dcritus on avatud k\u00f5igile v\u00e4hemalt 18 aasta vanustele huvilistele s\u00f5ltumata jalgratturi v\u00f5istluslitsentsi olemasolust. Parimate v\u00f5istlustingimuste tagamiseks grupeeritakse osalejad vastavalt suutlikkusele, pakkudes mistahes tasemel ratturitele tasakaalustatud ja nauditavat kogemust.<\/p>\n<p><strong>Miks s\u00f5ita l\u00e4bi L\u2019\u00c9tape du Tour?<\/strong><\/p>\n<p>Amat\u00f6\u00f6rratturitele on L\u2019\u00c9tape du Tour rohkem kui v\u00f5istlus, see on v\u00f5imalus s\u00f5ita legendide j\u00e4lgedes. Professionaalse korralduse, t\u00e4ielikult liikluseks suletud teede ja legendaarse marsruudiga 2025. aasta \u00fcritus pakub \u00fchtviisi nii t\u00f5sist sportlikku proovikivi kui ka unustamatut seiklust Alpides.<\/p>\n<p>Oled Sa valmis Alpid k\u00e4sile v\u00f5tma ja kogema Tour de France\u2019i vaimu? Pane end kirja 6. novembril ning alusta ettevalmistusi eepiliseks teekonnaks Albertville\u2019ist La Plagne\u2019esse!<\/p>\n","protected":false},"excerpt":{"rendered":"<p>P\u00fchap\u00e4eval, 20. juulil 2025 avaneb kogu maailma jalgrattaentusiastidel v\u00f5imalus l\u00e4bida \u00fcks Tour de France\u2019i legendaarne etapp osana L\u2019\u00c9tape du Tour [&hellip;]<\/p>\n","protected":false},"author":174,"featured_media":2251,"comment_status":"open","ping_status":"open","sticky":false,"template":"","format":"standard","meta":{"footnotes":""},"categories":[39],"tags":[311,312,313,208,314],"global-categories":[22],"class_list":["post-2250","post","type-post","status-publish","format-standard","has-post-thumbnail","hentry","category-maanteesoit","tag-2025-letape","tag-albertville","tag-christian-prudhomme","tag-letape-du-tour-de-france","tag-zdenek-stybar","global-categories-cycling"],"yoast_head":"<!-- This site is optimized with the Yoast SEO Premium plugin v25.3 (Yoast SEO v25.9) - https:\/\/yoast.com\/wordpress\/plugins\/seo\/ -->\n<title>L\u2019\u00c9tape du Tour 2025: v\u00f5ta Alpe nagu profid! - \u0160koda We Love Cycling - Estonia<\/title>\n<meta name=\"description\" content=\"P\u00fchap\u00e4eval, 20. juulil 2025 avaneb kogu maailma jalgrattaentusiastidel v\u00f5imalus l\u00e4bida \u00fcks Tour de France\u2019i legendaarne etapp osana L\u2019\u00c9tape du Tour de France\u2019ist. See ainulaadne v\u00f5istlus annab amat\u00f6\u00f6rratturitele meelierutava v\u00f5imaluse l\u00e4bida samasugust rasket rada, mis proffide ees seisab vaid m\u00f5ni p\u00e4ev hiljem Tour de France\u2019i 19. Etapil. 131 kilomeetrit Albertville\u2019ist La Plagne\u2019esse on viie tuntud t\u00f5usu ja kokku p\u00f6\u00f6rase 4500 t\u00f5usumeetriga.\" \/>\n<meta name=\"robots\" content=\"index, follow, max-snippet:-1, max-image-preview:large, max-video-preview:-1\" \/>\n<link rel=\"canonical\" href=\"https:\/\/www.welovecycling.com\/ee\/2024\/11\/02\/letape-du-tour-2025-vota-alpe-nagu-profid\/\" \/>\n<meta property=\"og:locale\" content=\"et_EE\" \/>\n<meta property=\"og:type\" content=\"article\" \/>\n<meta property=\"og:title\" content=\"L\u2019\u00c9tape du Tour 2025: v\u00f5ta Alpe nagu profid!\" \/>\n<meta property=\"og:description\" content=\"P\u00fchap\u00e4eval, 20. juulil 2025 avaneb kogu maailma jalgrattaentusiastidel v\u00f5imalus l\u00e4bida \u00fcks Tour de France\u2019i legendaarne etapp osana L\u2019\u00c9tape du Tour de France\u2019ist. See ainulaadne v\u00f5istlus annab amat\u00f6\u00f6rratturitele meelierutava v\u00f5imaluse l\u00e4bida samasugust rasket rada, mis proffide ees seisab vaid m\u00f5ni p\u00e4ev hiljem Tour de France\u2019i 19. Etapil. 131 kilomeetrit Albertville\u2019ist La Plagne\u2019esse on viie tuntud t\u00f5usu ja kokku p\u00f6\u00f6rase 4500 t\u00f5usumeetriga.\" \/>\n<meta property=\"og:url\" content=\"https:\/\/www.welovecycling.com\/ee\/2024\/11\/02\/letape-du-tour-2025-vota-alpe-nagu-profid\/\" \/>\n<meta property=\"og:site_name\" content=\"\u0160koda We Love Cycling - Estonia\" \/>\n<meta property=\"article:published_time\" content=\"2024-11-02T19:45:27+00:00\" \/>\n<meta property=\"article:modified_time\" content=\"2024-11-02T19:46:16+00:00\" \/>\n<meta property=\"og:image\" content=\"https:\/\/d2p6e6u75xmxt8.cloudfront.net\/15\/2024\/11\/letap.webp\" \/>\n\t<meta property=\"og:image:width\" content=\"986\" \/>\n\t<meta property=\"og:image:height\" content=\"656\" \/>\n\t<meta property=\"og:image:type\" content=\"image\/webp\" \/>\n<meta name=\"author\" content=\"andre\" \/>\n<meta name=\"twitter:card\" content=\"summary_large_image\" \/>\n<meta name=\"twitter:label1\" content=\"Written by\" \/>\n\t<meta name=\"twitter:data1\" content=\"Monica Buck\" \/>\n\t<meta name=\"twitter:label2\" content=\"Est. reading time\" \/>\n\t<meta name=\"twitter:data2\" content=\"3 minutes\" \/>\n<script type=\"application\/ld+json\" class=\"yoast-schema-graph\">{\"@context\":\"https:\/\/schema.org\",\"@graph\":[{\"@type\":\"WebPage\",\"@id\":\"https:\/\/www.welovecycling.com\/ee\/2024\/11\/02\/letape-du-tour-2025-vota-alpe-nagu-profid\/\",\"url\":\"https:\/\/www.welovecycling.com\/ee\/2024\/11\/02\/letape-du-tour-2025-vota-alpe-nagu-profid\/\",\"name\":\"L\u2019\u00c9tape du Tour 2025: v\u00f5ta Alpe nagu profid! - \u0160koda We Love Cycling - Estonia\",\"isPartOf\":{\"@id\":\"https:\/\/www.welovecycling.com\/ee\/#website\"},\"primaryImageOfPage\":{\"@id\":\"https:\/\/www.welovecycling.com\/ee\/2024\/11\/02\/letape-du-tour-2025-vota-alpe-nagu-profid\/#primaryimage\"},\"image\":{\"@id\":\"https:\/\/www.welovecycling.com\/ee\/2024\/11\/02\/letape-du-tour-2025-vota-alpe-nagu-profid\/#primaryimage\"},\"thumbnailUrl\":\"https:\/\/d2p6e6u75xmxt8.cloudfront.net\/15\/2024\/11\/letap.webp\",\"datePublished\":\"2024-11-02T19:45:27+00:00\",\"dateModified\":\"2024-11-02T19:46:16+00:00\",\"author\":{\"@id\":\"https:\/\/www.welovecycling.com\/ee\/#\/schema\/person\/8b7101c4bd1b1ae9d3732ebb1e6caf57\"},\"description\":\"P\u00fchap\u00e4eval, 20. juulil 2025 avaneb kogu maailma jalgrattaentusiastidel v\u00f5imalus l\u00e4bida \u00fcks Tour de France\u2019i legendaarne etapp osana L\u2019\u00c9tape du Tour de France\u2019ist. See ainulaadne v\u00f5istlus annab amat\u00f6\u00f6rratturitele meelierutava v\u00f5imaluse l\u00e4bida samasugust rasket rada, mis proffide ees seisab vaid m\u00f5ni p\u00e4ev hiljem Tour de France\u2019i 19. Etapil. 131 kilomeetrit Albertville\u2019ist La Plagne\u2019esse on viie tuntud t\u00f5usu ja kokku p\u00f6\u00f6rase 4500 t\u00f5usumeetriga.\",\"inLanguage\":\"et\",\"potentialAction\":[{\"@type\":\"ReadAction\",\"target\":[\"https:\/\/www.welovecycling.com\/ee\/2024\/11\/02\/letape-du-tour-2025-vota-alpe-nagu-profid\/\"]}]},{\"@type\":\"ImageObject\",\"inLanguage\":\"et\",\"@id\":\"https:\/\/www.welovecycling.com\/ee\/2024\/11\/02\/letape-du-tour-2025-vota-alpe-nagu-profid\/#primaryimage\",\"url\":\"https:\/\/d2p6e6u75xmxt8.cloudfront.net\/15\/2024\/11\/letap.webp\",\"contentUrl\":\"https:\/\/d2p6e6u75xmxt8.cloudfront.net\/15\/2024\/11\/letap.webp\",\"width\":986,\"height\":656},{\"@type\":\"WebSite\",\"@id\":\"https:\/\/www.welovecycling.com\/ee\/#website\",\"url\":\"https:\/\/www.welovecycling.com\/ee\/\",\"name\":\"\u0160koda We Love Cycling - Estonia\",\"description\":\"\",\"potentialAction\":[{\"@type\":\"SearchAction\",\"target\":{\"@type\":\"EntryPoint\",\"urlTemplate\":\"https:\/\/www.welovecycling.com\/ee\/?s={search_term_string}\"},\"query-input\":{\"@type\":\"PropertyValueSpecification\",\"valueRequired\":true,\"valueName\":\"search_term_string\"}}],\"inLanguage\":\"et\"},{\"@type\":\"Person\",\"@id\":\"https:\/\/www.welovecycling.com\/ee\/#\/schema\/person\/8b7101c4bd1b1ae9d3732ebb1e6caf57\",\"name\":\"andre\",\"image\":{\"@type\":\"ImageObject\",\"inLanguage\":\"et\",\"@id\":\"https:\/\/www.welovecycling.com\/ee\/#\/schema\/person\/image\/\",\"url\":\"https:\/\/secure.gravatar.com\/avatar\/0656b3224fe17b018f43b8a562625dd43d30827f027b2f62bc5a05711fec9a61?s=96&d=mm&r=g\",\"contentUrl\":\"https:\/\/secure.gravatar.com\/avatar\/0656b3224fe17b018f43b8a562625dd43d30827f027b2f62bc5a05711fec9a61?s=96&d=mm&r=g\",\"caption\":\"andre\"},\"url\":\"https:\/\/www.welovecycling.com\/ee\/author\/andre\/\"}]}<\/script>\n<!-- \/ Yoast SEO Premium plugin. -->","yoast_head_json":{"title":"L\u2019\u00c9tape du Tour 2025: v\u00f5ta Alpe nagu profid! - \u0160koda We Love Cycling - Estonia","description":"P\u00fchap\u00e4eval, 20. juulil 2025 avaneb kogu maailma jalgrattaentusiastidel v\u00f5imalus l\u00e4bida \u00fcks Tour de France\u2019i legendaarne etapp osana L\u2019\u00c9tape du Tour de France\u2019ist. See ainulaadne v\u00f5istlus annab amat\u00f6\u00f6rratturitele meelierutava v\u00f5imaluse l\u00e4bida samasugust rasket rada, mis proffide ees seisab vaid m\u00f5ni p\u00e4ev hiljem Tour de France\u2019i 19. Etapil. 131 kilomeetrit Albertville\u2019ist La Plagne\u2019esse on viie tuntud t\u00f5usu ja kokku p\u00f6\u00f6rase 4500 t\u00f5usumeetriga.","robots":{"index":"index","follow":"follow","max-snippet":"max-snippet:-1","max-image-preview":"max-image-preview:large","max-video-preview":"max-video-preview:-1"},"canonical":"https:\/\/www.welovecycling.com\/ee\/2024\/11\/02\/letape-du-tour-2025-vota-alpe-nagu-profid\/","og_locale":"et_EE","og_type":"article","og_title":"L\u2019\u00c9tape du Tour 2025: v\u00f5ta Alpe nagu profid!","og_description":"P\u00fchap\u00e4eval, 20. juulil 2025 avaneb kogu maailma jalgrattaentusiastidel v\u00f5imalus l\u00e4bida \u00fcks Tour de France\u2019i legendaarne etapp osana L\u2019\u00c9tape du Tour de France\u2019ist. See ainulaadne v\u00f5istlus annab amat\u00f6\u00f6rratturitele meelierutava v\u00f5imaluse l\u00e4bida samasugust rasket rada, mis proffide ees seisab vaid m\u00f5ni p\u00e4ev hiljem Tour de France\u2019i 19. Etapil. 131 kilomeetrit Albertville\u2019ist La Plagne\u2019esse on viie tuntud t\u00f5usu ja kokku p\u00f6\u00f6rase 4500 t\u00f5usumeetriga.","og_url":"https:\/\/www.welovecycling.com\/ee\/2024\/11\/02\/letape-du-tour-2025-vota-alpe-nagu-profid\/","og_site_name":"\u0160koda We Love Cycling - Estonia","article_published_time":"2024-11-02T19:45:27+00:00","article_modified_time":"2024-11-02T19:46:16+00:00","og_image":[{"width":986,"height":656,"url":"https:\/\/d2p6e6u75xmxt8.cloudfront.net\/15\/2024\/11\/letap.webp","type":"image\/webp"}],"author":"andre","twitter_card":"summary_large_image","twitter_misc":{"Written by":"Monica Buck","Est. reading time":"3 minutes"},"schema":{"@context":"https:\/\/schema.org","@graph":[{"@type":"WebPage","@id":"https:\/\/www.welovecycling.com\/ee\/2024\/11\/02\/letape-du-tour-2025-vota-alpe-nagu-profid\/","url":"https:\/\/www.welovecycling.com\/ee\/2024\/11\/02\/letape-du-tour-2025-vota-alpe-nagu-profid\/","name":"L\u2019\u00c9tape du Tour 2025: v\u00f5ta Alpe nagu profid! - \u0160koda We Love Cycling - Estonia","isPartOf":{"@id":"https:\/\/www.welovecycling.com\/ee\/#website"},"primaryImageOfPage":{"@id":"https:\/\/www.welovecycling.com\/ee\/2024\/11\/02\/letape-du-tour-2025-vota-alpe-nagu-profid\/#primaryimage"},"image":{"@id":"https:\/\/www.welovecycling.com\/ee\/2024\/11\/02\/letape-du-tour-2025-vota-alpe-nagu-profid\/#primaryimage"},"thumbnailUrl":"https:\/\/d2p6e6u75xmxt8.cloudfront.net\/15\/2024\/11\/letap.webp","datePublished":"2024-11-02T19:45:27+00:00","dateModified":"2024-11-02T19:46:16+00:00","author":{"@id":"https:\/\/www.welovecycling.com\/ee\/#\/schema\/person\/8b7101c4bd1b1ae9d3732ebb1e6caf57"},"description":"P\u00fchap\u00e4eval, 20. juulil 2025 avaneb kogu maailma jalgrattaentusiastidel v\u00f5imalus l\u00e4bida \u00fcks Tour de France\u2019i legendaarne etapp osana L\u2019\u00c9tape du Tour de France\u2019ist. See ainulaadne v\u00f5istlus annab amat\u00f6\u00f6rratturitele meelierutava v\u00f5imaluse l\u00e4bida samasugust rasket rada, mis proffide ees seisab vaid m\u00f5ni p\u00e4ev hiljem Tour de France\u2019i 19. Etapil. 131 kilomeetrit Albertville\u2019ist La Plagne\u2019esse on viie tuntud t\u00f5usu ja kokku p\u00f6\u00f6rase 4500 t\u00f5usumeetriga.","inLanguage":"et","potentialAction":[{"@type":"ReadAction","target":["https:\/\/www.welovecycling.com\/ee\/2024\/11\/02\/letape-du-tour-2025-vota-alpe-nagu-profid\/"]}]},{"@type":"ImageObject","inLanguage":"et","@id":"https:\/\/www.welovecycling.com\/ee\/2024\/11\/02\/letape-du-tour-2025-vota-alpe-nagu-profid\/#primaryimage","url":"https:\/\/d2p6e6u75xmxt8.cloudfront.net\/15\/2024\/11\/letap.webp","contentUrl":"https:\/\/d2p6e6u75xmxt8.cloudfront.net\/15\/2024\/11\/letap.webp","width":986,"height":656},{"@type":"WebSite","@id":"https:\/\/www.welovecycling.com\/ee\/#website","url":"https:\/\/www.welovecycling.com\/ee\/","name":"\u0160koda We Love Cycling - Estonia","description":"","potentialAction":[{"@type":"SearchAction","target":{"@type":"EntryPoint","urlTemplate":"https:\/\/www.welovecycling.com\/ee\/?s={search_term_string}"},"query-input":{"@type":"PropertyValueSpecification","valueRequired":true,"valueName":"search_term_string"}}],"inLanguage":"et"},{"@type":"Person","@id":"https:\/\/www.welovecycling.com\/ee\/#\/schema\/person\/8b7101c4bd1b1ae9d3732ebb1e6caf57","name":"andre","image":{"@type":"ImageObject","inLanguage":"et","@id":"https:\/\/www.welovecycling.com\/ee\/#\/schema\/person\/image\/","url":"https:\/\/secure.gravatar.com\/avatar\/0656b3224fe17b018f43b8a562625dd43d30827f027b2f62bc5a05711fec9a61?s=96&d=mm&r=g","contentUrl":"https:\/\/secure.gravatar.com\/avatar\/0656b3224fe17b018f43b8a562625dd43d30827f027b2f62bc5a05711fec9a61?s=96&d=mm&r=g","caption":"andre"},"url":"https:\/\/www.welovecycling.com\/ee\/author\/andre\/"}]}},"_links":{"self":[{"href":"https:\/\/www.welovecycling.com\/ee\/wp-json\/wp\/v2\/posts\/2250","targetHints":{"allow":["GET"]}}],"collection":[{"href":"https:\/\/www.welovecycling.com\/ee\/wp-json\/wp\/v2\/posts"}],"about":[{"href":"https:\/\/www.welovecycling.com\/ee\/wp-json\/wp\/v2\/types\/post"}],"author":[{"embeddable":true,"href":"https:\/\/www.welovecycling.com\/ee\/wp-json\/wp\/v2\/users\/174"}],"replies":[{"embeddable":true,"href":"https:\/\/www.welovecycling.com\/ee\/wp-json\/wp\/v2\/comments?post=2250"}],"version-history":[{"count":2,"href":"https:\/\/www.welovecycling.com\/ee\/wp-json\/wp\/v2\/posts\/2250\/revisions"}],"predecessor-version":[{"id":2253,"href":"https:\/\/www.welovecycling.com\/ee\/wp-json\/wp\/v2\/posts\/2250\/revisions\/2253"}],"wp:featuredmedia":[{"embeddable":true,"href":"https:\/\/www.welovecycling.com\/ee\/wp-json\/wp\/v2\/media\/2251"}],"wp:attachment":[{"href":"https:\/\/www.welovecycling.com\/ee\/wp-json\/wp\/v2\/media?parent=2250"}],"wp:term":[{"taxonomy":"category","embeddable":true,"href":"https:\/\/www.welovecycling.com\/ee\/wp-json\/wp\/v2\/categories?post=2250"},{"taxonomy":"post_tag","embeddable":true,"href":"https:\/\/www.welovecycling.com\/ee\/wp-json\/wp\/v2\/tags?post=2250"},{"taxonomy":"global-categories","embeddable":true,"href":"https:\/\/www.welovecycling.com\/ee\/wp-json\/wp\/v2\/global-categories?post=2250"}],"curies":[{"name":"wp","href":"https:\/\/api.w.org\/{rel}","templated":true}]}}